{"id":95560,"date":"2024-08-04T16:30:24","date_gmt":"2024-08-04T14:30:24","guid":{"rendered":"https:\/\/www.leselfes.com\/guide-a-lusage-des-parents-pour-choisir-le-meilleur-camp-dhiver-pour-leurs-enfants-en-suisse\/"},"modified":"2025-01-07T10:06:42","modified_gmt":"2025-01-07T09:06:42","slug":"guide-a-lusage-des-parents-pour-choisir-le-meilleur-camp-dhiver-pour-leurs-enfants-en-suisse","status":"publish","type":"post","link":"https:\/\/www.leselfes.com\/fr\/guide-a-lusage-des-parents-pour-choisir-le-meilleur-camp-dhiver-pour-leurs-enfants-en-suisse\/","title":{"rendered":"Guide \u00e0 l&rsquo;usage des parents pour choisir le meilleur camp d&rsquo;hiver pour leurs enfants en Suisse"},"content":{"rendered":"[vc_row type=\u00a0\u00bbin_container\u00a0\u00bb full_screen_row_position=\u00a0\u00bbmiddle\u00a0\u00bb column_margin=\u00a0\u00bbdefault\u00a0\u00bb column_direction=\u00a0\u00bbdefault\u00a0\u00bb column_direction_tablet=\u00a0\u00bbdefault\u00a0\u00bb column_direction_phone=\u00a0\u00bbdefault\u00a0\u00bb scene_position=\u00a0\u00bbcenter\u00a0\u00bb text_color=\u00a0\u00bbdark\u00a0\u00bb text_align=\u00a0\u00bbleft\u00a0\u00bb row_border_radius=\u00a0\u00bbnone\u00a0\u00bb row_border_radius_applies=\u00a0\u00bbbg\u00a0\u00bb overflow=\u00a0\u00bbvisible\u00a0\u00bb overlay_strength=\u00a0\u00bb0.3&Prime; gradient_direction=\u00a0\u00bbleft_to_right\u00a0\u00bb shape_divider_position=\u00a0\u00bbbottom\u00a0\u00bb bg_image_animation=\u00a0\u00bbnone\u00a0\u00bb][vc_column column_padding=\u00a0\u00bbno-extra-padding\u00a0\u00bb column_padding_tablet=\u00a0\u00bbinherit\u00a0\u00bb column_padding_phone=\u00a0\u00bbinherit\u00a0\u00bb column_padding_position=\u00a0\u00bball\u00a0\u00bb column_element_direction_desktop=\u00a0\u00bbdefault\u00a0\u00bb column_element_spacing=\u00a0\u00bbdefault\u00a0\u00bb desktop_text_alignment=\u00a0\u00bbdefault\u00a0\u00bb tablet_text_alignment=\u00a0\u00bbdefault\u00a0\u00bb phone_text_alignment=\u00a0\u00bbdefault\u00a0\u00bb background_color_opacity=\u00a0\u00bb1&Prime; background_hover_color_opacity=\u00a0\u00bb1&Prime; column_backdrop_filter=\u00a0\u00bbnone\u00a0\u00bb column_shadow=\u00a0\u00bbnone\u00a0\u00bb column_border_radius=\u00a0\u00bbnone\u00a0\u00bb column_link_target=\u00a0\u00bb_self\u00a0\u00bb column_position=\u00a0\u00bbdefault\u00a0\u00bb gradient_direction=\u00a0\u00bbleft_to_right\u00a0\u00bb overlay_strength=\u00a0\u00bb0.3&Prime; width=\u00a0\u00bb1\/1&Prime; tablet_width_inherit=\u00a0\u00bbdefault\u00a0\u00bb animation_type=\u00a0\u00bbdefault\u00a0\u00bb bg_image_animation=\u00a0\u00bbnone\u00a0\u00bb border_type=\u00a0\u00bbsimple\u00a0\u00bb column_border_width=\u00a0\u00bbnone\u00a0\u00bb column_border_style=\u00a0\u00bbsolid\u00a0\u00bb][vc_column_text css=\u00a0\u00bb\u00a0\u00bb text_direction=\u00a0\u00bbdefault\u00a0\u00bb]Choisir le meilleur camp d&rsquo;hiver pour votre enfant est une d\u00e9cision importante qui peut avoir un impact consid\u00e9rable sur son d\u00e9veloppement et son bonheur.<br \/>\nLa Suisse, avec ses magnifiques paysages alpins et ses stations de ski de classe mondiale, offre certains des meilleurs camps d&rsquo;hiver pour enfants.<br \/>\nCe guide a pour but d&rsquo;aider les parents \u00e0 s&rsquo;y retrouver et \u00e0 faire un choix \u00e9clair\u00e9 pour que leur enfant vive une exp\u00e9rience m\u00e9morable et enrichissante dans un camp d&rsquo;hiver en Suisse.[\/vc_column_text][vc_row_inner equal_height=\u00a0\u00bbyes\u00a0\u00bb content_placement=\u00a0\u00bbmiddle\u00a0\u00bb column_margin=\u00a0\u00bb100px\u00a0\u00bb column_direction=\u00a0\u00bbdefault\u00a0\u00bb column_direction_tablet=\u00a0\u00bbdefault\u00a0\u00bb column_direction_phone=\u00a0\u00bbdefault\u00a0\u00bb text_align=\u00a0\u00bbleft\u00a0\u00bb row_position=\u00a0\u00bbdefault\u00a0\u00bb row_position_tablet=\u00a0\u00bbinherit\u00a0\u00bb row_position_phone=\u00a0\u00bbinherit\u00a0\u00bb overflow=\u00a0\u00bbvisible\u00a0\u00bb pointer_events=\u00a0\u00bball\u00a0\u00bb class=\u00a0\u00bbflexGoBottom\u00a0\u00bb][vc_column_inner column_padding=\u00a0\u00bbno-extra-padding\u00a0\u00bb column_padding_tablet=\u00a0\u00bbinherit\u00a0\u00bb column_padding_phone=\u00a0\u00bbinherit\u00a0\u00bb column_padding_position=\u00a0\u00bball\u00a0\u00bb column_element_direction_desktop=\u00a0\u00bbdefault\u00a0\u00bb column_element_spacing=\u00a0\u00bbdefault\u00a0\u00bb desktop_text_alignment=\u00a0\u00bbdefault\u00a0\u00bb tablet_text_alignment=\u00a0\u00bbdefault\u00a0\u00bb phone_text_alignment=\u00a0\u00bbdefault\u00a0\u00bb background_color_opacity=\u00a0\u00bb1&Prime; background_hover_color_opacity=\u00a0\u00bb1&Prime; column_backdrop_filter=\u00a0\u00bbnone\u00a0\u00bb column_shadow=\u00a0\u00bbnone\u00a0\u00bb column_border_radius=\u00a0\u00bbnone\u00a0\u00bb column_link_target=\u00a0\u00bb_self\u00a0\u00bb overflow=\u00a0\u00bbvisible\u00a0\u00bb gradient_direction=\u00a0\u00bbleft_to_right\u00a0\u00bb overlay_strength=\u00a0\u00bb0.3&Prime; width=\u00a0\u00bb1\/4&Prime; tablet_width_inherit=\u00a0\u00bbdefault\u00a0\u00bb animation_type=\u00a0\u00bbdefault\u00a0\u00bb bg_image_animation=\u00a0\u00bbnone\u00a0\u00bb border_type=\u00a0\u00bbsimple\u00a0\u00bb column_border_width=\u00a0\u00bbnone\u00a0\u00bb column_border_style=\u00a0\u00bbsolid\u00a0\u00bb column_padding_type=\u00a0\u00bbdefault\u00a0\u00bb gradient_type=\u00a0\u00bbdefault\u00a0\u00bb offset=\u00a0\u00bbvc_hidden-md vc_hidden-sm vc_hidden-xs\u00a0\u00bb][\/vc_column_inner][vc_column_inner column_padding=\u00a0\u00bbno-extra-padding\u00a0\u00bb column_padding_tablet=\u00a0\u00bbinherit\u00a0\u00bb column_padding_phone=\u00a0\u00bbinherit\u00a0\u00bb column_padding_position=\u00a0\u00bball\u00a0\u00bb column_element_direction_desktop=\u00a0\u00bbdefault\u00a0\u00bb column_element_spacing=\u00a0\u00bbdefault\u00a0\u00bb centered_text=\u00a0\u00bbtrue\u00a0\u00bb desktop_text_alignment=\u00a0\u00bbdefault\u00a0\u00bb tablet_text_alignment=\u00a0\u00bbdefault\u00a0\u00bb phone_text_alignment=\u00a0\u00bbdefault\u00a0\u00bb background_color=\u00a0\u00bb#343b68&Prime; background_color_opacity=\u00a0\u00bb1&Prime; background_hover_color_opacity=\u00a0\u00bb1&Prime; column_backdrop_filter=\u00a0\u00bbnone\u00a0\u00bb font_color=\u00a0\u00bb#ffffff\u00a0\u00bb column_shadow=\u00a0\u00bbnone\u00a0\u00bb column_border_radius=\u00a0\u00bbcustom\u00a0\u00bb top_left_border_radius=\u00a0\u00bb30&Prime; top_right_border_radius=\u00a0\u00bb30&Prime; bottom_right_border_radius=\u00a0\u00bb30&Prime; column_link_target=\u00a0\u00bb_self\u00a0\u00bb overflow=\u00a0\u00bbvisible\u00a0\u00bb el_class=\u00a0\u00bbrowCampHeader\u00a0\u00bb gradient_direction=\u00a0\u00bbleft_to_right\u00a0\u00bb overlay_strength=\u00a0\u00bb0.3&Prime; width=\u00a0\u00bb1\/4&Prime; tablet_width_inherit=\u00a0\u00bbdefault\u00a0\u00bb animation_type=\u00a0\u00bbdefault\u00a0\u00bb bg_image_animation=\u00a0\u00bbnone\u00a0\u00bb border_type=\u00a0\u00bbsimple\u00a0\u00bb column_border_width=\u00a0\u00bbnone\u00a0\u00bb column_border_style=\u00a0\u00bbsolid\u00a0\u00bb column_padding_type=\u00a0\u00bbdefault\u00a0\u00bb gradient_type=\u00a0\u00bbdefault\u00a0\u00bb offset=\u00a0\u00bbvc_col-lg-3 vc_col-md-6 vc_col-xs-12&Prime; column_link=\u00a0\u00bb\/winter-camp\/\u00a0\u00bb][vc_column_text css=\u00a0\u00bb\u00a0\u00bb text_direction=\u00a0\u00bbdefault\u00a0\u00bb]<strong>D\u00e9couvrez <\/strong>notre camp d&rsquo;hiver[\/vc_column_text][\/vc_column_inner][vc_column_inner column_padding=\u00a0\u00bbno-extra-padding\u00a0\u00bb column_padding_tablet=\u00a0\u00bbinherit\u00a0\u00bb column_padding_phone=\u00a0\u00bbinherit\u00a0\u00bb column_padding_position=\u00a0\u00bball\u00a0\u00bb column_element_direction_desktop=\u00a0\u00bbdefault\u00a0\u00bb column_element_spacing=\u00a0\u00bbdefault\u00a0\u00bb centered_text=\u00a0\u00bbtrue\u00a0\u00bb desktop_text_alignment=\u00a0\u00bbdefault\u00a0\u00bb tablet_text_alignment=\u00a0\u00bbdefault\u00a0\u00bb phone_text_alignment=\u00a0\u00bbdefault\u00a0\u00bb background_color=\u00a0\u00bb#4d8abf\u00a0\u00bb background_color_opacity=\u00a0\u00bb1&Prime; background_hover_color_opacity=\u00a0\u00bb1&Prime; column_backdrop_filter=\u00a0\u00bbnone\u00a0\u00bb font_color=\u00a0\u00bb#ffffff\u00a0\u00bb column_shadow=\u00a0\u00bbnone\u00a0\u00bb column_border_radius=\u00a0\u00bbcustom\u00a0\u00bb top_left_border_radius=\u00a0\u00bb30&Prime; top_right_border_radius=\u00a0\u00bb30&Prime; bottom_right_border_radius=\u00a0\u00bb30&Prime; column_link_target=\u00a0\u00bb_self\u00a0\u00bb overflow=\u00a0\u00bbvisible\u00a0\u00bb el_class=\u00a0\u00bbrowCampHeader\u00a0\u00bb gradient_direction=\u00a0\u00bbleft_to_right\u00a0\u00bb overlay_strength=\u00a0\u00bb0.3&Prime; width=\u00a0\u00bb1\/4&Prime; tablet_width_inherit=\u00a0\u00bbdefault\u00a0\u00bb animation_type=\u00a0\u00bbdefault\u00a0\u00bb bg_image_animation=\u00a0\u00bbnone\u00a0\u00bb border_type=\u00a0\u00bbsimple\u00a0\u00bb column_border_width=\u00a0\u00bbnone\u00a0\u00bb column_border_style=\u00a0\u00bbsolid\u00a0\u00bb column_padding_type=\u00a0\u00bbdefault\u00a0\u00bb gradient_type=\u00a0\u00bbdefault\u00a0\u00bb offset=\u00a0\u00bbvc_col-lg-3 vc_col-md-6 vc_col-xs-12&Prime; column_link=\u00a0\u00bb\/check-availability\/\u00a0\u00bb][vc_column_text text_direction=\u00a0\u00bbdefault\u00a0\u00bb]<strong>V\u00e9rifier la<\/strong> disponibilit\u00e9[\/vc_column_text][\/vc_column_inner][vc_column_inner column_padding=\u00a0\u00bbno-extra-padding\u00a0\u00bb column_padding_tablet=\u00a0\u00bbinherit\u00a0\u00bb column_padding_phone=\u00a0\u00bbinherit\u00a0\u00bb column_padding_position=\u00a0\u00bball\u00a0\u00bb column_element_direction_desktop=\u00a0\u00bbdefault\u00a0\u00bb column_element_spacing=\u00a0\u00bbdefault\u00a0\u00bb desktop_text_alignment=\u00a0\u00bbdefault\u00a0\u00bb tablet_text_alignment=\u00a0\u00bbdefault\u00a0\u00bb phone_text_alignment=\u00a0\u00bbdefault\u00a0\u00bb background_color_opacity=\u00a0\u00bb1&Prime; background_hover_color_opacity=\u00a0\u00bb1&Prime; column_backdrop_filter=\u00a0\u00bbnone\u00a0\u00bb column_shadow=\u00a0\u00bbnone\u00a0\u00bb column_border_radius=\u00a0\u00bbnone\u00a0\u00bb column_link_target=\u00a0\u00bb_self\u00a0\u00bb overflow=\u00a0\u00bbvisible\u00a0\u00bb gradient_direction=\u00a0\u00bbleft_to_right\u00a0\u00bb overlay_strength=\u00a0\u00bb0.3&Prime; width=\u00a0\u00bb1\/4&Prime; tablet_width_inherit=\u00a0\u00bbdefault\u00a0\u00bb animation_type=\u00a0\u00bbdefault\u00a0\u00bb bg_image_animation=\u00a0\u00bbnone\u00a0\u00bb border_type=\u00a0\u00bbsimple\u00a0\u00bb column_border_width=\u00a0\u00bbnone\u00a0\u00bb column_border_style=\u00a0\u00bbsolid\u00a0\u00bb column_padding_type=\u00a0\u00bbdefault\u00a0\u00bb gradient_type=\u00a0\u00bbdefault\u00a0\u00bb offset=\u00a0\u00bbvc_hidden-md vc_hidden-sm vc_hidden-xs\u00a0\u00bb][\/vc_column_inner][\/vc_row_inner][vc_column_text css=\u00a0\u00bb\u00a0\u00bb text_direction=\u00a0\u00bbdefault\u00a0\u00bb]\n<h2>Comprendre les int\u00e9r\u00eats et les besoins de votre enfant<\/h2>\n<p>Chaque enfant est unique, et le meilleur camp pour un enfant peut ne pas \u00eatre le meilleur pour un autre. Tenez compte des centres d&rsquo;int\u00e9r\u00eat de votre enfant, qu&rsquo;il soit passionn\u00e9 de ski, de snowboard ou d&rsquo;autres activit\u00e9s hivernales. En outre, \u00e9valuez ses besoins sociaux et \u00e9motionnels. Certains enfants s&rsquo;\u00e9panouissent dans des environnements vastes et anim\u00e9s, tandis que d&rsquo;autres se sentent mieux dans un cadre plus petit et plus intime au sein d&rsquo;une colonie de vacances pour enfants.   <\/p>\n<h2>Recherche des meilleurs camps d&rsquo;hiver pour enfants en Suisse<\/h2>\n<p>La Suisse propose une grande vari\u00e9t\u00e9 de camps d&rsquo;hiver, chacun ayant ses propres atouts. Commencez par faire des recherches en ligne sur les diff\u00e9rents camps, en pr\u00eatant une attention particuli\u00e8re \u00e0 leurs programmes, \u00e0 leurs installations et aux qualifications de leur personnel. Recherchez des camps accr\u00e9dit\u00e9s par des organismes r\u00e9put\u00e9s et lisez les commentaires d&rsquo;autres parents et campeurs. Vous aurez ainsi une id\u00e9e de la r\u00e9putation de la colonie et de l&rsquo;exp\u00e9rience des anciens participants. Les Elfes est r\u00e9put\u00e9 pour \u00eatre l&rsquo;un des meilleurs camps de Suisse.    <\/p>\n<h2>\u00c9valuation des mesures de s\u00e9curit\u00e9 dans les camps d&rsquo;hiver suisses<\/h2>\n<p>La s\u00e9curit\u00e9 est une priorit\u00e9 absolue pour tous les parents. Assurez-vous que le camp que vous choisissez dispose de protocoles de s\u00e9curit\u00e9 rigoureux. Cela inclut des instructeurs certifi\u00e9s, un bon entretien de l&rsquo;\u00e9quipement et des proc\u00e9dures d&rsquo;urgence claires. Renseignez-vous sur le ratio campeur\/personnel, car un ratio plus faible signifie souvent une attention plus personnalis\u00e9e et une meilleure supervision. En outre, v\u00e9rifiez si le camp dispose d&rsquo;un personnel m\u00e9dical sur place ou \u00e0 proximit\u00e9 afin de garantir la meilleure exp\u00e9rience possible pour les enfants.    <\/p>\n<h2>Explorer la vari\u00e9t\u00e9 et la qualit\u00e9 des programmes dans les camps d&rsquo;hiver<\/h2>\n<p>Les meilleures colonies de vacances d&rsquo;hiver proposent une vari\u00e9t\u00e9 d&rsquo;activit\u00e9s qui r\u00e9pondent \u00e0 diff\u00e9rents int\u00e9r\u00eats et niveaux de comp\u00e9tence. Recherchez des camps qui proposent des programmes complets comprenant le ski, le snowboard, le patinage sur glace et d&rsquo;autres sports d&rsquo;hiver. Les camps comme Les Elfes int\u00e8grent \u00e9galement des activit\u00e9s culturelles et l&rsquo;apprentissage d&rsquo;une langue, offrant ainsi une exp\u00e9rience compl\u00e8te qui va au-del\u00e0 du simple sport.  <\/p>\n<h2>H\u00e9bergement et installations aux Elfes<\/h2>\n<p>Un h\u00e9bergement confortable et s\u00fbr est essentiel pour une exp\u00e9rience positive en camp. Renseignez-vous sur les conditions de vie, assurez-vous qu&rsquo;elles sont propres, s\u00fbres et propices au repos et \u00e0 la d\u00e9tente. Des \u00e9quipements modernes, tels que des chambres chauff\u00e9es, une literie confortable et des espaces communs pour la socialisation, peuvent grandement am\u00e9liorer le s\u00e9jour de votre enfant. En outre, de bonnes installations de restauration avec des options de repas nutritifs sont essentielles pour maintenir le niveau d&rsquo;\u00e9nergie et la sant\u00e9 g\u00e9n\u00e9rale dans le meilleur camp de vacances en Suisse.   <\/p>\n<h2>Qualifications du personnel et soutien aux campeurs dans les camps de sports d&rsquo;hiver pour enfants<\/h2>\n<p>La qualit\u00e9 du personnel de la colonie de vacances peut \u00eatre d\u00e9terminante pour l&rsquo;exp\u00e9rience v\u00e9cue. Recherchez des camps qui emploient des moniteurs exp\u00e9riment\u00e9s et certifi\u00e9s, non seulement comp\u00e9tents dans leur sport, mais \u00e9galement form\u00e9s au d\u00e9veloppement et \u00e0 la s\u00e9curit\u00e9 des enfants. Le personnel d&rsquo;encadrement doit \u00eatre accessible, attentionn\u00e9 et attentif aux besoins des campeurs. Il est \u00e9galement utile que le camp mette \u00e0 disposition des conseillers ou des mentors pour soutenir les enfants sur le plan \u00e9motionnel et social pendant leur s\u00e9jour.   <\/p>\n<h2>Exposition \u00e0 la langue et \u00e0 la culture dans les camps d&rsquo;hiver suisses<\/h2>\n<p>L&rsquo;un des avantages uniques de participer \u00e0 un camp d&rsquo;hiver en Suisse est la possibilit\u00e9 d&rsquo;\u00eatre expos\u00e9 \u00e0 la culture et \u00e0 la langue. De nombreux camps, dont Les Elfes, attirent un m\u00e9lange international de campeurs, cr\u00e9ant ainsi un environnement multiculturel. Cette exposition aide les enfants \u00e0 d\u00e9velopper des comp\u00e9tences linguistiques, une conscience culturelle et une perspective globale, qui sont des comp\u00e9tences pr\u00e9cieuses dans le monde interconnect\u00e9 d&rsquo;aujourd&rsquo;hui.  <\/p>\n<h2>Implication des parents et communication avec les camps d&rsquo;hiver Suisse<\/h2>\n<p>Choisissez un camp qui accorde de l&rsquo;importance \u00e0 la participation des parents et qui maintient des lignes de communication ouvertes. Des mises \u00e0 jour r\u00e9guli\u00e8res sur les progr\u00e8s, les activit\u00e9s et le bien-\u00eatre de votre enfant peuvent vous rassurer. Certains camps proposent des portails pour les parents, des bulletins d&rsquo;information ou des appels t\u00e9l\u00e9phoniques r\u00e9guliers pour vous tenir au courant. Vous restez ainsi en contact avec l&rsquo;exp\u00e9rience de votre enfant et pouvez r\u00e9pondre rapidement \u00e0 toute pr\u00e9occupation.   <\/p>\n<h2>\u00c9valuation du co\u00fbt et de la valeur des camps d&rsquo;hiver suisses<\/h2>\n<p>Si le co\u00fbt est un facteur important, il ne doit pas \u00eatre le seul d\u00e9terminant de votre d\u00e9cision. Consid\u00e9rez la valeur globale de l&rsquo;exp\u00e9rience du camp, y compris la qualit\u00e9 de l&rsquo;enseignement, les installations et les avantages suppl\u00e9mentaires tels que l&rsquo;exposition culturelle et l&rsquo;apprentissage des langues. Investir dans un camp de qualit\u00e9 peut permettre \u00e0 votre enfant d&rsquo;acqu\u00e9rir des souvenirs et des comp\u00e9tences tout au long de sa vie, ce qui en fait une d\u00e9pense rentable dans le meilleur camp de Suisse.  <\/p>\n<h2>Visiter le camp pour une exp\u00e9rience de premi\u00e8re main<\/h2>\n<p>Si possible, visitez les camps que vous envisagez. Cela vous permettra de voir les installations, de rencontrer le personnel et de vous faire une id\u00e9e de l&rsquo;environnement de la colonie. Le fait de voir le camp en personne peut vous aider \u00e0 prendre une d\u00e9cision plus \u00e9clair\u00e9e et \u00e0 vous assurer qu&rsquo;il correspond \u00e0 vos attentes et aux besoins de votre enfant.  <\/p>\n<h2>Recherche de t\u00e9moignages et de r\u00e9f\u00e9rences pour les camps d&rsquo;hiver<\/h2>\n<p>N&rsquo;h\u00e9sitez pas \u00e0 demander des t\u00e9moignages et des r\u00e9f\u00e9rences sur le camp. Les t\u00e9moignages d&rsquo;autres parents et campeurs peuvent vous donner des indications pr\u00e9cieuses sur les points forts et les points \u00e0 am\u00e9liorer de la colonie. Les commentaires positifs et les recommandations peuvent renforcer votre d\u00e9cision et vous donner la certitude que vous faites le bon choix.  [\/vc_column_text][vc_video link=\u00a0\u00bbhttps:\/\/www.youtube.com\/watch?v=qPXhvt3ta2Q&amp;ab_channel=LesElfesInternational\u00a0\u00bb align=\u00a0\u00bbcenter\u00a0\u00bb css=\u00a0\u00bb\u00a0\u00bb][vc_column_text css=\u00a0\u00bb\u00a0\u00bb text_direction=\u00a0\u00bbdefault\u00a0\u00bb]\n<h2>Pr\u00e9parer votre enfant \u00e0 un camp d&rsquo;hiver en Suisse<\/h2>\n<p>Une fois que vous avez choisi la meilleure colonie de vacances, pr\u00e9parez votre enfant \u00e0 cette exp\u00e9rience. Discutez avec lui de ce \u00e0 quoi il peut s&rsquo;attendre, faites sa valise ensemble et r\u00e9pondez \u00e0 toutes ses questions. Encouragez-le \u00e0 s&rsquo;ouvrir \u00e0 de nouvelles exp\u00e9riences et \u00e0 tirer le meilleur parti de son s\u00e9jour en colonie. Une bonne pr\u00e9paration permet de r\u00e9duire l&rsquo;anxi\u00e9t\u00e9 et ouvre la voie \u00e0 une exp\u00e9rience de camp r\u00e9ussie et agr\u00e9able. Choisir le meilleur camp d&rsquo;hiver pour votre enfant en Suisse implique de prendre soigneusement en compte diff\u00e9rents facteurs, des mesures de s\u00e9curit\u00e9 \u00e0 la qualit\u00e9 du programme, en passant par l&rsquo;ouverture culturelle et les qualifications du personnel. En prenant le temps de rechercher et d&rsquo;\u00e9valuer les options qui s&rsquo;offrent \u00e0 vous, vous pouvez vous assurer que votre enfant vivra une exp\u00e9rience s\u00fbre, enrichissante et inoubliable dans un camp d&rsquo;hiver. Les camps comme Les Elfes offrent un m\u00e9lange unique d&rsquo;aventure, d&rsquo;\u00e9ducation et d&rsquo;\u00e9change culturel, ce qui en fait un excellent choix pour les parents \u00e0 la recherche du meilleur camp pour leurs enfants.[\/vc_column_text][\/vc_column][\/vc_row]\n","protected":false},"excerpt":{"rendered":"<p>[vc_row type=\u00a0\u00bbin_container\u00a0\u00bb full_screen_row_position=\u00a0\u00bbmiddle\u00a0\u00bb column_margin=\u00a0\u00bbdefault\u00a0\u00bb column_direction=\u00a0\u00bbdefault\u00a0\u00bb column_direction_tablet=\u00a0\u00bbdefault\u00a0\u00bb column_direction_phone=\u00a0\u00bbdefault\u00a0\u00bb scene_position=\u00a0\u00bbcenter\u00a0\u00bb text_color=\u00a0\u00bbdark\u00a0\u00bb text_align=\u00a0\u00bbleft\u00a0\u00bb row_border_radius=\u00a0\u00bbnone\u00a0\u00bb row_border_radius_applies=\u00a0\u00bbbg\u00a0\u00bb overflow=\u00a0\u00bbvisible\u00a0\u00bb overlay_strength=\u00a0\u00bb0.3&Prime; gradient_direction=\u00a0\u00bbleft_to_right\u00a0\u00bb shape_divider_position=\u00a0\u00bbbottom\u00a0\u00bb bg_image_animation=\u00a0\u00bbnone\u00a0\u00bb][vc_column column_padding=\u00a0\u00bbno-extra-padding\u00a0\u00bb column_padding_tablet=\u00a0\u00bbinherit\u00a0\u00bb column_padding_phone=\u00a0\u00bbinherit\u00a0\u00bb column_padding_position=\u00a0\u00bball\u00a0\u00bb column_element_direction_desktop=\u00a0\u00bbdefault\u00a0\u00bb column_element_spacing=\u00a0\u00bbdefault\u00a0\u00bb desktop_text_alignment=\u00a0\u00bbdefault\u00a0\u00bb tablet_text_alignment=\u00a0\u00bbdefault\u00a0\u00bb phone_text_alignment=\u00a0\u00bbdefault\u00a0\u00bb background_color_opacity=\u00a0\u00bb1&Prime; background_hover_color_opacity=\u00a0\u00bb1&Prime; column_backdrop_filter=\u00a0\u00bbnone\u00a0\u00bb column_shadow=\u00a0\u00bbnone\u00a0\u00bb&#8230;<\/p>\n","protected":false},"author":16,"featured_media":80393,"comment_status":"closed","ping_status":"open","sticky":false,"template":"","format":"standard","meta":{"_acf_changed":false,"inline_featured_image":false,"footnotes":""},"categories":[1355],"tags":[],"class_list":{"0":"post-95560","1":"post","2":"type-post","3":"status-publish","4":"format-standard","5":"has-post-thumbnail","7":"category-camp-dhiver"},"acf":[],"yoast_head":"<!-- This site is optimized with the Yoast SEO Premium plugin v24.2 (Yoast SEO v24.7) - https:\/\/yoast.com\/wordpress\/plugins\/seo\/ -->\n<title>Guide \u00e0 l&#039;usage des parents pour choisir le meilleur camp d&#039;hiver pour leurs enfants en Suisse - Les Elfes International Camps Switzerland<\/title>\n<meta name=\"robots\" content=\"index, follow, max-snippet:-1, max-image-preview:large, max-video-preview:-1\" \/>\n<link rel=\"canonical\" href=\"https:\/\/www.leselfes.com\/fr\/guide-a-lusage-des-parents-pour-choisir-le-meilleur-camp-dhiver-pour-leurs-enfants-en-suisse\/\" \/>\n<meta property=\"og:locale\" content=\"fr_FR\" \/>\n<meta property=\"og:type\" content=\"article\" \/>\n<meta property=\"og:title\" content=\"Guide \u00e0 l&#039;usage des parents pour choisir le meilleur camp d&#039;hiver pour leurs enfants en Suisse\" \/>\n<meta property=\"og:description\" content=\"[vc_row type=\u00a0\u00bbin_container\u00a0\u00bb full_screen_row_position=\u00a0\u00bbmiddle\u00a0\u00bb column_margin=\u00a0\u00bbdefault\u00a0\u00bb column_direction=\u00a0\u00bbdefault\u00a0\u00bb column_direction_tablet=\u00a0\u00bbdefault\u00a0\u00bb column_direction_phone=\u00a0\u00bbdefault\u00a0\u00bb scene_position=\u00a0\u00bbcenter\u00a0\u00bb text_color=\u00a0\u00bbdark\u00a0\u00bb text_align=\u00a0\u00bbleft\u00a0\u00bb row_border_radius=\u00a0\u00bbnone\u00a0\u00bb row_border_radius_applies=\u00a0\u00bbbg\u00a0\u00bb overflow=\u00a0\u00bbvisible\u00a0\u00bb overlay_strength=\u00a0\u00bb0.3&Prime; gradient_direction=\u00a0\u00bbleft_to_right\u00a0\u00bb shape_divider_position=\u00a0\u00bbbottom\u00a0\u00bb bg_image_animation=\u00a0\u00bbnone\u00a0\u00bb][vc_column column_padding=\u00a0\u00bbno-extra-padding\u00a0\u00bb column_padding_tablet=\u00a0\u00bbinherit\u00a0\u00bb column_padding_phone=\u00a0\u00bbinherit\u00a0\u00bb column_padding_position=\u00a0\u00bball\u00a0\u00bb column_element_direction_desktop=\u00a0\u00bbdefault\u00a0\u00bb column_element_spacing=\u00a0\u00bbdefault\u00a0\u00bb desktop_text_alignment=\u00a0\u00bbdefault\u00a0\u00bb tablet_text_alignment=\u00a0\u00bbdefault\u00a0\u00bb phone_text_alignment=\u00a0\u00bbdefault\u00a0\u00bb background_color_opacity=\u00a0\u00bb1&Prime; background_hover_color_opacity=\u00a0\u00bb1&Prime; column_backdrop_filter=\u00a0\u00bbnone\u00a0\u00bb column_shadow=\u00a0\u00bbnone\u00a0\u00bb...\" \/>\n<meta property=\"og:url\" content=\"https:\/\/www.leselfes.com\/fr\/guide-a-lusage-des-parents-pour-choisir-le-meilleur-camp-dhiver-pour-leurs-enfants-en-suisse\/\" \/>\n<meta property=\"og:site_name\" content=\"Les Elfes International Camps Switzerland\" \/>\n<meta property=\"article:publisher\" content=\"https:\/\/www.facebook.com\/LesElfesVerbier\" \/>\n<meta property=\"article:published_time\" content=\"2024-08-04T14:30:24+00:00\" \/>\n<meta property=\"article:modified_time\" content=\"2025-01-07T09:06:42+00:00\" \/>\n<meta property=\"og:image\" content=\"https:\/\/dev.leselfes.com\/wp-content\/uploads\/2023\/10\/Winter-camps-Les-Elfes-Verbier-private-restaurant.webp\" \/>\n\t<meta property=\"og:image:width\" content=\"1600\" \/>\n\t<meta property=\"og:image:height\" content=\"1200\" \/>\n\t<meta property=\"og:image:type\" content=\"image\/webp\" \/>\n<meta name=\"author\" content=\"Matthieu Perard\" \/>\n<meta name=\"twitter:card\" content=\"summary_large_image\" \/>\n<meta name=\"twitter:creator\" content=\"@LesElfesCamps\" \/>\n<meta name=\"twitter:site\" content=\"@LesElfesCamps\" \/>\n<meta name=\"twitter:label1\" content=\"\u00c9crit par\" \/>\n\t<meta name=\"twitter:data1\" content=\"Matthieu Perard\" \/>\n\t<meta name=\"twitter:label2\" content=\"Dur\u00e9e de lecture estim\u00e9e\" \/>\n\t<meta name=\"twitter:data2\" content=\"10 minutes\" \/>\n<script type=\"application\/ld+json\" class=\"yoast-schema-graph\">{\"@context\":\"https:\/\/schema.org\",\"@graph\":[{\"@type\":\"Article\",\"@id\":\"https:\/\/www.leselfes.com\/fr\/guide-a-lusage-des-parents-pour-choisir-le-meilleur-camp-dhiver-pour-leurs-enfants-en-suisse\/#article\",\"isPartOf\":{\"@id\":\"https:\/\/www.leselfes.com\/fr\/guide-a-lusage-des-parents-pour-choisir-le-meilleur-camp-dhiver-pour-leurs-enfants-en-suisse\/\"},\"author\":{\"name\":\"Matthieu Perard\",\"@id\":\"https:\/\/dev.leselfes.com\/#\/schema\/person\/7ac5f99a7f3c597105fe663a00bdf6d6\"},\"headline\":\"Guide \u00e0 l&rsquo;usage des parents pour choisir le meilleur camp d&rsquo;hiver pour leurs enfants en Suisse\",\"datePublished\":\"2024-08-04T14:30:24+00:00\",\"dateModified\":\"2025-01-07T09:06:42+00:00\",\"mainEntityOfPage\":{\"@id\":\"https:\/\/www.leselfes.com\/fr\/guide-a-lusage-des-parents-pour-choisir-le-meilleur-camp-dhiver-pour-leurs-enfants-en-suisse\/\"},\"wordCount\":2160,\"publisher\":{\"@id\":\"https:\/\/dev.leselfes.com\/#organization\"},\"image\":{\"@id\":\"https:\/\/www.leselfes.com\/fr\/guide-a-lusage-des-parents-pour-choisir-le-meilleur-camp-dhiver-pour-leurs-enfants-en-suisse\/#primaryimage\"},\"thumbnailUrl\":\"https:\/\/www.leselfes.com\/wp-content\/uploads\/2023\/10\/Winter-camps-Les-Elfes-Verbier-private-restaurant.webp\",\"articleSection\":[\"Camp d'hiver\"],\"inLanguage\":\"fr-FR\"},{\"@type\":\"WebPage\",\"@id\":\"https:\/\/www.leselfes.com\/fr\/guide-a-lusage-des-parents-pour-choisir-le-meilleur-camp-dhiver-pour-leurs-enfants-en-suisse\/\",\"url\":\"https:\/\/www.leselfes.com\/fr\/guide-a-lusage-des-parents-pour-choisir-le-meilleur-camp-dhiver-pour-leurs-enfants-en-suisse\/\",\"name\":\"Guide \u00e0 l'usage des parents pour choisir le meilleur camp d'hiver pour leurs enfants en Suisse - Les Elfes International Camps Switzerland\",\"isPartOf\":{\"@id\":\"https:\/\/dev.leselfes.com\/#website\"},\"primaryImageOfPage\":{\"@id\":\"https:\/\/www.leselfes.com\/fr\/guide-a-lusage-des-parents-pour-choisir-le-meilleur-camp-dhiver-pour-leurs-enfants-en-suisse\/#primaryimage\"},\"image\":{\"@id\":\"https:\/\/www.leselfes.com\/fr\/guide-a-lusage-des-parents-pour-choisir-le-meilleur-camp-dhiver-pour-leurs-enfants-en-suisse\/#primaryimage\"},\"thumbnailUrl\":\"https:\/\/www.leselfes.com\/wp-content\/uploads\/2023\/10\/Winter-camps-Les-Elfes-Verbier-private-restaurant.webp\",\"datePublished\":\"2024-08-04T14:30:24+00:00\",\"dateModified\":\"2025-01-07T09:06:42+00:00\",\"breadcrumb\":{\"@id\":\"https:\/\/www.leselfes.com\/fr\/guide-a-lusage-des-parents-pour-choisir-le-meilleur-camp-dhiver-pour-leurs-enfants-en-suisse\/#breadcrumb\"},\"inLanguage\":\"fr-FR\",\"potentialAction\":[{\"@type\":\"ReadAction\",\"target\":[\"https:\/\/www.leselfes.com\/fr\/guide-a-lusage-des-parents-pour-choisir-le-meilleur-camp-dhiver-pour-leurs-enfants-en-suisse\/\"]}]},{\"@type\":\"ImageObject\",\"inLanguage\":\"fr-FR\",\"@id\":\"https:\/\/www.leselfes.com\/fr\/guide-a-lusage-des-parents-pour-choisir-le-meilleur-camp-dhiver-pour-leurs-enfants-en-suisse\/#primaryimage\",\"url\":\"https:\/\/www.leselfes.com\/wp-content\/uploads\/2023\/10\/Winter-camps-Les-Elfes-Verbier-private-restaurant.webp\",\"contentUrl\":\"https:\/\/www.leselfes.com\/wp-content\/uploads\/2023\/10\/Winter-camps-Les-Elfes-Verbier-private-restaurant.webp\",\"width\":1600,\"height\":1200},{\"@type\":\"BreadcrumbList\",\"@id\":\"https:\/\/www.leselfes.com\/fr\/guide-a-lusage-des-parents-pour-choisir-le-meilleur-camp-dhiver-pour-leurs-enfants-en-suisse\/#breadcrumb\",\"itemListElement\":[{\"@type\":\"ListItem\",\"position\":1,\"name\":\"Home\",\"item\":\"https:\/\/www.leselfes.com\/fr\/\"},{\"@type\":\"ListItem\",\"position\":2,\"name\":\"Guide \u00e0 l&#8217;usage des parents pour choisir le meilleur camp d&#8217;hiver pour leurs enfants en Suisse\"}]},{\"@type\":\"WebSite\",\"@id\":\"https:\/\/dev.leselfes.com\/#website\",\"url\":\"https:\/\/dev.leselfes.com\/\",\"name\":\"Les Elfes International\",\"description\":\"Les Elfes International, Verbier Switzerland. Summer Camp, Winter Camp, Spring Camps.\",\"publisher\":{\"@id\":\"https:\/\/dev.leselfes.com\/#organization\"},\"alternateName\":\"Les Elfes International\",\"potentialAction\":[{\"@type\":\"SearchAction\",\"target\":{\"@type\":\"EntryPoint\",\"urlTemplate\":\"https:\/\/dev.leselfes.com\/?s={search_term_string}\"},\"query-input\":{\"@type\":\"PropertyValueSpecification\",\"valueRequired\":true,\"valueName\":\"search_term_string\"}}],\"inLanguage\":\"fr-FR\"},{\"@type\":\"Organization\",\"@id\":\"https:\/\/dev.leselfes.com\/#organization\",\"name\":\"Les Elfes International\",\"alternateName\":\"Les Elfes International\",\"url\":\"https:\/\/dev.leselfes.com\/\",\"logo\":{\"@type\":\"ImageObject\",\"inLanguage\":\"fr-FR\",\"@id\":\"https:\/\/dev.leselfes.com\/#\/schema\/logo\/image\/\",\"url\":\"https:\/\/www.leselfes.com\/wp-content\/uploads\/2022\/03\/leselfes-logo.png\",\"contentUrl\":\"https:\/\/www.leselfes.com\/wp-content\/uploads\/2022\/03\/leselfes-logo.png\",\"width\":233,\"height\":51,\"caption\":\"Les Elfes International\"},\"image\":{\"@id\":\"https:\/\/dev.leselfes.com\/#\/schema\/logo\/image\/\"},\"sameAs\":[\"https:\/\/www.facebook.com\/LesElfesVerbier\",\"https:\/\/x.com\/LesElfesCamps\",\"https:\/\/www.instagram.com\/leselfes\",\"https:\/\/www.linkedin.com\/company\/les-elfes-international\",\"https:\/\/www.youtube.com\/user\/LesElfesVerbier\"]},{\"@type\":\"Person\",\"@id\":\"https:\/\/dev.leselfes.com\/#\/schema\/person\/7ac5f99a7f3c597105fe663a00bdf6d6\",\"name\":\"Matthieu Perard\",\"image\":{\"@type\":\"ImageObject\",\"inLanguage\":\"fr-FR\",\"@id\":\"https:\/\/dev.leselfes.com\/#\/schema\/person\/image\/\",\"url\":\"https:\/\/secure.gravatar.com\/avatar\/e368f5bd153d15a1ff42a4c64a46d1ef?s=96&d=mm&r=g\",\"contentUrl\":\"https:\/\/secure.gravatar.com\/avatar\/e368f5bd153d15a1ff42a4c64a46d1ef?s=96&d=mm&r=g\",\"caption\":\"Matthieu Perard\"},\"url\":\"https:\/\/www.leselfes.com\/fr\/author\/m-pierardnotostudio-ch\/\"}]}<\/script>\n<!-- \/ Yoast SEO Premium plugin. -->","yoast_head_json":{"title":"Guide \u00e0 l'usage des parents pour choisir le meilleur camp d'hiver pour leurs enfants en Suisse - Les Elfes International Camps Switzerland","robots":{"index":"index","follow":"follow","max-snippet":"max-snippet:-1","max-image-preview":"max-image-preview:large","max-video-preview":"max-video-preview:-1"},"canonical":"https:\/\/www.leselfes.com\/fr\/guide-a-lusage-des-parents-pour-choisir-le-meilleur-camp-dhiver-pour-leurs-enfants-en-suisse\/","og_locale":"fr_FR","og_type":"article","og_title":"Guide \u00e0 l'usage des parents pour choisir le meilleur camp d'hiver pour leurs enfants en Suisse","og_description":"[vc_row type=\u00a0\u00bbin_container\u00a0\u00bb full_screen_row_position=\u00a0\u00bbmiddle\u00a0\u00bb column_margin=\u00a0\u00bbdefault\u00a0\u00bb column_direction=\u00a0\u00bbdefault\u00a0\u00bb column_direction_tablet=\u00a0\u00bbdefault\u00a0\u00bb column_direction_phone=\u00a0\u00bbdefault\u00a0\u00bb scene_position=\u00a0\u00bbcenter\u00a0\u00bb text_color=\u00a0\u00bbdark\u00a0\u00bb text_align=\u00a0\u00bbleft\u00a0\u00bb row_border_radius=\u00a0\u00bbnone\u00a0\u00bb row_border_radius_applies=\u00a0\u00bbbg\u00a0\u00bb overflow=\u00a0\u00bbvisible\u00a0\u00bb overlay_strength=\u00a0\u00bb0.3&Prime; gradient_direction=\u00a0\u00bbleft_to_right\u00a0\u00bb shape_divider_position=\u00a0\u00bbbottom\u00a0\u00bb bg_image_animation=\u00a0\u00bbnone\u00a0\u00bb][vc_column column_padding=\u00a0\u00bbno-extra-padding\u00a0\u00bb column_padding_tablet=\u00a0\u00bbinherit\u00a0\u00bb column_padding_phone=\u00a0\u00bbinherit\u00a0\u00bb column_padding_position=\u00a0\u00bball\u00a0\u00bb column_element_direction_desktop=\u00a0\u00bbdefault\u00a0\u00bb column_element_spacing=\u00a0\u00bbdefault\u00a0\u00bb desktop_text_alignment=\u00a0\u00bbdefault\u00a0\u00bb tablet_text_alignment=\u00a0\u00bbdefault\u00a0\u00bb phone_text_alignment=\u00a0\u00bbdefault\u00a0\u00bb background_color_opacity=\u00a0\u00bb1&Prime; background_hover_color_opacity=\u00a0\u00bb1&Prime; column_backdrop_filter=\u00a0\u00bbnone\u00a0\u00bb column_shadow=\u00a0\u00bbnone\u00a0\u00bb...","og_url":"https:\/\/www.leselfes.com\/fr\/guide-a-lusage-des-parents-pour-choisir-le-meilleur-camp-dhiver-pour-leurs-enfants-en-suisse\/","og_site_name":"Les Elfes International Camps Switzerland","article_publisher":"https:\/\/www.facebook.com\/LesElfesVerbier","article_published_time":"2024-08-04T14:30:24+00:00","article_modified_time":"2025-01-07T09:06:42+00:00","og_image":[{"width":1600,"height":1200,"url":"https:\/\/dev.leselfes.com\/wp-content\/uploads\/2023\/10\/Winter-camps-Les-Elfes-Verbier-private-restaurant.webp","type":"image\/webp"}],"author":"Matthieu Perard","twitter_card":"summary_large_image","twitter_creator":"@LesElfesCamps","twitter_site":"@LesElfesCamps","twitter_misc":{"\u00c9crit par":"Matthieu Perard","Dur\u00e9e de lecture estim\u00e9e":"10 minutes"},"schema":{"@context":"https:\/\/schema.org","@graph":[{"@type":"Article","@id":"https:\/\/www.leselfes.com\/fr\/guide-a-lusage-des-parents-pour-choisir-le-meilleur-camp-dhiver-pour-leurs-enfants-en-suisse\/#article","isPartOf":{"@id":"https:\/\/www.leselfes.com\/fr\/guide-a-lusage-des-parents-pour-choisir-le-meilleur-camp-dhiver-pour-leurs-enfants-en-suisse\/"},"author":{"name":"Matthieu Perard","@id":"https:\/\/dev.leselfes.com\/#\/schema\/person\/7ac5f99a7f3c597105fe663a00bdf6d6"},"headline":"Guide \u00e0 l&rsquo;usage des parents pour choisir le meilleur camp d&rsquo;hiver pour leurs enfants en Suisse","datePublished":"2024-08-04T14:30:24+00:00","dateModified":"2025-01-07T09:06:42+00:00","mainEntityOfPage":{"@id":"https:\/\/www.leselfes.com\/fr\/guide-a-lusage-des-parents-pour-choisir-le-meilleur-camp-dhiver-pour-leurs-enfants-en-suisse\/"},"wordCount":2160,"publisher":{"@id":"https:\/\/dev.leselfes.com\/#organization"},"image":{"@id":"https:\/\/www.leselfes.com\/fr\/guide-a-lusage-des-parents-pour-choisir-le-meilleur-camp-dhiver-pour-leurs-enfants-en-suisse\/#primaryimage"},"thumbnailUrl":"https:\/\/www.leselfes.com\/wp-content\/uploads\/2023\/10\/Winter-camps-Les-Elfes-Verbier-private-restaurant.webp","articleSection":["Camp d'hiver"],"inLanguage":"fr-FR"},{"@type":"WebPage","@id":"https:\/\/www.leselfes.com\/fr\/guide-a-lusage-des-parents-pour-choisir-le-meilleur-camp-dhiver-pour-leurs-enfants-en-suisse\/","url":"https:\/\/www.leselfes.com\/fr\/guide-a-lusage-des-parents-pour-choisir-le-meilleur-camp-dhiver-pour-leurs-enfants-en-suisse\/","name":"Guide \u00e0 l'usage des parents pour choisir le meilleur camp d'hiver pour leurs enfants en Suisse - Les Elfes International Camps Switzerland","isPartOf":{"@id":"https:\/\/dev.leselfes.com\/#website"},"primaryImageOfPage":{"@id":"https:\/\/www.leselfes.com\/fr\/guide-a-lusage-des-parents-pour-choisir-le-meilleur-camp-dhiver-pour-leurs-enfants-en-suisse\/#primaryimage"},"image":{"@id":"https:\/\/www.leselfes.com\/fr\/guide-a-lusage-des-parents-pour-choisir-le-meilleur-camp-dhiver-pour-leurs-enfants-en-suisse\/#primaryimage"},"thumbnailUrl":"https:\/\/www.leselfes.com\/wp-content\/uploads\/2023\/10\/Winter-camps-Les-Elfes-Verbier-private-restaurant.webp","datePublished":"2024-08-04T14:30:24+00:00","dateModified":"2025-01-07T09:06:42+00:00","breadcrumb":{"@id":"https:\/\/www.leselfes.com\/fr\/guide-a-lusage-des-parents-pour-choisir-le-meilleur-camp-dhiver-pour-leurs-enfants-en-suisse\/#breadcrumb"},"inLanguage":"fr-FR","potentialAction":[{"@type":"ReadAction","target":["https:\/\/www.leselfes.com\/fr\/guide-a-lusage-des-parents-pour-choisir-le-meilleur-camp-dhiver-pour-leurs-enfants-en-suisse\/"]}]},{"@type":"ImageObject","inLanguage":"fr-FR","@id":"https:\/\/www.leselfes.com\/fr\/guide-a-lusage-des-parents-pour-choisir-le-meilleur-camp-dhiver-pour-leurs-enfants-en-suisse\/#primaryimage","url":"https:\/\/www.leselfes.com\/wp-content\/uploads\/2023\/10\/Winter-camps-Les-Elfes-Verbier-private-restaurant.webp","contentUrl":"https:\/\/www.leselfes.com\/wp-content\/uploads\/2023\/10\/Winter-camps-Les-Elfes-Verbier-private-restaurant.webp","width":1600,"height":1200},{"@type":"BreadcrumbList","@id":"https:\/\/www.leselfes.com\/fr\/guide-a-lusage-des-parents-pour-choisir-le-meilleur-camp-dhiver-pour-leurs-enfants-en-suisse\/#breadcrumb","itemListElement":[{"@type":"ListItem","position":1,"name":"Home","item":"https:\/\/www.leselfes.com\/fr\/"},{"@type":"ListItem","position":2,"name":"Guide \u00e0 l&#8217;usage des parents pour choisir le meilleur camp d&#8217;hiver pour leurs enfants en Suisse"}]},{"@type":"WebSite","@id":"https:\/\/dev.leselfes.com\/#website","url":"https:\/\/dev.leselfes.com\/","name":"Les Elfes International","description":"Les Elfes International, Verbier Switzerland. Summer Camp, Winter Camp, Spring Camps.","publisher":{"@id":"https:\/\/dev.leselfes.com\/#organization"},"alternateName":"Les Elfes International","potentialAction":[{"@type":"SearchAction","target":{"@type":"EntryPoint","urlTemplate":"https:\/\/dev.leselfes.com\/?s={search_term_string}"},"query-input":{"@type":"PropertyValueSpecification","valueRequired":true,"valueName":"search_term_string"}}],"inLanguage":"fr-FR"},{"@type":"Organization","@id":"https:\/\/dev.leselfes.com\/#organization","name":"Les Elfes International","alternateName":"Les Elfes International","url":"https:\/\/dev.leselfes.com\/","logo":{"@type":"ImageObject","inLanguage":"fr-FR","@id":"https:\/\/dev.leselfes.com\/#\/schema\/logo\/image\/","url":"https:\/\/www.leselfes.com\/wp-content\/uploads\/2022\/03\/leselfes-logo.png","contentUrl":"https:\/\/www.leselfes.com\/wp-content\/uploads\/2022\/03\/leselfes-logo.png","width":233,"height":51,"caption":"Les Elfes International"},"image":{"@id":"https:\/\/dev.leselfes.com\/#\/schema\/logo\/image\/"},"sameAs":["https:\/\/www.facebook.com\/LesElfesVerbier","https:\/\/x.com\/LesElfesCamps","https:\/\/www.instagram.com\/leselfes","https:\/\/www.linkedin.com\/company\/les-elfes-international","https:\/\/www.youtube.com\/user\/LesElfesVerbier"]},{"@type":"Person","@id":"https:\/\/dev.leselfes.com\/#\/schema\/person\/7ac5f99a7f3c597105fe663a00bdf6d6","name":"Matthieu Perard","image":{"@type":"ImageObject","inLanguage":"fr-FR","@id":"https:\/\/dev.leselfes.com\/#\/schema\/person\/image\/","url":"https:\/\/secure.gravatar.com\/avatar\/e368f5bd153d15a1ff42a4c64a46d1ef?s=96&d=mm&r=g","contentUrl":"https:\/\/secure.gravatar.com\/avatar\/e368f5bd153d15a1ff42a4c64a46d1ef?s=96&d=mm&r=g","caption":"Matthieu Perard"},"url":"https:\/\/www.leselfes.com\/fr\/author\/m-pierardnotostudio-ch\/"}]}},"_links":{"self":[{"href":"https:\/\/www.leselfes.com\/fr\/wp-json\/wp\/v2\/posts\/95560"}],"collection":[{"href":"https:\/\/www.leselfes.com\/fr\/wp-json\/wp\/v2\/posts"}],"about":[{"href":"https:\/\/www.leselfes.com\/fr\/wp-json\/wp\/v2\/types\/post"}],"author":[{"embeddable":true,"href":"https:\/\/www.leselfes.com\/fr\/wp-json\/wp\/v2\/users\/16"}],"replies":[{"embeddable":true,"href":"https:\/\/www.leselfes.com\/fr\/wp-json\/wp\/v2\/comments?post=95560"}],"version-history":[{"count":0,"href":"https:\/\/www.leselfes.com\/fr\/wp-json\/wp\/v2\/posts\/95560\/revisions"}],"wp:featuredmedia":[{"embeddable":true,"href":"https:\/\/www.leselfes.com\/fr\/wp-json\/wp\/v2\/media\/80393"}],"wp:attachment":[{"href":"https:\/\/www.leselfes.com\/fr\/wp-json\/wp\/v2\/media?parent=95560"}],"wp:term":[{"taxonomy":"category","embeddable":true,"href":"https:\/\/www.leselfes.com\/fr\/wp-json\/wp\/v2\/categories?post=95560"},{"taxonomy":"post_tag","embeddable":true,"href":"https:\/\/www.leselfes.com\/fr\/wp-json\/wp\/v2\/tags?post=95560"}],"curies":[{"name":"wp","href":"https:\/\/api.w.org\/{rel}","templated":true}]}}