{"id":95565,"date":"2024-07-08T17:27:23","date_gmt":"2024-07-08T15:27:23","guid":{"rendered":"https:\/\/www.leselfes.com\/camp-de-vacances-pour-enfants-en-europe-une-experience-inoubliable\/"},"modified":"2025-01-07T10:06:32","modified_gmt":"2025-01-07T09:06:32","slug":"camp-de-vacances-pour-enfants-en-europe-une-experience-inoubliable","status":"publish","type":"post","link":"https:\/\/www.leselfes.com\/fr\/camp-de-vacances-pour-enfants-en-europe-une-experience-inoubliable\/","title":{"rendered":"Camp de vacances pour enfants en Europe : Une exp\u00e9rience inoubliable"},"content":{"rendered":"[vc_row type=\u00a0\u00bbin_container\u00a0\u00bb full_screen_row_position=\u00a0\u00bbmiddle\u00a0\u00bb column_margin=\u00a0\u00bbdefault\u00a0\u00bb column_direction=\u00a0\u00bbdefault\u00a0\u00bb column_direction_tablet=\u00a0\u00bbdefault\u00a0\u00bb column_direction_phone=\u00a0\u00bbdefault\u00a0\u00bb scene_position=\u00a0\u00bbcenter\u00a0\u00bb text_color=\u00a0\u00bbdark\u00a0\u00bb text_align=\u00a0\u00bbleft\u00a0\u00bb row_border_radius=\u00a0\u00bbnone\u00a0\u00bb row_border_radius_applies=\u00a0\u00bbbg\u00a0\u00bb overflow=\u00a0\u00bbvisible\u00a0\u00bb overlay_strength=\u00a0\u00bb0.3&Prime; gradient_direction=\u00a0\u00bbleft_to_right\u00a0\u00bb shape_divider_position=\u00a0\u00bbbottom\u00a0\u00bb bg_image_animation=\u00a0\u00bbnone\u00a0\u00bb][vc_column column_padding=\u00a0\u00bbno-extra-padding\u00a0\u00bb column_padding_tablet=\u00a0\u00bbinherit\u00a0\u00bb column_padding_phone=\u00a0\u00bbinherit\u00a0\u00bb column_padding_position=\u00a0\u00bball\u00a0\u00bb column_element_direction_desktop=\u00a0\u00bbdefault\u00a0\u00bb column_element_spacing=\u00a0\u00bbdefault\u00a0\u00bb desktop_text_alignment=\u00a0\u00bbdefault\u00a0\u00bb tablet_text_alignment=\u00a0\u00bbdefault\u00a0\u00bb phone_text_alignment=\u00a0\u00bbdefault\u00a0\u00bb background_color_opacity=\u00a0\u00bb1&Prime; background_hover_color_opacity=\u00a0\u00bb1&Prime; column_backdrop_filter=\u00a0\u00bbnone\u00a0\u00bb column_shadow=\u00a0\u00bbnone\u00a0\u00bb column_border_radius=\u00a0\u00bbnone\u00a0\u00bb column_link_target=\u00a0\u00bb_self\u00a0\u00bb column_position=\u00a0\u00bbdefault\u00a0\u00bb gradient_direction=\u00a0\u00bbleft_to_right\u00a0\u00bb overlay_strength=\u00a0\u00bb0.3&Prime; width=\u00a0\u00bb1\/1&Prime; tablet_width_inherit=\u00a0\u00bbdefault\u00a0\u00bb animation_type=\u00a0\u00bbdefault\u00a0\u00bb bg_image_animation=\u00a0\u00bbnone\u00a0\u00bb border_type=\u00a0\u00bbsimple\u00a0\u00bb column_border_width=\u00a0\u00bbnone\u00a0\u00bb column_border_style=\u00a0\u00bbsolid\u00a0\u00bb][vc_column_text css=\u00a0\u00bb\u00a0\u00bb text_direction=\u00a0\u00bbdefault\u00a0\u00bb]Envoyer votre enfant dans une colonie de vacances en Europe peut \u00eatre l&rsquo;une des exp\u00e9riences les plus enrichissantes de son enfance.<br \/>\nDes paysages \u00e0 couper le souffle aux rencontres culturelles vari\u00e9es, une colonie de vacances pour enfants en Europe offre un large \u00e9ventail d&rsquo;avantages qui contribuent \u00e0 l&rsquo;\u00e9panouissement personnel et \u00e0 la cr\u00e9ation de souvenirs inoubliables.<br \/>\nQue vous envisagiez une colonie de vacances en Suisse aux Elfes International, les plages ensoleill\u00e9es d&rsquo;Espagne ou les sites historiques d&rsquo;Italie, voici comment vous pr\u00e9parer et ce que vous pouvez attendre d&rsquo;une exp\u00e9rience de colonie de vacances en Europe.[\/vc_column_text][vc_row_inner equal_height=\u00a0\u00bbyes\u00a0\u00bb content_placement=\u00a0\u00bbmiddle\u00a0\u00bb column_margin=\u00a0\u00bb100px\u00a0\u00bb column_direction=\u00a0\u00bbdefault\u00a0\u00bb column_direction_tablet=\u00a0\u00bbdefault\u00a0\u00bb column_direction_phone=\u00a0\u00bbdefault\u00a0\u00bb text_align=\u00a0\u00bbleft\u00a0\u00bb row_position=\u00a0\u00bbdefault\u00a0\u00bb row_position_tablet=\u00a0\u00bbinherit\u00a0\u00bb row_position_phone=\u00a0\u00bbinherit\u00a0\u00bb overflow=\u00a0\u00bbvisible\u00a0\u00bb pointer_events=\u00a0\u00bball\u00a0\u00bb class=\u00a0\u00bbflexGoBottom\u00a0\u00bb][vc_column_inner column_padding=\u00a0\u00bbno-extra-padding\u00a0\u00bb column_padding_tablet=\u00a0\u00bbinherit\u00a0\u00bb column_padding_phone=\u00a0\u00bbinherit\u00a0\u00bb column_padding_position=\u00a0\u00bball\u00a0\u00bb column_element_direction_desktop=\u00a0\u00bbdefault\u00a0\u00bb column_element_spacing=\u00a0\u00bbdefault\u00a0\u00bb desktop_text_alignment=\u00a0\u00bbdefault\u00a0\u00bb tablet_text_alignment=\u00a0\u00bbdefault\u00a0\u00bb phone_text_alignment=\u00a0\u00bbdefault\u00a0\u00bb background_color_opacity=\u00a0\u00bb1&Prime; background_hover_color_opacity=\u00a0\u00bb1&Prime; column_backdrop_filter=\u00a0\u00bbnone\u00a0\u00bb column_shadow=\u00a0\u00bbnone\u00a0\u00bb column_border_radius=\u00a0\u00bbnone\u00a0\u00bb column_link_target=\u00a0\u00bb_self\u00a0\u00bb overflow=\u00a0\u00bbvisible\u00a0\u00bb gradient_direction=\u00a0\u00bbleft_to_right\u00a0\u00bb overlay_strength=\u00a0\u00bb0.3&Prime; width=\u00a0\u00bb1\/4&Prime; tablet_width_inherit=\u00a0\u00bbdefault\u00a0\u00bb animation_type=\u00a0\u00bbdefault\u00a0\u00bb bg_image_animation=\u00a0\u00bbnone\u00a0\u00bb border_type=\u00a0\u00bbsimple\u00a0\u00bb column_border_width=\u00a0\u00bbnone\u00a0\u00bb column_border_style=\u00a0\u00bbsolid\u00a0\u00bb column_padding_type=\u00a0\u00bbdefault\u00a0\u00bb gradient_type=\u00a0\u00bbdefault\u00a0\u00bb offset=\u00a0\u00bbvc_hidden-md vc_hidden-sm vc_hidden-xs\u00a0\u00bb][\/vc_column_inner][vc_column_inner column_padding=\u00a0\u00bbno-extra-padding\u00a0\u00bb column_padding_tablet=\u00a0\u00bbinherit\u00a0\u00bb column_padding_phone=\u00a0\u00bbinherit\u00a0\u00bb column_padding_position=\u00a0\u00bball\u00a0\u00bb column_element_direction_desktop=\u00a0\u00bbdefault\u00a0\u00bb column_element_spacing=\u00a0\u00bbdefault\u00a0\u00bb desktop_text_alignment=\u00a0\u00bbdefault\u00a0\u00bb tablet_text_alignment=\u00a0\u00bbdefault\u00a0\u00bb phone_text_alignment=\u00a0\u00bbdefault\u00a0\u00bb background_color=\u00a0\u00bb#e2836a\u00a0\u00bb background_color_opacity=\u00a0\u00bb1&Prime; background_hover_color_opacity=\u00a0\u00bb1&Prime; column_backdrop_filter=\u00a0\u00bbnone\u00a0\u00bb font_color=\u00a0\u00bb#ffffff\u00a0\u00bb column_shadow=\u00a0\u00bbnone\u00a0\u00bb column_border_radius=\u00a0\u00bbcustom\u00a0\u00bb top_left_border_radius=\u00a0\u00bb30&Prime; top_right_border_radius=\u00a0\u00bb30&Prime; bottom_right_border_radius=\u00a0\u00bb30&Prime; column_link_target=\u00a0\u00bb_self\u00a0\u00bb overflow=\u00a0\u00bbvisible\u00a0\u00bb el_class=\u00a0\u00bbrowCampHeader\u00a0\u00bb gradient_direction=\u00a0\u00bbleft_to_right\u00a0\u00bb overlay_strength=\u00a0\u00bb0.3&Prime; width=\u00a0\u00bb1\/4&Prime; tablet_width_inherit=\u00a0\u00bbdefault\u00a0\u00bb animation_type=\u00a0\u00bbdefault\u00a0\u00bb bg_image_animation=\u00a0\u00bbnone\u00a0\u00bb border_type=\u00a0\u00bbsimple\u00a0\u00bb column_border_width=\u00a0\u00bbnone\u00a0\u00bb column_border_style=\u00a0\u00bbsolid\u00a0\u00bb column_padding_type=\u00a0\u00bbdefault\u00a0\u00bb gradient_type=\u00a0\u00bbdefault\u00a0\u00bb offset=\u00a0\u00bbvc_col-lg-3 vc_col-md-6 vc_col-xs-12&Prime; column_link=\u00a0\u00bb\/summer-camp\/\u00a0\u00bb][vc_column_text css=\u00a0\u00bb\u00a0\u00bb text_direction=\u00a0\u00bbdefault\u00a0\u00bb]<strong>D\u00e9couvrez<\/strong> nos camps d&rsquo;\u00e9t\u00e9[\/vc_column_text][\/vc_column_inner][vc_column_inner column_padding=\u00a0\u00bbno-extra-padding\u00a0\u00bb column_padding_tablet=\u00a0\u00bbinherit\u00a0\u00bb column_padding_phone=\u00a0\u00bbinherit\u00a0\u00bb column_padding_position=\u00a0\u00bball\u00a0\u00bb column_element_direction_desktop=\u00a0\u00bbdefault\u00a0\u00bb column_element_spacing=\u00a0\u00bbdefault\u00a0\u00bb desktop_text_alignment=\u00a0\u00bbdefault\u00a0\u00bb tablet_text_alignment=\u00a0\u00bbdefault\u00a0\u00bb phone_text_alignment=\u00a0\u00bbdefault\u00a0\u00bb background_color=\u00a0\u00bb#e3c215&Prime; background_color_opacity=\u00a0\u00bb1&Prime; background_hover_color_opacity=\u00a0\u00bb1&Prime; column_backdrop_filter=\u00a0\u00bbnone\u00a0\u00bb font_color=\u00a0\u00bb#ffffff\u00a0\u00bb column_shadow=\u00a0\u00bbnone\u00a0\u00bb column_border_radius=\u00a0\u00bbcustom\u00a0\u00bb top_left_border_radius=\u00a0\u00bb30&Prime; top_right_border_radius=\u00a0\u00bb30&Prime; bottom_right_border_radius=\u00a0\u00bb30&Prime; column_link_target=\u00a0\u00bb_self\u00a0\u00bb overflow=\u00a0\u00bbvisible\u00a0\u00bb el_class=\u00a0\u00bbrowCampHeader\u00a0\u00bb gradient_direction=\u00a0\u00bbleft_to_right\u00a0\u00bb overlay_strength=\u00a0\u00bb0.3&Prime; width=\u00a0\u00bb1\/4&Prime; tablet_width_inherit=\u00a0\u00bbdefault\u00a0\u00bb animation_type=\u00a0\u00bbdefault\u00a0\u00bb bg_image_animation=\u00a0\u00bbnone\u00a0\u00bb border_type=\u00a0\u00bbsimple\u00a0\u00bb column_border_width=\u00a0\u00bbnone\u00a0\u00bb column_border_style=\u00a0\u00bbsolid\u00a0\u00bb column_padding_type=\u00a0\u00bbdefault\u00a0\u00bb gradient_type=\u00a0\u00bbdefault\u00a0\u00bb offset=\u00a0\u00bbvc_col-lg-3 vc_col-md-6 vc_col-xs-12&Prime; column_link=\u00a0\u00bb\/summer-camp\/check-availability\/\u00a0\u00bb][vc_column_text text_direction=\u00a0\u00bbdefault\u00a0\u00bb]<strong>V\u00e9rifier la<\/strong> disponibilit\u00e9[\/vc_column_text][\/vc_column_inner][vc_column_inner column_padding=\u00a0\u00bbno-extra-padding\u00a0\u00bb column_padding_tablet=\u00a0\u00bbinherit\u00a0\u00bb column_padding_phone=\u00a0\u00bbinherit\u00a0\u00bb column_padding_position=\u00a0\u00bball\u00a0\u00bb column_element_direction_desktop=\u00a0\u00bbdefault\u00a0\u00bb column_element_spacing=\u00a0\u00bbdefault\u00a0\u00bb desktop_text_alignment=\u00a0\u00bbdefault\u00a0\u00bb tablet_text_alignment=\u00a0\u00bbdefault\u00a0\u00bb phone_text_alignment=\u00a0\u00bbdefault\u00a0\u00bb background_color_opacity=\u00a0\u00bb1&Prime; background_hover_color_opacity=\u00a0\u00bb1&Prime; column_backdrop_filter=\u00a0\u00bbnone\u00a0\u00bb column_shadow=\u00a0\u00bbnone\u00a0\u00bb column_border_radius=\u00a0\u00bbnone\u00a0\u00bb column_link_target=\u00a0\u00bb_self\u00a0\u00bb overflow=\u00a0\u00bbvisible\u00a0\u00bb gradient_direction=\u00a0\u00bbleft_to_right\u00a0\u00bb overlay_strength=\u00a0\u00bb0.3&Prime; width=\u00a0\u00bb1\/4&Prime; tablet_width_inherit=\u00a0\u00bbdefault\u00a0\u00bb animation_type=\u00a0\u00bbdefault\u00a0\u00bb bg_image_animation=\u00a0\u00bbnone\u00a0\u00bb border_type=\u00a0\u00bbsimple\u00a0\u00bb column_border_width=\u00a0\u00bbnone\u00a0\u00bb column_border_style=\u00a0\u00bbsolid\u00a0\u00bb column_padding_type=\u00a0\u00bbdefault\u00a0\u00bb gradient_type=\u00a0\u00bbdefault\u00a0\u00bb offset=\u00a0\u00bbvc_hidden-md vc_hidden-sm vc_hidden-xs\u00a0\u00bb][\/vc_column_inner][\/vc_row_inner][vc_column_text css=\u00a0\u00bb\u00a0\u00bb text_direction=\u00a0\u00bbdefault\u00a0\u00bb]\n<h2>Pourquoi choisir une colonie de vacances pour enfants en Europe ?<\/h2>\n<p>L&rsquo;Europe est un tr\u00e9sor de beaut\u00e9 naturelle, d&rsquo;histoire et de diversit\u00e9 culturelle, ce qui en fait une destination id\u00e9ale pour les colonies de vacances pour enfants. Voici quelques bonnes raisons d&rsquo;envisager une colonie de vacances en Europe pour votre enfant : <\/p>\n<h3>Activit\u00e9s et aventures diverses<\/h3>\n<p>Les colonies de vacances europ\u00e9ennes offrent un large \u00e9ventail d&rsquo;activit\u00e9s qui r\u00e9pondent \u00e0 des int\u00e9r\u00eats vari\u00e9s. Des aventures en plein air comme la randonn\u00e9e, l&rsquo;escalade et les sports nautiques aux activit\u00e9s artistiques comme la peinture, la musique et le th\u00e9\u00e2tre, il y en a pour tous les enfants. Par exemple, les colonies de vacances en Suisse (Les Elfes International) sont r\u00e9put\u00e9es pour leurs activit\u00e9s de plein air dans le cadre magnifique des Alpes, tandis que les colonies de vacances en France proposent des ateliers culinaires et des excursions culturelles.  <\/p>\n<h3>Immersion culturelle<\/h3>\n<p>Une colonie de vacances en Europe offre une opportunit\u00e9 in\u00e9gal\u00e9e d&rsquo;immersion culturelle. Les enfants peuvent apprendre de nouvelles langues, explorer des sites historiques et interagir avec des camarades d&rsquo;horizons diff\u00e9rents. Cette exposition les aide \u00e0 d\u00e9velopper une perspective globale et \u00e0 mieux comprendre et appr\u00e9cier les diff\u00e9rentes cultures.  <\/p>\n<h3>Apprentissage des langues<\/h3>\n<p>De nombreuses colonies de vacances europ\u00e9ennes int\u00e8grent des cours de langue dans leurs programmes. Qu&rsquo;il s&rsquo;agisse d&rsquo;apprendre le fran\u00e7ais en France, l&rsquo;espagnol en Espagne ou l&rsquo;allemand en Allemagne, ces camps offrent un environnement immersif o\u00f9 les enfants peuvent pratiquer et am\u00e9liorer leurs comp\u00e9tences linguistiques quotidiennement. Aux Elfes International, les enfants peuvent choisir parmi une vari\u00e9t\u00e9 de cours de langues pour am\u00e9liorer leurs comp\u00e9tences.  <\/p>\n<h3>Croissance personnelle et ind\u00e9pendance<\/h3>\n<p>La participation \u00e0 une colonie de vacances pour enfants loin de chez eux encourage les enfants \u00e0 sortir de leur zone de confort, ce qui favorise l&rsquo;ind\u00e9pendance et la confiance en soi. Ils apprennent \u00e0 s&rsquo;orienter dans un nouvel environnement, \u00e0 prendre des d\u00e9cisions et \u00e0 nouer de nouvelles amiti\u00e9s, ce qui contribue \u00e0 leur \u00e9panouissement personnel. <\/p>\n<h2>Les meilleures destinations pour les colonies de vacances en Europe<\/h2>\n<h3>Suisse : aventure dans les Alpes<\/h3>\n<p>La Suisse est une destination de choix pour les colonies de vacances, connue pour ses paysages \u00e0 couper le souffle et ses programmes pleins d&rsquo;aventures. Des camps comme Les Elfes International \u00e0 Verbier proposent des activit\u00e9s telles que le VTT, l&rsquo;escalade et les sports nautiques, combin\u00e9es \u00e0 des cours de langue et \u00e0 des excursions culturelles. Les Alpes suisses offrent aux enfants un environnement magnifique et s\u00fbr, propice \u00e0 l&rsquo;exploration et \u00e0 l&rsquo;\u00e9panouissement.  <\/p>\n<h3>France : culture et cr\u00e9ativit\u00e9<\/h3>\n<p>La France propose des colonies de vacances qui allient immersion culturelle et activit\u00e9s cr\u00e9atives. Les enfants peuvent participer \u00e0 des camps dans la campagne pittoresque, o\u00f9 ils peuvent apprendre le fran\u00e7ais, participer \u00e0 des activit\u00e9s artistiques et artisanales et explorer des ch\u00e2teaux et des villages historiques. Dans les villes comme Paris, les colonies de vacances peuvent \u00eatre ax\u00e9es sur l&rsquo;art, la musique et le th\u00e9\u00e2tre, ce qui permet de vivre une exp\u00e9rience culturelle passionnante.  <\/p>\n<h3>Espagne : soleil, mer et sports<\/h3>\n<p>Le climat ensoleill\u00e9 et les belles plages de l&rsquo;Espagne en font une destination attrayante pour les colonies de vacances. Les colonies de vacances en Espagne proposent souvent des sports nautiques comme la voile, le kayak et la planche \u00e0 voile, ainsi que des cours d&rsquo;espagnol et des excursions culturelles. Que ce soit dans les r\u00e9gions c\u00f4ti\u00e8res ou \u00e0 la campagne, l&rsquo;Espagne offre un environnement vivant et enrichissant pour les enfants.  <\/p>\n<h3>Italie : histoire et aventure<\/h3>\n<p>L&rsquo;Italie est id\u00e9ale pour les enfants qui s&rsquo;int\u00e9ressent \u00e0 l&rsquo;histoire et \u00e0 l&rsquo;aventure. Les colonies de vacances comprennent souvent des visites de sites historiques, tels que les ruines de l&rsquo;Antiquit\u00e9 romaine et les monuments de la Renaissance. Outre les excursions culturelles, les enfants peuvent pratiquer des activit\u00e9s de plein air comme la randonn\u00e9e et le v\u00e9lo dans la campagne italienne.  <\/p>\n<h2>Pr\u00e9parer votre enfant \u00e0 une colonie de vacances en Europe<\/h2>\n<h3>Recherchez et choisissez le bon camp<\/h3>\n<p>Il est essentiel de choisir la bonne colonie de vacances. Tenez compte des centres d&rsquo;int\u00e9r\u00eat de votre enfant, du type d&rsquo;activit\u00e9s qu&rsquo;il aime et de la r\u00e9putation de la colonie. Recherchez les avis et les t\u00e9moignages d&rsquo;autres parents pour vous assurer que la colonie est bien organis\u00e9e et s\u00fbre. Pour une option r\u00e9put\u00e9e, pensez \u00e0 Les Elfes International, connu pour ses programmes complets et sa magnifique situation dans les Alpes suisses.   <\/p>\n<h3>Pr\u00e9parez intelligemment votre valise et incluez les \u00e9l\u00e9ments essentiels<\/h3>\n<p>Faire ses valises pour une colonie de vacances en Europe n\u00e9cessite une planification minutieuse. Voici quelques conseils adapt\u00e9s : <\/p>\n<ul>\n<li>V\u00eatements adapt\u00e9s aux conditions m\u00e9t\u00e9orologiques : pr\u00e9voyez plusieurs couches de v\u00eatements pour faire face aux diff\u00e9rentes conditions m\u00e9t\u00e9orologiques, y compris des v\u00eatements chauds pour les soir\u00e9es fra\u00eeches, des v\u00eatements de pluie et des tenues confortables pour les activit\u00e9s quotidiennes.<\/li>\n<li>\u00c9quipement sp\u00e9cifique \u00e0 l&rsquo;activit\u00e9 : selon les activit\u00e9s du camp, pr\u00e9voyez des maillots de bain pour les sports nautiques, des chaussures robustes pour les randonn\u00e9es et des v\u00eatements d\u00e9contract\u00e9s pour les excursions culturelles.<\/li>\n<li>Articles de toilette : n&rsquo;oubliez pas les articles de toilette, une bouteille d&rsquo;eau r\u00e9utilisable, de la cr\u00e8me solaire, un chapeau et un insectifuge pour assurer votre confort et votre s\u00e9curit\u00e9 lors des activit\u00e9s de plein air.<\/li>\n<li>Objets de confort : emportez quelques objets familiers de la maison, comme un livre pr\u00e9f\u00e9r\u00e9 ou un petit jouet, pour aider votre enfant \u00e0 se sentir plus \u00e0 l&rsquo;aise.<\/li>\n<\/ul>\n<h3>R\u00e9pondre aux pr\u00e9occupations en mati\u00e8re de sant\u00e9 et de s\u00e9curit\u00e9<\/h3>\n<p>Veillez \u00e0 ce que votre enfant soit \u00e0 jour dans ses vaccinations et \u00e0 ce qu&rsquo;il subisse un examen m\u00e9dical complet avant le camp. Informez le camp de toute condition m\u00e9dicale ou allergie et fournissez les m\u00e9dicaments n\u00e9cessaires avec des instructions claires. Assurez-vous que votre enfant comprend les mesures de s\u00e9curit\u00e9 de base, comme rester avec le groupe et signaler tout probl\u00e8me au personnel du camp.  <\/p>\n<h3>Encouragez une attitude positive<\/h3>\n<p>Aidez votre enfant \u00e0 aborder le camp avec une attitude positive. Encouragez-le \u00e0 s&rsquo;ouvrir \u00e0 de nouvelles exp\u00e9riences, \u00e0 se faire de nouveaux amis et \u00e0 participer activement \u00e0 toutes les activit\u00e9s. Discutez avec lui de ses \u00e9ventuelles inqui\u00e9tudes et rassurez-le en lui disant qu&rsquo;il est normal de se sentir un peu nerveux.  <\/p>\n<h2>Conclusion : l&rsquo;aventure d&rsquo;une vie<\/h2>\n<p>Une colonie de vacances pour enfants en Europe offre une opportunit\u00e9 incroyable d&rsquo;aventure, d&rsquo;apprentissage et d&rsquo;\u00e9panouissement personnel. En choisissant la bonne colonie, comme Les Elfes International, et en pr\u00e9parant votre enfant de mani\u00e8re ad\u00e9quate, vous pouvez vous assurer qu&rsquo;il vivra une exp\u00e9rience s\u00fbre et enrichissante. Les souvenirs et les amiti\u00e9s qu&rsquo;il nouera dureront toute sa vie et lui permettront d&rsquo;acqu\u00e9rir des comp\u00e9tences pr\u00e9cieuses et une vision plus large du monde.  [\/vc_column_text][\/vc_column][\/vc_row]\n","protected":false},"excerpt":{"rendered":"<p>[vc_row type=\u00a0\u00bbin_container\u00a0\u00bb full_screen_row_position=\u00a0\u00bbmiddle\u00a0\u00bb column_margin=\u00a0\u00bbdefault\u00a0\u00bb column_direction=\u00a0\u00bbdefault\u00a0\u00bb column_direction_tablet=\u00a0\u00bbdefault\u00a0\u00bb column_direction_phone=\u00a0\u00bbdefault\u00a0\u00bb scene_position=\u00a0\u00bbcenter\u00a0\u00bb text_color=\u00a0\u00bbdark\u00a0\u00bb text_align=\u00a0\u00bbleft\u00a0\u00bb row_border_radius=\u00a0\u00bbnone\u00a0\u00bb row_border_radius_applies=\u00a0\u00bbbg\u00a0\u00bb overflow=\u00a0\u00bbvisible\u00a0\u00bb overlay_strength=\u00a0\u00bb0.3&Prime; gradient_direction=\u00a0\u00bbleft_to_right\u00a0\u00bb shape_divider_position=\u00a0\u00bbbottom\u00a0\u00bb bg_image_animation=\u00a0\u00bbnone\u00a0\u00bb][vc_column column_padding=\u00a0\u00bbno-extra-padding\u00a0\u00bb column_padding_tablet=\u00a0\u00bbinherit\u00a0\u00bb column_padding_phone=\u00a0\u00bbinherit\u00a0\u00bb column_padding_position=\u00a0\u00bball\u00a0\u00bb column_element_direction_desktop=\u00a0\u00bbdefault\u00a0\u00bb column_element_spacing=\u00a0\u00bbdefault\u00a0\u00bb desktop_text_alignment=\u00a0\u00bbdefault\u00a0\u00bb tablet_text_alignment=\u00a0\u00bbdefault\u00a0\u00bb phone_text_alignment=\u00a0\u00bbdefault\u00a0\u00bb background_color_opacity=\u00a0\u00bb1&Prime; background_hover_color_opacity=\u00a0\u00bb1&Prime; column_backdrop_filter=\u00a0\u00bbnone\u00a0\u00bb column_shadow=\u00a0\u00bbnone\u00a0\u00bb&#8230;<\/p>\n","protected":false},"author":16,"featured_media":83051,"comment_status":"closed","ping_status":"open","sticky":false,"template":"","format":"standard","meta":{"_acf_changed":false,"inline_featured_image":false,"footnotes":""},"categories":[1372],"tags":[],"class_list":{"0":"post-95565","1":"post","2":"type-post","3":"status-publish","4":"format-standard","5":"has-post-thumbnail","7":"category-camp-dete"},"acf":[],"yoast_head":"<!-- This site is optimized with the Yoast SEO Premium plugin v24.2 (Yoast SEO v24.7) - https:\/\/yoast.com\/wordpress\/plugins\/seo\/ -->\n<title>Camp de vacances pour enfants en Europe : Une exp\u00e9rience inoubliable - Les Elfes International Camps Switzerland<\/title>\n<meta name=\"description\" content=\"D\u00e9couvrez les avantages et les principales destinations des colonies de vacances pour enfants en Europe. Apprenez \u00e0 pr\u00e9parer votre enfant \u00e0 une aventure inoubliable.\" \/>\n<meta name=\"robots\" content=\"index, follow, max-snippet:-1, max-image-preview:large, max-video-preview:-1\" \/>\n<link rel=\"canonical\" href=\"https:\/\/www.leselfes.com\/fr\/camp-de-vacances-pour-enfants-en-europe-une-experience-inoubliable\/\" \/>\n<meta property=\"og:locale\" content=\"fr_FR\" \/>\n<meta property=\"og:type\" content=\"article\" \/>\n<meta property=\"og:title\" content=\"Camp de vacances pour enfants en Europe : Une exp\u00e9rience inoubliable\" \/>\n<meta property=\"og:description\" content=\"D\u00e9couvrez les avantages et les principales destinations des colonies de vacances pour enfants en Europe. Apprenez \u00e0 pr\u00e9parer votre enfant \u00e0 une aventure inoubliable.\" \/>\n<meta property=\"og:url\" content=\"https:\/\/www.leselfes.com\/fr\/camp-de-vacances-pour-enfants-en-europe-une-experience-inoubliable\/\" \/>\n<meta property=\"og:site_name\" content=\"Les Elfes International Camps Switzerland\" \/>\n<meta property=\"article:publisher\" content=\"https:\/\/www.facebook.com\/LesElfesVerbier\" \/>\n<meta property=\"article:published_time\" content=\"2024-07-08T15:27:23+00:00\" \/>\n<meta property=\"article:modified_time\" content=\"2025-01-07T09:06:32+00:00\" \/>\n<meta property=\"og:image\" content=\"https:\/\/dev.leselfes.com\/wp-content\/uploads\/2024\/04\/53019741933_f2895cb407_o1.jpg\" \/>\n\t<meta property=\"og:image:width\" content=\"800\" \/>\n\t<meta property=\"og:image:height\" content=\"450\" \/>\n\t<meta property=\"og:image:type\" content=\"image\/jpeg\" \/>\n<meta name=\"author\" content=\"Matthieu Perard\" \/>\n<meta name=\"twitter:card\" content=\"summary_large_image\" \/>\n<meta name=\"twitter:creator\" content=\"@LesElfesCamps\" \/>\n<meta name=\"twitter:site\" content=\"@LesElfesCamps\" \/>\n<meta name=\"twitter:label1\" content=\"\u00c9crit par\" \/>\n\t<meta name=\"twitter:data1\" content=\"Matthieu Perard\" \/>\n\t<meta name=\"twitter:label2\" content=\"Dur\u00e9e de lecture estim\u00e9e\" \/>\n\t<meta name=\"twitter:data2\" content=\"10 minutes\" \/>\n<script type=\"application\/ld+json\" class=\"yoast-schema-graph\">{\"@context\":\"https:\/\/schema.org\",\"@graph\":[{\"@type\":\"Article\",\"@id\":\"https:\/\/www.leselfes.com\/fr\/camp-de-vacances-pour-enfants-en-europe-une-experience-inoubliable\/#article\",\"isPartOf\":{\"@id\":\"https:\/\/www.leselfes.com\/fr\/camp-de-vacances-pour-enfants-en-europe-une-experience-inoubliable\/\"},\"author\":{\"name\":\"Matthieu Perard\",\"@id\":\"https:\/\/dev.leselfes.com\/#\/schema\/person\/7ac5f99a7f3c597105fe663a00bdf6d6\"},\"headline\":\"Camp de vacances pour enfants en Europe : Une exp\u00e9rience inoubliable\",\"datePublished\":\"2024-07-08T15:27:23+00:00\",\"dateModified\":\"2025-01-07T09:06:32+00:00\",\"mainEntityOfPage\":{\"@id\":\"https:\/\/www.leselfes.com\/fr\/camp-de-vacances-pour-enfants-en-europe-une-experience-inoubliable\/\"},\"wordCount\":2064,\"publisher\":{\"@id\":\"https:\/\/dev.leselfes.com\/#organization\"},\"image\":{\"@id\":\"https:\/\/www.leselfes.com\/fr\/camp-de-vacances-pour-enfants-en-europe-une-experience-inoubliable\/#primaryimage\"},\"thumbnailUrl\":\"https:\/\/www.leselfes.com\/wp-content\/uploads\/2024\/04\/53019741933_f2895cb407_o1.jpg\",\"articleSection\":[\"Camp d'\u00e9t\u00e9\"],\"inLanguage\":\"fr-FR\"},{\"@type\":\"WebPage\",\"@id\":\"https:\/\/www.leselfes.com\/fr\/camp-de-vacances-pour-enfants-en-europe-une-experience-inoubliable\/\",\"url\":\"https:\/\/www.leselfes.com\/fr\/camp-de-vacances-pour-enfants-en-europe-une-experience-inoubliable\/\",\"name\":\"Camp de vacances pour enfants en Europe : Une exp\u00e9rience inoubliable - Les Elfes International Camps Switzerland\",\"isPartOf\":{\"@id\":\"https:\/\/dev.leselfes.com\/#website\"},\"primaryImageOfPage\":{\"@id\":\"https:\/\/www.leselfes.com\/fr\/camp-de-vacances-pour-enfants-en-europe-une-experience-inoubliable\/#primaryimage\"},\"image\":{\"@id\":\"https:\/\/www.leselfes.com\/fr\/camp-de-vacances-pour-enfants-en-europe-une-experience-inoubliable\/#primaryimage\"},\"thumbnailUrl\":\"https:\/\/www.leselfes.com\/wp-content\/uploads\/2024\/04\/53019741933_f2895cb407_o1.jpg\",\"datePublished\":\"2024-07-08T15:27:23+00:00\",\"dateModified\":\"2025-01-07T09:06:32+00:00\",\"description\":\"D\u00e9couvrez les avantages et les principales destinations des colonies de vacances pour enfants en Europe. Apprenez \u00e0 pr\u00e9parer votre enfant \u00e0 une aventure inoubliable.\",\"breadcrumb\":{\"@id\":\"https:\/\/www.leselfes.com\/fr\/camp-de-vacances-pour-enfants-en-europe-une-experience-inoubliable\/#breadcrumb\"},\"inLanguage\":\"fr-FR\",\"potentialAction\":[{\"@type\":\"ReadAction\",\"target\":[\"https:\/\/www.leselfes.com\/fr\/camp-de-vacances-pour-enfants-en-europe-une-experience-inoubliable\/\"]}]},{\"@type\":\"ImageObject\",\"inLanguage\":\"fr-FR\",\"@id\":\"https:\/\/www.leselfes.com\/fr\/camp-de-vacances-pour-enfants-en-europe-une-experience-inoubliable\/#primaryimage\",\"url\":\"https:\/\/www.leselfes.com\/wp-content\/uploads\/2024\/04\/53019741933_f2895cb407_o1.jpg\",\"contentUrl\":\"https:\/\/www.leselfes.com\/wp-content\/uploads\/2024\/04\/53019741933_f2895cb407_o1.jpg\",\"width\":800,\"height\":450},{\"@type\":\"BreadcrumbList\",\"@id\":\"https:\/\/www.leselfes.com\/fr\/camp-de-vacances-pour-enfants-en-europe-une-experience-inoubliable\/#breadcrumb\",\"itemListElement\":[{\"@type\":\"ListItem\",\"position\":1,\"name\":\"Home\",\"item\":\"https:\/\/www.leselfes.com\/fr\/\"},{\"@type\":\"ListItem\",\"position\":2,\"name\":\"Camp de vacances pour enfants en Europe : Une exp\u00e9rience inoubliable\"}]},{\"@type\":\"WebSite\",\"@id\":\"https:\/\/dev.leselfes.com\/#website\",\"url\":\"https:\/\/dev.leselfes.com\/\",\"name\":\"Les Elfes International\",\"description\":\"Les Elfes International, Verbier Switzerland. Summer Camp, Winter Camp, Spring Camps.\",\"publisher\":{\"@id\":\"https:\/\/dev.leselfes.com\/#organization\"},\"alternateName\":\"Les Elfes International\",\"potentialAction\":[{\"@type\":\"SearchAction\",\"target\":{\"@type\":\"EntryPoint\",\"urlTemplate\":\"https:\/\/dev.leselfes.com\/?s={search_term_string}\"},\"query-input\":{\"@type\":\"PropertyValueSpecification\",\"valueRequired\":true,\"valueName\":\"search_term_string\"}}],\"inLanguage\":\"fr-FR\"},{\"@type\":\"Organization\",\"@id\":\"https:\/\/dev.leselfes.com\/#organization\",\"name\":\"Les Elfes International\",\"alternateName\":\"Les Elfes International\",\"url\":\"https:\/\/dev.leselfes.com\/\",\"logo\":{\"@type\":\"ImageObject\",\"inLanguage\":\"fr-FR\",\"@id\":\"https:\/\/dev.leselfes.com\/#\/schema\/logo\/image\/\",\"url\":\"https:\/\/www.leselfes.com\/wp-content\/uploads\/2022\/03\/leselfes-logo.png\",\"contentUrl\":\"https:\/\/www.leselfes.com\/wp-content\/uploads\/2022\/03\/leselfes-logo.png\",\"width\":233,\"height\":51,\"caption\":\"Les Elfes International\"},\"image\":{\"@id\":\"https:\/\/dev.leselfes.com\/#\/schema\/logo\/image\/\"},\"sameAs\":[\"https:\/\/www.facebook.com\/LesElfesVerbier\",\"https:\/\/x.com\/LesElfesCamps\",\"https:\/\/www.instagram.com\/leselfes\",\"https:\/\/www.linkedin.com\/company\/les-elfes-international\",\"https:\/\/www.youtube.com\/user\/LesElfesVerbier\"]},{\"@type\":\"Person\",\"@id\":\"https:\/\/dev.leselfes.com\/#\/schema\/person\/7ac5f99a7f3c597105fe663a00bdf6d6\",\"name\":\"Matthieu Perard\",\"image\":{\"@type\":\"ImageObject\",\"inLanguage\":\"fr-FR\",\"@id\":\"https:\/\/dev.leselfes.com\/#\/schema\/person\/image\/\",\"url\":\"https:\/\/secure.gravatar.com\/avatar\/e368f5bd153d15a1ff42a4c64a46d1ef?s=96&d=mm&r=g\",\"contentUrl\":\"https:\/\/secure.gravatar.com\/avatar\/e368f5bd153d15a1ff42a4c64a46d1ef?s=96&d=mm&r=g\",\"caption\":\"Matthieu Perard\"},\"url\":\"https:\/\/www.leselfes.com\/fr\/author\/m-pierardnotostudio-ch\/\"}]}<\/script>\n<!-- \/ Yoast SEO Premium plugin. -->","yoast_head_json":{"title":"Camp de vacances pour enfants en Europe : Une exp\u00e9rience inoubliable - Les Elfes International Camps Switzerland","description":"D\u00e9couvrez les avantages et les principales destinations des colonies de vacances pour enfants en Europe. Apprenez \u00e0 pr\u00e9parer votre enfant \u00e0 une aventure inoubliable.","robots":{"index":"index","follow":"follow","max-snippet":"max-snippet:-1","max-image-preview":"max-image-preview:large","max-video-preview":"max-video-preview:-1"},"canonical":"https:\/\/www.leselfes.com\/fr\/camp-de-vacances-pour-enfants-en-europe-une-experience-inoubliable\/","og_locale":"fr_FR","og_type":"article","og_title":"Camp de vacances pour enfants en Europe : Une exp\u00e9rience inoubliable","og_description":"D\u00e9couvrez les avantages et les principales destinations des colonies de vacances pour enfants en Europe. Apprenez \u00e0 pr\u00e9parer votre enfant \u00e0 une aventure inoubliable.","og_url":"https:\/\/www.leselfes.com\/fr\/camp-de-vacances-pour-enfants-en-europe-une-experience-inoubliable\/","og_site_name":"Les Elfes International Camps Switzerland","article_publisher":"https:\/\/www.facebook.com\/LesElfesVerbier","article_published_time":"2024-07-08T15:27:23+00:00","article_modified_time":"2025-01-07T09:06:32+00:00","og_image":[{"width":800,"height":450,"url":"https:\/\/dev.leselfes.com\/wp-content\/uploads\/2024\/04\/53019741933_f2895cb407_o1.jpg","type":"image\/jpeg"}],"author":"Matthieu Perard","twitter_card":"summary_large_image","twitter_creator":"@LesElfesCamps","twitter_site":"@LesElfesCamps","twitter_misc":{"\u00c9crit par":"Matthieu Perard","Dur\u00e9e de lecture estim\u00e9e":"10 minutes"},"schema":{"@context":"https:\/\/schema.org","@graph":[{"@type":"Article","@id":"https:\/\/www.leselfes.com\/fr\/camp-de-vacances-pour-enfants-en-europe-une-experience-inoubliable\/#article","isPartOf":{"@id":"https:\/\/www.leselfes.com\/fr\/camp-de-vacances-pour-enfants-en-europe-une-experience-inoubliable\/"},"author":{"name":"Matthieu Perard","@id":"https:\/\/dev.leselfes.com\/#\/schema\/person\/7ac5f99a7f3c597105fe663a00bdf6d6"},"headline":"Camp de vacances pour enfants en Europe : Une exp\u00e9rience inoubliable","datePublished":"2024-07-08T15:27:23+00:00","dateModified":"2025-01-07T09:06:32+00:00","mainEntityOfPage":{"@id":"https:\/\/www.leselfes.com\/fr\/camp-de-vacances-pour-enfants-en-europe-une-experience-inoubliable\/"},"wordCount":2064,"publisher":{"@id":"https:\/\/dev.leselfes.com\/#organization"},"image":{"@id":"https:\/\/www.leselfes.com\/fr\/camp-de-vacances-pour-enfants-en-europe-une-experience-inoubliable\/#primaryimage"},"thumbnailUrl":"https:\/\/www.leselfes.com\/wp-content\/uploads\/2024\/04\/53019741933_f2895cb407_o1.jpg","articleSection":["Camp d'\u00e9t\u00e9"],"inLanguage":"fr-FR"},{"@type":"WebPage","@id":"https:\/\/www.leselfes.com\/fr\/camp-de-vacances-pour-enfants-en-europe-une-experience-inoubliable\/","url":"https:\/\/www.leselfes.com\/fr\/camp-de-vacances-pour-enfants-en-europe-une-experience-inoubliable\/","name":"Camp de vacances pour enfants en Europe : Une exp\u00e9rience inoubliable - Les Elfes International Camps Switzerland","isPartOf":{"@id":"https:\/\/dev.leselfes.com\/#website"},"primaryImageOfPage":{"@id":"https:\/\/www.leselfes.com\/fr\/camp-de-vacances-pour-enfants-en-europe-une-experience-inoubliable\/#primaryimage"},"image":{"@id":"https:\/\/www.leselfes.com\/fr\/camp-de-vacances-pour-enfants-en-europe-une-experience-inoubliable\/#primaryimage"},"thumbnailUrl":"https:\/\/www.leselfes.com\/wp-content\/uploads\/2024\/04\/53019741933_f2895cb407_o1.jpg","datePublished":"2024-07-08T15:27:23+00:00","dateModified":"2025-01-07T09:06:32+00:00","description":"D\u00e9couvrez les avantages et les principales destinations des colonies de vacances pour enfants en Europe. Apprenez \u00e0 pr\u00e9parer votre enfant \u00e0 une aventure inoubliable.","breadcrumb":{"@id":"https:\/\/www.leselfes.com\/fr\/camp-de-vacances-pour-enfants-en-europe-une-experience-inoubliable\/#breadcrumb"},"inLanguage":"fr-FR","potentialAction":[{"@type":"ReadAction","target":["https:\/\/www.leselfes.com\/fr\/camp-de-vacances-pour-enfants-en-europe-une-experience-inoubliable\/"]}]},{"@type":"ImageObject","inLanguage":"fr-FR","@id":"https:\/\/www.leselfes.com\/fr\/camp-de-vacances-pour-enfants-en-europe-une-experience-inoubliable\/#primaryimage","url":"https:\/\/www.leselfes.com\/wp-content\/uploads\/2024\/04\/53019741933_f2895cb407_o1.jpg","contentUrl":"https:\/\/www.leselfes.com\/wp-content\/uploads\/2024\/04\/53019741933_f2895cb407_o1.jpg","width":800,"height":450},{"@type":"BreadcrumbList","@id":"https:\/\/www.leselfes.com\/fr\/camp-de-vacances-pour-enfants-en-europe-une-experience-inoubliable\/#breadcrumb","itemListElement":[{"@type":"ListItem","position":1,"name":"Home","item":"https:\/\/www.leselfes.com\/fr\/"},{"@type":"ListItem","position":2,"name":"Camp de vacances pour enfants en Europe : Une exp\u00e9rience inoubliable"}]},{"@type":"WebSite","@id":"https:\/\/dev.leselfes.com\/#website","url":"https:\/\/dev.leselfes.com\/","name":"Les Elfes International","description":"Les Elfes International, Verbier Switzerland. Summer Camp, Winter Camp, Spring Camps.","publisher":{"@id":"https:\/\/dev.leselfes.com\/#organization"},"alternateName":"Les Elfes International","potentialAction":[{"@type":"SearchAction","target":{"@type":"EntryPoint","urlTemplate":"https:\/\/dev.leselfes.com\/?s={search_term_string}"},"query-input":{"@type":"PropertyValueSpecification","valueRequired":true,"valueName":"search_term_string"}}],"inLanguage":"fr-FR"},{"@type":"Organization","@id":"https:\/\/dev.leselfes.com\/#organization","name":"Les Elfes International","alternateName":"Les Elfes International","url":"https:\/\/dev.leselfes.com\/","logo":{"@type":"ImageObject","inLanguage":"fr-FR","@id":"https:\/\/dev.leselfes.com\/#\/schema\/logo\/image\/","url":"https:\/\/www.leselfes.com\/wp-content\/uploads\/2022\/03\/leselfes-logo.png","contentUrl":"https:\/\/www.leselfes.com\/wp-content\/uploads\/2022\/03\/leselfes-logo.png","width":233,"height":51,"caption":"Les Elfes International"},"image":{"@id":"https:\/\/dev.leselfes.com\/#\/schema\/logo\/image\/"},"sameAs":["https:\/\/www.facebook.com\/LesElfesVerbier","https:\/\/x.com\/LesElfesCamps","https:\/\/www.instagram.com\/leselfes","https:\/\/www.linkedin.com\/company\/les-elfes-international","https:\/\/www.youtube.com\/user\/LesElfesVerbier"]},{"@type":"Person","@id":"https:\/\/dev.leselfes.com\/#\/schema\/person\/7ac5f99a7f3c597105fe663a00bdf6d6","name":"Matthieu Perard","image":{"@type":"ImageObject","inLanguage":"fr-FR","@id":"https:\/\/dev.leselfes.com\/#\/schema\/person\/image\/","url":"https:\/\/secure.gravatar.com\/avatar\/e368f5bd153d15a1ff42a4c64a46d1ef?s=96&d=mm&r=g","contentUrl":"https:\/\/secure.gravatar.com\/avatar\/e368f5bd153d15a1ff42a4c64a46d1ef?s=96&d=mm&r=g","caption":"Matthieu Perard"},"url":"https:\/\/www.leselfes.com\/fr\/author\/m-pierardnotostudio-ch\/"}]}},"_links":{"self":[{"href":"https:\/\/www.leselfes.com\/fr\/wp-json\/wp\/v2\/posts\/95565"}],"collection":[{"href":"https:\/\/www.leselfes.com\/fr\/wp-json\/wp\/v2\/posts"}],"about":[{"href":"https:\/\/www.leselfes.com\/fr\/wp-json\/wp\/v2\/types\/post"}],"author":[{"embeddable":true,"href":"https:\/\/www.leselfes.com\/fr\/wp-json\/wp\/v2\/users\/16"}],"replies":[{"embeddable":true,"href":"https:\/\/www.leselfes.com\/fr\/wp-json\/wp\/v2\/comments?post=95565"}],"version-history":[{"count":0,"href":"https:\/\/www.leselfes.com\/fr\/wp-json\/wp\/v2\/posts\/95565\/revisions"}],"wp:featuredmedia":[{"embeddable":true,"href":"https:\/\/www.leselfes.com\/fr\/wp-json\/wp\/v2\/media\/83051"}],"wp:attachment":[{"href":"https:\/\/www.leselfes.com\/fr\/wp-json\/wp\/v2\/media?parent=95565"}],"wp:term":[{"taxonomy":"category","embeddable":true,"href":"https:\/\/www.leselfes.com\/fr\/wp-json\/wp\/v2\/categories?post=95565"},{"taxonomy":"post_tag","embeddable":true,"href":"https:\/\/www.leselfes.com\/fr\/wp-json\/wp\/v2\/tags?post=95565"}],"curies":[{"name":"wp","href":"https:\/\/api.w.org\/{rel}","templated":true}]}}