{"id":95597,"date":"2024-07-02T17:05:55","date_gmt":"2024-07-02T15:05:55","guid":{"rendered":"https:\/\/www.leselfes.com\/decouvrez-les-meilleurs-camps-dete-et-les-meilleures-activites-pour-les-enfants-et-les-adolescents-a-verbier-en-suisse-cet-ete\/"},"modified":"2025-01-07T10:06:27","modified_gmt":"2025-01-07T09:06:27","slug":"decouvrez-les-meilleurs-camps-dete-et-les-meilleures-activites-pour-les-enfants-et-les-adolescents-a-verbier-en-suisse-cet-ete","status":"publish","type":"post","link":"https:\/\/www.leselfes.com\/fr\/decouvrez-les-meilleurs-camps-dete-et-les-meilleures-activites-pour-les-enfants-et-les-adolescents-a-verbier-en-suisse-cet-ete\/","title":{"rendered":"D\u00e9couvrez les meilleurs camps d&rsquo;\u00e9t\u00e9 et les meilleures activit\u00e9s pour les enfants et les adolescents \u00e0 Verbier, en Suisse, cet \u00e9t\u00e9."},"content":{"rendered":"[vc_row type=\u00a0\u00bbin_container\u00a0\u00bb full_screen_row_position=\u00a0\u00bbmiddle\u00a0\u00bb column_margin=\u00a0\u00bbdefault\u00a0\u00bb column_direction=\u00a0\u00bbdefault\u00a0\u00bb column_direction_tablet=\u00a0\u00bbdefault\u00a0\u00bb column_direction_phone=\u00a0\u00bbdefault\u00a0\u00bb scene_position=\u00a0\u00bbcenter\u00a0\u00bb text_color=\u00a0\u00bbdark\u00a0\u00bb text_align=\u00a0\u00bbleft\u00a0\u00bb row_border_radius=\u00a0\u00bbnone\u00a0\u00bb row_border_radius_applies=\u00a0\u00bbbg\u00a0\u00bb overflow=\u00a0\u00bbvisible\u00a0\u00bb overlay_strength=\u00a0\u00bb0.3&Prime; gradient_direction=\u00a0\u00bbleft_to_right\u00a0\u00bb shape_divider_position=\u00a0\u00bbbottom\u00a0\u00bb bg_image_animation=\u00a0\u00bbnone\u00a0\u00bb][vc_column column_padding=\u00a0\u00bbno-extra-padding\u00a0\u00bb column_padding_tablet=\u00a0\u00bbinherit\u00a0\u00bb column_padding_phone=\u00a0\u00bbinherit\u00a0\u00bb column_padding_position=\u00a0\u00bball\u00a0\u00bb column_element_direction_desktop=\u00a0\u00bbdefault\u00a0\u00bb column_element_spacing=\u00a0\u00bbdefault\u00a0\u00bb desktop_text_alignment=\u00a0\u00bbdefault\u00a0\u00bb tablet_text_alignment=\u00a0\u00bbdefault\u00a0\u00bb phone_text_alignment=\u00a0\u00bbdefault\u00a0\u00bb background_color_opacity=\u00a0\u00bb1&Prime; background_hover_color_opacity=\u00a0\u00bb1&Prime; column_backdrop_filter=\u00a0\u00bbnone\u00a0\u00bb column_shadow=\u00a0\u00bbnone\u00a0\u00bb column_border_radius=\u00a0\u00bbnone\u00a0\u00bb column_link_target=\u00a0\u00bb_self\u00a0\u00bb column_position=\u00a0\u00bbdefault\u00a0\u00bb gradient_direction=\u00a0\u00bbleft_to_right\u00a0\u00bb overlay_strength=\u00a0\u00bb0.3&Prime; width=\u00a0\u00bb1\/1&Prime; tablet_width_inherit=\u00a0\u00bbdefault\u00a0\u00bb animation_type=\u00a0\u00bbdefault\u00a0\u00bb bg_image_animation=\u00a0\u00bbnone\u00a0\u00bb border_type=\u00a0\u00bbsimple\u00a0\u00bb column_border_width=\u00a0\u00bbnone\u00a0\u00bb column_border_style=\u00a0\u00bbsolid\u00a0\u00bb][vc_column_text css=\u00a0\u00bb\u00a0\u00bb text_direction=\u00a0\u00bbdefault\u00a0\u00bb]Nich\u00e9 au c\u0153ur de l&rsquo;Europe, Verbier, en Suisse, est un paradis estival pour les familles en qu\u00eate d&rsquo;aventure, de d\u00e9tente et d&rsquo;exp\u00e9riences inoubliables.<br \/>\nCe village alpin pittoresque est la destination ultime pour les familles, offrant une myriade d&rsquo;activit\u00e9s qui captiveront les enfants comme les adolescents.<br \/>\nDes aventures de plein air palpitantes aux exp\u00e9riences culturelles enrichissantes, voici les meilleures choses \u00e0 faire avec les enfants et les adolescents \u00e0 Verbier, en Suisse, cet \u00e9t\u00e9.[\/vc_column_text][vc_row_inner equal_height=\u00a0\u00bbyes\u00a0\u00bb content_placement=\u00a0\u00bbmiddle\u00a0\u00bb column_margin=\u00a0\u00bb100px\u00a0\u00bb column_direction=\u00a0\u00bbdefault\u00a0\u00bb column_direction_tablet=\u00a0\u00bbdefault\u00a0\u00bb column_direction_phone=\u00a0\u00bbdefault\u00a0\u00bb text_align=\u00a0\u00bbleft\u00a0\u00bb row_position=\u00a0\u00bbdefault\u00a0\u00bb row_position_tablet=\u00a0\u00bbinherit\u00a0\u00bb row_position_phone=\u00a0\u00bbinherit\u00a0\u00bb overflow=\u00a0\u00bbvisible\u00a0\u00bb pointer_events=\u00a0\u00bball\u00a0\u00bb class=\u00a0\u00bbflexGoBottom\u00a0\u00bb][vc_column_inner column_padding=\u00a0\u00bbno-extra-padding\u00a0\u00bb column_padding_tablet=\u00a0\u00bbinherit\u00a0\u00bb column_padding_phone=\u00a0\u00bbinherit\u00a0\u00bb column_padding_position=\u00a0\u00bball\u00a0\u00bb column_element_direction_desktop=\u00a0\u00bbdefault\u00a0\u00bb column_element_spacing=\u00a0\u00bbdefault\u00a0\u00bb desktop_text_alignment=\u00a0\u00bbdefault\u00a0\u00bb tablet_text_alignment=\u00a0\u00bbdefault\u00a0\u00bb phone_text_alignment=\u00a0\u00bbdefault\u00a0\u00bb background_color_opacity=\u00a0\u00bb1&Prime; background_hover_color_opacity=\u00a0\u00bb1&Prime; column_backdrop_filter=\u00a0\u00bbnone\u00a0\u00bb column_shadow=\u00a0\u00bbnone\u00a0\u00bb column_border_radius=\u00a0\u00bbnone\u00a0\u00bb column_link_target=\u00a0\u00bb_self\u00a0\u00bb overflow=\u00a0\u00bbvisible\u00a0\u00bb gradient_direction=\u00a0\u00bbleft_to_right\u00a0\u00bb overlay_strength=\u00a0\u00bb0.3&Prime; width=\u00a0\u00bb1\/4&Prime; tablet_width_inherit=\u00a0\u00bbdefault\u00a0\u00bb animation_type=\u00a0\u00bbdefault\u00a0\u00bb bg_image_animation=\u00a0\u00bbnone\u00a0\u00bb border_type=\u00a0\u00bbsimple\u00a0\u00bb column_border_width=\u00a0\u00bbnone\u00a0\u00bb column_border_style=\u00a0\u00bbsolid\u00a0\u00bb column_padding_type=\u00a0\u00bbdefault\u00a0\u00bb gradient_type=\u00a0\u00bbdefault\u00a0\u00bb offset=\u00a0\u00bbvc_hidden-md vc_hidden-sm vc_hidden-xs\u00a0\u00bb][\/vc_column_inner][vc_column_inner column_padding=\u00a0\u00bbno-extra-padding\u00a0\u00bb column_padding_tablet=\u00a0\u00bbinherit\u00a0\u00bb column_padding_phone=\u00a0\u00bbinherit\u00a0\u00bb column_padding_position=\u00a0\u00bball\u00a0\u00bb column_element_direction_desktop=\u00a0\u00bbdefault\u00a0\u00bb column_element_spacing=\u00a0\u00bbdefault\u00a0\u00bb desktop_text_alignment=\u00a0\u00bbdefault\u00a0\u00bb tablet_text_alignment=\u00a0\u00bbdefault\u00a0\u00bb phone_text_alignment=\u00a0\u00bbdefault\u00a0\u00bb background_color=\u00a0\u00bb#e2836a\u00a0\u00bb background_color_opacity=\u00a0\u00bb1&Prime; background_hover_color_opacity=\u00a0\u00bb1&Prime; column_backdrop_filter=\u00a0\u00bbnone\u00a0\u00bb font_color=\u00a0\u00bb#ffffff\u00a0\u00bb column_shadow=\u00a0\u00bbnone\u00a0\u00bb column_border_radius=\u00a0\u00bbcustom\u00a0\u00bb top_left_border_radius=\u00a0\u00bb30&Prime; top_right_border_radius=\u00a0\u00bb30&Prime; bottom_right_border_radius=\u00a0\u00bb30&Prime; column_link_target=\u00a0\u00bb_self\u00a0\u00bb overflow=\u00a0\u00bbvisible\u00a0\u00bb el_class=\u00a0\u00bbrowCampHeader\u00a0\u00bb gradient_direction=\u00a0\u00bbleft_to_right\u00a0\u00bb overlay_strength=\u00a0\u00bb0.3&Prime; width=\u00a0\u00bb1\/4&Prime; tablet_width_inherit=\u00a0\u00bbdefault\u00a0\u00bb animation_type=\u00a0\u00bbdefault\u00a0\u00bb bg_image_animation=\u00a0\u00bbnone\u00a0\u00bb border_type=\u00a0\u00bbsimple\u00a0\u00bb column_border_width=\u00a0\u00bbnone\u00a0\u00bb column_border_style=\u00a0\u00bbsolid\u00a0\u00bb column_padding_type=\u00a0\u00bbdefault\u00a0\u00bb gradient_type=\u00a0\u00bbdefault\u00a0\u00bb offset=\u00a0\u00bbvc_col-lg-3 vc_col-md-6 vc_col-xs-12&Prime; column_link=\u00a0\u00bb\/summer-camp\/\u00a0\u00bb][vc_column_text css=\u00a0\u00bb\u00a0\u00bb text_direction=\u00a0\u00bbdefault\u00a0\u00bb]<strong>D\u00e9couvrez<\/strong> nos camps d&rsquo;\u00e9t\u00e9[\/vc_column_text][\/vc_column_inner][vc_column_inner column_padding=\u00a0\u00bbno-extra-padding\u00a0\u00bb column_padding_tablet=\u00a0\u00bbinherit\u00a0\u00bb column_padding_phone=\u00a0\u00bbinherit\u00a0\u00bb column_padding_position=\u00a0\u00bball\u00a0\u00bb column_element_direction_desktop=\u00a0\u00bbdefault\u00a0\u00bb column_element_spacing=\u00a0\u00bbdefault\u00a0\u00bb desktop_text_alignment=\u00a0\u00bbdefault\u00a0\u00bb tablet_text_alignment=\u00a0\u00bbdefault\u00a0\u00bb phone_text_alignment=\u00a0\u00bbdefault\u00a0\u00bb background_color=\u00a0\u00bb#e3c215&Prime; background_color_opacity=\u00a0\u00bb1&Prime; background_hover_color_opacity=\u00a0\u00bb1&Prime; column_backdrop_filter=\u00a0\u00bbnone\u00a0\u00bb font_color=\u00a0\u00bb#ffffff\u00a0\u00bb column_shadow=\u00a0\u00bbnone\u00a0\u00bb column_border_radius=\u00a0\u00bbcustom\u00a0\u00bb top_left_border_radius=\u00a0\u00bb30&Prime; top_right_border_radius=\u00a0\u00bb30&Prime; bottom_right_border_radius=\u00a0\u00bb30&Prime; column_link_target=\u00a0\u00bb_self\u00a0\u00bb overflow=\u00a0\u00bbvisible\u00a0\u00bb el_class=\u00a0\u00bbrowCampHeader\u00a0\u00bb gradient_direction=\u00a0\u00bbleft_to_right\u00a0\u00bb overlay_strength=\u00a0\u00bb0.3&Prime; width=\u00a0\u00bb1\/4&Prime; tablet_width_inherit=\u00a0\u00bbdefault\u00a0\u00bb animation_type=\u00a0\u00bbdefault\u00a0\u00bb bg_image_animation=\u00a0\u00bbnone\u00a0\u00bb border_type=\u00a0\u00bbsimple\u00a0\u00bb column_border_width=\u00a0\u00bbnone\u00a0\u00bb column_border_style=\u00a0\u00bbsolid\u00a0\u00bb column_padding_type=\u00a0\u00bbdefault\u00a0\u00bb gradient_type=\u00a0\u00bbdefault\u00a0\u00bb offset=\u00a0\u00bbvc_col-lg-3 vc_col-md-6 vc_col-xs-12&Prime; column_link=\u00a0\u00bb\/summer-camp\/check-availability\/\u00a0\u00bb][vc_column_text text_direction=\u00a0\u00bbdefault\u00a0\u00bb]<strong>V\u00e9rifier la<\/strong> disponibilit\u00e9[\/vc_column_text][\/vc_column_inner][vc_column_inner column_padding=\u00a0\u00bbno-extra-padding\u00a0\u00bb column_padding_tablet=\u00a0\u00bbinherit\u00a0\u00bb column_padding_phone=\u00a0\u00bbinherit\u00a0\u00bb column_padding_position=\u00a0\u00bball\u00a0\u00bb column_element_direction_desktop=\u00a0\u00bbdefault\u00a0\u00bb column_element_spacing=\u00a0\u00bbdefault\u00a0\u00bb desktop_text_alignment=\u00a0\u00bbdefault\u00a0\u00bb tablet_text_alignment=\u00a0\u00bbdefault\u00a0\u00bb phone_text_alignment=\u00a0\u00bbdefault\u00a0\u00bb background_color_opacity=\u00a0\u00bb1&Prime; background_hover_color_opacity=\u00a0\u00bb1&Prime; column_backdrop_filter=\u00a0\u00bbnone\u00a0\u00bb column_shadow=\u00a0\u00bbnone\u00a0\u00bb column_border_radius=\u00a0\u00bbnone\u00a0\u00bb column_link_target=\u00a0\u00bb_self\u00a0\u00bb overflow=\u00a0\u00bbvisible\u00a0\u00bb gradient_direction=\u00a0\u00bbleft_to_right\u00a0\u00bb overlay_strength=\u00a0\u00bb0.3&Prime; width=\u00a0\u00bb1\/4&Prime; tablet_width_inherit=\u00a0\u00bbdefault\u00a0\u00bb animation_type=\u00a0\u00bbdefault\u00a0\u00bb bg_image_animation=\u00a0\u00bbnone\u00a0\u00bb border_type=\u00a0\u00bbsimple\u00a0\u00bb column_border_width=\u00a0\u00bbnone\u00a0\u00bb column_border_style=\u00a0\u00bbsolid\u00a0\u00bb column_padding_type=\u00a0\u00bbdefault\u00a0\u00bb gradient_type=\u00a0\u00bbdefault\u00a0\u00bb offset=\u00a0\u00bbvc_hidden-md vc_hidden-sm vc_hidden-xs\u00a0\u00bb][\/vc_column_inner][\/vc_row_inner][vc_column_text css=\u00a0\u00bb\u00a0\u00bb text_direction=\u00a0\u00bbdefault\u00a0\u00bb]\n<h2>Camps d&rsquo;\u00e9t\u00e9 aux Elfes International : Le meilleur camp de vacances en Suisse<\/h2>\n<p>Les Elfes International est l&rsquo;un des camps d&rsquo;\u00e9t\u00e9 les plus r\u00e9put\u00e9s de Suisse. Ce camp d&rsquo;\u00e9t\u00e9 complet pour les enfants \u00e2g\u00e9s de 6 \u00e0 17 ans offre un m\u00e9lange exceptionnel de sports, de cours de langues, d&rsquo;activit\u00e9s cr\u00e9atives et d&rsquo;excursions culturelles. Les Elfes, l&rsquo;un des meilleurs camps d&rsquo;\u00e9t\u00e9 d&rsquo;Europe, veille \u00e0 ce que les participants soient constamment occup\u00e9s, apprennent et se fassent des amis pour la vie. Les activit\u00e9s comprennent le VTT, l&rsquo;escalade et les sports nautiques, toutes supervis\u00e9es par des instructeurs exp\u00e9riment\u00e9s. En outre, les enfants am\u00e9liorent leurs comp\u00e9tences linguistiques gr\u00e2ce \u00e0 des cours de fran\u00e7ais, d&rsquo;anglais, d&rsquo;espagnol, d&rsquo;allemand et de mandarin, dispens\u00e9s \u00e0 raison de 8 heures par semaine.    <\/p>\n<h3>Aventures en VTT<\/h3>\n<p>Verbier est un paradis du VTT avec des pistes adapt\u00e9es \u00e0 tous les niveaux. Le Verbier Bike Park propose des itin\u00e9raires allant des pistes familiales douces aux pistes de descente difficiles. Les familles peuvent louer des v\u00e9los ou des v\u00e9los \u00e9lectriques et des \u00e9quipements de protection dans les magasins locaux, puis se lancer dans une randonn\u00e9e \u00e0 travers les magnifiques paysages alpins.  <\/p>\n<h3>Aventures de randonn\u00e9e pour tous les \u00e2ges<\/h3>\n<p>La randonn\u00e9e \u00e0 Verbier est une activit\u00e9 incontournable, avec des sentiers qui conviennent \u00e0 tous les \u00e2ges et \u00e0 tous les niveaux de forme. Le Sentier des Sens, un sentier \u00e9ducatif, est parfait pour les familles. Il propose des stations interactives qui sensibilisent les enfants \u00e0 la flore et \u00e0 la faune locales. Pour une randonn\u00e9e plus exigeante, aventurez-vous au sommet du Mont Fort pour des vues panoramiques qui laisseront tout le monde bouche b\u00e9e.  <\/p>\n<h3>Exp\u00e9rience palpitante de la via ferrata<\/h3>\n<p>Pour les amateurs de sensations fortes, la Via Ferrata offre une exp\u00e9rience d&rsquo;escalade unique sur des itin\u00e9raires fixes avec des c\u00e2bles, des \u00e9chelles et des ponts. Cette activit\u00e9 est id\u00e9ale pour les enfants plus \u00e2g\u00e9s et les adolescents qui recherchent une mont\u00e9e d&rsquo;adr\u00e9naline et un sentiment d&rsquo;accomplissement \u00e0 la fin de l&rsquo;ascension. <\/p>\n<h3>Randonn\u00e9es \u00e0 cheval dans des paysages pittoresques<\/h3>\n<p>Explorez Verbier \u00e0 cheval gr\u00e2ce \u00e0 des visites guid\u00e9es qui s&rsquo;adressent aussi bien aux d\u00e9butants qu&rsquo;aux cavaliers exp\u00e9riment\u00e9s. En parcourant les sentiers pittoresques, vous d\u00e9couvrirez la beaut\u00e9 naturelle de la r\u00e9gion et vivrez une exp\u00e9rience m\u00e9morable pour toute la famille. <\/p>\n<h3>Aventures passionnantes en parapente<\/h3>\n<p>Offrez \u00e0 vos adolescents l&rsquo;aventure ultime en vous inscrivant \u00e0 un vol en tandem en parapente. Envolez-vous au-dessus des montagnes et des vall\u00e9es et admirez les vues \u00e9poustouflantes d&rsquo;un point de vue a\u00e9rien. Cette exp\u00e9rience passionnante est r\u00e9alis\u00e9e en toute s\u00e9curit\u00e9 par des pilotes professionnels, ce qui vous garantit un vol m\u00e9morable et s\u00fbr.  <\/p>\n<h3>Pique-niques et barbecues en famille au lac des Vaux<\/h3>\n<p>Les magnifiques espaces ext\u00e9rieurs de Verbier sont parfaits pour les pique-niques et les barbecues en famille. Les environs du lac des Vaux sont tr\u00e8s appr\u00e9ci\u00e9s, car ils offrent des vues sur le lac et de vastes espaces de jeu pour les enfants. Pr\u00e9parez un pique-nique ou utilisez l&rsquo;un des barbecues disponibles pour profiter d&rsquo;un repas familial relaxant dans la nature.  <\/p>\n<h3>D\u00e9couvrez le parc de sculptures 3D de Verbier<\/h3>\n<p>Promenez-vous tranquillement dans le Verbier 3-D Sculpture Park, o\u00f9 l&rsquo;art contemporain rencontre la nature. Le parc pr\u00e9sente une vari\u00e9t\u00e9 de sculptures d&rsquo;artistes internationaux, dans un d\u00e9cor alpin \u00e9poustouflant. Cette galerie en plein air est \u00e0 la fois \u00e9ducative et visuellement stimulante, ce qui en fait un succ\u00e8s aupr\u00e8s des enfants plus \u00e2g\u00e9s et des adolescents.  <\/p>\n<h3>Explorez le Mont Fort<\/h3>\n<p>La mont\u00e9e en t\u00e9l\u00e9ph\u00e9rique du Mont Fort est un must pour les familles qui visitent Verbier. \u00c0 une altitude de 3 330 m\u00e8tres, le Mont Fort offre une vue incomparable sur le Cervin, le Mont Blanc et d&rsquo;autres sommets embl\u00e9matiques. Le trajet en t\u00e9l\u00e9ph\u00e9rique est une exp\u00e9rience passionnante et le sommet offre des possibilit\u00e9s de randonn\u00e9e et de photographie.  <\/p>\n<h3>Sports nautiques au lac L\u00e9man<\/h3>\n<p>Faites 50 minutes de route pour vous rendre au Bouveret, le village le plus proche du lac L\u00e9man, et rafra\u00eechissez-vous en visitant le lac. Nagez, faites du kayak, des promenades en bateau banane et du paddleboard. Les eaux cristallines du lac et son environnement pittoresque en font un lieu id\u00e9al pour des activit\u00e9s nautiques qui plairont \u00e0 toute la famille.  <\/p>\n<h3>\u00c9v\u00e9nements et festivals locaux<\/h3>\n<p>Verbier accueille de nombreux \u00e9v\u00e9nements et festivals tout au long de l&rsquo;\u00e9t\u00e9. Des festivals de musique aux f\u00eates traditionnelles suisses, il se passe toujours quelque chose. Consultez le calendrier des \u00e9v\u00e9nements locaux pour savoir ce qui se passe pendant votre visite et plongez votre famille dans la culture locale.  <\/p>\n<h2>Conclusion : La destination estivale id\u00e9ale pour les familles<\/h2>\n<p>Verbier, en Suisse, offre une multitude d&rsquo;activit\u00e9s destin\u00e9es aux enfants et aux adolescents, ce qui en fait une destination estivale id\u00e9ale pour les familles. Que votre famille aime les aventures riches en adr\u00e9naline ou qu&rsquo;elle pr\u00e9f\u00e8re se d\u00e9tendre dans la nature, Verbier a quelque chose \u00e0 offrir \u00e0 tout le monde. Ne manquez pas l&rsquo;occasion de cr\u00e9er des souvenirs inoubliables avec vos proches cet \u00e9t\u00e9 dans ce paradis alpin.[\/vc_column_text][\/vc_column][\/vc_row]\n","protected":false},"excerpt":{"rendered":"<p>[vc_row type=\u00a0\u00bbin_container\u00a0\u00bb full_screen_row_position=\u00a0\u00bbmiddle\u00a0\u00bb column_margin=\u00a0\u00bbdefault\u00a0\u00bb column_direction=\u00a0\u00bbdefault\u00a0\u00bb column_direction_tablet=\u00a0\u00bbdefault\u00a0\u00bb column_direction_phone=\u00a0\u00bbdefault\u00a0\u00bb scene_position=\u00a0\u00bbcenter\u00a0\u00bb text_color=\u00a0\u00bbdark\u00a0\u00bb text_align=\u00a0\u00bbleft\u00a0\u00bb row_border_radius=\u00a0\u00bbnone\u00a0\u00bb row_border_radius_applies=\u00a0\u00bbbg\u00a0\u00bb overflow=\u00a0\u00bbvisible\u00a0\u00bb overlay_strength=\u00a0\u00bb0.3&Prime; gradient_direction=\u00a0\u00bbleft_to_right\u00a0\u00bb shape_divider_position=\u00a0\u00bbbottom\u00a0\u00bb bg_image_animation=\u00a0\u00bbnone\u00a0\u00bb][vc_column column_padding=\u00a0\u00bbno-extra-padding\u00a0\u00bb column_padding_tablet=\u00a0\u00bbinherit\u00a0\u00bb column_padding_phone=\u00a0\u00bbinherit\u00a0\u00bb column_padding_position=\u00a0\u00bball\u00a0\u00bb column_element_direction_desktop=\u00a0\u00bbdefault\u00a0\u00bb column_element_spacing=\u00a0\u00bbdefault\u00a0\u00bb desktop_text_alignment=\u00a0\u00bbdefault\u00a0\u00bb tablet_text_alignment=\u00a0\u00bbdefault\u00a0\u00bb phone_text_alignment=\u00a0\u00bbdefault\u00a0\u00bb background_color_opacity=\u00a0\u00bb1&Prime; background_hover_color_opacity=\u00a0\u00bb1&Prime; column_backdrop_filter=\u00a0\u00bbnone\u00a0\u00bb column_shadow=\u00a0\u00bbnone\u00a0\u00bb&#8230;<\/p>\n","protected":false},"author":16,"featured_media":81558,"comment_status":"closed","ping_status":"open","sticky":false,"template":"","format":"standard","meta":{"_acf_changed":false,"inline_featured_image":false,"footnotes":""},"categories":[1372],"tags":[],"class_list":{"0":"post-95597","1":"post","2":"type-post","3":"status-publish","4":"format-standard","5":"has-post-thumbnail","7":"category-camp-dete"},"acf":[],"yoast_head":"<!-- This site is optimized with the Yoast SEO Premium plugin v24.2 (Yoast SEO v24.7) - https:\/\/yoast.com\/wordpress\/plugins\/seo\/ -->\n<title>D\u00e9couvrez le meilleur camp de vacances \u00e0 Verbier - Les Elfes International Camps Switzerland<\/title>\n<meta name=\"description\" content=\"D\u00e9couvrez le meilleur camp d&#039;\u00e9t\u00e9 pour enfants et adolescents \u00e0 Verbier, en Suisse. D\u00e9couvrez des activit\u00e9s passionnantes comme le VTT ou la randonn\u00e9e.\" \/>\n<meta name=\"robots\" content=\"index, follow, max-snippet:-1, max-image-preview:large, max-video-preview:-1\" \/>\n<link rel=\"canonical\" href=\"https:\/\/www.leselfes.com\/fr\/decouvrez-les-meilleurs-camps-dete-et-les-meilleures-activites-pour-les-enfants-et-les-adolescents-a-verbier-en-suisse-cet-ete\/\" \/>\n<meta property=\"og:locale\" content=\"fr_FR\" \/>\n<meta property=\"og:type\" content=\"article\" \/>\n<meta property=\"og:title\" content=\"D\u00e9couvrez les meilleurs camps d&#039;\u00e9t\u00e9 et les meilleures activit\u00e9s pour les enfants et les adolescents \u00e0 Verbier, en Suisse, cet \u00e9t\u00e9.\" \/>\n<meta property=\"og:description\" content=\"D\u00e9couvrez le meilleur camp d&#039;\u00e9t\u00e9 pour enfants et adolescents \u00e0 Verbier, en Suisse. D\u00e9couvrez des activit\u00e9s passionnantes comme le VTT ou la randonn\u00e9e.\" \/>\n<meta property=\"og:url\" content=\"https:\/\/www.leselfes.com\/fr\/decouvrez-les-meilleurs-camps-dete-et-les-meilleures-activites-pour-les-enfants-et-les-adolescents-a-verbier-en-suisse-cet-ete\/\" \/>\n<meta property=\"og:site_name\" content=\"Les Elfes International Camps Switzerland\" \/>\n<meta property=\"article:publisher\" content=\"https:\/\/www.facebook.com\/LesElfesVerbier\" \/>\n<meta property=\"article:published_time\" content=\"2024-07-02T15:05:55+00:00\" \/>\n<meta property=\"article:modified_time\" content=\"2025-01-07T09:06:27+00:00\" \/>\n<meta property=\"og:image\" content=\"https:\/\/dev.leselfes.com\/wp-content\/uploads\/2024\/02\/summer_day_camp_kids_camp_activities.webp\" \/>\n\t<meta property=\"og:image:width\" content=\"1600\" \/>\n\t<meta property=\"og:image:height\" content=\"800\" \/>\n\t<meta property=\"og:image:type\" content=\"image\/webp\" \/>\n<meta name=\"author\" content=\"Matthieu Perard\" \/>\n<meta name=\"twitter:card\" content=\"summary_large_image\" \/>\n<meta name=\"twitter:creator\" content=\"@LesElfesCamps\" \/>\n<meta name=\"twitter:site\" content=\"@LesElfesCamps\" \/>\n<meta name=\"twitter:label1\" content=\"\u00c9crit par\" \/>\n\t<meta name=\"twitter:data1\" content=\"Matthieu Perard\" \/>\n\t<meta name=\"twitter:label2\" content=\"Dur\u00e9e de lecture estim\u00e9e\" \/>\n\t<meta name=\"twitter:data2\" content=\"9 minutes\" \/>\n<script type=\"application\/ld+json\" class=\"yoast-schema-graph\">{\"@context\":\"https:\/\/schema.org\",\"@graph\":[{\"@type\":\"Article\",\"@id\":\"https:\/\/www.leselfes.com\/fr\/decouvrez-les-meilleurs-camps-dete-et-les-meilleures-activites-pour-les-enfants-et-les-adolescents-a-verbier-en-suisse-cet-ete\/#article\",\"isPartOf\":{\"@id\":\"https:\/\/www.leselfes.com\/fr\/decouvrez-les-meilleurs-camps-dete-et-les-meilleures-activites-pour-les-enfants-et-les-adolescents-a-verbier-en-suisse-cet-ete\/\"},\"author\":{\"name\":\"Matthieu Perard\",\"@id\":\"https:\/\/dev.leselfes.com\/#\/schema\/person\/7ac5f99a7f3c597105fe663a00bdf6d6\"},\"headline\":\"D\u00e9couvrez les meilleurs camps d&rsquo;\u00e9t\u00e9 et les meilleures activit\u00e9s pour les enfants et les adolescents \u00e0 Verbier, en Suisse, cet \u00e9t\u00e9.\",\"datePublished\":\"2024-07-02T15:05:55+00:00\",\"dateModified\":\"2025-01-07T09:06:27+00:00\",\"mainEntityOfPage\":{\"@id\":\"https:\/\/www.leselfes.com\/fr\/decouvrez-les-meilleurs-camps-dete-et-les-meilleures-activites-pour-les-enfants-et-les-adolescents-a-verbier-en-suisse-cet-ete\/\"},\"wordCount\":1765,\"publisher\":{\"@id\":\"https:\/\/dev.leselfes.com\/#organization\"},\"image\":{\"@id\":\"https:\/\/www.leselfes.com\/fr\/decouvrez-les-meilleurs-camps-dete-et-les-meilleures-activites-pour-les-enfants-et-les-adolescents-a-verbier-en-suisse-cet-ete\/#primaryimage\"},\"thumbnailUrl\":\"https:\/\/www.leselfes.com\/wp-content\/uploads\/2024\/02\/summer_day_camp_kids_camp_activities.webp\",\"articleSection\":[\"Camp d'\u00e9t\u00e9\"],\"inLanguage\":\"fr-FR\"},{\"@type\":\"WebPage\",\"@id\":\"https:\/\/www.leselfes.com\/fr\/decouvrez-les-meilleurs-camps-dete-et-les-meilleures-activites-pour-les-enfants-et-les-adolescents-a-verbier-en-suisse-cet-ete\/\",\"url\":\"https:\/\/www.leselfes.com\/fr\/decouvrez-les-meilleurs-camps-dete-et-les-meilleures-activites-pour-les-enfants-et-les-adolescents-a-verbier-en-suisse-cet-ete\/\",\"name\":\"D\u00e9couvrez le meilleur camp de vacances \u00e0 Verbier - Les Elfes International Camps Switzerland\",\"isPartOf\":{\"@id\":\"https:\/\/dev.leselfes.com\/#website\"},\"primaryImageOfPage\":{\"@id\":\"https:\/\/www.leselfes.com\/fr\/decouvrez-les-meilleurs-camps-dete-et-les-meilleures-activites-pour-les-enfants-et-les-adolescents-a-verbier-en-suisse-cet-ete\/#primaryimage\"},\"image\":{\"@id\":\"https:\/\/www.leselfes.com\/fr\/decouvrez-les-meilleurs-camps-dete-et-les-meilleures-activites-pour-les-enfants-et-les-adolescents-a-verbier-en-suisse-cet-ete\/#primaryimage\"},\"thumbnailUrl\":\"https:\/\/www.leselfes.com\/wp-content\/uploads\/2024\/02\/summer_day_camp_kids_camp_activities.webp\",\"datePublished\":\"2024-07-02T15:05:55+00:00\",\"dateModified\":\"2025-01-07T09:06:27+00:00\",\"description\":\"D\u00e9couvrez le meilleur camp d'\u00e9t\u00e9 pour enfants et adolescents \u00e0 Verbier, en Suisse. D\u00e9couvrez des activit\u00e9s passionnantes comme le VTT ou la randonn\u00e9e.\",\"breadcrumb\":{\"@id\":\"https:\/\/www.leselfes.com\/fr\/decouvrez-les-meilleurs-camps-dete-et-les-meilleures-activites-pour-les-enfants-et-les-adolescents-a-verbier-en-suisse-cet-ete\/#breadcrumb\"},\"inLanguage\":\"fr-FR\",\"potentialAction\":[{\"@type\":\"ReadAction\",\"target\":[\"https:\/\/www.leselfes.com\/fr\/decouvrez-les-meilleurs-camps-dete-et-les-meilleures-activites-pour-les-enfants-et-les-adolescents-a-verbier-en-suisse-cet-ete\/\"]}]},{\"@type\":\"ImageObject\",\"inLanguage\":\"fr-FR\",\"@id\":\"https:\/\/www.leselfes.com\/fr\/decouvrez-les-meilleurs-camps-dete-et-les-meilleures-activites-pour-les-enfants-et-les-adolescents-a-verbier-en-suisse-cet-ete\/#primaryimage\",\"url\":\"https:\/\/www.leselfes.com\/wp-content\/uploads\/2024\/02\/summer_day_camp_kids_camp_activities.webp\",\"contentUrl\":\"https:\/\/www.leselfes.com\/wp-content\/uploads\/2024\/02\/summer_day_camp_kids_camp_activities.webp\",\"width\":1600,\"height\":800},{\"@type\":\"BreadcrumbList\",\"@id\":\"https:\/\/www.leselfes.com\/fr\/decouvrez-les-meilleurs-camps-dete-et-les-meilleures-activites-pour-les-enfants-et-les-adolescents-a-verbier-en-suisse-cet-ete\/#breadcrumb\",\"itemListElement\":[{\"@type\":\"ListItem\",\"position\":1,\"name\":\"Home\",\"item\":\"https:\/\/www.leselfes.com\/fr\/\"},{\"@type\":\"ListItem\",\"position\":2,\"name\":\"D\u00e9couvrez les meilleurs camps d&#8217;\u00e9t\u00e9 et les meilleures activit\u00e9s pour les enfants et les adolescents \u00e0 Verbier, en Suisse, cet \u00e9t\u00e9.\"}]},{\"@type\":\"WebSite\",\"@id\":\"https:\/\/dev.leselfes.com\/#website\",\"url\":\"https:\/\/dev.leselfes.com\/\",\"name\":\"Les Elfes International\",\"description\":\"Les Elfes International, Verbier Switzerland. Summer Camp, Winter Camp, Spring Camps.\",\"publisher\":{\"@id\":\"https:\/\/dev.leselfes.com\/#organization\"},\"alternateName\":\"Les Elfes International\",\"potentialAction\":[{\"@type\":\"SearchAction\",\"target\":{\"@type\":\"EntryPoint\",\"urlTemplate\":\"https:\/\/dev.leselfes.com\/?s={search_term_string}\"},\"query-input\":{\"@type\":\"PropertyValueSpecification\",\"valueRequired\":true,\"valueName\":\"search_term_string\"}}],\"inLanguage\":\"fr-FR\"},{\"@type\":\"Organization\",\"@id\":\"https:\/\/dev.leselfes.com\/#organization\",\"name\":\"Les Elfes International\",\"alternateName\":\"Les Elfes International\",\"url\":\"https:\/\/dev.leselfes.com\/\",\"logo\":{\"@type\":\"ImageObject\",\"inLanguage\":\"fr-FR\",\"@id\":\"https:\/\/dev.leselfes.com\/#\/schema\/logo\/image\/\",\"url\":\"https:\/\/www.leselfes.com\/wp-content\/uploads\/2022\/03\/leselfes-logo.png\",\"contentUrl\":\"https:\/\/www.leselfes.com\/wp-content\/uploads\/2022\/03\/leselfes-logo.png\",\"width\":233,\"height\":51,\"caption\":\"Les Elfes International\"},\"image\":{\"@id\":\"https:\/\/dev.leselfes.com\/#\/schema\/logo\/image\/\"},\"sameAs\":[\"https:\/\/www.facebook.com\/LesElfesVerbier\",\"https:\/\/x.com\/LesElfesCamps\",\"https:\/\/www.instagram.com\/leselfes\",\"https:\/\/www.linkedin.com\/company\/les-elfes-international\",\"https:\/\/www.youtube.com\/user\/LesElfesVerbier\"]},{\"@type\":\"Person\",\"@id\":\"https:\/\/dev.leselfes.com\/#\/schema\/person\/7ac5f99a7f3c597105fe663a00bdf6d6\",\"name\":\"Matthieu Perard\",\"image\":{\"@type\":\"ImageObject\",\"inLanguage\":\"fr-FR\",\"@id\":\"https:\/\/dev.leselfes.com\/#\/schema\/person\/image\/\",\"url\":\"https:\/\/secure.gravatar.com\/avatar\/e368f5bd153d15a1ff42a4c64a46d1ef?s=96&d=mm&r=g\",\"contentUrl\":\"https:\/\/secure.gravatar.com\/avatar\/e368f5bd153d15a1ff42a4c64a46d1ef?s=96&d=mm&r=g\",\"caption\":\"Matthieu Perard\"},\"url\":\"https:\/\/www.leselfes.com\/fr\/author\/m-pierardnotostudio-ch\/\"}]}<\/script>\n<!-- \/ Yoast SEO Premium plugin. -->","yoast_head_json":{"title":"D\u00e9couvrez le meilleur camp de vacances \u00e0 Verbier - Les Elfes International Camps Switzerland","description":"D\u00e9couvrez le meilleur camp d'\u00e9t\u00e9 pour enfants et adolescents \u00e0 Verbier, en Suisse. D\u00e9couvrez des activit\u00e9s passionnantes comme le VTT ou la randonn\u00e9e.","robots":{"index":"index","follow":"follow","max-snippet":"max-snippet:-1","max-image-preview":"max-image-preview:large","max-video-preview":"max-video-preview:-1"},"canonical":"https:\/\/www.leselfes.com\/fr\/decouvrez-les-meilleurs-camps-dete-et-les-meilleures-activites-pour-les-enfants-et-les-adolescents-a-verbier-en-suisse-cet-ete\/","og_locale":"fr_FR","og_type":"article","og_title":"D\u00e9couvrez les meilleurs camps d'\u00e9t\u00e9 et les meilleures activit\u00e9s pour les enfants et les adolescents \u00e0 Verbier, en Suisse, cet \u00e9t\u00e9.","og_description":"D\u00e9couvrez le meilleur camp d'\u00e9t\u00e9 pour enfants et adolescents \u00e0 Verbier, en Suisse. D\u00e9couvrez des activit\u00e9s passionnantes comme le VTT ou la randonn\u00e9e.","og_url":"https:\/\/www.leselfes.com\/fr\/decouvrez-les-meilleurs-camps-dete-et-les-meilleures-activites-pour-les-enfants-et-les-adolescents-a-verbier-en-suisse-cet-ete\/","og_site_name":"Les Elfes International Camps Switzerland","article_publisher":"https:\/\/www.facebook.com\/LesElfesVerbier","article_published_time":"2024-07-02T15:05:55+00:00","article_modified_time":"2025-01-07T09:06:27+00:00","og_image":[{"width":1600,"height":800,"url":"https:\/\/dev.leselfes.com\/wp-content\/uploads\/2024\/02\/summer_day_camp_kids_camp_activities.webp","type":"image\/webp"}],"author":"Matthieu Perard","twitter_card":"summary_large_image","twitter_creator":"@LesElfesCamps","twitter_site":"@LesElfesCamps","twitter_misc":{"\u00c9crit par":"Matthieu Perard","Dur\u00e9e de lecture estim\u00e9e":"9 minutes"},"schema":{"@context":"https:\/\/schema.org","@graph":[{"@type":"Article","@id":"https:\/\/www.leselfes.com\/fr\/decouvrez-les-meilleurs-camps-dete-et-les-meilleures-activites-pour-les-enfants-et-les-adolescents-a-verbier-en-suisse-cet-ete\/#article","isPartOf":{"@id":"https:\/\/www.leselfes.com\/fr\/decouvrez-les-meilleurs-camps-dete-et-les-meilleures-activites-pour-les-enfants-et-les-adolescents-a-verbier-en-suisse-cet-ete\/"},"author":{"name":"Matthieu Perard","@id":"https:\/\/dev.leselfes.com\/#\/schema\/person\/7ac5f99a7f3c597105fe663a00bdf6d6"},"headline":"D\u00e9couvrez les meilleurs camps d&rsquo;\u00e9t\u00e9 et les meilleures activit\u00e9s pour les enfants et les adolescents \u00e0 Verbier, en Suisse, cet \u00e9t\u00e9.","datePublished":"2024-07-02T15:05:55+00:00","dateModified":"2025-01-07T09:06:27+00:00","mainEntityOfPage":{"@id":"https:\/\/www.leselfes.com\/fr\/decouvrez-les-meilleurs-camps-dete-et-les-meilleures-activites-pour-les-enfants-et-les-adolescents-a-verbier-en-suisse-cet-ete\/"},"wordCount":1765,"publisher":{"@id":"https:\/\/dev.leselfes.com\/#organization"},"image":{"@id":"https:\/\/www.leselfes.com\/fr\/decouvrez-les-meilleurs-camps-dete-et-les-meilleures-activites-pour-les-enfants-et-les-adolescents-a-verbier-en-suisse-cet-ete\/#primaryimage"},"thumbnailUrl":"https:\/\/www.leselfes.com\/wp-content\/uploads\/2024\/02\/summer_day_camp_kids_camp_activities.webp","articleSection":["Camp d'\u00e9t\u00e9"],"inLanguage":"fr-FR"},{"@type":"WebPage","@id":"https:\/\/www.leselfes.com\/fr\/decouvrez-les-meilleurs-camps-dete-et-les-meilleures-activites-pour-les-enfants-et-les-adolescents-a-verbier-en-suisse-cet-ete\/","url":"https:\/\/www.leselfes.com\/fr\/decouvrez-les-meilleurs-camps-dete-et-les-meilleures-activites-pour-les-enfants-et-les-adolescents-a-verbier-en-suisse-cet-ete\/","name":"D\u00e9couvrez le meilleur camp de vacances \u00e0 Verbier - Les Elfes International Camps Switzerland","isPartOf":{"@id":"https:\/\/dev.leselfes.com\/#website"},"primaryImageOfPage":{"@id":"https:\/\/www.leselfes.com\/fr\/decouvrez-les-meilleurs-camps-dete-et-les-meilleures-activites-pour-les-enfants-et-les-adolescents-a-verbier-en-suisse-cet-ete\/#primaryimage"},"image":{"@id":"https:\/\/www.leselfes.com\/fr\/decouvrez-les-meilleurs-camps-dete-et-les-meilleures-activites-pour-les-enfants-et-les-adolescents-a-verbier-en-suisse-cet-ete\/#primaryimage"},"thumbnailUrl":"https:\/\/www.leselfes.com\/wp-content\/uploads\/2024\/02\/summer_day_camp_kids_camp_activities.webp","datePublished":"2024-07-02T15:05:55+00:00","dateModified":"2025-01-07T09:06:27+00:00","description":"D\u00e9couvrez le meilleur camp d'\u00e9t\u00e9 pour enfants et adolescents \u00e0 Verbier, en Suisse. D\u00e9couvrez des activit\u00e9s passionnantes comme le VTT ou la randonn\u00e9e.","breadcrumb":{"@id":"https:\/\/www.leselfes.com\/fr\/decouvrez-les-meilleurs-camps-dete-et-les-meilleures-activites-pour-les-enfants-et-les-adolescents-a-verbier-en-suisse-cet-ete\/#breadcrumb"},"inLanguage":"fr-FR","potentialAction":[{"@type":"ReadAction","target":["https:\/\/www.leselfes.com\/fr\/decouvrez-les-meilleurs-camps-dete-et-les-meilleures-activites-pour-les-enfants-et-les-adolescents-a-verbier-en-suisse-cet-ete\/"]}]},{"@type":"ImageObject","inLanguage":"fr-FR","@id":"https:\/\/www.leselfes.com\/fr\/decouvrez-les-meilleurs-camps-dete-et-les-meilleures-activites-pour-les-enfants-et-les-adolescents-a-verbier-en-suisse-cet-ete\/#primaryimage","url":"https:\/\/www.leselfes.com\/wp-content\/uploads\/2024\/02\/summer_day_camp_kids_camp_activities.webp","contentUrl":"https:\/\/www.leselfes.com\/wp-content\/uploads\/2024\/02\/summer_day_camp_kids_camp_activities.webp","width":1600,"height":800},{"@type":"BreadcrumbList","@id":"https:\/\/www.leselfes.com\/fr\/decouvrez-les-meilleurs-camps-dete-et-les-meilleures-activites-pour-les-enfants-et-les-adolescents-a-verbier-en-suisse-cet-ete\/#breadcrumb","itemListElement":[{"@type":"ListItem","position":1,"name":"Home","item":"https:\/\/www.leselfes.com\/fr\/"},{"@type":"ListItem","position":2,"name":"D\u00e9couvrez les meilleurs camps d&#8217;\u00e9t\u00e9 et les meilleures activit\u00e9s pour les enfants et les adolescents \u00e0 Verbier, en Suisse, cet \u00e9t\u00e9."}]},{"@type":"WebSite","@id":"https:\/\/dev.leselfes.com\/#website","url":"https:\/\/dev.leselfes.com\/","name":"Les Elfes International","description":"Les Elfes International, Verbier Switzerland. Summer Camp, Winter Camp, Spring Camps.","publisher":{"@id":"https:\/\/dev.leselfes.com\/#organization"},"alternateName":"Les Elfes International","potentialAction":[{"@type":"SearchAction","target":{"@type":"EntryPoint","urlTemplate":"https:\/\/dev.leselfes.com\/?s={search_term_string}"},"query-input":{"@type":"PropertyValueSpecification","valueRequired":true,"valueName":"search_term_string"}}],"inLanguage":"fr-FR"},{"@type":"Organization","@id":"https:\/\/dev.leselfes.com\/#organization","name":"Les Elfes International","alternateName":"Les Elfes International","url":"https:\/\/dev.leselfes.com\/","logo":{"@type":"ImageObject","inLanguage":"fr-FR","@id":"https:\/\/dev.leselfes.com\/#\/schema\/logo\/image\/","url":"https:\/\/www.leselfes.com\/wp-content\/uploads\/2022\/03\/leselfes-logo.png","contentUrl":"https:\/\/www.leselfes.com\/wp-content\/uploads\/2022\/03\/leselfes-logo.png","width":233,"height":51,"caption":"Les Elfes International"},"image":{"@id":"https:\/\/dev.leselfes.com\/#\/schema\/logo\/image\/"},"sameAs":["https:\/\/www.facebook.com\/LesElfesVerbier","https:\/\/x.com\/LesElfesCamps","https:\/\/www.instagram.com\/leselfes","https:\/\/www.linkedin.com\/company\/les-elfes-international","https:\/\/www.youtube.com\/user\/LesElfesVerbier"]},{"@type":"Person","@id":"https:\/\/dev.leselfes.com\/#\/schema\/person\/7ac5f99a7f3c597105fe663a00bdf6d6","name":"Matthieu Perard","image":{"@type":"ImageObject","inLanguage":"fr-FR","@id":"https:\/\/dev.leselfes.com\/#\/schema\/person\/image\/","url":"https:\/\/secure.gravatar.com\/avatar\/e368f5bd153d15a1ff42a4c64a46d1ef?s=96&d=mm&r=g","contentUrl":"https:\/\/secure.gravatar.com\/avatar\/e368f5bd153d15a1ff42a4c64a46d1ef?s=96&d=mm&r=g","caption":"Matthieu Perard"},"url":"https:\/\/www.leselfes.com\/fr\/author\/m-pierardnotostudio-ch\/"}]}},"_links":{"self":[{"href":"https:\/\/www.leselfes.com\/fr\/wp-json\/wp\/v2\/posts\/95597"}],"collection":[{"href":"https:\/\/www.leselfes.com\/fr\/wp-json\/wp\/v2\/posts"}],"about":[{"href":"https:\/\/www.leselfes.com\/fr\/wp-json\/wp\/v2\/types\/post"}],"author":[{"embeddable":true,"href":"https:\/\/www.leselfes.com\/fr\/wp-json\/wp\/v2\/users\/16"}],"replies":[{"embeddable":true,"href":"https:\/\/www.leselfes.com\/fr\/wp-json\/wp\/v2\/comments?post=95597"}],"version-history":[{"count":0,"href":"https:\/\/www.leselfes.com\/fr\/wp-json\/wp\/v2\/posts\/95597\/revisions"}],"wp:featuredmedia":[{"embeddable":true,"href":"https:\/\/www.leselfes.com\/fr\/wp-json\/wp\/v2\/media\/81558"}],"wp:attachment":[{"href":"https:\/\/www.leselfes.com\/fr\/wp-json\/wp\/v2\/media?parent=95597"}],"wp:term":[{"taxonomy":"category","embeddable":true,"href":"https:\/\/www.leselfes.com\/fr\/wp-json\/wp\/v2\/categories?post=95597"},{"taxonomy":"post_tag","embeddable":true,"href":"https:\/\/www.leselfes.com\/fr\/wp-json\/wp\/v2\/tags?post=95597"}],"curies":[{"name":"wp","href":"https:\/\/api.w.org\/{rel}","templated":true}]}}