{"id":95604,"date":"2023-06-15T07:43:42","date_gmt":"2023-06-15T05:43:42","guid":{"rendered":"https:\/\/www.leselfes.com\/revisiter-les-elfes-une-experience-alpine-enchanteresse-pour-les-etudiants\/"},"modified":"2025-01-07T10:06:21","modified_gmt":"2025-01-07T09:06:21","slug":"revisiter-les-elfes-une-experience-alpine-enchanteresse-pour-les-etudiants","status":"publish","type":"post","link":"https:\/\/www.leselfes.com\/fr\/revisiter-les-elfes-une-experience-alpine-enchanteresse-pour-les-etudiants\/","title":{"rendered":"Revisiter Les Elfes : Une exp\u00e9rience alpine enchanteresse pour les \u00e9tudiants"},"content":{"rendered":"<p>Le <strong>camp d&rsquo;\u00e9t\u00e9 Les Elfes Suisse<\/strong> est situ\u00e9 \u00e0 Verbier. Le camp Les Elfes attire des milliers d&rsquo;enfants de diff\u00e9rentes parties du monde. Le camp est populairement connu pour sa beaut\u00e9 remarquable et la disponibilit\u00e9 de multiples activit\u00e9s de plein air.  &nbsp;<\/p>\n<p>Le camp Les Elfes se trouve dans les charmantes <a href=\"https:\/\/en.wikipedia.org\/wiki\/Swiss_Alps\" target=\"_blank\" rel=\"noopener\">Alpes suisses<\/a>. Si vous envisagez d&rsquo;envoyer vos enfants en colonie de vacances, vous pouvez \u00eatre s\u00fbrs qu&rsquo;ils appr\u00e9cieront le m\u00e9lange d&rsquo;exp\u00e9riences \u00e9ducatives, d&rsquo;immersion culturelle et d&rsquo;aventures que propose le camp. Le camp Les Elfes est connu pour ses activit\u00e9s d&rsquo;\u00e9t\u00e9 uniques pour les enfants de tous \u00e2ges, notamment le VTT, l&rsquo;escalade, l&rsquo;alpinisme, la course d&rsquo;orientation et les sports nautiques. Ces activit\u00e9s permettent aux enfants d&rsquo;acqu\u00e9rir de nouvelles comp\u00e9tences.   <\/p>\n<p><a href=\"https:\/\/www.leselfes.com\/fr\/camp-dete\/\" target=\"_blank\" rel=\"noopener\"><button style=\"background-color: #1e93c2; color: #fff; border: #E2804A;\" type=\"button\">Rejoindre les camps internationaux Les Elfes<\/button><\/a><\/p>\n<h4>\n\t\t\t\t<div id=\"ez-toc-container\" class=\"ez-toc-v2_0_73 ez-toc-wrap-left counter-hierarchy ez-toc-counter ez-toc-grey ez-toc-container-direction\">\n<div class=\"ez-toc-title-container\">\n<span class=\"ez-toc-title ez-toc-toggle\" style=\"cursor:pointer\">Table of Contents<\/span>\n<span class=\"ez-toc-title-toggle\"><a href=\"#\" class=\"ez-toc-pull-right ez-toc-btn ez-toc-btn-xs ez-toc-btn-default ez-toc-toggle\" aria-label=\"Toggle Table of Content\"><span class=\"ez-toc-js-icon-con\"><span class=\"\"><span class=\"eztoc-hide\" style=\"display:none;\">Toggle<\/span><span class=\"ez-toc-icon-toggle-span\"><svg style=\"fill: #999;color:#999\" xmlns=\"http:\/\/www.w3.org\/2000\/svg\" class=\"list-377408\" width=\"20px\" height=\"20px\" viewBox=\"0 0 24 24\" fill=\"none\"><path d=\"M6 6H4v2h2V6zm14 0H8v2h12V6zM4 11h2v2H4v-2zm16 0H8v2h12v-2zM4 16h2v2H4v-2zm16 0H8v2h12v-2z\" fill=\"currentColor\"><\/path><\/svg><svg style=\"fill: #999;color:#999\" class=\"arrow-unsorted-368013\" xmlns=\"http:\/\/www.w3.org\/2000\/svg\" width=\"10px\" height=\"10px\" viewBox=\"0 0 24 24\" version=\"1.2\" baseProfile=\"tiny\"><path d=\"M18.2 9.3l-6.2-6.3-6.2 6.3c-.2.2-.3.4-.3.7s.1.5.3.7c.2.2.4.3.7.3h11c.3 0 .5-.1.7-.3.2-.2.3-.5.3-.7s-.1-.5-.3-.7zM5.8 14.7l6.2 6.3 6.2-6.3c.2-.2.3-.5.3-.7s-.1-.5-.3-.7c-.2-.2-.4-.3-.7-.3h-11c-.3 0-.5.1-.7.3-.2.2-.3.5-.3.7s.1.5.3.7z\"\/><\/svg><\/span><\/span><\/span><\/a><\/span><\/div>\n<nav><ul class='ez-toc-list ez-toc-list-level-1 eztoc-toggle-hide-by-default' ><li class='ez-toc-page-1 ez-toc-heading-level-2'><a class=\"ez-toc-link ez-toc-heading-1\" href=\"https:\/\/www.leselfes.com\/fr\/revisiter-les-elfes-une-experience-alpine-enchanteresse-pour-les-etudiants\/#Le_camp_Les_Elfes_propose_des_activites_pour_les_enfants_de_tous_ages\" title=\"Le camp Les Elfes propose des activit\u00e9s pour les enfants de tous \u00e2ges\">Le camp Les Elfes propose des activit\u00e9s pour les enfants de tous \u00e2ges<\/a><\/li><li class='ez-toc-page-1 ez-toc-heading-level-2'><a class=\"ez-toc-link ez-toc-heading-2\" href=\"https:\/\/www.leselfes.com\/fr\/revisiter-les-elfes-une-experience-alpine-enchanteresse-pour-les-etudiants\/#Devoiler_la_magie\" title=\"D\u00e9voiler la magie\">D\u00e9voiler la magie<\/a><\/li><li class='ez-toc-page-1 ez-toc-heading-level-2'><a class=\"ez-toc-link ez-toc-heading-3\" href=\"https:\/\/www.leselfes.com\/fr\/revisiter-les-elfes-une-experience-alpine-enchanteresse-pour-les-etudiants\/#De_nouvelles_activites_pour_differents_groupes_dage\" title=\"De nouvelles activit\u00e9s pour diff\u00e9rents groupes d&rsquo;\u00e2ge\">De nouvelles activit\u00e9s pour diff\u00e9rents groupes d&rsquo;\u00e2ge<\/a><ul class='ez-toc-list-level-3' ><li class='ez-toc-heading-level-3'><a class=\"ez-toc-link ez-toc-heading-4\" href=\"https:\/\/www.leselfes.com\/fr\/revisiter-les-elfes-une-experience-alpine-enchanteresse-pour-les-etudiants\/#_Activities_for_Discovery_Age_Group_6-10_years\" title=\". Activities for Discovery Age Group (6-10 years)\">. Activities for Discovery Age Group (6-10 years)<\/a><\/li><li class='ez-toc-page-1 ez-toc-heading-level-3'><a class=\"ez-toc-link ez-toc-heading-5\" href=\"https:\/\/www.leselfes.com\/fr\/revisiter-les-elfes-une-experience-alpine-enchanteresse-pour-les-etudiants\/#_Activities_for_Explorers_Age_Group_10-14_years\" title=\". Activities for Explorers Age Group (10-14 years)\">. Activities for Explorers Age Group (10-14 years)<\/a><\/li><li class='ez-toc-page-1 ez-toc-heading-level-3'><a class=\"ez-toc-link ez-toc-heading-6\" href=\"https:\/\/www.leselfes.com\/fr\/revisiter-les-elfes-une-experience-alpine-enchanteresse-pour-les-etudiants\/#_Activities_for_Pioneers_Age_Group_15-17_years\" title=\". Activities for Pioneers Age Group (15-17 years)\">. Activities for Pioneers Age Group (15-17 years)<\/a><\/li><\/ul><\/li><li class='ez-toc-page-1 ez-toc-heading-level-2'><a class=\"ez-toc-link ez-toc-heading-7\" href=\"https:\/\/www.leselfes.com\/fr\/revisiter-les-elfes-une-experience-alpine-enchanteresse-pour-les-etudiants\/#Simpregner_de_la_culture_locale\" title=\"S&rsquo;impr\u00e9gner de la culture locale\">S&rsquo;impr\u00e9gner de la culture locale<\/a><ul class='ez-toc-list-level-3' ><li class='ez-toc-heading-level-3'><a class=\"ez-toc-link ez-toc-heading-8\" href=\"https:\/\/www.leselfes.com\/fr\/revisiter-les-elfes-une-experience-alpine-enchanteresse-pour-les-etudiants\/#%E2%80%93_Cuisine_suisse\" title=\"&#8211; Cuisine suisse\">&#8211; Cuisine suisse<\/a><\/li><li class='ez-toc-page-1 ez-toc-heading-level-3'><a class=\"ez-toc-link ez-toc-heading-9\" href=\"https:\/\/www.leselfes.com\/fr\/revisiter-les-elfes-une-experience-alpine-enchanteresse-pour-les-etudiants\/#%E2%80%93_Ateliers_culturels\" title=\"&#8211; Ateliers culturels\">&#8211; Ateliers culturels<\/a><\/li><\/ul><\/li><li class='ez-toc-page-1 ez-toc-heading-level-2'><a class=\"ez-toc-link ez-toc-heading-10\" href=\"https:\/\/www.leselfes.com\/fr\/revisiter-les-elfes-une-experience-alpine-enchanteresse-pour-les-etudiants\/#Redecouvrir_le_pays_des_merveilles_de_lhiver\" title=\"Red\u00e9couvrir le pays des merveilles de l&rsquo;hiver\">Red\u00e9couvrir le pays des merveilles de l&rsquo;hiver<\/a><\/li><li class='ez-toc-page-1 ez-toc-heading-level-2'><a class=\"ez-toc-link ez-toc-heading-11\" href=\"https:\/\/www.leselfes.com\/fr\/revisiter-les-elfes-une-experience-alpine-enchanteresse-pour-les-etudiants\/#Un_havre_de_detente\" title=\"Un havre de d\u00e9tente\">Un havre de d\u00e9tente<\/a><\/li><li class='ez-toc-page-1 ez-toc-heading-level-2'><a class=\"ez-toc-link ez-toc-heading-12\" href=\"https:\/\/www.leselfes.com\/fr\/revisiter-les-elfes-une-experience-alpine-enchanteresse-pour-les-etudiants\/#Des_souvenirs_inoubliables\" title=\"Des souvenirs inoubliables\">Des souvenirs inoubliables<\/a><\/li><li class='ez-toc-page-1 ez-toc-heading-level-2'><a class=\"ez-toc-link ez-toc-heading-13\" href=\"https:\/\/www.leselfes.com\/fr\/revisiter-les-elfes-une-experience-alpine-enchanteresse-pour-les-etudiants\/#Conclusion\" title=\"Conclusion\">Conclusion<\/a><\/li><\/ul><\/nav><\/div>\n\t\t\t<\/h4>\n<h2><span class=\"ez-toc-section\" id=\"Le_camp_Les_Elfes_propose_des_activites_pour_les_enfants_de_tous_ages\"><\/span>Le camp Les Elfes propose des activit\u00e9s pour les enfants de tous \u00e2ges<span class=\"ez-toc-section-end\"><\/span><\/h2>\n<p>Peu importe que les enfants soient exp\u00e9riment\u00e9s ou d\u00e9butants dans ces activit\u00e9s. Des formateurs exp\u00e9riment\u00e9s et qualifi\u00e9s sont pr\u00eats \u00e0 les former \u00e0 partir de z\u00e9ro. De plus, Les Elfes proposent des programmes complets pour les enfants de tous \u00e2ges, ce qui leur permet de se faire de nouveaux amis, de comprendre de nouvelles cultures, de d\u00e9velopper de nouvelles comp\u00e9tences et d&rsquo;explorer l&rsquo;environnement alpin.    <\/p>\n<p>Que les \u00e9l\u00e8ves choisissent de s&rsquo;\u00e9merveiller devant les paysages incroyables ou de participer \u00e0 des activit\u00e9s \u00e9ducatives ou de plein air amusantes, Les Elfes est votre camp unique qui leur permettra de vivre des moments inoubliables. En effet, le camp des Elfes poss\u00e8de un charme et un attrait inoubliables et irr\u00e9sistibles, ce qui explique pourquoi j&rsquo;ai pr\u00e9vu de revenir dans la r\u00e9gion, bien que j&rsquo;y aie pass\u00e9 quelques jours l&rsquo;\u00e9t\u00e9 dernier.   <\/p>\n<p>Cet article pr\u00e9sente la magie de la colonie de vacances Les Elfes, les activit\u00e9s propos\u00e9es aux enfants de tous \u00e2ges et la mani\u00e8re dont la colonie leur permet de cr\u00e9er des souvenirs inoubliables. Cet article complet vous aidera \u00e0 comprendre pourquoi vous devriez envoyer vos enfants \u00e0 la <a href=\"https:\/\/www.leselfes.com\/fr\/camp-dete\/\" target=\"_blank\" rel=\"noopener\">colonie de vacances Les Elfes<\/a> au moins une fois dans leur vie. <\/p>\n<h2><span class=\"ez-toc-section\" id=\"Devoiler_la_magie\"><\/span>D\u00e9voiler la magie<span class=\"ez-toc-section-end\"><\/span><\/h2>\n<p><img loading=\"lazy\" decoding=\"async\" src=\"https:\/\/www.leselfes.com\/wp-content\/uploads\/2023\/11\/swiss.jpg\" alt=\"suisse\" width=\"1000\" height=\"667\"><\/p>\n<p>Les Elfes est nich\u00e9 au c\u0153ur des Alpes suisses, offrant un cadre naturel charmant. Des lacs de montagne cristallins, d&rsquo;opulents alpages et de splendides sommets enneig\u00e9s d\u00e9finissent le camp. Le paysage est marqu\u00e9 par des villages pittoresques et un chalet des Elfes, cr\u00e9ant ainsi une sc\u00e8ne digne d&rsquo;une carte postale \u00e0 chaque extr\u00e9mit\u00e9. Les vues spectaculaires sur les montagnes des Elfes sont quelques-unes des facettes \u00e9poustouflantes de la beaut\u00e9 naturelle du camp.     <\/p>\n<p>Des sommets imposants, comme le c\u00e9l\u00e8bre Cervin, dominent l&rsquo;horizon, offrant au paysage alpin une toile de fond sensationnelle. Ces montagnes impressionnantes offrent des vues \u00e0 couper le souffle et suscitent un sentiment d&rsquo;admiration et d&rsquo;\u00e9merveillement.   <\/p>\n<p>Les Elfes entrent dans l&rsquo;histoire comme l&rsquo;un des camps o\u00f9 l&rsquo;on trouve les for\u00eats les plus vierges du monde. Celles-ci arborent des couleurs \u00e9clatantes tout au long de l&rsquo;ann\u00e9e. Pendant l&rsquo;\u00e9t\u00e9, de magnifiques fleurs sauvages couvrent les collines avant que le feuillage ne se transforme pour cr\u00e9er une collection impressionnante de teintes dor\u00e9es pendant l&rsquo;automne. Le camp des Elfes est \u00e9galement entour\u00e9 de nombreuses rivi\u00e8res et de lacs qui refl\u00e8tent les sommets voisins et cr\u00e9ent une atmosph\u00e8re relaxante.     <\/p>\n<p>Si vous visitez Verbier pour la premi\u00e8re fois, vous pouvez vous plonger dans des activit\u00e9s passionnantes tout en vous \u00e9merveillant de l&rsquo;\u00e9l\u00e9gance des eaux alpines.  <\/p>\n<p>Le cadre pittoresque et la beaut\u00e9 naturelle du camp Les Elfes offrent un m\u00e9lange agr\u00e9able de tranquillit\u00e9 et de luxe, permettant aux campeurs de vivre une exp\u00e9rience alpine inoubliable.  <\/p>\n<h2><span class=\"ez-toc-section\" id=\"De_nouvelles_activites_pour_differents_groupes_dage\"><\/span>De nouvelles activit\u00e9s pour diff\u00e9rents groupes d&rsquo;\u00e2ge<span class=\"ez-toc-section-end\"><\/span><\/h2>\n<p>Le camp Les Elfes propose un large \u00e9ventail d&rsquo;activit\u00e9s ludiques et \u00e9ducatives destin\u00e9es aux enfants en \u00e2ge de d\u00e9couvrir le monde. Ces activit\u00e9s sont con\u00e7ues pour offrir aux enfants une exp\u00e9rience \u00e0 la fois enrichissante et amusante, tout en favorisant la sensibilisation culturelle et l&rsquo;\u00e9panouissement personnel. Elles combinent le plaisir, l&rsquo;\u00e9ducation et l&rsquo;aventure pour offrir aux enfants une exp\u00e9rience globale qui stimule la curiosit\u00e9 tout en favorisant l&rsquo;\u00e9panouissement personnel et en cr\u00e9ant des souvenirs pour la vie.  <\/p>\n<h3><span class=\"ez-toc-section\" id=\"_Activities_for_Discovery_Age_Group_6-10_years\"><\/span>. Activities for Discovery Age Group (6-10 years) <span class=\"ez-toc-section-end\"><\/span><\/h3>\n<p>Voici quelques activit\u00e9s pour les enfants de cette tranche d&rsquo;\u00e2ge.<\/p>\n<h4>Aventure en plein air<\/h4>\n<p>Les enfants peuvent participer \u00e0 diverses activit\u00e9s de plein air qui les encouragent \u00e0 travailler en \u00e9quipe tout en explorant. Parmi les autres activit\u00e9s de plein air, citons la construction de forts en neige, le patinage sur glace et la luge. <\/p>\n<h4>Arts et artisanat<\/h4>\n<p>Des ateliers cr\u00e9atifs sont organis\u00e9s aux Elfes, permettant aux enfants d&rsquo;apprendre et de pratiquer leurs comp\u00e9tences artistiques. Ils peuvent s&rsquo;adonner \u00e0 des activit\u00e9s telles que le bricolage et la peinture, ce qui leur permet d&rsquo;activer leur imagination et leur cr\u00e9ativit\u00e9. Ces ateliers permettent aux enfants de s&rsquo;exprimer et de ramener chez eux des souvenirs et des cr\u00e9ations uniques.  <\/p>\n<h4>Activit\u00e9s de leadership et de renforcement de l&rsquo;esprit d&rsquo;\u00e9quipe<\/h4>\n<p>Les Elfes inclut des activit\u00e9s de leadership et de construction d&rsquo;\u00e9quipe dans son programme pour les enfants de la tranche d&rsquo;\u00e2ge d\u00e9couverte. Ces activit\u00e9s permettent aux enfants d&rsquo;apprendre et de d\u00e9velopper leurs comp\u00e9tences en mati\u00e8re de communication, de travail d&rsquo;\u00e9quipe et de r\u00e9solution de probl\u00e8mes. Les enfants peuvent \u00e9galement participer \u00e0 des projets de collaboration, \u00e0 des jeux de groupe et \u00e0 des d\u00e9fis d&rsquo;\u00e9quipe qui encouragent la coh\u00e9sion et la coop\u00e9ration.  <\/p>\n<h4>Exp\u00e9riences culturelles<\/h4>\n<p>Les Elfes s&rsquo;engagent \u00e0 offrir aux enfants une exp\u00e9rience multiculturelle. Ils peuvent participer \u00e0 des activit\u00e9s qui les aident \u00e0 d\u00e9couvrir la musique, les arts et les cultures de la Suisse et d&rsquo;autres traditions internationales. Par exemple, ils peuvent assister \u00e0 des s\u00e9ances d&rsquo;\u00e9change culturel avec leurs camarades d&rsquo;autres pays, participer \u00e0 des activit\u00e9s de d\u00e9gustation de sp\u00e9cialit\u00e9s locales et apprendre des danses traditionnelles suisses.    <\/p>\n<h4>Activit\u00e9s d&rsquo;exploration de la nature<\/h4>\n<p>Les activit\u00e9s bas\u00e9es sur la nature au camp Les Elfes aident les enfants \u00e0 appr\u00e9cier l&rsquo;environnement. Ils peuvent participer \u00e0 des promenades guid\u00e9es dans la nature, apprendre l&rsquo;importance de la conservation des habitats naturels et \u00e9tudier la flore et la faune locales. Ces activit\u00e9s encouragent les enfants \u00e0 se rapprocher du monde naturel tout en les aidant \u00e0 comprendre le d\u00e9veloppement durable.  <\/p>\n<h3><span class=\"ez-toc-section\" id=\"_Activities_for_Explorers_Age_Group_10-14_years\"><\/span>. Activities for Explorers Age Group (10-14 years) <span class=\"ez-toc-section-end\"><\/span><\/h3>\n<p>Les Elfes proposent diverses activit\u00e9s attrayantes et amusantes sp\u00e9cialement adapt\u00e9es aux enfants \u00e2g\u00e9s de 10 \u00e0 14 ans ou \u00e0 la tranche d&rsquo;\u00e2ge de l&rsquo;explorateur. Ces activit\u00e9s permettent aux enfants de s&rsquo;immerger dans la culture, d&rsquo;acqu\u00e9rir des comp\u00e9tences, de partir \u00e0 l&rsquo;aventure et de s&rsquo;\u00e9panouir. Elles comprennent :  <\/p>\n<h4>Activit\u00e9s g\u00e9n\u00e9rales du camp d&rsquo;\u00e9t\u00e9<\/h4>\n<p>Le camp d&rsquo;\u00e9t\u00e9 <a href=\"https:\/\/www.leselfes.com\/fr\/\" target=\"_blank\" rel=\"noopener\">international Les Elfes<\/a> propose d&rsquo;autres activit\u00e9s pour les enfants qui leur permettent de montrer leurs talents. Ces activit\u00e9s comprennent : billard, basket-ball, trampoline, instruments de musique, jeux de cartes, th\u00e9\u00e2tre, pique-nique, feu de camp, barbecue, photographie sur le campus, excursions en bateau, discoth\u00e8que, spectacle de talents et shopping \u00e0 Verbier. <\/p>\n<h4>Camp d&rsquo;\u00e9t\u00e9 Ball Sports<\/h4>\n<p>Les campeurs peuvent pratiquer un large \u00e9ventail de sports de balle tels que le tennis, le minigolf, le golf, le football, le volley-ball, le basket-ball (streetball), le beach-volley, le tennis de table, le badminton, le squash et la p\u00e9tanque.<\/p>\n<h4>Aventures en plein air<\/h4>\n<p>Les Elfes propose des aventures en plein air passionnantes, qui permettent aux participants d&rsquo;explorer les paysages naturels environnants. Il s&rsquo;agit notamment d&rsquo;excursions en VTT, de randonn\u00e9es guid\u00e9es et d&rsquo;exp\u00e9ditions d&rsquo;escalade. Ces activit\u00e9s sont con\u00e7ues pour offrir aux explorateurs une exp\u00e9rience exaltante et promouvoir la r\u00e9silience, la r\u00e9solution de probl\u00e8mes et le travail d&rsquo;\u00e9quipe.    <\/p>\n<h4>Immersion culturelle<\/h4>\n<p>Les campeurs peuvent d\u00e9couvrir la culture suisse ainsi que les cultures d&rsquo;autres participants internationaux. Ils peuvent le faire en participant \u00e0 des activit\u00e9s d&rsquo;\u00e9change culturel qui les aident \u00e0 appr\u00e9cier la diversit\u00e9 tout en promouvant la compr\u00e9hension interculturelle, en apprenant des danses traditionnelles et en s&rsquo;inscrivant \u00e0 des cours de langue.   <\/p>\n<h4>D\u00e9veloppement du leadership<\/h4>\n<p>Le camp Les Elfes propose des activit\u00e9s qui aident les explorateurs \u00e0 d\u00e9velopper leurs comp\u00e9tences en mati\u00e8re de leadership. Il s&rsquo;agit notamment d&rsquo;initiatives de groupe qui favorisent la coop\u00e9ration, la prise de d\u00e9cision, la communication, les d\u00e9fis de r\u00e9solution de probl\u00e8mes et les exercices de renforcement de l&rsquo;esprit d&rsquo;\u00e9quipe. Ces activit\u00e9s sont con\u00e7ues pour inculquer la r\u00e9silience et la confiance tout en permettant aux explorateurs de travailler en \u00e9quipe.    <\/p>\n<h4>Sensibilisation \u00e0 l&rsquo;environnement<\/h4>\n<p>Le camp Les Elfes met l&rsquo;accent sur l&rsquo;importance de la gestion de l&rsquo;environnement. Les explorateurs peuvent participer \u00e0 des activit\u00e9s con\u00e7ues pour la durabilit\u00e9 \u00e9cologique et la conservation. Ils peuvent \u00e9galement faire des promenades dans la nature, participer \u00e0 des ateliers de sensibilisation \u00e0 l&rsquo;environnement et apprendre \u00e0 conna\u00eetre la faune et la flore locales. Ces activit\u00e9s favorisent une compr\u00e9hension approfondie du monde naturel tout en apprenant aux participants pourquoi ils doivent le pr\u00e9server.     <\/p>\n<h4>Ateliers cr\u00e9atifs<\/h4>\n<p>Les explorateurs peuvent profiter des divers ateliers propos\u00e9s aux Elfes pour lib\u00e9rer leur cr\u00e9ativit\u00e9. Ces ateliers comprennent des cours de musique, de photographie et d&rsquo;artisanat. Ils permettent aux participants d&rsquo;acqu\u00e9rir de nouvelles comp\u00e9tences et de s&rsquo;exprimer dans un environnement favorable. En outre, ils encouragent les participants \u00e0 apprendre l&rsquo;art de l&rsquo;expression et de l&rsquo;imagination et \u00e0 s&rsquo;\u00e9panouir.   <\/p>\n<h3><span class=\"ez-toc-section\" id=\"_Activities_for_Pioneers_Age_Group_15-17_years\"><\/span>. Activities for Pioneers Age Group (15-17 years) <span class=\"ez-toc-section-end\"><\/span><\/h3>\n<p>Les activit\u00e9s destin\u00e9es aux jeunes de 15 \u00e0 17 ans sont enrichissantes et passionnantes. Elles sont con\u00e7ues pour cr\u00e9er une immersion culturelle, stimuler les aventuriers, favoriser l&rsquo;\u00e9panouissement personnel et offrir des possibilit\u00e9s de leadership. Elles comprennent :  <\/p>\n<h4>Sports alpins avanc\u00e9s<\/h4>\n<p>Les pionniers peuvent am\u00e9liorer leurs comp\u00e9tences dans les sports alpins gr\u00e2ce \u00e0 une formation sp\u00e9cialis\u00e9e et \u00e0 des cours avanc\u00e9s. Ils peuvent participer \u00e0 des cours avanc\u00e9s de <a href=\"https:\/\/www.leselfes.com\/fr\/camp-dhiver\/#ski&#038;snowboard\" target=\"_blank\" rel=\"noopener\">snowboard ou de ski<\/a> pendant l&rsquo;hiver. Ces activit\u00e9s offrent une exp\u00e9rience \u00e0 la fois gratifiante et passionnante aux adolescents qui cherchent \u00e0 repousser leurs limites.  <\/p>\n<h4>Exp\u00e9ditions en plein air<\/h4>\n<p><img loading=\"lazy\" decoding=\"async\" src=\"https:\/\/www.leselfes.com\/wp-content\/uploads\/2023\/11\/swiss-outdoor.jpg\" alt=\"ext\u00e9rieur suisse\" width=\"1000\" height=\"667\"><\/p>\n<\/p>\n<p>Les exp\u00e9ditions en plein air au camp Les Elfes permettent aux pionniers d&rsquo;explorer les pittoresques Alpes suisses. Ils peuvent faire du camping, de la randonn\u00e9e, de l&rsquo;alpinisme ou de l&rsquo;escalade pendant plusieurs jours. Ces activit\u00e9s favorisent l&rsquo;autonomie, le travail d&rsquo;\u00e9quipe et la r\u00e9silience, tout en donnant aux participants l&rsquo;occasion de s&rsquo;\u00e9merveiller devant les impressionnants paysages alpins.    <\/p>\n<h4>D\u00e9veloppement du leadership<\/h4>\n<p>Les Elfes proposent des programmes de d\u00e9veloppement du leadership sp\u00e9cialement con\u00e7us \u00e0 cet effet. Les pionniers qui souhaitent d\u00e9velopper des comp\u00e9tences essentielles en mati\u00e8re de leadership peuvent s&rsquo;inscrire \u00e0 ces programmes. Ils comprennent des s\u00e9minaires et des ateliers sur le leadership, ainsi que des projets de service communautaire. En participant \u00e0 ces projets, les adolescents deviennent plus r\u00e9sistants, am\u00e9liorent leur capacit\u00e9 \u00e0 r\u00e9soudre des probl\u00e8mes et deviennent de meilleurs leaders.   <\/p>\n<h4>\u00c9tudes linguistiques et immersion culturelle<\/h4>\n<p>Les pionniers peuvent se plonger dans l&rsquo;\u00e9tude des langues et l&rsquo;immersion culturelle. Les cours de langue les aident \u00e0 am\u00e9liorer leurs comp\u00e9tences en mati\u00e8re de communication. La capacit\u00e9 \u00e0 bien s&rsquo;exprimer signifie que les pionniers peuvent participer \u00e0 des activit\u00e9s culturelles ou \u00e0 des ateliers qui les aident \u00e0 mieux comprendre la culture suisse. Ces activit\u00e9s favorisent la communication interculturelle tout en donnant aux pionniers une perspective globale. Elles \u00e9largissent \u00e9galement leurs horizons.      <\/p>\n<h4>Programmes de formation professionnelle et de pr\u00e9paration \u00e0 la vie active<\/h4>\n<p>Les programmes qui offrent des connaissances pratiques et des comp\u00e9tences pour un meilleur avenir jouent un r\u00f4le important dans la vie d&rsquo;un pionnier. Il s&rsquo;agit notamment de le\u00e7ons sur la r\u00e9daction de CV, les entretiens, la gestion du temps et l&rsquo;\u00e9ducation financi\u00e8re. Ces programmes dotent les pionniers d&rsquo;excellentes aptitudes \u00e0 la vie quotidienne qui leur seront utiles tout au long de leur vie.  <\/p>\n<h4>Conduites de conservation de l&rsquo;environnement<\/h4>\n<p>Le camp Les Elfes encourage les pionniers \u00e0 pr\u00f4ner des pratiques durables et \u00e0 promouvoir la sensibilisation \u00e0 l&rsquo;environnement. Pour ce faire, les pionniers participent souvent \u00e0 des ateliers de gestion de l&rsquo;environnement, \u00e0 des projets de conservation \u00e9cologique et \u00e0 des activit\u00e9s bas\u00e9es sur la nature, r\u00e9it\u00e9rant ainsi l&rsquo;importance de la conservation de l&rsquo;environnement. <\/p>\n<h4>L&rsquo;aventure vous attend<\/h4>\n<p>Comme mentionn\u00e9 ci-dessus, le camp Les Elfes propose diverses activit\u00e9s d&rsquo;aventure pour les enfants de diff\u00e9rents \u00e2ges et les adultes de diff\u00e9rents niveaux de comp\u00e9tence. Ces activit\u00e9s sont sp\u00e9cialement con\u00e7ues pour vous permettre de vous immerger dans l&rsquo;environnement naturel grandiose des Alpes suisses et de faire l&rsquo;exp\u00e9rience de la vie en plein air. Vous pouvez participer aux activit\u00e9s suivantes aux Elfes, quel que soit votre niveau.  <\/p>\n<ul>\n<li style=\"font-weight: 400;\" aria-level=\"1\">V\u00e9lo de montagne<\/li>\n<li style=\"font-weight: 400;\" aria-level=\"1\">Escalade et alpinisme<\/li>\n<li style=\"font-weight: 400;\" aria-level=\"1\">Trekking et randonn\u00e9e<\/li>\n<li style=\"font-weight: 400;\" aria-level=\"1\">Faire de la tyrolienne et visiter des parcs d&rsquo;aventure<\/li>\n<li style=\"font-weight: 400;\" aria-level=\"1\">Parapente  <\/li>\n<\/ul>\n<h2><span class=\"ez-toc-section\" id=\"Simpregner_de_la_culture_locale\"><\/span>S&rsquo;impr\u00e9gner de la culture locale<span class=\"ez-toc-section-end\"><\/span><\/h2>\n<p>Les Elfes se trouvent en Suisse, un pays r\u00e9put\u00e9 pour la richesse de ses traditions et de sa culture. Mais il d\u00e9fend aussi la culture locale de diff\u00e9rentes mani\u00e8res, comme on peut le voir ci-dessous.   <\/p>\n<h3><span class=\"ez-toc-section\" id=\"%E2%80%93_Cuisine_suisse\"><\/span>&#8211; Cuisine suisse<span class=\"ez-toc-section-end\"><\/span><\/h3>\n<p><img loading=\"lazy\" decoding=\"async\" src=\"https:\/\/www.leselfes.com\/wp-content\/uploads\/2023\/11\/Swiss-Cuisine.jpg\" alt=\"Cuisine suisse\" width=\"1000\" height=\"670\"><\/p>\n<p>Si vous visitez le camp des Elfes pour la premi\u00e8re fois, vous aurez l&rsquo;occasion de go\u00fbter \u00e0 la cuisine suisse, connue pour ses saveurs d\u00e9licieuses et chaleureuses. Parmi les plats traditionnels propos\u00e9s, citons le fromage fondu servi avec des cubes de pain (fondue), le fromage fondu gratt\u00e9 sur des pommes de terre (raclette), le chocolat suisse et les pommes de terre r\u00e2p\u00e9es frites (rosti). Ces exp\u00e9riences culinaires vous donneront un aper\u00e7u de l&rsquo;art culinaire suisse et de l&rsquo;importance qu&rsquo;il accorde aux recettes traditionnelles et aux ingr\u00e9dients de qualit\u00e9.  <\/p>\n<h3><span class=\"ez-toc-section\" id=\"%E2%80%93_Ateliers_culturels\"><\/span>&#8211; Ateliers culturels<span class=\"ez-toc-section-end\"><\/span><\/h3>\n<p>Les campeurs peuvent participer \u00e0 des ateliers culturels et d\u00e9couvrir les traditions, l&rsquo;art et l&rsquo;artisanat suisses. Ces programmes comprennent des pr\u00e9sentations sur la fabrication du fromage. Ces exp\u00e9riences immersives permettent aux enfants de comprendre les traditions et la culture locales.    <\/p>\n<p>Les visiteurs peuvent \u00e9galement d\u00e9couvrir la culture locale :<\/p>\n<ul>\n<li style=\"font-weight: 400;\" aria-level=\"1\">Participation \u00e0 des festivals alpins<\/li>\n<li style=\"font-weight: 400;\" aria-level=\"1\">Participer \u00e0 des programmes d&rsquo;\u00e9changes culturels et linguistiques<\/li>\n<li style=\"font-weight: 400;\" aria-level=\"1\">Pratiquer des activit\u00e9s de plein air en Suisse<\/li>\n<li style=\"font-weight: 400;\" aria-level=\"1\">Excursions dans les villages locaux<\/li>\n<\/ul>\n<p>Les Suisses sont r\u00e9put\u00e9s pour leur sens de l&rsquo;accueil et leur hospitalit\u00e9 chaleureuse. Ils sont accommodants et pr\u00eats \u00e0 aider, polis et amicaux, et pr\u00eats \u00e0 partager leurs traditions locales avec les visiteurs. Les r\u00e9sidents suisses respectent \u00e9galement la vie priv\u00e9e d&rsquo;autrui tout en appr\u00e9ciant la diversit\u00e9 culturelle.    <\/p>\n<h2><span class=\"ez-toc-section\" id=\"Redecouvrir_le_pays_des_merveilles_de_lhiver\"><\/span>Red\u00e9couvrir le pays des merveilles de l&rsquo;hiver<span class=\"ez-toc-section-end\"><\/span><\/h2>\n<p>La saison hivernale est un moment \u00e0 ne pas manquer au camp Les Elfes et \u00e0 Verbier en g\u00e9n\u00e9ral. Des milliers de visiteurs de diff\u00e9rentes parties du monde se rendent \u00e0 Verbier pour d\u00e9couvrir la beaut\u00e9 des Alpes suisses. Diff\u00e9rents aspects contribuent \u00e0 l&rsquo;attrait du camp Les Elfes en hiver :  <\/p>\n<ul>\n<li style=\"font-weight: 400;\" aria-level=\"1\">Paysages alpins enneig\u00e9s<\/li>\n<li style=\"font-weight: 400;\" aria-level=\"1\">Ski et snowboard de premier ordre en hiver<\/li>\n<li style=\"font-weight: 400;\" aria-level=\"1\">Chalets alpins confortables<\/li>\n<li style=\"font-weight: 400;\" aria-level=\"1\">Une ambiance familiale et festive<\/li>\n<li style=\"font-weight: 400;\" aria-level=\"1\">Activit\u00e9s hivernales aventureuses<\/li>\n<li style=\"font-weight: 400;\" aria-level=\"1\">Avant-ski et vie nocturne<\/li>\n<\/ul>\n<h2><span class=\"ez-toc-section\" id=\"Un_havre_de_detente\"><\/span>Un havre de d\u00e9tente<span class=\"ez-toc-section-end\"><\/span><\/h2>\n<p>La Suisse offre une atmosph\u00e8re paisible et sereine, ce qui en fait un lieu id\u00e9al pour les personnes souhaitant faire une pause dans un monde en constante \u00e9volution. Divers aspects contribuent \u00e0 faire de ce pays un havre de d\u00e9tente : <\/p>\n<ul>\n<li style=\"font-weight: 400;\" aria-level=\"1\">Un environnement naturel impeccable<\/li>\n<li style=\"font-weight: 400;\" aria-level=\"1\">H\u00e9bergement serein<\/li>\n<li style=\"font-weight: 400;\" aria-level=\"1\">Environnement calme et tranquille<\/li>\n<li style=\"font-weight: 400;\" aria-level=\"1\">Installations de spa et de bien-\u00eatre<\/li>\n<li style=\"font-weight: 400;\" aria-level=\"1\">Un lien avec la nature<\/li>\n<li style=\"font-weight: 400;\" aria-level=\"1\">Activit\u00e9s de pleine conscience<\/li>\n<li style=\"font-weight: 400;\" aria-level=\"1\">L&rsquo;accent est mis sur la th\u00e9orie du slow living<\/li>\n<\/ul>\n<h2><span class=\"ez-toc-section\" id=\"Des_souvenirs_inoubliables\"><\/span>Des souvenirs inoubliables<span class=\"ez-toc-section-end\"><\/span><\/h2>\n<p>Lors de mon voyage aux Elfes 2023, j&rsquo;ai cr\u00e9\u00e9 des souvenirs qui resteront grav\u00e9s dans mon c\u0153ur. Voici quelques-unes des exp\u00e9riences qui ont fait que ma visite en valait la peine. <\/p>\n<ul>\n<li style=\"font-weight: 400;\" aria-level=\"1\">Des escapades aventureuses telles que le ski de fond en hiver<\/li>\n<li style=\"font-weight: 400;\" aria-level=\"1\">Immersion culturelle<\/li>\n<li style=\"font-weight: 400;\" aria-level=\"1\">La beaut\u00e9 naturelle \u00e0 couper le souffle de la r\u00e9gion<\/li>\n<li style=\"font-weight: 400;\" aria-level=\"1\">De beaux couchers de soleil<\/li>\n<li style=\"font-weight: 400;\" aria-level=\"1\">Disponibilit\u00e9 d&rsquo;un large \u00e9ventail d&rsquo;activit\u00e9s auxquelles participer<\/li>\n<li style=\"font-weight: 400;\" aria-level=\"1\">La nature chaleureuse et accueillante des r\u00e9sidents<\/li>\n<li style=\"font-weight: 400;\" aria-level=\"1\">Moments de s\u00e9r\u00e9nit\u00e9 et de calme<\/li>\n<li style=\"font-weight: 400;\" aria-level=\"1\">La beaut\u00e9 inoubliable des Alpes<\/li>\n<li style=\"font-weight: 400;\" aria-level=\"1\">D\u00e9veloppement personnel<\/li>\n<\/ul>\n<h2><span class=\"ez-toc-section\" id=\"Conclusion\"><\/span><b>Conclusion<\/b><span class=\"ez-toc-section-end\"><\/span><\/h2>\n<p>Le camp international d&rsquo;\u00e9t\u00e9 et d&rsquo;hiver des Elfes reste l&rsquo;un des plus beaux camps du monde. Des milliers de campeurs s&rsquo;y rendent chaque ann\u00e9e pour profiter de l&rsquo;exp\u00e9rience alpine, participer \u00e0 un large \u00e9ventail d&rsquo;activit\u00e9s et s&rsquo;immerger dans les merveilles de l&rsquo;hiver. Le camp d&rsquo;\u00e9t\u00e9 des Elfes offre une combinaison d&rsquo;atmosph\u00e8re sereine, d&rsquo;hospitalit\u00e9 chaleureuse, d&rsquo;aventure et de beaut\u00e9 naturelle.    <\/p>\n<p>Si vous cherchez une raison d&rsquo;envoyer vos enfants en colonie de vacances, vous devriez consulter les commentaires sur les Elfes pour en \u00eatre convaincu. Ne laissez pas vos enfants lire des livres sur la colonie de vacances Les Elfes. Au lieu de cela, inscrivez-les au camp, pr\u00e9parez leur sac de voyage et laissez-les d\u00e9couvrir l&rsquo;attrait du camp Les Elfes de leurs propres yeux.  <\/p>\n<p><a href=\"https:\/\/www.leselfes.com\/fr\/camp-dete\/\" target=\"_blank\" rel=\"noopener\"><button style=\"background-color: #1e93c2; color: #fff; border: #E2804A;\" type=\"button\">Rejoindre les camps internationaux Les Elfes<\/button><\/a><\/p>\n<p><em><strong>Cr\u00e9dit d&rsquo;image :<\/strong><\/em><\/p>\n<ul>\n<li><a href=\"https:\/\/www.freepik.com\/free-photo\/beautiful-village-snow-covered-mountain_8280886.htm#query=swiss&amp;position=14&amp;from_view=search&amp;track=sph\" target=\"_blank\" rel=\"nofollow noopener\">Image by wirestock<\/a> on Freepik<\/li>\n<li><a href=\"https:\/\/www.freepik.com\/free-photo\/groups-hiking-tourists-trekking-snowy-white-rugged-mountains_8753549.htm#query=swiss%20outdoor%20in%20ice&amp;position=22&amp;from_view=search&amp;track=ais\" target=\"_blank\" rel=\"nofollow noopener\">Image by wirestock<\/a> on Freepik<\/li>\n<li><a href=\"https:\/\/www.freepik.com\/free-photo\/breakfast-platter-with-mixed-combination-foods_5450268.htm#query=Swiss%20Cuisine&amp;position=2&amp;from_view=search&amp;track=ais\" target=\"_blank\" rel=\"nofollow noopener\">Image by azerbaijan_stockers<\/a> on Freepik<\/li>\n<\/ul>\n","protected":false},"excerpt":{"rendered":"<p>Le camp d&rsquo;\u00e9t\u00e9 Les Elfes Suisse est situ\u00e9 \u00e0 Verbier. Le camp Les Elfes attire des milliers d&rsquo;enfants de diff\u00e9rentes parties du monde. Le camp est populairement connu pour sa&#8230;<\/p>\n","protected":false},"author":1,"featured_media":78486,"comment_status":"closed","ping_status":"open","sticky":false,"template":"","format":"standard","meta":{"_acf_changed":false,"inline_featured_image":false,"footnotes":""},"categories":[1356,1372],"tags":[1416,1932,1936],"class_list":{"0":"post-95604","1":"post","2":"type-post","3":"status-publish","4":"format-standard","5":"has-post-thumbnail","7":"category-articles-fr","8":"category-camp-dete","9":"tag-camp-dete","10":"tag-camp-dete-international","11":"tag-revoir-les-elfes"},"acf":[],"yoast_head":"<!-- This site is optimized with the Yoast SEO Premium plugin v24.2 (Yoast SEO v24.7) - https:\/\/yoast.com\/wordpress\/plugins\/seo\/ -->\n<title>Revisiter Les Elfes : Une exp\u00e9rience alpine enchanteresse pour les \u00e9tudiants<\/title>\n<meta name=\"description\" content=\"Revisiter Les Elfes - Profitez de la beaut\u00e9 des montagnes, offrez-vous des activit\u00e9s passionnantes et cr\u00e9ez des souvenirs qui dureront toute une vie.\" \/>\n<meta name=\"robots\" content=\"index, follow, max-snippet:-1, max-image-preview:large, max-video-preview:-1\" \/>\n<link rel=\"canonical\" href=\"https:\/\/www.leselfes.com\/fr\/revisiter-les-elfes-une-experience-alpine-enchanteresse-pour-les-etudiants\/\" \/>\n<meta property=\"og:locale\" content=\"fr_FR\" \/>\n<meta property=\"og:type\" content=\"article\" \/>\n<meta property=\"og:title\" content=\"Revisiter Les Elfes : Une exp\u00e9rience alpine enchanteresse pour les \u00e9tudiants\" \/>\n<meta property=\"og:description\" content=\"Revisiter Les Elfes - Profitez de la beaut\u00e9 des montagnes, offrez-vous des activit\u00e9s passionnantes et cr\u00e9ez des souvenirs qui dureront toute une vie.\" \/>\n<meta property=\"og:url\" content=\"https:\/\/www.leselfes.com\/fr\/revisiter-les-elfes-une-experience-alpine-enchanteresse-pour-les-etudiants\/\" \/>\n<meta property=\"og:site_name\" content=\"Les Elfes International Camps Switzerland\" \/>\n<meta property=\"article:publisher\" content=\"https:\/\/www.facebook.com\/LesElfesVerbier\" \/>\n<meta property=\"article:published_time\" content=\"2023-06-15T05:43:42+00:00\" \/>\n<meta property=\"article:modified_time\" content=\"2025-01-07T09:06:21+00:00\" \/>\n<meta property=\"og:image\" content=\"https:\/\/dev.leselfes.com\/wp-content\/uploads\/2023\/06\/Revisiting-Les-Elfes.jpg\" \/>\n\t<meta property=\"og:image:width\" content=\"975\" \/>\n\t<meta property=\"og:image:height\" content=\"675\" \/>\n\t<meta property=\"og:image:type\" content=\"image\/jpeg\" \/>\n<meta name=\"author\" content=\"lesadmin\" \/>\n<meta name=\"twitter:card\" content=\"summary_large_image\" \/>\n<meta name=\"twitter:creator\" content=\"@LesElfesCamps\" \/>\n<meta name=\"twitter:site\" content=\"@LesElfesCamps\" \/>\n<meta name=\"twitter:label1\" content=\"\u00c9crit par\" \/>\n\t<meta name=\"twitter:data1\" content=\"lesadmin\" \/>\n\t<meta name=\"twitter:label2\" content=\"Dur\u00e9e de lecture estim\u00e9e\" \/>\n\t<meta name=\"twitter:data2\" content=\"14 minutes\" \/>\n<script type=\"application\/ld+json\" class=\"yoast-schema-graph\">{\"@context\":\"https:\/\/schema.org\",\"@graph\":[{\"@type\":\"Article\",\"@id\":\"https:\/\/www.leselfes.com\/fr\/revisiter-les-elfes-une-experience-alpine-enchanteresse-pour-les-etudiants\/#article\",\"isPartOf\":{\"@id\":\"https:\/\/www.leselfes.com\/fr\/revisiter-les-elfes-une-experience-alpine-enchanteresse-pour-les-etudiants\/\"},\"author\":{\"name\":\"lesadmin\",\"@id\":\"https:\/\/dev.leselfes.com\/#\/schema\/person\/407a229698868b8c603874b19f37f289\"},\"headline\":\"Revisiter Les Elfes : Une exp\u00e9rience alpine enchanteresse pour les \u00e9tudiants\",\"datePublished\":\"2023-06-15T05:43:42+00:00\",\"dateModified\":\"2025-01-07T09:06:21+00:00\",\"mainEntityOfPage\":{\"@id\":\"https:\/\/www.leselfes.com\/fr\/revisiter-les-elfes-une-experience-alpine-enchanteresse-pour-les-etudiants\/\"},\"wordCount\":3007,\"publisher\":{\"@id\":\"https:\/\/dev.leselfes.com\/#organization\"},\"image\":{\"@id\":\"https:\/\/www.leselfes.com\/fr\/revisiter-les-elfes-une-experience-alpine-enchanteresse-pour-les-etudiants\/#primaryimage\"},\"thumbnailUrl\":\"https:\/\/www.leselfes.com\/wp-content\/uploads\/2023\/06\/Revisiting-Les-Elfes.jpg\",\"keywords\":[\"camp d'\u00e9t\u00e9\",\"camp d'\u00e9t\u00e9 international\",\"Revoir Les Elfes\"],\"articleSection\":[\"Articles\",\"Camp d'\u00e9t\u00e9\"],\"inLanguage\":\"fr-FR\"},{\"@type\":\"WebPage\",\"@id\":\"https:\/\/www.leselfes.com\/fr\/revisiter-les-elfes-une-experience-alpine-enchanteresse-pour-les-etudiants\/\",\"url\":\"https:\/\/www.leselfes.com\/fr\/revisiter-les-elfes-une-experience-alpine-enchanteresse-pour-les-etudiants\/\",\"name\":\"Revisiter Les Elfes : Une exp\u00e9rience alpine enchanteresse pour les \u00e9tudiants\",\"isPartOf\":{\"@id\":\"https:\/\/dev.leselfes.com\/#website\"},\"primaryImageOfPage\":{\"@id\":\"https:\/\/www.leselfes.com\/fr\/revisiter-les-elfes-une-experience-alpine-enchanteresse-pour-les-etudiants\/#primaryimage\"},\"image\":{\"@id\":\"https:\/\/www.leselfes.com\/fr\/revisiter-les-elfes-une-experience-alpine-enchanteresse-pour-les-etudiants\/#primaryimage\"},\"thumbnailUrl\":\"https:\/\/www.leselfes.com\/wp-content\/uploads\/2023\/06\/Revisiting-Les-Elfes.jpg\",\"datePublished\":\"2023-06-15T05:43:42+00:00\",\"dateModified\":\"2025-01-07T09:06:21+00:00\",\"description\":\"Revisiter Les Elfes - Profitez de la beaut\u00e9 des montagnes, offrez-vous des activit\u00e9s passionnantes et cr\u00e9ez des souvenirs qui dureront toute une vie.\",\"breadcrumb\":{\"@id\":\"https:\/\/www.leselfes.com\/fr\/revisiter-les-elfes-une-experience-alpine-enchanteresse-pour-les-etudiants\/#breadcrumb\"},\"inLanguage\":\"fr-FR\",\"potentialAction\":[{\"@type\":\"ReadAction\",\"target\":[\"https:\/\/www.leselfes.com\/fr\/revisiter-les-elfes-une-experience-alpine-enchanteresse-pour-les-etudiants\/\"]}]},{\"@type\":\"ImageObject\",\"inLanguage\":\"fr-FR\",\"@id\":\"https:\/\/www.leselfes.com\/fr\/revisiter-les-elfes-une-experience-alpine-enchanteresse-pour-les-etudiants\/#primaryimage\",\"url\":\"https:\/\/www.leselfes.com\/wp-content\/uploads\/2023\/06\/Revisiting-Les-Elfes.jpg\",\"contentUrl\":\"https:\/\/www.leselfes.com\/wp-content\/uploads\/2023\/06\/Revisiting-Les-Elfes.jpg\",\"width\":975,\"height\":675},{\"@type\":\"BreadcrumbList\",\"@id\":\"https:\/\/www.leselfes.com\/fr\/revisiter-les-elfes-une-experience-alpine-enchanteresse-pour-les-etudiants\/#breadcrumb\",\"itemListElement\":[{\"@type\":\"ListItem\",\"position\":1,\"name\":\"Home\",\"item\":\"https:\/\/www.leselfes.com\/fr\/\"},{\"@type\":\"ListItem\",\"position\":2,\"name\":\"Revisiter Les Elfes : Une exp\u00e9rience alpine enchanteresse pour les \u00e9tudiants\"}]},{\"@type\":\"WebSite\",\"@id\":\"https:\/\/dev.leselfes.com\/#website\",\"url\":\"https:\/\/dev.leselfes.com\/\",\"name\":\"Les Elfes International\",\"description\":\"Les Elfes International, Verbier Switzerland. Summer Camp, Winter Camp, Spring Camps.\",\"publisher\":{\"@id\":\"https:\/\/dev.leselfes.com\/#organization\"},\"alternateName\":\"Les Elfes International\",\"potentialAction\":[{\"@type\":\"SearchAction\",\"target\":{\"@type\":\"EntryPoint\",\"urlTemplate\":\"https:\/\/dev.leselfes.com\/?s={search_term_string}\"},\"query-input\":{\"@type\":\"PropertyValueSpecification\",\"valueRequired\":true,\"valueName\":\"search_term_string\"}}],\"inLanguage\":\"fr-FR\"},{\"@type\":\"Organization\",\"@id\":\"https:\/\/dev.leselfes.com\/#organization\",\"name\":\"Les Elfes International\",\"alternateName\":\"Les Elfes International\",\"url\":\"https:\/\/dev.leselfes.com\/\",\"logo\":{\"@type\":\"ImageObject\",\"inLanguage\":\"fr-FR\",\"@id\":\"https:\/\/dev.leselfes.com\/#\/schema\/logo\/image\/\",\"url\":\"https:\/\/www.leselfes.com\/wp-content\/uploads\/2022\/03\/leselfes-logo.png\",\"contentUrl\":\"https:\/\/www.leselfes.com\/wp-content\/uploads\/2022\/03\/leselfes-logo.png\",\"width\":233,\"height\":51,\"caption\":\"Les Elfes International\"},\"image\":{\"@id\":\"https:\/\/dev.leselfes.com\/#\/schema\/logo\/image\/\"},\"sameAs\":[\"https:\/\/www.facebook.com\/LesElfesVerbier\",\"https:\/\/x.com\/LesElfesCamps\",\"https:\/\/www.instagram.com\/leselfes\",\"https:\/\/www.linkedin.com\/company\/les-elfes-international\",\"https:\/\/www.youtube.com\/user\/LesElfesVerbier\"]},{\"@type\":\"Person\",\"@id\":\"https:\/\/dev.leselfes.com\/#\/schema\/person\/407a229698868b8c603874b19f37f289\",\"name\":\"lesadmin\",\"image\":{\"@type\":\"ImageObject\",\"inLanguage\":\"fr-FR\",\"@id\":\"https:\/\/dev.leselfes.com\/#\/schema\/person\/image\/\",\"url\":\"https:\/\/secure.gravatar.com\/avatar\/fdb243a028df450397b3632d862f87f6?s=96&d=mm&r=g\",\"contentUrl\":\"https:\/\/secure.gravatar.com\/avatar\/fdb243a028df450397b3632d862f87f6?s=96&d=mm&r=g\",\"caption\":\"lesadmin\"},\"url\":\"https:\/\/www.leselfes.com\/fr\/author\/lesadmin\/\"}]}<\/script>\n<!-- \/ Yoast SEO Premium plugin. -->","yoast_head_json":{"title":"Revisiter Les Elfes : Une exp\u00e9rience alpine enchanteresse pour les \u00e9tudiants","description":"Revisiter Les Elfes - Profitez de la beaut\u00e9 des montagnes, offrez-vous des activit\u00e9s passionnantes et cr\u00e9ez des souvenirs qui dureront toute une vie.","robots":{"index":"index","follow":"follow","max-snippet":"max-snippet:-1","max-image-preview":"max-image-preview:large","max-video-preview":"max-video-preview:-1"},"canonical":"https:\/\/www.leselfes.com\/fr\/revisiter-les-elfes-une-experience-alpine-enchanteresse-pour-les-etudiants\/","og_locale":"fr_FR","og_type":"article","og_title":"Revisiter Les Elfes : Une exp\u00e9rience alpine enchanteresse pour les \u00e9tudiants","og_description":"Revisiter Les Elfes - Profitez de la beaut\u00e9 des montagnes, offrez-vous des activit\u00e9s passionnantes et cr\u00e9ez des souvenirs qui dureront toute une vie.","og_url":"https:\/\/www.leselfes.com\/fr\/revisiter-les-elfes-une-experience-alpine-enchanteresse-pour-les-etudiants\/","og_site_name":"Les Elfes International Camps Switzerland","article_publisher":"https:\/\/www.facebook.com\/LesElfesVerbier","article_published_time":"2023-06-15T05:43:42+00:00","article_modified_time":"2025-01-07T09:06:21+00:00","og_image":[{"width":975,"height":675,"url":"https:\/\/dev.leselfes.com\/wp-content\/uploads\/2023\/06\/Revisiting-Les-Elfes.jpg","type":"image\/jpeg"}],"author":"lesadmin","twitter_card":"summary_large_image","twitter_creator":"@LesElfesCamps","twitter_site":"@LesElfesCamps","twitter_misc":{"\u00c9crit par":"lesadmin","Dur\u00e9e de lecture estim\u00e9e":"14 minutes"},"schema":{"@context":"https:\/\/schema.org","@graph":[{"@type":"Article","@id":"https:\/\/www.leselfes.com\/fr\/revisiter-les-elfes-une-experience-alpine-enchanteresse-pour-les-etudiants\/#article","isPartOf":{"@id":"https:\/\/www.leselfes.com\/fr\/revisiter-les-elfes-une-experience-alpine-enchanteresse-pour-les-etudiants\/"},"author":{"name":"lesadmin","@id":"https:\/\/dev.leselfes.com\/#\/schema\/person\/407a229698868b8c603874b19f37f289"},"headline":"Revisiter Les Elfes : Une exp\u00e9rience alpine enchanteresse pour les \u00e9tudiants","datePublished":"2023-06-15T05:43:42+00:00","dateModified":"2025-01-07T09:06:21+00:00","mainEntityOfPage":{"@id":"https:\/\/www.leselfes.com\/fr\/revisiter-les-elfes-une-experience-alpine-enchanteresse-pour-les-etudiants\/"},"wordCount":3007,"publisher":{"@id":"https:\/\/dev.leselfes.com\/#organization"},"image":{"@id":"https:\/\/www.leselfes.com\/fr\/revisiter-les-elfes-une-experience-alpine-enchanteresse-pour-les-etudiants\/#primaryimage"},"thumbnailUrl":"https:\/\/www.leselfes.com\/wp-content\/uploads\/2023\/06\/Revisiting-Les-Elfes.jpg","keywords":["camp d'\u00e9t\u00e9","camp d'\u00e9t\u00e9 international","Revoir Les Elfes"],"articleSection":["Articles","Camp d'\u00e9t\u00e9"],"inLanguage":"fr-FR"},{"@type":"WebPage","@id":"https:\/\/www.leselfes.com\/fr\/revisiter-les-elfes-une-experience-alpine-enchanteresse-pour-les-etudiants\/","url":"https:\/\/www.leselfes.com\/fr\/revisiter-les-elfes-une-experience-alpine-enchanteresse-pour-les-etudiants\/","name":"Revisiter Les Elfes : Une exp\u00e9rience alpine enchanteresse pour les \u00e9tudiants","isPartOf":{"@id":"https:\/\/dev.leselfes.com\/#website"},"primaryImageOfPage":{"@id":"https:\/\/www.leselfes.com\/fr\/revisiter-les-elfes-une-experience-alpine-enchanteresse-pour-les-etudiants\/#primaryimage"},"image":{"@id":"https:\/\/www.leselfes.com\/fr\/revisiter-les-elfes-une-experience-alpine-enchanteresse-pour-les-etudiants\/#primaryimage"},"thumbnailUrl":"https:\/\/www.leselfes.com\/wp-content\/uploads\/2023\/06\/Revisiting-Les-Elfes.jpg","datePublished":"2023-06-15T05:43:42+00:00","dateModified":"2025-01-07T09:06:21+00:00","description":"Revisiter Les Elfes - Profitez de la beaut\u00e9 des montagnes, offrez-vous des activit\u00e9s passionnantes et cr\u00e9ez des souvenirs qui dureront toute une vie.","breadcrumb":{"@id":"https:\/\/www.leselfes.com\/fr\/revisiter-les-elfes-une-experience-alpine-enchanteresse-pour-les-etudiants\/#breadcrumb"},"inLanguage":"fr-FR","potentialAction":[{"@type":"ReadAction","target":["https:\/\/www.leselfes.com\/fr\/revisiter-les-elfes-une-experience-alpine-enchanteresse-pour-les-etudiants\/"]}]},{"@type":"ImageObject","inLanguage":"fr-FR","@id":"https:\/\/www.leselfes.com\/fr\/revisiter-les-elfes-une-experience-alpine-enchanteresse-pour-les-etudiants\/#primaryimage","url":"https:\/\/www.leselfes.com\/wp-content\/uploads\/2023\/06\/Revisiting-Les-Elfes.jpg","contentUrl":"https:\/\/www.leselfes.com\/wp-content\/uploads\/2023\/06\/Revisiting-Les-Elfes.jpg","width":975,"height":675},{"@type":"BreadcrumbList","@id":"https:\/\/www.leselfes.com\/fr\/revisiter-les-elfes-une-experience-alpine-enchanteresse-pour-les-etudiants\/#breadcrumb","itemListElement":[{"@type":"ListItem","position":1,"name":"Home","item":"https:\/\/www.leselfes.com\/fr\/"},{"@type":"ListItem","position":2,"name":"Revisiter Les Elfes : Une exp\u00e9rience alpine enchanteresse pour les \u00e9tudiants"}]},{"@type":"WebSite","@id":"https:\/\/dev.leselfes.com\/#website","url":"https:\/\/dev.leselfes.com\/","name":"Les Elfes International","description":"Les Elfes International, Verbier Switzerland. Summer Camp, Winter Camp, Spring Camps.","publisher":{"@id":"https:\/\/dev.leselfes.com\/#organization"},"alternateName":"Les Elfes International","potentialAction":[{"@type":"SearchAction","target":{"@type":"EntryPoint","urlTemplate":"https:\/\/dev.leselfes.com\/?s={search_term_string}"},"query-input":{"@type":"PropertyValueSpecification","valueRequired":true,"valueName":"search_term_string"}}],"inLanguage":"fr-FR"},{"@type":"Organization","@id":"https:\/\/dev.leselfes.com\/#organization","name":"Les Elfes International","alternateName":"Les Elfes International","url":"https:\/\/dev.leselfes.com\/","logo":{"@type":"ImageObject","inLanguage":"fr-FR","@id":"https:\/\/dev.leselfes.com\/#\/schema\/logo\/image\/","url":"https:\/\/www.leselfes.com\/wp-content\/uploads\/2022\/03\/leselfes-logo.png","contentUrl":"https:\/\/www.leselfes.com\/wp-content\/uploads\/2022\/03\/leselfes-logo.png","width":233,"height":51,"caption":"Les Elfes International"},"image":{"@id":"https:\/\/dev.leselfes.com\/#\/schema\/logo\/image\/"},"sameAs":["https:\/\/www.facebook.com\/LesElfesVerbier","https:\/\/x.com\/LesElfesCamps","https:\/\/www.instagram.com\/leselfes","https:\/\/www.linkedin.com\/company\/les-elfes-international","https:\/\/www.youtube.com\/user\/LesElfesVerbier"]},{"@type":"Person","@id":"https:\/\/dev.leselfes.com\/#\/schema\/person\/407a229698868b8c603874b19f37f289","name":"lesadmin","image":{"@type":"ImageObject","inLanguage":"fr-FR","@id":"https:\/\/dev.leselfes.com\/#\/schema\/person\/image\/","url":"https:\/\/secure.gravatar.com\/avatar\/fdb243a028df450397b3632d862f87f6?s=96&d=mm&r=g","contentUrl":"https:\/\/secure.gravatar.com\/avatar\/fdb243a028df450397b3632d862f87f6?s=96&d=mm&r=g","caption":"lesadmin"},"url":"https:\/\/www.leselfes.com\/fr\/author\/lesadmin\/"}]}},"_links":{"self":[{"href":"https:\/\/www.leselfes.com\/fr\/wp-json\/wp\/v2\/posts\/95604"}],"collection":[{"href":"https:\/\/www.leselfes.com\/fr\/wp-json\/wp\/v2\/posts"}],"about":[{"href":"https:\/\/www.leselfes.com\/fr\/wp-json\/wp\/v2\/types\/post"}],"author":[{"embeddable":true,"href":"https:\/\/www.leselfes.com\/fr\/wp-json\/wp\/v2\/users\/1"}],"replies":[{"embeddable":true,"href":"https:\/\/www.leselfes.com\/fr\/wp-json\/wp\/v2\/comments?post=95604"}],"version-history":[{"count":0,"href":"https:\/\/www.leselfes.com\/fr\/wp-json\/wp\/v2\/posts\/95604\/revisions"}],"wp:featuredmedia":[{"embeddable":true,"href":"https:\/\/www.leselfes.com\/fr\/wp-json\/wp\/v2\/media\/78486"}],"wp:attachment":[{"href":"https:\/\/www.leselfes.com\/fr\/wp-json\/wp\/v2\/media?parent=95604"}],"wp:term":[{"taxonomy":"category","embeddable":true,"href":"https:\/\/www.leselfes.com\/fr\/wp-json\/wp\/v2\/categories?post=95604"},{"taxonomy":"post_tag","embeddable":true,"href":"https:\/\/www.leselfes.com\/fr\/wp-json\/wp\/v2\/tags?post=95604"}],"curies":[{"name":"wp","href":"https:\/\/api.w.org\/{rel}","templated":true}]}}