{"id":95612,"date":"2023-08-24T08:07:41","date_gmt":"2023-08-24T06:07:41","guid":{"rendered":"https:\/\/www.leselfes.com\/transition-dans-la-direction-des-camps-internationaux-les-elfes\/"},"modified":"2025-01-07T10:06:11","modified_gmt":"2025-01-07T09:06:11","slug":"transition-dans-la-direction-des-camps-internationaux-les-elfes","status":"publish","type":"post","link":"https:\/\/www.leselfes.com\/fr\/transition-dans-la-direction-des-camps-internationaux-les-elfes\/","title":{"rendered":"Transition dans la direction des camps internationaux Les Elfes"},"content":{"rendered":"<p><img decoding=\"async\" width=\"640\" height=\"360\" src=\"https:\/\/www.leselfes.com\/wp-content\/uploads\/2023\/08\/Les-Elfes-International-Swiss-company-since-1987-1024x576.webp\" alt=\"\" loading=\"lazy\" srcset=\"https:\/\/www.leselfes.com\/wp-content\/uploads\/2023\/08\/Les-Elfes-International-Swiss-company-since-1987-1024x576.webp 1024w, https:\/\/www.leselfes.com\/wp-content\/uploads\/2023\/08\/Les-Elfes-International-Swiss-company-since-1987-300x169.webp 300w, https:\/\/www.leselfes.com\/wp-content\/uploads\/2023\/08\/Les-Elfes-International-Swiss-company-since-1987-768x432.webp 768w, https:\/\/www.leselfes.com\/wp-content\/uploads\/2023\/08\/Les-Elfes-International-Swiss-company-since-1987-1536x864.webp 1536w, https:\/\/www.leselfes.com\/wp-content\/uploads\/2023\/08\/Les-Elfes-International-Swiss-company-since-1987.webp 1920w\" sizes=\"(max-width: 640px) 100vw, 640px\">\t\t\t\t\t\t\t\t\t\t\t\t\t\t\t<\/p>\n<p>Nous sommes ravis d&rsquo;annoncer une importante transition de la direction des Elfes International, qui marque une nouvelle \u00e8re de croissance et d&rsquo;innovation pour notre organisation.  <\/p>\n<p>Apr\u00e8s 36 ans de d\u00e9vouement et de leadership remarquables, notre estim\u00e9 PDG, Philippe Stettler, \u00e9galement fondateur des Elfes International, a d\u00e9cid\u00e9 de passer le flambeau \u00e0 sa fille, Alexandra Stettler.<\/p>\n<p style=\"text-align: center;\"><a href=\"https:\/\/www.leselfes.com\/fr\/camp-dhiver\/\" target=\"_blank\" rel=\"noopener\"><button style=\"background-color: #1e93c2; color: #fff; border: #E2804A;\" type=\"button\">En savoir plus sur le camp d&rsquo;hiver Les Elfes 2024<\/button><\/a><\/p>\n<p>Alexandra apporte une grande richesse de connaissances et d&rsquo;exp\u00e9riences \u00e0 son nouveau r\u00f4le de PDG, ayant poursuivi ses \u00e9tudes \u00e0 la prestigieuse EHL Hospitality Business &amp; Hotel Management School \u00e0 Lausanne, suivies d&rsquo;\u00e9tudes avanc\u00e9es \u00e0 l&rsquo;ESADE Business School en Espagne.<br \/>\nAvec plus de 7 ans d&rsquo;exp\u00e9rience dans le secteur financier en Suisse et \u00e0 Singapour, l&rsquo;exp\u00e9rience diversifi\u00e9e d&rsquo;Alexandra lui permet de mener Les Elfes International vers un avenir passionnant.<br \/>\nEn outre, Alexandra s&rsquo;est d\u00e9j\u00e0 impliqu\u00e9e activement dans les camps Les Elfes, ayant \u00e9t\u00e9 campeuse dans son enfance, ayant servi dans diff\u00e9rents d\u00e9partements \u00e0 l&rsquo;\u00e2ge adulte, ayant voyag\u00e9 pour la promotion en Am\u00e9rique du Sud et en Asie, et ayant particip\u00e9 \u00e0 l&rsquo;\u00e9laboration de notre projet d&rsquo;expansion au Japon.<br \/>\nComme le dirait Alexandra :   <\/p>\n<p>\t\t\t\t\t\t\t\t\t\t\t\t\t\t\t<img decoding=\"async\" width=\"601\" height=\"800\" src=\"https:\/\/www.leselfes.com\/wp-content\/uploads\/2023\/08\/Alexandra-Stettler-Les-Elfes-camps.webp\" alt=\"\" loading=\"lazy\" srcset=\"https:\/\/www.leselfes.com\/wp-content\/uploads\/2023\/08\/Alexandra-Stettler-Les-Elfes-camps.webp 601w, https:\/\/www.leselfes.com\/wp-content\/uploads\/2023\/08\/Alexandra-Stettler-Les-Elfes-camps-225x300.webp 225w\" sizes=\"(max-width: 601px) 100vw, 601px\">\t\t\t\t\t\t\t\t\t\t\t\t\t\t\t<\/p>\n<p>\u00ab\u00a0Les Elfes est comme un troisi\u00e8me enfant dans notre famille et a jou\u00e9 un r\u00f4le central dans l&rsquo;\u00e9laboration de ma vie et de mon \u00e9ducation. J&rsquo;appr\u00e9cie et j&rsquo;aime profond\u00e9ment cette belle entreprise qu&rsquo;est Les Elfes, non seulement pour les souvenirs qu&rsquo;elle m&rsquo;a laiss\u00e9s, mais aussi pour l&rsquo;exp\u00e9rience unique et inoubliable que l&rsquo;\u00e9quipe des Elfes parvient \u00e0 faire vivre aux enfants et pour le potentiel qui s&rsquo;offre \u00e0 nous en continuant \u00e0 d\u00e9velopper cette entreprise\u00a0\u00bb.<\/p>\n<\/p>\n<p>Nous exprimons notre sinc\u00e8re gratitude \u00e0 Philippe Stettler qui, gr\u00e2ce \u00e0 son leadership visionnaire, a transform\u00e9 Les Elfes International d&rsquo;une initiative modeste avec 50 \u00e9tudiants par an et un seul campus lou\u00e9, en une institution de renomm\u00e9e mondiale accueillant plus de 10 000 \u00e9tudiants par an.<br \/>\nSon d\u00e9vouement nous a permis d&rsquo;\u00e9tendre notre port\u00e9e \u00e0 des \u00e9tudiants de plus de 70 pays et \u00e0 des groupes scolaires de plus de 200 \u00e9coles dans le monde entier, de construire un campus priv\u00e9 de deux chalets et de d\u00e9velopper trois autres campus sur diff\u00e9rents sites.<br \/>\nEn outre, son engagement continu a jet\u00e9 les bases de notre derni\u00e8re entreprise, le projet r\u00e9volutionnaire de Niseko, au Japon.  <\/p>\n<p>Nous avons le plaisir de vous informer que Philippe Stettler continuera \u00e0 faire partie des Elfes International, en menant de nouveaux projets en Suisse et au Japon.<br \/>\nSon engagement continu promet d&rsquo;apporter des opportunit\u00e9s et des avanc\u00e9es passionnantes pour notre organisation. <\/p>\n<p>En entrant dans son nouveau r\u00f4le de PDG, Alexandra h\u00e9rite des fondations solides construites par son p\u00e8re et sa m\u00e8re, qui fait \u00e9galement partie int\u00e9grante de l&rsquo;entreprise, et elle est pr\u00eate \u00e0 diriger Les Elfes International avec d\u00e9vouement et vision. Nous sommes convaincus qu&rsquo;elle saura maintenir les valeurs et les normes qui sont synonymes de notre nom. <\/p>\n<p>Nous souhaitons \u00e0 Alexandra et \u00e0 Philippe beaucoup de succ\u00e8s dans leurs fonctions respectives.<\/p>\n<p>Nous nous r\u00e9jouissons de votre soutien et de votre partenariat continus alors que nous entamons ensemble ce nouveau chapitre.<\/p>\n<p>Merci de faire partie de la famille Les Elfes International.<\/p>\n<p style=\"text-align: center;\"><a href=\"https:\/\/www.leselfes.com\/fr\/camp-dhiver\/inscrivez-vous-au-camp-dhiver\/\" target=\"_blank\" rel=\"noopener\"><button style=\"background-color: #1e93c2; color: #fff; border: #E2804A;\" type=\"button\">Rejoignez le camp d&rsquo;hiver 2024 de LES ELFES<\/button><\/a><\/p>\n","protected":false},"excerpt":{"rendered":"<p>Nous sommes ravis d&rsquo;annoncer une importante transition de la direction des Elfes International, qui marque une nouvelle \u00e8re de croissance et d&rsquo;innovation pour notre organisation. Apr\u00e8s 36 ans de d\u00e9vouement&#8230;<\/p>\n","protected":false},"author":1,"featured_media":80329,"comment_status":"closed","ping_status":"open","sticky":false,"template":"","format":"standard","meta":{"_acf_changed":false,"inline_featured_image":false,"footnotes":""},"categories":[1356,1355],"tags":[],"class_list":{"0":"post-95612","1":"post","2":"type-post","3":"status-publish","4":"format-standard","5":"has-post-thumbnail","7":"category-articles-fr","8":"category-camp-dhiver"},"acf":[],"yoast_head":"<!-- This site is optimized with the Yoast SEO Premium plugin v24.2 (Yoast SEO v24.7) - https:\/\/yoast.com\/wordpress\/plugins\/seo\/ -->\n<title>La technique du ski et du snowboard et la composante \u00e9ducative qu&#039;elle apporte<\/title>\n<meta name=\"description\" content=\"Lisez la suite pour comprendre l&#039;importance de l&#039;apprentissage des techniques de ski et de snowboard et son impact \u00e9ducatif.\" \/>\n<meta name=\"robots\" content=\"index, follow, max-snippet:-1, max-image-preview:large, max-video-preview:-1\" \/>\n<link rel=\"canonical\" href=\"https:\/\/www.leselfes.com\/fr\/transition-dans-la-direction-des-camps-internationaux-les-elfes\/\" \/>\n<meta property=\"og:locale\" content=\"fr_FR\" \/>\n<meta property=\"og:type\" content=\"article\" \/>\n<meta property=\"og:title\" content=\"Transition dans la direction des camps internationaux Les Elfes\" \/>\n<meta property=\"og:description\" content=\"Lisez la suite pour comprendre l&#039;importance de l&#039;apprentissage des techniques de ski et de snowboard et son impact \u00e9ducatif.\" \/>\n<meta property=\"og:url\" content=\"https:\/\/www.leselfes.com\/fr\/transition-dans-la-direction-des-camps-internationaux-les-elfes\/\" \/>\n<meta property=\"og:site_name\" content=\"Les Elfes International Camps Switzerland\" \/>\n<meta property=\"article:publisher\" content=\"https:\/\/www.facebook.com\/LesElfesVerbier\" \/>\n<meta property=\"article:published_time\" content=\"2023-08-24T06:07:41+00:00\" \/>\n<meta property=\"article:modified_time\" content=\"2025-01-07T09:06:11+00:00\" \/>\n<meta property=\"og:image\" content=\"https:\/\/dev.leselfes.com\/wp-content\/uploads\/2023\/08\/Les-Elfes-International-Swiss-company-since-1987.webp\" \/>\n\t<meta property=\"og:image:width\" content=\"1920\" \/>\n\t<meta property=\"og:image:height\" content=\"1080\" \/>\n\t<meta property=\"og:image:type\" content=\"image\/webp\" \/>\n<meta name=\"author\" content=\"lesadmin\" \/>\n<meta name=\"twitter:card\" content=\"summary_large_image\" \/>\n<meta name=\"twitter:creator\" content=\"@LesElfesCamps\" \/>\n<meta name=\"twitter:site\" content=\"@LesElfesCamps\" \/>\n<meta name=\"twitter:label1\" content=\"\u00c9crit par\" \/>\n\t<meta name=\"twitter:data1\" content=\"lesadmin\" \/>\n\t<meta name=\"twitter:label2\" content=\"Dur\u00e9e de lecture estim\u00e9e\" \/>\n\t<meta name=\"twitter:data2\" content=\"3 minutes\" \/>\n<script type=\"application\/ld+json\" class=\"yoast-schema-graph\">{\"@context\":\"https:\/\/schema.org\",\"@graph\":[{\"@type\":\"Article\",\"@id\":\"https:\/\/www.leselfes.com\/fr\/transition-dans-la-direction-des-camps-internationaux-les-elfes\/#article\",\"isPartOf\":{\"@id\":\"https:\/\/www.leselfes.com\/fr\/transition-dans-la-direction-des-camps-internationaux-les-elfes\/\"},\"author\":{\"name\":\"lesadmin\",\"@id\":\"https:\/\/dev.leselfes.com\/#\/schema\/person\/407a229698868b8c603874b19f37f289\"},\"headline\":\"Transition dans la direction des camps internationaux Les Elfes\",\"datePublished\":\"2023-08-24T06:07:41+00:00\",\"dateModified\":\"2025-01-07T09:06:11+00:00\",\"mainEntityOfPage\":{\"@id\":\"https:\/\/www.leselfes.com\/fr\/transition-dans-la-direction-des-camps-internationaux-les-elfes\/\"},\"wordCount\":573,\"publisher\":{\"@id\":\"https:\/\/dev.leselfes.com\/#organization\"},\"image\":{\"@id\":\"https:\/\/www.leselfes.com\/fr\/transition-dans-la-direction-des-camps-internationaux-les-elfes\/#primaryimage\"},\"thumbnailUrl\":\"https:\/\/www.leselfes.com\/wp-content\/uploads\/2023\/08\/Les-Elfes-International-Swiss-company-since-1987.webp\",\"articleSection\":[\"Articles\",\"Camp d'hiver\"],\"inLanguage\":\"fr-FR\"},{\"@type\":\"WebPage\",\"@id\":\"https:\/\/www.leselfes.com\/fr\/transition-dans-la-direction-des-camps-internationaux-les-elfes\/\",\"url\":\"https:\/\/www.leselfes.com\/fr\/transition-dans-la-direction-des-camps-internationaux-les-elfes\/\",\"name\":\"La technique du ski et du snowboard et la composante \u00e9ducative qu'elle apporte\",\"isPartOf\":{\"@id\":\"https:\/\/dev.leselfes.com\/#website\"},\"primaryImageOfPage\":{\"@id\":\"https:\/\/www.leselfes.com\/fr\/transition-dans-la-direction-des-camps-internationaux-les-elfes\/#primaryimage\"},\"image\":{\"@id\":\"https:\/\/www.leselfes.com\/fr\/transition-dans-la-direction-des-camps-internationaux-les-elfes\/#primaryimage\"},\"thumbnailUrl\":\"https:\/\/www.leselfes.com\/wp-content\/uploads\/2023\/08\/Les-Elfes-International-Swiss-company-since-1987.webp\",\"datePublished\":\"2023-08-24T06:07:41+00:00\",\"dateModified\":\"2025-01-07T09:06:11+00:00\",\"description\":\"Lisez la suite pour comprendre l'importance de l'apprentissage des techniques de ski et de snowboard et son impact \u00e9ducatif.\",\"breadcrumb\":{\"@id\":\"https:\/\/www.leselfes.com\/fr\/transition-dans-la-direction-des-camps-internationaux-les-elfes\/#breadcrumb\"},\"inLanguage\":\"fr-FR\",\"potentialAction\":[{\"@type\":\"ReadAction\",\"target\":[\"https:\/\/www.leselfes.com\/fr\/transition-dans-la-direction-des-camps-internationaux-les-elfes\/\"]}]},{\"@type\":\"ImageObject\",\"inLanguage\":\"fr-FR\",\"@id\":\"https:\/\/www.leselfes.com\/fr\/transition-dans-la-direction-des-camps-internationaux-les-elfes\/#primaryimage\",\"url\":\"https:\/\/www.leselfes.com\/wp-content\/uploads\/2023\/08\/Les-Elfes-International-Swiss-company-since-1987.webp\",\"contentUrl\":\"https:\/\/www.leselfes.com\/wp-content\/uploads\/2023\/08\/Les-Elfes-International-Swiss-company-since-1987.webp\",\"width\":1920,\"height\":1080},{\"@type\":\"BreadcrumbList\",\"@id\":\"https:\/\/www.leselfes.com\/fr\/transition-dans-la-direction-des-camps-internationaux-les-elfes\/#breadcrumb\",\"itemListElement\":[{\"@type\":\"ListItem\",\"position\":1,\"name\":\"Home\",\"item\":\"https:\/\/www.leselfes.com\/fr\/\"},{\"@type\":\"ListItem\",\"position\":2,\"name\":\"Transition dans la direction des camps internationaux Les Elfes\"}]},{\"@type\":\"WebSite\",\"@id\":\"https:\/\/dev.leselfes.com\/#website\",\"url\":\"https:\/\/dev.leselfes.com\/\",\"name\":\"Les Elfes International\",\"description\":\"Les Elfes International, Verbier Switzerland. Summer Camp, Winter Camp, Spring Camps.\",\"publisher\":{\"@id\":\"https:\/\/dev.leselfes.com\/#organization\"},\"alternateName\":\"Les Elfes International\",\"potentialAction\":[{\"@type\":\"SearchAction\",\"target\":{\"@type\":\"EntryPoint\",\"urlTemplate\":\"https:\/\/dev.leselfes.com\/?s={search_term_string}\"},\"query-input\":{\"@type\":\"PropertyValueSpecification\",\"valueRequired\":true,\"valueName\":\"search_term_string\"}}],\"inLanguage\":\"fr-FR\"},{\"@type\":\"Organization\",\"@id\":\"https:\/\/dev.leselfes.com\/#organization\",\"name\":\"Les Elfes International\",\"alternateName\":\"Les Elfes International\",\"url\":\"https:\/\/dev.leselfes.com\/\",\"logo\":{\"@type\":\"ImageObject\",\"inLanguage\":\"fr-FR\",\"@id\":\"https:\/\/dev.leselfes.com\/#\/schema\/logo\/image\/\",\"url\":\"https:\/\/www.leselfes.com\/wp-content\/uploads\/2022\/03\/leselfes-logo.png\",\"contentUrl\":\"https:\/\/www.leselfes.com\/wp-content\/uploads\/2022\/03\/leselfes-logo.png\",\"width\":233,\"height\":51,\"caption\":\"Les Elfes International\"},\"image\":{\"@id\":\"https:\/\/dev.leselfes.com\/#\/schema\/logo\/image\/\"},\"sameAs\":[\"https:\/\/www.facebook.com\/LesElfesVerbier\",\"https:\/\/x.com\/LesElfesCamps\",\"https:\/\/www.instagram.com\/leselfes\",\"https:\/\/www.linkedin.com\/company\/les-elfes-international\",\"https:\/\/www.youtube.com\/user\/LesElfesVerbier\"]},{\"@type\":\"Person\",\"@id\":\"https:\/\/dev.leselfes.com\/#\/schema\/person\/407a229698868b8c603874b19f37f289\",\"name\":\"lesadmin\",\"image\":{\"@type\":\"ImageObject\",\"inLanguage\":\"fr-FR\",\"@id\":\"https:\/\/dev.leselfes.com\/#\/schema\/person\/image\/\",\"url\":\"https:\/\/secure.gravatar.com\/avatar\/fdb243a028df450397b3632d862f87f6?s=96&d=mm&r=g\",\"contentUrl\":\"https:\/\/secure.gravatar.com\/avatar\/fdb243a028df450397b3632d862f87f6?s=96&d=mm&r=g\",\"caption\":\"lesadmin\"},\"url\":\"https:\/\/www.leselfes.com\/fr\/author\/lesadmin\/\"}]}<\/script>\n<!-- \/ Yoast SEO Premium plugin. -->","yoast_head_json":{"title":"La technique du ski et du snowboard et la composante \u00e9ducative qu'elle apporte","description":"Lisez la suite pour comprendre l'importance de l'apprentissage des techniques de ski et de snowboard et son impact \u00e9ducatif.","robots":{"index":"index","follow":"follow","max-snippet":"max-snippet:-1","max-image-preview":"max-image-preview:large","max-video-preview":"max-video-preview:-1"},"canonical":"https:\/\/www.leselfes.com\/fr\/transition-dans-la-direction-des-camps-internationaux-les-elfes\/","og_locale":"fr_FR","og_type":"article","og_title":"Transition dans la direction des camps internationaux Les Elfes","og_description":"Lisez la suite pour comprendre l'importance de l'apprentissage des techniques de ski et de snowboard et son impact \u00e9ducatif.","og_url":"https:\/\/www.leselfes.com\/fr\/transition-dans-la-direction-des-camps-internationaux-les-elfes\/","og_site_name":"Les Elfes International Camps Switzerland","article_publisher":"https:\/\/www.facebook.com\/LesElfesVerbier","article_published_time":"2023-08-24T06:07:41+00:00","article_modified_time":"2025-01-07T09:06:11+00:00","og_image":[{"width":1920,"height":1080,"url":"https:\/\/dev.leselfes.com\/wp-content\/uploads\/2023\/08\/Les-Elfes-International-Swiss-company-since-1987.webp","type":"image\/webp"}],"author":"lesadmin","twitter_card":"summary_large_image","twitter_creator":"@LesElfesCamps","twitter_site":"@LesElfesCamps","twitter_misc":{"\u00c9crit par":"lesadmin","Dur\u00e9e de lecture estim\u00e9e":"3 minutes"},"schema":{"@context":"https:\/\/schema.org","@graph":[{"@type":"Article","@id":"https:\/\/www.leselfes.com\/fr\/transition-dans-la-direction-des-camps-internationaux-les-elfes\/#article","isPartOf":{"@id":"https:\/\/www.leselfes.com\/fr\/transition-dans-la-direction-des-camps-internationaux-les-elfes\/"},"author":{"name":"lesadmin","@id":"https:\/\/dev.leselfes.com\/#\/schema\/person\/407a229698868b8c603874b19f37f289"},"headline":"Transition dans la direction des camps internationaux Les Elfes","datePublished":"2023-08-24T06:07:41+00:00","dateModified":"2025-01-07T09:06:11+00:00","mainEntityOfPage":{"@id":"https:\/\/www.leselfes.com\/fr\/transition-dans-la-direction-des-camps-internationaux-les-elfes\/"},"wordCount":573,"publisher":{"@id":"https:\/\/dev.leselfes.com\/#organization"},"image":{"@id":"https:\/\/www.leselfes.com\/fr\/transition-dans-la-direction-des-camps-internationaux-les-elfes\/#primaryimage"},"thumbnailUrl":"https:\/\/www.leselfes.com\/wp-content\/uploads\/2023\/08\/Les-Elfes-International-Swiss-company-since-1987.webp","articleSection":["Articles","Camp d'hiver"],"inLanguage":"fr-FR"},{"@type":"WebPage","@id":"https:\/\/www.leselfes.com\/fr\/transition-dans-la-direction-des-camps-internationaux-les-elfes\/","url":"https:\/\/www.leselfes.com\/fr\/transition-dans-la-direction-des-camps-internationaux-les-elfes\/","name":"La technique du ski et du snowboard et la composante \u00e9ducative qu'elle apporte","isPartOf":{"@id":"https:\/\/dev.leselfes.com\/#website"},"primaryImageOfPage":{"@id":"https:\/\/www.leselfes.com\/fr\/transition-dans-la-direction-des-camps-internationaux-les-elfes\/#primaryimage"},"image":{"@id":"https:\/\/www.leselfes.com\/fr\/transition-dans-la-direction-des-camps-internationaux-les-elfes\/#primaryimage"},"thumbnailUrl":"https:\/\/www.leselfes.com\/wp-content\/uploads\/2023\/08\/Les-Elfes-International-Swiss-company-since-1987.webp","datePublished":"2023-08-24T06:07:41+00:00","dateModified":"2025-01-07T09:06:11+00:00","description":"Lisez la suite pour comprendre l'importance de l'apprentissage des techniques de ski et de snowboard et son impact \u00e9ducatif.","breadcrumb":{"@id":"https:\/\/www.leselfes.com\/fr\/transition-dans-la-direction-des-camps-internationaux-les-elfes\/#breadcrumb"},"inLanguage":"fr-FR","potentialAction":[{"@type":"ReadAction","target":["https:\/\/www.leselfes.com\/fr\/transition-dans-la-direction-des-camps-internationaux-les-elfes\/"]}]},{"@type":"ImageObject","inLanguage":"fr-FR","@id":"https:\/\/www.leselfes.com\/fr\/transition-dans-la-direction-des-camps-internationaux-les-elfes\/#primaryimage","url":"https:\/\/www.leselfes.com\/wp-content\/uploads\/2023\/08\/Les-Elfes-International-Swiss-company-since-1987.webp","contentUrl":"https:\/\/www.leselfes.com\/wp-content\/uploads\/2023\/08\/Les-Elfes-International-Swiss-company-since-1987.webp","width":1920,"height":1080},{"@type":"BreadcrumbList","@id":"https:\/\/www.leselfes.com\/fr\/transition-dans-la-direction-des-camps-internationaux-les-elfes\/#breadcrumb","itemListElement":[{"@type":"ListItem","position":1,"name":"Home","item":"https:\/\/www.leselfes.com\/fr\/"},{"@type":"ListItem","position":2,"name":"Transition dans la direction des camps internationaux Les Elfes"}]},{"@type":"WebSite","@id":"https:\/\/dev.leselfes.com\/#website","url":"https:\/\/dev.leselfes.com\/","name":"Les Elfes International","description":"Les Elfes International, Verbier Switzerland. Summer Camp, Winter Camp, Spring Camps.","publisher":{"@id":"https:\/\/dev.leselfes.com\/#organization"},"alternateName":"Les Elfes International","potentialAction":[{"@type":"SearchAction","target":{"@type":"EntryPoint","urlTemplate":"https:\/\/dev.leselfes.com\/?s={search_term_string}"},"query-input":{"@type":"PropertyValueSpecification","valueRequired":true,"valueName":"search_term_string"}}],"inLanguage":"fr-FR"},{"@type":"Organization","@id":"https:\/\/dev.leselfes.com\/#organization","name":"Les Elfes International","alternateName":"Les Elfes International","url":"https:\/\/dev.leselfes.com\/","logo":{"@type":"ImageObject","inLanguage":"fr-FR","@id":"https:\/\/dev.leselfes.com\/#\/schema\/logo\/image\/","url":"https:\/\/www.leselfes.com\/wp-content\/uploads\/2022\/03\/leselfes-logo.png","contentUrl":"https:\/\/www.leselfes.com\/wp-content\/uploads\/2022\/03\/leselfes-logo.png","width":233,"height":51,"caption":"Les Elfes International"},"image":{"@id":"https:\/\/dev.leselfes.com\/#\/schema\/logo\/image\/"},"sameAs":["https:\/\/www.facebook.com\/LesElfesVerbier","https:\/\/x.com\/LesElfesCamps","https:\/\/www.instagram.com\/leselfes","https:\/\/www.linkedin.com\/company\/les-elfes-international","https:\/\/www.youtube.com\/user\/LesElfesVerbier"]},{"@type":"Person","@id":"https:\/\/dev.leselfes.com\/#\/schema\/person\/407a229698868b8c603874b19f37f289","name":"lesadmin","image":{"@type":"ImageObject","inLanguage":"fr-FR","@id":"https:\/\/dev.leselfes.com\/#\/schema\/person\/image\/","url":"https:\/\/secure.gravatar.com\/avatar\/fdb243a028df450397b3632d862f87f6?s=96&d=mm&r=g","contentUrl":"https:\/\/secure.gravatar.com\/avatar\/fdb243a028df450397b3632d862f87f6?s=96&d=mm&r=g","caption":"lesadmin"},"url":"https:\/\/www.leselfes.com\/fr\/author\/lesadmin\/"}]}},"_links":{"self":[{"href":"https:\/\/www.leselfes.com\/fr\/wp-json\/wp\/v2\/posts\/95612"}],"collection":[{"href":"https:\/\/www.leselfes.com\/fr\/wp-json\/wp\/v2\/posts"}],"about":[{"href":"https:\/\/www.leselfes.com\/fr\/wp-json\/wp\/v2\/types\/post"}],"author":[{"embeddable":true,"href":"https:\/\/www.leselfes.com\/fr\/wp-json\/wp\/v2\/users\/1"}],"replies":[{"embeddable":true,"href":"https:\/\/www.leselfes.com\/fr\/wp-json\/wp\/v2\/comments?post=95612"}],"version-history":[{"count":0,"href":"https:\/\/www.leselfes.com\/fr\/wp-json\/wp\/v2\/posts\/95612\/revisions"}],"wp:featuredmedia":[{"embeddable":true,"href":"https:\/\/www.leselfes.com\/fr\/wp-json\/wp\/v2\/media\/80329"}],"wp:attachment":[{"href":"https:\/\/www.leselfes.com\/fr\/wp-json\/wp\/v2\/media?parent=95612"}],"wp:term":[{"taxonomy":"category","embeddable":true,"href":"https:\/\/www.leselfes.com\/fr\/wp-json\/wp\/v2\/categories?post=95612"},{"taxonomy":"post_tag","embeddable":true,"href":"https:\/\/www.leselfes.com\/fr\/wp-json\/wp\/v2\/tags?post=95612"}],"curies":[{"name":"wp","href":"https:\/\/api.w.org\/{rel}","templated":true}]}}