{"id":95615,"date":"2023-02-23T10:40:30","date_gmt":"2023-02-23T09:40:30","guid":{"rendered":"https:\/\/www.leselfes.com\/les-enfants-passent-ils-les-vacances-de-paques-en-colonie-de-vacances\/"},"modified":"2025-01-07T10:06:06","modified_gmt":"2025-01-07T09:06:06","slug":"les-enfants-passent-ils-les-vacances-de-paques-en-colonie-de-vacances","status":"publish","type":"post","link":"https:\/\/www.leselfes.com\/fr\/les-enfants-passent-ils-les-vacances-de-paques-en-colonie-de-vacances\/","title":{"rendered":"Les enfants passent-ils les vacances de P\u00e2ques en colonie de vacances ?"},"content":{"rendered":"<p>\u00c0 l&rsquo;approche des vacances de printemps, il est important de commencer \u00e0 planifier les activit\u00e9s des enfants pendant les <b>vacances de P\u00e2ques<\/b>. Si toute la famille ne peut pas partir en vacances, les colonies de vacances peuvent \u00eatre id\u00e9ales. Les campings <b>des vacances de printemps<\/b> permettent aux jeunes campeurs de se d\u00e9tendre et de s&rsquo;adonner \u00e0 de nouvelles activit\u00e9s loin de la vie scolaire. Envoyer vos enfants en <b>camping de printemps<\/b> peut am\u00e9liorer leur sant\u00e9 mentale et leur vie sociale. Lisez la suite pour en savoir plus sur le camping de printemps pendant les <a href=\"https:\/\/en.wikipedia.org\/wiki\/Easter\" target=\"_blank\" rel=\"noreferrer noopener\">vacances de P\u00e2ques<\/a>.     <\/p>\n<p>\n\n<p>\u00a0<\/p>\n<p><\/p><\/p>\n<p>\n\n<p><a href=\"https:\/\/www.leselfes.com\/fr\/?page_id=89189\" target=\"_blank\" rel=\"noopener\"><button style=\"background-color: #1e93c2; color: #fff; border: #E2804A;\" type=\"button\">Rejoignez le camp de printemps en Suisse<\/button><\/a><\/p>\n<p><\/p><\/p>\n<h4>\n\t\t\t\t<div id=\"ez-toc-container\" class=\"ez-toc-v2_0_73 ez-toc-wrap-left counter-hierarchy ez-toc-counter ez-toc-grey ez-toc-container-direction\">\n<div class=\"ez-toc-title-container\">\n<span class=\"ez-toc-title ez-toc-toggle\" style=\"cursor:pointer\">Table of Contents<\/span>\n<span class=\"ez-toc-title-toggle\"><a href=\"#\" class=\"ez-toc-pull-right ez-toc-btn ez-toc-btn-xs ez-toc-btn-default ez-toc-toggle\" aria-label=\"Toggle Table of Content\"><span class=\"ez-toc-js-icon-con\"><span class=\"\"><span class=\"eztoc-hide\" style=\"display:none;\">Toggle<\/span><span class=\"ez-toc-icon-toggle-span\"><svg style=\"fill: #999;color:#999\" xmlns=\"http:\/\/www.w3.org\/2000\/svg\" class=\"list-377408\" width=\"20px\" height=\"20px\" viewBox=\"0 0 24 24\" fill=\"none\"><path d=\"M6 6H4v2h2V6zm14 0H8v2h12V6zM4 11h2v2H4v-2zm16 0H8v2h12v-2zM4 16h2v2H4v-2zm16 0H8v2h12v-2z\" fill=\"currentColor\"><\/path><\/svg><svg style=\"fill: #999;color:#999\" class=\"arrow-unsorted-368013\" xmlns=\"http:\/\/www.w3.org\/2000\/svg\" width=\"10px\" height=\"10px\" viewBox=\"0 0 24 24\" version=\"1.2\" baseProfile=\"tiny\"><path d=\"M18.2 9.3l-6.2-6.3-6.2 6.3c-.2.2-.3.4-.3.7s.1.5.3.7c.2.2.4.3.7.3h11c.3 0 .5-.1.7-.3.2-.2.3-.5.3-.7s-.1-.5-.3-.7zM5.8 14.7l6.2 6.3 6.2-6.3c.2-.2.3-.5.3-.7s-.1-.5-.3-.7c-.2-.2-.4-.3-.7-.3h-11c-.3 0-.5.1-.7.3-.2.2-.3.5-.3.7s.1.5.3.7z\"\/><\/svg><\/span><\/span><\/span><\/a><\/span><\/div>\n<nav><ul class='ez-toc-list ez-toc-list-level-1 eztoc-toggle-hide-by-default' ><li class='ez-toc-page-1 ez-toc-heading-level-2'><a class=\"ez-toc-link ez-toc-heading-1\" href=\"https:\/\/www.leselfes.com\/fr\/les-enfants-passent-ils-les-vacances-de-paques-en-colonie-de-vacances\/#Quelles_sont_les_dates_des_vacances_de_Paques_2023_au_Royaume-Uni\" title=\"Quelles sont les dates des vacances de P\u00e2ques 2023 au Royaume-Uni ?\">Quelles sont les dates des vacances de P\u00e2ques 2023 au Royaume-Uni ?<\/a><\/li><li class='ez-toc-page-1 ez-toc-heading-level-2'><a class=\"ez-toc-link ez-toc-heading-2\" href=\"https:\/\/www.leselfes.com\/fr\/les-enfants-passent-ils-les-vacances-de-paques-en-colonie-de-vacances\/#Quelle_est_la_difference_entre_Paques_et_les_vacances_de_printemps\" title=\"Quelle est la diff\u00e9rence entre P\u00e2ques et les vacances de printemps ?\">Quelle est la diff\u00e9rence entre P\u00e2ques et les vacances de printemps ?<\/a><\/li><li class='ez-toc-page-1 ez-toc-heading-level-2'><a class=\"ez-toc-link ez-toc-heading-3\" href=\"https:\/\/www.leselfes.com\/fr\/les-enfants-passent-ils-les-vacances-de-paques-en-colonie-de-vacances\/#Quels_sont_les_avantages_des_vacances_de_Paques_dans_un_camp_de_printemps_pour_enfants\" title=\"Quels sont les avantages des vacances de P\u00e2ques dans un camp de printemps pour enfants ?\">Quels sont les avantages des vacances de P\u00e2ques dans un camp de printemps pour enfants ?<\/a><ul class='ez-toc-list-level-3' ><li class='ez-toc-heading-level-3'><a class=\"ez-toc-link ez-toc-heading-4\" href=\"https:\/\/www.leselfes.com\/fr\/les-enfants-passent-ils-les-vacances-de-paques-en-colonie-de-vacances\/#%E2%80%93_Rencontrez_et_faites-vous_de_nouveaux_amis\" title=\"&#8211; Rencontrez et faites-vous de nouveaux amis\">&#8211; Rencontrez et faites-vous de nouveaux amis<\/a><\/li><li class='ez-toc-page-1 ez-toc-heading-level-3'><a class=\"ez-toc-link ez-toc-heading-5\" href=\"https:\/\/www.leselfes.com\/fr\/les-enfants-passent-ils-les-vacances-de-paques-en-colonie-de-vacances\/#%E2%80%93_Essayez_de_nouvelles_choses\" title=\"&#8211; Essayez de nouvelles choses\">&#8211; Essayez de nouvelles choses<\/a><\/li><li class='ez-toc-page-1 ez-toc-heading-level-3'><a class=\"ez-toc-link ez-toc-heading-6\" href=\"https:\/\/www.leselfes.com\/fr\/les-enfants-passent-ils-les-vacances-de-paques-en-colonie-de-vacances\/#%E2%80%93_Developper_de_nouveaux_interets\" title=\"&#8211; D\u00e9velopper de nouveaux int\u00e9r\u00eats\">&#8211; D\u00e9velopper de nouveaux int\u00e9r\u00eats<\/a><\/li><li class='ez-toc-page-1 ez-toc-heading-level-3'><a class=\"ez-toc-link ez-toc-heading-7\" href=\"https:\/\/www.leselfes.com\/fr\/les-enfants-passent-ils-les-vacances-de-paques-en-colonie-de-vacances\/#%E2%80%93_Rompre_avec_la_routine\" title=\"&#8211; Rompre avec la routine\">&#8211; Rompre avec la routine<\/a><\/li><li class='ez-toc-page-1 ez-toc-heading-level-3'><a class=\"ez-toc-link ez-toc-heading-8\" href=\"https:\/\/www.leselfes.com\/fr\/les-enfants-passent-ils-les-vacances-de-paques-en-colonie-de-vacances\/#%E2%80%93_Debrancher_la_technologie\" title=\"&#8211; D\u00e9brancher la technologie\">&#8211; D\u00e9brancher la technologie<\/a><\/li><li class='ez-toc-page-1 ez-toc-heading-level-3'><a class=\"ez-toc-link ez-toc-heading-9\" href=\"https:\/\/www.leselfes.com\/fr\/les-enfants-passent-ils-les-vacances-de-paques-en-colonie-de-vacances\/#%E2%80%93_Maintenir_lactivite_physique\" title=\"&#8211; Maintenir l&rsquo;activit\u00e9 physique\">&#8211; Maintenir l&rsquo;activit\u00e9 physique<\/a><\/li><li class='ez-toc-page-1 ez-toc-heading-level-3'><a class=\"ez-toc-link ez-toc-heading-10\" href=\"https:\/\/www.leselfes.com\/fr\/les-enfants-passent-ils-les-vacances-de-paques-en-colonie-de-vacances\/#%E2%80%93_Les_parents_auront_lesprit_tranquille\" title=\"&#8211; Les parents auront l&rsquo;esprit tranquille\">&#8211; Les parents auront l&rsquo;esprit tranquille<\/a><\/li><\/ul><\/li><li class='ez-toc-page-1 ez-toc-heading-level-2'><a class=\"ez-toc-link ez-toc-heading-11\" href=\"https:\/\/www.leselfes.com\/fr\/les-enfants-passent-ils-les-vacances-de-paques-en-colonie-de-vacances\/#Ou_passer_les_vacances_de_Paques_au_printemps_Campez_sur_les_pistes_skiez_jusqua_la_fin_avril_en_Suisse\" title=\"O\u00f9 passer les vacances de P\u00e2ques au printemps ? Campez sur les pistes, skiez jusqu&rsquo;\u00e0 la fin avril en Suisse.\">O\u00f9 passer les vacances de P\u00e2ques au printemps ? Campez sur les pistes, skiez jusqu&rsquo;\u00e0 la fin avril en Suisse.<\/a><ul class='ez-toc-list-level-3' ><li class='ez-toc-heading-level-3'><a class=\"ez-toc-link ez-toc-heading-12\" href=\"https:\/\/www.leselfes.com\/fr\/les-enfants-passent-ils-les-vacances-de-paques-en-colonie-de-vacances\/#%E2%80%93_Verbier\" title=\"&#8211; Verbier\">&#8211; Verbier<\/a><\/li><li class='ez-toc-page-1 ez-toc-heading-level-3'><a class=\"ez-toc-link ez-toc-heading-13\" href=\"https:\/\/www.leselfes.com\/fr\/les-enfants-passent-ils-les-vacances-de-paques-en-colonie-de-vacances\/#%E2%80%93_Honoraires_Saas\" title=\"&#8211; Honoraires Saas\">&#8211; Honoraires Saas<\/a><\/li><li class='ez-toc-page-1 ez-toc-heading-level-3'><a class=\"ez-toc-link ez-toc-heading-14\" href=\"https:\/\/www.leselfes.com\/fr\/les-enfants-passent-ils-les-vacances-de-paques-en-colonie-de-vacances\/#%E2%80%93_Zermatt\" title=\"&#8211; Zermatt\">&#8211; Zermatt<\/a><\/li><li class='ez-toc-page-1 ez-toc-heading-level-3'><a class=\"ez-toc-link ez-toc-heading-15\" href=\"https:\/\/www.leselfes.com\/fr\/les-enfants-passent-ils-les-vacances-de-paques-en-colonie-de-vacances\/#%E2%80%93_St_Moritz\" title=\"&#8211; St. Moritz\">&#8211; St. Moritz<\/a><\/li><\/ul><\/li><li class='ez-toc-page-1 ez-toc-heading-level-2'><a class=\"ez-toc-link ez-toc-heading-16\" href=\"https:\/\/www.leselfes.com\/fr\/les-enfants-passent-ils-les-vacances-de-paques-en-colonie-de-vacances\/#Conclusion\" title=\"Conclusion\">Conclusion<\/a><\/li><\/ul><\/nav><\/div>\n\t\t\t<\/h4>\n\n<h2 class=\"wp-block-heading\"><span class=\"ez-toc-section\" id=\"Quelles_sont_les_dates_des_vacances_de_Paques_2023_au_Royaume-Uni\"><\/span>Quelles sont les dates des vacances de P\u00e2ques 2023 au Royaume-Uni ?<span class=\"ez-toc-section-end\"><\/span><\/h2>\n\n<p>Les vacances de P\u00e2ques au Royaume-Uni auront lieu le 9 avril 2023, vers la fin des vacances scolaires. Le Vendredi saint tombera le 7 avril, qui sera \u00e9galement un jour f\u00e9ri\u00e9 national au Royaume-Uni. P\u00e2ques n&rsquo;est pas reconnu comme un jour f\u00e9ri\u00e9 national en \u00c9cosse. Toutefois, certains conseils municipaux comme Glasgow, \u00c9dimbourg et Dundee le reconnaissent comme tel.     <\/p>\n\n<h2 class=\"wp-block-heading\"><span class=\"ez-toc-section\" id=\"Quelle_est_la_difference_entre_Paques_et_les_vacances_de_printemps\"><\/span>Quelle est la diff\u00e9rence entre P\u00e2ques et les vacances de printemps ?<span class=\"ez-toc-section-end\"><\/span><\/h2>\n\n<p>P\u00e2ques marque la r\u00e9surrection de J\u00e9sus le troisi\u00e8me jour apr\u00e8s sa crucifixion. Elle a lieu apr\u00e8s une p\u00e9riode de je\u00fbne connue sous le nom de car\u00eame, au cours de laquelle de nombreuses \u00e9glises consacrent du temps au souvenir et au repentir. Le car\u00eame commence le mercredi des cendres et se termine le vendredi saint, premier jour de la crucifixion de J\u00e9sus.    <\/p>\n\n<p>Le pape Gr\u00e9goire 1 s&rsquo;est appuy\u00e9 sur le mod\u00e8le des 40 jours d&rsquo;Elie, de Mo\u00efse, d&rsquo;Isra\u00ebl et du temps de J\u00e9sus dans le d\u00e9sert pour \u00e9tablir les 40 jours. La f\u00eate de P\u00e2ques est importante dans le christianisme et constitue le c\u0153ur de la foi. De nombreuses familles profitent des vacances de P\u00e2ques pour s&rsquo;\u00e9vader et participer \u00e0 diverses activit\u00e9s ludiques.  <\/p>\n\n<p>\u00c0 P\u00e2ques, vous pouvez b\u00e9n\u00e9ficier d&rsquo;offres sp\u00e9ciales ou recevoir des bons d&rsquo;achat. D&rsquo;autre part, les vacances de printemps sont une pratique courante dans la vie universitaire pour de nombreux \u00e9tudiants. Certains les consid\u00e8rent comme le point culminant de leur exp\u00e9rience universitaire.  <\/p>\n\n<p>Si certains \u00e9tudiants profitent des vacances de f\u00e9vrier pour se d\u00e9tendre et se ressourcer, d&rsquo;autres s&rsquo;adonnent \u00e0 des activit\u00e9s sportives, acqui\u00e8rent de nouvelles comp\u00e9tences ou visitent des parcs de vacances. Les traditions des vacances de printemps varient d&rsquo;une r\u00e9gion \u00e0 l&rsquo;autre et d&rsquo;une \u00e9cole \u00e0 l&rsquo;autre, mais cette exp\u00e9rience est devenue un \u00e9l\u00e9ment essentiel de la vie universitaire.   <\/p>\n\n<h2 class=\"wp-block-heading\"><span class=\"ez-toc-section\" id=\"Quels_sont_les_avantages_des_vacances_de_Paques_dans_un_camp_de_printemps_pour_enfants\"><\/span>Quels sont les avantages des vacances de P\u00e2ques dans un camp de printemps pour enfants ?<span class=\"ez-toc-section-end\"><\/span><\/h2>\n\n<p>Inscrire votre enfant dans un camp de printemps multi-activit\u00e9s pendant la p\u00e9riode de P\u00e2ques est l&rsquo;un des meilleurs moyens de le garder actif et en bonne forme physique. Les <a href=\"https:\/\/www.leselfes.com\/fr\/?page_id=89189\" target=\"_blank\" rel=\"noreferrer noopener\">camps de printemps<\/a> proposent de nombreuses activit\u00e9s amusantes, telles que la gymnastique et la chasse aux \u0153ufs de P\u00e2ques. Si votre enfant est passionn\u00e9 de sport, vous pouvez l&rsquo;inscrire dans un camp multisports o\u00f9 il pourra vivre une exp\u00e9rience de camping extraordinaire. Que vous optiez pour une nuit de glamping ou une journ\u00e9e de camp pour les vacances de P\u00e2ques, vos enfants se sentiront \u00e0 l&rsquo;aise :  <\/p>\n\n<h3 class=\"wp-block-heading\"><span class=\"ez-toc-section\" id=\"%E2%80%93_Rencontrez_et_faites-vous_de_nouveaux_amis\"><\/span>&#8211; Rencontrez et faites-vous de nouveaux amis<span class=\"ez-toc-section-end\"><\/span><\/h3>\n\n<p>Outre l&rsquo;accueil, le personnel de nombreux camps de printemps est accueillant et pr\u00eat \u00e0 aider les campeurs \u00e0 s&rsquo;installer rapidement. Ils regroupent les enfants en fonction de leur tranche d&rsquo;\u00e2ge, ce qui leur permet de passer du temps et de nouer des liens avec leurs camarades d\u00e8s le d\u00e9but. <\/p>\n\n<p>Les activit\u00e9s de ces camps sont con\u00e7ues pour que les campeurs interagissent avec d&rsquo;autres enfants au sein de leur groupe afin de faire tomber les \u00e9ventuelles barri\u00e8res. M\u00eame s&rsquo;ils partent en camping en tant qu&rsquo;\u00e9trangers, ils se rencontrent et se font de nouveaux amis pendant leur s\u00e9jour. Les enfants s&rsquo;adaptent rapidement \u00e0 de nouveaux amis et nouent souvent des amiti\u00e9s \u00e0 vie avec leurs camarades d&rsquo;autres groupes d&rsquo;\u00e2ge et avec le personnel du camp.  <\/p>\n\n<h3 class=\"wp-block-heading\"><span class=\"ez-toc-section\" id=\"%E2%80%93_Essayez_de_nouvelles_choses\"><\/span>&#8211; Essayez de nouvelles choses<span class=\"ez-toc-section-end\"><\/span><\/h3>\n\n<figure><img loading=\"lazy\" decoding=\"async\" src=\"https:\/\/www.leselfes.com\/wp-content\/uploads\/2023\/03\/Skiing.png\" alt=\"Ski\" width=\"624\" height=\"418\"\/><\/figure>\n\n<p>Les clubs de vacances de printemps offrent un large \u00e9ventail d&rsquo;activit\u00e9s permettant aux enfants d&rsquo;essayer de nouvelles choses. Les camps proposent des sessions diff\u00e9rentes chaque jour, avec une s\u00e9lection d&rsquo;activit\u00e9s pour chacune d&rsquo;entre elles. Les campeurs ont ainsi la possibilit\u00e9 de choisir une activit\u00e9 qui les passionne ou qu&rsquo;ils souhaitent apprendre. Il y en a pour tous les enfants, de la piscine \u00e0 l&rsquo;artisanat, en passant par le sport, les sciences et le th\u00e9\u00e2tre. Les enfants plus \u00e2g\u00e9s peuvent m\u00eame participer \u00e0 des <a href=\"https:\/\/www.leselfes.com\/fr\/?page_id=89189#activities\" target=\"_blank\" rel=\"noreferrer noopener\">activit\u00e9s sp\u00e9cialis\u00e9es<\/a> telles que le tir \u00e0 l&rsquo;arc, les sports m\u00e9caniques, l&rsquo;escrime et la robotique.    <\/p>\n\n<h3 class=\"wp-block-heading\"><span class=\"ez-toc-section\" id=\"%E2%80%93_Developper_de_nouveaux_interets\"><\/span>&#8211; D\u00e9velopper de nouveaux int\u00e9r\u00eats<span class=\"ez-toc-section-end\"><\/span><\/h3>\n\n<p>Les nombreuses activit\u00e9s propos\u00e9es dans les camps de printemps peuvent aider les enfants \u00e0 d\u00e9velopper de nouveaux centres d&rsquo;int\u00e9r\u00eat. Par exemple, la visite de la piste de sport automobile peut les inciter \u00e0 devenir le prochain Lewis Hamilton, tandis que le spectacle de talents peut stimuler le parcours d&rsquo;un campeur pour qu&rsquo;il devienne la prochaine Jodie Foster. <\/p>\n\n<p>Les camps de printemps offrent aux enfants de nombreuses possibilit\u00e9s de d\u00e9couvrir une nouvelle passion. En outre, les enfants qui partent en camping pour une semaine enti\u00e8re peuvent r\u00e9server des cours suppl\u00e9mentaires de d\u00e9veloppement des comp\u00e9tences afin d&rsquo;acqu\u00e9rir une exp\u00e9rience compl\u00e8te dans le domaine qu&rsquo;ils pr\u00e9f\u00e8rent.   <\/p>\n\n<h3 class=\"wp-block-heading\"><span class=\"ez-toc-section\" id=\"%E2%80%93_Rompre_avec_la_routine\"><\/span>&#8211; Rompre avec la routine<span class=\"ez-toc-section-end\"><\/span><\/h3>\n\n<p>Souvent, les camps ont un horaire similaire \u00e0 celui des \u00e9coles. Cependant, la routine est diff\u00e9rente et nouvelle, ce qui permet aux enfants de faire une pause par rapport aux activit\u00e9s scolaires habituelles. Les camps de printemps permettent aux enfants de se ressourcer et de retourner \u00e0 l&rsquo;\u00e9cole rajeunis.    <\/p>\n\n<h3 class=\"wp-block-heading\"><span class=\"ez-toc-section\" id=\"%E2%80%93_Debrancher_la_technologie\"><\/span>&#8211; D\u00e9brancher la technologie<span class=\"ez-toc-section-end\"><\/span><\/h3>\n\n<p>De nombreux camps ont une politique de non-\u00e9cran. En inscrivant votre enfant dans un camping, vous lui permettez de s&rsquo;\u00e9loigner de sa tablette, de son t\u00e9l\u00e9phone et de la t\u00e9l\u00e9vision pendant un certain temps. <\/p>\n\n<h3 class=\"wp-block-heading\"><span class=\"ez-toc-section\" id=\"%E2%80%93_Maintenir_lactivite_physique\"><\/span>&#8211; Maintenir l&rsquo;activit\u00e9 physique<span class=\"ez-toc-section-end\"><\/span><\/h3>\n\n<figure><img loading=\"lazy\" decoding=\"async\" src=\"https:\/\/www.leselfes.com\/wp-content\/uploads\/2023\/03\/Children-playing.png\" alt=\"Enfants en train de jouer\" width=\"627\" height=\"412\"\/><\/figure>\n\n<p>L&rsquo;activit\u00e9 physique en plein air est essentielle. Les camps de printemps veillent \u00e0 ce que les enfants participent \u00e0 des activit\u00e9s physiques dans le camping de P\u00e2ques. <\/p>\n\n<h3 class=\"wp-block-heading\"><span class=\"ez-toc-section\" id=\"%E2%80%93_Les_parents_auront_lesprit_tranquille\"><\/span>&#8211; Les parents auront l&rsquo;esprit tranquille<span class=\"ez-toc-section-end\"><\/span><\/h3>\n\n<p>Il y a plusieurs raisons d&rsquo;inscrire vos enfants dans une colonie de vacances de printemps ou d&rsquo;\u00e9t\u00e9. Par exemple, si vous souhaitez qu&rsquo;ils b\u00e9n\u00e9ficient d&rsquo;un service de garde de qualit\u00e9 et qu&rsquo;ils restent actifs pendant les vacances sans perturber votre emploi du temps. Les colonies de vacances de printemps offrent des solutions flexibles en fonction de votre emploi du temps et de vos besoins.  <\/p>\n\n<p>Par exemple, vous pouvez d\u00e9poser vos enfants le matin et les reprendre le soir. Certains camps proposent des formules d&rsquo;une journ\u00e9e ou d&rsquo;une semaine enti\u00e8re, tandis que d&rsquo;autres proposent des journ\u00e9es prolong\u00e9es et des formules d&rsquo;heures standard. En plus d&rsquo;\u00eatre bien not\u00e9s par l&rsquo;Ofsted, les camps de printemps sont des environnements s\u00fbrs pour les enfants.  <\/p>\n\n<p>Le personnel du camp est suffisamment form\u00e9 et exp\u00e9riment\u00e9 pour s&rsquo;occuper des enfants tout en leur offrant des services loin de chez eux. Les parents peuvent avoir l&rsquo;esprit tranquille en sachant que leurs enfants sont bien pris en charge. <\/p>\n\n<h2 class=\"wp-block-heading\"><span class=\"ez-toc-section\" id=\"Ou_passer_les_vacances_de_Paques_au_printemps_Campez_sur_les_pistes_skiez_jusqua_la_fin_avril_en_Suisse\"><\/span>O\u00f9 passer les vacances de P\u00e2ques au printemps ? Campez sur les pistes, skiez jusqu&rsquo;\u00e0 la fin avril en Suisse.<span class=\"ez-toc-section-end\"><\/span><\/h2>\n\n<figure><img loading=\"lazy\" decoding=\"async\" src=\"https:\/\/www.leselfes.com\/wp-content\/uploads\/2023\/03\/Crafting-Materials.png\" alt=\"Mat&#xE9;riel d'artisanat\" width=\"629\" height=\"420\"\/><\/figure>\n\n<p>Le ski de printemps peut \u00eatre une exp\u00e9rience enrichissante, avec de longues journ\u00e9es et un temps radieux. Le ski de printemps peut \u00e9galement offrir aux visiteurs les conditions d&rsquo;enneigement les plus agr\u00e9ables de la saison. Voici les endroits o\u00f9 vous pourrez faire du ski de printemps pendant les vacances de P\u00e2ques.  <\/p>\n\n<h3 class=\"wp-block-heading\"><span class=\"ez-toc-section\" id=\"%E2%80%93_Verbier\"><\/span>&#8211; Verbier<span class=\"ez-toc-section-end\"><\/span><\/h3>\n\n<p>Verbier est une station de ski tr\u00e8s pris\u00e9e pendant les vacances de P\u00e2ques. Son altitude est comprise entre 1 500 et 3 023 m\u00e8tres et elle est reli\u00e9e au Mont-Fort par les 4 Vall\u00e9es, o\u00f9 la technologie d&rsquo;enneigement est tr\u00e8s performante, ce qui augmente les chances des visiteurs de vivre une exp\u00e9rience de ski exceptionnelle. Des activit\u00e9s th\u00e9matiques, telles qu&rsquo;une course aux \u0153ufs de P\u00e2ques et des chasses aux \u0153ufs dans la station et sur les pistes, marquent les c\u00e9l\u00e9brations de P\u00e2ques \u00e0 Verbier.    <\/p>\n\n<h3 class=\"wp-block-heading\"><span class=\"ez-toc-section\" id=\"%E2%80%93_Honoraires_Saas\"><\/span>&#8211; Honoraires Saas<span class=\"ez-toc-section-end\"><\/span><\/h3>\n\n<p>Peu de stations en Suisse ont une fiabilit\u00e9 d&rsquo;enneigement comparable \u00e0 celle du glacier de Saas-Fee. Toute la famille peut se rendre \u00e0 la patinoire locale, faire de la luge, du ski ou se baigner dans une piscine couverte.   <\/p>\n\n<h3 class=\"wp-block-heading\"><span class=\"ez-toc-section\" id=\"%E2%80%93_Zermatt\"><\/span>&#8211; Zermatt<span class=\"ez-toc-section-end\"><\/span><\/h3>\n\n<p>Zermatt est une destination incontournable pendant les vacances de P\u00e2ques. Le domaine skiable compte 21 km de pistes \u00e0 enneigement garanti sur le glacier Theodul, des altitudes d&rsquo;environ 3 899 m et de nombreuses pistes orient\u00e9es vers le nord. Les visiteurs pourront \u00e9galement profiter d&rsquo;un excellent enneigement de fin de saison dans les Alpes. La station de montagne la plus haute d&rsquo;Europe se trouve \u00e0 Zermatt, ce qui garantit aux visiteurs une exp\u00e9rience de ski inoubliable en fin de saison.     <\/p>\n\n<h3 class=\"wp-block-heading\"><span class=\"ez-toc-section\" id=\"%E2%80%93_St_Moritz\"><\/span>&#8211; St. Moritz<span class=\"ez-toc-section-end\"><\/span><\/h3>\n\n<p>Moritz est c\u00e9l\u00e8bre pour ses hautes pistes de ski et ses deux domaines skiables sur glacier, ainsi que pour son centre-ville qui offre d&rsquo;excellents endroits pour se restaurer et faire du shopping. La ville est situ\u00e9e au bord d&rsquo;un lac gel\u00e9, face \u00e0 des sommets de 4000 m qui s&rsquo;inclinent vers l&rsquo;Italie. Il y a 350 km de pistes disponibles dans 4 zones diff\u00e9rentes pour le ski.  <\/p>\n\n<p>De longues pistes rouges remontant vers le centre-ville sont disponibles pour les interm\u00e9diaires, tandis que trois snowparks sont \u00e0 la disposition des personnes souhaitant s&rsquo;entra\u00eener \u00e0 faire des figures. Les d\u00e9butants disposent de plusieurs pistes pour enfants, tandis que les jeunes enfants peuvent s&rsquo;amuser \u00e0 l&rsquo;aire de jeux, au jardin d&rsquo;enfants et \u00e0 l&rsquo;\u00e9cole de ski. Les skieurs confirm\u00e9s peuvent s&rsquo;aventurer hors des pistes ou emprunter les pistes noires.  <\/p>\n\n<h2 class=\"wp-block-heading\"><span class=\"ez-toc-section\" id=\"Conclusion\"><\/span>Conclusion<span class=\"ez-toc-section-end\"><\/span><\/h2>\n\n<p>La p\u00e9riode de P\u00e2ques est id\u00e9ale pour permettre aux enfants de faire une pause dans leur scolarit\u00e9 et de s&rsquo;amuser dans un camp de vacances de printemps. Envoyer votre enfant en colonie de vacances peut am\u00e9liorer sa sant\u00e9 physique et mentale. En plus de se faire de nouveaux amis, les enfants apprendront de nouvelles choses et se d\u00e9tacheront de la technologie. Vous envisagez d&rsquo;envoyer votre enfant dans un camp de printemps pendant les vacances de P\u00e2ques ? Consultez notre site web pour obtenir des informations.      <\/p>\n\n<p><a href=\"https:\/\/www.leselfes.com\/fr\/?page_id=89189\" target=\"_blank\" rel=\"noopener\"><button style=\"background-color: #1e93c2; color: #fff; border: #E2804A;\" spellcheck=\"false\" type=\"button\" data-lt-tmp-id=\"lt-556182\" data-gramm=\"false\">Rejoignez le camp de printemps en Suisse<\/button><\/a><\/p>\n","protected":false},"excerpt":{"rendered":"<p>\u00c0 l&rsquo;approche des vacances de printemps, il est important de commencer \u00e0 planifier les activit\u00e9s des enfants pendant les vacances de P\u00e2ques. Si toute la famille ne peut pas partir&#8230;<\/p>\n","protected":false},"author":1,"featured_media":76532,"comment_status":"closed","ping_status":"open","sticky":false,"template":"","format":"standard","meta":{"_acf_changed":false,"inline_featured_image":false,"footnotes":""},"categories":[1356,1940],"tags":[1942,1941],"class_list":{"0":"post-95615","1":"post","2":"type-post","3":"status-publish","4":"format-standard","5":"has-post-thumbnail","7":"category-articles-fr","8":"category-camp-de-printemps","9":"tag-camp-de-depenses","10":"tag-passez-le-conge-de-paques-dans-un-camp-de-printemps"},"acf":[],"yoast_head":"<!-- This site is optimized with the Yoast SEO Premium plugin v24.2 (Yoast SEO v24.7) - https:\/\/yoast.com\/wordpress\/plugins\/seo\/ -->\n<title>Les enfants passent-ils les vacances de P\u00e2ques en colonie de vacances ?<\/title>\n<meta name=\"description\" content=\"En envoyant vos enfants en colonie de vacances pour P\u00e2ques, vous pouvez am\u00e9liorer leur sant\u00e9 mentale et leur vie sociale. En savoir plus.\" \/>\n<meta name=\"robots\" content=\"index, follow, max-snippet:-1, max-image-preview:large, max-video-preview:-1\" \/>\n<link rel=\"canonical\" href=\"https:\/\/www.leselfes.com\/fr\/les-enfants-passent-ils-les-vacances-de-paques-en-colonie-de-vacances\/\" \/>\n<meta property=\"og:locale\" content=\"fr_FR\" \/>\n<meta property=\"og:type\" content=\"article\" \/>\n<meta property=\"og:title\" content=\"Les enfants passent-ils les vacances de P\u00e2ques en colonie de vacances ?\" \/>\n<meta property=\"og:description\" content=\"En envoyant vos enfants en colonie de vacances pour P\u00e2ques, vous pouvez am\u00e9liorer leur sant\u00e9 mentale et leur vie sociale. En savoir plus.\" \/>\n<meta property=\"og:url\" content=\"https:\/\/www.leselfes.com\/fr\/les-enfants-passent-ils-les-vacances-de-paques-en-colonie-de-vacances\/\" \/>\n<meta property=\"og:site_name\" content=\"Les Elfes International Camps Switzerland\" \/>\n<meta property=\"article:publisher\" content=\"https:\/\/www.facebook.com\/LesElfesVerbier\" \/>\n<meta property=\"article:published_time\" content=\"2023-02-23T09:40:30+00:00\" \/>\n<meta property=\"article:modified_time\" content=\"2025-01-07T09:06:06+00:00\" \/>\n<meta property=\"og:image\" content=\"https:\/\/dev.leselfes.com\/wp-content\/uploads\/2023\/02\/Kids-Spend-Easter-Break-in-Sprin-1.png\" \/>\n\t<meta property=\"og:image:width\" content=\"975\" \/>\n\t<meta property=\"og:image:height\" content=\"675\" \/>\n\t<meta property=\"og:image:type\" content=\"image\/png\" \/>\n<meta name=\"author\" content=\"lesadmin\" \/>\n<meta name=\"twitter:card\" content=\"summary_large_image\" \/>\n<meta name=\"twitter:creator\" content=\"@LesElfesCamps\" \/>\n<meta name=\"twitter:site\" content=\"@LesElfesCamps\" \/>\n<meta name=\"twitter:label1\" content=\"\u00c9crit par\" \/>\n\t<meta name=\"twitter:data1\" content=\"lesadmin\" \/>\n\t<meta name=\"twitter:label2\" content=\"Dur\u00e9e de lecture estim\u00e9e\" \/>\n\t<meta name=\"twitter:data2\" content=\"9 minutes\" \/>\n<script type=\"application\/ld+json\" class=\"yoast-schema-graph\">{\"@context\":\"https:\/\/schema.org\",\"@graph\":[{\"@type\":\"Article\",\"@id\":\"https:\/\/www.leselfes.com\/fr\/les-enfants-passent-ils-les-vacances-de-paques-en-colonie-de-vacances\/#article\",\"isPartOf\":{\"@id\":\"https:\/\/www.leselfes.com\/fr\/les-enfants-passent-ils-les-vacances-de-paques-en-colonie-de-vacances\/\"},\"author\":{\"name\":\"lesadmin\",\"@id\":\"https:\/\/dev.leselfes.com\/#\/schema\/person\/407a229698868b8c603874b19f37f289\"},\"headline\":\"Les enfants passent-ils les vacances de P\u00e2ques en colonie de vacances ?\",\"datePublished\":\"2023-02-23T09:40:30+00:00\",\"dateModified\":\"2025-01-07T09:06:06+00:00\",\"mainEntityOfPage\":{\"@id\":\"https:\/\/www.leselfes.com\/fr\/les-enfants-passent-ils-les-vacances-de-paques-en-colonie-de-vacances\/\"},\"wordCount\":1850,\"publisher\":{\"@id\":\"https:\/\/dev.leselfes.com\/#organization\"},\"image\":{\"@id\":\"https:\/\/www.leselfes.com\/fr\/les-enfants-passent-ils-les-vacances-de-paques-en-colonie-de-vacances\/#primaryimage\"},\"thumbnailUrl\":\"https:\/\/www.leselfes.com\/wp-content\/uploads\/2023\/02\/Kids-Spend-Easter-Break-in-Sprin-1.png\",\"keywords\":[\"Camp de d\u00e9penses\",\"Passez le cong\u00e9 de P\u00e2ques dans un camp de printemps\"],\"articleSection\":[\"Articles\",\"Camp de printemps\"],\"inLanguage\":\"fr-FR\"},{\"@type\":\"WebPage\",\"@id\":\"https:\/\/www.leselfes.com\/fr\/les-enfants-passent-ils-les-vacances-de-paques-en-colonie-de-vacances\/\",\"url\":\"https:\/\/www.leselfes.com\/fr\/les-enfants-passent-ils-les-vacances-de-paques-en-colonie-de-vacances\/\",\"name\":\"Les enfants passent-ils les vacances de P\u00e2ques en colonie de vacances ?\",\"isPartOf\":{\"@id\":\"https:\/\/dev.leselfes.com\/#website\"},\"primaryImageOfPage\":{\"@id\":\"https:\/\/www.leselfes.com\/fr\/les-enfants-passent-ils-les-vacances-de-paques-en-colonie-de-vacances\/#primaryimage\"},\"image\":{\"@id\":\"https:\/\/www.leselfes.com\/fr\/les-enfants-passent-ils-les-vacances-de-paques-en-colonie-de-vacances\/#primaryimage\"},\"thumbnailUrl\":\"https:\/\/www.leselfes.com\/wp-content\/uploads\/2023\/02\/Kids-Spend-Easter-Break-in-Sprin-1.png\",\"datePublished\":\"2023-02-23T09:40:30+00:00\",\"dateModified\":\"2025-01-07T09:06:06+00:00\",\"description\":\"En envoyant vos enfants en colonie de vacances pour P\u00e2ques, vous pouvez am\u00e9liorer leur sant\u00e9 mentale et leur vie sociale. En savoir plus.\",\"breadcrumb\":{\"@id\":\"https:\/\/www.leselfes.com\/fr\/les-enfants-passent-ils-les-vacances-de-paques-en-colonie-de-vacances\/#breadcrumb\"},\"inLanguage\":\"fr-FR\",\"potentialAction\":[{\"@type\":\"ReadAction\",\"target\":[\"https:\/\/www.leselfes.com\/fr\/les-enfants-passent-ils-les-vacances-de-paques-en-colonie-de-vacances\/\"]}]},{\"@type\":\"ImageObject\",\"inLanguage\":\"fr-FR\",\"@id\":\"https:\/\/www.leselfes.com\/fr\/les-enfants-passent-ils-les-vacances-de-paques-en-colonie-de-vacances\/#primaryimage\",\"url\":\"https:\/\/www.leselfes.com\/wp-content\/uploads\/2023\/02\/Kids-Spend-Easter-Break-in-Sprin-1.png\",\"contentUrl\":\"https:\/\/www.leselfes.com\/wp-content\/uploads\/2023\/02\/Kids-Spend-Easter-Break-in-Sprin-1.png\",\"width\":975,\"height\":675},{\"@type\":\"BreadcrumbList\",\"@id\":\"https:\/\/www.leselfes.com\/fr\/les-enfants-passent-ils-les-vacances-de-paques-en-colonie-de-vacances\/#breadcrumb\",\"itemListElement\":[{\"@type\":\"ListItem\",\"position\":1,\"name\":\"Home\",\"item\":\"https:\/\/www.leselfes.com\/fr\/\"},{\"@type\":\"ListItem\",\"position\":2,\"name\":\"Les enfants passent-ils les vacances de P\u00e2ques en colonie de vacances ?\"}]},{\"@type\":\"WebSite\",\"@id\":\"https:\/\/dev.leselfes.com\/#website\",\"url\":\"https:\/\/dev.leselfes.com\/\",\"name\":\"Les Elfes International\",\"description\":\"Les Elfes International, Verbier Switzerland. Summer Camp, Winter Camp, Spring Camps.\",\"publisher\":{\"@id\":\"https:\/\/dev.leselfes.com\/#organization\"},\"alternateName\":\"Les Elfes International\",\"potentialAction\":[{\"@type\":\"SearchAction\",\"target\":{\"@type\":\"EntryPoint\",\"urlTemplate\":\"https:\/\/dev.leselfes.com\/?s={search_term_string}\"},\"query-input\":{\"@type\":\"PropertyValueSpecification\",\"valueRequired\":true,\"valueName\":\"search_term_string\"}}],\"inLanguage\":\"fr-FR\"},{\"@type\":\"Organization\",\"@id\":\"https:\/\/dev.leselfes.com\/#organization\",\"name\":\"Les Elfes International\",\"alternateName\":\"Les Elfes International\",\"url\":\"https:\/\/dev.leselfes.com\/\",\"logo\":{\"@type\":\"ImageObject\",\"inLanguage\":\"fr-FR\",\"@id\":\"https:\/\/dev.leselfes.com\/#\/schema\/logo\/image\/\",\"url\":\"https:\/\/www.leselfes.com\/wp-content\/uploads\/2022\/03\/leselfes-logo.png\",\"contentUrl\":\"https:\/\/www.leselfes.com\/wp-content\/uploads\/2022\/03\/leselfes-logo.png\",\"width\":233,\"height\":51,\"caption\":\"Les Elfes International\"},\"image\":{\"@id\":\"https:\/\/dev.leselfes.com\/#\/schema\/logo\/image\/\"},\"sameAs\":[\"https:\/\/www.facebook.com\/LesElfesVerbier\",\"https:\/\/x.com\/LesElfesCamps\",\"https:\/\/www.instagram.com\/leselfes\",\"https:\/\/www.linkedin.com\/company\/les-elfes-international\",\"https:\/\/www.youtube.com\/user\/LesElfesVerbier\"]},{\"@type\":\"Person\",\"@id\":\"https:\/\/dev.leselfes.com\/#\/schema\/person\/407a229698868b8c603874b19f37f289\",\"name\":\"lesadmin\",\"image\":{\"@type\":\"ImageObject\",\"inLanguage\":\"fr-FR\",\"@id\":\"https:\/\/dev.leselfes.com\/#\/schema\/person\/image\/\",\"url\":\"https:\/\/secure.gravatar.com\/avatar\/fdb243a028df450397b3632d862f87f6?s=96&d=mm&r=g\",\"contentUrl\":\"https:\/\/secure.gravatar.com\/avatar\/fdb243a028df450397b3632d862f87f6?s=96&d=mm&r=g\",\"caption\":\"lesadmin\"},\"url\":\"https:\/\/www.leselfes.com\/fr\/author\/lesadmin\/\"}]}<\/script>\n<!-- \/ Yoast SEO Premium plugin. -->","yoast_head_json":{"title":"Les enfants passent-ils les vacances de P\u00e2ques en colonie de vacances ?","description":"En envoyant vos enfants en colonie de vacances pour P\u00e2ques, vous pouvez am\u00e9liorer leur sant\u00e9 mentale et leur vie sociale. En savoir plus.","robots":{"index":"index","follow":"follow","max-snippet":"max-snippet:-1","max-image-preview":"max-image-preview:large","max-video-preview":"max-video-preview:-1"},"canonical":"https:\/\/www.leselfes.com\/fr\/les-enfants-passent-ils-les-vacances-de-paques-en-colonie-de-vacances\/","og_locale":"fr_FR","og_type":"article","og_title":"Les enfants passent-ils les vacances de P\u00e2ques en colonie de vacances ?","og_description":"En envoyant vos enfants en colonie de vacances pour P\u00e2ques, vous pouvez am\u00e9liorer leur sant\u00e9 mentale et leur vie sociale. En savoir plus.","og_url":"https:\/\/www.leselfes.com\/fr\/les-enfants-passent-ils-les-vacances-de-paques-en-colonie-de-vacances\/","og_site_name":"Les Elfes International Camps Switzerland","article_publisher":"https:\/\/www.facebook.com\/LesElfesVerbier","article_published_time":"2023-02-23T09:40:30+00:00","article_modified_time":"2025-01-07T09:06:06+00:00","og_image":[{"width":975,"height":675,"url":"https:\/\/dev.leselfes.com\/wp-content\/uploads\/2023\/02\/Kids-Spend-Easter-Break-in-Sprin-1.png","type":"image\/png"}],"author":"lesadmin","twitter_card":"summary_large_image","twitter_creator":"@LesElfesCamps","twitter_site":"@LesElfesCamps","twitter_misc":{"\u00c9crit par":"lesadmin","Dur\u00e9e de lecture estim\u00e9e":"9 minutes"},"schema":{"@context":"https:\/\/schema.org","@graph":[{"@type":"Article","@id":"https:\/\/www.leselfes.com\/fr\/les-enfants-passent-ils-les-vacances-de-paques-en-colonie-de-vacances\/#article","isPartOf":{"@id":"https:\/\/www.leselfes.com\/fr\/les-enfants-passent-ils-les-vacances-de-paques-en-colonie-de-vacances\/"},"author":{"name":"lesadmin","@id":"https:\/\/dev.leselfes.com\/#\/schema\/person\/407a229698868b8c603874b19f37f289"},"headline":"Les enfants passent-ils les vacances de P\u00e2ques en colonie de vacances ?","datePublished":"2023-02-23T09:40:30+00:00","dateModified":"2025-01-07T09:06:06+00:00","mainEntityOfPage":{"@id":"https:\/\/www.leselfes.com\/fr\/les-enfants-passent-ils-les-vacances-de-paques-en-colonie-de-vacances\/"},"wordCount":1850,"publisher":{"@id":"https:\/\/dev.leselfes.com\/#organization"},"image":{"@id":"https:\/\/www.leselfes.com\/fr\/les-enfants-passent-ils-les-vacances-de-paques-en-colonie-de-vacances\/#primaryimage"},"thumbnailUrl":"https:\/\/www.leselfes.com\/wp-content\/uploads\/2023\/02\/Kids-Spend-Easter-Break-in-Sprin-1.png","keywords":["Camp de d\u00e9penses","Passez le cong\u00e9 de P\u00e2ques dans un camp de printemps"],"articleSection":["Articles","Camp de printemps"],"inLanguage":"fr-FR"},{"@type":"WebPage","@id":"https:\/\/www.leselfes.com\/fr\/les-enfants-passent-ils-les-vacances-de-paques-en-colonie-de-vacances\/","url":"https:\/\/www.leselfes.com\/fr\/les-enfants-passent-ils-les-vacances-de-paques-en-colonie-de-vacances\/","name":"Les enfants passent-ils les vacances de P\u00e2ques en colonie de vacances ?","isPartOf":{"@id":"https:\/\/dev.leselfes.com\/#website"},"primaryImageOfPage":{"@id":"https:\/\/www.leselfes.com\/fr\/les-enfants-passent-ils-les-vacances-de-paques-en-colonie-de-vacances\/#primaryimage"},"image":{"@id":"https:\/\/www.leselfes.com\/fr\/les-enfants-passent-ils-les-vacances-de-paques-en-colonie-de-vacances\/#primaryimage"},"thumbnailUrl":"https:\/\/www.leselfes.com\/wp-content\/uploads\/2023\/02\/Kids-Spend-Easter-Break-in-Sprin-1.png","datePublished":"2023-02-23T09:40:30+00:00","dateModified":"2025-01-07T09:06:06+00:00","description":"En envoyant vos enfants en colonie de vacances pour P\u00e2ques, vous pouvez am\u00e9liorer leur sant\u00e9 mentale et leur vie sociale. En savoir plus.","breadcrumb":{"@id":"https:\/\/www.leselfes.com\/fr\/les-enfants-passent-ils-les-vacances-de-paques-en-colonie-de-vacances\/#breadcrumb"},"inLanguage":"fr-FR","potentialAction":[{"@type":"ReadAction","target":["https:\/\/www.leselfes.com\/fr\/les-enfants-passent-ils-les-vacances-de-paques-en-colonie-de-vacances\/"]}]},{"@type":"ImageObject","inLanguage":"fr-FR","@id":"https:\/\/www.leselfes.com\/fr\/les-enfants-passent-ils-les-vacances-de-paques-en-colonie-de-vacances\/#primaryimage","url":"https:\/\/www.leselfes.com\/wp-content\/uploads\/2023\/02\/Kids-Spend-Easter-Break-in-Sprin-1.png","contentUrl":"https:\/\/www.leselfes.com\/wp-content\/uploads\/2023\/02\/Kids-Spend-Easter-Break-in-Sprin-1.png","width":975,"height":675},{"@type":"BreadcrumbList","@id":"https:\/\/www.leselfes.com\/fr\/les-enfants-passent-ils-les-vacances-de-paques-en-colonie-de-vacances\/#breadcrumb","itemListElement":[{"@type":"ListItem","position":1,"name":"Home","item":"https:\/\/www.leselfes.com\/fr\/"},{"@type":"ListItem","position":2,"name":"Les enfants passent-ils les vacances de P\u00e2ques en colonie de vacances ?"}]},{"@type":"WebSite","@id":"https:\/\/dev.leselfes.com\/#website","url":"https:\/\/dev.leselfes.com\/","name":"Les Elfes International","description":"Les Elfes International, Verbier Switzerland. Summer Camp, Winter Camp, Spring Camps.","publisher":{"@id":"https:\/\/dev.leselfes.com\/#organization"},"alternateName":"Les Elfes International","potentialAction":[{"@type":"SearchAction","target":{"@type":"EntryPoint","urlTemplate":"https:\/\/dev.leselfes.com\/?s={search_term_string}"},"query-input":{"@type":"PropertyValueSpecification","valueRequired":true,"valueName":"search_term_string"}}],"inLanguage":"fr-FR"},{"@type":"Organization","@id":"https:\/\/dev.leselfes.com\/#organization","name":"Les Elfes International","alternateName":"Les Elfes International","url":"https:\/\/dev.leselfes.com\/","logo":{"@type":"ImageObject","inLanguage":"fr-FR","@id":"https:\/\/dev.leselfes.com\/#\/schema\/logo\/image\/","url":"https:\/\/www.leselfes.com\/wp-content\/uploads\/2022\/03\/leselfes-logo.png","contentUrl":"https:\/\/www.leselfes.com\/wp-content\/uploads\/2022\/03\/leselfes-logo.png","width":233,"height":51,"caption":"Les Elfes International"},"image":{"@id":"https:\/\/dev.leselfes.com\/#\/schema\/logo\/image\/"},"sameAs":["https:\/\/www.facebook.com\/LesElfesVerbier","https:\/\/x.com\/LesElfesCamps","https:\/\/www.instagram.com\/leselfes","https:\/\/www.linkedin.com\/company\/les-elfes-international","https:\/\/www.youtube.com\/user\/LesElfesVerbier"]},{"@type":"Person","@id":"https:\/\/dev.leselfes.com\/#\/schema\/person\/407a229698868b8c603874b19f37f289","name":"lesadmin","image":{"@type":"ImageObject","inLanguage":"fr-FR","@id":"https:\/\/dev.leselfes.com\/#\/schema\/person\/image\/","url":"https:\/\/secure.gravatar.com\/avatar\/fdb243a028df450397b3632d862f87f6?s=96&d=mm&r=g","contentUrl":"https:\/\/secure.gravatar.com\/avatar\/fdb243a028df450397b3632d862f87f6?s=96&d=mm&r=g","caption":"lesadmin"},"url":"https:\/\/www.leselfes.com\/fr\/author\/lesadmin\/"}]}},"_links":{"self":[{"href":"https:\/\/www.leselfes.com\/fr\/wp-json\/wp\/v2\/posts\/95615"}],"collection":[{"href":"https:\/\/www.leselfes.com\/fr\/wp-json\/wp\/v2\/posts"}],"about":[{"href":"https:\/\/www.leselfes.com\/fr\/wp-json\/wp\/v2\/types\/post"}],"author":[{"embeddable":true,"href":"https:\/\/www.leselfes.com\/fr\/wp-json\/wp\/v2\/users\/1"}],"replies":[{"embeddable":true,"href":"https:\/\/www.leselfes.com\/fr\/wp-json\/wp\/v2\/comments?post=95615"}],"version-history":[{"count":0,"href":"https:\/\/www.leselfes.com\/fr\/wp-json\/wp\/v2\/posts\/95615\/revisions"}],"wp:featuredmedia":[{"embeddable":true,"href":"https:\/\/www.leselfes.com\/fr\/wp-json\/wp\/v2\/media\/76532"}],"wp:attachment":[{"href":"https:\/\/www.leselfes.com\/fr\/wp-json\/wp\/v2\/media?parent=95615"}],"wp:term":[{"taxonomy":"category","embeddable":true,"href":"https:\/\/www.leselfes.com\/fr\/wp-json\/wp\/v2\/categories?post=95615"},{"taxonomy":"post_tag","embeddable":true,"href":"https:\/\/www.leselfes.com\/fr\/wp-json\/wp\/v2\/tags?post=95615"}],"curies":[{"name":"wp","href":"https:\/\/api.w.org\/{rel}","templated":true}]}}