{"id":95628,"date":"2022-02-24T12:57:06","date_gmt":"2022-02-24T11:57:06","guid":{"rendered":"https:\/\/www.leselfes.com\/comment-le-jardinage-contribue-au-developpement-mental-de-votre-enfant\/"},"modified":"2025-01-07T10:07:13","modified_gmt":"2025-01-07T09:07:13","slug":"comment-le-jardinage-contribue-au-developpement-mental-de-votre-enfant","status":"publish","type":"post","link":"https:\/\/www.leselfes.com\/fr\/comment-le-jardinage-contribue-au-developpement-mental-de-votre-enfant\/","title":{"rendered":"Comment le jardinage contribue au d\u00e9veloppement mental de votre enfant"},"content":{"rendered":"<p><b>Le jardinage peut contribuer au d\u00e9veloppement mental de votre enfant<\/b>, qu&rsquo;il s&rsquo;agisse d&rsquo;un grand jardin ou d&rsquo;un petit balcon. Montrez-lui comment cultiver des plantes et entretenir un jardin et, non seulement il sera ravi, mais il en tirera de nombreux autres avantages. De la responsabilit\u00e9 \u00e0 l&rsquo;augmentation de l&rsquo;estime de soi, voici comment le fait de devenir <b>jardinier peut am\u00e9liorer son d\u00e9veloppement mental<\/b>.<br \/>\n<div id=\"ez-toc-container\" class=\"ez-toc-v2_0_73 ez-toc-wrap-left counter-hierarchy ez-toc-counter ez-toc-grey ez-toc-container-direction\">\n<div class=\"ez-toc-title-container\">\n<span class=\"ez-toc-title ez-toc-toggle\" style=\"cursor:pointer\">Table of Contents<\/span>\n<span class=\"ez-toc-title-toggle\"><a href=\"#\" class=\"ez-toc-pull-right ez-toc-btn ez-toc-btn-xs ez-toc-btn-default ez-toc-toggle\" aria-label=\"Toggle Table of Content\"><span class=\"ez-toc-js-icon-con\"><span class=\"\"><span class=\"eztoc-hide\" style=\"display:none;\">Toggle<\/span><span class=\"ez-toc-icon-toggle-span\"><svg style=\"fill: #999;color:#999\" xmlns=\"http:\/\/www.w3.org\/2000\/svg\" class=\"list-377408\" width=\"20px\" height=\"20px\" viewBox=\"0 0 24 24\" fill=\"none\"><path d=\"M6 6H4v2h2V6zm14 0H8v2h12V6zM4 11h2v2H4v-2zm16 0H8v2h12v-2zM4 16h2v2H4v-2zm16 0H8v2h12v-2z\" fill=\"currentColor\"><\/path><\/svg><svg style=\"fill: #999;color:#999\" class=\"arrow-unsorted-368013\" xmlns=\"http:\/\/www.w3.org\/2000\/svg\" width=\"10px\" height=\"10px\" viewBox=\"0 0 24 24\" version=\"1.2\" baseProfile=\"tiny\"><path d=\"M18.2 9.3l-6.2-6.3-6.2 6.3c-.2.2-.3.4-.3.7s.1.5.3.7c.2.2.4.3.7.3h11c.3 0 .5-.1.7-.3.2-.2.3-.5.3-.7s-.1-.5-.3-.7zM5.8 14.7l6.2 6.3 6.2-6.3c.2-.2.3-.5.3-.7s-.1-.5-.3-.7c-.2-.2-.4-.3-.7-.3h-11c-.3 0-.5.1-.7.3-.2.2-.3.5-.3.7s.1.5.3.7z\"\/><\/svg><\/span><\/span><\/span><\/a><\/span><\/div>\n<nav><ul class='ez-toc-list ez-toc-list-level-1 eztoc-toggle-hide-by-default' ><li class='ez-toc-page-1 ez-toc-heading-level-2'><a class=\"ez-toc-link ez-toc-heading-1\" href=\"https:\/\/www.leselfes.com\/fr\/comment-le-jardinage-contribue-au-developpement-mental-de-votre-enfant\/#Le_jardinage_encourage_la_responsabilite\" title=\"Le jardinage encourage la responsabilit\u00e9\">Le jardinage encourage la responsabilit\u00e9<\/a><\/li><li class='ez-toc-page-1 ez-toc-heading-level-2'><a class=\"ez-toc-link ez-toc-heading-2\" href=\"https:\/\/www.leselfes.com\/fr\/comment-le-jardinage-contribue-au-developpement-mental-de-votre-enfant\/#Le_jardinage_ameliore_lestime_de_soi\" title=\"Le jardinage am\u00e9liore l&rsquo;estime de soi\">Le jardinage am\u00e9liore l&rsquo;estime de soi<\/a><\/li><li class='ez-toc-page-1 ez-toc-heading-level-2'><a class=\"ez-toc-link ez-toc-heading-3\" href=\"https:\/\/www.leselfes.com\/fr\/comment-le-jardinage-contribue-au-developpement-mental-de-votre-enfant\/#Jardiner_ensemble_cree_des_liens_qui_augmentent_le_bien-etre\" title=\"Jardiner ensemble cr\u00e9e des liens qui augmentent le bien-\u00eatre\">Jardiner ensemble cr\u00e9e des liens qui augmentent le bien-\u00eatre<\/a><\/li><\/ul><\/nav><\/div>\n\n<p style=\"text-align: center;\"><strong>Dans les camps Les Elfes, nous introduisons des \u00ab\u00a0arbres \u00e0 assiettes\u00a0\u00bb pour sensibiliser les \u00e9l\u00e8ves au d\u00e9veloppement durable.<\/strong><\/p>\n<p style=\"text-align: center;\"><strong>Pensez \u00e0 inscrire votre enfant aux camps de vacances Les Elfes \u00e0 Verbier !<\/strong><\/p>\n<p>\t\t\t<a href=\"https:\/\/www.leselfes.com\/fr\/camp-dete\/\" target=\"_blank\" role=\"button\" rel=\"noopener\"><br \/>\nCAMPS D&rsquo;\u00c9T\u00c9 LES ELFES<br \/>\n<\/a><\/p>\n<h2><span class=\"ez-toc-section\" id=\"Le_jardinage_encourage_la_responsabilite\"><\/span><strong>Le jardinage encourage la responsabilit\u00e9<\/strong><span class=\"ez-toc-section-end\"><\/span><\/h2>\n<p style=\"text-align: center;\"><a href=\"https:\/\/www.leselfes.com\/wp-content\/uploads\/2022\/02\/Les-Elfes-Verbier-Summer-camp-Panting-Trees.jpg\"><img loading=\"lazy\" decoding=\"async\" src=\"https:\/\/www.leselfes.com\/wp-content\/uploads\/2022\/02\/Les-Elfes-Verbier-Summer-camp-Panting-Trees.jpg\" alt=\"Les Elfes Verbier Summer camp - Arbres \u00e0 pantalons\" width=\"951\" height=\"634\"><\/a><\/p>\n<p><strong>Le jardinage est une activit\u00e9 id\u00e9ale pour responsabiliser votre enfant<\/strong>. Laissez-le planter des graines \u00e0 entretenir dans une serre ou sur un rebord de fen\u00eatre ensoleill\u00e9, et il apprendra \u00e0 s&rsquo;appliquer et \u00e0 prendre en charge des projets. La <strong>gestion des plantes<\/strong> n\u00e9cessite des soins progressifs et de la pers\u00e9v\u00e9rance. Elle permet \u00e9galement \u00e0 votre enfant de voir le r\u00e9sultat de son travail et l&rsquo;encourage \u00e0 passer \u00e0 l&rsquo;action. <strong>Les enfants aiment<\/strong> aussi <strong>jardiner \u00e0 l&rsquo;ext\u00e9rieur<\/strong> et se r\u00e9jouissent de voir les fleurs s&rsquo;\u00e9panouir et les l\u00e9gumes pousser. Vous pouvez offrir \u00e0 votre enfant un petit jardin d&rsquo;herbes aromatiques ou un espace pour cultiver des l\u00e9gumes faciles \u00e0 cultiver comme la courge et la laitue. Vous pouvez aussi lui donner des pots de fleurs sur votre balcon. Le fait de s&rsquo;en occuper contribuera \u00e0 son d\u00e9veloppement mental et lui apportera une comp\u00e9tence qu&rsquo;il pourra appr\u00e9cier plus tard.  <\/p>\n<h2><span class=\"ez-toc-section\" id=\"Le_jardinage_ameliore_lestime_de_soi\"><\/span><strong>Le jardinage am\u00e9liore l&rsquo;estime de soi<\/strong><span class=\"ez-toc-section-end\"><\/span><\/h2>\n<p>Une fois que votre enfant sera devenu jardinier, il aimera le sentiment d&rsquo;accomplissement que lui procure le fait de s&rsquo;occuper des plantes. Petit \u00e0 petit, il peut voir ses efforts porter leurs fruits et contribuer \u00e0 l&#8217;embellissement de votre jardin, voire \u00e0 la production de nourriture. Au fur et \u00e0 mesure que vous \u00e9largissez ses connaissances en mati\u00e8re de jardinage, en lui apprenant ce qu&rsquo;est le sol et les outils, son <b>d\u00e9veloppement mental progresse<\/b>. La reconnaissance de leurs r\u00e9alisations et l&rsquo;accroissement de leurs connaissances en mati\u00e8re de jardinage peuvent avoir une incidence sur leur estime de soi, car cela montre qu&rsquo;ils sont efficaces.   <\/p>\n<h2><span class=\"ez-toc-section\" id=\"Jardiner_ensemble_cree_des_liens_qui_augmentent_le_bien-etre\"><\/span><strong>Jardiner ensemble cr\u00e9e des liens qui augmentent le bien-\u00eatre<\/strong><span class=\"ez-toc-section-end\"><\/span><\/h2>\n<p style=\"text-align: center;\"><a href=\"https:\/\/www.leselfes.com\/wp-content\/uploads\/2022\/02\/Les-Elfes-Verbier-Summer-camp-Kids-gardening.jpg\"><img loading=\"lazy\" decoding=\"async\" src=\"https:\/\/www.leselfes.com\/wp-content\/uploads\/2022\/02\/Les-Elfes-Verbier-Summer-camp-Kids-gardening.jpg\" alt=\"Les Elfes Verbier Summer camp - Jardinage pour enfants\" width=\"951\" height=\"634\"><\/a><\/p>\n<p>Le jardinage vous aidera \u00e0 tisser des liens avec votre enfant, en vous donnant l&rsquo;occasion de travailler ensemble sur des projets et de lui transmettre votre savoir-faire en mati\u00e8re de jardinage. Vous partagerez des <a href=\"https:\/\/www.leselfes.com\/fr\/gardez-vos-enfants-actifs-cet-hiver-grace-a-ces-8-activites-amusantes\/\" target=\"_blank\" rel=\"noopener\">moments de qualit\u00e9 en plein air<\/a> et vous aurez de nombreux sujets li\u00e9s au jardinage \u00e0 aborder \u00e0 d&rsquo;autres moments. Vous pouvez resserrer les liens en construisant des maisons pour les insectes, les chauves-souris et les oiseaux ou en prot\u00e9geant d&rsquo;autres esp\u00e8ces sauvages dans votre jardin et en leur offrant des lieux de vie s\u00fbrs. De m\u00eame, vous pouvez sensibiliser votre enfant \u00e0 la <a href=\"https:\/\/www.leselfes.com\/fr\/a-propos-de-nous\/#sustainability\" target=\"_blank\" rel=\"noopener\">protection de l&rsquo;environnement<\/a> en plantant ensemble un jardin de fleurs sauvages qui attire les papillons, les abeilles et d&rsquo;autres insectes qui contribuent \u00e0 la prosp\u00e9rit\u00e9 des jardins. La cr\u00e9ation d&rsquo;un jardin aidera votre relation et renforcera la stabilit\u00e9 n\u00e9cessaire \u00e0 une bonne sant\u00e9 mentale. Le <strong>jardinage stimulera le d\u00e9veloppement mental de votre enfant<\/strong> en am\u00e9liorant son estime de soi et en lui apprenant \u00e0 assumer la responsabilit\u00e9 de projets. Il peut vous donner l&rsquo;occasion de nouer des liens et d&rsquo;influencer davantage son bien-\u00eatre mental \u00e0 mesure que votre relation se renforce. Les bienfaits du jardinage sur la sant\u00e9 mentale d\u00e9passent de loin les efforts qu&rsquo;il implique, et vous vous demanderez pourquoi vous n&rsquo;y avez pas pens\u00e9 plus t\u00f4t. VOUS CHERCHEZ UNE COLONIE DE VACANCES POUR VOTRE ENFANT ?  <\/p>\n<p><a href=\"https:\/\/www.leselfes.com\/fr\/camp-dete\/\" target=\"_blank\" role=\"button\" rel=\"noopener\"><br \/>\nVISITEZ NOTRE PAGE SUR LES CAMPS D&rsquo;\u00c9T\u00c9<br \/>\n<\/a><br \/>\n<a href=\"https:\/\/www.leselfes.com\/contact-quote-request\/\" target=\"_blank\" role=\"button\" rel=\"noopener\"><br \/>\nCONTACTEZ NOTRE SI\u00c8GE SOCIAL<br \/>\n<\/a><\/p>\n","protected":false},"excerpt":{"rendered":"<p>Le jardinage peut contribuer au d\u00e9veloppement mental de votre enfant, qu&rsquo;il s&rsquo;agisse d&rsquo;un grand jardin ou d&rsquo;un petit balcon. Montrez-lui comment cultiver des plantes et entretenir un jardin et, non&#8230;<\/p>\n","protected":false},"author":1,"featured_media":78321,"comment_status":"closed","ping_status":"open","sticky":false,"template":"","format":"standard","meta":{"_acf_changed":false,"inline_featured_image":false,"footnotes":""},"categories":[1356],"tags":[],"class_list":{"0":"post-95628","1":"post","2":"type-post","3":"status-publish","4":"format-standard","5":"has-post-thumbnail","7":"category-articles-fr"},"acf":[],"yoast_head":"<!-- This site is optimized with the Yoast SEO Premium plugin v24.2 (Yoast SEO v24.7) - https:\/\/yoast.com\/wordpress\/plugins\/seo\/ -->\n<title>Comment le jardinage contribue au d\u00e9veloppement mental de votre enfant - Les Elfes International Camps Switzerland Camps Les Elfes<\/title>\n<meta name=\"robots\" content=\"index, follow, max-snippet:-1, max-image-preview:large, max-video-preview:-1\" \/>\n<link rel=\"canonical\" href=\"https:\/\/www.leselfes.com\/fr\/comment-le-jardinage-contribue-au-developpement-mental-de-votre-enfant\/\" \/>\n<meta property=\"og:locale\" content=\"fr_FR\" \/>\n<meta property=\"og:type\" content=\"article\" \/>\n<meta property=\"og:title\" content=\"Comment le jardinage contribue au d\u00e9veloppement mental de votre enfant\" \/>\n<meta property=\"og:description\" content=\"Le jardinage peut contribuer au d\u00e9veloppement mental de votre enfant, qu&rsquo;il s&rsquo;agisse d&rsquo;un grand jardin ou d&rsquo;un petit balcon. Montrez-lui comment cultiver des plantes et entretenir un jardin et, non...\" \/>\n<meta property=\"og:url\" content=\"https:\/\/www.leselfes.com\/fr\/comment-le-jardinage-contribue-au-developpement-mental-de-votre-enfant\/\" \/>\n<meta property=\"og:site_name\" content=\"Les Elfes International Camps Switzerland\" \/>\n<meta property=\"article:publisher\" content=\"https:\/\/www.facebook.com\/LesElfesVerbier\" \/>\n<meta property=\"article:published_time\" content=\"2022-02-24T11:57:06+00:00\" \/>\n<meta property=\"article:modified_time\" content=\"2025-01-07T09:07:13+00:00\" \/>\n<meta property=\"og:image\" content=\"https:\/\/dev.leselfes.com\/wp-content\/uploads\/2022\/02\/Gardening-Cover.jpg\" \/>\n\t<meta property=\"og:image:width\" content=\"400\" \/>\n\t<meta property=\"og:image:height\" content=\"266\" \/>\n\t<meta property=\"og:image:type\" content=\"image\/jpeg\" \/>\n<meta name=\"author\" content=\"lesadmin\" \/>\n<meta name=\"twitter:card\" content=\"summary_large_image\" \/>\n<meta name=\"twitter:creator\" content=\"@LesElfesCamps\" \/>\n<meta name=\"twitter:site\" content=\"@LesElfesCamps\" \/>\n<meta name=\"twitter:label1\" content=\"\u00c9crit par\" \/>\n\t<meta name=\"twitter:data1\" content=\"lesadmin\" \/>\n\t<meta name=\"twitter:label2\" content=\"Dur\u00e9e de lecture estim\u00e9e\" \/>\n\t<meta name=\"twitter:data2\" content=\"3 minutes\" \/>\n<script type=\"application\/ld+json\" class=\"yoast-schema-graph\">{\"@context\":\"https:\/\/schema.org\",\"@graph\":[{\"@type\":\"Article\",\"@id\":\"https:\/\/www.leselfes.com\/fr\/comment-le-jardinage-contribue-au-developpement-mental-de-votre-enfant\/#article\",\"isPartOf\":{\"@id\":\"https:\/\/www.leselfes.com\/fr\/comment-le-jardinage-contribue-au-developpement-mental-de-votre-enfant\/\"},\"author\":{\"name\":\"lesadmin\",\"@id\":\"https:\/\/dev.leselfes.com\/#\/schema\/person\/407a229698868b8c603874b19f37f289\"},\"headline\":\"Comment le jardinage contribue au d\u00e9veloppement mental de votre enfant\",\"datePublished\":\"2022-02-24T11:57:06+00:00\",\"dateModified\":\"2025-01-07T09:07:13+00:00\",\"mainEntityOfPage\":{\"@id\":\"https:\/\/www.leselfes.com\/fr\/comment-le-jardinage-contribue-au-developpement-mental-de-votre-enfant\/\"},\"wordCount\":663,\"publisher\":{\"@id\":\"https:\/\/dev.leselfes.com\/#organization\"},\"image\":{\"@id\":\"https:\/\/www.leselfes.com\/fr\/comment-le-jardinage-contribue-au-developpement-mental-de-votre-enfant\/#primaryimage\"},\"thumbnailUrl\":\"https:\/\/www.leselfes.com\/wp-content\/uploads\/2022\/02\/Gardening-Cover.jpg\",\"articleSection\":[\"Articles\"],\"inLanguage\":\"fr-FR\"},{\"@type\":\"WebPage\",\"@id\":\"https:\/\/www.leselfes.com\/fr\/comment-le-jardinage-contribue-au-developpement-mental-de-votre-enfant\/\",\"url\":\"https:\/\/www.leselfes.com\/fr\/comment-le-jardinage-contribue-au-developpement-mental-de-votre-enfant\/\",\"name\":\"Comment le jardinage contribue au d\u00e9veloppement mental de votre enfant - Les Elfes International Camps Switzerland Camps Les Elfes\",\"isPartOf\":{\"@id\":\"https:\/\/dev.leselfes.com\/#website\"},\"primaryImageOfPage\":{\"@id\":\"https:\/\/www.leselfes.com\/fr\/comment-le-jardinage-contribue-au-developpement-mental-de-votre-enfant\/#primaryimage\"},\"image\":{\"@id\":\"https:\/\/www.leselfes.com\/fr\/comment-le-jardinage-contribue-au-developpement-mental-de-votre-enfant\/#primaryimage\"},\"thumbnailUrl\":\"https:\/\/www.leselfes.com\/wp-content\/uploads\/2022\/02\/Gardening-Cover.jpg\",\"datePublished\":\"2022-02-24T11:57:06+00:00\",\"dateModified\":\"2025-01-07T09:07:13+00:00\",\"breadcrumb\":{\"@id\":\"https:\/\/www.leselfes.com\/fr\/comment-le-jardinage-contribue-au-developpement-mental-de-votre-enfant\/#breadcrumb\"},\"inLanguage\":\"fr-FR\",\"potentialAction\":[{\"@type\":\"ReadAction\",\"target\":[\"https:\/\/www.leselfes.com\/fr\/comment-le-jardinage-contribue-au-developpement-mental-de-votre-enfant\/\"]}]},{\"@type\":\"ImageObject\",\"inLanguage\":\"fr-FR\",\"@id\":\"https:\/\/www.leselfes.com\/fr\/comment-le-jardinage-contribue-au-developpement-mental-de-votre-enfant\/#primaryimage\",\"url\":\"https:\/\/www.leselfes.com\/wp-content\/uploads\/2022\/02\/Gardening-Cover.jpg\",\"contentUrl\":\"https:\/\/www.leselfes.com\/wp-content\/uploads\/2022\/02\/Gardening-Cover.jpg\",\"width\":400,\"height\":266},{\"@type\":\"BreadcrumbList\",\"@id\":\"https:\/\/www.leselfes.com\/fr\/comment-le-jardinage-contribue-au-developpement-mental-de-votre-enfant\/#breadcrumb\",\"itemListElement\":[{\"@type\":\"ListItem\",\"position\":1,\"name\":\"Home\",\"item\":\"https:\/\/www.leselfes.com\/fr\/\"},{\"@type\":\"ListItem\",\"position\":2,\"name\":\"Comment le jardinage contribue au d\u00e9veloppement mental de votre enfant\"}]},{\"@type\":\"WebSite\",\"@id\":\"https:\/\/dev.leselfes.com\/#website\",\"url\":\"https:\/\/dev.leselfes.com\/\",\"name\":\"Les Elfes International\",\"description\":\"Les Elfes International, Verbier Switzerland. Summer Camp, Winter Camp, Spring Camps.\",\"publisher\":{\"@id\":\"https:\/\/dev.leselfes.com\/#organization\"},\"alternateName\":\"Les Elfes International\",\"potentialAction\":[{\"@type\":\"SearchAction\",\"target\":{\"@type\":\"EntryPoint\",\"urlTemplate\":\"https:\/\/dev.leselfes.com\/?s={search_term_string}\"},\"query-input\":{\"@type\":\"PropertyValueSpecification\",\"valueRequired\":true,\"valueName\":\"search_term_string\"}}],\"inLanguage\":\"fr-FR\"},{\"@type\":\"Organization\",\"@id\":\"https:\/\/dev.leselfes.com\/#organization\",\"name\":\"Les Elfes International\",\"alternateName\":\"Les Elfes International\",\"url\":\"https:\/\/dev.leselfes.com\/\",\"logo\":{\"@type\":\"ImageObject\",\"inLanguage\":\"fr-FR\",\"@id\":\"https:\/\/dev.leselfes.com\/#\/schema\/logo\/image\/\",\"url\":\"https:\/\/www.leselfes.com\/wp-content\/uploads\/2022\/03\/leselfes-logo.png\",\"contentUrl\":\"https:\/\/www.leselfes.com\/wp-content\/uploads\/2022\/03\/leselfes-logo.png\",\"width\":233,\"height\":51,\"caption\":\"Les Elfes International\"},\"image\":{\"@id\":\"https:\/\/dev.leselfes.com\/#\/schema\/logo\/image\/\"},\"sameAs\":[\"https:\/\/www.facebook.com\/LesElfesVerbier\",\"https:\/\/x.com\/LesElfesCamps\",\"https:\/\/www.instagram.com\/leselfes\",\"https:\/\/www.linkedin.com\/company\/les-elfes-international\",\"https:\/\/www.youtube.com\/user\/LesElfesVerbier\"]},{\"@type\":\"Person\",\"@id\":\"https:\/\/dev.leselfes.com\/#\/schema\/person\/407a229698868b8c603874b19f37f289\",\"name\":\"lesadmin\",\"image\":{\"@type\":\"ImageObject\",\"inLanguage\":\"fr-FR\",\"@id\":\"https:\/\/dev.leselfes.com\/#\/schema\/person\/image\/\",\"url\":\"https:\/\/secure.gravatar.com\/avatar\/fdb243a028df450397b3632d862f87f6?s=96&d=mm&r=g\",\"contentUrl\":\"https:\/\/secure.gravatar.com\/avatar\/fdb243a028df450397b3632d862f87f6?s=96&d=mm&r=g\",\"caption\":\"lesadmin\"},\"url\":\"https:\/\/www.leselfes.com\/fr\/author\/lesadmin\/\"}]}<\/script>\n<!-- \/ Yoast SEO Premium plugin. -->","yoast_head_json":{"title":"Comment le jardinage contribue au d\u00e9veloppement mental de votre enfant - Les Elfes International Camps Switzerland Camps Les Elfes","robots":{"index":"index","follow":"follow","max-snippet":"max-snippet:-1","max-image-preview":"max-image-preview:large","max-video-preview":"max-video-preview:-1"},"canonical":"https:\/\/www.leselfes.com\/fr\/comment-le-jardinage-contribue-au-developpement-mental-de-votre-enfant\/","og_locale":"fr_FR","og_type":"article","og_title":"Comment le jardinage contribue au d\u00e9veloppement mental de votre enfant","og_description":"Le jardinage peut contribuer au d\u00e9veloppement mental de votre enfant, qu&rsquo;il s&rsquo;agisse d&rsquo;un grand jardin ou d&rsquo;un petit balcon. Montrez-lui comment cultiver des plantes et entretenir un jardin et, non...","og_url":"https:\/\/www.leselfes.com\/fr\/comment-le-jardinage-contribue-au-developpement-mental-de-votre-enfant\/","og_site_name":"Les Elfes International Camps Switzerland","article_publisher":"https:\/\/www.facebook.com\/LesElfesVerbier","article_published_time":"2022-02-24T11:57:06+00:00","article_modified_time":"2025-01-07T09:07:13+00:00","og_image":[{"width":400,"height":266,"url":"https:\/\/dev.leselfes.com\/wp-content\/uploads\/2022\/02\/Gardening-Cover.jpg","type":"image\/jpeg"}],"author":"lesadmin","twitter_card":"summary_large_image","twitter_creator":"@LesElfesCamps","twitter_site":"@LesElfesCamps","twitter_misc":{"\u00c9crit par":"lesadmin","Dur\u00e9e de lecture estim\u00e9e":"3 minutes"},"schema":{"@context":"https:\/\/schema.org","@graph":[{"@type":"Article","@id":"https:\/\/www.leselfes.com\/fr\/comment-le-jardinage-contribue-au-developpement-mental-de-votre-enfant\/#article","isPartOf":{"@id":"https:\/\/www.leselfes.com\/fr\/comment-le-jardinage-contribue-au-developpement-mental-de-votre-enfant\/"},"author":{"name":"lesadmin","@id":"https:\/\/dev.leselfes.com\/#\/schema\/person\/407a229698868b8c603874b19f37f289"},"headline":"Comment le jardinage contribue au d\u00e9veloppement mental de votre enfant","datePublished":"2022-02-24T11:57:06+00:00","dateModified":"2025-01-07T09:07:13+00:00","mainEntityOfPage":{"@id":"https:\/\/www.leselfes.com\/fr\/comment-le-jardinage-contribue-au-developpement-mental-de-votre-enfant\/"},"wordCount":663,"publisher":{"@id":"https:\/\/dev.leselfes.com\/#organization"},"image":{"@id":"https:\/\/www.leselfes.com\/fr\/comment-le-jardinage-contribue-au-developpement-mental-de-votre-enfant\/#primaryimage"},"thumbnailUrl":"https:\/\/www.leselfes.com\/wp-content\/uploads\/2022\/02\/Gardening-Cover.jpg","articleSection":["Articles"],"inLanguage":"fr-FR"},{"@type":"WebPage","@id":"https:\/\/www.leselfes.com\/fr\/comment-le-jardinage-contribue-au-developpement-mental-de-votre-enfant\/","url":"https:\/\/www.leselfes.com\/fr\/comment-le-jardinage-contribue-au-developpement-mental-de-votre-enfant\/","name":"Comment le jardinage contribue au d\u00e9veloppement mental de votre enfant - Les Elfes International Camps Switzerland Camps Les Elfes","isPartOf":{"@id":"https:\/\/dev.leselfes.com\/#website"},"primaryImageOfPage":{"@id":"https:\/\/www.leselfes.com\/fr\/comment-le-jardinage-contribue-au-developpement-mental-de-votre-enfant\/#primaryimage"},"image":{"@id":"https:\/\/www.leselfes.com\/fr\/comment-le-jardinage-contribue-au-developpement-mental-de-votre-enfant\/#primaryimage"},"thumbnailUrl":"https:\/\/www.leselfes.com\/wp-content\/uploads\/2022\/02\/Gardening-Cover.jpg","datePublished":"2022-02-24T11:57:06+00:00","dateModified":"2025-01-07T09:07:13+00:00","breadcrumb":{"@id":"https:\/\/www.leselfes.com\/fr\/comment-le-jardinage-contribue-au-developpement-mental-de-votre-enfant\/#breadcrumb"},"inLanguage":"fr-FR","potentialAction":[{"@type":"ReadAction","target":["https:\/\/www.leselfes.com\/fr\/comment-le-jardinage-contribue-au-developpement-mental-de-votre-enfant\/"]}]},{"@type":"ImageObject","inLanguage":"fr-FR","@id":"https:\/\/www.leselfes.com\/fr\/comment-le-jardinage-contribue-au-developpement-mental-de-votre-enfant\/#primaryimage","url":"https:\/\/www.leselfes.com\/wp-content\/uploads\/2022\/02\/Gardening-Cover.jpg","contentUrl":"https:\/\/www.leselfes.com\/wp-content\/uploads\/2022\/02\/Gardening-Cover.jpg","width":400,"height":266},{"@type":"BreadcrumbList","@id":"https:\/\/www.leselfes.com\/fr\/comment-le-jardinage-contribue-au-developpement-mental-de-votre-enfant\/#breadcrumb","itemListElement":[{"@type":"ListItem","position":1,"name":"Home","item":"https:\/\/www.leselfes.com\/fr\/"},{"@type":"ListItem","position":2,"name":"Comment le jardinage contribue au d\u00e9veloppement mental de votre enfant"}]},{"@type":"WebSite","@id":"https:\/\/dev.leselfes.com\/#website","url":"https:\/\/dev.leselfes.com\/","name":"Les Elfes International","description":"Les Elfes International, Verbier Switzerland. Summer Camp, Winter Camp, Spring Camps.","publisher":{"@id":"https:\/\/dev.leselfes.com\/#organization"},"alternateName":"Les Elfes International","potentialAction":[{"@type":"SearchAction","target":{"@type":"EntryPoint","urlTemplate":"https:\/\/dev.leselfes.com\/?s={search_term_string}"},"query-input":{"@type":"PropertyValueSpecification","valueRequired":true,"valueName":"search_term_string"}}],"inLanguage":"fr-FR"},{"@type":"Organization","@id":"https:\/\/dev.leselfes.com\/#organization","name":"Les Elfes International","alternateName":"Les Elfes International","url":"https:\/\/dev.leselfes.com\/","logo":{"@type":"ImageObject","inLanguage":"fr-FR","@id":"https:\/\/dev.leselfes.com\/#\/schema\/logo\/image\/","url":"https:\/\/www.leselfes.com\/wp-content\/uploads\/2022\/03\/leselfes-logo.png","contentUrl":"https:\/\/www.leselfes.com\/wp-content\/uploads\/2022\/03\/leselfes-logo.png","width":233,"height":51,"caption":"Les Elfes International"},"image":{"@id":"https:\/\/dev.leselfes.com\/#\/schema\/logo\/image\/"},"sameAs":["https:\/\/www.facebook.com\/LesElfesVerbier","https:\/\/x.com\/LesElfesCamps","https:\/\/www.instagram.com\/leselfes","https:\/\/www.linkedin.com\/company\/les-elfes-international","https:\/\/www.youtube.com\/user\/LesElfesVerbier"]},{"@type":"Person","@id":"https:\/\/dev.leselfes.com\/#\/schema\/person\/407a229698868b8c603874b19f37f289","name":"lesadmin","image":{"@type":"ImageObject","inLanguage":"fr-FR","@id":"https:\/\/dev.leselfes.com\/#\/schema\/person\/image\/","url":"https:\/\/secure.gravatar.com\/avatar\/fdb243a028df450397b3632d862f87f6?s=96&d=mm&r=g","contentUrl":"https:\/\/secure.gravatar.com\/avatar\/fdb243a028df450397b3632d862f87f6?s=96&d=mm&r=g","caption":"lesadmin"},"url":"https:\/\/www.leselfes.com\/fr\/author\/lesadmin\/"}]}},"_links":{"self":[{"href":"https:\/\/www.leselfes.com\/fr\/wp-json\/wp\/v2\/posts\/95628"}],"collection":[{"href":"https:\/\/www.leselfes.com\/fr\/wp-json\/wp\/v2\/posts"}],"about":[{"href":"https:\/\/www.leselfes.com\/fr\/wp-json\/wp\/v2\/types\/post"}],"author":[{"embeddable":true,"href":"https:\/\/www.leselfes.com\/fr\/wp-json\/wp\/v2\/users\/1"}],"replies":[{"embeddable":true,"href":"https:\/\/www.leselfes.com\/fr\/wp-json\/wp\/v2\/comments?post=95628"}],"version-history":[{"count":0,"href":"https:\/\/www.leselfes.com\/fr\/wp-json\/wp\/v2\/posts\/95628\/revisions"}],"wp:featuredmedia":[{"embeddable":true,"href":"https:\/\/www.leselfes.com\/fr\/wp-json\/wp\/v2\/media\/78321"}],"wp:attachment":[{"href":"https:\/\/www.leselfes.com\/fr\/wp-json\/wp\/v2\/media?parent=95628"}],"wp:term":[{"taxonomy":"category","embeddable":true,"href":"https:\/\/www.leselfes.com\/fr\/wp-json\/wp\/v2\/categories?post=95628"},{"taxonomy":"post_tag","embeddable":true,"href":"https:\/\/www.leselfes.com\/fr\/wp-json\/wp\/v2\/tags?post=95628"}],"curies":[{"name":"wp","href":"https:\/\/api.w.org\/{rel}","templated":true}]}}