{"id":95634,"date":"2022-08-03T14:01:19","date_gmt":"2022-08-03T12:01:19","guid":{"rendered":"https:\/\/www.leselfes.com\/lettre-dinformation-juillet-camp-dete-et-dhiver-2022-2023\/"},"modified":"2025-01-07T10:07:07","modified_gmt":"2025-01-07T09:07:07","slug":"lettre-dinformation-juillet-camp-dete-et-dhiver-2022-2023","status":"publish","type":"post","link":"https:\/\/www.leselfes.com\/fr\/lettre-dinformation-juillet-camp-dete-et-dhiver-2022-2023\/","title":{"rendered":"Lettre d&rsquo;information juillet : Camp d&rsquo;\u00e9t\u00e9 et d&rsquo;hiver 2022-2023"},"content":{"rendered":"<p style=\"text-align: left;\">Chers parents,<\/p>\n<p>un mois de plus s&rsquo;est \u00e9coul\u00e9, et avec lui, 450 \u00e9l\u00e8ves ont pu se rendre \u00e0 la colonie de vacances Les Elfes !<\/p>\n<p>La prochaine session, qui d\u00e9butera le 31 juillet pour deux semaines, sera marqu\u00e9e par un \u00e9v\u00e9nement tr\u00e8s important : la f\u00eate nationale suisse du 1er ao\u00fbt ! Des activit\u00e9s sp\u00e9ciales seront organis\u00e9es \u00e0 cette occasion. <\/p>\n<p>Pour ceux qui souhaitent encore inscrire leurs enfants au camp d&rsquo;\u00e9t\u00e9, il reste quelques places pour la session 5, qui d\u00e9butera le 14 ao\u00fbt pour 2 semaines.<\/p>\n<p>En outre, les inscriptions sont \u00e9galement ouvertes pour le camp d&rsquo;hiver 2023, qui se d\u00e9roulera de d\u00e9cembre 2022 \u00e0 avril 2023.<\/p>\n<p>\t\t\t<a href=\"https:\/\/www.leselfes.com\/fr\/camp-dete\/sinscrire-au-camp-dete\/\" role=\"button\"><br \/>\n  Inscription au camp d&rsquo;\u00e9t\u00e9<br \/>\n\t\t\t\t\t<\/a><br \/>\n\t\t\t<a href=\"https:\/\/www.leselfes.com\/fr\/camp-dhiver\/inscrivez-vous-au-camp-dhiver\/\" role=\"button\"><br \/>\n  Inscription au camp d&rsquo;hiver<br \/>\n\t\t\t\t\t<\/a><\/p>\n<h2>T\u00c9L\u00c9CHARGEZ LE LIVRE DE SOUVENIRS DE LA SESSION PR\u00c9C\u00c9DENTE ET D\u00c9COUVREZ CE QUE NOS CAMPEURS ONT \u00c0 DIRE&#8230;  <\/p>\n","protected":false},"excerpt":{"rendered":"<p>Chers parents, un mois de plus s&rsquo;est \u00e9coul\u00e9, et avec lui, 450 \u00e9l\u00e8ves ont pu se rendre \u00e0 la colonie de vacances Les Elfes ! La prochaine session, qui d\u00e9butera&#8230;<\/p>\n","protected":false},"author":1,"featured_media":79069,"comment_status":"closed","ping_status":"open","sticky":false,"template":"","format":"standard","meta":{"_acf_changed":false,"inline_featured_image":false,"footnotes":""},"categories":[1394,1425],"tags":[],"class_list":{"0":"post-95634","1":"post","2":"type-post","3":"status-publish","4":"format-standard","5":"has-post-thumbnail","7":"category-actualites","8":"category-conseils-aux-parents"},"acf":[],"yoast_head":"<!-- This site is optimized with the Yoast SEO Premium plugin v24.2 (Yoast SEO v24.7) - https:\/\/yoast.com\/wordpress\/plugins\/seo\/ -->\n<title>Camp d&#039;\u00e9t\u00e9 et d&#039;hiver 2022 &amp; 2023 - Camp multi-activit\u00e9s en Suisse<\/title>\n<meta name=\"description\" content=\"D\u00e9couvrez ce que font les \u00e9tudiants pendant le camp d&#039;\u00e9t\u00e9 Les Elfes 2022 ! Acc\u00e9dez aux actualit\u00e9s, aux photos, aux vid\u00e9os et aux commentaires.\" \/>\n<meta name=\"robots\" content=\"index, follow, max-snippet:-1, max-image-preview:large, max-video-preview:-1\" \/>\n<link rel=\"canonical\" href=\"https:\/\/www.leselfes.com\/fr\/lettre-dinformation-juillet-camp-dete-et-dhiver-2022-2023\/\" \/>\n<meta property=\"og:locale\" content=\"fr_FR\" \/>\n<meta property=\"og:type\" content=\"article\" \/>\n<meta property=\"og:title\" content=\"Les 15 r\u00e8gles de s\u00e9curit\u00e9 essentielles pour les enfants dans les camps d&#039;\u00e9t\u00e9 en Suisse\" \/>\n<meta property=\"og:description\" content=\"Il existe de nombreuses autres r\u00e8gles de s\u00e9curit\u00e9 \u00e0 respecter en colonie de vacances, mais celles-ci sont les plus essentielles.\" \/>\n<meta property=\"og:url\" content=\"https:\/\/www.leselfes.com\/fr\/lettre-dinformation-juillet-camp-dete-et-dhiver-2022-2023\/\" \/>\n<meta property=\"og:site_name\" content=\"Les Elfes International Camps Switzerland\" \/>\n<meta property=\"article:publisher\" content=\"https:\/\/www.facebook.com\/LesElfesVerbier\" \/>\n<meta property=\"article:published_time\" content=\"2022-08-03T12:01:19+00:00\" \/>\n<meta property=\"article:modified_time\" content=\"2025-01-07T09:07:07+00:00\" \/>\n<meta property=\"og:image\" content=\"https:\/\/dev.leselfes.com\/wp-content\/uploads\/2022\/06\/Summer-Camp-Safety-Rules-for-Kids.png\" \/>\n<meta name=\"author\" content=\"lesadmin\" \/>\n<meta name=\"twitter:card\" content=\"summary_large_image\" \/>\n<meta name=\"twitter:title\" content=\"Les 15 r\u00e8gles de s\u00e9curit\u00e9 essentielles pour les enfants dans les camps d&#039;\u00e9t\u00e9 en Suisse\" \/>\n<meta name=\"twitter:description\" content=\"Il existe de nombreuses autres r\u00e8gles de s\u00e9curit\u00e9 \u00e0 respecter en colonie de vacances, mais celles-ci sont les plus essentielles.\" \/>\n<meta name=\"twitter:image\" content=\"https:\/\/dev.leselfes.com\/wp-content\/uploads\/2022\/06\/Summer-Camp-Safety-Rules-for-Kids.png\" \/>\n<meta name=\"twitter:creator\" content=\"@LesElfesCamps\" \/>\n<meta name=\"twitter:site\" content=\"@LesElfesCamps\" \/>\n<meta name=\"twitter:label1\" content=\"\u00c9crit par\" \/>\n\t<meta name=\"twitter:data1\" content=\"lesadmin\" \/>\n\t<meta name=\"twitter:label2\" content=\"Dur\u00e9e de lecture estim\u00e9e\" \/>\n\t<meta name=\"twitter:data2\" content=\"1 minute\" \/>\n<script type=\"application\/ld+json\" class=\"yoast-schema-graph\">{\"@context\":\"https:\/\/schema.org\",\"@graph\":[{\"@type\":\"Article\",\"@id\":\"https:\/\/www.leselfes.com\/fr\/lettre-dinformation-juillet-camp-dete-et-dhiver-2022-2023\/#article\",\"isPartOf\":{\"@id\":\"https:\/\/www.leselfes.com\/fr\/lettre-dinformation-juillet-camp-dete-et-dhiver-2022-2023\/\"},\"author\":{\"name\":\"lesadmin\",\"@id\":\"https:\/\/dev.leselfes.com\/#\/schema\/person\/407a229698868b8c603874b19f37f289\"},\"headline\":\"Lettre d&rsquo;information juillet : Camp d&rsquo;\u00e9t\u00e9 et d&rsquo;hiver 2022-2023\",\"datePublished\":\"2022-08-03T12:01:19+00:00\",\"dateModified\":\"2025-01-07T09:07:07+00:00\",\"mainEntityOfPage\":{\"@id\":\"https:\/\/www.leselfes.com\/fr\/lettre-dinformation-juillet-camp-dete-et-dhiver-2022-2023\/\"},\"wordCount\":154,\"publisher\":{\"@id\":\"https:\/\/dev.leselfes.com\/#organization\"},\"image\":{\"@id\":\"https:\/\/www.leselfes.com\/fr\/lettre-dinformation-juillet-camp-dete-et-dhiver-2022-2023\/#primaryimage\"},\"thumbnailUrl\":\"https:\/\/www.leselfes.com\/wp-content\/uploads\/2022\/08\/newsletter-IND-July-2022-Les-Elfes-International.jpg\",\"articleSection\":[\"Actualit\u00e9s\",\"Conseils aux parents\"],\"inLanguage\":\"fr-FR\"},{\"@type\":\"WebPage\",\"@id\":\"https:\/\/www.leselfes.com\/fr\/lettre-dinformation-juillet-camp-dete-et-dhiver-2022-2023\/\",\"url\":\"https:\/\/www.leselfes.com\/fr\/lettre-dinformation-juillet-camp-dete-et-dhiver-2022-2023\/\",\"name\":\"Camp d'\u00e9t\u00e9 et d'hiver 2022 & 2023 - Camp multi-activit\u00e9s en Suisse\",\"isPartOf\":{\"@id\":\"https:\/\/dev.leselfes.com\/#website\"},\"primaryImageOfPage\":{\"@id\":\"https:\/\/www.leselfes.com\/fr\/lettre-dinformation-juillet-camp-dete-et-dhiver-2022-2023\/#primaryimage\"},\"image\":{\"@id\":\"https:\/\/www.leselfes.com\/fr\/lettre-dinformation-juillet-camp-dete-et-dhiver-2022-2023\/#primaryimage\"},\"thumbnailUrl\":\"https:\/\/www.leselfes.com\/wp-content\/uploads\/2022\/08\/newsletter-IND-July-2022-Les-Elfes-International.jpg\",\"datePublished\":\"2022-08-03T12:01:19+00:00\",\"dateModified\":\"2025-01-07T09:07:07+00:00\",\"description\":\"D\u00e9couvrez ce que font les \u00e9tudiants pendant le camp d'\u00e9t\u00e9 Les Elfes 2022 ! Acc\u00e9dez aux actualit\u00e9s, aux photos, aux vid\u00e9os et aux commentaires.\",\"breadcrumb\":{\"@id\":\"https:\/\/www.leselfes.com\/fr\/lettre-dinformation-juillet-camp-dete-et-dhiver-2022-2023\/#breadcrumb\"},\"inLanguage\":\"fr-FR\",\"potentialAction\":[{\"@type\":\"ReadAction\",\"target\":[\"https:\/\/www.leselfes.com\/fr\/lettre-dinformation-juillet-camp-dete-et-dhiver-2022-2023\/\"]}]},{\"@type\":\"ImageObject\",\"inLanguage\":\"fr-FR\",\"@id\":\"https:\/\/www.leselfes.com\/fr\/lettre-dinformation-juillet-camp-dete-et-dhiver-2022-2023\/#primaryimage\",\"url\":\"https:\/\/www.leselfes.com\/wp-content\/uploads\/2022\/08\/newsletter-IND-July-2022-Les-Elfes-International.jpg\",\"contentUrl\":\"https:\/\/www.leselfes.com\/wp-content\/uploads\/2022\/08\/newsletter-IND-July-2022-Les-Elfes-International.jpg\",\"width\":400,\"height\":298},{\"@type\":\"BreadcrumbList\",\"@id\":\"https:\/\/www.leselfes.com\/fr\/lettre-dinformation-juillet-camp-dete-et-dhiver-2022-2023\/#breadcrumb\",\"itemListElement\":[{\"@type\":\"ListItem\",\"position\":1,\"name\":\"Home\",\"item\":\"https:\/\/www.leselfes.com\/fr\/\"},{\"@type\":\"ListItem\",\"position\":2,\"name\":\"Lettre d&#8217;information juillet : Camp d&#8217;\u00e9t\u00e9 et d&#8217;hiver 2022-2023\"}]},{\"@type\":\"WebSite\",\"@id\":\"https:\/\/dev.leselfes.com\/#website\",\"url\":\"https:\/\/dev.leselfes.com\/\",\"name\":\"Les Elfes International\",\"description\":\"Les Elfes International, Verbier Switzerland. Summer Camp, Winter Camp, Spring Camps.\",\"publisher\":{\"@id\":\"https:\/\/dev.leselfes.com\/#organization\"},\"alternateName\":\"Les Elfes International\",\"potentialAction\":[{\"@type\":\"SearchAction\",\"target\":{\"@type\":\"EntryPoint\",\"urlTemplate\":\"https:\/\/dev.leselfes.com\/?s={search_term_string}\"},\"query-input\":{\"@type\":\"PropertyValueSpecification\",\"valueRequired\":true,\"valueName\":\"search_term_string\"}}],\"inLanguage\":\"fr-FR\"},{\"@type\":\"Organization\",\"@id\":\"https:\/\/dev.leselfes.com\/#organization\",\"name\":\"Les Elfes International\",\"alternateName\":\"Les Elfes International\",\"url\":\"https:\/\/dev.leselfes.com\/\",\"logo\":{\"@type\":\"ImageObject\",\"inLanguage\":\"fr-FR\",\"@id\":\"https:\/\/dev.leselfes.com\/#\/schema\/logo\/image\/\",\"url\":\"https:\/\/www.leselfes.com\/wp-content\/uploads\/2022\/03\/leselfes-logo.png\",\"contentUrl\":\"https:\/\/www.leselfes.com\/wp-content\/uploads\/2022\/03\/leselfes-logo.png\",\"width\":233,\"height\":51,\"caption\":\"Les Elfes International\"},\"image\":{\"@id\":\"https:\/\/dev.leselfes.com\/#\/schema\/logo\/image\/\"},\"sameAs\":[\"https:\/\/www.facebook.com\/LesElfesVerbier\",\"https:\/\/x.com\/LesElfesCamps\",\"https:\/\/www.instagram.com\/leselfes\",\"https:\/\/www.linkedin.com\/company\/les-elfes-international\",\"https:\/\/www.youtube.com\/user\/LesElfesVerbier\"]},{\"@type\":\"Person\",\"@id\":\"https:\/\/dev.leselfes.com\/#\/schema\/person\/407a229698868b8c603874b19f37f289\",\"name\":\"lesadmin\",\"image\":{\"@type\":\"ImageObject\",\"inLanguage\":\"fr-FR\",\"@id\":\"https:\/\/dev.leselfes.com\/#\/schema\/person\/image\/\",\"url\":\"https:\/\/secure.gravatar.com\/avatar\/fdb243a028df450397b3632d862f87f6?s=96&d=mm&r=g\",\"contentUrl\":\"https:\/\/secure.gravatar.com\/avatar\/fdb243a028df450397b3632d862f87f6?s=96&d=mm&r=g\",\"caption\":\"lesadmin\"},\"url\":\"https:\/\/www.leselfes.com\/fr\/author\/lesadmin\/\"}]}<\/script>\n<!-- \/ Yoast SEO Premium plugin. -->","yoast_head_json":{"title":"Camp d'\u00e9t\u00e9 et d'hiver 2022 & 2023 - Camp multi-activit\u00e9s en Suisse","description":"D\u00e9couvrez ce que font les \u00e9tudiants pendant le camp d'\u00e9t\u00e9 Les Elfes 2022 ! Acc\u00e9dez aux actualit\u00e9s, aux photos, aux vid\u00e9os et aux commentaires.","robots":{"index":"index","follow":"follow","max-snippet":"max-snippet:-1","max-image-preview":"max-image-preview:large","max-video-preview":"max-video-preview:-1"},"canonical":"https:\/\/www.leselfes.com\/fr\/lettre-dinformation-juillet-camp-dete-et-dhiver-2022-2023\/","og_locale":"fr_FR","og_type":"article","og_title":"Les 15 r\u00e8gles de s\u00e9curit\u00e9 essentielles pour les enfants dans les camps d'\u00e9t\u00e9 en Suisse","og_description":"Il existe de nombreuses autres r\u00e8gles de s\u00e9curit\u00e9 \u00e0 respecter en colonie de vacances, mais celles-ci sont les plus essentielles.","og_url":"https:\/\/www.leselfes.com\/fr\/lettre-dinformation-juillet-camp-dete-et-dhiver-2022-2023\/","og_site_name":"Les Elfes International Camps Switzerland","article_publisher":"https:\/\/www.facebook.com\/LesElfesVerbier","article_published_time":"2022-08-03T12:01:19+00:00","article_modified_time":"2025-01-07T09:07:07+00:00","og_image":[{"url":"https:\/\/dev.leselfes.com\/wp-content\/uploads\/2022\/06\/Summer-Camp-Safety-Rules-for-Kids.png","type":"","width":"","height":""}],"author":"lesadmin","twitter_card":"summary_large_image","twitter_title":"Les 15 r\u00e8gles de s\u00e9curit\u00e9 essentielles pour les enfants dans les camps d'\u00e9t\u00e9 en Suisse","twitter_description":"Il existe de nombreuses autres r\u00e8gles de s\u00e9curit\u00e9 \u00e0 respecter en colonie de vacances, mais celles-ci sont les plus essentielles.","twitter_image":"https:\/\/dev.leselfes.com\/wp-content\/uploads\/2022\/06\/Summer-Camp-Safety-Rules-for-Kids.png","twitter_creator":"@LesElfesCamps","twitter_site":"@LesElfesCamps","twitter_misc":{"\u00c9crit par":"lesadmin","Dur\u00e9e de lecture estim\u00e9e":"1 minute"},"schema":{"@context":"https:\/\/schema.org","@graph":[{"@type":"Article","@id":"https:\/\/www.leselfes.com\/fr\/lettre-dinformation-juillet-camp-dete-et-dhiver-2022-2023\/#article","isPartOf":{"@id":"https:\/\/www.leselfes.com\/fr\/lettre-dinformation-juillet-camp-dete-et-dhiver-2022-2023\/"},"author":{"name":"lesadmin","@id":"https:\/\/dev.leselfes.com\/#\/schema\/person\/407a229698868b8c603874b19f37f289"},"headline":"Lettre d&rsquo;information juillet : Camp d&rsquo;\u00e9t\u00e9 et d&rsquo;hiver 2022-2023","datePublished":"2022-08-03T12:01:19+00:00","dateModified":"2025-01-07T09:07:07+00:00","mainEntityOfPage":{"@id":"https:\/\/www.leselfes.com\/fr\/lettre-dinformation-juillet-camp-dete-et-dhiver-2022-2023\/"},"wordCount":154,"publisher":{"@id":"https:\/\/dev.leselfes.com\/#organization"},"image":{"@id":"https:\/\/www.leselfes.com\/fr\/lettre-dinformation-juillet-camp-dete-et-dhiver-2022-2023\/#primaryimage"},"thumbnailUrl":"https:\/\/www.leselfes.com\/wp-content\/uploads\/2022\/08\/newsletter-IND-July-2022-Les-Elfes-International.jpg","articleSection":["Actualit\u00e9s","Conseils aux parents"],"inLanguage":"fr-FR"},{"@type":"WebPage","@id":"https:\/\/www.leselfes.com\/fr\/lettre-dinformation-juillet-camp-dete-et-dhiver-2022-2023\/","url":"https:\/\/www.leselfes.com\/fr\/lettre-dinformation-juillet-camp-dete-et-dhiver-2022-2023\/","name":"Camp d'\u00e9t\u00e9 et d'hiver 2022 & 2023 - Camp multi-activit\u00e9s en Suisse","isPartOf":{"@id":"https:\/\/dev.leselfes.com\/#website"},"primaryImageOfPage":{"@id":"https:\/\/www.leselfes.com\/fr\/lettre-dinformation-juillet-camp-dete-et-dhiver-2022-2023\/#primaryimage"},"image":{"@id":"https:\/\/www.leselfes.com\/fr\/lettre-dinformation-juillet-camp-dete-et-dhiver-2022-2023\/#primaryimage"},"thumbnailUrl":"https:\/\/www.leselfes.com\/wp-content\/uploads\/2022\/08\/newsletter-IND-July-2022-Les-Elfes-International.jpg","datePublished":"2022-08-03T12:01:19+00:00","dateModified":"2025-01-07T09:07:07+00:00","description":"D\u00e9couvrez ce que font les \u00e9tudiants pendant le camp d'\u00e9t\u00e9 Les Elfes 2022 ! Acc\u00e9dez aux actualit\u00e9s, aux photos, aux vid\u00e9os et aux commentaires.","breadcrumb":{"@id":"https:\/\/www.leselfes.com\/fr\/lettre-dinformation-juillet-camp-dete-et-dhiver-2022-2023\/#breadcrumb"},"inLanguage":"fr-FR","potentialAction":[{"@type":"ReadAction","target":["https:\/\/www.leselfes.com\/fr\/lettre-dinformation-juillet-camp-dete-et-dhiver-2022-2023\/"]}]},{"@type":"ImageObject","inLanguage":"fr-FR","@id":"https:\/\/www.leselfes.com\/fr\/lettre-dinformation-juillet-camp-dete-et-dhiver-2022-2023\/#primaryimage","url":"https:\/\/www.leselfes.com\/wp-content\/uploads\/2022\/08\/newsletter-IND-July-2022-Les-Elfes-International.jpg","contentUrl":"https:\/\/www.leselfes.com\/wp-content\/uploads\/2022\/08\/newsletter-IND-July-2022-Les-Elfes-International.jpg","width":400,"height":298},{"@type":"BreadcrumbList","@id":"https:\/\/www.leselfes.com\/fr\/lettre-dinformation-juillet-camp-dete-et-dhiver-2022-2023\/#breadcrumb","itemListElement":[{"@type":"ListItem","position":1,"name":"Home","item":"https:\/\/www.leselfes.com\/fr\/"},{"@type":"ListItem","position":2,"name":"Lettre d&#8217;information juillet : Camp d&#8217;\u00e9t\u00e9 et d&#8217;hiver 2022-2023"}]},{"@type":"WebSite","@id":"https:\/\/dev.leselfes.com\/#website","url":"https:\/\/dev.leselfes.com\/","name":"Les Elfes International","description":"Les Elfes International, Verbier Switzerland. Summer Camp, Winter Camp, Spring Camps.","publisher":{"@id":"https:\/\/dev.leselfes.com\/#organization"},"alternateName":"Les Elfes International","potentialAction":[{"@type":"SearchAction","target":{"@type":"EntryPoint","urlTemplate":"https:\/\/dev.leselfes.com\/?s={search_term_string}"},"query-input":{"@type":"PropertyValueSpecification","valueRequired":true,"valueName":"search_term_string"}}],"inLanguage":"fr-FR"},{"@type":"Organization","@id":"https:\/\/dev.leselfes.com\/#organization","name":"Les Elfes International","alternateName":"Les Elfes International","url":"https:\/\/dev.leselfes.com\/","logo":{"@type":"ImageObject","inLanguage":"fr-FR","@id":"https:\/\/dev.leselfes.com\/#\/schema\/logo\/image\/","url":"https:\/\/www.leselfes.com\/wp-content\/uploads\/2022\/03\/leselfes-logo.png","contentUrl":"https:\/\/www.leselfes.com\/wp-content\/uploads\/2022\/03\/leselfes-logo.png","width":233,"height":51,"caption":"Les Elfes International"},"image":{"@id":"https:\/\/dev.leselfes.com\/#\/schema\/logo\/image\/"},"sameAs":["https:\/\/www.facebook.com\/LesElfesVerbier","https:\/\/x.com\/LesElfesCamps","https:\/\/www.instagram.com\/leselfes","https:\/\/www.linkedin.com\/company\/les-elfes-international","https:\/\/www.youtube.com\/user\/LesElfesVerbier"]},{"@type":"Person","@id":"https:\/\/dev.leselfes.com\/#\/schema\/person\/407a229698868b8c603874b19f37f289","name":"lesadmin","image":{"@type":"ImageObject","inLanguage":"fr-FR","@id":"https:\/\/dev.leselfes.com\/#\/schema\/person\/image\/","url":"https:\/\/secure.gravatar.com\/avatar\/fdb243a028df450397b3632d862f87f6?s=96&d=mm&r=g","contentUrl":"https:\/\/secure.gravatar.com\/avatar\/fdb243a028df450397b3632d862f87f6?s=96&d=mm&r=g","caption":"lesadmin"},"url":"https:\/\/www.leselfes.com\/fr\/author\/lesadmin\/"}]}},"_links":{"self":[{"href":"https:\/\/www.leselfes.com\/fr\/wp-json\/wp\/v2\/posts\/95634"}],"collection":[{"href":"https:\/\/www.leselfes.com\/fr\/wp-json\/wp\/v2\/posts"}],"about":[{"href":"https:\/\/www.leselfes.com\/fr\/wp-json\/wp\/v2\/types\/post"}],"author":[{"embeddable":true,"href":"https:\/\/www.leselfes.com\/fr\/wp-json\/wp\/v2\/users\/1"}],"replies":[{"embeddable":true,"href":"https:\/\/www.leselfes.com\/fr\/wp-json\/wp\/v2\/comments?post=95634"}],"version-history":[{"count":0,"href":"https:\/\/www.leselfes.com\/fr\/wp-json\/wp\/v2\/posts\/95634\/revisions"}],"wp:featuredmedia":[{"embeddable":true,"href":"https:\/\/www.leselfes.com\/fr\/wp-json\/wp\/v2\/media\/79069"}],"wp:attachment":[{"href":"https:\/\/www.leselfes.com\/fr\/wp-json\/wp\/v2\/media?parent=95634"}],"wp:term":[{"taxonomy":"category","embeddable":true,"href":"https:\/\/www.leselfes.com\/fr\/wp-json\/wp\/v2\/categories?post=95634"},{"taxonomy":"post_tag","embeddable":true,"href":"https:\/\/www.leselfes.com\/fr\/wp-json\/wp\/v2\/tags?post=95634"}],"curies":[{"name":"wp","href":"https:\/\/api.w.org\/{rel}","templated":true}]}}