{"id":95635,"date":"2022-04-12T06:20:21","date_gmt":"2022-04-12T04:20:21","guid":{"rendered":"https:\/\/www.leselfes.com\/camp-dete-suisse-conseils-de-securite-pendant-covid-19\/"},"modified":"2025-01-07T10:07:00","modified_gmt":"2025-01-07T09:07:00","slug":"camp-dete-suisse-conseils-de-securite-pendant-covid-19","status":"publish","type":"post","link":"https:\/\/www.leselfes.com\/fr\/camp-dete-suisse-conseils-de-securite-pendant-covid-19\/","title":{"rendered":"Camp d&rsquo;\u00e9t\u00e9 Suisse Conseils de s\u00e9curit\u00e9 pendant Covid-19"},"content":{"rendered":"\n<p>Les adeptes des colonies de vacances se r\u00e9jouissent de camper et de s&rsquo;adonner \u00e0 leurs activit\u00e9s favorites cette ann\u00e9e.\nLa disponibilit\u00e9 des vaccins Covid-19 a modifi\u00e9 l&rsquo;orientation de la pand\u00e9mie en Suisse.\nEn outre, les CDC (Centers for Disease Control and Prevention) ont r\u00e9cemment publi\u00e9 les derni\u00e8res directives relatives au Covid-19, r\u00e9affirmant que les personnes enti\u00e8rement vaccin\u00e9es sont libres de reprendre leurs activit\u00e9s normales sans distanciation sociale ni port de masque \u00e0 l&rsquo;ext\u00e9rieur et \u00e0 l&rsquo;int\u00e9rieur.  <\/p>\n\n<figure><img loading=\"lazy\" decoding=\"async\" src=\"https:\/\/www.leselfes.com\/wp-content\/uploads\/2023\/03\/Summer-Camp-Switzerland-Safety-Tips.jpg\" alt=\"Camp d'&#xE9;t&#xE9; Suisse Conseils de s&#xE9;curit&#xE9;\" width=\"621\" height=\"322\"\/><\/figure>\n\n<p>De nombreuses r\u00e9gions de Suisse ont accueilli favorablement ces directives et les organisateurs de camps d&rsquo;\u00e9t\u00e9 travaillent actuellement \u00e0 la publication de l&rsquo;itin\u00e9raire de la prochaine exp\u00e9dition de camping d&rsquo;\u00e9t\u00e9.\nMais la pand\u00e9mie n&rsquo;est pas encore termin\u00e9e. <\/p>\n\n<p>Par cons\u00e9quent, tout le monde devrait faire preuve de prudence lorsqu&rsquo;il s&rsquo;agit de participer \u00e0 des camps ou \u00e0 d&rsquo;autres rassemblements sociaux.\nCet article pr\u00e9sente quelques conseils de s\u00e9curit\u00e9 que vous pouvez adopter pour vous prot\u00e9ger, vous et les membres de votre famille, contre l&rsquo;infection par le virus.   <\/p>\n\n<p class=\"has-text-align-center\"><\/p><p><a href=\"https:\/\/www.leselfes.com\/fr\/?page_id=89039\" target=\"_blank\" rel=\"noopener\"><button type=\"button\">Rejoindre le camp d&rsquo;\u00e9t\u00e9 en Suisse<\/button><\/a><\/p>\n\n<h2 class=\"wp-block-heading\">Comment le Covid 19 affecte-t-il les colonies de vacances ?<\/h2>\n\n<p>La pand\u00e9mie de Covid-19 a eu des r\u00e9percussions sur les camps d&rsquo;\u00e9t\u00e9, notamment en raison des fermetures prolong\u00e9es qui ont amen\u00e9 de nombreux campeurs \u00e0 passer la majeure partie de leur temps \u00e0 l&rsquo;int\u00e9rieur. Pour assurer le bon d\u00e9roulement des services et garantir le bien-\u00eatre des campeurs, les organisateurs de camps sont contraints de mettre en \u0153uvre des mesures de s\u00e9curit\u00e9 rigoureuses. Certains d&rsquo;entre eux ont d\u00fb publier des communiqu\u00e9s pour rassurer les parents sur leur engagement \u00e0 respecter les proc\u00e9dures et politiques d\u00e9finies par les autorit\u00e9s suisses, l&rsquo;OMS et l&rsquo;OFSP (Office f\u00e9d\u00e9ral de la sant\u00e9 publique). Les organisateurs et les superviseurs des camps ont suivi l&rsquo;\u00e9volution constante de la situation de Covid et modifient g\u00e9n\u00e9ralement leurs proc\u00e9dures en cons\u00e9quence.     <\/p>\n\n<p>Sur la base des lignes directrices \u00e9labor\u00e9es par l&rsquo;<a href=\"https:\/\/www.bag.admin.ch\/bag\/en\/home.html\" target=\"_blank\" rel=\"noreferrer noopener\">OFSP<\/a>, l&rsquo;OMS et le gouvernement suisse, de nombreux camps de vacances organisent des webinaires pour s&rsquo;assurer que les parents comprennent les lignes directrices \u00e9tablies. Voici quelques-uns des processus et strat\u00e9gies de pr\u00e9vention adopt\u00e9s par de nombreux centres de camping d&rsquo;\u00e9t\u00e9 : <\/p>\n\n<ul class=\"wp-block-list\">\n<li>Fournir des masques de protection lorsque le besoin s&rsquo;en fait sentir<\/li>\n\n\n\n<li>Avoir des membres du personnel en service 24 heures sur 24<\/li>\n\n\n\n<li>Fournir des d\u00e9sinfectants pour les mains \u00e0 diff\u00e9rents endroits de l&rsquo;\u00e9tablissement.<\/li>\n\n\n\n<li>Effectuer des contr\u00f4les de temp\u00e9rature<\/li>\n\n\n\n<li>Demander aux campeurs s&rsquo;ils ont des probl\u00e8mes de sant\u00e9 et s&rsquo;ils ont d\u00e9j\u00e0 voyag\u00e9 \u00e0 l&rsquo;\u00e9tranger.<\/li>\n\n\n\n<li>Encourager les processus de nettoyage r\u00e9guliers<\/li>\n<\/ul>\n\n<p>Au plus fort de la pand\u00e9mie, de nombreux campings ont \u00e9t\u00e9 assez indulgents pour offrir des remboursements ou reporter les sessions de camping \u00e0 un moment appropri\u00e9. M\u00eame si la pand\u00e9mie s&rsquo;\u00e9loigne lentement et que tout semble revenir \u00e0 la normale, les organisateurs de camp n&rsquo;h\u00e9sitent pas \u00e0 suivre les conseils officiels des autorit\u00e9s locales et des \u00e9tablissements d&rsquo;enseignement. Ils sont d\u00e9termin\u00e9s \u00e0 mettre en place leur strat\u00e9gie et \u00e0 se pr\u00e9parer \u00e0 ce qu&rsquo;ils savent \u00eatre le meilleur int\u00e9r\u00eat de leurs campeurs.    <\/p>\n\n<h2 class=\"wp-block-heading\">Restrictions de voyage en Suisse pour les camps d&rsquo;\u00e9t\u00e9<\/h2>\n\n<p>La Suisse assouplit les restrictions li\u00e9es \u00e0 Covid-19.\nLes personnes entrant dans le pays n&rsquo;ont pas besoin d&rsquo;une preuve de gu\u00e9rison ou d&rsquo;un test PCR n\u00e9gatif.\nToutefois, les \u00e9trangers doivent fournir une preuve de vaccination pour entrer dans le pays.  <\/p>\n\n<p>Le port du masque n&rsquo;est plus obligatoire, pas plus que la pr\u00e9sentation d&rsquo;un r\u00e9sultat de test n\u00e9gatif pour acc\u00e9der \u00e0 la plupart des lieux publics.\nToutefois, le port d&rsquo;un masque dans les \u00e9tablissements m\u00e9dicaux et dans les transports publics reste obligatoire.   <\/p>\n\n<p>Tous les visiteurs en provenance du Canada et des \u00c9tats-Unis doivent \u00eatre enti\u00e8rement vaccin\u00e9s pour \u00eatre autoris\u00e9s \u00e0 entrer en Suisse.\nIl est pratiquement impossible pour les personnes non vaccin\u00e9es d&rsquo;entrer dans le pays. <\/p>\n\n<p>Selon les autorit\u00e9s sanitaires suisses, une vaccination compl\u00e8te signifie que vous avez re\u00e7u votre vaccin Pfizer, votre rappel ou votre deuxi\u00e8me injection 270 jours avant votre arriv\u00e9e en Suisse.\nVous pouvez choisir parmi d&rsquo;autres marques de vaccins, y compris l&rsquo;option monodose de Johnsons et Johnsons.   <\/p>\n\n<p>La Suisse accepte tout vaccin \u00e0 condition qu&rsquo;il ait \u00e9t\u00e9 administr\u00e9 conform\u00e9ment aux directives de l&rsquo;Office f\u00e9d\u00e9ral de la sant\u00e9 publique ou qu&rsquo;il ait \u00e9t\u00e9 approuv\u00e9 par l&rsquo;OMS.\nEn ce qui concerne les voyages a\u00e9riens, le gouvernement local est charg\u00e9 d&rsquo;\u00e9valuer l&rsquo;adh\u00e9sion des compagnies a\u00e9riennes nationales \u00e9trang\u00e8res aux r\u00e8gles de s\u00e9curit\u00e9 internationales du Covid-19. <\/p>\n\n<p>Les campeurs qui pr\u00e9voient de faire du ski ou de l&rsquo;alpinisme devraient communiquer leur itin\u00e9raire \u00e0 leurs amis ou \u00e0 leur famille.\nIls devraient \u00e9galement comprendre les pratiques \u00e9tablies pour aider \u00e0 endiguer la pand\u00e9mie en Suisse.   <\/p>\n\n<h2 class=\"wp-block-heading\">13 Camp d&rsquo;\u00e9t\u00e9 en Suisse Conseils de s\u00e9curit\u00e9 pendant le Covid 19<\/h2>\n\n<p>Les directives r\u00e9vis\u00e9es du CDC ont r\u00e9joui de nombreuses personnes vaccin\u00e9es, mais ont sem\u00e9 la confusion chez les personnes non vaccin\u00e9es.\nNombreux sont ceux qui pensent que les personnes non vaccin\u00e9es cesseront de porter des masques, augmentant ainsi le risque de propagation du virus Covid-17.\nVoici quelques \u00e9l\u00e9ments dont les personnes vaccin\u00e9es et non vaccin\u00e9es devraient se m\u00e9fier en ces temps impr\u00e9visibles de Covid-19.  <\/p>\n\n<h3 class=\"wp-block-heading\">1. Si vous n&rsquo;\u00eates pas vaccin\u00e9, vous courez un risque \u00e9lev\u00e9 de contracter le virus Covid et de le transmettre \u00e0 d&rsquo;autres personnes.<\/h3>\n\n<p>Les directives r\u00e9vis\u00e9es des CDC sur le port du masque risquent d&rsquo;avoir de graves cons\u00e9quences.\nPar exemple, si des personnes non vaccin\u00e9es choisissent de ne pas porter de masque, elles seront plus expos\u00e9es au risque de contracter et de propager le virus. <\/p>\n\n<p>Selon Lisa Maragakis, professeur agr\u00e9g\u00e9 d&rsquo;\u00e9pid\u00e9miologie et de m\u00e9decine \u00e0 la facult\u00e9 de m\u00e9decine de l&rsquo;universit\u00e9 Johns Hopkins<em>,<\/em><\/p>\n\n<p><em>\u00ab\u00a0Malheureusement, le risque pour les personnes non vaccin\u00e9es augmentera consid\u00e9rablement lorsque tout le monde cessera brusquement de porter des masques. Ces personnes devront peut-\u00eatre r\u00e9duire davantage leurs activit\u00e9s et \u00eatre encore plus prudentes jusqu&rsquo;\u00e0 ce qu&rsquo;elles soient compl\u00e8tement vaccin\u00e9es. En d\u00e9finitive, si vous n&rsquo;\u00eates pas vaccin\u00e9, vous \u00eates susceptible d&rsquo;\u00eatre infect\u00e9 par le virus.<\/em><\/p>\n\n<p>  Les personnes vaccin\u00e9es ont plus de chances de gu\u00e9rir de Covid que les personnes non vaccin\u00e9es.\nFaites-vous vacciner avant d&rsquo;entrer en contact avec d&rsquo;autres campeurs.   <\/p>\n\n<h3 class=\"wp-block-heading\">2. Vous n&rsquo;aurez pas besoin de masque pour faire du v\u00e9lo ou de la course \u00e0 pied<\/h3>\n\n<p>Le v\u00e9lo et la course \u00e0 pied font partie des activit\u00e9s les plus excitantes pour les amateurs de camp.\nQue vous soyez vaccin\u00e9 ou non, vous pouvez courir, marcher, faire du v\u00e9lo ou rouler en fauteuil roulant \u00e0 l&rsquo;ext\u00e9rieur sans masque.\nLe risque de contracter le Covid-19 \u00e0 l&rsquo;ext\u00e9rieur est plus faible qu&rsquo;\u00e0 l&rsquo;int\u00e9rieur.\nIl est pr\u00e9f\u00e9rable de pratiquer des activit\u00e9s de plein air sans masque, car la circulation de l&rsquo;air se fait correctement.   <\/p>\n\n<h3 class=\"wp-block-heading\">3. La pratique des sports de contact en plein air est sans danger<\/h3>\n\n<p>Les sports de plein air tels que le football pr\u00e9sentent un risque minime de transmission de Covid-19.<\/p>\n\n<p><em>\u00ab\u00a0Les \u00e9tudes sur les \u00e9v\u00e9nements sportifs montrent que les joueurs des diff\u00e9rentes \u00e9quipes ne passent pas beaucoup de temps \u00e0 proximit\u00e9 les uns des autres pendant un match de basket, par exemple\u00a0\u00bb, explique M. Maragakis.<\/em><\/p>\n\n<p><em> <\/em>Toutefois, Paul Pottinger, professeur \u00e0 la division des maladies infectieuses et des allergies du d\u00e9partement de m\u00e9decine de l&rsquo;universit\u00e9 de Washington \u00e0 Seattle, affirme que les rassemblements d&rsquo;\u00e9quipes en dehors du terrain pourraient \u00eatre le terrain id\u00e9al pour que des personnes non vaccin\u00e9es propagent le virus Covid.\nLes campeurs qui participent \u00e0 des activit\u00e9s en dehors du terrain devraient porter un masque et pratiquer la distanciation sociale pour se mettre \u00e0 l&rsquo;abri.   <\/p>\n\n<h3 class=\"wp-block-heading\">4. Les concerts en plein air et les manifestations sportives pourraient pr\u00e9senter un risque pour les personnes non vaccin\u00e9es.<\/h3>\n\n<figure><img loading=\"lazy\" decoding=\"async\" src=\"https:\/\/www.leselfes.com\/wp-content\/uploads\/2023\/03\/Summer-Camp-Switzerland-Safety-Tip.jpg\" alt=\"Camp d'&#xE9;t&#xE9; Suisse Conseils de s&#xE9;curit&#xE9;\" width=\"622\" height=\"387\"\/><\/figure>\n\n<p>Selon le CDC, il est risqu\u00e9 pour les personnes non vaccin\u00e9es de participer \u00e0 des rassemblements en plein air, tels que des spectacles ou des \u00e9v\u00e9nements sportifs en contact \u00e9troit avec la population. Si vous devez assister \u00e0 ces \u00e9v\u00e9nements, assurez-vous que l&rsquo;\u00e9tablissement dispose de si\u00e8ges appropri\u00e9s et socialement distants. Si vous n&rsquo;\u00eates pas encore vaccin\u00e9, portez un masque pendant ces \u00e9v\u00e9nements.    <\/p>\n\n<h3 class=\"wp-block-heading\">5. Hygi\u00e8ne des mains et des voies respiratoires  <\/h3>\n\n<p>Encouragez et veillez \u00e0 ce que les campeurs pratiquent une hygi\u00e8ne des mains correcte et fr\u00e9quente. Les responsables de camp doivent s&rsquo;assurer que les campeurs comprennent comment se laver soigneusement les mains. Les campeurs et le personnel doivent toujours se laver les mains avant et apr\u00e8s les repas, apr\u00e8s \u00eatre all\u00e9s aux toilettes, apr\u00e8s les activit\u00e9s et chaque fois qu&rsquo;ils utilisent du mat\u00e9riel commun. Les organisateurs de camps doivent \u00e9galement veiller \u00e0 promouvoir une bonne hygi\u00e8ne des mains et des voies respiratoires :     <\/p>\n\n<ul class=\"wp-block-list\">\n<li><a href=\"https:\/\/www.leselfes.com\/fr\/?page_id=89039#staff\" target=\"_blank\" rel=\"noreferrer noopener\">Veillez \u00e0 ce que chaque membre du personnel<\/a> et chaque campeur respecte les r\u00e8gles d&rsquo;hygi\u00e8ne respiratoire. Par exemple, chacun doit toujours se couvrir la bouche avec une serviette en papier lorsqu&rsquo;il tousse ou \u00e9ternue.   <\/li>\n<\/ul>\n\n<ul class=\"wp-block-list\">\n<li>Veillez \u00e0 mettre en place un processus et un programme structur\u00e9s de contr\u00f4le et de remplissage des fournitures pour l&rsquo;hygi\u00e8ne des mains.<\/li>\n<\/ul>\n\n<ul class=\"wp-block-list\">\n<li>Pr\u00e9voyez un d\u00e9sinfectant pour les mains \u00e0 base d&rsquo;alcool avec une concentration de 90 % d&rsquo;alcool \u00e0 diff\u00e9rents endroits du camping.  <\/li>\n<\/ul>\n\n<ul class=\"wp-block-list\">\n<li>Mettez en \u0153uvre des pratiques d&rsquo;hygi\u00e8ne et de d\u00e9sinfection des voies respiratoires et des mains adapt\u00e9es \u00e0 la jungle pendant les excursions en pleine nature, telles que des lingettes et des d\u00e9sinfectants \u00e0 base d&rsquo;alcool pour les mains.  <\/li>\n<\/ul>\n\n<h3 class=\"wp-block-heading\">6. Distanciation sociale et cohortes  <\/h3>\n\n<p>La cohorte consiste \u00e0 placer le personnel et les campeurs dans des groupes sp\u00e9cifiques qui restent ensemble pendant toute la dur\u00e9e du s\u00e9jour. Cette approche joue un r\u00f4le important dans le contr\u00f4le des op\u00e9rations du camp si un cas de Covid-19 y est signal\u00e9. En limitant tout lien entre les cohortes, on r\u00e9duit le nombre de membres du personnel ou de campeurs qui doivent \u00eatre mis en quarantaine. Pour garantir le succ\u00e8s de cette approche, les organisateurs du camp doivent :     <\/p>\n\n<ul class=\"wp-block-list\">\n<li>Communiquez les t\u00e2ches de chaque cohorte au d\u00e9but de l&rsquo;\u00e9v\u00e9nement de camping.<\/li>\n\n\n\n<li>Pratiquez la distanciation sociale entre les parents, le personnel et les soignants au moment de la d\u00e9pose.  <\/li>\n\n\n\n<li>Chaque cohorte doit s&rsquo;abstenir d&rsquo;interagir avec les membres des autres cohortes.  <\/li>\n\n\n\n<li>Les cohortes doivent rester ensemble pendant toutes les activit\u00e9s et les repas.  <\/li>\n<\/ul>\n\n<p>Les membres du personnel et les campeurs qui dorment dans le m\u00eame dortoir ou la m\u00eame cabine constituent des cohortes domestiques et n&rsquo;ont pas besoin de pratiquer la distanciation sociale ou de porter des masques, sauf s&rsquo;ils sont en compagnie de membres d&rsquo;autres cohortes.  <\/p>\n\n<p>Les membres de diff\u00e9rentes cohortes de m\u00e9nages doivent porter des masques de protection lorsqu&rsquo;ils utilisent des espaces ext\u00e9rieurs ou int\u00e9rieurs communs.\nIls doivent \u00e9galement maintenir une distance sociale. <\/p>\n\n<p>Il faut savoir que se soustraire \u00e0 la quarantaine peut vous co\u00fbter jusqu&rsquo;\u00e0 10 000 francs suisses.<\/p>\n\n<h3 class=\"wp-block-heading\">7. Le transport<\/h3>\n\n<p>Veillez \u00e0 ce que les v\u00e9hicules soient correctement ventil\u00e9s et encouragez les campeurs et le personnel \u00e0 utiliser des m\u00e9thodes de ventilation naturelle telles que l&rsquo;ouverture des fen\u00eatres.\nConsultez un sp\u00e9cialiste de la sant\u00e9 qui pourra vous aider \u00e0 comprendre les strat\u00e9gies efficaces pour am\u00e9liorer la ventilation transversale dans diff\u00e9rentes situations.\nSi un campeur tombe malade au cours de la journ\u00e9e, il doit \u00eatre emp\u00each\u00e9 d&rsquo;utiliser les transports en commun et subir un test Covid-19 avant de rentrer chez lui.  <\/p>\n\n<p>\u00c9laborez une strat\u00e9gie pour vous assurer que les campeurs ou les participants malades rentrent chez eux en toute s\u00e9curit\u00e9. Si un chauffeur tombe malade pendant la journ\u00e9e, l&rsquo;\u00e9tablissement doit envoyer un autre chauffeur pour le remplacer. Il doit ensuite suivre les pratiques \u00e9tablies pour les personnes malades.    <\/p>\n\n<h3 class=\"wp-block-heading\">8. Traitement des cas confirm\u00e9s de Covid-19<\/h3>\n\n<p>\u00c9laborez des politiques pour alerter les autorit\u00e9s des cas positifs, superviser le suivi des cas et alerter les personnes expos\u00e9es.\nVoici les mesures que les organisateurs de camps doivent prendre si un cas de coronavirus survient dans leur \u00e9tablissement.\n\u00c9laborer un plan pour les campeurs et le personnel qui d\u00e9veloppent des sympt\u00f4mes de type Covid-19 et ceux dont le test antig\u00e9nique donne un r\u00e9sultat positif.\nCe plan peut comprendre   <\/p>\n\n<ul class=\"wp-block-list\">\n<li>Isolement imm\u00e9diat des personnes symptomatiques et de celles dont le test est positif dans une zone d&rsquo;isolement pr\u00e9vue \u00e0 cet effet.  <\/li>\n\n\n\n<li>Transporter les campeurs chez eux ou au centre m\u00e9dical si n\u00e9cessaire<\/li>\n\n\n\n<li>Informer les parents lorsque leurs enfants sont test\u00e9s positifs au coronavirus ou tombent malades<\/li>\n\n\n\n<li>Offrir un espace exclusif aux campeurs et au personnel dont le test est positif, \u00e0 l&rsquo;\u00e9cart des autres services de sant\u00e9.<\/li>\n<\/ul>\n\n<h3 class=\"wp-block-heading\">9. Port de masques et d&rsquo;\u00e9quipements de protection individuelle<\/h3>\n\n<figure><img loading=\"lazy\" decoding=\"async\" src=\"https:\/\/www.leselfes.com\/wp-content\/uploads\/2023\/03\/Wearing-of-Masks-and-Personal-Protective-Gear.jpg\" alt=\"Port de masques et d'&#xE9;quipements de protection individuelle\" width=\"628\" height=\"313\"\/><\/figure>\n\n<p>Les formateurs du camp d&rsquo;\u00e9t\u00e9 doivent proposer une formation sur l&rsquo;utilisation correcte et s\u00fbre, l&rsquo;entretien, les limites et l&rsquo;\u00e9limination des masques.\nPour plus d&rsquo;informations sur les masques, consultez le site cantonal Covid-19 de votre r\u00e9gion.\nVoici quelques conseils pour que cet exercice en vaille la peine.  <\/p>\n\n<p>Tout campeur ou membre du personnel non vaccin\u00e9 doit porter un masque lorsqu&rsquo;il se trouve \u00e0 l&rsquo;int\u00e9rieur, \u00e0 moins qu&rsquo;il n&rsquo;ait des besoins particuliers ou un \u00e9tat de sant\u00e9 qui l&#8217;emp\u00eache de porter un masque ou une couverture faciale :<\/p>\n\n<ul class=\"wp-block-list\">\n<li>Incapacit\u00e9 de porter ou d&rsquo;enlever leur masque sans l&rsquo;aide d&rsquo;une autre personne<\/li>\n\n\n\n<li>se trouve dans un endroit suffisamment ventil\u00e9 et pratique la distanciation sociale<\/li>\n\n\n\n<li>Manger ou boire<\/li>\n<\/ul>\n\n<h3 class=\"wp-block-heading\">10. Surveillance r\u00e9guli\u00e8re de la sant\u00e9<\/h3>\n\n<p>Il n&rsquo;est pas n\u00e9cessaire de proc\u00e9der \u00e0 un d\u00e9pistage quotidien du personnel et des campeurs, mais ceux-ci devraient s&rsquo;auto-d\u00e9pister chaque jour avant de commencer leurs activit\u00e9s de camp de jour.\nLes organisateurs de camps doivent fournir des outils d&rsquo;autod\u00e9pistage pour s&rsquo;assurer que le personnel d\u00e9tecte suffisamment t\u00f4t les \u00e9ventuels sympt\u00f4mes de la maladie de Covid-19. <\/p>\n\n<p>Ils doivent \u00e9galement former les campeurs en utilisant un langage non stigmatisant et adapt\u00e9 \u00e0 leur \u00e2ge pour s&rsquo;assurer qu&rsquo;ils comprennent comment reconna\u00eetre les sympt\u00f4mes de Covid-19.\nIls doivent \u00e9galement les encourager \u00e0 informer les membres du personnel d\u00e8s qu&rsquo;ils tombent malades. <\/p>\n\n<p>Avant de recommander un examen plus approfondi, le personnel m\u00e9dical des colonies de vacances doit \u00eatre attentif \u00e0 toute affection pr\u00e9existante et aux allergies non li\u00e9es au coronavirus, telles que les migraines, la congestion thoracique et les \u00e9coulements nasaux importants.  <\/p>\n\n<h3 class=\"wp-block-heading\">11. Activit\u00e9s et op\u00e9rations du camp<\/h3>\n\n<figure><img loading=\"lazy\" decoding=\"async\" src=\"https:\/\/www.leselfes.com\/wp-content\/uploads\/2023\/03\/Summer-Camp-Switzerland-Activities-and-Operations.jpg\" alt=\"Activit&#xE9;s et op&#xE9;rations du camp d'&#xE9;t&#xE9; en Suisse  \" width=\"633\" height=\"383\"\/><\/figure>\n\n<p>Voici quelques \u00e9l\u00e9ments \u00e0 prendre en compte lorsque vous <a href=\"https:\/\/www.leselfes.com\/fr\/?page_id=89039#new-activities\" target=\"_blank\" rel=\"noreferrer noopener\">planifiez des activit\u00e9s de camp<\/a> \u00e0 Berne et \u00e0 Gen\u00e8ve.  <\/p>\n\n<ul class=\"wp-block-list\">\n<li>Plus il y a de personnes r\u00e9unies dans un m\u00eame lieu, plus le risque de transmission de Covid-19 est \u00e9lev\u00e9.<\/li>\n\n\n\n<li>Les campeurs doivent s&rsquo;adonner le plus possible \u00e0 des activit\u00e9s de plein air et limiter les activit\u00e9s d&rsquo;int\u00e9rieur.\nSi les campeurs doivent participer \u00e0 des activit\u00e9s int\u00e9rieures, veillez \u00e0 ce que l&rsquo;espace soit bien ventil\u00e9.   <\/li>\n\n\n\n<li>Limiter les volontaires et les visiteurs non essentiels<\/li>\n\n\n\n<li>Ouvrez les fen\u00eatres et les portes autant que possible pour faciliter la circulation de l&rsquo;air frais.<\/li>\n<\/ul>\n\n<p>Il existe un risque \u00e9lev\u00e9 de circulation de gouttelettes respiratoires lors d&rsquo;activit\u00e9s impliquant la voix, comme le th\u00e9\u00e2tre ou le chant, ou lors de l&rsquo;utilisation d&rsquo;instruments \u00e0 vent.\nLes campeurs doivent mener ces activit\u00e9s \u00e0 l&rsquo;ext\u00e9rieur et respecter les protocoles de distanciation sociale.   <\/p>\n\n<h3 class=\"wp-block-heading\">12. R\u00e9glementation en mati\u00e8re de construction<\/h3>\n\n<p>Supposons que l&rsquo;activit\u00e9 de camping se d\u00e9roule dans un lieu qui rouvre ses portes apr\u00e8s une longue p\u00e9riode de fermeture. Dans ce cas, les organisateurs du camp doivent entretenir tous les dispositifs et syst\u00e8mes d&rsquo;alimentation en eau et de ventilation, tels que les fontaines et les \u00e9viers. Cela permet de s&rsquo;assurer qu&rsquo;ils sont pr\u00eats \u00e0 \u00eatre occup\u00e9s et utilis\u00e9s et qu&rsquo;ils fonctionnent correctement pendant toute la dur\u00e9e du camping. Voici quelques mesures que vous pouvez prendre pour am\u00e9liorer ou augmenter la ventilation et favoriser une bonne circulation de l&rsquo;air frais.     <\/p>\n\n<ul class=\"wp-block-list\">\n<li>Ouvrez les fen\u00eatres et les portes tant que vous pouvez le faire en toute s\u00e9curit\u00e9.<\/li>\n<\/ul>\n\n<ul class=\"wp-block-list\">\n<li>Assurez-vous du bon fonctionnement du syst\u00e8me de filtration de l&rsquo;air central.\nScellez les bords des filtres et assurez-vous qu&rsquo;ils sont bien install\u00e9s et qu&rsquo;ils ont atteint leur dur\u00e9e de vie.   <\/li>\n<\/ul>\n\n<ul class=\"wp-block-list\">\n<li>Veillez \u00e0 ce que les syst\u00e8mes de ventilation fonctionnent correctement afin d&rsquo;am\u00e9liorer la qualit\u00e9 de l&rsquo;air int\u00e9rieur.<\/li>\n<\/ul>\n\n<ul class=\"wp-block-list\">\n<li>Consultez un professionnel pour d\u00e9terminer ce qui fonctionne et identifier les \u00e9quipements qui doivent \u00eatre remplac\u00e9s dans l&rsquo;\u00e9tablissement.  <\/li>\n\n\n\n<li>Faites fonctionner les syst\u00e8mes de filtration de l&rsquo;air 24 heures sur 24 dans la mesure du possible afin de favoriser le renouvellement de l&rsquo;air \u00e0 l&rsquo;int\u00e9rieur du b\u00e2timent.<\/li>\n<\/ul>\n\n<ul class=\"wp-block-list\">\n<li>Si vous pr\u00e9voyez d&rsquo;effectuer des activit\u00e9s \u00e0 l&rsquo;int\u00e9rieur, laissez les fen\u00eatres et les portes ouvertes pour favoriser la circulation de l&rsquo;air frais.  <\/li>\n<\/ul>\n\n<h3 class=\"wp-block-heading\">13. Consid\u00e9rations du personnel<\/h3>\n\n<p>Mettez en \u0153uvre des politiques de cong\u00e9 souples et non contraignantes pour permettre au personnel malade de rester \u00e0 la maison.\nLes politiques en mati\u00e8re de cong\u00e9s doivent permettre de tenir compte des \u00e9l\u00e9ments suivants <\/p>\n\n<ul class=\"wp-block-list\">\n<li>Personnel ayant signal\u00e9 des sympt\u00f4mes li\u00e9s \u00e0 Covid-19<\/li>\n\n\n\n<li>Les membres du personnel dont le test de d\u00e9pistage du coronavirus s&rsquo;est r\u00e9v\u00e9l\u00e9 positif<\/li>\n\n\n\n<li>Le personnel qui a subi les tests Covid-19 mais dont les r\u00e9sultats ne sont pas encore connus<\/li>\n\n\n\n<li>Employ\u00e9s dont les enfants ont ferm\u00e9 l&rsquo;\u00e9cole en raison d&rsquo;une augmentation des cas de Covid-19 dans leurs \u00e9coles<\/li>\n\n\n\n<li>Tout employ\u00e9 ayant \u00e9t\u00e9 en contact \u00e9troit avec une personne pr\u00e9sentant des sympt\u00f4mes de Covid-19  <\/li>\n<\/ul>\n\n<p>Les organisateurs de camps doivent encourager leur personnel \u00e0 se faire vacciner avant l&rsquo;\u00e9v\u00e9nement.\nSi les employ\u00e9s ressentent des effets secondaires, les superviseurs doivent avoir la gentillesse de leur donner quelques jours de cong\u00e9 jusqu&rsquo;\u00e0 ce qu&rsquo;ils se r\u00e9tablissent compl\u00e8tement.   <\/p>\n\n<h2 class=\"wp-block-heading\">Enfin  <\/h2>\n\n<p>Alors que le nombre de cas de Covid-19 diminue, les CDC et l&rsquo;OMS assouplissent les mesures r\u00e9glementaires.\nToutefois, cela ne signifie pas que les organisateurs de colonies de vacances doivent faire preuve de laxisme.\nLe virus est toujours pr\u00e9sent et chaque organisateur de camp doit mettre en \u0153uvre des mesures de pr\u00e9vention pour garantir la s\u00e9curit\u00e9 des campeurs pendant leur s\u00e9jour.  <\/p>\n\n<p>Ces conseils sont id\u00e9aux pour les organisateurs de colonies de vacances et les parents qui souhaitent inscrire leurs enfants \u00e0 une colonie de vacances cet \u00e9t\u00e9.\nLes colonies de vacances pr\u00e9sentent de nombreux avantages, notamment celui de favoriser la sant\u00e9 mentale de l&rsquo;enfant.\nToutefois, l&rsquo;environnement doit \u00eatre s\u00fbr pour que les campeurs puissent profiter de ces avantages.\nUn centre de vacances fiable proposera une page FAQ sur son site web afin d&rsquo;aider les parents \u00e0 trouver facilement des r\u00e9ponses.   <\/p>\n\n<p style=\"text-align: center;\"><a href=\"https:\/\/www.leselfes.com\/fr\/?page_id=89039\" target=\"_blank\" rel=\"noopener\"><button type=\"button\">Rejoindre le camp d&rsquo;\u00e9t\u00e9 en Suisse<\/button><\/a><\/p>\n","protected":false},"excerpt":{"rendered":"<p>Les adeptes des colonies de vacances se r\u00e9jouissent de camper et de s&rsquo;adonner \u00e0 leurs activit\u00e9s favorites cette ann\u00e9e. La disponibilit\u00e9 des vaccins Covid-19 a modifi\u00e9 l&rsquo;orientation de la pand\u00e9mie&#8230;<\/p>\n","protected":false},"author":1,"featured_media":78899,"comment_status":"closed","ping_status":"open","sticky":false,"template":"","format":"standard","meta":{"_acf_changed":false,"inline_featured_image":false,"footnotes":""},"categories":[1372,1425],"tags":[1416,1946,1543,1947],"class_list":{"0":"post-95635","1":"post","2":"type-post","3":"status-publish","4":"format-standard","5":"has-post-thumbnail","7":"category-camp-dete","8":"category-conseils-aux-parents","9":"tag-camp-dete","10":"tag-camp-dete-suisse-conseils-de-securite","11":"tag-colonies-de-vacances-en-suisse","12":"tag-covid-19-conseils-de-securite-pour-les-colonies-de-vacances"},"acf":[],"yoast_head":"<!-- This site is optimized with the Yoast SEO Premium plugin v24.2 (Yoast SEO v24.7) - https:\/\/yoast.com\/wordpress\/plugins\/seo\/ -->\n<title>13 Conseils de s\u00e9curit\u00e9 pour les camps d&#039;\u00e9t\u00e9 en Suisse lors du Covid 19 en 2022<\/title>\n<meta name=\"description\" content=\"Voici quelques conseils de s\u00e9curit\u00e9 pendant covid 19 dont il faut se m\u00e9fier avant de partir en camp de vacances en Suisse.\" \/>\n<meta name=\"robots\" content=\"index, follow, max-snippet:-1, max-image-preview:large, max-video-preview:-1\" \/>\n<link rel=\"canonical\" href=\"https:\/\/www.leselfes.com\/fr\/camp-dete-suisse-conseils-de-securite-pendant-covid-19\/\" \/>\n<meta property=\"og:locale\" content=\"fr_FR\" \/>\n<meta property=\"og:type\" content=\"article\" \/>\n<meta property=\"og:title\" content=\"Camp d&#039;\u00e9t\u00e9 Suisse Conseils de s\u00e9curit\u00e9 pendant Covid-19\" \/>\n<meta property=\"og:description\" content=\"Voici quelques conseils de s\u00e9curit\u00e9 pendant covid 19 dont il faut se m\u00e9fier avant de partir en camp de vacances en Suisse.\" \/>\n<meta property=\"og:url\" content=\"https:\/\/www.leselfes.com\/fr\/camp-dete-suisse-conseils-de-securite-pendant-covid-19\/\" \/>\n<meta property=\"og:site_name\" content=\"Les Elfes International Camps Switzerland\" \/>\n<meta property=\"article:publisher\" content=\"https:\/\/www.facebook.com\/LesElfesVerbier\" \/>\n<meta property=\"article:published_time\" content=\"2022-04-12T04:20:21+00:00\" \/>\n<meta property=\"article:modified_time\" content=\"2025-01-07T09:07:00+00:00\" \/>\n<meta property=\"og:image\" content=\"https:\/\/dev.leselfes.com\/wp-content\/uploads\/2022\/04\/Summer-Camp-Switzerland-Safety-Tips.jpg\" \/>\n\t<meta property=\"og:image:width\" content=\"975\" \/>\n\t<meta property=\"og:image:height\" content=\"675\" \/>\n\t<meta property=\"og:image:type\" content=\"image\/jpeg\" \/>\n<meta name=\"author\" content=\"lesadmin\" \/>\n<meta name=\"twitter:card\" content=\"summary_large_image\" \/>\n<meta name=\"twitter:creator\" content=\"@LesElfesCamps\" \/>\n<meta name=\"twitter:site\" content=\"@LesElfesCamps\" \/>\n<meta name=\"twitter:label1\" content=\"\u00c9crit par\" \/>\n\t<meta name=\"twitter:data1\" content=\"lesadmin\" \/>\n\t<meta name=\"twitter:label2\" content=\"Dur\u00e9e de lecture estim\u00e9e\" \/>\n\t<meta name=\"twitter:data2\" content=\"16 minutes\" \/>\n<script type=\"application\/ld+json\" class=\"yoast-schema-graph\">{\"@context\":\"https:\/\/schema.org\",\"@graph\":[{\"@type\":\"Article\",\"@id\":\"https:\/\/www.leselfes.com\/fr\/camp-dete-suisse-conseils-de-securite-pendant-covid-19\/#article\",\"isPartOf\":{\"@id\":\"https:\/\/www.leselfes.com\/fr\/camp-dete-suisse-conseils-de-securite-pendant-covid-19\/\"},\"author\":{\"name\":\"lesadmin\",\"@id\":\"https:\/\/dev.leselfes.com\/#\/schema\/person\/407a229698868b8c603874b19f37f289\"},\"headline\":\"Camp d&rsquo;\u00e9t\u00e9 Suisse Conseils de s\u00e9curit\u00e9 pendant Covid-19\",\"datePublished\":\"2022-04-12T04:20:21+00:00\",\"dateModified\":\"2025-01-07T09:07:00+00:00\",\"mainEntityOfPage\":{\"@id\":\"https:\/\/www.leselfes.com\/fr\/camp-dete-suisse-conseils-de-securite-pendant-covid-19\/\"},\"wordCount\":3297,\"publisher\":{\"@id\":\"https:\/\/dev.leselfes.com\/#organization\"},\"image\":{\"@id\":\"https:\/\/www.leselfes.com\/fr\/camp-dete-suisse-conseils-de-securite-pendant-covid-19\/#primaryimage\"},\"thumbnailUrl\":\"https:\/\/www.leselfes.com\/wp-content\/uploads\/2022\/04\/Summer-Camp-Switzerland-Safety-Tips.jpg\",\"keywords\":[\"camp d'\u00e9t\u00e9\",\"Camp d'\u00e9t\u00e9 Suisse Conseils de s\u00e9curit\u00e9\",\"Colonies de vacances en Suisse\",\"Covid 19 Conseils de s\u00e9curit\u00e9 pour les colonies de vacances\"],\"articleSection\":[\"Camp d'\u00e9t\u00e9\",\"Conseils aux parents\"],\"inLanguage\":\"fr-FR\"},{\"@type\":\"WebPage\",\"@id\":\"https:\/\/www.leselfes.com\/fr\/camp-dete-suisse-conseils-de-securite-pendant-covid-19\/\",\"url\":\"https:\/\/www.leselfes.com\/fr\/camp-dete-suisse-conseils-de-securite-pendant-covid-19\/\",\"name\":\"13 Conseils de s\u00e9curit\u00e9 pour les camps d'\u00e9t\u00e9 en Suisse lors du Covid 19 en 2022\",\"isPartOf\":{\"@id\":\"https:\/\/dev.leselfes.com\/#website\"},\"primaryImageOfPage\":{\"@id\":\"https:\/\/www.leselfes.com\/fr\/camp-dete-suisse-conseils-de-securite-pendant-covid-19\/#primaryimage\"},\"image\":{\"@id\":\"https:\/\/www.leselfes.com\/fr\/camp-dete-suisse-conseils-de-securite-pendant-covid-19\/#primaryimage\"},\"thumbnailUrl\":\"https:\/\/www.leselfes.com\/wp-content\/uploads\/2022\/04\/Summer-Camp-Switzerland-Safety-Tips.jpg\",\"datePublished\":\"2022-04-12T04:20:21+00:00\",\"dateModified\":\"2025-01-07T09:07:00+00:00\",\"description\":\"Voici quelques conseils de s\u00e9curit\u00e9 pendant covid 19 dont il faut se m\u00e9fier avant de partir en camp de vacances en Suisse.\",\"breadcrumb\":{\"@id\":\"https:\/\/www.leselfes.com\/fr\/camp-dete-suisse-conseils-de-securite-pendant-covid-19\/#breadcrumb\"},\"inLanguage\":\"fr-FR\",\"potentialAction\":[{\"@type\":\"ReadAction\",\"target\":[\"https:\/\/www.leselfes.com\/fr\/camp-dete-suisse-conseils-de-securite-pendant-covid-19\/\"]}]},{\"@type\":\"ImageObject\",\"inLanguage\":\"fr-FR\",\"@id\":\"https:\/\/www.leselfes.com\/fr\/camp-dete-suisse-conseils-de-securite-pendant-covid-19\/#primaryimage\",\"url\":\"https:\/\/www.leselfes.com\/wp-content\/uploads\/2022\/04\/Summer-Camp-Switzerland-Safety-Tips.jpg\",\"contentUrl\":\"https:\/\/www.leselfes.com\/wp-content\/uploads\/2022\/04\/Summer-Camp-Switzerland-Safety-Tips.jpg\",\"width\":975,\"height\":675},{\"@type\":\"BreadcrumbList\",\"@id\":\"https:\/\/www.leselfes.com\/fr\/camp-dete-suisse-conseils-de-securite-pendant-covid-19\/#breadcrumb\",\"itemListElement\":[{\"@type\":\"ListItem\",\"position\":1,\"name\":\"Home\",\"item\":\"https:\/\/www.leselfes.com\/fr\/\"},{\"@type\":\"ListItem\",\"position\":2,\"name\":\"Camp d&#8217;\u00e9t\u00e9 Suisse Conseils de s\u00e9curit\u00e9 pendant Covid-19\"}]},{\"@type\":\"WebSite\",\"@id\":\"https:\/\/dev.leselfes.com\/#website\",\"url\":\"https:\/\/dev.leselfes.com\/\",\"name\":\"Les Elfes International\",\"description\":\"Les Elfes International, Verbier Switzerland. Summer Camp, Winter Camp, Spring Camps.\",\"publisher\":{\"@id\":\"https:\/\/dev.leselfes.com\/#organization\"},\"alternateName\":\"Les Elfes International\",\"potentialAction\":[{\"@type\":\"SearchAction\",\"target\":{\"@type\":\"EntryPoint\",\"urlTemplate\":\"https:\/\/dev.leselfes.com\/?s={search_term_string}\"},\"query-input\":{\"@type\":\"PropertyValueSpecification\",\"valueRequired\":true,\"valueName\":\"search_term_string\"}}],\"inLanguage\":\"fr-FR\"},{\"@type\":\"Organization\",\"@id\":\"https:\/\/dev.leselfes.com\/#organization\",\"name\":\"Les Elfes International\",\"alternateName\":\"Les Elfes International\",\"url\":\"https:\/\/dev.leselfes.com\/\",\"logo\":{\"@type\":\"ImageObject\",\"inLanguage\":\"fr-FR\",\"@id\":\"https:\/\/dev.leselfes.com\/#\/schema\/logo\/image\/\",\"url\":\"https:\/\/www.leselfes.com\/wp-content\/uploads\/2022\/03\/leselfes-logo.png\",\"contentUrl\":\"https:\/\/www.leselfes.com\/wp-content\/uploads\/2022\/03\/leselfes-logo.png\",\"width\":233,\"height\":51,\"caption\":\"Les Elfes International\"},\"image\":{\"@id\":\"https:\/\/dev.leselfes.com\/#\/schema\/logo\/image\/\"},\"sameAs\":[\"https:\/\/www.facebook.com\/LesElfesVerbier\",\"https:\/\/x.com\/LesElfesCamps\",\"https:\/\/www.instagram.com\/leselfes\",\"https:\/\/www.linkedin.com\/company\/les-elfes-international\",\"https:\/\/www.youtube.com\/user\/LesElfesVerbier\"]},{\"@type\":\"Person\",\"@id\":\"https:\/\/dev.leselfes.com\/#\/schema\/person\/407a229698868b8c603874b19f37f289\",\"name\":\"lesadmin\",\"image\":{\"@type\":\"ImageObject\",\"inLanguage\":\"fr-FR\",\"@id\":\"https:\/\/dev.leselfes.com\/#\/schema\/person\/image\/\",\"url\":\"https:\/\/secure.gravatar.com\/avatar\/fdb243a028df450397b3632d862f87f6?s=96&d=mm&r=g\",\"contentUrl\":\"https:\/\/secure.gravatar.com\/avatar\/fdb243a028df450397b3632d862f87f6?s=96&d=mm&r=g\",\"caption\":\"lesadmin\"},\"url\":\"https:\/\/www.leselfes.com\/fr\/author\/lesadmin\/\"}]}<\/script>\n<!-- \/ Yoast SEO Premium plugin. -->","yoast_head_json":{"title":"13 Conseils de s\u00e9curit\u00e9 pour les camps d'\u00e9t\u00e9 en Suisse lors du Covid 19 en 2022","description":"Voici quelques conseils de s\u00e9curit\u00e9 pendant covid 19 dont il faut se m\u00e9fier avant de partir en camp de vacances en Suisse.","robots":{"index":"index","follow":"follow","max-snippet":"max-snippet:-1","max-image-preview":"max-image-preview:large","max-video-preview":"max-video-preview:-1"},"canonical":"https:\/\/www.leselfes.com\/fr\/camp-dete-suisse-conseils-de-securite-pendant-covid-19\/","og_locale":"fr_FR","og_type":"article","og_title":"Camp d'\u00e9t\u00e9 Suisse Conseils de s\u00e9curit\u00e9 pendant Covid-19","og_description":"Voici quelques conseils de s\u00e9curit\u00e9 pendant covid 19 dont il faut se m\u00e9fier avant de partir en camp de vacances en Suisse.","og_url":"https:\/\/www.leselfes.com\/fr\/camp-dete-suisse-conseils-de-securite-pendant-covid-19\/","og_site_name":"Les Elfes International Camps Switzerland","article_publisher":"https:\/\/www.facebook.com\/LesElfesVerbier","article_published_time":"2022-04-12T04:20:21+00:00","article_modified_time":"2025-01-07T09:07:00+00:00","og_image":[{"width":975,"height":675,"url":"https:\/\/dev.leselfes.com\/wp-content\/uploads\/2022\/04\/Summer-Camp-Switzerland-Safety-Tips.jpg","type":"image\/jpeg"}],"author":"lesadmin","twitter_card":"summary_large_image","twitter_creator":"@LesElfesCamps","twitter_site":"@LesElfesCamps","twitter_misc":{"\u00c9crit par":"lesadmin","Dur\u00e9e de lecture estim\u00e9e":"16 minutes"},"schema":{"@context":"https:\/\/schema.org","@graph":[{"@type":"Article","@id":"https:\/\/www.leselfes.com\/fr\/camp-dete-suisse-conseils-de-securite-pendant-covid-19\/#article","isPartOf":{"@id":"https:\/\/www.leselfes.com\/fr\/camp-dete-suisse-conseils-de-securite-pendant-covid-19\/"},"author":{"name":"lesadmin","@id":"https:\/\/dev.leselfes.com\/#\/schema\/person\/407a229698868b8c603874b19f37f289"},"headline":"Camp d&rsquo;\u00e9t\u00e9 Suisse Conseils de s\u00e9curit\u00e9 pendant Covid-19","datePublished":"2022-04-12T04:20:21+00:00","dateModified":"2025-01-07T09:07:00+00:00","mainEntityOfPage":{"@id":"https:\/\/www.leselfes.com\/fr\/camp-dete-suisse-conseils-de-securite-pendant-covid-19\/"},"wordCount":3297,"publisher":{"@id":"https:\/\/dev.leselfes.com\/#organization"},"image":{"@id":"https:\/\/www.leselfes.com\/fr\/camp-dete-suisse-conseils-de-securite-pendant-covid-19\/#primaryimage"},"thumbnailUrl":"https:\/\/www.leselfes.com\/wp-content\/uploads\/2022\/04\/Summer-Camp-Switzerland-Safety-Tips.jpg","keywords":["camp d'\u00e9t\u00e9","Camp d'\u00e9t\u00e9 Suisse Conseils de s\u00e9curit\u00e9","Colonies de vacances en Suisse","Covid 19 Conseils de s\u00e9curit\u00e9 pour les colonies de vacances"],"articleSection":["Camp d'\u00e9t\u00e9","Conseils aux parents"],"inLanguage":"fr-FR"},{"@type":"WebPage","@id":"https:\/\/www.leselfes.com\/fr\/camp-dete-suisse-conseils-de-securite-pendant-covid-19\/","url":"https:\/\/www.leselfes.com\/fr\/camp-dete-suisse-conseils-de-securite-pendant-covid-19\/","name":"13 Conseils de s\u00e9curit\u00e9 pour les camps d'\u00e9t\u00e9 en Suisse lors du Covid 19 en 2022","isPartOf":{"@id":"https:\/\/dev.leselfes.com\/#website"},"primaryImageOfPage":{"@id":"https:\/\/www.leselfes.com\/fr\/camp-dete-suisse-conseils-de-securite-pendant-covid-19\/#primaryimage"},"image":{"@id":"https:\/\/www.leselfes.com\/fr\/camp-dete-suisse-conseils-de-securite-pendant-covid-19\/#primaryimage"},"thumbnailUrl":"https:\/\/www.leselfes.com\/wp-content\/uploads\/2022\/04\/Summer-Camp-Switzerland-Safety-Tips.jpg","datePublished":"2022-04-12T04:20:21+00:00","dateModified":"2025-01-07T09:07:00+00:00","description":"Voici quelques conseils de s\u00e9curit\u00e9 pendant covid 19 dont il faut se m\u00e9fier avant de partir en camp de vacances en Suisse.","breadcrumb":{"@id":"https:\/\/www.leselfes.com\/fr\/camp-dete-suisse-conseils-de-securite-pendant-covid-19\/#breadcrumb"},"inLanguage":"fr-FR","potentialAction":[{"@type":"ReadAction","target":["https:\/\/www.leselfes.com\/fr\/camp-dete-suisse-conseils-de-securite-pendant-covid-19\/"]}]},{"@type":"ImageObject","inLanguage":"fr-FR","@id":"https:\/\/www.leselfes.com\/fr\/camp-dete-suisse-conseils-de-securite-pendant-covid-19\/#primaryimage","url":"https:\/\/www.leselfes.com\/wp-content\/uploads\/2022\/04\/Summer-Camp-Switzerland-Safety-Tips.jpg","contentUrl":"https:\/\/www.leselfes.com\/wp-content\/uploads\/2022\/04\/Summer-Camp-Switzerland-Safety-Tips.jpg","width":975,"height":675},{"@type":"BreadcrumbList","@id":"https:\/\/www.leselfes.com\/fr\/camp-dete-suisse-conseils-de-securite-pendant-covid-19\/#breadcrumb","itemListElement":[{"@type":"ListItem","position":1,"name":"Home","item":"https:\/\/www.leselfes.com\/fr\/"},{"@type":"ListItem","position":2,"name":"Camp d&#8217;\u00e9t\u00e9 Suisse Conseils de s\u00e9curit\u00e9 pendant Covid-19"}]},{"@type":"WebSite","@id":"https:\/\/dev.leselfes.com\/#website","url":"https:\/\/dev.leselfes.com\/","name":"Les Elfes International","description":"Les Elfes International, Verbier Switzerland. Summer Camp, Winter Camp, Spring Camps.","publisher":{"@id":"https:\/\/dev.leselfes.com\/#organization"},"alternateName":"Les Elfes International","potentialAction":[{"@type":"SearchAction","target":{"@type":"EntryPoint","urlTemplate":"https:\/\/dev.leselfes.com\/?s={search_term_string}"},"query-input":{"@type":"PropertyValueSpecification","valueRequired":true,"valueName":"search_term_string"}}],"inLanguage":"fr-FR"},{"@type":"Organization","@id":"https:\/\/dev.leselfes.com\/#organization","name":"Les Elfes International","alternateName":"Les Elfes International","url":"https:\/\/dev.leselfes.com\/","logo":{"@type":"ImageObject","inLanguage":"fr-FR","@id":"https:\/\/dev.leselfes.com\/#\/schema\/logo\/image\/","url":"https:\/\/www.leselfes.com\/wp-content\/uploads\/2022\/03\/leselfes-logo.png","contentUrl":"https:\/\/www.leselfes.com\/wp-content\/uploads\/2022\/03\/leselfes-logo.png","width":233,"height":51,"caption":"Les Elfes International"},"image":{"@id":"https:\/\/dev.leselfes.com\/#\/schema\/logo\/image\/"},"sameAs":["https:\/\/www.facebook.com\/LesElfesVerbier","https:\/\/x.com\/LesElfesCamps","https:\/\/www.instagram.com\/leselfes","https:\/\/www.linkedin.com\/company\/les-elfes-international","https:\/\/www.youtube.com\/user\/LesElfesVerbier"]},{"@type":"Person","@id":"https:\/\/dev.leselfes.com\/#\/schema\/person\/407a229698868b8c603874b19f37f289","name":"lesadmin","image":{"@type":"ImageObject","inLanguage":"fr-FR","@id":"https:\/\/dev.leselfes.com\/#\/schema\/person\/image\/","url":"https:\/\/secure.gravatar.com\/avatar\/fdb243a028df450397b3632d862f87f6?s=96&d=mm&r=g","contentUrl":"https:\/\/secure.gravatar.com\/avatar\/fdb243a028df450397b3632d862f87f6?s=96&d=mm&r=g","caption":"lesadmin"},"url":"https:\/\/www.leselfes.com\/fr\/author\/lesadmin\/"}]}},"_links":{"self":[{"href":"https:\/\/www.leselfes.com\/fr\/wp-json\/wp\/v2\/posts\/95635"}],"collection":[{"href":"https:\/\/www.leselfes.com\/fr\/wp-json\/wp\/v2\/posts"}],"about":[{"href":"https:\/\/www.leselfes.com\/fr\/wp-json\/wp\/v2\/types\/post"}],"author":[{"embeddable":true,"href":"https:\/\/www.leselfes.com\/fr\/wp-json\/wp\/v2\/users\/1"}],"replies":[{"embeddable":true,"href":"https:\/\/www.leselfes.com\/fr\/wp-json\/wp\/v2\/comments?post=95635"}],"version-history":[{"count":0,"href":"https:\/\/www.leselfes.com\/fr\/wp-json\/wp\/v2\/posts\/95635\/revisions"}],"wp:featuredmedia":[{"embeddable":true,"href":"https:\/\/www.leselfes.com\/fr\/wp-json\/wp\/v2\/media\/78899"}],"wp:attachment":[{"href":"https:\/\/www.leselfes.com\/fr\/wp-json\/wp\/v2\/media?parent=95635"}],"wp:term":[{"taxonomy":"category","embeddable":true,"href":"https:\/\/www.leselfes.com\/fr\/wp-json\/wp\/v2\/categories?post=95635"},{"taxonomy":"post_tag","embeddable":true,"href":"https:\/\/www.leselfes.com\/fr\/wp-json\/wp\/v2\/tags?post=95635"}],"curies":[{"name":"wp","href":"https:\/\/api.w.org\/{rel}","templated":true}]}}