{"id":95651,"date":"2022-10-20T13:38:43","date_gmt":"2022-10-20T11:38:43","guid":{"rendered":"https:\/\/www.leselfes.com\/comment-les-camps-dhiver-contribuent-ils-au-developpement-personnel-des-enfants\/"},"modified":"2025-01-07T10:06:55","modified_gmt":"2025-01-07T09:06:55","slug":"comment-les-camps-dhiver-contribuent-ils-au-developpement-personnel-des-enfants","status":"publish","type":"post","link":"https:\/\/www.leselfes.com\/fr\/comment-les-camps-dhiver-contribuent-ils-au-developpement-personnel-des-enfants\/","title":{"rendered":"Comment les camps d&rsquo;hiver contribuent-ils au d\u00e9veloppement personnel des enfants ?"},"content":{"rendered":"<p>Tous les parents qui ont particip\u00e9 \u00e0 des activit\u00e9s amusantes dans le cadre d&rsquo;une <a href=\"https:\/\/www.leselfes.com\/fr\/?page_id=89062\" target=\"_blank\" rel=\"noopener\">colonie de vacances<\/a> lorsqu&rsquo;ils \u00e9taient jeunes s&rsquo;accordent \u00e0 dire que la colonie a jou\u00e9 un r\u00f4le important dans l&rsquo;acquisition des comp\u00e9tences n\u00e9cessaires \u00e0 la vie quotidienne. Les colonies de vacances jouent un r\u00f4le important dans le d\u00e9veloppement personnel des enfants. Les \u00e9ducateurs savent peut-\u00eatre que les colonies de vacances peuvent contribuer \u00e0 pr\u00e9venir la perte d&rsquo;apprentissage en hiver.  <\/p>\n<p>Si l&rsquo;hiver peut \u00eatre morose et froid, il embellit l&rsquo;ext\u00e9rieur avec la glace, les flocons de neige, la neige fondue et la neige.<br \/>\nLes campeurs peuvent utiliser ces mat\u00e9riaux pour exp\u00e9rimenter leur cr\u00e9ativit\u00e9 et <b>d\u00e9velopper leur capacit\u00e9 \u00e0 r\u00e9soudre des probl\u00e8mes<\/b>.<br \/>\nNous vivons \u00e0 l&rsquo;\u00e8re du num\u00e9rique, et de nombreux enfants pr\u00e9f\u00e8rent rester devant leurs appareils \u00e9lectroniques plut\u00f4t que de faire du camping dans le froid de l&rsquo;hiver.    <b>Comment le camp d&rsquo;hiver peut-il contribuer au d\u00e9veloppement personnel de l&rsquo;enfant ?<\/b>  Lisez la suite pour le savoir.<\/p>\n<p style=\"text-align: center;\"><a href=\"https:\/\/www.leselfes.com\/fr\/?page_id=89062\" target=\"_blank\" rel=\"noopener\"><button style=\"background-color: #1e93c2; color: #fff; border: #E2804A;\" type=\"button\">Rejoignez le camp d&rsquo;hiver 2024<\/button><\/a><\/p>\n<h4>\n\t\t\t\t<div id=\"ez-toc-container\" class=\"ez-toc-v2_0_73 ez-toc-wrap-left counter-hierarchy ez-toc-counter ez-toc-grey ez-toc-container-direction\">\n<div class=\"ez-toc-title-container\">\n<span class=\"ez-toc-title ez-toc-toggle\" style=\"cursor:pointer\">Table of Contents<\/span>\n<span class=\"ez-toc-title-toggle\"><a href=\"#\" class=\"ez-toc-pull-right ez-toc-btn ez-toc-btn-xs ez-toc-btn-default ez-toc-toggle\" aria-label=\"Toggle Table of Content\"><span class=\"ez-toc-js-icon-con\"><span class=\"\"><span class=\"eztoc-hide\" style=\"display:none;\">Toggle<\/span><span class=\"ez-toc-icon-toggle-span\"><svg style=\"fill: #999;color:#999\" xmlns=\"http:\/\/www.w3.org\/2000\/svg\" class=\"list-377408\" width=\"20px\" height=\"20px\" viewBox=\"0 0 24 24\" fill=\"none\"><path d=\"M6 6H4v2h2V6zm14 0H8v2h12V6zM4 11h2v2H4v-2zm16 0H8v2h12v-2zM4 16h2v2H4v-2zm16 0H8v2h12v-2z\" fill=\"currentColor\"><\/path><\/svg><svg style=\"fill: #999;color:#999\" class=\"arrow-unsorted-368013\" xmlns=\"http:\/\/www.w3.org\/2000\/svg\" width=\"10px\" height=\"10px\" viewBox=\"0 0 24 24\" version=\"1.2\" baseProfile=\"tiny\"><path d=\"M18.2 9.3l-6.2-6.3-6.2 6.3c-.2.2-.3.4-.3.7s.1.5.3.7c.2.2.4.3.7.3h11c.3 0 .5-.1.7-.3.2-.2.3-.5.3-.7s-.1-.5-.3-.7zM5.8 14.7l6.2 6.3 6.2-6.3c.2-.2.3-.5.3-.7s-.1-.5-.3-.7c-.2-.2-.4-.3-.7-.3h-11c-.3 0-.5.1-.7.3-.2.2-.3.5-.3.7s.1.5.3.7z\"\/><\/svg><\/span><\/span><\/span><\/a><\/span><\/div>\n<nav><ul class='ez-toc-list ez-toc-list-level-1 eztoc-toggle-hide-by-default' ><li class='ez-toc-page-1 ez-toc-heading-level-2'><a class=\"ez-toc-link ez-toc-heading-1\" href=\"https:\/\/www.leselfes.com\/fr\/comment-les-camps-dhiver-contribuent-ils-au-developpement-personnel-des-enfants\/#Quel_est_le_but_dun_camp_dhiver\" title=\"Quel est le but d&rsquo;un camp d&rsquo;hiver ?\">Quel est le but d&rsquo;un camp d&rsquo;hiver ?<\/a><ul class='ez-toc-list-level-3' ><li class='ez-toc-heading-level-3'><a class=\"ez-toc-link ez-toc-heading-2\" href=\"https:\/\/www.leselfes.com\/fr\/comment-les-camps-dhiver-contribuent-ils-au-developpement-personnel-des-enfants\/#Apprentissage_croissance_personnelle_et_developpement\" title=\"Apprentissage, croissance personnelle et d\u00e9veloppement\">Apprentissage, croissance personnelle et d\u00e9veloppement<\/a><\/li><li class='ez-toc-page-1 ez-toc-heading-level-3'><a class=\"ez-toc-link ez-toc-heading-3\" href=\"https:\/\/www.leselfes.com\/fr\/comment-les-camps-dhiver-contribuent-ils-au-developpement-personnel-des-enfants\/#Reduire_le_temps_passe_devant_un_ecran\" title=\"R\u00e9duire le temps pass\u00e9 devant un \u00e9cran\">R\u00e9duire le temps pass\u00e9 devant un \u00e9cran<\/a><\/li><li class='ez-toc-page-1 ez-toc-heading-level-3'><a class=\"ez-toc-link ez-toc-heading-4\" href=\"https:\/\/www.leselfes.com\/fr\/comment-les-camps-dhiver-contribuent-ils-au-developpement-personnel-des-enfants\/#Promouvoir_le_developpement_de_competences_essentielles_dans_la_vie\" title=\"Promouvoir le d\u00e9veloppement de comp\u00e9tences essentielles dans la vie\">Promouvoir le d\u00e9veloppement de comp\u00e9tences essentielles dans la vie<\/a><\/li><\/ul><\/li><li class='ez-toc-page-1 ez-toc-heading-level-2'><a class=\"ez-toc-link ez-toc-heading-5\" href=\"https:\/\/www.leselfes.com\/fr\/comment-les-camps-dhiver-contribuent-ils-au-developpement-personnel-des-enfants\/#Comment_les_camps_dhiver_contribuent-ils_au_developpement_personnel_des_enfants\" title=\"Comment les camps d&rsquo;hiver contribuent-ils au d\u00e9veloppement personnel des enfants ?\">Comment les camps d&rsquo;hiver contribuent-ils au d\u00e9veloppement personnel des enfants ?<\/a><ul class='ez-toc-list-level-3' ><li class='ez-toc-heading-level-3'><a class=\"ez-toc-link ez-toc-heading-6\" href=\"https:\/\/www.leselfes.com\/fr\/comment-les-camps-dhiver-contribuent-ils-au-developpement-personnel-des-enfants\/#Promouvoir_lestime_de_soi_et_lamitie\" title=\"Promouvoir l&rsquo;estime de soi et l&rsquo;amiti\u00e9\">Promouvoir l&rsquo;estime de soi et l&rsquo;amiti\u00e9<\/a><\/li><\/ul><\/li><li class='ez-toc-page-1 ez-toc-heading-level-2'><a class=\"ez-toc-link ez-toc-heading-7\" href=\"https:\/\/www.leselfes.com\/fr\/comment-les-camps-dhiver-contribuent-ils-au-developpement-personnel-des-enfants\/#Quelle_a_ete_la_chose_la_plus_importante_a_apprendre_au_camp_dhiver\" title=\"Quelle a \u00e9t\u00e9 la chose la plus importante \u00e0 apprendre au camp d&rsquo;hiver ?\">Quelle a \u00e9t\u00e9 la chose la plus importante \u00e0 apprendre au camp d&rsquo;hiver ?<\/a><ul class='ez-toc-list-level-3' ><li class='ez-toc-heading-level-3'><a class=\"ez-toc-link ez-toc-heading-8\" href=\"https:\/\/www.leselfes.com\/fr\/comment-les-camps-dhiver-contribuent-ils-au-developpement-personnel-des-enfants\/#Prise_de_risque\" title=\"Prise de risque\">Prise de risque<\/a><\/li><li class='ez-toc-page-1 ez-toc-heading-level-3'><a class=\"ez-toc-link ez-toc-heading-9\" href=\"https:\/\/www.leselfes.com\/fr\/comment-les-camps-dhiver-contribuent-ils-au-developpement-personnel-des-enfants\/#Flexibilite\" title=\"Flexibilit\u00e9\">Flexibilit\u00e9<\/a><\/li><li class='ez-toc-page-1 ez-toc-heading-level-3'><a class=\"ez-toc-link ez-toc-heading-10\" href=\"https:\/\/www.leselfes.com\/fr\/comment-les-camps-dhiver-contribuent-ils-au-developpement-personnel-des-enfants\/#Sensibilisation_a_la_culture_et_a_linclusion\" title=\"Sensibilisation \u00e0 la culture et \u00e0 l&rsquo;inclusion\">Sensibilisation \u00e0 la culture et \u00e0 l&rsquo;inclusion<\/a><\/li><li class='ez-toc-page-1 ez-toc-heading-level-3'><a class=\"ez-toc-link ez-toc-heading-11\" href=\"https:\/\/www.leselfes.com\/fr\/comment-les-camps-dhiver-contribuent-ils-au-developpement-personnel-des-enfants\/#Croissance_emotionnelle\" title=\"Croissance \u00e9motionnelle\">Croissance \u00e9motionnelle<\/a><\/li><\/ul><\/li><li class='ez-toc-page-1 ez-toc-heading-level-2'><a class=\"ez-toc-link ez-toc-heading-12\" href=\"https:\/\/www.leselfes.com\/fr\/comment-les-camps-dhiver-contribuent-ils-au-developpement-personnel-des-enfants\/#Conclusion\" title=\"Conclusion\">Conclusion<\/a><\/li><\/ul><\/nav><\/div>\n\t\t\t<\/h4>\n<h2><span class=\"ez-toc-section\" id=\"Quel_est_le_but_dun_camp_dhiver\"><\/span>Quel est le but d&rsquo;un camp d&rsquo;hiver ?<span class=\"ez-toc-section-end\"><\/span><\/h2>\n<p><!-- \/wp:heading --><\/p>\n<p><!-- wp:image {\"align\":\"center\",\"id\":45991,\"width\":625,\"height\":454,\"sizeSlug\":\"full\",\"linkDestination\":\"none\"} --><\/p>\n<figure><img loading=\"lazy\" decoding=\"async\" src=\"https:\/\/www.leselfes.com\/wp-content\/uploads\/2023\/03\/Purpose-of-a-Winter-Camp.jpg\" alt=\"Objectif d'un camp d'hiver\" width=\"625\" height=\"454\"><\/figure>\n<p><!-- \/wp:image --><\/p>\n<p><!-- wp:paragraph --><\/p>\n<p>En envoyant les enfants en camping d&rsquo;hiver, vous leur permettez de pratiquer des activit\u00e9s de plein air, comme le snowboard, et de rester actifs.<br \/>\nLa neige et la glace permettent aux campeurs de <strong>d\u00e9velopper de nouvelles comp\u00e9tences<\/strong> telles que la force et la motricit\u00e9 globale, tout en stimulant la coordination pour les rendre plus confiants.<br \/>\nOutre le maintien d&rsquo;une bonne hygi\u00e8ne de vie, envoyer votre enfant en camp d&rsquo;hiver lui permet d&rsquo;<strong>acqu\u00e9rir d&rsquo;excellentes comp\u00e9tences en mati\u00e8re d&rsquo;encadrement<\/strong>.<br \/>\nLorsque l&rsquo;\u00e9cole reprendra, les enfants qui ont particip\u00e9 \u00e0 une colonie de vacances s&rsquo;en souviendront plus facilement que ceux qui n&rsquo;y ont pas particip\u00e9.<br \/>\nParmi les autres activit\u00e9s amusantes auxquelles les enfants peuvent s&rsquo;adonner en camp d&rsquo;hiver, citons la randonn\u00e9e hivernale, la p\u00eache sur glace, l&rsquo;escalade, le ski \u00e0 Verbier et les raquettes \u00e0 neige.      <\/p>\n<p>Exploiter et renforcer les forces de l&rsquo;enfant <a href=\"https:\/\/adayinourshoes.com\/childs-strengths\/\" target=\"_blank\" rel=\"noopener\"><b data-stringify-type=\"bold\">forces d&rsquo;un enfant<\/b><\/a> est la cl\u00e9 pour lib\u00e9rer son potentiel illimit\u00e9 et favoriser son d\u00e9veloppement personnel.<\/p>\n<p><!-- \/wp:paragraph --><\/p>\n<p><!-- wp:heading {\"level\":3} --><\/p>\n<h3><span class=\"ez-toc-section\" id=\"Apprentissage_croissance_personnelle_et_developpement\"><\/span>Apprentissage, croissance personnelle et d\u00e9veloppement<span class=\"ez-toc-section-end\"><\/span><\/h3>\n<p><!-- \/wp:heading --><\/p>\n<p><!-- wp:paragraph --><\/p>\n<p>De nombreux <a href=\"https:\/\/www.leselfes.com\/fr\/?page_id=89189\" target=\"_blank\" rel=\"noreferrer noopener\">camps d&rsquo;<\/a> hiver et de <a href=\"https:\/\/www.leselfes.com\/fr\/?page_id=89189\" target=\"_blank\" rel=\"noreferrer noopener\">printemps<\/a> ont un th\u00e8me et int\u00e8grent la formation du caract\u00e8re, l&rsquo;exploration, l&rsquo;apprentissage et le <strong>d\u00e9veloppement personnel<\/strong>. Les parents \u00e0 la recherche d&rsquo;activit\u00e9s hivernales passionnantes pour leurs enfants peuvent choisir parmi les diff\u00e9rents types de camps d&rsquo;hiver en Suisse, tels que les camps de cuisine, les camps sportifs de jour, les camps scientifiques et les camps artistiques. <\/p>\n<p><!-- \/wp:paragraph --><\/p>\n<p><!-- wp:paragraph --><\/p>\n<p>En plus de se divertir, les enfants sont stimul\u00e9s et \u00e9duqu\u00e9s.<br \/>\nIls ont \u00e9galement l&rsquo;occasion d&rsquo;<strong>explorer leurs centres d&rsquo;int\u00e9r\u00eat<\/strong> et d&rsquo;<strong>acqu\u00e9rir des comp\u00e9tences en mati\u00e8re de fixation d&rsquo;objectifs<\/strong>, de devenir plus conscients d&rsquo;eux-m\u00eames et de mieux s&rsquo;informer, et de <strong>d\u00e9velopper leur confiance en soi.<\/strong> <\/p>\n<p><!-- \/wp:paragraph --><\/p>\n<p><!-- wp:paragraph --><\/p>\n<p>Certaines \u00e9tudes sugg\u00e8rent que de nombreuses familles qui envoient leurs enfants en camp d&rsquo;hiver sont d&rsquo;accord pour dire que les <strong>enfants deviennent plus s\u00fbrs d&rsquo;eux<\/strong> pendant le camp. La <strong>conscience de soi<\/strong> est cruciale et c&rsquo;est l&rsquo;une des nombreuses fa\u00e7ons dont le camping peut influencer positivement votre enfant.<br \/>\nLa compr\u00e9hension de soi et du monde ext\u00e9rieur \u00e0 la salle de classe peut avoir un impact significatif sur le d\u00e9veloppement et la croissance d&rsquo;un enfant.   <\/p>\n<p><!-- \/wp:paragraph --><\/p>\n<p><!-- wp:heading {\"level\":3} --><\/p>\n<h3><span class=\"ez-toc-section\" id=\"Reduire_le_temps_passe_devant_un_ecran\"><\/span>R\u00e9duire le temps pass\u00e9 devant un \u00e9cran<span class=\"ez-toc-section-end\"><\/span><\/h3>\n<p><!-- \/wp:heading --><\/p>\n<p><!-- wp:paragraph --><\/p>\n<p>Comme nous l&rsquo;avons mentionn\u00e9 plus haut, les enfants passent aujourd&rsquo;hui beaucoup de temps \u00e0 regarder leurs \u00e9missions pr\u00e9f\u00e9r\u00e9es sur leur tablette ou \u00e0 la t\u00e9l\u00e9vision. <a href=\"https:\/\/healthmatters.nyp.org\/what-does-too-much-screen-time-do-to-childrens-brains\/\" target=\"_blank\" rel=\"noreferrer noopener\">Les recherches sugg\u00e8rent<\/a> qu&rsquo;un temps d&rsquo;\u00e9cran excessif peut interf\u00e9rer avec le bien-\u00eatre, les comp\u00e9tences sociales, la sant\u00e9, l&rsquo;enrichissement scolaire et le sommeil de votre enfant. Envoyer les enfants dans des <a href=\"https:\/\/www.leselfes.com\/fr\/?page_id=89039\" target=\"_blank\" rel=\"noreferrer noopener\">camps d&rsquo;<\/a> hiver ou d&rsquo;<a href=\"https:\/\/www.leselfes.com\/fr\/?page_id=89039\" target=\"_blank\" rel=\"noreferrer noopener\">\u00e9t\u00e9<\/a> \u00e0 la journ\u00e9e leur permet de s&rsquo;\u00e9loigner de leurs \u00e9crans. Passer du temps en plein air autour du lac L\u00e9man leur permet de se faire de nouveaux amis et d&rsquo;explorer de nouvelles activit\u00e9s.    <\/p>\n<p><!-- \/wp:paragraph --><\/p>\n<p><!-- wp:heading {\"level\":3} --><\/p>\n<h3><span class=\"ez-toc-section\" id=\"Promouvoir_le_developpement_de_competences_essentielles_dans_la_vie\"><\/span>Promouvoir le d\u00e9veloppement de comp\u00e9tences essentielles dans la vie<span class=\"ez-toc-section-end\"><\/span><\/h3>\n<p><!-- \/wp:heading --><\/p>\n<p><!-- wp:image {\"align\":\"center\",\"id\":45992,\"sizeSlug\":\"full\",\"linkDestination\":\"none\"} --><\/p>\n<figure><img loading=\"lazy\" decoding=\"async\" src=\"https:\/\/www.leselfes.com\/wp-content\/uploads\/2023\/03\/Promoting-the-Development-of-Critical-Life-Skills-1.jpg\" alt=\"Promouvoir le d\u00e9veloppement de comp\u00e9tences essentielles dans la vie\" width=\"624\" height=\"379\"><\/figure>\n<p><!-- \/wp:image --><\/p>\n<p><!-- wp:paragraph --><\/p>\n<p>En participant \u00e0 des activit\u00e9s de travail d&rsquo;\u00e9quipe et de collaboration, les campeurs d\u00e9couvrent et d\u00e9veloppent des comp\u00e9tences essentielles qui les aident \u00e0 relever les d\u00e9fis auxquels ils sont confront\u00e9s.<br \/>\nL&rsquo;exp\u00e9rience du camp permet aux jeunes de ma\u00eetriser les comp\u00e9tences en mati\u00e8re de prise de d\u00e9cision et de communication pour faire face au changement.<br \/>\nLes activit\u00e9s de camp amusantes en Suisse offrent des sessions de camping qui renforcent l&rsquo;esprit d&rsquo;\u00e9quipe et enseignent l&rsquo;appr\u00e9ciation et l&rsquo;unit\u00e9.  <\/p>\n<p><!-- \/wp:paragraph --><\/p>\n<p><!-- wp:heading --><\/p>\n<h2><span class=\"ez-toc-section\" id=\"Comment_les_camps_dhiver_contribuent-ils_au_developpement_personnel_des_enfants\"><\/span>Comment les camps d&rsquo;hiver contribuent-ils au d\u00e9veloppement personnel des enfants ?<span class=\"ez-toc-section-end\"><\/span><\/h2>\n<p><!-- \/wp:heading --><\/p>\n<p><!-- wp:paragraph --><\/p>\n<p>La station de ski internationale Les elfes offre une exp\u00e9rience personnalis\u00e9e pour promouvoir les comp\u00e9tences \u00e9motionnelles, sociales, d&rsquo;expression en public, cognitives et le d\u00e9veloppement personnel global de l&rsquo;enfant.<br \/>\nLe centre situ\u00e9 \u00e0 Verbier encourage le d\u00e9veloppement des comp\u00e9tences en proposant des jeux qui favorisent le travail d&rsquo;\u00e9quipe. <\/p>\n<p><!-- \/wp:paragraph --><\/p>\n<p><!-- wp:paragraph --><\/p>\n<p>Pendant le camp d&rsquo;hiver, les enfants s&rsquo;amusent comme des fous en jouant, en mangeant et en travaillant en \u00e9quipe.<br \/>\nGr\u00e2ce au travail d&rsquo;\u00e9quipe, les \u00e9l\u00e8ves des \u00e9coles internationales participant au camp ma\u00eetrisent l&rsquo;art de g\u00e9rer les conflits et de faire face \u00e0 des personnalit\u00e9s diff\u00e9rentes.<br \/>\nEn mettant l&rsquo;accent sur le travail d&rsquo;\u00e9quipe, les campeurs s&rsquo;\u00e9panouissent individuellement et d\u00e9couvrent l&rsquo;importance de la communaut\u00e9.    <\/p>\n<p><!-- \/wp:paragraph --><\/p>\n<p><!-- wp:heading {\"level\":3} --><\/p>\n<h3><span class=\"ez-toc-section\" id=\"Promouvoir_lestime_de_soi_et_lamitie\"><\/span>Promouvoir l&rsquo;estime de soi et l&rsquo;amiti\u00e9<span class=\"ez-toc-section-end\"><\/span><\/h3>\n<p><!-- \/wp:heading --><\/p>\n<p><!-- wp:paragraph --><\/p>\n<p>Le camp d&rsquo;hiver n&rsquo;est pas aussi comp\u00e9titif que l&rsquo;\u00e9cole.<br \/>\nCela permet aux enfants d&rsquo;atteindre leurs objectifs \u00e0 leur rythme et en temps voulu, tout en se sentant appr\u00e9ci\u00e9s.<br \/>\nQu&rsquo;ils apprennent \u00e0 skier le premier ou le dernier jour, ils se sentiront heureux d&rsquo;avoir accompli quelque chose, ce qui renforcera leur estime de soi et leur confiance.<br \/>\nPendant le camp d&rsquo;hiver \u00e0 Montreux, les enfants se rencontrent, se font de nouveaux amis et d\u00e9veloppent des liens qui peuvent durer toute une vie.<br \/>\nIls rencontrent \u00e9galement des camarades d&rsquo;horizons diff\u00e9rents, ce qui leur permet d&rsquo;apprendre \u00e0 \u00eatre tol\u00e9rants et \u00e0 respecter les diff\u00e9rences.      <\/p>\n<p><!-- \/wp:paragraph --><\/p>\n<p><!-- wp:heading --><\/p>\n<h2><span class=\"ez-toc-section\" id=\"Quelle_a_ete_la_chose_la_plus_importante_a_apprendre_au_camp_dhiver\"><\/span>Quelle a \u00e9t\u00e9 la chose la plus importante \u00e0 apprendre au camp d&rsquo;hiver ?<span class=\"ez-toc-section-end\"><\/span><\/h2>\n<p><!-- \/wp:heading --><\/p>\n<p><!-- wp:paragraph --><\/p>\n<p>Les enfants apprennent plusieurs choses en participant \u00e0 un camp d&rsquo;hiver.<br \/>\nTout d&rsquo;abord, le camping ne se fait pas par magie.<br \/>\nC&rsquo;est le r\u00e9sultat d&rsquo;une planification.<br \/>\nQue les enfants s\u00e9journent dans un chalet ou que l&rsquo;\u00e9tablissement fournisse des tentes, il vous faut un plan appropri\u00e9 pour que vos enfants vivent une exp\u00e9rience r\u00e9ussie.<br \/>\nPour que les enfants apprennent de la phase de planification, permettez-leur d&rsquo;y participer, afin qu&rsquo;ils sachent ce qu&rsquo;elle implique.<br \/>\nPar exemple, vous pouvez les aider \u00e0 identifier et \u00e0 pr\u00e9parer leur mat\u00e9riel de camping.     <\/p>\n<p><!-- \/wp:paragraph --><\/p>\n<p><!-- wp:paragraph --><\/p>\n<p>Demandez-leur de calculer le montant en francs suisses dont ils auront besoin pour l&rsquo;ensemble du voyage.<br \/>\nAssurez-vous qu&rsquo;ils comprennent que les camps d&rsquo;hiver demandent plus de planification que les camps d&rsquo;\u00e9t\u00e9.<br \/>\nLes enfants peuvent appliquer cette le\u00e7on diff\u00e9remment dans leur vie.<br \/>\nLa planification est essentielle pour l&rsquo;\u00e9cole et la carri\u00e8re, et le camping est l&rsquo;endroit id\u00e9al pour enseigner l&rsquo;art de devenir un grand planificateur.<br \/>\nVoici d&rsquo;autres le\u00e7ons que les enfants peuvent apprendre en camp d&rsquo;hiver :    <\/p>\n<p><!-- \/wp:paragraph --><\/p>\n<p><!-- wp:heading {\"level\":3} --><\/p>\n<h3><span class=\"ez-toc-section\" id=\"Prise_de_risque\"><\/span>Prise de risque<span class=\"ez-toc-section-end\"><\/span><\/h3>\n<p><!-- \/wp:heading --><\/p>\n<p><!-- wp:paragraph --><\/p>\n<p>Les enfants doivent savoir que prendre des risques peut parfois \u00eatre n\u00e9cessaire dans leur vie.<br \/>\nPar exemple, lorsque les enfants explorent la nature, ils ont un contr\u00f4le limit\u00e9, ce qui \u00e9quivaut \u00e0 une prise de risque.<br \/>\nBien que la prise de risques soit source de r\u00e9compenses infinies, les enfants devraient avoir une limite aux risques qu&rsquo;ils prennent.<br \/>\nPrendre des risques oblige les enfants \u00e0 sortir de leur zone de confort, et c&rsquo;est l\u00e0 qu&rsquo;ils s&rsquo;\u00e9panouissent.<br \/>\nFaire la m\u00eame chose tous les jours est un frein \u00e0 la croissance.<br \/>\nPermettre aux enfants de participer \u00e0 un camp d&rsquo;hiver et de s&rsquo;engager dans des activit\u00e9s diff\u00e9rentes est l&rsquo;une des m\u00e9thodes pour encourager la croissance.       <\/p>\n<p><!-- \/wp:paragraph --><\/p>\n<p><!-- wp:heading {\"level\":3} --><\/p>\n<h3><span class=\"ez-toc-section\" id=\"Flexibilite\"><\/span>Flexibilit\u00e9<span class=\"ez-toc-section-end\"><\/span><\/h3>\n<p><!-- \/wp:heading --><\/p>\n<p><!-- wp:paragraph --><\/p>\n<p>Bien que la planification soit essentielle au camping, les campeurs doivent savoir qu&rsquo;il arrive parfois des choses qui bouleversent leurs plans.<br \/>\nEn faisant du camping d&rsquo;hiver, les enfants apprennent \u00e0 \u00eatre flexibles et \u00e0 s&rsquo;adapter aux situations.<br \/>\nLes enfants apprennent \u00e0 trouver une solution de rechange si les choses ne se d\u00e9roulent pas comme pr\u00e9vu en camping.<br \/>\nLe camping d&rsquo;hiver apprend aux enfants \u00e0 g\u00e9rer ce qui leur arrive au lieu de se focaliser sur la situation.   <\/p>\n<p><!-- \/wp:paragraph --><\/p>\n<p><!-- wp:paragraph --><\/p>\n<p>Le camping d&rsquo;hiver permet aux enfants de rencontrer de nouvelles personnes et de pratiquer des activit\u00e9s amusantes.<br \/>\nIl leur permet \u00e9galement d&rsquo;apprendre diff\u00e9rentes le\u00e7ons, comme nous l&rsquo;avons vu plus haut.<br \/>\nLes raisons d&rsquo;envoyer vos enfants camper cet hiver sont nombreuses.<br \/>\nEn plus de cr\u00e9er des souvenirs inoubliables, cette exp\u00e9rience leur permettra d&rsquo;acqu\u00e9rir des comp\u00e9tences tout au long de leur vie.<br \/>\nInscrivez votre enfant \u00e0 un camp d&rsquo;hiver et regardez-le devenir un jeune adulte mature.    <\/p>\n<h3><span class=\"ez-toc-section\" id=\"Sensibilisation_a_la_culture_et_a_linclusion\"><\/span>Sensibilisation \u00e0 la culture et \u00e0 l&rsquo;inclusion<span class=\"ez-toc-section-end\"><\/span><\/h3>\n<p>Les camps d&rsquo;hiver jouent un r\u00f4le essentiel dans la sensibilisation culturelle et l&rsquo;int\u00e9gration des enfants.<br \/>\nEn r\u00e9unissant de jeunes campeurs d&rsquo;origines diverses, ces camps cr\u00e9ent une riche mosa\u00efque d&rsquo;exp\u00e9riences o\u00f9 les enfants d\u00e9couvrent des cultures, des traditions et des points de vue diff\u00e9rents. <\/p>\n<p>Partager des histoires autour d&rsquo;un feu de camp, essayer de nouveaux aliments ou participer \u00e0 des activit\u00e9s multiculturelles favorise la tol\u00e9rance et le respect des diff\u00e9rences.<br \/>\nC&rsquo;est dans ces moments de convivialit\u00e9, au milieu de la neige et de la camaraderie, que les enfants d\u00e9couvrent non seulement la beaut\u00e9 de la diversit\u00e9 culturelle, mais d\u00e9veloppent \u00e9galement un sentiment d&rsquo;appartenance et d&rsquo;acceptation qui dure toute la vie. <\/p>\n<h3><span class=\"ez-toc-section\" id=\"Croissance_emotionnelle\"><\/span>Croissance \u00e9motionnelle<span class=\"ez-toc-section-end\"><\/span><\/h3>\n<p>Les camps d&rsquo;hiver offrent un cadre unique pour le d\u00e9veloppement \u00e9motionnel des enfants.<br \/>\nAu milieu des d\u00e9fis pos\u00e9s par le froid et les environnements inconnus, les enfants d\u00e9veloppent souvent une plus grande confiance en eux, une plus grande r\u00e9silience et un sens de l&rsquo;autonomie. <\/p>\n<p>Surmonter le mal du pays, naviguer en terrain inconnu et collaborer avec des pairs dans des conditions exigeantes, tout cela contribue \u00e0 la maturit\u00e9 \u00e9motionnelle.<br \/>\nCes exp\u00e9riences renforcent non seulement leur capacit\u00e9 \u00e0 g\u00e9rer le stress et l&rsquo;adversit\u00e9, mais elles favorisent \u00e9galement la cr\u00e9ation d&rsquo;amiti\u00e9s durables et de souvenirs pr\u00e9cieux, nourrissant ainsi la croissance \u00e9motionnelle d&rsquo;une mani\u00e8re holistique et significative. <\/p>\n<h2><span class=\"ez-toc-section\" id=\"Conclusion\"><\/span>Conclusion<span class=\"ez-toc-section-end\"><\/span><\/h2>\n<p>Les camps d&rsquo;hiver jouent un r\u00f4le essentiel dans le d\u00e9veloppement personnel des enfants. Ces environnements uniques offrent aux enfants une multitude d&rsquo;occasions de cultiver des comp\u00e9tences essentielles dans la vie, de d\u00e9velopper leur r\u00e9silience, de prendre confiance en eux et de devenir des individus bien \u00e9quilibr\u00e9s. <\/p>\n<p>Gr\u00e2ce \u00e0 des aventures en plein air, \u00e0 des interactions sociales et \u00e0 l&rsquo;exposition \u00e0 diverses exp\u00e9riences, les camps d&rsquo;hiver offrent un voyage transformateur qui permet non seulement aux enfants d&rsquo;acqu\u00e9rir des comp\u00e9tences pratiques, mais aussi de forger leur caract\u00e8re et de leur inculquer des valeurs qui leur seront utiles dans les ann\u00e9es \u00e0 venir.<\/p>\n<p>En tant que parents et responsables d&rsquo;enfants, consid\u00e9rer les exp\u00e9riences enrichissantes qu&rsquo;offrent les camps d&rsquo;hiver peut \u00eatre un investissement puissant dans la croissance et la r\u00e9ussite future de nos enfants.<\/p>\n<p><!-- \/wp:paragraph --><\/p>\n<p style=\"text-align: center;\"><a href=\"https:\/\/www.leselfes.com\/fr\/?page_id=89062\" target=\"_blank\" rel=\"noopener\"><button style=\"background-color: #1e93c2; color: #fff; border: #E2804A;\" type=\"button\">Rejoignez le camp d&rsquo;hiver 2024<\/button><\/a><\/p>\n","protected":false},"excerpt":{"rendered":"<p>Tous les parents qui ont particip\u00e9 \u00e0 des activit\u00e9s amusantes dans le cadre d&rsquo;une colonie de vacances lorsqu&rsquo;ils \u00e9taient jeunes s&rsquo;accordent \u00e0 dire que la colonie a jou\u00e9 un r\u00f4le&#8230;<\/p>\n","protected":false},"author":1,"featured_media":79298,"comment_status":"closed","ping_status":"open","sticky":false,"template":"","format":"standard","meta":{"_acf_changed":false,"inline_featured_image":false,"footnotes":""},"categories":[1356,1355],"tags":[1448,1951,1950],"class_list":{"0":"post-95651","1":"post","2":"type-post","3":"status-publish","4":"format-standard","5":"has-post-thumbnail","7":"category-articles-fr","8":"category-camp-dhiver","9":"tag-camp-dhiver","10":"tag-developpement-personnel","11":"tag-developpement-personnel-des-enfants"},"acf":[],"yoast_head":"<!-- This site is optimized with the Yoast SEO Premium plugin v24.2 (Yoast SEO v24.7) - https:\/\/yoast.com\/wordpress\/plugins\/seo\/ -->\n<title>D\u00e9veloppement personnel dans les camps d&#039;hiver pour enfants - Comment ?<\/title>\n<meta name=\"description\" content=\"Les colonies de vacances jouent un r\u00f4le important dans le d\u00e9veloppement personnel des enfants. D\u00e9couvrez comment dans cet article.\" \/>\n<meta name=\"robots\" content=\"index, follow, max-snippet:-1, max-image-preview:large, max-video-preview:-1\" \/>\n<link rel=\"canonical\" href=\"https:\/\/www.leselfes.com\/fr\/comment-les-camps-dhiver-contribuent-ils-au-developpement-personnel-des-enfants\/\" \/>\n<meta property=\"og:locale\" content=\"fr_FR\" \/>\n<meta property=\"og:type\" content=\"article\" \/>\n<meta property=\"og:title\" content=\"Comment les camps d&#039;hiver contribuent-ils au d\u00e9veloppement personnel des enfants ?\" \/>\n<meta property=\"og:description\" content=\"Les colonies de vacances jouent un r\u00f4le important dans le d\u00e9veloppement personnel des enfants. D\u00e9couvrez comment dans cet article.\" \/>\n<meta property=\"og:url\" content=\"https:\/\/www.leselfes.com\/fr\/comment-les-camps-dhiver-contribuent-ils-au-developpement-personnel-des-enfants\/\" \/>\n<meta property=\"og:site_name\" content=\"Les Elfes International Camps Switzerland\" \/>\n<meta property=\"article:publisher\" content=\"https:\/\/www.facebook.com\/LesElfesVerbier\" \/>\n<meta property=\"article:published_time\" content=\"2022-10-20T11:38:43+00:00\" \/>\n<meta property=\"article:modified_time\" content=\"2025-01-07T09:06:55+00:00\" \/>\n<meta property=\"og:image\" content=\"https:\/\/dev.leselfes.com\/wp-content\/uploads\/2022\/10\/Winter-Camp-Contribution-in-the-Personal-Development-of-Children.jpg\" \/>\n\t<meta property=\"og:image:width\" content=\"975\" \/>\n\t<meta property=\"og:image:height\" content=\"675\" \/>\n\t<meta property=\"og:image:type\" content=\"image\/jpeg\" \/>\n<meta name=\"author\" content=\"lesadmin\" \/>\n<meta name=\"twitter:card\" content=\"summary_large_image\" \/>\n<meta name=\"twitter:creator\" content=\"@LesElfesCamps\" \/>\n<meta name=\"twitter:site\" content=\"@LesElfesCamps\" \/>\n<meta name=\"twitter:label1\" content=\"\u00c9crit par\" \/>\n\t<meta name=\"twitter:data1\" content=\"lesadmin\" \/>\n\t<meta name=\"twitter:label2\" content=\"Dur\u00e9e de lecture estim\u00e9e\" \/>\n\t<meta name=\"twitter:data2\" content=\"9 minutes\" \/>\n<script type=\"application\/ld+json\" class=\"yoast-schema-graph\">{\"@context\":\"https:\/\/schema.org\",\"@graph\":[{\"@type\":\"Article\",\"@id\":\"https:\/\/www.leselfes.com\/fr\/comment-les-camps-dhiver-contribuent-ils-au-developpement-personnel-des-enfants\/#article\",\"isPartOf\":{\"@id\":\"https:\/\/www.leselfes.com\/fr\/comment-les-camps-dhiver-contribuent-ils-au-developpement-personnel-des-enfants\/\"},\"author\":{\"name\":\"lesadmin\",\"@id\":\"https:\/\/dev.leselfes.com\/#\/schema\/person\/407a229698868b8c603874b19f37f289\"},\"headline\":\"Comment les camps d&rsquo;hiver contribuent-ils au d\u00e9veloppement personnel des enfants ?\",\"datePublished\":\"2022-10-20T11:38:43+00:00\",\"dateModified\":\"2025-01-07T09:06:55+00:00\",\"mainEntityOfPage\":{\"@id\":\"https:\/\/www.leselfes.com\/fr\/comment-les-camps-dhiver-contribuent-ils-au-developpement-personnel-des-enfants\/\"},\"wordCount\":1996,\"publisher\":{\"@id\":\"https:\/\/dev.leselfes.com\/#organization\"},\"image\":{\"@id\":\"https:\/\/www.leselfes.com\/fr\/comment-les-camps-dhiver-contribuent-ils-au-developpement-personnel-des-enfants\/#primaryimage\"},\"thumbnailUrl\":\"https:\/\/www.leselfes.com\/wp-content\/uploads\/2022\/10\/Winter-Camp-Contribution-in-the-Personal-Development-of-Children.jpg\",\"keywords\":[\"camp d'hiver\",\"D\u00e9veloppement personnel\",\"D\u00e9veloppement personnel des enfants\"],\"articleSection\":[\"Articles\",\"Camp d'hiver\"],\"inLanguage\":\"fr-FR\"},{\"@type\":\"WebPage\",\"@id\":\"https:\/\/www.leselfes.com\/fr\/comment-les-camps-dhiver-contribuent-ils-au-developpement-personnel-des-enfants\/\",\"url\":\"https:\/\/www.leselfes.com\/fr\/comment-les-camps-dhiver-contribuent-ils-au-developpement-personnel-des-enfants\/\",\"name\":\"D\u00e9veloppement personnel dans les camps d'hiver pour enfants - Comment ?\",\"isPartOf\":{\"@id\":\"https:\/\/dev.leselfes.com\/#website\"},\"primaryImageOfPage\":{\"@id\":\"https:\/\/www.leselfes.com\/fr\/comment-les-camps-dhiver-contribuent-ils-au-developpement-personnel-des-enfants\/#primaryimage\"},\"image\":{\"@id\":\"https:\/\/www.leselfes.com\/fr\/comment-les-camps-dhiver-contribuent-ils-au-developpement-personnel-des-enfants\/#primaryimage\"},\"thumbnailUrl\":\"https:\/\/www.leselfes.com\/wp-content\/uploads\/2022\/10\/Winter-Camp-Contribution-in-the-Personal-Development-of-Children.jpg\",\"datePublished\":\"2022-10-20T11:38:43+00:00\",\"dateModified\":\"2025-01-07T09:06:55+00:00\",\"description\":\"Les colonies de vacances jouent un r\u00f4le important dans le d\u00e9veloppement personnel des enfants. D\u00e9couvrez comment dans cet article.\",\"breadcrumb\":{\"@id\":\"https:\/\/www.leselfes.com\/fr\/comment-les-camps-dhiver-contribuent-ils-au-developpement-personnel-des-enfants\/#breadcrumb\"},\"inLanguage\":\"fr-FR\",\"potentialAction\":[{\"@type\":\"ReadAction\",\"target\":[\"https:\/\/www.leselfes.com\/fr\/comment-les-camps-dhiver-contribuent-ils-au-developpement-personnel-des-enfants\/\"]}]},{\"@type\":\"ImageObject\",\"inLanguage\":\"fr-FR\",\"@id\":\"https:\/\/www.leselfes.com\/fr\/comment-les-camps-dhiver-contribuent-ils-au-developpement-personnel-des-enfants\/#primaryimage\",\"url\":\"https:\/\/www.leselfes.com\/wp-content\/uploads\/2022\/10\/Winter-Camp-Contribution-in-the-Personal-Development-of-Children.jpg\",\"contentUrl\":\"https:\/\/www.leselfes.com\/wp-content\/uploads\/2022\/10\/Winter-Camp-Contribution-in-the-Personal-Development-of-Children.jpg\",\"width\":975,\"height\":675},{\"@type\":\"BreadcrumbList\",\"@id\":\"https:\/\/www.leselfes.com\/fr\/comment-les-camps-dhiver-contribuent-ils-au-developpement-personnel-des-enfants\/#breadcrumb\",\"itemListElement\":[{\"@type\":\"ListItem\",\"position\":1,\"name\":\"Home\",\"item\":\"https:\/\/www.leselfes.com\/fr\/\"},{\"@type\":\"ListItem\",\"position\":2,\"name\":\"Comment les camps d&#8217;hiver contribuent-ils au d\u00e9veloppement personnel des enfants ?\"}]},{\"@type\":\"WebSite\",\"@id\":\"https:\/\/dev.leselfes.com\/#website\",\"url\":\"https:\/\/dev.leselfes.com\/\",\"name\":\"Les Elfes International\",\"description\":\"Les Elfes International, Verbier Switzerland. Summer Camp, Winter Camp, Spring Camps.\",\"publisher\":{\"@id\":\"https:\/\/dev.leselfes.com\/#organization\"},\"alternateName\":\"Les Elfes International\",\"potentialAction\":[{\"@type\":\"SearchAction\",\"target\":{\"@type\":\"EntryPoint\",\"urlTemplate\":\"https:\/\/dev.leselfes.com\/?s={search_term_string}\"},\"query-input\":{\"@type\":\"PropertyValueSpecification\",\"valueRequired\":true,\"valueName\":\"search_term_string\"}}],\"inLanguage\":\"fr-FR\"},{\"@type\":\"Organization\",\"@id\":\"https:\/\/dev.leselfes.com\/#organization\",\"name\":\"Les Elfes International\",\"alternateName\":\"Les Elfes International\",\"url\":\"https:\/\/dev.leselfes.com\/\",\"logo\":{\"@type\":\"ImageObject\",\"inLanguage\":\"fr-FR\",\"@id\":\"https:\/\/dev.leselfes.com\/#\/schema\/logo\/image\/\",\"url\":\"https:\/\/www.leselfes.com\/wp-content\/uploads\/2022\/03\/leselfes-logo.png\",\"contentUrl\":\"https:\/\/www.leselfes.com\/wp-content\/uploads\/2022\/03\/leselfes-logo.png\",\"width\":233,\"height\":51,\"caption\":\"Les Elfes International\"},\"image\":{\"@id\":\"https:\/\/dev.leselfes.com\/#\/schema\/logo\/image\/\"},\"sameAs\":[\"https:\/\/www.facebook.com\/LesElfesVerbier\",\"https:\/\/x.com\/LesElfesCamps\",\"https:\/\/www.instagram.com\/leselfes\",\"https:\/\/www.linkedin.com\/company\/les-elfes-international\",\"https:\/\/www.youtube.com\/user\/LesElfesVerbier\"]},{\"@type\":\"Person\",\"@id\":\"https:\/\/dev.leselfes.com\/#\/schema\/person\/407a229698868b8c603874b19f37f289\",\"name\":\"lesadmin\",\"image\":{\"@type\":\"ImageObject\",\"inLanguage\":\"fr-FR\",\"@id\":\"https:\/\/dev.leselfes.com\/#\/schema\/person\/image\/\",\"url\":\"https:\/\/secure.gravatar.com\/avatar\/fdb243a028df450397b3632d862f87f6?s=96&d=mm&r=g\",\"contentUrl\":\"https:\/\/secure.gravatar.com\/avatar\/fdb243a028df450397b3632d862f87f6?s=96&d=mm&r=g\",\"caption\":\"lesadmin\"},\"url\":\"https:\/\/www.leselfes.com\/fr\/author\/lesadmin\/\"}]}<\/script>\n<!-- \/ Yoast SEO Premium plugin. -->","yoast_head_json":{"title":"D\u00e9veloppement personnel dans les camps d'hiver pour enfants - Comment ?","description":"Les colonies de vacances jouent un r\u00f4le important dans le d\u00e9veloppement personnel des enfants. D\u00e9couvrez comment dans cet article.","robots":{"index":"index","follow":"follow","max-snippet":"max-snippet:-1","max-image-preview":"max-image-preview:large","max-video-preview":"max-video-preview:-1"},"canonical":"https:\/\/www.leselfes.com\/fr\/comment-les-camps-dhiver-contribuent-ils-au-developpement-personnel-des-enfants\/","og_locale":"fr_FR","og_type":"article","og_title":"Comment les camps d'hiver contribuent-ils au d\u00e9veloppement personnel des enfants ?","og_description":"Les colonies de vacances jouent un r\u00f4le important dans le d\u00e9veloppement personnel des enfants. D\u00e9couvrez comment dans cet article.","og_url":"https:\/\/www.leselfes.com\/fr\/comment-les-camps-dhiver-contribuent-ils-au-developpement-personnel-des-enfants\/","og_site_name":"Les Elfes International Camps Switzerland","article_publisher":"https:\/\/www.facebook.com\/LesElfesVerbier","article_published_time":"2022-10-20T11:38:43+00:00","article_modified_time":"2025-01-07T09:06:55+00:00","og_image":[{"width":975,"height":675,"url":"https:\/\/dev.leselfes.com\/wp-content\/uploads\/2022\/10\/Winter-Camp-Contribution-in-the-Personal-Development-of-Children.jpg","type":"image\/jpeg"}],"author":"lesadmin","twitter_card":"summary_large_image","twitter_creator":"@LesElfesCamps","twitter_site":"@LesElfesCamps","twitter_misc":{"\u00c9crit par":"lesadmin","Dur\u00e9e de lecture estim\u00e9e":"9 minutes"},"schema":{"@context":"https:\/\/schema.org","@graph":[{"@type":"Article","@id":"https:\/\/www.leselfes.com\/fr\/comment-les-camps-dhiver-contribuent-ils-au-developpement-personnel-des-enfants\/#article","isPartOf":{"@id":"https:\/\/www.leselfes.com\/fr\/comment-les-camps-dhiver-contribuent-ils-au-developpement-personnel-des-enfants\/"},"author":{"name":"lesadmin","@id":"https:\/\/dev.leselfes.com\/#\/schema\/person\/407a229698868b8c603874b19f37f289"},"headline":"Comment les camps d&rsquo;hiver contribuent-ils au d\u00e9veloppement personnel des enfants ?","datePublished":"2022-10-20T11:38:43+00:00","dateModified":"2025-01-07T09:06:55+00:00","mainEntityOfPage":{"@id":"https:\/\/www.leselfes.com\/fr\/comment-les-camps-dhiver-contribuent-ils-au-developpement-personnel-des-enfants\/"},"wordCount":1996,"publisher":{"@id":"https:\/\/dev.leselfes.com\/#organization"},"image":{"@id":"https:\/\/www.leselfes.com\/fr\/comment-les-camps-dhiver-contribuent-ils-au-developpement-personnel-des-enfants\/#primaryimage"},"thumbnailUrl":"https:\/\/www.leselfes.com\/wp-content\/uploads\/2022\/10\/Winter-Camp-Contribution-in-the-Personal-Development-of-Children.jpg","keywords":["camp d'hiver","D\u00e9veloppement personnel","D\u00e9veloppement personnel des enfants"],"articleSection":["Articles","Camp d'hiver"],"inLanguage":"fr-FR"},{"@type":"WebPage","@id":"https:\/\/www.leselfes.com\/fr\/comment-les-camps-dhiver-contribuent-ils-au-developpement-personnel-des-enfants\/","url":"https:\/\/www.leselfes.com\/fr\/comment-les-camps-dhiver-contribuent-ils-au-developpement-personnel-des-enfants\/","name":"D\u00e9veloppement personnel dans les camps d'hiver pour enfants - Comment ?","isPartOf":{"@id":"https:\/\/dev.leselfes.com\/#website"},"primaryImageOfPage":{"@id":"https:\/\/www.leselfes.com\/fr\/comment-les-camps-dhiver-contribuent-ils-au-developpement-personnel-des-enfants\/#primaryimage"},"image":{"@id":"https:\/\/www.leselfes.com\/fr\/comment-les-camps-dhiver-contribuent-ils-au-developpement-personnel-des-enfants\/#primaryimage"},"thumbnailUrl":"https:\/\/www.leselfes.com\/wp-content\/uploads\/2022\/10\/Winter-Camp-Contribution-in-the-Personal-Development-of-Children.jpg","datePublished":"2022-10-20T11:38:43+00:00","dateModified":"2025-01-07T09:06:55+00:00","description":"Les colonies de vacances jouent un r\u00f4le important dans le d\u00e9veloppement personnel des enfants. D\u00e9couvrez comment dans cet article.","breadcrumb":{"@id":"https:\/\/www.leselfes.com\/fr\/comment-les-camps-dhiver-contribuent-ils-au-developpement-personnel-des-enfants\/#breadcrumb"},"inLanguage":"fr-FR","potentialAction":[{"@type":"ReadAction","target":["https:\/\/www.leselfes.com\/fr\/comment-les-camps-dhiver-contribuent-ils-au-developpement-personnel-des-enfants\/"]}]},{"@type":"ImageObject","inLanguage":"fr-FR","@id":"https:\/\/www.leselfes.com\/fr\/comment-les-camps-dhiver-contribuent-ils-au-developpement-personnel-des-enfants\/#primaryimage","url":"https:\/\/www.leselfes.com\/wp-content\/uploads\/2022\/10\/Winter-Camp-Contribution-in-the-Personal-Development-of-Children.jpg","contentUrl":"https:\/\/www.leselfes.com\/wp-content\/uploads\/2022\/10\/Winter-Camp-Contribution-in-the-Personal-Development-of-Children.jpg","width":975,"height":675},{"@type":"BreadcrumbList","@id":"https:\/\/www.leselfes.com\/fr\/comment-les-camps-dhiver-contribuent-ils-au-developpement-personnel-des-enfants\/#breadcrumb","itemListElement":[{"@type":"ListItem","position":1,"name":"Home","item":"https:\/\/www.leselfes.com\/fr\/"},{"@type":"ListItem","position":2,"name":"Comment les camps d&#8217;hiver contribuent-ils au d\u00e9veloppement personnel des enfants ?"}]},{"@type":"WebSite","@id":"https:\/\/dev.leselfes.com\/#website","url":"https:\/\/dev.leselfes.com\/","name":"Les Elfes International","description":"Les Elfes International, Verbier Switzerland. Summer Camp, Winter Camp, Spring Camps.","publisher":{"@id":"https:\/\/dev.leselfes.com\/#organization"},"alternateName":"Les Elfes International","potentialAction":[{"@type":"SearchAction","target":{"@type":"EntryPoint","urlTemplate":"https:\/\/dev.leselfes.com\/?s={search_term_string}"},"query-input":{"@type":"PropertyValueSpecification","valueRequired":true,"valueName":"search_term_string"}}],"inLanguage":"fr-FR"},{"@type":"Organization","@id":"https:\/\/dev.leselfes.com\/#organization","name":"Les Elfes International","alternateName":"Les Elfes International","url":"https:\/\/dev.leselfes.com\/","logo":{"@type":"ImageObject","inLanguage":"fr-FR","@id":"https:\/\/dev.leselfes.com\/#\/schema\/logo\/image\/","url":"https:\/\/www.leselfes.com\/wp-content\/uploads\/2022\/03\/leselfes-logo.png","contentUrl":"https:\/\/www.leselfes.com\/wp-content\/uploads\/2022\/03\/leselfes-logo.png","width":233,"height":51,"caption":"Les Elfes International"},"image":{"@id":"https:\/\/dev.leselfes.com\/#\/schema\/logo\/image\/"},"sameAs":["https:\/\/www.facebook.com\/LesElfesVerbier","https:\/\/x.com\/LesElfesCamps","https:\/\/www.instagram.com\/leselfes","https:\/\/www.linkedin.com\/company\/les-elfes-international","https:\/\/www.youtube.com\/user\/LesElfesVerbier"]},{"@type":"Person","@id":"https:\/\/dev.leselfes.com\/#\/schema\/person\/407a229698868b8c603874b19f37f289","name":"lesadmin","image":{"@type":"ImageObject","inLanguage":"fr-FR","@id":"https:\/\/dev.leselfes.com\/#\/schema\/person\/image\/","url":"https:\/\/secure.gravatar.com\/avatar\/fdb243a028df450397b3632d862f87f6?s=96&d=mm&r=g","contentUrl":"https:\/\/secure.gravatar.com\/avatar\/fdb243a028df450397b3632d862f87f6?s=96&d=mm&r=g","caption":"lesadmin"},"url":"https:\/\/www.leselfes.com\/fr\/author\/lesadmin\/"}]}},"_links":{"self":[{"href":"https:\/\/www.leselfes.com\/fr\/wp-json\/wp\/v2\/posts\/95651"}],"collection":[{"href":"https:\/\/www.leselfes.com\/fr\/wp-json\/wp\/v2\/posts"}],"about":[{"href":"https:\/\/www.leselfes.com\/fr\/wp-json\/wp\/v2\/types\/post"}],"author":[{"embeddable":true,"href":"https:\/\/www.leselfes.com\/fr\/wp-json\/wp\/v2\/users\/1"}],"replies":[{"embeddable":true,"href":"https:\/\/www.leselfes.com\/fr\/wp-json\/wp\/v2\/comments?post=95651"}],"version-history":[{"count":0,"href":"https:\/\/www.leselfes.com\/fr\/wp-json\/wp\/v2\/posts\/95651\/revisions"}],"wp:featuredmedia":[{"embeddable":true,"href":"https:\/\/www.leselfes.com\/fr\/wp-json\/wp\/v2\/media\/79298"}],"wp:attachment":[{"href":"https:\/\/www.leselfes.com\/fr\/wp-json\/wp\/v2\/media?parent=95651"}],"wp:term":[{"taxonomy":"category","embeddable":true,"href":"https:\/\/www.leselfes.com\/fr\/wp-json\/wp\/v2\/categories?post=95651"},{"taxonomy":"post_tag","embeddable":true,"href":"https:\/\/www.leselfes.com\/fr\/wp-json\/wp\/v2\/tags?post=95651"}],"curies":[{"name":"wp","href":"https:\/\/api.w.org\/{rel}","templated":true}]}}