{"id":95660,"date":"2021-07-30T17:24:27","date_gmt":"2021-07-30T15:24:27","guid":{"rendered":"https:\/\/www.leselfes.com\/preparation-des-colonies-de-vacances-le-guide-ultime-pour-les-parents\/"},"modified":"2025-01-07T10:06:52","modified_gmt":"2025-01-07T09:06:52","slug":"preparation-des-colonies-de-vacances-le-guide-ultime-pour-les-parents","status":"publish","type":"post","link":"https:\/\/www.leselfes.com\/fr\/preparation-des-colonies-de-vacances-le-guide-ultime-pour-les-parents\/","title":{"rendered":"Pr\u00e9paration des colonies de vacances : le guide ultime pour les parents"},"content":{"rendered":"<p>L&rsquo;<b>\u00e9t\u00e9<\/b> est \u00e0 nos portes et de nombreux enfants vont se lancer dans une nouvelle aventure, en partant pour la premi\u00e8re fois en <b>colonie de vacances<\/b>. \u00c0 bien des \u00e9gards, la <b>colonie de vacances<\/b> est un rite de passage dans la vie de la plupart des enfants.<br \/>\nPourtant, de nombreux parents sont souvent d\u00e9sempar\u00e9s et stress\u00e9s au moment de choisir et d&rsquo;envoyer leur enfant en <b>colonie de vacances<\/b>. <\/p>\n<p>Quand devez-vous arriver ?<br \/>\nQue doivent-ils emporter ?<br \/>\nVoici quelques conseils qui vous aideront \u00e0 faire de votre s\u00e9jour <b>en colonie de vacances<\/b> un moment inoubliable.  <\/p>\n<h4>\n\t\t\t\t<div id=\"ez-toc-container\" class=\"ez-toc-v2_0_73 ez-toc-wrap-left counter-hierarchy ez-toc-counter ez-toc-grey ez-toc-container-direction\">\n<div class=\"ez-toc-title-container\">\n<span class=\"ez-toc-title ez-toc-toggle\" style=\"cursor:pointer\">Table of Contents<\/span>\n<span class=\"ez-toc-title-toggle\"><a href=\"#\" class=\"ez-toc-pull-right ez-toc-btn ez-toc-btn-xs ez-toc-btn-default ez-toc-toggle\" aria-label=\"Toggle Table of Content\"><span class=\"ez-toc-js-icon-con\"><span class=\"\"><span class=\"eztoc-hide\" style=\"display:none;\">Toggle<\/span><span class=\"ez-toc-icon-toggle-span\"><svg style=\"fill: #999;color:#999\" xmlns=\"http:\/\/www.w3.org\/2000\/svg\" class=\"list-377408\" width=\"20px\" height=\"20px\" viewBox=\"0 0 24 24\" fill=\"none\"><path d=\"M6 6H4v2h2V6zm14 0H8v2h12V6zM4 11h2v2H4v-2zm16 0H8v2h12v-2zM4 16h2v2H4v-2zm16 0H8v2h12v-2z\" fill=\"currentColor\"><\/path><\/svg><svg style=\"fill: #999;color:#999\" class=\"arrow-unsorted-368013\" xmlns=\"http:\/\/www.w3.org\/2000\/svg\" width=\"10px\" height=\"10px\" viewBox=\"0 0 24 24\" version=\"1.2\" baseProfile=\"tiny\"><path d=\"M18.2 9.3l-6.2-6.3-6.2 6.3c-.2.2-.3.4-.3.7s.1.5.3.7c.2.2.4.3.7.3h11c.3 0 .5-.1.7-.3.2-.2.3-.5.3-.7s-.1-.5-.3-.7zM5.8 14.7l6.2 6.3 6.2-6.3c.2-.2.3-.5.3-.7s-.1-.5-.3-.7c-.2-.2-.4-.3-.7-.3h-11c-.3 0-.5.1-.7.3-.2.2-.3.5-.3.7s.1.5.3.7z\"\/><\/svg><\/span><\/span><\/span><\/a><\/span><\/div>\n<nav><ul class='ez-toc-list ez-toc-list-level-1 eztoc-toggle-hide-by-default' ><li class='ez-toc-page-1 ez-toc-heading-level-2'><a class=\"ez-toc-link ez-toc-heading-1\" href=\"https:\/\/www.leselfes.com\/fr\/preparation-des-colonies-de-vacances-le-guide-ultime-pour-les-parents\/#Conseils_pour_une_bonne_preparation_a_la_colonie_de_vacances\" title=\"Conseils pour une bonne pr\u00e9paration \u00e0 la colonie de vacances\">Conseils pour une bonne pr\u00e9paration \u00e0 la colonie de vacances<\/a><ul class='ez-toc-list-level-3' ><li class='ez-toc-heading-level-3'><a class=\"ez-toc-link ez-toc-heading-2\" href=\"https:\/\/www.leselfes.com\/fr\/preparation-des-colonies-de-vacances-le-guide-ultime-pour-les-parents\/#Choosing_the_Right_Camp_With_the_Right_COVID-19_Safety_Guidelines\" title=\"Choosing the Right Camp With the Right COVID-19 Safety Guidelines\">Choosing the Right Camp With the Right COVID-19 Safety Guidelines<\/a><\/li><li class='ez-toc-page-1 ez-toc-heading-level-3'><a class=\"ez-toc-link ez-toc-heading-3\" href=\"https:\/\/www.leselfes.com\/fr\/preparation-des-colonies-de-vacances-le-guide-ultime-pour-les-parents\/#Speak_Positively_and_Calmly_About_Camp\" title=\"Speak Positively and Calmly About Camp\">Speak Positively and Calmly About Camp<\/a><\/li><li class='ez-toc-page-1 ez-toc-heading-level-3'><a class=\"ez-toc-link ez-toc-heading-4\" href=\"https:\/\/www.leselfes.com\/fr\/preparation-des-colonies-de-vacances-le-guide-ultime-pour-les-parents\/#Follow_the_Packing_List_and_Get_Your_Child_Involved_Too\" title=\"Follow the Packing List and Get Your Child Involved, Too\">Follow the Packing List and Get Your Child Involved, Too<\/a><\/li><li class='ez-toc-page-1 ez-toc-heading-level-3'><a class=\"ez-toc-link ez-toc-heading-5\" href=\"https:\/\/www.leselfes.com\/fr\/preparation-des-colonies-de-vacances-le-guide-ultime-pour-les-parents\/#Arrive_on_Time_and_Leave_on_Time\" title=\"Arrive on Time and Leave on Time\">Arrive on Time and Leave on Time<\/a><\/li><li class='ez-toc-page-1 ez-toc-heading-level-3'><a class=\"ez-toc-link ez-toc-heading-6\" href=\"https:\/\/www.leselfes.com\/fr\/preparation-des-colonies-de-vacances-le-guide-ultime-pour-les-parents\/#Handling_Homesickness\" title=\"Handling Homesickness\">Handling Homesickness<\/a><\/li><\/ul><\/li><li class='ez-toc-page-1 ez-toc-heading-level-2'><a class=\"ez-toc-link ez-toc-heading-7\" href=\"https:\/\/www.leselfes.com\/fr\/preparation-des-colonies-de-vacances-le-guide-ultime-pour-les-parents\/#Vous_cherchez_une_colonie_de_vacances_pour_votre_enfant\" title=\"Vous cherchez une colonie de vacances pour votre enfant ?\">Vous cherchez une colonie de vacances pour votre enfant ?<\/a><\/li><\/ul><\/nav><\/div>\n\t\t\t<\/h4>\n<p style=\"text-align: center;\">Vous envisagez d&rsquo;inscrire votre enfant \u00e0 une colonie de vacances en 2021 ?<\/p>\n<p style=\"text-align: center;\">D\u00e9couvrez ce que Les Elfes ont \u00e0 vous offrir !<\/p>\n<p>\t\t\t<a href=\"https:\/\/www.leselfes.com\/fr\/?page_id=89039\" target=\"_blank\" role=\"button\" rel=\"noopener\"><br \/>\n  camp d&rsquo;\u00e9t\u00e9 les elfes<br \/>\n\t\t\t\t\t<\/a><\/p>\n<p>\n\n<h2><span class=\"ez-toc-section\" id=\"Conseils_pour_une_bonne_preparation_a_la_colonie_de_vacances\"><\/span>Conseils pour une bonne pr\u00e9paration \u00e0 la colonie de vacances<span class=\"ez-toc-section-end\"><\/span><\/h2>\n<h3><span class=\"ez-toc-section\" id=\"Choosing_the_Right_Camp_With_the_Right_COVID-19_Safety_Guidelines\"><\/span>Choosing the Right Camp With the Right COVID-19 Safety Guidelines<span class=\"ez-toc-section-end\"><\/span><\/h3>\n<p><\/p><\/p>\n<p>\n\n<p>L&rsquo;ann\u00e9e 2020 a \u00e9t\u00e9 une ann\u00e9e terrible pour les <a href=\"https:\/\/www.leselfes.com\/fr\/les-colonies-de-vacances-pendant-la-pandemie-sont-elles-sans-danger-pour-les-enfants\/\" target=\"_blank\" rel=\"noopener\">activit\u00e9s de groupe dans le cadre du Covid-19<\/a>, et cette ann\u00e9e, les effets de la pand\u00e9mie se font encore sentir. En g\u00e9n\u00e9ral, les enfants sont moins touch\u00e9s par le Covid-19, mais ils peuvent toujours l&rsquo;attraper, et ils ont tendance \u00e0 \u00eatre asymptomatiques, ce qui signifie qu&rsquo;ils le propagent mieux que les adultes. Par cons\u00e9quent, si vous envisagez d&rsquo;<b>envoyer votre enfant dans une colonie de vacances<\/b>, renseignez-vous sur les politiques et proc\u00e9dures de s\u00e9curit\u00e9 en mati\u00e8re de Covid-19. Assurez-vous qu&rsquo;ils ont mis en place un bon plan d&rsquo;hygi\u00e8ne, qu&rsquo;ils limitent le nombre de campeurs qui se m\u00e9langent et que vous savez \u00e0 quoi vous attendre pour que votre enfant soit en s\u00e9curit\u00e9 et que vous ne soyez pas angoiss\u00e9 pendant toute la dur\u00e9e de son s\u00e9jour.   <\/p>\n<p><\/p><\/p>\n<p>\n\n<p>Glenda Burns, r\u00e9dactrice chez <a href=\"https:\/\/phdkingdom.com\/\">Phdkingdom<\/a> et Write My X, conseille de faire des recherches suppl\u00e9mentaires sur la colonie de vacances choisie. Posez toutes vos questions, lisez les dossiers d&rsquo;information, discutez avec d&rsquo;autres parents qui envoient leurs enfants en colonie de vacances. Tout ce qui peut vous aider \u00e0 vous rassurer. <\/p>\n<p><\/p><\/p>\n<p>\n\n<h3><span class=\"ez-toc-section\" id=\"Speak_Positively_and_Calmly_About_Camp\"><\/span>Speak Positively and Calmly About Camp<span class=\"ez-toc-section-end\"><\/span><\/h3>\n<p><a href=\"https:\/\/www.leselfes.com\/wp-content\/uploads\/2021\/08\/2-2-2-1.jpg\"><img loading=\"lazy\" decoding=\"async\" src=\"https:\/\/www.leselfes.com\/wp-content\/uploads\/2021\/08\/2-2-2-1.jpg\" alt=\"Pr&#xE9;paration des camps d'&#xE9;t&#xE9;\" width=\"1000\" height=\"902\"\/><\/a>Votre enfant percevra l&rsquo;anxi\u00e9t\u00e9 que vous ressentez \u00e0 l&rsquo;id\u00e9e de vous pr\u00e9parer et de partir en colonie de vacances.\nIl est essentiel de rester calme et positif lorsque vous parlez de la <b>colonie de vacances<\/b>.\nSi vous \u00eates enthousiaste et calme \u00e0 l&rsquo;id\u00e9e de l&rsquo;envoyer en colonie, il se sentira plus \u00e0 l&rsquo;aise et sera moins susceptible d&rsquo;\u00eatre triste et anxieux \u00e0 propos de son exp\u00e9rience.\nSi votre enfant s&rsquo;inqui\u00e8te de se faire des amis ou de vous manquer, apaisez ses inqui\u00e9tudes et r\u00e9p\u00e9tez-lui qu&rsquo;il est tout \u00e0 fait capable de surmonter ces deux probl\u00e8mes.   <\/p>\n<p><\/p><\/p>\n<p>\n<\/p>\n<p>\n\n<p><\/p><\/p>\n<p>\n\n<h3><span class=\"ez-toc-section\" id=\"Follow_the_Packing_List_and_Get_Your_Child_Involved_Too\"><\/span>Follow the Packing List and Get Your Child Involved, Too<span class=\"ez-toc-section-end\"><\/span><\/h3>\n<p><\/p><\/p>\n<p>\n\n<p>Lorsque vous aurez choisi une <b>colonie de vacances<\/b>, celle-ci vous enverra toutes les informations utiles et les formulaires \u00e0 remplir.\nVous recevrez \u00e9galement une liste de colisage.\nIl est tr\u00e8s important que vous suiviez cette liste et que votre enfant participe \u00e0 la pr\u00e9paration des bagages.\nEn vous aidant \u00e0 faire son sac \u00e0 l&rsquo;aller, il apprendra comment pr\u00e9parer son sac pour le retour.\nVeillez \u00e0 ce que les v\u00eatements soient des v\u00eatements de jeu qui peuvent se salir.\nNe l\u00e9sinez pas sur la protection solaire, car vous \u00eates dehors la plupart du temps.\nDe plus, selon la p\u00e9riode de l&rsquo;<b>\u00e9t\u00e9 o\u00f9 se d\u00e9roule le camp<\/b>, les soir\u00e9es peuvent \u00eatre un peu fra\u00eeches, alors apportez quelques sweatshirts chauds pour vous r\u00e9chauffer le soir.      <\/p>\n<p><\/p><\/p>\n<p>\n\n<p>\u00c9tiquetez toutes les affaires que vous apportez, sinon vous rentrerez \u00e0 la maison sans certaines d&rsquo;entre elles\u00a0\u00bb, explique Diana Weber, blogueuse parentale sur <a href=\"https:\/\/australia2write.com\/\">Australia2write<\/a> et <a href=\"https:\/\/britstudent.com\/\">Britstudent<\/a>. De nombreux campeurs sont g\u00e9n\u00e9ralement log\u00e9s dans une cabine, et leurs affaires seront m\u00e9lang\u00e9es et emprunt\u00e9es par leurs amis. L&rsquo;\u00e9tiquetage les aidera donc \u00e0 faire le tri lorsqu&rsquo;il sera temps de plier bagage et de rentrer \u00e0 la maison. <\/p>\n<p><\/p><\/p>\n<p>\n\n<h3><span class=\"ez-toc-section\" id=\"Arrive_on_Time_and_Leave_on_Time\"><\/span>Arrive on Time and Leave on Time<span class=\"ez-toc-section-end\"><\/span><\/h3>\n<p><\/p><\/p>\n<p>\n\n<p>Sachez quand vous devez amener votre camping-car sur le site et quand vous pouvez vous enregistrer.\nFaites des adieux brefs et doux pour ne pas causer trop d&rsquo;ennuis, et n&rsquo;oubliez pas de remettre les documents requis.\nIl en va de m\u00eame pour le retour, assurez-vous d&rsquo;\u00eatre \u00e0 l&rsquo;heure, afin que personne ne soit retard\u00e9.  <\/p>\n<p><\/p><\/p>\n<p>\n\n<h3><span class=\"ez-toc-section\" id=\"Handling_Homesickness\"><\/span><strong>Handling Homesickness<\/strong><span class=\"ez-toc-section-end\"><\/span><\/h3>\n<p><a href=\"https:\/\/www.leselfes.com\/wp-content\/uploads\/2021\/08\/Handling-Homesickness-2.jpg\"><img loading=\"lazy\" decoding=\"async\" src=\"https:\/\/www.leselfes.com\/wp-content\/uploads\/2021\/08\/Handling-Homesickness-2.jpg\" alt=\"G&#xE9;rer le mal du pays\" width=\"1000\" height=\"830\"\/><\/a>\u00c0 un moment donn\u00e9, votre enfant peut avoir le mal du pays, ce qui est tout \u00e0 fait normal.\nVeillez \u00e0 lui faire comprendre qu&rsquo;il vous reverra bient\u00f4t et \u00e0 l&rsquo;encourager \u00e0 s&rsquo;amuser sans vous.\nIl se ressaisira g\u00e9n\u00e9ralement lorsqu&rsquo;il saura qu&rsquo;il peut s&rsquo;amuser sans vous.  <\/p>\n<p><\/p><\/p>\n<p>\n<\/p>\n<p>\n\n<p><\/p><\/p>\n<p>\n\n<p>Ces conseils et astuces vous aideront, en tant que parent, \u00e0 envoyer votre enfant en colonie de vacances en \u00e9tant bien pr\u00e9par\u00e9 pour qu&rsquo;il <b>vive une exp\u00e9rience<\/b> inoubliable.<\/p>\n<pre><strong>*Sources:<\/strong>\n1. <a href=\"https:\/\/www.parents.com\/kids\/camp\/summer\/summer-camp-prep-what-every-parent-needs-to-know\/\" target=\"_blank\" rel=\"noopener\">Summer Camp Prep: What Every Parent Needs to Know<\/a>\n2. <a href=\"https:\/\/www.acacamps.org\/resource-library\/parents\/preparing-children-summer-camp-experience\" target=\"_blank\" rel=\"noopener\">Preparing Children for the Summer Camp Experience<\/a>\n3. <a href=\"https:\/\/extension.unh.edu\/resource\/parent-questions-about-summer-camps-amid-covid-19-restrictions-and-and-answers-they-should\" target=\"_blank\" rel=\"noopener\">Parent Questions About Summer Camps Amid Covid-19 Restrictions and the Answers They Should Listen For<\/a>\n4. <a href=\"https:\/\/www.verywellfamily.com\/summer-camp-guide-for-kids-parents-3128847\" target=\"_blank\" rel=\"noopener\">The Ultimate Guide to Kids' Summer Camps<\/a>\n5. <a href=\"https:\/\/www.brighthorizons.com\/family-resources\/tips-for-choosing-a-summer-day-camp\" target=\"_blank\" rel=\"noopener\">PARENTING TIPS FOR CHOOSING A SUMMER DAY CAMP<\/a><\/pre><h2 style=\"text-align: center;\"><span class=\"ez-toc-section\" id=\"Vous_cherchez_une_colonie_de_vacances_pour_votre_enfant\"><\/span>Vous cherchez une colonie de vacances pour votre enfant ?<span class=\"ez-toc-section-end\"><\/span><\/h2>\t\t\n\t\t\t<a href=\"https:\/\/www.leselfes.com\/fr\/camp-dete\/\" target=\"_blank\" role=\"button\" rel=\"noopener\">\n\t\t\t\t\t\tVISIT OUR SUMMER CAMP PAGE\n\t\t\t\t\t<\/a>\n\t\t\t<a href=\"https:\/\/www.leselfes.com\/contact-quote-request\/\" target=\"_blank\" role=\"button\" rel=\"noopener\">\n\t\t\t\t\t\tCONTACT OUR HEADOFFICE\n\t\t\t\t\t<\/a>\n\t\t<p><strong>Kendra Beckley<\/strong><\/p>\n<p>Kendra Beckley est responsable du d\u00e9veloppement commercial et r\u00e9dactrice chez <a href=\"https:\/\/academicbrits.com\/\" target=\"_blank\" rel=\"noopener\">Academicbrits.com<\/a> et <a href=\"http:\/\/Originwritings.com\" target=\"_blank\" rel=\"noopener\">Originwritings.com.<\/a> Elle aide les entreprises \u00e0 p\u00e9n\u00e9trer de nouveaux march\u00e9s. Elle s&rsquo;int\u00e9resse \u00e9galement \u00e0 la r\u00e9daction d&rsquo;articles sur divers sujets sur <a href=\"http:\/\/Nextcoursework.com\" target=\"_blank\" rel=\"noopener\">Nextcoursework.com.<\/a>  <\/p>","protected":false},"excerpt":{"rendered":"<p>L&rsquo;\u00e9t\u00e9 est \u00e0 nos portes et de nombreux enfants vont se lancer dans une nouvelle aventure, en partant pour la premi\u00e8re fois en colonie de vacances. \u00c0 bien des \u00e9gards,&#8230;<\/p>\n","protected":false},"author":1,"featured_media":77386,"comment_status":"closed","ping_status":"open","sticky":false,"template":"","format":"standard","meta":{"_acf_changed":false,"inline_featured_image":false,"footnotes":""},"categories":[1356,1372],"tags":[],"class_list":{"0":"post-95660","1":"post","2":"type-post","3":"status-publish","4":"format-standard","5":"has-post-thumbnail","7":"category-articles-fr","8":"category-camp-dete"},"acf":[],"yoast_head":"<!-- This site is optimized with the Yoast SEO Premium plugin v24.2 (Yoast SEO v24.7) - https:\/\/yoast.com\/wordpress\/plugins\/seo\/ -->\n<title>Pr\u00e9paration des colonies de vacances : le guide ultime pour les parents - Les Elfes International Camps Switzerland<\/title>\n<meta name=\"robots\" content=\"index, follow, max-snippet:-1, max-image-preview:large, max-video-preview:-1\" \/>\n<link rel=\"canonical\" href=\"https:\/\/www.leselfes.com\/fr\/preparation-des-colonies-de-vacances-le-guide-ultime-pour-les-parents\/\" \/>\n<meta property=\"og:locale\" content=\"fr_FR\" \/>\n<meta property=\"og:type\" content=\"article\" \/>\n<meta property=\"og:title\" content=\"Pr\u00e9paration des colonies de vacances : le guide ultime pour les parents\" \/>\n<meta property=\"og:description\" content=\"L&rsquo;\u00e9t\u00e9 est \u00e0 nos portes et de nombreux enfants vont se lancer dans une nouvelle aventure, en partant pour la premi\u00e8re fois en colonie de vacances. \u00c0 bien des \u00e9gards,...\" \/>\n<meta property=\"og:url\" content=\"https:\/\/www.leselfes.com\/fr\/preparation-des-colonies-de-vacances-le-guide-ultime-pour-les-parents\/\" \/>\n<meta property=\"og:site_name\" content=\"Les Elfes International Camps Switzerland\" \/>\n<meta property=\"article:publisher\" content=\"https:\/\/www.facebook.com\/LesElfesVerbier\" \/>\n<meta property=\"article:published_time\" content=\"2021-07-30T15:24:27+00:00\" \/>\n<meta property=\"article:modified_time\" content=\"2025-01-07T09:06:52+00:00\" \/>\n<meta property=\"og:image\" content=\"https:\/\/dev.leselfes.com\/wp-content\/uploads\/2021\/07\/Summer-Camp-Prep-1-1.jpg\" \/>\n\t<meta property=\"og:image:width\" content=\"800\" \/>\n\t<meta property=\"og:image:height\" content=\"554\" \/>\n\t<meta property=\"og:image:type\" content=\"image\/jpeg\" \/>\n<meta name=\"author\" content=\"lesadmin\" \/>\n<meta name=\"twitter:card\" content=\"summary_large_image\" \/>\n<meta name=\"twitter:creator\" content=\"@LesElfesCamps\" \/>\n<meta name=\"twitter:site\" content=\"@LesElfesCamps\" \/>\n<meta name=\"twitter:label1\" content=\"\u00c9crit par\" \/>\n\t<meta name=\"twitter:data1\" content=\"lesadmin\" \/>\n\t<meta name=\"twitter:label2\" content=\"Dur\u00e9e de lecture estim\u00e9e\" \/>\n\t<meta name=\"twitter:data2\" content=\"5 minutes\" \/>\n<script type=\"application\/ld+json\" class=\"yoast-schema-graph\">{\"@context\":\"https:\/\/schema.org\",\"@graph\":[{\"@type\":\"Article\",\"@id\":\"https:\/\/www.leselfes.com\/fr\/preparation-des-colonies-de-vacances-le-guide-ultime-pour-les-parents\/#article\",\"isPartOf\":{\"@id\":\"https:\/\/www.leselfes.com\/fr\/preparation-des-colonies-de-vacances-le-guide-ultime-pour-les-parents\/\"},\"author\":{\"name\":\"lesadmin\",\"@id\":\"https:\/\/dev.leselfes.com\/#\/schema\/person\/407a229698868b8c603874b19f37f289\"},\"headline\":\"Pr\u00e9paration des colonies de vacances : le guide ultime pour les parents\",\"datePublished\":\"2021-07-30T15:24:27+00:00\",\"dateModified\":\"2025-01-07T09:06:52+00:00\",\"mainEntityOfPage\":{\"@id\":\"https:\/\/www.leselfes.com\/fr\/preparation-des-colonies-de-vacances-le-guide-ultime-pour-les-parents\/\"},\"wordCount\":899,\"publisher\":{\"@id\":\"https:\/\/dev.leselfes.com\/#organization\"},\"image\":{\"@id\":\"https:\/\/www.leselfes.com\/fr\/preparation-des-colonies-de-vacances-le-guide-ultime-pour-les-parents\/#primaryimage\"},\"thumbnailUrl\":\"https:\/\/www.leselfes.com\/wp-content\/uploads\/2021\/07\/Summer-Camp-Prep-1-1.jpg\",\"articleSection\":[\"Articles\",\"Camp d'\u00e9t\u00e9\"],\"inLanguage\":\"fr-FR\"},{\"@type\":\"WebPage\",\"@id\":\"https:\/\/www.leselfes.com\/fr\/preparation-des-colonies-de-vacances-le-guide-ultime-pour-les-parents\/\",\"url\":\"https:\/\/www.leselfes.com\/fr\/preparation-des-colonies-de-vacances-le-guide-ultime-pour-les-parents\/\",\"name\":\"Pr\u00e9paration des colonies de vacances : le guide ultime pour les parents - Les Elfes International Camps Switzerland\",\"isPartOf\":{\"@id\":\"https:\/\/dev.leselfes.com\/#website\"},\"primaryImageOfPage\":{\"@id\":\"https:\/\/www.leselfes.com\/fr\/preparation-des-colonies-de-vacances-le-guide-ultime-pour-les-parents\/#primaryimage\"},\"image\":{\"@id\":\"https:\/\/www.leselfes.com\/fr\/preparation-des-colonies-de-vacances-le-guide-ultime-pour-les-parents\/#primaryimage\"},\"thumbnailUrl\":\"https:\/\/www.leselfes.com\/wp-content\/uploads\/2021\/07\/Summer-Camp-Prep-1-1.jpg\",\"datePublished\":\"2021-07-30T15:24:27+00:00\",\"dateModified\":\"2025-01-07T09:06:52+00:00\",\"breadcrumb\":{\"@id\":\"https:\/\/www.leselfes.com\/fr\/preparation-des-colonies-de-vacances-le-guide-ultime-pour-les-parents\/#breadcrumb\"},\"inLanguage\":\"fr-FR\",\"potentialAction\":[{\"@type\":\"ReadAction\",\"target\":[\"https:\/\/www.leselfes.com\/fr\/preparation-des-colonies-de-vacances-le-guide-ultime-pour-les-parents\/\"]}]},{\"@type\":\"ImageObject\",\"inLanguage\":\"fr-FR\",\"@id\":\"https:\/\/www.leselfes.com\/fr\/preparation-des-colonies-de-vacances-le-guide-ultime-pour-les-parents\/#primaryimage\",\"url\":\"https:\/\/www.leselfes.com\/wp-content\/uploads\/2021\/07\/Summer-Camp-Prep-1-1.jpg\",\"contentUrl\":\"https:\/\/www.leselfes.com\/wp-content\/uploads\/2021\/07\/Summer-Camp-Prep-1-1.jpg\",\"width\":800,\"height\":554},{\"@type\":\"BreadcrumbList\",\"@id\":\"https:\/\/www.leselfes.com\/fr\/preparation-des-colonies-de-vacances-le-guide-ultime-pour-les-parents\/#breadcrumb\",\"itemListElement\":[{\"@type\":\"ListItem\",\"position\":1,\"name\":\"Home\",\"item\":\"https:\/\/www.leselfes.com\/fr\/\"},{\"@type\":\"ListItem\",\"position\":2,\"name\":\"Pr\u00e9paration des colonies de vacances : le guide ultime pour les parents\"}]},{\"@type\":\"WebSite\",\"@id\":\"https:\/\/dev.leselfes.com\/#website\",\"url\":\"https:\/\/dev.leselfes.com\/\",\"name\":\"Les Elfes International\",\"description\":\"Les Elfes International, Verbier Switzerland. Summer Camp, Winter Camp, Spring Camps.\",\"publisher\":{\"@id\":\"https:\/\/dev.leselfes.com\/#organization\"},\"alternateName\":\"Les Elfes International\",\"potentialAction\":[{\"@type\":\"SearchAction\",\"target\":{\"@type\":\"EntryPoint\",\"urlTemplate\":\"https:\/\/dev.leselfes.com\/?s={search_term_string}\"},\"query-input\":{\"@type\":\"PropertyValueSpecification\",\"valueRequired\":true,\"valueName\":\"search_term_string\"}}],\"inLanguage\":\"fr-FR\"},{\"@type\":\"Organization\",\"@id\":\"https:\/\/dev.leselfes.com\/#organization\",\"name\":\"Les Elfes International\",\"alternateName\":\"Les Elfes International\",\"url\":\"https:\/\/dev.leselfes.com\/\",\"logo\":{\"@type\":\"ImageObject\",\"inLanguage\":\"fr-FR\",\"@id\":\"https:\/\/dev.leselfes.com\/#\/schema\/logo\/image\/\",\"url\":\"https:\/\/www.leselfes.com\/wp-content\/uploads\/2022\/03\/leselfes-logo.png\",\"contentUrl\":\"https:\/\/www.leselfes.com\/wp-content\/uploads\/2022\/03\/leselfes-logo.png\",\"width\":233,\"height\":51,\"caption\":\"Les Elfes International\"},\"image\":{\"@id\":\"https:\/\/dev.leselfes.com\/#\/schema\/logo\/image\/\"},\"sameAs\":[\"https:\/\/www.facebook.com\/LesElfesVerbier\",\"https:\/\/x.com\/LesElfesCamps\",\"https:\/\/www.instagram.com\/leselfes\",\"https:\/\/www.linkedin.com\/company\/les-elfes-international\",\"https:\/\/www.youtube.com\/user\/LesElfesVerbier\"]},{\"@type\":\"Person\",\"@id\":\"https:\/\/dev.leselfes.com\/#\/schema\/person\/407a229698868b8c603874b19f37f289\",\"name\":\"lesadmin\",\"image\":{\"@type\":\"ImageObject\",\"inLanguage\":\"fr-FR\",\"@id\":\"https:\/\/dev.leselfes.com\/#\/schema\/person\/image\/\",\"url\":\"https:\/\/secure.gravatar.com\/avatar\/fdb243a028df450397b3632d862f87f6?s=96&d=mm&r=g\",\"contentUrl\":\"https:\/\/secure.gravatar.com\/avatar\/fdb243a028df450397b3632d862f87f6?s=96&d=mm&r=g\",\"caption\":\"lesadmin\"},\"url\":\"https:\/\/www.leselfes.com\/fr\/author\/lesadmin\/\"}]}<\/script>\n<!-- \/ Yoast SEO Premium plugin. -->","yoast_head_json":{"title":"Pr\u00e9paration des colonies de vacances : le guide ultime pour les parents - Les Elfes International Camps Switzerland","robots":{"index":"index","follow":"follow","max-snippet":"max-snippet:-1","max-image-preview":"max-image-preview:large","max-video-preview":"max-video-preview:-1"},"canonical":"https:\/\/www.leselfes.com\/fr\/preparation-des-colonies-de-vacances-le-guide-ultime-pour-les-parents\/","og_locale":"fr_FR","og_type":"article","og_title":"Pr\u00e9paration des colonies de vacances : le guide ultime pour les parents","og_description":"L&rsquo;\u00e9t\u00e9 est \u00e0 nos portes et de nombreux enfants vont se lancer dans une nouvelle aventure, en partant pour la premi\u00e8re fois en colonie de vacances. \u00c0 bien des \u00e9gards,...","og_url":"https:\/\/www.leselfes.com\/fr\/preparation-des-colonies-de-vacances-le-guide-ultime-pour-les-parents\/","og_site_name":"Les Elfes International Camps Switzerland","article_publisher":"https:\/\/www.facebook.com\/LesElfesVerbier","article_published_time":"2021-07-30T15:24:27+00:00","article_modified_time":"2025-01-07T09:06:52+00:00","og_image":[{"width":800,"height":554,"url":"https:\/\/dev.leselfes.com\/wp-content\/uploads\/2021\/07\/Summer-Camp-Prep-1-1.jpg","type":"image\/jpeg"}],"author":"lesadmin","twitter_card":"summary_large_image","twitter_creator":"@LesElfesCamps","twitter_site":"@LesElfesCamps","twitter_misc":{"\u00c9crit par":"lesadmin","Dur\u00e9e de lecture estim\u00e9e":"5 minutes"},"schema":{"@context":"https:\/\/schema.org","@graph":[{"@type":"Article","@id":"https:\/\/www.leselfes.com\/fr\/preparation-des-colonies-de-vacances-le-guide-ultime-pour-les-parents\/#article","isPartOf":{"@id":"https:\/\/www.leselfes.com\/fr\/preparation-des-colonies-de-vacances-le-guide-ultime-pour-les-parents\/"},"author":{"name":"lesadmin","@id":"https:\/\/dev.leselfes.com\/#\/schema\/person\/407a229698868b8c603874b19f37f289"},"headline":"Pr\u00e9paration des colonies de vacances : le guide ultime pour les parents","datePublished":"2021-07-30T15:24:27+00:00","dateModified":"2025-01-07T09:06:52+00:00","mainEntityOfPage":{"@id":"https:\/\/www.leselfes.com\/fr\/preparation-des-colonies-de-vacances-le-guide-ultime-pour-les-parents\/"},"wordCount":899,"publisher":{"@id":"https:\/\/dev.leselfes.com\/#organization"},"image":{"@id":"https:\/\/www.leselfes.com\/fr\/preparation-des-colonies-de-vacances-le-guide-ultime-pour-les-parents\/#primaryimage"},"thumbnailUrl":"https:\/\/www.leselfes.com\/wp-content\/uploads\/2021\/07\/Summer-Camp-Prep-1-1.jpg","articleSection":["Articles","Camp d'\u00e9t\u00e9"],"inLanguage":"fr-FR"},{"@type":"WebPage","@id":"https:\/\/www.leselfes.com\/fr\/preparation-des-colonies-de-vacances-le-guide-ultime-pour-les-parents\/","url":"https:\/\/www.leselfes.com\/fr\/preparation-des-colonies-de-vacances-le-guide-ultime-pour-les-parents\/","name":"Pr\u00e9paration des colonies de vacances : le guide ultime pour les parents - Les Elfes International Camps Switzerland","isPartOf":{"@id":"https:\/\/dev.leselfes.com\/#website"},"primaryImageOfPage":{"@id":"https:\/\/www.leselfes.com\/fr\/preparation-des-colonies-de-vacances-le-guide-ultime-pour-les-parents\/#primaryimage"},"image":{"@id":"https:\/\/www.leselfes.com\/fr\/preparation-des-colonies-de-vacances-le-guide-ultime-pour-les-parents\/#primaryimage"},"thumbnailUrl":"https:\/\/www.leselfes.com\/wp-content\/uploads\/2021\/07\/Summer-Camp-Prep-1-1.jpg","datePublished":"2021-07-30T15:24:27+00:00","dateModified":"2025-01-07T09:06:52+00:00","breadcrumb":{"@id":"https:\/\/www.leselfes.com\/fr\/preparation-des-colonies-de-vacances-le-guide-ultime-pour-les-parents\/#breadcrumb"},"inLanguage":"fr-FR","potentialAction":[{"@type":"ReadAction","target":["https:\/\/www.leselfes.com\/fr\/preparation-des-colonies-de-vacances-le-guide-ultime-pour-les-parents\/"]}]},{"@type":"ImageObject","inLanguage":"fr-FR","@id":"https:\/\/www.leselfes.com\/fr\/preparation-des-colonies-de-vacances-le-guide-ultime-pour-les-parents\/#primaryimage","url":"https:\/\/www.leselfes.com\/wp-content\/uploads\/2021\/07\/Summer-Camp-Prep-1-1.jpg","contentUrl":"https:\/\/www.leselfes.com\/wp-content\/uploads\/2021\/07\/Summer-Camp-Prep-1-1.jpg","width":800,"height":554},{"@type":"BreadcrumbList","@id":"https:\/\/www.leselfes.com\/fr\/preparation-des-colonies-de-vacances-le-guide-ultime-pour-les-parents\/#breadcrumb","itemListElement":[{"@type":"ListItem","position":1,"name":"Home","item":"https:\/\/www.leselfes.com\/fr\/"},{"@type":"ListItem","position":2,"name":"Pr\u00e9paration des colonies de vacances : le guide ultime pour les parents"}]},{"@type":"WebSite","@id":"https:\/\/dev.leselfes.com\/#website","url":"https:\/\/dev.leselfes.com\/","name":"Les Elfes International","description":"Les Elfes International, Verbier Switzerland. Summer Camp, Winter Camp, Spring Camps.","publisher":{"@id":"https:\/\/dev.leselfes.com\/#organization"},"alternateName":"Les Elfes International","potentialAction":[{"@type":"SearchAction","target":{"@type":"EntryPoint","urlTemplate":"https:\/\/dev.leselfes.com\/?s={search_term_string}"},"query-input":{"@type":"PropertyValueSpecification","valueRequired":true,"valueName":"search_term_string"}}],"inLanguage":"fr-FR"},{"@type":"Organization","@id":"https:\/\/dev.leselfes.com\/#organization","name":"Les Elfes International","alternateName":"Les Elfes International","url":"https:\/\/dev.leselfes.com\/","logo":{"@type":"ImageObject","inLanguage":"fr-FR","@id":"https:\/\/dev.leselfes.com\/#\/schema\/logo\/image\/","url":"https:\/\/www.leselfes.com\/wp-content\/uploads\/2022\/03\/leselfes-logo.png","contentUrl":"https:\/\/www.leselfes.com\/wp-content\/uploads\/2022\/03\/leselfes-logo.png","width":233,"height":51,"caption":"Les Elfes International"},"image":{"@id":"https:\/\/dev.leselfes.com\/#\/schema\/logo\/image\/"},"sameAs":["https:\/\/www.facebook.com\/LesElfesVerbier","https:\/\/x.com\/LesElfesCamps","https:\/\/www.instagram.com\/leselfes","https:\/\/www.linkedin.com\/company\/les-elfes-international","https:\/\/www.youtube.com\/user\/LesElfesVerbier"]},{"@type":"Person","@id":"https:\/\/dev.leselfes.com\/#\/schema\/person\/407a229698868b8c603874b19f37f289","name":"lesadmin","image":{"@type":"ImageObject","inLanguage":"fr-FR","@id":"https:\/\/dev.leselfes.com\/#\/schema\/person\/image\/","url":"https:\/\/secure.gravatar.com\/avatar\/fdb243a028df450397b3632d862f87f6?s=96&d=mm&r=g","contentUrl":"https:\/\/secure.gravatar.com\/avatar\/fdb243a028df450397b3632d862f87f6?s=96&d=mm&r=g","caption":"lesadmin"},"url":"https:\/\/www.leselfes.com\/fr\/author\/lesadmin\/"}]}},"_links":{"self":[{"href":"https:\/\/www.leselfes.com\/fr\/wp-json\/wp\/v2\/posts\/95660"}],"collection":[{"href":"https:\/\/www.leselfes.com\/fr\/wp-json\/wp\/v2\/posts"}],"about":[{"href":"https:\/\/www.leselfes.com\/fr\/wp-json\/wp\/v2\/types\/post"}],"author":[{"embeddable":true,"href":"https:\/\/www.leselfes.com\/fr\/wp-json\/wp\/v2\/users\/1"}],"replies":[{"embeddable":true,"href":"https:\/\/www.leselfes.com\/fr\/wp-json\/wp\/v2\/comments?post=95660"}],"version-history":[{"count":0,"href":"https:\/\/www.leselfes.com\/fr\/wp-json\/wp\/v2\/posts\/95660\/revisions"}],"wp:featuredmedia":[{"embeddable":true,"href":"https:\/\/www.leselfes.com\/fr\/wp-json\/wp\/v2\/media\/77386"}],"wp:attachment":[{"href":"https:\/\/www.leselfes.com\/fr\/wp-json\/wp\/v2\/media?parent=95660"}],"wp:term":[{"taxonomy":"category","embeddable":true,"href":"https:\/\/www.leselfes.com\/fr\/wp-json\/wp\/v2\/categories?post=95660"},{"taxonomy":"post_tag","embeddable":true,"href":"https:\/\/www.leselfes.com\/fr\/wp-json\/wp\/v2\/tags?post=95660"}],"curies":[{"name":"wp","href":"https:\/\/api.w.org\/{rel}","templated":true}]}}