{"id":95677,"date":"2021-07-25T15:59:11","date_gmt":"2021-07-25T13:59:11","guid":{"rendered":"https:\/\/www.leselfes.com\/les-colonies-de-vacances-pendant-la-pandemie-sont-elles-sans-danger-pour-les-enfants\/"},"modified":"2025-01-07T10:06:47","modified_gmt":"2025-01-07T09:06:47","slug":"les-colonies-de-vacances-pendant-la-pandemie-sont-elles-sans-danger-pour-les-enfants","status":"publish","type":"post","link":"https:\/\/www.leselfes.com\/fr\/les-colonies-de-vacances-pendant-la-pandemie-sont-elles-sans-danger-pour-les-enfants\/","title":{"rendered":"Les colonies de vacances pendant la pand\u00e9mie sont-elles sans danger pour les enfants ?"},"content":{"rendered":"<p style=\"text-align: left;\">L&rsquo;ann\u00e9e derni\u00e8re, au d\u00e9but de la pand\u00e9mie, <b>envoyer les enfants en colonie de vacances<\/b> semblait \u00eatre une t\u00e2che ardue.<br \/>\nAujourd&rsquo;hui, les enfants ont bon espoir de partir en colonie, surtout depuis l&rsquo;invention du vaccin Covid-19. <\/p>\n<p><!-- \/wp:paragraph --><!-- wp:paragraph --><\/p>\n<p>Vous vous demandez si vous devez ou non envoyer votre enfant dans une colonie de vacances ? Cet article vous aidera \u00e0 prendre une d\u00e9cision \u00e9clair\u00e9e. Vous y trouverez des informations d\u00e9taill\u00e9es sur la <b>s\u00e9curit\u00e9 des colonies de vacances en p\u00e9riode de pand\u00e9mie.<\/b><br \/>\n<div id=\"ez-toc-container\" class=\"ez-toc-v2_0_73 ez-toc-wrap-left counter-hierarchy ez-toc-counter ez-toc-grey ez-toc-container-direction\">\n<div class=\"ez-toc-title-container\">\n<span class=\"ez-toc-title ez-toc-toggle\" style=\"cursor:pointer\">Table of Contents<\/span>\n<span class=\"ez-toc-title-toggle\"><a href=\"#\" class=\"ez-toc-pull-right ez-toc-btn ez-toc-btn-xs ez-toc-btn-default ez-toc-toggle\" aria-label=\"Toggle Table of Content\"><span class=\"ez-toc-js-icon-con\"><span class=\"\"><span class=\"eztoc-hide\" style=\"display:none;\">Toggle<\/span><span class=\"ez-toc-icon-toggle-span\"><svg style=\"fill: #999;color:#999\" xmlns=\"http:\/\/www.w3.org\/2000\/svg\" class=\"list-377408\" width=\"20px\" height=\"20px\" viewBox=\"0 0 24 24\" fill=\"none\"><path d=\"M6 6H4v2h2V6zm14 0H8v2h12V6zM4 11h2v2H4v-2zm16 0H8v2h12v-2zM4 16h2v2H4v-2zm16 0H8v2h12v-2z\" fill=\"currentColor\"><\/path><\/svg><svg style=\"fill: #999;color:#999\" class=\"arrow-unsorted-368013\" xmlns=\"http:\/\/www.w3.org\/2000\/svg\" width=\"10px\" height=\"10px\" viewBox=\"0 0 24 24\" version=\"1.2\" baseProfile=\"tiny\"><path d=\"M18.2 9.3l-6.2-6.3-6.2 6.3c-.2.2-.3.4-.3.7s.1.5.3.7c.2.2.4.3.7.3h11c.3 0 .5-.1.7-.3.2-.2.3-.5.3-.7s-.1-.5-.3-.7zM5.8 14.7l6.2 6.3 6.2-6.3c.2-.2.3-.5.3-.7s-.1-.5-.3-.7c-.2-.2-.4-.3-.7-.3h-11c-.3 0-.5.1-.7.3-.2.2-.3.5-.3.7s.1.5.3.7z\"\/><\/svg><\/span><\/span><\/span><\/a><\/span><\/div>\n<nav><ul class='ez-toc-list ez-toc-list-level-1 eztoc-toggle-hide-by-default' ><li class='ez-toc-page-1 ez-toc-heading-level-2'><a class=\"ez-toc-link ez-toc-heading-1\" href=\"https:\/\/www.leselfes.com\/fr\/les-colonies-de-vacances-pendant-la-pandemie-sont-elles-sans-danger-pour-les-enfants\/#Des_lignes_directrices_sont_en_place_pour_garantir_la_securite_dans_les_camps_dete_pendant_le_Covid\" title=\"Des lignes directrices sont en place pour garantir la s\u00e9curit\u00e9 dans les camps d&rsquo;\u00e9t\u00e9 pendant le Covid\">Des lignes directrices sont en place pour garantir la s\u00e9curit\u00e9 dans les camps d&rsquo;\u00e9t\u00e9 pendant le Covid<\/a><ul class='ez-toc-list-level-3' ><li class='ez-toc-heading-level-3'><a class=\"ez-toc-link ez-toc-heading-2\" href=\"https:\/\/www.leselfes.com\/fr\/les-colonies-de-vacances-pendant-la-pandemie-sont-elles-sans-danger-pour-les-enfants\/#%E2%80%93_Porter_correctement_les_masques\" title=\"&#8211;&nbsp;&nbsp;&nbsp;&nbsp; &nbsp;&nbsp; Porter correctement les masques\">&#8211;&nbsp;&nbsp;&nbsp;&nbsp; &nbsp;&nbsp; Porter correctement les masques<\/a><\/li><li class='ez-toc-page-1 ez-toc-heading-level-3'><a class=\"ez-toc-link ez-toc-heading-3\" href=\"https:\/\/www.leselfes.com\/fr\/les-colonies-de-vacances-pendant-la-pandemie-sont-elles-sans-danger-pour-les-enfants\/#%E2%80%93_Focus_sur_les_activites_de_plein_air\" title=\"&#8211;&nbsp;&nbsp;&nbsp;&nbsp; &nbsp;&nbsp; &nbsp; Focus sur les activit\u00e9s de plein air\">&#8211;&nbsp;&nbsp;&nbsp;&nbsp; &nbsp;&nbsp; &nbsp; Focus sur les activit\u00e9s de plein air<\/a><\/li><li class='ez-toc-page-1 ez-toc-heading-level-3'><a class=\"ez-toc-link ez-toc-heading-4\" href=\"https:\/\/www.leselfes.com\/fr\/les-colonies-de-vacances-pendant-la-pandemie-sont-elles-sans-danger-pour-les-enfants\/#%E2%80%93_Maintien_de_la_distance_physique\" title=\"&#8211;&nbsp;&nbsp;&nbsp;&nbsp; &nbsp;&nbsp; &nbsp; Maintien de la distance physique\">&#8211;&nbsp;&nbsp;&nbsp;&nbsp; &nbsp;&nbsp; &nbsp; Maintien de la distance physique<\/a><\/li><li class='ez-toc-page-1 ez-toc-heading-level-3'><a class=\"ez-toc-link ez-toc-heading-5\" href=\"https:\/\/www.leselfes.com\/fr\/les-colonies-de-vacances-pendant-la-pandemie-sont-elles-sans-danger-pour-les-enfants\/#%E2%80%93_Adoption_de_pratiques_dessai_et_de_controle\" title=\"&#8211;&nbsp;&nbsp;&nbsp;&nbsp; &nbsp;&nbsp; Adoption de pratiques d&rsquo;essai et de contr\u00f4le\">&#8211;&nbsp;&nbsp;&nbsp;&nbsp; &nbsp;&nbsp; Adoption de pratiques d&rsquo;essai et de contr\u00f4le<\/a><\/li><li class='ez-toc-page-1 ez-toc-heading-level-3'><a class=\"ez-toc-link ez-toc-heading-6\" href=\"https:\/\/www.leselfes.com\/fr\/les-colonies-de-vacances-pendant-la-pandemie-sont-elles-sans-danger-pour-les-enfants\/#%E2%80%93_Hygiene_des_mains_amelioree\" title=\"&#8211;&nbsp;&nbsp;&nbsp;&nbsp; &nbsp;&nbsp; &nbsp; Hygi\u00e8ne des mains am\u00e9lior\u00e9e\">&#8211;&nbsp;&nbsp;&nbsp;&nbsp; &nbsp;&nbsp; &nbsp; Hygi\u00e8ne des mains am\u00e9lior\u00e9e<\/a><\/li><li class='ez-toc-page-1 ez-toc-heading-level-3'><a class=\"ez-toc-link ez-toc-heading-7\" href=\"https:\/\/www.leselfes.com\/fr\/les-colonies-de-vacances-pendant-la-pandemie-sont-elles-sans-danger-pour-les-enfants\/#%E2%80%93_Pratiques_rigoureuses_de_nettoyage_de_desinfection_et_dentretien_des_installations\" title=\"&#8211;&nbsp;&nbsp;&nbsp;&nbsp; &nbsp;&nbsp; Pratiques rigoureuses de nettoyage, de d\u00e9sinfection et d&rsquo;entretien des installations\">&#8211;&nbsp;&nbsp;&nbsp;&nbsp; &nbsp;&nbsp; Pratiques rigoureuses de nettoyage, de d\u00e9sinfection et d&rsquo;entretien des installations<\/a><\/li><li class='ez-toc-page-1 ez-toc-heading-level-3'><a class=\"ez-toc-link ez-toc-heading-8\" href=\"https:\/\/www.leselfes.com\/fr\/les-colonies-de-vacances-pendant-la-pandemie-sont-elles-sans-danger-pour-les-enfants\/#Directives_supplementaires_pour_les_campeurs_participant_a_des_camps_de_nuit\" title=\"Directives suppl\u00e9mentaires pour les campeurs participant \u00e0 des camps de nuit\">Directives suppl\u00e9mentaires pour les campeurs participant \u00e0 des camps de nuit<\/a><\/li><li class='ez-toc-page-1 ez-toc-heading-level-3'><a class=\"ez-toc-link ez-toc-heading-9\" href=\"https:\/\/www.leselfes.com\/fr\/les-colonies-de-vacances-pendant-la-pandemie-sont-elles-sans-danger-pour-les-enfants\/#%E2%80%93_Adoptez_un_plan_durgence_pour_faire_face_a_une_maladie_urgente\" title=\"&#8211;&nbsp;&nbsp;&nbsp;&nbsp; &nbsp;&nbsp; &nbsp; Adoptez un plan d&rsquo;urgence pour faire face \u00e0 une maladie urgente\">&#8211;&nbsp;&nbsp;&nbsp;&nbsp; &nbsp;&nbsp; &nbsp; Adoptez un plan d&rsquo;urgence pour faire face \u00e0 une maladie urgente<\/a><\/li><li class='ez-toc-page-1 ez-toc-heading-level-3'><a class=\"ez-toc-link ez-toc-heading-10\" href=\"https:\/\/www.leselfes.com\/fr\/les-colonies-de-vacances-pendant-la-pandemie-sont-elles-sans-danger-pour-les-enfants\/#%E2%80%93_Recherche_de_contacts\" title=\"&#8211;&nbsp;&nbsp;&nbsp;&nbsp; &nbsp;&nbsp; Recherche de contacts\">&#8211;&nbsp;&nbsp;&nbsp;&nbsp; &nbsp;&nbsp; Recherche de contacts<\/a><\/li><\/ul><\/li><li class='ez-toc-page-1 ez-toc-heading-level-2'><a class=\"ez-toc-link ez-toc-heading-11\" href=\"https:\/\/www.leselfes.com\/fr\/les-colonies-de-vacances-pendant-la-pandemie-sont-elles-sans-danger-pour-les-enfants\/#Envoyer_votre_enfant_en_colonie_de_vacances_pendant_la_pandemie_est-il_risque\" title=\"Envoyer votre enfant en colonie de vacances pendant la pand\u00e9mie est-il risqu\u00e9 ?\">Envoyer votre enfant en colonie de vacances pendant la pand\u00e9mie est-il risqu\u00e9 ?<\/a><ul class='ez-toc-list-level-3' ><li class='ez-toc-heading-level-3'><a class=\"ez-toc-link ez-toc-heading-12\" href=\"https:\/\/www.leselfes.com\/fr\/les-colonies-de-vacances-pendant-la-pandemie-sont-elles-sans-danger-pour-les-enfants\/#%E2%80%93_Comprendre_les_limites_imposees_aux_foules\" title=\"&#8211;&nbsp;&nbsp;&nbsp;&nbsp; &nbsp;&nbsp; &nbsp; Comprendre les limites impos\u00e9es aux foules\">&#8211;&nbsp;&nbsp;&nbsp;&nbsp; &nbsp;&nbsp; &nbsp; Comprendre les limites impos\u00e9es aux foules<\/a><\/li><li class='ez-toc-page-1 ez-toc-heading-level-3'><a class=\"ez-toc-link ez-toc-heading-13\" href=\"https:\/\/www.leselfes.com\/fr\/les-colonies-de-vacances-pendant-la-pandemie-sont-elles-sans-danger-pour-les-enfants\/#%E2%80%93_Determiner_les_cas_de_coronavirus_dans_la_region\" title=\"&#8211;&nbsp;&nbsp;&nbsp;&nbsp; &nbsp;&nbsp; D\u00e9terminer les cas de coronavirus dans la r\u00e9gion\">&#8211;&nbsp;&nbsp;&nbsp;&nbsp; &nbsp;&nbsp; D\u00e9terminer les cas de coronavirus dans la r\u00e9gion<\/a><\/li><li class='ez-toc-page-1 ez-toc-heading-level-3'><a class=\"ez-toc-link ez-toc-heading-14\" href=\"https:\/\/www.leselfes.com\/fr\/les-colonies-de-vacances-pendant-la-pandemie-sont-elles-sans-danger-pour-les-enfants\/#%E2%80%93_Posez_des_questions_en_mettant_laccent_sur_la_securite\" title=\"&#8211;&nbsp; &nbsp; Posez des questions en mettant l&rsquo;accent sur la s\u00e9curit\u00e9\">&#8211;&nbsp; &nbsp; Posez des questions en mettant l&rsquo;accent sur la s\u00e9curit\u00e9<\/a><\/li><li class='ez-toc-page-1 ez-toc-heading-level-3'><a class=\"ez-toc-link ez-toc-heading-15\" href=\"https:\/\/www.leselfes.com\/fr\/les-colonies-de-vacances-pendant-la-pandemie-sont-elles-sans-danger-pour-les-enfants\/#Pratiques_de_surveillance_de_la_sante\" title=\"Pratiques de surveillance de la sant\u00e9\">Pratiques de surveillance de la sant\u00e9<\/a><\/li><\/ul><\/li><li class='ez-toc-page-1 ez-toc-heading-level-2'><a class=\"ez-toc-link ez-toc-heading-16\" href=\"https:\/\/www.leselfes.com\/fr\/les-colonies-de-vacances-pendant-la-pandemie-sont-elles-sans-danger-pour-les-enfants\/#Que_faut-il_attendre_des_colonies_de_vacances_en_periode_de_pandemie\" title=\"Que faut-il attendre des colonies de vacances en p\u00e9riode de pand\u00e9mie ?\">Que faut-il attendre des colonies de vacances en p\u00e9riode de pand\u00e9mie ?<\/a><ul class='ez-toc-list-level-3' ><li class='ez-toc-heading-level-3'><a class=\"ez-toc-link ez-toc-heading-17\" href=\"https:\/\/www.leselfes.com\/fr\/les-colonies-de-vacances-pendant-la-pandemie-sont-elles-sans-danger-pour-les-enfants\/#%E2%80%93_Quelles_mesures_le_camp_a-t-il_adoptees_pour_sassurer_que_les_campeurs_respectent_les_regles_de_securite_de_Covid-19\" title=\"&#8211;&nbsp;&nbsp;&nbsp;&nbsp; &nbsp;&nbsp; &nbsp; Quelles mesures le camp a-t-il adopt\u00e9es pour s&rsquo;assurer que les campeurs respectent les r\u00e8gles de s\u00e9curit\u00e9 de Covid-19 ?\">&#8211;&nbsp;&nbsp;&nbsp;&nbsp; &nbsp;&nbsp; &nbsp; Quelles mesures le camp a-t-il adopt\u00e9es pour s&rsquo;assurer que les campeurs respectent les r\u00e8gles de s\u00e9curit\u00e9 de Covid-19 ?<\/a><\/li><li class='ez-toc-page-1 ez-toc-heading-level-3'><a class=\"ez-toc-link ez-toc-heading-18\" href=\"https:\/\/www.leselfes.com\/fr\/les-colonies-de-vacances-pendant-la-pandemie-sont-elles-sans-danger-pour-les-enfants\/#%E2%80%93_La_plupart_des_activites_se_derouleront-elles_a_lexterieur_ou_a_linterieur\" title=\"&#8211;&nbsp;&nbsp;&nbsp;&nbsp; &nbsp;&nbsp; &nbsp; La plupart des activit\u00e9s se d\u00e9rouleront-elles \u00e0 l&rsquo;ext\u00e9rieur ou \u00e0 l&rsquo;int\u00e9rieur ?\">&#8211;&nbsp;&nbsp;&nbsp;&nbsp; &nbsp;&nbsp; &nbsp; La plupart des activit\u00e9s se d\u00e9rouleront-elles \u00e0 l&rsquo;ext\u00e9rieur ou \u00e0 l&rsquo;int\u00e9rieur ?<\/a><\/li><li class='ez-toc-page-1 ez-toc-heading-level-3'><a class=\"ez-toc-link ez-toc-heading-19\" href=\"https:\/\/www.leselfes.com\/fr\/les-colonies-de-vacances-pendant-la-pandemie-sont-elles-sans-danger-pour-les-enfants\/#%E2%80%93_Que_faire_si_un_campeur_ou_un_membre_du_personnel_tombe_malade\" title=\"&#8211;&nbsp;&nbsp;&nbsp;&nbsp; &nbsp;&nbsp; Que faire si un campeur ou un membre du personnel tombe malade ?\">&#8211;&nbsp;&nbsp;&nbsp;&nbsp; &nbsp;&nbsp; Que faire si un campeur ou un membre du personnel tombe malade ?<\/a><\/li><li class='ez-toc-page-1 ez-toc-heading-level-3'><a class=\"ez-toc-link ez-toc-heading-20\" href=\"https:\/\/www.leselfes.com\/fr\/les-colonies-de-vacances-pendant-la-pandemie-sont-elles-sans-danger-pour-les-enfants\/#%E2%80%93_Les_campeurs_qui_ont_besoin_de_soins_de_sante_specialises_beneficient-ils_dun_soutien_adapte\" title=\"&#8211;&nbsp;&nbsp;&nbsp;&nbsp; &nbsp;&nbsp; Les campeurs qui ont besoin de soins de sant\u00e9 sp\u00e9cialis\u00e9s b\u00e9n\u00e9ficient-ils d&rsquo;un soutien adapt\u00e9 ?\">&#8211;&nbsp;&nbsp;&nbsp;&nbsp; &nbsp;&nbsp; Les campeurs qui ont besoin de soins de sant\u00e9 sp\u00e9cialis\u00e9s b\u00e9n\u00e9ficient-ils d&rsquo;un soutien adapt\u00e9 ?<\/a><\/li><li class='ez-toc-page-1 ez-toc-heading-level-3'><a class=\"ez-toc-link ez-toc-heading-21\" href=\"https:\/\/www.leselfes.com\/fr\/les-colonies-de-vacances-pendant-la-pandemie-sont-elles-sans-danger-pour-les-enfants\/#%E2%80%93_Comment_fonctionne_lheure_des_repas_et_des_collations\" title=\"&#8211;&nbsp;&nbsp;&nbsp;&nbsp; &nbsp;&nbsp; Comment fonctionne l&rsquo;heure des repas et des collations ?\">&#8211;&nbsp;&nbsp;&nbsp;&nbsp; &nbsp;&nbsp; Comment fonctionne l&rsquo;heure des repas et des collations ?<\/a><\/li><\/ul><\/li><li class='ez-toc-page-1 ez-toc-heading-level-2'><a class=\"ez-toc-link ez-toc-heading-22\" href=\"https:\/\/www.leselfes.com\/fr\/les-colonies-de-vacances-pendant-la-pandemie-sont-elles-sans-danger-pour-les-enfants\/#Considerations_a_prendre_en_compte_avant_denvoyer_votre_enfant_en_colonie_de_vacances_des_aujourdhui\" title=\"Consid\u00e9rations \u00e0 prendre en compte avant d&rsquo;envoyer votre enfant en colonie de vacances d\u00e8s aujourd&rsquo;hui\">Consid\u00e9rations \u00e0 prendre en compte avant d&rsquo;envoyer votre enfant en colonie de vacances d\u00e8s aujourd&rsquo;hui<\/a><ul class='ez-toc-list-level-3' ><li class='ez-toc-heading-level-3'><a class=\"ez-toc-link ez-toc-heading-23\" href=\"https:\/\/www.leselfes.com\/fr\/les-colonies-de-vacances-pendant-la-pandemie-sont-elles-sans-danger-pour-les-enfants\/#%E2%80%93_Comprendre_les_protocoles_de_securite_adoptes_par_la_colonie_de_vacances_pour_proteger_les_campeurs_de_Covid-19\" title=\"&#8211;&nbsp;&nbsp;&nbsp;&nbsp; &nbsp;&nbsp; Comprendre les protocoles de s\u00e9curit\u00e9 adopt\u00e9s par la colonie de vacances pour prot\u00e9ger les campeurs de Covid-19\">&#8211;&nbsp;&nbsp;&nbsp;&nbsp; &nbsp;&nbsp; Comprendre les protocoles de s\u00e9curit\u00e9 adopt\u00e9s par la colonie de vacances pour prot\u00e9ger les campeurs de Covid-19<\/a><\/li><li class='ez-toc-page-1 ez-toc-heading-level-3'><a class=\"ez-toc-link ez-toc-heading-24\" href=\"https:\/\/www.leselfes.com\/fr\/les-colonies-de-vacances-pendant-la-pandemie-sont-elles-sans-danger-pour-les-enfants\/#%E2%80%93_Determinez_les_facteurs_de_risque_et_faites-vous_vacciner\" title=\"&#8211;&nbsp;&nbsp;&nbsp;&nbsp; &nbsp;&nbsp; D\u00e9terminez les facteurs de risque et faites-vous vacciner&nbsp;\">&#8211;&nbsp;&nbsp;&nbsp;&nbsp; &nbsp;&nbsp; D\u00e9terminez les facteurs de risque et faites-vous vacciner&nbsp;<\/a><\/li><li class='ez-toc-page-1 ez-toc-heading-level-3'><a class=\"ez-toc-link ez-toc-heading-25\" href=\"https:\/\/www.leselfes.com\/fr\/les-colonies-de-vacances-pendant-la-pandemie-sont-elles-sans-danger-pour-les-enfants\/#%E2%80%93_Decouvrez_en_quoi_les_activites_des_camps_pendant_la_pandemie_seront_differentes_de_celles_davant_la_pandemie\" title=\"&#8211;&nbsp; &nbsp; &nbsp; D\u00e9couvrez en quoi les activit\u00e9s des camps pendant la pand\u00e9mie seront diff\u00e9rentes de celles d&rsquo;avant la pand\u00e9mie.\">&#8211;&nbsp; &nbsp; &nbsp; D\u00e9couvrez en quoi les activit\u00e9s des camps pendant la pand\u00e9mie seront diff\u00e9rentes de celles d&rsquo;avant la pand\u00e9mie.<\/a><\/li><li class='ez-toc-page-1 ez-toc-heading-level-3'><a class=\"ez-toc-link ez-toc-heading-26\" href=\"https:\/\/www.leselfes.com\/fr\/les-colonies-de-vacances-pendant-la-pandemie-sont-elles-sans-danger-pour-les-enfants\/#%E2%80%93_Decouvrez_ce_qui_se_passera_si_votre_enfant_tombe_malade\" title=\"&#8211;&nbsp;&nbsp;&nbsp;&nbsp; &nbsp;&nbsp; D\u00e9couvrez ce qui se passera si votre enfant tombe malade.\">&#8211;&nbsp;&nbsp;&nbsp;&nbsp; &nbsp;&nbsp; D\u00e9couvrez ce qui se passera si votre enfant tombe malade.<\/a><\/li><li class='ez-toc-page-1 ez-toc-heading-level-3'><a class=\"ez-toc-link ez-toc-heading-27\" href=\"https:\/\/www.leselfes.com\/fr\/les-colonies-de-vacances-pendant-la-pandemie-sont-elles-sans-danger-pour-les-enfants\/#%E2%80%93_Determiner_le_reglement_des_camps_de_nuit\" title=\"&#8211;&nbsp;&nbsp;&nbsp;&nbsp; &nbsp;&nbsp; &nbsp; D\u00e9terminer le r\u00e8glement des camps de nuit\">&#8211;&nbsp;&nbsp;&nbsp;&nbsp; &nbsp;&nbsp; &nbsp; D\u00e9terminer le r\u00e8glement des camps de nuit<\/a><\/li><li class='ez-toc-page-1 ez-toc-heading-level-3'><a class=\"ez-toc-link ez-toc-heading-28\" href=\"https:\/\/www.leselfes.com\/fr\/les-colonies-de-vacances-pendant-la-pandemie-sont-elles-sans-danger-pour-les-enfants\/#Prendre_la_decision_finale\" title=\"Prendre la d\u00e9cision finale\">Prendre la d\u00e9cision finale<\/a><\/li><\/ul><\/li><li class='ez-toc-page-1 ez-toc-heading-level-2'><a class=\"ez-toc-link ez-toc-heading-29\" href=\"https:\/\/www.leselfes.com\/fr\/les-colonies-de-vacances-pendant-la-pandemie-sont-elles-sans-danger-pour-les-enfants\/#Enfin\" title=\"Enfin\">Enfin<\/a><\/li><\/ul><\/nav><\/div>\n\n<p style=\"text-align: center;\">Vous envisagez d&rsquo;inscrire votre enfant \u00e0 une colonie de vacances en 2021 ?<\/p>\n<p style=\"text-align: center;\">D\u00e9couvrez ce que Les Elfes ont \u00e0 vous offrir !<\/p>\n<p>\t\t\t<a href=\"https:\/\/www.leselfes.com\/fr\/?page_id=89039\" target=\"_blank\" role=\"button\" rel=\"noopener\"><br \/>\nCamp d&rsquo;\u00e9t\u00e9 Les Elfes<br \/>\n<\/a><\/p>\n<p><!-- wp:paragraph --><\/p>\n<p><!-- \/wp:paragraph --><!-- wp:heading --><\/p>\n<h2 style=\"text-align: left;\"><span class=\"ez-toc-section\" id=\"Des_lignes_directrices_sont_en_place_pour_garantir_la_securite_dans_les_camps_dete_pendant_le_Covid\"><\/span>Des lignes directrices sont en place pour garantir la s\u00e9curit\u00e9 dans les camps d&rsquo;\u00e9t\u00e9 pendant le Covid<span class=\"ez-toc-section-end\"><\/span><\/h2>\n<p style=\"text-align: left;\"><!-- \/wp:heading --><!-- wp:paragraph --><\/p>\n<p style=\"text-align: left;\">Ces consignes de s\u00e9curit\u00e9 s&rsquo;appliquent aussi bien aux camps de jour qu&rsquo;aux camps de nuit.<br \/>\nChaque \u00e9tablissement de camping doit respecter les protocoles de s\u00e9curit\u00e9 du CDC.<br \/>\nN&rsquo;oubliez pas que ces mesures de s\u00e9curit\u00e9 contribueront \u00e0 r\u00e9duire la propagation du Covid-19 parmi le personnel et les campeurs.<br \/>\nSelon l&rsquo;American camp association de G\u00e9orgie, tous les administrateurs de camps doivent s&rsquo;efforcer de r\u00e9duire les risques pour tous les participants.<br \/>\nCes lignes directrices sont les suivantes :    <\/p>\n<h3 style=\"text-align: left;\"><span class=\"ez-toc-section\" id=\"%E2%80%93_Porter_correctement_les_masques\"><\/span>&#8211;&nbsp;&nbsp;&nbsp;&nbsp; &nbsp;&nbsp; Porter correctement les masques<span class=\"ez-toc-section-end\"><\/span><\/h3>\n<p style=\"text-align: left;\"><!-- \/wp:heading --><!-- wp:paragraph --><\/p>\n<p style=\"text-align: left;\">Si les campeurs ou le personnel du camp ont \u00e9t\u00e9 enti\u00e8rement vaccin\u00e9s, ils n&rsquo;auront pas besoin de porter de masque pendant le <b>camp d&rsquo;\u00e9t\u00e9<\/b>.<br \/>\nToutefois, cela d\u00e9pend des lois de l&rsquo;\u00c9tat, f\u00e9d\u00e9rales, tribales, territoriales ou locales.<br \/>\nLes campeurs \u00e2g\u00e9s de plus de deux ans doivent toujours porter un masque \u00e0 l&rsquo;int\u00e9rieur et \u00e0 l&rsquo;ext\u00e9rieur, sauf s&rsquo;ils mangent ou se baignent.<br \/>\nTous les membres du personnel du camp, en particulier ceux qui animent les activit\u00e9s quotidiennes du camp, doivent porter un double masque.<br \/>\nCela r\u00e9duit le risque de propagation de Covid-19.    &nbsp;<\/p>\n<p style=\"text-align: left;\"><!-- \/wp:paragraph --><!-- wp:heading {\"level\":3} --><\/p>\n<h3 style=\"text-align: left;\"><span class=\"ez-toc-section\" id=\"%E2%80%93_Focus_sur_les_activites_de_plein_air\"><\/span>&#8211;&nbsp;&nbsp;&nbsp;&nbsp; &nbsp;&nbsp; &nbsp; Focus sur les activit\u00e9s de plein air<span class=\"ez-toc-section-end\"><\/span><\/h3>\n<p style=\"text-align: center;\"><a href=\"https:\/\/www.leselfes.com\/wp-content\/uploads\/2021\/07\/2-1024x769-2.jpg\"><img loading=\"lazy\" decoding=\"async\" src=\"https:\/\/www.leselfes.com\/wp-content\/uploads\/2021\/07\/2-1024x769-2.jpg\" alt=\"Les colonies de vacances pendant la pand\u00e9mie sont-elles sans danger pour les enfants ?\" width=\"800\" height=\"601\"><\/a><\/p>\n<p style=\"text-align: left;\">Le Covid-19 est une maladie respiratoire \u00e0 haut risque dont les chances de propagation augmentent lorsque les gens restent \u00e0 l&rsquo;int\u00e9rieur.<br \/>\nC&rsquo;est pourquoi les experts mondiaux de la sant\u00e9 et les professionnels de l&rsquo;American academy of pediatrics recommandent des activit\u00e9s en plein air pour r\u00e9duire le risque de Covid-19.<br \/>\nPasser du temps \u00e0 l&rsquo;ext\u00e9rieur permet aux campeurs de disposer de suffisamment d&rsquo;espace pour garantir une distance physique tout en cr\u00e9ant un environnement plus s\u00fbr pour les enfants.  &nbsp;<\/p>\n<p style=\"text-align: left;\"><!-- \/wp:heading --><!-- wp:image {\"id\":42393,\"sizeSlug\":\"large\",\"linkDestination\":\"none\"} --><\/p>\n<p style=\"text-align: left;\"><!-- \/wp:image --><!-- wp:paragraph --><\/p>\n<p style=\"text-align: left;\"><!-- \/wp:paragraph --><!-- wp:heading {\"level\":3} --><\/p>\n<h3 style=\"text-align: left;\"><span class=\"ez-toc-section\" id=\"%E2%80%93_Maintien_de_la_distance_physique\"><\/span>&#8211;&nbsp;&nbsp;&nbsp;&nbsp; &nbsp;&nbsp; &nbsp; Maintien de la distance physique<span class=\"ez-toc-section-end\"><\/span><\/h3>\n<p style=\"text-align: left;\"><!-- \/wp:heading --><!-- wp:paragraph --><\/p>\n<p style=\"text-align: left;\">Selon les responsables du CDC, les colonies de vacances devraient adopter le syst\u00e8me de \u00ab\u00a0cohorting\u00a0\u00bb.<br \/>\nLe personnel et les campeurs sont plac\u00e9s dans des classes de type \u00ab\u00a0pod\u00a0\u00bb et y restent dans la mesure du possible.<br \/>\nCe syst\u00e8me permet de r\u00e9duire les risques au sein des grands groupes.<br \/>\nEn outre, tous les membres des cohortes doivent maintenir une distance physique d&rsquo;un m\u00e8tre entre eux.   <\/p>\n<p style=\"text-align: left;\"><!-- \/wp:paragraph --><!-- wp:heading {\"level\":3} --><\/p>\n<h3 style=\"text-align: left;\"><span class=\"ez-toc-section\" id=\"%E2%80%93_Adoption_de_pratiques_dessai_et_de_controle\"><\/span>&#8211;&nbsp;&nbsp;&nbsp;&nbsp; &nbsp;&nbsp; Adoption de pratiques d&rsquo;essai et de contr\u00f4le<span class=\"ez-toc-section-end\"><\/span><\/h3>\n<p style=\"text-align: left;\"><!-- \/wp:heading --><!-- wp:paragraph --><\/p>\n<p style=\"text-align: left;\">Certains <b>centres de colonies de vacances<\/b> effectuent des tests et des examens de contr\u00f4le sur les membres du personnel et les campeurs.<br \/>\nCes \u00e9valuations comprennent des contr\u00f4les de temp\u00e9rature tous les matins.<br \/>\nLes responsables du CDC recommandent aux personnes qui ne sont pas encore vaccin\u00e9es de se soumettre r\u00e9guli\u00e8rement \u00e0 des tests Covid-19.  <\/p>\n<p style=\"text-align: left;\"><!-- \/wp:paragraph --><!-- wp:heading {\"level\":3} --><\/p>\n<h3 style=\"text-align: left;\"><span class=\"ez-toc-section\" id=\"%E2%80%93_Hygiene_des_mains_amelioree\"><\/span>&#8211;&nbsp;&nbsp;&nbsp;&nbsp; &nbsp;&nbsp; &nbsp; Hygi\u00e8ne des mains am\u00e9lior\u00e9e<span class=\"ez-toc-section-end\"><\/span><\/h3>\n<p style=\"text-align: left;\"><!-- \/wp:heading --><!-- wp:paragraph --><\/p>\n<p style=\"text-align: left;\">Les <b>organisateurs de colonies de vacances<\/b> doivent pr\u00e9voir plusieurs stations de lavage des mains avec du savon et de l&rsquo;eau courante.<br \/>\nLes campeurs et le personnel du camp doivent se laver les mains r\u00e9guli\u00e8rement, dans la mesure du possible.<br \/>\nEn outre, l&rsquo;utilisation de d\u00e9sinfectants pour les mains doit \u00eatre encourag\u00e9e lors des activit\u00e9s hors site.  &nbsp;<\/p>\n<p style=\"text-align: left;\"><!-- \/wp:paragraph --><!-- wp:heading {\"level\":3} --><\/p>\n<h3 style=\"text-align: left;\"><span class=\"ez-toc-section\" id=\"%E2%80%93_Pratiques_rigoureuses_de_nettoyage_de_desinfection_et_dentretien_des_installations\"><\/span>&#8211;&nbsp;&nbsp;&nbsp;&nbsp; &nbsp;&nbsp; Pratiques rigoureuses de nettoyage, de d\u00e9sinfection et d&rsquo;entretien des installations<span class=\"ez-toc-section-end\"><\/span><\/h3>\n<p style=\"text-align: left;\"><!-- \/wp:heading --><!-- wp:paragraph --><\/p>\n<p style=\"text-align: left;\">Toutes les pi\u00e8ces et surfaces communes, telles que le r\u00e9fectoire, les couchettes des cabines et les salles de jeux, doivent \u00eatre soigneusement d\u00e9sinfect\u00e9es et nettoy\u00e9es chaque jour.<br \/>\nLes installations doivent \u00eatre bien agenc\u00e9es pour permettre une ventilation suffisante et une distanciation sociale lorsque cela est possible. &nbsp;<\/p>\n<p style=\"text-align: left;\"><!-- \/wp:paragraph --><!-- wp:heading {\"level\":3} --><\/p>\n<h3 style=\"text-align: left;\"><span class=\"ez-toc-section\" id=\"Directives_supplementaires_pour_les_campeurs_participant_a_des_camps_de_nuit\"><\/span>Directives suppl\u00e9mentaires pour les campeurs participant \u00e0 des camps de nuit<span class=\"ez-toc-section-end\"><\/span><\/h3>\n<p style=\"text-align: left;\"><!-- \/wp:heading --><!-- wp:paragraph --><\/p>\n<p style=\"text-align: left;\">Les organisateurs du camp demandent aux participants de s&rsquo;isoler ou de se mettre en quarantaine pendant quatorze jours avant de partir en <strong>camp d&rsquo;\u00e9t\u00e9<\/strong>.<br \/>\nLes campeurs venant de l&rsquo;\u00e9tranger par train, avion ou bus doivent respecter les r\u00e9glementations locales en vigueur.<br \/>\nN&rsquo;oubliez pas que certains pays exigent des voyageurs qu&rsquo;ils passent des tests pr\u00e9ventifs suppl\u00e9mentaires Covid-19 et qu&rsquo;ils respectent l&rsquo;isolement, selon le New York Times.  &nbsp;<\/p>\n<p style=\"text-align: left;\"><!-- \/wp:paragraph --><!-- wp:heading {\"level\":3} --><\/p>\n<h3 style=\"text-align: left;\"><span class=\"ez-toc-section\" id=\"%E2%80%93_Adoptez_un_plan_durgence_pour_faire_face_a_une_maladie_urgente\"><\/span>&#8211;&nbsp;&nbsp;&nbsp;&nbsp; &nbsp;&nbsp; &nbsp; Adoptez un plan d&rsquo;urgence pour faire face \u00e0 une maladie urgente<span class=\"ez-toc-section-end\"><\/span><\/h3>\n<p style=\"text-align: left;\"><!-- \/wp:heading --><!-- wp:paragraph --><\/p>\n<p style=\"text-align: left;\">Certains campeurs peuvent utiliser des services de transport partag\u00e9s, ce qui peut les exposer au virus Covid-19.<br \/>\nPar cons\u00e9quent, les organisateurs et les superviseurs du camp doivent disposer d&rsquo;un plan de quarantaine pour faire face \u00e0 d&rsquo;\u00e9ventuelles situations d&rsquo;urgence. &nbsp;<\/p>\n<p style=\"text-align: left;\"><!-- \/wp:paragraph --><!-- wp:heading {\"level\":3} --><\/p>\n<h3 style=\"text-align: left;\"><span class=\"ez-toc-section\" id=\"%E2%80%93_Recherche_de_contacts\"><\/span>&#8211;&nbsp;&nbsp;&nbsp;&nbsp; &nbsp;&nbsp; Recherche de contacts<span class=\"ez-toc-section-end\"><\/span><\/h3>\n<p style=\"text-align: left;\"><!-- \/wp:heading --><!-- wp:paragraph --><\/p>\n<p style=\"text-align: left;\">En cas d&rsquo;infection par le virus Covid-19, les administrateurs du camp devront contacter les responsables locaux ou nationaux de la sant\u00e9 publique et collaborer avec eux pour faciliter les choses :&nbsp;<\/p>\n<p style=\"text-align: left;\"><!-- \/wp:paragraph --><!-- wp:list --><\/p>\n<ul style=\"text-align: left;\">\n<li>L&rsquo;isolement des personnes pr\u00e9sentant des sympt\u00f4mes li\u00e9s \u00e0 la Covid-19<\/li>\n<li>Test des personnes pr\u00e9sentant des sympt\u00f4mes li\u00e9s \u00e0 la Covid<\/li>\n<li>Mise en quarantaine de tous les contacts \u00e9troits des personnes pr\u00e9sentant des sympt\u00f4mes li\u00e9s au Covid<\/li>\n<li>Pr\u00e9venir les membres de la famille de tous les enfants participant au camp<\/li>\n<\/ul>\n<p style=\"text-align: left;\"><!-- \/wp:list --><!-- wp:paragraph --><\/p>\n<p style=\"text-align: left;\">N&rsquo;oubliez pas que les personnes enti\u00e8rement vaccin\u00e9es et ne pr\u00e9sentant aucun sympt\u00f4me li\u00e9 \u00e0 Covid n&rsquo;ont pas besoin d&rsquo;\u00eatre mises en quarantaine.<br \/>\nToutefois, cela d\u00e9pend des r\u00e9glementations locales, nationales ou f\u00e9d\u00e9rales. &nbsp;<\/p>\n<p style=\"text-align: left;\"><!-- \/wp:paragraph --><!-- wp:heading --><\/p>\n<h2 style=\"text-align: left;\"><span class=\"ez-toc-section\" id=\"Envoyer_votre_enfant_en_colonie_de_vacances_pendant_la_pandemie_est-il_risque\"><\/span>Envoyer votre enfant en colonie de vacances pendant la pand\u00e9mie est-il risqu\u00e9 ?<span class=\"ez-toc-section-end\"><\/span><\/h2>\n<p style=\"text-align: left;\"><!-- \/wp:heading --><!-- wp:paragraph --><\/p>\n<p style=\"text-align: left;\">La possibilit\u00e9 pour les campeurs de contracter le Covid-19 d\u00e9pend du niveau viral de la maladie infectieuse dans une r\u00e9gion donn\u00e9e.<br \/>\nTirez parti des conseils suivants pour d\u00e9terminer le niveau de risque de votre <strong>colonie de vacances<\/strong> pr\u00e9f\u00e9r\u00e9e avant le voyage. &nbsp;<\/p>\n<p style=\"text-align: left;\"><!-- \/wp:paragraph --><!-- wp:heading {\"level\":3} --><\/p>\n<h3 style=\"text-align: left;\"><span class=\"ez-toc-section\" id=\"%E2%80%93_Comprendre_les_limites_imposees_aux_foules\"><\/span>&#8211;&nbsp;&nbsp;&nbsp;&nbsp; &nbsp;&nbsp; &nbsp; Comprendre les limites impos\u00e9es aux foules<span class=\"ez-toc-section-end\"><\/span><\/h3>\n<p style=\"text-align: center;\"><a href=\"https:\/\/www.leselfes.com\/wp-content\/uploads\/2021\/07\/3-1024x769-1-1-e1626352926759.jpg\"><img loading=\"lazy\" decoding=\"async\" src=\"https:\/\/www.leselfes.com\/wp-content\/uploads\/2021\/07\/3-1024x769-1-1-e1626352926759.jpg\" alt=\"Mesures de s\u00e9curit\u00e9 dans les colonies de vacances pendant la pand\u00e9mie\" width=\"750\" height=\"563\"><\/a><\/p>\n<p style=\"text-align: left;\">Les CDC (Centers for Disease Control and Prevention) sont contre les grandes foules.<br \/>\nN&rsquo;oubliez pas que ces r\u00e9glementations peuvent varier d&rsquo;une r\u00e9gion \u00e0 l&rsquo;autre.<br \/>\nD\u00e9terminez les mesures de s\u00e9curit\u00e9 dans la zone de la <strong>colonie de vacances<\/strong> et renseignez-vous sur la taille des rassemblements avant d&rsquo;envoyer votre enfant en colonie de vacances.  &nbsp;<\/p>\n<p style=\"text-align: left;\"><!-- \/wp:heading --><!-- wp:image {\"id\":42394,\"sizeSlug\":\"large\",\"linkDestination\":\"none\"} --><\/p>\n<p style=\"text-align: left;\"><!-- \/wp:image --><!-- wp:paragraph --><\/p>\n<p style=\"text-align: left;\"><!-- \/wp:paragraph --><!-- wp:heading {\"level\":3} --><\/p>\n<h3 style=\"text-align: left;\"><span class=\"ez-toc-section\" id=\"%E2%80%93_Determiner_les_cas_de_coronavirus_dans_la_region\"><\/span>&#8211;&nbsp;&nbsp;&nbsp;&nbsp; &nbsp;&nbsp; D\u00e9terminer les cas de coronavirus dans la r\u00e9gion<span class=\"ez-toc-section-end\"><\/span><\/h3>\n<p style=\"text-align: left;\"><!-- \/wp:heading --><!-- wp:paragraph --><\/p>\n<p style=\"text-align: left;\">Quelle est la situation du coronavirus dans votre localit\u00e9 ?<br \/>\nLes chiffres sont-ils en baisse, en hausse ou stagnants ?<br \/>\nM\u00eame si votre localit\u00e9 n&rsquo;a pas \u00e9t\u00e9 touch\u00e9e par le virus, vous devez tenir compte de la r\u00e9gion o\u00f9 se <strong>d\u00e9roulent les camps d&rsquo;\u00e9t\u00e9<\/strong>, surtout si votre enfant part \u00e0 l&rsquo;\u00e9tranger.<br \/>\nContactez le service de sant\u00e9 de votre localit\u00e9 pour obtenir ces informations.<br \/>\nVous pouvez \u00e9galement consulter diff\u00e9rents sites web et journaux locaux pour obtenir des informations d\u00e9taill\u00e9es.    &nbsp;<\/p>\n<p style=\"text-align: left;\"><!-- \/wp:paragraph --><!-- wp:heading {\"level\":3} --><\/p>\n<h3 style=\"text-align: left;\"><span class=\"ez-toc-section\" id=\"%E2%80%93_Posez_des_questions_en_mettant_laccent_sur_la_securite\"><\/span>&#8211;&nbsp; &nbsp; Posez des questions en mettant l&rsquo;accent sur la s\u00e9curit\u00e9<span class=\"ez-toc-section-end\"><\/span><\/h3>\n<p style=\"text-align: left;\"><!-- \/wp:heading --><!-- wp:paragraph --><\/p>\n<p style=\"text-align: left;\">Que vous souhaitiez envoyer votre enfant dans votre <strong>colonie de vacances pr\u00e9f\u00e9r\u00e9e<\/strong> ou essayer un nouvel \u00e9tablissement, mettez l&rsquo;accent sur la s\u00e9curit\u00e9 et examinez les avantages et les inconv\u00e9nients.<br \/>\nAvant de choisir la <strong>colonie de vacances<\/strong> id\u00e9ale, vous devez comprendre ce qui suit : <\/p>\n<p style=\"text-align: left;\"><!-- \/wp:paragraph --><!-- wp:list --><\/p>\n<ul style=\"text-align: left;\">\n<li>Le nombre de campeurs autoris\u00e9s dans l&rsquo;\u00e9tablissement.&nbsp;<\/li>\n<\/ul>\n<p style=\"text-align: left;\"><!-- \/wp:list --><!-- wp:list --><\/p>\n<ul style=\"text-align: left;\">\n<li>Quelles sont les r\u00e8gles concernant la taille des groupes ?<br \/>\nCombien de campeurs y a-t-il dans un groupe ?<br \/>\nLes petits groupes auront-ils le m\u00eame surveillant ?  <\/li>\n<\/ul>\n<p style=\"text-align: left;\"><!-- \/wp:list --><!-- wp:list --><\/p>\n<ul style=\"text-align: left;\">\n<li>Le programme de fonctionnement du camp.<br \/>\nLe camp fonctionne-t-il \u00e0 pleine capacit\u00e9 ou \u00e0 capacit\u00e9 partielle ?<br \/>\nOffre-t-il \u00e0 la fois des services de camp de jour et des services de camp de nuit ?  &nbsp;<\/li>\n<\/ul>\n<p style=\"text-align: left;\"><!-- \/wp:list --><!-- wp:list --><\/p>\n<ul style=\"text-align: left;\">\n<li>Qu&rsquo;en est-il de la distance physique ?<br \/>\nComment la structure pr\u00e9voit-elle de respecter la distance physique de trois \u00e0 six pieds pendant les siestes, les activit\u00e9s et les repas ?<br \/>\nLa structure dispose-t-elle de suffisamment d&rsquo;espaces et de pi\u00e8ces pour respecter les r\u00e8gles de distance sociale ?  &nbsp;<\/li>\n<\/ul>\n<p style=\"text-align: left;\"><!-- \/wp:list --><!-- wp:list --><\/p>\n<ul style=\"text-align: left;\">\n<li>Quelles sont les modalit\u00e9s de prise en charge et de d\u00e9pose des campeurs de jour ?&nbsp;<\/li>\n<\/ul>\n<p style=\"text-align: left;\"><!-- \/wp:list --><!-- wp:list --><\/p>\n<ul style=\"text-align: left;\">\n<li>D\u00e9terminez les mesures prises par l&rsquo;\u00e9tablissement de camping pour emp\u00eacher la propagation du virus pendant la pr\u00e9sence des campeurs.&nbsp;<\/li>\n<\/ul>\n<p style=\"text-align: left;\"><!-- \/wp:list --><!-- wp:heading {\"level\":3} --><\/p>\n<h3 style=\"text-align: left;\"><span class=\"ez-toc-section\" id=\"Pratiques_de_surveillance_de_la_sante\"><\/span>Pratiques de surveillance de la sant\u00e9<span class=\"ez-toc-section-end\"><\/span><\/h3>\n<p style=\"text-align: left;\"><!-- \/wp:heading --><!-- wp:paragraph --><\/p>\n<p style=\"text-align: left;\">Comment l&rsquo;\u00e9tablissement surveille-t-il les membres du personnel et les campeurs pendant la p\u00e9riode de camping ?<br \/>\nQuelles sont les proc\u00e9dures mises en place pour isoler les personnes malades ?<br \/>\nQuelle m\u00e9thode de communication sera utilis\u00e9e pour vous avertir si votre enfant tombe malade ?  <\/p>\n<p style=\"text-align: left;\"><!-- \/wp:paragraph --><!-- wp:heading --><\/p>\n<h2 style=\"text-align: left;\"><span class=\"ez-toc-section\" id=\"Que_faut-il_attendre_des_colonies_de_vacances_en_periode_de_pandemie\"><\/span>Que faut-il attendre des colonies de vacances en p\u00e9riode de pand\u00e9mie ?<span class=\"ez-toc-section-end\"><\/span><\/h2>\n<p style=\"text-align: left;\"><!-- \/wp:heading --><!-- wp:paragraph --><\/p>\n<p style=\"text-align: left;\">Cherchez \u00e0 r\u00e9pondre aux questions suivantes avant d&rsquo;envoyer votre enfant dans une <strong>colonie de vacances<\/strong> pendant la pand\u00e9mie.&nbsp;<\/p>\n<p style=\"text-align: left;\"><!-- \/wp:paragraph --><!-- wp:heading {\"level\":3} --><\/p>\n<h3 style=\"text-align: left;\"><span class=\"ez-toc-section\" id=\"%E2%80%93_Quelles_mesures_le_camp_a-t-il_adoptees_pour_sassurer_que_les_campeurs_respectent_les_regles_de_securite_de_Covid-19\"><\/span>&#8211;&nbsp;&nbsp;&nbsp;&nbsp; &nbsp;&nbsp; &nbsp; Quelles mesures le camp a-t-il adopt\u00e9es pour s&rsquo;assurer que les campeurs respectent les r\u00e8gles de s\u00e9curit\u00e9 de Covid-19 ?<span class=\"ez-toc-section-end\"><\/span><\/h3>\n<p style=\"text-align: left;\"><!-- \/wp:heading --><!-- wp:paragraph --><\/p>\n<p style=\"text-align: left;\">Les camps doivent adopter des strat\u00e9gies adapt\u00e9es \u00e0 l&rsquo;\u00e2ge des enfants pour s&rsquo;assurer qu&rsquo;ils respectent les distances sociales, l&rsquo;hygi\u00e8ne des mains et qu&rsquo;ils portent des masques si n\u00e9cessaire.<br \/>\nLe maintien de ces pratiques peut \u00eatre une t\u00e2che difficile pour les jeunes enfants, et le personnel du camp doit \u00eatre pr\u00eat \u00e0 le leur rappeler souvent. &nbsp;<\/p>\n<p style=\"text-align: left;\"><!-- \/wp:paragraph --><!-- wp:heading {\"level\":3} --><\/p>\n<h3 style=\"text-align: left;\"><span class=\"ez-toc-section\" id=\"%E2%80%93_La_plupart_des_activites_se_derouleront-elles_a_lexterieur_ou_a_linterieur\"><\/span>&#8211;&nbsp;&nbsp;&nbsp;&nbsp; &nbsp;&nbsp; &nbsp; La plupart des activit\u00e9s se d\u00e9rouleront-elles \u00e0 l&rsquo;ext\u00e9rieur ou \u00e0 l&rsquo;int\u00e9rieur ?<span class=\"ez-toc-section-end\"><\/span><\/h3>\n<p style=\"text-align: center;\"><a href=\"https:\/\/www.leselfes.com\/wp-content\/uploads\/2021\/07\/4-1024x769-1-1-e1626352967316.jpg\"><img loading=\"lazy\" decoding=\"async\" src=\"https:\/\/www.leselfes.com\/wp-content\/uploads\/2021\/07\/4-1024x769-1-1-e1626352967316.jpg\" alt=\"Activit\u00e9s de plein air sans danger pour les enfants pendant la pand\u00e9mie  \" width=\"750\" height=\"563\"><\/a><\/p>\n<p style=\"text-align: center;\"><!-- \/wp:heading --><!-- wp:image {\"id\":42391,\"sizeSlug\":\"large\",\"linkDestination\":\"none\"} --><\/p>\n<p style=\"text-align: center;\"><!-- \/wp:image --><!-- wp:paragraph --><\/p>\n<p style=\"text-align: left;\">Les activit\u00e9s de plein air permettent aux campeurs de profiter de l&rsquo;air frais et leur laissent suffisamment d&rsquo;espace pour respecter les r\u00e8gles de distance physique.&nbsp;  En outre, ils r\u00e9duisent le risque de propagation et de contamination par le virus Covid-19. De plus, le plein air permet aux campeurs de d\u00e9couvrir la nature, ce qui am\u00e9liore leur sant\u00e9 g\u00e9n\u00e9rale et mentale.<br \/>\nToutefois, les organisateurs de camps doivent nettoyer et d\u00e9sinfecter chaque jour les objets et les surfaces de jeu pour \u00e9viter que les enfants ne contractent des germes. &nbsp;<\/p>\n<p style=\"text-align: left;\"><!-- \/wp:paragraph --><!-- wp:heading {\"level\":3} --><\/p>\n<h3 style=\"text-align: left;\"><span class=\"ez-toc-section\" id=\"%E2%80%93_Que_faire_si_un_campeur_ou_un_membre_du_personnel_tombe_malade\"><\/span>&#8211;&nbsp;&nbsp;&nbsp;&nbsp; &nbsp;&nbsp; Que faire si un campeur ou un membre du personnel tombe malade ?<span class=\"ez-toc-section-end\"><\/span><\/h3>\n<p style=\"text-align: left;\"><!-- \/wp:heading --><!-- wp:paragraph --><\/p>\n<p style=\"text-align: left;\">Les camps doivent adopter un plan solide pour les mesures \u00e0 prendre si quelqu&rsquo;un commence \u00e0 pr\u00e9senter des sympt\u00f4mes de Covid-19.<br \/>\nLe programme doit s&rsquo;aligner sur les r\u00e9glementations et politiques de sant\u00e9 publique de l&rsquo;\u00c9tat ou de la r\u00e9gion en mati\u00e8re de r\u00e9action et de signalement d&rsquo;\u00e9ventuels cas de Covid-19. <\/p>\n<p style=\"text-align: left;\"><!-- \/wp:paragraph --><!-- wp:heading {\"level\":3} --><\/p>\n<h3 style=\"text-align: left;\"><span class=\"ez-toc-section\" id=\"%E2%80%93_Les_campeurs_qui_ont_besoin_de_soins_de_sante_specialises_beneficient-ils_dun_soutien_adapte\"><\/span>&#8211;&nbsp;&nbsp;&nbsp;&nbsp; &nbsp;&nbsp; Les campeurs qui ont besoin de soins de sant\u00e9 sp\u00e9cialis\u00e9s b\u00e9n\u00e9ficient-ils d&rsquo;un soutien adapt\u00e9 ?<span class=\"ez-toc-section-end\"><\/span><\/h3>\n<p style=\"text-align: left;\"><!-- \/wp:heading --><!-- wp:paragraph --><\/p>\n<p style=\"text-align: left;\">Les directeurs et organisateurs de camps doivent s&rsquo;efforcer de r\u00e9pondre aux besoins de chaque enfant.<br \/>\nSi votre enfant a besoin de soins de sant\u00e9 sp\u00e9cialis\u00e9s, consultez votre p\u00e9diatre et les organisateurs de la colonie de vacances pour d\u00e9terminer la formule d&rsquo;h\u00e9bergement id\u00e9ale pour lui. &nbsp;<\/p>\n<p style=\"text-align: left;\"><!-- \/wp:paragraph --><!-- wp:heading {\"level\":3} --><\/p>\n<h3 style=\"text-align: left;\"><span class=\"ez-toc-section\" id=\"%E2%80%93_Comment_fonctionne_lheure_des_repas_et_des_collations\"><\/span>&#8211;&nbsp;&nbsp;&nbsp;&nbsp; &nbsp;&nbsp; Comment fonctionne l&rsquo;heure des repas et des collations ?<span class=\"ez-toc-section-end\"><\/span><\/h3>\n<p style=\"text-align: left;\"><!-- \/wp:heading --><!-- wp:paragraph --><\/p>\n<p style=\"text-align: left;\">Dans la mesure du possible, les enfants doivent apporter leurs propres repas, surtout s&rsquo;ils participent \u00e0 un camp de jour.<br \/>\nLes camps doivent disposer de zones de repas s\u00e9par\u00e9es pour les diff\u00e9rents petits groupes.<br \/>\nCette solution est moins risqu\u00e9e que les repas pris dans les caf\u00e9t\u00e9rias ou les r\u00e9fectoires.<br \/>\nLes campeurs doivent toujours avoir leur propre bouteille d&rsquo;eau.   &nbsp;<\/p>\n<p style=\"text-align: left;\"><!-- \/wp:paragraph --><!-- wp:heading --><\/p>\n<h2 style=\"text-align: left;\"><span class=\"ez-toc-section\" id=\"Considerations_a_prendre_en_compte_avant_denvoyer_votre_enfant_en_colonie_de_vacances_des_aujourdhui\"><\/span>Consid\u00e9rations \u00e0 prendre en compte avant d&rsquo;envoyer votre enfant en colonie de vacances d\u00e8s aujourd&rsquo;hui<span class=\"ez-toc-section-end\"><\/span><\/h2>\n<p style=\"text-align: left;\"><!-- \/wp:heading --><!-- wp:paragraph --><\/p>\n<p style=\"text-align: left;\">Avec l&rsquo;av\u00e8nement de la vaccination, cet \u00e9t\u00e9 promet d&rsquo;\u00eatre meilleur que le pr\u00e9c\u00e9dent, surtout depuis que les campeurs de plus de 12 ans peuvent se faire vacciner contre le virus Covid-19. Quels sont les \u00e9l\u00e9ments que les parents doivent prendre en compte avant de laisser partir leurs enfants en <strong>colonie de vacances<\/strong>?  Lisez la suite pour le savoir.&nbsp;<\/p>\n<p style=\"text-align: left;\"><!-- \/wp:paragraph --><!-- wp:heading {\"level\":3} --><\/p>\n<h3 style=\"text-align: left;\"><span class=\"ez-toc-section\" id=\"%E2%80%93_Comprendre_les_protocoles_de_securite_adoptes_par_la_colonie_de_vacances_pour_proteger_les_campeurs_de_Covid-19\"><\/span>&#8211;&nbsp;&nbsp;&nbsp;&nbsp; &nbsp;&nbsp; Comprendre les protocoles de s\u00e9curit\u00e9 adopt\u00e9s par la colonie de vacances pour prot\u00e9ger les campeurs de Covid-19<span class=\"ez-toc-section-end\"><\/span><\/h3>\n<p style=\"text-align: left;\"><!-- \/wp:heading --><!-- wp:paragraph --><\/p>\n<p style=\"text-align: left;\">R\u00e9cemment, le CDC a publi\u00e9 un guide d\u00e9taill\u00e9 et actualis\u00e9 pour les <strong>camps d&rsquo;\u00e9t\u00e9 de jour et de nuit.<\/strong><br \/>\nCe guide met l&rsquo;accent sur plusieurs principes fondamentaux.<br \/>\nPar exemple, il recommande que tous les membres du personnel et les campeurs \u00e9ligibles re\u00e7oivent le vaccin Covid-19.  <\/p>\n<p style=\"text-align: left;\"><!-- \/wp:paragraph --><!-- wp:paragraph --><\/p>\n<p style=\"text-align: left;\">Si une partie du personnel et des campeurs n&rsquo;est pas vaccin\u00e9e, les CDC recommandent d&rsquo;augmenter la distance physique et les activit\u00e9s ext\u00e9rieures, de r\u00e9duire la capacit\u00e9 d&rsquo;accueil et d&rsquo;am\u00e9liorer la ventilation dans les espaces int\u00e9rieurs.<br \/>\nEn outre, les CDC recommandent le port de masques \u00e0 l&rsquo;int\u00e9rieur et dans certaines situations en plein air. <\/p>\n<p style=\"text-align: left;\"><!-- \/wp:paragraph --><!-- wp:paragraph --><\/p>\n<p style=\"text-align: left;\">D\u00e9terminez les strat\u00e9gies adopt\u00e9es par votre \u00e9tablissement de camping pr\u00e9f\u00e9r\u00e9 pour se conformer \u00e0 ces exigences.<br \/>\nN&rsquo;oubliez pas que bon nombre de ces r\u00e9glementations s&rsquo;appliquent aux camps de jour et de nuit. &nbsp;<\/p>\n<p style=\"text-align: left;\"><!-- \/wp:paragraph --><!-- wp:heading {\"level\":3} --><\/p>\n<h3 style=\"text-align: left;\"><span class=\"ez-toc-section\" id=\"%E2%80%93_Determinez_les_facteurs_de_risque_et_faites-vous_vacciner\"><\/span>&#8211;&nbsp;&nbsp;&nbsp;&nbsp; &nbsp;&nbsp; D\u00e9terminez les facteurs de risque et faites-vous vacciner&nbsp;<span class=\"ez-toc-section-end\"><\/span><\/h3>\n<p style=\"text-align: left;\"><!-- \/wp:heading --><!-- wp:paragraph --><\/p>\n<p style=\"text-align: left;\">Les parents doivent r\u00e9fl\u00e9chir aux facteurs de risque sp\u00e9cifiques \u00e0 chaque campeur potentiel et organiser la vaccination des <a href=\"https:\/\/www.healthline.com\/health-news\/when-can-children-under-12-get-the-covid-19-vaccine-heres-what-to-know\">enfants \u00e9ligibles<\/a>. N&rsquo;oubliez pas que si votre enfant n&rsquo;est pas \u00e9ligible \u00e0 la vaccination et qu&rsquo;il souffre de complications sous-jacentes telles qu&rsquo;une cardiopathie cong\u00e9nitale ou de l&rsquo;asthme, il risque davantage de contracter le Covid-19. Si votre enfant a un syst\u00e8me immunitaire faible et n&rsquo;a pas \u00e9t\u00e9 vaccin\u00e9, il est pr\u00e9f\u00e9rable qu&rsquo;il reste \u00e0 la maison pour se prot\u00e9ger du virus.  &nbsp;<\/p>\n<p style=\"text-align: left;\"><!-- \/wp:paragraph --><!-- wp:heading {\"level\":3} --><\/p>\n<h3 style=\"text-align: left;\"><span class=\"ez-toc-section\" id=\"%E2%80%93_Decouvrez_en_quoi_les_activites_des_camps_pendant_la_pandemie_seront_differentes_de_celles_davant_la_pandemie\"><\/span>&#8211;&nbsp; &nbsp; &nbsp; D\u00e9couvrez en quoi les activit\u00e9s des camps pendant la pand\u00e9mie seront diff\u00e9rentes de celles d&rsquo;avant la pand\u00e9mie.<span class=\"ez-toc-section-end\"><\/span><\/h3>\n<p style=\"text-align: center;\"><a href=\"https:\/\/www.leselfes.com\/wp-content\/uploads\/2021\/07\/5-1024x769-1-1.jpg\"><img loading=\"lazy\" decoding=\"async\" src=\"https:\/\/www.leselfes.com\/wp-content\/uploads\/2021\/07\/5-1024x769-1-1.jpg\" alt=\"Les activit\u00e9s des camps pendant la pand\u00e9mie seront diff\u00e9rentes de celles d'avant la pand\u00e9mie\" width=\"700\" height=\"438\"><\/a><\/p>\n<p style=\"text-align: center;\"><!-- \/wp:heading --><!-- wp:image {\"id\":42392,\"sizeSlug\":\"large\",\"linkDestination\":\"none\"} --><\/p>\n<p style=\"text-align: center;\"><!-- \/wp:image --><!-- wp:paragraph --><\/p>\n<p style=\"text-align: left;\">Certaines pratiques ne sont pas applicables en <strong>colonie de vacances<\/strong>, en particulier pour les campeurs non vaccin\u00e9s.<br \/>\nPar exemple, les experts de la sant\u00e9 ont d\u00e9conseill\u00e9 les salles bond\u00e9es o\u00f9 les campeurs se rassemblent pour chanter et danser.<br \/>\nLes campeurs seront autoris\u00e9s \u00e0 chanter, mais uniquement \u00e0 l&rsquo;ext\u00e9rieur.  <\/p>\n<p style=\"text-align: left;\"><!-- \/wp:paragraph --><!-- wp:paragraph --><\/p>\n<p style=\"text-align: left;\">Les parents et autres personnes ext\u00e9rieures peuvent se voir interdire l&rsquo;acc\u00e8s aux locaux du camp, tandis que le personnel du camp peut \u00eatre contraint de rester dans les locaux du camp jusqu&rsquo;\u00e0 la fin de celui-ci.<br \/>\nCertaines <a href=\"https:\/\/www.camppontiac.com\/colorwar\/\">activit\u00e9s amusantes et passionnantes<\/a> impliquant une comp\u00e9tition entre les campeurs seront fortement d\u00e9courag\u00e9es.<br \/>\nLes camps devront modifier leurs activit\u00e9s pour r\u00e9pondre aux exigences des diff\u00e9rents organismes de sant\u00e9 visant \u00e0 r\u00e9duire le risque de propagation du Covid-19.  <\/p>\n<p style=\"text-align: left;\"><!-- \/wp:paragraph --><!-- wp:paragraph --><\/p>\n<p style=\"text-align: left;\">De nombreux campings ont annul\u00e9 les camps de jour et vous devez vous assurer des dispositions prises avant de planifier un <a href=\"https:\/\/www.leselfes.com\/field-trips\/\">voyage<\/a> pour votre enfant. Comprenez comment le camp compte s&rsquo;assurer que les campeurs maintiennent la distance physique requise pendant qu&rsquo;ils sont sur place. &nbsp;<\/p>\n<p style=\"text-align: left;\"><!-- \/wp:paragraph --><!-- wp:heading {\"level\":3} --><\/p>\n<h3 style=\"text-align: left;\"><span class=\"ez-toc-section\" id=\"%E2%80%93_Decouvrez_ce_qui_se_passera_si_votre_enfant_tombe_malade\"><\/span>&#8211;&nbsp;&nbsp;&nbsp;&nbsp; &nbsp;&nbsp; D\u00e9couvrez ce qui se passera si votre enfant tombe malade.<span class=\"ez-toc-section-end\"><\/span><\/h3>\n<p style=\"text-align: left;\"><!-- \/wp:heading --><!-- wp:paragraph --><\/p>\n<p style=\"text-align: left;\">Les politiques relatives aux camps varient d&rsquo;un \u00e9tablissement \u00e0 l&rsquo;autre.<br \/>\nPar exemple, si votre enfant pr\u00e9sente des sympt\u00f4mes li\u00e9s \u00e0 la covidie pendant un camp de jour, l&rsquo;\u00e9tablissement l&rsquo;isolera avant de vous avertir.<br \/>\nDans de telles circonstances, il est fortement recommand\u00e9 de proc\u00e9der \u00e0 un test de d\u00e9pistage de la covidie. Si le test est positif, l&rsquo;enfant ne retournera dans le centre de vacances qu&rsquo;apr\u00e8s 10 \u00e0 14 jours ou lorsque les sympt\u00f4mes se seront att\u00e9nu\u00e9s.  <\/p>\n<p style=\"text-align: left;\"><!-- \/wp:paragraph --><!-- wp:paragraph --><\/p>\n<p style=\"text-align: left;\">Si l&rsquo;enfant a contract\u00e9 le Covid-19 dans le camping ou si d&rsquo;autres personnes de votre foyer ont contract\u00e9 le virus, l&rsquo;enfant peut devoir rester en quarantaine pendant environ 14 jours. Si les campeurs d\u00e9veloppent des sympt\u00f4mes du Covid-19 pendant un camp de vacances, le personnel du camp doit les isoler imm\u00e9diatement et organiser un test Covid.<\/p>\n<p style=\"text-align: left;\"><!-- \/wp:paragraph --><!-- wp:paragraph --><\/p>\n<p style=\"text-align: left;\">Si les r\u00e9sultats s&rsquo;av\u00e8rent positifs, le personnel du camp doit transf\u00e9rer l&rsquo;enfant dans un \u00e9tablissement sp\u00e9cialis\u00e9 o\u00f9 il pourra recevoir des soins m\u00e9dicaux sp\u00e9cialis\u00e9s.<br \/>\nLe personnel du camp doit vous avertir imm\u00e9diatement et vous permettre de venir chercher votre enfant ou de le laisser dans l&rsquo;\u00e9tablissement de quarantaine jusqu&rsquo;\u00e0 ce qu&rsquo;il se r\u00e9tablisse. &nbsp;<\/p>\n<p style=\"text-align: left;\"><!-- \/wp:paragraph --><!-- wp:paragraph --><\/p>\n<p style=\"text-align: left;\">N&rsquo;oubliez pas que les campeurs continueront \u00e0 s&rsquo;amuser en d\u00e9pit de toutes les r\u00e8gles \u00e9tablies.&nbsp;<\/p>\n<p style=\"text-align: left;\"><!-- \/wp:paragraph --><!-- wp:heading {\"level\":3} --><\/p>\n<h3 style=\"text-align: left;\"><span class=\"ez-toc-section\" id=\"%E2%80%93_Determiner_le_reglement_des_camps_de_nuit\"><\/span>&#8211;&nbsp;&nbsp;&nbsp;&nbsp; &nbsp;&nbsp; &nbsp; D\u00e9terminer le r\u00e8glement des camps de nuit<span class=\"ez-toc-section-end\"><\/span><\/h3>\n<p style=\"text-align: left;\"><!-- \/wp:heading --><!-- wp:paragraph --><\/p>\n<p style=\"text-align: left;\">Si votre enfant participe \u00e0 une colonie de vacances, veillez \u00e0 r\u00e9pondre aux questions suivantes.<\/p>\n<p style=\"text-align: left;\"><!-- \/wp:paragraph --><!-- wp:list --><\/p>\n<ul style=\"text-align: left;\">\n<li>Le camping dispose-t-il d&rsquo;un personnel m\u00e9dical, et celui-ci a-t-il re\u00e7u une formation sp\u00e9cialis\u00e9e pour traiter les complications li\u00e9es \u00e0 Covid-19 ?<\/li>\n<li>Comment me contacterez-vous en cas d&rsquo;urgence ?<\/li>\n<li>Y a-t-il un h\u00f4pital ou un \u00e9tablissement de soins de sant\u00e9 \u00e0 proximit\u00e9 ?<\/li>\n<li>Les campeurs et le personnel du camp devront-ils \u00eatre mis en quarantaine avant et apr\u00e8s le camp ?<\/li>\n<\/ul>\n<p style=\"text-align: left;\"><!-- \/wp:list --><!-- wp:heading {\"level\":3} --><\/p>\n<h3 style=\"text-align: left;\"><span class=\"ez-toc-section\" id=\"Prendre_la_decision_finale\"><\/span>Prendre la d\u00e9cision finale<span class=\"ez-toc-section-end\"><\/span><\/h3>\n<p style=\"text-align: left;\"><!-- \/wp:heading --><!-- wp:paragraph --><\/p>\n<p style=\"text-align: left;\">N&rsquo;oubliez pas que c&rsquo;est \u00e0 vous qu&rsquo;il appartient de d\u00e9cider si votre enfant doit \u00eatre envoy\u00e9 en camp de jour ou de nuit.<br \/>\nTenez compte des facteurs de risque propres \u00e0 l&rsquo;enfant avant de prendre la d\u00e9cision finale.<br \/>\nSi votre famille pr\u00e9sente un risque \u00e9lev\u00e9 de Covid-19 et de complications connexes, vous pouvez suspendre tout <strong>projet de camp d&rsquo;\u00e9t\u00e9<\/strong> jusqu&rsquo;\u00e0 ce que la situation s&rsquo;am\u00e9liore.  <\/p>\n<p style=\"text-align: left;\"><!-- \/wp:paragraph --><!-- wp:paragraph --><\/p>\n<p style=\"text-align: left;\">Si votre enfant a besoin de soins de sant\u00e9 sp\u00e9cialis\u00e9s, consultez son p\u00e9diatre avant de l&rsquo;envoyer en colonie de vacances.<br \/>\nSi vous d\u00e9cidez d&rsquo;<strong>envoyer votre enfant en colonie de vacances<\/strong>, assurez-vous qu&rsquo;il comprend ce qui suit : <\/p>\n<p style=\"text-align: left;\"><!-- \/wp:paragraph --><!-- wp:list --><\/p>\n<ul style=\"text-align: left;\">\n<li><a href=\"https:\/\/www.who.int\/southeastasia\/news\/detail\/15-10-2020-handwashing-an-effective-tool-to-prevent-covid-19-other-diseases\">Se laver<\/a> soigneusement <a href=\"https:\/\/www.who.int\/southeastasia\/news\/detail\/15-10-2020-handwashing-an-effective-tool-to-prevent-covid-19-other-diseases\">les mains<\/a>. Formez les enfants et demandez-leur de se laver les mains avec du savon et de l&rsquo;eau courante. &nbsp;<\/li>\n<\/ul>\n<p style=\"text-align: left;\"><!-- \/wp:list --><!-- wp:list --><\/p>\n<ul style=\"text-align: left;\">\n<li>Apprenez-leur \u00e0 porter correctement les masques et \u00e0 comprendre l&rsquo;importance de les porter pendant de longues p\u00e9riodes.&nbsp;<\/li>\n<\/ul>\n<p style=\"text-align: left;\"><!-- \/wp:list --><!-- wp:list --><\/p>\n<ul style=\"text-align: left;\">\n<li>D\u00e9montrez comment fonctionne la distanciation physique.<\/li>\n<\/ul>\n<p style=\"text-align: left;\"><!-- \/wp:list --><!-- wp:list --><\/p>\n<ul style=\"text-align: left;\">\n<li>Rappelez-leur l&rsquo;importance d&rsquo;une bonne \u00e9tiquette respiratoire.<br \/>\nLes enfants doivent \u00e9ternuer ou tousser dans un mouchoir, le jeter et se laver les mains. &nbsp;<\/li>\n<\/ul>\n<p style=\"text-align: left;\"><!-- \/wp:list --><!-- wp:list --><\/p>\n<ul style=\"text-align: left;\">\n<li>Enseignez-leur l&rsquo;importance de suivre les instructions donn\u00e9es par les superviseurs du camp.&nbsp;<\/li>\n<\/ul>\n<p style=\"text-align: left;\"><!-- \/wp:list --><!-- wp:heading --><\/p>\n<h2 style=\"text-align: left;\"><span class=\"ez-toc-section\" id=\"Enfin\"><\/span>Enfin<span class=\"ez-toc-section-end\"><\/span><\/h2>\n<p style=\"text-align: left;\"><!-- \/wp:heading --><!-- wp:list --><\/p>\n<ul style=\"text-align: left;\">\n<li>Si votre enfant est \u00e9ligible \u00e0 la vaccination Covid-19, laissez-le se faire vacciner compl\u00e8tement avant de partir <strong>en colonie de vacances<\/strong>.<\/li>\n<\/ul>\n<p style=\"text-align: left;\"><!-- \/wp:list --><!-- wp:list --><\/p>\n<ul style=\"text-align: left;\">\n<li>Assurez-vous que l&rsquo;\u00e9tablissement de camping a adopt\u00e9 des protocoles de s\u00e9curit\u00e9 pour r\u00e9duire la propagation de Covid-19 au sein de l&rsquo;\u00e9tablissement.<\/li>\n<\/ul>\n<p style=\"text-align: left;\"><!-- \/wp:list --><!-- wp:list --><\/p>\n<ul style=\"text-align: left;\">\n<li>S&rsquo;assurer que le camp a mis en place des mesures solides pour g\u00e9rer les cas de Covid-19 s&rsquo;ils se pr\u00e9sentent.&nbsp;<\/li>\n<\/ul>\n<p style=\"text-align: left;\"><!-- \/wp:list --><!-- wp:list --><\/p>\n<ul style=\"text-align: left;\">\n<li>Les campeurs continueront \u00e0 s&rsquo;amuser malgr\u00e9 les r\u00e8gles strictes visant \u00e0 les prot\u00e9ger contre le virus.&nbsp;<\/li>\n<\/ul>\n<p style=\"text-align: left;\"><!-- \/wp:list --><!-- wp:paragraph --><\/p>\n<p style=\"text-align: center;\"><strong>VOUS CHERCHEZ UNE COLONIE DE VACANCES POUR VOTRE ENFANT ?&nbsp;<\/strong><\/p>\n<p style=\"text-align: left;\"><!-- \/wp:paragraph --><!-- wp:paragraph --><\/p>\n<p><!-- \/wp:paragraph --><\/p>\n<p><a href=\"https:\/\/www.leselfes.com\/fr\/?page_id=89039\" role=\"button\"><br \/>\nVISITEZ NOTRE PAGE SUR LES CAMPS D&rsquo;\u00c9T\u00c9<br \/>\n<\/a><br \/>\n<a href=\"https:\/\/www.leselfes.com\/contact-quote-request\/\" role=\"button\"><br \/>\nCONTACTEZ NOTRE SI\u00c8GE<br \/>\n<\/a><\/p>\n","protected":false},"excerpt":{"rendered":"<p>L&rsquo;ann\u00e9e derni\u00e8re, au d\u00e9but de la pand\u00e9mie, envoyer les enfants en colonie de vacances semblait \u00eatre une t\u00e2che ardue. Aujourd&rsquo;hui, les enfants ont bon espoir de partir en colonie, surtout&#8230;<\/p>\n","protected":false},"author":1,"featured_media":77142,"comment_status":"closed","ping_status":"open","sticky":false,"template":"","format":"standard","meta":{"_acf_changed":false,"inline_featured_image":false,"footnotes":""},"categories":[1356,1372],"tags":[],"class_list":{"0":"post-95677","1":"post","2":"type-post","3":"status-publish","4":"format-standard","5":"has-post-thumbnail","7":"category-articles-fr","8":"category-camp-dete"},"acf":[],"yoast_head":"<!-- This site is optimized with the Yoast SEO Premium plugin v24.2 (Yoast SEO v24.7) - https:\/\/yoast.com\/wordpress\/plugins\/seo\/ -->\n<title>Les colonies de vacances pendant la pand\u00e9mie sont-elles sans danger pour les enfants ? - Les Elfes International Camps Switzerland<\/title>\n<meta name=\"robots\" content=\"index, follow, max-snippet:-1, max-image-preview:large, max-video-preview:-1\" \/>\n<link rel=\"canonical\" href=\"https:\/\/www.leselfes.com\/fr\/les-colonies-de-vacances-pendant-la-pandemie-sont-elles-sans-danger-pour-les-enfants\/\" \/>\n<meta property=\"og:locale\" content=\"fr_FR\" \/>\n<meta property=\"og:type\" content=\"article\" \/>\n<meta property=\"og:title\" content=\"Les colonies de vacances pendant la pand\u00e9mie sont-elles sans danger pour les enfants ?\" \/>\n<meta property=\"og:description\" content=\"L&rsquo;ann\u00e9e derni\u00e8re, au d\u00e9but de la pand\u00e9mie, envoyer les enfants en colonie de vacances semblait \u00eatre une t\u00e2che ardue. Aujourd&rsquo;hui, les enfants ont bon espoir de partir en colonie, surtout...\" \/>\n<meta property=\"og:url\" content=\"https:\/\/www.leselfes.com\/fr\/les-colonies-de-vacances-pendant-la-pandemie-sont-elles-sans-danger-pour-les-enfants\/\" \/>\n<meta property=\"og:site_name\" content=\"Les Elfes International Camps Switzerland\" \/>\n<meta property=\"article:publisher\" content=\"https:\/\/www.facebook.com\/LesElfesVerbier\" \/>\n<meta property=\"article:published_time\" content=\"2021-07-25T13:59:11+00:00\" \/>\n<meta property=\"article:modified_time\" content=\"2025-01-07T09:06:47+00:00\" \/>\n<meta property=\"og:image\" content=\"https:\/\/dev.leselfes.com\/wp-content\/uploads\/2021\/07\/SUMMER-CAMP-DURING-THE-PANDEMIC-e1626365817386.jpg\" \/>\n\t<meta property=\"og:image:width\" content=\"750\" \/>\n\t<meta property=\"og:image:height\" content=\"563\" \/>\n\t<meta property=\"og:image:type\" content=\"image\/jpeg\" \/>\n<meta name=\"author\" content=\"lesadmin\" \/>\n<meta name=\"twitter:card\" content=\"summary_large_image\" \/>\n<meta name=\"twitter:creator\" content=\"@LesElfesCamps\" \/>\n<meta name=\"twitter:site\" content=\"@LesElfesCamps\" \/>\n<meta name=\"twitter:label1\" content=\"\u00c9crit par\" \/>\n\t<meta name=\"twitter:data1\" content=\"lesadmin\" \/>\n\t<meta name=\"twitter:label2\" content=\"Dur\u00e9e de lecture estim\u00e9e\" \/>\n\t<meta name=\"twitter:data2\" content=\"16 minutes\" \/>\n<script type=\"application\/ld+json\" class=\"yoast-schema-graph\">{\"@context\":\"https:\/\/schema.org\",\"@graph\":[{\"@type\":\"Article\",\"@id\":\"https:\/\/www.leselfes.com\/fr\/les-colonies-de-vacances-pendant-la-pandemie-sont-elles-sans-danger-pour-les-enfants\/#article\",\"isPartOf\":{\"@id\":\"https:\/\/www.leselfes.com\/fr\/les-colonies-de-vacances-pendant-la-pandemie-sont-elles-sans-danger-pour-les-enfants\/\"},\"author\":{\"name\":\"lesadmin\",\"@id\":\"https:\/\/dev.leselfes.com\/#\/schema\/person\/407a229698868b8c603874b19f37f289\"},\"headline\":\"Les colonies de vacances pendant la pand\u00e9mie sont-elles sans danger pour les enfants ?\",\"datePublished\":\"2021-07-25T13:59:11+00:00\",\"dateModified\":\"2025-01-07T09:06:47+00:00\",\"mainEntityOfPage\":{\"@id\":\"https:\/\/www.leselfes.com\/fr\/les-colonies-de-vacances-pendant-la-pandemie-sont-elles-sans-danger-pour-les-enfants\/\"},\"wordCount\":3305,\"publisher\":{\"@id\":\"https:\/\/dev.leselfes.com\/#organization\"},\"image\":{\"@id\":\"https:\/\/www.leselfes.com\/fr\/les-colonies-de-vacances-pendant-la-pandemie-sont-elles-sans-danger-pour-les-enfants\/#primaryimage\"},\"thumbnailUrl\":\"https:\/\/www.leselfes.com\/wp-content\/uploads\/2021\/07\/SUMMER-CAMP-DURING-THE-PANDEMIC-e1626365817386.jpg\",\"articleSection\":[\"Articles\",\"Camp d'\u00e9t\u00e9\"],\"inLanguage\":\"fr-FR\"},{\"@type\":\"WebPage\",\"@id\":\"https:\/\/www.leselfes.com\/fr\/les-colonies-de-vacances-pendant-la-pandemie-sont-elles-sans-danger-pour-les-enfants\/\",\"url\":\"https:\/\/www.leselfes.com\/fr\/les-colonies-de-vacances-pendant-la-pandemie-sont-elles-sans-danger-pour-les-enfants\/\",\"name\":\"Les colonies de vacances pendant la pand\u00e9mie sont-elles sans danger pour les enfants ? - Les Elfes International Camps Switzerland\",\"isPartOf\":{\"@id\":\"https:\/\/dev.leselfes.com\/#website\"},\"primaryImageOfPage\":{\"@id\":\"https:\/\/www.leselfes.com\/fr\/les-colonies-de-vacances-pendant-la-pandemie-sont-elles-sans-danger-pour-les-enfants\/#primaryimage\"},\"image\":{\"@id\":\"https:\/\/www.leselfes.com\/fr\/les-colonies-de-vacances-pendant-la-pandemie-sont-elles-sans-danger-pour-les-enfants\/#primaryimage\"},\"thumbnailUrl\":\"https:\/\/www.leselfes.com\/wp-content\/uploads\/2021\/07\/SUMMER-CAMP-DURING-THE-PANDEMIC-e1626365817386.jpg\",\"datePublished\":\"2021-07-25T13:59:11+00:00\",\"dateModified\":\"2025-01-07T09:06:47+00:00\",\"breadcrumb\":{\"@id\":\"https:\/\/www.leselfes.com\/fr\/les-colonies-de-vacances-pendant-la-pandemie-sont-elles-sans-danger-pour-les-enfants\/#breadcrumb\"},\"inLanguage\":\"fr-FR\",\"potentialAction\":[{\"@type\":\"ReadAction\",\"target\":[\"https:\/\/www.leselfes.com\/fr\/les-colonies-de-vacances-pendant-la-pandemie-sont-elles-sans-danger-pour-les-enfants\/\"]}]},{\"@type\":\"ImageObject\",\"inLanguage\":\"fr-FR\",\"@id\":\"https:\/\/www.leselfes.com\/fr\/les-colonies-de-vacances-pendant-la-pandemie-sont-elles-sans-danger-pour-les-enfants\/#primaryimage\",\"url\":\"https:\/\/www.leselfes.com\/wp-content\/uploads\/2021\/07\/SUMMER-CAMP-DURING-THE-PANDEMIC-e1626365817386.jpg\",\"contentUrl\":\"https:\/\/www.leselfes.com\/wp-content\/uploads\/2021\/07\/SUMMER-CAMP-DURING-THE-PANDEMIC-e1626365817386.jpg\",\"width\":750,\"height\":563},{\"@type\":\"BreadcrumbList\",\"@id\":\"https:\/\/www.leselfes.com\/fr\/les-colonies-de-vacances-pendant-la-pandemie-sont-elles-sans-danger-pour-les-enfants\/#breadcrumb\",\"itemListElement\":[{\"@type\":\"ListItem\",\"position\":1,\"name\":\"Home\",\"item\":\"https:\/\/www.leselfes.com\/fr\/\"},{\"@type\":\"ListItem\",\"position\":2,\"name\":\"Les colonies de vacances pendant la pand\u00e9mie sont-elles sans danger pour les enfants ?\"}]},{\"@type\":\"WebSite\",\"@id\":\"https:\/\/dev.leselfes.com\/#website\",\"url\":\"https:\/\/dev.leselfes.com\/\",\"name\":\"Les Elfes International\",\"description\":\"Les Elfes International, Verbier Switzerland. Summer Camp, Winter Camp, Spring Camps.\",\"publisher\":{\"@id\":\"https:\/\/dev.leselfes.com\/#organization\"},\"alternateName\":\"Les Elfes International\",\"potentialAction\":[{\"@type\":\"SearchAction\",\"target\":{\"@type\":\"EntryPoint\",\"urlTemplate\":\"https:\/\/dev.leselfes.com\/?s={search_term_string}\"},\"query-input\":{\"@type\":\"PropertyValueSpecification\",\"valueRequired\":true,\"valueName\":\"search_term_string\"}}],\"inLanguage\":\"fr-FR\"},{\"@type\":\"Organization\",\"@id\":\"https:\/\/dev.leselfes.com\/#organization\",\"name\":\"Les Elfes International\",\"alternateName\":\"Les Elfes International\",\"url\":\"https:\/\/dev.leselfes.com\/\",\"logo\":{\"@type\":\"ImageObject\",\"inLanguage\":\"fr-FR\",\"@id\":\"https:\/\/dev.leselfes.com\/#\/schema\/logo\/image\/\",\"url\":\"https:\/\/www.leselfes.com\/wp-content\/uploads\/2022\/03\/leselfes-logo.png\",\"contentUrl\":\"https:\/\/www.leselfes.com\/wp-content\/uploads\/2022\/03\/leselfes-logo.png\",\"width\":233,\"height\":51,\"caption\":\"Les Elfes International\"},\"image\":{\"@id\":\"https:\/\/dev.leselfes.com\/#\/schema\/logo\/image\/\"},\"sameAs\":[\"https:\/\/www.facebook.com\/LesElfesVerbier\",\"https:\/\/x.com\/LesElfesCamps\",\"https:\/\/www.instagram.com\/leselfes\",\"https:\/\/www.linkedin.com\/company\/les-elfes-international\",\"https:\/\/www.youtube.com\/user\/LesElfesVerbier\"]},{\"@type\":\"Person\",\"@id\":\"https:\/\/dev.leselfes.com\/#\/schema\/person\/407a229698868b8c603874b19f37f289\",\"name\":\"lesadmin\",\"image\":{\"@type\":\"ImageObject\",\"inLanguage\":\"fr-FR\",\"@id\":\"https:\/\/dev.leselfes.com\/#\/schema\/person\/image\/\",\"url\":\"https:\/\/secure.gravatar.com\/avatar\/fdb243a028df450397b3632d862f87f6?s=96&d=mm&r=g\",\"contentUrl\":\"https:\/\/secure.gravatar.com\/avatar\/fdb243a028df450397b3632d862f87f6?s=96&d=mm&r=g\",\"caption\":\"lesadmin\"},\"url\":\"https:\/\/www.leselfes.com\/fr\/author\/lesadmin\/\"}]}<\/script>\n<!-- \/ Yoast SEO Premium plugin. -->","yoast_head_json":{"title":"Les colonies de vacances pendant la pand\u00e9mie sont-elles sans danger pour les enfants ? - Les Elfes International Camps Switzerland","robots":{"index":"index","follow":"follow","max-snippet":"max-snippet:-1","max-image-preview":"max-image-preview:large","max-video-preview":"max-video-preview:-1"},"canonical":"https:\/\/www.leselfes.com\/fr\/les-colonies-de-vacances-pendant-la-pandemie-sont-elles-sans-danger-pour-les-enfants\/","og_locale":"fr_FR","og_type":"article","og_title":"Les colonies de vacances pendant la pand\u00e9mie sont-elles sans danger pour les enfants ?","og_description":"L&rsquo;ann\u00e9e derni\u00e8re, au d\u00e9but de la pand\u00e9mie, envoyer les enfants en colonie de vacances semblait \u00eatre une t\u00e2che ardue. Aujourd&rsquo;hui, les enfants ont bon espoir de partir en colonie, surtout...","og_url":"https:\/\/www.leselfes.com\/fr\/les-colonies-de-vacances-pendant-la-pandemie-sont-elles-sans-danger-pour-les-enfants\/","og_site_name":"Les Elfes International Camps Switzerland","article_publisher":"https:\/\/www.facebook.com\/LesElfesVerbier","article_published_time":"2021-07-25T13:59:11+00:00","article_modified_time":"2025-01-07T09:06:47+00:00","og_image":[{"width":750,"height":563,"url":"https:\/\/dev.leselfes.com\/wp-content\/uploads\/2021\/07\/SUMMER-CAMP-DURING-THE-PANDEMIC-e1626365817386.jpg","type":"image\/jpeg"}],"author":"lesadmin","twitter_card":"summary_large_image","twitter_creator":"@LesElfesCamps","twitter_site":"@LesElfesCamps","twitter_misc":{"\u00c9crit par":"lesadmin","Dur\u00e9e de lecture estim\u00e9e":"16 minutes"},"schema":{"@context":"https:\/\/schema.org","@graph":[{"@type":"Article","@id":"https:\/\/www.leselfes.com\/fr\/les-colonies-de-vacances-pendant-la-pandemie-sont-elles-sans-danger-pour-les-enfants\/#article","isPartOf":{"@id":"https:\/\/www.leselfes.com\/fr\/les-colonies-de-vacances-pendant-la-pandemie-sont-elles-sans-danger-pour-les-enfants\/"},"author":{"name":"lesadmin","@id":"https:\/\/dev.leselfes.com\/#\/schema\/person\/407a229698868b8c603874b19f37f289"},"headline":"Les colonies de vacances pendant la pand\u00e9mie sont-elles sans danger pour les enfants ?","datePublished":"2021-07-25T13:59:11+00:00","dateModified":"2025-01-07T09:06:47+00:00","mainEntityOfPage":{"@id":"https:\/\/www.leselfes.com\/fr\/les-colonies-de-vacances-pendant-la-pandemie-sont-elles-sans-danger-pour-les-enfants\/"},"wordCount":3305,"publisher":{"@id":"https:\/\/dev.leselfes.com\/#organization"},"image":{"@id":"https:\/\/www.leselfes.com\/fr\/les-colonies-de-vacances-pendant-la-pandemie-sont-elles-sans-danger-pour-les-enfants\/#primaryimage"},"thumbnailUrl":"https:\/\/www.leselfes.com\/wp-content\/uploads\/2021\/07\/SUMMER-CAMP-DURING-THE-PANDEMIC-e1626365817386.jpg","articleSection":["Articles","Camp d'\u00e9t\u00e9"],"inLanguage":"fr-FR"},{"@type":"WebPage","@id":"https:\/\/www.leselfes.com\/fr\/les-colonies-de-vacances-pendant-la-pandemie-sont-elles-sans-danger-pour-les-enfants\/","url":"https:\/\/www.leselfes.com\/fr\/les-colonies-de-vacances-pendant-la-pandemie-sont-elles-sans-danger-pour-les-enfants\/","name":"Les colonies de vacances pendant la pand\u00e9mie sont-elles sans danger pour les enfants ? - Les Elfes International Camps Switzerland","isPartOf":{"@id":"https:\/\/dev.leselfes.com\/#website"},"primaryImageOfPage":{"@id":"https:\/\/www.leselfes.com\/fr\/les-colonies-de-vacances-pendant-la-pandemie-sont-elles-sans-danger-pour-les-enfants\/#primaryimage"},"image":{"@id":"https:\/\/www.leselfes.com\/fr\/les-colonies-de-vacances-pendant-la-pandemie-sont-elles-sans-danger-pour-les-enfants\/#primaryimage"},"thumbnailUrl":"https:\/\/www.leselfes.com\/wp-content\/uploads\/2021\/07\/SUMMER-CAMP-DURING-THE-PANDEMIC-e1626365817386.jpg","datePublished":"2021-07-25T13:59:11+00:00","dateModified":"2025-01-07T09:06:47+00:00","breadcrumb":{"@id":"https:\/\/www.leselfes.com\/fr\/les-colonies-de-vacances-pendant-la-pandemie-sont-elles-sans-danger-pour-les-enfants\/#breadcrumb"},"inLanguage":"fr-FR","potentialAction":[{"@type":"ReadAction","target":["https:\/\/www.leselfes.com\/fr\/les-colonies-de-vacances-pendant-la-pandemie-sont-elles-sans-danger-pour-les-enfants\/"]}]},{"@type":"ImageObject","inLanguage":"fr-FR","@id":"https:\/\/www.leselfes.com\/fr\/les-colonies-de-vacances-pendant-la-pandemie-sont-elles-sans-danger-pour-les-enfants\/#primaryimage","url":"https:\/\/www.leselfes.com\/wp-content\/uploads\/2021\/07\/SUMMER-CAMP-DURING-THE-PANDEMIC-e1626365817386.jpg","contentUrl":"https:\/\/www.leselfes.com\/wp-content\/uploads\/2021\/07\/SUMMER-CAMP-DURING-THE-PANDEMIC-e1626365817386.jpg","width":750,"height":563},{"@type":"BreadcrumbList","@id":"https:\/\/www.leselfes.com\/fr\/les-colonies-de-vacances-pendant-la-pandemie-sont-elles-sans-danger-pour-les-enfants\/#breadcrumb","itemListElement":[{"@type":"ListItem","position":1,"name":"Home","item":"https:\/\/www.leselfes.com\/fr\/"},{"@type":"ListItem","position":2,"name":"Les colonies de vacances pendant la pand\u00e9mie sont-elles sans danger pour les enfants ?"}]},{"@type":"WebSite","@id":"https:\/\/dev.leselfes.com\/#website","url":"https:\/\/dev.leselfes.com\/","name":"Les Elfes International","description":"Les Elfes International, Verbier Switzerland. Summer Camp, Winter Camp, Spring Camps.","publisher":{"@id":"https:\/\/dev.leselfes.com\/#organization"},"alternateName":"Les Elfes International","potentialAction":[{"@type":"SearchAction","target":{"@type":"EntryPoint","urlTemplate":"https:\/\/dev.leselfes.com\/?s={search_term_string}"},"query-input":{"@type":"PropertyValueSpecification","valueRequired":true,"valueName":"search_term_string"}}],"inLanguage":"fr-FR"},{"@type":"Organization","@id":"https:\/\/dev.leselfes.com\/#organization","name":"Les Elfes International","alternateName":"Les Elfes International","url":"https:\/\/dev.leselfes.com\/","logo":{"@type":"ImageObject","inLanguage":"fr-FR","@id":"https:\/\/dev.leselfes.com\/#\/schema\/logo\/image\/","url":"https:\/\/www.leselfes.com\/wp-content\/uploads\/2022\/03\/leselfes-logo.png","contentUrl":"https:\/\/www.leselfes.com\/wp-content\/uploads\/2022\/03\/leselfes-logo.png","width":233,"height":51,"caption":"Les Elfes International"},"image":{"@id":"https:\/\/dev.leselfes.com\/#\/schema\/logo\/image\/"},"sameAs":["https:\/\/www.facebook.com\/LesElfesVerbier","https:\/\/x.com\/LesElfesCamps","https:\/\/www.instagram.com\/leselfes","https:\/\/www.linkedin.com\/company\/les-elfes-international","https:\/\/www.youtube.com\/user\/LesElfesVerbier"]},{"@type":"Person","@id":"https:\/\/dev.leselfes.com\/#\/schema\/person\/407a229698868b8c603874b19f37f289","name":"lesadmin","image":{"@type":"ImageObject","inLanguage":"fr-FR","@id":"https:\/\/dev.leselfes.com\/#\/schema\/person\/image\/","url":"https:\/\/secure.gravatar.com\/avatar\/fdb243a028df450397b3632d862f87f6?s=96&d=mm&r=g","contentUrl":"https:\/\/secure.gravatar.com\/avatar\/fdb243a028df450397b3632d862f87f6?s=96&d=mm&r=g","caption":"lesadmin"},"url":"https:\/\/www.leselfes.com\/fr\/author\/lesadmin\/"}]}},"_links":{"self":[{"href":"https:\/\/www.leselfes.com\/fr\/wp-json\/wp\/v2\/posts\/95677"}],"collection":[{"href":"https:\/\/www.leselfes.com\/fr\/wp-json\/wp\/v2\/posts"}],"about":[{"href":"https:\/\/www.leselfes.com\/fr\/wp-json\/wp\/v2\/types\/post"}],"author":[{"embeddable":true,"href":"https:\/\/www.leselfes.com\/fr\/wp-json\/wp\/v2\/users\/1"}],"replies":[{"embeddable":true,"href":"https:\/\/www.leselfes.com\/fr\/wp-json\/wp\/v2\/comments?post=95677"}],"version-history":[{"count":0,"href":"https:\/\/www.leselfes.com\/fr\/wp-json\/wp\/v2\/posts\/95677\/revisions"}],"wp:featuredmedia":[{"embeddable":true,"href":"https:\/\/www.leselfes.com\/fr\/wp-json\/wp\/v2\/media\/77142"}],"wp:attachment":[{"href":"https:\/\/www.leselfes.com\/fr\/wp-json\/wp\/v2\/media?parent=95677"}],"wp:term":[{"taxonomy":"category","embeddable":true,"href":"https:\/\/www.leselfes.com\/fr\/wp-json\/wp\/v2\/categories?post=95677"},{"taxonomy":"post_tag","embeddable":true,"href":"https:\/\/www.leselfes.com\/fr\/wp-json\/wp\/v2\/tags?post=95677"}],"curies":[{"name":"wp","href":"https:\/\/api.w.org\/{rel}","templated":true}]}}