{"id":95711,"date":"2021-09-07T12:59:49","date_gmt":"2021-09-07T10:59:49","guid":{"rendered":"https:\/\/www.leselfes.com\/camp-dautomne-activites-de-camp-dautomne-pour-vos-vacances\/"},"modified":"2025-01-07T10:05:57","modified_gmt":"2025-01-07T09:05:57","slug":"camp-dautomne-activites-de-camp-dautomne-pour-vos-vacances","status":"publish","type":"post","link":"https:\/\/www.leselfes.com\/fr\/camp-dautomne-activites-de-camp-dautomne-pour-vos-vacances\/","title":{"rendered":"Camp d&rsquo;automne : Activit\u00e9s de camp d&rsquo;automne pour vos vacances"},"content":{"rendered":"<p>L&rsquo;<strong>automne<\/strong> est enfin l\u00e0, et avec lui vient l&rsquo;occasion de porter vos pr\u00e9cieux pulls d&rsquo;automne et de satisfaire vos envies de desserts aux pommes.<br \/>\nM\u00eame si les activit\u00e9s estivales passionnantes vous manqueront, les campeurs peuvent s&rsquo;adonner \u00e0 diverses activit\u00e9s amusantes dans le cadre d&rsquo;une <strong>colonie de vacances d&rsquo;automne. <\/strong>  <\/p>\n<h4>\n\t\t\t\t<div id=\"ez-toc-container\" class=\"ez-toc-v2_0_73 ez-toc-wrap-left counter-hierarchy ez-toc-counter ez-toc-grey ez-toc-container-direction\">\n<div class=\"ez-toc-title-container\">\n<span class=\"ez-toc-title ez-toc-toggle\" style=\"cursor:pointer\">Table of Contents<\/span>\n<span class=\"ez-toc-title-toggle\"><a href=\"#\" class=\"ez-toc-pull-right ez-toc-btn ez-toc-btn-xs ez-toc-btn-default ez-toc-toggle\" aria-label=\"Toggle Table of Content\"><span class=\"ez-toc-js-icon-con\"><span class=\"\"><span class=\"eztoc-hide\" style=\"display:none;\">Toggle<\/span><span class=\"ez-toc-icon-toggle-span\"><svg style=\"fill: #999;color:#999\" xmlns=\"http:\/\/www.w3.org\/2000\/svg\" class=\"list-377408\" width=\"20px\" height=\"20px\" viewBox=\"0 0 24 24\" fill=\"none\"><path d=\"M6 6H4v2h2V6zm14 0H8v2h12V6zM4 11h2v2H4v-2zm16 0H8v2h12v-2zM4 16h2v2H4v-2zm16 0H8v2h12v-2z\" fill=\"currentColor\"><\/path><\/svg><svg style=\"fill: #999;color:#999\" class=\"arrow-unsorted-368013\" xmlns=\"http:\/\/www.w3.org\/2000\/svg\" width=\"10px\" height=\"10px\" viewBox=\"0 0 24 24\" version=\"1.2\" baseProfile=\"tiny\"><path d=\"M18.2 9.3l-6.2-6.3-6.2 6.3c-.2.2-.3.4-.3.7s.1.5.3.7c.2.2.4.3.7.3h11c.3 0 .5-.1.7-.3.2-.2.3-.5.3-.7s-.1-.5-.3-.7zM5.8 14.7l6.2 6.3 6.2-6.3c.2-.2.3-.5.3-.7s-.1-.5-.3-.7c-.2-.2-.4-.3-.7-.3h-11c-.3 0-.5.1-.7.3-.2.2-.3.5-.3.7s.1.5.3.7z\"\/><\/svg><\/span><\/span><\/span><\/a><\/span><\/div>\n<nav><ul class='ez-toc-list ez-toc-list-level-1 eztoc-toggle-hide-by-default' ><li class='ez-toc-page-1 ez-toc-heading-level-2'><a class=\"ez-toc-link ez-toc-heading-1\" href=\"https:\/\/www.leselfes.com\/fr\/camp-dautomne-activites-de-camp-dautomne-pour-vos-vacances\/#Activites_de_camp_dautomne_pour_vos_vacances\" title=\"Activit\u00e9s de camp d&rsquo;automne pour vos vacances\">Activit\u00e9s de camp d&rsquo;automne pour vos vacances<\/a><ul class='ez-toc-list-level-3' ><li class='ez-toc-heading-level-3'><a class=\"ez-toc-link ez-toc-heading-2\" href=\"https:\/\/www.leselfes.com\/fr\/camp-dautomne-activites-de-camp-dautomne-pour-vos-vacances\/#%E2%80%93_Cueillette_des_pommes\" title=\"&#8211; Cueillette des pommes\">&#8211; Cueillette des pommes<\/a><\/li><li class='ez-toc-page-1 ez-toc-heading-level-3'><a class=\"ez-toc-link ez-toc-heading-3\" href=\"https:\/\/www.leselfes.com\/fr\/camp-dautomne-activites-de-camp-dautomne-pour-vos-vacances\/#%E2%80%93_Observation_des_oiseaux\" title=\"&#8211; Observation des oiseaux\">&#8211; Observation des oiseaux<\/a><\/li><li class='ez-toc-page-1 ez-toc-heading-level-3'><a class=\"ez-toc-link ez-toc-heading-4\" href=\"https:\/\/www.leselfes.com\/fr\/camp-dautomne-activites-de-camp-dautomne-pour-vos-vacances\/#%E2%80%93_Sculpter_une_citrouille\" title=\"&#8211; Sculpter une citrouille\">&#8211; Sculpter une citrouille<\/a><\/li><li class='ez-toc-page-1 ez-toc-heading-level-3'><a class=\"ez-toc-link ez-toc-heading-5\" href=\"https:\/\/www.leselfes.com\/fr\/camp-dautomne-activites-de-camp-dautomne-pour-vos-vacances\/#%E2%80%93_Se_presenter_a_un_festival\" title=\"&#8211; Se pr\u00e9senter \u00e0 un festival\">&#8211; Se pr\u00e9senter \u00e0 un festival<\/a><\/li><li class='ez-toc-page-1 ez-toc-heading-level-3'><a class=\"ez-toc-link ez-toc-heading-6\" href=\"https:\/\/www.leselfes.com\/fr\/camp-dautomne-activites-de-camp-dautomne-pour-vos-vacances\/#%E2%80%93_Collecte_de_feuilles\" title=\"&#8211; Collecte de feuilles\">&#8211; Collecte de feuilles<\/a><\/li><li class='ez-toc-page-1 ez-toc-heading-level-3'><a class=\"ez-toc-link ez-toc-heading-7\" href=\"https:\/\/www.leselfes.com\/fr\/camp-dautomne-activites-de-camp-dautomne-pour-vos-vacances\/#%E2%80%93_Randonnee_de_mi-journee\" title=\"&#8211; Randonn\u00e9e de mi-journ\u00e9e\">&#8211; Randonn\u00e9e de mi-journ\u00e9e<\/a><\/li><li class='ez-toc-page-1 ez-toc-heading-level-3'><a class=\"ez-toc-link ez-toc-heading-8\" href=\"https:\/\/www.leselfes.com\/fr\/camp-dautomne-activites-de-camp-dautomne-pour-vos-vacances\/#%E2%80%93_Peche_dautomne\" title=\"&#8211; P\u00eache d&rsquo;automne\">&#8211; P\u00eache d&rsquo;automne<\/a><\/li><li class='ez-toc-page-1 ez-toc-heading-level-3'><a class=\"ez-toc-link ez-toc-heading-9\" href=\"https:\/\/www.leselfes.com\/fr\/camp-dautomne-activites-de-camp-dautomne-pour-vos-vacances\/#%E2%80%93_Canoe\" title=\"&#8211; Cano\u00eb\">&#8211; Cano\u00eb<\/a><\/li><\/ul><\/li><li class='ez-toc-page-1 ez-toc-heading-level-2'><a class=\"ez-toc-link ez-toc-heading-10\" href=\"https:\/\/www.leselfes.com\/fr\/camp-dautomne-activites-de-camp-dautomne-pour-vos-vacances\/#Comment_rendre_votre_camp_dautomne_passionnant\" title=\"Comment rendre votre camp d&rsquo;automne passionnant ?\">Comment rendre votre camp d&rsquo;automne passionnant ?<\/a><ul class='ez-toc-list-level-3' ><li class='ez-toc-heading-level-3'><a class=\"ez-toc-link ez-toc-heading-11\" href=\"https:\/\/www.leselfes.com\/fr\/camp-dautomne-activites-de-camp-dautomne-pour-vos-vacances\/#%E2%80%93_Choisissez_lemplacement_ideal\" title=\"&#8211; Choisissez l&#8217;emplacement id\u00e9al\">&#8211; Choisissez l&#8217;emplacement id\u00e9al<\/a><\/li><li class='ez-toc-page-1 ez-toc-heading-level-3'><a class=\"ez-toc-link ez-toc-heading-12\" href=\"https:\/\/www.leselfes.com\/fr\/camp-dautomne-activites-de-camp-dautomne-pour-vos-vacances\/#%E2%80%93_Soyez_a_laffut_de_la_faune_et_de_la_flore\" title=\"&#8211; Soyez \u00e0 l&rsquo;aff\u00fbt de la faune et de la flore\">&#8211; Soyez \u00e0 l&rsquo;aff\u00fbt de la faune et de la flore<\/a><\/li><li class='ez-toc-page-1 ez-toc-heading-level-3'><a class=\"ez-toc-link ez-toc-heading-13\" href=\"https:\/\/www.leselfes.com\/fr\/camp-dautomne-activites-de-camp-dautomne-pour-vos-vacances\/#%E2%80%93_Prevoyez_suffisamment_de_temps_pour_linstallation\" title=\"&#8211; Pr\u00e9voyez suffisamment de temps pour l&rsquo;installation\">&#8211; Pr\u00e9voyez suffisamment de temps pour l&rsquo;installation<\/a><\/li><li class='ez-toc-page-1 ez-toc-heading-level-3'><a class=\"ez-toc-link ez-toc-heading-14\" href=\"https:\/\/www.leselfes.com\/fr\/camp-dautomne-activites-de-camp-dautomne-pour-vos-vacances\/#%E2%80%93_Buvez_suffisamment_deau\" title=\"&#8211; Buvez suffisamment d&rsquo;eau\">&#8211; Buvez suffisamment d&rsquo;eau<\/a><\/li><\/ul><\/li><li class='ez-toc-page-1 ez-toc-heading-level-2'><a class=\"ez-toc-link ez-toc-heading-15\" href=\"https:\/\/www.leselfes.com\/fr\/camp-dautomne-activites-de-camp-dautomne-pour-vos-vacances\/#A_emporter\" title=\"\u00c0 emporter\">\u00c0 emporter<\/a><\/li><\/ul><\/nav><\/div>\n\t\t\t<\/h4>\n<p style=\"text-align: center;\">Vous envisagez d&rsquo;inscrire votre enfant \u00e0 un camp d&rsquo;automne en 2021 ?<\/p>\n<p style=\"text-align: center;\">D\u00e9couvrez ce que Les Elfes ont \u00e0 vous offrir !<\/p>\n<p>\t\t\t<a href=\"https:\/\/www.leselfes.com\/autumn-camp\/\" target=\"_blank\" role=\"button\" rel=\"noopener\"><br \/>\n  CAMP D&rsquo;AUTOMNE LES ELFES<br \/>\n\t\t\t\t\t<\/a><\/p>\n<p>\n\n<p>\u00a0<\/p>\n<p><\/p><\/p>\n<p>\n\n<h2><span class=\"ez-toc-section\" id=\"Activites_de_camp_dautomne_pour_vos_vacances\"><\/span>Activit\u00e9s de camp d&rsquo;automne pour vos vacances<span class=\"ez-toc-section-end\"><\/span><\/h2>\n<p><\/p><\/p>\n<p>\n\n<p>En g\u00e9n\u00e9ral, de nombreuses personnes de diverses r\u00e9gions du monde consid\u00e8rent le camping comme une activit\u00e9 estivale.\nPourtant, partir en <strong>camp d&rsquo;automne<\/strong> <a href=\"\">peut \u00eatre une exp\u00e9rience \u00e0 couper le souffle<\/a>.\nLes matin\u00e9es anim\u00e9es, les apr\u00e8s-midi ensoleill\u00e9s et le spectaculaire feuillage d&rsquo;automne rendent cette saison exceptionnelle.  <\/p>\n<p><\/p><\/p>\n<p>\n\n<p>Passer quelques nuits et quelques jours \u00e0 camper dans la jungle pendant cette saison est une exp\u00e9rience \u00e0 ne pas manquer.\nSi vos enfants partent camper pendant l&rsquo;automne, ils peuvent aussi participer \u00e0 diverses activit\u00e9s, notamment :   <\/p>\n<p><\/p><\/p>\n<p>\n\n<h3 class=\"wp-block-heading\"><span class=\"ez-toc-section\" id=\"%E2%80%93_Cueillette_des_pommes\"><\/span>&#8211; Cueillette des pommes<span class=\"ez-toc-section-end\"><\/span><\/h3>\n<p><a href=\"https:\/\/www.leselfes.com\/wp-content\/uploads\/2021\/09\/2-1-1.jpg\"><img loading=\"lazy\" decoding=\"async\" src=\"https:\/\/www.leselfes.com\/wp-content\/uploads\/2021\/09\/2-1-1.jpg\" alt=\"Apple Picking\" width=\"990\" height=\"660\"\/><\/a><\/p>\n<p><\/p><\/p>\n<p>\n<\/p>\n<p>\n\n<p>Si la cueillette des pommes peut para\u00eetre banale, elle peut \u00eatre une <strong>activit\u00e9<\/strong> passionnante pour <b>un camp d&rsquo;automne<\/b>.\nDe nombreux jardins de pommes se trouvent souvent \u00e0 proximit\u00e9 des terrains de camping, tandis que d&rsquo;autres se trouvent \u00e0 l&rsquo;int\u00e9rieur des propri\u00e9t\u00e9s. La <a href=\"\">cueillette des pommes est une<\/a> activit\u00e9 <a href=\"\">passionnante<\/a> pour toute la famille.\nIl vous suffit de prendre vos paniers et de vous mettre en route.\n\u00c0 la fin de cet exercice amusant, vous aurez suffisamment de pommes pour les manger le soir autour du feu de camp.   <\/p>\n<p><\/p><\/p>\n<p>\n\n<p>Les campeurs du secondaire peuvent m\u00eame participer \u00e0 des activit\u00e9s de fabrication de pommes au caramel dans la soir\u00e9e.\nLaver soigneusement les pommes avant de les manger est l&rsquo;une des meilleures pratiques de sant\u00e9 comportementale que tout campeur devrait conna\u00eetre.   <\/p>\n<p><\/p><\/p>\n<p>\n\n<h3 class=\"wp-block-heading\"><span class=\"ez-toc-section\" id=\"%E2%80%93_Observation_des_oiseaux\"><\/span>&#8211; Observation des oiseaux  <span class=\"ez-toc-section-end\"><\/span><\/h3>\n<p><\/p><\/p>\n<p>\n\n<figure><img decoding=\"async\" src=\"https:\/\/www.leselfes.com\/wp-content\/uploads\/2021\/09\/3.jpg\" alt=\"\"\/><\/figure>\n<p><\/p><\/p>\n<p>\n\n<p>L&rsquo;observation des oiseaux est l&rsquo;une des activit\u00e9s les plus passionnantes des camps d&rsquo;automne.\nPendant cette saison, de nombreuses esp\u00e8ces d&rsquo;oiseaux migrent d&rsquo;une r\u00e9gion \u00e0 l&rsquo;autre.\nLes campeurs auront donc l&rsquo;occasion de voir diff\u00e9rentes esp\u00e8ces d&rsquo;oiseaux indig\u00e8nes et de nouvelles esp\u00e8ces d&rsquo;oiseaux.  <\/p>\n<p><\/p><\/p>\n<p>\n\n<p>N&rsquo;oubliez pas que les p\u00e9riodes de pointe varient g\u00e9n\u00e9ralement d&rsquo;une r\u00e9gion \u00e0 l&rsquo;autre, mais que la p\u00e9riode la plus propice \u00e0 l&rsquo;observation des oiseaux se situe entre le d\u00e9but du mois de septembre et la mi-octobre.\nPr\u00e9voyez une paire de jumelles dans les bagages de camping de votre enfant, ainsi qu&rsquo;un livret d&rsquo;identification des oiseaux.\nIl est pr\u00e9f\u00e9rable d&rsquo;observer les oiseaux t\u00f4t le matin, car ils sont souvent plus actifs \u00e0 ce moment-l\u00e0.\nVous pouvez n\u00e9anmoins observer certaines esp\u00e8ces d&rsquo;oiseaux nocturnes comme le hibou.     <\/p>\n<p><\/p><\/p>\n<p>\n\n<h3 class=\"wp-block-heading\"><span class=\"ez-toc-section\" id=\"%E2%80%93_Sculpter_une_citrouille\"><\/span>&#8211; Sculpter une citrouille<span class=\"ez-toc-section-end\"><\/span><\/h3>\n<p><\/p><\/p>\n<p>\n\n<figure><\/figure>\n<p><a href=\"https:\/\/www.leselfes.com\/wp-content\/uploads\/2021\/09\/4-1-1.jpg\"><img loading=\"lazy\" decoding=\"async\" src=\"https:\/\/www.leselfes.com\/wp-content\/uploads\/2021\/09\/4-1-1.jpg\" alt=\"Pumpkin Carving\" width=\"990\" height=\"660\"\/><\/a><\/p>\n<p><\/p><\/p>\n<p>\n\n<p>Sculpter des citrouilles est une <strong>activit\u00e9 passionnante<\/strong> \u00e0 laquelle les campeurs peuvent s&rsquo;adonner pendant un <strong>camp d&rsquo;automne<\/strong>.\nLes campeurs peuvent cr\u00e9er les motifs de citrouille qu&rsquo;ils pr\u00e9f\u00e8rent tout au long de l&rsquo;automne.\nPr\u00e9parez des citrouilles ou achetez-en sur le chemin du camp.  <\/p>\n<p><\/p><\/p>\n<p>\n\n<p>L&rsquo;un des avantages de la sculpture sur citrouille en pleine nature est que vous pouvez le faire sans vous soucier d&rsquo;encombrer le salon avec des graines et des boyaux de citrouille.\nConsultez les lignes directrices de l&rsquo;American Camp Association pour vous inspirer des activit\u00e9s de sculpture sur citrouille et des mod\u00e8les sur le th\u00e8me du camping.   <\/p>\n<p><\/p><\/p>\n<p>\n\n<h3 class=\"wp-block-heading\"><span class=\"ez-toc-section\" id=\"%E2%80%93_Se_presenter_a_un_festival\"><\/span>&#8211; Se pr\u00e9senter \u00e0 un festival<span class=\"ez-toc-section-end\"><\/span><\/h3>\n<p><\/p><\/p>\n<p>\n\n<p>La saison automnale s&rsquo;accompagne de nombreux festivals passionnants pour toute la famille.\nRenseignez-vous sur les foires organis\u00e9es pr\u00e8s de votre camping, comme les labyrinthes de ma\u00efs, les foires aux pommes, les f\u00eates du travail, l&rsquo;Oktoberfest ou m\u00eame les manifestations d&rsquo;Halloween.\nCes \u00e9v\u00e9nements proposent de nombreuses activit\u00e9s et des plats d\u00e9licieux pour toute la famille.    <\/p>\n<p><\/p><\/p>\n<p>\n\n<h3 class=\"wp-block-heading\"><span class=\"ez-toc-section\" id=\"%E2%80%93_Collecte_de_feuilles\"><\/span>&#8211; Collecte de feuilles<span class=\"ez-toc-section-end\"><\/span><\/h3>\n<p><a href=\"https:\/\/www.leselfes.com\/wp-content\/uploads\/2021\/09\/5-1-1.jpg\"><img loading=\"lazy\" decoding=\"async\" src=\"https:\/\/www.leselfes.com\/wp-content\/uploads\/2021\/09\/5-1-1.jpg\" alt=\"Leaf Collecting\" width=\"990\" height=\"660\"\/><\/a><\/p>\n<p><\/p><\/p>\n<p>\n<\/p>\n<p>\n\n<p>\u00c0 l&rsquo;automne, les feuilles des arbres changent en pr\u00e9vision de la saison hivernale.\nLes campeurs auront donc l&rsquo;occasion de s&rsquo;\u00e9merveiller devant une vaste gamme de couleurs de feuilles et d&rsquo;esp\u00e8ces d&rsquo;arbres.\nLa collecte de feuilles est une activit\u00e9 passionnante pour toute la famille.  <\/p>\n<p><\/p><\/p>\n<p>\n\n<p>Faire participer toute l&rsquo;\u00e9quipe du camping \u00e0 des activit\u00e9s individuelles de ramassage de feuilles peut \u00eatre un moyen id\u00e9al d&rsquo;appr\u00e9cier la <strong>saison automnale<\/strong>.\nDe plus, les campeurs auront des souvenirs \u00e0 rapporter chez eux. <\/p>\n<p><\/p><\/p>\n<p>\n\n<p>Pr\u00e9voyez un livre d&rsquo;identification des feuilles pour rendre l&rsquo;exercice plus amusant.\nLes responsables du camp peuvent m\u00eame organiser un concours et r\u00e9compenser le campeur qui aura identifi\u00e9 le plus grand nombre de feuilles.\nLes campeurs peuvent \u00e9galement participer \u00e0 des projets artistiques sur le th\u00e8me de la nature au cours d&rsquo;un <strong>camp d&rsquo;automne<\/strong>.    <\/p>\n<p><\/p><\/p>\n<p>\n\n<h3 class=\"wp-block-heading\"><span class=\"ez-toc-section\" id=\"%E2%80%93_Randonnee_de_mi-journee\"><\/span>&#8211; Randonn\u00e9e de mi-journ\u00e9e<span class=\"ez-toc-section-end\"><\/span><\/h3>\n<p><\/p><\/p>\n<p>\n\n<p>En automne, les campeurs peuvent partir en randonn\u00e9e \u00e0 tout moment de la journ\u00e9e sans se soucier du temps qu&rsquo;il fait.\nLes apr\u00e8s-midi d&rsquo;automne ne sont pas aussi chauds que les apr\u00e8s-midi d&rsquo;\u00e9t\u00e9, qui peuvent \u00eatre extr\u00eamement chauds. <\/p>\n<p><\/p><\/p>\n<p>\n\n<p>Les <strong>randonn\u00e9es d&rsquo;automne<\/strong> sont excellentes car les campeurs peuvent continuer \u00e0 marcher sans souffrir d&rsquo;une humidit\u00e9 excessive.\nCependant, les campeurs doivent toujours s&rsquo;habiller en plusieurs couches.\nSi la journ\u00e9e peut \u00eatre agr\u00e9able et confortable au d\u00e9but, elle peut soudainement devenir chaude et inconfortable, en particulier si vous vous engagez dans une activit\u00e9 intense.    <\/p>\n<p><\/p><\/p>\n<p>\n\n<h3 class=\"wp-block-heading\"><span class=\"ez-toc-section\" id=\"%E2%80%93_Peche_dautomne\"><\/span>&#8211; P\u00eache d&rsquo;automne<span class=\"ez-toc-section-end\"><\/span><\/h3>\n<p><\/p><\/p>\n<p>\n\n<p>Les activit\u00e9s de p\u00eache peuvent \u00eatre amusantes et vous pouvez continuer \u00e0 les pratiquer pendant l&rsquo;automne.\nLouez des cannes \u00e0 p\u00eache dans le <strong>camp d&rsquo;automne<\/strong> que vous visiterez, partez \u00e0 la p\u00eache et attrapez du poisson.\nLe meilleur moment pour p\u00eacher en automne est le soir ou l&rsquo;apr\u00e8s-midi, lorsque l&rsquo;eau est un peu chaude.\nLe brochet et la truite figurent parmi les esp\u00e8ces de poissons que les campeurs peuvent attraper.     <\/p>\n<p><\/p><\/p>\n<p>\n\n<h3 class=\"wp-block-heading\"><span class=\"ez-toc-section\" id=\"%E2%80%93_Canoe\"><\/span>&#8211; Cano\u00eb<span class=\"ez-toc-section-end\"><\/span><\/h3>\n<p><\/p><\/p>\n<p>\n<\/p>\n<p>\n\n<p>Beaucoup de gens pr\u00e9f\u00e8rent se baigner en \u00e9t\u00e9, mais vous pouvez toujours vous plonger dans les rivi\u00e8res et les lacs en automne.\nPortez votre gilet de sauvetage, montez dans un cano\u00eb et partez \u00e0 la d\u00e9couverte des plans d&rsquo;eau \u00e0 proximit\u00e9 de votre camping.\nN&rsquo;oubliez pas que l&rsquo;automne n&rsquo;est pas la saison id\u00e9ale pour retourner votre cano\u00eb.    <\/p>\n<p><\/p><\/p>\n<p>\n\n<p>Le <a href=\"https:\/\/www.leselfes.com\/fr\/\">camp d&rsquo;\u00e9t\u00e9 international Les Elfes<\/a> propose un large \u00e9ventail d&rsquo;activit\u00e9s automnales pour toute la famille. Si vous campez en \u00e9quipe, \u00e9vitez de trop programmer vos journ\u00e9es. L&rsquo;un des aspects passionnants du camping en pleine nature est de vous lib\u00e9rer de votre programme quotidien habituel.  <\/p>\n<p><\/p><\/p>\n<p>\n\n<p>N&rsquo;oubliez pas que le temps est souvent doux en automne, mais qu&rsquo;il peut changer brusquement et vous obliger \u00e0 modifier vos plans.\nL\u00e0 encore, vous serez peut-\u00eatre surpris par les activit\u00e9s nouvelles et passionnantes qui se d\u00e9rouleront sur le terrain de camping.   <\/p>\n<p><\/p><\/p>\n<p>\n\n<h2 class=\"wp-block-heading\"><span class=\"ez-toc-section\" id=\"Comment_rendre_votre_camp_dautomne_passionnant\"><\/span>Comment rendre votre camp d&rsquo;automne passionnant ?<span class=\"ez-toc-section-end\"><\/span><\/h2>\n<p><\/p><\/p>\n<p>\n\n<p>Si vous souhaitez faire du camping \u00e0 l&rsquo;automne, envisagez de le faire d\u00e8s le d\u00e9but.\nM\u00eame si le temps se rafra\u00eechit, il ne sera pas inconfortable pour les activit\u00e9s de plein air.\nVoici quelques conseils de camping pour l&rsquo;automne qui rendront votre voyage inoubliable.  <\/p>\n<p><\/p><\/p>\n<p>\n\n<h3 class=\"wp-block-heading\"><span class=\"ez-toc-section\" id=\"%E2%80%93_Choisissez_lemplacement_ideal\"><\/span>&#8211; Choisissez l&#8217;emplacement id\u00e9al<span class=\"ez-toc-section-end\"><\/span><\/h3>\n<p><\/p><\/p>\n<p>\n\n<p>Les activit\u00e9s d&rsquo;automne varient d&rsquo;un camping \u00e0 l&rsquo;autre.\nRecherchez les meilleurs endroits en fonction de vos activit\u00e9s automnales pr\u00e9f\u00e9r\u00e9es.   <\/p>\n<p><\/p><\/p>\n<p>\n\n<h3 class=\"wp-block-heading\"><span class=\"ez-toc-section\" id=\"%E2%80%93_Soyez_a_laffut_de_la_faune_et_de_la_flore\"><\/span>&#8211; Soyez \u00e0 l&rsquo;aff\u00fbt de la faune et de la flore<span class=\"ez-toc-section-end\"><\/span><\/h3>\n<p><\/p><\/p>\n<p>\n\n<p>Conservez les restes de nourriture dans un endroit s\u00fbr afin d&rsquo;\u00e9viter l&rsquo;invasion d&rsquo;animaux sauvages.  <\/p>\n<p><\/p><\/p>\n<p>\n\n<h3 class=\"wp-block-heading\"><span class=\"ez-toc-section\" id=\"%E2%80%93_Prevoyez_suffisamment_de_temps_pour_linstallation\"><\/span>&#8211; Pr\u00e9voyez suffisamment de temps pour l&rsquo;installation<span class=\"ez-toc-section-end\"><\/span><\/h3>\n<p><\/p><\/p>\n<p>\n\n<p>La nuit tombe t\u00f4t pendant l&rsquo;automne et vous ne voulez pas commencer \u00e0 vous installer dans l&rsquo;obscurit\u00e9.\nPr\u00e9parez-vous \u00e0 arriver t\u00f4t \u00e0 votre emplacement de camping et \u00e0 avoir suffisamment de temps pour vous installer en plein jour.   <\/p>\n<p><\/p><\/p>\n<p>\n\n<h3 class=\"wp-block-heading\"><span class=\"ez-toc-section\" id=\"%E2%80%93_Buvez_suffisamment_deau\"><\/span>&#8211; Buvez suffisamment d&rsquo;eau<span class=\"ez-toc-section-end\"><\/span><\/h3>\n<p><\/p><\/p>\n<p>\n\n<p>Lorsque le temps commence \u00e0 se rafra\u00eechir, vous risquez d&rsquo;oublier l&rsquo;importance de l&rsquo;hydratation.\nEmportez et buvez toujours des quantit\u00e9s suffisantes d&rsquo;eau, en particulier lorsque vous vous engagez dans des activit\u00e9s intenses comme la randonn\u00e9e.   <\/p>\n<p><\/p><\/p>\n<p>\n\n<h2 class=\"wp-block-heading\"><span class=\"ez-toc-section\" id=\"A_emporter\"><\/span>\u00c0 emporter<span class=\"ez-toc-section-end\"><\/span><\/h2>\n<p><\/p><\/p>\n<p>\n\n<p>La planification est essentielle, quel que soit le nombre de fois o\u00f9 vous avez d\u00e9j\u00e0 camp\u00e9.\nN&rsquo;oubliez pas que chaque voyage de camping est diff\u00e9rent et que vous devez planifier et \u00eatre pr\u00eat \u00e0 faire face \u00e0 tout ce qui pourrait survenir en cours de route. <\/p>\n<p><\/p><\/p>\n<p>\n\n<p>Pr\u00e9parez une liste de bagages \u00e0 l&rsquo;avance et cochez-la au fur et \u00e0 mesure que vous faites vos valises pour vous assurer que tout le monde emporte l&rsquo;essentiel.\nSurveillez la m\u00e9t\u00e9o avant de partir et pr\u00e9parez l&rsquo;\u00e9quipement ad\u00e9quat pour vous tenir au chaud.\nEn planifiant vos activit\u00e9s, vous tirerez le meilleur parti de votre <strong>camp d&rsquo;automne<\/strong>. <a href=\"\">Visitez le site web<\/a> pour plus de conseils.  <\/p>\n<p>\u00a0<\/p>\n<p><\/p><\/p>\n<p>\n\n<p><\/p><\/p>\n<p>\n\n<p><\/p><\/p>\n<p>VOUS CHERCHEZ UN CAMP D&rsquo;AUTOMNE POUR VOTRE ENFANT ?<\/p>\n<p>\t\t\t<a href=\"https:\/\/www.leselfes.com\/autumn-camp\/\" target=\"_blank\" role=\"button\" rel=\"noopener\"><br \/>\n  VISITEZ NOTRE PAGE SUR LES CAMPS D&rsquo;AUTOMNE<br \/>\n\t\t\t\t\t<\/a><br \/>\n\t\t\t<a href=\"https:\/\/www.leselfes.com\/contact-quote-request\/\" target=\"_blank\" role=\"button\" rel=\"noopener\"><br \/>\n  CONTACTEZ NOTRE SI\u00c8GE SOCIAL<br \/>\n\t\t\t\t\t<\/a><\/p>\n","protected":false},"excerpt":{"rendered":"<p>L&rsquo;automne est enfin l\u00e0, et avec lui vient l&rsquo;occasion de porter vos pr\u00e9cieux pulls d&rsquo;automne et de satisfaire vos envies de desserts aux pommes. M\u00eame si les activit\u00e9s estivales passionnantes&#8230;<\/p>\n","protected":false},"author":1,"featured_media":77632,"comment_status":"closed","ping_status":"open","sticky":false,"template":"","format":"standard","meta":{"_acf_changed":false,"inline_featured_image":false,"footnotes":""},"categories":[1356],"tags":[1962,1961],"class_list":{"0":"post-95711","1":"post","2":"type-post","3":"status-publish","4":"format-standard","5":"has-post-thumbnail","7":"category-articles-fr","8":"tag-activites-du-camp-dautomne","9":"tag-camp-dautomne"},"acf":[],"yoast_head":"<!-- This site is optimized with the Yoast SEO Premium plugin v24.2 (Yoast SEO v24.7) - https:\/\/yoast.com\/wordpress\/plugins\/seo\/ -->\n<title>Camp d&#039;automne : Activit\u00e9s de camp d&#039;automne pour vos vacances - Les Elfes International Camps Switzerland<\/title>\n<meta name=\"robots\" content=\"index, follow, max-snippet:-1, max-image-preview:large, max-video-preview:-1\" \/>\n<link rel=\"canonical\" href=\"https:\/\/www.leselfes.com\/fr\/camp-dautomne-activites-de-camp-dautomne-pour-vos-vacances\/\" \/>\n<meta property=\"og:locale\" content=\"fr_FR\" \/>\n<meta property=\"og:type\" content=\"article\" \/>\n<meta property=\"og:title\" content=\"Camp d&#039;automne : Activit\u00e9s de camp d&#039;automne pour vos vacances\" \/>\n<meta property=\"og:description\" content=\"L&rsquo;automne est enfin l\u00e0, et avec lui vient l&rsquo;occasion de porter vos pr\u00e9cieux pulls d&rsquo;automne et de satisfaire vos envies de desserts aux pommes. M\u00eame si les activit\u00e9s estivales passionnantes...\" \/>\n<meta property=\"og:url\" content=\"https:\/\/www.leselfes.com\/fr\/camp-dautomne-activites-de-camp-dautomne-pour-vos-vacances\/\" \/>\n<meta property=\"og:site_name\" content=\"Les Elfes International Camps Switzerland\" \/>\n<meta property=\"article:publisher\" content=\"https:\/\/www.facebook.com\/LesElfesVerbier\" \/>\n<meta property=\"article:published_time\" content=\"2021-09-07T10:59:49+00:00\" \/>\n<meta property=\"article:modified_time\" content=\"2025-01-07T09:05:57+00:00\" \/>\n<meta property=\"og:image\" content=\"https:\/\/dev.leselfes.com\/wp-content\/uploads\/2021\/09\/Autumn-camp-e1631638426101.jpg\" \/>\n\t<meta property=\"og:image:width\" content=\"800\" \/>\n\t<meta property=\"og:image:height\" content=\"553\" \/>\n\t<meta property=\"og:image:type\" content=\"image\/jpeg\" \/>\n<meta name=\"author\" content=\"lesadmin\" \/>\n<meta name=\"twitter:card\" content=\"summary_large_image\" \/>\n<meta name=\"twitter:creator\" content=\"@LesElfesCamps\" \/>\n<meta name=\"twitter:site\" content=\"@LesElfesCamps\" \/>\n<meta name=\"twitter:label1\" content=\"\u00c9crit par\" \/>\n\t<meta name=\"twitter:data1\" content=\"lesadmin\" \/>\n\t<meta name=\"twitter:label2\" content=\"Dur\u00e9e de lecture estim\u00e9e\" \/>\n\t<meta name=\"twitter:data2\" content=\"7 minutes\" \/>\n<script type=\"application\/ld+json\" class=\"yoast-schema-graph\">{\"@context\":\"https:\/\/schema.org\",\"@graph\":[{\"@type\":\"Article\",\"@id\":\"https:\/\/www.leselfes.com\/fr\/camp-dautomne-activites-de-camp-dautomne-pour-vos-vacances\/#article\",\"isPartOf\":{\"@id\":\"https:\/\/www.leselfes.com\/fr\/camp-dautomne-activites-de-camp-dautomne-pour-vos-vacances\/\"},\"author\":{\"name\":\"lesadmin\",\"@id\":\"https:\/\/dev.leselfes.com\/#\/schema\/person\/407a229698868b8c603874b19f37f289\"},\"headline\":\"Camp d&rsquo;automne : Activit\u00e9s de camp d&rsquo;automne pour vos vacances\",\"datePublished\":\"2021-09-07T10:59:49+00:00\",\"dateModified\":\"2025-01-07T09:05:57+00:00\",\"mainEntityOfPage\":{\"@id\":\"https:\/\/www.leselfes.com\/fr\/camp-dautomne-activites-de-camp-dautomne-pour-vos-vacances\/\"},\"wordCount\":1544,\"publisher\":{\"@id\":\"https:\/\/dev.leselfes.com\/#organization\"},\"image\":{\"@id\":\"https:\/\/www.leselfes.com\/fr\/camp-dautomne-activites-de-camp-dautomne-pour-vos-vacances\/#primaryimage\"},\"thumbnailUrl\":\"https:\/\/www.leselfes.com\/wp-content\/uploads\/2021\/09\/Autumn-camp-e1631638426101.jpg\",\"keywords\":[\"Activit\u00e9s du camp d'automne\",\"Camp d'automne\"],\"articleSection\":[\"Articles\"],\"inLanguage\":\"fr-FR\"},{\"@type\":\"WebPage\",\"@id\":\"https:\/\/www.leselfes.com\/fr\/camp-dautomne-activites-de-camp-dautomne-pour-vos-vacances\/\",\"url\":\"https:\/\/www.leselfes.com\/fr\/camp-dautomne-activites-de-camp-dautomne-pour-vos-vacances\/\",\"name\":\"Camp d'automne : Activit\u00e9s de camp d'automne pour vos vacances - Les Elfes International Camps Switzerland\",\"isPartOf\":{\"@id\":\"https:\/\/dev.leselfes.com\/#website\"},\"primaryImageOfPage\":{\"@id\":\"https:\/\/www.leselfes.com\/fr\/camp-dautomne-activites-de-camp-dautomne-pour-vos-vacances\/#primaryimage\"},\"image\":{\"@id\":\"https:\/\/www.leselfes.com\/fr\/camp-dautomne-activites-de-camp-dautomne-pour-vos-vacances\/#primaryimage\"},\"thumbnailUrl\":\"https:\/\/www.leselfes.com\/wp-content\/uploads\/2021\/09\/Autumn-camp-e1631638426101.jpg\",\"datePublished\":\"2021-09-07T10:59:49+00:00\",\"dateModified\":\"2025-01-07T09:05:57+00:00\",\"breadcrumb\":{\"@id\":\"https:\/\/www.leselfes.com\/fr\/camp-dautomne-activites-de-camp-dautomne-pour-vos-vacances\/#breadcrumb\"},\"inLanguage\":\"fr-FR\",\"potentialAction\":[{\"@type\":\"ReadAction\",\"target\":[\"https:\/\/www.leselfes.com\/fr\/camp-dautomne-activites-de-camp-dautomne-pour-vos-vacances\/\"]}]},{\"@type\":\"ImageObject\",\"inLanguage\":\"fr-FR\",\"@id\":\"https:\/\/www.leselfes.com\/fr\/camp-dautomne-activites-de-camp-dautomne-pour-vos-vacances\/#primaryimage\",\"url\":\"https:\/\/www.leselfes.com\/wp-content\/uploads\/2021\/09\/Autumn-camp-e1631638426101.jpg\",\"contentUrl\":\"https:\/\/www.leselfes.com\/wp-content\/uploads\/2021\/09\/Autumn-camp-e1631638426101.jpg\",\"width\":800,\"height\":553},{\"@type\":\"BreadcrumbList\",\"@id\":\"https:\/\/www.leselfes.com\/fr\/camp-dautomne-activites-de-camp-dautomne-pour-vos-vacances\/#breadcrumb\",\"itemListElement\":[{\"@type\":\"ListItem\",\"position\":1,\"name\":\"Home\",\"item\":\"https:\/\/www.leselfes.com\/fr\/\"},{\"@type\":\"ListItem\",\"position\":2,\"name\":\"Camp d&#8217;automne : Activit\u00e9s de camp d&#8217;automne pour vos vacances\"}]},{\"@type\":\"WebSite\",\"@id\":\"https:\/\/dev.leselfes.com\/#website\",\"url\":\"https:\/\/dev.leselfes.com\/\",\"name\":\"Les Elfes International\",\"description\":\"Les Elfes International, Verbier Switzerland. Summer Camp, Winter Camp, Spring Camps.\",\"publisher\":{\"@id\":\"https:\/\/dev.leselfes.com\/#organization\"},\"alternateName\":\"Les Elfes International\",\"potentialAction\":[{\"@type\":\"SearchAction\",\"target\":{\"@type\":\"EntryPoint\",\"urlTemplate\":\"https:\/\/dev.leselfes.com\/?s={search_term_string}\"},\"query-input\":{\"@type\":\"PropertyValueSpecification\",\"valueRequired\":true,\"valueName\":\"search_term_string\"}}],\"inLanguage\":\"fr-FR\"},{\"@type\":\"Organization\",\"@id\":\"https:\/\/dev.leselfes.com\/#organization\",\"name\":\"Les Elfes International\",\"alternateName\":\"Les Elfes International\",\"url\":\"https:\/\/dev.leselfes.com\/\",\"logo\":{\"@type\":\"ImageObject\",\"inLanguage\":\"fr-FR\",\"@id\":\"https:\/\/dev.leselfes.com\/#\/schema\/logo\/image\/\",\"url\":\"https:\/\/www.leselfes.com\/wp-content\/uploads\/2022\/03\/leselfes-logo.png\",\"contentUrl\":\"https:\/\/www.leselfes.com\/wp-content\/uploads\/2022\/03\/leselfes-logo.png\",\"width\":233,\"height\":51,\"caption\":\"Les Elfes International\"},\"image\":{\"@id\":\"https:\/\/dev.leselfes.com\/#\/schema\/logo\/image\/\"},\"sameAs\":[\"https:\/\/www.facebook.com\/LesElfesVerbier\",\"https:\/\/x.com\/LesElfesCamps\",\"https:\/\/www.instagram.com\/leselfes\",\"https:\/\/www.linkedin.com\/company\/les-elfes-international\",\"https:\/\/www.youtube.com\/user\/LesElfesVerbier\"]},{\"@type\":\"Person\",\"@id\":\"https:\/\/dev.leselfes.com\/#\/schema\/person\/407a229698868b8c603874b19f37f289\",\"name\":\"lesadmin\",\"image\":{\"@type\":\"ImageObject\",\"inLanguage\":\"fr-FR\",\"@id\":\"https:\/\/dev.leselfes.com\/#\/schema\/person\/image\/\",\"url\":\"https:\/\/secure.gravatar.com\/avatar\/fdb243a028df450397b3632d862f87f6?s=96&d=mm&r=g\",\"contentUrl\":\"https:\/\/secure.gravatar.com\/avatar\/fdb243a028df450397b3632d862f87f6?s=96&d=mm&r=g\",\"caption\":\"lesadmin\"},\"url\":\"https:\/\/www.leselfes.com\/fr\/author\/lesadmin\/\"}]}<\/script>\n<!-- \/ Yoast SEO Premium plugin. -->","yoast_head_json":{"title":"Camp d'automne : Activit\u00e9s de camp d'automne pour vos vacances - Les Elfes International Camps Switzerland","robots":{"index":"index","follow":"follow","max-snippet":"max-snippet:-1","max-image-preview":"max-image-preview:large","max-video-preview":"max-video-preview:-1"},"canonical":"https:\/\/www.leselfes.com\/fr\/camp-dautomne-activites-de-camp-dautomne-pour-vos-vacances\/","og_locale":"fr_FR","og_type":"article","og_title":"Camp d'automne : Activit\u00e9s de camp d'automne pour vos vacances","og_description":"L&rsquo;automne est enfin l\u00e0, et avec lui vient l&rsquo;occasion de porter vos pr\u00e9cieux pulls d&rsquo;automne et de satisfaire vos envies de desserts aux pommes. M\u00eame si les activit\u00e9s estivales passionnantes...","og_url":"https:\/\/www.leselfes.com\/fr\/camp-dautomne-activites-de-camp-dautomne-pour-vos-vacances\/","og_site_name":"Les Elfes International Camps Switzerland","article_publisher":"https:\/\/www.facebook.com\/LesElfesVerbier","article_published_time":"2021-09-07T10:59:49+00:00","article_modified_time":"2025-01-07T09:05:57+00:00","og_image":[{"width":800,"height":553,"url":"https:\/\/dev.leselfes.com\/wp-content\/uploads\/2021\/09\/Autumn-camp-e1631638426101.jpg","type":"image\/jpeg"}],"author":"lesadmin","twitter_card":"summary_large_image","twitter_creator":"@LesElfesCamps","twitter_site":"@LesElfesCamps","twitter_misc":{"\u00c9crit par":"lesadmin","Dur\u00e9e de lecture estim\u00e9e":"7 minutes"},"schema":{"@context":"https:\/\/schema.org","@graph":[{"@type":"Article","@id":"https:\/\/www.leselfes.com\/fr\/camp-dautomne-activites-de-camp-dautomne-pour-vos-vacances\/#article","isPartOf":{"@id":"https:\/\/www.leselfes.com\/fr\/camp-dautomne-activites-de-camp-dautomne-pour-vos-vacances\/"},"author":{"name":"lesadmin","@id":"https:\/\/dev.leselfes.com\/#\/schema\/person\/407a229698868b8c603874b19f37f289"},"headline":"Camp d&rsquo;automne : Activit\u00e9s de camp d&rsquo;automne pour vos vacances","datePublished":"2021-09-07T10:59:49+00:00","dateModified":"2025-01-07T09:05:57+00:00","mainEntityOfPage":{"@id":"https:\/\/www.leselfes.com\/fr\/camp-dautomne-activites-de-camp-dautomne-pour-vos-vacances\/"},"wordCount":1544,"publisher":{"@id":"https:\/\/dev.leselfes.com\/#organization"},"image":{"@id":"https:\/\/www.leselfes.com\/fr\/camp-dautomne-activites-de-camp-dautomne-pour-vos-vacances\/#primaryimage"},"thumbnailUrl":"https:\/\/www.leselfes.com\/wp-content\/uploads\/2021\/09\/Autumn-camp-e1631638426101.jpg","keywords":["Activit\u00e9s du camp d'automne","Camp d'automne"],"articleSection":["Articles"],"inLanguage":"fr-FR"},{"@type":"WebPage","@id":"https:\/\/www.leselfes.com\/fr\/camp-dautomne-activites-de-camp-dautomne-pour-vos-vacances\/","url":"https:\/\/www.leselfes.com\/fr\/camp-dautomne-activites-de-camp-dautomne-pour-vos-vacances\/","name":"Camp d'automne : Activit\u00e9s de camp d'automne pour vos vacances - Les Elfes International Camps Switzerland","isPartOf":{"@id":"https:\/\/dev.leselfes.com\/#website"},"primaryImageOfPage":{"@id":"https:\/\/www.leselfes.com\/fr\/camp-dautomne-activites-de-camp-dautomne-pour-vos-vacances\/#primaryimage"},"image":{"@id":"https:\/\/www.leselfes.com\/fr\/camp-dautomne-activites-de-camp-dautomne-pour-vos-vacances\/#primaryimage"},"thumbnailUrl":"https:\/\/www.leselfes.com\/wp-content\/uploads\/2021\/09\/Autumn-camp-e1631638426101.jpg","datePublished":"2021-09-07T10:59:49+00:00","dateModified":"2025-01-07T09:05:57+00:00","breadcrumb":{"@id":"https:\/\/www.leselfes.com\/fr\/camp-dautomne-activites-de-camp-dautomne-pour-vos-vacances\/#breadcrumb"},"inLanguage":"fr-FR","potentialAction":[{"@type":"ReadAction","target":["https:\/\/www.leselfes.com\/fr\/camp-dautomne-activites-de-camp-dautomne-pour-vos-vacances\/"]}]},{"@type":"ImageObject","inLanguage":"fr-FR","@id":"https:\/\/www.leselfes.com\/fr\/camp-dautomne-activites-de-camp-dautomne-pour-vos-vacances\/#primaryimage","url":"https:\/\/www.leselfes.com\/wp-content\/uploads\/2021\/09\/Autumn-camp-e1631638426101.jpg","contentUrl":"https:\/\/www.leselfes.com\/wp-content\/uploads\/2021\/09\/Autumn-camp-e1631638426101.jpg","width":800,"height":553},{"@type":"BreadcrumbList","@id":"https:\/\/www.leselfes.com\/fr\/camp-dautomne-activites-de-camp-dautomne-pour-vos-vacances\/#breadcrumb","itemListElement":[{"@type":"ListItem","position":1,"name":"Home","item":"https:\/\/www.leselfes.com\/fr\/"},{"@type":"ListItem","position":2,"name":"Camp d&#8217;automne : Activit\u00e9s de camp d&#8217;automne pour vos vacances"}]},{"@type":"WebSite","@id":"https:\/\/dev.leselfes.com\/#website","url":"https:\/\/dev.leselfes.com\/","name":"Les Elfes International","description":"Les Elfes International, Verbier Switzerland. Summer Camp, Winter Camp, Spring Camps.","publisher":{"@id":"https:\/\/dev.leselfes.com\/#organization"},"alternateName":"Les Elfes International","potentialAction":[{"@type":"SearchAction","target":{"@type":"EntryPoint","urlTemplate":"https:\/\/dev.leselfes.com\/?s={search_term_string}"},"query-input":{"@type":"PropertyValueSpecification","valueRequired":true,"valueName":"search_term_string"}}],"inLanguage":"fr-FR"},{"@type":"Organization","@id":"https:\/\/dev.leselfes.com\/#organization","name":"Les Elfes International","alternateName":"Les Elfes International","url":"https:\/\/dev.leselfes.com\/","logo":{"@type":"ImageObject","inLanguage":"fr-FR","@id":"https:\/\/dev.leselfes.com\/#\/schema\/logo\/image\/","url":"https:\/\/www.leselfes.com\/wp-content\/uploads\/2022\/03\/leselfes-logo.png","contentUrl":"https:\/\/www.leselfes.com\/wp-content\/uploads\/2022\/03\/leselfes-logo.png","width":233,"height":51,"caption":"Les Elfes International"},"image":{"@id":"https:\/\/dev.leselfes.com\/#\/schema\/logo\/image\/"},"sameAs":["https:\/\/www.facebook.com\/LesElfesVerbier","https:\/\/x.com\/LesElfesCamps","https:\/\/www.instagram.com\/leselfes","https:\/\/www.linkedin.com\/company\/les-elfes-international","https:\/\/www.youtube.com\/user\/LesElfesVerbier"]},{"@type":"Person","@id":"https:\/\/dev.leselfes.com\/#\/schema\/person\/407a229698868b8c603874b19f37f289","name":"lesadmin","image":{"@type":"ImageObject","inLanguage":"fr-FR","@id":"https:\/\/dev.leselfes.com\/#\/schema\/person\/image\/","url":"https:\/\/secure.gravatar.com\/avatar\/fdb243a028df450397b3632d862f87f6?s=96&d=mm&r=g","contentUrl":"https:\/\/secure.gravatar.com\/avatar\/fdb243a028df450397b3632d862f87f6?s=96&d=mm&r=g","caption":"lesadmin"},"url":"https:\/\/www.leselfes.com\/fr\/author\/lesadmin\/"}]}},"_links":{"self":[{"href":"https:\/\/www.leselfes.com\/fr\/wp-json\/wp\/v2\/posts\/95711"}],"collection":[{"href":"https:\/\/www.leselfes.com\/fr\/wp-json\/wp\/v2\/posts"}],"about":[{"href":"https:\/\/www.leselfes.com\/fr\/wp-json\/wp\/v2\/types\/post"}],"author":[{"embeddable":true,"href":"https:\/\/www.leselfes.com\/fr\/wp-json\/wp\/v2\/users\/1"}],"replies":[{"embeddable":true,"href":"https:\/\/www.leselfes.com\/fr\/wp-json\/wp\/v2\/comments?post=95711"}],"version-history":[{"count":0,"href":"https:\/\/www.leselfes.com\/fr\/wp-json\/wp\/v2\/posts\/95711\/revisions"}],"wp:featuredmedia":[{"embeddable":true,"href":"https:\/\/www.leselfes.com\/fr\/wp-json\/wp\/v2\/media\/77632"}],"wp:attachment":[{"href":"https:\/\/www.leselfes.com\/fr\/wp-json\/wp\/v2\/media?parent=95711"}],"wp:term":[{"taxonomy":"category","embeddable":true,"href":"https:\/\/www.leselfes.com\/fr\/wp-json\/wp\/v2\/categories?post=95711"},{"taxonomy":"post_tag","embeddable":true,"href":"https:\/\/www.leselfes.com\/fr\/wp-json\/wp\/v2\/tags?post=95711"}],"curies":[{"name":"wp","href":"https:\/\/api.w.org\/{rel}","templated":true}]}}