{"id":95954,"date":"2025-01-07T09:07:19","date_gmt":"2025-01-07T08:07:19","guid":{"rendered":"https:\/\/www.leselfes.com\/quels-sont-les-types-de-camps-dhiver-proposes-en-suisse\/"},"modified":"2025-01-07T10:07:03","modified_gmt":"2025-01-07T09:07:03","slug":"quels-sont-les-types-de-camps-dhiver-proposes-en-suisse","status":"publish","type":"post","link":"https:\/\/www.leselfes.com\/fr\/quels-sont-les-types-de-camps-dhiver-proposes-en-suisse\/","title":{"rendered":"Quels sont les types de camps d&rsquo;hiver propos\u00e9s en Suisse ?"},"content":{"rendered":"<p>Aux <strong>Elfes International<\/strong>, situ\u00e9s au c\u0153ur des Alpes suisses, nous proposons certains des <strong>meilleurs <a href=\"https:\/\/www.leselfes.com\/winter-camp\/\">camps d&rsquo;hiver<\/a><\/strong> pour les enfants et les adolescents du monde <strong>entier<\/strong>. Avec notre campus principal \u00e0 <strong>Verbier<\/strong>, nos camps sont con\u00e7us pour combiner l&rsquo;excitation des sports d&rsquo;hiver avec des <strong>exp\u00e9riences culturelles<\/strong> enrichissantes, la formation au leadership et l&rsquo;apprentissage des langues. Que vous souhaitiez am\u00e9liorer vos comp\u00e9tences en <strong>ski<\/strong>, vous lancer dans une aventure en plein air ou participer \u00e0 des ateliers d&rsquo;arts cr\u00e9atifs, nos <strong>camps d&rsquo;hiver en Suisse<\/strong> vous feront vivre une exp\u00e9rience unique et inoubliable. Nous accueillons des <strong>groupes scolaires<\/strong> dans des endroits comme <strong>La Tzoumaz<\/strong> et <strong>Crans-Montana<\/strong>, mais nos principaux camps d&rsquo;hiver et d&rsquo;\u00e9t\u00e9 se d\u00e9roulent \u00e0 Verbier. Ce cadre exclusif nous permet de nous concentrer sur une exp\u00e9rience de haute qualit\u00e9 pour les campeurs individuels dans l&rsquo;une des <strong>destinations de ski<\/strong> les plus embl\u00e9matiques de Suisse. Dans ce guide, nous allons explorer les diff\u00e9rents types de camps d&rsquo;hiver propos\u00e9s par <strong>Les Elfes International<\/strong> et la mani\u00e8re dont ils r\u00e9pondent aux besoins de chaque jeune aventurier.  <\/p>\n<h2>1. Camps de ski et de snowboard aux Elfes<\/h2>\n<p>Aux <strong>Elfes International<\/strong>, nous proposons une gamme de <strong>camps de ski<\/strong> et de <strong>snowboard<\/strong> con\u00e7us pour r\u00e9pondre \u00e0 tous les niveaux de comp\u00e9tence. Que vous soyez d\u00e9butant ou <strong>confirm\u00e9<\/strong>, nos camps proposent des le\u00e7ons personnalis\u00e9es dans le c\u00e9l\u00e8bre domaine skiable de <strong>Verbier<\/strong>. Les participants b\u00e9n\u00e9ficient d&rsquo;un enseignement de qualit\u00e9 dispens\u00e9 par notre personnel hautement qualifi\u00e9, qui veille \u00e0 ce que la s\u00e9curit\u00e9 et le plaisir aillent de pair. Pour les d\u00e9butants, nos programmes de <strong>ski<\/strong> et de <strong>snowboard<\/strong> introduisent les bases, permettant aux campeurs d&rsquo;acqu\u00e9rir rapidement de l&rsquo;assurance sur les pistes. Pour les participants plus exp\u00e9riment\u00e9s, nos camps se concentrent sur le d\u00e9veloppement de la technique et sur la ma\u00eetrise de pentes plus difficiles. Nos programmes structur\u00e9s garantissent une progression, de l&rsquo;apprentissage des bases \u00e0 la ma\u00eetrise des techniques avanc\u00e9es, tout en profitant du cadre magnifique des Alpes suisses. En plus des le\u00e7ons de <strong>ski<\/strong> et de <strong>snowboard<\/strong>, nos campeurs profitent d&rsquo;une vari\u00e9t\u00e9 d&rsquo;activit\u00e9s de plein air. <a href=\"https:\/\/www.leselfes.com\/winter-camp\/winter-camp-activities\/\"><strong>activit\u00e9s de plein air<\/strong><\/a>En plus des le\u00e7ons de ski et de <strong>snowboard<\/strong>, nos campeurs profitent d&rsquo;une vari\u00e9t\u00e9 d&rsquo;activit\u00e9s <strong>de<\/strong> plein air, y compris les <strong>raquettes<\/strong>, la <strong>luge<\/strong> et les <strong>randonn\u00e9es hivernales<\/strong> dans la r\u00e9gion <strong>alpine suisse<\/strong> environnante.  <\/p>\n<p> Les soir\u00e9es aux Elfes sont tout aussi passionnantes, avec un large \u00e9ventail d&rsquo;activit\u00e9s telles que le <strong>patinage sur glace<\/strong> (une activit\u00e9 de plein air), des soir\u00e9es cin\u00e9ma et des spectacles de talents. Les campeurs peuvent se d\u00e9tendre dans nos h\u00e9bergements <strong>confortables<\/strong>, tout en profitant de repas nourrissants servis dans nos <strong>salles \u00e0 manger<\/strong>, o\u00f9 des options de <strong>pension compl\u00e8te<\/strong> sont propos\u00e9es. Pour ceux qui souhaitent s&rsquo;immerger totalement dans la culture des sports d&rsquo;hiver, nous proposons des <strong>sessions d&rsquo;<\/strong> <strong>une semaine<\/strong>, de <strong>deux semaines<\/strong> et de <strong>trois semaines<\/strong>, afin que les campeurs de tous \u00e2ges puissent profiter au maximum de leurs vacances d&rsquo;hiver. Notre <strong>camp d&rsquo;hiver Les Elfes<\/strong> est le choix id\u00e9al pour tous ceux qui cherchent \u00e0 d\u00e9velopper leurs comp\u00e9tences tout en nouant <strong>des amiti\u00e9s durables<\/strong> et en cr\u00e9ant des <strong>exp\u00e9riences inoubliables<\/strong> dans l&rsquo;un des cadres les plus magnifiques de Suisse. <\/p>\n<h3>Programmes de sports d&rsquo;hiver sp\u00e9cialis\u00e9s<\/h3>\n<p>Aux <strong>Elfes International<\/strong>, nous int\u00e9grons \u00e9galement une <strong>formation de sensibilisation aux avalanches<\/strong> dans le cadre de nos camps d&rsquo;hiver r\u00e9guliers, afin de garantir que les campeurs acqui\u00e8rent de solides connaissances en mati\u00e8re de s\u00e9curit\u00e9 en montagne. Cette formation est adapt\u00e9e aux besoins de chaque groupe d&rsquo;\u00e2ge, ce qui la rend accessible et instructive. Les campeurs b\u00e9n\u00e9ficient des conseils d&rsquo;instructeurs experts, ce qui leur permet d&rsquo;acqu\u00e9rir les connaissances n\u00e9cessaires pour pratiquer les sports d&rsquo;hiver en toute s\u00e9curit\u00e9.  <\/p>\n<h2>2. Camps d&rsquo;aventure hivernaux aux Elfes<\/h2>\n<p>Si votre enfant recherche plus que du ski ou du snowboard, nos <strong>camps d&rsquo;aventure hivernaux<\/strong> offrent un m\u00e9lange vari\u00e9 d&rsquo;activit\u00e9s de plein air et d&rsquo;activit\u00e9s \u00e9ducatives. Ces camps, situ\u00e9s \u00e0 <strong>Verbier<\/strong> et dans les <strong>r\u00e9gions alpines<\/strong> environnantes, offrent un large \u00e9ventail d&rsquo;exp\u00e9riences uniques telles que la <strong>construction d&rsquo;<\/strong>igloos, les raquettes \u00e0 neige et les randonn\u00e9es en montagne. Nos programmes d&rsquo;aventure sont con\u00e7us pour aider les participants \u00e0 d\u00e9velopper leur r\u00e9silience, leur confiance et leur capacit\u00e9 \u00e0 travailler en \u00e9quipe. Les campeurs sont encourag\u00e9s \u00e0 travailler <strong>ensemble<\/strong> sur des projets qui n\u00e9cessitent de r\u00e9soudre des probl\u00e8mes et de faire preuve de leadership, qu&rsquo;il s&rsquo;agisse de construire un igloo ou de naviguer dans un paysage enneig\u00e9. Ces activit\u00e9s sont compl\u00e9t\u00e9es par des ateliers de d\u00e9veloppement personnel, ce qui fait de nos camps d&rsquo;aventure une option id\u00e9ale pour ceux qui souhaitent combiner d\u00e9fis physiques, leadership et d\u00e9veloppement social. Le soir, les campeurs ont la possibilit\u00e9 de se d\u00e9tendre dans nos h\u00e9bergements, qui comprennent des chambres douillettes de <strong>2 \u00e0 4 lits<\/strong>. Chaque soir, ils peuvent participer \u00e0 des activit\u00e9s sociales, profiter d&rsquo;un feu de camp ou se d\u00e9tendre avec de nouveaux amis. Nos camps d&rsquo;aventure s&rsquo;adressent \u00e0 diff\u00e9rents groupes d&rsquo;\u00e2ge, des plus jeunes enfants aux adolescents plus \u00e2g\u00e9s, afin que chaque campeur trouve un programme adapt\u00e9 \u00e0 ses besoins. <\/p>\n<h2>3. Camps de leadership et de d\u00e9veloppement personnel<\/h2>\n<p>Aux <strong>Elfes<\/strong>, nous croyons qu&rsquo;il est important d&rsquo;aider les jeunes \u00e0 s&rsquo;\u00e9panouir non seulement physiquement mais aussi personnellement. Nos camps de <strong>d\u00e9veloppement du leadership<\/strong> sont con\u00e7us pour les adolescents qui souhaitent am\u00e9liorer leurs comp\u00e9tences en mati\u00e8re de leadership, de communication et de r\u00e9solution de probl\u00e8mes dans un environnement r\u00e9el. Les participants assument des r\u00f4les de leadership dans le cadre de divers d\u00e9fis et activit\u00e9s de groupe en plein air, qu&rsquo;il s&rsquo;agisse de guider des randonn\u00e9es hivernales ou d&rsquo;organiser des projets en \u00e9quipe. Nos camps de leadership sont bas\u00e9s \u00e0 <strong>Verbier<\/strong>, offrant une vue imprenable sur la r\u00e9gion <strong>alpine suisse<\/strong> comme toile de fond de leur apprentissage. Pour ceux qui souhaitent combiner le ski et le leadership, nous proposons \u00e9galement le camp de printemps Ski &amp; Leadership, qui constitue une excellente occasion de se perfectionner. Gr\u00e2ce \u00e0 des exp\u00e9riences pratiques, les adolescents apprennent \u00e0 g\u00e9rer la dynamique de groupe, \u00e0 instaurer la confiance et \u00e0 prendre des d\u00e9cisions responsables. Ils rentrent chez eux avec des comp\u00e9tences qu&rsquo;ils pourront utiliser non seulement dans leurs futurs projets acad\u00e9miques et professionnels, mais aussi dans la vie de tous les jours.  <\/p>\n<h2>4. Camps d&rsquo;hiver internationaux avec apprentissage des langues<\/h2>\n<p>En tant que destination internationale, <strong>Les Elfes International<\/strong> accueille des campeurs du monde <strong>entier<\/strong>, ce qui fait de nos programmes un v\u00e9ritable melting-pot de cultures. L&rsquo;un des points forts de nos programmes de <strong>camps d&rsquo;hiver en Suisse<\/strong> est l&rsquo;int\u00e9gration de <strong>cours de langues<\/strong> dans le programme quotidien. Les campeurs peuvent am\u00e9liorer leurs comp\u00e9tences en <strong>anglais<\/strong>, <strong>fran\u00e7ais<\/strong>, <strong>allemand<\/strong> ou <strong>espagnol<\/strong> tout en participant \u00e0 des activit\u00e9s et des sports d&rsquo;hiver amusants. Les cours de langues ont toujours lieu l&rsquo;apr\u00e8s-midi, ce qui permet de consacrer les matin\u00e9es aux activit\u00e9s de plein air comme le ski et le snowboard. Cette approche immersive permet aux campeurs de pratiquer leurs comp\u00e9tences linguistiques dans des contextes r\u00e9els, am\u00e9liorant \u00e0 la fois leur exp\u00e9rience d&rsquo;apprentissage et leurs interactions sociales. L&rsquo;atmosph\u00e8re internationale qui r\u00e8gne aux <strong>Elfes International<\/strong> favorise les <strong>\u00e9changes culturels<\/strong> et les <strong>amiti\u00e9s \u00e0 vie<\/strong>, car les participants de diff\u00e9rents pays se <strong>r\u00e9unissent<\/strong> pour partager leurs exp\u00e9riences, acqu\u00e9rir de nouvelles comp\u00e9tences et cr\u00e9er des souvenirs qu&rsquo;ils ch\u00e9riront \u00e0 jamais. Pour les familles \u00e0 la recherche d&rsquo;une aventure hivernale \u00e9ducative qui allie plaisir et apprentissage, nos camps d&rsquo;hiver internationaux sont le choix id\u00e9al.  <\/p>\n<h2>5. Une longue histoire d&rsquo;excellence aux Elfes International<\/h2>\n<p>Fond\u00e9 en <strong>1987<\/strong>, <strong>Les Elfes International<\/strong> a plus de <strong>37 ans d&rsquo;exp\u00e9rience<\/strong> dans l&rsquo;organisation de camps inoubliables. Au fil des d\u00e9cennies, nous avons accueilli des milliers d&rsquo;\u00e9tudiants, cr\u00e9ant ainsi un nom fiable et respect\u00e9 dans l&rsquo;industrie. Notre histoire repose sur notre engagement \u00e0 offrir des exp\u00e9riences de camp enrichissantes et s\u00fbres, ce qui fait de nous un leader dans le monde des camps d&rsquo;hiver. Les Elfes International est l&rsquo;une des seules entreprises en Suisse \u00e0 proposer des camps <strong>10 mois par an<\/strong>. Contrairement \u00e0 un internat, nous sommes sp\u00e9cialis\u00e9s dans les camps de vacances, ce qui garantit que tous les enfants qui viennent chez nous sont l\u00e0 pour profiter de leurs vacances. Notre personnel exp\u00e9riment\u00e9 et professionnel travaille avec nous tout au long de l&rsquo;ann\u00e9e, ce qui lui permet d&rsquo;\u00e9tablir des liens solides avec les \u00e9l\u00e8ves qui reviennent. Cette constance garantit un sentiment de familiarit\u00e9 et de confort pour chaque campeur.  <\/p>\n<h2>6. S\u00e9curit\u00e9 et supervision aux Elfes International<\/h2>\n<p>Dans les <strong>camps internationaux Les Elfes en Suisse<\/strong>, <strong>la s\u00e9curit\u00e9 est notre priorit\u00e9 absolue<\/strong>. Notre campus de Verbier est \u00e9quip\u00e9 de <strong>cam\u00e9ras de s\u00e9curit\u00e9<\/strong> qui surveillent toutes les zones communes, offrant ainsi un niveau de s\u00e9curit\u00e9 suppl\u00e9mentaire. Un <strong>garde de nuit<\/strong> assure une surveillance permanente et une <strong>infirmi\u00e8re<\/strong> est toujours sur place pour r\u00e9pondre aux besoins m\u00e9dicaux \u00e9ventuels. Toutes les activit\u00e9s font l&rsquo;objet d&rsquo;une <strong>\u00e9valuation<\/strong> approfondie <strong>des risques<\/strong> avant d&rsquo;\u00eatre incluses dans notre programme, ce qui garantit que les campeurs peuvent y participer en toute confiance. Au d\u00e9but de chaque session, nous organisons des <strong>exercices d&rsquo;\u00e9vacuation<\/strong> et des <strong>tests de natation<\/strong> afin de familiariser tout le monde avec les protocoles de s\u00e9curit\u00e9 et d&rsquo;\u00e9valuer les capacit\u00e9s de natation pour les activit\u00e9s aquatiques. De plus, notre emplacement \u00e0 <strong>Verbier<\/strong> nous permet d&rsquo;\u00eatre proches des <strong>centres m\u00e9dicaux et des h\u00f4pitaux<\/strong>, ce qui permet aux parents d&rsquo;avoir l&rsquo;esprit tranquille.  <\/p>\n<h2>Conclusion : Pourquoi choisir Les Elfes pour un camp d&rsquo;hiver en Suisse ?<\/h2>\n<p><strong>Les Elfes International<\/strong> propose certains des <strong>meilleurs camps d&rsquo;hiver<\/strong> de Suisse, combinant des programmes de <strong>ski<\/strong> et de <strong>snowboard de<\/strong> classe mondiale avec une vari\u00e9t\u00e9 d&rsquo;autres activit\u00e9s passionnantes. Que vous soyez int\u00e9ress\u00e9 par l&rsquo;aventure en plein air, le d\u00e9veloppement du leadership ou l&rsquo;apprentissage des langues, nous avons quelque chose pour chaque enfant et adolescent. Nos h\u00e9bergements <strong>en pension compl\u00e8te<\/strong>, nos <strong>installations de loisirs de premier ordre<\/strong> et notre personnel hautement qualifi\u00e9 garantissent \u00e0 chaque participant une exp\u00e9rience enrichissante et agr\u00e9able. Des pistes de <strong>Verbier<\/strong> aux chambres douillettes o\u00f9 les campeurs se sentent comme chez eux, nos camps offrent le cadre id\u00e9al pour d\u00e9velopper de nouvelles comp\u00e9tences, se faire des amis du monde <strong>entier<\/strong> et vivre la magie de l&rsquo;hiver suisse. Que ce soit pour une <strong>session d&rsquo;une semaine<\/strong> ou une aventure de trois semaines, votre enfant quittera <strong>Les Elfes International<\/strong> avec des souvenirs qui dureront toute sa vie. Pr\u00eat \u00e0 rejoindre les <strong>meilleurs camps d&rsquo;hiver<\/strong> en Suisse ? <a class=\"cta-button\" href=\"https:\/\/www.leselfes.com\/winter-camp\/enrol\/\">Inscrivez-vous d\u00e8s maintenant \u00e0 notre camp d&rsquo;hiver<\/a>  <\/p>\n","protected":false},"excerpt":{"rendered":"<p>Aux Elfes International, situ\u00e9s au c\u0153ur des Alpes suisses, nous proposons certains des meilleurs camps d&rsquo;hiver pour les enfants et les adolescents du monde entier. Avec notre campus principal \u00e0&#8230;<\/p>\n","protected":false},"author":16,"featured_media":95934,"comment_status":"closed","ping_status":"open","sticky":false,"template":"","format":"standard","meta":{"_acf_changed":false,"inline_featured_image":false,"footnotes":""},"categories":[1355],"tags":[],"class_list":{"0":"post-95954","1":"post","2":"type-post","3":"status-publish","4":"format-standard","5":"has-post-thumbnail","7":"category-camp-dhiver"},"acf":[],"yoast_head":"<!-- This site is optimized with the Yoast SEO Premium plugin v24.2 (Yoast SEO v24.7) - https:\/\/yoast.com\/wordpress\/plugins\/seo\/ -->\n<title>Camps d&#039;hiver en Suisse | Ski, aventure et leadership<\/title>\n<meta name=\"description\" content=\"D\u00e9couvrez les diff\u00e9rents types de camps d&#039;hiver en Suisse, des camps de ski et d&#039;aventure aux programmes de langues, de leadership et de cr\u00e9ativit\u00e9. Parfait pour les enfants et les adolescents\" \/>\n<meta name=\"robots\" content=\"index, follow, max-snippet:-1, max-image-preview:large, max-video-preview:-1\" \/>\n<link rel=\"canonical\" href=\"https:\/\/www.leselfes.com\/fr\/quels-sont-les-types-de-camps-dhiver-proposes-en-suisse\/\" \/>\n<meta property=\"og:locale\" content=\"fr_FR\" \/>\n<meta property=\"og:type\" content=\"article\" \/>\n<meta property=\"og:title\" content=\"Quels sont les types de camps d&#039;hiver propos\u00e9s en Suisse ?\" \/>\n<meta property=\"og:description\" content=\"D\u00e9couvrez les diff\u00e9rents types de camps d&#039;hiver en Suisse, des camps de ski et d&#039;aventure aux programmes de langues, de leadership et de cr\u00e9ativit\u00e9. Parfait pour les enfants et les adolescents\" \/>\n<meta property=\"og:url\" content=\"https:\/\/www.leselfes.com\/fr\/quels-sont-les-types-de-camps-dhiver-proposes-en-suisse\/\" \/>\n<meta property=\"og:site_name\" content=\"Les Elfes International Camps Switzerland\" \/>\n<meta property=\"article:publisher\" content=\"https:\/\/www.facebook.com\/LesElfesVerbier\" \/>\n<meta property=\"article:published_time\" content=\"2025-01-07T08:07:19+00:00\" \/>\n<meta property=\"article:modified_time\" content=\"2025-01-07T09:07:03+00:00\" \/>\n<meta property=\"og:image\" content=\"https:\/\/dev.leselfes.com\/wp-content\/uploads\/2025\/01\/What-types-of-winter-camps.jpg\" \/>\n\t<meta property=\"og:image:width\" content=\"1920\" \/>\n\t<meta property=\"og:image:height\" content=\"550\" \/>\n\t<meta property=\"og:image:type\" content=\"image\/jpeg\" \/>\n<meta name=\"author\" content=\"Matthieu Perard\" \/>\n<meta name=\"twitter:card\" content=\"summary_large_image\" \/>\n<meta name=\"twitter:creator\" content=\"@LesElfesCamps\" \/>\n<meta name=\"twitter:site\" content=\"@LesElfesCamps\" \/>\n<meta name=\"twitter:label1\" content=\"\u00c9crit par\" \/>\n\t<meta name=\"twitter:data1\" content=\"Matthieu Perard\" \/>\n\t<meta name=\"twitter:label2\" content=\"Dur\u00e9e de lecture estim\u00e9e\" \/>\n\t<meta name=\"twitter:data2\" content=\"9 minutes\" \/>\n<script type=\"application\/ld+json\" class=\"yoast-schema-graph\">{\"@context\":\"https:\/\/schema.org\",\"@graph\":[{\"@type\":\"Article\",\"@id\":\"https:\/\/www.leselfes.com\/fr\/quels-sont-les-types-de-camps-dhiver-proposes-en-suisse\/#article\",\"isPartOf\":{\"@id\":\"https:\/\/www.leselfes.com\/fr\/quels-sont-les-types-de-camps-dhiver-proposes-en-suisse\/\"},\"author\":{\"name\":\"Matthieu Perard\",\"@id\":\"https:\/\/dev.leselfes.com\/#\/schema\/person\/7ac5f99a7f3c597105fe663a00bdf6d6\"},\"headline\":\"Quels sont les types de camps d&rsquo;hiver propos\u00e9s en Suisse ?\",\"datePublished\":\"2025-01-07T08:07:19+00:00\",\"dateModified\":\"2025-01-07T09:07:03+00:00\",\"mainEntityOfPage\":{\"@id\":\"https:\/\/www.leselfes.com\/fr\/quels-sont-les-types-de-camps-dhiver-proposes-en-suisse\/\"},\"wordCount\":1930,\"publisher\":{\"@id\":\"https:\/\/dev.leselfes.com\/#organization\"},\"image\":{\"@id\":\"https:\/\/www.leselfes.com\/fr\/quels-sont-les-types-de-camps-dhiver-proposes-en-suisse\/#primaryimage\"},\"thumbnailUrl\":\"https:\/\/www.leselfes.com\/wp-content\/uploads\/2025\/01\/What-types-of-winter-camps.jpg\",\"articleSection\":[\"Camp d'hiver\"],\"inLanguage\":\"fr-FR\"},{\"@type\":\"WebPage\",\"@id\":\"https:\/\/www.leselfes.com\/fr\/quels-sont-les-types-de-camps-dhiver-proposes-en-suisse\/\",\"url\":\"https:\/\/www.leselfes.com\/fr\/quels-sont-les-types-de-camps-dhiver-proposes-en-suisse\/\",\"name\":\"Camps d'hiver en Suisse | Ski, aventure et leadership\",\"isPartOf\":{\"@id\":\"https:\/\/dev.leselfes.com\/#website\"},\"primaryImageOfPage\":{\"@id\":\"https:\/\/www.leselfes.com\/fr\/quels-sont-les-types-de-camps-dhiver-proposes-en-suisse\/#primaryimage\"},\"image\":{\"@id\":\"https:\/\/www.leselfes.com\/fr\/quels-sont-les-types-de-camps-dhiver-proposes-en-suisse\/#primaryimage\"},\"thumbnailUrl\":\"https:\/\/www.leselfes.com\/wp-content\/uploads\/2025\/01\/What-types-of-winter-camps.jpg\",\"datePublished\":\"2025-01-07T08:07:19+00:00\",\"dateModified\":\"2025-01-07T09:07:03+00:00\",\"description\":\"D\u00e9couvrez les diff\u00e9rents types de camps d'hiver en Suisse, des camps de ski et d'aventure aux programmes de langues, de leadership et de cr\u00e9ativit\u00e9. Parfait pour les enfants et les adolescents\",\"breadcrumb\":{\"@id\":\"https:\/\/www.leselfes.com\/fr\/quels-sont-les-types-de-camps-dhiver-proposes-en-suisse\/#breadcrumb\"},\"inLanguage\":\"fr-FR\",\"potentialAction\":[{\"@type\":\"ReadAction\",\"target\":[\"https:\/\/www.leselfes.com\/fr\/quels-sont-les-types-de-camps-dhiver-proposes-en-suisse\/\"]}]},{\"@type\":\"ImageObject\",\"inLanguage\":\"fr-FR\",\"@id\":\"https:\/\/www.leselfes.com\/fr\/quels-sont-les-types-de-camps-dhiver-proposes-en-suisse\/#primaryimage\",\"url\":\"https:\/\/www.leselfes.com\/wp-content\/uploads\/2025\/01\/What-types-of-winter-camps.jpg\",\"contentUrl\":\"https:\/\/www.leselfes.com\/wp-content\/uploads\/2025\/01\/What-types-of-winter-camps.jpg\",\"width\":1920,\"height\":550},{\"@type\":\"BreadcrumbList\",\"@id\":\"https:\/\/www.leselfes.com\/fr\/quels-sont-les-types-de-camps-dhiver-proposes-en-suisse\/#breadcrumb\",\"itemListElement\":[{\"@type\":\"ListItem\",\"position\":1,\"name\":\"Home\",\"item\":\"https:\/\/www.leselfes.com\/fr\/\"},{\"@type\":\"ListItem\",\"position\":2,\"name\":\"Quels sont les types de camps d&#8217;hiver propos\u00e9s en Suisse ?\"}]},{\"@type\":\"WebSite\",\"@id\":\"https:\/\/dev.leselfes.com\/#website\",\"url\":\"https:\/\/dev.leselfes.com\/\",\"name\":\"Les Elfes International\",\"description\":\"Les Elfes International, Verbier Switzerland. Summer Camp, Winter Camp, Spring Camps.\",\"publisher\":{\"@id\":\"https:\/\/dev.leselfes.com\/#organization\"},\"alternateName\":\"Les Elfes International\",\"potentialAction\":[{\"@type\":\"SearchAction\",\"target\":{\"@type\":\"EntryPoint\",\"urlTemplate\":\"https:\/\/dev.leselfes.com\/?s={search_term_string}\"},\"query-input\":{\"@type\":\"PropertyValueSpecification\",\"valueRequired\":true,\"valueName\":\"search_term_string\"}}],\"inLanguage\":\"fr-FR\"},{\"@type\":\"Organization\",\"@id\":\"https:\/\/dev.leselfes.com\/#organization\",\"name\":\"Les Elfes International\",\"alternateName\":\"Les Elfes International\",\"url\":\"https:\/\/dev.leselfes.com\/\",\"logo\":{\"@type\":\"ImageObject\",\"inLanguage\":\"fr-FR\",\"@id\":\"https:\/\/dev.leselfes.com\/#\/schema\/logo\/image\/\",\"url\":\"https:\/\/www.leselfes.com\/wp-content\/uploads\/2022\/03\/leselfes-logo.png\",\"contentUrl\":\"https:\/\/www.leselfes.com\/wp-content\/uploads\/2022\/03\/leselfes-logo.png\",\"width\":233,\"height\":51,\"caption\":\"Les Elfes International\"},\"image\":{\"@id\":\"https:\/\/dev.leselfes.com\/#\/schema\/logo\/image\/\"},\"sameAs\":[\"https:\/\/www.facebook.com\/LesElfesVerbier\",\"https:\/\/x.com\/LesElfesCamps\",\"https:\/\/www.instagram.com\/leselfes\",\"https:\/\/www.linkedin.com\/company\/les-elfes-international\",\"https:\/\/www.youtube.com\/user\/LesElfesVerbier\"]},{\"@type\":\"Person\",\"@id\":\"https:\/\/dev.leselfes.com\/#\/schema\/person\/7ac5f99a7f3c597105fe663a00bdf6d6\",\"name\":\"Matthieu Perard\",\"image\":{\"@type\":\"ImageObject\",\"inLanguage\":\"fr-FR\",\"@id\":\"https:\/\/dev.leselfes.com\/#\/schema\/person\/image\/\",\"url\":\"https:\/\/secure.gravatar.com\/avatar\/e368f5bd153d15a1ff42a4c64a46d1ef?s=96&d=mm&r=g\",\"contentUrl\":\"https:\/\/secure.gravatar.com\/avatar\/e368f5bd153d15a1ff42a4c64a46d1ef?s=96&d=mm&r=g\",\"caption\":\"Matthieu Perard\"},\"url\":\"https:\/\/www.leselfes.com\/fr\/author\/m-pierardnotostudio-ch\/\"}]}<\/script>\n<!-- \/ Yoast SEO Premium plugin. -->","yoast_head_json":{"title":"Camps d'hiver en Suisse | Ski, aventure et leadership","description":"D\u00e9couvrez les diff\u00e9rents types de camps d'hiver en Suisse, des camps de ski et d'aventure aux programmes de langues, de leadership et de cr\u00e9ativit\u00e9. Parfait pour les enfants et les adolescents","robots":{"index":"index","follow":"follow","max-snippet":"max-snippet:-1","max-image-preview":"max-image-preview:large","max-video-preview":"max-video-preview:-1"},"canonical":"https:\/\/www.leselfes.com\/fr\/quels-sont-les-types-de-camps-dhiver-proposes-en-suisse\/","og_locale":"fr_FR","og_type":"article","og_title":"Quels sont les types de camps d'hiver propos\u00e9s en Suisse ?","og_description":"D\u00e9couvrez les diff\u00e9rents types de camps d'hiver en Suisse, des camps de ski et d'aventure aux programmes de langues, de leadership et de cr\u00e9ativit\u00e9. Parfait pour les enfants et les adolescents","og_url":"https:\/\/www.leselfes.com\/fr\/quels-sont-les-types-de-camps-dhiver-proposes-en-suisse\/","og_site_name":"Les Elfes International Camps Switzerland","article_publisher":"https:\/\/www.facebook.com\/LesElfesVerbier","article_published_time":"2025-01-07T08:07:19+00:00","article_modified_time":"2025-01-07T09:07:03+00:00","og_image":[{"width":1920,"height":550,"url":"https:\/\/dev.leselfes.com\/wp-content\/uploads\/2025\/01\/What-types-of-winter-camps.jpg","type":"image\/jpeg"}],"author":"Matthieu Perard","twitter_card":"summary_large_image","twitter_creator":"@LesElfesCamps","twitter_site":"@LesElfesCamps","twitter_misc":{"\u00c9crit par":"Matthieu Perard","Dur\u00e9e de lecture estim\u00e9e":"9 minutes"},"schema":{"@context":"https:\/\/schema.org","@graph":[{"@type":"Article","@id":"https:\/\/www.leselfes.com\/fr\/quels-sont-les-types-de-camps-dhiver-proposes-en-suisse\/#article","isPartOf":{"@id":"https:\/\/www.leselfes.com\/fr\/quels-sont-les-types-de-camps-dhiver-proposes-en-suisse\/"},"author":{"name":"Matthieu Perard","@id":"https:\/\/dev.leselfes.com\/#\/schema\/person\/7ac5f99a7f3c597105fe663a00bdf6d6"},"headline":"Quels sont les types de camps d&rsquo;hiver propos\u00e9s en Suisse ?","datePublished":"2025-01-07T08:07:19+00:00","dateModified":"2025-01-07T09:07:03+00:00","mainEntityOfPage":{"@id":"https:\/\/www.leselfes.com\/fr\/quels-sont-les-types-de-camps-dhiver-proposes-en-suisse\/"},"wordCount":1930,"publisher":{"@id":"https:\/\/dev.leselfes.com\/#organization"},"image":{"@id":"https:\/\/www.leselfes.com\/fr\/quels-sont-les-types-de-camps-dhiver-proposes-en-suisse\/#primaryimage"},"thumbnailUrl":"https:\/\/www.leselfes.com\/wp-content\/uploads\/2025\/01\/What-types-of-winter-camps.jpg","articleSection":["Camp d'hiver"],"inLanguage":"fr-FR"},{"@type":"WebPage","@id":"https:\/\/www.leselfes.com\/fr\/quels-sont-les-types-de-camps-dhiver-proposes-en-suisse\/","url":"https:\/\/www.leselfes.com\/fr\/quels-sont-les-types-de-camps-dhiver-proposes-en-suisse\/","name":"Camps d'hiver en Suisse | Ski, aventure et leadership","isPartOf":{"@id":"https:\/\/dev.leselfes.com\/#website"},"primaryImageOfPage":{"@id":"https:\/\/www.leselfes.com\/fr\/quels-sont-les-types-de-camps-dhiver-proposes-en-suisse\/#primaryimage"},"image":{"@id":"https:\/\/www.leselfes.com\/fr\/quels-sont-les-types-de-camps-dhiver-proposes-en-suisse\/#primaryimage"},"thumbnailUrl":"https:\/\/www.leselfes.com\/wp-content\/uploads\/2025\/01\/What-types-of-winter-camps.jpg","datePublished":"2025-01-07T08:07:19+00:00","dateModified":"2025-01-07T09:07:03+00:00","description":"D\u00e9couvrez les diff\u00e9rents types de camps d'hiver en Suisse, des camps de ski et d'aventure aux programmes de langues, de leadership et de cr\u00e9ativit\u00e9. Parfait pour les enfants et les adolescents","breadcrumb":{"@id":"https:\/\/www.leselfes.com\/fr\/quels-sont-les-types-de-camps-dhiver-proposes-en-suisse\/#breadcrumb"},"inLanguage":"fr-FR","potentialAction":[{"@type":"ReadAction","target":["https:\/\/www.leselfes.com\/fr\/quels-sont-les-types-de-camps-dhiver-proposes-en-suisse\/"]}]},{"@type":"ImageObject","inLanguage":"fr-FR","@id":"https:\/\/www.leselfes.com\/fr\/quels-sont-les-types-de-camps-dhiver-proposes-en-suisse\/#primaryimage","url":"https:\/\/www.leselfes.com\/wp-content\/uploads\/2025\/01\/What-types-of-winter-camps.jpg","contentUrl":"https:\/\/www.leselfes.com\/wp-content\/uploads\/2025\/01\/What-types-of-winter-camps.jpg","width":1920,"height":550},{"@type":"BreadcrumbList","@id":"https:\/\/www.leselfes.com\/fr\/quels-sont-les-types-de-camps-dhiver-proposes-en-suisse\/#breadcrumb","itemListElement":[{"@type":"ListItem","position":1,"name":"Home","item":"https:\/\/www.leselfes.com\/fr\/"},{"@type":"ListItem","position":2,"name":"Quels sont les types de camps d&#8217;hiver propos\u00e9s en Suisse ?"}]},{"@type":"WebSite","@id":"https:\/\/dev.leselfes.com\/#website","url":"https:\/\/dev.leselfes.com\/","name":"Les Elfes International","description":"Les Elfes International, Verbier Switzerland. Summer Camp, Winter Camp, Spring Camps.","publisher":{"@id":"https:\/\/dev.leselfes.com\/#organization"},"alternateName":"Les Elfes International","potentialAction":[{"@type":"SearchAction","target":{"@type":"EntryPoint","urlTemplate":"https:\/\/dev.leselfes.com\/?s={search_term_string}"},"query-input":{"@type":"PropertyValueSpecification","valueRequired":true,"valueName":"search_term_string"}}],"inLanguage":"fr-FR"},{"@type":"Organization","@id":"https:\/\/dev.leselfes.com\/#organization","name":"Les Elfes International","alternateName":"Les Elfes International","url":"https:\/\/dev.leselfes.com\/","logo":{"@type":"ImageObject","inLanguage":"fr-FR","@id":"https:\/\/dev.leselfes.com\/#\/schema\/logo\/image\/","url":"https:\/\/www.leselfes.com\/wp-content\/uploads\/2022\/03\/leselfes-logo.png","contentUrl":"https:\/\/www.leselfes.com\/wp-content\/uploads\/2022\/03\/leselfes-logo.png","width":233,"height":51,"caption":"Les Elfes International"},"image":{"@id":"https:\/\/dev.leselfes.com\/#\/schema\/logo\/image\/"},"sameAs":["https:\/\/www.facebook.com\/LesElfesVerbier","https:\/\/x.com\/LesElfesCamps","https:\/\/www.instagram.com\/leselfes","https:\/\/www.linkedin.com\/company\/les-elfes-international","https:\/\/www.youtube.com\/user\/LesElfesVerbier"]},{"@type":"Person","@id":"https:\/\/dev.leselfes.com\/#\/schema\/person\/7ac5f99a7f3c597105fe663a00bdf6d6","name":"Matthieu Perard","image":{"@type":"ImageObject","inLanguage":"fr-FR","@id":"https:\/\/dev.leselfes.com\/#\/schema\/person\/image\/","url":"https:\/\/secure.gravatar.com\/avatar\/e368f5bd153d15a1ff42a4c64a46d1ef?s=96&d=mm&r=g","contentUrl":"https:\/\/secure.gravatar.com\/avatar\/e368f5bd153d15a1ff42a4c64a46d1ef?s=96&d=mm&r=g","caption":"Matthieu Perard"},"url":"https:\/\/www.leselfes.com\/fr\/author\/m-pierardnotostudio-ch\/"}]}},"_links":{"self":[{"href":"https:\/\/www.leselfes.com\/fr\/wp-json\/wp\/v2\/posts\/95954"}],"collection":[{"href":"https:\/\/www.leselfes.com\/fr\/wp-json\/wp\/v2\/posts"}],"about":[{"href":"https:\/\/www.leselfes.com\/fr\/wp-json\/wp\/v2\/types\/post"}],"author":[{"embeddable":true,"href":"https:\/\/www.leselfes.com\/fr\/wp-json\/wp\/v2\/users\/16"}],"replies":[{"embeddable":true,"href":"https:\/\/www.leselfes.com\/fr\/wp-json\/wp\/v2\/comments?post=95954"}],"version-history":[{"count":0,"href":"https:\/\/www.leselfes.com\/fr\/wp-json\/wp\/v2\/posts\/95954\/revisions"}],"wp:featuredmedia":[{"embeddable":true,"href":"https:\/\/www.leselfes.com\/fr\/wp-json\/wp\/v2\/media\/95934"}],"wp:attachment":[{"href":"https:\/\/www.leselfes.com\/fr\/wp-json\/wp\/v2\/media?parent=95954"}],"wp:term":[{"taxonomy":"category","embeddable":true,"href":"https:\/\/www.leselfes.com\/fr\/wp-json\/wp\/v2\/categories?post=95954"},{"taxonomy":"post_tag","embeddable":true,"href":"https:\/\/www.leselfes.com\/fr\/wp-json\/wp\/v2\/tags?post=95954"}],"curies":[{"name":"wp","href":"https:\/\/api.w.org\/{rel}","templated":true}]}}