{"id":96250,"date":"2025-01-07T09:19:20","date_gmt":"2025-01-07T08:19:20","guid":{"rendered":"https:\/\/www.leselfes.com\/comment-les-camps-dhiver-suisses-favorisent-lepanouissement-personnel-et-lacquisition-de-competences-tout-au-long-de-la-vie\/"},"modified":"2025-01-07T10:06:57","modified_gmt":"2025-01-07T09:06:57","slug":"comment-les-camps-dhiver-suisses-favorisent-lepanouissement-personnel-et-lacquisition-de-competences-tout-au-long-de-la-vie","status":"publish","type":"post","link":"https:\/\/www.leselfes.com\/fr\/comment-les-camps-dhiver-suisses-favorisent-lepanouissement-personnel-et-lacquisition-de-competences-tout-au-long-de-la-vie\/","title":{"rendered":"Comment les camps d&rsquo;hiver suisses favorisent l&rsquo;\u00e9panouissement personnel et l&rsquo;acquisition de comp\u00e9tences tout au long de la vie"},"content":{"rendered":"<p><body><\/p>\n<h1>Comment les camps d&rsquo;hiver suisses favorisent l&rsquo;\u00e9panouissement personnel et l&rsquo;acquisition de comp\u00e9tences tout au long de la vie<\/h1>\n<p>Les camps d&rsquo;hiver suisses, situ\u00e9s au c\u0153ur des Alpes, offrent bien plus que du ski et du snowboard. Ils proposent un programme complet qui combine l&rsquo;aventure en plein air, l&rsquo;\u00e9change culturel et le d\u00e9veloppement personnel. Les campeurs \u00e2g\u00e9s de 5 \u00e0 16 ans font l&rsquo;exp\u00e9rience de la magie de la Suisse, avec des destinations renomm\u00e9es telles que Verbier, Gstaad et Surval, qui servent de toile de fond parfaite pour l&rsquo;\u00e9panouissement et la d\u00e9couverte. Avec des activit\u00e9s allant des le\u00e7ons de ski \u00e0 l&rsquo;artisanat, ces camps garantissent une exp\u00e9rience \u00e9quilibr\u00e9e et m\u00e9morable.   <\/p>\n<h2>D\u00e9velopper l&rsquo;ind\u00e9pendance dans un environnement favorable<\/h2>\n<p>L&rsquo;un des aspects les plus transformateurs d&rsquo;un camp d&rsquo;hiver en Suisse est la possibilit\u00e9 pour les enfants de d\u00e9velopper leur ind\u00e9pendance. Pour beaucoup d&rsquo;entre eux, c&rsquo;est la premi\u00e8re fois qu&rsquo;ils quittent la maison et qu&rsquo;ils s\u00e9journent dans de magnifiques h\u00e9bergements con\u00e7us pour favoriser l&rsquo;autonomie. Les routines quotidiennes structur\u00e9es, de la gestion de l&rsquo;\u00e9quipement de ski \u00e0 la participation aux \u00e9v\u00e9nements apr\u00e8s-ski, enseignent aux campeurs l&rsquo;importance de l&rsquo;organisation et de la responsabilit\u00e9 personnelle.  <\/p>\n<p>Les programmes des Elfes International sont sp\u00e9cialement con\u00e7us pour favoriser l&rsquo;\u00e9panouissement tout en garantissant la s\u00e9curit\u00e9. Gr\u00e2ce \u00e0 des conseillers de camp exp\u00e9riment\u00e9s et \u00e0 un personnel attentif, les \u00e9tudiants se sentent en s\u00e9curit\u00e9 lorsqu&rsquo;ils rel\u00e8vent de nouveaux d\u00e9fis. Les installations comprennent des dortoirs spacieux, des salles \u00e0 manger communes et l&rsquo;acc\u00e8s aux \u00e9quipements de sports de neige les plus r\u00e9cents. Les stations pittoresques de Verbier et Davos ajoutent \u00e0 l&rsquo;atmosph\u00e8re d&rsquo;excitation et d&rsquo;aventure.   <\/p>\n<h2>Am\u00e9liorer la communication et les comp\u00e9tences sociales<\/h2>\n<p>Les camps d&rsquo;hiver suisses attirent des enfants et des adolescents du monde entier, cr\u00e9ant ainsi un environnement multiculturel dynamique. Ce cadre unique favorise la communication interculturelle et \u00e9largit la vision du monde des \u00e9l\u00e8ves. Les comp\u00e9tences linguistiques sont naturellement am\u00e9lior\u00e9es, car de nombreux camps proposent des cours interactifs d&rsquo;anglais, de fran\u00e7ais ou d&rsquo;allemand. Ces programmes linguistiques mettent l&rsquo;accent sur l&rsquo;utilisation pratique, rendant l&rsquo;apprentissage agr\u00e9able et pertinent.   <\/p>\n<p>Le fait de vivre et de jouer avec des jeunes d&rsquo;origines diff\u00e9rentes aide les campeurs \u00e0 comprendre et \u00e0 appr\u00e9cier la diversit\u00e9. Les exp\u00e9riences partag\u00e9es, comme le ski sur les pistes de Gstaad ou l&rsquo;artisanat en soir\u00e9e, cr\u00e9ent des liens profonds et significatifs. Les activit\u00e9s de groupe, notamment les jeux d&rsquo;\u00e9quipe, les soir\u00e9es musicales et les excursions en plein air, encouragent la coop\u00e9ration et renforcent les comp\u00e9tences sociales.  <\/p>\n<h2>D\u00e9velopper le leadership et le travail d&rsquo;\u00e9quipe<\/h2>\n<p>Le leadership est au c\u0153ur de nombreux camps d&rsquo;hiver suisses. Les programmes sont adapt\u00e9s aux diff\u00e9rents niveaux d&rsquo;\u00e2ge, avec des activit\u00e9s sp\u00e9ciales de leadership pour les campeurs plus \u00e2g\u00e9s. Qu&rsquo;il s&rsquo;agisse de guider un groupe lors d&rsquo;une randonn\u00e9e en montagne ou de coordonner une soir\u00e9e culturelle, les \u00e9l\u00e8ves apprennent la valeur du travail d&rsquo;\u00e9quipe, de la communication efficace et de la r\u00e9solution de probl\u00e8mes. Les Elfes International mettent l&rsquo;accent sur la formation au leadership et veillent \u00e0 ce que les campeurs d\u00e9veloppent des qualit\u00e9s qui leur serviront tout au long de leur vie.   <\/p>\n<p>Les programmes de leadership comprennent souvent des \u00e9l\u00e9ments de gestion de projet et de collaboration de groupe. Par exemple, les \u00e9tudiants peuvent travailler ensemble pour planifier un voyage de ski ou participer \u00e0 une excursion en raquettes. Ces exp\u00e9riences les incitent \u00e0 prendre des initiatives et \u00e0 d\u00e9velopper leur confiance en eux. Les opportunit\u00e9s vari\u00e9es et passionnantes garantissent que chaque jour du camp est rempli d&rsquo;apprentissage et de d\u00e9veloppement personnel.   <\/p>\n<h2>Relever les d\u00e9fis et renforcer la r\u00e9silience<\/h2>\n<p>Le ski et le snowboard sont des activit\u00e9s exaltantes mais qui peuvent aussi \u00eatre intimidantes, surtout pour les d\u00e9butants. Les camps de ski suisses proposent des cours de ski et de snowboard professionnels pour aider les campeurs \u00e0 progresser en toute confiance. Les moniteurs utilisent une approche progressive, enseignant les techniques essentielles tout en donnant la priorit\u00e9 \u00e0 la s\u00e9curit\u00e9. Des le\u00e7ons de ski \u00e0 la journ\u00e9e sur les pistes pour d\u00e9butants aux sessions de perfectionnement pour les skieurs chevronn\u00e9s, il y en a pour tous les go\u00fbts.   <\/p>\n<p>En surmontant ces d\u00e9fis sur les pistes, ils d\u00e9veloppent leur r\u00e9silience et une solide \u00e9thique de travail. Les campeurs apprennent \u00e0 se fixer des objectifs, \u00e0 g\u00e9rer les revers et \u00e0 c\u00e9l\u00e9brer leurs succ\u00e8s. Le sentiment d&rsquo;accomplissement qu&rsquo;ils ressentent apr\u00e8s avoir ma\u00eetris\u00e9 une piste difficile \u00e0 Verbier ou \u00e0 Surval est in\u00e9gal\u00e9. Cet \u00e9tat d&rsquo;esprit va au-del\u00e0 du sport ; il devient une comp\u00e9tence de vie pr\u00e9cieuse qui aide les \u00e9l\u00e8ves \u00e0 affronter les obstacles futurs avec confiance. M\u00eame des moments simples, comme apprendre \u00e0 ajuster les fixations d&rsquo;un snowboard ou naviguer sur la sc\u00e8ne de l&rsquo;apr\u00e8s-ski, contribuent \u00e0 leur \u00e9panouissement.    <\/p>\n<h2>Apprentissage de comp\u00e9tences pratiques et organisationnelles<\/h2>\n<p>Les comp\u00e9tences pratiques sont une partie essentielle de l&rsquo;exp\u00e9rience du camp d&rsquo;hiver. La gestion des effets personnels, la pr\u00e9paration des bagages pour les sorties de ski quotidiennes et le rangement de l&rsquo;espace de vie sont des responsabilit\u00e9s qui apprennent aux campeurs \u00e0 faire preuve d&rsquo;autodiscipline. Les camps, situ\u00e9s dans des stations magnifiques comme Pr\u00e9fleuri, veillent \u00e0 ce que ces le\u00e7ons soient int\u00e9gr\u00e9es dans la routine quotidienne d&rsquo;une mani\u00e8re amusante et engageante.  <\/p>\n<p>Les campeurs apprennent \u00e9galement \u00e0 g\u00e9rer leur temps en conciliant les activit\u00e9s de plein air, les cours de langue et les \u00e9v\u00e9nements du soir. L&rsquo;\u00e9quipe de cuisine du camp pr\u00e9pare des repas nutritifs et les campeurs sont impliqu\u00e9s dans l&rsquo;apprentissage d&rsquo;une alimentation saine et de choix responsables. Cette approche holistique garantit que les campeurs repartent avec un ensemble complet de comp\u00e9tences utiles dans la vie de tous les jours. En outre, le travail d&rsquo;\u00e9quipe dans des logements partag\u00e9s favorise le respect mutuel et la collaboration.   <\/p>\n<h2>Cr\u00e9er des souvenirs et des amiti\u00e9s pour la vie<\/h2>\n<p>Les exp\u00e9riences v\u00e9cues lors d&rsquo;un camp d&rsquo;hiver suisse sont inoubliables. Qu&rsquo;il s&rsquo;agisse de skier sur les pistes avanc\u00e9es de Gstaad ou de participer \u00e0 des ateliers artistiques dans la magnifique r\u00e9gion de Montreux, chaque moment est sp\u00e9cial. L&rsquo;atmosph\u00e8re du camp est remplie de rires, de d\u00e9couvertes et d&rsquo;un sens de l&rsquo;aventure. Les soir\u00e9es se passent \u00e0 partager des histoires au coin du feu, \u00e0 jouer \u00e0 des jeux et \u00e0 profiter des festivit\u00e9s d&rsquo;apr\u00e8s-ski.   <\/p>\n<p>Les amiti\u00e9s nou\u00e9es au camp durent souvent toute une vie. La rencontre de personnes du monde entier dans un cadre aussi spectaculaire que les Alpes cr\u00e9e des liens qui d\u00e9passent les fronti\u00e8res. Les enfants apprennent \u00e0 appr\u00e9cier les diff\u00e9rentes cultures et perspectives, ce qui rend leur exp\u00e9rience du camp riche et significative. Les parents remarquent souvent les changements positifs qui s&rsquo;op\u00e8rent chez leurs enfants, qu&rsquo;il s&rsquo;agisse de l&rsquo;am\u00e9lioration des comp\u00e9tences linguistiques, d&rsquo;une plus grande ind\u00e9pendance ou d&rsquo;une plus grande confiance en soi.   <\/p>\n<h2>Explorer la beaut\u00e9 de la Suisse<\/h2>\n<p>Les camps d&rsquo;hiver suisses offrent aux campeurs la possibilit\u00e9 de vivre une v\u00e9ritable exp\u00e9rience de la Suisse. Des vues majestueuses des Alpes aux visites des attractions locales, chaque semaine offre des possibilit\u00e9s d&rsquo;exploration. Les excursions dans les villes voisines, comme Montreux ou la gare historique de Davos, donnent aux \u00e9l\u00e8ves un avant-go\u00fbt de la culture suisse. Les stations de montagne elles-m\u00eames sont des destinations connues pour leurs paysages \u00e9poustouflants et leurs communaut\u00e9s de skieurs dynamiques.   <\/p>\n<p>Chaque camp veille \u00e0 ce que les \u00e9l\u00e8ves profitent d&rsquo;une exp\u00e9rience de vacances bien \u00e9quilibr\u00e9e. Les activit\u00e9s comprennent le patinage sur glace, la luge et m\u00eame des visites dans des cuisines locales pour d\u00e9couvrir la cuisine suisse. La saison hivernale apporte une atmosph\u00e8re magique, et le sens de l&rsquo;\u00e9merveillement en explorant ces destinations est in\u00e9gal\u00e9. Gr\u00e2ce \u00e0 l&rsquo;acc\u00e8s \u00e0 un large \u00e9ventail d&rsquo;activit\u00e9s de plein air, les \u00e9tudiants peuvent d\u00e9couvrir les joies des sports de neige dans un environnement s\u00fbr et favorable. Regarder le coucher de soleil sur les montagnes enneig\u00e9es ou \u00e9couter les histoires locales ajoute une touche de magie \u00e0 leur aventure.    <\/p>\n<h2>Comment s&rsquo;inscrire \u00e0 un camp d&rsquo;hiver en Suisse<\/h2>\n<p>Si vous souhaitez donner \u00e0 votre enfant l&rsquo;occasion de grandir, d&rsquo;apprendre et d&rsquo;explorer dans l&rsquo;un des plus beaux cadres hivernaux du monde, l&rsquo;inscription \u00e0 un camp d&rsquo;hiver suisse est le choix id\u00e9al. Des programmes sont disponibles pour diff\u00e9rents \u00e2ges et niveaux de comp\u00e9tence, garantissant une exp\u00e9rience sur mesure pour chaque campeur. Avec des options pour les d\u00e9butants comme pour les skieurs confirm\u00e9s, chaque enfant peut tirer le meilleur parti de son s\u00e9jour dans les Alpes.  <\/p>\n<p>L&rsquo;inscription est facile, mais les places se remplissent rapidement, en particulier pendant la p\u00e9riode de pointe des vacances en f\u00e9vrier et mars. Ne manquez pas cette occasion unique de cr\u00e9er des souvenirs inoubliables et de d\u00e9velopper des comp\u00e9tences essentielles pour la vie. Cliquez sur le lien ci-dessous pour commencer l&rsquo;aventure de votre enfant :  <\/p>\n<p><a href=\"https:\/\/www.leselfes.com\/winter-camp\/enrol\/\" target=\"_blank\" rel=\"noopener\"><strong>Inscrivez-vous d\u00e8s aujourd&rsquo;hui \u00e0 un camp d&rsquo;hiver<\/strong><\/a><\/p>\n<p><\/body><\/p>\n","protected":false},"excerpt":{"rendered":"<p>Comment les camps d&rsquo;hiver suisses favorisent l&rsquo;\u00e9panouissement personnel et l&rsquo;acquisition de comp\u00e9tences tout au long de la vie Les camps d&rsquo;hiver suisses, situ\u00e9s au c\u0153ur des Alpes, offrent bien plus&#8230;<\/p>\n","protected":false},"author":16,"featured_media":96205,"comment_status":"closed","ping_status":"open","sticky":false,"template":"","format":"standard","meta":{"_acf_changed":false,"inline_featured_image":false,"footnotes":""},"categories":[1356,1355],"tags":[],"class_list":{"0":"post-96250","1":"post","2":"type-post","3":"status-publish","4":"format-standard","5":"has-post-thumbnail","7":"category-articles-fr","8":"category-camp-dhiver"},"acf":[],"yoast_head":"<!-- This site is optimized with the Yoast SEO Premium plugin v24.2 (Yoast SEO v24.7) - https:\/\/yoast.com\/wordpress\/plugins\/seo\/ -->\n<title>Comment les camps d&#039;hiver suisses favorisent l&#039;\u00e9panouissement personnel et l&#039;acquisition de comp\u00e9tences tout au long de la vie<\/title>\n<meta name=\"description\" content=\"D\u00e9couvrez comment les camps d&#039;hiver suisses aident les enfants et les adolescents \u00e0 d\u00e9velopper leur ind\u00e9pendance, leur leadership et de pr\u00e9cieuses comp\u00e9tences de vie.\" \/>\n<meta name=\"robots\" content=\"index, follow, max-snippet:-1, max-image-preview:large, max-video-preview:-1\" \/>\n<link rel=\"canonical\" href=\"https:\/\/www.leselfes.com\/fr\/comment-les-camps-dhiver-suisses-favorisent-lepanouissement-personnel-et-lacquisition-de-competences-tout-au-long-de-la-vie\/\" \/>\n<meta property=\"og:locale\" content=\"fr_FR\" \/>\n<meta property=\"og:type\" content=\"article\" \/>\n<meta property=\"og:title\" content=\"Comment les camps d&#039;hiver suisses favorisent l&#039;\u00e9panouissement personnel et l&#039;acquisition de comp\u00e9tences tout au long de la vie\" \/>\n<meta property=\"og:description\" content=\"D\u00e9couvrez comment les camps d&#039;hiver suisses aident les enfants et les adolescents \u00e0 d\u00e9velopper leur ind\u00e9pendance, leur leadership et de pr\u00e9cieuses comp\u00e9tences de vie.\" \/>\n<meta property=\"og:url\" content=\"https:\/\/www.leselfes.com\/fr\/comment-les-camps-dhiver-suisses-favorisent-lepanouissement-personnel-et-lacquisition-de-competences-tout-au-long-de-la-vie\/\" \/>\n<meta property=\"og:site_name\" content=\"Les Elfes International Camps Switzerland\" \/>\n<meta property=\"article:publisher\" content=\"https:\/\/www.facebook.com\/LesElfesVerbier\" \/>\n<meta property=\"article:published_time\" content=\"2025-01-07T08:19:20+00:00\" \/>\n<meta property=\"article:modified_time\" content=\"2025-01-07T09:06:57+00:00\" \/>\n<meta property=\"og:image\" content=\"https:\/\/dev.leselfes.com\/wp-content\/uploads\/2025\/01\/how-swiss.jpg\" \/>\n\t<meta property=\"og:image:width\" content=\"1920\" \/>\n\t<meta property=\"og:image:height\" content=\"550\" \/>\n\t<meta property=\"og:image:type\" content=\"image\/jpeg\" \/>\n<meta name=\"author\" content=\"Matthieu Perard\" \/>\n<meta name=\"twitter:card\" content=\"summary_large_image\" \/>\n<meta name=\"twitter:creator\" content=\"@LesElfesCamps\" \/>\n<meta name=\"twitter:site\" content=\"@LesElfesCamps\" \/>\n<meta name=\"twitter:label1\" content=\"\u00c9crit par\" \/>\n\t<meta name=\"twitter:data1\" content=\"Matthieu Perard\" \/>\n\t<meta name=\"twitter:label2\" content=\"Dur\u00e9e de lecture estim\u00e9e\" \/>\n\t<meta name=\"twitter:data2\" content=\"8 minutes\" \/>\n<script type=\"application\/ld+json\" class=\"yoast-schema-graph\">{\"@context\":\"https:\/\/schema.org\",\"@graph\":[{\"@type\":\"Article\",\"@id\":\"https:\/\/www.leselfes.com\/fr\/comment-les-camps-dhiver-suisses-favorisent-lepanouissement-personnel-et-lacquisition-de-competences-tout-au-long-de-la-vie\/#article\",\"isPartOf\":{\"@id\":\"https:\/\/www.leselfes.com\/fr\/comment-les-camps-dhiver-suisses-favorisent-lepanouissement-personnel-et-lacquisition-de-competences-tout-au-long-de-la-vie\/\"},\"author\":{\"name\":\"Matthieu Perard\",\"@id\":\"https:\/\/dev.leselfes.com\/#\/schema\/person\/7ac5f99a7f3c597105fe663a00bdf6d6\"},\"headline\":\"Comment les camps d&rsquo;hiver suisses favorisent l&rsquo;\u00e9panouissement personnel et l&rsquo;acquisition de comp\u00e9tences tout au long de la vie\",\"datePublished\":\"2025-01-07T08:19:20+00:00\",\"dateModified\":\"2025-01-07T09:06:57+00:00\",\"mainEntityOfPage\":{\"@id\":\"https:\/\/www.leselfes.com\/fr\/comment-les-camps-dhiver-suisses-favorisent-lepanouissement-personnel-et-lacquisition-de-competences-tout-au-long-de-la-vie\/\"},\"wordCount\":1669,\"publisher\":{\"@id\":\"https:\/\/dev.leselfes.com\/#organization\"},\"image\":{\"@id\":\"https:\/\/www.leselfes.com\/fr\/comment-les-camps-dhiver-suisses-favorisent-lepanouissement-personnel-et-lacquisition-de-competences-tout-au-long-de-la-vie\/#primaryimage\"},\"thumbnailUrl\":\"https:\/\/www.leselfes.com\/wp-content\/uploads\/2025\/01\/how-swiss.jpg\",\"articleSection\":[\"Articles\",\"Camp d'hiver\"],\"inLanguage\":\"fr-FR\"},{\"@type\":\"WebPage\",\"@id\":\"https:\/\/www.leselfes.com\/fr\/comment-les-camps-dhiver-suisses-favorisent-lepanouissement-personnel-et-lacquisition-de-competences-tout-au-long-de-la-vie\/\",\"url\":\"https:\/\/www.leselfes.com\/fr\/comment-les-camps-dhiver-suisses-favorisent-lepanouissement-personnel-et-lacquisition-de-competences-tout-au-long-de-la-vie\/\",\"name\":\"Comment les camps d'hiver suisses favorisent l'\u00e9panouissement personnel et l'acquisition de comp\u00e9tences tout au long de la vie\",\"isPartOf\":{\"@id\":\"https:\/\/dev.leselfes.com\/#website\"},\"primaryImageOfPage\":{\"@id\":\"https:\/\/www.leselfes.com\/fr\/comment-les-camps-dhiver-suisses-favorisent-lepanouissement-personnel-et-lacquisition-de-competences-tout-au-long-de-la-vie\/#primaryimage\"},\"image\":{\"@id\":\"https:\/\/www.leselfes.com\/fr\/comment-les-camps-dhiver-suisses-favorisent-lepanouissement-personnel-et-lacquisition-de-competences-tout-au-long-de-la-vie\/#primaryimage\"},\"thumbnailUrl\":\"https:\/\/www.leselfes.com\/wp-content\/uploads\/2025\/01\/how-swiss.jpg\",\"datePublished\":\"2025-01-07T08:19:20+00:00\",\"dateModified\":\"2025-01-07T09:06:57+00:00\",\"description\":\"D\u00e9couvrez comment les camps d'hiver suisses aident les enfants et les adolescents \u00e0 d\u00e9velopper leur ind\u00e9pendance, leur leadership et de pr\u00e9cieuses comp\u00e9tences de vie.\",\"breadcrumb\":{\"@id\":\"https:\/\/www.leselfes.com\/fr\/comment-les-camps-dhiver-suisses-favorisent-lepanouissement-personnel-et-lacquisition-de-competences-tout-au-long-de-la-vie\/#breadcrumb\"},\"inLanguage\":\"fr-FR\",\"potentialAction\":[{\"@type\":\"ReadAction\",\"target\":[\"https:\/\/www.leselfes.com\/fr\/comment-les-camps-dhiver-suisses-favorisent-lepanouissement-personnel-et-lacquisition-de-competences-tout-au-long-de-la-vie\/\"]}]},{\"@type\":\"ImageObject\",\"inLanguage\":\"fr-FR\",\"@id\":\"https:\/\/www.leselfes.com\/fr\/comment-les-camps-dhiver-suisses-favorisent-lepanouissement-personnel-et-lacquisition-de-competences-tout-au-long-de-la-vie\/#primaryimage\",\"url\":\"https:\/\/www.leselfes.com\/wp-content\/uploads\/2025\/01\/how-swiss.jpg\",\"contentUrl\":\"https:\/\/www.leselfes.com\/wp-content\/uploads\/2025\/01\/how-swiss.jpg\",\"width\":1920,\"height\":550},{\"@type\":\"BreadcrumbList\",\"@id\":\"https:\/\/www.leselfes.com\/fr\/comment-les-camps-dhiver-suisses-favorisent-lepanouissement-personnel-et-lacquisition-de-competences-tout-au-long-de-la-vie\/#breadcrumb\",\"itemListElement\":[{\"@type\":\"ListItem\",\"position\":1,\"name\":\"Home\",\"item\":\"https:\/\/www.leselfes.com\/fr\/\"},{\"@type\":\"ListItem\",\"position\":2,\"name\":\"Comment les camps d&#8217;hiver suisses favorisent l&#8217;\u00e9panouissement personnel et l&#8217;acquisition de comp\u00e9tences tout au long de la vie\"}]},{\"@type\":\"WebSite\",\"@id\":\"https:\/\/dev.leselfes.com\/#website\",\"url\":\"https:\/\/dev.leselfes.com\/\",\"name\":\"Les Elfes International\",\"description\":\"Les Elfes International, Verbier Switzerland. Summer Camp, Winter Camp, Spring Camps.\",\"publisher\":{\"@id\":\"https:\/\/dev.leselfes.com\/#organization\"},\"alternateName\":\"Les Elfes International\",\"potentialAction\":[{\"@type\":\"SearchAction\",\"target\":{\"@type\":\"EntryPoint\",\"urlTemplate\":\"https:\/\/dev.leselfes.com\/?s={search_term_string}\"},\"query-input\":{\"@type\":\"PropertyValueSpecification\",\"valueRequired\":true,\"valueName\":\"search_term_string\"}}],\"inLanguage\":\"fr-FR\"},{\"@type\":\"Organization\",\"@id\":\"https:\/\/dev.leselfes.com\/#organization\",\"name\":\"Les Elfes International\",\"alternateName\":\"Les Elfes International\",\"url\":\"https:\/\/dev.leselfes.com\/\",\"logo\":{\"@type\":\"ImageObject\",\"inLanguage\":\"fr-FR\",\"@id\":\"https:\/\/dev.leselfes.com\/#\/schema\/logo\/image\/\",\"url\":\"https:\/\/www.leselfes.com\/wp-content\/uploads\/2022\/03\/leselfes-logo.png\",\"contentUrl\":\"https:\/\/www.leselfes.com\/wp-content\/uploads\/2022\/03\/leselfes-logo.png\",\"width\":233,\"height\":51,\"caption\":\"Les Elfes International\"},\"image\":{\"@id\":\"https:\/\/dev.leselfes.com\/#\/schema\/logo\/image\/\"},\"sameAs\":[\"https:\/\/www.facebook.com\/LesElfesVerbier\",\"https:\/\/x.com\/LesElfesCamps\",\"https:\/\/www.instagram.com\/leselfes\",\"https:\/\/www.linkedin.com\/company\/les-elfes-international\",\"https:\/\/www.youtube.com\/user\/LesElfesVerbier\"]},{\"@type\":\"Person\",\"@id\":\"https:\/\/dev.leselfes.com\/#\/schema\/person\/7ac5f99a7f3c597105fe663a00bdf6d6\",\"name\":\"Matthieu Perard\",\"image\":{\"@type\":\"ImageObject\",\"inLanguage\":\"fr-FR\",\"@id\":\"https:\/\/dev.leselfes.com\/#\/schema\/person\/image\/\",\"url\":\"https:\/\/secure.gravatar.com\/avatar\/e368f5bd153d15a1ff42a4c64a46d1ef?s=96&d=mm&r=g\",\"contentUrl\":\"https:\/\/secure.gravatar.com\/avatar\/e368f5bd153d15a1ff42a4c64a46d1ef?s=96&d=mm&r=g\",\"caption\":\"Matthieu Perard\"},\"url\":\"https:\/\/www.leselfes.com\/fr\/author\/m-pierardnotostudio-ch\/\"}]}<\/script>\n<!-- \/ Yoast SEO Premium plugin. -->","yoast_head_json":{"title":"Comment les camps d'hiver suisses favorisent l'\u00e9panouissement personnel et l'acquisition de comp\u00e9tences tout au long de la vie","description":"D\u00e9couvrez comment les camps d'hiver suisses aident les enfants et les adolescents \u00e0 d\u00e9velopper leur ind\u00e9pendance, leur leadership et de pr\u00e9cieuses comp\u00e9tences de vie.","robots":{"index":"index","follow":"follow","max-snippet":"max-snippet:-1","max-image-preview":"max-image-preview:large","max-video-preview":"max-video-preview:-1"},"canonical":"https:\/\/www.leselfes.com\/fr\/comment-les-camps-dhiver-suisses-favorisent-lepanouissement-personnel-et-lacquisition-de-competences-tout-au-long-de-la-vie\/","og_locale":"fr_FR","og_type":"article","og_title":"Comment les camps d'hiver suisses favorisent l'\u00e9panouissement personnel et l'acquisition de comp\u00e9tences tout au long de la vie","og_description":"D\u00e9couvrez comment les camps d'hiver suisses aident les enfants et les adolescents \u00e0 d\u00e9velopper leur ind\u00e9pendance, leur leadership et de pr\u00e9cieuses comp\u00e9tences de vie.","og_url":"https:\/\/www.leselfes.com\/fr\/comment-les-camps-dhiver-suisses-favorisent-lepanouissement-personnel-et-lacquisition-de-competences-tout-au-long-de-la-vie\/","og_site_name":"Les Elfes International Camps Switzerland","article_publisher":"https:\/\/www.facebook.com\/LesElfesVerbier","article_published_time":"2025-01-07T08:19:20+00:00","article_modified_time":"2025-01-07T09:06:57+00:00","og_image":[{"width":1920,"height":550,"url":"https:\/\/dev.leselfes.com\/wp-content\/uploads\/2025\/01\/how-swiss.jpg","type":"image\/jpeg"}],"author":"Matthieu Perard","twitter_card":"summary_large_image","twitter_creator":"@LesElfesCamps","twitter_site":"@LesElfesCamps","twitter_misc":{"\u00c9crit par":"Matthieu Perard","Dur\u00e9e de lecture estim\u00e9e":"8 minutes"},"schema":{"@context":"https:\/\/schema.org","@graph":[{"@type":"Article","@id":"https:\/\/www.leselfes.com\/fr\/comment-les-camps-dhiver-suisses-favorisent-lepanouissement-personnel-et-lacquisition-de-competences-tout-au-long-de-la-vie\/#article","isPartOf":{"@id":"https:\/\/www.leselfes.com\/fr\/comment-les-camps-dhiver-suisses-favorisent-lepanouissement-personnel-et-lacquisition-de-competences-tout-au-long-de-la-vie\/"},"author":{"name":"Matthieu Perard","@id":"https:\/\/dev.leselfes.com\/#\/schema\/person\/7ac5f99a7f3c597105fe663a00bdf6d6"},"headline":"Comment les camps d&rsquo;hiver suisses favorisent l&rsquo;\u00e9panouissement personnel et l&rsquo;acquisition de comp\u00e9tences tout au long de la vie","datePublished":"2025-01-07T08:19:20+00:00","dateModified":"2025-01-07T09:06:57+00:00","mainEntityOfPage":{"@id":"https:\/\/www.leselfes.com\/fr\/comment-les-camps-dhiver-suisses-favorisent-lepanouissement-personnel-et-lacquisition-de-competences-tout-au-long-de-la-vie\/"},"wordCount":1669,"publisher":{"@id":"https:\/\/dev.leselfes.com\/#organization"},"image":{"@id":"https:\/\/www.leselfes.com\/fr\/comment-les-camps-dhiver-suisses-favorisent-lepanouissement-personnel-et-lacquisition-de-competences-tout-au-long-de-la-vie\/#primaryimage"},"thumbnailUrl":"https:\/\/www.leselfes.com\/wp-content\/uploads\/2025\/01\/how-swiss.jpg","articleSection":["Articles","Camp d'hiver"],"inLanguage":"fr-FR"},{"@type":"WebPage","@id":"https:\/\/www.leselfes.com\/fr\/comment-les-camps-dhiver-suisses-favorisent-lepanouissement-personnel-et-lacquisition-de-competences-tout-au-long-de-la-vie\/","url":"https:\/\/www.leselfes.com\/fr\/comment-les-camps-dhiver-suisses-favorisent-lepanouissement-personnel-et-lacquisition-de-competences-tout-au-long-de-la-vie\/","name":"Comment les camps d'hiver suisses favorisent l'\u00e9panouissement personnel et l'acquisition de comp\u00e9tences tout au long de la vie","isPartOf":{"@id":"https:\/\/dev.leselfes.com\/#website"},"primaryImageOfPage":{"@id":"https:\/\/www.leselfes.com\/fr\/comment-les-camps-dhiver-suisses-favorisent-lepanouissement-personnel-et-lacquisition-de-competences-tout-au-long-de-la-vie\/#primaryimage"},"image":{"@id":"https:\/\/www.leselfes.com\/fr\/comment-les-camps-dhiver-suisses-favorisent-lepanouissement-personnel-et-lacquisition-de-competences-tout-au-long-de-la-vie\/#primaryimage"},"thumbnailUrl":"https:\/\/www.leselfes.com\/wp-content\/uploads\/2025\/01\/how-swiss.jpg","datePublished":"2025-01-07T08:19:20+00:00","dateModified":"2025-01-07T09:06:57+00:00","description":"D\u00e9couvrez comment les camps d'hiver suisses aident les enfants et les adolescents \u00e0 d\u00e9velopper leur ind\u00e9pendance, leur leadership et de pr\u00e9cieuses comp\u00e9tences de vie.","breadcrumb":{"@id":"https:\/\/www.leselfes.com\/fr\/comment-les-camps-dhiver-suisses-favorisent-lepanouissement-personnel-et-lacquisition-de-competences-tout-au-long-de-la-vie\/#breadcrumb"},"inLanguage":"fr-FR","potentialAction":[{"@type":"ReadAction","target":["https:\/\/www.leselfes.com\/fr\/comment-les-camps-dhiver-suisses-favorisent-lepanouissement-personnel-et-lacquisition-de-competences-tout-au-long-de-la-vie\/"]}]},{"@type":"ImageObject","inLanguage":"fr-FR","@id":"https:\/\/www.leselfes.com\/fr\/comment-les-camps-dhiver-suisses-favorisent-lepanouissement-personnel-et-lacquisition-de-competences-tout-au-long-de-la-vie\/#primaryimage","url":"https:\/\/www.leselfes.com\/wp-content\/uploads\/2025\/01\/how-swiss.jpg","contentUrl":"https:\/\/www.leselfes.com\/wp-content\/uploads\/2025\/01\/how-swiss.jpg","width":1920,"height":550},{"@type":"BreadcrumbList","@id":"https:\/\/www.leselfes.com\/fr\/comment-les-camps-dhiver-suisses-favorisent-lepanouissement-personnel-et-lacquisition-de-competences-tout-au-long-de-la-vie\/#breadcrumb","itemListElement":[{"@type":"ListItem","position":1,"name":"Home","item":"https:\/\/www.leselfes.com\/fr\/"},{"@type":"ListItem","position":2,"name":"Comment les camps d&#8217;hiver suisses favorisent l&#8217;\u00e9panouissement personnel et l&#8217;acquisition de comp\u00e9tences tout au long de la vie"}]},{"@type":"WebSite","@id":"https:\/\/dev.leselfes.com\/#website","url":"https:\/\/dev.leselfes.com\/","name":"Les Elfes International","description":"Les Elfes International, Verbier Switzerland. Summer Camp, Winter Camp, Spring Camps.","publisher":{"@id":"https:\/\/dev.leselfes.com\/#organization"},"alternateName":"Les Elfes International","potentialAction":[{"@type":"SearchAction","target":{"@type":"EntryPoint","urlTemplate":"https:\/\/dev.leselfes.com\/?s={search_term_string}"},"query-input":{"@type":"PropertyValueSpecification","valueRequired":true,"valueName":"search_term_string"}}],"inLanguage":"fr-FR"},{"@type":"Organization","@id":"https:\/\/dev.leselfes.com\/#organization","name":"Les Elfes International","alternateName":"Les Elfes International","url":"https:\/\/dev.leselfes.com\/","logo":{"@type":"ImageObject","inLanguage":"fr-FR","@id":"https:\/\/dev.leselfes.com\/#\/schema\/logo\/image\/","url":"https:\/\/www.leselfes.com\/wp-content\/uploads\/2022\/03\/leselfes-logo.png","contentUrl":"https:\/\/www.leselfes.com\/wp-content\/uploads\/2022\/03\/leselfes-logo.png","width":233,"height":51,"caption":"Les Elfes International"},"image":{"@id":"https:\/\/dev.leselfes.com\/#\/schema\/logo\/image\/"},"sameAs":["https:\/\/www.facebook.com\/LesElfesVerbier","https:\/\/x.com\/LesElfesCamps","https:\/\/www.instagram.com\/leselfes","https:\/\/www.linkedin.com\/company\/les-elfes-international","https:\/\/www.youtube.com\/user\/LesElfesVerbier"]},{"@type":"Person","@id":"https:\/\/dev.leselfes.com\/#\/schema\/person\/7ac5f99a7f3c597105fe663a00bdf6d6","name":"Matthieu Perard","image":{"@type":"ImageObject","inLanguage":"fr-FR","@id":"https:\/\/dev.leselfes.com\/#\/schema\/person\/image\/","url":"https:\/\/secure.gravatar.com\/avatar\/e368f5bd153d15a1ff42a4c64a46d1ef?s=96&d=mm&r=g","contentUrl":"https:\/\/secure.gravatar.com\/avatar\/e368f5bd153d15a1ff42a4c64a46d1ef?s=96&d=mm&r=g","caption":"Matthieu Perard"},"url":"https:\/\/www.leselfes.com\/fr\/author\/m-pierardnotostudio-ch\/"}]}},"_links":{"self":[{"href":"https:\/\/www.leselfes.com\/fr\/wp-json\/wp\/v2\/posts\/96250"}],"collection":[{"href":"https:\/\/www.leselfes.com\/fr\/wp-json\/wp\/v2\/posts"}],"about":[{"href":"https:\/\/www.leselfes.com\/fr\/wp-json\/wp\/v2\/types\/post"}],"author":[{"embeddable":true,"href":"https:\/\/www.leselfes.com\/fr\/wp-json\/wp\/v2\/users\/16"}],"replies":[{"embeddable":true,"href":"https:\/\/www.leselfes.com\/fr\/wp-json\/wp\/v2\/comments?post=96250"}],"version-history":[{"count":0,"href":"https:\/\/www.leselfes.com\/fr\/wp-json\/wp\/v2\/posts\/96250\/revisions"}],"wp:featuredmedia":[{"embeddable":true,"href":"https:\/\/www.leselfes.com\/fr\/wp-json\/wp\/v2\/media\/96205"}],"wp:attachment":[{"href":"https:\/\/www.leselfes.com\/fr\/wp-json\/wp\/v2\/media?parent=96250"}],"wp:term":[{"taxonomy":"category","embeddable":true,"href":"https:\/\/www.leselfes.com\/fr\/wp-json\/wp\/v2\/categories?post=96250"},{"taxonomy":"post_tag","embeddable":true,"href":"https:\/\/www.leselfes.com\/fr\/wp-json\/wp\/v2\/tags?post=96250"}],"curies":[{"name":"wp","href":"https:\/\/api.w.org\/{rel}","templated":true}]}}