{"id":96311,"date":"2025-01-07T09:22:35","date_gmt":"2025-01-07T08:22:35","guid":{"rendered":"https:\/\/www.leselfes.com\/dimanche-22-decembre-premier-jour-sur-les-pistes-de-talia-lelfe\/"},"modified":"2025-01-07T10:06:54","modified_gmt":"2025-01-07T09:06:54","slug":"dimanche-22-decembre-premier-jour-sur-les-pistes-de-talia-lelfe","status":"publish","type":"post","link":"https:\/\/www.leselfes.com\/fr\/dimanche-22-decembre-premier-jour-sur-les-pistes-de-talia-lelfe\/","title":{"rendered":"Dimanche 22 d\u00e9cembre- Premier jour sur les pistes de Talia l&rsquo;elfe"},"content":{"rendered":"<p>&nbsp;<\/p>\n<p>Ah, le premier jour du camp de ski \u00e0 Verbier. L&rsquo;air est vif, les montagnes sont recouvertes de neige fra\u00eeche et le camp a enfin ouvert ses portes \u00e0 un nouveau groupe d&rsquo;aventuriers curieux. Je vis ici dans les montagnes depuis ce qui me semble \u00eatre une \u00e9ternit\u00e9, mais il y a quelque chose de magique \u00e0 voir l&rsquo;excitation dans les yeux de ces enfants venus d&rsquo;endroits comme le Kowe\u00eft, l&rsquo;Inde et bien d&rsquo;autres encore. Ce matin, la neige est tomb\u00e9e rapidement et en abondance. Je les ai observ\u00e9s se rassembler en groupes, leurs visages m\u00ealant excitation et nervosit\u00e9. La plupart d&rsquo;entre eux n&rsquo;avaient jamais vu de neige auparavant, et encore moins fait du ski. Les petits glissaient, leurs rires emplissaient l&rsquo;air, m\u00eame s&rsquo;ils tombaient encore et encore. Mais il y avait aussi de la d\u00e9termination. \u00c0 chaque chute, ils se relevaient et, \u00e0 la fin de la matin\u00e9e, ils avaient commenc\u00e9 \u00e0 trouver leur rythme sur les pistes. Apr\u00e8s le ski, les campeurs se sont s\u00e9par\u00e9s en deux groupes. Les uns se dirigent vers la ville de Verbier, impatients d&rsquo;essayer le patinage sur la patinoire qui brille comme dans un conte de f\u00e9es. D&rsquo;autres, \u00e9puis\u00e9s par l&rsquo;aventure du matin, ont d\u00e9cid\u00e9 de se reposer et de se ressourcer pr\u00e8s du feu \u00e0 l&rsquo;int\u00e9rieur du lodge. Le d\u00eener \u00e9tait copieux &#8211; des hamburgers pour tous. Les enfants racontaient leur journ\u00e9e, certains parlaient encore des chutes, d&rsquo;autres \u00e9taient ravis de leurs aventures en patin \u00e0 glace. La soir\u00e9e s&rsquo;est ensuite divis\u00e9e \u00e0 nouveau. Certains enfants se sont dirig\u00e9s vers le centre sportif pour d\u00e9penser le reste de leur \u00e9nergie, tandis que d&rsquo;autres sont rest\u00e9s \u00e0 la maison pour profiter d&rsquo;une soir\u00e9e quiz confortable. Je pouvais entendre leurs rires r\u00e9sonner dans les couloirs, la pi\u00e8ce bourdonnant de l&rsquo;\u00e9nergie que seul un groupe de nouveaux amis peut apporter. \u00c0 la fin de la journ\u00e9e, je les ai regard\u00e9s s&rsquo;endormir, le visage fatigu\u00e9 mais satisfait. Demain, il y aura encore de la neige, des aventures et des rires. Ce sont des jours comme aujourd&rsquo;hui qui me font aimer cette vie \u00e0 Verbier, en regardant ces enfants d\u00e9couvrir la magie des montagnes, un pas enneig\u00e9 \u00e0 la fois.  <\/p>\n","protected":false},"excerpt":{"rendered":"<p>&nbsp; Ah, le premier jour du camp de ski \u00e0 Verbier. L&rsquo;air est vif, les montagnes sont recouvertes de neige fra\u00eeche et le camp a enfin ouvert ses portes \u00e0&#8230;<\/p>\n","protected":false},"author":16,"featured_media":0,"comment_status":"closed","ping_status":"open","sticky":false,"template":"","format":"standard","meta":{"_acf_changed":false,"inline_featured_image":false,"footnotes":""},"categories":[],"tags":[],"class_list":["post-96311","post","type-post","status-publish","format-standard"],"acf":[],"yoast_head":"<!-- This site is optimized with the Yoast SEO Premium plugin v24.2 (Yoast SEO v24.7) - https:\/\/yoast.com\/wordpress\/plugins\/seo\/ -->\n<title>Dimanche 22 d\u00e9cembre- Premier jour sur les pistes de Talia l&#039;elfe - Les Elfes International Camps Switzerland<\/title>\n<meta name=\"robots\" content=\"index, follow, max-snippet:-1, max-image-preview:large, max-video-preview:-1\" \/>\n<link rel=\"canonical\" href=\"https:\/\/www.leselfes.com\/fr\/dimanche-22-decembre-premier-jour-sur-les-pistes-de-talia-lelfe\/\" \/>\n<meta property=\"og:locale\" content=\"fr_FR\" \/>\n<meta property=\"og:type\" content=\"article\" \/>\n<meta property=\"og:title\" content=\"Dimanche 22 d\u00e9cembre- Premier jour sur les pistes de Talia l&#039;elfe\" \/>\n<meta property=\"og:description\" content=\"&nbsp; Ah, le premier jour du camp de ski \u00e0 Verbier. L&rsquo;air est vif, les montagnes sont recouvertes de neige fra\u00eeche et le camp a enfin ouvert ses portes \u00e0...\" \/>\n<meta property=\"og:url\" content=\"https:\/\/www.leselfes.com\/fr\/dimanche-22-decembre-premier-jour-sur-les-pistes-de-talia-lelfe\/\" \/>\n<meta property=\"og:site_name\" content=\"Les Elfes International Camps Switzerland\" \/>\n<meta property=\"article:publisher\" content=\"https:\/\/www.facebook.com\/LesElfesVerbier\" \/>\n<meta property=\"article:published_time\" content=\"2025-01-07T08:22:35+00:00\" \/>\n<meta property=\"article:modified_time\" content=\"2025-01-07T09:06:54+00:00\" \/>\n<meta property=\"og:image\" content=\"https:\/\/www.leselfes.com\/wp-content\/uploads\/2022\/02\/Les-Elfes-International-summer-camp-Switzerland-Staff-Mobile-591x555-1.jpg\" \/>\n\t<meta property=\"og:image:width\" content=\"591\" \/>\n\t<meta property=\"og:image:height\" content=\"555\" \/>\n\t<meta property=\"og:image:type\" content=\"image\/jpeg\" \/>\n<meta name=\"author\" content=\"Matthieu Perard\" \/>\n<meta name=\"twitter:card\" content=\"summary_large_image\" \/>\n<meta name=\"twitter:creator\" content=\"@LesElfesCamps\" \/>\n<meta name=\"twitter:site\" content=\"@LesElfesCamps\" \/>\n<meta name=\"twitter:label1\" content=\"\u00c9crit par\" \/>\n\t<meta name=\"twitter:data1\" content=\"Matthieu Perard\" \/>\n\t<meta name=\"twitter:label2\" content=\"Dur\u00e9e de lecture estim\u00e9e\" \/>\n\t<meta name=\"twitter:data2\" content=\"2 minutes\" \/>\n<script type=\"application\/ld+json\" class=\"yoast-schema-graph\">{\"@context\":\"https:\/\/schema.org\",\"@graph\":[{\"@type\":\"Article\",\"@id\":\"https:\/\/www.leselfes.com\/fr\/dimanche-22-decembre-premier-jour-sur-les-pistes-de-talia-lelfe\/#article\",\"isPartOf\":{\"@id\":\"https:\/\/www.leselfes.com\/fr\/dimanche-22-decembre-premier-jour-sur-les-pistes-de-talia-lelfe\/\"},\"author\":{\"name\":\"Matthieu Perard\",\"@id\":\"https:\/\/dev.leselfes.com\/#\/schema\/person\/7ac5f99a7f3c597105fe663a00bdf6d6\"},\"headline\":\"Dimanche 22 d\u00e9cembre- Premier jour sur les pistes de Talia l&rsquo;elfe\",\"datePublished\":\"2025-01-07T08:22:35+00:00\",\"dateModified\":\"2025-01-07T09:06:54+00:00\",\"mainEntityOfPage\":{\"@id\":\"https:\/\/www.leselfes.com\/fr\/dimanche-22-decembre-premier-jour-sur-les-pistes-de-talia-lelfe\/\"},\"wordCount\":413,\"publisher\":{\"@id\":\"https:\/\/dev.leselfes.com\/#organization\"},\"inLanguage\":\"fr-FR\"},{\"@type\":\"WebPage\",\"@id\":\"https:\/\/www.leselfes.com\/fr\/dimanche-22-decembre-premier-jour-sur-les-pistes-de-talia-lelfe\/\",\"url\":\"https:\/\/www.leselfes.com\/fr\/dimanche-22-decembre-premier-jour-sur-les-pistes-de-talia-lelfe\/\",\"name\":\"Dimanche 22 d\u00e9cembre- Premier jour sur les pistes de Talia l'elfe - Les Elfes International Camps Switzerland\",\"isPartOf\":{\"@id\":\"https:\/\/dev.leselfes.com\/#website\"},\"datePublished\":\"2025-01-07T08:22:35+00:00\",\"dateModified\":\"2025-01-07T09:06:54+00:00\",\"breadcrumb\":{\"@id\":\"https:\/\/www.leselfes.com\/fr\/dimanche-22-decembre-premier-jour-sur-les-pistes-de-talia-lelfe\/#breadcrumb\"},\"inLanguage\":\"fr-FR\",\"potentialAction\":[{\"@type\":\"ReadAction\",\"target\":[\"https:\/\/www.leselfes.com\/fr\/dimanche-22-decembre-premier-jour-sur-les-pistes-de-talia-lelfe\/\"]}]},{\"@type\":\"BreadcrumbList\",\"@id\":\"https:\/\/www.leselfes.com\/fr\/dimanche-22-decembre-premier-jour-sur-les-pistes-de-talia-lelfe\/#breadcrumb\",\"itemListElement\":[{\"@type\":\"ListItem\",\"position\":1,\"name\":\"Home\",\"item\":\"https:\/\/www.leselfes.com\/fr\/\"},{\"@type\":\"ListItem\",\"position\":2,\"name\":\"Dimanche 22 d\u00e9cembre- Premier jour sur les pistes de Talia l&#8217;elfe\"}]},{\"@type\":\"WebSite\",\"@id\":\"https:\/\/dev.leselfes.com\/#website\",\"url\":\"https:\/\/dev.leselfes.com\/\",\"name\":\"Les Elfes International\",\"description\":\"Les Elfes International, Verbier Switzerland. Summer Camp, Winter Camp, Spring Camps.\",\"publisher\":{\"@id\":\"https:\/\/dev.leselfes.com\/#organization\"},\"alternateName\":\"Les Elfes International\",\"potentialAction\":[{\"@type\":\"SearchAction\",\"target\":{\"@type\":\"EntryPoint\",\"urlTemplate\":\"https:\/\/dev.leselfes.com\/?s={search_term_string}\"},\"query-input\":{\"@type\":\"PropertyValueSpecification\",\"valueRequired\":true,\"valueName\":\"search_term_string\"}}],\"inLanguage\":\"fr-FR\"},{\"@type\":\"Organization\",\"@id\":\"https:\/\/dev.leselfes.com\/#organization\",\"name\":\"Les Elfes International\",\"alternateName\":\"Les Elfes International\",\"url\":\"https:\/\/dev.leselfes.com\/\",\"logo\":{\"@type\":\"ImageObject\",\"inLanguage\":\"fr-FR\",\"@id\":\"https:\/\/dev.leselfes.com\/#\/schema\/logo\/image\/\",\"url\":\"https:\/\/www.leselfes.com\/wp-content\/uploads\/2022\/03\/leselfes-logo.png\",\"contentUrl\":\"https:\/\/www.leselfes.com\/wp-content\/uploads\/2022\/03\/leselfes-logo.png\",\"width\":233,\"height\":51,\"caption\":\"Les Elfes International\"},\"image\":{\"@id\":\"https:\/\/dev.leselfes.com\/#\/schema\/logo\/image\/\"},\"sameAs\":[\"https:\/\/www.facebook.com\/LesElfesVerbier\",\"https:\/\/x.com\/LesElfesCamps\",\"https:\/\/www.instagram.com\/leselfes\",\"https:\/\/www.linkedin.com\/company\/les-elfes-international\",\"https:\/\/www.youtube.com\/user\/LesElfesVerbier\"]},{\"@type\":\"Person\",\"@id\":\"https:\/\/dev.leselfes.com\/#\/schema\/person\/7ac5f99a7f3c597105fe663a00bdf6d6\",\"name\":\"Matthieu Perard\",\"image\":{\"@type\":\"ImageObject\",\"inLanguage\":\"fr-FR\",\"@id\":\"https:\/\/dev.leselfes.com\/#\/schema\/person\/image\/\",\"url\":\"https:\/\/secure.gravatar.com\/avatar\/e368f5bd153d15a1ff42a4c64a46d1ef?s=96&d=mm&r=g\",\"contentUrl\":\"https:\/\/secure.gravatar.com\/avatar\/e368f5bd153d15a1ff42a4c64a46d1ef?s=96&d=mm&r=g\",\"caption\":\"Matthieu Perard\"},\"url\":\"https:\/\/www.leselfes.com\/fr\/author\/m-pierardnotostudio-ch\/\"}]}<\/script>\n<!-- \/ Yoast SEO Premium plugin. -->","yoast_head_json":{"title":"Dimanche 22 d\u00e9cembre- Premier jour sur les pistes de Talia l'elfe - Les Elfes International Camps Switzerland","robots":{"index":"index","follow":"follow","max-snippet":"max-snippet:-1","max-image-preview":"max-image-preview:large","max-video-preview":"max-video-preview:-1"},"canonical":"https:\/\/www.leselfes.com\/fr\/dimanche-22-decembre-premier-jour-sur-les-pistes-de-talia-lelfe\/","og_locale":"fr_FR","og_type":"article","og_title":"Dimanche 22 d\u00e9cembre- Premier jour sur les pistes de Talia l'elfe","og_description":"&nbsp; Ah, le premier jour du camp de ski \u00e0 Verbier. L&rsquo;air est vif, les montagnes sont recouvertes de neige fra\u00eeche et le camp a enfin ouvert ses portes \u00e0...","og_url":"https:\/\/www.leselfes.com\/fr\/dimanche-22-decembre-premier-jour-sur-les-pistes-de-talia-lelfe\/","og_site_name":"Les Elfes International Camps Switzerland","article_publisher":"https:\/\/www.facebook.com\/LesElfesVerbier","article_published_time":"2025-01-07T08:22:35+00:00","article_modified_time":"2025-01-07T09:06:54+00:00","og_image":[{"width":591,"height":555,"url":"https:\/\/www.leselfes.com\/wp-content\/uploads\/2022\/02\/Les-Elfes-International-summer-camp-Switzerland-Staff-Mobile-591x555-1.jpg","type":"image\/jpeg"}],"author":"Matthieu Perard","twitter_card":"summary_large_image","twitter_creator":"@LesElfesCamps","twitter_site":"@LesElfesCamps","twitter_misc":{"\u00c9crit par":"Matthieu Perard","Dur\u00e9e de lecture estim\u00e9e":"2 minutes"},"schema":{"@context":"https:\/\/schema.org","@graph":[{"@type":"Article","@id":"https:\/\/www.leselfes.com\/fr\/dimanche-22-decembre-premier-jour-sur-les-pistes-de-talia-lelfe\/#article","isPartOf":{"@id":"https:\/\/www.leselfes.com\/fr\/dimanche-22-decembre-premier-jour-sur-les-pistes-de-talia-lelfe\/"},"author":{"name":"Matthieu Perard","@id":"https:\/\/dev.leselfes.com\/#\/schema\/person\/7ac5f99a7f3c597105fe663a00bdf6d6"},"headline":"Dimanche 22 d\u00e9cembre- Premier jour sur les pistes de Talia l&rsquo;elfe","datePublished":"2025-01-07T08:22:35+00:00","dateModified":"2025-01-07T09:06:54+00:00","mainEntityOfPage":{"@id":"https:\/\/www.leselfes.com\/fr\/dimanche-22-decembre-premier-jour-sur-les-pistes-de-talia-lelfe\/"},"wordCount":413,"publisher":{"@id":"https:\/\/dev.leselfes.com\/#organization"},"inLanguage":"fr-FR"},{"@type":"WebPage","@id":"https:\/\/www.leselfes.com\/fr\/dimanche-22-decembre-premier-jour-sur-les-pistes-de-talia-lelfe\/","url":"https:\/\/www.leselfes.com\/fr\/dimanche-22-decembre-premier-jour-sur-les-pistes-de-talia-lelfe\/","name":"Dimanche 22 d\u00e9cembre- Premier jour sur les pistes de Talia l'elfe - Les Elfes International Camps Switzerland","isPartOf":{"@id":"https:\/\/dev.leselfes.com\/#website"},"datePublished":"2025-01-07T08:22:35+00:00","dateModified":"2025-01-07T09:06:54+00:00","breadcrumb":{"@id":"https:\/\/www.leselfes.com\/fr\/dimanche-22-decembre-premier-jour-sur-les-pistes-de-talia-lelfe\/#breadcrumb"},"inLanguage":"fr-FR","potentialAction":[{"@type":"ReadAction","target":["https:\/\/www.leselfes.com\/fr\/dimanche-22-decembre-premier-jour-sur-les-pistes-de-talia-lelfe\/"]}]},{"@type":"BreadcrumbList","@id":"https:\/\/www.leselfes.com\/fr\/dimanche-22-decembre-premier-jour-sur-les-pistes-de-talia-lelfe\/#breadcrumb","itemListElement":[{"@type":"ListItem","position":1,"name":"Home","item":"https:\/\/www.leselfes.com\/fr\/"},{"@type":"ListItem","position":2,"name":"Dimanche 22 d\u00e9cembre- Premier jour sur les pistes de Talia l&#8217;elfe"}]},{"@type":"WebSite","@id":"https:\/\/dev.leselfes.com\/#website","url":"https:\/\/dev.leselfes.com\/","name":"Les Elfes International","description":"Les Elfes International, Verbier Switzerland. Summer Camp, Winter Camp, Spring Camps.","publisher":{"@id":"https:\/\/dev.leselfes.com\/#organization"},"alternateName":"Les Elfes International","potentialAction":[{"@type":"SearchAction","target":{"@type":"EntryPoint","urlTemplate":"https:\/\/dev.leselfes.com\/?s={search_term_string}"},"query-input":{"@type":"PropertyValueSpecification","valueRequired":true,"valueName":"search_term_string"}}],"inLanguage":"fr-FR"},{"@type":"Organization","@id":"https:\/\/dev.leselfes.com\/#organization","name":"Les Elfes International","alternateName":"Les Elfes International","url":"https:\/\/dev.leselfes.com\/","logo":{"@type":"ImageObject","inLanguage":"fr-FR","@id":"https:\/\/dev.leselfes.com\/#\/schema\/logo\/image\/","url":"https:\/\/www.leselfes.com\/wp-content\/uploads\/2022\/03\/leselfes-logo.png","contentUrl":"https:\/\/www.leselfes.com\/wp-content\/uploads\/2022\/03\/leselfes-logo.png","width":233,"height":51,"caption":"Les Elfes International"},"image":{"@id":"https:\/\/dev.leselfes.com\/#\/schema\/logo\/image\/"},"sameAs":["https:\/\/www.facebook.com\/LesElfesVerbier","https:\/\/x.com\/LesElfesCamps","https:\/\/www.instagram.com\/leselfes","https:\/\/www.linkedin.com\/company\/les-elfes-international","https:\/\/www.youtube.com\/user\/LesElfesVerbier"]},{"@type":"Person","@id":"https:\/\/dev.leselfes.com\/#\/schema\/person\/7ac5f99a7f3c597105fe663a00bdf6d6","name":"Matthieu Perard","image":{"@type":"ImageObject","inLanguage":"fr-FR","@id":"https:\/\/dev.leselfes.com\/#\/schema\/person\/image\/","url":"https:\/\/secure.gravatar.com\/avatar\/e368f5bd153d15a1ff42a4c64a46d1ef?s=96&d=mm&r=g","contentUrl":"https:\/\/secure.gravatar.com\/avatar\/e368f5bd153d15a1ff42a4c64a46d1ef?s=96&d=mm&r=g","caption":"Matthieu Perard"},"url":"https:\/\/www.leselfes.com\/fr\/author\/m-pierardnotostudio-ch\/"}]}},"_links":{"self":[{"href":"https:\/\/www.leselfes.com\/fr\/wp-json\/wp\/v2\/posts\/96311"}],"collection":[{"href":"https:\/\/www.leselfes.com\/fr\/wp-json\/wp\/v2\/posts"}],"about":[{"href":"https:\/\/www.leselfes.com\/fr\/wp-json\/wp\/v2\/types\/post"}],"author":[{"embeddable":true,"href":"https:\/\/www.leselfes.com\/fr\/wp-json\/wp\/v2\/users\/16"}],"replies":[{"embeddable":true,"href":"https:\/\/www.leselfes.com\/fr\/wp-json\/wp\/v2\/comments?post=96311"}],"version-history":[{"count":0,"href":"https:\/\/www.leselfes.com\/fr\/wp-json\/wp\/v2\/posts\/96311\/revisions"}],"wp:attachment":[{"href":"https:\/\/www.leselfes.com\/fr\/wp-json\/wp\/v2\/media?parent=96311"}],"wp:term":[{"taxonomy":"category","embeddable":true,"href":"https:\/\/www.leselfes.com\/fr\/wp-json\/wp\/v2\/categories?post=96311"},{"taxonomy":"post_tag","embeddable":true,"href":"https:\/\/www.leselfes.com\/fr\/wp-json\/wp\/v2\/tags?post=96311"}],"curies":[{"name":"wp","href":"https:\/\/api.w.org\/{rel}","templated":true}]}}