{"id":96361,"date":"2025-01-07T09:23:56","date_gmt":"2025-01-07T08:23:56","guid":{"rendered":"https:\/\/www.leselfes.com\/jeudi-26-decembre-temps-pour-explorer-la-ville\/"},"modified":"2025-01-07T10:06:52","modified_gmt":"2025-01-07T09:06:52","slug":"jeudi-26-decembre-temps-pour-explorer-la-ville","status":"publish","type":"post","link":"https:\/\/www.leselfes.com\/fr\/jeudi-26-decembre-temps-pour-explorer-la-ville\/","title":{"rendered":"Jeudi 26 d\u00e9cembre &#8211; Temps pour explorer la ville"},"content":{"rendered":"<div dir=\"auto\">Aujourd&rsquo;hui a \u00e9t\u00e9 une de ces journ\u00e9es qui semblent tout droit sorties d&rsquo;un r\u00eave. Les pistes \u00e9taient toujours aussi attrayantes et les enfants qui voulaient skier \u00e9taient impatients d&rsquo;y aller. Ils ont enfil\u00e9 leur \u00e9quipement, le visage rayonnant d&rsquo;excitation, et sont partis pour une journ\u00e9e de carving dans la poudreuse fra\u00eeche. Il y a eu des mouvements impressionnants aujourd&rsquo;hui &#8211; des enfants glissant sans effort sur les pistes, certains s&rsquo;attaquant m\u00eame \u00e0 de nouveaux d\u00e9fis.   <\/div>\n<div dir=\"auto\"><\/div>\n<div dir=\"auto\">Pour d&rsquo;autres, l&rsquo;aventure les a men\u00e9s loin des pistes. Ils sont mont\u00e9s dans un bus en direction de la ville de Berne, pr\u00eats pour une journ\u00e9e de d\u00e9couverte. Le mus\u00e9e de la communication les attendait, rempli d&rsquo;expositions fascinantes sur la fa\u00e7on dont les gens se connectent. Les vieux t\u00e9l\u00e9phones, les premi\u00e8res radios et m\u00eame les premiers ordinateurs ont attir\u00e9 leur attention. Je pouvais presque entendre leur bavardage tandis qu&rsquo;ils se promenaient dans le mus\u00e9e, posant des questions et faisant des d\u00e9couvertes. Ils ont pass\u00e9 le reste de la journ\u00e9e \u00e0 Berne, se promenant dans les rues charmantes, trouvant de petits tr\u00e9sors dans les boutiques et s&rsquo;impr\u00e9gnant de la beaut\u00e9 de la ville.     <\/div>\n<div dir=\"auto\"><\/div>\n<div dir=\"auto\">De retour au camp, apr\u00e8s les aventures de la journ\u00e9e, tout le monde s&rsquo;est retrouv\u00e9 au centre sportif. L&rsquo;\u00e9nergie \u00e9tait contagieuse, les enfants se lan\u00e7aient dans des jeux et couraient simplement pour s&rsquo;amuser. Je pouvais sentir leur joie dans l&rsquo;air tandis qu&rsquo;ils riaient, rivalisaient et c\u00e9l\u00e9braient leurs victoires, petites et grandes. C&rsquo;est incroyable de voir \u00e0 quel point quelque chose d&rsquo;aussi simple qu&rsquo;un jeu peut apporter autant de bonheur.   <\/div>\n<div dir=\"auto\">Puis, bien s\u00fbr, est venu le clou de la soir\u00e9e : le d\u00eener. La cuisine a servi une fondue suisse chaude et copieuse, et les enfants ont plong\u00e9 leur pain dans le fromage gluant. Il y a eu quelques disputes pour le dernier morceau de pain, mais cela fait partie du plaisir, n&rsquo;est-ce pas ? Ce fut un repas confortable et satisfaisant, parfait apr\u00e8s une journ\u00e9e aussi passionnante.   <\/div>\n<div dir=\"auto\"><\/div>\n<div dir=\"auto\">Mais la soir\u00e9e ne s&rsquo;est pas arr\u00eat\u00e9e l\u00e0. La discoth\u00e8que attendait et les enfants \u00e9taient impatients d&rsquo;entrer sur la piste de danse. Les lumi\u00e8res scintillent, la musique retentit et la salle se remplit de rires et de mouvements. Ils ont dans\u00e9 comme si personne ne les regardait, se sont laiss\u00e9s aller et ont c\u00e9l\u00e9br\u00e9 une autre journ\u00e9e extraordinaire. J&rsquo;avais le sentiment que les souvenirs de cette soir\u00e9e seraient \u00e9voqu\u00e9s pendant longtemps.    <\/div>\n<div dir=\"auto\">Lorsque la derni\u00e8re chanson a retenti et que les enfants ont regagn\u00e9 leurs cabines, fatigu\u00e9s mais pleins de joie, je les ai regard\u00e9s en souriant. Ils ont d\u00e9j\u00e0 v\u00e9cu tant de choses, mais je sais qu&rsquo;il leur reste encore beaucoup \u00e0 faire. Demain, de nouvelles aventures les attendent et j&rsquo;ai h\u00e2te de voir ce qu&rsquo;ils vont faire. Mais pour l&rsquo;instant, je me reposerai dans le calme du camp, reconnaissante de faire partie de cet endroit magique.   <\/div>\n<div dir=\"auto\">A demain, Talia l&rsquo;elfe<\/div>\n<div class=\"yj6qo\"><\/div>\n<div class=\"adL\" dir=\"auto\"><\/div>\n","protected":false},"excerpt":{"rendered":"<p>Aujourd&rsquo;hui a \u00e9t\u00e9 une de ces journ\u00e9es qui semblent tout droit sorties d&rsquo;un r\u00eave. Les pistes \u00e9taient toujours aussi attrayantes et les enfants qui voulaient skier \u00e9taient impatients d&rsquo;y aller&#8230;.<\/p>\n","protected":false},"author":16,"featured_media":0,"comment_status":"closed","ping_status":"open","sticky":false,"template":"","format":"standard","meta":{"_acf_changed":false,"inline_featured_image":false,"footnotes":""},"categories":[],"tags":[],"class_list":["post-96361","post","type-post","status-publish","format-standard"],"acf":[],"yoast_head":"<!-- This site is optimized with the Yoast SEO Premium plugin v24.2 (Yoast SEO v24.7) - https:\/\/yoast.com\/wordpress\/plugins\/seo\/ -->\n<title>Jeudi 26 d\u00e9cembre - Temps pour explorer la ville - Les Elfes International Camps Switzerland<\/title>\n<meta name=\"robots\" content=\"index, follow, max-snippet:-1, max-image-preview:large, max-video-preview:-1\" \/>\n<link rel=\"canonical\" href=\"https:\/\/www.leselfes.com\/fr\/jeudi-26-decembre-temps-pour-explorer-la-ville\/\" \/>\n<meta property=\"og:locale\" content=\"fr_FR\" \/>\n<meta property=\"og:type\" content=\"article\" \/>\n<meta property=\"og:title\" content=\"Jeudi 26 d\u00e9cembre - Temps pour explorer la ville\" \/>\n<meta property=\"og:description\" content=\"Aujourd&rsquo;hui a \u00e9t\u00e9 une de ces journ\u00e9es qui semblent tout droit sorties d&rsquo;un r\u00eave. Les pistes \u00e9taient toujours aussi attrayantes et les enfants qui voulaient skier \u00e9taient impatients d&rsquo;y aller....\" \/>\n<meta property=\"og:url\" content=\"https:\/\/www.leselfes.com\/fr\/jeudi-26-decembre-temps-pour-explorer-la-ville\/\" \/>\n<meta property=\"og:site_name\" content=\"Les Elfes International Camps Switzerland\" \/>\n<meta property=\"article:publisher\" content=\"https:\/\/www.facebook.com\/LesElfesVerbier\" \/>\n<meta property=\"article:published_time\" content=\"2025-01-07T08:23:56+00:00\" \/>\n<meta property=\"article:modified_time\" content=\"2025-01-07T09:06:52+00:00\" \/>\n<meta property=\"og:image\" content=\"https:\/\/www.leselfes.com\/wp-content\/uploads\/2022\/02\/Les-Elfes-International-summer-camp-Switzerland-Staff-Mobile-591x555-1.jpg\" \/>\n\t<meta property=\"og:image:width\" content=\"591\" \/>\n\t<meta property=\"og:image:height\" content=\"555\" \/>\n\t<meta property=\"og:image:type\" content=\"image\/jpeg\" \/>\n<meta name=\"author\" content=\"Matthieu Perard\" \/>\n<meta name=\"twitter:card\" content=\"summary_large_image\" \/>\n<meta name=\"twitter:creator\" content=\"@LesElfesCamps\" \/>\n<meta name=\"twitter:site\" content=\"@LesElfesCamps\" \/>\n<meta name=\"twitter:label1\" content=\"\u00c9crit par\" \/>\n\t<meta name=\"twitter:data1\" content=\"Matthieu Perard\" \/>\n\t<meta name=\"twitter:label2\" content=\"Dur\u00e9e de lecture estim\u00e9e\" \/>\n\t<meta name=\"twitter:data2\" content=\"3 minutes\" \/>\n<script type=\"application\/ld+json\" class=\"yoast-schema-graph\">{\"@context\":\"https:\/\/schema.org\",\"@graph\":[{\"@type\":\"Article\",\"@id\":\"https:\/\/www.leselfes.com\/fr\/jeudi-26-decembre-temps-pour-explorer-la-ville\/#article\",\"isPartOf\":{\"@id\":\"https:\/\/www.leselfes.com\/fr\/jeudi-26-decembre-temps-pour-explorer-la-ville\/\"},\"author\":{\"name\":\"Matthieu Perard\",\"@id\":\"https:\/\/dev.leselfes.com\/#\/schema\/person\/7ac5f99a7f3c597105fe663a00bdf6d6\"},\"headline\":\"Jeudi 26 d\u00e9cembre &#8211; Temps pour explorer la ville\",\"datePublished\":\"2025-01-07T08:23:56+00:00\",\"dateModified\":\"2025-01-07T09:06:52+00:00\",\"mainEntityOfPage\":{\"@id\":\"https:\/\/www.leselfes.com\/fr\/jeudi-26-decembre-temps-pour-explorer-la-ville\/\"},\"wordCount\":555,\"publisher\":{\"@id\":\"https:\/\/dev.leselfes.com\/#organization\"},\"inLanguage\":\"fr-FR\"},{\"@type\":\"WebPage\",\"@id\":\"https:\/\/www.leselfes.com\/fr\/jeudi-26-decembre-temps-pour-explorer-la-ville\/\",\"url\":\"https:\/\/www.leselfes.com\/fr\/jeudi-26-decembre-temps-pour-explorer-la-ville\/\",\"name\":\"Jeudi 26 d\u00e9cembre - Temps pour explorer la ville - Les Elfes International Camps Switzerland\",\"isPartOf\":{\"@id\":\"https:\/\/dev.leselfes.com\/#website\"},\"datePublished\":\"2025-01-07T08:23:56+00:00\",\"dateModified\":\"2025-01-07T09:06:52+00:00\",\"breadcrumb\":{\"@id\":\"https:\/\/www.leselfes.com\/fr\/jeudi-26-decembre-temps-pour-explorer-la-ville\/#breadcrumb\"},\"inLanguage\":\"fr-FR\",\"potentialAction\":[{\"@type\":\"ReadAction\",\"target\":[\"https:\/\/www.leselfes.com\/fr\/jeudi-26-decembre-temps-pour-explorer-la-ville\/\"]}]},{\"@type\":\"BreadcrumbList\",\"@id\":\"https:\/\/www.leselfes.com\/fr\/jeudi-26-decembre-temps-pour-explorer-la-ville\/#breadcrumb\",\"itemListElement\":[{\"@type\":\"ListItem\",\"position\":1,\"name\":\"Home\",\"item\":\"https:\/\/www.leselfes.com\/fr\/\"},{\"@type\":\"ListItem\",\"position\":2,\"name\":\"Jeudi 26 d\u00e9cembre &#8211; Temps pour explorer la ville\"}]},{\"@type\":\"WebSite\",\"@id\":\"https:\/\/dev.leselfes.com\/#website\",\"url\":\"https:\/\/dev.leselfes.com\/\",\"name\":\"Les Elfes International\",\"description\":\"Les Elfes International, Verbier Switzerland. Summer Camp, Winter Camp, Spring Camps.\",\"publisher\":{\"@id\":\"https:\/\/dev.leselfes.com\/#organization\"},\"alternateName\":\"Les Elfes International\",\"potentialAction\":[{\"@type\":\"SearchAction\",\"target\":{\"@type\":\"EntryPoint\",\"urlTemplate\":\"https:\/\/dev.leselfes.com\/?s={search_term_string}\"},\"query-input\":{\"@type\":\"PropertyValueSpecification\",\"valueRequired\":true,\"valueName\":\"search_term_string\"}}],\"inLanguage\":\"fr-FR\"},{\"@type\":\"Organization\",\"@id\":\"https:\/\/dev.leselfes.com\/#organization\",\"name\":\"Les Elfes International\",\"alternateName\":\"Les Elfes International\",\"url\":\"https:\/\/dev.leselfes.com\/\",\"logo\":{\"@type\":\"ImageObject\",\"inLanguage\":\"fr-FR\",\"@id\":\"https:\/\/dev.leselfes.com\/#\/schema\/logo\/image\/\",\"url\":\"https:\/\/www.leselfes.com\/wp-content\/uploads\/2022\/03\/leselfes-logo.png\",\"contentUrl\":\"https:\/\/www.leselfes.com\/wp-content\/uploads\/2022\/03\/leselfes-logo.png\",\"width\":233,\"height\":51,\"caption\":\"Les Elfes International\"},\"image\":{\"@id\":\"https:\/\/dev.leselfes.com\/#\/schema\/logo\/image\/\"},\"sameAs\":[\"https:\/\/www.facebook.com\/LesElfesVerbier\",\"https:\/\/x.com\/LesElfesCamps\",\"https:\/\/www.instagram.com\/leselfes\",\"https:\/\/www.linkedin.com\/company\/les-elfes-international\",\"https:\/\/www.youtube.com\/user\/LesElfesVerbier\"]},{\"@type\":\"Person\",\"@id\":\"https:\/\/dev.leselfes.com\/#\/schema\/person\/7ac5f99a7f3c597105fe663a00bdf6d6\",\"name\":\"Matthieu Perard\",\"image\":{\"@type\":\"ImageObject\",\"inLanguage\":\"fr-FR\",\"@id\":\"https:\/\/dev.leselfes.com\/#\/schema\/person\/image\/\",\"url\":\"https:\/\/secure.gravatar.com\/avatar\/e368f5bd153d15a1ff42a4c64a46d1ef?s=96&d=mm&r=g\",\"contentUrl\":\"https:\/\/secure.gravatar.com\/avatar\/e368f5bd153d15a1ff42a4c64a46d1ef?s=96&d=mm&r=g\",\"caption\":\"Matthieu Perard\"},\"url\":\"https:\/\/www.leselfes.com\/fr\/author\/m-pierardnotostudio-ch\/\"}]}<\/script>\n<!-- \/ Yoast SEO Premium plugin. -->","yoast_head_json":{"title":"Jeudi 26 d\u00e9cembre - Temps pour explorer la ville - Les Elfes International Camps Switzerland","robots":{"index":"index","follow":"follow","max-snippet":"max-snippet:-1","max-image-preview":"max-image-preview:large","max-video-preview":"max-video-preview:-1"},"canonical":"https:\/\/www.leselfes.com\/fr\/jeudi-26-decembre-temps-pour-explorer-la-ville\/","og_locale":"fr_FR","og_type":"article","og_title":"Jeudi 26 d\u00e9cembre - Temps pour explorer la ville","og_description":"Aujourd&rsquo;hui a \u00e9t\u00e9 une de ces journ\u00e9es qui semblent tout droit sorties d&rsquo;un r\u00eave. Les pistes \u00e9taient toujours aussi attrayantes et les enfants qui voulaient skier \u00e9taient impatients d&rsquo;y aller....","og_url":"https:\/\/www.leselfes.com\/fr\/jeudi-26-decembre-temps-pour-explorer-la-ville\/","og_site_name":"Les Elfes International Camps Switzerland","article_publisher":"https:\/\/www.facebook.com\/LesElfesVerbier","article_published_time":"2025-01-07T08:23:56+00:00","article_modified_time":"2025-01-07T09:06:52+00:00","og_image":[{"width":591,"height":555,"url":"https:\/\/www.leselfes.com\/wp-content\/uploads\/2022\/02\/Les-Elfes-International-summer-camp-Switzerland-Staff-Mobile-591x555-1.jpg","type":"image\/jpeg"}],"author":"Matthieu Perard","twitter_card":"summary_large_image","twitter_creator":"@LesElfesCamps","twitter_site":"@LesElfesCamps","twitter_misc":{"\u00c9crit par":"Matthieu Perard","Dur\u00e9e de lecture estim\u00e9e":"3 minutes"},"schema":{"@context":"https:\/\/schema.org","@graph":[{"@type":"Article","@id":"https:\/\/www.leselfes.com\/fr\/jeudi-26-decembre-temps-pour-explorer-la-ville\/#article","isPartOf":{"@id":"https:\/\/www.leselfes.com\/fr\/jeudi-26-decembre-temps-pour-explorer-la-ville\/"},"author":{"name":"Matthieu Perard","@id":"https:\/\/dev.leselfes.com\/#\/schema\/person\/7ac5f99a7f3c597105fe663a00bdf6d6"},"headline":"Jeudi 26 d\u00e9cembre &#8211; Temps pour explorer la ville","datePublished":"2025-01-07T08:23:56+00:00","dateModified":"2025-01-07T09:06:52+00:00","mainEntityOfPage":{"@id":"https:\/\/www.leselfes.com\/fr\/jeudi-26-decembre-temps-pour-explorer-la-ville\/"},"wordCount":555,"publisher":{"@id":"https:\/\/dev.leselfes.com\/#organization"},"inLanguage":"fr-FR"},{"@type":"WebPage","@id":"https:\/\/www.leselfes.com\/fr\/jeudi-26-decembre-temps-pour-explorer-la-ville\/","url":"https:\/\/www.leselfes.com\/fr\/jeudi-26-decembre-temps-pour-explorer-la-ville\/","name":"Jeudi 26 d\u00e9cembre - Temps pour explorer la ville - Les Elfes International Camps Switzerland","isPartOf":{"@id":"https:\/\/dev.leselfes.com\/#website"},"datePublished":"2025-01-07T08:23:56+00:00","dateModified":"2025-01-07T09:06:52+00:00","breadcrumb":{"@id":"https:\/\/www.leselfes.com\/fr\/jeudi-26-decembre-temps-pour-explorer-la-ville\/#breadcrumb"},"inLanguage":"fr-FR","potentialAction":[{"@type":"ReadAction","target":["https:\/\/www.leselfes.com\/fr\/jeudi-26-decembre-temps-pour-explorer-la-ville\/"]}]},{"@type":"BreadcrumbList","@id":"https:\/\/www.leselfes.com\/fr\/jeudi-26-decembre-temps-pour-explorer-la-ville\/#breadcrumb","itemListElement":[{"@type":"ListItem","position":1,"name":"Home","item":"https:\/\/www.leselfes.com\/fr\/"},{"@type":"ListItem","position":2,"name":"Jeudi 26 d\u00e9cembre &#8211; Temps pour explorer la ville"}]},{"@type":"WebSite","@id":"https:\/\/dev.leselfes.com\/#website","url":"https:\/\/dev.leselfes.com\/","name":"Les Elfes International","description":"Les Elfes International, Verbier Switzerland. Summer Camp, Winter Camp, Spring Camps.","publisher":{"@id":"https:\/\/dev.leselfes.com\/#organization"},"alternateName":"Les Elfes International","potentialAction":[{"@type":"SearchAction","target":{"@type":"EntryPoint","urlTemplate":"https:\/\/dev.leselfes.com\/?s={search_term_string}"},"query-input":{"@type":"PropertyValueSpecification","valueRequired":true,"valueName":"search_term_string"}}],"inLanguage":"fr-FR"},{"@type":"Organization","@id":"https:\/\/dev.leselfes.com\/#organization","name":"Les Elfes International","alternateName":"Les Elfes International","url":"https:\/\/dev.leselfes.com\/","logo":{"@type":"ImageObject","inLanguage":"fr-FR","@id":"https:\/\/dev.leselfes.com\/#\/schema\/logo\/image\/","url":"https:\/\/www.leselfes.com\/wp-content\/uploads\/2022\/03\/leselfes-logo.png","contentUrl":"https:\/\/www.leselfes.com\/wp-content\/uploads\/2022\/03\/leselfes-logo.png","width":233,"height":51,"caption":"Les Elfes International"},"image":{"@id":"https:\/\/dev.leselfes.com\/#\/schema\/logo\/image\/"},"sameAs":["https:\/\/www.facebook.com\/LesElfesVerbier","https:\/\/x.com\/LesElfesCamps","https:\/\/www.instagram.com\/leselfes","https:\/\/www.linkedin.com\/company\/les-elfes-international","https:\/\/www.youtube.com\/user\/LesElfesVerbier"]},{"@type":"Person","@id":"https:\/\/dev.leselfes.com\/#\/schema\/person\/7ac5f99a7f3c597105fe663a00bdf6d6","name":"Matthieu Perard","image":{"@type":"ImageObject","inLanguage":"fr-FR","@id":"https:\/\/dev.leselfes.com\/#\/schema\/person\/image\/","url":"https:\/\/secure.gravatar.com\/avatar\/e368f5bd153d15a1ff42a4c64a46d1ef?s=96&d=mm&r=g","contentUrl":"https:\/\/secure.gravatar.com\/avatar\/e368f5bd153d15a1ff42a4c64a46d1ef?s=96&d=mm&r=g","caption":"Matthieu Perard"},"url":"https:\/\/www.leselfes.com\/fr\/author\/m-pierardnotostudio-ch\/"}]}},"_links":{"self":[{"href":"https:\/\/www.leselfes.com\/fr\/wp-json\/wp\/v2\/posts\/96361"}],"collection":[{"href":"https:\/\/www.leselfes.com\/fr\/wp-json\/wp\/v2\/posts"}],"about":[{"href":"https:\/\/www.leselfes.com\/fr\/wp-json\/wp\/v2\/types\/post"}],"author":[{"embeddable":true,"href":"https:\/\/www.leselfes.com\/fr\/wp-json\/wp\/v2\/users\/16"}],"replies":[{"embeddable":true,"href":"https:\/\/www.leselfes.com\/fr\/wp-json\/wp\/v2\/comments?post=96361"}],"version-history":[{"count":0,"href":"https:\/\/www.leselfes.com\/fr\/wp-json\/wp\/v2\/posts\/96361\/revisions"}],"wp:attachment":[{"href":"https:\/\/www.leselfes.com\/fr\/wp-json\/wp\/v2\/media?parent=96361"}],"wp:term":[{"taxonomy":"category","embeddable":true,"href":"https:\/\/www.leselfes.com\/fr\/wp-json\/wp\/v2\/categories?post=96361"},{"taxonomy":"post_tag","embeddable":true,"href":"https:\/\/www.leselfes.com\/fr\/wp-json\/wp\/v2\/tags?post=96361"}],"curies":[{"name":"wp","href":"https:\/\/api.w.org\/{rel}","templated":true}]}}