{"id":96380,"date":"2025-01-07T09:25:44","date_gmt":"2025-01-07T08:25:44","guid":{"rendered":"https:\/\/www.leselfes.com\/dimanche-29-decembre-debut-de-laventure-journal-de-talia-lelfe\/"},"modified":"2025-01-07T10:06:51","modified_gmt":"2025-01-07T09:06:51","slug":"dimanche-29-decembre-debut-de-laventure-journal-de-talia-lelfe","status":"publish","type":"post","link":"https:\/\/www.leselfes.com\/fr\/dimanche-29-decembre-debut-de-laventure-journal-de-talia-lelfe\/","title":{"rendered":"Dimanche 29 d\u00e9cembre- D\u00e9but de l&rsquo;aventure- Journal de Talia l&rsquo;Elfe"},"content":{"rendered":"<p>La journ\u00e9e d&rsquo;aujourd&rsquo;hui \u00e9tait passionnante ! Les enfants du monde entier sont arriv\u00e9s au camp et j&rsquo;avais h\u00e2te de voir comment ils allaient tous s&rsquo;entendre. L&rsquo;air \u00e9tait vif et la neige \u00e9tincelait comme des diamants sous le soleil d&rsquo;hiver, tandis qu&rsquo;ils chaussaient leurs skis et partaient pour leur premi\u00e8re s\u00e9ance matinale sur les pistes. Le groupe \u00e9tait constitu\u00e9 d&rsquo;un m\u00e9lange de langues diff\u00e9rentes. Il \u00e9tait si agr\u00e9able de les voir s&rsquo;entraider, rire et apprendre \u00e0 skier ensemble. Je les observais de derri\u00e8re un arbre enneig\u00e9, mes oreilles de lutin se dressant \u00e0 l&rsquo;\u00e9coute des discussions. Ils \u00e9taient tous tr\u00e8s enthousiastes, mais je voyais bien que certains \u00e9taient un peu nerveux au d\u00e9but. \u00c0 l&rsquo;heure du d\u00e9jeuner, nous sommes tous all\u00e9s dans un restaurant confortable situ\u00e9 sur les pistes. Les enfants ont d\u00e9vor\u00e9 leur repas comme s&rsquo;ils venaient de conqu\u00e9rir la montagne. Les enfants n&rsquo;ont pas tard\u00e9 \u00e0 rire ensemble, \u00e0 \u00e9changer des conseils de ski et \u00e0 se faire de nouveaux amis. Apr\u00e8s le d\u00e9jeuner, les enfants sont retourn\u00e9s skier. Je les ai vus d\u00e9valer les pentes avec d&rsquo;immenses sourires, leur joie \u00e9tant aussi \u00e9clatante que la neige qui les entourait. Ils prenaient confiance en eux et j&rsquo;\u00e9tais fi\u00e8re d&rsquo;eux. Plus tard dans la journ\u00e9e, nous sommes all\u00e9s nous promener dans la ville de Verbier. Le village ressemblait \u00e0 un conte de f\u00e9es, avec ses maisons en bois et ses lumi\u00e8res scintillantes. Les enfants \u00e9taient pleins d&rsquo;\u00e9nergie, se faisant la course jusqu&rsquo;\u00e0 la prochaine vitrine, en montrant du doigt tous les beaux souvenirs suisses. De retour au camp, il y a eu un exercice d&rsquo;incendie. Ensuite, c&rsquo;\u00e9tait l&rsquo;heure d&rsquo;un d\u00eener chaud et copieux. Les enfants ont parl\u00e9 avec enthousiasme de leur journ\u00e9e, partageant des histoires et des projets pour l&rsquo;aventure de ski du lendemain. La soir\u00e9e s&rsquo;est termin\u00e9e par une visite au centre sportif, o\u00f9 les enfants ont jou\u00e9 et se sont d\u00e9gourdis les jambes apr\u00e8s une journ\u00e9e bien remplie. Certains d&rsquo;entre eux ont eu un peu de mal \u00e0 rester assis (surtout les plus jeunes), mais ils se sont tous bien amus\u00e9s ! Maintenant, alors que les \u00e9toiles scintillent dans le ciel, je suis blottie dans mon petit coin de lutin, reconnaissante d&rsquo;avoir pass\u00e9 une si belle premi\u00e8re journ\u00e9e. Demain, il y aura encore plus de ski, et j&rsquo;ai h\u00e2te de voir les nouvelles amiti\u00e9s se d\u00e9velopper ! Bonne nuit, Verbier. -Talia, elfe du camp de ski  <\/p>\n","protected":false},"excerpt":{"rendered":"<p>La journ\u00e9e d&rsquo;aujourd&rsquo;hui \u00e9tait passionnante ! Les enfants du monde entier sont arriv\u00e9s au camp et j&rsquo;avais h\u00e2te de voir comment ils allaient tous s&rsquo;entendre. L&rsquo;air \u00e9tait vif et la&#8230;<\/p>\n","protected":false},"author":16,"featured_media":0,"comment_status":"closed","ping_status":"open","sticky":false,"template":"","format":"standard","meta":{"_acf_changed":false,"inline_featured_image":false,"footnotes":""},"categories":[],"tags":[],"class_list":["post-96380","post","type-post","status-publish","format-standard"],"acf":[],"yoast_head":"<!-- This site is optimized with the Yoast SEO Premium plugin v24.2 (Yoast SEO v24.7) - https:\/\/yoast.com\/wordpress\/plugins\/seo\/ -->\n<title>Dimanche 29 d\u00e9cembre- D\u00e9but de l&#039;aventure- Journal de Talia l&#039;Elfe - Les Elfes International Camps Switzerland<\/title>\n<meta name=\"robots\" content=\"index, follow, max-snippet:-1, max-image-preview:large, max-video-preview:-1\" \/>\n<link rel=\"canonical\" href=\"https:\/\/www.leselfes.com\/fr\/dimanche-29-decembre-debut-de-laventure-journal-de-talia-lelfe\/\" \/>\n<meta property=\"og:locale\" content=\"fr_FR\" \/>\n<meta property=\"og:type\" content=\"article\" \/>\n<meta property=\"og:title\" content=\"Dimanche 29 d\u00e9cembre- D\u00e9but de l&#039;aventure- Journal de Talia l&#039;Elfe\" \/>\n<meta property=\"og:description\" content=\"La journ\u00e9e d&rsquo;aujourd&rsquo;hui \u00e9tait passionnante ! Les enfants du monde entier sont arriv\u00e9s au camp et j&rsquo;avais h\u00e2te de voir comment ils allaient tous s&rsquo;entendre. L&rsquo;air \u00e9tait vif et la...\" \/>\n<meta property=\"og:url\" content=\"https:\/\/www.leselfes.com\/fr\/dimanche-29-decembre-debut-de-laventure-journal-de-talia-lelfe\/\" \/>\n<meta property=\"og:site_name\" content=\"Les Elfes International Camps Switzerland\" \/>\n<meta property=\"article:publisher\" content=\"https:\/\/www.facebook.com\/LesElfesVerbier\" \/>\n<meta property=\"article:published_time\" content=\"2025-01-07T08:25:44+00:00\" \/>\n<meta property=\"article:modified_time\" content=\"2025-01-07T09:06:51+00:00\" \/>\n<meta property=\"og:image\" content=\"https:\/\/www.leselfes.com\/wp-content\/uploads\/2022\/02\/Les-Elfes-International-summer-camp-Switzerland-Staff-Mobile-591x555-1.jpg\" \/>\n\t<meta property=\"og:image:width\" content=\"591\" \/>\n\t<meta property=\"og:image:height\" content=\"555\" \/>\n\t<meta property=\"og:image:type\" content=\"image\/jpeg\" \/>\n<meta name=\"author\" content=\"Matthieu Perard\" \/>\n<meta name=\"twitter:card\" content=\"summary_large_image\" \/>\n<meta name=\"twitter:creator\" content=\"@LesElfesCamps\" \/>\n<meta name=\"twitter:site\" content=\"@LesElfesCamps\" \/>\n<meta name=\"twitter:label1\" content=\"\u00c9crit par\" \/>\n\t<meta name=\"twitter:data1\" content=\"Matthieu Perard\" \/>\n\t<meta name=\"twitter:label2\" content=\"Dur\u00e9e de lecture estim\u00e9e\" \/>\n\t<meta name=\"twitter:data2\" content=\"2 minutes\" \/>\n<script type=\"application\/ld+json\" class=\"yoast-schema-graph\">{\"@context\":\"https:\/\/schema.org\",\"@graph\":[{\"@type\":\"Article\",\"@id\":\"https:\/\/www.leselfes.com\/fr\/dimanche-29-decembre-debut-de-laventure-journal-de-talia-lelfe\/#article\",\"isPartOf\":{\"@id\":\"https:\/\/www.leselfes.com\/fr\/dimanche-29-decembre-debut-de-laventure-journal-de-talia-lelfe\/\"},\"author\":{\"name\":\"Matthieu Perard\",\"@id\":\"https:\/\/dev.leselfes.com\/#\/schema\/person\/7ac5f99a7f3c597105fe663a00bdf6d6\"},\"headline\":\"Dimanche 29 d\u00e9cembre- D\u00e9but de l&rsquo;aventure- Journal de Talia l&rsquo;Elfe\",\"datePublished\":\"2025-01-07T08:25:44+00:00\",\"dateModified\":\"2025-01-07T09:06:51+00:00\",\"mainEntityOfPage\":{\"@id\":\"https:\/\/www.leselfes.com\/fr\/dimanche-29-decembre-debut-de-laventure-journal-de-talia-lelfe\/\"},\"wordCount\":463,\"publisher\":{\"@id\":\"https:\/\/dev.leselfes.com\/#organization\"},\"inLanguage\":\"fr-FR\"},{\"@type\":\"WebPage\",\"@id\":\"https:\/\/www.leselfes.com\/fr\/dimanche-29-decembre-debut-de-laventure-journal-de-talia-lelfe\/\",\"url\":\"https:\/\/www.leselfes.com\/fr\/dimanche-29-decembre-debut-de-laventure-journal-de-talia-lelfe\/\",\"name\":\"Dimanche 29 d\u00e9cembre- D\u00e9but de l'aventure- Journal de Talia l'Elfe - Les Elfes International Camps Switzerland\",\"isPartOf\":{\"@id\":\"https:\/\/dev.leselfes.com\/#website\"},\"datePublished\":\"2025-01-07T08:25:44+00:00\",\"dateModified\":\"2025-01-07T09:06:51+00:00\",\"breadcrumb\":{\"@id\":\"https:\/\/www.leselfes.com\/fr\/dimanche-29-decembre-debut-de-laventure-journal-de-talia-lelfe\/#breadcrumb\"},\"inLanguage\":\"fr-FR\",\"potentialAction\":[{\"@type\":\"ReadAction\",\"target\":[\"https:\/\/www.leselfes.com\/fr\/dimanche-29-decembre-debut-de-laventure-journal-de-talia-lelfe\/\"]}]},{\"@type\":\"BreadcrumbList\",\"@id\":\"https:\/\/www.leselfes.com\/fr\/dimanche-29-decembre-debut-de-laventure-journal-de-talia-lelfe\/#breadcrumb\",\"itemListElement\":[{\"@type\":\"ListItem\",\"position\":1,\"name\":\"Home\",\"item\":\"https:\/\/www.leselfes.com\/fr\/\"},{\"@type\":\"ListItem\",\"position\":2,\"name\":\"Dimanche 29 d\u00e9cembre- D\u00e9but de l&#8217;aventure- Journal de Talia l&#8217;Elfe\"}]},{\"@type\":\"WebSite\",\"@id\":\"https:\/\/dev.leselfes.com\/#website\",\"url\":\"https:\/\/dev.leselfes.com\/\",\"name\":\"Les Elfes International\",\"description\":\"Les Elfes International, Verbier Switzerland. Summer Camp, Winter Camp, Spring Camps.\",\"publisher\":{\"@id\":\"https:\/\/dev.leselfes.com\/#organization\"},\"alternateName\":\"Les Elfes International\",\"potentialAction\":[{\"@type\":\"SearchAction\",\"target\":{\"@type\":\"EntryPoint\",\"urlTemplate\":\"https:\/\/dev.leselfes.com\/?s={search_term_string}\"},\"query-input\":{\"@type\":\"PropertyValueSpecification\",\"valueRequired\":true,\"valueName\":\"search_term_string\"}}],\"inLanguage\":\"fr-FR\"},{\"@type\":\"Organization\",\"@id\":\"https:\/\/dev.leselfes.com\/#organization\",\"name\":\"Les Elfes International\",\"alternateName\":\"Les Elfes International\",\"url\":\"https:\/\/dev.leselfes.com\/\",\"logo\":{\"@type\":\"ImageObject\",\"inLanguage\":\"fr-FR\",\"@id\":\"https:\/\/dev.leselfes.com\/#\/schema\/logo\/image\/\",\"url\":\"https:\/\/www.leselfes.com\/wp-content\/uploads\/2022\/03\/leselfes-logo.png\",\"contentUrl\":\"https:\/\/www.leselfes.com\/wp-content\/uploads\/2022\/03\/leselfes-logo.png\",\"width\":233,\"height\":51,\"caption\":\"Les Elfes International\"},\"image\":{\"@id\":\"https:\/\/dev.leselfes.com\/#\/schema\/logo\/image\/\"},\"sameAs\":[\"https:\/\/www.facebook.com\/LesElfesVerbier\",\"https:\/\/x.com\/LesElfesCamps\",\"https:\/\/www.instagram.com\/leselfes\",\"https:\/\/www.linkedin.com\/company\/les-elfes-international\",\"https:\/\/www.youtube.com\/user\/LesElfesVerbier\"]},{\"@type\":\"Person\",\"@id\":\"https:\/\/dev.leselfes.com\/#\/schema\/person\/7ac5f99a7f3c597105fe663a00bdf6d6\",\"name\":\"Matthieu Perard\",\"image\":{\"@type\":\"ImageObject\",\"inLanguage\":\"fr-FR\",\"@id\":\"https:\/\/dev.leselfes.com\/#\/schema\/person\/image\/\",\"url\":\"https:\/\/secure.gravatar.com\/avatar\/e368f5bd153d15a1ff42a4c64a46d1ef?s=96&d=mm&r=g\",\"contentUrl\":\"https:\/\/secure.gravatar.com\/avatar\/e368f5bd153d15a1ff42a4c64a46d1ef?s=96&d=mm&r=g\",\"caption\":\"Matthieu Perard\"},\"url\":\"https:\/\/www.leselfes.com\/fr\/author\/m-pierardnotostudio-ch\/\"}]}<\/script>\n<!-- \/ Yoast SEO Premium plugin. -->","yoast_head_json":{"title":"Dimanche 29 d\u00e9cembre- D\u00e9but de l'aventure- Journal de Talia l'Elfe - Les Elfes International Camps Switzerland","robots":{"index":"index","follow":"follow","max-snippet":"max-snippet:-1","max-image-preview":"max-image-preview:large","max-video-preview":"max-video-preview:-1"},"canonical":"https:\/\/www.leselfes.com\/fr\/dimanche-29-decembre-debut-de-laventure-journal-de-talia-lelfe\/","og_locale":"fr_FR","og_type":"article","og_title":"Dimanche 29 d\u00e9cembre- D\u00e9but de l'aventure- Journal de Talia l'Elfe","og_description":"La journ\u00e9e d&rsquo;aujourd&rsquo;hui \u00e9tait passionnante ! Les enfants du monde entier sont arriv\u00e9s au camp et j&rsquo;avais h\u00e2te de voir comment ils allaient tous s&rsquo;entendre. L&rsquo;air \u00e9tait vif et la...","og_url":"https:\/\/www.leselfes.com\/fr\/dimanche-29-decembre-debut-de-laventure-journal-de-talia-lelfe\/","og_site_name":"Les Elfes International Camps Switzerland","article_publisher":"https:\/\/www.facebook.com\/LesElfesVerbier","article_published_time":"2025-01-07T08:25:44+00:00","article_modified_time":"2025-01-07T09:06:51+00:00","og_image":[{"width":591,"height":555,"url":"https:\/\/www.leselfes.com\/wp-content\/uploads\/2022\/02\/Les-Elfes-International-summer-camp-Switzerland-Staff-Mobile-591x555-1.jpg","type":"image\/jpeg"}],"author":"Matthieu Perard","twitter_card":"summary_large_image","twitter_creator":"@LesElfesCamps","twitter_site":"@LesElfesCamps","twitter_misc":{"\u00c9crit par":"Matthieu Perard","Dur\u00e9e de lecture estim\u00e9e":"2 minutes"},"schema":{"@context":"https:\/\/schema.org","@graph":[{"@type":"Article","@id":"https:\/\/www.leselfes.com\/fr\/dimanche-29-decembre-debut-de-laventure-journal-de-talia-lelfe\/#article","isPartOf":{"@id":"https:\/\/www.leselfes.com\/fr\/dimanche-29-decembre-debut-de-laventure-journal-de-talia-lelfe\/"},"author":{"name":"Matthieu Perard","@id":"https:\/\/dev.leselfes.com\/#\/schema\/person\/7ac5f99a7f3c597105fe663a00bdf6d6"},"headline":"Dimanche 29 d\u00e9cembre- D\u00e9but de l&rsquo;aventure- Journal de Talia l&rsquo;Elfe","datePublished":"2025-01-07T08:25:44+00:00","dateModified":"2025-01-07T09:06:51+00:00","mainEntityOfPage":{"@id":"https:\/\/www.leselfes.com\/fr\/dimanche-29-decembre-debut-de-laventure-journal-de-talia-lelfe\/"},"wordCount":463,"publisher":{"@id":"https:\/\/dev.leselfes.com\/#organization"},"inLanguage":"fr-FR"},{"@type":"WebPage","@id":"https:\/\/www.leselfes.com\/fr\/dimanche-29-decembre-debut-de-laventure-journal-de-talia-lelfe\/","url":"https:\/\/www.leselfes.com\/fr\/dimanche-29-decembre-debut-de-laventure-journal-de-talia-lelfe\/","name":"Dimanche 29 d\u00e9cembre- D\u00e9but de l'aventure- Journal de Talia l'Elfe - Les Elfes International Camps Switzerland","isPartOf":{"@id":"https:\/\/dev.leselfes.com\/#website"},"datePublished":"2025-01-07T08:25:44+00:00","dateModified":"2025-01-07T09:06:51+00:00","breadcrumb":{"@id":"https:\/\/www.leselfes.com\/fr\/dimanche-29-decembre-debut-de-laventure-journal-de-talia-lelfe\/#breadcrumb"},"inLanguage":"fr-FR","potentialAction":[{"@type":"ReadAction","target":["https:\/\/www.leselfes.com\/fr\/dimanche-29-decembre-debut-de-laventure-journal-de-talia-lelfe\/"]}]},{"@type":"BreadcrumbList","@id":"https:\/\/www.leselfes.com\/fr\/dimanche-29-decembre-debut-de-laventure-journal-de-talia-lelfe\/#breadcrumb","itemListElement":[{"@type":"ListItem","position":1,"name":"Home","item":"https:\/\/www.leselfes.com\/fr\/"},{"@type":"ListItem","position":2,"name":"Dimanche 29 d\u00e9cembre- D\u00e9but de l&#8217;aventure- Journal de Talia l&#8217;Elfe"}]},{"@type":"WebSite","@id":"https:\/\/dev.leselfes.com\/#website","url":"https:\/\/dev.leselfes.com\/","name":"Les Elfes International","description":"Les Elfes International, Verbier Switzerland. Summer Camp, Winter Camp, Spring Camps.","publisher":{"@id":"https:\/\/dev.leselfes.com\/#organization"},"alternateName":"Les Elfes International","potentialAction":[{"@type":"SearchAction","target":{"@type":"EntryPoint","urlTemplate":"https:\/\/dev.leselfes.com\/?s={search_term_string}"},"query-input":{"@type":"PropertyValueSpecification","valueRequired":true,"valueName":"search_term_string"}}],"inLanguage":"fr-FR"},{"@type":"Organization","@id":"https:\/\/dev.leselfes.com\/#organization","name":"Les Elfes International","alternateName":"Les Elfes International","url":"https:\/\/dev.leselfes.com\/","logo":{"@type":"ImageObject","inLanguage":"fr-FR","@id":"https:\/\/dev.leselfes.com\/#\/schema\/logo\/image\/","url":"https:\/\/www.leselfes.com\/wp-content\/uploads\/2022\/03\/leselfes-logo.png","contentUrl":"https:\/\/www.leselfes.com\/wp-content\/uploads\/2022\/03\/leselfes-logo.png","width":233,"height":51,"caption":"Les Elfes International"},"image":{"@id":"https:\/\/dev.leselfes.com\/#\/schema\/logo\/image\/"},"sameAs":["https:\/\/www.facebook.com\/LesElfesVerbier","https:\/\/x.com\/LesElfesCamps","https:\/\/www.instagram.com\/leselfes","https:\/\/www.linkedin.com\/company\/les-elfes-international","https:\/\/www.youtube.com\/user\/LesElfesVerbier"]},{"@type":"Person","@id":"https:\/\/dev.leselfes.com\/#\/schema\/person\/7ac5f99a7f3c597105fe663a00bdf6d6","name":"Matthieu Perard","image":{"@type":"ImageObject","inLanguage":"fr-FR","@id":"https:\/\/dev.leselfes.com\/#\/schema\/person\/image\/","url":"https:\/\/secure.gravatar.com\/avatar\/e368f5bd153d15a1ff42a4c64a46d1ef?s=96&d=mm&r=g","contentUrl":"https:\/\/secure.gravatar.com\/avatar\/e368f5bd153d15a1ff42a4c64a46d1ef?s=96&d=mm&r=g","caption":"Matthieu Perard"},"url":"https:\/\/www.leselfes.com\/fr\/author\/m-pierardnotostudio-ch\/"}]}},"_links":{"self":[{"href":"https:\/\/www.leselfes.com\/fr\/wp-json\/wp\/v2\/posts\/96380"}],"collection":[{"href":"https:\/\/www.leselfes.com\/fr\/wp-json\/wp\/v2\/posts"}],"about":[{"href":"https:\/\/www.leselfes.com\/fr\/wp-json\/wp\/v2\/types\/post"}],"author":[{"embeddable":true,"href":"https:\/\/www.leselfes.com\/fr\/wp-json\/wp\/v2\/users\/16"}],"replies":[{"embeddable":true,"href":"https:\/\/www.leselfes.com\/fr\/wp-json\/wp\/v2\/comments?post=96380"}],"version-history":[{"count":0,"href":"https:\/\/www.leselfes.com\/fr\/wp-json\/wp\/v2\/posts\/96380\/revisions"}],"wp:attachment":[{"href":"https:\/\/www.leselfes.com\/fr\/wp-json\/wp\/v2\/media?parent=96380"}],"wp:term":[{"taxonomy":"category","embeddable":true,"href":"https:\/\/www.leselfes.com\/fr\/wp-json\/wp\/v2\/categories?post=96380"},{"taxonomy":"post_tag","embeddable":true,"href":"https:\/\/www.leselfes.com\/fr\/wp-json\/wp\/v2\/tags?post=96380"}],"curies":[{"name":"wp","href":"https:\/\/api.w.org\/{rel}","templated":true}]}}