{"id":96443,"date":"2025-01-07T09:30:08","date_gmt":"2025-01-07T08:30:08","guid":{"rendered":"https:\/\/www.leselfes.com\/vendredi-3-janvier-dernier-jour-pour-nos-lutins\/"},"modified":"2025-01-07T10:06:48","modified_gmt":"2025-01-07T09:06:48","slug":"vendredi-3-janvier-dernier-jour-pour-nos-lutins","status":"publish","type":"post","link":"https:\/\/www.leselfes.com\/fr\/vendredi-3-janvier-dernier-jour-pour-nos-lutins\/","title":{"rendered":"Vendredi 3 janvier &#8211; Dernier jour pour nos lutins"},"content":{"rendered":"<p>Quelle derni\u00e8re journ\u00e9e parfaite aux Elfes ! La matin\u00e9e a commenc\u00e9 avec un ciel radieux et ensoleill\u00e9 et de la neige fra\u00eeche recouvrant les pistes. Les enfants \u00e9taient gonfl\u00e9s \u00e0 bloc pour la course, et c&rsquo;\u00e9tait amusant de les voir s&rsquo;\u00e9lancer &#8211; certains rapidement, d&rsquo;autres moins, mais tout le monde s&rsquo;est amus\u00e9. Apr\u00e8s la course, nous nous sommes rendus au barbecue situ\u00e9 au milieu des pistes. De la bonne nourriture, une vue magnifique et beaucoup de rires. Difficile de faire mieux. L&rsquo;apr\u00e8s-midi, les enfants se sont d\u00e9tendus au camp, certains jouant \u00e0 des jeux, d&rsquo;autres se relaxant. Le d\u00eener \u00e9tait une fondue (\u00e9videmment), puis la c\u00e9r\u00e9monie de remise des prix aux meilleurs skieurs a eu lieu. Tout le monde \u00e9tait enthousiaste et il \u00e9tait agr\u00e9able de voir tout le monde s&rsquo;encourager mutuellement. Nous avons termin\u00e9 par un feu de camp. Des chansons, des histoires, et beaucoup de moments \u00ab\u00a0un dernier marshmallow\u00a0\u00bb. La semaine a \u00e9t\u00e9 tr\u00e8s riche, et lorsque le feu s&rsquo;est \u00e9teint, j&rsquo;ai su qu&rsquo;il serait difficile de quitter cet endroit. Talia, l&rsquo;elfe \u2728  <\/p>\n","protected":false},"excerpt":{"rendered":"<p>Quelle derni\u00e8re journ\u00e9e parfaite aux Elfes ! La matin\u00e9e a commenc\u00e9 avec un ciel radieux et ensoleill\u00e9 et de la neige fra\u00eeche recouvrant les pistes. Les enfants \u00e9taient gonfl\u00e9s \u00e0&#8230;<\/p>\n","protected":false},"author":16,"featured_media":0,"comment_status":"closed","ping_status":"open","sticky":false,"template":"","format":"standard","meta":{"_acf_changed":false,"inline_featured_image":false,"footnotes":""},"categories":[],"tags":[],"class_list":["post-96443","post","type-post","status-publish","format-standard"],"acf":[],"yoast_head":"<!-- This site is optimized with the Yoast SEO Premium plugin v24.2 (Yoast SEO v24.7) - https:\/\/yoast.com\/wordpress\/plugins\/seo\/ -->\n<title>Vendredi 3 janvier - Dernier jour pour nos lutins - Les Elfes International Camps Switzerland<\/title>\n<meta name=\"robots\" content=\"index, follow, max-snippet:-1, max-image-preview:large, max-video-preview:-1\" \/>\n<link rel=\"canonical\" href=\"https:\/\/www.leselfes.com\/fr\/vendredi-3-janvier-dernier-jour-pour-nos-lutins\/\" \/>\n<meta property=\"og:locale\" content=\"fr_FR\" \/>\n<meta property=\"og:type\" content=\"article\" \/>\n<meta property=\"og:title\" content=\"Vendredi 3 janvier - Dernier jour pour nos lutins\" \/>\n<meta property=\"og:description\" content=\"Quelle derni\u00e8re journ\u00e9e parfaite aux Elfes ! La matin\u00e9e a commenc\u00e9 avec un ciel radieux et ensoleill\u00e9 et de la neige fra\u00eeche recouvrant les pistes. Les enfants \u00e9taient gonfl\u00e9s \u00e0...\" \/>\n<meta property=\"og:url\" content=\"https:\/\/www.leselfes.com\/fr\/vendredi-3-janvier-dernier-jour-pour-nos-lutins\/\" \/>\n<meta property=\"og:site_name\" content=\"Les Elfes International Camps Switzerland\" \/>\n<meta property=\"article:publisher\" content=\"https:\/\/www.facebook.com\/LesElfesVerbier\" \/>\n<meta property=\"article:published_time\" content=\"2025-01-07T08:30:08+00:00\" \/>\n<meta property=\"article:modified_time\" content=\"2025-01-07T09:06:48+00:00\" \/>\n<meta property=\"og:image\" content=\"https:\/\/www.leselfes.com\/wp-content\/uploads\/2022\/02\/Les-Elfes-International-summer-camp-Switzerland-Staff-Mobile-591x555-1.jpg\" \/>\n\t<meta property=\"og:image:width\" content=\"591\" \/>\n\t<meta property=\"og:image:height\" content=\"555\" \/>\n\t<meta property=\"og:image:type\" content=\"image\/jpeg\" \/>\n<meta name=\"author\" content=\"Matthieu Perard\" \/>\n<meta name=\"twitter:card\" content=\"summary_large_image\" \/>\n<meta name=\"twitter:creator\" content=\"@LesElfesCamps\" \/>\n<meta name=\"twitter:site\" content=\"@LesElfesCamps\" \/>\n<meta name=\"twitter:label1\" content=\"\u00c9crit par\" \/>\n\t<meta name=\"twitter:data1\" content=\"Matthieu Perard\" \/>\n\t<meta name=\"twitter:label2\" content=\"Dur\u00e9e de lecture estim\u00e9e\" \/>\n\t<meta name=\"twitter:data2\" content=\"1 minute\" \/>\n<script type=\"application\/ld+json\" class=\"yoast-schema-graph\">{\"@context\":\"https:\/\/schema.org\",\"@graph\":[{\"@type\":\"Article\",\"@id\":\"https:\/\/www.leselfes.com\/fr\/vendredi-3-janvier-dernier-jour-pour-nos-lutins\/#article\",\"isPartOf\":{\"@id\":\"https:\/\/www.leselfes.com\/fr\/vendredi-3-janvier-dernier-jour-pour-nos-lutins\/\"},\"author\":{\"name\":\"Matthieu Perard\",\"@id\":\"https:\/\/dev.leselfes.com\/#\/schema\/person\/7ac5f99a7f3c597105fe663a00bdf6d6\"},\"headline\":\"Vendredi 3 janvier &#8211; Dernier jour pour nos lutins\",\"datePublished\":\"2025-01-07T08:30:08+00:00\",\"dateModified\":\"2025-01-07T09:06:48+00:00\",\"mainEntityOfPage\":{\"@id\":\"https:\/\/www.leselfes.com\/fr\/vendredi-3-janvier-dernier-jour-pour-nos-lutins\/\"},\"wordCount\":203,\"publisher\":{\"@id\":\"https:\/\/dev.leselfes.com\/#organization\"},\"inLanguage\":\"fr-FR\"},{\"@type\":\"WebPage\",\"@id\":\"https:\/\/www.leselfes.com\/fr\/vendredi-3-janvier-dernier-jour-pour-nos-lutins\/\",\"url\":\"https:\/\/www.leselfes.com\/fr\/vendredi-3-janvier-dernier-jour-pour-nos-lutins\/\",\"name\":\"Vendredi 3 janvier - Dernier jour pour nos lutins - Les Elfes International Camps Switzerland\",\"isPartOf\":{\"@id\":\"https:\/\/dev.leselfes.com\/#website\"},\"datePublished\":\"2025-01-07T08:30:08+00:00\",\"dateModified\":\"2025-01-07T09:06:48+00:00\",\"breadcrumb\":{\"@id\":\"https:\/\/www.leselfes.com\/fr\/vendredi-3-janvier-dernier-jour-pour-nos-lutins\/#breadcrumb\"},\"inLanguage\":\"fr-FR\",\"potentialAction\":[{\"@type\":\"ReadAction\",\"target\":[\"https:\/\/www.leselfes.com\/fr\/vendredi-3-janvier-dernier-jour-pour-nos-lutins\/\"]}]},{\"@type\":\"BreadcrumbList\",\"@id\":\"https:\/\/www.leselfes.com\/fr\/vendredi-3-janvier-dernier-jour-pour-nos-lutins\/#breadcrumb\",\"itemListElement\":[{\"@type\":\"ListItem\",\"position\":1,\"name\":\"Home\",\"item\":\"https:\/\/www.leselfes.com\/fr\/\"},{\"@type\":\"ListItem\",\"position\":2,\"name\":\"Vendredi 3 janvier &#8211; Dernier jour pour nos lutins\"}]},{\"@type\":\"WebSite\",\"@id\":\"https:\/\/dev.leselfes.com\/#website\",\"url\":\"https:\/\/dev.leselfes.com\/\",\"name\":\"Les Elfes International\",\"description\":\"Les Elfes International, Verbier Switzerland. Summer Camp, Winter Camp, Spring Camps.\",\"publisher\":{\"@id\":\"https:\/\/dev.leselfes.com\/#organization\"},\"alternateName\":\"Les Elfes International\",\"potentialAction\":[{\"@type\":\"SearchAction\",\"target\":{\"@type\":\"EntryPoint\",\"urlTemplate\":\"https:\/\/dev.leselfes.com\/?s={search_term_string}\"},\"query-input\":{\"@type\":\"PropertyValueSpecification\",\"valueRequired\":true,\"valueName\":\"search_term_string\"}}],\"inLanguage\":\"fr-FR\"},{\"@type\":\"Organization\",\"@id\":\"https:\/\/dev.leselfes.com\/#organization\",\"name\":\"Les Elfes International\",\"alternateName\":\"Les Elfes International\",\"url\":\"https:\/\/dev.leselfes.com\/\",\"logo\":{\"@type\":\"ImageObject\",\"inLanguage\":\"fr-FR\",\"@id\":\"https:\/\/dev.leselfes.com\/#\/schema\/logo\/image\/\",\"url\":\"https:\/\/www.leselfes.com\/wp-content\/uploads\/2022\/03\/leselfes-logo.png\",\"contentUrl\":\"https:\/\/www.leselfes.com\/wp-content\/uploads\/2022\/03\/leselfes-logo.png\",\"width\":233,\"height\":51,\"caption\":\"Les Elfes International\"},\"image\":{\"@id\":\"https:\/\/dev.leselfes.com\/#\/schema\/logo\/image\/\"},\"sameAs\":[\"https:\/\/www.facebook.com\/LesElfesVerbier\",\"https:\/\/x.com\/LesElfesCamps\",\"https:\/\/www.instagram.com\/leselfes\",\"https:\/\/www.linkedin.com\/company\/les-elfes-international\",\"https:\/\/www.youtube.com\/user\/LesElfesVerbier\"]},{\"@type\":\"Person\",\"@id\":\"https:\/\/dev.leselfes.com\/#\/schema\/person\/7ac5f99a7f3c597105fe663a00bdf6d6\",\"name\":\"Matthieu Perard\",\"image\":{\"@type\":\"ImageObject\",\"inLanguage\":\"fr-FR\",\"@id\":\"https:\/\/dev.leselfes.com\/#\/schema\/person\/image\/\",\"url\":\"https:\/\/secure.gravatar.com\/avatar\/e368f5bd153d15a1ff42a4c64a46d1ef?s=96&d=mm&r=g\",\"contentUrl\":\"https:\/\/secure.gravatar.com\/avatar\/e368f5bd153d15a1ff42a4c64a46d1ef?s=96&d=mm&r=g\",\"caption\":\"Matthieu Perard\"},\"url\":\"https:\/\/www.leselfes.com\/fr\/author\/m-pierardnotostudio-ch\/\"}]}<\/script>\n<!-- \/ Yoast SEO Premium plugin. -->","yoast_head_json":{"title":"Vendredi 3 janvier - Dernier jour pour nos lutins - Les Elfes International Camps Switzerland","robots":{"index":"index","follow":"follow","max-snippet":"max-snippet:-1","max-image-preview":"max-image-preview:large","max-video-preview":"max-video-preview:-1"},"canonical":"https:\/\/www.leselfes.com\/fr\/vendredi-3-janvier-dernier-jour-pour-nos-lutins\/","og_locale":"fr_FR","og_type":"article","og_title":"Vendredi 3 janvier - Dernier jour pour nos lutins","og_description":"Quelle derni\u00e8re journ\u00e9e parfaite aux Elfes ! La matin\u00e9e a commenc\u00e9 avec un ciel radieux et ensoleill\u00e9 et de la neige fra\u00eeche recouvrant les pistes. Les enfants \u00e9taient gonfl\u00e9s \u00e0...","og_url":"https:\/\/www.leselfes.com\/fr\/vendredi-3-janvier-dernier-jour-pour-nos-lutins\/","og_site_name":"Les Elfes International Camps Switzerland","article_publisher":"https:\/\/www.facebook.com\/LesElfesVerbier","article_published_time":"2025-01-07T08:30:08+00:00","article_modified_time":"2025-01-07T09:06:48+00:00","og_image":[{"width":591,"height":555,"url":"https:\/\/www.leselfes.com\/wp-content\/uploads\/2022\/02\/Les-Elfes-International-summer-camp-Switzerland-Staff-Mobile-591x555-1.jpg","type":"image\/jpeg"}],"author":"Matthieu Perard","twitter_card":"summary_large_image","twitter_creator":"@LesElfesCamps","twitter_site":"@LesElfesCamps","twitter_misc":{"\u00c9crit par":"Matthieu Perard","Dur\u00e9e de lecture estim\u00e9e":"1 minute"},"schema":{"@context":"https:\/\/schema.org","@graph":[{"@type":"Article","@id":"https:\/\/www.leselfes.com\/fr\/vendredi-3-janvier-dernier-jour-pour-nos-lutins\/#article","isPartOf":{"@id":"https:\/\/www.leselfes.com\/fr\/vendredi-3-janvier-dernier-jour-pour-nos-lutins\/"},"author":{"name":"Matthieu Perard","@id":"https:\/\/dev.leselfes.com\/#\/schema\/person\/7ac5f99a7f3c597105fe663a00bdf6d6"},"headline":"Vendredi 3 janvier &#8211; Dernier jour pour nos lutins","datePublished":"2025-01-07T08:30:08+00:00","dateModified":"2025-01-07T09:06:48+00:00","mainEntityOfPage":{"@id":"https:\/\/www.leselfes.com\/fr\/vendredi-3-janvier-dernier-jour-pour-nos-lutins\/"},"wordCount":203,"publisher":{"@id":"https:\/\/dev.leselfes.com\/#organization"},"inLanguage":"fr-FR"},{"@type":"WebPage","@id":"https:\/\/www.leselfes.com\/fr\/vendredi-3-janvier-dernier-jour-pour-nos-lutins\/","url":"https:\/\/www.leselfes.com\/fr\/vendredi-3-janvier-dernier-jour-pour-nos-lutins\/","name":"Vendredi 3 janvier - Dernier jour pour nos lutins - Les Elfes International Camps Switzerland","isPartOf":{"@id":"https:\/\/dev.leselfes.com\/#website"},"datePublished":"2025-01-07T08:30:08+00:00","dateModified":"2025-01-07T09:06:48+00:00","breadcrumb":{"@id":"https:\/\/www.leselfes.com\/fr\/vendredi-3-janvier-dernier-jour-pour-nos-lutins\/#breadcrumb"},"inLanguage":"fr-FR","potentialAction":[{"@type":"ReadAction","target":["https:\/\/www.leselfes.com\/fr\/vendredi-3-janvier-dernier-jour-pour-nos-lutins\/"]}]},{"@type":"BreadcrumbList","@id":"https:\/\/www.leselfes.com\/fr\/vendredi-3-janvier-dernier-jour-pour-nos-lutins\/#breadcrumb","itemListElement":[{"@type":"ListItem","position":1,"name":"Home","item":"https:\/\/www.leselfes.com\/fr\/"},{"@type":"ListItem","position":2,"name":"Vendredi 3 janvier &#8211; Dernier jour pour nos lutins"}]},{"@type":"WebSite","@id":"https:\/\/dev.leselfes.com\/#website","url":"https:\/\/dev.leselfes.com\/","name":"Les Elfes International","description":"Les Elfes International, Verbier Switzerland. Summer Camp, Winter Camp, Spring Camps.","publisher":{"@id":"https:\/\/dev.leselfes.com\/#organization"},"alternateName":"Les Elfes International","potentialAction":[{"@type":"SearchAction","target":{"@type":"EntryPoint","urlTemplate":"https:\/\/dev.leselfes.com\/?s={search_term_string}"},"query-input":{"@type":"PropertyValueSpecification","valueRequired":true,"valueName":"search_term_string"}}],"inLanguage":"fr-FR"},{"@type":"Organization","@id":"https:\/\/dev.leselfes.com\/#organization","name":"Les Elfes International","alternateName":"Les Elfes International","url":"https:\/\/dev.leselfes.com\/","logo":{"@type":"ImageObject","inLanguage":"fr-FR","@id":"https:\/\/dev.leselfes.com\/#\/schema\/logo\/image\/","url":"https:\/\/www.leselfes.com\/wp-content\/uploads\/2022\/03\/leselfes-logo.png","contentUrl":"https:\/\/www.leselfes.com\/wp-content\/uploads\/2022\/03\/leselfes-logo.png","width":233,"height":51,"caption":"Les Elfes International"},"image":{"@id":"https:\/\/dev.leselfes.com\/#\/schema\/logo\/image\/"},"sameAs":["https:\/\/www.facebook.com\/LesElfesVerbier","https:\/\/x.com\/LesElfesCamps","https:\/\/www.instagram.com\/leselfes","https:\/\/www.linkedin.com\/company\/les-elfes-international","https:\/\/www.youtube.com\/user\/LesElfesVerbier"]},{"@type":"Person","@id":"https:\/\/dev.leselfes.com\/#\/schema\/person\/7ac5f99a7f3c597105fe663a00bdf6d6","name":"Matthieu Perard","image":{"@type":"ImageObject","inLanguage":"fr-FR","@id":"https:\/\/dev.leselfes.com\/#\/schema\/person\/image\/","url":"https:\/\/secure.gravatar.com\/avatar\/e368f5bd153d15a1ff42a4c64a46d1ef?s=96&d=mm&r=g","contentUrl":"https:\/\/secure.gravatar.com\/avatar\/e368f5bd153d15a1ff42a4c64a46d1ef?s=96&d=mm&r=g","caption":"Matthieu Perard"},"url":"https:\/\/www.leselfes.com\/fr\/author\/m-pierardnotostudio-ch\/"}]}},"_links":{"self":[{"href":"https:\/\/www.leselfes.com\/fr\/wp-json\/wp\/v2\/posts\/96443"}],"collection":[{"href":"https:\/\/www.leselfes.com\/fr\/wp-json\/wp\/v2\/posts"}],"about":[{"href":"https:\/\/www.leselfes.com\/fr\/wp-json\/wp\/v2\/types\/post"}],"author":[{"embeddable":true,"href":"https:\/\/www.leselfes.com\/fr\/wp-json\/wp\/v2\/users\/16"}],"replies":[{"embeddable":true,"href":"https:\/\/www.leselfes.com\/fr\/wp-json\/wp\/v2\/comments?post=96443"}],"version-history":[{"count":0,"href":"https:\/\/www.leselfes.com\/fr\/wp-json\/wp\/v2\/posts\/96443\/revisions"}],"wp:attachment":[{"href":"https:\/\/www.leselfes.com\/fr\/wp-json\/wp\/v2\/media?parent=96443"}],"wp:term":[{"taxonomy":"category","embeddable":true,"href":"https:\/\/www.leselfes.com\/fr\/wp-json\/wp\/v2\/categories?post=96443"},{"taxonomy":"post_tag","embeddable":true,"href":"https:\/\/www.leselfes.com\/fr\/wp-json\/wp\/v2\/tags?post=96443"}],"curies":[{"name":"wp","href":"https:\/\/api.w.org\/{rel}","templated":true}]}}