{"id":96455,"date":"2025-01-07T09:30:48","date_gmt":"2025-01-07T08:30:48","guid":{"rendered":"https:\/\/www.leselfes.com\/dimanche-5-janvier-laventure-commence\/"},"modified":"2025-01-07T10:06:46","modified_gmt":"2025-01-07T09:06:46","slug":"dimanche-5-janvier-laventure-commence","status":"publish","type":"post","link":"https:\/\/www.leselfes.com\/fr\/dimanche-5-janvier-laventure-commence\/","title":{"rendered":"Dimanche 5 janvier &#8211; L&rsquo;aventure commence"},"content":{"rendered":"<p>Quel premier jour magique ! Verbier est toujours aussi belle, avec ses sommets enneig\u00e9s et l&rsquo;air vivifiant des montagnes. Le camp est rempli d&rsquo;enfants enthousiastes venus du monde entier. Aujourd&rsquo;hui, c&rsquo;\u00e9tait leur premier jour sur les pistes, et je ne pouvais pas \u00eatre plus heureuse de voir leur joie. Apr\u00e8s un petit d\u00e9jeuner copieux, les d\u00e9butants sont partis pour leur premi\u00e8re le\u00e7on de ski. Certains \u00e9taient nerveux, mais avec un peu d&rsquo;encouragement, ils ont rapidement pris confiance en eux. Il y a eu quelques chutes, mais chaque enfant s&rsquo;est relev\u00e9 avec le sourire. Cela fait toujours chaud au c\u0153ur de les voir apprendre et grandir ! Apr\u00e8s le ski, ils sont retourn\u00e9s au camp pour le d\u00e9jeuner, impatients de partager leurs triomphes. Certains \u00e9taient encore tremblants, mais ils \u00e9taient tous fiers de leurs progr\u00e8s. L&rsquo;apr\u00e8s-midi, les skieurs les plus exp\u00e9riment\u00e9s sont retourn\u00e9s sur les pistes tandis que les d\u00e9butants ont continu\u00e9 \u00e0 s&rsquo;entra\u00eener. Plus tard, certains enfants sont all\u00e9s en ville pour faire du patin \u00e0 glace, tandis que d&rsquo;autres se sont rendus au centre sportif pour faire de l&rsquo;escalade et des jeux. Le soir, apr\u00e8s un d\u00eener copieux, c&rsquo;\u00e9tait la soir\u00e9e quiz ! Les enfants ont form\u00e9 des \u00e9quipes et ont r\u00e9pondu avec enthousiasme aux questions, riant et applaudissant \u00e0 chaque bonne r\u00e9ponse. C&rsquo;\u00e9tait une merveilleuse fa\u00e7on de terminer une journ\u00e9e pleine d&rsquo;aventures et de nouvelles amiti\u00e9s. Demain promet d&rsquo;\u00eatre encore plus amusant, et je suis impatiente de voir comment ils continuent \u00e0 grandir. Pour l&rsquo;instant, je vais me reposer et me pr\u00e9parer \u00e0 une autre journ\u00e9e magique. Avec mes meilleurs v\u0153ux,   <\/p>\n<p><em>Talia, l&rsquo;Elfe de Verbier<\/em><\/p>\n","protected":false},"excerpt":{"rendered":"<p>Quel premier jour magique ! Verbier est toujours aussi belle, avec ses sommets enneig\u00e9s et l&rsquo;air vivifiant des montagnes. Le camp est rempli d&rsquo;enfants enthousiastes venus du monde entier. Aujourd&rsquo;hui,&#8230;<\/p>\n","protected":false},"author":16,"featured_media":0,"comment_status":"closed","ping_status":"open","sticky":false,"template":"","format":"standard","meta":{"_acf_changed":false,"inline_featured_image":false,"footnotes":""},"categories":[],"tags":[],"class_list":["post-96455","post","type-post","status-publish","format-standard"],"acf":[],"yoast_head":"<!-- This site is optimized with the Yoast SEO Premium plugin v24.2 (Yoast SEO v24.7) - https:\/\/yoast.com\/wordpress\/plugins\/seo\/ -->\n<title>Dimanche 5 janvier - L&#039;aventure commence - Les Elfes International Camps Switzerland<\/title>\n<meta name=\"robots\" content=\"index, follow, max-snippet:-1, max-image-preview:large, max-video-preview:-1\" \/>\n<link rel=\"canonical\" href=\"https:\/\/www.leselfes.com\/fr\/dimanche-5-janvier-laventure-commence\/\" \/>\n<meta property=\"og:locale\" content=\"fr_FR\" \/>\n<meta property=\"og:type\" content=\"article\" \/>\n<meta property=\"og:title\" content=\"Dimanche 5 janvier - L&#039;aventure commence\" \/>\n<meta property=\"og:description\" content=\"Quel premier jour magique ! Verbier est toujours aussi belle, avec ses sommets enneig\u00e9s et l&rsquo;air vivifiant des montagnes. Le camp est rempli d&rsquo;enfants enthousiastes venus du monde entier. Aujourd&rsquo;hui,...\" \/>\n<meta property=\"og:url\" content=\"https:\/\/www.leselfes.com\/fr\/dimanche-5-janvier-laventure-commence\/\" \/>\n<meta property=\"og:site_name\" content=\"Les Elfes International Camps Switzerland\" \/>\n<meta property=\"article:publisher\" content=\"https:\/\/www.facebook.com\/LesElfesVerbier\" \/>\n<meta property=\"article:published_time\" content=\"2025-01-07T08:30:48+00:00\" \/>\n<meta property=\"article:modified_time\" content=\"2025-01-07T09:06:46+00:00\" \/>\n<meta property=\"og:image\" content=\"https:\/\/www.leselfes.com\/wp-content\/uploads\/2022\/02\/Les-Elfes-International-summer-camp-Switzerland-Staff-Mobile-591x555-1.jpg\" \/>\n\t<meta property=\"og:image:width\" content=\"591\" \/>\n\t<meta property=\"og:image:height\" content=\"555\" \/>\n\t<meta property=\"og:image:type\" content=\"image\/jpeg\" \/>\n<meta name=\"author\" content=\"Matthieu Perard\" \/>\n<meta name=\"twitter:card\" content=\"summary_large_image\" \/>\n<meta name=\"twitter:creator\" content=\"@LesElfesCamps\" \/>\n<meta name=\"twitter:site\" content=\"@LesElfesCamps\" \/>\n<meta name=\"twitter:label1\" content=\"\u00c9crit par\" \/>\n\t<meta name=\"twitter:data1\" content=\"Matthieu Perard\" \/>\n\t<meta name=\"twitter:label2\" content=\"Dur\u00e9e de lecture estim\u00e9e\" \/>\n\t<meta name=\"twitter:data2\" content=\"1 minute\" \/>\n<script type=\"application\/ld+json\" class=\"yoast-schema-graph\">{\"@context\":\"https:\/\/schema.org\",\"@graph\":[{\"@type\":\"Article\",\"@id\":\"https:\/\/www.leselfes.com\/fr\/dimanche-5-janvier-laventure-commence\/#article\",\"isPartOf\":{\"@id\":\"https:\/\/www.leselfes.com\/fr\/dimanche-5-janvier-laventure-commence\/\"},\"author\":{\"name\":\"Matthieu Perard\",\"@id\":\"https:\/\/dev.leselfes.com\/#\/schema\/person\/7ac5f99a7f3c597105fe663a00bdf6d6\"},\"headline\":\"Dimanche 5 janvier &#8211; L&rsquo;aventure commence\",\"datePublished\":\"2025-01-07T08:30:48+00:00\",\"dateModified\":\"2025-01-07T09:06:46+00:00\",\"mainEntityOfPage\":{\"@id\":\"https:\/\/www.leselfes.com\/fr\/dimanche-5-janvier-laventure-commence\/\"},\"wordCount\":310,\"publisher\":{\"@id\":\"https:\/\/dev.leselfes.com\/#organization\"},\"inLanguage\":\"fr-FR\"},{\"@type\":\"WebPage\",\"@id\":\"https:\/\/www.leselfes.com\/fr\/dimanche-5-janvier-laventure-commence\/\",\"url\":\"https:\/\/www.leselfes.com\/fr\/dimanche-5-janvier-laventure-commence\/\",\"name\":\"Dimanche 5 janvier - L'aventure commence - Les Elfes International Camps Switzerland\",\"isPartOf\":{\"@id\":\"https:\/\/dev.leselfes.com\/#website\"},\"datePublished\":\"2025-01-07T08:30:48+00:00\",\"dateModified\":\"2025-01-07T09:06:46+00:00\",\"breadcrumb\":{\"@id\":\"https:\/\/www.leselfes.com\/fr\/dimanche-5-janvier-laventure-commence\/#breadcrumb\"},\"inLanguage\":\"fr-FR\",\"potentialAction\":[{\"@type\":\"ReadAction\",\"target\":[\"https:\/\/www.leselfes.com\/fr\/dimanche-5-janvier-laventure-commence\/\"]}]},{\"@type\":\"BreadcrumbList\",\"@id\":\"https:\/\/www.leselfes.com\/fr\/dimanche-5-janvier-laventure-commence\/#breadcrumb\",\"itemListElement\":[{\"@type\":\"ListItem\",\"position\":1,\"name\":\"Home\",\"item\":\"https:\/\/www.leselfes.com\/fr\/\"},{\"@type\":\"ListItem\",\"position\":2,\"name\":\"Dimanche 5 janvier &#8211; L&#8217;aventure commence\"}]},{\"@type\":\"WebSite\",\"@id\":\"https:\/\/dev.leselfes.com\/#website\",\"url\":\"https:\/\/dev.leselfes.com\/\",\"name\":\"Les Elfes International\",\"description\":\"Les Elfes International, Verbier Switzerland. Summer Camp, Winter Camp, Spring Camps.\",\"publisher\":{\"@id\":\"https:\/\/dev.leselfes.com\/#organization\"},\"alternateName\":\"Les Elfes International\",\"potentialAction\":[{\"@type\":\"SearchAction\",\"target\":{\"@type\":\"EntryPoint\",\"urlTemplate\":\"https:\/\/dev.leselfes.com\/?s={search_term_string}\"},\"query-input\":{\"@type\":\"PropertyValueSpecification\",\"valueRequired\":true,\"valueName\":\"search_term_string\"}}],\"inLanguage\":\"fr-FR\"},{\"@type\":\"Organization\",\"@id\":\"https:\/\/dev.leselfes.com\/#organization\",\"name\":\"Les Elfes International\",\"alternateName\":\"Les Elfes International\",\"url\":\"https:\/\/dev.leselfes.com\/\",\"logo\":{\"@type\":\"ImageObject\",\"inLanguage\":\"fr-FR\",\"@id\":\"https:\/\/dev.leselfes.com\/#\/schema\/logo\/image\/\",\"url\":\"https:\/\/www.leselfes.com\/wp-content\/uploads\/2022\/03\/leselfes-logo.png\",\"contentUrl\":\"https:\/\/www.leselfes.com\/wp-content\/uploads\/2022\/03\/leselfes-logo.png\",\"width\":233,\"height\":51,\"caption\":\"Les Elfes International\"},\"image\":{\"@id\":\"https:\/\/dev.leselfes.com\/#\/schema\/logo\/image\/\"},\"sameAs\":[\"https:\/\/www.facebook.com\/LesElfesVerbier\",\"https:\/\/x.com\/LesElfesCamps\",\"https:\/\/www.instagram.com\/leselfes\",\"https:\/\/www.linkedin.com\/company\/les-elfes-international\",\"https:\/\/www.youtube.com\/user\/LesElfesVerbier\"]},{\"@type\":\"Person\",\"@id\":\"https:\/\/dev.leselfes.com\/#\/schema\/person\/7ac5f99a7f3c597105fe663a00bdf6d6\",\"name\":\"Matthieu Perard\",\"image\":{\"@type\":\"ImageObject\",\"inLanguage\":\"fr-FR\",\"@id\":\"https:\/\/dev.leselfes.com\/#\/schema\/person\/image\/\",\"url\":\"https:\/\/secure.gravatar.com\/avatar\/e368f5bd153d15a1ff42a4c64a46d1ef?s=96&d=mm&r=g\",\"contentUrl\":\"https:\/\/secure.gravatar.com\/avatar\/e368f5bd153d15a1ff42a4c64a46d1ef?s=96&d=mm&r=g\",\"caption\":\"Matthieu Perard\"},\"url\":\"https:\/\/www.leselfes.com\/fr\/author\/m-pierardnotostudio-ch\/\"}]}<\/script>\n<!-- \/ Yoast SEO Premium plugin. -->","yoast_head_json":{"title":"Dimanche 5 janvier - L'aventure commence - Les Elfes International Camps Switzerland","robots":{"index":"index","follow":"follow","max-snippet":"max-snippet:-1","max-image-preview":"max-image-preview:large","max-video-preview":"max-video-preview:-1"},"canonical":"https:\/\/www.leselfes.com\/fr\/dimanche-5-janvier-laventure-commence\/","og_locale":"fr_FR","og_type":"article","og_title":"Dimanche 5 janvier - L'aventure commence","og_description":"Quel premier jour magique ! Verbier est toujours aussi belle, avec ses sommets enneig\u00e9s et l&rsquo;air vivifiant des montagnes. Le camp est rempli d&rsquo;enfants enthousiastes venus du monde entier. Aujourd&rsquo;hui,...","og_url":"https:\/\/www.leselfes.com\/fr\/dimanche-5-janvier-laventure-commence\/","og_site_name":"Les Elfes International Camps Switzerland","article_publisher":"https:\/\/www.facebook.com\/LesElfesVerbier","article_published_time":"2025-01-07T08:30:48+00:00","article_modified_time":"2025-01-07T09:06:46+00:00","og_image":[{"width":591,"height":555,"url":"https:\/\/www.leselfes.com\/wp-content\/uploads\/2022\/02\/Les-Elfes-International-summer-camp-Switzerland-Staff-Mobile-591x555-1.jpg","type":"image\/jpeg"}],"author":"Matthieu Perard","twitter_card":"summary_large_image","twitter_creator":"@LesElfesCamps","twitter_site":"@LesElfesCamps","twitter_misc":{"\u00c9crit par":"Matthieu Perard","Dur\u00e9e de lecture estim\u00e9e":"1 minute"},"schema":{"@context":"https:\/\/schema.org","@graph":[{"@type":"Article","@id":"https:\/\/www.leselfes.com\/fr\/dimanche-5-janvier-laventure-commence\/#article","isPartOf":{"@id":"https:\/\/www.leselfes.com\/fr\/dimanche-5-janvier-laventure-commence\/"},"author":{"name":"Matthieu Perard","@id":"https:\/\/dev.leselfes.com\/#\/schema\/person\/7ac5f99a7f3c597105fe663a00bdf6d6"},"headline":"Dimanche 5 janvier &#8211; L&rsquo;aventure commence","datePublished":"2025-01-07T08:30:48+00:00","dateModified":"2025-01-07T09:06:46+00:00","mainEntityOfPage":{"@id":"https:\/\/www.leselfes.com\/fr\/dimanche-5-janvier-laventure-commence\/"},"wordCount":310,"publisher":{"@id":"https:\/\/dev.leselfes.com\/#organization"},"inLanguage":"fr-FR"},{"@type":"WebPage","@id":"https:\/\/www.leselfes.com\/fr\/dimanche-5-janvier-laventure-commence\/","url":"https:\/\/www.leselfes.com\/fr\/dimanche-5-janvier-laventure-commence\/","name":"Dimanche 5 janvier - L'aventure commence - Les Elfes International Camps Switzerland","isPartOf":{"@id":"https:\/\/dev.leselfes.com\/#website"},"datePublished":"2025-01-07T08:30:48+00:00","dateModified":"2025-01-07T09:06:46+00:00","breadcrumb":{"@id":"https:\/\/www.leselfes.com\/fr\/dimanche-5-janvier-laventure-commence\/#breadcrumb"},"inLanguage":"fr-FR","potentialAction":[{"@type":"ReadAction","target":["https:\/\/www.leselfes.com\/fr\/dimanche-5-janvier-laventure-commence\/"]}]},{"@type":"BreadcrumbList","@id":"https:\/\/www.leselfes.com\/fr\/dimanche-5-janvier-laventure-commence\/#breadcrumb","itemListElement":[{"@type":"ListItem","position":1,"name":"Home","item":"https:\/\/www.leselfes.com\/fr\/"},{"@type":"ListItem","position":2,"name":"Dimanche 5 janvier &#8211; L&#8217;aventure commence"}]},{"@type":"WebSite","@id":"https:\/\/dev.leselfes.com\/#website","url":"https:\/\/dev.leselfes.com\/","name":"Les Elfes International","description":"Les Elfes International, Verbier Switzerland. Summer Camp, Winter Camp, Spring Camps.","publisher":{"@id":"https:\/\/dev.leselfes.com\/#organization"},"alternateName":"Les Elfes International","potentialAction":[{"@type":"SearchAction","target":{"@type":"EntryPoint","urlTemplate":"https:\/\/dev.leselfes.com\/?s={search_term_string}"},"query-input":{"@type":"PropertyValueSpecification","valueRequired":true,"valueName":"search_term_string"}}],"inLanguage":"fr-FR"},{"@type":"Organization","@id":"https:\/\/dev.leselfes.com\/#organization","name":"Les Elfes International","alternateName":"Les Elfes International","url":"https:\/\/dev.leselfes.com\/","logo":{"@type":"ImageObject","inLanguage":"fr-FR","@id":"https:\/\/dev.leselfes.com\/#\/schema\/logo\/image\/","url":"https:\/\/www.leselfes.com\/wp-content\/uploads\/2022\/03\/leselfes-logo.png","contentUrl":"https:\/\/www.leselfes.com\/wp-content\/uploads\/2022\/03\/leselfes-logo.png","width":233,"height":51,"caption":"Les Elfes International"},"image":{"@id":"https:\/\/dev.leselfes.com\/#\/schema\/logo\/image\/"},"sameAs":["https:\/\/www.facebook.com\/LesElfesVerbier","https:\/\/x.com\/LesElfesCamps","https:\/\/www.instagram.com\/leselfes","https:\/\/www.linkedin.com\/company\/les-elfes-international","https:\/\/www.youtube.com\/user\/LesElfesVerbier"]},{"@type":"Person","@id":"https:\/\/dev.leselfes.com\/#\/schema\/person\/7ac5f99a7f3c597105fe663a00bdf6d6","name":"Matthieu Perard","image":{"@type":"ImageObject","inLanguage":"fr-FR","@id":"https:\/\/dev.leselfes.com\/#\/schema\/person\/image\/","url":"https:\/\/secure.gravatar.com\/avatar\/e368f5bd153d15a1ff42a4c64a46d1ef?s=96&d=mm&r=g","contentUrl":"https:\/\/secure.gravatar.com\/avatar\/e368f5bd153d15a1ff42a4c64a46d1ef?s=96&d=mm&r=g","caption":"Matthieu Perard"},"url":"https:\/\/www.leselfes.com\/fr\/author\/m-pierardnotostudio-ch\/"}]}},"_links":{"self":[{"href":"https:\/\/www.leselfes.com\/fr\/wp-json\/wp\/v2\/posts\/96455"}],"collection":[{"href":"https:\/\/www.leselfes.com\/fr\/wp-json\/wp\/v2\/posts"}],"about":[{"href":"https:\/\/www.leselfes.com\/fr\/wp-json\/wp\/v2\/types\/post"}],"author":[{"embeddable":true,"href":"https:\/\/www.leselfes.com\/fr\/wp-json\/wp\/v2\/users\/16"}],"replies":[{"embeddable":true,"href":"https:\/\/www.leselfes.com\/fr\/wp-json\/wp\/v2\/comments?post=96455"}],"version-history":[{"count":0,"href":"https:\/\/www.leselfes.com\/fr\/wp-json\/wp\/v2\/posts\/96455\/revisions"}],"wp:attachment":[{"href":"https:\/\/www.leselfes.com\/fr\/wp-json\/wp\/v2\/media?parent=96455"}],"wp:term":[{"taxonomy":"category","embeddable":true,"href":"https:\/\/www.leselfes.com\/fr\/wp-json\/wp\/v2\/categories?post=96455"},{"taxonomy":"post_tag","embeddable":true,"href":"https:\/\/www.leselfes.com\/fr\/wp-json\/wp\/v2\/tags?post=96455"}],"curies":[{"name":"wp","href":"https:\/\/api.w.org\/{rel}","templated":true}]}}