{"id":109225,"date":"2025-02-06T09:29:12","date_gmt":"2025-02-06T08:29:12","guid":{"rendered":"https:\/\/www.leselfes.com\/quali-sono-le-attivita-offerte-dal-campo-estivo\/"},"modified":"2025-02-06T09:44:02","modified_gmt":"2025-02-06T08:44:02","slug":"quali-sono-le-attivita-offerte-dal-campo-estivo","status":"publish","type":"post","link":"https:\/\/www.leselfes.com\/it\/quali-sono-le-attivita-offerte-dal-campo-estivo\/","title":{"rendered":"Campo estivo internazionale in Svizzera 2025"},"content":{"rendered":"<p>Campo estivo internazionale in Svizzera 2025 | Camp Suisse<\/p>\n<h1>Campo estivo internazionale in Svizzera 2025 | L&#8217;esperienza definitiva per bambini e ragazzi<\/h1>\n<p>La Svizzera \u00e8 una delle destinazioni pi\u00f9 popolari per un <strong>campo estivo internazionale<\/strong>, che offre a bambini e ragazzi un&#8217;<strong>indimenticabile vacanza estiva<\/strong> ricca di avventure all&#8217;aria aperta, immersione culturale e sport. <strong>Les Elfes International<\/strong>, situato nella pittoresca cittadina di <strong>Verbier<\/strong>, \u00e8 un rinomato <strong>campo estivo<\/strong> che offre un&#8217;esperienza esclusiva a bambini e ragazzi dai 6 ai 17 anni. <\/p>\n<p>Con un programma ricco di attivit\u00e0 diverse, dalle <strong>escursioni sugli sci<\/strong> nelle Alpi svizzere ai <strong>laboratori di leadership<\/strong>, Les Elfes \u00e8 progettato per aiutare i campeggiatori <strong>a esplorare<\/strong> nuove abilit\u00e0, a stringere <strong>amicizie<\/strong> durature e a vivere un&#8217;esperienza unica nella vita. Se tuo figlio \u00e8 interessato allo <strong>sport<\/strong>, alle <strong>arti<\/strong> o a <strong>scoprire la natura mozzafiato dell&#8217;Europa<\/strong>, questo campo estivo offre l&#8217;ambiente ideale per <strong>imparare, crescere e divertirsi<\/strong>. <\/p>\n<h2>Perch\u00e9 scegliere la Svizzera per un campo estivo?<\/h2>\n<p>La Svizzera si distingue come una delle migliori destinazioni per i <strong>campi estivi<\/strong> grazie ai suoi <strong>dintorni sicuri e meravigliosi, all&#8217;ambiente multiculturale e agli elevati standard<\/strong> nei programmi educativi e di avventura.<\/p>\n<ul>\n<li><strong>Ambiente sicuro e protetto<\/strong>: La Svizzera \u00e8 nota per i suoi eccellenti standard di sicurezza, il che la rende un luogo ideale per far vivere ai bambini un <strong>campeggio notturno<\/strong>.<\/li>\n<li>Una <strong>comunit\u00e0 internazionale e diversificata<\/strong>: I campeggiatori provengono da oltre <strong>50 paesi<\/strong>, offrendo un&#8217;<strong>esperienza<\/strong> davvero <strong>coinvolgente<\/strong>.<\/li>\n<li><strong>Rinomata per le attivit\u00e0 all&#8217;aria aperta<\/strong>: Dalle <strong>escursioni sulle Alpi<\/strong> allo <strong>sci a Zermatt<\/strong> e <strong>Crans Montana<\/strong>, la Svizzera offre una gamma di <strong>escursioni<\/strong> che pochi altri luoghi in <strong>Europa<\/strong> possono eguagliare.<\/li>\n<li><strong>Programmi multiattivit\u00e0<\/strong>: I <strong>campi estivi in Svizzera<\/strong> offrono un mix di <strong>sport, arte, laboratori accademici e avventura<\/strong>, assicurando che ogni campeggiatore si goda il proprio soggiorno.<\/li>\n<\/ul>\n<h2>Cosa aspettarsi al campo estivo internazionale Les Elfes?<\/h2>\n<p>Ogni giornata a Les Elfes \u00e8 pensata per conciliare <strong>apprendimento, avventura e relax<\/strong>. Il campo offre programmi strutturati che coinvolgono <strong>bambini e ragazzi<\/strong> in modo da aiutarli a sviluppare <strong>fiducia, indipendenza e consapevolezza culturale<\/strong>. <\/p>\n<h3>Novit\u00e0 per il 2025: programmi ancora pi\u00f9 interessanti<\/h3>\n<p>L&#8217;edizione 2025 del campo estivo Les Elfes introduce ulteriori opzioni per i bambini e i ragazzi che desiderano un&#8217;esperienza ancora pi\u00f9 coinvolgente:<\/p>\n<ul>\n<li><strong>Eco-Avventure:<\/strong> Impara la sostenibilit\u00e0 e la conservazione dell&#8217;ambiente attraverso attivit\u00e0 nella natura.<\/li>\n<li><strong>Entrepreneurship &amp; Leadership Camp:<\/strong> Un programma incentrato sull&#8217;imprenditoria per gli adolescenti per sviluppare le capacit\u00e0 di gestione dei progetti.<\/li>\n<li><strong>Addestramento alla sopravvivenza in montagna:<\/strong> Guidati da istruttori esperti, i campeggiatori impareranno le tecniche di sopravvivenza sulle Alpi svizzere.<\/li>\n<\/ul>\n<p>Queste aggiunte fanno s\u00ec che <strong>ogni bambino possa personalizzare la propria esperienza<\/strong> in base alle proprie passioni e aspirazioni.<\/p>\n<h2>L&#8217;esperienza di scuola estiva per eccellenza: costruire un forte spirito di squadra nell&#8217;ambiente alpino<\/h2>\n<p>Scegliere un&#8217;esperienza di <strong>scuola estiva<\/strong> significa molto di pi\u00f9 che trascorrere del tempo lontano da casa: significa <strong>imparare, crescere e creare ricordi duraturi<\/strong> in un ambiente che incoraggia l&#8217;indipendenza e il lavoro di squadra. Presso <strong>Les Elfes International<\/strong>, gli studenti partecipano a un programma attentamente studiato che combina <strong>avventure all&#8217;aperto, attivit\u00e0 di leadership e sfide di squadra<\/strong> per aiutarli a sviluppare preziose abilit\u00e0 di vita. <\/p>\n<p>Circondati dallo <strong>scenario alpino<\/strong> mozzafiato della Svizzera, i campeggiatori hanno l&#8217;opportunit\u00e0 di immergersi in un&#8217;esperienza che rafforza il loro <strong>spirito di squadra<\/strong>, divertendosi con una serie di attivit\u00e0 coinvolgenti. Ogni giornata \u00e8 strutturata con cura per garantire che ogni partecipante sia coinvolto attivamente in esercizi di collaborazione, spingendolo a uscire dalla sua zona di comfort e a interagire con compagni provenienti da contesti diversi. <\/p>\n<p>Uno degli aspetti chiave di un&#8217;esperienza <strong>scolastica estiva<\/strong> di successo \u00e8 la promozione di una <strong>forte dinamica di squadra<\/strong>. Attraverso gare sportive, sfide di sopravvivenza all&#8217;aperto o escursioni di gruppo, gli studenti imparano l&#8217;importanza della comunicazione, della leadership e della risoluzione dei problemi. Attivit\u00e0 come i <strong>corsi di corde alte, l&#8217;arrampicata su roccia e l&#8217;orienteering di squadra nella natura selvaggia alpina<\/strong> richiedono agli studenti di lavorare insieme, di fidarsi l&#8217;uno dell&#8217;altro e di elaborare strategie come un&#8217;unit\u00e0. Queste esperienze li aiutano a sviluppare la resilienza, la fiducia e l&#8217;adattabilit\u00e0, competenze che li porteranno a trarre beneficio anche oltre il periodo trascorso in campeggio.   <\/p>\n<p>Oltre agli aspetti avventurosi del programma, le <strong>iniziative di team-building<\/strong> si estendono a laboratori creativi e strutturati progettati per migliorare le interazioni sociali. Attraverso <strong>progetti artistici collaborativi, spettacoli musicali e racconti interattivi<\/strong>, i campeggiatori si impegnano in modi unici che rafforzano le amicizie e creano cameratismo. Queste esperienze condivise contribuiscono alla formazione di legami che durano tutta la vita e di <strong>ricordi<\/strong> indimenticabili che gli studenti conservano anche dopo l&#8217;avventura estiva.  <\/p>\n<p>Al di l\u00e0 delle attivit\u00e0 entusiasmanti, i campeggiatori ottengono anche opportunit\u00e0 di crescita personale essenziali. Imparare a collaborare, a sostenersi a vicenda e ad orientarsi in nuovi ambienti favorisce il <strong>senso di responsabilit\u00e0 e la consapevolezza di s\u00e9<\/strong>. Nel pittoresco <strong>ambiente alpino<\/strong>, lontano dalle distrazioni della vita quotidiana, gli studenti sviluppano un apprezzamento per la natura, il lavoro di squadra e i risultati personali, rendendo l&#8217;esperienza della scuola estiva un momento fondamentale nel loro percorso di crescita.  <\/p>\n<p>Alla fine del programma, ogni campeggiatore se ne va non solo con <strong>ricordi<\/strong> incredibili ma anche con un nuovo apprezzamento per il valore del lavoro di squadra, della leadership e dell&#8217;avventura. Che stiano scalando una montagna, partecipando a un gioco di strategia o condividendo storie intorno a un fal\u00f2, <strong>imparano<\/strong> ed evolvono costantemente come individui. <\/p>\n<p>Questa <strong>coinvolgente avventura alpina<\/strong> a <strong>Les Elfes International<\/strong> assicura che gli studenti tornino a casa con amicizie rafforzate, un senso di fiducia pi\u00f9 profondo e competenze inestimabili che serviranno loro per tutta la vita accademica e personale.<\/p>\n<h2>Le entusiasmanti attivit\u00e0 del campo estivo di Les Elfes<\/h2>\n<h3>Avventure all&#8217;aperto nelle Alpi svizzere<\/h3>\n<p>I campeggiatori di Les Elfes sperimentano il meglio della natura, esplorando le montagne svizzere attraverso escursioni, campeggi e gite in mountain bike. Queste attivit\u00e0 aiutano i bambini e i ragazzi a sviluppare la fiducia, la resilienza e la capacit\u00e0 di lavorare in gruppo, scoprendo alcuni dei paesaggi pi\u00f9 belli d&#8217;Europa. <\/p>\n<h3>Attivit\u00e0 invernali a giugno per un&#8217;esperienza indimenticabile<\/h3>\n<p>A differenza di molti campi estivi, Les Elfes offre esclusive <strong>sessioni di sci estivo a giugno<\/strong>, dando ai campeggiatori la rara opportunit\u00e0 di <strong>sciare in estate<\/strong>. I ghiacciai d&#8217;alta quota della Svizzera offrono <strong>condizioni perfette per sciare<\/strong>, rendendo questa esperienza incredibile per i giovani atleti che vogliono perfezionare le loro abilit\u00e0. <\/p>\n<ul>\n<li><strong>Sci estivo sul ghiacciaio<\/strong> di Zermatt.<\/li>\n<li><strong>Workshop di snowboard e freestyle<\/strong> per studenti esperti.<\/li>\n<li><strong>Tecniche di sopravvivenza invernale<\/strong> e formazione sulla consapevolezza delle valanghe.<\/li>\n<\/ul>\n<h2>Come scegliere il miglior programma di campo estivo?<\/h2>\n<p>Con cos\u00ec tante opzioni disponibili, la scelta del giusto <strong>programma di campo estivo<\/strong> dipende da diversi fattori chiave che garantiscono un&#8217;esperienza gratificante e arricchente. Che tu stia cercando un <strong>campo estivo residenziale in stile collegio svizzero<\/strong>, un <strong>campo sportivo ed educativo<\/strong> o un programma che si concentri sui <strong>campi di immersione linguistica<\/strong>, \u00e8 fondamentale trovare il programma pi\u00f9 adatto agli interessi e alle esigenze di tuo figlio. <\/p>\n<ul>\n<li><strong>Fascia d&#8217;et\u00e0:<\/strong> <strong>I campi estivi pi\u00f9 quotati in Svizzera<\/strong> offrono programmi per bambini <strong>dai 6 ai 16 anni<\/strong> e per ragazzi <strong>dagli 8 ai 17 anni<\/strong>, garantendo attivit\u00e0 e orientamento adeguati all&#8217;et\u00e0.<\/li>\n<li><strong>Durata:<\/strong> Le famiglie possono scegliere tra **campi diurni a breve termine** (da una a due settimane) e **campi residenziali estivi completi** (da quattro a sei settimane). Molti campi organizzano sessioni in <strong>luglio e agosto<\/strong>, il che rende facile l&#8217;allineamento con le vacanze scolastiche. <\/li>\n<li><strong>Preferenze per le attivit\u00e0:<\/strong> Ogni bambino ha interessi unici: alcuni possono essere entusiasti di un **allenamento sportivo intensivo** con attivit\u00e0 come il <strong>tennis<\/strong> e l&#8217;equitazione**, mentre altri possono essere attratti dalle <strong>arti dello spettacolo, dal teatro o dai laboratori musicali<\/strong>. Molti campi, tra cui <strong>Les Elfes International Summer Camp<\/strong>, offrono un mix equilibrato di <strong>sport, campi avventura, corsi di lingua e viaggi culturali<\/strong> in citt\u00e0 come <strong>Ginevra, Losanna e Montreux<\/strong>. <\/li>\n<li><strong>Esposizione globale e amicizie:<\/strong> Un **campo estivo internazionale di alta qualit\u00e0** favorisce le amicizie tra i campeggiatori di diverse **nazionalit\u00e0**. I programmi di campi come <strong>Les Elfes<\/strong> enfatizzano il lavoro di squadra, la leadership e la costruzione della fiducia in se stessi attraverso un programma strutturato. <\/li>\n<li><strong>Convitto e campus:<\/strong> Scegliere un <strong>campo residenziale ispirato a un collegio svizzero<\/strong> garantisce ai campeggiatori un alloggio di alta qualit\u00e0, un&#8217;eccellente <strong>supervisione da parte dello staff<\/strong> e l&#8217;accesso a luoghi mozzafiato come **Lago di Ginevra, Gstaad e le Alpi svizzere**.<\/li>\n<\/ul>\n<p>Tenendo conto di questi fattori, le famiglie possono trovare un <strong>campo estivo in Svizzera di prim&#8217;ordine<\/strong> che offra un&#8217;<strong>esperienza indimenticabile<\/strong> ricca di avventura, istruzione ed esplorazione culturale. Se tuo figlio preferisce lo <strong>sport intensivo, l&#8217;apprendimento della lingua o le arti dello spettacolo<\/strong>, i campi estivi pi\u00f9 importanti della Svizzera, come <strong>Les Elfes International<\/strong>, offrono un **programma estivo di livello mondiale** su misura per lui. <\/p>\n<h2>Recensioni sui campi estivi in Svizzera: cosa dicono genitori e campeggiatori<\/h2>\n<p>Les Elfes International si \u00e8 costruito una solida reputazione come uno dei migliori campi estivi in Svizzera, con un feedback eccezionale sia da parte dei genitori che dei bambini. Ecco cosa dicono le famiglie della loro esperienza: <\/p>\n<blockquote><p>&#8220;Il mix di attivit\u00e0 all&#8217;aperto, formazione alla leadership e amicizie che mio figlio ha fatto a Les Elfes \u00e8 stato incredibile. \u00c8 stata la sua estate migliore!&#8221; &#8211; Emily, Francia<\/p><\/blockquote>\n<blockquote><p>&#8220;Il personale del campo ha fatto sentire mia figlia al sicuro, benvenuta ed entusiasta ogni giorno. \u00c8 tornata pi\u00f9 sicura di s\u00e9 e indipendente&#8221;. &#8211; David, USA<\/p><\/blockquote>\n<h2>Organizza una vacanza estiva indimenticabile con Les Elfes International!<\/h2>\n<p>Fai in modo che il 2025 sia un&#8217;estate da ricordare iscrivendo tuo figlio a uno dei campi estivi internazionali pi\u00f9 apprezzati della Svizzera. Sia che vogliano <strong>esplorare, imparare nuove abilit\u00e0<\/strong> o praticare <strong>sport e avventura<\/strong>, <strong>Les Elfes International<\/strong> offre un&#8217;<strong>estate ricca<\/strong> di <strong>divertimento, scoperte e amicizie durature<\/strong>. <\/p>\n<p><a href=\"https:\/\/www.leselfes.com\/summer-camp\/enrol\/\" target=\"_blank\" rel=\"noopener\"><strong>Prenota subito il tuo posto!<\/strong><\/a><\/p>\n","protected":false},"excerpt":{"rendered":"<p>Campo estivo internazionale in Svizzera 2025 | Camp Suisse Campo estivo internazionale in Svizzera 2025 | L&#8217;esperienza definitiva per bambini e ragazzi La Svizzera \u00e8 una delle destinazioni pi\u00f9 popolari&#8230;<\/p>\n","protected":false},"author":16,"featured_media":109357,"comment_status":"closed","ping_status":"open","sticky":false,"template":"","format":"standard","meta":{"_acf_changed":false,"inline_featured_image":false,"footnotes":""},"categories":[1371],"tags":[],"class_list":{"0":"post-109225","1":"post","2":"type-post","3":"status-publish","4":"format-standard","5":"has-post-thumbnail","7":"category-campo-estivo"},"acf":[],"yoast_head":"<!-- This site is optimized with the Yoast SEO Premium plugin v24.2 (Yoast SEO v24.7) - https:\/\/yoast.com\/wordpress\/plugins\/seo\/ -->\n<title>Campo estivo internazionale in Svizzera 2025 - Les Elfes International Camps Switzerland<\/title>\n<meta name=\"description\" content=\"Camp Suisse - Il campo estivo internazionale per eccellenza nelle Alpi svizzere che offre un mix di attivit\u00e0 all&#039;aperto, apprendimento della lingua e molto altro ancora!\" \/>\n<meta name=\"robots\" content=\"index, follow, max-snippet:-1, max-image-preview:large, max-video-preview:-1\" \/>\n<link rel=\"canonical\" href=\"https:\/\/www.leselfes.com\/it\/quali-sono-le-attivita-offerte-dal-campo-estivo\/\" \/>\n<meta property=\"og:locale\" content=\"it_IT\" \/>\n<meta property=\"og:type\" content=\"article\" \/>\n<meta property=\"og:title\" content=\"Campo estivo internazionale in Svizzera 2025\" \/>\n<meta property=\"og:description\" content=\"Camp Suisse - Il campo estivo internazionale per eccellenza nelle Alpi svizzere che offre un mix di attivit\u00e0 all&#039;aperto, apprendimento della lingua e molto altro ancora!\" \/>\n<meta property=\"og:url\" content=\"https:\/\/www.leselfes.com\/it\/quali-sono-le-attivita-offerte-dal-campo-estivo\/\" \/>\n<meta property=\"og:site_name\" content=\"Les Elfes International Camps Switzerland\" \/>\n<meta property=\"article:publisher\" content=\"https:\/\/www.facebook.com\/LesElfesVerbier\" \/>\n<meta property=\"article:published_time\" content=\"2025-02-06T08:29:12+00:00\" \/>\n<meta property=\"article:modified_time\" content=\"2025-02-06T08:44:02+00:00\" \/>\n<meta property=\"og:image\" content=\"https:\/\/www.leselfes.com\/wp-content\/uploads\/2025\/01\/Les-Elfes-Summer-camp-Sliding-1.jpg\" \/>\n\t<meta property=\"og:image:width\" content=\"1824\" \/>\n\t<meta property=\"og:image:height\" content=\"1368\" \/>\n\t<meta property=\"og:image:type\" content=\"image\/jpeg\" \/>\n<meta name=\"author\" content=\"Matthieu Perard\" \/>\n<meta name=\"twitter:card\" content=\"summary_large_image\" \/>\n<meta name=\"twitter:creator\" content=\"@LesElfesCamps\" \/>\n<meta name=\"twitter:site\" content=\"@LesElfesCamps\" \/>\n<meta name=\"twitter:label1\" content=\"Scritto da\" \/>\n\t<meta name=\"twitter:data1\" content=\"Matthieu Perard\" \/>\n\t<meta name=\"twitter:label2\" content=\"Tempo di lettura stimato\" \/>\n\t<meta name=\"twitter:data2\" content=\"8 minuti\" \/>\n<script type=\"application\/ld+json\" class=\"yoast-schema-graph\">{\"@context\":\"https:\/\/schema.org\",\"@graph\":[{\"@type\":\"Article\",\"@id\":\"https:\/\/www.leselfes.com\/it\/quali-sono-le-attivita-offerte-dal-campo-estivo\/#article\",\"isPartOf\":{\"@id\":\"https:\/\/www.leselfes.com\/it\/quali-sono-le-attivita-offerte-dal-campo-estivo\/\"},\"author\":{\"name\":\"Matthieu Perard\",\"@id\":\"https:\/\/dev.leselfes.com\/#\/schema\/person\/7ac5f99a7f3c597105fe663a00bdf6d6\"},\"headline\":\"Campo estivo internazionale in Svizzera 2025\",\"datePublished\":\"2025-02-06T08:29:12+00:00\",\"dateModified\":\"2025-02-06T08:44:02+00:00\",\"mainEntityOfPage\":{\"@id\":\"https:\/\/www.leselfes.com\/it\/quali-sono-le-attivita-offerte-dal-campo-estivo\/\"},\"wordCount\":1629,\"publisher\":{\"@id\":\"https:\/\/dev.leselfes.com\/#organization\"},\"image\":{\"@id\":\"https:\/\/www.leselfes.com\/it\/quali-sono-le-attivita-offerte-dal-campo-estivo\/#primaryimage\"},\"thumbnailUrl\":\"https:\/\/www.leselfes.com\/wp-content\/uploads\/2025\/02\/Hollyfest-6-2-min-1.jpg\",\"articleSection\":[\"Campo estivo\"],\"inLanguage\":\"it-IT\"},{\"@type\":\"WebPage\",\"@id\":\"https:\/\/www.leselfes.com\/it\/quali-sono-le-attivita-offerte-dal-campo-estivo\/\",\"url\":\"https:\/\/www.leselfes.com\/it\/quali-sono-le-attivita-offerte-dal-campo-estivo\/\",\"name\":\"Campo estivo internazionale in Svizzera 2025 - Les Elfes International Camps Switzerland\",\"isPartOf\":{\"@id\":\"https:\/\/dev.leselfes.com\/#website\"},\"primaryImageOfPage\":{\"@id\":\"https:\/\/www.leselfes.com\/it\/quali-sono-le-attivita-offerte-dal-campo-estivo\/#primaryimage\"},\"image\":{\"@id\":\"https:\/\/www.leselfes.com\/it\/quali-sono-le-attivita-offerte-dal-campo-estivo\/#primaryimage\"},\"thumbnailUrl\":\"https:\/\/www.leselfes.com\/wp-content\/uploads\/2025\/02\/Hollyfest-6-2-min-1.jpg\",\"datePublished\":\"2025-02-06T08:29:12+00:00\",\"dateModified\":\"2025-02-06T08:44:02+00:00\",\"description\":\"Camp Suisse - Il campo estivo internazionale per eccellenza nelle Alpi svizzere che offre un mix di attivit\u00e0 all'aperto, apprendimento della lingua e molto altro ancora!\",\"breadcrumb\":{\"@id\":\"https:\/\/www.leselfes.com\/it\/quali-sono-le-attivita-offerte-dal-campo-estivo\/#breadcrumb\"},\"inLanguage\":\"it-IT\",\"potentialAction\":[{\"@type\":\"ReadAction\",\"target\":[\"https:\/\/www.leselfes.com\/it\/quali-sono-le-attivita-offerte-dal-campo-estivo\/\"]}]},{\"@type\":\"ImageObject\",\"inLanguage\":\"it-IT\",\"@id\":\"https:\/\/www.leselfes.com\/it\/quali-sono-le-attivita-offerte-dal-campo-estivo\/#primaryimage\",\"url\":\"https:\/\/www.leselfes.com\/wp-content\/uploads\/2025\/02\/Hollyfest-6-2-min-1.jpg\",\"contentUrl\":\"https:\/\/www.leselfes.com\/wp-content\/uploads\/2025\/02\/Hollyfest-6-2-min-1.jpg\",\"width\":2097,\"height\":1498},{\"@type\":\"BreadcrumbList\",\"@id\":\"https:\/\/www.leselfes.com\/it\/quali-sono-le-attivita-offerte-dal-campo-estivo\/#breadcrumb\",\"itemListElement\":[{\"@type\":\"ListItem\",\"position\":1,\"name\":\"Home\",\"item\":\"https:\/\/www.leselfes.com\/it\/\"},{\"@type\":\"ListItem\",\"position\":2,\"name\":\"Campo estivo internazionale in Svizzera 2025\"}]},{\"@type\":\"WebSite\",\"@id\":\"https:\/\/dev.leselfes.com\/#website\",\"url\":\"https:\/\/dev.leselfes.com\/\",\"name\":\"Les Elfes International\",\"description\":\"Les Elfes International, Verbier Switzerland. Summer Camp, Winter Camp, Spring Camps.\",\"publisher\":{\"@id\":\"https:\/\/dev.leselfes.com\/#organization\"},\"alternateName\":\"Les Elfes International\",\"potentialAction\":[{\"@type\":\"SearchAction\",\"target\":{\"@type\":\"EntryPoint\",\"urlTemplate\":\"https:\/\/dev.leselfes.com\/?s={search_term_string}\"},\"query-input\":{\"@type\":\"PropertyValueSpecification\",\"valueRequired\":true,\"valueName\":\"search_term_string\"}}],\"inLanguage\":\"it-IT\"},{\"@type\":\"Organization\",\"@id\":\"https:\/\/dev.leselfes.com\/#organization\",\"name\":\"Les Elfes International\",\"alternateName\":\"Les Elfes International\",\"url\":\"https:\/\/dev.leselfes.com\/\",\"logo\":{\"@type\":\"ImageObject\",\"inLanguage\":\"it-IT\",\"@id\":\"https:\/\/dev.leselfes.com\/#\/schema\/logo\/image\/\",\"url\":\"https:\/\/www.leselfes.com\/wp-content\/uploads\/2022\/03\/leselfes-logo.png\",\"contentUrl\":\"https:\/\/www.leselfes.com\/wp-content\/uploads\/2022\/03\/leselfes-logo.png\",\"width\":233,\"height\":51,\"caption\":\"Les Elfes International\"},\"image\":{\"@id\":\"https:\/\/dev.leselfes.com\/#\/schema\/logo\/image\/\"},\"sameAs\":[\"https:\/\/www.facebook.com\/LesElfesVerbier\",\"https:\/\/x.com\/LesElfesCamps\",\"https:\/\/www.instagram.com\/leselfes\",\"https:\/\/www.linkedin.com\/company\/les-elfes-international\",\"https:\/\/www.youtube.com\/user\/LesElfesVerbier\"]},{\"@type\":\"Person\",\"@id\":\"https:\/\/dev.leselfes.com\/#\/schema\/person\/7ac5f99a7f3c597105fe663a00bdf6d6\",\"name\":\"Matthieu Perard\",\"image\":{\"@type\":\"ImageObject\",\"inLanguage\":\"it-IT\",\"@id\":\"https:\/\/dev.leselfes.com\/#\/schema\/person\/image\/\",\"url\":\"https:\/\/secure.gravatar.com\/avatar\/e368f5bd153d15a1ff42a4c64a46d1ef?s=96&d=mm&r=g\",\"contentUrl\":\"https:\/\/secure.gravatar.com\/avatar\/e368f5bd153d15a1ff42a4c64a46d1ef?s=96&d=mm&r=g\",\"caption\":\"Matthieu Perard\"},\"url\":\"https:\/\/www.leselfes.com\/it\/author\/m-pierardnotostudio-ch\/\"}]}<\/script>\n<!-- \/ Yoast SEO Premium plugin. -->","yoast_head_json":{"title":"Campo estivo internazionale in Svizzera 2025 - Les Elfes International Camps Switzerland","description":"Camp Suisse - Il campo estivo internazionale per eccellenza nelle Alpi svizzere che offre un mix di attivit\u00e0 all'aperto, apprendimento della lingua e molto altro ancora!","robots":{"index":"index","follow":"follow","max-snippet":"max-snippet:-1","max-image-preview":"max-image-preview:large","max-video-preview":"max-video-preview:-1"},"canonical":"https:\/\/www.leselfes.com\/it\/quali-sono-le-attivita-offerte-dal-campo-estivo\/","og_locale":"it_IT","og_type":"article","og_title":"Campo estivo internazionale in Svizzera 2025","og_description":"Camp Suisse - Il campo estivo internazionale per eccellenza nelle Alpi svizzere che offre un mix di attivit\u00e0 all'aperto, apprendimento della lingua e molto altro ancora!","og_url":"https:\/\/www.leselfes.com\/it\/quali-sono-le-attivita-offerte-dal-campo-estivo\/","og_site_name":"Les Elfes International Camps Switzerland","article_publisher":"https:\/\/www.facebook.com\/LesElfesVerbier","article_published_time":"2025-02-06T08:29:12+00:00","article_modified_time":"2025-02-06T08:44:02+00:00","og_image":[{"width":1824,"height":1368,"url":"https:\/\/www.leselfes.com\/wp-content\/uploads\/2025\/01\/Les-Elfes-Summer-camp-Sliding-1.jpg","type":"image\/jpeg"}],"author":"Matthieu Perard","twitter_card":"summary_large_image","twitter_creator":"@LesElfesCamps","twitter_site":"@LesElfesCamps","twitter_misc":{"Scritto da":"Matthieu Perard","Tempo di lettura stimato":"8 minuti"},"schema":{"@context":"https:\/\/schema.org","@graph":[{"@type":"Article","@id":"https:\/\/www.leselfes.com\/it\/quali-sono-le-attivita-offerte-dal-campo-estivo\/#article","isPartOf":{"@id":"https:\/\/www.leselfes.com\/it\/quali-sono-le-attivita-offerte-dal-campo-estivo\/"},"author":{"name":"Matthieu Perard","@id":"https:\/\/dev.leselfes.com\/#\/schema\/person\/7ac5f99a7f3c597105fe663a00bdf6d6"},"headline":"Campo estivo internazionale in Svizzera 2025","datePublished":"2025-02-06T08:29:12+00:00","dateModified":"2025-02-06T08:44:02+00:00","mainEntityOfPage":{"@id":"https:\/\/www.leselfes.com\/it\/quali-sono-le-attivita-offerte-dal-campo-estivo\/"},"wordCount":1629,"publisher":{"@id":"https:\/\/dev.leselfes.com\/#organization"},"image":{"@id":"https:\/\/www.leselfes.com\/it\/quali-sono-le-attivita-offerte-dal-campo-estivo\/#primaryimage"},"thumbnailUrl":"https:\/\/www.leselfes.com\/wp-content\/uploads\/2025\/02\/Hollyfest-6-2-min-1.jpg","articleSection":["Campo estivo"],"inLanguage":"it-IT"},{"@type":"WebPage","@id":"https:\/\/www.leselfes.com\/it\/quali-sono-le-attivita-offerte-dal-campo-estivo\/","url":"https:\/\/www.leselfes.com\/it\/quali-sono-le-attivita-offerte-dal-campo-estivo\/","name":"Campo estivo internazionale in Svizzera 2025 - Les Elfes International Camps Switzerland","isPartOf":{"@id":"https:\/\/dev.leselfes.com\/#website"},"primaryImageOfPage":{"@id":"https:\/\/www.leselfes.com\/it\/quali-sono-le-attivita-offerte-dal-campo-estivo\/#primaryimage"},"image":{"@id":"https:\/\/www.leselfes.com\/it\/quali-sono-le-attivita-offerte-dal-campo-estivo\/#primaryimage"},"thumbnailUrl":"https:\/\/www.leselfes.com\/wp-content\/uploads\/2025\/02\/Hollyfest-6-2-min-1.jpg","datePublished":"2025-02-06T08:29:12+00:00","dateModified":"2025-02-06T08:44:02+00:00","description":"Camp Suisse - Il campo estivo internazionale per eccellenza nelle Alpi svizzere che offre un mix di attivit\u00e0 all'aperto, apprendimento della lingua e molto altro ancora!","breadcrumb":{"@id":"https:\/\/www.leselfes.com\/it\/quali-sono-le-attivita-offerte-dal-campo-estivo\/#breadcrumb"},"inLanguage":"it-IT","potentialAction":[{"@type":"ReadAction","target":["https:\/\/www.leselfes.com\/it\/quali-sono-le-attivita-offerte-dal-campo-estivo\/"]}]},{"@type":"ImageObject","inLanguage":"it-IT","@id":"https:\/\/www.leselfes.com\/it\/quali-sono-le-attivita-offerte-dal-campo-estivo\/#primaryimage","url":"https:\/\/www.leselfes.com\/wp-content\/uploads\/2025\/02\/Hollyfest-6-2-min-1.jpg","contentUrl":"https:\/\/www.leselfes.com\/wp-content\/uploads\/2025\/02\/Hollyfest-6-2-min-1.jpg","width":2097,"height":1498},{"@type":"BreadcrumbList","@id":"https:\/\/www.leselfes.com\/it\/quali-sono-le-attivita-offerte-dal-campo-estivo\/#breadcrumb","itemListElement":[{"@type":"ListItem","position":1,"name":"Home","item":"https:\/\/www.leselfes.com\/it\/"},{"@type":"ListItem","position":2,"name":"Campo estivo internazionale in Svizzera 2025"}]},{"@type":"WebSite","@id":"https:\/\/dev.leselfes.com\/#website","url":"https:\/\/dev.leselfes.com\/","name":"Les Elfes International","description":"Les Elfes International, Verbier Switzerland. Summer Camp, Winter Camp, Spring Camps.","publisher":{"@id":"https:\/\/dev.leselfes.com\/#organization"},"alternateName":"Les Elfes International","potentialAction":[{"@type":"SearchAction","target":{"@type":"EntryPoint","urlTemplate":"https:\/\/dev.leselfes.com\/?s={search_term_string}"},"query-input":{"@type":"PropertyValueSpecification","valueRequired":true,"valueName":"search_term_string"}}],"inLanguage":"it-IT"},{"@type":"Organization","@id":"https:\/\/dev.leselfes.com\/#organization","name":"Les Elfes International","alternateName":"Les Elfes International","url":"https:\/\/dev.leselfes.com\/","logo":{"@type":"ImageObject","inLanguage":"it-IT","@id":"https:\/\/dev.leselfes.com\/#\/schema\/logo\/image\/","url":"https:\/\/www.leselfes.com\/wp-content\/uploads\/2022\/03\/leselfes-logo.png","contentUrl":"https:\/\/www.leselfes.com\/wp-content\/uploads\/2022\/03\/leselfes-logo.png","width":233,"height":51,"caption":"Les Elfes International"},"image":{"@id":"https:\/\/dev.leselfes.com\/#\/schema\/logo\/image\/"},"sameAs":["https:\/\/www.facebook.com\/LesElfesVerbier","https:\/\/x.com\/LesElfesCamps","https:\/\/www.instagram.com\/leselfes","https:\/\/www.linkedin.com\/company\/les-elfes-international","https:\/\/www.youtube.com\/user\/LesElfesVerbier"]},{"@type":"Person","@id":"https:\/\/dev.leselfes.com\/#\/schema\/person\/7ac5f99a7f3c597105fe663a00bdf6d6","name":"Matthieu Perard","image":{"@type":"ImageObject","inLanguage":"it-IT","@id":"https:\/\/dev.leselfes.com\/#\/schema\/person\/image\/","url":"https:\/\/secure.gravatar.com\/avatar\/e368f5bd153d15a1ff42a4c64a46d1ef?s=96&d=mm&r=g","contentUrl":"https:\/\/secure.gravatar.com\/avatar\/e368f5bd153d15a1ff42a4c64a46d1ef?s=96&d=mm&r=g","caption":"Matthieu Perard"},"url":"https:\/\/www.leselfes.com\/it\/author\/m-pierardnotostudio-ch\/"}]}},"_links":{"self":[{"href":"https:\/\/www.leselfes.com\/it\/wp-json\/wp\/v2\/posts\/109225"}],"collection":[{"href":"https:\/\/www.leselfes.com\/it\/wp-json\/wp\/v2\/posts"}],"about":[{"href":"https:\/\/www.leselfes.com\/it\/wp-json\/wp\/v2\/types\/post"}],"author":[{"embeddable":true,"href":"https:\/\/www.leselfes.com\/it\/wp-json\/wp\/v2\/users\/16"}],"replies":[{"embeddable":true,"href":"https:\/\/www.leselfes.com\/it\/wp-json\/wp\/v2\/comments?post=109225"}],"version-history":[{"count":1,"href":"https:\/\/www.leselfes.com\/it\/wp-json\/wp\/v2\/posts\/109225\/revisions"}],"predecessor-version":[{"id":109230,"href":"https:\/\/www.leselfes.com\/it\/wp-json\/wp\/v2\/posts\/109225\/revisions\/109230"}],"wp:featuredmedia":[{"embeddable":true,"href":"https:\/\/www.leselfes.com\/it\/wp-json\/wp\/v2\/media\/109357"}],"wp:attachment":[{"href":"https:\/\/www.leselfes.com\/it\/wp-json\/wp\/v2\/media?parent=109225"}],"wp:term":[{"taxonomy":"category","embeddable":true,"href":"https:\/\/www.leselfes.com\/it\/wp-json\/wp\/v2\/categories?post=109225"},{"taxonomy":"post_tag","embeddable":true,"href":"https:\/\/www.leselfes.com\/it\/wp-json\/wp\/v2\/tags?post=109225"}],"curies":[{"name":"wp","href":"https:\/\/api.w.org\/{rel}","templated":true}]}}