{"id":90443,"date":"2015-05-08T18:11:49","date_gmt":"2015-05-08T16:11:49","guid":{"rendered":"https:\/\/www.leselfes.com\/punto-di-partenza-del-viaggio-di-volontariato-di-les-elfes-in-nepal\/"},"modified":"2024-11-12T11:44:55","modified_gmt":"2024-11-12T10:44:55","slug":"punto-di-partenza-del-viaggio-di-volontariato-di-les-elfes-in-nepal","status":"publish","type":"post","link":"https:\/\/www.leselfes.com\/it\/punto-di-partenza-del-viaggio-di-volontariato-di-les-elfes-in-nepal\/","title":{"rendered":"Punto di partenza del viaggio di volontariato di Les Elfes in Nepal"},"content":{"rendered":"<h3><span style=\"color: #f68549;\">Viaggio di volontariato di Les Elfes all&#8217;Associazione Annapurna Nepal con Emma Cros e Andrew Robarts<\/span><\/h3>\n<h5>Arrivo a Kathmandu<\/h5>\n<p>Il nostro viaggio in Nepal \u00e8 iniziato il 21 aprile 2015 quando siamo partiti dall&#8217;aeroporto di Ginevra per raggiungere Kathmandu via Istanbul. I primi due giorni del nostro viaggio li abbiamo trascorsi a Kathmandu, dove abbiamo avuto l&#8217;opportunit\u00e0 di sistemare varie cose come telefoni cellulari, biglietti dell&#8217;autobus, abbigliamento ecc. Abbiamo anche avuto l&#8217;opportunit\u00e0 di esplorare la capitale e di visitare alcuni dei luoghi pi\u00f9 famosi della citt\u00e0, come Durbar Square e Swayambhunath (il Tempio delle Scimmie).  <\/p>\n<h5>Viaggio a Pokhara<\/h5>\n<p>La giornata del 24 aprile \u00e8 iniziata presto: abbiamo iniziato un viaggio di 8 ore in autobus da Kathmandu alla citt\u00e0 di Pokhara, dove si trova l&#8217;Associazione Annapurna Nepal (AAN). All&#8217;arrivo a Pokhara siamo stati accolti da Milan, che \u00e8 il &#8220;padre dell&#8217;ostello&#8221; e si occupa degli eventi quotidiani dell&#8217;AAN. Ci ha condotto all&#8217;Hotel Elia, a Lakeside, Pokhara, che sar\u00e0 la nostra casa per le prossime 3 settimane. Abbiamo trascorso il resto della giornata a disfare le valigie e a scoprire le strade che circondano la nostra nuova casa.   <\/p>\n<h5>Un caloroso benvenuto da parte dei bambini<\/h5>\n<p>Abbiamo incontrato Milan fuori dal nostro hotel la mattina presto e abbiamo camminato con lui fino alla sede dell&#8217;Associazione, una passeggiata di circa 20 minuti. Al nostro arrivo abbiamo ricevuto un caloroso benvenuto dai bambini dell&#8217;AAN, che erano tutti a casa perch\u00e9 il sabato non c&#8217;\u00e8 scuola per loro. Ci hanno presentato i bambini individualmente e abbiamo trascorso un po&#8217; di tempo a conoscere meglio ciascuno di loro. Poi ci hanno mostrato la casa e ci hanno spiegato le faccende quotidiane, che consistono in varie cose come spazzare, pulire, andare a prendere l&#8217;acqua e lavare i piatti, solo per citarne alcune.   <\/p>\n<h5><span style=\"color: #f68549;\">Il tragico terremoto<\/span><\/h5>\n<p>Una volta terminate le faccende domestiche, ci siamo lanciati in una partita competitiva a nascondino con i bambini, che per\u00f2 \u00e8 stata interrotta all&#8217;improvviso dal tragico terremoto che ha causato molti danni al paese e alla sua popolazione. Ci siamo precipitati fuori e abbiamo trovato un posto sicuro in strada dove siamo rimasti tutti insieme mentre il terremoto di magnitudo 7,9 continuava a scuotere la terra intorno a noi per oltre un minuto. Fortunatamente non ci sono stati danni alle propriet\u00e0 e, cosa pi\u00f9 importante, nessuno dei bambini \u00e8 rimasto ferito dal disastro naturale. Ci \u00e8 stato consigliato di non stare in casa perch\u00e9 le scosse di assestamento continuavano a diffondersi nel paese, cos\u00ec abbiamo trascorso il resto della giornata lavorando nell&#8217;orto per distrarci dagli eventi che si erano appena verificati.<br \/>\n[one_half]\n<h5>La scuola \u00e8 chiusa&#8230;<br \/>\n\u00c8 tempo di giochi emozionanti&#8230; <\/h5>\n<p>Il governo ha sospeso la scuola per la settimana successiva perch\u00e9 aveva bisogno di tempo per ispezionare gli edifici scolastici e fornire aiuto alle persone colpite dal terremoto. Questo significava che i bambini sarebbero rimasti a casa per tutta la settimana, quindi abbiamo ideato una serie di attivit\u00e0 diverse per mantenere i bambini attivi e divertenti durante questo periodo. Abbiamo introdotto i bambini ad alcuni dei classici giochi di Les Elfes, come: tieni la carta, sedie musicali, balloon pop, penna nella bottiglia e passa l&#8217;arancia. Per rendere questi giochi un po&#8217; pi\u00f9 eccitanti, abbiamo diviso i bambini in squadre e abbiamo organizzato una premiazione alla fine di ogni giornata in cui abbiamo assegnato dolci e cioccolatini alle squadre vincitrici.   <\/p>\n<h5>Apprendimento<\/h5>\n<p>Abbiamo anche ospitato alcune classi diverse in cui abbiamo potuto insegnare e discutere di vari argomenti con i bambini. Una di queste lezioni era basata sui terremoti. Abbiamo insegnato ai bambini come e perch\u00e9 si verificano i terremoti e abbiamo anche fornito loro una piattaforma per condividere i loro pensieri sull&#8217;intera situazione e su come si sono sentiti durante il periodo del terremoto. Un&#8217;altra classe era incentrata sugli affari e sull&#8217;imprenditorialit\u00e0. Dopo aver fornito ai ragazzi alcune nozioni di economia aziendale, li abbiamo divisi in squadre e li abbiamo sfidati a proporre una nuova idea imprenditoriale da gestire in Nepal. Le idee erano davvero impressionanti ed entrambe le squadre si sono distinte nelle loro presentazioni, ma alla fine della giornata solo una squadra poteva essere la vincitrice ed \u00e8 stata premiata con alcuni meritati riconoscimenti.<\/p>\n<h5>Attivit\u00e0 all&#8217;aperto<\/h5>\n<p>Gran parte della settimana \u00e8 stata trascorsa all&#8217;aperto con i bambini, grazie alle splendide condizioni atmosferiche. Abbiamo trascorso un po&#8217; di tempo a riordinare e a piantare alcune nuove colture nell&#8217;orto, nonch\u00e9 a raccogliere le foglie nella foresta che vengono utilizzate per fare il compost per il giardino. Alcuni pomeriggi sono stati dedicati a insegnare ai bambini pi\u00f9 piccoli ad andare in bicicletta, mentre la maggior parte dei bambini pi\u00f9 grandi ci ha dimostrato di aver gi\u00e0 imparato l&#8217;arte del ciclismo. Uno dei momenti salienti della settimana \u00e8 stata una giornata dedicata al trekking su una delle tante colline che circondano Pokhara. Durante il tragitto verso la cima ci siamo imbattuti in un allevamento di bachi da seta, dove abbiamo trascorso un po&#8217; di tempo a conoscere i processi di produzione della seta. All&#8217;arrivo in cima abbiamo trascorso un po&#8217; di tempo giocando, dopodich\u00e9 abbiamo dato sfogo alla nostra creativit\u00e0 artistica e ci siamo messi a dipingere il bellissimo paesaggio che ci circondava. La giornata si \u00e8 conclusa con un fantastico picnic che \u00e8 stato apprezzato da tutti prima di fare una rilassante passeggiata lungo la collina fino alla casa dei bambini.        [\/one_half] [one_half last=&#8221;last&#8221;]\n[\/one_half]\n<h5>La scuola \u00e8 aperta<\/h5>\n<p>La scuola \u00e8 iniziata il 5 maggio; siamo arrivati a casa nostra questa mattina presto per aiutare i bambini a prepararsi per la giornata. Non c&#8217;\u00e8 stato bisogno di molto aiuto, perch\u00e9 i bambini erano cos\u00ec ansiosi di andare a scuola e di condividere con i loro amici le storie del terremoto e della loro settimana di vacanza. Erano tutti ordinati nelle loro uniformi, con i libri pronti e le borse pronte, tutto ci\u00f2 che restava da fare era finire la colazione e prendere l&#8217;autobus per la scuola. Dopo che se ne sono andati, abbiamo riordinato la casa e siamo tornati al lungolago per riposare e goderci un po&#8217; di tempo libero intorno al lago. Siamo tornati in serata per ascoltare i racconti dei bambini sulla loro giornata a scuola e abbiamo trascorso la maggior parte della serata ad aiutarli a fare i compiti. Una volta terminati i compiti, ci siamo seduti davanti alla televisione per un po&#8217; prima di gustare il Dal Bhat, un delizioso pasto tradizionale nepalese. Abbiamo poi augurato ai bambini la buonanotte e siamo tornati in bicicletta all&#8217;hotel per un buon riposo notturno. Il resto della settimana scolastica ha seguito uno schema simile, anche se abbiamo trascorso un po&#8217; di tempo a lavorare con Milan e suo fratello Dhan su varie questioni relative al terremoto. Hanno deciso che vorrebbero che l&#8217;AAN partecipasse ai soccorsi per il terremoto e fornisse supporto a coloro che vivono nelle aree devastate dal sisma. Abbiamo trascorso un po&#8217; di tempo a collaborare alla stesura di alcune email che potessero essere utilizzate per sensibilizzare l&#8217;opinione pubblica sui soccorsi e per fornire informazioni su come contribuire all&#8217;iniziativa attraverso le donazioni.      <\/p>\n[one_half]\n<h5>A met\u00e0 strada del viaggio<\/h5>\n<p>Siamo giunti a met\u00e0 del nostro soggiorno in Nepal e abbiamo gi\u00e0 imparato molto da questa fantastica esperienza. Il Nepal \u00e8 un paese incredibile che ha molto da offrire sotto molti punti di vista. Il paese \u00e8 fondato su una cultura cos\u00ec coinvolgente da essere quasi travolgente e la gente \u00e8 tra le pi\u00f9 amichevoli del mondo. Non vediamo l&#8217;ora di sfruttare al meglio il poco tempo che ci resta in Nepal e di condividerlo con i fantastici bambini che sono il cuore e l&#8217;anima dell&#8217;Associazione Annapurna Nepal.   <\/p>\n<h5>Informazioni e ringraziamenti speciali<\/h5>\n<p>Per maggiori informazioni sull&#8217;Associazione Annapurna Nepal visita il sito web: www.annapurna.ch<br \/>\nSe vuoi contribuire agli aiuti per il terremoto dell&#8217;Associazione contatta Dhan Adhikari &#8211; asso.annapurna@gmail.com o Milan Adhikari &#8211; milan.adhikari11@yahoo.com e riceverai maggiori informazioni. Un enorme ringraziamento a Les Elfes, e a Philippe in particolare, per averci offerto questa straordinaria opportunit\u00e0 di visitare il Nepal e di avere un impatto positivo sulla vita dei bambini dell&#8217;Associazione Annapurna Nepal.<\/p>\n[\/one_half] [one_half last=&#8221;last&#8221;]\n[\/one_half]\n\n","protected":false},"excerpt":{"rendered":"<p>Viaggio di volontariato di Les Elfes all&#8217;Associazione Annapurna Nepal con Emma Cros e Andrew Robarts Arrivo a Kathmandu Il nostro viaggio in Nepal \u00e8 iniziato il 21 aprile 2015 quando&#8230;<\/p>\n","protected":false},"author":6,"featured_media":70552,"comment_status":"closed","ping_status":"open","sticky":false,"template":"","format":"standard","meta":{"_acf_changed":false,"inline_featured_image":false,"footnotes":""},"categories":[1392,1393],"tags":[],"class_list":{"0":"post-90443","1":"post","2":"type-post","3":"status-publish","4":"format-standard","5":"has-post-thumbnail","7":"category-notizie","8":"category-responsabilita-sociale"},"acf":[],"yoast_head":"<!-- This site is optimized with the Yoast SEO Premium plugin v24.2 (Yoast SEO v24.7) - https:\/\/yoast.com\/wordpress\/plugins\/seo\/ -->\n<title>Punto di partenza del viaggio di volontariato di Les Elfes in Nepal - Les Elfes International Camps Switzerland<\/title>\n<meta name=\"robots\" content=\"index, follow, max-snippet:-1, max-image-preview:large, max-video-preview:-1\" \/>\n<link rel=\"canonical\" href=\"https:\/\/www.leselfes.com\/it\/punto-di-partenza-del-viaggio-di-volontariato-di-les-elfes-in-nepal\/\" \/>\n<meta property=\"og:locale\" content=\"it_IT\" \/>\n<meta property=\"og:type\" content=\"article\" \/>\n<meta property=\"og:title\" content=\"Punto di partenza del viaggio di volontariato di Les Elfes in Nepal\" \/>\n<meta property=\"og:description\" content=\"Viaggio di volontariato di Les Elfes all&#8217;Associazione Annapurna Nepal con Emma Cros e Andrew Robarts Arrivo a Kathmandu Il nostro viaggio in Nepal \u00e8 iniziato il 21 aprile 2015 quando...\" \/>\n<meta property=\"og:url\" content=\"https:\/\/www.leselfes.com\/it\/punto-di-partenza-del-viaggio-di-volontariato-di-les-elfes-in-nepal\/\" \/>\n<meta property=\"og:site_name\" content=\"Les Elfes International Camps Switzerland\" \/>\n<meta property=\"article:publisher\" content=\"https:\/\/www.facebook.com\/LesElfesVerbier\" \/>\n<meta property=\"article:published_time\" content=\"2015-05-08T16:11:49+00:00\" \/>\n<meta property=\"article:modified_time\" content=\"2024-11-12T10:44:55+00:00\" \/>\n<meta property=\"og:image\" content=\"https:\/\/dev.leselfes.com\/wp-content\/uploads\/2015\/05\/40.jpg\" \/>\n\t<meta property=\"og:image:width\" content=\"1200\" \/>\n\t<meta property=\"og:image:height\" content=\"900\" \/>\n\t<meta property=\"og:image:type\" content=\"image\/jpeg\" \/>\n<meta name=\"author\" content=\"carlotta\" \/>\n<meta name=\"twitter:card\" content=\"summary_large_image\" \/>\n<meta name=\"twitter:creator\" content=\"@LesElfesCamps\" \/>\n<meta name=\"twitter:site\" content=\"@LesElfesCamps\" \/>\n<meta name=\"twitter:label1\" content=\"Scritto da\" \/>\n\t<meta name=\"twitter:data1\" content=\"carlotta\" \/>\n\t<meta name=\"twitter:label2\" content=\"Tempo di lettura stimato\" \/>\n\t<meta name=\"twitter:data2\" content=\"7 minuti\" \/>\n<script type=\"application\/ld+json\" class=\"yoast-schema-graph\">{\"@context\":\"https:\/\/schema.org\",\"@graph\":[{\"@type\":\"Article\",\"@id\":\"https:\/\/www.leselfes.com\/it\/punto-di-partenza-del-viaggio-di-volontariato-di-les-elfes-in-nepal\/#article\",\"isPartOf\":{\"@id\":\"https:\/\/www.leselfes.com\/it\/punto-di-partenza-del-viaggio-di-volontariato-di-les-elfes-in-nepal\/\"},\"author\":{\"name\":\"carlotta\",\"@id\":\"https:\/\/dev.leselfes.com\/#\/schema\/person\/9e8c1c68ef43ed5c58fa46ac5d8ee338\"},\"headline\":\"Punto di partenza del viaggio di volontariato di Les Elfes in Nepal\",\"datePublished\":\"2015-05-08T16:11:49+00:00\",\"dateModified\":\"2024-11-12T10:44:55+00:00\",\"mainEntityOfPage\":{\"@id\":\"https:\/\/www.leselfes.com\/it\/punto-di-partenza-del-viaggio-di-volontariato-di-les-elfes-in-nepal\/\"},\"wordCount\":1386,\"publisher\":{\"@id\":\"https:\/\/dev.leselfes.com\/#organization\"},\"image\":{\"@id\":\"https:\/\/www.leselfes.com\/it\/punto-di-partenza-del-viaggio-di-volontariato-di-les-elfes-in-nepal\/#primaryimage\"},\"thumbnailUrl\":\"https:\/\/www.leselfes.com\/wp-content\/uploads\/2015\/05\/40.jpg\",\"articleSection\":[\"Notizie\",\"Responsabilit\u00e0 sociale\"],\"inLanguage\":\"it-IT\"},{\"@type\":\"WebPage\",\"@id\":\"https:\/\/www.leselfes.com\/it\/punto-di-partenza-del-viaggio-di-volontariato-di-les-elfes-in-nepal\/\",\"url\":\"https:\/\/www.leselfes.com\/it\/punto-di-partenza-del-viaggio-di-volontariato-di-les-elfes-in-nepal\/\",\"name\":\"Punto di partenza del viaggio di volontariato di Les Elfes in Nepal - Les Elfes International Camps Switzerland\",\"isPartOf\":{\"@id\":\"https:\/\/dev.leselfes.com\/#website\"},\"primaryImageOfPage\":{\"@id\":\"https:\/\/www.leselfes.com\/it\/punto-di-partenza-del-viaggio-di-volontariato-di-les-elfes-in-nepal\/#primaryimage\"},\"image\":{\"@id\":\"https:\/\/www.leselfes.com\/it\/punto-di-partenza-del-viaggio-di-volontariato-di-les-elfes-in-nepal\/#primaryimage\"},\"thumbnailUrl\":\"https:\/\/www.leselfes.com\/wp-content\/uploads\/2015\/05\/40.jpg\",\"datePublished\":\"2015-05-08T16:11:49+00:00\",\"dateModified\":\"2024-11-12T10:44:55+00:00\",\"breadcrumb\":{\"@id\":\"https:\/\/www.leselfes.com\/it\/punto-di-partenza-del-viaggio-di-volontariato-di-les-elfes-in-nepal\/#breadcrumb\"},\"inLanguage\":\"it-IT\",\"potentialAction\":[{\"@type\":\"ReadAction\",\"target\":[\"https:\/\/www.leselfes.com\/it\/punto-di-partenza-del-viaggio-di-volontariato-di-les-elfes-in-nepal\/\"]}]},{\"@type\":\"ImageObject\",\"inLanguage\":\"it-IT\",\"@id\":\"https:\/\/www.leselfes.com\/it\/punto-di-partenza-del-viaggio-di-volontariato-di-les-elfes-in-nepal\/#primaryimage\",\"url\":\"https:\/\/www.leselfes.com\/wp-content\/uploads\/2015\/05\/40.jpg\",\"contentUrl\":\"https:\/\/www.leselfes.com\/wp-content\/uploads\/2015\/05\/40.jpg\",\"width\":1200,\"height\":900},{\"@type\":\"BreadcrumbList\",\"@id\":\"https:\/\/www.leselfes.com\/it\/punto-di-partenza-del-viaggio-di-volontariato-di-les-elfes-in-nepal\/#breadcrumb\",\"itemListElement\":[{\"@type\":\"ListItem\",\"position\":1,\"name\":\"Home\",\"item\":\"https:\/\/www.leselfes.com\/it\/\"},{\"@type\":\"ListItem\",\"position\":2,\"name\":\"Punto di partenza del viaggio di volontariato di Les Elfes in Nepal\"}]},{\"@type\":\"WebSite\",\"@id\":\"https:\/\/dev.leselfes.com\/#website\",\"url\":\"https:\/\/dev.leselfes.com\/\",\"name\":\"Les Elfes International\",\"description\":\"Les Elfes International, Verbier Switzerland. Summer Camp, Winter Camp, Spring Camps.\",\"publisher\":{\"@id\":\"https:\/\/dev.leselfes.com\/#organization\"},\"alternateName\":\"Les Elfes International\",\"potentialAction\":[{\"@type\":\"SearchAction\",\"target\":{\"@type\":\"EntryPoint\",\"urlTemplate\":\"https:\/\/dev.leselfes.com\/?s={search_term_string}\"},\"query-input\":{\"@type\":\"PropertyValueSpecification\",\"valueRequired\":true,\"valueName\":\"search_term_string\"}}],\"inLanguage\":\"it-IT\"},{\"@type\":\"Organization\",\"@id\":\"https:\/\/dev.leselfes.com\/#organization\",\"name\":\"Les Elfes International\",\"alternateName\":\"Les Elfes International\",\"url\":\"https:\/\/dev.leselfes.com\/\",\"logo\":{\"@type\":\"ImageObject\",\"inLanguage\":\"it-IT\",\"@id\":\"https:\/\/dev.leselfes.com\/#\/schema\/logo\/image\/\",\"url\":\"https:\/\/www.leselfes.com\/wp-content\/uploads\/2022\/03\/leselfes-logo.png\",\"contentUrl\":\"https:\/\/www.leselfes.com\/wp-content\/uploads\/2022\/03\/leselfes-logo.png\",\"width\":233,\"height\":51,\"caption\":\"Les Elfes International\"},\"image\":{\"@id\":\"https:\/\/dev.leselfes.com\/#\/schema\/logo\/image\/\"},\"sameAs\":[\"https:\/\/www.facebook.com\/LesElfesVerbier\",\"https:\/\/x.com\/LesElfesCamps\",\"https:\/\/www.instagram.com\/leselfes\",\"https:\/\/www.linkedin.com\/company\/les-elfes-international\",\"https:\/\/www.youtube.com\/user\/LesElfesVerbier\"]},{\"@type\":\"Person\",\"@id\":\"https:\/\/dev.leselfes.com\/#\/schema\/person\/9e8c1c68ef43ed5c58fa46ac5d8ee338\",\"name\":\"carlotta\",\"image\":{\"@type\":\"ImageObject\",\"inLanguage\":\"it-IT\",\"@id\":\"https:\/\/dev.leselfes.com\/#\/schema\/person\/image\/\",\"url\":\"https:\/\/secure.gravatar.com\/avatar\/fdb243a028df450397b3632d862f87f6?s=96&d=mm&r=g\",\"contentUrl\":\"https:\/\/secure.gravatar.com\/avatar\/fdb243a028df450397b3632d862f87f6?s=96&d=mm&r=g\",\"caption\":\"carlotta\"},\"description\":\"Since 1987, Les Elfes International organizes ski trips &amp; field trips for leading schools around the world as well as winter &amp; summer camps for individual students aged between 6 y.o. and 17 y.o. from more than 60 nationalities. Welcoming 5'000 children and more than 200 schools a year from December until the end of October, Les Elfes has become a leading provider in the individual and school\u2019s trip industry. Our Winter and Summer Camps, ski and field trips provide more than just great activities and experiences. We introduce lifelong skills such as communicating with others without phone or laptop and understanding the value of living in a community away from home. Moreover, campers will be able to build a strong friend network and fortify the relationship among future classmates.\",\"sameAs\":[\"https:\/\/www.linkedin.com\/company\/les-elfes-international\/\"],\"url\":\"https:\/\/www.leselfes.com\/it\/author\/carlotta\/\"}]}<\/script>\n<!-- \/ Yoast SEO Premium plugin. -->","yoast_head_json":{"title":"Punto di partenza del viaggio di volontariato di Les Elfes in Nepal - Les Elfes International Camps Switzerland","robots":{"index":"index","follow":"follow","max-snippet":"max-snippet:-1","max-image-preview":"max-image-preview:large","max-video-preview":"max-video-preview:-1"},"canonical":"https:\/\/www.leselfes.com\/it\/punto-di-partenza-del-viaggio-di-volontariato-di-les-elfes-in-nepal\/","og_locale":"it_IT","og_type":"article","og_title":"Punto di partenza del viaggio di volontariato di Les Elfes in Nepal","og_description":"Viaggio di volontariato di Les Elfes all&#8217;Associazione Annapurna Nepal con Emma Cros e Andrew Robarts Arrivo a Kathmandu Il nostro viaggio in Nepal \u00e8 iniziato il 21 aprile 2015 quando...","og_url":"https:\/\/www.leselfes.com\/it\/punto-di-partenza-del-viaggio-di-volontariato-di-les-elfes-in-nepal\/","og_site_name":"Les Elfes International Camps Switzerland","article_publisher":"https:\/\/www.facebook.com\/LesElfesVerbier","article_published_time":"2015-05-08T16:11:49+00:00","article_modified_time":"2024-11-12T10:44:55+00:00","og_image":[{"width":1200,"height":900,"url":"https:\/\/dev.leselfes.com\/wp-content\/uploads\/2015\/05\/40.jpg","type":"image\/jpeg"}],"author":"carlotta","twitter_card":"summary_large_image","twitter_creator":"@LesElfesCamps","twitter_site":"@LesElfesCamps","twitter_misc":{"Scritto da":"carlotta","Tempo di lettura stimato":"7 minuti"},"schema":{"@context":"https:\/\/schema.org","@graph":[{"@type":"Article","@id":"https:\/\/www.leselfes.com\/it\/punto-di-partenza-del-viaggio-di-volontariato-di-les-elfes-in-nepal\/#article","isPartOf":{"@id":"https:\/\/www.leselfes.com\/it\/punto-di-partenza-del-viaggio-di-volontariato-di-les-elfes-in-nepal\/"},"author":{"name":"carlotta","@id":"https:\/\/dev.leselfes.com\/#\/schema\/person\/9e8c1c68ef43ed5c58fa46ac5d8ee338"},"headline":"Punto di partenza del viaggio di volontariato di Les Elfes in Nepal","datePublished":"2015-05-08T16:11:49+00:00","dateModified":"2024-11-12T10:44:55+00:00","mainEntityOfPage":{"@id":"https:\/\/www.leselfes.com\/it\/punto-di-partenza-del-viaggio-di-volontariato-di-les-elfes-in-nepal\/"},"wordCount":1386,"publisher":{"@id":"https:\/\/dev.leselfes.com\/#organization"},"image":{"@id":"https:\/\/www.leselfes.com\/it\/punto-di-partenza-del-viaggio-di-volontariato-di-les-elfes-in-nepal\/#primaryimage"},"thumbnailUrl":"https:\/\/www.leselfes.com\/wp-content\/uploads\/2015\/05\/40.jpg","articleSection":["Notizie","Responsabilit\u00e0 sociale"],"inLanguage":"it-IT"},{"@type":"WebPage","@id":"https:\/\/www.leselfes.com\/it\/punto-di-partenza-del-viaggio-di-volontariato-di-les-elfes-in-nepal\/","url":"https:\/\/www.leselfes.com\/it\/punto-di-partenza-del-viaggio-di-volontariato-di-les-elfes-in-nepal\/","name":"Punto di partenza del viaggio di volontariato di Les Elfes in Nepal - Les Elfes International Camps Switzerland","isPartOf":{"@id":"https:\/\/dev.leselfes.com\/#website"},"primaryImageOfPage":{"@id":"https:\/\/www.leselfes.com\/it\/punto-di-partenza-del-viaggio-di-volontariato-di-les-elfes-in-nepal\/#primaryimage"},"image":{"@id":"https:\/\/www.leselfes.com\/it\/punto-di-partenza-del-viaggio-di-volontariato-di-les-elfes-in-nepal\/#primaryimage"},"thumbnailUrl":"https:\/\/www.leselfes.com\/wp-content\/uploads\/2015\/05\/40.jpg","datePublished":"2015-05-08T16:11:49+00:00","dateModified":"2024-11-12T10:44:55+00:00","breadcrumb":{"@id":"https:\/\/www.leselfes.com\/it\/punto-di-partenza-del-viaggio-di-volontariato-di-les-elfes-in-nepal\/#breadcrumb"},"inLanguage":"it-IT","potentialAction":[{"@type":"ReadAction","target":["https:\/\/www.leselfes.com\/it\/punto-di-partenza-del-viaggio-di-volontariato-di-les-elfes-in-nepal\/"]}]},{"@type":"ImageObject","inLanguage":"it-IT","@id":"https:\/\/www.leselfes.com\/it\/punto-di-partenza-del-viaggio-di-volontariato-di-les-elfes-in-nepal\/#primaryimage","url":"https:\/\/www.leselfes.com\/wp-content\/uploads\/2015\/05\/40.jpg","contentUrl":"https:\/\/www.leselfes.com\/wp-content\/uploads\/2015\/05\/40.jpg","width":1200,"height":900},{"@type":"BreadcrumbList","@id":"https:\/\/www.leselfes.com\/it\/punto-di-partenza-del-viaggio-di-volontariato-di-les-elfes-in-nepal\/#breadcrumb","itemListElement":[{"@type":"ListItem","position":1,"name":"Home","item":"https:\/\/www.leselfes.com\/it\/"},{"@type":"ListItem","position":2,"name":"Punto di partenza del viaggio di volontariato di Les Elfes in Nepal"}]},{"@type":"WebSite","@id":"https:\/\/dev.leselfes.com\/#website","url":"https:\/\/dev.leselfes.com\/","name":"Les Elfes International","description":"Les Elfes International, Verbier Switzerland. Summer Camp, Winter Camp, Spring Camps.","publisher":{"@id":"https:\/\/dev.leselfes.com\/#organization"},"alternateName":"Les Elfes International","potentialAction":[{"@type":"SearchAction","target":{"@type":"EntryPoint","urlTemplate":"https:\/\/dev.leselfes.com\/?s={search_term_string}"},"query-input":{"@type":"PropertyValueSpecification","valueRequired":true,"valueName":"search_term_string"}}],"inLanguage":"it-IT"},{"@type":"Organization","@id":"https:\/\/dev.leselfes.com\/#organization","name":"Les Elfes International","alternateName":"Les Elfes International","url":"https:\/\/dev.leselfes.com\/","logo":{"@type":"ImageObject","inLanguage":"it-IT","@id":"https:\/\/dev.leselfes.com\/#\/schema\/logo\/image\/","url":"https:\/\/www.leselfes.com\/wp-content\/uploads\/2022\/03\/leselfes-logo.png","contentUrl":"https:\/\/www.leselfes.com\/wp-content\/uploads\/2022\/03\/leselfes-logo.png","width":233,"height":51,"caption":"Les Elfes International"},"image":{"@id":"https:\/\/dev.leselfes.com\/#\/schema\/logo\/image\/"},"sameAs":["https:\/\/www.facebook.com\/LesElfesVerbier","https:\/\/x.com\/LesElfesCamps","https:\/\/www.instagram.com\/leselfes","https:\/\/www.linkedin.com\/company\/les-elfes-international","https:\/\/www.youtube.com\/user\/LesElfesVerbier"]},{"@type":"Person","@id":"https:\/\/dev.leselfes.com\/#\/schema\/person\/9e8c1c68ef43ed5c58fa46ac5d8ee338","name":"carlotta","image":{"@type":"ImageObject","inLanguage":"it-IT","@id":"https:\/\/dev.leselfes.com\/#\/schema\/person\/image\/","url":"https:\/\/secure.gravatar.com\/avatar\/fdb243a028df450397b3632d862f87f6?s=96&d=mm&r=g","contentUrl":"https:\/\/secure.gravatar.com\/avatar\/fdb243a028df450397b3632d862f87f6?s=96&d=mm&r=g","caption":"carlotta"},"description":"Since 1987, Les Elfes International organizes ski trips &amp; field trips for leading schools around the world as well as winter &amp; summer camps for individual students aged between 6 y.o. and 17 y.o. from more than 60 nationalities. Welcoming 5'000 children and more than 200 schools a year from December until the end of October, Les Elfes has become a leading provider in the individual and school\u2019s trip industry. Our Winter and Summer Camps, ski and field trips provide more than just great activities and experiences. We introduce lifelong skills such as communicating with others without phone or laptop and understanding the value of living in a community away from home. Moreover, campers will be able to build a strong friend network and fortify the relationship among future classmates.","sameAs":["https:\/\/www.linkedin.com\/company\/les-elfes-international\/"],"url":"https:\/\/www.leselfes.com\/it\/author\/carlotta\/"}]}},"_links":{"self":[{"href":"https:\/\/www.leselfes.com\/it\/wp-json\/wp\/v2\/posts\/90443"}],"collection":[{"href":"https:\/\/www.leselfes.com\/it\/wp-json\/wp\/v2\/posts"}],"about":[{"href":"https:\/\/www.leselfes.com\/it\/wp-json\/wp\/v2\/types\/post"}],"author":[{"embeddable":true,"href":"https:\/\/www.leselfes.com\/it\/wp-json\/wp\/v2\/users\/6"}],"replies":[{"embeddable":true,"href":"https:\/\/www.leselfes.com\/it\/wp-json\/wp\/v2\/comments?post=90443"}],"version-history":[{"count":0,"href":"https:\/\/www.leselfes.com\/it\/wp-json\/wp\/v2\/posts\/90443\/revisions"}],"wp:featuredmedia":[{"embeddable":true,"href":"https:\/\/www.leselfes.com\/it\/wp-json\/wp\/v2\/media\/70552"}],"wp:attachment":[{"href":"https:\/\/www.leselfes.com\/it\/wp-json\/wp\/v2\/media?parent=90443"}],"wp:term":[{"taxonomy":"category","embeddable":true,"href":"https:\/\/www.leselfes.com\/it\/wp-json\/wp\/v2\/categories?post=90443"},{"taxonomy":"post_tag","embeddable":true,"href":"https:\/\/www.leselfes.com\/it\/wp-json\/wp\/v2\/tags?post=90443"}],"curies":[{"name":"wp","href":"https:\/\/api.w.org\/{rel}","templated":true}]}}