{"id":90474,"date":"2019-06-13T10:46:40","date_gmt":"2019-06-13T08:46:40","guid":{"rendered":"https:\/\/www.leselfes.com\/organizzazione-del-viaggio\/"},"modified":"2024-11-12T11:45:30","modified_gmt":"2024-11-12T10:45:30","slug":"organizzazione-del-viaggio","status":"publish","type":"post","link":"https:\/\/www.leselfes.com\/it\/organizzazione-del-viaggio\/","title":{"rendered":"Organizzazione del viaggio"},"content":{"rendered":"<h3 style=\"text-align: justify;\"><strong>Come assicurarsi che i bambini raggiungano il campo in modo sicuro?<\/strong><\/h3>\n<p style=\"text-align: justify;\">Ogni anno migliaia di bambini e adolescenti vanno in vacanza senza i loro genitori e si divertono moltissimo e in totale sicurezza.<\/p>\n<p style=\"text-align: justify;\">Molti dei rischi associati ai bambini che volano da soli possono essere superati usando il buon senso e prendendo alcune precauzioni di base.<br \/>\nI seguenti consigli aiuteranno sia i bambini che viaggiano da soli sia coloro che ne sono responsabili ad affrontare molti dei problemi che si possono incontrare. <\/p>\n<h3 style=\"text-align: justify;\"><strong>10 domande frequenti<\/strong><\/h3>\n<ol style=\"text-align: justify;\">\n<li><strong>Come e dove accogliete i bambini che arrivano in aereo?<\/strong><br \/>\nLes Elfes accoglie i campeggiatori nella sala arrivi dell&#8217;aeroporto di Ginevra (GVA). Qui abbiamo il nostro ufficio. Il nostro staff, cordiale e disponibile, si prender\u00e0 subito cura dei ragazzi e li accompagner\u00e0 con il nostro autobus privato al campus. Entrambi i nostri campus sono facilmente raggiungibili in 1h50 dalla partenza dall&#8217;aeroporto di Ginevra.   <\/li>\n<li><strong>Posso accompagnare mio figlio al campus?<\/strong><br \/>\nS\u00ec! Siamo sempre molto felici di incontrare i genitori quando visitano il campo. Possiamo organizzare l&#8217;accoglienza e il trasferimento dei genitori. Puoi anche accompagnare tuo figlio al campus. Naturalmente ti forniremo i dettagli del viaggio.    <\/li>\n<li><strong>Se accompagno mio figlio al campeggio, posso fermarmi a dormire nelle vicinanze?<\/strong><br \/>\nAssolutamente s\u00ec. Possiamo consigliarti alcuni bellissimi hotel nella localit\u00e0. Potresti anche decidere di trascorrere le tue vacanze in Svizzera per goderti la pace delle Alpi o per scoprire la regione del lago di Ginevra.  <\/li>\n<li><strong>Ci sono orari di arrivo o di partenza preferiti?<\/strong><br \/>\nNo. Poich\u00e9 i bambini arrivano da tutto il mondo, l&#8217;orario di arrivo dipende dalle possibilit\u00e0 di volo. Les Elfes gestisce questo aspetto in modo molto flessibile. In ogni caso organizzeremo i trasferimenti in base agli orari dei voli dei bambini.   <\/li>\n<li><strong>Il tuo bambino dovrebbe volare da solo?<\/strong><br \/>\nIl bambino non accompagnato: Le compagnie aeree chiamano un bambino che vola da solo &#8220;minore non accompagnato&#8221; (UM). In genere, un bambino deve avere cinque anni per volare da solo e ogni compagnia aerea ha le proprie politiche, restrizioni e requisiti. La compagnia aerea richieder\u00e0 ai genitori il nome e il numero di telefono della persona che verr\u00e0 a prenderlo. Se necessario, ti forniremo tutte le informazioni necessarie. Una volta salito a bordo dell&#8217;aereo, il bambino viene affidato alle cure di un assistente di volo. Se si tratta di un volo senza scalo, l&#8217;assistente di volo trasferir\u00e0 il bambino all&#8217;adulto che lo attende nella citt\u00e0 di arrivo. Se il bambino deve prendere una coincidenza con un altro volo, l&#8217;assistente di volo lo accompagner\u00e0 dall&#8217;addetto al gate o dal dipendente dell&#8217;aeroporto che lo condurr\u00e0 al gate appropriato. Il bambino deve essere sempre accompagnato da un adulto della compagnia aerea o dell&#8217;aeroporto. A seconda del numero di tratte del viaggio, il bambino potrebbe essere affidato a diversi adulti. Se il bambino trascorrer\u00e0 un po&#8217; di tempo in aeroporto, la compagnia aerea potrebbe avere delle lounge speciali per UM dedicate ai bambini. Queste potrebbero non essere presenti in tutti gli aeroporti o disponibili presso tutte le compagnie aeree. L&#8217;addetto alla prenotazione sapr\u00e0 se ce n&#8217;\u00e8 una nell&#8217;aeroporto in cui viaggia il bambino.           <\/li>\n<li><strong>Quando un bambino \u00e8 pronto a volare da solo?<\/strong><br \/>\nI genitori sono i migliori giudici in questo senso. Il bambino \u00e8 a suo agio con gli estranei? \u00c8 in grado di tenere sotto controllo le sue cose, di seguire le indicazioni e di intrattenersi tranquillamente per lunghi periodi di tempo? La responsabilit\u00e0 che comporta volare da soli pu\u00f2 dare ai bambini un grande senso di indipendenza e sicurezza. Tuttavia, se un bambino \u00e8 insicuro di s\u00e9, timido o spaventato, volare pu\u00f2 essere un&#8217;esperienza spaventosa. I genitori possono contribuire ad alleviare l&#8217;ansia preparando il bambino in anticipo. Come in molte altre situazioni genitoriali, i bambini recepiscono i sentimenti dei genitori. Il bambino deve sapere cosa succeder\u00e0 in aeroporto, ai controlli di sicurezza, sull&#8217;aereo e a destinazione. Se deve cambiare aereo, i genitori devono assicurarsi che segua le indicazioni dell&#8217;assistente di volo o dell&#8217;addetto al gate.        <\/li>\n<li><strong>Il preimbarco \u00e8 diverso?<\/strong><br \/>\nIl giorno del viaggio, i genitori devono prevedere del tempo extra in aeroporto per compilare i documenti e passare i controlli di sicurezza. Alcune compagnie aeree chiedono ai genitori e agli UM di arrivare con tre ore di anticipo. L&#8217;agente di prenotazione pu\u00f2 fornire queste informazioni. I genitori possono passare i controlli di sicurezza fino al gate con il proprio figlio, ma non potranno salire a bordo dell&#8217;aereo con lui.   <\/li>\n<li><strong>Costi aggiuntivi?<\/strong><br \/>\nNon tutte le compagnie aeree applicano una tassa per il servizio UM, ma molte lo fanno. Il costo pu\u00f2 variare a seconda che il volo sia nazionale o internazionale e se ci sono coincidenze. Se due o pi\u00f9 bambini volano insieme, la tassa viene solitamente addebitata una sola volta.  <\/li>\n<li><strong>Atterraggi felici?<\/strong><br \/>\nLe compagnie aeree chiedono ai genitori di rimanere al gate fino a quando l&#8217;aereo non si \u00e8 allontanato dal gate, poich\u00e9 problemi meccanici o ritardi meteorologici potrebbero causare lo sbarco dei passeggeri. L&#8217;aereo dovrebbe essere gi\u00e0 in viaggio prima che gli adulti lascino il gate. Dovrebbe esserci un piano di riserva (o due) per andare a prendere il bambino a destinazione. Il bambino deve avere i nomi e i numeri di telefono delle persone che potrebbe dover chiamare.   <\/li>\n<\/ol>\n<p style=\"text-align: justify;\">Quando tuo figlio \u00e8 pronto a volare da solo, hai tutte le ragioni per aspettarti che sar\u00e0 un&#8217;esperienza positiva.<br \/>\nUn po&#8217; di preparazione e un&#8217;attenta pianificazione possono rendere il viaggio piacevole.<br \/>\nUn&#8217;opportunit\u00e0 per tuo figlio di spiegare le ali e volare!  <\/p>\n","protected":false},"excerpt":{"rendered":"<p>Come assicurarsi che i bambini raggiungano il campo in modo sicuro? Ogni anno migliaia di bambini e adolescenti vanno in vacanza senza i loro genitori e si divertono moltissimo e&#8230;<\/p>\n","protected":false},"author":6,"featured_media":0,"comment_status":"closed","ping_status":"open","sticky":false,"template":"","format":"standard","meta":{"_acf_changed":false,"inline_featured_image":false,"footnotes":""},"categories":[1424,1435],"tags":[1414,1472,1470,1471],"class_list":{"0":"post-90474","1":"post","2":"type-post","3":"status-publish","4":"format-standard","6":"category-consigli-per-i-genitori","7":"category-organizzazione-del-viaggio","8":"tag-campo-estivo","9":"tag-organizzazione-del-viaggio","10":"tag-prenotazione","11":"tag-volo"},"acf":[],"yoast_head":"<!-- This site is optimized with the Yoast SEO Premium plugin v24.2 (Yoast SEO v24.7) - https:\/\/yoast.com\/wordpress\/plugins\/seo\/ -->\n<title>Organizzazione del viaggio - Les Elfes International Camps Switzerland<\/title>\n<meta name=\"robots\" content=\"index, follow, max-snippet:-1, max-image-preview:large, max-video-preview:-1\" \/>\n<link rel=\"canonical\" href=\"https:\/\/www.leselfes.com\/it\/organizzazione-del-viaggio\/\" \/>\n<meta property=\"og:locale\" content=\"it_IT\" \/>\n<meta property=\"og:type\" content=\"article\" \/>\n<meta property=\"og:title\" content=\"Organizzazione del viaggio\" \/>\n<meta property=\"og:description\" content=\"Come assicurarsi che i bambini raggiungano il campo in modo sicuro? Ogni anno migliaia di bambini e adolescenti vanno in vacanza senza i loro genitori e si divertono moltissimo e...\" \/>\n<meta property=\"og:url\" content=\"https:\/\/www.leselfes.com\/it\/organizzazione-del-viaggio\/\" \/>\n<meta property=\"og:site_name\" content=\"Les Elfes International Camps Switzerland\" \/>\n<meta property=\"article:publisher\" content=\"https:\/\/www.facebook.com\/LesElfesVerbier\" \/>\n<meta property=\"article:published_time\" content=\"2019-06-13T08:46:40+00:00\" \/>\n<meta property=\"article:modified_time\" content=\"2024-11-12T10:45:30+00:00\" \/>\n<meta property=\"og:image\" content=\"https:\/\/www.leselfes.com\/wp-content\/uploads\/2022\/02\/Les-Elfes-International-summer-camp-Switzerland-Staff-Mobile-591x555-1.jpg\" \/>\n\t<meta property=\"og:image:width\" content=\"591\" \/>\n\t<meta property=\"og:image:height\" content=\"555\" \/>\n\t<meta property=\"og:image:type\" content=\"image\/jpeg\" \/>\n<meta name=\"author\" content=\"carlotta\" \/>\n<meta name=\"twitter:card\" content=\"summary_large_image\" \/>\n<meta name=\"twitter:creator\" content=\"@LesElfesCamps\" \/>\n<meta name=\"twitter:site\" content=\"@LesElfesCamps\" \/>\n<meta name=\"twitter:label1\" content=\"Scritto da\" \/>\n\t<meta name=\"twitter:data1\" content=\"carlotta\" \/>\n\t<meta name=\"twitter:label2\" content=\"Tempo di lettura stimato\" \/>\n\t<meta name=\"twitter:data2\" content=\"4 minuti\" \/>\n<script type=\"application\/ld+json\" class=\"yoast-schema-graph\">{\"@context\":\"https:\/\/schema.org\",\"@graph\":[{\"@type\":\"Article\",\"@id\":\"https:\/\/www.leselfes.com\/it\/organizzazione-del-viaggio\/#article\",\"isPartOf\":{\"@id\":\"https:\/\/www.leselfes.com\/it\/organizzazione-del-viaggio\/\"},\"author\":{\"name\":\"carlotta\",\"@id\":\"https:\/\/dev.leselfes.com\/#\/schema\/person\/9e8c1c68ef43ed5c58fa46ac5d8ee338\"},\"headline\":\"Organizzazione del viaggio\",\"datePublished\":\"2019-06-13T08:46:40+00:00\",\"dateModified\":\"2024-11-12T10:45:30+00:00\",\"mainEntityOfPage\":{\"@id\":\"https:\/\/www.leselfes.com\/it\/organizzazione-del-viaggio\/\"},\"wordCount\":920,\"publisher\":{\"@id\":\"https:\/\/dev.leselfes.com\/#organization\"},\"keywords\":[\"campo estivo\",\"organizzazione del viaggio\",\"prenotazione\",\"volo\"],\"articleSection\":[\"Consigli per i genitori\",\"Organizzazione del viaggio\"],\"inLanguage\":\"it-IT\"},{\"@type\":\"WebPage\",\"@id\":\"https:\/\/www.leselfes.com\/it\/organizzazione-del-viaggio\/\",\"url\":\"https:\/\/www.leselfes.com\/it\/organizzazione-del-viaggio\/\",\"name\":\"Organizzazione del viaggio - Les Elfes International Camps Switzerland\",\"isPartOf\":{\"@id\":\"https:\/\/dev.leselfes.com\/#website\"},\"datePublished\":\"2019-06-13T08:46:40+00:00\",\"dateModified\":\"2024-11-12T10:45:30+00:00\",\"breadcrumb\":{\"@id\":\"https:\/\/www.leselfes.com\/it\/organizzazione-del-viaggio\/#breadcrumb\"},\"inLanguage\":\"it-IT\",\"potentialAction\":[{\"@type\":\"ReadAction\",\"target\":[\"https:\/\/www.leselfes.com\/it\/organizzazione-del-viaggio\/\"]}]},{\"@type\":\"BreadcrumbList\",\"@id\":\"https:\/\/www.leselfes.com\/it\/organizzazione-del-viaggio\/#breadcrumb\",\"itemListElement\":[{\"@type\":\"ListItem\",\"position\":1,\"name\":\"Home\",\"item\":\"https:\/\/www.leselfes.com\/it\/\"},{\"@type\":\"ListItem\",\"position\":2,\"name\":\"Organizzazione del viaggio\"}]},{\"@type\":\"WebSite\",\"@id\":\"https:\/\/dev.leselfes.com\/#website\",\"url\":\"https:\/\/dev.leselfes.com\/\",\"name\":\"Les Elfes International\",\"description\":\"Les Elfes International, Verbier Switzerland. Summer Camp, Winter Camp, Spring Camps.\",\"publisher\":{\"@id\":\"https:\/\/dev.leselfes.com\/#organization\"},\"alternateName\":\"Les Elfes International\",\"potentialAction\":[{\"@type\":\"SearchAction\",\"target\":{\"@type\":\"EntryPoint\",\"urlTemplate\":\"https:\/\/dev.leselfes.com\/?s={search_term_string}\"},\"query-input\":{\"@type\":\"PropertyValueSpecification\",\"valueRequired\":true,\"valueName\":\"search_term_string\"}}],\"inLanguage\":\"it-IT\"},{\"@type\":\"Organization\",\"@id\":\"https:\/\/dev.leselfes.com\/#organization\",\"name\":\"Les Elfes International\",\"alternateName\":\"Les Elfes International\",\"url\":\"https:\/\/dev.leselfes.com\/\",\"logo\":{\"@type\":\"ImageObject\",\"inLanguage\":\"it-IT\",\"@id\":\"https:\/\/dev.leselfes.com\/#\/schema\/logo\/image\/\",\"url\":\"https:\/\/www.leselfes.com\/wp-content\/uploads\/2022\/03\/leselfes-logo.png\",\"contentUrl\":\"https:\/\/www.leselfes.com\/wp-content\/uploads\/2022\/03\/leselfes-logo.png\",\"width\":233,\"height\":51,\"caption\":\"Les Elfes International\"},\"image\":{\"@id\":\"https:\/\/dev.leselfes.com\/#\/schema\/logo\/image\/\"},\"sameAs\":[\"https:\/\/www.facebook.com\/LesElfesVerbier\",\"https:\/\/x.com\/LesElfesCamps\",\"https:\/\/www.instagram.com\/leselfes\",\"https:\/\/www.linkedin.com\/company\/les-elfes-international\",\"https:\/\/www.youtube.com\/user\/LesElfesVerbier\"]},{\"@type\":\"Person\",\"@id\":\"https:\/\/dev.leselfes.com\/#\/schema\/person\/9e8c1c68ef43ed5c58fa46ac5d8ee338\",\"name\":\"carlotta\",\"image\":{\"@type\":\"ImageObject\",\"inLanguage\":\"it-IT\",\"@id\":\"https:\/\/dev.leselfes.com\/#\/schema\/person\/image\/\",\"url\":\"https:\/\/secure.gravatar.com\/avatar\/fdb243a028df450397b3632d862f87f6?s=96&d=mm&r=g\",\"contentUrl\":\"https:\/\/secure.gravatar.com\/avatar\/fdb243a028df450397b3632d862f87f6?s=96&d=mm&r=g\",\"caption\":\"carlotta\"},\"description\":\"Since 1987, Les Elfes International organizes ski trips &amp; field trips for leading schools around the world as well as winter &amp; summer camps for individual students aged between 6 y.o. and 17 y.o. from more than 60 nationalities. Welcoming 5'000 children and more than 200 schools a year from December until the end of October, Les Elfes has become a leading provider in the individual and school\u2019s trip industry. Our Winter and Summer Camps, ski and field trips provide more than just great activities and experiences. We introduce lifelong skills such as communicating with others without phone or laptop and understanding the value of living in a community away from home. Moreover, campers will be able to build a strong friend network and fortify the relationship among future classmates.\",\"sameAs\":[\"https:\/\/www.linkedin.com\/company\/les-elfes-international\/\"],\"url\":\"https:\/\/www.leselfes.com\/it\/author\/carlotta\/\"}]}<\/script>\n<!-- \/ Yoast SEO Premium plugin. -->","yoast_head_json":{"title":"Organizzazione del viaggio - Les Elfes International Camps Switzerland","robots":{"index":"index","follow":"follow","max-snippet":"max-snippet:-1","max-image-preview":"max-image-preview:large","max-video-preview":"max-video-preview:-1"},"canonical":"https:\/\/www.leselfes.com\/it\/organizzazione-del-viaggio\/","og_locale":"it_IT","og_type":"article","og_title":"Organizzazione del viaggio","og_description":"Come assicurarsi che i bambini raggiungano il campo in modo sicuro? Ogni anno migliaia di bambini e adolescenti vanno in vacanza senza i loro genitori e si divertono moltissimo e...","og_url":"https:\/\/www.leselfes.com\/it\/organizzazione-del-viaggio\/","og_site_name":"Les Elfes International Camps Switzerland","article_publisher":"https:\/\/www.facebook.com\/LesElfesVerbier","article_published_time":"2019-06-13T08:46:40+00:00","article_modified_time":"2024-11-12T10:45:30+00:00","og_image":[{"width":591,"height":555,"url":"https:\/\/www.leselfes.com\/wp-content\/uploads\/2022\/02\/Les-Elfes-International-summer-camp-Switzerland-Staff-Mobile-591x555-1.jpg","type":"image\/jpeg"}],"author":"carlotta","twitter_card":"summary_large_image","twitter_creator":"@LesElfesCamps","twitter_site":"@LesElfesCamps","twitter_misc":{"Scritto da":"carlotta","Tempo di lettura stimato":"4 minuti"},"schema":{"@context":"https:\/\/schema.org","@graph":[{"@type":"Article","@id":"https:\/\/www.leselfes.com\/it\/organizzazione-del-viaggio\/#article","isPartOf":{"@id":"https:\/\/www.leselfes.com\/it\/organizzazione-del-viaggio\/"},"author":{"name":"carlotta","@id":"https:\/\/dev.leselfes.com\/#\/schema\/person\/9e8c1c68ef43ed5c58fa46ac5d8ee338"},"headline":"Organizzazione del viaggio","datePublished":"2019-06-13T08:46:40+00:00","dateModified":"2024-11-12T10:45:30+00:00","mainEntityOfPage":{"@id":"https:\/\/www.leselfes.com\/it\/organizzazione-del-viaggio\/"},"wordCount":920,"publisher":{"@id":"https:\/\/dev.leselfes.com\/#organization"},"keywords":["campo estivo","organizzazione del viaggio","prenotazione","volo"],"articleSection":["Consigli per i genitori","Organizzazione del viaggio"],"inLanguage":"it-IT"},{"@type":"WebPage","@id":"https:\/\/www.leselfes.com\/it\/organizzazione-del-viaggio\/","url":"https:\/\/www.leselfes.com\/it\/organizzazione-del-viaggio\/","name":"Organizzazione del viaggio - Les Elfes International Camps Switzerland","isPartOf":{"@id":"https:\/\/dev.leselfes.com\/#website"},"datePublished":"2019-06-13T08:46:40+00:00","dateModified":"2024-11-12T10:45:30+00:00","breadcrumb":{"@id":"https:\/\/www.leselfes.com\/it\/organizzazione-del-viaggio\/#breadcrumb"},"inLanguage":"it-IT","potentialAction":[{"@type":"ReadAction","target":["https:\/\/www.leselfes.com\/it\/organizzazione-del-viaggio\/"]}]},{"@type":"BreadcrumbList","@id":"https:\/\/www.leselfes.com\/it\/organizzazione-del-viaggio\/#breadcrumb","itemListElement":[{"@type":"ListItem","position":1,"name":"Home","item":"https:\/\/www.leselfes.com\/it\/"},{"@type":"ListItem","position":2,"name":"Organizzazione del viaggio"}]},{"@type":"WebSite","@id":"https:\/\/dev.leselfes.com\/#website","url":"https:\/\/dev.leselfes.com\/","name":"Les Elfes International","description":"Les Elfes International, Verbier Switzerland. Summer Camp, Winter Camp, Spring Camps.","publisher":{"@id":"https:\/\/dev.leselfes.com\/#organization"},"alternateName":"Les Elfes International","potentialAction":[{"@type":"SearchAction","target":{"@type":"EntryPoint","urlTemplate":"https:\/\/dev.leselfes.com\/?s={search_term_string}"},"query-input":{"@type":"PropertyValueSpecification","valueRequired":true,"valueName":"search_term_string"}}],"inLanguage":"it-IT"},{"@type":"Organization","@id":"https:\/\/dev.leselfes.com\/#organization","name":"Les Elfes International","alternateName":"Les Elfes International","url":"https:\/\/dev.leselfes.com\/","logo":{"@type":"ImageObject","inLanguage":"it-IT","@id":"https:\/\/dev.leselfes.com\/#\/schema\/logo\/image\/","url":"https:\/\/www.leselfes.com\/wp-content\/uploads\/2022\/03\/leselfes-logo.png","contentUrl":"https:\/\/www.leselfes.com\/wp-content\/uploads\/2022\/03\/leselfes-logo.png","width":233,"height":51,"caption":"Les Elfes International"},"image":{"@id":"https:\/\/dev.leselfes.com\/#\/schema\/logo\/image\/"},"sameAs":["https:\/\/www.facebook.com\/LesElfesVerbier","https:\/\/x.com\/LesElfesCamps","https:\/\/www.instagram.com\/leselfes","https:\/\/www.linkedin.com\/company\/les-elfes-international","https:\/\/www.youtube.com\/user\/LesElfesVerbier"]},{"@type":"Person","@id":"https:\/\/dev.leselfes.com\/#\/schema\/person\/9e8c1c68ef43ed5c58fa46ac5d8ee338","name":"carlotta","image":{"@type":"ImageObject","inLanguage":"it-IT","@id":"https:\/\/dev.leselfes.com\/#\/schema\/person\/image\/","url":"https:\/\/secure.gravatar.com\/avatar\/fdb243a028df450397b3632d862f87f6?s=96&d=mm&r=g","contentUrl":"https:\/\/secure.gravatar.com\/avatar\/fdb243a028df450397b3632d862f87f6?s=96&d=mm&r=g","caption":"carlotta"},"description":"Since 1987, Les Elfes International organizes ski trips &amp; field trips for leading schools around the world as well as winter &amp; summer camps for individual students aged between 6 y.o. and 17 y.o. from more than 60 nationalities. Welcoming 5'000 children and more than 200 schools a year from December until the end of October, Les Elfes has become a leading provider in the individual and school\u2019s trip industry. Our Winter and Summer Camps, ski and field trips provide more than just great activities and experiences. We introduce lifelong skills such as communicating with others without phone or laptop and understanding the value of living in a community away from home. Moreover, campers will be able to build a strong friend network and fortify the relationship among future classmates.","sameAs":["https:\/\/www.linkedin.com\/company\/les-elfes-international\/"],"url":"https:\/\/www.leselfes.com\/it\/author\/carlotta\/"}]}},"_links":{"self":[{"href":"https:\/\/www.leselfes.com\/it\/wp-json\/wp\/v2\/posts\/90474"}],"collection":[{"href":"https:\/\/www.leselfes.com\/it\/wp-json\/wp\/v2\/posts"}],"about":[{"href":"https:\/\/www.leselfes.com\/it\/wp-json\/wp\/v2\/types\/post"}],"author":[{"embeddable":true,"href":"https:\/\/www.leselfes.com\/it\/wp-json\/wp\/v2\/users\/6"}],"replies":[{"embeddable":true,"href":"https:\/\/www.leselfes.com\/it\/wp-json\/wp\/v2\/comments?post=90474"}],"version-history":[{"count":0,"href":"https:\/\/www.leselfes.com\/it\/wp-json\/wp\/v2\/posts\/90474\/revisions"}],"wp:attachment":[{"href":"https:\/\/www.leselfes.com\/it\/wp-json\/wp\/v2\/media?parent=90474"}],"wp:term":[{"taxonomy":"category","embeddable":true,"href":"https:\/\/www.leselfes.com\/it\/wp-json\/wp\/v2\/categories?post=90474"},{"taxonomy":"post_tag","embeddable":true,"href":"https:\/\/www.leselfes.com\/it\/wp-json\/wp\/v2\/tags?post=90474"}],"curies":[{"name":"wp","href":"https:\/\/api.w.org\/{rel}","templated":true}]}}