{"id":91684,"date":"2025-02-24T16:07:10","date_gmt":"2025-02-24T15:07:10","guid":{"rendered":"https:\/\/www.leselfes.com\/i-10-motivi-principali-per-mandare-i-tuoi-figli-in-un-campo-estivo-in-svizzera\/"},"modified":"2024-11-12T12:03:29","modified_gmt":"2024-11-12T11:03:29","slug":"i-10-motivi-principali-per-mandare-i-tuoi-figli-in-un-campo-estivo-in-svizzera","status":"publish","type":"post","link":"https:\/\/www.leselfes.com\/it\/i-10-motivi-principali-per-mandare-i-tuoi-figli-in-un-campo-estivo-in-svizzera\/","title":{"rendered":"I 10 motivi principali per mandare i tuoi figli in un campo estivo in Svizzera"},"content":{"rendered":"\n<p>Studi condotti dall&#8217;American Camp Association indicano che pi\u00f9 di 11 milioni di adulti e bambini frequentano i<a href=\"https:\/\/www.leselfes.com\/it\/?page_id=89264\"> campi estivi<\/a> solo negli Stati Uniti. Oggi il campeggio sta diventando popolare e molti genitori mandano i loro figli in campi estivi internazionali in Svizzera. Tuttavia, alcuni genitori non hanno ancora capito cosa c&#8217;\u00e8 dietro. Ecco i 10 motivi principali per mandare i tuoi figli in un campo estivo in Svizzera.   <\/p>\n\n<h2 class=\"wp-block-heading\">1. Fai amicizia con persone provenienti da diverse parti del mondo<\/h2>\n\n<p>I campi estivi ben organizzati espongono i tuoi figli a persone diverse provenienti da varie parti del mondo.\nRicorda che molti altri bambini parteciperanno a questi eventi ed \u00e8 probabile che i bambini interagiscano tra loro mentre si dedicano a una vasta gamma di attivit\u00e0.\nQuesto crea un&#8217;opportunit\u00e0 perfetta per creare un legame senza la supervisione dei genitori o addirittura senza distrazioni.  <\/p>\n\n<p>Questo tipo di amicizia non pu\u00f2 essere paragonata a quella che hanno con i loro colleghi di scuola.\nAnche se i campeggiatori si conosceranno solo per un breve periodo, questo potrebbe segnare il culmine di amicizie che dureranno per sempre.\nSviluppare e coltivare queste amicizie nei campi estivi aiuta i bambini a sviluppare nuove abilit\u00e0 sociali.  <\/p>\n\n<p>I tuoi figli tornano a casa pi\u00f9 sicuri di s\u00e9, un&#8217;abilit\u00e0 guadagnata che ovviamente gli sar\u00e0 utile per tutta la vita.\nI campi estivi internazionali in Svizzera espongono i tuoi figli a persone che non incontrano spesso e li aiutano a imparare la diversit\u00e0 e l&#8217;inclusione in modo pi\u00f9 organico e naturale. <\/p>\n\n<h2 class=\"wp-block-heading\">2. Esplora la Svizzera e le regioni limitrofe<\/h2>\n\n<p>A differenza delle generazioni precedenti che amavano la vita all&#8217;aria aperta, i bambini in Svizzera trascorrono pi\u00f9 tempo all&#8217;aria aperta.\nI campi estivi in Svizzera di ultima generazione li aiutano a riconnettersi con la natura.\nNon puoi ignorare l&#8217;importanza di un <a href=\"\">campo estivo che aiuta tuo figlio<\/a> a sperimentare e scoprire il mondo all&#8217;interno di un ambiente sicuro e di gruppo.  <\/p>\n\n<p>I tuoi figli faranno trekking nelle foreste o escursioni sulle Alpi e infine nuoteranno negli stagni e nei laghi mozzafiato della Svizzera.\nI tuoi figli si divertiranno a guardare le montagne innevate e rimarranno affascinati dall&#8217;eccezionale fauna e flora della Svizzera.\nSe hai portato i tuoi figli in un viaggio avventuroso, capirai quanto si stupiscano di cose apparentemente semplici come lepri, scoiattoli e persino rane.  <\/p>\n\n<p>Ora immagina quanto sar\u00e0 affascinante per loro vedere camosci, volpi, cervi e marmotte?\nSar\u00e0 un&#8217;esperienza senza precedenti.\nNon c&#8217;\u00e8 niente di pi\u00f9 emozionante che sentire tuo figlio raccontare con entusiasmo le avventure che ha vissuto durante i campi internazionali.  <\/p>\n\n<h2 class=\"wp-block-heading\">3. Mantenere la forma fisica<\/h2>\n\n<p>Quando i bambini si trovano in mezzo alla natura, hanno pi\u00f9 opportunit\u00e0 di rimanere fisicamente attivi.\nLa Svizzera offre alcuni degli scenari e dei paesaggi naturali pi\u00f9 mozzafiato che terranno occupati i tuoi figli.\nCi sono diverse attivit\u00e0 divertenti ed emozionanti a cui i tuoi figli possono partecipare mentre sono in Svizzera, come lo sci, il kayak, la canoa e persino il canyoning.  <\/p>\n\n<p>I tuoi figli si divertiranno di pi\u00f9 a scalare le montagne o a fare escursioni con i loro nuovi amici.\nCi saranno molte cose da imparare, come raccogliere legna da ardere, imparare ad accendere il fuoco e costruire tende.\nQueste attivit\u00e0 rigenereranno l&#8217;energia dei tuoi figli che torneranno a casa completamente rinnovati e con ricordi che dureranno tutta la vita.  <\/p>\n\n<h2 class=\"wp-block-heading\">4. Sperimentare nuove sfide e diventare pi\u00f9 indipendente<\/h2>\n\n<p>Quando andranno in campeggio estivo, non ci sarai tu a supervisionarli o a fare le cose al posto loro.\nMentre saranno sotto la guida dei loro supervisori, dovranno essere pi\u00f9 autonomi e adottare un nuovo approccio alla vita.\nDovranno imparare a pulirsi i vestiti, a rifarsi il letto, ad alzarsi da soli e a mantenere la pulizia.  <\/p>\n\n<p>Naturalmente dovranno attenersi agli orari stabiliti, ma ci\u00f2 non toglie che dovranno prendersi cura di loro stessi.\nIn questo modo i bambini che sono troppo attaccati ai genitori potranno sviluppare un senso di crescita e indipendenza che li aiuter\u00e0 in futuro.\nLa Svizzera offre una vasta gamma di eventi per bambini di tutte le et\u00e0 e l&#8217;esposizione a nuove sfide aiuter\u00e0 i bambini ad adottare una nuova prospettiva di vita.  <\/p>\n\n<h2 class=\"wp-block-heading\">5. Consolidare ci\u00f2 che hanno imparato a scuola<\/h2>\n\n<p>Durante le lunghe vacanze estive, \u00e8 probabile che i bambini dimentichino una grande percentuale di ci\u00f2 che imparano a scuola.\nTuttavia, alcuni studi suggeriscono che le<a href=\"\"> attivit\u00e0 didattiche estive <\/a>possono essere benefiche per gli studenti, che hanno maggiori probabilit\u00e0 di ricordare ci\u00f2 che hanno imparato durante gli entusiasmanti campi estivi. <\/p>\n\n<p>Molti dei <a href=\"https:\/\/www.leselfes.com\/it\/campo-estivo-per-adolescenti\/\">campi estivi<\/a> in Svizzera sono collegati a programmi scolastici estivi di cui fanno parte gli educatori. Ad esempio, i bambini possono essere sottoposti a una serie di attivit\u00e0 in classe al mattino, quando le loro menti sono fresche. In questo modo hanno l&#8217;opportunit\u00e0 di partecipare ad attivit\u00e0 di classe svolte con metodi divertenti e stimolanti.  <\/p>\n\n<p>I bambini saranno esposti a diverse attivit\u00e0 di apprendimento come l&#8217;architettura, la cucina, il design, l&#8217;apprendimento di nuove lingue, il teatro musicale, la fotografia e persino la comprensione della robotica.\nLa combinazione di apprendimento e divertimento aumenta la motivazione, la memoria e la cooperazione con gli altri studenti.\nInoltre, i tuoi figli saranno in grado di mettere in relazione le applicazioni del mondo reale con le conoscenze acquisite in classe.  <\/p>\n\n<h2 class=\"wp-block-heading\">6. Disconnettersi dalla tecnologia<\/h2>\n\n<p>Viviamo in un mondo avanzato in cui anche i bambini sono esperti di tecnologia.\nMolti bambini oggi si affidano alla tecnologia sia per le attivit\u00e0 scolastiche che per l&#8217;intrattenimento.\nInfatti, molti dei bambini che frequentano il campo avranno un iPad, un tablet, un computer portatile o addirittura uno smartphone.\nNon c&#8217;\u00e8 dubbio che molti bambini di oggi passino la maggior parte del tempo a giocare ai videogiochi o a guardare la televisione durante il loro tempo libero.   <\/p>\n\n<p>Certo, la tecnologia \u00e8 essenziale, ma passare un po&#8217; di tempo senza di essa non far\u00e0 male.\nConvincere i tuoi figli a stare lontani dalla TV o dai videogiochi a casa pu\u00f2 essere un compito arduo.\nQuando andranno ai campi estivi, avranno un accesso minimo o nullo ai gadget elettronici e questo li terr\u00e0 completamente occupati in altre attivit\u00e0, allontanandosi cos\u00ec dal mondo digitale per sperimentare la bont\u00e0 del mondo reale.  <\/p>\n\n<p>Sperimentando un mondo lontano dai loro gadget, i tuoi figli si abitueranno al fatto che c&#8217;\u00e8 molto di pi\u00f9 nella vita, al di fuori della TV e dei videogiochi.\nQuesto li incoragger\u00e0 a dedicarsi a hobby pi\u00f9 concreti piuttosto che passare tutto il tempo a guardare film o a giocare. <\/p>\n\n<h2 class=\"wp-block-heading\">7. Migliorare la fiducia e l&#8217;autostima<\/h2>\n\n<p>I campi introducono i tuoi figli a nuove attivit\u00e0 e compiti che non conoscono.\nI partecipanti al campo sono incoraggiati a svolgere compiti al di fuori della loro zona di comfort e ogni individuo deve partecipare ad attivit\u00e0 coinvolgenti e avventurose come le esibizioni di talento.\nQuando i bambini si trovano in un ambiente di sostegno con i loro supervisori e coetanei, capiscono che fallire non \u00e8 un crimine.  <\/p>\n\n<p>Ogni successo ottenuto sviluppa la loro autostima e la fiducia in se stessi.\nInoltre, sviluppano una nuova forma di resilienza, indipendenza e autostima che si manifesta sia durante il campo, sia nelle interazioni con i fratelli a casa e a scuola.\nAlla fine i tuoi figli diventano pi\u00f9 felici e pi\u00f9 interessati ad accettare nuove sfide e attivit\u00e0 che prima avrebbero avuto paura di intraprendere.  <\/p>\n\n<h2 class=\"wp-block-heading\">8. Sviluppare le capacit\u00e0 di leadership<\/h2>\n\n<p>I campi offrono diverse opportunit\u00e0 ai bambini per apprendere le capacit\u00e0 di leadership.\nDurante i campi estivi, i bambini vengono suddivisi in gruppi sociali e ogni bambino ha il compito di portare a termine compiti specifici.\nDevono creare il tempo per completare i loro compiti in tempo per l&#8217;ispezione, indipendentemente dal modo in cui lo fanno.\nPer questo motivo i campeggiatori dipendono dalla collaborazione reciproca per portare a termine le attivit\u00e0.   <\/p>\n\n<p>In questo modo, potranno mettere in pratica una serie di qualit\u00e0 e competenze che li renderanno ottimi leader.\nDurante i campi estivi in Svizzera, i tuoi figli avranno molte opportunit\u00e0 di prendere l&#8217;iniziativa.\nAd esempio, potrebbero essere incaricati di prendersi cura dei giovani campeggiatori e di aiutarli a portare a termine compiti difficili come capire una nuova lingua, rifare il letto o pulire la loro stanza.  <\/p>\n\n<h2 class=\"wp-block-heading\">9. Migliorare la loro prospettiva del mondo<\/h2>\n\n<p>I campi estivi in Svizzera danno ai bambini l&#8217;opportunit\u00e0 di incontrare e interagire con altri bambini provenienti da ambienti sociali diversi.\nIncontrano bambini che parlano lingue diverse e altri di razza e cultura diversa. <\/p>\n\n<p>Questo cambia il loro modo di vedere il mondo e la vita in generale.\nQueste interazioni rendono i tuoi figli pi\u00f9 aperti e pi\u00f9 interessati a <a href=\"\">conoscere altre culture <\/a>e a capire meglio il mondo. <\/p>\n\n<h2 class=\"wp-block-heading\">10. Il campo promuove la creativit\u00e0<\/h2>\n\n<p>Oggi il mondo sta cambiando.\nI bambini svolgono sempre pi\u00f9 attivit\u00e0 che in passato erano appannaggio degli esseri umani.\nI bambini diventano ogni giorno pi\u00f9 creativi e si dedicano ad attivit\u00e0 legate alla creativit\u00e0 come lo sviluppo di giochi per cellulari.  <\/p>\n\n<p>Durante i campi estivi in Svizzera, i tuoi figli avranno tantissime opportunit\u00e0 di esercitare la loro creativit\u00e0 senza paura di fallire o di ottenere voti inferiori alla media.\nQuando i tuoi figli sono in campeggio durante l&#8217;estate, le loro capacit\u00e0 non sono limitate.\nPossono dedicarsi a pi\u00f9 attivit\u00e0 creative possibili rispetto a quelle che possono fare a scuola.  <\/p>\n\n<h2 class=\"wp-block-heading\">Finalmente<\/h2>\n\n<p>Come genitore, lasciare che tuo figlio vada a fare un campo estivo in Svizzera pu\u00f2 essere un compito arduo.\nTuttavia, \u00e8 bene lasciarli andare per una o due settimane per permettere loro di dedicarsi ad altre attivit\u00e0 lontano dal comfort dei loro gadget elettronici.\nAndare in campeggio offre ai bambini un&#8217;ampia gamma di opportunit\u00e0 per scoprire nuove attivit\u00e0, diventare pi\u00f9 creativi e uscire dalla loro zona di comfort per esercitare le loro capacit\u00e0 senza temere di fallire.\nInoltre, far partecipare i tuoi figli ai campi estivi in Svizzera permette loro di apprezzare i loro genitori, i loro fratelli, la loro casa e le cose che spesso danno per scontate.   <\/p>\n","protected":false},"excerpt":{"rendered":"<p>Studi condotti dall&#8217;American Camp Association indicano che pi\u00f9 di 11 milioni di adulti e bambini frequentano i campi estivi solo negli Stati Uniti. Oggi il campeggio sta diventando popolare e&#8230;<\/p>\n","protected":false},"author":6,"featured_media":109320,"comment_status":"closed","ping_status":"open","sticky":false,"template":"","format":"standard","meta":{"_acf_changed":false,"inline_featured_image":false,"footnotes":""},"categories":[1353,1371],"tags":[],"class_list":{"0":"post-91684","1":"post","2":"type-post","3":"status-publish","4":"format-standard","5":"has-post-thumbnail","7":"category-articoli","8":"category-campo-estivo"},"acf":[],"yoast_head":"<!-- This site is optimized with the Yoast SEO Premium plugin v24.2 (Yoast SEO v24.7) - https:\/\/yoast.com\/wordpress\/plugins\/seo\/ -->\n<title>I 10 motivi principali per mandare i tuoi figli in un campo estivo in Svizzera - Les Elfes International Camps Switzerland<\/title>\n<meta name=\"robots\" content=\"index, follow, max-snippet:-1, max-image-preview:large, max-video-preview:-1\" \/>\n<link rel=\"canonical\" href=\"https:\/\/www.leselfes.com\/it\/i-10-motivi-principali-per-mandare-i-tuoi-figli-in-un-campo-estivo-in-svizzera\/\" \/>\n<meta property=\"og:locale\" content=\"it_IT\" \/>\n<meta property=\"og:type\" content=\"article\" \/>\n<meta property=\"og:title\" content=\"I 10 motivi principali per mandare i tuoi figli in un campo estivo in Svizzera\" \/>\n<meta property=\"og:description\" content=\"Studi condotti dall&#8217;American Camp Association indicano che pi\u00f9 di 11 milioni di adulti e bambini frequentano i campi estivi solo negli Stati Uniti. Oggi il campeggio sta diventando popolare e...\" \/>\n<meta property=\"og:url\" content=\"https:\/\/www.leselfes.com\/it\/i-10-motivi-principali-per-mandare-i-tuoi-figli-in-un-campo-estivo-in-svizzera\/\" \/>\n<meta property=\"og:site_name\" content=\"Les Elfes International Camps Switzerland\" \/>\n<meta property=\"article:publisher\" content=\"https:\/\/www.facebook.com\/LesElfesVerbier\" \/>\n<meta property=\"article:published_time\" content=\"2025-02-24T15:07:10+00:00\" \/>\n<meta property=\"og:image\" content=\"https:\/\/www.leselfes.com\/wp-content\/uploads\/2025\/02\/468A7567-min-scaled.jpg\" \/>\n\t<meta property=\"og:image:width\" content=\"2560\" \/>\n\t<meta property=\"og:image:height\" content=\"1707\" \/>\n\t<meta property=\"og:image:type\" content=\"image\/jpeg\" \/>\n<meta name=\"author\" content=\"carlotta\" \/>\n<meta name=\"twitter:card\" content=\"summary_large_image\" \/>\n<meta name=\"twitter:creator\" content=\"@LesElfesCamps\" \/>\n<meta name=\"twitter:site\" content=\"@LesElfesCamps\" \/>\n<meta name=\"twitter:label1\" content=\"Scritto da\" \/>\n\t<meta name=\"twitter:data1\" content=\"carlotta\" \/>\n\t<meta name=\"twitter:label2\" content=\"Tempo di lettura stimato\" \/>\n\t<meta name=\"twitter:data2\" content=\"8 minuti\" \/>\n<script type=\"application\/ld+json\" class=\"yoast-schema-graph\">{\"@context\":\"https:\/\/schema.org\",\"@graph\":[{\"@type\":\"Article\",\"@id\":\"https:\/\/www.leselfes.com\/it\/i-10-motivi-principali-per-mandare-i-tuoi-figli-in-un-campo-estivo-in-svizzera\/#article\",\"isPartOf\":{\"@id\":\"https:\/\/www.leselfes.com\/it\/i-10-motivi-principali-per-mandare-i-tuoi-figli-in-un-campo-estivo-in-svizzera\/\"},\"author\":{\"name\":\"carlotta\",\"@id\":\"https:\/\/dev.leselfes.com\/#\/schema\/person\/9e8c1c68ef43ed5c58fa46ac5d8ee338\"},\"headline\":\"I 10 motivi principali per mandare i tuoi figli in un campo estivo in Svizzera\",\"datePublished\":\"2025-02-24T15:07:10+00:00\",\"mainEntityOfPage\":{\"@id\":\"https:\/\/www.leselfes.com\/it\/i-10-motivi-principali-per-mandare-i-tuoi-figli-in-un-campo-estivo-in-svizzera\/\"},\"wordCount\":1665,\"publisher\":{\"@id\":\"https:\/\/dev.leselfes.com\/#organization\"},\"image\":{\"@id\":\"https:\/\/www.leselfes.com\/it\/i-10-motivi-principali-per-mandare-i-tuoi-figli-in-un-campo-estivo-in-svizzera\/#primaryimage\"},\"thumbnailUrl\":\"https:\/\/www.leselfes.com\/wp-content\/uploads\/2025\/02\/468A7567-min-scaled.jpg\",\"articleSection\":[\"Articoli\",\"Campo estivo\"],\"inLanguage\":\"it-IT\"},{\"@type\":\"WebPage\",\"@id\":\"https:\/\/www.leselfes.com\/it\/i-10-motivi-principali-per-mandare-i-tuoi-figli-in-un-campo-estivo-in-svizzera\/\",\"url\":\"https:\/\/www.leselfes.com\/it\/i-10-motivi-principali-per-mandare-i-tuoi-figli-in-un-campo-estivo-in-svizzera\/\",\"name\":\"I 10 motivi principali per mandare i tuoi figli in un campo estivo in Svizzera - Les Elfes International Camps Switzerland\",\"isPartOf\":{\"@id\":\"https:\/\/dev.leselfes.com\/#website\"},\"primaryImageOfPage\":{\"@id\":\"https:\/\/www.leselfes.com\/it\/i-10-motivi-principali-per-mandare-i-tuoi-figli-in-un-campo-estivo-in-svizzera\/#primaryimage\"},\"image\":{\"@id\":\"https:\/\/www.leselfes.com\/it\/i-10-motivi-principali-per-mandare-i-tuoi-figli-in-un-campo-estivo-in-svizzera\/#primaryimage\"},\"thumbnailUrl\":\"https:\/\/www.leselfes.com\/wp-content\/uploads\/2025\/02\/468A7567-min-scaled.jpg\",\"datePublished\":\"2025-02-24T15:07:10+00:00\",\"breadcrumb\":{\"@id\":\"https:\/\/www.leselfes.com\/it\/i-10-motivi-principali-per-mandare-i-tuoi-figli-in-un-campo-estivo-in-svizzera\/#breadcrumb\"},\"inLanguage\":\"it-IT\",\"potentialAction\":[{\"@type\":\"ReadAction\",\"target\":[\"https:\/\/www.leselfes.com\/it\/i-10-motivi-principali-per-mandare-i-tuoi-figli-in-un-campo-estivo-in-svizzera\/\"]}]},{\"@type\":\"ImageObject\",\"inLanguage\":\"it-IT\",\"@id\":\"https:\/\/www.leselfes.com\/it\/i-10-motivi-principali-per-mandare-i-tuoi-figli-in-un-campo-estivo-in-svizzera\/#primaryimage\",\"url\":\"https:\/\/www.leselfes.com\/wp-content\/uploads\/2025\/02\/468A7567-min-scaled.jpg\",\"contentUrl\":\"https:\/\/www.leselfes.com\/wp-content\/uploads\/2025\/02\/468A7567-min-scaled.jpg\",\"width\":2560,\"height\":1707},{\"@type\":\"BreadcrumbList\",\"@id\":\"https:\/\/www.leselfes.com\/it\/i-10-motivi-principali-per-mandare-i-tuoi-figli-in-un-campo-estivo-in-svizzera\/#breadcrumb\",\"itemListElement\":[{\"@type\":\"ListItem\",\"position\":1,\"name\":\"Home\",\"item\":\"https:\/\/www.leselfes.com\/it\/\"},{\"@type\":\"ListItem\",\"position\":2,\"name\":\"I 10 motivi principali per mandare i tuoi figli in un campo estivo in Svizzera\"}]},{\"@type\":\"WebSite\",\"@id\":\"https:\/\/dev.leselfes.com\/#website\",\"url\":\"https:\/\/dev.leselfes.com\/\",\"name\":\"Les Elfes International\",\"description\":\"Les Elfes International, Verbier Switzerland. Summer Camp, Winter Camp, Spring Camps.\",\"publisher\":{\"@id\":\"https:\/\/dev.leselfes.com\/#organization\"},\"alternateName\":\"Les Elfes International\",\"potentialAction\":[{\"@type\":\"SearchAction\",\"target\":{\"@type\":\"EntryPoint\",\"urlTemplate\":\"https:\/\/dev.leselfes.com\/?s={search_term_string}\"},\"query-input\":{\"@type\":\"PropertyValueSpecification\",\"valueRequired\":true,\"valueName\":\"search_term_string\"}}],\"inLanguage\":\"it-IT\"},{\"@type\":\"Organization\",\"@id\":\"https:\/\/dev.leselfes.com\/#organization\",\"name\":\"Les Elfes International\",\"alternateName\":\"Les Elfes International\",\"url\":\"https:\/\/dev.leselfes.com\/\",\"logo\":{\"@type\":\"ImageObject\",\"inLanguage\":\"it-IT\",\"@id\":\"https:\/\/dev.leselfes.com\/#\/schema\/logo\/image\/\",\"url\":\"https:\/\/www.leselfes.com\/wp-content\/uploads\/2022\/03\/leselfes-logo.png\",\"contentUrl\":\"https:\/\/www.leselfes.com\/wp-content\/uploads\/2022\/03\/leselfes-logo.png\",\"width\":233,\"height\":51,\"caption\":\"Les Elfes International\"},\"image\":{\"@id\":\"https:\/\/dev.leselfes.com\/#\/schema\/logo\/image\/\"},\"sameAs\":[\"https:\/\/www.facebook.com\/LesElfesVerbier\",\"https:\/\/x.com\/LesElfesCamps\",\"https:\/\/www.instagram.com\/leselfes\",\"https:\/\/www.linkedin.com\/company\/les-elfes-international\",\"https:\/\/www.youtube.com\/user\/LesElfesVerbier\"]},{\"@type\":\"Person\",\"@id\":\"https:\/\/dev.leselfes.com\/#\/schema\/person\/9e8c1c68ef43ed5c58fa46ac5d8ee338\",\"name\":\"carlotta\",\"image\":{\"@type\":\"ImageObject\",\"inLanguage\":\"it-IT\",\"@id\":\"https:\/\/dev.leselfes.com\/#\/schema\/person\/image\/\",\"url\":\"https:\/\/secure.gravatar.com\/avatar\/fdb243a028df450397b3632d862f87f6?s=96&d=mm&r=g\",\"contentUrl\":\"https:\/\/secure.gravatar.com\/avatar\/fdb243a028df450397b3632d862f87f6?s=96&d=mm&r=g\",\"caption\":\"carlotta\"},\"description\":\"Since 1987, Les Elfes International organizes ski trips &amp; field trips for leading schools around the world as well as winter &amp; summer camps for individual students aged between 6 y.o. and 17 y.o. from more than 60 nationalities. Welcoming 5'000 children and more than 200 schools a year from December until the end of October, Les Elfes has become a leading provider in the individual and school\u2019s trip industry. Our Winter and Summer Camps, ski and field trips provide more than just great activities and experiences. We introduce lifelong skills such as communicating with others without phone or laptop and understanding the value of living in a community away from home. Moreover, campers will be able to build a strong friend network and fortify the relationship among future classmates.\",\"sameAs\":[\"https:\/\/www.linkedin.com\/company\/les-elfes-international\/\"],\"url\":\"https:\/\/www.leselfes.com\/it\/author\/carlotta\/\"}]}<\/script>\n<!-- \/ Yoast SEO Premium plugin. -->","yoast_head_json":{"title":"I 10 motivi principali per mandare i tuoi figli in un campo estivo in Svizzera - Les Elfes International Camps Switzerland","robots":{"index":"index","follow":"follow","max-snippet":"max-snippet:-1","max-image-preview":"max-image-preview:large","max-video-preview":"max-video-preview:-1"},"canonical":"https:\/\/www.leselfes.com\/it\/i-10-motivi-principali-per-mandare-i-tuoi-figli-in-un-campo-estivo-in-svizzera\/","og_locale":"it_IT","og_type":"article","og_title":"I 10 motivi principali per mandare i tuoi figli in un campo estivo in Svizzera","og_description":"Studi condotti dall&#8217;American Camp Association indicano che pi\u00f9 di 11 milioni di adulti e bambini frequentano i campi estivi solo negli Stati Uniti. Oggi il campeggio sta diventando popolare e...","og_url":"https:\/\/www.leselfes.com\/it\/i-10-motivi-principali-per-mandare-i-tuoi-figli-in-un-campo-estivo-in-svizzera\/","og_site_name":"Les Elfes International Camps Switzerland","article_publisher":"https:\/\/www.facebook.com\/LesElfesVerbier","article_published_time":"2025-02-24T15:07:10+00:00","og_image":[{"width":2560,"height":1707,"url":"https:\/\/www.leselfes.com\/wp-content\/uploads\/2025\/02\/468A7567-min-scaled.jpg","type":"image\/jpeg"}],"author":"carlotta","twitter_card":"summary_large_image","twitter_creator":"@LesElfesCamps","twitter_site":"@LesElfesCamps","twitter_misc":{"Scritto da":"carlotta","Tempo di lettura stimato":"8 minuti"},"schema":{"@context":"https:\/\/schema.org","@graph":[{"@type":"Article","@id":"https:\/\/www.leselfes.com\/it\/i-10-motivi-principali-per-mandare-i-tuoi-figli-in-un-campo-estivo-in-svizzera\/#article","isPartOf":{"@id":"https:\/\/www.leselfes.com\/it\/i-10-motivi-principali-per-mandare-i-tuoi-figli-in-un-campo-estivo-in-svizzera\/"},"author":{"name":"carlotta","@id":"https:\/\/dev.leselfes.com\/#\/schema\/person\/9e8c1c68ef43ed5c58fa46ac5d8ee338"},"headline":"I 10 motivi principali per mandare i tuoi figli in un campo estivo in Svizzera","datePublished":"2025-02-24T15:07:10+00:00","mainEntityOfPage":{"@id":"https:\/\/www.leselfes.com\/it\/i-10-motivi-principali-per-mandare-i-tuoi-figli-in-un-campo-estivo-in-svizzera\/"},"wordCount":1665,"publisher":{"@id":"https:\/\/dev.leselfes.com\/#organization"},"image":{"@id":"https:\/\/www.leselfes.com\/it\/i-10-motivi-principali-per-mandare-i-tuoi-figli-in-un-campo-estivo-in-svizzera\/#primaryimage"},"thumbnailUrl":"https:\/\/www.leselfes.com\/wp-content\/uploads\/2025\/02\/468A7567-min-scaled.jpg","articleSection":["Articoli","Campo estivo"],"inLanguage":"it-IT"},{"@type":"WebPage","@id":"https:\/\/www.leselfes.com\/it\/i-10-motivi-principali-per-mandare-i-tuoi-figli-in-un-campo-estivo-in-svizzera\/","url":"https:\/\/www.leselfes.com\/it\/i-10-motivi-principali-per-mandare-i-tuoi-figli-in-un-campo-estivo-in-svizzera\/","name":"I 10 motivi principali per mandare i tuoi figli in un campo estivo in Svizzera - Les Elfes International Camps Switzerland","isPartOf":{"@id":"https:\/\/dev.leselfes.com\/#website"},"primaryImageOfPage":{"@id":"https:\/\/www.leselfes.com\/it\/i-10-motivi-principali-per-mandare-i-tuoi-figli-in-un-campo-estivo-in-svizzera\/#primaryimage"},"image":{"@id":"https:\/\/www.leselfes.com\/it\/i-10-motivi-principali-per-mandare-i-tuoi-figli-in-un-campo-estivo-in-svizzera\/#primaryimage"},"thumbnailUrl":"https:\/\/www.leselfes.com\/wp-content\/uploads\/2025\/02\/468A7567-min-scaled.jpg","datePublished":"2025-02-24T15:07:10+00:00","breadcrumb":{"@id":"https:\/\/www.leselfes.com\/it\/i-10-motivi-principali-per-mandare-i-tuoi-figli-in-un-campo-estivo-in-svizzera\/#breadcrumb"},"inLanguage":"it-IT","potentialAction":[{"@type":"ReadAction","target":["https:\/\/www.leselfes.com\/it\/i-10-motivi-principali-per-mandare-i-tuoi-figli-in-un-campo-estivo-in-svizzera\/"]}]},{"@type":"ImageObject","inLanguage":"it-IT","@id":"https:\/\/www.leselfes.com\/it\/i-10-motivi-principali-per-mandare-i-tuoi-figli-in-un-campo-estivo-in-svizzera\/#primaryimage","url":"https:\/\/www.leselfes.com\/wp-content\/uploads\/2025\/02\/468A7567-min-scaled.jpg","contentUrl":"https:\/\/www.leselfes.com\/wp-content\/uploads\/2025\/02\/468A7567-min-scaled.jpg","width":2560,"height":1707},{"@type":"BreadcrumbList","@id":"https:\/\/www.leselfes.com\/it\/i-10-motivi-principali-per-mandare-i-tuoi-figli-in-un-campo-estivo-in-svizzera\/#breadcrumb","itemListElement":[{"@type":"ListItem","position":1,"name":"Home","item":"https:\/\/www.leselfes.com\/it\/"},{"@type":"ListItem","position":2,"name":"I 10 motivi principali per mandare i tuoi figli in un campo estivo in Svizzera"}]},{"@type":"WebSite","@id":"https:\/\/dev.leselfes.com\/#website","url":"https:\/\/dev.leselfes.com\/","name":"Les Elfes International","description":"Les Elfes International, Verbier Switzerland. Summer Camp, Winter Camp, Spring Camps.","publisher":{"@id":"https:\/\/dev.leselfes.com\/#organization"},"alternateName":"Les Elfes International","potentialAction":[{"@type":"SearchAction","target":{"@type":"EntryPoint","urlTemplate":"https:\/\/dev.leselfes.com\/?s={search_term_string}"},"query-input":{"@type":"PropertyValueSpecification","valueRequired":true,"valueName":"search_term_string"}}],"inLanguage":"it-IT"},{"@type":"Organization","@id":"https:\/\/dev.leselfes.com\/#organization","name":"Les Elfes International","alternateName":"Les Elfes International","url":"https:\/\/dev.leselfes.com\/","logo":{"@type":"ImageObject","inLanguage":"it-IT","@id":"https:\/\/dev.leselfes.com\/#\/schema\/logo\/image\/","url":"https:\/\/www.leselfes.com\/wp-content\/uploads\/2022\/03\/leselfes-logo.png","contentUrl":"https:\/\/www.leselfes.com\/wp-content\/uploads\/2022\/03\/leselfes-logo.png","width":233,"height":51,"caption":"Les Elfes International"},"image":{"@id":"https:\/\/dev.leselfes.com\/#\/schema\/logo\/image\/"},"sameAs":["https:\/\/www.facebook.com\/LesElfesVerbier","https:\/\/x.com\/LesElfesCamps","https:\/\/www.instagram.com\/leselfes","https:\/\/www.linkedin.com\/company\/les-elfes-international","https:\/\/www.youtube.com\/user\/LesElfesVerbier"]},{"@type":"Person","@id":"https:\/\/dev.leselfes.com\/#\/schema\/person\/9e8c1c68ef43ed5c58fa46ac5d8ee338","name":"carlotta","image":{"@type":"ImageObject","inLanguage":"it-IT","@id":"https:\/\/dev.leselfes.com\/#\/schema\/person\/image\/","url":"https:\/\/secure.gravatar.com\/avatar\/fdb243a028df450397b3632d862f87f6?s=96&d=mm&r=g","contentUrl":"https:\/\/secure.gravatar.com\/avatar\/fdb243a028df450397b3632d862f87f6?s=96&d=mm&r=g","caption":"carlotta"},"description":"Since 1987, Les Elfes International organizes ski trips &amp; field trips for leading schools around the world as well as winter &amp; summer camps for individual students aged between 6 y.o. and 17 y.o. from more than 60 nationalities. Welcoming 5'000 children and more than 200 schools a year from December until the end of October, Les Elfes has become a leading provider in the individual and school\u2019s trip industry. Our Winter and Summer Camps, ski and field trips provide more than just great activities and experiences. We introduce lifelong skills such as communicating with others without phone or laptop and understanding the value of living in a community away from home. Moreover, campers will be able to build a strong friend network and fortify the relationship among future classmates.","sameAs":["https:\/\/www.linkedin.com\/company\/les-elfes-international\/"],"url":"https:\/\/www.leselfes.com\/it\/author\/carlotta\/"}]}},"_links":{"self":[{"href":"https:\/\/www.leselfes.com\/it\/wp-json\/wp\/v2\/posts\/91684"}],"collection":[{"href":"https:\/\/www.leselfes.com\/it\/wp-json\/wp\/v2\/posts"}],"about":[{"href":"https:\/\/www.leselfes.com\/it\/wp-json\/wp\/v2\/types\/post"}],"author":[{"embeddable":true,"href":"https:\/\/www.leselfes.com\/it\/wp-json\/wp\/v2\/users\/6"}],"replies":[{"embeddable":true,"href":"https:\/\/www.leselfes.com\/it\/wp-json\/wp\/v2\/comments?post=91684"}],"version-history":[{"count":1,"href":"https:\/\/www.leselfes.com\/it\/wp-json\/wp\/v2\/posts\/91684\/revisions"}],"predecessor-version":[{"id":109501,"href":"https:\/\/www.leselfes.com\/it\/wp-json\/wp\/v2\/posts\/91684\/revisions\/109501"}],"wp:featuredmedia":[{"embeddable":true,"href":"https:\/\/www.leselfes.com\/it\/wp-json\/wp\/v2\/media\/109320"}],"wp:attachment":[{"href":"https:\/\/www.leselfes.com\/it\/wp-json\/wp\/v2\/media?parent=91684"}],"wp:term":[{"taxonomy":"category","embeddable":true,"href":"https:\/\/www.leselfes.com\/it\/wp-json\/wp\/v2\/categories?post=91684"},{"taxonomy":"post_tag","embeddable":true,"href":"https:\/\/www.leselfes.com\/it\/wp-json\/wp\/v2\/tags?post=91684"}],"curies":[{"name":"wp","href":"https:\/\/api.w.org\/{rel}","templated":true}]}}