{"id":92294,"date":"2021-05-12T09:09:52","date_gmt":"2021-05-12T07:09:52","guid":{"rendered":"https:\/\/www.leselfes.com\/%e2%98%80%ef%b8%8f-il-campo-estivo-di-les-elfes-iniziera-molto-presto\/"},"modified":"2024-11-12T12:16:10","modified_gmt":"2024-11-12T11:16:10","slug":"%e2%98%80%ef%b8%8f-il-campo-estivo-di-les-elfes-iniziera-molto-presto","status":"publish","type":"post","link":"https:\/\/www.leselfes.com\/it\/%e2%98%80%ef%b8%8f-il-campo-estivo-di-les-elfes-iniziera-molto-presto\/","title":{"rendered":"\u2600\ufe0f Il campo estivo di Les Elfes inizier\u00e0 molto presto!"},"content":{"rendered":"<p><strong>Cari genitori,<\/strong><\/p>\n<p>  Il campo invernale sta per concludersi e vorremmo ringraziare tutti i nostri campeggiatori.<br \/>\n\u00c8 stata un&#8217;esperienza fantastica.   <!-- \/wp:paragraph -->Con molte scuole sottoposte a restrizioni, molti dei nostri campeggiatori non hanno potuto partecipare ad attivit\u00e0 di gruppo e sportive.<br \/>\nA Les Elfes, i campeggiatori hanno partecipato ad attivit\u00e0 di gruppo e sport all&#8217;aperto di vitale importanza.<br \/>\nLo sci e lo snowboard sono molto utili e le montagne in questa stagione non hanno deluso con condizioni di neve ideali per tutta la stagione.    <\/p>\n<p>Offriamo la cancellazione gratuita con rimborso completo in qualsiasi momento.<\/p>\n<p>Con l&#8217;allentamento delle restrizioni in Svizzera per diverse altre strutture, i campeggiatori hanno potuto visitare destinazioni interessanti, dalla visita guidata al Castello di Chillon all&#8217;emozionante Museo della Comunicazione di Berna: la combinazione di cultura, sport e apprendimento \u00e8 stata pi\u00f9 popolare che mai.<\/p>\n<p>\n<!-- \/wp:paragraph --><br \/>\n\t\t\t\t\t\t\t\t\t\t\t\t<img decoding=\"async\" width=\"534\" height=\"665\" src=\"https:\/\/www.leselfes.com\/wp-content\/uploads\/2021\/03\/Les-Elfes-Winter-Camp-Verbier-Snowboarding-Low-1.jpg\" alt=\"Campo invernale Les Elfes - Kids on Snowboard\" loading=\"lazy\" srcset=\"https:\/\/www.leselfes.com\/wp-content\/uploads\/2021\/03\/Les-Elfes-Winter-Camp-Verbier-Snowboarding-Low-1.jpg 534w, https:\/\/www.leselfes.com\/wp-content\/uploads\/2021\/03\/Les-Elfes-Winter-Camp-Verbier-Snowboarding-Low-1-241x300.jpg 241w\" sizes=\"(max-width: 534px) 100vw, 534px\">\t\t\t\t\t\t\t\t\t\t\t\t\t\t<\/p>\n<p><strong>Cosa c&#8217;\u00e8 di nuovo?<br \/>\nModifiche alla lista rossa <\/strong><\/p>\n<p>Covid ha certamente cambiato il nostro modo di operare e lo far\u00e0 anche nel prossimo futuro.<br \/>\nLa grande notizia \u00e8 che dalla riapertura di Les Elfes nel luglio dello scorso anno siamo rimasti COVID-FREE, con molti campeggiatori che sono stati sottoposti a test, oltre a test regolari per il nostro personale.<br \/>\nI controlli regolari della temperatura, l&#8217;allontanamento sociale, le maschere, i protocolli igienici pi\u00f9 elevati, per citare solo alcune delle misure adottate, stanno chiaramente funzionando.<br \/>\nQuesto ci d\u00e0 fiducia in vista dell&#8217;estate, dove si spera che con l&#8217;introduzione del vaccino si possa permettere a un maggior numero di campeggiatori di viaggiare senza periodi di quarantena, ad esempio nel Regno Unito e negli Emirati Arabi Uniti, essendo recentemente usciti dalla &#8220;lista rossa&#8221; della quarantena per la Svizzera.     <\/p>\n<p><!-- \/wp:paragraph --><\/p>\n<p>\t\t\t<a href=\"https:\/\/www.leselfes.com\/contact-quote-request\/\" target=\"_blank\" role=\"button\" rel=\"noopener\">  CONTATTI  <\/a><br \/>\n\t\t<strong>E i campi estivi?<br \/>\nApriamo il 13 giugno! <\/strong><\/p>\n<p>  Il campo estivo non sarebbe entusiasmante senza nuove attivit\u00e0, e quest&#8217;anno le novit\u00e0 non mancano.  <!-- \/wp:paragraph --><br \/>\n\t\t\t\t\t\t\t\t\t\t\t\t<img decoding=\"async\" width=\"600\" height=\"430\" src=\"https:\/\/www.leselfes.com\/wp-content\/uploads\/2021\/05\/Alaia-Bay-newsletter-low.jpg\" alt=\"Campo estivo Les Elfes - Baia di Alaia per il surf a sion\" loading=\"lazy\" srcset=\"https:\/\/www.leselfes.com\/wp-content\/uploads\/2021\/05\/Alaia-Bay-newsletter-low.jpg 600w, https:\/\/www.leselfes.com\/wp-content\/uploads\/2021\/05\/Alaia-Bay-newsletter-low-300x215.jpg 300w\" sizes=\"(max-width: 600px) 100vw, 600px\">\t\t\t\t\t\t\t\t\t\t\t\t\t\t<\/p>\n<p>Il surf all&#8217;Alais Bay di Sion ha generato una vera e propria emozione: poter imparare a fare surf in Svizzera non \u00e8 qualcosa che avremmo mai pensato possibile, ma al contrario!<\/p>\n<\/p>\n<p>Ti piace costruire razzi, robot e droni?<br \/>\nI Tech Labs sono esperti in questo e quest&#8217;estate porteranno il loro team per una giornata di costruzione e programmazione robotica.   <\/p>\n<p>\t\t\t\t\t\t\t\t\t\t\t\t<img decoding=\"async\" width=\"528\" height=\"432\" src=\"https:\/\/www.leselfes.com\/wp-content\/uploads\/2021\/05\/images-newsletter-tech.png\" alt=\"newsletter tech\" loading=\"lazy\" srcset=\"https:\/\/www.leselfes.com\/wp-content\/uploads\/2021\/05\/images-newsletter-tech.png 528w, https:\/\/www.leselfes.com\/wp-content\/uploads\/2021\/05\/images-newsletter-tech-300x245.png 300w\" sizes=\"(max-width: 528px) 100vw, 528px\"><br \/>\n\t\t\t\t\t\t\t\t\t\t\t\t<img decoding=\"async\" width=\"601\" height=\"563\" src=\"https:\/\/www.leselfes.com\/wp-content\/uploads\/2021\/05\/Champex-lac-Newsletter.jpg\" alt=\"Campo estivo Les Elfes - Champex lac\" loading=\"lazy\" srcset=\"https:\/\/www.leselfes.com\/wp-content\/uploads\/2021\/05\/Champex-lac-Newsletter.jpg 601w, https:\/\/www.leselfes.com\/wp-content\/uploads\/2021\/05\/Champex-lac-Newsletter-300x281.jpg 300w\" sizes=\"(max-width: 601px) 100vw, 601px\">\t\t\t\t\t\t\t\t\t\t\t\t\t\t<\/p>\n<p>Saranno offerte anche le nuove destinazioni Cabane a Champex Lac, che offrono paesaggi mozzafiato e avventure nei boschi in montagna a breve distanza da Verbier.<\/p>\n<\/p>\n<p>Quest&#8217;anno i campeggiatori potranno fare una zip line dal monte Fort, a 3330 metri sul livello del mare.<br \/>\nDalla cima si gode di una vista mozzafiato sul Cervino a Zermatt e sul Monte Bianco a Chamonix. <\/p>\n<p>\t\t\t\t\t\t\t\t\t\t\t\t<img decoding=\"async\" width=\"573\" height=\"414\" src=\"https:\/\/www.leselfes.com\/wp-content\/uploads\/2021\/05\/Mt-Fort-Zipline-Newsletter-1.jpg\" alt=\"Campo estivo Les Elfes - Fipline Mobile\" loading=\"lazy\" srcset=\"https:\/\/www.leselfes.com\/wp-content\/uploads\/2021\/05\/Mt-Fort-Zipline-Newsletter-1.jpg 573w, https:\/\/www.leselfes.com\/wp-content\/uploads\/2021\/05\/Mt-Fort-Zipline-Newsletter-1-300x217.jpg 300w\" sizes=\"(max-width: 573px) 100vw, 573px\"><br \/>\n\t\t\t<a href=\"https:\/\/www.leselfes.com\/it\/campo-estivo\/#new-activities\" target=\"_blank\" role=\"button\" rel=\"noopener\">  SCOPRI DI PI\u00d9  <\/a><br \/>\n\t\t\t\t\t\t\t\t\t\t\t\t<img decoding=\"async\" width=\"640\" height=\"443\" src=\"https:\/\/www.leselfes.com\/wp-content\/uploads\/2020\/07\/Kid-Covid.jpg\" alt=\"\" loading=\"lazy\" srcset=\"https:\/\/www.leselfes.com\/wp-content\/uploads\/2020\/07\/Kid-Covid.jpg 975w, https:\/\/www.leselfes.com\/wp-content\/uploads\/2020\/07\/Kid-Covid-300x208.jpg 300w, https:\/\/www.leselfes.com\/wp-content\/uploads\/2020\/07\/Kid-Covid-768x532.jpg 768w\" sizes=\"(max-width: 640px) 100vw, 640px\">\t\t\t\t\t\t\t\t\t\t\t\t\t\t<\/p>\n<p><strong>SONO ANCORA IN VIGORE LE MISURE DI CANCELLAZIONE GRATUITA E LE SEVERE MISURE COVID-19<\/strong><\/p>\n<p>Come previsto, sono in atto <strong>misure COVID-19<\/strong> e siamo estremamente diligenti e preparati con controlli regolari e protocolli efficienti. <\/p>\n<p>Offriamo la <strong>cancellazione gratuita con rimborso completo<\/strong> in qualsiasi momento.<\/p>\n<p><!-- \/wp:paragraph --><\/p>\n<p>\u00c8 il momento di prenotare il miglior campo estivo per i tuoi figli!<\/p>\n<p>Saluti da tutti noi di Les Elfes<\/p>\n<p><!-- \/wp:paragraph --><\/p>\n<p>\t\t\t<a href=\"https:\/\/www.leselfes.com\/it\/campo-estivo\/iscriviti-al-campo-estivo\/\" target=\"_blank\" role=\"button\" rel=\"noopener\">  PRENOTA ORA  <\/a><\/p>\n<h2>ti piace?<br \/>\ncondividilo con i tuoi amici <\/h2>\n<p>  Facebook Twitter LinkedIn<\/p>\n","protected":false},"excerpt":{"rendered":"<p>Il campo estivo di Les Elfes inizier\u00e0 il 13 giugno.<br \/>\nScopri le nostre nuove attivit\u00e0! <\/p>\n","protected":false},"author":1,"featured_media":73962,"comment_status":"open","ping_status":"open","sticky":false,"template":"","format":"standard","meta":{"_acf_changed":false,"inline_featured_image":false,"footnotes":""},"categories":[1064],"tags":[],"class_list":{"0":"post-92294","1":"post","2":"type-post","3":"status-publish","4":"format-standard","5":"has-post-thumbnail","7":"category-non-categorizzato"},"acf":[],"yoast_head":"<!-- This site is optimized with the Yoast SEO Premium plugin v24.2 (Yoast SEO v24.7) - https:\/\/yoast.com\/wordpress\/plugins\/seo\/ -->\n<title>\u2600\ufe0f Il campo estivo di Les Elfes inizier\u00e0 molto presto! - Les Elfes International Camps Switzerland<\/title>\n<meta name=\"robots\" content=\"index, follow, max-snippet:-1, max-image-preview:large, max-video-preview:-1\" \/>\n<link rel=\"canonical\" href=\"https:\/\/www.leselfes.com\/it\/%e2%98%80%ef%b8%8f-il-campo-estivo-di-les-elfes-iniziera-molto-presto\/\" \/>\n<meta property=\"og:locale\" content=\"it_IT\" \/>\n<meta property=\"og:type\" content=\"article\" \/>\n<meta property=\"og:title\" content=\"\u2600\ufe0f Il campo estivo di Les Elfes inizier\u00e0 molto presto!\" \/>\n<meta property=\"og:description\" content=\"Il campo estivo di Les Elfes inizier\u00e0 il 13 giugno. Scopri le nostre nuove attivit\u00e0!\" \/>\n<meta property=\"og:url\" content=\"https:\/\/www.leselfes.com\/it\/%e2%98%80%ef%b8%8f-il-campo-estivo-di-les-elfes-iniziera-molto-presto\/\" \/>\n<meta property=\"og:site_name\" content=\"Les Elfes International Camps Switzerland\" \/>\n<meta property=\"article:publisher\" content=\"https:\/\/www.facebook.com\/LesElfesVerbier\" \/>\n<meta property=\"article:published_time\" content=\"2021-05-12T07:09:52+00:00\" \/>\n<meta property=\"article:modified_time\" content=\"2024-11-12T11:16:10+00:00\" \/>\n<meta property=\"og:image\" content=\"https:\/\/dev.leselfes.com\/wp-content\/uploads\/2021\/05\/newsletter-for-individuels-15.04.2021.jpg\" \/>\n\t<meta property=\"og:image:width\" content=\"1250\" \/>\n\t<meta property=\"og:image:height\" content=\"947\" \/>\n\t<meta property=\"og:image:type\" content=\"image\/jpeg\" \/>\n<meta name=\"author\" content=\"lesadmin\" \/>\n<meta name=\"twitter:card\" content=\"summary_large_image\" \/>\n<meta name=\"twitter:creator\" content=\"@LesElfesCamps\" \/>\n<meta name=\"twitter:site\" content=\"@LesElfesCamps\" \/>\n<meta name=\"twitter:label1\" content=\"Scritto da\" \/>\n\t<meta name=\"twitter:data1\" content=\"lesadmin\" \/>\n\t<meta name=\"twitter:label2\" content=\"Tempo di lettura stimato\" \/>\n\t<meta name=\"twitter:data2\" content=\"2 minuti\" \/>\n<script type=\"application\/ld+json\" class=\"yoast-schema-graph\">{\"@context\":\"https:\/\/schema.org\",\"@graph\":[{\"@type\":\"Article\",\"@id\":\"https:\/\/www.leselfes.com\/it\/%e2%98%80%ef%b8%8f-il-campo-estivo-di-les-elfes-iniziera-molto-presto\/#article\",\"isPartOf\":{\"@id\":\"https:\/\/www.leselfes.com\/it\/%e2%98%80%ef%b8%8f-il-campo-estivo-di-les-elfes-iniziera-molto-presto\/\"},\"author\":{\"name\":\"lesadmin\",\"@id\":\"https:\/\/dev.leselfes.com\/#\/schema\/person\/407a229698868b8c603874b19f37f289\"},\"headline\":\"\u2600\ufe0f Il campo estivo di Les Elfes inizier\u00e0 molto presto!\",\"datePublished\":\"2021-05-12T07:09:52+00:00\",\"dateModified\":\"2024-11-12T11:16:10+00:00\",\"mainEntityOfPage\":{\"@id\":\"https:\/\/www.leselfes.com\/it\/%e2%98%80%ef%b8%8f-il-campo-estivo-di-les-elfes-iniziera-molto-presto\/\"},\"wordCount\":504,\"commentCount\":0,\"publisher\":{\"@id\":\"https:\/\/dev.leselfes.com\/#organization\"},\"image\":{\"@id\":\"https:\/\/www.leselfes.com\/it\/%e2%98%80%ef%b8%8f-il-campo-estivo-di-les-elfes-iniziera-molto-presto\/#primaryimage\"},\"thumbnailUrl\":\"https:\/\/www.leselfes.com\/wp-content\/uploads\/2021\/05\/newsletter-for-individuels-15.04.2021.jpg\",\"articleSection\":[\"Non categorizzato\"],\"inLanguage\":\"it-IT\",\"potentialAction\":[{\"@type\":\"CommentAction\",\"name\":\"Comment\",\"target\":[\"https:\/\/www.leselfes.com\/it\/%e2%98%80%ef%b8%8f-il-campo-estivo-di-les-elfes-iniziera-molto-presto\/#respond\"]}]},{\"@type\":\"WebPage\",\"@id\":\"https:\/\/www.leselfes.com\/it\/%e2%98%80%ef%b8%8f-il-campo-estivo-di-les-elfes-iniziera-molto-presto\/\",\"url\":\"https:\/\/www.leselfes.com\/it\/%e2%98%80%ef%b8%8f-il-campo-estivo-di-les-elfes-iniziera-molto-presto\/\",\"name\":\"\u2600\ufe0f Il campo estivo di Les Elfes inizier\u00e0 molto presto! - Les Elfes International Camps Switzerland\",\"isPartOf\":{\"@id\":\"https:\/\/dev.leselfes.com\/#website\"},\"primaryImageOfPage\":{\"@id\":\"https:\/\/www.leselfes.com\/it\/%e2%98%80%ef%b8%8f-il-campo-estivo-di-les-elfes-iniziera-molto-presto\/#primaryimage\"},\"image\":{\"@id\":\"https:\/\/www.leselfes.com\/it\/%e2%98%80%ef%b8%8f-il-campo-estivo-di-les-elfes-iniziera-molto-presto\/#primaryimage\"},\"thumbnailUrl\":\"https:\/\/www.leselfes.com\/wp-content\/uploads\/2021\/05\/newsletter-for-individuels-15.04.2021.jpg\",\"datePublished\":\"2021-05-12T07:09:52+00:00\",\"dateModified\":\"2024-11-12T11:16:10+00:00\",\"breadcrumb\":{\"@id\":\"https:\/\/www.leselfes.com\/it\/%e2%98%80%ef%b8%8f-il-campo-estivo-di-les-elfes-iniziera-molto-presto\/#breadcrumb\"},\"inLanguage\":\"it-IT\",\"potentialAction\":[{\"@type\":\"ReadAction\",\"target\":[\"https:\/\/www.leselfes.com\/it\/%e2%98%80%ef%b8%8f-il-campo-estivo-di-les-elfes-iniziera-molto-presto\/\"]}]},{\"@type\":\"ImageObject\",\"inLanguage\":\"it-IT\",\"@id\":\"https:\/\/www.leselfes.com\/it\/%e2%98%80%ef%b8%8f-il-campo-estivo-di-les-elfes-iniziera-molto-presto\/#primaryimage\",\"url\":\"https:\/\/www.leselfes.com\/wp-content\/uploads\/2021\/05\/newsletter-for-individuels-15.04.2021.jpg\",\"contentUrl\":\"https:\/\/www.leselfes.com\/wp-content\/uploads\/2021\/05\/newsletter-for-individuels-15.04.2021.jpg\",\"width\":1250,\"height\":947},{\"@type\":\"BreadcrumbList\",\"@id\":\"https:\/\/www.leselfes.com\/it\/%e2%98%80%ef%b8%8f-il-campo-estivo-di-les-elfes-iniziera-molto-presto\/#breadcrumb\",\"itemListElement\":[{\"@type\":\"ListItem\",\"position\":1,\"name\":\"Home\",\"item\":\"https:\/\/www.leselfes.com\/it\/\"},{\"@type\":\"ListItem\",\"position\":2,\"name\":\"\u2600\ufe0f Il campo estivo di Les Elfes inizier\u00e0 molto presto!\"}]},{\"@type\":\"WebSite\",\"@id\":\"https:\/\/dev.leselfes.com\/#website\",\"url\":\"https:\/\/dev.leselfes.com\/\",\"name\":\"Les Elfes International\",\"description\":\"Les Elfes International, Verbier Switzerland. Summer Camp, Winter Camp, Spring Camps.\",\"publisher\":{\"@id\":\"https:\/\/dev.leselfes.com\/#organization\"},\"alternateName\":\"Les Elfes International\",\"potentialAction\":[{\"@type\":\"SearchAction\",\"target\":{\"@type\":\"EntryPoint\",\"urlTemplate\":\"https:\/\/dev.leselfes.com\/?s={search_term_string}\"},\"query-input\":{\"@type\":\"PropertyValueSpecification\",\"valueRequired\":true,\"valueName\":\"search_term_string\"}}],\"inLanguage\":\"it-IT\"},{\"@type\":\"Organization\",\"@id\":\"https:\/\/dev.leselfes.com\/#organization\",\"name\":\"Les Elfes International\",\"alternateName\":\"Les Elfes International\",\"url\":\"https:\/\/dev.leselfes.com\/\",\"logo\":{\"@type\":\"ImageObject\",\"inLanguage\":\"it-IT\",\"@id\":\"https:\/\/dev.leselfes.com\/#\/schema\/logo\/image\/\",\"url\":\"https:\/\/www.leselfes.com\/wp-content\/uploads\/2022\/03\/leselfes-logo.png\",\"contentUrl\":\"https:\/\/www.leselfes.com\/wp-content\/uploads\/2022\/03\/leselfes-logo.png\",\"width\":233,\"height\":51,\"caption\":\"Les Elfes International\"},\"image\":{\"@id\":\"https:\/\/dev.leselfes.com\/#\/schema\/logo\/image\/\"},\"sameAs\":[\"https:\/\/www.facebook.com\/LesElfesVerbier\",\"https:\/\/x.com\/LesElfesCamps\",\"https:\/\/www.instagram.com\/leselfes\",\"https:\/\/www.linkedin.com\/company\/les-elfes-international\",\"https:\/\/www.youtube.com\/user\/LesElfesVerbier\"]},{\"@type\":\"Person\",\"@id\":\"https:\/\/dev.leselfes.com\/#\/schema\/person\/407a229698868b8c603874b19f37f289\",\"name\":\"lesadmin\",\"image\":{\"@type\":\"ImageObject\",\"inLanguage\":\"it-IT\",\"@id\":\"https:\/\/dev.leselfes.com\/#\/schema\/person\/image\/\",\"url\":\"https:\/\/secure.gravatar.com\/avatar\/fdb243a028df450397b3632d862f87f6?s=96&d=mm&r=g\",\"contentUrl\":\"https:\/\/secure.gravatar.com\/avatar\/fdb243a028df450397b3632d862f87f6?s=96&d=mm&r=g\",\"caption\":\"lesadmin\"},\"url\":\"https:\/\/www.leselfes.com\/it\/author\/lesadmin\/\"}]}<\/script>\n<!-- \/ Yoast SEO Premium plugin. -->","yoast_head_json":{"title":"\u2600\ufe0f Il campo estivo di Les Elfes inizier\u00e0 molto presto! - Les Elfes International Camps Switzerland","robots":{"index":"index","follow":"follow","max-snippet":"max-snippet:-1","max-image-preview":"max-image-preview:large","max-video-preview":"max-video-preview:-1"},"canonical":"https:\/\/www.leselfes.com\/it\/%e2%98%80%ef%b8%8f-il-campo-estivo-di-les-elfes-iniziera-molto-presto\/","og_locale":"it_IT","og_type":"article","og_title":"\u2600\ufe0f Il campo estivo di Les Elfes inizier\u00e0 molto presto!","og_description":"Il campo estivo di Les Elfes inizier\u00e0 il 13 giugno. Scopri le nostre nuove attivit\u00e0!","og_url":"https:\/\/www.leselfes.com\/it\/%e2%98%80%ef%b8%8f-il-campo-estivo-di-les-elfes-iniziera-molto-presto\/","og_site_name":"Les Elfes International Camps Switzerland","article_publisher":"https:\/\/www.facebook.com\/LesElfesVerbier","article_published_time":"2021-05-12T07:09:52+00:00","article_modified_time":"2024-11-12T11:16:10+00:00","og_image":[{"width":1250,"height":947,"url":"https:\/\/dev.leselfes.com\/wp-content\/uploads\/2021\/05\/newsletter-for-individuels-15.04.2021.jpg","type":"image\/jpeg"}],"author":"lesadmin","twitter_card":"summary_large_image","twitter_creator":"@LesElfesCamps","twitter_site":"@LesElfesCamps","twitter_misc":{"Scritto da":"lesadmin","Tempo di lettura stimato":"2 minuti"},"schema":{"@context":"https:\/\/schema.org","@graph":[{"@type":"Article","@id":"https:\/\/www.leselfes.com\/it\/%e2%98%80%ef%b8%8f-il-campo-estivo-di-les-elfes-iniziera-molto-presto\/#article","isPartOf":{"@id":"https:\/\/www.leselfes.com\/it\/%e2%98%80%ef%b8%8f-il-campo-estivo-di-les-elfes-iniziera-molto-presto\/"},"author":{"name":"lesadmin","@id":"https:\/\/dev.leselfes.com\/#\/schema\/person\/407a229698868b8c603874b19f37f289"},"headline":"\u2600\ufe0f Il campo estivo di Les Elfes inizier\u00e0 molto presto!","datePublished":"2021-05-12T07:09:52+00:00","dateModified":"2024-11-12T11:16:10+00:00","mainEntityOfPage":{"@id":"https:\/\/www.leselfes.com\/it\/%e2%98%80%ef%b8%8f-il-campo-estivo-di-les-elfes-iniziera-molto-presto\/"},"wordCount":504,"commentCount":0,"publisher":{"@id":"https:\/\/dev.leselfes.com\/#organization"},"image":{"@id":"https:\/\/www.leselfes.com\/it\/%e2%98%80%ef%b8%8f-il-campo-estivo-di-les-elfes-iniziera-molto-presto\/#primaryimage"},"thumbnailUrl":"https:\/\/www.leselfes.com\/wp-content\/uploads\/2021\/05\/newsletter-for-individuels-15.04.2021.jpg","articleSection":["Non categorizzato"],"inLanguage":"it-IT","potentialAction":[{"@type":"CommentAction","name":"Comment","target":["https:\/\/www.leselfes.com\/it\/%e2%98%80%ef%b8%8f-il-campo-estivo-di-les-elfes-iniziera-molto-presto\/#respond"]}]},{"@type":"WebPage","@id":"https:\/\/www.leselfes.com\/it\/%e2%98%80%ef%b8%8f-il-campo-estivo-di-les-elfes-iniziera-molto-presto\/","url":"https:\/\/www.leselfes.com\/it\/%e2%98%80%ef%b8%8f-il-campo-estivo-di-les-elfes-iniziera-molto-presto\/","name":"\u2600\ufe0f Il campo estivo di Les Elfes inizier\u00e0 molto presto! - Les Elfes International Camps Switzerland","isPartOf":{"@id":"https:\/\/dev.leselfes.com\/#website"},"primaryImageOfPage":{"@id":"https:\/\/www.leselfes.com\/it\/%e2%98%80%ef%b8%8f-il-campo-estivo-di-les-elfes-iniziera-molto-presto\/#primaryimage"},"image":{"@id":"https:\/\/www.leselfes.com\/it\/%e2%98%80%ef%b8%8f-il-campo-estivo-di-les-elfes-iniziera-molto-presto\/#primaryimage"},"thumbnailUrl":"https:\/\/www.leselfes.com\/wp-content\/uploads\/2021\/05\/newsletter-for-individuels-15.04.2021.jpg","datePublished":"2021-05-12T07:09:52+00:00","dateModified":"2024-11-12T11:16:10+00:00","breadcrumb":{"@id":"https:\/\/www.leselfes.com\/it\/%e2%98%80%ef%b8%8f-il-campo-estivo-di-les-elfes-iniziera-molto-presto\/#breadcrumb"},"inLanguage":"it-IT","potentialAction":[{"@type":"ReadAction","target":["https:\/\/www.leselfes.com\/it\/%e2%98%80%ef%b8%8f-il-campo-estivo-di-les-elfes-iniziera-molto-presto\/"]}]},{"@type":"ImageObject","inLanguage":"it-IT","@id":"https:\/\/www.leselfes.com\/it\/%e2%98%80%ef%b8%8f-il-campo-estivo-di-les-elfes-iniziera-molto-presto\/#primaryimage","url":"https:\/\/www.leselfes.com\/wp-content\/uploads\/2021\/05\/newsletter-for-individuels-15.04.2021.jpg","contentUrl":"https:\/\/www.leselfes.com\/wp-content\/uploads\/2021\/05\/newsletter-for-individuels-15.04.2021.jpg","width":1250,"height":947},{"@type":"BreadcrumbList","@id":"https:\/\/www.leselfes.com\/it\/%e2%98%80%ef%b8%8f-il-campo-estivo-di-les-elfes-iniziera-molto-presto\/#breadcrumb","itemListElement":[{"@type":"ListItem","position":1,"name":"Home","item":"https:\/\/www.leselfes.com\/it\/"},{"@type":"ListItem","position":2,"name":"\u2600\ufe0f Il campo estivo di Les Elfes inizier\u00e0 molto presto!"}]},{"@type":"WebSite","@id":"https:\/\/dev.leselfes.com\/#website","url":"https:\/\/dev.leselfes.com\/","name":"Les Elfes International","description":"Les Elfes International, Verbier Switzerland. Summer Camp, Winter Camp, Spring Camps.","publisher":{"@id":"https:\/\/dev.leselfes.com\/#organization"},"alternateName":"Les Elfes International","potentialAction":[{"@type":"SearchAction","target":{"@type":"EntryPoint","urlTemplate":"https:\/\/dev.leselfes.com\/?s={search_term_string}"},"query-input":{"@type":"PropertyValueSpecification","valueRequired":true,"valueName":"search_term_string"}}],"inLanguage":"it-IT"},{"@type":"Organization","@id":"https:\/\/dev.leselfes.com\/#organization","name":"Les Elfes International","alternateName":"Les Elfes International","url":"https:\/\/dev.leselfes.com\/","logo":{"@type":"ImageObject","inLanguage":"it-IT","@id":"https:\/\/dev.leselfes.com\/#\/schema\/logo\/image\/","url":"https:\/\/www.leselfes.com\/wp-content\/uploads\/2022\/03\/leselfes-logo.png","contentUrl":"https:\/\/www.leselfes.com\/wp-content\/uploads\/2022\/03\/leselfes-logo.png","width":233,"height":51,"caption":"Les Elfes International"},"image":{"@id":"https:\/\/dev.leselfes.com\/#\/schema\/logo\/image\/"},"sameAs":["https:\/\/www.facebook.com\/LesElfesVerbier","https:\/\/x.com\/LesElfesCamps","https:\/\/www.instagram.com\/leselfes","https:\/\/www.linkedin.com\/company\/les-elfes-international","https:\/\/www.youtube.com\/user\/LesElfesVerbier"]},{"@type":"Person","@id":"https:\/\/dev.leselfes.com\/#\/schema\/person\/407a229698868b8c603874b19f37f289","name":"lesadmin","image":{"@type":"ImageObject","inLanguage":"it-IT","@id":"https:\/\/dev.leselfes.com\/#\/schema\/person\/image\/","url":"https:\/\/secure.gravatar.com\/avatar\/fdb243a028df450397b3632d862f87f6?s=96&d=mm&r=g","contentUrl":"https:\/\/secure.gravatar.com\/avatar\/fdb243a028df450397b3632d862f87f6?s=96&d=mm&r=g","caption":"lesadmin"},"url":"https:\/\/www.leselfes.com\/it\/author\/lesadmin\/"}]}},"_links":{"self":[{"href":"https:\/\/www.leselfes.com\/it\/wp-json\/wp\/v2\/posts\/92294"}],"collection":[{"href":"https:\/\/www.leselfes.com\/it\/wp-json\/wp\/v2\/posts"}],"about":[{"href":"https:\/\/www.leselfes.com\/it\/wp-json\/wp\/v2\/types\/post"}],"author":[{"embeddable":true,"href":"https:\/\/www.leselfes.com\/it\/wp-json\/wp\/v2\/users\/1"}],"replies":[{"embeddable":true,"href":"https:\/\/www.leselfes.com\/it\/wp-json\/wp\/v2\/comments?post=92294"}],"version-history":[{"count":0,"href":"https:\/\/www.leselfes.com\/it\/wp-json\/wp\/v2\/posts\/92294\/revisions"}],"wp:featuredmedia":[{"embeddable":true,"href":"https:\/\/www.leselfes.com\/it\/wp-json\/wp\/v2\/media\/73962"}],"wp:attachment":[{"href":"https:\/\/www.leselfes.com\/it\/wp-json\/wp\/v2\/media?parent=92294"}],"wp:term":[{"taxonomy":"category","embeddable":true,"href":"https:\/\/www.leselfes.com\/it\/wp-json\/wp\/v2\/categories?post=92294"},{"taxonomy":"post_tag","embeddable":true,"href":"https:\/\/www.leselfes.com\/it\/wp-json\/wp\/v2\/tags?post=92294"}],"curies":[{"name":"wp","href":"https:\/\/api.w.org\/{rel}","templated":true}]}}