{"id":92350,"date":"2021-04-06T07:35:10","date_gmt":"2021-04-06T05:35:10","guid":{"rendered":"https:\/\/www.leselfes.com\/come-proteggere-il-tuo-bambino-dalla-perdita-di-apprendimento-estiva\/"},"modified":"2024-11-12T12:17:33","modified_gmt":"2024-11-12T11:17:33","slug":"come-proteggere-il-tuo-bambino-dalla-perdita-di-apprendimento-estiva","status":"publish","type":"post","link":"https:\/\/www.leselfes.com\/it\/come-proteggere-il-tuo-bambino-dalla-perdita-di-apprendimento-estiva\/","title":{"rendered":"Come proteggere il tuo bambino dalla perdita di apprendimento estiva"},"content":{"rendered":"<p>A tutti i genitori piace vedere i propri figli giocare all&#8217;aperto per tutto il giorno durante l&#8217;estate.<br \/>\nTuttavia, tanto divertimento provoca un fenomeno chiamato &#8220;perdita di apprendimento estivo&#8221;.<br \/>\nAlcuni la chiamano&nbsp;summer slide&nbsp;o&nbsp;summer setback, ma tutte queste frasi si riferiscono alla stessa cosa.  <\/p>\n<p>Dopo tre mesi di intrattenimento e divertimento,&nbsp;<a style=\"font-family: var( --e-global-typography-text-font-family ), Noto Sans; font-weight: var( --e-global-typography-text-font-weight ); background-color: #ffffff;\" href=\"https:\/\/www.leselfes.com\/it\/?p=92109\">I ragazzi hanno bisogno di tempo<\/a>&nbsp;per recuperare le conoscenze che avevano prima dell&#8217;estate. Gli studi confermano che la maggior parte degli studenti &nbsp;<a style=\"font-family: var( --e-global-typography-text-font-family ), Noto Sans; font-weight: var( --e-global-typography-text-font-weight ); background-color: #ffffff;\" href=\"https:\/\/www.k12dive.com\/news\/study-more-than-half-of-students-lost-39-of-years-learning-over-summer\/581365\/\">perdono circa il 39%<\/a>&nbsp;dell&#8217;apprendimento annuale durante l&#8217;estate. Per questo motivo, molti genitori stanno cercando di trovare un modo per&nbsp;proteggere i loro figli dalla perdita di apprendimento estiva. <\/p>\n<p>Se sei uno di questi genitori, abbiamo un&#8217;ottima notizia per te.&nbsp; I metodi che&nbsp;campi estivi&nbsp;usano sono probabilmente i migliori perch\u00e9 utilizzano molti&nbsp;metodi divertenti per migliorare le conoscenze&nbsp;e le abilit\u00e0 dei bambini durante l&#8217;estate.<br \/>\nPuoi fare un paio di cose per mantenere il tuo bambino mentalmente forte durante l&#8217;estate e prepararlo adeguatamente per il prossimo anno scolastico. <\/p>\n<div id=\"ez-toc-container\" class=\"ez-toc-v2_0_73 ez-toc-wrap-left counter-hierarchy ez-toc-counter ez-toc-grey ez-toc-container-direction\">\n<div class=\"ez-toc-title-container\">\n<span class=\"ez-toc-title ez-toc-toggle\" style=\"cursor:pointer\">Table of Contents<\/span>\n<span class=\"ez-toc-title-toggle\"><a href=\"#\" class=\"ez-toc-pull-right ez-toc-btn ez-toc-btn-xs ez-toc-btn-default ez-toc-toggle\" aria-label=\"Toggle Table of Content\"><span class=\"ez-toc-js-icon-con\"><span class=\"\"><span class=\"eztoc-hide\" style=\"display:none;\">Toggle<\/span><span class=\"ez-toc-icon-toggle-span\"><svg style=\"fill: #999;color:#999\" xmlns=\"http:\/\/www.w3.org\/2000\/svg\" class=\"list-377408\" width=\"20px\" height=\"20px\" viewBox=\"0 0 24 24\" fill=\"none\"><path d=\"M6 6H4v2h2V6zm14 0H8v2h12V6zM4 11h2v2H4v-2zm16 0H8v2h12v-2zM4 16h2v2H4v-2zm16 0H8v2h12v-2z\" fill=\"currentColor\"><\/path><\/svg><svg style=\"fill: #999;color:#999\" class=\"arrow-unsorted-368013\" xmlns=\"http:\/\/www.w3.org\/2000\/svg\" width=\"10px\" height=\"10px\" viewBox=\"0 0 24 24\" version=\"1.2\" baseProfile=\"tiny\"><path d=\"M18.2 9.3l-6.2-6.3-6.2 6.3c-.2.2-.3.4-.3.7s.1.5.3.7c.2.2.4.3.7.3h11c.3 0 .5-.1.7-.3.2-.2.3-.5.3-.7s-.1-.5-.3-.7zM5.8 14.7l6.2 6.3 6.2-6.3c.2-.2.3-.5.3-.7s-.1-.5-.3-.7c-.2-.2-.4-.3-.7-.3h-11c-.3 0-.5.1-.7.3-.2.2-.3.5-.3.7s.1.5.3.7z\"\/><\/svg><\/span><\/span><\/span><\/a><\/span><\/div>\n<nav><ul class='ez-toc-list ez-toc-list-level-1 eztoc-toggle-hide-by-default' ><li class='ez-toc-page-1 ez-toc-heading-level-2'><a class=\"ez-toc-link ez-toc-heading-1\" href=\"https:\/\/www.leselfes.com\/it\/come-proteggere-il-tuo-bambino-dalla-perdita-di-apprendimento-estiva\/#Permetti_ai_bambini_di_migliorare_a_modo_loro\" title=\"Permetti ai bambini di migliorare a modo loro\">Permetti ai bambini di migliorare a modo loro<\/a><\/li><li class='ez-toc-page-1 ez-toc-heading-level-2'><a class=\"ez-toc-link ez-toc-heading-2\" href=\"https:\/\/www.leselfes.com\/it\/come-proteggere-il-tuo-bambino-dalla-perdita-di-apprendimento-estiva\/#Permetti_loro_di_mostrarti_le_loro_conoscenze\" title=\"Permetti loro di mostrarti le loro conoscenze\">Permetti loro di mostrarti le loro conoscenze<\/a><\/li><li class='ez-toc-page-1 ez-toc-heading-level-2'><a class=\"ez-toc-link ez-toc-heading-3\" href=\"https:\/\/www.leselfes.com\/it\/come-proteggere-il-tuo-bambino-dalla-perdita-di-apprendimento-estiva\/#Aiutali_a_migliorare_ancora_di_piu\" title=\"Aiutali a migliorare ancora di pi\u00f9\">Aiutali a migliorare ancora di pi\u00f9<\/a><\/li><li class='ez-toc-page-1 ez-toc-heading-level-2'><a class=\"ez-toc-link ez-toc-heading-4\" href=\"https:\/\/www.leselfes.com\/it\/come-proteggere-il-tuo-bambino-dalla-perdita-di-apprendimento-estiva\/#Aiutali_a_organizzare_il_loro_tempo\" title=\"Aiutali a organizzare il loro tempo\">Aiutali a organizzare il loro tempo<\/a><\/li><li class='ez-toc-page-1 ez-toc-heading-level-2'><a class=\"ez-toc-link ez-toc-heading-5\" href=\"https:\/\/www.leselfes.com\/it\/come-proteggere-il-tuo-bambino-dalla-perdita-di-apprendimento-estiva\/#Permetti_loro_di_studiare_con_gli_amici\" title=\"Permetti loro di studiare con gli amici\">Permetti loro di studiare con gli amici<\/a><\/li><li class='ez-toc-page-1 ez-toc-heading-level-2'><a class=\"ez-toc-link ez-toc-heading-6\" href=\"https:\/\/www.leselfes.com\/it\/come-proteggere-il-tuo-bambino-dalla-perdita-di-apprendimento-estiva\/#Alla_fine_permettigli_di_frequentare_i_campi_estivi\" title=\"Alla fine, permettigli di frequentare i campi estivi\">Alla fine, permettigli di frequentare i campi estivi<\/a><\/li><li class='ez-toc-page-1 ez-toc-heading-level-2'><a class=\"ez-toc-link ez-toc-heading-7\" href=\"https:\/\/www.leselfes.com\/it\/come-proteggere-il-tuo-bambino-dalla-perdita-di-apprendimento-estiva\/#Pensiero_finale\" title=\"Pensiero finale\">Pensiero finale<\/a><\/li><li class='ez-toc-page-1 ez-toc-heading-level-2'><a class=\"ez-toc-link ez-toc-heading-8\" href=\"https:\/\/www.leselfes.com\/it\/come-proteggere-il-tuo-bambino-dalla-perdita-di-apprendimento-estiva\/#Stai_cercando_un_campo_estivo_per_il_tuo_bambino\" title=\"Stai cercando un campo estivo per il tuo bambino?\">Stai cercando un campo estivo per il tuo bambino?<\/a><\/li><\/ul><\/nav><\/div>\n\n<p style=\"text-align: center;\">Stai pensando di iscrivere tuo figlio a un campo estivo nel 2021?  <\/p>\n<p style=\"text-align: center;\">Scopri cosa offre Les Elfes!<\/p>\n<p>\t\t\t<a href=\"https:\/\/www.leselfes.com\/it\/?page_id=89264\" target=\"_blank\" role=\"button\" rel=\"noopener\"><br \/>  Campo estivo Les Elfes<br \/>\n\t\t\t\t\t<\/a><\/p><\/p>\n\n\n<p>\n<\/p><\/p>\n\n\n<h2 class=\"wp-block-heading\"><span class=\"ez-toc-section\" id=\"Permetti_ai_bambini_di_migliorare_a_modo_loro\"><\/span>Permetti ai bambini di migliorare a modo loro<span class=\"ez-toc-section-end\"><\/span><\/h2>\n<p>\n<\/p><\/p>\n\n\n<figure><img loading=\"lazy\" decoding=\"async\" src=\"https:\/\/www.leselfes.com\/wp-content\/uploads\/2021\/06\/Les-Elfes-International-Summer-camp-summer-learning-loss-resized-1200px.jpg\" alt=\"Les Elfes International Campo estivo perdita di apprendimento estivo  \" width=\"1200\" height=\"800\"\/><\/figure>\n<p>\n<\/p><\/p>\n\n\n<p>I bambini hanno interessi, abitudini, gusti e&#8230; modi diversi per migliorare le loro conoscenze!\nPrima di tutto, i tuoi figli devono trovare la loro passione o almeno qualcosa che li faccia sentire felici.\nNon trascurare la loro passione per la scrittura, l&#8217;arte, la storia, il cinema o qualsiasi altra cosa che a te possa sembrare irrilevante.\nTutti hanno il diritto di scegliere, anche le generazioni pi\u00f9 giovani!     <\/p>\n<p>\n<\/p><\/p>\n\n\n<p>Nonostante ci\u00f2, i campi estivi di solito permettono ai bambini di scegliere da soli il loro stile di apprendimento.\n\u00c8 proprio questo che dovresti fare.\nSe i tuoi figli non amano leggere molto, non significa che siano pigri.\nAl contrario, forse preferiscono raccogliere diverse informazioni dai contenuti video perch\u00e9 in questo modo le ricordano molto pi\u00f9 facilmente.   <\/p>\n<p>\n<\/p><\/p>\n\n\n<h2 class=\"wp-block-heading\"><span class=\"ez-toc-section\" id=\"Permetti_loro_di_mostrarti_le_loro_conoscenze\"><\/span>Permetti loro di mostrarti le loro conoscenze<span class=\"ez-toc-section-end\"><\/span><\/h2>\n<p>\n<\/p><\/p>\n\n\n<p>I <a href=\"https:\/\/www.leselfes.com\/it\/aggiornamento-sui-campi-estivi-in-presenza-di-una-pandemia-di-coronavirus\/\">campi estivi<\/a> (o i campi educativi in generale) aiutano i bambini ad applicare tutto ci\u00f2 che sanno al mondo reale. I tuoi figli probabilmente possiedono determinati talenti e alcune lezioni a scuola sono probabilmente quelle che preferiscono. Se possiedono conoscenze di matematica, storia, biologia o altro, permetti loro di dimostrartelo. In altre parole, lascia che siano loro i tuoi insegnanti!   <\/p>\n<p>\n<\/p><\/p>\n\n\n<p>Ci sono due motivi per cui questo metodo funziona.\nInnanzitutto, i ragazzi avranno la possibilit\u00e0 di ripassare le lezioni dell&#8217;anno scolastico precedente.\nTuttavia, i giovani adulti diventeranno pi\u00f9 sicuri delle loro conoscenze e orgogliosi perch\u00e9 avranno la possibilit\u00e0 di insegnare qualcosa di nuovo ai loro modelli di riferimento (i genitori).  <\/p>\n<p>\n<\/p><\/p>\n\n\n<h2 class=\"wp-block-heading\"><span class=\"ez-toc-section\" id=\"Aiutali_a_migliorare_ancora_di_piu\"><\/span>Aiutali a migliorare ancora di pi\u00f9<span class=\"ez-toc-section-end\"><\/span><\/h2>\n<p>\n<\/p><\/p>\n\n\n<figure><img loading=\"lazy\" decoding=\"async\" src=\"https:\/\/www.leselfes.com\/wp-content\/uploads\/2021\/06\/Les-Elfes-International-Summer-camp-summer-camp-to-improve-kids-knowledge-resized.jpg\" alt=\"Campo estivo internazionale Les Elfes - campo estivo per migliorare le conoscenze dei ragazzi\" width=\"1200\" height=\"696\"\/><\/figure>\n<p>\n<\/p><\/p>\n\n\n<p>Dai a tuo figlio il supporto necessario.\nNon devi essere un esperto per aiutare tuo figlio a migliorare le sue conoscenze, come i tutor nei campi estivi.\nL&#8217;unica cosa che devi investire \u00e8 il tuo tempo!\n\u00c8 fantastico se tuo figlio trascorre molto tempo all&#8217;aperto durante l&#8217;estate.\nTuttavia, alcuni compiti devono esistere (anche se durano un&#8217;ora al giorno).    <\/p>\n<p>\n<\/p><\/p>\n\n\n<p>Utilizziamo un esempio per chiarire le cose.\nSe tuo figlio ha il potenziale per diventare un bravo scrittore, il suo miglioramento non deve fermarsi durante l&#8217;<a href=\"\">estate<\/a>.\nAd esempio, puoi chiedergli di scrivere dei saggi una volta ogni due giorni ed evidenziare gli errori che commette.\nTuttavia, se non \u00e8 un bravo scrittore, puoi chiedere aiuto agli esperti di <a href=\"\">TrustMyPaper<\/a> e di altre societ\u00e0 di scrittura online.\nI professionisti hanno l&#8217;esperienza necessaria per aiutare i giovani adulti a migliorare i loro errori e a diventare un giorno esperti.    <\/p>\n<p>\n<\/p><\/p>\n\n\n<p>Il punto \u00e8 che i bambini devono capire che non sono soli!\nQuesto li motiver\u00e0 a lavorare sodo anche quando tutti i loro amici stanno giocando all&#8217;aperto. <\/p>\n<p>\n<\/p><\/p>\n\n\n<h2 class=\"wp-block-heading\"><span class=\"ez-toc-section\" id=\"Aiutali_a_organizzare_il_loro_tempo\"><\/span>Aiutali a organizzare il loro tempo<span class=\"ez-toc-section-end\"><\/span><\/h2>\n<p>\n<\/p><\/p>\n\n\n<p>Naturalmente, nessuno dice che i bambini debbano passare l&#8217;intera giornata a casa a imparare cose nuove.\nAl contrario, dovrebbero saper organizzare il loro tempo in modo corretto e fare in modo che nella loro routine quotidiana ci sia spazio sufficiente per l&#8217;apprendimento. <\/p>\n<p>\n<\/p><\/p>\n\n\n<p>Pensi che i bambini che frequentano i campi estivi studino per tutto il giorno?\nIn realt\u00e0 \u00e8 proprio il contrario: trascorrono la maggior parte del tempo nella natura, giocando e divertendosi.\nTuttavia, il tempo libero serve come una sorta di ricompensa dopo un&#8217;ora o due di miglioramento delle conoscenze.  <\/p>\n<p>\n<\/p><\/p>\n\n\n<p>Fai lo stesso!\nTuo figlio pu\u00f2 iniziare a leggere, risolvere problemi di matematica al mattino o qualsiasi altra cosa, e il resto della giornata pu\u00f2 passarlo al cellulare o fuori con gli amici.\nIn questo modo, ogni volta che il compito che hanno sembra difficile, la ricompensa che potenzialmente possono ottenere li motiver\u00e0.  <\/p>\n<p>\n<\/p><\/p>\n\n\n<h2 class=\"wp-block-heading\"><span class=\"ez-toc-section\" id=\"Permetti_loro_di_studiare_con_gli_amici\"><\/span>Permetti loro di studiare con gli amici<span class=\"ez-toc-section-end\"><\/span><\/h2>\n<p>\n<\/p><\/p>\n\n\n<figure><img loading=\"lazy\" decoding=\"async\" src=\"https:\/\/www.leselfes.com\/wp-content\/uploads\/2021\/06\/Les-Elfes-International-Summer-camp-importance-of-freindship.jpg\" alt=\"Campo estivo internazionale Les Elfes Importanza dell'amicizia\" width=\"900\" height=\"608\"\/><\/figure>\n<p>\n<\/p><\/p>\n\n\n<p>Perch\u00e9 i giochi sono l&#8217;unica cosa che i tuoi figli possono fare con i loro amici?\nNon possono diventare compagni di squadra anche nello svolgimento dei compiti?\nAncora una volta dobbiamo ripetere che i bambini non devono sentirsi soli!\nIl miglioramento delle conoscenze non deve essere una punizione e se il loro migliore amico ha gli stessi compiti, lo accetteranno come parte della loro routine estiva quotidiana.     <\/p>\n<p>\n<\/p><\/p>\n\n\n<h2 class=\"wp-block-heading\"><span class=\"ez-toc-section\" id=\"Alla_fine_permettigli_di_frequentare_i_campi_estivi\"><\/span>Alla fine, permettigli di frequentare i campi estivi<span class=\"ez-toc-section-end\"><\/span><\/h2>\n<p>\n<\/p><\/p>\n\n\n<p>I programmi dei <a href=\"https:\/\/www.leselfes.com\/it\/come-possono-i-bambini-trarre-il-massimo-da-un-campo-estivo-per-bambini-e-bambine\/\">campi estivi<\/a> non si concentrano mai solo sul miglioramento delle conoscenze\/mentali del bambino. Gli studenti avranno anche abbastanza tempo per giocare, trascorrere del tempo nella natura e fare nuove amicizie (non dimenticare quanto sia importante la socializzazione). <\/p>\n<p>\n<\/p><\/p>\n\n\n<p>In altre parole, trascorrere del tempo nei campi estivi aiuter\u00e0 i bambini a migliorare la loro autodisciplina.\nImpareranno a organizzare il loro tempo in modo corretto e a proteggersi dalle <b>perdite di apprendimento estive<\/b>.\nSar\u00e0 molto pi\u00f9 facile guidare tuo figlio in queste condizioni.\nIl tuo unico compito sar\u00e0 quello di fornire il supporto necessario di cui ogni ragazzo ha bisogno.   <\/p>\n<p>\n<\/p><\/p>\n\n\n<h2 class=\"wp-block-heading\"><span class=\"ez-toc-section\" id=\"Pensiero_finale\"><\/span>Pensiero finale<span class=\"ez-toc-section-end\"><\/span><\/h2>\n<p>\n<\/p><\/p>\n\n\n<p>La perdita di apprendimento estiva non \u00e8 qualcosa di cui i genitori devono avere paura.\nDevono solo reagire in modo adeguato e motivare i loro <a href=\"\">figli a rimanere psicologicamente attivi durante l&#8217;estate<\/a>.\nNon provare nemmeno a dire qualcosa come &#8220;Devi imparare&#8221; o &#8220;Non ti permetter\u00f2 di uscire se non porti a termine i tuoi compiti&#8221;.\nQuesto approccio peggiorer\u00e0 ulteriormente le cose e tuo figlio considerer\u00e0 il miglioramento delle conoscenze estive come una punizione.\nCerca di rendere <a href=\"\">divertenti<\/a> tutte le <a href=\"\">attivit\u00e0 o semplicemente permettigli di partecipare ai campi estivi<\/a>.\nIn questo modo capiranno che lo studio estivo pu\u00f2 essere anche divertente!     <\/p>\n<p>\n<\/p><\/p>\n\n\n<p>BIO:<\/p>\n<p>\n<\/p><\/p>\n\n\n<p>Donald Fomby \u00e8 uno scrittore freelance e un apprezzato membro del team di redazione di <a href=\"https:\/\/supremedissertations.com\/\">Supreme Dissertations.<\/a> In et\u00e0 relativamente giovane, ha gi\u00e0 accumulato una notevole esperienza come scrittore freelance. Nel tempo libero, Donald \u00e8 un volontario attivo e si propone di aiutare le organizzazioni non profit ad attirare nuovi volontari.   <\/p>\n<p>\n<\/p><\/p>\n<h2 style=\"text-align: center;\"><span class=\"ez-toc-section\" id=\"Stai_cercando_un_campo_estivo_per_il_tuo_bambino\"><\/span>Stai cercando un campo estivo per il tuo bambino?<span class=\"ez-toc-section-end\"><\/span><\/h2>\n<p>\t\t\t <a href=\"https:\/\/www.leselfes.com\/it\/?page_id=89264\" target=\"_blank\" role=\"button\" rel=\"noopener\"><br \/> VISITA LA PAGINA DEI CAMPI ESTIVI<br \/><\/a><br \/><a href=\"https:\/\/www.leselfes.com\/contact-quote-request\/\" target=\"_blank\" role=\"button\" rel=\"noopener\"><br \/> CONTATTA LA NOSTRA SEDE CENTRALE<br \/><\/a><\/p>\n","protected":false},"excerpt":{"rendered":"<p>A tutti i genitori piace vedere i propri figli giocare all&#8217;aperto per tutto il giorno durante l&#8217;estate. Tuttavia, tanto divertimento provoca un fenomeno chiamato &#8220;perdita di apprendimento estivo&#8221;. Alcuni la&#8230;<\/p>\n","protected":false},"author":1,"featured_media":74040,"comment_status":"open","ping_status":"open","sticky":false,"template":"","format":"standard","meta":{"_acf_changed":false,"inline_featured_image":false,"footnotes":""},"categories":[1353,1371],"tags":[1701],"class_list":{"0":"post-92350","1":"post","2":"type-post","3":"status-publish","4":"format-standard","5":"has-post-thumbnail","7":"category-articoli","8":"category-campo-estivo","9":"tag-perdita-di-apprendimento-in-estate"},"acf":[],"yoast_head":"<!-- This site is optimized with the Yoast SEO Premium plugin v24.2 (Yoast SEO v24.7) - https:\/\/yoast.com\/wordpress\/plugins\/seo\/ -->\n<title>Come proteggere il tuo bambino dalla perdita di apprendimento estiva - Les Elfes International Camps Switzerland<\/title>\n<meta name=\"robots\" content=\"index, follow, max-snippet:-1, max-image-preview:large, max-video-preview:-1\" \/>\n<link rel=\"canonical\" href=\"https:\/\/www.leselfes.com\/it\/come-proteggere-il-tuo-bambino-dalla-perdita-di-apprendimento-estiva\/\" \/>\n<meta property=\"og:locale\" content=\"it_IT\" \/>\n<meta property=\"og:type\" content=\"article\" \/>\n<meta property=\"og:title\" content=\"Come proteggere il tuo bambino dalla perdita di apprendimento estiva\" \/>\n<meta property=\"og:description\" content=\"A tutti i genitori piace vedere i propri figli giocare all&#8217;aperto per tutto il giorno durante l&#8217;estate. Tuttavia, tanto divertimento provoca un fenomeno chiamato &#8220;perdita di apprendimento estivo&#8221;. Alcuni la...\" \/>\n<meta property=\"og:url\" content=\"https:\/\/www.leselfes.com\/it\/come-proteggere-il-tuo-bambino-dalla-perdita-di-apprendimento-estiva\/\" \/>\n<meta property=\"og:site_name\" content=\"Les Elfes International Camps Switzerland\" \/>\n<meta property=\"article:publisher\" content=\"https:\/\/www.facebook.com\/LesElfesVerbier\" \/>\n<meta property=\"article:published_time\" content=\"2021-04-06T05:35:10+00:00\" \/>\n<meta property=\"article:modified_time\" content=\"2024-11-12T11:17:33+00:00\" \/>\n<meta property=\"og:image\" content=\"https:\/\/dev.leselfes.com\/wp-content\/uploads\/2021\/04\/How-to-Protect-Your-Child-From-Summer-Learning-Loss.jpg\" \/>\n\t<meta property=\"og:image:width\" content=\"1200\" \/>\n\t<meta property=\"og:image:height\" content=\"628\" \/>\n\t<meta property=\"og:image:type\" content=\"image\/jpeg\" \/>\n<meta name=\"author\" content=\"lesadmin\" \/>\n<meta name=\"twitter:card\" content=\"summary_large_image\" \/>\n<meta name=\"twitter:creator\" content=\"@LesElfesCamps\" \/>\n<meta name=\"twitter:site\" content=\"@LesElfesCamps\" \/>\n<meta name=\"twitter:label1\" content=\"Scritto da\" \/>\n\t<meta name=\"twitter:data1\" content=\"lesadmin\" \/>\n\t<meta name=\"twitter:label2\" content=\"Tempo di lettura stimato\" \/>\n\t<meta name=\"twitter:data2\" content=\"6 minuti\" \/>\n<script type=\"application\/ld+json\" class=\"yoast-schema-graph\">{\"@context\":\"https:\/\/schema.org\",\"@graph\":[{\"@type\":\"Article\",\"@id\":\"https:\/\/www.leselfes.com\/it\/come-proteggere-il-tuo-bambino-dalla-perdita-di-apprendimento-estiva\/#article\",\"isPartOf\":{\"@id\":\"https:\/\/www.leselfes.com\/it\/come-proteggere-il-tuo-bambino-dalla-perdita-di-apprendimento-estiva\/\"},\"author\":{\"name\":\"lesadmin\",\"@id\":\"https:\/\/dev.leselfes.com\/#\/schema\/person\/407a229698868b8c603874b19f37f289\"},\"headline\":\"Come proteggere il tuo bambino dalla perdita di apprendimento estiva\",\"datePublished\":\"2021-04-06T05:35:10+00:00\",\"dateModified\":\"2024-11-12T11:17:33+00:00\",\"mainEntityOfPage\":{\"@id\":\"https:\/\/www.leselfes.com\/it\/come-proteggere-il-tuo-bambino-dalla-perdita-di-apprendimento-estiva\/\"},\"wordCount\":1156,\"commentCount\":0,\"publisher\":{\"@id\":\"https:\/\/dev.leselfes.com\/#organization\"},\"image\":{\"@id\":\"https:\/\/www.leselfes.com\/it\/come-proteggere-il-tuo-bambino-dalla-perdita-di-apprendimento-estiva\/#primaryimage\"},\"thumbnailUrl\":\"https:\/\/www.leselfes.com\/wp-content\/uploads\/2021\/04\/How-to-Protect-Your-Child-From-Summer-Learning-Loss.jpg\",\"keywords\":[\"Perdita di apprendimento in estate\"],\"articleSection\":[\"Articoli\",\"Campo estivo\"],\"inLanguage\":\"it-IT\",\"potentialAction\":[{\"@type\":\"CommentAction\",\"name\":\"Comment\",\"target\":[\"https:\/\/www.leselfes.com\/it\/come-proteggere-il-tuo-bambino-dalla-perdita-di-apprendimento-estiva\/#respond\"]}]},{\"@type\":\"WebPage\",\"@id\":\"https:\/\/www.leselfes.com\/it\/come-proteggere-il-tuo-bambino-dalla-perdita-di-apprendimento-estiva\/\",\"url\":\"https:\/\/www.leselfes.com\/it\/come-proteggere-il-tuo-bambino-dalla-perdita-di-apprendimento-estiva\/\",\"name\":\"Come proteggere il tuo bambino dalla perdita di apprendimento estiva - Les Elfes International Camps Switzerland\",\"isPartOf\":{\"@id\":\"https:\/\/dev.leselfes.com\/#website\"},\"primaryImageOfPage\":{\"@id\":\"https:\/\/www.leselfes.com\/it\/come-proteggere-il-tuo-bambino-dalla-perdita-di-apprendimento-estiva\/#primaryimage\"},\"image\":{\"@id\":\"https:\/\/www.leselfes.com\/it\/come-proteggere-il-tuo-bambino-dalla-perdita-di-apprendimento-estiva\/#primaryimage\"},\"thumbnailUrl\":\"https:\/\/www.leselfes.com\/wp-content\/uploads\/2021\/04\/How-to-Protect-Your-Child-From-Summer-Learning-Loss.jpg\",\"datePublished\":\"2021-04-06T05:35:10+00:00\",\"dateModified\":\"2024-11-12T11:17:33+00:00\",\"breadcrumb\":{\"@id\":\"https:\/\/www.leselfes.com\/it\/come-proteggere-il-tuo-bambino-dalla-perdita-di-apprendimento-estiva\/#breadcrumb\"},\"inLanguage\":\"it-IT\",\"potentialAction\":[{\"@type\":\"ReadAction\",\"target\":[\"https:\/\/www.leselfes.com\/it\/come-proteggere-il-tuo-bambino-dalla-perdita-di-apprendimento-estiva\/\"]}]},{\"@type\":\"ImageObject\",\"inLanguage\":\"it-IT\",\"@id\":\"https:\/\/www.leselfes.com\/it\/come-proteggere-il-tuo-bambino-dalla-perdita-di-apprendimento-estiva\/#primaryimage\",\"url\":\"https:\/\/www.leselfes.com\/wp-content\/uploads\/2021\/04\/How-to-Protect-Your-Child-From-Summer-Learning-Loss.jpg\",\"contentUrl\":\"https:\/\/www.leselfes.com\/wp-content\/uploads\/2021\/04\/How-to-Protect-Your-Child-From-Summer-Learning-Loss.jpg\",\"width\":1200,\"height\":628},{\"@type\":\"BreadcrumbList\",\"@id\":\"https:\/\/www.leselfes.com\/it\/come-proteggere-il-tuo-bambino-dalla-perdita-di-apprendimento-estiva\/#breadcrumb\",\"itemListElement\":[{\"@type\":\"ListItem\",\"position\":1,\"name\":\"Home\",\"item\":\"https:\/\/www.leselfes.com\/it\/\"},{\"@type\":\"ListItem\",\"position\":2,\"name\":\"Come proteggere il tuo bambino dalla perdita di apprendimento estiva\"}]},{\"@type\":\"WebSite\",\"@id\":\"https:\/\/dev.leselfes.com\/#website\",\"url\":\"https:\/\/dev.leselfes.com\/\",\"name\":\"Les Elfes International\",\"description\":\"Les Elfes International, Verbier Switzerland. Summer Camp, Winter Camp, Spring Camps.\",\"publisher\":{\"@id\":\"https:\/\/dev.leselfes.com\/#organization\"},\"alternateName\":\"Les Elfes International\",\"potentialAction\":[{\"@type\":\"SearchAction\",\"target\":{\"@type\":\"EntryPoint\",\"urlTemplate\":\"https:\/\/dev.leselfes.com\/?s={search_term_string}\"},\"query-input\":{\"@type\":\"PropertyValueSpecification\",\"valueRequired\":true,\"valueName\":\"search_term_string\"}}],\"inLanguage\":\"it-IT\"},{\"@type\":\"Organization\",\"@id\":\"https:\/\/dev.leselfes.com\/#organization\",\"name\":\"Les Elfes International\",\"alternateName\":\"Les Elfes International\",\"url\":\"https:\/\/dev.leselfes.com\/\",\"logo\":{\"@type\":\"ImageObject\",\"inLanguage\":\"it-IT\",\"@id\":\"https:\/\/dev.leselfes.com\/#\/schema\/logo\/image\/\",\"url\":\"https:\/\/www.leselfes.com\/wp-content\/uploads\/2022\/03\/leselfes-logo.png\",\"contentUrl\":\"https:\/\/www.leselfes.com\/wp-content\/uploads\/2022\/03\/leselfes-logo.png\",\"width\":233,\"height\":51,\"caption\":\"Les Elfes International\"},\"image\":{\"@id\":\"https:\/\/dev.leselfes.com\/#\/schema\/logo\/image\/\"},\"sameAs\":[\"https:\/\/www.facebook.com\/LesElfesVerbier\",\"https:\/\/x.com\/LesElfesCamps\",\"https:\/\/www.instagram.com\/leselfes\",\"https:\/\/www.linkedin.com\/company\/les-elfes-international\",\"https:\/\/www.youtube.com\/user\/LesElfesVerbier\"]},{\"@type\":\"Person\",\"@id\":\"https:\/\/dev.leselfes.com\/#\/schema\/person\/407a229698868b8c603874b19f37f289\",\"name\":\"lesadmin\",\"image\":{\"@type\":\"ImageObject\",\"inLanguage\":\"it-IT\",\"@id\":\"https:\/\/dev.leselfes.com\/#\/schema\/person\/image\/\",\"url\":\"https:\/\/secure.gravatar.com\/avatar\/fdb243a028df450397b3632d862f87f6?s=96&d=mm&r=g\",\"contentUrl\":\"https:\/\/secure.gravatar.com\/avatar\/fdb243a028df450397b3632d862f87f6?s=96&d=mm&r=g\",\"caption\":\"lesadmin\"},\"url\":\"https:\/\/www.leselfes.com\/it\/author\/lesadmin\/\"}]}<\/script>\n<!-- \/ Yoast SEO Premium plugin. -->","yoast_head_json":{"title":"Come proteggere il tuo bambino dalla perdita di apprendimento estiva - Les Elfes International Camps Switzerland","robots":{"index":"index","follow":"follow","max-snippet":"max-snippet:-1","max-image-preview":"max-image-preview:large","max-video-preview":"max-video-preview:-1"},"canonical":"https:\/\/www.leselfes.com\/it\/come-proteggere-il-tuo-bambino-dalla-perdita-di-apprendimento-estiva\/","og_locale":"it_IT","og_type":"article","og_title":"Come proteggere il tuo bambino dalla perdita di apprendimento estiva","og_description":"A tutti i genitori piace vedere i propri figli giocare all&#8217;aperto per tutto il giorno durante l&#8217;estate. Tuttavia, tanto divertimento provoca un fenomeno chiamato &#8220;perdita di apprendimento estivo&#8221;. Alcuni la...","og_url":"https:\/\/www.leselfes.com\/it\/come-proteggere-il-tuo-bambino-dalla-perdita-di-apprendimento-estiva\/","og_site_name":"Les Elfes International Camps Switzerland","article_publisher":"https:\/\/www.facebook.com\/LesElfesVerbier","article_published_time":"2021-04-06T05:35:10+00:00","article_modified_time":"2024-11-12T11:17:33+00:00","og_image":[{"width":1200,"height":628,"url":"https:\/\/dev.leselfes.com\/wp-content\/uploads\/2021\/04\/How-to-Protect-Your-Child-From-Summer-Learning-Loss.jpg","type":"image\/jpeg"}],"author":"lesadmin","twitter_card":"summary_large_image","twitter_creator":"@LesElfesCamps","twitter_site":"@LesElfesCamps","twitter_misc":{"Scritto da":"lesadmin","Tempo di lettura stimato":"6 minuti"},"schema":{"@context":"https:\/\/schema.org","@graph":[{"@type":"Article","@id":"https:\/\/www.leselfes.com\/it\/come-proteggere-il-tuo-bambino-dalla-perdita-di-apprendimento-estiva\/#article","isPartOf":{"@id":"https:\/\/www.leselfes.com\/it\/come-proteggere-il-tuo-bambino-dalla-perdita-di-apprendimento-estiva\/"},"author":{"name":"lesadmin","@id":"https:\/\/dev.leselfes.com\/#\/schema\/person\/407a229698868b8c603874b19f37f289"},"headline":"Come proteggere il tuo bambino dalla perdita di apprendimento estiva","datePublished":"2021-04-06T05:35:10+00:00","dateModified":"2024-11-12T11:17:33+00:00","mainEntityOfPage":{"@id":"https:\/\/www.leselfes.com\/it\/come-proteggere-il-tuo-bambino-dalla-perdita-di-apprendimento-estiva\/"},"wordCount":1156,"commentCount":0,"publisher":{"@id":"https:\/\/dev.leselfes.com\/#organization"},"image":{"@id":"https:\/\/www.leselfes.com\/it\/come-proteggere-il-tuo-bambino-dalla-perdita-di-apprendimento-estiva\/#primaryimage"},"thumbnailUrl":"https:\/\/www.leselfes.com\/wp-content\/uploads\/2021\/04\/How-to-Protect-Your-Child-From-Summer-Learning-Loss.jpg","keywords":["Perdita di apprendimento in estate"],"articleSection":["Articoli","Campo estivo"],"inLanguage":"it-IT","potentialAction":[{"@type":"CommentAction","name":"Comment","target":["https:\/\/www.leselfes.com\/it\/come-proteggere-il-tuo-bambino-dalla-perdita-di-apprendimento-estiva\/#respond"]}]},{"@type":"WebPage","@id":"https:\/\/www.leselfes.com\/it\/come-proteggere-il-tuo-bambino-dalla-perdita-di-apprendimento-estiva\/","url":"https:\/\/www.leselfes.com\/it\/come-proteggere-il-tuo-bambino-dalla-perdita-di-apprendimento-estiva\/","name":"Come proteggere il tuo bambino dalla perdita di apprendimento estiva - Les Elfes International Camps Switzerland","isPartOf":{"@id":"https:\/\/dev.leselfes.com\/#website"},"primaryImageOfPage":{"@id":"https:\/\/www.leselfes.com\/it\/come-proteggere-il-tuo-bambino-dalla-perdita-di-apprendimento-estiva\/#primaryimage"},"image":{"@id":"https:\/\/www.leselfes.com\/it\/come-proteggere-il-tuo-bambino-dalla-perdita-di-apprendimento-estiva\/#primaryimage"},"thumbnailUrl":"https:\/\/www.leselfes.com\/wp-content\/uploads\/2021\/04\/How-to-Protect-Your-Child-From-Summer-Learning-Loss.jpg","datePublished":"2021-04-06T05:35:10+00:00","dateModified":"2024-11-12T11:17:33+00:00","breadcrumb":{"@id":"https:\/\/www.leselfes.com\/it\/come-proteggere-il-tuo-bambino-dalla-perdita-di-apprendimento-estiva\/#breadcrumb"},"inLanguage":"it-IT","potentialAction":[{"@type":"ReadAction","target":["https:\/\/www.leselfes.com\/it\/come-proteggere-il-tuo-bambino-dalla-perdita-di-apprendimento-estiva\/"]}]},{"@type":"ImageObject","inLanguage":"it-IT","@id":"https:\/\/www.leselfes.com\/it\/come-proteggere-il-tuo-bambino-dalla-perdita-di-apprendimento-estiva\/#primaryimage","url":"https:\/\/www.leselfes.com\/wp-content\/uploads\/2021\/04\/How-to-Protect-Your-Child-From-Summer-Learning-Loss.jpg","contentUrl":"https:\/\/www.leselfes.com\/wp-content\/uploads\/2021\/04\/How-to-Protect-Your-Child-From-Summer-Learning-Loss.jpg","width":1200,"height":628},{"@type":"BreadcrumbList","@id":"https:\/\/www.leselfes.com\/it\/come-proteggere-il-tuo-bambino-dalla-perdita-di-apprendimento-estiva\/#breadcrumb","itemListElement":[{"@type":"ListItem","position":1,"name":"Home","item":"https:\/\/www.leselfes.com\/it\/"},{"@type":"ListItem","position":2,"name":"Come proteggere il tuo bambino dalla perdita di apprendimento estiva"}]},{"@type":"WebSite","@id":"https:\/\/dev.leselfes.com\/#website","url":"https:\/\/dev.leselfes.com\/","name":"Les Elfes International","description":"Les Elfes International, Verbier Switzerland. Summer Camp, Winter Camp, Spring Camps.","publisher":{"@id":"https:\/\/dev.leselfes.com\/#organization"},"alternateName":"Les Elfes International","potentialAction":[{"@type":"SearchAction","target":{"@type":"EntryPoint","urlTemplate":"https:\/\/dev.leselfes.com\/?s={search_term_string}"},"query-input":{"@type":"PropertyValueSpecification","valueRequired":true,"valueName":"search_term_string"}}],"inLanguage":"it-IT"},{"@type":"Organization","@id":"https:\/\/dev.leselfes.com\/#organization","name":"Les Elfes International","alternateName":"Les Elfes International","url":"https:\/\/dev.leselfes.com\/","logo":{"@type":"ImageObject","inLanguage":"it-IT","@id":"https:\/\/dev.leselfes.com\/#\/schema\/logo\/image\/","url":"https:\/\/www.leselfes.com\/wp-content\/uploads\/2022\/03\/leselfes-logo.png","contentUrl":"https:\/\/www.leselfes.com\/wp-content\/uploads\/2022\/03\/leselfes-logo.png","width":233,"height":51,"caption":"Les Elfes International"},"image":{"@id":"https:\/\/dev.leselfes.com\/#\/schema\/logo\/image\/"},"sameAs":["https:\/\/www.facebook.com\/LesElfesVerbier","https:\/\/x.com\/LesElfesCamps","https:\/\/www.instagram.com\/leselfes","https:\/\/www.linkedin.com\/company\/les-elfes-international","https:\/\/www.youtube.com\/user\/LesElfesVerbier"]},{"@type":"Person","@id":"https:\/\/dev.leselfes.com\/#\/schema\/person\/407a229698868b8c603874b19f37f289","name":"lesadmin","image":{"@type":"ImageObject","inLanguage":"it-IT","@id":"https:\/\/dev.leselfes.com\/#\/schema\/person\/image\/","url":"https:\/\/secure.gravatar.com\/avatar\/fdb243a028df450397b3632d862f87f6?s=96&d=mm&r=g","contentUrl":"https:\/\/secure.gravatar.com\/avatar\/fdb243a028df450397b3632d862f87f6?s=96&d=mm&r=g","caption":"lesadmin"},"url":"https:\/\/www.leselfes.com\/it\/author\/lesadmin\/"}]}},"_links":{"self":[{"href":"https:\/\/www.leselfes.com\/it\/wp-json\/wp\/v2\/posts\/92350"}],"collection":[{"href":"https:\/\/www.leselfes.com\/it\/wp-json\/wp\/v2\/posts"}],"about":[{"href":"https:\/\/www.leselfes.com\/it\/wp-json\/wp\/v2\/types\/post"}],"author":[{"embeddable":true,"href":"https:\/\/www.leselfes.com\/it\/wp-json\/wp\/v2\/users\/1"}],"replies":[{"embeddable":true,"href":"https:\/\/www.leselfes.com\/it\/wp-json\/wp\/v2\/comments?post=92350"}],"version-history":[{"count":0,"href":"https:\/\/www.leselfes.com\/it\/wp-json\/wp\/v2\/posts\/92350\/revisions"}],"wp:featuredmedia":[{"embeddable":true,"href":"https:\/\/www.leselfes.com\/it\/wp-json\/wp\/v2\/media\/74040"}],"wp:attachment":[{"href":"https:\/\/www.leselfes.com\/it\/wp-json\/wp\/v2\/media?parent=92350"}],"wp:term":[{"taxonomy":"category","embeddable":true,"href":"https:\/\/www.leselfes.com\/it\/wp-json\/wp\/v2\/categories?post=92350"},{"taxonomy":"post_tag","embeddable":true,"href":"https:\/\/www.leselfes.com\/it\/wp-json\/wp\/v2\/tags?post=92350"}],"curies":[{"name":"wp","href":"https:\/\/api.w.org\/{rel}","templated":true}]}}