{"id":92893,"date":"2023-08-24T08:07:41","date_gmt":"2023-08-24T06:07:41","guid":{"rendered":"https:\/\/www.leselfes.com\/transizione-della-leadership-nei-campi-les-elfes-international\/"},"modified":"2024-11-12T12:29:45","modified_gmt":"2024-11-12T11:29:45","slug":"transizione-della-leadership-nei-campi-les-elfes-international","status":"publish","type":"post","link":"https:\/\/www.leselfes.com\/it\/transizione-della-leadership-nei-campi-les-elfes-international\/","title":{"rendered":"Transizione della leadership nei campi Les Elfes International"},"content":{"rendered":"<p><img decoding=\"async\" width=\"640\" height=\"360\" src=\"https:\/\/www.leselfes.com\/wp-content\/uploads\/2023\/08\/Les-Elfes-International-Swiss-company-since-1987-1024x576.webp\" alt=\"\" loading=\"lazy\" srcset=\"https:\/\/www.leselfes.com\/wp-content\/uploads\/2023\/08\/Les-Elfes-International-Swiss-company-since-1987-1024x576.webp 1024w, https:\/\/www.leselfes.com\/wp-content\/uploads\/2023\/08\/Les-Elfes-International-Swiss-company-since-1987-300x169.webp 300w, https:\/\/www.leselfes.com\/wp-content\/uploads\/2023\/08\/Les-Elfes-International-Swiss-company-since-1987-768x432.webp 768w, https:\/\/www.leselfes.com\/wp-content\/uploads\/2023\/08\/Les-Elfes-International-Swiss-company-since-1987-1536x864.webp 1536w, https:\/\/www.leselfes.com\/wp-content\/uploads\/2023\/08\/Les-Elfes-International-Swiss-company-since-1987.webp 1920w\" sizes=\"(max-width: 640px) 100vw, 640px\">\t\t\t\t\t\t\t\t\t\t\t\t\t\t\t<\/p>\n<p>Siamo entusiasti di annunciare una significativa transizione di leadership presso Les Elfes International che segna una nuova era di crescita e innovazione per la nostra organizzazione.  <\/p>\n<p>Dopo 36 anni di notevole dedizione e leadership, il nostro stimato CEO, Philippe Stettler, anche fondatore di Les Elfes International, ha deciso di passare il testimone alla figlia Alexandra Stettler.<\/p>\n<p style=\"text-align: center;\"><a href=\"https:\/\/www.leselfes.com\/it\/campo-invernale\/\" target=\"_blank\" rel=\"noopener\"><button style=\"background-color: #1e93c2; color: #fff; border: #E2804A;\" type=\"button\">Per saperne di pi\u00f9 sul Campo invernale Les Elfes 2024<\/button><\/a><\/p>\n<p>Alexandra porta con s\u00e9 un bagaglio di conoscenze ed esperienze nel suo nuovo ruolo di CEO, avendo seguito la sua formazione presso la prestigiosa EHL Hospitality Business &amp; Hotel Management School di Losanna, seguita da studi avanzati presso la ESADE Business School in Spagna.<br \/>\nCon oltre 7 anni di esperienza nel settore finanziario in Svizzera e a Singapore, il background diversificato di Alexandra le permette di guidare Les Elfes International verso un futuro entusiasmante.<br \/>\nInoltre, Alexandra \u00e8 gi\u00e0 stata coinvolta attivamente nei campi Les Elfes: \u00e8 stata campeggiatrice da bambina, ha lavorato in diversi dipartimenti da adulta, ha viaggiato per la promozione in Sud America e in Asia e ha partecipato allo sviluppo del nostro progetto di espansione in Giappone.<br \/>\nCome direbbe Alexandra:   <\/p>\n<p>\t\t\t\t\t\t\t\t\t\t\t\t\t\t\t<img decoding=\"async\" width=\"601\" height=\"800\" src=\"https:\/\/www.leselfes.com\/wp-content\/uploads\/2023\/08\/Alexandra-Stettler-Les-Elfes-camps.webp\" alt=\"\" loading=\"lazy\" srcset=\"https:\/\/www.leselfes.com\/wp-content\/uploads\/2023\/08\/Alexandra-Stettler-Les-Elfes-camps.webp 601w, https:\/\/www.leselfes.com\/wp-content\/uploads\/2023\/08\/Alexandra-Stettler-Les-Elfes-camps-225x300.webp 225w\" sizes=\"(max-width: 601px) 100vw, 601px\">\t\t\t\t\t\t\t\t\t\t\t\t\t\t\t<\/p>\n<p>&#8220;Les Elfes \u00e8 come un terzo figlio nella nostra famiglia e ha avuto un ruolo centrale nel plasmare la mia vita e il mio modo di crescere. Nutro un profondo apprezzamento e amore per la bellissima azienda che \u00e8 Les Elfes, non solo per i ricordi che mi ha regalato, ma anche per l&#8217;esperienza unica e indimenticabile che il team di Les Elfes riesce a regalare ai bambini e per il potenziale che si prospetta continuando a costruire questa azienda&#8221;.<\/p>\n<\/p>\n<p>Esprimiamo la nostra pi\u00f9 sentita gratitudine a Philippe Stettler che, grazie alla sua leadership visionaria, ha trasformato Les Elfes International da una modesta iniziativa con 50 studenti all&#8217;anno e un unico campus in affitto, in un&#8217;istituzione di fama mondiale che accoglie oltre 10.000 studenti all&#8217;anno.<br \/>\nLa sua dedizione ci ha permesso di espandere il nostro raggio d&#8217;azione a studenti provenienti da oltre 70 paesi e a gruppi scolastici di oltre 200 scuole in tutto il mondo, di costruire un campus privato a due chalet e di sviluppare altri tre campus in diverse localit\u00e0.<br \/>\nInoltre, il suo impegno costante ha gettato le basi per la nostra ultima impresa, il progetto innovativo di Niseko, in Giappone.  <\/p>\n<p>Siamo lieti di informarti che Philippe Stettler continuer\u00e0 a far parte di Les Elfes International, guidando nuovi progetti in Svizzera e in Giappone.<br \/>\nIl suo continuo coinvolgimento promette di creare opportunit\u00e0 e progressi entusiasmanti per la nostra organizzazione. <\/p>\n<p>Quando Alexandra entrer\u00e0 nel suo nuovo ruolo di CEO, erediter\u00e0 le solide fondamenta costruite dal padre e dalla madre, anch&#8217;essa membro integrante dell&#8217;azienda, ed \u00e8 pronta a guidare Les Elfes International con dedizione e lungimiranza.<br \/>\nSiamo certi che sar\u00e0 in grado di mantenere i valori e gli standard che sono stati sinonimo del nostro nome. <\/p>\n<p>Auguriamo ad Alexandra e Philippe un grande successo nei loro rispettivi ruoli.<\/p>\n<p>Ci auguriamo di ricevere il tuo continuo supporto e la tua collaborazione mentre ci imbarchiamo in questo nuovo capitolo insieme.<\/p>\n<p>Grazie per essere parte della famiglia di Les Elfes International.<\/p>\n<p style=\"text-align: center;\"><a href=\"https:\/\/www.leselfes.com\/it\/campo-invernale\/iscriviti-al-campo-invernale\/\" target=\"_blank\" rel=\"noopener\"><button style=\"background-color: #1e93c2; color: #fff; border: #E2804A;\" type=\"button\">Partecipa al Campo invernale LES ELFES 2024<\/button><\/a><\/p>\n","protected":false},"excerpt":{"rendered":"<p>Siamo entusiasti di annunciare una significativa transizione di leadership presso Les Elfes International che segna una nuova era di crescita e innovazione per la nostra organizzazione. Dopo 36 anni di&#8230;<\/p>\n","protected":false},"author":1,"featured_media":80331,"comment_status":"closed","ping_status":"open","sticky":false,"template":"","format":"standard","meta":{"_acf_changed":false,"inline_featured_image":false,"footnotes":""},"categories":[1353,1354],"tags":[],"class_list":{"0":"post-92893","1":"post","2":"type-post","3":"status-publish","4":"format-standard","5":"has-post-thumbnail","7":"category-articoli","8":"category-campo-invernale"},"acf":[],"yoast_head":"<!-- This site is optimized with the Yoast SEO Premium plugin v24.2 (Yoast SEO v24.7) - https:\/\/yoast.com\/wordpress\/plugins\/seo\/ -->\n<title>La tecnica dello sci e dello snowboard e la componente educativa che porta con s\u00e9<\/title>\n<meta name=\"description\" content=\"Continua a leggere per capire l&#039;importanza dell&#039;apprendimento delle tecniche di sci e snowboard e il suo impatto educativo.\" \/>\n<meta name=\"robots\" content=\"index, follow, max-snippet:-1, max-image-preview:large, max-video-preview:-1\" \/>\n<link rel=\"canonical\" href=\"https:\/\/www.leselfes.com\/it\/transizione-della-leadership-nei-campi-les-elfes-international\/\" \/>\n<meta property=\"og:locale\" content=\"it_IT\" \/>\n<meta property=\"og:type\" content=\"article\" \/>\n<meta property=\"og:title\" content=\"Transizione della leadership nei campi Les Elfes International\" \/>\n<meta property=\"og:description\" content=\"Continua a leggere per capire l&#039;importanza dell&#039;apprendimento delle tecniche di sci e snowboard e il suo impatto educativo.\" \/>\n<meta property=\"og:url\" content=\"https:\/\/www.leselfes.com\/it\/transizione-della-leadership-nei-campi-les-elfes-international\/\" \/>\n<meta property=\"og:site_name\" content=\"Les Elfes International Camps Switzerland\" \/>\n<meta property=\"article:publisher\" content=\"https:\/\/www.facebook.com\/LesElfesVerbier\" \/>\n<meta property=\"article:published_time\" content=\"2023-08-24T06:07:41+00:00\" \/>\n<meta property=\"article:modified_time\" content=\"2024-11-12T11:29:45+00:00\" \/>\n<meta property=\"og:image\" content=\"https:\/\/dev.leselfes.com\/wp-content\/uploads\/2023\/08\/Les-Elfes-International-Swiss-company-since-1987.webp\" \/>\n\t<meta property=\"og:image:width\" content=\"1920\" \/>\n\t<meta property=\"og:image:height\" content=\"1080\" \/>\n\t<meta property=\"og:image:type\" content=\"image\/webp\" \/>\n<meta name=\"author\" content=\"lesadmin\" \/>\n<meta name=\"twitter:card\" content=\"summary_large_image\" \/>\n<meta name=\"twitter:creator\" content=\"@LesElfesCamps\" \/>\n<meta name=\"twitter:site\" content=\"@LesElfesCamps\" \/>\n<meta name=\"twitter:label1\" content=\"Scritto da\" \/>\n\t<meta name=\"twitter:data1\" content=\"lesadmin\" \/>\n\t<meta name=\"twitter:label2\" content=\"Tempo di lettura stimato\" \/>\n\t<meta name=\"twitter:data2\" content=\"3 minuti\" \/>\n<script type=\"application\/ld+json\" class=\"yoast-schema-graph\">{\"@context\":\"https:\/\/schema.org\",\"@graph\":[{\"@type\":\"Article\",\"@id\":\"https:\/\/www.leselfes.com\/it\/transizione-della-leadership-nei-campi-les-elfes-international\/#article\",\"isPartOf\":{\"@id\":\"https:\/\/www.leselfes.com\/it\/transizione-della-leadership-nei-campi-les-elfes-international\/\"},\"author\":{\"name\":\"lesadmin\",\"@id\":\"https:\/\/dev.leselfes.com\/#\/schema\/person\/407a229698868b8c603874b19f37f289\"},\"headline\":\"Transizione della leadership nei campi Les Elfes International\",\"datePublished\":\"2023-08-24T06:07:41+00:00\",\"dateModified\":\"2024-11-12T11:29:45+00:00\",\"mainEntityOfPage\":{\"@id\":\"https:\/\/www.leselfes.com\/it\/transizione-della-leadership-nei-campi-les-elfes-international\/\"},\"wordCount\":527,\"publisher\":{\"@id\":\"https:\/\/dev.leselfes.com\/#organization\"},\"image\":{\"@id\":\"https:\/\/www.leselfes.com\/it\/transizione-della-leadership-nei-campi-les-elfes-international\/#primaryimage\"},\"thumbnailUrl\":\"https:\/\/www.leselfes.com\/wp-content\/uploads\/2023\/08\/Les-Elfes-International-Swiss-company-since-1987.webp\",\"articleSection\":[\"Articoli\",\"Campo invernale\"],\"inLanguage\":\"it-IT\"},{\"@type\":\"WebPage\",\"@id\":\"https:\/\/www.leselfes.com\/it\/transizione-della-leadership-nei-campi-les-elfes-international\/\",\"url\":\"https:\/\/www.leselfes.com\/it\/transizione-della-leadership-nei-campi-les-elfes-international\/\",\"name\":\"La tecnica dello sci e dello snowboard e la componente educativa che porta con s\u00e9\",\"isPartOf\":{\"@id\":\"https:\/\/dev.leselfes.com\/#website\"},\"primaryImageOfPage\":{\"@id\":\"https:\/\/www.leselfes.com\/it\/transizione-della-leadership-nei-campi-les-elfes-international\/#primaryimage\"},\"image\":{\"@id\":\"https:\/\/www.leselfes.com\/it\/transizione-della-leadership-nei-campi-les-elfes-international\/#primaryimage\"},\"thumbnailUrl\":\"https:\/\/www.leselfes.com\/wp-content\/uploads\/2023\/08\/Les-Elfes-International-Swiss-company-since-1987.webp\",\"datePublished\":\"2023-08-24T06:07:41+00:00\",\"dateModified\":\"2024-11-12T11:29:45+00:00\",\"description\":\"Continua a leggere per capire l'importanza dell'apprendimento delle tecniche di sci e snowboard e il suo impatto educativo.\",\"breadcrumb\":{\"@id\":\"https:\/\/www.leselfes.com\/it\/transizione-della-leadership-nei-campi-les-elfes-international\/#breadcrumb\"},\"inLanguage\":\"it-IT\",\"potentialAction\":[{\"@type\":\"ReadAction\",\"target\":[\"https:\/\/www.leselfes.com\/it\/transizione-della-leadership-nei-campi-les-elfes-international\/\"]}]},{\"@type\":\"ImageObject\",\"inLanguage\":\"it-IT\",\"@id\":\"https:\/\/www.leselfes.com\/it\/transizione-della-leadership-nei-campi-les-elfes-international\/#primaryimage\",\"url\":\"https:\/\/www.leselfes.com\/wp-content\/uploads\/2023\/08\/Les-Elfes-International-Swiss-company-since-1987.webp\",\"contentUrl\":\"https:\/\/www.leselfes.com\/wp-content\/uploads\/2023\/08\/Les-Elfes-International-Swiss-company-since-1987.webp\",\"width\":1920,\"height\":1080},{\"@type\":\"BreadcrumbList\",\"@id\":\"https:\/\/www.leselfes.com\/it\/transizione-della-leadership-nei-campi-les-elfes-international\/#breadcrumb\",\"itemListElement\":[{\"@type\":\"ListItem\",\"position\":1,\"name\":\"Home\",\"item\":\"https:\/\/www.leselfes.com\/it\/\"},{\"@type\":\"ListItem\",\"position\":2,\"name\":\"Transizione della leadership nei campi Les Elfes International\"}]},{\"@type\":\"WebSite\",\"@id\":\"https:\/\/dev.leselfes.com\/#website\",\"url\":\"https:\/\/dev.leselfes.com\/\",\"name\":\"Les Elfes International\",\"description\":\"Les Elfes International, Verbier Switzerland. Summer Camp, Winter Camp, Spring Camps.\",\"publisher\":{\"@id\":\"https:\/\/dev.leselfes.com\/#organization\"},\"alternateName\":\"Les Elfes International\",\"potentialAction\":[{\"@type\":\"SearchAction\",\"target\":{\"@type\":\"EntryPoint\",\"urlTemplate\":\"https:\/\/dev.leselfes.com\/?s={search_term_string}\"},\"query-input\":{\"@type\":\"PropertyValueSpecification\",\"valueRequired\":true,\"valueName\":\"search_term_string\"}}],\"inLanguage\":\"it-IT\"},{\"@type\":\"Organization\",\"@id\":\"https:\/\/dev.leselfes.com\/#organization\",\"name\":\"Les Elfes International\",\"alternateName\":\"Les Elfes International\",\"url\":\"https:\/\/dev.leselfes.com\/\",\"logo\":{\"@type\":\"ImageObject\",\"inLanguage\":\"it-IT\",\"@id\":\"https:\/\/dev.leselfes.com\/#\/schema\/logo\/image\/\",\"url\":\"https:\/\/www.leselfes.com\/wp-content\/uploads\/2022\/03\/leselfes-logo.png\",\"contentUrl\":\"https:\/\/www.leselfes.com\/wp-content\/uploads\/2022\/03\/leselfes-logo.png\",\"width\":233,\"height\":51,\"caption\":\"Les Elfes International\"},\"image\":{\"@id\":\"https:\/\/dev.leselfes.com\/#\/schema\/logo\/image\/\"},\"sameAs\":[\"https:\/\/www.facebook.com\/LesElfesVerbier\",\"https:\/\/x.com\/LesElfesCamps\",\"https:\/\/www.instagram.com\/leselfes\",\"https:\/\/www.linkedin.com\/company\/les-elfes-international\",\"https:\/\/www.youtube.com\/user\/LesElfesVerbier\"]},{\"@type\":\"Person\",\"@id\":\"https:\/\/dev.leselfes.com\/#\/schema\/person\/407a229698868b8c603874b19f37f289\",\"name\":\"lesadmin\",\"image\":{\"@type\":\"ImageObject\",\"inLanguage\":\"it-IT\",\"@id\":\"https:\/\/dev.leselfes.com\/#\/schema\/person\/image\/\",\"url\":\"https:\/\/secure.gravatar.com\/avatar\/fdb243a028df450397b3632d862f87f6?s=96&d=mm&r=g\",\"contentUrl\":\"https:\/\/secure.gravatar.com\/avatar\/fdb243a028df450397b3632d862f87f6?s=96&d=mm&r=g\",\"caption\":\"lesadmin\"},\"url\":\"https:\/\/www.leselfes.com\/it\/author\/lesadmin\/\"}]}<\/script>\n<!-- \/ Yoast SEO Premium plugin. -->","yoast_head_json":{"title":"La tecnica dello sci e dello snowboard e la componente educativa che porta con s\u00e9","description":"Continua a leggere per capire l'importanza dell'apprendimento delle tecniche di sci e snowboard e il suo impatto educativo.","robots":{"index":"index","follow":"follow","max-snippet":"max-snippet:-1","max-image-preview":"max-image-preview:large","max-video-preview":"max-video-preview:-1"},"canonical":"https:\/\/www.leselfes.com\/it\/transizione-della-leadership-nei-campi-les-elfes-international\/","og_locale":"it_IT","og_type":"article","og_title":"Transizione della leadership nei campi Les Elfes International","og_description":"Continua a leggere per capire l'importanza dell'apprendimento delle tecniche di sci e snowboard e il suo impatto educativo.","og_url":"https:\/\/www.leselfes.com\/it\/transizione-della-leadership-nei-campi-les-elfes-international\/","og_site_name":"Les Elfes International Camps Switzerland","article_publisher":"https:\/\/www.facebook.com\/LesElfesVerbier","article_published_time":"2023-08-24T06:07:41+00:00","article_modified_time":"2024-11-12T11:29:45+00:00","og_image":[{"width":1920,"height":1080,"url":"https:\/\/dev.leselfes.com\/wp-content\/uploads\/2023\/08\/Les-Elfes-International-Swiss-company-since-1987.webp","type":"image\/webp"}],"author":"lesadmin","twitter_card":"summary_large_image","twitter_creator":"@LesElfesCamps","twitter_site":"@LesElfesCamps","twitter_misc":{"Scritto da":"lesadmin","Tempo di lettura stimato":"3 minuti"},"schema":{"@context":"https:\/\/schema.org","@graph":[{"@type":"Article","@id":"https:\/\/www.leselfes.com\/it\/transizione-della-leadership-nei-campi-les-elfes-international\/#article","isPartOf":{"@id":"https:\/\/www.leselfes.com\/it\/transizione-della-leadership-nei-campi-les-elfes-international\/"},"author":{"name":"lesadmin","@id":"https:\/\/dev.leselfes.com\/#\/schema\/person\/407a229698868b8c603874b19f37f289"},"headline":"Transizione della leadership nei campi Les Elfes International","datePublished":"2023-08-24T06:07:41+00:00","dateModified":"2024-11-12T11:29:45+00:00","mainEntityOfPage":{"@id":"https:\/\/www.leselfes.com\/it\/transizione-della-leadership-nei-campi-les-elfes-international\/"},"wordCount":527,"publisher":{"@id":"https:\/\/dev.leselfes.com\/#organization"},"image":{"@id":"https:\/\/www.leselfes.com\/it\/transizione-della-leadership-nei-campi-les-elfes-international\/#primaryimage"},"thumbnailUrl":"https:\/\/www.leselfes.com\/wp-content\/uploads\/2023\/08\/Les-Elfes-International-Swiss-company-since-1987.webp","articleSection":["Articoli","Campo invernale"],"inLanguage":"it-IT"},{"@type":"WebPage","@id":"https:\/\/www.leselfes.com\/it\/transizione-della-leadership-nei-campi-les-elfes-international\/","url":"https:\/\/www.leselfes.com\/it\/transizione-della-leadership-nei-campi-les-elfes-international\/","name":"La tecnica dello sci e dello snowboard e la componente educativa che porta con s\u00e9","isPartOf":{"@id":"https:\/\/dev.leselfes.com\/#website"},"primaryImageOfPage":{"@id":"https:\/\/www.leselfes.com\/it\/transizione-della-leadership-nei-campi-les-elfes-international\/#primaryimage"},"image":{"@id":"https:\/\/www.leselfes.com\/it\/transizione-della-leadership-nei-campi-les-elfes-international\/#primaryimage"},"thumbnailUrl":"https:\/\/www.leselfes.com\/wp-content\/uploads\/2023\/08\/Les-Elfes-International-Swiss-company-since-1987.webp","datePublished":"2023-08-24T06:07:41+00:00","dateModified":"2024-11-12T11:29:45+00:00","description":"Continua a leggere per capire l'importanza dell'apprendimento delle tecniche di sci e snowboard e il suo impatto educativo.","breadcrumb":{"@id":"https:\/\/www.leselfes.com\/it\/transizione-della-leadership-nei-campi-les-elfes-international\/#breadcrumb"},"inLanguage":"it-IT","potentialAction":[{"@type":"ReadAction","target":["https:\/\/www.leselfes.com\/it\/transizione-della-leadership-nei-campi-les-elfes-international\/"]}]},{"@type":"ImageObject","inLanguage":"it-IT","@id":"https:\/\/www.leselfes.com\/it\/transizione-della-leadership-nei-campi-les-elfes-international\/#primaryimage","url":"https:\/\/www.leselfes.com\/wp-content\/uploads\/2023\/08\/Les-Elfes-International-Swiss-company-since-1987.webp","contentUrl":"https:\/\/www.leselfes.com\/wp-content\/uploads\/2023\/08\/Les-Elfes-International-Swiss-company-since-1987.webp","width":1920,"height":1080},{"@type":"BreadcrumbList","@id":"https:\/\/www.leselfes.com\/it\/transizione-della-leadership-nei-campi-les-elfes-international\/#breadcrumb","itemListElement":[{"@type":"ListItem","position":1,"name":"Home","item":"https:\/\/www.leselfes.com\/it\/"},{"@type":"ListItem","position":2,"name":"Transizione della leadership nei campi Les Elfes International"}]},{"@type":"WebSite","@id":"https:\/\/dev.leselfes.com\/#website","url":"https:\/\/dev.leselfes.com\/","name":"Les Elfes International","description":"Les Elfes International, Verbier Switzerland. Summer Camp, Winter Camp, Spring Camps.","publisher":{"@id":"https:\/\/dev.leselfes.com\/#organization"},"alternateName":"Les Elfes International","potentialAction":[{"@type":"SearchAction","target":{"@type":"EntryPoint","urlTemplate":"https:\/\/dev.leselfes.com\/?s={search_term_string}"},"query-input":{"@type":"PropertyValueSpecification","valueRequired":true,"valueName":"search_term_string"}}],"inLanguage":"it-IT"},{"@type":"Organization","@id":"https:\/\/dev.leselfes.com\/#organization","name":"Les Elfes International","alternateName":"Les Elfes International","url":"https:\/\/dev.leselfes.com\/","logo":{"@type":"ImageObject","inLanguage":"it-IT","@id":"https:\/\/dev.leselfes.com\/#\/schema\/logo\/image\/","url":"https:\/\/www.leselfes.com\/wp-content\/uploads\/2022\/03\/leselfes-logo.png","contentUrl":"https:\/\/www.leselfes.com\/wp-content\/uploads\/2022\/03\/leselfes-logo.png","width":233,"height":51,"caption":"Les Elfes International"},"image":{"@id":"https:\/\/dev.leselfes.com\/#\/schema\/logo\/image\/"},"sameAs":["https:\/\/www.facebook.com\/LesElfesVerbier","https:\/\/x.com\/LesElfesCamps","https:\/\/www.instagram.com\/leselfes","https:\/\/www.linkedin.com\/company\/les-elfes-international","https:\/\/www.youtube.com\/user\/LesElfesVerbier"]},{"@type":"Person","@id":"https:\/\/dev.leselfes.com\/#\/schema\/person\/407a229698868b8c603874b19f37f289","name":"lesadmin","image":{"@type":"ImageObject","inLanguage":"it-IT","@id":"https:\/\/dev.leselfes.com\/#\/schema\/person\/image\/","url":"https:\/\/secure.gravatar.com\/avatar\/fdb243a028df450397b3632d862f87f6?s=96&d=mm&r=g","contentUrl":"https:\/\/secure.gravatar.com\/avatar\/fdb243a028df450397b3632d862f87f6?s=96&d=mm&r=g","caption":"lesadmin"},"url":"https:\/\/www.leselfes.com\/it\/author\/lesadmin\/"}]}},"_links":{"self":[{"href":"https:\/\/www.leselfes.com\/it\/wp-json\/wp\/v2\/posts\/92893"}],"collection":[{"href":"https:\/\/www.leselfes.com\/it\/wp-json\/wp\/v2\/posts"}],"about":[{"href":"https:\/\/www.leselfes.com\/it\/wp-json\/wp\/v2\/types\/post"}],"author":[{"embeddable":true,"href":"https:\/\/www.leselfes.com\/it\/wp-json\/wp\/v2\/users\/1"}],"replies":[{"embeddable":true,"href":"https:\/\/www.leselfes.com\/it\/wp-json\/wp\/v2\/comments?post=92893"}],"version-history":[{"count":0,"href":"https:\/\/www.leselfes.com\/it\/wp-json\/wp\/v2\/posts\/92893\/revisions"}],"wp:featuredmedia":[{"embeddable":true,"href":"https:\/\/www.leselfes.com\/it\/wp-json\/wp\/v2\/media\/80331"}],"wp:attachment":[{"href":"https:\/\/www.leselfes.com\/it\/wp-json\/wp\/v2\/media?parent=92893"}],"wp:term":[{"taxonomy":"category","embeddable":true,"href":"https:\/\/www.leselfes.com\/it\/wp-json\/wp\/v2\/categories?post=92893"},{"taxonomy":"post_tag","embeddable":true,"href":"https:\/\/www.leselfes.com\/it\/wp-json\/wp\/v2\/tags?post=92893"}],"curies":[{"name":"wp","href":"https:\/\/api.w.org\/{rel}","templated":true}]}}