{"id":92948,"date":"2020-06-03T06:50:49","date_gmt":"2020-06-03T04:50:49","guid":{"rendered":"https:\/\/www.leselfes.com\/campo-estivo-per-adolescenti\/"},"modified":"2024-11-12T12:30:54","modified_gmt":"2024-11-12T11:30:54","slug":"campo-estivo-per-adolescenti","status":"publish","type":"post","link":"https:\/\/www.leselfes.com\/it\/campo-estivo-per-adolescenti\/","title":{"rendered":"Campo estivo per adolescenti"},"content":{"rendered":"\n<p>L&#8217;estate \u00e8 il momento migliore per i tuoi figli\nper frequentare un campo. I vari programmi di campi estivi per ragazzi offrono un&#8217;ampia\ngamma di esperienze divertenti ed emozionanti per i giovani. Ad esempio, frequentando i campi notturni\ntuo <a href=\"https:\/\/www.leselfes.com\/it\/?p=92350\">figlio imparer\u00e0<\/a> ad essere indipendente.    <\/p>\n\n<p>Un campo avventura, invece,\n\u00e8 un ottimo modo per creare ricordi indimenticabili. Un programma estivo viene\nfornito con numerosi vantaggi per i tuoi adolescenti, come vedremo di seguito.   <\/p>\n\n<h2 class=\"wp-block-heading\">Attivit\u00e0 appositamente studiate per gli adolescenti<\/h2>\n\n<figure class=\"wp-block-image size-large\"><img loading=\"lazy\" decoding=\"async\" width=\"715\" height=\"562\" src=\"https:\/\/www.leselfes.com\/wp-content\/uploads\/2020\/06\/Specially-Designed-Activities-For-Teens.jpg\" alt=\"Attivit&#xE0; appositamente studiate per gli adolescenti\" class=\"wp-image-42086\" srcset=\"https:\/\/www.leselfes.com\/wp-content\/uploads\/2020\/06\/Specially-Designed-Activities-For-Teens.jpg 715w, https:\/\/www.leselfes.com\/wp-content\/uploads\/2020\/06\/Specially-Designed-Activities-For-Teens-300x236.jpg 300w, https:\/\/www.leselfes.com\/wp-content\/uploads\/2020\/06\/Specially-Designed-Activities-For-Teens-320x252.jpg 320w, https:\/\/www.leselfes.com\/wp-content\/uploads\/2020\/06\/Specially-Designed-Activities-For-Teens-640x503.jpg 640w, https:\/\/www.leselfes.com\/wp-content\/uploads\/2020\/06\/Specially-Designed-Activities-For-Teens-360x283.jpg 360w\" sizes=\"(max-width: 715px) 100vw, 715px\" \/><\/figure>\n\n<p>Rispetto ai campeggiatori pi\u00f9 giovani, gli adolescenti sono maturi dal punto di vista intellettuale, fisico ed emotivo.\nSpesso gli adolescenti preferiscono partecipare agli impegni sociali e alle attivit\u00e0 del campo con i loro coetanei.   <\/p>\n\n<p>Molti campi in Svizzera offrono\ndiversi eventi e attivit\u00e0 per i ragazzi a seconda della loro et\u00e0. Alcune delle\nattivit\u00e0 appositamente studiate per gli adolescenti includono il rafting, l&#8217;arrampicata,\nil kayak, la canoa e gli sport di team-building.   <\/p>\n\n<p>\u00c8 importante capire che gli adolescenti di\nvivono spesso sfide uniche e prendersi cura di loro\ndal punto di vista emotivo \u00e8 fondamentale. Gli studi dimostrano che i campeggiatori adolescenti si impegnano e <a href=\"https:\/\/www.leselfes.com\/it\/capire-limportanza-di-unesperienza-di-campeggio-di-due-settimane-la-migliore-dellestate\/\">comprendono meglio le attivit\u00e0 quando condividono le loro esperienze<\/a> con altri\nadolescenti. Di conseguenza, potresti voler tenere i giovani campeggiatori in un altro campo estivo\nper evitare queste limitazioni.  \n  <\/p>\n\n<h2 class=\"wp-block-heading\">Un ambiente di apprendimento produttivo\n<\/h2>\n\n<p>Quando i campeggiatori pi\u00f9 grandi frequentano il campo estivo\nper adolescenti, hanno la possibilit\u00e0 di godere del comfort sociale e dell&#8217;attivit\u00e0 fisica\nper tutta la giornata. Ricorda che gli adolescenti possono rimanere concentrati per periodi\npi\u00f9 lunghi rispetto ai giovani campeggiatori. Questo permette agli assistenti di concentrarsi\nsull&#8217;attivit\u00e0 all&#8217;aria aperta e sullo sviluppo delle abilit\u00e0.    <\/p>\n\n<p>Essere attivi \u00e8 fondamentale per uno\nstile di vita sano. L&#8217;esposizione a nuove sfide nei campi di arti performative scatena\nla curiosit\u00e0 degli adolescenti che li incoraggia a scoprire nuove passioni o\nhobby.   <\/p>\n\n<p>\nI campi per adolescenti possono migliorare e\ncoprire questa attenzione al benessere psicofisico in un modo sociale, divertente e stimolante. Sia che il tuo figlio adolescente partecipi a campi estivi per adolescenti o a campi\nsportivi, imparer\u00e0 nuove abilit\u00e0. Questo li aiuter\u00e0 a coltivare\npratiche di interazione sociale positive all&#8217;interno di un ambiente appositamente progettato per\npromuovere il loro successo.    <\/p>\n\n<h2 class=\"wp-block-heading\">Inclusivit\u00e0  <\/h2>\n\n<p>L&#8217;inclusivit\u00e0 pu\u00f2 essere difficile se un programma estivo\ncoinvolge numerosi campeggiatori di et\u00e0 diverse. Questo\nnegherebbe agli adolescenti la possibilit\u00e0 di essere inclusi nei loro gruppi sociali preferiti. Nei\ncampi estivi per adolescenti, invece, ogni campeggiatore ha la possibilit\u00e0 di partecipare alle\nattivit\u00e0 previste.    <\/p>\n\n<p>Al campo estivo <a href=\"https:\/\/www.leselfes.com\/it\/?page_id=90038\">Les Elfes<\/a>, ad esempio,\nci sono strutture appositamente studiate per gli adolescenti. I supervisori in loco hanno creato\nattivit\u00e0 incentrate sugli adolescenti per mantenere i bambini attivi durante\nl&#8217;esperienza del campo. Il personale \u00e8 amichevole ed entusiasta e ci\u00f2 contribuisce a creare un\nambiente divertente e inclusivo per i campeggiatori.    <\/p>\n\n<h2 class=\"wp-block-heading\">Imparare a\napprezzare le piccole cose  <\/h2>\n\n<p>Essere lontani per un campo notturno significa\nche i campeggiatori non potranno godere delle comodit\u00e0 di casa. Questa esperienza\naiuta i ragazzi ad apprezzare le cose che spesso danno per scontate.   <\/p>\n\n<p>Questi includono gadget mobili,\ntelevisione, bagni sereni con acqua corrente calda e un frigorifero pieno di\ncibo. In questo modo, il bambino si render\u00e0 conto che la vita nelle loro case non \u00e8 cos\u00ec\nbrutta come potrebbe pensare.   <\/p>\n\n<p>Inoltre, l&#8217;esperienza \u00e8 sufficiente\nper aiutarli a capire che hanno bisogno solo di poche cose per essere felici. Queste\ncose includono genitori premurosi, un letto caldo, pochi amici fidati e pasti sani. \n<\/p>\n\n<p>Gli adolescenti che spesso danno per scontati i loro genitori\ncambieranno la loro percezione dopo aver trascorso alcuni giorni in un campo estivo per adolescenti\n. Dopo l&#8217;esperienza estiva, noterai che gli adolescenti\napprezzeranno i tuoi gesti come la preparazione dei loro pasti preferiti. <\/p>\n\n<h2 class=\"wp-block-heading\">Responsabilit\u00e0,\nResponsabilit\u00e0 e Indipendenza<\/h2>\n\n<p>Un&#8217;avventura all&#8217;aria aperta per adolescenti\npu\u00f2 essere il luogo ideale dove gli adolescenti imparano a fare le cose in modo indipendente.\nQui saranno lontani dai loro genitori o tutori. Questo significa che avranno\nla possibilit\u00e0 di scegliere pasti sani, di ricordarsi di lavarsi i denti e di fare la doccia e persino di\nindossare la protezione solare.   <\/p>\n\n<p>Abituarsi ai programmi del campo estivo per adolescenti\npu\u00f2 essere difficile all&#8217;inizio. Tuttavia, i ragazzi saranno in\ncompagnia dei loro coetanei e questo rende pi\u00f9 facile l&#8217;apprendimento e l&#8217;adattamento. I giovani\navranno nuove responsabilit\u00e0 che li aiuteranno a crescere.    <\/p>\n\n<p>I supervisori e i direttori del campo saranno\npronti a controllare e ad assicurarsi che gli adolescenti capiscano cosa bisogna fare.\nAlcuni adolescenti sono pi\u00f9 dipendenti di altri. Tuttavia, partecipare a un programma di campeggio aiuta\na rafforzare la loro autostima e indipendenza.   <\/p>\n\n<p>Inoltre, torneranno a casa\ncon un atteggiamento diverso nei confronti delle attivit\u00e0 quotidiane. Inoltre, i supervisori dei\nmigliori campi estivi assicurano che ogni campeggiatore sia responsabile delle proprie\nazioni.   <\/p>\n\n<h2 class=\"wp-block-heading\">Migliora il lavoro di squadra<\/h2>\n\n<figure class=\"wp-block-image size-large\"><img loading=\"lazy\" decoding=\"async\" width=\"640\" height=\"427\" src=\"https:\/\/www.leselfes.com\/wp-content\/uploads\/2020\/06\/Enhances-Teamwork.jpg\" alt=\"Migliora il lavoro di squadra\" class=\"wp-image-42087\" srcset=\"https:\/\/www.leselfes.com\/wp-content\/uploads\/2020\/06\/Enhances-Teamwork.jpg 640w, https:\/\/www.leselfes.com\/wp-content\/uploads\/2020\/06\/Enhances-Teamwork-300x200.jpg 300w, https:\/\/www.leselfes.com\/wp-content\/uploads\/2020\/06\/Enhances-Teamwork-320x214.jpg 320w, https:\/\/www.leselfes.com\/wp-content\/uploads\/2020\/06\/Enhances-Teamwork-360x240.jpg 360w\" sizes=\"(max-width: 640px) 100vw, 640px\" \/><\/figure>\n\n<p>Un ottimo <a href=\"https:\/\/www.leselfes.com\/it\/?page_id=89264\">campo estivo<\/a> per adolescenti \u00e8 quello che offre diversi programmi giornalieri. Il campo dovrebbe comunque offrire un&#8217;ampia gamma di attivit\u00e0 ai campeggiatori. Un&#8217;esperienza estiva di questo tipo offre al tuo adolescente un buon ambiente basato su valori condivisi. Questi includono curiosit\u00e0, responsabilit\u00e0 e accettazione.     <\/p>\n\n<p>Sia che partecipi a\nun campo diurno o notturno, tuo figlio imparer\u00e0 a collaborare con i suoi\ncoetanei. Inoltre, si divertir\u00e0 a sviluppare diverse abilit\u00e0 con adolescenti provenienti da\ndiversi paesi, contesti e culture.   <\/p>\n\n<p>I campeggiatori del campo estivo Les Elfes\nlavorano insieme per svolgere diversi compiti. Tra questi: pulire le cabine\n, insegnare ai loro coetanei nuove abilit\u00e0 come remare in canoa e\npartecipare a progetti di servizio alla comunit\u00e0.   <\/p>\n\n<p>I ragazzi che frequentano un campo estivo per adolescenti\ndovrebbero imparare a lavorare insieme ai loro coetanei e agli adulti. In questo modo,\ndiventeranno membri produttivi dei loro team.   <\/p>\n\n<h2 class=\"wp-block-heading\">Aiuta gli adolescenti a sviluppare\nun interesse unico<\/h2>\n\n<p>I campi estivi per adolescenti offrono un ampio\nambiente in cui gli studenti delle scuole superiori possono impegnarsi in diverse attivit\u00e0 al di fuori\ndell&#8217;ambiente scolastico. Tra queste ci sono l&#8217;imprenditoria e il tiro con l&#8217;arco.   <\/p>\n\n<p>Il tuo adolescente ha mostrato interesse per\nimpegnarsi in materie diverse dallo sport o dal programma scolastico? Se\n\u00e8 cos\u00ec, diversi campi scuola offrono una vasta gamma di materie e attivit\u00e0.   <\/p>\n\n<p>Tra questi ci sono le arti visive, i videogiochi\ne il rafting. I <a href=\"https:\/\/www.essentialsurrey.co.uk\/kids-schools\/best-international-summer-camps-teenagers-adventure\/\">campi estivi per adolescenti<\/a> offrono un ambiente alternativo e privo di disturbi\ne danno loro il tempo di scoprire nuovi interessi.  <\/p>\n\n<h2 class=\"wp-block-heading\">Fare amicizia<\/h2>\n\n<figure class=\"wp-block-image size-large\"><img loading=\"lazy\" decoding=\"async\" width=\"910\" height=\"607\" src=\"https:\/\/www.leselfes.com\/wp-content\/uploads\/2020\/06\/Making-Friends-teens.jpg\" alt=\"Fare amicizia con gli adolescenti\" class=\"wp-image-42088\" srcset=\"https:\/\/www.leselfes.com\/wp-content\/uploads\/2020\/06\/Making-Friends-teens.jpg 910w, https:\/\/www.leselfes.com\/wp-content\/uploads\/2020\/06\/Making-Friends-teens-300x200.jpg 300w, https:\/\/www.leselfes.com\/wp-content\/uploads\/2020\/06\/Making-Friends-teens-768x512.jpg 768w, https:\/\/www.leselfes.com\/wp-content\/uploads\/2020\/06\/Making-Friends-teens-320x213.jpg 320w, https:\/\/www.leselfes.com\/wp-content\/uploads\/2020\/06\/Making-Friends-teens-640x427.jpg 640w, https:\/\/www.leselfes.com\/wp-content\/uploads\/2020\/06\/Making-Friends-teens-360x240.jpg 360w, https:\/\/www.leselfes.com\/wp-content\/uploads\/2020\/06\/Making-Friends-teens-720x480.jpg 720w, https:\/\/www.leselfes.com\/wp-content\/uploads\/2020\/06\/Making-Friends-teens-800x534.jpg 800w\" sizes=\"(max-width: 910px) 100vw, 910px\" \/><\/figure>\n\n<p>Legare con i nuovi campeggiatori pu\u00f2 essere difficile anche per i bambini che hanno gi\u00e0 frequentato un campo notturno YMCA.\nTuttavia, gli ottimi programmi accademici rendono facile per i ragazzi interagire e fare nuove amicizie.   <\/p>\n\n<p>Per gli adolescenti \u00e8 facile condividere\npiccoli spazi con i loro coetanei. Vivere insieme nelle cabine del campo estivo aiuta\na rafforzare le amicizie. Questo aiuta i campeggiatori ad apprendere le abilit\u00e0 fondamentali della vita e\nli incoraggia ad apprezzare le persone provenienti da comunit\u00e0 diverse.    <\/p>\n\n<p>Una volta terminato il campo estivo, i campeggiatori\navranno fatto amicizia con persone di diversa provenienza. Spesso i campi estivi\noffrono agli adolescenti la possibilit\u00e0 di espandersi dal loro tradizionale gruppo di amici\ne li aiutano a entrare in contatto con gli altri in modo positivo. <\/p>\n\n<h2 class=\"wp-block-heading\">Permette loro di\nEsercizio<\/h2>\n\n<p>La tecnologia oggi \u00e8 al centro dell&#8217;attenzione\nnell&#8217;educazione dei giovani di oggi. Molti genitori approfittano dei campi estivi\nper assicurarsi che i bambini stiano lontani dai loro gadget. Durante il campeggio, molti\nadolescenti hanno la possibilit\u00e0 di dedicarsi a varie attivit\u00e0 fisiche ed educative.  \n<\/p>\n\n<p>Questi includono sessioni di arti performative\ne corsi di scrittura creativa. Se tuo figlio \u00e8 un atleta, ad esempio,\nun campo sportivo sarebbe l&#8217;ideale per tenerlo occupato. I genitori i cui\nragazzi non hanno ancora stabilito il loro sport preferito possono prendere in considerazione un campo diurno che\naiuti i campeggiatori a cimentarsi in qualcosa di nuovo.  <\/p>\n\n<h2 class=\"wp-block-heading\">Fornisce una stimolazione mentale\n<\/h2>\n\n<figure class=\"wp-block-image size-large\"><img loading=\"lazy\" decoding=\"async\" width=\"780\" height=\"442\" src=\"https:\/\/www.leselfes.com\/wp-content\/uploads\/2020\/06\/stying-fit-during-covid-19.png\" alt=\"adattamento dello stile durante il covid-19\" class=\"wp-image-42089\" srcset=\"https:\/\/www.leselfes.com\/wp-content\/uploads\/2020\/06\/stying-fit-during-covid-19.png 780w, https:\/\/www.leselfes.com\/wp-content\/uploads\/2020\/06\/stying-fit-during-covid-19-300x170.png 300w, https:\/\/www.leselfes.com\/wp-content\/uploads\/2020\/06\/stying-fit-during-covid-19-768x435.png 768w, https:\/\/www.leselfes.com\/wp-content\/uploads\/2020\/06\/stying-fit-during-covid-19-320x181.png 320w, https:\/\/www.leselfes.com\/wp-content\/uploads\/2020\/06\/stying-fit-during-covid-19-640x363.png 640w, https:\/\/www.leselfes.com\/wp-content\/uploads\/2020\/06\/stying-fit-during-covid-19-360x204.png 360w, https:\/\/www.leselfes.com\/wp-content\/uploads\/2020\/06\/stying-fit-during-covid-19-720x408.png 720w\" sizes=\"(max-width: 780px) 100vw, 780px\" \/><\/figure>\n\n<p>Con la pandemia globale Covid-19 in corso, molte scuole sono chiuse.\nQuesto ha negato ai bambini la possibilit\u00e0 di fare attivit\u00e0 fisica.   <\/p>\n\n<p>Una volta che la pandemia sar\u00e0 controllata e\ngli adolescenti potranno finalmente uscire di casa, i genitori dovrebbero prendere in considerazione l&#8217;idea di mandarli a\nun campo estivo. Questo li aiuter\u00e0 a fare attivit\u00e0 fisica e mentale.\nTuo figlio ama i videogiochi o le arti visive?   <\/p>\n\n<p>Stai cercando un modo\nper tenerli lontani dai loro gadget e farli partecipare a corsi o\nattivit\u00e0 pi\u00f9 stimolanti per la loro mente? Se \u00e8 cos\u00ec, un&#8217;esperienza estiva potrebbe essere ci\u00f2 di cui tuo figlio ha bisogno per\ndiventare innovativo.   <\/p>\n\n<h2 class=\"wp-block-heading\">Finalmente<\/h2>\n\n<p>L&#8217;esperienza di un campo offre al tuo adolescente la possibilit\u00e0\ndi passare dalla scuola alle attivit\u00e0 extrascolastiche. Vale la pena di\nnotare che ambienti diversi sono fondamentali per lo sviluppo del bambino.   <\/p>\n\n<p>Frequentando il campo, i bambini\ndiventeranno sicuri di s\u00e9 e indipendenti. Oltre ad acquisire nuove competenze,\nfaranno anche nuove amicizie.   <\/p>\n\n<p><a href=\"https:\/\/www.leselfes.com\/it\/?page_id=89315\">Prenota<\/a> oggi stesso l&#8217;esperienza del campo estivo\nper il tuo adolescente e ottieni uno sconto del 10%.  <\/p>\n","protected":false},"excerpt":{"rendered":"<p>L&#8217;estate \u00e8 il momento migliore per i tuoi figli per frequentare un campo. I vari programmi di campi estivi per ragazzi offrono un&#8217;ampia gamma di esperienze divertenti ed emozionanti per&#8230;<\/p>\n","protected":false},"author":1,"featured_media":73014,"comment_status":"closed","ping_status":"open","sticky":false,"template":"","format":"standard","meta":{"_acf_changed":false,"inline_featured_image":false,"footnotes":""},"categories":[1353,1371],"tags":[1383],"class_list":{"0":"post-92948","1":"post","2":"type-post","3":"status-publish","4":"format-standard","5":"has-post-thumbnail","7":"category-articoli","8":"category-campo-estivo","9":"tag-campo-estivo-per-adolescenti"},"acf":[],"yoast_head":"<!-- This site is optimized with the Yoast SEO Premium plugin v24.2 (Yoast SEO v24.7) - https:\/\/yoast.com\/wordpress\/plugins\/seo\/ -->\n<title>Campo estivo per adolescenti - Les Elfes International Camps Switzerland<\/title>\n<meta name=\"robots\" content=\"index, follow, max-snippet:-1, max-image-preview:large, max-video-preview:-1\" \/>\n<link rel=\"canonical\" href=\"https:\/\/www.leselfes.com\/it\/campo-estivo-per-adolescenti\/\" \/>\n<meta property=\"og:locale\" content=\"it_IT\" \/>\n<meta property=\"og:type\" content=\"article\" \/>\n<meta property=\"og:title\" content=\"Campo estivo per adolescenti\" \/>\n<meta property=\"og:description\" content=\"L&#8217;estate \u00e8 il momento migliore per i tuoi figli per frequentare un campo. I vari programmi di campi estivi per ragazzi offrono un&#8217;ampia gamma di esperienze divertenti ed emozionanti per...\" \/>\n<meta property=\"og:url\" content=\"https:\/\/www.leselfes.com\/it\/campo-estivo-per-adolescenti\/\" \/>\n<meta property=\"og:site_name\" content=\"Les Elfes International Camps Switzerland\" \/>\n<meta property=\"article:publisher\" content=\"https:\/\/www.facebook.com\/LesElfesVerbier\" \/>\n<meta property=\"article:published_time\" content=\"2020-06-03T04:50:49+00:00\" \/>\n<meta property=\"article:modified_time\" content=\"2024-11-12T11:30:54+00:00\" \/>\n<meta property=\"og:image\" content=\"https:\/\/dev.leselfes.com\/wp-content\/uploads\/2020\/05\/7a.jpg\" \/>\n\t<meta property=\"og:image:width\" content=\"771\" \/>\n\t<meta property=\"og:image:height\" content=\"454\" \/>\n\t<meta property=\"og:image:type\" content=\"image\/jpeg\" \/>\n<meta name=\"author\" content=\"lesadmin\" \/>\n<meta name=\"twitter:card\" content=\"summary_large_image\" \/>\n<meta name=\"twitter:creator\" content=\"@LesElfesCamps\" \/>\n<meta name=\"twitter:site\" content=\"@LesElfesCamps\" \/>\n<meta name=\"twitter:label1\" content=\"Scritto da\" \/>\n\t<meta name=\"twitter:data1\" content=\"lesadmin\" \/>\n\t<meta name=\"twitter:label2\" content=\"Tempo di lettura stimato\" \/>\n\t<meta name=\"twitter:data2\" content=\"7 minuti\" \/>\n<script type=\"application\/ld+json\" class=\"yoast-schema-graph\">{\"@context\":\"https:\/\/schema.org\",\"@graph\":[{\"@type\":\"Article\",\"@id\":\"https:\/\/www.leselfes.com\/it\/campo-estivo-per-adolescenti\/#article\",\"isPartOf\":{\"@id\":\"https:\/\/www.leselfes.com\/it\/campo-estivo-per-adolescenti\/\"},\"author\":{\"name\":\"lesadmin\",\"@id\":\"https:\/\/dev.leselfes.com\/#\/schema\/person\/407a229698868b8c603874b19f37f289\"},\"headline\":\"Campo estivo per adolescenti\",\"datePublished\":\"2020-06-03T04:50:49+00:00\",\"dateModified\":\"2024-11-12T11:30:54+00:00\",\"mainEntityOfPage\":{\"@id\":\"https:\/\/www.leselfes.com\/it\/campo-estivo-per-adolescenti\/\"},\"wordCount\":1478,\"publisher\":{\"@id\":\"https:\/\/dev.leselfes.com\/#organization\"},\"image\":{\"@id\":\"https:\/\/www.leselfes.com\/it\/campo-estivo-per-adolescenti\/#primaryimage\"},\"thumbnailUrl\":\"https:\/\/www.leselfes.com\/wp-content\/uploads\/2020\/05\/7a.jpg\",\"keywords\":[\"campo estivo per adolescenti\"],\"articleSection\":[\"Articoli\",\"Campo estivo\"],\"inLanguage\":\"it-IT\"},{\"@type\":\"WebPage\",\"@id\":\"https:\/\/www.leselfes.com\/it\/campo-estivo-per-adolescenti\/\",\"url\":\"https:\/\/www.leselfes.com\/it\/campo-estivo-per-adolescenti\/\",\"name\":\"Campo estivo per adolescenti - Les Elfes International Camps Switzerland\",\"isPartOf\":{\"@id\":\"https:\/\/dev.leselfes.com\/#website\"},\"primaryImageOfPage\":{\"@id\":\"https:\/\/www.leselfes.com\/it\/campo-estivo-per-adolescenti\/#primaryimage\"},\"image\":{\"@id\":\"https:\/\/www.leselfes.com\/it\/campo-estivo-per-adolescenti\/#primaryimage\"},\"thumbnailUrl\":\"https:\/\/www.leselfes.com\/wp-content\/uploads\/2020\/05\/7a.jpg\",\"datePublished\":\"2020-06-03T04:50:49+00:00\",\"dateModified\":\"2024-11-12T11:30:54+00:00\",\"breadcrumb\":{\"@id\":\"https:\/\/www.leselfes.com\/it\/campo-estivo-per-adolescenti\/#breadcrumb\"},\"inLanguage\":\"it-IT\",\"potentialAction\":[{\"@type\":\"ReadAction\",\"target\":[\"https:\/\/www.leselfes.com\/it\/campo-estivo-per-adolescenti\/\"]}]},{\"@type\":\"ImageObject\",\"inLanguage\":\"it-IT\",\"@id\":\"https:\/\/www.leselfes.com\/it\/campo-estivo-per-adolescenti\/#primaryimage\",\"url\":\"https:\/\/www.leselfes.com\/wp-content\/uploads\/2020\/05\/7a.jpg\",\"contentUrl\":\"https:\/\/www.leselfes.com\/wp-content\/uploads\/2020\/05\/7a.jpg\",\"width\":771,\"height\":454},{\"@type\":\"BreadcrumbList\",\"@id\":\"https:\/\/www.leselfes.com\/it\/campo-estivo-per-adolescenti\/#breadcrumb\",\"itemListElement\":[{\"@type\":\"ListItem\",\"position\":1,\"name\":\"Home\",\"item\":\"https:\/\/www.leselfes.com\/it\/\"},{\"@type\":\"ListItem\",\"position\":2,\"name\":\"Campo estivo per adolescenti\"}]},{\"@type\":\"WebSite\",\"@id\":\"https:\/\/dev.leselfes.com\/#website\",\"url\":\"https:\/\/dev.leselfes.com\/\",\"name\":\"Les Elfes International\",\"description\":\"Les Elfes International, Verbier Switzerland. Summer Camp, Winter Camp, Spring Camps.\",\"publisher\":{\"@id\":\"https:\/\/dev.leselfes.com\/#organization\"},\"alternateName\":\"Les Elfes International\",\"potentialAction\":[{\"@type\":\"SearchAction\",\"target\":{\"@type\":\"EntryPoint\",\"urlTemplate\":\"https:\/\/dev.leselfes.com\/?s={search_term_string}\"},\"query-input\":{\"@type\":\"PropertyValueSpecification\",\"valueRequired\":true,\"valueName\":\"search_term_string\"}}],\"inLanguage\":\"it-IT\"},{\"@type\":\"Organization\",\"@id\":\"https:\/\/dev.leselfes.com\/#organization\",\"name\":\"Les Elfes International\",\"alternateName\":\"Les Elfes International\",\"url\":\"https:\/\/dev.leselfes.com\/\",\"logo\":{\"@type\":\"ImageObject\",\"inLanguage\":\"it-IT\",\"@id\":\"https:\/\/dev.leselfes.com\/#\/schema\/logo\/image\/\",\"url\":\"https:\/\/www.leselfes.com\/wp-content\/uploads\/2022\/03\/leselfes-logo.png\",\"contentUrl\":\"https:\/\/www.leselfes.com\/wp-content\/uploads\/2022\/03\/leselfes-logo.png\",\"width\":233,\"height\":51,\"caption\":\"Les Elfes International\"},\"image\":{\"@id\":\"https:\/\/dev.leselfes.com\/#\/schema\/logo\/image\/\"},\"sameAs\":[\"https:\/\/www.facebook.com\/LesElfesVerbier\",\"https:\/\/x.com\/LesElfesCamps\",\"https:\/\/www.instagram.com\/leselfes\",\"https:\/\/www.linkedin.com\/company\/les-elfes-international\",\"https:\/\/www.youtube.com\/user\/LesElfesVerbier\"]},{\"@type\":\"Person\",\"@id\":\"https:\/\/dev.leselfes.com\/#\/schema\/person\/407a229698868b8c603874b19f37f289\",\"name\":\"lesadmin\",\"image\":{\"@type\":\"ImageObject\",\"inLanguage\":\"it-IT\",\"@id\":\"https:\/\/dev.leselfes.com\/#\/schema\/person\/image\/\",\"url\":\"https:\/\/secure.gravatar.com\/avatar\/fdb243a028df450397b3632d862f87f6?s=96&d=mm&r=g\",\"contentUrl\":\"https:\/\/secure.gravatar.com\/avatar\/fdb243a028df450397b3632d862f87f6?s=96&d=mm&r=g\",\"caption\":\"lesadmin\"},\"url\":\"https:\/\/www.leselfes.com\/it\/author\/lesadmin\/\"}]}<\/script>\n<!-- \/ Yoast SEO Premium plugin. -->","yoast_head_json":{"title":"Campo estivo per adolescenti - Les Elfes International Camps Switzerland","robots":{"index":"index","follow":"follow","max-snippet":"max-snippet:-1","max-image-preview":"max-image-preview:large","max-video-preview":"max-video-preview:-1"},"canonical":"https:\/\/www.leselfes.com\/it\/campo-estivo-per-adolescenti\/","og_locale":"it_IT","og_type":"article","og_title":"Campo estivo per adolescenti","og_description":"L&#8217;estate \u00e8 il momento migliore per i tuoi figli per frequentare un campo. I vari programmi di campi estivi per ragazzi offrono un&#8217;ampia gamma di esperienze divertenti ed emozionanti per...","og_url":"https:\/\/www.leselfes.com\/it\/campo-estivo-per-adolescenti\/","og_site_name":"Les Elfes International Camps Switzerland","article_publisher":"https:\/\/www.facebook.com\/LesElfesVerbier","article_published_time":"2020-06-03T04:50:49+00:00","article_modified_time":"2024-11-12T11:30:54+00:00","og_image":[{"width":771,"height":454,"url":"https:\/\/dev.leselfes.com\/wp-content\/uploads\/2020\/05\/7a.jpg","type":"image\/jpeg"}],"author":"lesadmin","twitter_card":"summary_large_image","twitter_creator":"@LesElfesCamps","twitter_site":"@LesElfesCamps","twitter_misc":{"Scritto da":"lesadmin","Tempo di lettura stimato":"7 minuti"},"schema":{"@context":"https:\/\/schema.org","@graph":[{"@type":"Article","@id":"https:\/\/www.leselfes.com\/it\/campo-estivo-per-adolescenti\/#article","isPartOf":{"@id":"https:\/\/www.leselfes.com\/it\/campo-estivo-per-adolescenti\/"},"author":{"name":"lesadmin","@id":"https:\/\/dev.leselfes.com\/#\/schema\/person\/407a229698868b8c603874b19f37f289"},"headline":"Campo estivo per adolescenti","datePublished":"2020-06-03T04:50:49+00:00","dateModified":"2024-11-12T11:30:54+00:00","mainEntityOfPage":{"@id":"https:\/\/www.leselfes.com\/it\/campo-estivo-per-adolescenti\/"},"wordCount":1478,"publisher":{"@id":"https:\/\/dev.leselfes.com\/#organization"},"image":{"@id":"https:\/\/www.leselfes.com\/it\/campo-estivo-per-adolescenti\/#primaryimage"},"thumbnailUrl":"https:\/\/www.leselfes.com\/wp-content\/uploads\/2020\/05\/7a.jpg","keywords":["campo estivo per adolescenti"],"articleSection":["Articoli","Campo estivo"],"inLanguage":"it-IT"},{"@type":"WebPage","@id":"https:\/\/www.leselfes.com\/it\/campo-estivo-per-adolescenti\/","url":"https:\/\/www.leselfes.com\/it\/campo-estivo-per-adolescenti\/","name":"Campo estivo per adolescenti - Les Elfes International Camps Switzerland","isPartOf":{"@id":"https:\/\/dev.leselfes.com\/#website"},"primaryImageOfPage":{"@id":"https:\/\/www.leselfes.com\/it\/campo-estivo-per-adolescenti\/#primaryimage"},"image":{"@id":"https:\/\/www.leselfes.com\/it\/campo-estivo-per-adolescenti\/#primaryimage"},"thumbnailUrl":"https:\/\/www.leselfes.com\/wp-content\/uploads\/2020\/05\/7a.jpg","datePublished":"2020-06-03T04:50:49+00:00","dateModified":"2024-11-12T11:30:54+00:00","breadcrumb":{"@id":"https:\/\/www.leselfes.com\/it\/campo-estivo-per-adolescenti\/#breadcrumb"},"inLanguage":"it-IT","potentialAction":[{"@type":"ReadAction","target":["https:\/\/www.leselfes.com\/it\/campo-estivo-per-adolescenti\/"]}]},{"@type":"ImageObject","inLanguage":"it-IT","@id":"https:\/\/www.leselfes.com\/it\/campo-estivo-per-adolescenti\/#primaryimage","url":"https:\/\/www.leselfes.com\/wp-content\/uploads\/2020\/05\/7a.jpg","contentUrl":"https:\/\/www.leselfes.com\/wp-content\/uploads\/2020\/05\/7a.jpg","width":771,"height":454},{"@type":"BreadcrumbList","@id":"https:\/\/www.leselfes.com\/it\/campo-estivo-per-adolescenti\/#breadcrumb","itemListElement":[{"@type":"ListItem","position":1,"name":"Home","item":"https:\/\/www.leselfes.com\/it\/"},{"@type":"ListItem","position":2,"name":"Campo estivo per adolescenti"}]},{"@type":"WebSite","@id":"https:\/\/dev.leselfes.com\/#website","url":"https:\/\/dev.leselfes.com\/","name":"Les Elfes International","description":"Les Elfes International, Verbier Switzerland. Summer Camp, Winter Camp, Spring Camps.","publisher":{"@id":"https:\/\/dev.leselfes.com\/#organization"},"alternateName":"Les Elfes International","potentialAction":[{"@type":"SearchAction","target":{"@type":"EntryPoint","urlTemplate":"https:\/\/dev.leselfes.com\/?s={search_term_string}"},"query-input":{"@type":"PropertyValueSpecification","valueRequired":true,"valueName":"search_term_string"}}],"inLanguage":"it-IT"},{"@type":"Organization","@id":"https:\/\/dev.leselfes.com\/#organization","name":"Les Elfes International","alternateName":"Les Elfes International","url":"https:\/\/dev.leselfes.com\/","logo":{"@type":"ImageObject","inLanguage":"it-IT","@id":"https:\/\/dev.leselfes.com\/#\/schema\/logo\/image\/","url":"https:\/\/www.leselfes.com\/wp-content\/uploads\/2022\/03\/leselfes-logo.png","contentUrl":"https:\/\/www.leselfes.com\/wp-content\/uploads\/2022\/03\/leselfes-logo.png","width":233,"height":51,"caption":"Les Elfes International"},"image":{"@id":"https:\/\/dev.leselfes.com\/#\/schema\/logo\/image\/"},"sameAs":["https:\/\/www.facebook.com\/LesElfesVerbier","https:\/\/x.com\/LesElfesCamps","https:\/\/www.instagram.com\/leselfes","https:\/\/www.linkedin.com\/company\/les-elfes-international","https:\/\/www.youtube.com\/user\/LesElfesVerbier"]},{"@type":"Person","@id":"https:\/\/dev.leselfes.com\/#\/schema\/person\/407a229698868b8c603874b19f37f289","name":"lesadmin","image":{"@type":"ImageObject","inLanguage":"it-IT","@id":"https:\/\/dev.leselfes.com\/#\/schema\/person\/image\/","url":"https:\/\/secure.gravatar.com\/avatar\/fdb243a028df450397b3632d862f87f6?s=96&d=mm&r=g","contentUrl":"https:\/\/secure.gravatar.com\/avatar\/fdb243a028df450397b3632d862f87f6?s=96&d=mm&r=g","caption":"lesadmin"},"url":"https:\/\/www.leselfes.com\/it\/author\/lesadmin\/"}]}},"_links":{"self":[{"href":"https:\/\/www.leselfes.com\/it\/wp-json\/wp\/v2\/posts\/92948"}],"collection":[{"href":"https:\/\/www.leselfes.com\/it\/wp-json\/wp\/v2\/posts"}],"about":[{"href":"https:\/\/www.leselfes.com\/it\/wp-json\/wp\/v2\/types\/post"}],"author":[{"embeddable":true,"href":"https:\/\/www.leselfes.com\/it\/wp-json\/wp\/v2\/users\/1"}],"replies":[{"embeddable":true,"href":"https:\/\/www.leselfes.com\/it\/wp-json\/wp\/v2\/comments?post=92948"}],"version-history":[{"count":0,"href":"https:\/\/www.leselfes.com\/it\/wp-json\/wp\/v2\/posts\/92948\/revisions"}],"wp:featuredmedia":[{"embeddable":true,"href":"https:\/\/www.leselfes.com\/it\/wp-json\/wp\/v2\/media\/73014"}],"wp:attachment":[{"href":"https:\/\/www.leselfes.com\/it\/wp-json\/wp\/v2\/media?parent=92948"}],"wp:term":[{"taxonomy":"category","embeddable":true,"href":"https:\/\/www.leselfes.com\/it\/wp-json\/wp\/v2\/categories?post=92948"},{"taxonomy":"post_tag","embeddable":true,"href":"https:\/\/www.leselfes.com\/it\/wp-json\/wp\/v2\/tags?post=92948"}],"curies":[{"name":"wp","href":"https:\/\/api.w.org\/{rel}","templated":true}]}}