{"id":93297,"date":"2023-01-31T06:25:31","date_gmt":"2023-01-31T05:25:31","guid":{"rendered":"https:\/\/www.leselfes.com\/celebrita-in-visita-a-verbier-svizzera\/"},"modified":"2024-11-12T12:37:51","modified_gmt":"2024-11-12T11:37:51","slug":"celebrita-in-visita-a-verbier-svizzera","status":"publish","type":"post","link":"https:\/\/www.leselfes.com\/it\/celebrita-in-visita-a-verbier-svizzera\/","title":{"rendered":"Celebrit\u00e0 in visita a Verbier Svizzera"},"content":{"rendered":"<p>\n\n<p>La Svizzera \u00e8 uno dei paesi da visitare assolutamente, noto per le sue montagne mozzafiato e i suoi splendidi paesaggi.\nMolte celebrit\u00e0 si recano in questo paese per rilassarsi, fare shopping, assaporare la vita notturna, sciare e gustare alcuni dei migliori cioccolati, formaggi e vini del mondo.\nIl Paese ospita ogni anno alcune delle celebrit\u00e0 pi\u00f9 famose del mondo.    <strong>Perch\u00e9 le celebrit\u00e0 amano la Svizzera?<\/strong>  Quali celebrit\u00e0 hanno spuntato il paese dalla loro lista dei desideri?\nScopriamolo qui di seguito.   <\/p>\n<p><\/p><\/p>\n<p>\n\n<p><a href=\"https:\/\/www.leselfes.com\/it\/?page_id=90111\" target=\"_blank\" rel=\"noopener\"><button style=\"background-color: #1e93c2; color: #fff; border: #E2804A;\" type=\"button\">Partecipa al Campo Invernale Svizzera<\/button><\/a><\/p>\n<p><\/p><\/p>\n<h4>\n\t\t\t\t<div id=\"ez-toc-container\" class=\"ez-toc-v2_0_73 ez-toc-wrap-left counter-hierarchy ez-toc-counter ez-toc-grey ez-toc-container-direction\">\n<div class=\"ez-toc-title-container\">\n<span class=\"ez-toc-title ez-toc-toggle\" style=\"cursor:pointer\">Table of Contents<\/span>\n<span class=\"ez-toc-title-toggle\"><a href=\"#\" class=\"ez-toc-pull-right ez-toc-btn ez-toc-btn-xs ez-toc-btn-default ez-toc-toggle\" aria-label=\"Toggle Table of Content\"><span class=\"ez-toc-js-icon-con\"><span class=\"\"><span class=\"eztoc-hide\" style=\"display:none;\">Toggle<\/span><span class=\"ez-toc-icon-toggle-span\"><svg style=\"fill: #999;color:#999\" xmlns=\"http:\/\/www.w3.org\/2000\/svg\" class=\"list-377408\" width=\"20px\" height=\"20px\" viewBox=\"0 0 24 24\" fill=\"none\"><path d=\"M6 6H4v2h2V6zm14 0H8v2h12V6zM4 11h2v2H4v-2zm16 0H8v2h12v-2zM4 16h2v2H4v-2zm16 0H8v2h12v-2z\" fill=\"currentColor\"><\/path><\/svg><svg style=\"fill: #999;color:#999\" class=\"arrow-unsorted-368013\" xmlns=\"http:\/\/www.w3.org\/2000\/svg\" width=\"10px\" height=\"10px\" viewBox=\"0 0 24 24\" version=\"1.2\" baseProfile=\"tiny\"><path d=\"M18.2 9.3l-6.2-6.3-6.2 6.3c-.2.2-.3.4-.3.7s.1.5.3.7c.2.2.4.3.7.3h11c.3 0 .5-.1.7-.3.2-.2.3-.5.3-.7s-.1-.5-.3-.7zM5.8 14.7l6.2 6.3 6.2-6.3c.2-.2.3-.5.3-.7s-.1-.5-.3-.7c-.2-.2-.4-.3-.7-.3h-11c-.3 0-.5.1-.7.3-.2.2-.3.5-.3.7s.1.5.3.7z\"\/><\/svg><\/span><\/span><\/span><\/a><\/span><\/div>\n<nav><ul class='ez-toc-list ez-toc-list-level-1 eztoc-toggle-hide-by-default' ><li class='ez-toc-page-1 ez-toc-heading-level-2'><a class=\"ez-toc-link ez-toc-heading-1\" href=\"https:\/\/www.leselfes.com\/it\/celebrita-in-visita-a-verbier-svizzera\/#Dove_vanno_le_celebrita_in_Svizzera\" title=\"Dove vanno le celebrit\u00e0 in Svizzera?\">Dove vanno le celebrit\u00e0 in Svizzera?<\/a><ul class='ez-toc-list-level-3' ><li class='ez-toc-heading-level-3'><a class=\"ez-toc-link ez-toc-heading-2\" href=\"https:\/\/www.leselfes.com\/it\/celebrita-in-visita-a-verbier-svizzera\/#%E2%80%93_Verbier\" title=\"&#8211; Verbier\">&#8211; Verbier<\/a><\/li><li class='ez-toc-page-1 ez-toc-heading-level-3'><a class=\"ez-toc-link ez-toc-heading-3\" href=\"https:\/\/www.leselfes.com\/it\/celebrita-in-visita-a-verbier-svizzera\/#%E2%80%93_Moritz\" title=\"&#8211; Moritz\">&#8211; Moritz<\/a><\/li><li class='ez-toc-page-1 ez-toc-heading-level-3'><a class=\"ez-toc-link ez-toc-heading-4\" href=\"https:\/\/www.leselfes.com\/it\/celebrita-in-visita-a-verbier-svizzera\/#%E2%80%93_Montreux\" title=\"&#8211; Montreux\">&#8211; Montreux<\/a><\/li><li class='ez-toc-page-1 ez-toc-heading-level-3'><a class=\"ez-toc-link ez-toc-heading-5\" href=\"https:\/\/www.leselfes.com\/it\/celebrita-in-visita-a-verbier-svizzera\/#%E2%80%93_Zurigo\" title=\"&#8211; Zurigo\">&#8211; Zurigo<\/a><\/li><li class='ez-toc-page-1 ez-toc-heading-level-3'><a class=\"ez-toc-link ez-toc-heading-6\" href=\"https:\/\/www.leselfes.com\/it\/celebrita-in-visita-a-verbier-svizzera\/#%E2%80%93_Zermatt\" title=\"&#8211; Zermatt\">&#8211; Zermatt<\/a><\/li><li class='ez-toc-page-1 ez-toc-heading-level-3'><a class=\"ez-toc-link ez-toc-heading-7\" href=\"https:\/\/www.leselfes.com\/it\/celebrita-in-visita-a-verbier-svizzera\/#%E2%80%93_Davos-Klosters\" title=\"&#8211; Davos-Klosters\">&#8211; Davos-Klosters<\/a><\/li><\/ul><\/li><li class='ez-toc-page-1 ez-toc-heading-level-2'><a class=\"ez-toc-link ez-toc-heading-8\" href=\"https:\/\/www.leselfes.com\/it\/celebrita-in-visita-a-verbier-svizzera\/#Perche_Verbier_e_cosi_popolare\" title=\"Perch\u00e9 Verbier \u00e8 cos\u00ec popolare?\">Perch\u00e9 Verbier \u00e8 cos\u00ec popolare?<\/a><\/li><li class='ez-toc-page-1 ez-toc-heading-level-2'><a class=\"ez-toc-link ez-toc-heading-9\" href=\"https:\/\/www.leselfes.com\/it\/celebrita-in-visita-a-verbier-svizzera\/#Dove_sciano_le_celebrita_in_Svizzera\" title=\"Dove sciano le celebrit\u00e0 in Svizzera?\">Dove sciano le celebrit\u00e0 in Svizzera?<\/a><ul class='ez-toc-list-level-3' ><li class='ez-toc-heading-level-3'><a class=\"ez-toc-link ez-toc-heading-10\" href=\"https:\/\/www.leselfes.com\/it\/celebrita-in-visita-a-verbier-svizzera\/#%E2%80%93_Verbier-2\" title=\"&#8211; Verbier\">&#8211; Verbier<\/a><\/li><li class='ez-toc-page-1 ez-toc-heading-level-3'><a class=\"ez-toc-link ez-toc-heading-11\" href=\"https:\/\/www.leselfes.com\/it\/celebrita-in-visita-a-verbier-svizzera\/#%E2%80%93_Crans_Montana\" title=\"&#8211; Crans Montana\">&#8211; Crans Montana<\/a><\/li><\/ul><\/li><li class='ez-toc-page-1 ez-toc-heading-level-2'><a class=\"ez-toc-link ez-toc-heading-12\" href=\"https:\/\/www.leselfes.com\/it\/celebrita-in-visita-a-verbier-svizzera\/#Chi_sono_le_celebrita_che_visitano_Verbier_in_Svizzera\" title=\"Chi sono le celebrit\u00e0 che visitano Verbier in Svizzera?\">Chi sono le celebrit\u00e0 che visitano Verbier in Svizzera?<\/a><\/li><li class='ez-toc-page-1 ez-toc-heading-level-2'><a class=\"ez-toc-link ez-toc-heading-13\" href=\"https:\/\/www.leselfes.com\/it\/celebrita-in-visita-a-verbier-svizzera\/#Come_si_arriva_a_Verbier\" title=\"Come si arriva a Verbier?\">Come si arriva a Verbier?<\/a><ul class='ez-toc-list-level-3' ><li class='ez-toc-heading-level-3'><a class=\"ez-toc-link ez-toc-heading-14\" href=\"https:\/\/www.leselfes.com\/it\/celebrita-in-visita-a-verbier-svizzera\/#%E2%80%93_Voli_per_Verbier\" title=\"&#8211; Voli per Verbier\">&#8211; Voli per Verbier<\/a><\/li><li class='ez-toc-page-1 ez-toc-heading-level-3'><a class=\"ez-toc-link ez-toc-heading-15\" href=\"https:\/\/www.leselfes.com\/it\/celebrita-in-visita-a-verbier-svizzera\/#%E2%80%93_Trasferimenti_dallhotel_e_dallaeroporto\" title=\"&#8211; Trasferimenti dall&#8217;hotel e dall&#8217;aeroporto\">&#8211; Trasferimenti dall&#8217;hotel e dall&#8217;aeroporto<\/a><\/li><li class='ez-toc-page-1 ez-toc-heading-level-3'><a class=\"ez-toc-link ez-toc-heading-16\" href=\"https:\/\/www.leselfes.com\/it\/celebrita-in-visita-a-verbier-svizzera\/#%E2%80%93_Trasporto_in_autobus_o_in_treno_per_Verbier\" title=\"&#8211; Trasporto in autobus o in treno per Verbier\">&#8211; Trasporto in autobus o in treno per Verbier<\/a><\/li><li class='ez-toc-page-1 ez-toc-heading-level-3'><a class=\"ez-toc-link ez-toc-heading-17\" href=\"https:\/\/www.leselfes.com\/it\/celebrita-in-visita-a-verbier-svizzera\/#%E2%80%93_Autobus_da_Aosta\" title=\"&#8211; Autobus da Aosta\">&#8211; Autobus da Aosta<\/a><\/li><li class='ez-toc-page-1 ez-toc-heading-level-3'><a class=\"ez-toc-link ez-toc-heading-18\" href=\"https:\/\/www.leselfes.com\/it\/celebrita-in-visita-a-verbier-svizzera\/#%E2%80%93_Guida_a_Verbier\" title=\"&#8211; Guida a Verbier\">&#8211; Guida a Verbier<\/a><\/li><li class='ez-toc-page-1 ez-toc-heading-level-3'><a class=\"ez-toc-link ez-toc-heading-19\" href=\"https:\/\/www.leselfes.com\/it\/celebrita-in-visita-a-verbier-svizzera\/#%E2%80%93_Noleggio_auto\" title=\"&#8211; Noleggio auto\">&#8211; Noleggio auto<\/a><\/li><\/ul><\/li><li class='ez-toc-page-1 ez-toc-heading-level-2'><a class=\"ez-toc-link ez-toc-heading-20\" href=\"https:\/\/www.leselfes.com\/it\/celebrita-in-visita-a-verbier-svizzera\/#Finalmente\" title=\"Finalmente\">Finalmente<\/a><\/li><\/ul><\/nav><\/div>\n\t\t\t<\/h4>\n<p>\n\n<h2 class=\"wp-block-heading\"><span class=\"ez-toc-section\" id=\"Dove_vanno_le_celebrita_in_Svizzera\"><\/span>Dove vanno le celebrit\u00e0 in Svizzera?<span class=\"ez-toc-section-end\"><\/span><\/h2>\n<p><\/p><\/p>\n<p>\n\n<p>La Svizzera \u00e8 da tempo popolare tra le star per le sue citt\u00e0 raffinate, le irresistibili localit\u00e0 sciistiche, l&#8217;incredibile cultura, la musica, gli spettacolari alloggi a cinque stelle e l&#8217;arte.\nInoltre, i residenti svizzeri tengono alla discrezione e alla privacy, il che spiega perch\u00e9 molte celebrit\u00e0 preferiscono visitare regolarmente la Svizzera.\nQuali sono i luoghi che le celebrit\u00e0 visitano in Svizzera?  <\/p>\n<p><\/p><\/p>\n<p>\n\n<h3 class=\"wp-block-heading\"><span class=\"ez-toc-section\" id=\"%E2%80%93_Verbier\"><\/span>&#8211; Verbier<span class=\"ez-toc-section-end\"><\/span><\/h3>\n<p><img loading=\"lazy\" decoding=\"async\" src=\"https:\/\/www.leselfes.com\/wp-content\/uploads\/2023\/03\/Verbier.jpg\" alt=\"Verbier\" width=\"631\" height=\"465\"\/><\/p>\n<p><\/p><\/p>\n<p>\n\n<p><strong>Verbier \u00e8 una delle principali localit\u00e0 sciistiche della Svizzera per le celebrit\u00e0.<\/strong>  Il villaggio alpino ha ospitato personaggi famosi, come Beckham e James Blunt.\nIl Lodge, uno chalet con 18 persone, e il Duca e la Duchessa di York.\nIl luogo pi\u00f9 popolare della vita notturna di Verbier \u00e8 il Farm club, dove le celebrit\u00e0 si recano regolarmente.\nLe celebrit\u00e0 amano il fatto che i locali sono solitamente affollati, riducendo cos\u00ec le possibilit\u00e0 che le persone li riconoscano.   <\/p>\n<p><\/p><\/p>\n<p>\n\n<h3 class=\"wp-block-heading\"><span class=\"ez-toc-section\" id=\"%E2%80%93_Moritz\"><\/span>&#8211; Moritz<span class=\"ez-toc-section-end\"><\/span><\/h3>\n<p><\/p><\/p>\n<p>\n\n<p>St Moritz \u00e8 una localit\u00e0 di lusso per le celebrit\u00e0 situata nella valle dell&#8217;Engadina, in Svizzera.\nNumerose celebrit\u00e0 si recano in questa zona per provare le incredibili piste svizzere, soprattutto durante l&#8217;inverno.\nA St. Moritz si trovano alcuni dei migliori negozi di design e rinomati centri benessere.\nMoritz \u00e8 riconosciuta come il luogo in cui \u00e8 stato inventato lo sci.\nInoltre, ospita alcune delle pi\u00f9 vivaci feste di Capodanno.\nTra le celebrit\u00e0 che hanno visitato St. Moritz ci sono Ivana Trump, Liz Hurley, Robert de Niro e John Travolta.\nTra i luoghi da visitare a St. Moritz ci sono il casin\u00f2 del Kempinski Grand Hotel des Bains, il bar Mario del Badrutt e il club Dracula del Kulm Hotel.      <\/p>\n<p><\/p><\/p>\n<p>\n\n<h3 class=\"wp-block-heading\"><span class=\"ez-toc-section\" id=\"%E2%80%93_Montreux\"><\/span>&#8211; Montreux<span class=\"ez-toc-section-end\"><\/span><\/h3>\n<p><\/p><\/p>\n<p>\n<\/p>\n<p>\n\n<p>Montreux si trova sulle rive del Lago di Ginevra.\n\u00c8 un luogo di ritrovo per le celebrit\u00e0 da quando Lord Byron vi ha vissuto per mesi nel 1816.\nLa citt\u00e0 ospita il Montreux Jazz Festival.\nIl frontman dei Queen Freddie Mercury ha battezzato Montreux come la citt\u00e0 della pace.\nTra i personaggi famosi che hanno vissuto a Montreux ci sono Vladimir Nabokov, Ernest Hemingway, Graham Greene e Charlie Chaplin.    <\/p>\n<p><\/p><\/p>\n<p>\n\n<h3 class=\"wp-block-heading\"><span class=\"ez-toc-section\" id=\"%E2%80%93_Zurigo\"><\/span>&#8211; Zurigo<span class=\"ez-toc-section-end\"><\/span><\/h3>\n<p><\/p><\/p>\n<p>\n\n<p>Zurigo \u00e8 la citt\u00e0 pi\u00f9 grande della Svizzera.\nTra le celebrit\u00e0 che hanno visitato la citt\u00e0 c&#8217;\u00e8 Paris Hilton.\nHa trascorso un lungo periodo in citt\u00e0 mentre usciva con Thomas Gross, un miliardario locale.\nTina Turner \u00e8 una residente di lungo corso di Zurigo, con residenza a Kusnacht.\nNel 2014, Tina si \u00e8 sposata in citt\u00e0 e ha acquisito la cittadinanza svizzera.\nUna volta ha dichiarato di amare tutto della Svizzera.     <\/p>\n<p><\/p><\/p>\n<p>\n\n<h3 class=\"wp-block-heading\"><span class=\"ez-toc-section\" id=\"%E2%80%93_Zermatt\"><\/span>&#8211; Zermatt<span class=\"ez-toc-section-end\"><\/span><\/h3>\n<p><img loading=\"lazy\" decoding=\"async\" src=\"https:\/\/www.leselfes.com\/wp-content\/uploads\/2023\/03\/Zermatt.jpg\" alt=\"Zermatt\" width=\"626\" height=\"412\"\/><\/p>\n<p><\/p><\/p>\n<p>\n\n<p>Zermatt \u00e8 una localit\u00e0 sciistica svizzera sontuosa e discreta, molto amata dalle celebrit\u00e0.\nLa citt\u00e0, situata nel cantone del Vallese, offre una splendida vista sul Cervino.\nIn questa citt\u00e0 sono ammesse solo auto elettriche, il che garantisce un&#8217;aria pulita.\nFrida Lyngstad del gruppo musicale Abba vive a Zermatt con il suo compagno, mentre Phil Collins \u00e8 proprietario di uno chalet nella citt\u00e0.\nTra i personaggi famosi che sciano a Zermatt ci sono Angelina Jolie, Brad Pitt, Nicole Kidman, Angela Merkel, Thierry Henry e Robbie Williams.\nTra i luoghi di ritrovo pi\u00f9 famosi di Zermatt ci sono il Vernissage, che comprende una galleria, un nightclub, un ristorante, un bar e il Cervo, dove puoi bere qualcosa dopo lo sci, e Chez Vrony.     <\/p>\n<p><\/p><\/p>\n<p>\n\n<h3 class=\"wp-block-heading\"><span class=\"ez-toc-section\" id=\"%E2%80%93_Davos-Klosters\"><\/span>&#8211; Davos-Klosters<span class=\"ez-toc-section-end\"><\/span><\/h3>\n<p><\/p><\/p>\n<p>\n<\/p>\n<p>\n\n<p>Le citt\u00e0 vicine di Davos e Klosters sono famose per ospitare il WEF a gennaio di ogni anno.\nL&#8217;incontro attira celebrit\u00e0 e l&#8217;\u00e9lite mondiale del settore economico, finanziario e politico.\nLa regione \u00e8 anche molto frequentata dai reali britannici, svedesi e danesi, tra cui i principi William e Kate.\nAnche Renee Zellweger e Leonardo DiCaprio sono stati avvistati a Davos-Kolsters.\nA Davos-Klosters ci sono numerosi chalet che permettono alle celebrit\u00e0 di vivere un&#8217;esperienza anonima.    <\/p>\n<p><\/p><\/p>\n<p>\n\n<h2 class=\"wp-block-heading\"><span class=\"ez-toc-section\" id=\"Perche_Verbier_e_cosi_popolare\"><\/span>Perch\u00e9 Verbier \u00e8 cos\u00ec popolare?<span class=\"ez-toc-section-end\"><\/span><\/h2>\n<p><\/p><\/p>\n<p>\n\n<p>Verbier si trova a 1500 metri di altezza in una conca naturale.\n\u00c8 una splendida stazione sciistica senza i grattacieli famosi in altre localit\u00e0 alpine.\nGli chalet di Verbier sono rivolti verso sud-ovest.\nA differenza di altre localit\u00e0 sciistiche della Svizzera, Verbier gode di molte giornate di sole e di un incredibile paesaggio montano.\nGrazie all&#8217;alta quota di Verbier, i visitatori hanno sempre la garanzia della neve e la possibilit\u00e0 di sciare lungo il ghiacciaio durante l&#8217;inverno.      <\/p>\n<p>Verbier fa parte del comprensorio sciistico delle Quattro Valli, che offre 93 moderni impianti di risalita e oltre 400 chilometri di piste.\nLa vasta area sciistica garantisce qualcosa per ogni sciatore.\nVerbier \u00e8 una delle migliori stazioni fuoripista delle Alpi, il che la rende un paradiso per gli sciatori.\n\u00c8 ideale per gli amanti della vita notturna e offre numerose discoteche e bar.\nLa regione offre alcuni dei migliori locali notturni e attivit\u00e0 apres-ski delle Alpi svizzere.\nSe non hai voglia di sciare, puoi visitare le gallerie d&#8217;arte e i musei alpini, fare shopping, rilassarti in una sauna o fare un tuffo in una piscina coperta.     <\/p>\n<p><\/p><\/p>\n<p>\n\n<h2 class=\"wp-block-heading\"><span class=\"ez-toc-section\" id=\"Dove_sciano_le_celebrita_in_Svizzera\"><\/span>Dove sciano le celebrit\u00e0 in Svizzera?<span class=\"ez-toc-section-end\"><\/span><\/h2>\n<p><img loading=\"lazy\" decoding=\"async\" src=\"https:\/\/www.leselfes.com\/wp-content\/uploads\/2023\/03\/Ski-in-Switzerland.jpg\" alt=\"Ski in Switzerland\" width=\"626\" height=\"419\"\/><\/p>\n<p><\/p><\/p>\n<p>\n<\/p>\n<p>\n\n<p>Gstaad \u00e8 una delle localit\u00e0 pi\u00f9 amate dalle celebrit\u00e0.\nOffre piste morbide e polverose, ristoranti di lusso, boutique di lusso, sentieri escursionistici e hotel e chalet di lusso.\nGstaad ha resistito alle pressioni di espansione per mantenere l&#8217;esclusivit\u00e0, rendendola una localit\u00e0 popolare per le celebrit\u00e0.\nTra i personaggi famosi che hanno sciato a Gstaad ci sono Madonna, Pari Hilton, David Bowie e i reali thailandesi.   <\/p>\n<p><\/p><\/p>\n<p>\n\n<h3 class=\"wp-block-heading\"><span class=\"ez-toc-section\" id=\"%E2%80%93_Verbier-2\"><\/span>&#8211; Verbier<span class=\"ez-toc-section-end\"><\/span><\/h3>\n<p><\/p><\/p>\n<p>\n\n<p>Verbier offre una vista panoramica completa del massiccio dei Combins e del Monte Bianco.\nI visitatori possono praticare snow bike, sci, <a href=\"\" target=\"\" rel=\"noopener\">snowboard<\/a>, slittino e parapendio.\nGli sport invernali sono molto popolari tra le celebrit\u00e0 che visitano Verbier durante l&#8217;inverno.  <\/p>\n<p><\/p><\/p>\n<p>\n\n<h3 class=\"wp-block-heading\"><span class=\"ez-toc-section\" id=\"%E2%80%93_Crans_Montana\"><\/span>&#8211; Crans Montana<span class=\"ez-toc-section-end\"><\/span><\/h3>\n<p><\/p><\/p>\n<p>\n\n<figure><\/figure>\n<p><img loading=\"lazy\" decoding=\"async\" src=\"https:\/\/www.leselfes.com\/wp-content\/uploads\/2023\/03\/Crans-Montana.jpg\" alt=\"Crans Montana\" width=\"624\" height=\"348\"\/><\/p>\n<p><\/p><\/p>\n<p>\n\n<p>Crans Montana \u00e8 una localit\u00e0 sciistica ideale che attira ogni anno numerose celebrit\u00e0.\n\u00c8 la localit\u00e0 perfetta per sciare al sole durante l&#8217;inverno.\nCrans Montana \u00e8 un luogo tranquillo e silenzioso, il che spiega perch\u00e9 molte celebrit\u00e0 amano sciare qui.  <\/p>\n<p><\/p><\/p>\n<p>\n\n<h2 class=\"wp-block-heading\"><span class=\"ez-toc-section\" id=\"Chi_sono_le_celebrita_che_visitano_Verbier_in_Svizzera\"><\/span>Chi sono le celebrit\u00e0 che visitano Verbier in Svizzera?<span class=\"ez-toc-section-end\"><\/span><\/h2>\n<p><\/p><\/p>\n<p>\n\n<p>Pur essendo una stazione sciistica, Verbier assomiglia a una citt\u00e0 svizzera e attira una comunit\u00e0 fiorente tutto l&#8217;anno.\nVanta bar per il dopo sci come Le Pub Mont Fort, il Farinet e ristoranti stellati Michelin.\nVerbier \u00e8 una meta ambita da celebrit\u00e0 come Jude Law, Priyanka Chopra Jonas e Nick Jonas, James Blunt, il Principe Harry, Jamie Oliver, Ronan Keating, Barack Obama e Leonardo di Caprio.\nPixie Lott ha visitato Verbier con Oliver Cheshire, il suo fidanzato, per Capodanno e ha soggiornato al Le Farinet Lounge.   <\/p>\n<p><\/p><\/p>\n<p>\n\n<h2 class=\"wp-block-heading\"><span class=\"ez-toc-section\" id=\"Come_si_arriva_a_Verbier\"><\/span>Come si arriva a Verbier?<span class=\"ez-toc-section-end\"><\/span><\/h2>\n<p><\/p><\/p>\n<p>\n\n<p>La stazione sciistica e il villaggio di Verbier si trovano nel cantone del Vallese, nel sud-ovest della Svizzera.\nSi trova a 160 chilometri a est dell&#8217;<a href=\"\" target=\"\" rel=\"noopener\">aeroporto di Ginevra<\/a>, a un&#8217;ora e mezza di auto da Aosta, Chamonix o Briga. Verbier ha una sola strada di accesso, che parte dalla citt\u00e0 di Le Chable.\n\u00c8 possibile accedere a Le Chable ton attraverso Sembrancher da ovest di Martigny o da sud dal Colle del San Bernardo.\nI visitatori possono raggiungere le altre regioni del comprensorio sciistico delle 4 Valli attraverso Sion.\nIl treno St Bernard Express \u00e8 il mezzo di trasporto preferito per raggiungere Verbier da Martigny.    <\/p>\n<p><\/p><\/p>\n<p>\n\n<h3 class=\"wp-block-heading\"><span class=\"ez-toc-section\" id=\"%E2%80%93_Voli_per_Verbier\"><\/span>&#8211; Voli per Verbier<span class=\"ez-toc-section-end\"><\/span><\/h3>\n<p><\/p><\/p>\n<p>\n\n<p>Ginevra \u00e8 la migliore porta d&#8217;accesso internazionale a Verbier, con facili trasferimenti tramite navetta privata, autobus o treno.\nSituato vicino a Verbier, l&#8217;aeroporto di Sion \u00e8 comodo per i viaggiatori provenienti da Zurigo o Londra. <\/p>\n<p><\/p><\/p>\n<p>\n\n<h3 class=\"wp-block-heading\"><span class=\"ez-toc-section\" id=\"%E2%80%93_Trasferimenti_dallhotel_e_dallaeroporto\"><\/span>&#8211; Trasferimenti dall&#8217;hotel e dall&#8217;aeroporto<span class=\"ez-toc-section-end\"><\/span><\/h3>\n<p><\/p><\/p>\n<p>\n\n<p>Gli appassionati di sci preferiscono salire a bordo del treno dall&#8217;aeroporto a Verbier perch\u00e9 possono passare alla prima classe nella maggior parte dei viaggi.\nLe celebrit\u00e0 e i grandi gruppi di viaggiatori preferiscono i trasferimenti privati al posto dei mezzi pubblici per raggiungere Verbier. <\/p>\n<p><\/p><\/p>\n<p>\n\n<h3 class=\"wp-block-heading\"><span class=\"ez-toc-section\" id=\"%E2%80%93_Trasporto_in_autobus_o_in_treno_per_Verbier\"><\/span>&#8211; Trasporto in autobus o in treno per Verbier<span class=\"ez-toc-section-end\"><\/span><\/h3>\n<p><\/p><\/p>\n<p>\n\n<p>Uno dei modi migliori e pi\u00f9 convenienti per raggiungere le 4 Valli e Verbier \u00e8 il treno.\nI viaggiatori possono raggiungere in treno diverse parti d&#8217;Europa, come Briga e l&#8217;aeroporto di Ginevra, passando per Martigny.\nIl treno IR90 opera direttamente dall&#8217;aeroporto di Ginevra a intervalli di 30 minuti fino a Martigny.    <\/p>\n<p>Il viaggio dura circa 1 ora e mezza.\nDa Briga, due o tre treni a cadenza oraria raggiungono Martigny per un tempo compreso tra i 50 e i 70 minuti.\nLa durata dipende dal numero di fermate che il treno effettua.\nSe scegli di arrivare a Sion in aereo, dovrai prendere un taxi o camminare per 2 km dall&#8217;aeroporto alla stazione ferroviaria.     <\/p>\n<p>I treni regolari effettuano corse di 12 minuti da Brig a Martigny.\nIl St Bernard Express arriva a Le Ch\u00e2ble ogni 30 minuti, da dove un taxi, un autobus o una gondola ti porteranno alla stazione sciistica.\nLa gondola di Verbier \u00e8 adiacente alla stazione ferroviaria di Le Ch\u00e2ble, recentemente rinnovata.  <\/p>\n<p><\/p><\/p>\n<p>\n\n<h3 class=\"wp-block-heading\"><span class=\"ez-toc-section\" id=\"%E2%80%93_Autobus_da_Aosta\"><\/span>&#8211; Autobus da Aosta<span class=\"ez-toc-section-end\"><\/span><\/h3>\n<p><\/p><\/p>\n<p>\n\n<p>Il treno \u00e8 il mezzo di trasporto pi\u00f9 efficace e comodo per molti viaggiatori.\nTuttavia, se viaggi da Aosta in Italia, puoi prendere l&#8217;autobus che opera due volte al giorno il marted\u00ec e il venerd\u00ec e una volta la domenica.\nL&#8217;autobus si ferma alla stazione ferroviaria di Sembrancher per collegarsi con il St Bernard Express per Le Chable e Verbier.  <\/p>\n<p><\/p><\/p>\n<p>\n\n<h3 class=\"wp-block-heading\"><span class=\"ez-toc-section\" id=\"%E2%80%93_Guida_a_Verbier\"><\/span>&#8211; Guida a Verbier<span class=\"ez-toc-section-end\"><\/span><\/h3>\n<p><\/p><\/p>\n<p>\n\n<p>Guidare fino a Verbier dovrebbe essere un&#8217;esperienza tranquilla.\nIl viaggio dall&#8217;Italia attraverso il Passo del Gran San Bernardo attraversa un terreno pi\u00f9 alto.\nUn tetto copre la strada da Crevacol e dovrai pagare tariffe esorbitanti al tunnel del Gran San Bernardo.\nL&#8217;ultimo tratto di strada da Le Chable a Verbier si estende per ben 700 metri in verticale.\nSe non ti senti sicuro di navigare su terreni ghiacciati, puoi parcheggiare gratuitamente la tua auto e prendere l&#8217;autobus postale o la gondola per raggiungere la stazione sciistica.    <\/p>\n<p><\/p><\/p>\n<p>\n\n<h3 class=\"wp-block-heading\"><span class=\"ez-toc-section\" id=\"%E2%80%93_Noleggio_auto\"><\/span>&#8211; Noleggio auto<span class=\"ez-toc-section-end\"><\/span><\/h3>\n<p><\/p><\/p>\n<p>\n\n<p>I servizi di noleggio auto sono disponibili in tutte le principali citt\u00e0 e aeroporti.\nTuttavia, molti snowboarder e sciatori non hanno bisogno di un&#8217;auto, a meno che non intendano visitare le stazioni sciistiche adiacenti.\nGli autonoleggi pi\u00f9 vicini a Verbier si trovano a Montreux e Losanna, Aigle e Bex, a nord di Martigny.\nSono raggiungibili in treno.\nI viaggiatori possono trovare auto anche all&#8217;aeroporto di Sion e in centro citt\u00e0.\nGli aeroporti di Zurigo e Ginevra sono i luoghi migliori per noleggiare un&#8217;auto in Svizzera.\nTuttavia, fai attenzione agli esorbitanti depositi cauzionali.      <\/p>\n<p><\/p><\/p>\n<p>\n\n<h2 class=\"wp-block-heading\"><span class=\"ez-toc-section\" id=\"Finalmente\"><\/span>Finalmente<span class=\"ez-toc-section-end\"><\/span><\/h2>\n<p><\/p><\/p>\n<p>\n\n<p>Verbier \u00e8 una delle principali destinazioni in Svizzera per le celebrit\u00e0, soprattutto in inverno.\nAlcune aree di questa stazione sciistica sono coperte di neve per tutto l&#8217;anno, il che la rende un punto di riferimento per gli appassionati di sport invernali.\nHai intenzione di visitare Verbier a breve?\nUsa questo articolo come guida per orientarti nella regione.   <\/p>\n<p><\/p><\/p>\n<p>\n\n<p><a href=\"https:\/\/www.leselfes.com\/it\/?page_id=90111\" target=\"_blank\" rel=\"noopener\"><button style=\"background-color: #1e93c2; color: #fff; border: #E2804A;\" type=\"button\">Partecipa al Campo Invernale Svizzera<\/button><\/a><\/p>\n<p><\/p><\/p>\n","protected":false},"excerpt":{"rendered":"<p>La Svizzera \u00e8 uno dei paesi da visitare assolutamente, noto per le sue montagne mozzafiato e i suoi splendidi paesaggi. Molte celebrit\u00e0 si recano in questo paese per rilassarsi, fare&#8230;<\/p>\n","protected":false},"author":6,"featured_media":79362,"comment_status":"closed","ping_status":"open","sticky":false,"template":"","format":"standard","meta":{"_acf_changed":false,"inline_featured_image":false,"footnotes":""},"categories":[1353,1354],"tags":[1441,1805],"class_list":{"0":"post-93297","1":"post","2":"type-post","3":"status-publish","4":"format-standard","5":"has-post-thumbnail","7":"category-articoli","8":"category-campo-invernale","9":"tag-campo-invernale","10":"tag-celebrita-in-visita-a-verbier-svizzera"},"acf":[],"yoast_head":"<!-- This site is optimized with the Yoast SEO Premium plugin v24.2 (Yoast SEO v24.7) - https:\/\/yoast.com\/wordpress\/plugins\/seo\/ -->\n<title>Celebrit\u00e0 in visita a Verbier Svizzera<\/title>\n<meta name=\"description\" content=\"Celebrit\u00e0 in visita a Verbier Svizzera - Jude Law, Priyanka Chopra Jonas e Nick Jonas, James Blunt, il Principe Harry e altri ancora.\" \/>\n<meta name=\"robots\" content=\"index, follow, max-snippet:-1, max-image-preview:large, max-video-preview:-1\" \/>\n<link rel=\"canonical\" href=\"https:\/\/www.leselfes.com\/it\/celebrita-in-visita-a-verbier-svizzera\/\" \/>\n<meta property=\"og:locale\" content=\"it_IT\" \/>\n<meta property=\"og:type\" content=\"article\" \/>\n<meta property=\"og:title\" content=\"Celebrit\u00e0 in visita a Verbier Svizzera\" \/>\n<meta property=\"og:description\" content=\"Celebrit\u00e0 in visita a Verbier Svizzera - Jude Law, Priyanka Chopra Jonas e Nick Jonas, James Blunt, il Principe Harry e altri ancora.\" \/>\n<meta property=\"og:url\" content=\"https:\/\/www.leselfes.com\/it\/celebrita-in-visita-a-verbier-svizzera\/\" \/>\n<meta property=\"og:site_name\" content=\"Les Elfes International Camps Switzerland\" \/>\n<meta property=\"article:publisher\" content=\"https:\/\/www.facebook.com\/LesElfesVerbier\" \/>\n<meta property=\"article:published_time\" content=\"2023-01-31T05:25:31+00:00\" \/>\n<meta property=\"article:modified_time\" content=\"2024-11-12T11:37:51+00:00\" \/>\n<meta property=\"og:image\" content=\"https:\/\/dev.leselfes.com\/wp-content\/uploads\/2023\/01\/Celebrities-Visiting-Verbier-Switzerland.jpg\" \/>\n\t<meta property=\"og:image:width\" content=\"975\" \/>\n\t<meta property=\"og:image:height\" content=\"675\" \/>\n\t<meta property=\"og:image:type\" content=\"image\/jpeg\" \/>\n<meta name=\"author\" content=\"carlotta\" \/>\n<meta name=\"twitter:card\" content=\"summary_large_image\" \/>\n<meta name=\"twitter:creator\" content=\"@LesElfesCamps\" \/>\n<meta name=\"twitter:site\" content=\"@LesElfesCamps\" \/>\n<meta name=\"twitter:label1\" content=\"Scritto da\" \/>\n\t<meta name=\"twitter:data1\" content=\"carlotta\" \/>\n\t<meta name=\"twitter:label2\" content=\"Tempo di lettura stimato\" \/>\n\t<meta name=\"twitter:data2\" content=\"9 minuti\" \/>\n<script type=\"application\/ld+json\" class=\"yoast-schema-graph\">{\"@context\":\"https:\/\/schema.org\",\"@graph\":[{\"@type\":\"Article\",\"@id\":\"https:\/\/www.leselfes.com\/it\/celebrita-in-visita-a-verbier-svizzera\/#article\",\"isPartOf\":{\"@id\":\"https:\/\/www.leselfes.com\/it\/celebrita-in-visita-a-verbier-svizzera\/\"},\"author\":{\"name\":\"carlotta\",\"@id\":\"https:\/\/dev.leselfes.com\/#\/schema\/person\/9e8c1c68ef43ed5c58fa46ac5d8ee338\"},\"headline\":\"Celebrit\u00e0 in visita a Verbier Svizzera\",\"datePublished\":\"2023-01-31T05:25:31+00:00\",\"dateModified\":\"2024-11-12T11:37:51+00:00\",\"mainEntityOfPage\":{\"@id\":\"https:\/\/www.leselfes.com\/it\/celebrita-in-visita-a-verbier-svizzera\/\"},\"wordCount\":1814,\"publisher\":{\"@id\":\"https:\/\/dev.leselfes.com\/#organization\"},\"image\":{\"@id\":\"https:\/\/www.leselfes.com\/it\/celebrita-in-visita-a-verbier-svizzera\/#primaryimage\"},\"thumbnailUrl\":\"https:\/\/www.leselfes.com\/wp-content\/uploads\/2023\/01\/Celebrities-Visiting-Verbier-Switzerland.jpg\",\"keywords\":[\"campo invernale\",\"Celebrit\u00e0 in visita a Verbier Svizzera\"],\"articleSection\":[\"Articoli\",\"Campo invernale\"],\"inLanguage\":\"it-IT\"},{\"@type\":\"WebPage\",\"@id\":\"https:\/\/www.leselfes.com\/it\/celebrita-in-visita-a-verbier-svizzera\/\",\"url\":\"https:\/\/www.leselfes.com\/it\/celebrita-in-visita-a-verbier-svizzera\/\",\"name\":\"Celebrit\u00e0 in visita a Verbier Svizzera\",\"isPartOf\":{\"@id\":\"https:\/\/dev.leselfes.com\/#website\"},\"primaryImageOfPage\":{\"@id\":\"https:\/\/www.leselfes.com\/it\/celebrita-in-visita-a-verbier-svizzera\/#primaryimage\"},\"image\":{\"@id\":\"https:\/\/www.leselfes.com\/it\/celebrita-in-visita-a-verbier-svizzera\/#primaryimage\"},\"thumbnailUrl\":\"https:\/\/www.leselfes.com\/wp-content\/uploads\/2023\/01\/Celebrities-Visiting-Verbier-Switzerland.jpg\",\"datePublished\":\"2023-01-31T05:25:31+00:00\",\"dateModified\":\"2024-11-12T11:37:51+00:00\",\"description\":\"Celebrit\u00e0 in visita a Verbier Svizzera - Jude Law, Priyanka Chopra Jonas e Nick Jonas, James Blunt, il Principe Harry e altri ancora.\",\"breadcrumb\":{\"@id\":\"https:\/\/www.leselfes.com\/it\/celebrita-in-visita-a-verbier-svizzera\/#breadcrumb\"},\"inLanguage\":\"it-IT\",\"potentialAction\":[{\"@type\":\"ReadAction\",\"target\":[\"https:\/\/www.leselfes.com\/it\/celebrita-in-visita-a-verbier-svizzera\/\"]}]},{\"@type\":\"ImageObject\",\"inLanguage\":\"it-IT\",\"@id\":\"https:\/\/www.leselfes.com\/it\/celebrita-in-visita-a-verbier-svizzera\/#primaryimage\",\"url\":\"https:\/\/www.leselfes.com\/wp-content\/uploads\/2023\/01\/Celebrities-Visiting-Verbier-Switzerland.jpg\",\"contentUrl\":\"https:\/\/www.leselfes.com\/wp-content\/uploads\/2023\/01\/Celebrities-Visiting-Verbier-Switzerland.jpg\",\"width\":975,\"height\":675},{\"@type\":\"BreadcrumbList\",\"@id\":\"https:\/\/www.leselfes.com\/it\/celebrita-in-visita-a-verbier-svizzera\/#breadcrumb\",\"itemListElement\":[{\"@type\":\"ListItem\",\"position\":1,\"name\":\"Home\",\"item\":\"https:\/\/www.leselfes.com\/it\/\"},{\"@type\":\"ListItem\",\"position\":2,\"name\":\"Celebrit\u00e0 in visita a Verbier Svizzera\"}]},{\"@type\":\"WebSite\",\"@id\":\"https:\/\/dev.leselfes.com\/#website\",\"url\":\"https:\/\/dev.leselfes.com\/\",\"name\":\"Les Elfes International\",\"description\":\"Les Elfes International, Verbier Switzerland. Summer Camp, Winter Camp, Spring Camps.\",\"publisher\":{\"@id\":\"https:\/\/dev.leselfes.com\/#organization\"},\"alternateName\":\"Les Elfes International\",\"potentialAction\":[{\"@type\":\"SearchAction\",\"target\":{\"@type\":\"EntryPoint\",\"urlTemplate\":\"https:\/\/dev.leselfes.com\/?s={search_term_string}\"},\"query-input\":{\"@type\":\"PropertyValueSpecification\",\"valueRequired\":true,\"valueName\":\"search_term_string\"}}],\"inLanguage\":\"it-IT\"},{\"@type\":\"Organization\",\"@id\":\"https:\/\/dev.leselfes.com\/#organization\",\"name\":\"Les Elfes International\",\"alternateName\":\"Les Elfes International\",\"url\":\"https:\/\/dev.leselfes.com\/\",\"logo\":{\"@type\":\"ImageObject\",\"inLanguage\":\"it-IT\",\"@id\":\"https:\/\/dev.leselfes.com\/#\/schema\/logo\/image\/\",\"url\":\"https:\/\/www.leselfes.com\/wp-content\/uploads\/2022\/03\/leselfes-logo.png\",\"contentUrl\":\"https:\/\/www.leselfes.com\/wp-content\/uploads\/2022\/03\/leselfes-logo.png\",\"width\":233,\"height\":51,\"caption\":\"Les Elfes International\"},\"image\":{\"@id\":\"https:\/\/dev.leselfes.com\/#\/schema\/logo\/image\/\"},\"sameAs\":[\"https:\/\/www.facebook.com\/LesElfesVerbier\",\"https:\/\/x.com\/LesElfesCamps\",\"https:\/\/www.instagram.com\/leselfes\",\"https:\/\/www.linkedin.com\/company\/les-elfes-international\",\"https:\/\/www.youtube.com\/user\/LesElfesVerbier\"]},{\"@type\":\"Person\",\"@id\":\"https:\/\/dev.leselfes.com\/#\/schema\/person\/9e8c1c68ef43ed5c58fa46ac5d8ee338\",\"name\":\"carlotta\",\"image\":{\"@type\":\"ImageObject\",\"inLanguage\":\"it-IT\",\"@id\":\"https:\/\/dev.leselfes.com\/#\/schema\/person\/image\/\",\"url\":\"https:\/\/secure.gravatar.com\/avatar\/fdb243a028df450397b3632d862f87f6?s=96&d=mm&r=g\",\"contentUrl\":\"https:\/\/secure.gravatar.com\/avatar\/fdb243a028df450397b3632d862f87f6?s=96&d=mm&r=g\",\"caption\":\"carlotta\"},\"description\":\"Since 1987, Les Elfes International organizes ski trips &amp; field trips for leading schools around the world as well as winter &amp; summer camps for individual students aged between 6 y.o. and 17 y.o. from more than 60 nationalities. Welcoming 5'000 children and more than 200 schools a year from December until the end of October, Les Elfes has become a leading provider in the individual and school\u2019s trip industry. Our Winter and Summer Camps, ski and field trips provide more than just great activities and experiences. We introduce lifelong skills such as communicating with others without phone or laptop and understanding the value of living in a community away from home. Moreover, campers will be able to build a strong friend network and fortify the relationship among future classmates.\",\"sameAs\":[\"https:\/\/www.linkedin.com\/company\/les-elfes-international\/\"],\"url\":\"https:\/\/www.leselfes.com\/it\/author\/carlotta\/\"}]}<\/script>\n<!-- \/ Yoast SEO Premium plugin. -->","yoast_head_json":{"title":"Celebrit\u00e0 in visita a Verbier Svizzera","description":"Celebrit\u00e0 in visita a Verbier Svizzera - Jude Law, Priyanka Chopra Jonas e Nick Jonas, James Blunt, il Principe Harry e altri ancora.","robots":{"index":"index","follow":"follow","max-snippet":"max-snippet:-1","max-image-preview":"max-image-preview:large","max-video-preview":"max-video-preview:-1"},"canonical":"https:\/\/www.leselfes.com\/it\/celebrita-in-visita-a-verbier-svizzera\/","og_locale":"it_IT","og_type":"article","og_title":"Celebrit\u00e0 in visita a Verbier Svizzera","og_description":"Celebrit\u00e0 in visita a Verbier Svizzera - Jude Law, Priyanka Chopra Jonas e Nick Jonas, James Blunt, il Principe Harry e altri ancora.","og_url":"https:\/\/www.leselfes.com\/it\/celebrita-in-visita-a-verbier-svizzera\/","og_site_name":"Les Elfes International Camps Switzerland","article_publisher":"https:\/\/www.facebook.com\/LesElfesVerbier","article_published_time":"2023-01-31T05:25:31+00:00","article_modified_time":"2024-11-12T11:37:51+00:00","og_image":[{"width":975,"height":675,"url":"https:\/\/dev.leselfes.com\/wp-content\/uploads\/2023\/01\/Celebrities-Visiting-Verbier-Switzerland.jpg","type":"image\/jpeg"}],"author":"carlotta","twitter_card":"summary_large_image","twitter_creator":"@LesElfesCamps","twitter_site":"@LesElfesCamps","twitter_misc":{"Scritto da":"carlotta","Tempo di lettura stimato":"9 minuti"},"schema":{"@context":"https:\/\/schema.org","@graph":[{"@type":"Article","@id":"https:\/\/www.leselfes.com\/it\/celebrita-in-visita-a-verbier-svizzera\/#article","isPartOf":{"@id":"https:\/\/www.leselfes.com\/it\/celebrita-in-visita-a-verbier-svizzera\/"},"author":{"name":"carlotta","@id":"https:\/\/dev.leselfes.com\/#\/schema\/person\/9e8c1c68ef43ed5c58fa46ac5d8ee338"},"headline":"Celebrit\u00e0 in visita a Verbier Svizzera","datePublished":"2023-01-31T05:25:31+00:00","dateModified":"2024-11-12T11:37:51+00:00","mainEntityOfPage":{"@id":"https:\/\/www.leselfes.com\/it\/celebrita-in-visita-a-verbier-svizzera\/"},"wordCount":1814,"publisher":{"@id":"https:\/\/dev.leselfes.com\/#organization"},"image":{"@id":"https:\/\/www.leselfes.com\/it\/celebrita-in-visita-a-verbier-svizzera\/#primaryimage"},"thumbnailUrl":"https:\/\/www.leselfes.com\/wp-content\/uploads\/2023\/01\/Celebrities-Visiting-Verbier-Switzerland.jpg","keywords":["campo invernale","Celebrit\u00e0 in visita a Verbier Svizzera"],"articleSection":["Articoli","Campo invernale"],"inLanguage":"it-IT"},{"@type":"WebPage","@id":"https:\/\/www.leselfes.com\/it\/celebrita-in-visita-a-verbier-svizzera\/","url":"https:\/\/www.leselfes.com\/it\/celebrita-in-visita-a-verbier-svizzera\/","name":"Celebrit\u00e0 in visita a Verbier Svizzera","isPartOf":{"@id":"https:\/\/dev.leselfes.com\/#website"},"primaryImageOfPage":{"@id":"https:\/\/www.leselfes.com\/it\/celebrita-in-visita-a-verbier-svizzera\/#primaryimage"},"image":{"@id":"https:\/\/www.leselfes.com\/it\/celebrita-in-visita-a-verbier-svizzera\/#primaryimage"},"thumbnailUrl":"https:\/\/www.leselfes.com\/wp-content\/uploads\/2023\/01\/Celebrities-Visiting-Verbier-Switzerland.jpg","datePublished":"2023-01-31T05:25:31+00:00","dateModified":"2024-11-12T11:37:51+00:00","description":"Celebrit\u00e0 in visita a Verbier Svizzera - Jude Law, Priyanka Chopra Jonas e Nick Jonas, James Blunt, il Principe Harry e altri ancora.","breadcrumb":{"@id":"https:\/\/www.leselfes.com\/it\/celebrita-in-visita-a-verbier-svizzera\/#breadcrumb"},"inLanguage":"it-IT","potentialAction":[{"@type":"ReadAction","target":["https:\/\/www.leselfes.com\/it\/celebrita-in-visita-a-verbier-svizzera\/"]}]},{"@type":"ImageObject","inLanguage":"it-IT","@id":"https:\/\/www.leselfes.com\/it\/celebrita-in-visita-a-verbier-svizzera\/#primaryimage","url":"https:\/\/www.leselfes.com\/wp-content\/uploads\/2023\/01\/Celebrities-Visiting-Verbier-Switzerland.jpg","contentUrl":"https:\/\/www.leselfes.com\/wp-content\/uploads\/2023\/01\/Celebrities-Visiting-Verbier-Switzerland.jpg","width":975,"height":675},{"@type":"BreadcrumbList","@id":"https:\/\/www.leselfes.com\/it\/celebrita-in-visita-a-verbier-svizzera\/#breadcrumb","itemListElement":[{"@type":"ListItem","position":1,"name":"Home","item":"https:\/\/www.leselfes.com\/it\/"},{"@type":"ListItem","position":2,"name":"Celebrit\u00e0 in visita a Verbier Svizzera"}]},{"@type":"WebSite","@id":"https:\/\/dev.leselfes.com\/#website","url":"https:\/\/dev.leselfes.com\/","name":"Les Elfes International","description":"Les Elfes International, Verbier Switzerland. Summer Camp, Winter Camp, Spring Camps.","publisher":{"@id":"https:\/\/dev.leselfes.com\/#organization"},"alternateName":"Les Elfes International","potentialAction":[{"@type":"SearchAction","target":{"@type":"EntryPoint","urlTemplate":"https:\/\/dev.leselfes.com\/?s={search_term_string}"},"query-input":{"@type":"PropertyValueSpecification","valueRequired":true,"valueName":"search_term_string"}}],"inLanguage":"it-IT"},{"@type":"Organization","@id":"https:\/\/dev.leselfes.com\/#organization","name":"Les Elfes International","alternateName":"Les Elfes International","url":"https:\/\/dev.leselfes.com\/","logo":{"@type":"ImageObject","inLanguage":"it-IT","@id":"https:\/\/dev.leselfes.com\/#\/schema\/logo\/image\/","url":"https:\/\/www.leselfes.com\/wp-content\/uploads\/2022\/03\/leselfes-logo.png","contentUrl":"https:\/\/www.leselfes.com\/wp-content\/uploads\/2022\/03\/leselfes-logo.png","width":233,"height":51,"caption":"Les Elfes International"},"image":{"@id":"https:\/\/dev.leselfes.com\/#\/schema\/logo\/image\/"},"sameAs":["https:\/\/www.facebook.com\/LesElfesVerbier","https:\/\/x.com\/LesElfesCamps","https:\/\/www.instagram.com\/leselfes","https:\/\/www.linkedin.com\/company\/les-elfes-international","https:\/\/www.youtube.com\/user\/LesElfesVerbier"]},{"@type":"Person","@id":"https:\/\/dev.leselfes.com\/#\/schema\/person\/9e8c1c68ef43ed5c58fa46ac5d8ee338","name":"carlotta","image":{"@type":"ImageObject","inLanguage":"it-IT","@id":"https:\/\/dev.leselfes.com\/#\/schema\/person\/image\/","url":"https:\/\/secure.gravatar.com\/avatar\/fdb243a028df450397b3632d862f87f6?s=96&d=mm&r=g","contentUrl":"https:\/\/secure.gravatar.com\/avatar\/fdb243a028df450397b3632d862f87f6?s=96&d=mm&r=g","caption":"carlotta"},"description":"Since 1987, Les Elfes International organizes ski trips &amp; field trips for leading schools around the world as well as winter &amp; summer camps for individual students aged between 6 y.o. and 17 y.o. from more than 60 nationalities. Welcoming 5'000 children and more than 200 schools a year from December until the end of October, Les Elfes has become a leading provider in the individual and school\u2019s trip industry. Our Winter and Summer Camps, ski and field trips provide more than just great activities and experiences. We introduce lifelong skills such as communicating with others without phone or laptop and understanding the value of living in a community away from home. Moreover, campers will be able to build a strong friend network and fortify the relationship among future classmates.","sameAs":["https:\/\/www.linkedin.com\/company\/les-elfes-international\/"],"url":"https:\/\/www.leselfes.com\/it\/author\/carlotta\/"}]}},"_links":{"self":[{"href":"https:\/\/www.leselfes.com\/it\/wp-json\/wp\/v2\/posts\/93297"}],"collection":[{"href":"https:\/\/www.leselfes.com\/it\/wp-json\/wp\/v2\/posts"}],"about":[{"href":"https:\/\/www.leselfes.com\/it\/wp-json\/wp\/v2\/types\/post"}],"author":[{"embeddable":true,"href":"https:\/\/www.leselfes.com\/it\/wp-json\/wp\/v2\/users\/6"}],"replies":[{"embeddable":true,"href":"https:\/\/www.leselfes.com\/it\/wp-json\/wp\/v2\/comments?post=93297"}],"version-history":[{"count":0,"href":"https:\/\/www.leselfes.com\/it\/wp-json\/wp\/v2\/posts\/93297\/revisions"}],"wp:featuredmedia":[{"embeddable":true,"href":"https:\/\/www.leselfes.com\/it\/wp-json\/wp\/v2\/media\/79362"}],"wp:attachment":[{"href":"https:\/\/www.leselfes.com\/it\/wp-json\/wp\/v2\/media?parent=93297"}],"wp:term":[{"taxonomy":"category","embeddable":true,"href":"https:\/\/www.leselfes.com\/it\/wp-json\/wp\/v2\/categories?post=93297"},{"taxonomy":"post_tag","embeddable":true,"href":"https:\/\/www.leselfes.com\/it\/wp-json\/wp\/v2\/tags?post=93297"}],"curies":[{"name":"wp","href":"https:\/\/api.w.org\/{rel}","templated":true}]}}