{"id":93356,"date":"2022-07-27T07:48:48","date_gmt":"2022-07-27T05:48:48","guid":{"rendered":"https:\/\/www.leselfes.com\/verbier-e-stata-nominata-la-migliore-stazione-sciistica-del-mondo\/"},"modified":"2024-11-12T12:39:14","modified_gmt":"2024-11-12T11:39:14","slug":"verbier-e-stata-nominata-la-migliore-stazione-sciistica-del-mondo","status":"publish","type":"post","link":"https:\/\/www.leselfes.com\/it\/verbier-e-stata-nominata-la-migliore-stazione-sciistica-del-mondo\/","title":{"rendered":"Verbier \u00e8 stata nominata la migliore stazione sciistica del mondo"},"content":{"rendered":"<\/p>\n\n\n<p>Le vacanze invernali offrono numerose opportunit\u00e0 ai campeggiatori di diverse fasce d&#8217;et\u00e0 di dedicarsi a varie attivit\u00e0 divertenti.\nSia che i genitori o i tutori scelgano un programma di attivit\u00e0 di un&#8217;intera giornata o di mezza giornata, \u00e8 molto probabile che i bambini si divertano durante le vacanze scolastiche invernali. <\/p>\n<p>\n<\/p><\/p>\n\n<p class=\"has-text-align-center\"><\/p><p><a href=\"https:\/\/www.leselfes.com\/it\/?page_id=90111\" target=\"_blank\" rel=\"noopener\"><button style=\"background-color: #e2804a; color: #fff; border: #E2804A;\" type=\"button\">Partecipa al Campo Invernale Svizzera<\/button><\/a><\/p>\n<p><!-- \/wp:paragraph --><\/p>\n<p><!-- wp:paragraph --><\/p>\n<p>I <strong>campi invernali per bambini <\/strong>offrono attivit\u00e0 entusiasmanti per membri, non membri e gruppi grandi e piccoli, come giochi da tavolo, giochi ninja, tiro con l&#8217;arco, slittino, giochi lego e ginnastica.<br \/>\nI campeggiatori possono anche imparare a conoscere la robotica e a padroneggiare le arti dello spettacolo nei loro campi vacanze post-scolastici. <\/p>\n<p><!-- \/wp:paragraph --><\/p>\n<p><!-- wp:paragraph --><\/p>\n<p>Continua a leggere per saperne di pi\u00f9 sui <b>campi inglesi in Europa<\/b>.<br \/>\nParleremo anche dei consigli per la sicurezza e la salute nei campi invernali per ragazzi e di come Verbier sia stata recentemente votata <b>come la migliore stazione sciistica del mondo<\/b>. <\/p>\n<p><!-- \/wp:paragraph --><\/p>\n<div id=\"ez-toc-container\" class=\"ez-toc-v2_0_73 ez-toc-wrap-left counter-hierarchy ez-toc-counter ez-toc-grey ez-toc-container-direction\">\n<div class=\"ez-toc-title-container\">\n<span class=\"ez-toc-title ez-toc-toggle\" style=\"cursor:pointer\">Table of Contents<\/span>\n<span class=\"ez-toc-title-toggle\"><a href=\"#\" class=\"ez-toc-pull-right ez-toc-btn ez-toc-btn-xs ez-toc-btn-default ez-toc-toggle\" aria-label=\"Toggle Table of Content\"><span class=\"ez-toc-js-icon-con\"><span class=\"\"><span class=\"eztoc-hide\" style=\"display:none;\">Toggle<\/span><span class=\"ez-toc-icon-toggle-span\"><svg style=\"fill: #999;color:#999\" xmlns=\"http:\/\/www.w3.org\/2000\/svg\" class=\"list-377408\" width=\"20px\" height=\"20px\" viewBox=\"0 0 24 24\" fill=\"none\"><path d=\"M6 6H4v2h2V6zm14 0H8v2h12V6zM4 11h2v2H4v-2zm16 0H8v2h12v-2zM4 16h2v2H4v-2zm16 0H8v2h12v-2z\" fill=\"currentColor\"><\/path><\/svg><svg style=\"fill: #999;color:#999\" class=\"arrow-unsorted-368013\" xmlns=\"http:\/\/www.w3.org\/2000\/svg\" width=\"10px\" height=\"10px\" viewBox=\"0 0 24 24\" version=\"1.2\" baseProfile=\"tiny\"><path d=\"M18.2 9.3l-6.2-6.3-6.2 6.3c-.2.2-.3.4-.3.7s.1.5.3.7c.2.2.4.3.7.3h11c.3 0 .5-.1.7-.3.2-.2.3-.5.3-.7s-.1-.5-.3-.7zM5.8 14.7l6.2 6.3 6.2-6.3c.2-.2.3-.5.3-.7s-.1-.5-.3-.7c-.2-.2-.4-.3-.7-.3h-11c-.3 0-.5.1-.7.3-.2.2-.3.5-.3.7s.1.5.3.7z\"\/><\/svg><\/span><\/span><\/span><\/a><\/span><\/div>\n<nav><ul class='ez-toc-list ez-toc-list-level-1 eztoc-toggle-hide-by-default' ><li class='ez-toc-page-1 ez-toc-heading-level-2'><a class=\"ez-toc-link ez-toc-heading-1\" href=\"https:\/\/www.leselfes.com\/it\/verbier-e-stata-nominata-la-migliore-stazione-sciistica-del-mondo\/#Verbier_e_stata_nominata_migliore_stazione_sciistica_del_mondo\" title=\"Verbier \u00e8 stata nominata migliore stazione sciistica del mondo\">Verbier \u00e8 stata nominata migliore stazione sciistica del mondo<\/a><\/li><li class='ez-toc-page-1 ez-toc-heading-level-2'><a class=\"ez-toc-link ez-toc-heading-2\" href=\"https:\/\/www.leselfes.com\/it\/verbier-e-stata-nominata-la-migliore-stazione-sciistica-del-mondo\/#Perche_Verbier_e_stata_nominata_migliore_stazione_sciistica_del_mondo\" title=\"Perch\u00e9 Verbier \u00e8 stata nominata migliore stazione sciistica del mondo\">Perch\u00e9 Verbier \u00e8 stata nominata migliore stazione sciistica del mondo<\/a><ul class='ez-toc-list-level-3' ><li class='ez-toc-heading-level-3'><a class=\"ez-toc-link ez-toc-heading-3\" href=\"https:\/\/www.leselfes.com\/it\/verbier-e-stata-nominata-la-migliore-stazione-sciistica-del-mondo\/#Sicurezza_sanitaria_a_Verbier_per_i_campi_invernali_per_bambini\" title=\"Sicurezza sanitaria a Verbier per i campi invernali per bambini\">Sicurezza sanitaria a Verbier per i campi invernali per bambini<\/a><\/li><\/ul><\/li><li class='ez-toc-page-1 ez-toc-heading-level-2'><a class=\"ez-toc-link ez-toc-heading-4\" href=\"https:\/\/www.leselfes.com\/it\/verbier-e-stata-nominata-la-migliore-stazione-sciistica-del-mondo\/#Linee_guida_per_la_sicurezza_a_Verbier_per_i_campi_invernali_per_bambini\" title=\"Linee guida per la sicurezza a Verbier per i campi invernali per bambini\">Linee guida per la sicurezza a Verbier per i campi invernali per bambini<\/a><ul class='ez-toc-list-level-3' ><li class='ez-toc-heading-level-3'><a class=\"ez-toc-link ez-toc-heading-5\" href=\"https:\/\/www.leselfes.com\/it\/verbier-e-stata-nominata-la-migliore-stazione-sciistica-del-mondo\/#%E2%80%93_Comportamento_e_regolazione_della_velocita\" title=\"&#8211;&nbsp;Comportamento e regolazione della velocit\u00e0\">&#8211;&nbsp;Comportamento e regolazione della velocit\u00e0<\/a><\/li><li class='ez-toc-page-1 ez-toc-heading-level-3'><a class=\"ez-toc-link ez-toc-heading-6\" href=\"https:\/\/www.leselfes.com\/it\/verbier-e-stata-nominata-la-migliore-stazione-sciistica-del-mondo\/#%E2%80%93_Layer_Up\" title=\"&#8211;&nbsp;Layer Up\">&#8211;&nbsp;Layer Up<\/a><\/li><li class='ez-toc-page-1 ez-toc-heading-level-3'><a class=\"ez-toc-link ez-toc-heading-7\" href=\"https:\/\/www.leselfes.com\/it\/verbier-e-stata-nominata-la-migliore-stazione-sciistica-del-mondo\/#%E2%80%93_Usa_piu_sacchi_a_pelo\" title=\"&#8211;&nbsp;Usa pi\u00f9 sacchi a pelo\">&#8211;&nbsp;Usa pi\u00f9 sacchi a pelo<\/a><\/li><li class='ez-toc-page-1 ez-toc-heading-level-3'><a class=\"ez-toc-link ez-toc-heading-8\" href=\"https:\/\/www.leselfes.com\/it\/verbier-e-stata-nominata-la-migliore-stazione-sciistica-del-mondo\/#%E2%80%93_Scelta_della_direzione\" title=\"&#8211;&nbsp;Scelta della direzione\">&#8211;&nbsp;Scelta della direzione<\/a><\/li><li class='ez-toc-page-1 ez-toc-heading-level-3'><a class=\"ez-toc-link ez-toc-heading-9\" href=\"https:\/\/www.leselfes.com\/it\/verbier-e-stata-nominata-la-migliore-stazione-sciistica-del-mondo\/#%C2%B7_Overtaking\" title=\"\u00b7&nbsp;Overtaking\">\u00b7&nbsp;Overtaking<\/a><\/li><li class='ez-toc-page-1 ez-toc-heading-level-3'><a class=\"ez-toc-link ez-toc-heading-10\" href=\"https:\/\/www.leselfes.com\/it\/verbier-e-stata-nominata-la-migliore-stazione-sciistica-del-mondo\/#%E2%80%93_Fermarsi_lungo_il_pendio\" title=\"&#8211;&nbsp;Fermarsi lungo il pendio\">&#8211;&nbsp;Fermarsi lungo il pendio<\/a><\/li><li class='ez-toc-page-1 ez-toc-heading-level-3'><a class=\"ez-toc-link ez-toc-heading-11\" href=\"https:\/\/www.leselfes.com\/it\/verbier-e-stata-nominata-la-migliore-stazione-sciistica-del-mondo\/#%E2%80%93_Salita_e_discesa_a_piedi\" title=\"&#8211; Salita e discesa a piedi\">&#8211; Salita e discesa a piedi<\/a><\/li><li class='ez-toc-page-1 ez-toc-heading-level-3'><a class=\"ez-toc-link ez-toc-heading-12\" href=\"https:\/\/www.leselfes.com\/it\/verbier-e-stata-nominata-la-migliore-stazione-sciistica-del-mondo\/#%E2%80%93_Rispetta_i_cartelli_e_le_indicazioni_e_assisti_se_possibile\" title=\"&#8211;&nbsp;Rispetta i cartelli e le indicazioni e assisti, se possibile.\">&#8211;&nbsp;Rispetta i cartelli e le indicazioni e assisti, se possibile.<\/a><\/li><\/ul><\/li><li class='ez-toc-page-1 ez-toc-heading-level-2'><a class=\"ez-toc-link ez-toc-heading-13\" href=\"https:\/\/www.leselfes.com\/it\/verbier-e-stata-nominata-la-migliore-stazione-sciistica-del-mondo\/#Finalmente\" title=\"Finalmente\">Finalmente<\/a><\/li><\/ul><\/nav><\/div>\n\n<p><!-- wp:heading --><\/p>\n<h2><span class=\"ez-toc-section\" id=\"Verbier_e_stata_nominata_migliore_stazione_sciistica_del_mondo\"><\/span>Verbier \u00e8 stata nominata migliore stazione sciistica del mondo<span class=\"ez-toc-section-end\"><\/span><\/h2>\n<p><!-- \/wp:heading --><\/p>\n<p><!-- wp:paragraph --><\/p>\n<p>Durante la recente edizione dei World Ski Awards, la localit\u00e0 svizzera di Verbier si \u00e8 aggiudicata il titolo di migliore stazione sciistica del mondo.<br \/>\nDiversi <a href=\"https:\/\/www.leselfes.com\/it\/?p=91526\" target=\"_blank\" rel=\"noreferrer noopener\">campi e resort per le vacanze invernali nelle<\/a> montagne <a href=\"https:\/\/www.leselfes.com\/it\/?p=91526\" target=\"_blank\" rel=\"noreferrer noopener\">svizzere<\/a> hanno vinto altri quattro premi globali durante lo stesso evento. <\/p>\n<p><!-- \/wp:paragraph --><\/p>\n<p><!-- wp:paragraph --><\/p>\n<p>Molti sciatori britannici riconoscono Verbier come la loro localit\u00e0 preferita per i <a href=\"https:\/\/www.leselfes.com\/it\/le-15-regole-essenziali-per-la-sicurezza-dei-campi-estivi-per-bambini-in-svizzera\/\" target=\"_blank\" rel=\"noreferrer noopener\">campi<\/a> diurni <a href=\"https:\/\/www.leselfes.com\/it\/le-15-regole-essenziali-per-la-sicurezza-dei-campi-estivi-per-bambini-in-svizzera\/\" target=\"_blank\" rel=\"noreferrer noopener\">, i<\/a> campi <a href=\"https:\/\/www.leselfes.com\/it\/le-15-regole-essenziali-per-la-sicurezza-dei-campi-estivi-per-bambini-in-svizzera\/\" target=\"_blank\" rel=\"noreferrer noopener\">estivi di arricchimento<\/a> e le attivit\u00e0 YMCA. La localit\u00e0 \u00e8 stata elogiata per la presenza di circa 100 impianti di risalita e oltre 400 chilometri di piste da sci per diversi livelli di esperienza. <\/p>\n<p><!-- \/wp:paragraph --><\/p>\n<p><!-- wp:paragraph --><\/p>\n<p>Oltre alle piste, Verbier ha ricevuto un riconoscimento anche per il suo apr\u00e8s-ski.<br \/>\nGli organizzatori dell&#8217;evento hanno sottolineato che la localit\u00e0 ospita una clientela cosmopolita di diverse generazioni. <\/p>\n<p><!-- \/wp:paragraph --><\/p>\n<p><!-- wp:heading --><\/p>\n<h2><span class=\"ez-toc-section\" id=\"Perche_Verbier_e_stata_nominata_migliore_stazione_sciistica_del_mondo\"><\/span>Perch\u00e9 Verbier \u00e8 stata nominata migliore stazione sciistica del mondo<span class=\"ez-toc-section-end\"><\/span><\/h2>\n<p><!-- \/wp:heading --><\/p>\n<p><!-- wp:paragraph --><\/p>\n<p>Verbier ha ricevuto un enorme sostegno da parte dei suoi fan e dei suoi partner, ottenendo il maggior numero di voti e battendo 25 concorrenti, tra cui le destinazioni pi\u00f9 ambite al mondo.<\/p>\n<p><!-- \/wp:paragraph --><\/p>\n<p><!-- wp:heading {\"level\":3} --><\/p>\n<h3><span class=\"ez-toc-section\" id=\"Sicurezza_sanitaria_a_Verbier_per_i_campi_invernali_per_bambini\"><\/span>Sicurezza sanitaria a Verbier per i campi invernali per bambini<span class=\"ez-toc-section-end\"><\/span><\/h3>\n<p><!-- \/wp:heading --><\/p>\n<p><!-- wp:image {\"align\":\"center\",\"id\":45769,\"width\":640,\"height\":393,\"sizeSlug\":\"full\",\"linkDestination\":\"none\"} --><\/p>\n<figure><img loading=\"lazy\" decoding=\"async\" src=\"https:\/\/www.leselfes.com\/wp-content\/uploads\/2022\/07\/Health-Safety-in-Verbier-for-Winter-Camps-for-Kids.png\" alt=\"Sicurezza sanitaria a Verbier per i campi invernali per bambini\" width=\"640\" height=\"393\"><\/figure>\n<p><!-- \/wp:image --><\/p>\n<p><!-- wp:paragraph --><\/p>\n<p>Sia che i bambini vadano in gita di un giorno, sia che vadano in un campo di un giorno o in un campo sportivo durante le vacanze scolastiche invernali, ci sono diversi problemi di sicurezza a cui prestare attenzione.<br \/>\nQuesti includono: <\/p>\n<p><!-- \/wp:paragraph --><\/p>\n<p><!-- wp:heading {\"level\":4} --><\/p>\n<h4>&#8211; Congelamento, ipotermia e disidratazione<\/h4>\n<p><!-- \/wp:heading --><\/p>\n<p><!-- wp:paragraph --><\/p>\n<p>Disidratazione, congelamento e ipotermia sono i principali problemi di sicurezza che i bambini possono incontrare durante i campi invernali.<br \/>\nL&#8217;ipotermia si verifica quando la temperatura corporea inizia a scendere.<br \/>\n\u00c8 pi\u00f9 probabile che si verifichi quando i bambini hanno freddo e si bagnano.  <\/p>\n<p>I supervisori del campo devono fare attenzione a sintomi quali scarsa energia, brividi, scarsa coordinazione e respirazione superficiale.<br \/>\nSe noti questi sintomi in un campeggiatore, rimuovi i suoi vestiti bagnati e assicurati che sia al caldo coprendolo con una coperta.<br \/>\nPuoi anche usare impacchi caldi e asciutti, come una borraccia con acqua calda.  &nbsp;<\/p>\n<p>I congelamenti si verificano sulle parti del corpo esposte a venti o temperature estremamente elevate.<br \/>\nIn caso di condizioni climatiche estreme, assicurati che la pelle sia interamente coperta e proteggi i piedi e le mani dal freddo.<br \/>\nTratta i geloni versando acqua calda sulle zone fredde.<br \/>\nEvita di strofinare le aree o di riscaldarle con il fuoco.<br \/>\nCi\u00f2 potrebbe danneggiare ulteriormente la pelle.    &nbsp;<\/p>\n<p>La disidratazione si verifica quando non credi di sudare come faresti con le temperature calde.<br \/>\nI sintomi della disidratazione includono vertigini, bocca secca, debolezza, crampi muscolari e aumento della frequenza cardiaca.<br \/>\nEvita la disidratazione bevendo molta acqua anche quando non senti sete.  <\/p>\n<p><!-- \/wp:paragraph --><\/p>\n<p><!-- wp:heading {\"level\":4} --><\/p>\n<h4>&#8211; <strong>Avere l&#8217;attrezzatura giusta<\/strong><\/h4>\n<p><!-- \/wp:heading --><\/p>\n<p><!-- wp:paragraph --><\/p>\n<p>Se il tuo bambino va in campeggio in inverno, assicurati che abbia molti vestiti caldi.<br \/>\nMetti in valigia una fodera del sacco a pelo e delle coperte in pi\u00f9, anche se il campeggio potrebbe fornirle.<br \/>\nEvita gli indumenti di cotone e scegli uno strato esterno impermeabile e traspirante, uno strato intermedio isolante e uno strato di base ad asciugatura rapida.  <\/p>\n<p><!-- \/wp:paragraph --><\/p>\n<p><!-- wp:heading {\"level\":4} --><\/p>\n<p><!-- \/wp:paragraph --><\/p>\n<p><!-- wp:heading --><\/p>\n<h2><span class=\"ez-toc-section\" id=\"Linee_guida_per_la_sicurezza_a_Verbier_per_i_campi_invernali_per_bambini\"><\/span>Linee guida per la sicurezza a Verbier per i campi invernali per bambini<span class=\"ez-toc-section-end\"><\/span><\/h2>\n<p><!-- \/wp:heading --><\/p>\n<p><!-- wp:paragraph --><\/p>\n<p>Lo snowboard e lo sci comportano diversi rischi.<br \/>\nI campeggiatori devono conoscere le regole della <a href=\"https:\/\/www.fis-ski.com\/\" target=\"_blank\" rel=\"noreferrer noopener\">Federazione Internazionale dello Sci<\/a> (FIS) che disciplinano la condotta di snowboarder e sciatori per essere al sicuro.<br \/>\nQueste linee guida, riconosciute a livello mondiale, forniscono istruzioni che le persone che utilizzano le piste devono rispettare con costanza.  <\/p>\n<p><!-- \/wp:paragraph --><\/p>\n<p><!-- wp:heading {\"level\":3} --><\/p>\n<h3><span class=\"ez-toc-section\" id=\"%E2%80%93_Comportamento_e_regolazione_della_velocita\"><\/span>&#8211;&nbsp;Comportamento e regolazione della velocit\u00e0<span class=\"ez-toc-section-end\"><\/span><\/h3>\n<p><!-- \/wp:heading --><\/p>\n<p><!-- wp:paragraph --><\/p>\n<p>Gli sciatori devono muoversi sempre sotto controllo.<br \/>\nDevono adattare il loro comportamento e la loro velocit\u00e0 alle loro capacit\u00e0 e alle condizioni generali, cio\u00e8 alla densit\u00e0 del traffico e allo stato della neve. <\/p>\n<h3><span class=\"ez-toc-section\" id=\"%E2%80%93_Layer_Up\"><\/span>&#8211;&nbsp;<strong>Layer Up<\/strong><span class=\"ez-toc-section-end\"><\/span><\/h3>\n<p>Assicurati che i tuoi figli si vestano in modo appropriato per il freddo.<br \/>\nL&#8217;abbigliamento a strati con base e strati intermedi, con gusci e giacche a sbuffo permette ai bambini di controllare la loro temperatura corporea.<br \/>\nDurante le loro attivit\u00e0 quotidiane, i bambini generano calore corporeo.<br \/>\nEvitare di sudare \u00e8 fondamentale perch\u00e9 il sudore, una volta asciugato, si raffredda, facendo sentire i bambini pi\u00f9 freddi.<br \/>\nI bambini possono gestire il loro calore corporeo aggiungendo o togliendo strati in base al tempo per ridurre la sudorazione.    <\/p>\n<h3><span class=\"ez-toc-section\" id=\"%E2%80%93_Usa_piu_sacchi_a_pelo\"><\/span>&#8211;&nbsp;<strong>Usa pi\u00f9 sacchi a pelo<\/strong><span class=\"ez-toc-section-end\"><\/span><\/h3>\n<p>I campeggiatori possono usare due sacchi a pelo invece di uno per stare pi\u00f9 al caldo.<br \/>\nIl materassino da campeggio isola i bambini dalla neve e dal freddo del terreno. &nbsp;<\/p>\n<p>I materassini multipli offrono pi\u00f9 calore e isolamento.<br \/>\nLa resistenza termica o il calore del materassino si misurano attraverso il suo valore R.<br \/>\nI valori R di due materassini si combinano per offrire un maggiore potere isolante.  <\/p>\n<p><!-- \/wp:paragraph --><\/p>\n<p><!-- wp:heading {\"level\":3} --><\/p>\n<h3><span class=\"ez-toc-section\" id=\"%E2%80%93_Scelta_della_direzione\"><\/span>&#8211;&nbsp;Scelta della direzione<span class=\"ez-toc-section-end\"><\/span><\/h3>\n<p><!-- \/wp:heading --><\/p>\n<p><!-- wp:paragraph --><\/p>\n<p>Gli snowboarder o gli sciatori che arrivano da dietro possono scegliere il loro percorso.<br \/>\nDevono assicurarsi che la loro scelta protegga la sicurezza di chi li precede.<br \/>\nLo snowboarder o lo sciatore che precede ha la priorit\u00e0 e le persone dietro devono mantenere una distanza considerevole per garantire che tutti si muovano liberamente.  <\/p>\n<p><!-- \/wp:paragraph --><\/p>\n<p><!-- wp:heading {\"level\":3} --><\/p>\n<h3><span class=\"ez-toc-section\" id=\"%C2%B7_Overtaking\"><\/span>\u00b7&nbsp;Overtaking<span class=\"ez-toc-section-end\"><\/span><\/h3>\n<p><!-- \/wp:heading --><\/p>\n<p><!-- wp:paragraph --><\/p>\n<p>Snowboarder e sciatori possono sorpassare dal basso o dall&#8217;alto, a sinistra o a destra.<br \/>\nTuttavia, chi sorpassa deve sempre lasciare spazio sufficiente ai movimenti involontari o volontari delle persone che sta sorpassando, siano esse ferme o meno. <\/p>\n<p><!-- \/wp:paragraph --><\/p>\n<p><!-- wp:heading {\"level\":3} --><\/p>\n<h3><span class=\"ez-toc-section\" id=\"%E2%80%93_Fermarsi_lungo_il_pendio\"><\/span>&#8211;&nbsp;Fermarsi lungo il pendio<span class=\"ez-toc-section-end\"><\/span><\/h3>\n<p><!-- \/wp:heading --><\/p>\n<p><!-- wp:paragraph --><\/p>\n<p>Tutte le soste devono essere effettuate ai lati della pista.<br \/>\nTutti gli snowboarder e gli sciatori non devono sostare nei passaggi stretti o con scarsa visibilit\u00e0.<br \/>\nSe dovessero cadere, devono uscire dalla pista il pi\u00f9 velocemente possibile.  <\/p>\n<p><!-- \/wp:paragraph --><\/p>\n<p><!-- wp:heading {\"level\":3} --><\/p>\n<h3><span class=\"ez-toc-section\" id=\"%E2%80%93_Salita_e_discesa_a_piedi\"><\/span>&#8211; Salita e discesa a piedi<span class=\"ez-toc-section-end\"><\/span><\/h3>\n<p><!-- \/wp:heading --><\/p>\n<p><!-- wp:image {\"align\":\"center\",\"id\":45772,\"width\":640,\"height\":363,\"sizeSlug\":\"full\",\"linkDestination\":\"none\"} --><\/p>\n<figure><img loading=\"lazy\" decoding=\"async\" src=\"https:\/\/www.leselfes.com\/wp-content\/uploads\/2022\/07\/Ascending-and-Descending-on-Foot.png\" alt=\"Salita e discesa a piedi\" width=\"640\" height=\"363\"><\/figure>\n<p><!-- \/wp:image --><\/p>\n<p><!-- wp:paragraph --><\/p>\n<p>Le persone che salgono e scendono a piedi devono sempre utilizzare il bordo della pista per non intralciare gli altri snowboarder e sciatori.<br \/>\nRicorda che le impronte deturpano la pista e possono creare rischi per gli altri. <\/p>\n<p><!-- \/wp:paragraph --><\/p>\n<p><!-- wp:heading {\"level\":3} --><\/p>\n<h3><span class=\"ez-toc-section\" id=\"%E2%80%93_Rispetta_i_cartelli_e_le_indicazioni_e_assisti_se_possibile\"><\/span>&#8211;&nbsp;Rispetta i cartelli e le indicazioni e assisti, se possibile.<span class=\"ez-toc-section-end\"><\/span><\/h3>\n<p><!-- \/wp:heading --><\/p>\n<p><!-- wp:paragraph --><\/p>\n<p>Ogni utente deve prestare attenzione alla segnaletica.<br \/>\nSupponiamo che tu sia testimone di un incidente.<br \/>\nDevi prestare assistenza, se necessario.<br \/>\nSe non sei in grado di offrire assistenza, \u00e8 fondamentale dare l&#8217;allarme.<br \/>\nSe sei coinvolto o vedi un incidente, segnalalo immediatamente a terzi o ai servizi di emergenza.    <\/p>\n<p><!-- \/wp:paragraph --><\/p>\n<p><!-- wp:heading --><\/p>\n<p><!-- \/wp:paragraph --><\/p>\n<p><!-- wp:heading --><\/p>\n<h2><span class=\"ez-toc-section\" id=\"Finalmente\"><\/span>Finalmente<span class=\"ez-toc-section-end\"><\/span><\/h2>\n<p><!-- \/wp:heading --><\/p>\n<p><!-- wp:paragraph --><\/p>\n<p>Frequentare un campo invernale pu\u00f2 essere emozionante.<br \/>\nPermette ai campeggiatori di incontrare e fare nuove amicizie, di partecipare a campi d&#8217;arte e altre attivit\u00e0 e di godersi l&#8217;aria aperta.<br \/>\nI campeggiatori dovrebbero sempre portare con s\u00e9 una borraccia per idratarsi regolarmente nonostante il <a href=\"https:\/\/www.leselfes.com\/it\/?p=92377\" target=\"_blank\" rel=\"noreferrer noopener\">freddo<\/a>.  <\/p>\n<p><!-- \/wp:paragraph --><\/p>\n<p><!-- wp:paragraph {\"align\":\"center\"} --><\/p>\n<p><a href=\"https:\/\/www.leselfes.com\/it\/?page_id=90111\" target=\"_blank\" rel=\"noopener\"><button style=\"background-color: #e2804a; color: #fff; border: #E2804A;\" type=\"button\">Partecipa al Campo Invernale Svizzera<\/button><\/a><\/p>\n<p><!-- \/wp:paragraph --><\/p>\n<p><!-- \/wp:paragraph --><\/p>\n","protected":false},"excerpt":{"rendered":"<p>Le vacanze invernali offrono numerose opportunit\u00e0 ai campeggiatori di diverse fasce d&#8217;et\u00e0 di dedicarsi a varie attivit\u00e0 divertenti. Sia che i genitori o i tutori scelgano un programma di attivit\u00e0&#8230;<\/p>\n","protected":false},"author":1,"featured_media":79047,"comment_status":"closed","ping_status":"open","sticky":false,"template":"","format":"standard","meta":{"_acf_changed":false,"inline_featured_image":false,"footnotes":""},"categories":[1353,1354],"tags":[1826,1437,1827],"class_list":{"0":"post-93356","1":"post","2":"type-post","3":"status-publish","4":"format-standard","5":"has-post-thumbnail","7":"category-articoli","8":"category-campo-invernale","9":"tag-campi-invernali-per-bambini","10":"tag-verbier-it","11":"tag-verbier-miglior-stazione-sciistica"},"acf":[],"yoast_head":"<!-- This site is optimized with the Yoast SEO Premium plugin v24.2 (Yoast SEO v24.7) - https:\/\/yoast.com\/wordpress\/plugins\/seo\/ -->\n<title>Campi invernali per bambini - Verbier \u00e8 stata nominata migliore localit\u00e0 sciistica<\/title>\n<meta name=\"description\" content=\"Durante la recente edizione dei World Ski Awards, la localit\u00e0 svizzera di Verbier si \u00e8 aggiudicata il titolo di miglior stazione sciistica del mondo per i campi invernali per bambini.\" \/>\n<meta name=\"robots\" content=\"index, follow, max-snippet:-1, max-image-preview:large, max-video-preview:-1\" \/>\n<link rel=\"canonical\" href=\"https:\/\/www.leselfes.com\/it\/verbier-e-stata-nominata-la-migliore-stazione-sciistica-del-mondo\/\" \/>\n<meta property=\"og:locale\" content=\"it_IT\" \/>\n<meta property=\"og:type\" content=\"article\" \/>\n<meta property=\"og:title\" content=\"Verbier \u00e8 stata nominata la migliore stazione sciistica del mondo\" \/>\n<meta property=\"og:description\" content=\"Durante la recente edizione dei World Ski Awards, la localit\u00e0 svizzera di Verbier si \u00e8 aggiudicata il titolo di miglior stazione sciistica del mondo per i campi invernali per bambini.\" \/>\n<meta property=\"og:url\" content=\"https:\/\/www.leselfes.com\/it\/verbier-e-stata-nominata-la-migliore-stazione-sciistica-del-mondo\/\" \/>\n<meta property=\"og:site_name\" content=\"Les Elfes International Camps Switzerland\" \/>\n<meta property=\"article:publisher\" content=\"https:\/\/www.facebook.com\/LesElfesVerbier\" \/>\n<meta property=\"article:published_time\" content=\"2022-07-27T05:48:48+00:00\" \/>\n<meta property=\"article:modified_time\" content=\"2024-11-12T11:39:14+00:00\" \/>\n<meta property=\"og:image\" content=\"https:\/\/dev.leselfes.com\/wp-content\/uploads\/2022\/07\/Winter-Camps-for-Kids.png\" \/>\n\t<meta property=\"og:image:width\" content=\"975\" \/>\n\t<meta property=\"og:image:height\" content=\"675\" \/>\n\t<meta property=\"og:image:type\" content=\"image\/png\" \/>\n<meta name=\"author\" content=\"lesadmin\" \/>\n<meta name=\"twitter:card\" content=\"summary_large_image\" \/>\n<meta name=\"twitter:creator\" content=\"@LesElfesCamps\" \/>\n<meta name=\"twitter:site\" content=\"@LesElfesCamps\" \/>\n<meta name=\"twitter:label1\" content=\"Scritto da\" \/>\n\t<meta name=\"twitter:data1\" content=\"lesadmin\" \/>\n\t<meta name=\"twitter:label2\" content=\"Tempo di lettura stimato\" \/>\n\t<meta name=\"twitter:data2\" content=\"6 minuti\" \/>\n<script type=\"application\/ld+json\" class=\"yoast-schema-graph\">{\"@context\":\"https:\/\/schema.org\",\"@graph\":[{\"@type\":\"Article\",\"@id\":\"https:\/\/www.leselfes.com\/it\/verbier-e-stata-nominata-la-migliore-stazione-sciistica-del-mondo\/#article\",\"isPartOf\":{\"@id\":\"https:\/\/www.leselfes.com\/it\/verbier-e-stata-nominata-la-migliore-stazione-sciistica-del-mondo\/\"},\"author\":{\"name\":\"lesadmin\",\"@id\":\"https:\/\/dev.leselfes.com\/#\/schema\/person\/407a229698868b8c603874b19f37f289\"},\"headline\":\"Verbier \u00e8 stata nominata la migliore stazione sciistica del mondo\",\"datePublished\":\"2022-07-27T05:48:48+00:00\",\"dateModified\":\"2024-11-12T11:39:14+00:00\",\"mainEntityOfPage\":{\"@id\":\"https:\/\/www.leselfes.com\/it\/verbier-e-stata-nominata-la-migliore-stazione-sciistica-del-mondo\/\"},\"wordCount\":1220,\"publisher\":{\"@id\":\"https:\/\/dev.leselfes.com\/#organization\"},\"image\":{\"@id\":\"https:\/\/www.leselfes.com\/it\/verbier-e-stata-nominata-la-migliore-stazione-sciistica-del-mondo\/#primaryimage\"},\"thumbnailUrl\":\"https:\/\/www.leselfes.com\/wp-content\/uploads\/2022\/07\/Winter-Camps-for-Kids.png\",\"keywords\":[\"Campi invernali per bambini\",\"verbier\",\"Verbier Miglior stazione sciistica\"],\"articleSection\":[\"Articoli\",\"Campo invernale\"],\"inLanguage\":\"it-IT\"},{\"@type\":\"WebPage\",\"@id\":\"https:\/\/www.leselfes.com\/it\/verbier-e-stata-nominata-la-migliore-stazione-sciistica-del-mondo\/\",\"url\":\"https:\/\/www.leselfes.com\/it\/verbier-e-stata-nominata-la-migliore-stazione-sciistica-del-mondo\/\",\"name\":\"Campi invernali per bambini - Verbier \u00e8 stata nominata migliore localit\u00e0 sciistica\",\"isPartOf\":{\"@id\":\"https:\/\/dev.leselfes.com\/#website\"},\"primaryImageOfPage\":{\"@id\":\"https:\/\/www.leselfes.com\/it\/verbier-e-stata-nominata-la-migliore-stazione-sciistica-del-mondo\/#primaryimage\"},\"image\":{\"@id\":\"https:\/\/www.leselfes.com\/it\/verbier-e-stata-nominata-la-migliore-stazione-sciistica-del-mondo\/#primaryimage\"},\"thumbnailUrl\":\"https:\/\/www.leselfes.com\/wp-content\/uploads\/2022\/07\/Winter-Camps-for-Kids.png\",\"datePublished\":\"2022-07-27T05:48:48+00:00\",\"dateModified\":\"2024-11-12T11:39:14+00:00\",\"description\":\"Durante la recente edizione dei World Ski Awards, la localit\u00e0 svizzera di Verbier si \u00e8 aggiudicata il titolo di miglior stazione sciistica del mondo per i campi invernali per bambini.\",\"breadcrumb\":{\"@id\":\"https:\/\/www.leselfes.com\/it\/verbier-e-stata-nominata-la-migliore-stazione-sciistica-del-mondo\/#breadcrumb\"},\"inLanguage\":\"it-IT\",\"potentialAction\":[{\"@type\":\"ReadAction\",\"target\":[\"https:\/\/www.leselfes.com\/it\/verbier-e-stata-nominata-la-migliore-stazione-sciistica-del-mondo\/\"]}]},{\"@type\":\"ImageObject\",\"inLanguage\":\"it-IT\",\"@id\":\"https:\/\/www.leselfes.com\/it\/verbier-e-stata-nominata-la-migliore-stazione-sciistica-del-mondo\/#primaryimage\",\"url\":\"https:\/\/www.leselfes.com\/wp-content\/uploads\/2022\/07\/Winter-Camps-for-Kids.png\",\"contentUrl\":\"https:\/\/www.leselfes.com\/wp-content\/uploads\/2022\/07\/Winter-Camps-for-Kids.png\",\"width\":975,\"height\":675},{\"@type\":\"BreadcrumbList\",\"@id\":\"https:\/\/www.leselfes.com\/it\/verbier-e-stata-nominata-la-migliore-stazione-sciistica-del-mondo\/#breadcrumb\",\"itemListElement\":[{\"@type\":\"ListItem\",\"position\":1,\"name\":\"Home\",\"item\":\"https:\/\/www.leselfes.com\/it\/\"},{\"@type\":\"ListItem\",\"position\":2,\"name\":\"Verbier \u00e8 stata nominata la migliore stazione sciistica del mondo\"}]},{\"@type\":\"WebSite\",\"@id\":\"https:\/\/dev.leselfes.com\/#website\",\"url\":\"https:\/\/dev.leselfes.com\/\",\"name\":\"Les Elfes International\",\"description\":\"Les Elfes International, Verbier Switzerland. Summer Camp, Winter Camp, Spring Camps.\",\"publisher\":{\"@id\":\"https:\/\/dev.leselfes.com\/#organization\"},\"alternateName\":\"Les Elfes International\",\"potentialAction\":[{\"@type\":\"SearchAction\",\"target\":{\"@type\":\"EntryPoint\",\"urlTemplate\":\"https:\/\/dev.leselfes.com\/?s={search_term_string}\"},\"query-input\":{\"@type\":\"PropertyValueSpecification\",\"valueRequired\":true,\"valueName\":\"search_term_string\"}}],\"inLanguage\":\"it-IT\"},{\"@type\":\"Organization\",\"@id\":\"https:\/\/dev.leselfes.com\/#organization\",\"name\":\"Les Elfes International\",\"alternateName\":\"Les Elfes International\",\"url\":\"https:\/\/dev.leselfes.com\/\",\"logo\":{\"@type\":\"ImageObject\",\"inLanguage\":\"it-IT\",\"@id\":\"https:\/\/dev.leselfes.com\/#\/schema\/logo\/image\/\",\"url\":\"https:\/\/www.leselfes.com\/wp-content\/uploads\/2022\/03\/leselfes-logo.png\",\"contentUrl\":\"https:\/\/www.leselfes.com\/wp-content\/uploads\/2022\/03\/leselfes-logo.png\",\"width\":233,\"height\":51,\"caption\":\"Les Elfes International\"},\"image\":{\"@id\":\"https:\/\/dev.leselfes.com\/#\/schema\/logo\/image\/\"},\"sameAs\":[\"https:\/\/www.facebook.com\/LesElfesVerbier\",\"https:\/\/x.com\/LesElfesCamps\",\"https:\/\/www.instagram.com\/leselfes\",\"https:\/\/www.linkedin.com\/company\/les-elfes-international\",\"https:\/\/www.youtube.com\/user\/LesElfesVerbier\"]},{\"@type\":\"Person\",\"@id\":\"https:\/\/dev.leselfes.com\/#\/schema\/person\/407a229698868b8c603874b19f37f289\",\"name\":\"lesadmin\",\"image\":{\"@type\":\"ImageObject\",\"inLanguage\":\"it-IT\",\"@id\":\"https:\/\/dev.leselfes.com\/#\/schema\/person\/image\/\",\"url\":\"https:\/\/secure.gravatar.com\/avatar\/fdb243a028df450397b3632d862f87f6?s=96&d=mm&r=g\",\"contentUrl\":\"https:\/\/secure.gravatar.com\/avatar\/fdb243a028df450397b3632d862f87f6?s=96&d=mm&r=g\",\"caption\":\"lesadmin\"},\"url\":\"https:\/\/www.leselfes.com\/it\/author\/lesadmin\/\"}]}<\/script>\n<!-- \/ Yoast SEO Premium plugin. -->","yoast_head_json":{"title":"Campi invernali per bambini - Verbier \u00e8 stata nominata migliore localit\u00e0 sciistica","description":"Durante la recente edizione dei World Ski Awards, la localit\u00e0 svizzera di Verbier si \u00e8 aggiudicata il titolo di miglior stazione sciistica del mondo per i campi invernali per bambini.","robots":{"index":"index","follow":"follow","max-snippet":"max-snippet:-1","max-image-preview":"max-image-preview:large","max-video-preview":"max-video-preview:-1"},"canonical":"https:\/\/www.leselfes.com\/it\/verbier-e-stata-nominata-la-migliore-stazione-sciistica-del-mondo\/","og_locale":"it_IT","og_type":"article","og_title":"Verbier \u00e8 stata nominata la migliore stazione sciistica del mondo","og_description":"Durante la recente edizione dei World Ski Awards, la localit\u00e0 svizzera di Verbier si \u00e8 aggiudicata il titolo di miglior stazione sciistica del mondo per i campi invernali per bambini.","og_url":"https:\/\/www.leselfes.com\/it\/verbier-e-stata-nominata-la-migliore-stazione-sciistica-del-mondo\/","og_site_name":"Les Elfes International Camps Switzerland","article_publisher":"https:\/\/www.facebook.com\/LesElfesVerbier","article_published_time":"2022-07-27T05:48:48+00:00","article_modified_time":"2024-11-12T11:39:14+00:00","og_image":[{"width":975,"height":675,"url":"https:\/\/dev.leselfes.com\/wp-content\/uploads\/2022\/07\/Winter-Camps-for-Kids.png","type":"image\/png"}],"author":"lesadmin","twitter_card":"summary_large_image","twitter_creator":"@LesElfesCamps","twitter_site":"@LesElfesCamps","twitter_misc":{"Scritto da":"lesadmin","Tempo di lettura stimato":"6 minuti"},"schema":{"@context":"https:\/\/schema.org","@graph":[{"@type":"Article","@id":"https:\/\/www.leselfes.com\/it\/verbier-e-stata-nominata-la-migliore-stazione-sciistica-del-mondo\/#article","isPartOf":{"@id":"https:\/\/www.leselfes.com\/it\/verbier-e-stata-nominata-la-migliore-stazione-sciistica-del-mondo\/"},"author":{"name":"lesadmin","@id":"https:\/\/dev.leselfes.com\/#\/schema\/person\/407a229698868b8c603874b19f37f289"},"headline":"Verbier \u00e8 stata nominata la migliore stazione sciistica del mondo","datePublished":"2022-07-27T05:48:48+00:00","dateModified":"2024-11-12T11:39:14+00:00","mainEntityOfPage":{"@id":"https:\/\/www.leselfes.com\/it\/verbier-e-stata-nominata-la-migliore-stazione-sciistica-del-mondo\/"},"wordCount":1220,"publisher":{"@id":"https:\/\/dev.leselfes.com\/#organization"},"image":{"@id":"https:\/\/www.leselfes.com\/it\/verbier-e-stata-nominata-la-migliore-stazione-sciistica-del-mondo\/#primaryimage"},"thumbnailUrl":"https:\/\/www.leselfes.com\/wp-content\/uploads\/2022\/07\/Winter-Camps-for-Kids.png","keywords":["Campi invernali per bambini","verbier","Verbier Miglior stazione sciistica"],"articleSection":["Articoli","Campo invernale"],"inLanguage":"it-IT"},{"@type":"WebPage","@id":"https:\/\/www.leselfes.com\/it\/verbier-e-stata-nominata-la-migliore-stazione-sciistica-del-mondo\/","url":"https:\/\/www.leselfes.com\/it\/verbier-e-stata-nominata-la-migliore-stazione-sciistica-del-mondo\/","name":"Campi invernali per bambini - Verbier \u00e8 stata nominata migliore localit\u00e0 sciistica","isPartOf":{"@id":"https:\/\/dev.leselfes.com\/#website"},"primaryImageOfPage":{"@id":"https:\/\/www.leselfes.com\/it\/verbier-e-stata-nominata-la-migliore-stazione-sciistica-del-mondo\/#primaryimage"},"image":{"@id":"https:\/\/www.leselfes.com\/it\/verbier-e-stata-nominata-la-migliore-stazione-sciistica-del-mondo\/#primaryimage"},"thumbnailUrl":"https:\/\/www.leselfes.com\/wp-content\/uploads\/2022\/07\/Winter-Camps-for-Kids.png","datePublished":"2022-07-27T05:48:48+00:00","dateModified":"2024-11-12T11:39:14+00:00","description":"Durante la recente edizione dei World Ski Awards, la localit\u00e0 svizzera di Verbier si \u00e8 aggiudicata il titolo di miglior stazione sciistica del mondo per i campi invernali per bambini.","breadcrumb":{"@id":"https:\/\/www.leselfes.com\/it\/verbier-e-stata-nominata-la-migliore-stazione-sciistica-del-mondo\/#breadcrumb"},"inLanguage":"it-IT","potentialAction":[{"@type":"ReadAction","target":["https:\/\/www.leselfes.com\/it\/verbier-e-stata-nominata-la-migliore-stazione-sciistica-del-mondo\/"]}]},{"@type":"ImageObject","inLanguage":"it-IT","@id":"https:\/\/www.leselfes.com\/it\/verbier-e-stata-nominata-la-migliore-stazione-sciistica-del-mondo\/#primaryimage","url":"https:\/\/www.leselfes.com\/wp-content\/uploads\/2022\/07\/Winter-Camps-for-Kids.png","contentUrl":"https:\/\/www.leselfes.com\/wp-content\/uploads\/2022\/07\/Winter-Camps-for-Kids.png","width":975,"height":675},{"@type":"BreadcrumbList","@id":"https:\/\/www.leselfes.com\/it\/verbier-e-stata-nominata-la-migliore-stazione-sciistica-del-mondo\/#breadcrumb","itemListElement":[{"@type":"ListItem","position":1,"name":"Home","item":"https:\/\/www.leselfes.com\/it\/"},{"@type":"ListItem","position":2,"name":"Verbier \u00e8 stata nominata la migliore stazione sciistica del mondo"}]},{"@type":"WebSite","@id":"https:\/\/dev.leselfes.com\/#website","url":"https:\/\/dev.leselfes.com\/","name":"Les Elfes International","description":"Les Elfes International, Verbier Switzerland. Summer Camp, Winter Camp, Spring Camps.","publisher":{"@id":"https:\/\/dev.leselfes.com\/#organization"},"alternateName":"Les Elfes International","potentialAction":[{"@type":"SearchAction","target":{"@type":"EntryPoint","urlTemplate":"https:\/\/dev.leselfes.com\/?s={search_term_string}"},"query-input":{"@type":"PropertyValueSpecification","valueRequired":true,"valueName":"search_term_string"}}],"inLanguage":"it-IT"},{"@type":"Organization","@id":"https:\/\/dev.leselfes.com\/#organization","name":"Les Elfes International","alternateName":"Les Elfes International","url":"https:\/\/dev.leselfes.com\/","logo":{"@type":"ImageObject","inLanguage":"it-IT","@id":"https:\/\/dev.leselfes.com\/#\/schema\/logo\/image\/","url":"https:\/\/www.leselfes.com\/wp-content\/uploads\/2022\/03\/leselfes-logo.png","contentUrl":"https:\/\/www.leselfes.com\/wp-content\/uploads\/2022\/03\/leselfes-logo.png","width":233,"height":51,"caption":"Les Elfes International"},"image":{"@id":"https:\/\/dev.leselfes.com\/#\/schema\/logo\/image\/"},"sameAs":["https:\/\/www.facebook.com\/LesElfesVerbier","https:\/\/x.com\/LesElfesCamps","https:\/\/www.instagram.com\/leselfes","https:\/\/www.linkedin.com\/company\/les-elfes-international","https:\/\/www.youtube.com\/user\/LesElfesVerbier"]},{"@type":"Person","@id":"https:\/\/dev.leselfes.com\/#\/schema\/person\/407a229698868b8c603874b19f37f289","name":"lesadmin","image":{"@type":"ImageObject","inLanguage":"it-IT","@id":"https:\/\/dev.leselfes.com\/#\/schema\/person\/image\/","url":"https:\/\/secure.gravatar.com\/avatar\/fdb243a028df450397b3632d862f87f6?s=96&d=mm&r=g","contentUrl":"https:\/\/secure.gravatar.com\/avatar\/fdb243a028df450397b3632d862f87f6?s=96&d=mm&r=g","caption":"lesadmin"},"url":"https:\/\/www.leselfes.com\/it\/author\/lesadmin\/"}]}},"_links":{"self":[{"href":"https:\/\/www.leselfes.com\/it\/wp-json\/wp\/v2\/posts\/93356"}],"collection":[{"href":"https:\/\/www.leselfes.com\/it\/wp-json\/wp\/v2\/posts"}],"about":[{"href":"https:\/\/www.leselfes.com\/it\/wp-json\/wp\/v2\/types\/post"}],"author":[{"embeddable":true,"href":"https:\/\/www.leselfes.com\/it\/wp-json\/wp\/v2\/users\/1"}],"replies":[{"embeddable":true,"href":"https:\/\/www.leselfes.com\/it\/wp-json\/wp\/v2\/comments?post=93356"}],"version-history":[{"count":0,"href":"https:\/\/www.leselfes.com\/it\/wp-json\/wp\/v2\/posts\/93356\/revisions"}],"wp:featuredmedia":[{"embeddable":true,"href":"https:\/\/www.leselfes.com\/it\/wp-json\/wp\/v2\/media\/79047"}],"wp:attachment":[{"href":"https:\/\/www.leselfes.com\/it\/wp-json\/wp\/v2\/media?parent=93356"}],"wp:term":[{"taxonomy":"category","embeddable":true,"href":"https:\/\/www.leselfes.com\/it\/wp-json\/wp\/v2\/categories?post=93356"},{"taxonomy":"post_tag","embeddable":true,"href":"https:\/\/www.leselfes.com\/it\/wp-json\/wp\/v2\/tags?post=93356"}],"curies":[{"name":"wp","href":"https:\/\/api.w.org\/{rel}","templated":true}]}}