{"id":93357,"date":"2022-07-01T11:04:23","date_gmt":"2022-07-01T09:04:23","guid":{"rendered":"https:\/\/www.leselfes.com\/newsletter-di-giugno-la-prima-sessione-e-stata-un-grande-successocosa-ci-aspetta\/"},"modified":"2024-11-12T12:39:14","modified_gmt":"2024-11-12T11:39:14","slug":"newsletter-di-giugno-la-prima-sessione-e-stata-un-grande-successocosa-ci-aspetta","status":"publish","type":"post","link":"https:\/\/www.leselfes.com\/it\/newsletter-di-giugno-la-prima-sessione-e-stata-un-grande-successocosa-ci-aspetta\/","title":{"rendered":"Newsletter di giugno: La prima sessione \u00e8 stata un grande successo!\nCosa ci aspetta?"},"content":{"rendered":"<p style=\"text-align: left;\">Cari genitori,<\/p>\n<p style=\"text-align: left;\">Les Elfes torna con la sua newsletter mensile per informarti su tutte le novit\u00e0.  <\/p>\n<p style=\"text-align: left;\">Prima di tutto, vorremmo ringraziare tutti gli studenti che hanno partecipato alla prima sessione del campo estivo 2022 e i 140 studenti che stanno partecipando alla seconda sessione iniziata domenica scorsa!  <\/p>\n<p style=\"text-align: left;\">Inoltre, in questa newsletter troverai alcune informazioni sulle prossime sessioni, come i dati sul genere e la nazionalit\u00e0 degli studenti e le attivit\u00e0.<\/p>\n<p style=\"text-align: left;\">Infine, ti ricordiamo che il numero di posti disponibili \u00e8 sempre pi\u00f9 ridotto.<br \/>\nCon gi\u00e0 120 studenti iscritti per le sessioni 3 e 4 e pochi di meno per la sessione 5, ti invitiamo a inviarci la tua richiesta di prenotazione il prima possibile.   <\/p>\n<p>&nbsp;<\/p>\n&#13;\n<p>\u00a0<\/p>&#13;\n<figure><img loading=\"lazy\" decoding=\"async\" src=\"https:\/\/www.leselfes.com\/wp-content\/uploads\/2022\/07\/Holi-colour-day.jpg\" alt=\"Insegna ai bambini a stare insieme\" width=\"664\" height=\"323\"\/><\/figure>&#13;\n<p><\/p><\/p>\n<p>&nbsp;<\/p>\n<p>&nbsp;<\/p>\n<p>\n&#13;\n<p><a role=\"button\" href=\"https:\/\/www.leselfes.com\/it\/?page_id=89315\">  Date e prezzi dei campi estivi  <\/a><\/p>&#13;\n<h2>COSA POSSIAMO ASPETTARCI NELLE PROSSIME SESSIONI?<\/h2>&#13;\n<p><\/p><\/p>\n<p>&nbsp;<\/p>\n<p><img loading=\"lazy\" decoding=\"async\" src=\"https:\/\/www.leselfes.com\/wp-content\/uploads\/2022\/07\/Untitled-design-2.jpg\" sizes=\"(max-width: 800px) 100vw, 800px\" srcset=\"https:\/\/www.leselfes.com\/wp-content\/uploads\/2022\/07\/Untitled-design-2.jpg 800w, https:\/\/www.leselfes.com\/wp-content\/uploads\/2022\/07\/Untitled-design-2-300x300.jpg 300w, https:\/\/www.leselfes.com\/wp-content\/uploads\/2022\/07\/Untitled-design-2-150x150.jpg 150w, https:\/\/www.leselfes.com\/wp-content\/uploads\/2022\/07\/Untitled-design-2-768x768.jpg 768w\" alt=\"Campo estivo-2022-genere-nazionalit\u00e0\" width=\"800\" height=\"800\"><\/p>\n<h2>OLTRE 40 ATTIVIT\u00c0 IN OFFERTA, SCOPRI IL PROGRAMMA!<\/h2>\n<p><!-- \/wp:paragraph --><\/p>\n<p><img loading=\"lazy\" decoding=\"async\" src=\"https:\/\/www.leselfes.com\/wp-content\/uploads\/2022\/07\/Summer-camp-2022-activities-3.jpg\" sizes=\"(max-width: 1024px) 100vw, 1024px\" srcset=\"https:\/\/www.leselfes.com\/wp-content\/uploads\/2022\/07\/Summer-camp-2022-activities-3.jpg 1024w, https:\/\/www.leselfes.com\/wp-content\/uploads\/2022\/07\/Summer-camp-2022-activities-3-300x169.jpg 300w, https:\/\/www.leselfes.com\/wp-content\/uploads\/2022\/07\/Summer-camp-2022-activities-3-768x432.jpg 768w\" alt=\"Campo estivo 2022 - attivit\u00e0\" width=\"1024\" height=\"576\"><\/p>\n<h2>OLTRE 40 ATTIVIT\u00c0 IN OFFERTA, SCOPRI IL PROGRAMMA!<\/h2>\n<p>&nbsp;<\/p>\n<p><!-- \/wp:image --><\/p>\n<p><!-- wp:paragraph --><\/p>\n<p>A Les Elfes offriamo pi\u00f9 di 40 attivit\u00e0 all&#8217;aperto e ogni anno introduciamo nuovi sport per soddisfare gli studenti che gi\u00e0 ci conoscono.<\/p>\n<p>Inoltre, organizziamo 8 sessioni di corsi di conversazione a settimana.<\/p>\n<p>Il programma completo della sessione 2 \u00e8 online.<br \/>\nPer ricevere il programma delle sessioni 3, 4 e 5, contattaci! <\/p>\n<p><!-- \/wp:paragraph --><\/p>\n<p><a role=\"button\" href=\"https:\/\/www.leselfes.com\/it\/?page_id=89264#age-groups\" target=\"_blank\" rel=\"noopener\"><br \/>Il programma<br \/><\/a><\/p>\n","protected":false},"excerpt":{"rendered":"<p>Cari genitori, Les Elfes torna con la sua newsletter mensile per informarti su tutte le novit\u00e0. Prima di tutto, vorremmo ringraziare tutti gli studenti che hanno partecipato alla prima sessione&#8230;<\/p>\n","protected":false},"author":1,"featured_media":79027,"comment_status":"closed","ping_status":"open","sticky":false,"template":"","format":"standard","meta":{"_acf_changed":false,"inline_featured_image":false,"footnotes":""},"categories":[1371,1424,1392],"tags":[],"class_list":{"0":"post-93357","1":"post","2":"type-post","3":"status-publish","4":"format-standard","5":"has-post-thumbnail","7":"category-campo-estivo","8":"category-consigli-per-i-genitori","9":"category-notizie"},"acf":[],"yoast_head":"<!-- This site is optimized with the Yoast SEO Premium plugin v24.2 (Yoast SEO v24.7) - https:\/\/yoast.com\/wordpress\/plugins\/seo\/ -->\n<title>Le 15 regole essenziali per la sicurezza dei campi estivi per bambini in Svizzera<\/title>\n<meta name=\"description\" content=\"Ci sono molte altre regole di sicurezza da seguire durante i campi estivi, ma queste sono le pi\u00f9 importanti.\" \/>\n<meta name=\"robots\" content=\"index, follow, max-snippet:-1, max-image-preview:large, max-video-preview:-1\" \/>\n<link rel=\"canonical\" href=\"https:\/\/www.leselfes.com\/it\/newsletter-di-giugno-la-prima-sessione-e-stata-un-grande-successocosa-ci-aspetta\/\" \/>\n<meta property=\"og:locale\" content=\"it_IT\" \/>\n<meta property=\"og:type\" content=\"article\" \/>\n<meta property=\"og:title\" content=\"Le 15 regole essenziali per la sicurezza dei campi estivi per bambini in Svizzera\" \/>\n<meta property=\"og:description\" content=\"Ci sono molte altre regole di sicurezza da seguire durante i campi estivi, ma queste sono le pi\u00f9 importanti.\" \/>\n<meta property=\"og:url\" content=\"https:\/\/www.leselfes.com\/it\/newsletter-di-giugno-la-prima-sessione-e-stata-un-grande-successocosa-ci-aspetta\/\" \/>\n<meta property=\"og:site_name\" content=\"Les Elfes International Camps Switzerland\" \/>\n<meta property=\"article:publisher\" content=\"https:\/\/www.facebook.com\/LesElfesVerbier\" \/>\n<meta property=\"article:published_time\" content=\"2022-07-01T09:04:23+00:00\" \/>\n<meta property=\"article:modified_time\" content=\"2024-11-12T11:39:14+00:00\" \/>\n<meta property=\"og:image\" content=\"https:\/\/dev.leselfes.com\/wp-content\/uploads\/2022\/06\/Summer-Camp-Safety-Rules-for-Kids.png\" \/>\n<meta name=\"author\" content=\"lesadmin\" \/>\n<meta name=\"twitter:card\" content=\"summary_large_image\" \/>\n<meta name=\"twitter:title\" content=\"Le 15 regole essenziali per la sicurezza dei campi estivi per bambini in Svizzera\" \/>\n<meta name=\"twitter:description\" content=\"Ci sono molte altre regole di sicurezza da seguire durante i campi estivi, ma queste sono le pi\u00f9 importanti.\" \/>\n<meta name=\"twitter:image\" content=\"https:\/\/dev.leselfes.com\/wp-content\/uploads\/2022\/06\/Summer-Camp-Safety-Rules-for-Kids.png\" \/>\n<meta name=\"twitter:creator\" content=\"@LesElfesCamps\" \/>\n<meta name=\"twitter:site\" content=\"@LesElfesCamps\" \/>\n<meta name=\"twitter:label1\" content=\"Scritto da\" \/>\n\t<meta name=\"twitter:data1\" content=\"lesadmin\" \/>\n\t<meta name=\"twitter:label2\" content=\"Tempo di lettura stimato\" \/>\n\t<meta name=\"twitter:data2\" content=\"1 minuto\" \/>\n<script type=\"application\/ld+json\" class=\"yoast-schema-graph\">{\"@context\":\"https:\/\/schema.org\",\"@graph\":[{\"@type\":\"Article\",\"@id\":\"https:\/\/www.leselfes.com\/it\/newsletter-di-giugno-la-prima-sessione-e-stata-un-grande-successocosa-ci-aspetta\/#article\",\"isPartOf\":{\"@id\":\"https:\/\/www.leselfes.com\/it\/newsletter-di-giugno-la-prima-sessione-e-stata-un-grande-successocosa-ci-aspetta\/\"},\"author\":{\"name\":\"lesadmin\",\"@id\":\"https:\/\/dev.leselfes.com\/#\/schema\/person\/407a229698868b8c603874b19f37f289\"},\"headline\":\"Newsletter di giugno: La prima sessione \u00e8 stata un grande successo! Cosa ci aspetta?\",\"datePublished\":\"2022-07-01T09:04:23+00:00\",\"dateModified\":\"2024-11-12T11:39:14+00:00\",\"mainEntityOfPage\":{\"@id\":\"https:\/\/www.leselfes.com\/it\/newsletter-di-giugno-la-prima-sessione-e-stata-un-grande-successocosa-ci-aspetta\/\"},\"wordCount\":199,\"publisher\":{\"@id\":\"https:\/\/dev.leselfes.com\/#organization\"},\"image\":{\"@id\":\"https:\/\/www.leselfes.com\/it\/newsletter-di-giugno-la-prima-sessione-e-stata-un-grande-successocosa-ci-aspetta\/#primaryimage\"},\"thumbnailUrl\":\"https:\/\/www.leselfes.com\/wp-content\/uploads\/2022\/07\/Summer-camp-2022-Newsletter-June-Website-400x.jpg\",\"articleSection\":[\"Campo estivo\",\"Consigli per i genitori\",\"Notizie\"],\"inLanguage\":\"it-IT\"},{\"@type\":\"WebPage\",\"@id\":\"https:\/\/www.leselfes.com\/it\/newsletter-di-giugno-la-prima-sessione-e-stata-un-grande-successocosa-ci-aspetta\/\",\"url\":\"https:\/\/www.leselfes.com\/it\/newsletter-di-giugno-la-prima-sessione-e-stata-un-grande-successocosa-ci-aspetta\/\",\"name\":\"Le 15 regole essenziali per la sicurezza dei campi estivi per bambini in Svizzera\",\"isPartOf\":{\"@id\":\"https:\/\/dev.leselfes.com\/#website\"},\"primaryImageOfPage\":{\"@id\":\"https:\/\/www.leselfes.com\/it\/newsletter-di-giugno-la-prima-sessione-e-stata-un-grande-successocosa-ci-aspetta\/#primaryimage\"},\"image\":{\"@id\":\"https:\/\/www.leselfes.com\/it\/newsletter-di-giugno-la-prima-sessione-e-stata-un-grande-successocosa-ci-aspetta\/#primaryimage\"},\"thumbnailUrl\":\"https:\/\/www.leselfes.com\/wp-content\/uploads\/2022\/07\/Summer-camp-2022-Newsletter-June-Website-400x.jpg\",\"datePublished\":\"2022-07-01T09:04:23+00:00\",\"dateModified\":\"2024-11-12T11:39:14+00:00\",\"description\":\"Ci sono molte altre regole di sicurezza da seguire durante i campi estivi, ma queste sono le pi\u00f9 importanti.\",\"breadcrumb\":{\"@id\":\"https:\/\/www.leselfes.com\/it\/newsletter-di-giugno-la-prima-sessione-e-stata-un-grande-successocosa-ci-aspetta\/#breadcrumb\"},\"inLanguage\":\"it-IT\",\"potentialAction\":[{\"@type\":\"ReadAction\",\"target\":[\"https:\/\/www.leselfes.com\/it\/newsletter-di-giugno-la-prima-sessione-e-stata-un-grande-successocosa-ci-aspetta\/\"]}]},{\"@type\":\"ImageObject\",\"inLanguage\":\"it-IT\",\"@id\":\"https:\/\/www.leselfes.com\/it\/newsletter-di-giugno-la-prima-sessione-e-stata-un-grande-successocosa-ci-aspetta\/#primaryimage\",\"url\":\"https:\/\/www.leselfes.com\/wp-content\/uploads\/2022\/07\/Summer-camp-2022-Newsletter-June-Website-400x.jpg\",\"contentUrl\":\"https:\/\/www.leselfes.com\/wp-content\/uploads\/2022\/07\/Summer-camp-2022-Newsletter-June-Website-400x.jpg\",\"width\":400,\"height\":277},{\"@type\":\"BreadcrumbList\",\"@id\":\"https:\/\/www.leselfes.com\/it\/newsletter-di-giugno-la-prima-sessione-e-stata-un-grande-successocosa-ci-aspetta\/#breadcrumb\",\"itemListElement\":[{\"@type\":\"ListItem\",\"position\":1,\"name\":\"Home\",\"item\":\"https:\/\/www.leselfes.com\/it\/\"},{\"@type\":\"ListItem\",\"position\":2,\"name\":\"Newsletter di giugno: La prima sessione \u00e8 stata un grande successo! Cosa ci aspetta?\"}]},{\"@type\":\"WebSite\",\"@id\":\"https:\/\/dev.leselfes.com\/#website\",\"url\":\"https:\/\/dev.leselfes.com\/\",\"name\":\"Les Elfes International\",\"description\":\"Les Elfes International, Verbier Switzerland. Summer Camp, Winter Camp, Spring Camps.\",\"publisher\":{\"@id\":\"https:\/\/dev.leselfes.com\/#organization\"},\"alternateName\":\"Les Elfes International\",\"potentialAction\":[{\"@type\":\"SearchAction\",\"target\":{\"@type\":\"EntryPoint\",\"urlTemplate\":\"https:\/\/dev.leselfes.com\/?s={search_term_string}\"},\"query-input\":{\"@type\":\"PropertyValueSpecification\",\"valueRequired\":true,\"valueName\":\"search_term_string\"}}],\"inLanguage\":\"it-IT\"},{\"@type\":\"Organization\",\"@id\":\"https:\/\/dev.leselfes.com\/#organization\",\"name\":\"Les Elfes International\",\"alternateName\":\"Les Elfes International\",\"url\":\"https:\/\/dev.leselfes.com\/\",\"logo\":{\"@type\":\"ImageObject\",\"inLanguage\":\"it-IT\",\"@id\":\"https:\/\/dev.leselfes.com\/#\/schema\/logo\/image\/\",\"url\":\"https:\/\/www.leselfes.com\/wp-content\/uploads\/2022\/03\/leselfes-logo.png\",\"contentUrl\":\"https:\/\/www.leselfes.com\/wp-content\/uploads\/2022\/03\/leselfes-logo.png\",\"width\":233,\"height\":51,\"caption\":\"Les Elfes International\"},\"image\":{\"@id\":\"https:\/\/dev.leselfes.com\/#\/schema\/logo\/image\/\"},\"sameAs\":[\"https:\/\/www.facebook.com\/LesElfesVerbier\",\"https:\/\/x.com\/LesElfesCamps\",\"https:\/\/www.instagram.com\/leselfes\",\"https:\/\/www.linkedin.com\/company\/les-elfes-international\",\"https:\/\/www.youtube.com\/user\/LesElfesVerbier\"]},{\"@type\":\"Person\",\"@id\":\"https:\/\/dev.leselfes.com\/#\/schema\/person\/407a229698868b8c603874b19f37f289\",\"name\":\"lesadmin\",\"image\":{\"@type\":\"ImageObject\",\"inLanguage\":\"it-IT\",\"@id\":\"https:\/\/dev.leselfes.com\/#\/schema\/person\/image\/\",\"url\":\"https:\/\/secure.gravatar.com\/avatar\/fdb243a028df450397b3632d862f87f6?s=96&d=mm&r=g\",\"contentUrl\":\"https:\/\/secure.gravatar.com\/avatar\/fdb243a028df450397b3632d862f87f6?s=96&d=mm&r=g\",\"caption\":\"lesadmin\"},\"url\":\"https:\/\/www.leselfes.com\/it\/author\/lesadmin\/\"}]}<\/script>\n<!-- \/ Yoast SEO Premium plugin. -->","yoast_head_json":{"title":"Le 15 regole essenziali per la sicurezza dei campi estivi per bambini in Svizzera","description":"Ci sono molte altre regole di sicurezza da seguire durante i campi estivi, ma queste sono le pi\u00f9 importanti.","robots":{"index":"index","follow":"follow","max-snippet":"max-snippet:-1","max-image-preview":"max-image-preview:large","max-video-preview":"max-video-preview:-1"},"canonical":"https:\/\/www.leselfes.com\/it\/newsletter-di-giugno-la-prima-sessione-e-stata-un-grande-successocosa-ci-aspetta\/","og_locale":"it_IT","og_type":"article","og_title":"Le 15 regole essenziali per la sicurezza dei campi estivi per bambini in Svizzera","og_description":"Ci sono molte altre regole di sicurezza da seguire durante i campi estivi, ma queste sono le pi\u00f9 importanti.","og_url":"https:\/\/www.leselfes.com\/it\/newsletter-di-giugno-la-prima-sessione-e-stata-un-grande-successocosa-ci-aspetta\/","og_site_name":"Les Elfes International Camps Switzerland","article_publisher":"https:\/\/www.facebook.com\/LesElfesVerbier","article_published_time":"2022-07-01T09:04:23+00:00","article_modified_time":"2024-11-12T11:39:14+00:00","og_image":[{"url":"https:\/\/dev.leselfes.com\/wp-content\/uploads\/2022\/06\/Summer-Camp-Safety-Rules-for-Kids.png","type":"","width":"","height":""}],"author":"lesadmin","twitter_card":"summary_large_image","twitter_title":"Le 15 regole essenziali per la sicurezza dei campi estivi per bambini in Svizzera","twitter_description":"Ci sono molte altre regole di sicurezza da seguire durante i campi estivi, ma queste sono le pi\u00f9 importanti.","twitter_image":"https:\/\/dev.leselfes.com\/wp-content\/uploads\/2022\/06\/Summer-Camp-Safety-Rules-for-Kids.png","twitter_creator":"@LesElfesCamps","twitter_site":"@LesElfesCamps","twitter_misc":{"Scritto da":"lesadmin","Tempo di lettura stimato":"1 minuto"},"schema":{"@context":"https:\/\/schema.org","@graph":[{"@type":"Article","@id":"https:\/\/www.leselfes.com\/it\/newsletter-di-giugno-la-prima-sessione-e-stata-un-grande-successocosa-ci-aspetta\/#article","isPartOf":{"@id":"https:\/\/www.leselfes.com\/it\/newsletter-di-giugno-la-prima-sessione-e-stata-un-grande-successocosa-ci-aspetta\/"},"author":{"name":"lesadmin","@id":"https:\/\/dev.leselfes.com\/#\/schema\/person\/407a229698868b8c603874b19f37f289"},"headline":"Newsletter di giugno: La prima sessione \u00e8 stata un grande successo! Cosa ci aspetta?","datePublished":"2022-07-01T09:04:23+00:00","dateModified":"2024-11-12T11:39:14+00:00","mainEntityOfPage":{"@id":"https:\/\/www.leselfes.com\/it\/newsletter-di-giugno-la-prima-sessione-e-stata-un-grande-successocosa-ci-aspetta\/"},"wordCount":199,"publisher":{"@id":"https:\/\/dev.leselfes.com\/#organization"},"image":{"@id":"https:\/\/www.leselfes.com\/it\/newsletter-di-giugno-la-prima-sessione-e-stata-un-grande-successocosa-ci-aspetta\/#primaryimage"},"thumbnailUrl":"https:\/\/www.leselfes.com\/wp-content\/uploads\/2022\/07\/Summer-camp-2022-Newsletter-June-Website-400x.jpg","articleSection":["Campo estivo","Consigli per i genitori","Notizie"],"inLanguage":"it-IT"},{"@type":"WebPage","@id":"https:\/\/www.leselfes.com\/it\/newsletter-di-giugno-la-prima-sessione-e-stata-un-grande-successocosa-ci-aspetta\/","url":"https:\/\/www.leselfes.com\/it\/newsletter-di-giugno-la-prima-sessione-e-stata-un-grande-successocosa-ci-aspetta\/","name":"Le 15 regole essenziali per la sicurezza dei campi estivi per bambini in Svizzera","isPartOf":{"@id":"https:\/\/dev.leselfes.com\/#website"},"primaryImageOfPage":{"@id":"https:\/\/www.leselfes.com\/it\/newsletter-di-giugno-la-prima-sessione-e-stata-un-grande-successocosa-ci-aspetta\/#primaryimage"},"image":{"@id":"https:\/\/www.leselfes.com\/it\/newsletter-di-giugno-la-prima-sessione-e-stata-un-grande-successocosa-ci-aspetta\/#primaryimage"},"thumbnailUrl":"https:\/\/www.leselfes.com\/wp-content\/uploads\/2022\/07\/Summer-camp-2022-Newsletter-June-Website-400x.jpg","datePublished":"2022-07-01T09:04:23+00:00","dateModified":"2024-11-12T11:39:14+00:00","description":"Ci sono molte altre regole di sicurezza da seguire durante i campi estivi, ma queste sono le pi\u00f9 importanti.","breadcrumb":{"@id":"https:\/\/www.leselfes.com\/it\/newsletter-di-giugno-la-prima-sessione-e-stata-un-grande-successocosa-ci-aspetta\/#breadcrumb"},"inLanguage":"it-IT","potentialAction":[{"@type":"ReadAction","target":["https:\/\/www.leselfes.com\/it\/newsletter-di-giugno-la-prima-sessione-e-stata-un-grande-successocosa-ci-aspetta\/"]}]},{"@type":"ImageObject","inLanguage":"it-IT","@id":"https:\/\/www.leselfes.com\/it\/newsletter-di-giugno-la-prima-sessione-e-stata-un-grande-successocosa-ci-aspetta\/#primaryimage","url":"https:\/\/www.leselfes.com\/wp-content\/uploads\/2022\/07\/Summer-camp-2022-Newsletter-June-Website-400x.jpg","contentUrl":"https:\/\/www.leselfes.com\/wp-content\/uploads\/2022\/07\/Summer-camp-2022-Newsletter-June-Website-400x.jpg","width":400,"height":277},{"@type":"BreadcrumbList","@id":"https:\/\/www.leselfes.com\/it\/newsletter-di-giugno-la-prima-sessione-e-stata-un-grande-successocosa-ci-aspetta\/#breadcrumb","itemListElement":[{"@type":"ListItem","position":1,"name":"Home","item":"https:\/\/www.leselfes.com\/it\/"},{"@type":"ListItem","position":2,"name":"Newsletter di giugno: La prima sessione \u00e8 stata un grande successo! Cosa ci aspetta?"}]},{"@type":"WebSite","@id":"https:\/\/dev.leselfes.com\/#website","url":"https:\/\/dev.leselfes.com\/","name":"Les Elfes International","description":"Les Elfes International, Verbier Switzerland. Summer Camp, Winter Camp, Spring Camps.","publisher":{"@id":"https:\/\/dev.leselfes.com\/#organization"},"alternateName":"Les Elfes International","potentialAction":[{"@type":"SearchAction","target":{"@type":"EntryPoint","urlTemplate":"https:\/\/dev.leselfes.com\/?s={search_term_string}"},"query-input":{"@type":"PropertyValueSpecification","valueRequired":true,"valueName":"search_term_string"}}],"inLanguage":"it-IT"},{"@type":"Organization","@id":"https:\/\/dev.leselfes.com\/#organization","name":"Les Elfes International","alternateName":"Les Elfes International","url":"https:\/\/dev.leselfes.com\/","logo":{"@type":"ImageObject","inLanguage":"it-IT","@id":"https:\/\/dev.leselfes.com\/#\/schema\/logo\/image\/","url":"https:\/\/www.leselfes.com\/wp-content\/uploads\/2022\/03\/leselfes-logo.png","contentUrl":"https:\/\/www.leselfes.com\/wp-content\/uploads\/2022\/03\/leselfes-logo.png","width":233,"height":51,"caption":"Les Elfes International"},"image":{"@id":"https:\/\/dev.leselfes.com\/#\/schema\/logo\/image\/"},"sameAs":["https:\/\/www.facebook.com\/LesElfesVerbier","https:\/\/x.com\/LesElfesCamps","https:\/\/www.instagram.com\/leselfes","https:\/\/www.linkedin.com\/company\/les-elfes-international","https:\/\/www.youtube.com\/user\/LesElfesVerbier"]},{"@type":"Person","@id":"https:\/\/dev.leselfes.com\/#\/schema\/person\/407a229698868b8c603874b19f37f289","name":"lesadmin","image":{"@type":"ImageObject","inLanguage":"it-IT","@id":"https:\/\/dev.leselfes.com\/#\/schema\/person\/image\/","url":"https:\/\/secure.gravatar.com\/avatar\/fdb243a028df450397b3632d862f87f6?s=96&d=mm&r=g","contentUrl":"https:\/\/secure.gravatar.com\/avatar\/fdb243a028df450397b3632d862f87f6?s=96&d=mm&r=g","caption":"lesadmin"},"url":"https:\/\/www.leselfes.com\/it\/author\/lesadmin\/"}]}},"_links":{"self":[{"href":"https:\/\/www.leselfes.com\/it\/wp-json\/wp\/v2\/posts\/93357"}],"collection":[{"href":"https:\/\/www.leselfes.com\/it\/wp-json\/wp\/v2\/posts"}],"about":[{"href":"https:\/\/www.leselfes.com\/it\/wp-json\/wp\/v2\/types\/post"}],"author":[{"embeddable":true,"href":"https:\/\/www.leselfes.com\/it\/wp-json\/wp\/v2\/users\/1"}],"replies":[{"embeddable":true,"href":"https:\/\/www.leselfes.com\/it\/wp-json\/wp\/v2\/comments?post=93357"}],"version-history":[{"count":0,"href":"https:\/\/www.leselfes.com\/it\/wp-json\/wp\/v2\/posts\/93357\/revisions"}],"wp:featuredmedia":[{"embeddable":true,"href":"https:\/\/www.leselfes.com\/it\/wp-json\/wp\/v2\/media\/79027"}],"wp:attachment":[{"href":"https:\/\/www.leselfes.com\/it\/wp-json\/wp\/v2\/media?parent=93357"}],"wp:term":[{"taxonomy":"category","embeddable":true,"href":"https:\/\/www.leselfes.com\/it\/wp-json\/wp\/v2\/categories?post=93357"},{"taxonomy":"post_tag","embeddable":true,"href":"https:\/\/www.leselfes.com\/it\/wp-json\/wp\/v2\/tags?post=93357"}],"curies":[{"name":"wp","href":"https:\/\/api.w.org\/{rel}","templated":true}]}}