{"id":95804,"date":"2024-07-02T17:05:55","date_gmt":"2024-07-02T15:05:55","guid":{"rendered":"https:\/\/www.leselfes.com\/scopri-i-migliori-campi-estivi-e-le-cose-da-fare-per-bambini-e-ragazzi-a-verbier-in-svizzera-questestate\/"},"modified":"2024-11-18T13:35:59","modified_gmt":"2024-11-18T12:35:59","slug":"scopri-i-migliori-campi-estivi-e-le-cose-da-fare-per-bambini-e-ragazzi-a-verbier-in-svizzera-questestate","status":"publish","type":"post","link":"https:\/\/www.leselfes.com\/it\/scopri-i-migliori-campi-estivi-e-le-cose-da-fare-per-bambini-e-ragazzi-a-verbier-in-svizzera-questestate\/","title":{"rendered":"Scopri i migliori campi estivi e le cose da fare per bambini e ragazzi a Verbier, in Svizzera, quest&#8217;estate."},"content":{"rendered":"[vc_row type=&#8221;in_container&#8221; full_screen_row_position=&#8221;middle&#8221; column_margin=&#8221;default&#8221; column_direction=&#8221;default&#8221; column_direction_tablet=&#8221;default&#8221; column_direction_phone=&#8221;default&#8221; scene_position=&#8221;center&#8221; text_color=&#8221;dark&#8221; text_align=&#8221;left&#8221; row_border_radius=&#8221;none&#8221; row_border_radius_applies=&#8221;bg&#8221; overflow=&#8221;visible&#8221; overlay_strength=&#8221;0.3&#8243; gradient_direction=&#8221;left_to_right&#8221; shape_divider_position=&#8221;bottom&#8221; bg_image_animation=&#8221;none&#8221;][vc_column column_padding=&#8221;no-extra-padding&#8221; column_padding_tablet=&#8221;inherit&#8221; column_padding_phone=&#8221;inherit&#8221; column_padding_position=&#8221;all&#8221; column_element_direction_desktop=&#8221;default&#8221; column_element_spacing=&#8221;default&#8221; desktop_text_alignment=&#8221;default&#8221; tablet_text_alignment=&#8221;default&#8221; phone_text_alignment=&#8221;default&#8221; background_color_opacity=&#8221;1&#8243; background_hover_color_opacity=&#8221;1&#8243; column_backdrop_filter=&#8221;none&#8221; column_shadow=&#8221;none&#8221; column_border_radius=&#8221;none&#8221; column_link_target=&#8221;_self&#8221; column_position=&#8221;default&#8221; gradient_direction=&#8221;left_to_right&#8221; overlay_strength=&#8221;0.3&#8243; width=&#8221;1\/1&#8243; tablet_width_inherit=&#8221;default&#8221; animation_type=&#8221;default&#8221; bg_image_animation=&#8221;none&#8221; border_type=&#8221;simple&#8221; column_border_width=&#8221;none&#8221; column_border_style=&#8221;solid&#8221;][vc_column_text css=&#8221;&#8221; text_direction=&#8221;default&#8221;]Situata al centro dell&#8217;Europa, Verbier, in Svizzera, \u00e8 un paradiso estivo per le famiglie in cerca di avventura, relax ed esperienze indimenticabili.<br \/>\nQuesto pittoresco villaggio alpino \u00e8 la destinazione ideale per le famiglie e offre una miriade di attivit\u00e0 che conquisteranno bambini e ragazzi.<br \/>\nDalle emozionanti avventure all&#8217;aria aperta alle arricchenti esperienze culturali, ecco le migliori cose da fare con bambini e ragazzi a Verbier, in Svizzera, quest&#8217;estate.[\/vc_column_text][vc_row_inner equal_height=&#8221;yes&#8221; content_placement=&#8221;middle&#8221; column_margin=&#8221;100px&#8221; column_direction=&#8221;default&#8221; column_direction_tablet=&#8221;default&#8221; column_direction_phone=&#8221;default&#8221; text_align=&#8221;left&#8221; row_position=&#8221;default&#8221; row_position_tablet=&#8221;inherit&#8221; row_position_phone=&#8221;inherit&#8221; overflow=&#8221;visible&#8221; pointer_events=&#8221;all&#8221; class=&#8221;flexGoBottom&#8221;][vc_column_inner column_padding=&#8221;no-extra-padding&#8221; column_padding_tablet=&#8221;inherit&#8221; column_padding_phone=&#8221;inherit&#8221; column_padding_position=&#8221;all&#8221; column_element_direction_desktop=&#8221;default&#8221; column_element_spacing=&#8221;default&#8221; desktop_text_alignment=&#8221;default&#8221; tablet_text_alignment=&#8221;default&#8221; phone_text_alignment=&#8221;default&#8221; background_color_opacity=&#8221;1&#8243; background_hover_color_opacity=&#8221;1&#8243; column_backdrop_filter=&#8221;none&#8221; column_shadow=&#8221;none&#8221; column_border_radius=&#8221;none&#8221; column_link_target=&#8221;_self&#8221; overflow=&#8221;visible&#8221; gradient_direction=&#8221;left_to_right&#8221; overlay_strength=&#8221;0.3&#8243; width=&#8221;1\/4&#8243; tablet_width_inherit=&#8221;default&#8221; animation_type=&#8221;default&#8221; bg_image_animation=&#8221;none&#8221; border_type=&#8221;simple&#8221; column_border_width=&#8221;none&#8221; column_border_style=&#8221;solid&#8221; column_padding_type=&#8221;default&#8221; gradient_type=&#8221;default&#8221; offset=&#8221;vc_hidden-md vc_hidden-sm vc_hidden-xs&#8221;][\/vc_column_inner][vc_column_inner column_padding=&#8221;no-extra-padding&#8221; column_padding_tablet=&#8221;inherit&#8221; column_padding_phone=&#8221;inherit&#8221; column_padding_position=&#8221;all&#8221; column_element_direction_desktop=&#8221;default&#8221; column_element_spacing=&#8221;default&#8221; desktop_text_alignment=&#8221;default&#8221; tablet_text_alignment=&#8221;default&#8221; phone_text_alignment=&#8221;default&#8221; background_color=&#8221;#e2836a&#8221; background_color_opacity=&#8221;1&#8243; background_hover_color_opacity=&#8221;1&#8243; column_backdrop_filter=&#8221;none&#8221; font_color=&#8221;#ffffff&#8221; column_shadow=&#8221;none&#8221; column_border_radius=&#8221;custom&#8221; top_left_border_radius=&#8221;30&#8243; top_right_border_radius=&#8221;30&#8243; bottom_right_border_radius=&#8221;30&#8243; column_link_target=&#8221;_self&#8221; overflow=&#8221;visible&#8221; el_class=&#8221;rowCampHeader&#8221; gradient_direction=&#8221;left_to_right&#8221; overlay_strength=&#8221;0.3&#8243; width=&#8221;1\/4&#8243; tablet_width_inherit=&#8221;default&#8221; animation_type=&#8221;default&#8221; bg_image_animation=&#8221;none&#8221; border_type=&#8221;simple&#8221; column_border_width=&#8221;none&#8221; column_border_style=&#8221;solid&#8221; column_padding_type=&#8221;default&#8221; gradient_type=&#8221;default&#8221; offset=&#8221;vc_col-lg-3 vc_col-md-6 vc_col-xs-12&#8243; column_link=&#8221;\/summer-camp\/&#8221;][vc_column_text css=&#8221;&#8221; text_direction=&#8221;default&#8221;]<strong>Scopri<\/strong> i nostri campi estivi[\/vc_column_text][\/vc_column_inner][vc_column_inner column_padding=&#8221;no-extra-padding&#8221; column_padding_tablet=&#8221;inherit&#8221; column_padding_phone=&#8221;inherit&#8221; column_padding_position=&#8221;all&#8221; column_element_direction_desktop=&#8221;default&#8221; column_element_spacing=&#8221;default&#8221; desktop_text_alignment=&#8221;default&#8221; tablet_text_alignment=&#8221;default&#8221; phone_text_alignment=&#8221;default&#8221; background_color=&#8221;#e3c215&#8243; background_color_opacity=&#8221;1&#8243; background_hover_color_opacity=&#8221;1&#8243; column_backdrop_filter=&#8221;none&#8221; font_color=&#8221;#ffffff&#8221; column_shadow=&#8221;none&#8221; column_border_radius=&#8221;custom&#8221; top_left_border_radius=&#8221;30&#8243; top_right_border_radius=&#8221;30&#8243; bottom_right_border_radius=&#8221;30&#8243; column_link_target=&#8221;_self&#8221; overflow=&#8221;visible&#8221; el_class=&#8221;rowCampHeader&#8221; gradient_direction=&#8221;left_to_right&#8221; overlay_strength=&#8221;0.3&#8243; width=&#8221;1\/4&#8243; tablet_width_inherit=&#8221;default&#8221; animation_type=&#8221;default&#8221; bg_image_animation=&#8221;none&#8221; border_type=&#8221;simple&#8221; column_border_width=&#8221;none&#8221; column_border_style=&#8221;solid&#8221; column_padding_type=&#8221;default&#8221; gradient_type=&#8221;default&#8221; offset=&#8221;vc_col-lg-3 vc_col-md-6 vc_col-xs-12&#8243; column_link=&#8221;\/summer-camp\/check-availability\/&#8221;][vc_column_text text_direction=&#8221;default&#8221;]<strong>Verifica la<\/strong> disponibilit\u00e0[\/vc_column_text][\/vc_column_inner][vc_column_inner column_padding=&#8221;no-extra-padding&#8221; column_padding_tablet=&#8221;inherit&#8221; column_padding_phone=&#8221;inherit&#8221; column_padding_position=&#8221;all&#8221; column_element_direction_desktop=&#8221;default&#8221; column_element_spacing=&#8221;default&#8221; desktop_text_alignment=&#8221;default&#8221; tablet_text_alignment=&#8221;default&#8221; phone_text_alignment=&#8221;default&#8221; background_color_opacity=&#8221;1&#8243; background_hover_color_opacity=&#8221;1&#8243; column_backdrop_filter=&#8221;none&#8221; column_shadow=&#8221;none&#8221; column_border_radius=&#8221;none&#8221; column_link_target=&#8221;_self&#8221; overflow=&#8221;visible&#8221; gradient_direction=&#8221;left_to_right&#8221; overlay_strength=&#8221;0.3&#8243; width=&#8221;1\/4&#8243; tablet_width_inherit=&#8221;default&#8221; animation_type=&#8221;default&#8221; bg_image_animation=&#8221;none&#8221; border_type=&#8221;simple&#8221; column_border_width=&#8221;none&#8221; column_border_style=&#8221;solid&#8221; column_padding_type=&#8221;default&#8221; gradient_type=&#8221;default&#8221; offset=&#8221;vc_hidden-md vc_hidden-sm vc_hidden-xs&#8221;][\/vc_column_inner][\/vc_row_inner][vc_column_text css=&#8221;&#8221; text_direction=&#8221;default&#8221;]\n<h2>Campi estivi a Les Elfes International: Il miglior campo estivo in Svizzera<\/h2>\n<p>Una delle opzioni pi\u00f9 rinomate per i campi estivi in Svizzera \u00e8 Les Elfes International. Questo campo estivo completo per ragazzi dai 6 ai 17 anni offre un mix eccezionale di sport, lezioni di lingua, attivit\u00e0 creative ed escursioni culturali. Essendo uno dei migliori campi estivi in Europa, Les Elfes assicura che i partecipanti siano costantemente impegnati, imparino e facciano amicizia per tutta la vita. Le attivit\u00e0 comprendono mountain bike, arrampicata e sport acquatici, tutti supervisionati da istruttori esperti. Inoltre, i bambini migliorano le loro conoscenze linguistiche con lezioni di francese, inglese, spagnolo, tedesco e mandarino, tenute per 8 ore a settimana.    <\/p>\n<h3>Avventure in mountain bike<\/h3>\n<p>Verbier \u00e8 un paradiso della mountain bike con percorsi adatti a tutti i livelli di abilit\u00e0. Il Verbier Bike Park offre percorsi che vanno dai dolci sentieri per famiglie alle impegnative piste di downhill. Le famiglie possono noleggiare le biciclette o le e-bike e l&#8217;attrezzatura protettiva nei negozi locali, per poi partire alla volta di uno splendido scenario alpino.  <\/p>\n<h3>Avventure a piedi per tutte le et\u00e0<\/h3>\n<p>L&#8217;escursionismo a Verbier \u00e8 un&#8217;attivit\u00e0 da non perdere, con percorsi adatti a tutte le et\u00e0 e a tutti i livelli di fitness. Il sentiero educativo Sentier des Sens (Sentiero dei Sensi) \u00e8 perfetto per le famiglie e offre stazioni interattive che istruiscono i bambini sulla flora e la fauna locali. Per un&#8217;escursione pi\u00f9 impegnativa, avventurati sulla cima del Mont Fort per godere di una vista panoramica che lascer\u00e0 tutti a bocca aperta.  <\/p>\n<h3>Un&#8217;emozionante esperienza di Via Ferrata<\/h3>\n<p>Per gli amanti del brivido, la Via Ferrata offre un&#8217;esperienza unica di arrampicata su percorsi fissi con cavi, scale e ponti. Questa attivit\u00e0 \u00e8 ideale per i bambini e i ragazzi pi\u00f9 grandi che desiderano una scarica di adrenalina e un senso di realizzazione al termine della scalata. <\/p>\n<h3>Tour panoramici a cavallo<\/h3>\n<p>Esplora Verbier a cavallo con tour guidati che si rivolgono sia a principianti che a cavalieri esperti. Cavalcare attraverso i sentieri panoramici offre una prospettiva unica della bellezza naturale della regione ed \u00e8 un&#8217;esperienza memorabile per tutta la famiglia. <\/p>\n<h3>Emozionanti avventure in parapendio<\/h3>\n<p>Regala ai tuoi ragazzi l&#8217;ultima avventura iscrivendosi a un volo in parapendio in tandem. Sorvolate le montagne e le valli, ammirando i panorami mozzafiato da una prospettiva a volo d&#8217;uccello. Questa emozionante esperienza \u00e8 sicura e condotta da piloti professionisti, che assicurano un volo memorabile e sicuro.  <\/p>\n<h3>Picnic e grigliate in famiglia al Lac des Vaux<\/h3>\n<p>Gli splendidi spazi esterni di Verbier sono perfetti per i picnic e i barbecue in famiglia. L&#8217;area intorno al Lac des Vaux \u00e8 un luogo popolare, che offre viste sul lago e ampi spazi per i bambini. Prepara un picnic o utilizza uno dei barbecue disponibili per goderti un pasto rilassante in famiglia nella natura.  <\/p>\n<h3>Scopri il Parco di sculture 3D di Verbier<\/h3>\n<p>Fai una piacevole passeggiata nel Parco delle Sculture 3D di Verbier, dove l&#8217;arte contemporanea incontra la natura. Il parco presenta una variet\u00e0 di sculture di artisti internazionali, inserite in uno splendido scenario alpino. Questa galleria all&#8217;aperto \u00e8 educativa e visivamente stimolante, per cui \u00e8 molto apprezzata dai bambini e dai ragazzi pi\u00f9 grandi.  <\/p>\n<h3>Esplora Mont Fort<\/h3>\n<p>Il viaggio in funivia sul Mont Fort \u00e8 un&#8217;esperienza imperdibile per le famiglie che visitano Verbier. A un&#8217;altitudine di 3.330 metri, il Mont Fort offre una vista impareggiabile del Cervino, del Monte Bianco e di altre vette iconiche. Il viaggio in funivia \u00e8 un&#8217;esperienza emozionante e la vetta offre la possibilit\u00e0 di fare escursioni e fotografie.  <\/p>\n<h3>Sport acquatici al Lago di Ginevra<\/h3>\n<p>Raggiungi in 50 minuti di auto Le Bouveret, il villaggio pi\u00f9 vicino al Lago di Ginevra, e rinfrescati con una visita al lago. Goditi il nuoto, il kayak, le gite in banana boat e il paddleboard. Le acque cristalline del lago e i suoi dintorni pittoreschi lo rendono un luogo ideale per attivit\u00e0 acquatiche che possono essere praticate da tutta la famiglia.  <\/p>\n<h3>Eventi e festival locali<\/h3>\n<p>Verbier ospita una serie di eventi e festival durante tutta l&#8217;estate. Dai festival musicali alle celebrazioni tradizionali svizzere, c&#8217;\u00e8 sempre qualcosa che accade. Controlla il calendario degli eventi locali per vedere cosa c&#8217;\u00e8 durante la tua visita e immergi la tua famiglia nella cultura locale.  <\/p>\n<h2>Conclusione: La destinazione estiva perfetta per le famiglie<\/h2>\n<p>Verbier, in Svizzera, offre una grande quantit\u00e0 di attivit\u00e0 per bambini e ragazzi, che la rendono una destinazione estiva ideale per le famiglie. Che la tua famiglia ami le avventure adrenaliniche o preferisca rilassarsi nella natura, Verbier ha qualcosa per tutti. Non perdere l&#8217;occasione di creare ricordi indimenticabili con i tuoi cari quest&#8217;estate in questo paradiso alpino.[\/vc_column_text][\/vc_column][\/vc_row]\n","protected":false},"excerpt":{"rendered":"<p>[vc_row type=&#8221;in_container&#8221; full_screen_row_position=&#8221;middle&#8221; column_margin=&#8221;default&#8221; column_direction=&#8221;default&#8221; column_direction_tablet=&#8221;default&#8221; column_direction_phone=&#8221;default&#8221; scene_position=&#8221;center&#8221; text_color=&#8221;dark&#8221; text_align=&#8221;left&#8221; row_border_radius=&#8221;none&#8221; row_border_radius_applies=&#8221;bg&#8221; overflow=&#8221;visible&#8221; overlay_strength=&#8221;0.3&#8243; gradient_direction=&#8221;left_to_right&#8221; shape_divider_position=&#8221;bottom&#8221; bg_image_animation=&#8221;none&#8221;][vc_column column_padding=&#8221;no-extra-padding&#8221; column_padding_tablet=&#8221;inherit&#8221; column_padding_phone=&#8221;inherit&#8221; column_padding_position=&#8221;all&#8221; column_element_direction_desktop=&#8221;default&#8221; column_element_spacing=&#8221;default&#8221; desktop_text_alignment=&#8221;default&#8221; tablet_text_alignment=&#8221;default&#8221; phone_text_alignment=&#8221;default&#8221; background_color_opacity=&#8221;1&#8243; background_hover_color_opacity=&#8221;1&#8243; column_backdrop_filter=&#8221;none&#8221; column_shadow=&#8221;none&#8221;&#8230;<\/p>\n","protected":false},"author":16,"featured_media":81560,"comment_status":"closed","ping_status":"open","sticky":false,"template":"","format":"standard","meta":{"_acf_changed":false,"inline_featured_image":false,"footnotes":""},"categories":[1371],"tags":[],"class_list":{"0":"post-95804","1":"post","2":"type-post","3":"status-publish","4":"format-standard","5":"has-post-thumbnail","7":"category-campo-estivo"},"acf":[],"yoast_head":"<!-- This site is optimized with the Yoast SEO Premium plugin v24.2 (Yoast SEO v24.7) - https:\/\/yoast.com\/wordpress\/plugins\/seo\/ -->\n<title>Scopri i migliori campi estivi a Verbier - Les Elfes International Camps Switzerland<\/title>\n<meta name=\"description\" content=\"Scopri i migliori campi estivi per bambini e ragazzi a Verbier, in Svizzera. Scopri attivit\u00e0 emozionanti come la mountain bike o l&#039;escursionismo.\" \/>\n<meta name=\"robots\" content=\"index, follow, max-snippet:-1, max-image-preview:large, max-video-preview:-1\" \/>\n<link rel=\"canonical\" href=\"https:\/\/www.leselfes.com\/it\/scopri-i-migliori-campi-estivi-e-le-cose-da-fare-per-bambini-e-ragazzi-a-verbier-in-svizzera-questestate\/\" \/>\n<meta property=\"og:locale\" content=\"it_IT\" \/>\n<meta property=\"og:type\" content=\"article\" \/>\n<meta property=\"og:title\" content=\"Scopri i migliori campi estivi e le cose da fare per bambini e ragazzi a Verbier, in Svizzera, quest&#039;estate.\" \/>\n<meta property=\"og:description\" content=\"Scopri i migliori campi estivi per bambini e ragazzi a Verbier, in Svizzera. Scopri attivit\u00e0 emozionanti come la mountain bike o l&#039;escursionismo.\" \/>\n<meta property=\"og:url\" content=\"https:\/\/www.leselfes.com\/it\/scopri-i-migliori-campi-estivi-e-le-cose-da-fare-per-bambini-e-ragazzi-a-verbier-in-svizzera-questestate\/\" \/>\n<meta property=\"og:site_name\" content=\"Les Elfes International Camps Switzerland\" \/>\n<meta property=\"article:publisher\" content=\"https:\/\/www.facebook.com\/LesElfesVerbier\" \/>\n<meta property=\"article:published_time\" content=\"2024-07-02T15:05:55+00:00\" \/>\n<meta property=\"article:modified_time\" content=\"2024-11-18T12:35:59+00:00\" \/>\n<meta property=\"og:image\" content=\"https:\/\/dev.leselfes.com\/wp-content\/uploads\/2024\/02\/summer_day_camp_kids_camp_activities.webp\" \/>\n\t<meta property=\"og:image:width\" content=\"1600\" \/>\n\t<meta property=\"og:image:height\" content=\"800\" \/>\n\t<meta property=\"og:image:type\" content=\"image\/webp\" \/>\n<meta name=\"author\" content=\"Matthieu Perard\" \/>\n<meta name=\"twitter:card\" content=\"summary_large_image\" \/>\n<meta name=\"twitter:creator\" content=\"@LesElfesCamps\" \/>\n<meta name=\"twitter:site\" content=\"@LesElfesCamps\" \/>\n<meta name=\"twitter:label1\" content=\"Scritto da\" \/>\n\t<meta name=\"twitter:data1\" content=\"Matthieu Perard\" \/>\n\t<meta name=\"twitter:label2\" content=\"Tempo di lettura stimato\" \/>\n\t<meta name=\"twitter:data2\" content=\"8 minuti\" \/>\n<script type=\"application\/ld+json\" class=\"yoast-schema-graph\">{\"@context\":\"https:\/\/schema.org\",\"@graph\":[{\"@type\":\"Article\",\"@id\":\"https:\/\/www.leselfes.com\/it\/scopri-i-migliori-campi-estivi-e-le-cose-da-fare-per-bambini-e-ragazzi-a-verbier-in-svizzera-questestate\/#article\",\"isPartOf\":{\"@id\":\"https:\/\/www.leselfes.com\/it\/scopri-i-migliori-campi-estivi-e-le-cose-da-fare-per-bambini-e-ragazzi-a-verbier-in-svizzera-questestate\/\"},\"author\":{\"name\":\"Matthieu Perard\",\"@id\":\"https:\/\/dev.leselfes.com\/#\/schema\/person\/7ac5f99a7f3c597105fe663a00bdf6d6\"},\"headline\":\"Scopri i migliori campi estivi e le cose da fare per bambini e ragazzi a Verbier, in Svizzera, quest&#8217;estate.\",\"datePublished\":\"2024-07-02T15:05:55+00:00\",\"dateModified\":\"2024-11-18T12:35:59+00:00\",\"mainEntityOfPage\":{\"@id\":\"https:\/\/www.leselfes.com\/it\/scopri-i-migliori-campi-estivi-e-le-cose-da-fare-per-bambini-e-ragazzi-a-verbier-in-svizzera-questestate\/\"},\"wordCount\":1600,\"publisher\":{\"@id\":\"https:\/\/dev.leselfes.com\/#organization\"},\"image\":{\"@id\":\"https:\/\/www.leselfes.com\/it\/scopri-i-migliori-campi-estivi-e-le-cose-da-fare-per-bambini-e-ragazzi-a-verbier-in-svizzera-questestate\/#primaryimage\"},\"thumbnailUrl\":\"https:\/\/www.leselfes.com\/wp-content\/uploads\/2024\/02\/summer_day_camp_kids_camp_activities.webp\",\"articleSection\":[\"Campo estivo\"],\"inLanguage\":\"it-IT\"},{\"@type\":\"WebPage\",\"@id\":\"https:\/\/www.leselfes.com\/it\/scopri-i-migliori-campi-estivi-e-le-cose-da-fare-per-bambini-e-ragazzi-a-verbier-in-svizzera-questestate\/\",\"url\":\"https:\/\/www.leselfes.com\/it\/scopri-i-migliori-campi-estivi-e-le-cose-da-fare-per-bambini-e-ragazzi-a-verbier-in-svizzera-questestate\/\",\"name\":\"Scopri i migliori campi estivi a Verbier - Les Elfes International Camps Switzerland\",\"isPartOf\":{\"@id\":\"https:\/\/dev.leselfes.com\/#website\"},\"primaryImageOfPage\":{\"@id\":\"https:\/\/www.leselfes.com\/it\/scopri-i-migliori-campi-estivi-e-le-cose-da-fare-per-bambini-e-ragazzi-a-verbier-in-svizzera-questestate\/#primaryimage\"},\"image\":{\"@id\":\"https:\/\/www.leselfes.com\/it\/scopri-i-migliori-campi-estivi-e-le-cose-da-fare-per-bambini-e-ragazzi-a-verbier-in-svizzera-questestate\/#primaryimage\"},\"thumbnailUrl\":\"https:\/\/www.leselfes.com\/wp-content\/uploads\/2024\/02\/summer_day_camp_kids_camp_activities.webp\",\"datePublished\":\"2024-07-02T15:05:55+00:00\",\"dateModified\":\"2024-11-18T12:35:59+00:00\",\"description\":\"Scopri i migliori campi estivi per bambini e ragazzi a Verbier, in Svizzera. Scopri attivit\u00e0 emozionanti come la mountain bike o l'escursionismo.\",\"breadcrumb\":{\"@id\":\"https:\/\/www.leselfes.com\/it\/scopri-i-migliori-campi-estivi-e-le-cose-da-fare-per-bambini-e-ragazzi-a-verbier-in-svizzera-questestate\/#breadcrumb\"},\"inLanguage\":\"it-IT\",\"potentialAction\":[{\"@type\":\"ReadAction\",\"target\":[\"https:\/\/www.leselfes.com\/it\/scopri-i-migliori-campi-estivi-e-le-cose-da-fare-per-bambini-e-ragazzi-a-verbier-in-svizzera-questestate\/\"]}]},{\"@type\":\"ImageObject\",\"inLanguage\":\"it-IT\",\"@id\":\"https:\/\/www.leselfes.com\/it\/scopri-i-migliori-campi-estivi-e-le-cose-da-fare-per-bambini-e-ragazzi-a-verbier-in-svizzera-questestate\/#primaryimage\",\"url\":\"https:\/\/www.leselfes.com\/wp-content\/uploads\/2024\/02\/summer_day_camp_kids_camp_activities.webp\",\"contentUrl\":\"https:\/\/www.leselfes.com\/wp-content\/uploads\/2024\/02\/summer_day_camp_kids_camp_activities.webp\",\"width\":1600,\"height\":800},{\"@type\":\"BreadcrumbList\",\"@id\":\"https:\/\/www.leselfes.com\/it\/scopri-i-migliori-campi-estivi-e-le-cose-da-fare-per-bambini-e-ragazzi-a-verbier-in-svizzera-questestate\/#breadcrumb\",\"itemListElement\":[{\"@type\":\"ListItem\",\"position\":1,\"name\":\"Home\",\"item\":\"https:\/\/www.leselfes.com\/it\/\"},{\"@type\":\"ListItem\",\"position\":2,\"name\":\"Scopri i migliori campi estivi e le cose da fare per bambini e ragazzi a Verbier, in Svizzera, quest&#8217;estate.\"}]},{\"@type\":\"WebSite\",\"@id\":\"https:\/\/dev.leselfes.com\/#website\",\"url\":\"https:\/\/dev.leselfes.com\/\",\"name\":\"Les Elfes International\",\"description\":\"Les Elfes International, Verbier Switzerland. Summer Camp, Winter Camp, Spring Camps.\",\"publisher\":{\"@id\":\"https:\/\/dev.leselfes.com\/#organization\"},\"alternateName\":\"Les Elfes International\",\"potentialAction\":[{\"@type\":\"SearchAction\",\"target\":{\"@type\":\"EntryPoint\",\"urlTemplate\":\"https:\/\/dev.leselfes.com\/?s={search_term_string}\"},\"query-input\":{\"@type\":\"PropertyValueSpecification\",\"valueRequired\":true,\"valueName\":\"search_term_string\"}}],\"inLanguage\":\"it-IT\"},{\"@type\":\"Organization\",\"@id\":\"https:\/\/dev.leselfes.com\/#organization\",\"name\":\"Les Elfes International\",\"alternateName\":\"Les Elfes International\",\"url\":\"https:\/\/dev.leselfes.com\/\",\"logo\":{\"@type\":\"ImageObject\",\"inLanguage\":\"it-IT\",\"@id\":\"https:\/\/dev.leselfes.com\/#\/schema\/logo\/image\/\",\"url\":\"https:\/\/www.leselfes.com\/wp-content\/uploads\/2022\/03\/leselfes-logo.png\",\"contentUrl\":\"https:\/\/www.leselfes.com\/wp-content\/uploads\/2022\/03\/leselfes-logo.png\",\"width\":233,\"height\":51,\"caption\":\"Les Elfes International\"},\"image\":{\"@id\":\"https:\/\/dev.leselfes.com\/#\/schema\/logo\/image\/\"},\"sameAs\":[\"https:\/\/www.facebook.com\/LesElfesVerbier\",\"https:\/\/x.com\/LesElfesCamps\",\"https:\/\/www.instagram.com\/leselfes\",\"https:\/\/www.linkedin.com\/company\/les-elfes-international\",\"https:\/\/www.youtube.com\/user\/LesElfesVerbier\"]},{\"@type\":\"Person\",\"@id\":\"https:\/\/dev.leselfes.com\/#\/schema\/person\/7ac5f99a7f3c597105fe663a00bdf6d6\",\"name\":\"Matthieu Perard\",\"image\":{\"@type\":\"ImageObject\",\"inLanguage\":\"it-IT\",\"@id\":\"https:\/\/dev.leselfes.com\/#\/schema\/person\/image\/\",\"url\":\"https:\/\/secure.gravatar.com\/avatar\/e368f5bd153d15a1ff42a4c64a46d1ef?s=96&d=mm&r=g\",\"contentUrl\":\"https:\/\/secure.gravatar.com\/avatar\/e368f5bd153d15a1ff42a4c64a46d1ef?s=96&d=mm&r=g\",\"caption\":\"Matthieu Perard\"},\"url\":\"https:\/\/www.leselfes.com\/it\/author\/m-pierardnotostudio-ch\/\"}]}<\/script>\n<!-- \/ Yoast SEO Premium plugin. -->","yoast_head_json":{"title":"Scopri i migliori campi estivi a Verbier - Les Elfes International Camps Switzerland","description":"Scopri i migliori campi estivi per bambini e ragazzi a Verbier, in Svizzera. Scopri attivit\u00e0 emozionanti come la mountain bike o l'escursionismo.","robots":{"index":"index","follow":"follow","max-snippet":"max-snippet:-1","max-image-preview":"max-image-preview:large","max-video-preview":"max-video-preview:-1"},"canonical":"https:\/\/www.leselfes.com\/it\/scopri-i-migliori-campi-estivi-e-le-cose-da-fare-per-bambini-e-ragazzi-a-verbier-in-svizzera-questestate\/","og_locale":"it_IT","og_type":"article","og_title":"Scopri i migliori campi estivi e le cose da fare per bambini e ragazzi a Verbier, in Svizzera, quest'estate.","og_description":"Scopri i migliori campi estivi per bambini e ragazzi a Verbier, in Svizzera. Scopri attivit\u00e0 emozionanti come la mountain bike o l'escursionismo.","og_url":"https:\/\/www.leselfes.com\/it\/scopri-i-migliori-campi-estivi-e-le-cose-da-fare-per-bambini-e-ragazzi-a-verbier-in-svizzera-questestate\/","og_site_name":"Les Elfes International Camps Switzerland","article_publisher":"https:\/\/www.facebook.com\/LesElfesVerbier","article_published_time":"2024-07-02T15:05:55+00:00","article_modified_time":"2024-11-18T12:35:59+00:00","og_image":[{"width":1600,"height":800,"url":"https:\/\/dev.leselfes.com\/wp-content\/uploads\/2024\/02\/summer_day_camp_kids_camp_activities.webp","type":"image\/webp"}],"author":"Matthieu Perard","twitter_card":"summary_large_image","twitter_creator":"@LesElfesCamps","twitter_site":"@LesElfesCamps","twitter_misc":{"Scritto da":"Matthieu Perard","Tempo di lettura stimato":"8 minuti"},"schema":{"@context":"https:\/\/schema.org","@graph":[{"@type":"Article","@id":"https:\/\/www.leselfes.com\/it\/scopri-i-migliori-campi-estivi-e-le-cose-da-fare-per-bambini-e-ragazzi-a-verbier-in-svizzera-questestate\/#article","isPartOf":{"@id":"https:\/\/www.leselfes.com\/it\/scopri-i-migliori-campi-estivi-e-le-cose-da-fare-per-bambini-e-ragazzi-a-verbier-in-svizzera-questestate\/"},"author":{"name":"Matthieu Perard","@id":"https:\/\/dev.leselfes.com\/#\/schema\/person\/7ac5f99a7f3c597105fe663a00bdf6d6"},"headline":"Scopri i migliori campi estivi e le cose da fare per bambini e ragazzi a Verbier, in Svizzera, quest&#8217;estate.","datePublished":"2024-07-02T15:05:55+00:00","dateModified":"2024-11-18T12:35:59+00:00","mainEntityOfPage":{"@id":"https:\/\/www.leselfes.com\/it\/scopri-i-migliori-campi-estivi-e-le-cose-da-fare-per-bambini-e-ragazzi-a-verbier-in-svizzera-questestate\/"},"wordCount":1600,"publisher":{"@id":"https:\/\/dev.leselfes.com\/#organization"},"image":{"@id":"https:\/\/www.leselfes.com\/it\/scopri-i-migliori-campi-estivi-e-le-cose-da-fare-per-bambini-e-ragazzi-a-verbier-in-svizzera-questestate\/#primaryimage"},"thumbnailUrl":"https:\/\/www.leselfes.com\/wp-content\/uploads\/2024\/02\/summer_day_camp_kids_camp_activities.webp","articleSection":["Campo estivo"],"inLanguage":"it-IT"},{"@type":"WebPage","@id":"https:\/\/www.leselfes.com\/it\/scopri-i-migliori-campi-estivi-e-le-cose-da-fare-per-bambini-e-ragazzi-a-verbier-in-svizzera-questestate\/","url":"https:\/\/www.leselfes.com\/it\/scopri-i-migliori-campi-estivi-e-le-cose-da-fare-per-bambini-e-ragazzi-a-verbier-in-svizzera-questestate\/","name":"Scopri i migliori campi estivi a Verbier - Les Elfes International Camps Switzerland","isPartOf":{"@id":"https:\/\/dev.leselfes.com\/#website"},"primaryImageOfPage":{"@id":"https:\/\/www.leselfes.com\/it\/scopri-i-migliori-campi-estivi-e-le-cose-da-fare-per-bambini-e-ragazzi-a-verbier-in-svizzera-questestate\/#primaryimage"},"image":{"@id":"https:\/\/www.leselfes.com\/it\/scopri-i-migliori-campi-estivi-e-le-cose-da-fare-per-bambini-e-ragazzi-a-verbier-in-svizzera-questestate\/#primaryimage"},"thumbnailUrl":"https:\/\/www.leselfes.com\/wp-content\/uploads\/2024\/02\/summer_day_camp_kids_camp_activities.webp","datePublished":"2024-07-02T15:05:55+00:00","dateModified":"2024-11-18T12:35:59+00:00","description":"Scopri i migliori campi estivi per bambini e ragazzi a Verbier, in Svizzera. Scopri attivit\u00e0 emozionanti come la mountain bike o l'escursionismo.","breadcrumb":{"@id":"https:\/\/www.leselfes.com\/it\/scopri-i-migliori-campi-estivi-e-le-cose-da-fare-per-bambini-e-ragazzi-a-verbier-in-svizzera-questestate\/#breadcrumb"},"inLanguage":"it-IT","potentialAction":[{"@type":"ReadAction","target":["https:\/\/www.leselfes.com\/it\/scopri-i-migliori-campi-estivi-e-le-cose-da-fare-per-bambini-e-ragazzi-a-verbier-in-svizzera-questestate\/"]}]},{"@type":"ImageObject","inLanguage":"it-IT","@id":"https:\/\/www.leselfes.com\/it\/scopri-i-migliori-campi-estivi-e-le-cose-da-fare-per-bambini-e-ragazzi-a-verbier-in-svizzera-questestate\/#primaryimage","url":"https:\/\/www.leselfes.com\/wp-content\/uploads\/2024\/02\/summer_day_camp_kids_camp_activities.webp","contentUrl":"https:\/\/www.leselfes.com\/wp-content\/uploads\/2024\/02\/summer_day_camp_kids_camp_activities.webp","width":1600,"height":800},{"@type":"BreadcrumbList","@id":"https:\/\/www.leselfes.com\/it\/scopri-i-migliori-campi-estivi-e-le-cose-da-fare-per-bambini-e-ragazzi-a-verbier-in-svizzera-questestate\/#breadcrumb","itemListElement":[{"@type":"ListItem","position":1,"name":"Home","item":"https:\/\/www.leselfes.com\/it\/"},{"@type":"ListItem","position":2,"name":"Scopri i migliori campi estivi e le cose da fare per bambini e ragazzi a Verbier, in Svizzera, quest&#8217;estate."}]},{"@type":"WebSite","@id":"https:\/\/dev.leselfes.com\/#website","url":"https:\/\/dev.leselfes.com\/","name":"Les Elfes International","description":"Les Elfes International, Verbier Switzerland. Summer Camp, Winter Camp, Spring Camps.","publisher":{"@id":"https:\/\/dev.leselfes.com\/#organization"},"alternateName":"Les Elfes International","potentialAction":[{"@type":"SearchAction","target":{"@type":"EntryPoint","urlTemplate":"https:\/\/dev.leselfes.com\/?s={search_term_string}"},"query-input":{"@type":"PropertyValueSpecification","valueRequired":true,"valueName":"search_term_string"}}],"inLanguage":"it-IT"},{"@type":"Organization","@id":"https:\/\/dev.leselfes.com\/#organization","name":"Les Elfes International","alternateName":"Les Elfes International","url":"https:\/\/dev.leselfes.com\/","logo":{"@type":"ImageObject","inLanguage":"it-IT","@id":"https:\/\/dev.leselfes.com\/#\/schema\/logo\/image\/","url":"https:\/\/www.leselfes.com\/wp-content\/uploads\/2022\/03\/leselfes-logo.png","contentUrl":"https:\/\/www.leselfes.com\/wp-content\/uploads\/2022\/03\/leselfes-logo.png","width":233,"height":51,"caption":"Les Elfes International"},"image":{"@id":"https:\/\/dev.leselfes.com\/#\/schema\/logo\/image\/"},"sameAs":["https:\/\/www.facebook.com\/LesElfesVerbier","https:\/\/x.com\/LesElfesCamps","https:\/\/www.instagram.com\/leselfes","https:\/\/www.linkedin.com\/company\/les-elfes-international","https:\/\/www.youtube.com\/user\/LesElfesVerbier"]},{"@type":"Person","@id":"https:\/\/dev.leselfes.com\/#\/schema\/person\/7ac5f99a7f3c597105fe663a00bdf6d6","name":"Matthieu Perard","image":{"@type":"ImageObject","inLanguage":"it-IT","@id":"https:\/\/dev.leselfes.com\/#\/schema\/person\/image\/","url":"https:\/\/secure.gravatar.com\/avatar\/e368f5bd153d15a1ff42a4c64a46d1ef?s=96&d=mm&r=g","contentUrl":"https:\/\/secure.gravatar.com\/avatar\/e368f5bd153d15a1ff42a4c64a46d1ef?s=96&d=mm&r=g","caption":"Matthieu Perard"},"url":"https:\/\/www.leselfes.com\/it\/author\/m-pierardnotostudio-ch\/"}]}},"_links":{"self":[{"href":"https:\/\/www.leselfes.com\/it\/wp-json\/wp\/v2\/posts\/95804"}],"collection":[{"href":"https:\/\/www.leselfes.com\/it\/wp-json\/wp\/v2\/posts"}],"about":[{"href":"https:\/\/www.leselfes.com\/it\/wp-json\/wp\/v2\/types\/post"}],"author":[{"embeddable":true,"href":"https:\/\/www.leselfes.com\/it\/wp-json\/wp\/v2\/users\/16"}],"replies":[{"embeddable":true,"href":"https:\/\/www.leselfes.com\/it\/wp-json\/wp\/v2\/comments?post=95804"}],"version-history":[{"count":0,"href":"https:\/\/www.leselfes.com\/it\/wp-json\/wp\/v2\/posts\/95804\/revisions"}],"wp:featuredmedia":[{"embeddable":true,"href":"https:\/\/www.leselfes.com\/it\/wp-json\/wp\/v2\/media\/81560"}],"wp:attachment":[{"href":"https:\/\/www.leselfes.com\/it\/wp-json\/wp\/v2\/media?parent=95804"}],"wp:term":[{"taxonomy":"category","embeddable":true,"href":"https:\/\/www.leselfes.com\/it\/wp-json\/wp\/v2\/categories?post=95804"},{"taxonomy":"post_tag","embeddable":true,"href":"https:\/\/www.leselfes.com\/it\/wp-json\/wp\/v2\/tags?post=95804"}],"curies":[{"name":"wp","href":"https:\/\/api.w.org\/{rel}","templated":true}]}}