{"id":95853,"date":"2023-02-23T10:40:30","date_gmt":"2023-02-23T09:40:30","guid":{"rendered":"https:\/\/www.leselfes.com\/i-bambini-trascorrono-le-vacanze-di-pasqua-in-un-campo-di-primavera\/"},"modified":"2024-11-20T16:08:25","modified_gmt":"2024-11-20T15:08:25","slug":"i-bambini-trascorrono-le-vacanze-di-pasqua-in-un-campo-di-primavera","status":"publish","type":"post","link":"https:\/\/www.leselfes.com\/it\/i-bambini-trascorrono-le-vacanze-di-pasqua-in-un-campo-di-primavera\/","title":{"rendered":"I bambini trascorrono le vacanze di Pasqua in un campo di primavera?"},"content":{"rendered":"<p>Con l&#8217;avvicinarsi delle vacanze di primavera, \u00e8 importante iniziare a pianificare cosa faranno i bambini durante le <b>vacanze di Pasqua<\/b>.<br \/>\nAnche se tutta la famiglia non pu\u00f2 andare in vacanza, i campeggi possono essere l&#8217;ideale. I <b>campeggi per le vacanze di primavera<\/b> permettono ai giovani campeggiatori di rilassarsi e di dedicarsi a nuove attivit\u00e0 lontano dalla vita scolastica.<br \/>\nMandare i tuoi figli in <b>campeggio in primavera<\/b> pu\u00f2 migliorare la loro salute mentale e la loro vita sociale.<br \/>\nContinua a leggere per saperne di pi\u00f9 sul campeggio primaverile durante le <a href=\"\" target=\"\" rel=\"noopener\">vacanze di Pasqua<\/a>.     <\/p>\n<p>\n\n<p>\u00a0<\/p>\n<p><\/p><\/p>\n<p>\n\n<p><a href=\"https:\/\/www.leselfes.com\/it\/?page_id=90037\" target=\"_blank\" rel=\"noopener\"><button style=\"background-color: #1e93c2; color: #fff; border: #E2804A;\" type=\"button\">Partecipa allo Spring Camp Switzerland<\/button><\/a><\/p>\n<p><\/p><\/p>\n<h4>\n\t\t\t\t<div id=\"ez-toc-container\" class=\"ez-toc-v2_0_73 ez-toc-wrap-left counter-hierarchy ez-toc-counter ez-toc-grey ez-toc-container-direction\">\n<div class=\"ez-toc-title-container\">\n<span class=\"ez-toc-title ez-toc-toggle\" style=\"cursor:pointer\">Table of Contents<\/span>\n<span class=\"ez-toc-title-toggle\"><a href=\"#\" class=\"ez-toc-pull-right ez-toc-btn ez-toc-btn-xs ez-toc-btn-default ez-toc-toggle\" aria-label=\"Toggle Table of Content\"><span class=\"ez-toc-js-icon-con\"><span class=\"\"><span class=\"eztoc-hide\" style=\"display:none;\">Toggle<\/span><span class=\"ez-toc-icon-toggle-span\"><svg style=\"fill: #999;color:#999\" xmlns=\"http:\/\/www.w3.org\/2000\/svg\" class=\"list-377408\" width=\"20px\" height=\"20px\" viewBox=\"0 0 24 24\" fill=\"none\"><path d=\"M6 6H4v2h2V6zm14 0H8v2h12V6zM4 11h2v2H4v-2zm16 0H8v2h12v-2zM4 16h2v2H4v-2zm16 0H8v2h12v-2z\" fill=\"currentColor\"><\/path><\/svg><svg style=\"fill: #999;color:#999\" class=\"arrow-unsorted-368013\" xmlns=\"http:\/\/www.w3.org\/2000\/svg\" width=\"10px\" height=\"10px\" viewBox=\"0 0 24 24\" version=\"1.2\" baseProfile=\"tiny\"><path d=\"M18.2 9.3l-6.2-6.3-6.2 6.3c-.2.2-.3.4-.3.7s.1.5.3.7c.2.2.4.3.7.3h11c.3 0 .5-.1.7-.3.2-.2.3-.5.3-.7s-.1-.5-.3-.7zM5.8 14.7l6.2 6.3 6.2-6.3c.2-.2.3-.5.3-.7s-.1-.5-.3-.7c-.2-.2-.4-.3-.7-.3h-11c-.3 0-.5.1-.7.3-.2.2-.3.5-.3.7s.1.5.3.7z\"\/><\/svg><\/span><\/span><\/span><\/a><\/span><\/div>\n<nav><ul class='ez-toc-list ez-toc-list-level-1 eztoc-toggle-hide-by-default' ><li class='ez-toc-page-1 ez-toc-heading-level-2'><a class=\"ez-toc-link ez-toc-heading-1\" href=\"https:\/\/www.leselfes.com\/it\/i-bambini-trascorrono-le-vacanze-di-pasqua-in-un-campo-di-primavera\/#Quali_sono_le_date_delle_vacanze_di_Pasqua_2023_nel_Regno_Unito\" title=\"Quali sono le date delle vacanze di Pasqua 2023 nel Regno Unito?\">Quali sono le date delle vacanze di Pasqua 2023 nel Regno Unito?<\/a><\/li><li class='ez-toc-page-1 ez-toc-heading-level-2'><a class=\"ez-toc-link ez-toc-heading-2\" href=\"https:\/\/www.leselfes.com\/it\/i-bambini-trascorrono-le-vacanze-di-pasqua-in-un-campo-di-primavera\/#Qual_e_la_differenza_tra_Pasqua_e_le_vacanze_di_primavera\" title=\"Qual \u00e8 la differenza tra Pasqua e le vacanze di primavera?\">Qual \u00e8 la differenza tra Pasqua e le vacanze di primavera?<\/a><\/li><li class='ez-toc-page-1 ez-toc-heading-level-2'><a class=\"ez-toc-link ez-toc-heading-3\" href=\"https:\/\/www.leselfes.com\/it\/i-bambini-trascorrono-le-vacanze-di-pasqua-in-un-campo-di-primavera\/#Quali_sono_i_vantaggi_della_pausa_pasquale_nei_campi_di_primavera_per_bambini\" title=\"Quali sono i vantaggi della pausa pasquale nei campi di primavera per bambini?\">Quali sono i vantaggi della pausa pasquale nei campi di primavera per bambini?<\/a><ul class='ez-toc-list-level-3' ><li class='ez-toc-heading-level-3'><a class=\"ez-toc-link ez-toc-heading-4\" href=\"https:\/\/www.leselfes.com\/it\/i-bambini-trascorrono-le-vacanze-di-pasqua-in-un-campo-di-primavera\/#%E2%80%93_Incontrare_e_fare_nuove_amicizie\" title=\"&#8211; Incontrare e fare nuove amicizie\">&#8211; Incontrare e fare nuove amicizie<\/a><\/li><li class='ez-toc-page-1 ez-toc-heading-level-3'><a class=\"ez-toc-link ez-toc-heading-5\" href=\"https:\/\/www.leselfes.com\/it\/i-bambini-trascorrono-le-vacanze-di-pasqua-in-un-campo-di-primavera\/#%E2%80%93_Prova_cose_nuove\" title=\"&#8211; Prova cose nuove\">&#8211; Prova cose nuove<\/a><\/li><li class='ez-toc-page-1 ez-toc-heading-level-3'><a class=\"ez-toc-link ez-toc-heading-6\" href=\"https:\/\/www.leselfes.com\/it\/i-bambini-trascorrono-le-vacanze-di-pasqua-in-un-campo-di-primavera\/#%E2%80%93_Sviluppare_nuovi_interessi\" title=\"&#8211; Sviluppare nuovi interessi\">&#8211; Sviluppare nuovi interessi<\/a><\/li><li class='ez-toc-page-1 ez-toc-heading-level-3'><a class=\"ez-toc-link ez-toc-heading-7\" href=\"https:\/\/www.leselfes.com\/it\/i-bambini-trascorrono-le-vacanze-di-pasqua-in-un-campo-di-primavera\/#%E2%80%93_Interruzione_della_routine\" title=\"&#8211; Interruzione della routine\">&#8211; Interruzione della routine<\/a><\/li><li class='ez-toc-page-1 ez-toc-heading-level-3'><a class=\"ez-toc-link ez-toc-heading-8\" href=\"https:\/\/www.leselfes.com\/it\/i-bambini-trascorrono-le-vacanze-di-pasqua-in-un-campo-di-primavera\/#%E2%80%93_Staccare_la_spina_dalla_tecnologia\" title=\"&#8211; Staccare la spina dalla tecnologia\">&#8211; Staccare la spina dalla tecnologia<\/a><\/li><li class='ez-toc-page-1 ez-toc-heading-level-3'><a class=\"ez-toc-link ez-toc-heading-9\" href=\"https:\/\/www.leselfes.com\/it\/i-bambini-trascorrono-le-vacanze-di-pasqua-in-un-campo-di-primavera\/#%E2%80%93_Mantenere_lattivita_fisica\" title=\"&#8211; Mantenere l&#8217;attivit\u00e0 fisica\">&#8211; Mantenere l&#8217;attivit\u00e0 fisica<\/a><\/li><li class='ez-toc-page-1 ez-toc-heading-level-3'><a class=\"ez-toc-link ez-toc-heading-10\" href=\"https:\/\/www.leselfes.com\/it\/i-bambini-trascorrono-le-vacanze-di-pasqua-in-un-campo-di-primavera\/#%E2%80%93_I_genitori_saranno_tranquilli\" title=\"&#8211; I genitori saranno tranquilli\">&#8211; I genitori saranno tranquilli<\/a><\/li><\/ul><\/li><li class='ez-toc-page-1 ez-toc-heading-level-2'><a class=\"ez-toc-link ez-toc-heading-11\" href=\"https:\/\/www.leselfes.com\/it\/i-bambini-trascorrono-le-vacanze-di-pasqua-in-un-campo-di-primavera\/#Dove_trascorrere_le_vacanze_di_Pasqua_in_campeggio_in_primavera_sciare_fino_alla_fine_di_aprile_in_Svizzera\" title=\"Dove trascorrere le vacanze di Pasqua in campeggio in primavera, sciare fino alla fine di aprile in Svizzera\">Dove trascorrere le vacanze di Pasqua in campeggio in primavera, sciare fino alla fine di aprile in Svizzera<\/a><ul class='ez-toc-list-level-3' ><li class='ez-toc-heading-level-3'><a class=\"ez-toc-link ez-toc-heading-12\" href=\"https:\/\/www.leselfes.com\/it\/i-bambini-trascorrono-le-vacanze-di-pasqua-in-un-campo-di-primavera\/#%E2%80%93_Verbier\" title=\"&#8211; Verbier\">&#8211; Verbier<\/a><\/li><li class='ez-toc-page-1 ez-toc-heading-level-3'><a class=\"ez-toc-link ez-toc-heading-13\" href=\"https:\/\/www.leselfes.com\/it\/i-bambini-trascorrono-le-vacanze-di-pasqua-in-un-campo-di-primavera\/#%E2%80%93_Tariffa_Saas\" title=\"&#8211; Tariffa Saas\">&#8211; Tariffa Saas<\/a><\/li><li class='ez-toc-page-1 ez-toc-heading-level-3'><a class=\"ez-toc-link ez-toc-heading-14\" href=\"https:\/\/www.leselfes.com\/it\/i-bambini-trascorrono-le-vacanze-di-pasqua-in-un-campo-di-primavera\/#%E2%80%93_Zermatt\" title=\"&#8211; Zermatt\">&#8211; Zermatt<\/a><\/li><li class='ez-toc-page-1 ez-toc-heading-level-3'><a class=\"ez-toc-link ez-toc-heading-15\" href=\"https:\/\/www.leselfes.com\/it\/i-bambini-trascorrono-le-vacanze-di-pasqua-in-un-campo-di-primavera\/#%E2%80%93_Moritz\" title=\"&#8211; Moritz\">&#8211; Moritz<\/a><\/li><\/ul><\/li><li class='ez-toc-page-1 ez-toc-heading-level-2'><a class=\"ez-toc-link ez-toc-heading-16\" href=\"https:\/\/www.leselfes.com\/it\/i-bambini-trascorrono-le-vacanze-di-pasqua-in-un-campo-di-primavera\/#Conclusione\" title=\"Conclusione\">Conclusione<\/a><\/li><\/ul><\/nav><\/div>\n\t\t\t<\/h4>\n\n<h2 class=\"wp-block-heading\"><span class=\"ez-toc-section\" id=\"Quali_sono_le_date_delle_vacanze_di_Pasqua_2023_nel_Regno_Unito\"><\/span>Quali sono le date delle vacanze di Pasqua 2023 nel Regno Unito?<span class=\"ez-toc-section-end\"><\/span><\/h2>\n\n<p>La pausa pasquale nel Regno Unito cade il 9 aprile 2023, al termine delle vacanze scolastiche.\nIl Venerd\u00ec Santo cadr\u00e0 il 7 aprile, che sar\u00e0 anche un giorno festivo nazionale nel Regno Unito.\nIn Scozia la Pasqua non \u00e8 riconosciuta come giorno festivo nazionale.\nTuttavia, alcuni comuni come Glasgow, Edimburgo e Dundee la riconoscono come tale.     <\/p>\n\n<h2 class=\"wp-block-heading\"><span class=\"ez-toc-section\" id=\"Qual_e_la_differenza_tra_Pasqua_e_le_vacanze_di_primavera\"><\/span>Qual \u00e8 la differenza tra Pasqua e le vacanze di primavera?<span class=\"ez-toc-section-end\"><\/span><\/h2>\n\n<p>La Pasqua segna la resurrezione di Ges\u00f9 il terzo giorno successivo alla sua crocifissione.\nAvviene dopo un periodo di digiuno noto come Quaresima, in cui molte chiese riservano del tempo al ricordo e al pentimento.\nLa Quaresima inizia il Mercoled\u00ec delle Ceneri e culmina il Venerd\u00ec Santo, primo giorno della crocifissione di Ges\u00f9.    <\/p>\n\n<p>Papa Gregorio 1 si bas\u00f2 sullo schema dei 40 giorni di Elia, Mos\u00e8, Israele e del periodo di Ges\u00f9 nel deserto per stabilire i 40 giorni.\nLa Pasqua \u00e8 un evento importante per il cristianesimo e rappresenta il fulcro della fede.\nMolte famiglie sfruttano le vacanze di Pasqua per fare una fuga e partecipare a diverse attivit\u00e0 pasquali divertenti.  <\/p>\n\n<p>Durante la Pasqua, puoi approfittare di offerte speciali o ricevere buoni sconto per i tuoi acquisti.\nD&#8217;altra parte, le vacanze di primavera sono una pratica comune nella vita universitaria di molti studenti.\nAlcuni la considerano l&#8217;apice della loro esperienza universitaria.  <\/p>\n\n<p>Mentre alcuni studenti utilizzano le vacanze di febbraio per rilassarsi e ricaricarsi, altri le usano per praticare attivit\u00e0 sportive, imparare nuove abilit\u00e0 o visitare parchi vacanze.\nLe tradizioni delle vacanze di primavera variano da regione a regione e da scuola a scuola, ma questa esperienza \u00e8 diventata una parte fondamentale della vita universitaria.   <\/p>\n\n<h2 class=\"wp-block-heading\"><span class=\"ez-toc-section\" id=\"Quali_sono_i_vantaggi_della_pausa_pasquale_nei_campi_di_primavera_per_bambini\"><\/span>Quali sono i vantaggi della pausa pasquale nei campi di primavera per bambini?<span class=\"ez-toc-section-end\"><\/span><\/h2>\n\n<p>Iscrivere tuo figlio a un campo multiattivit\u00e0 primaverile durante la Pasqua \u00e8 uno dei modi migliori per mantenerlo attivo e in forma. I <a href=\"https:\/\/www.leselfes.com\/it\/?page_id=90037\" target=\"_blank\" rel=\"noreferrer noopener\">campi primaverili<\/a> offrono molte attivit\u00e0 divertenti, come la ginnastica e la caccia alle uova di Pasqua. Se tuo figlio \u00e8 appassionato di sport, puoi iscriverlo a un campo polisportivo dove potr\u00e0 vivere una fantastica esperienza di campeggio. Sia che tu scelga un glamping notturno o un campo di un giorno intero per le vacanze di Pasqua, i tuoi figli saranno soddisfatti:  <\/p>\n\n<h3 class=\"wp-block-heading\"><span class=\"ez-toc-section\" id=\"%E2%80%93_Incontrare_e_fare_nuove_amicizie\"><\/span>&#8211; Incontrare e fare nuove amicizie<span class=\"ez-toc-section-end\"><\/span><\/h3>\n\n<p>Oltre ad essere accogliente, lo staff di molti campi primaverili \u00e8 pronto ad aiutare i campeggiatori ad ambientarsi velocemente.\nRaggruppano i bambini in base alla loro et\u00e0, assicurandosi che passino del tempo e leghino con i loro coetanei fin dall&#8217;inizio. <\/p>\n\n<p>Le attivit\u00e0 di questi campi sono pensate per far s\u00ec che i campeggiatori interagiscano con altri bambini all&#8217;interno dei loro gruppi per abbattere eventuali barriere.\nAnche se vanno in campeggio come estranei, durante il loro soggiorno incontrano e fanno nuove amicizie.\nI bambini si adattano velocemente ai nuovi amici e spesso stringono amicizie che durano tutta la vita con i loro coetanei e con lo staff del campeggio.  <\/p>\n\n<h3 class=\"wp-block-heading\"><span class=\"ez-toc-section\" id=\"%E2%80%93_Prova_cose_nuove\"><\/span>&#8211; Prova cose nuove<span class=\"ez-toc-section-end\"><\/span><\/h3>\n\n<figure><img loading=\"lazy\" decoding=\"async\" src=\"https:\/\/www.leselfes.com\/wp-content\/uploads\/2023\/03\/Skiing.png\" alt=\"Sci\" width=\"624\" height=\"418\"\/><\/figure>\n\n<p>I club per le vacanze di primavera offrono una vasta gamma di attivit\u00e0 che permettono ai bambini di provare cose nuove.\nI campi hanno sessioni diverse ogni giorno con una selezione di attivit\u00e0 per ognuna.\nI campeggiatori hanno l&#8217;opportunit\u00e0 di scegliere qualcosa che li appassiona o che vogliono imparare.\nC&#8217;\u00e8 qualcosa per ogni bambino, dalla piscina all&#8217;artigianato, dallo sport alla scienza e al teatro.\nI bambini pi\u00f9 grandi possono anche dedicarsi ad <a href=\"\" target=\"\" rel=\"noopener\">attivit\u00e0 specializzate<\/a> come il tiro con l&#8217;arco, gli sport motoristici, la scherma e la robotica.    <\/p>\n\n<h3 class=\"wp-block-heading\"><span class=\"ez-toc-section\" id=\"%E2%80%93_Sviluppare_nuovi_interessi\"><\/span>&#8211; Sviluppare nuovi interessi<span class=\"ez-toc-section-end\"><\/span><\/h3>\n\n<p>Le numerose attivit\u00e0 disponibili nei campi primaverili possono aiutare i bambini a sviluppare nuovi interessi.\nAd esempio, visitare la pista di automobilismo pu\u00f2 ispirare i bambini a diventare il prossimo Lewis Hamilton, mentre assistere al Talent Show pu\u00f2 stimolare il loro percorso per diventare la prossima Jodie Foster. <\/p>\n\n<p>I campeggi di primavera offrono numerose opportunit\u00e0 ai bambini per scoprire una nuova passione.\nInoltre, i bambini che vanno in campeggio per un&#8217;intera settimana possono prenotare dei corsi extra per acquisire un&#8217;esperienza completa nel loro corso preferito.   <\/p>\n\n<h3 class=\"wp-block-heading\"><span class=\"ez-toc-section\" id=\"%E2%80%93_Interruzione_della_routine\"><\/span>&#8211; Interruzione della routine<span class=\"ez-toc-section-end\"><\/span><\/h3>\n\n<p>Spesso i campi hanno un programma simile a quello delle scuole.\nTuttavia, la routine \u00e8 diversa e nuova e offre ai bambini una pausa dalle normali attivit\u00e0 scolastiche.\nI campi primaverili permettono ai bambini di resettare e tornare a scuola ringiovaniti.    <\/p>\n\n<h3 class=\"wp-block-heading\"><span class=\"ez-toc-section\" id=\"%E2%80%93_Staccare_la_spina_dalla_tecnologia\"><\/span>&#8211; Staccare la spina dalla tecnologia<span class=\"ez-toc-section-end\"><\/span><\/h3>\n\n<p>Molti campeggi hanno una politica di assenza di schermi.\nIscrivere tuo figlio in un campeggio aiuta a tenerlo lontano da tablet, telefoni e televisione per un po&#8217; di tempo. <\/p>\n\n<h3 class=\"wp-block-heading\"><span class=\"ez-toc-section\" id=\"%E2%80%93_Mantenere_lattivita_fisica\"><\/span>&#8211; Mantenere l&#8217;attivit\u00e0 fisica<span class=\"ez-toc-section-end\"><\/span><\/h3>\n\n<figure><img loading=\"lazy\" decoding=\"async\" src=\"https:\/\/www.leselfes.com\/wp-content\/uploads\/2023\/03\/Children-playing.png\" alt=\"Bambini che giocano\" width=\"627\" height=\"412\"\/><\/figure>\n\n<p>L&#8217;attivit\u00e0 fisica all&#8217;aperto \u00e8 fondamentale.\nI campi primaverili assicurano che i bambini si impegnino in attivit\u00e0 fisiche presso la struttura del campeggio di Pasqua. <\/p>\n\n<h3 class=\"wp-block-heading\"><span class=\"ez-toc-section\" id=\"%E2%80%93_I_genitori_saranno_tranquilli\"><\/span>&#8211; I genitori saranno tranquilli<span class=\"ez-toc-section-end\"><\/span><\/h3>\n\n<p>Ci sono diversi motivi per iscrivere i tuoi figli a un campo vacanze primaverile o estivo.\nAd esempio, supponiamo che tu voglia che ricevano un&#8217;assistenza di qualit\u00e0 e che rimangano attivi durante le vacanze senza distrarre i tuoi impegni di lavoro.\nI campi primaverili offrono soluzioni flessibili in base ai tuoi orari e alle tue esigenze.  <\/p>\n\n<p>Ad esempio, puoi lasciare i tuoi figli al mattino e riprenderli la sera.\nAlcuni campi offrono pacchetti da un solo giorno a un&#8217;intera settimana, mentre altri offrono giorni prolungati e pacchetti di ore standard.\nOltre ad avere un&#8217;ottima valutazione Ofsted, i campi primaverili sono ambienti sicuri per i bambini.  <\/p>\n\n<p>Il personale del campo \u00e8 preparato e ha l&#8217;esperienza necessaria per prendersi cura dei bambini e allo stesso tempo fornire servizi a domicilio.\nI genitori possono stare tranquilli sapendo che i loro figli sono ben curati. <\/p>\n\n<h2 class=\"wp-block-heading\"><span class=\"ez-toc-section\" id=\"Dove_trascorrere_le_vacanze_di_Pasqua_in_campeggio_in_primavera_sciare_fino_alla_fine_di_aprile_in_Svizzera\"><\/span>Dove trascorrere le vacanze di Pasqua in campeggio in primavera, sciare fino alla fine di aprile in Svizzera<span class=\"ez-toc-section-end\"><\/span><\/h2>\n\n<figure><img loading=\"lazy\" decoding=\"async\" src=\"https:\/\/www.leselfes.com\/wp-content\/uploads\/2023\/03\/Crafting-Materials.png\" alt=\"Materiali per l'artigianato\" width=\"629\" height=\"420\"\/><\/figure>\n\n<p>Sciare in primavera pu\u00f2 essere un&#8217;esperienza gratificante, con giornate lunghe e tempo splendido.\nLo sci primaverile pu\u00f2 anche offrire ai visitatori le condizioni di neve pi\u00f9 piacevoli della stagione sciistica.\nEcco i luoghi dove sciare in primavera durante le vacanze di Pasqua.  <\/p>\n\n<h3 class=\"wp-block-heading\"><span class=\"ez-toc-section\" id=\"%E2%80%93_Verbier\"><\/span>&#8211; Verbier<span class=\"ez-toc-section-end\"><\/span><\/h3>\n\n<p>Verbier \u00e8 una localit\u00e0 popolare per sciare durante le vacanze di Pasqua.\nHa un&#8217;altitudine compresa tra i 1.500 m e i 3.023 m e si collega a Mont-fort lungo le 4 Vall\u00e9es, dove prospera la tecnologia di innevamento, aumentando le probabilit\u00e0 dei visitatori di vivere un&#8217;ottima esperienza sciistica.\nAttivit\u00e0 a tema, come una gara di uova di Pasqua e cacce alle uova in giro per il resort e le piste, caratterizzano le celebrazioni pasquali a Verbier.    <\/p>\n\n<h3 class=\"wp-block-heading\"><span class=\"ez-toc-section\" id=\"%E2%80%93_Tariffa_Saas\"><\/span>&#8211; Tariffa Saas<span class=\"ez-toc-section-end\"><\/span><\/h3>\n\n<p>Non sono molte le localit\u00e0 in Svizzera che hanno un&#8217;affidabilit\u00e0 della neve simile a quella che offre il ghiacciaio di Saas-Fee.\nTutta la famiglia pu\u00f2 visitare la pista di pattinaggio locale, andare in slitta, sciare o nuotare in una piscina coperta.   <\/p>\n\n<h3 class=\"wp-block-heading\"><span class=\"ez-toc-section\" id=\"%E2%80%93_Zermatt\"><\/span>&#8211; Zermatt<span class=\"ez-toc-section-end\"><\/span><\/h3>\n\n<p>Zermatt \u00e8 una meta imperdibile durante le vacanze di Pasqua.\nIl comprensorio sciistico offre 21 km di piste con innevamento garantito sul ghiacciaio Theodul, un&#8217;altitudine di circa 3.899 m e molte piste rivolte a nord.\nI visitatori potranno anche godere di un&#8217;ottima neve in tarda stagione sulle Alpi.\nLa stazione montana pi\u00f9 alta d&#8217;Europa si trova a Zermatt e garantisce ai visitatori un&#8217;indimenticabile esperienza sciistica in tarda stagione.     <\/p>\n\n<h3 class=\"wp-block-heading\"><span class=\"ez-toc-section\" id=\"%E2%80%93_Moritz\"><\/span>&#8211; Moritz<span class=\"ez-toc-section-end\"><\/span><\/h3>\n\n<p>St. Moritz \u00e8 famosa per avere alte piste da sci e due aree sciistiche sul ghiacciaio, un centro cittadino con ottimi posti dove mangiare e fare shopping.\nLa citt\u00e0 si trova sul bordo di un lago ghiacciato, di fronte alle cime di 4000 metri che si protendono verso l&#8217;Italia.\nCi sono 350 km di piste disponibili in 4 aree diverse per sciare.  <\/p>\n\n<p>Per gli intermedi sono disponibili lunghe piste rosse che si snodano verso il centro, mentre per chi vuole praticare i trick sono disponibili tre snowpark.\nI principianti hanno a disposizione diverse piste per bambini, mentre i pi\u00f9 piccoli possono divertirsi nell&#8217;area giochi, nell&#8217;asilo e nella scuola di sci.\nGli sciatori esperti possono avventurarsi fuori pista o utilizzare le impegnative piste nere.  <\/p>\n\n<h2 class=\"wp-block-heading\"><span class=\"ez-toc-section\" id=\"Conclusione\"><\/span>Conclusione<span class=\"ez-toc-section-end\"><\/span><\/h2>\n\n<p>Il periodo pasquale \u00e8 il momento ideale per i bambini per prendersi una pausa dalla scuola e trascorrere momenti divertenti in un campo vacanze primaverile.\nMandare tuo figlio in campeggio pu\u00f2 migliorare la sua salute fisica e mentale.\nOltre a conoscere e fare nuove amicizie, i bambini impareranno cose nuove e si prenderanno una pausa dalla tecnologia.\nStai pensando di mandare tuo figlio in un campo primaverile durante le vacanze di Pasqua?\nVisita il nostro sito web per richiedere informazioni.      <\/p>\n\n<p><a href=\"https:\/\/www.leselfes.com\/it\/?page_id=90037\" target=\"_blank\" rel=\"noopener\"><button style=\"background-color: #1e93c2; color: #fff; border: #E2804A;\" spellcheck=\"false\" type=\"button\" data-lt-tmp-id=\"lt-556182\" data-gramm=\"false\">Partecipa allo Spring Camp Switzerland<\/button><\/a><\/p>\n","protected":false},"excerpt":{"rendered":"<p>Con l&#8217;avvicinarsi delle vacanze di primavera, \u00e8 importante iniziare a pianificare cosa faranno i bambini durante le vacanze di Pasqua. Anche se tutta la famiglia non pu\u00f2 andare in vacanza,&#8230;<\/p>\n","protected":false},"author":1,"featured_media":79241,"comment_status":"closed","ping_status":"open","sticky":false,"template":"","format":"standard","meta":{"_acf_changed":false,"inline_featured_image":false,"footnotes":""},"categories":[1353,1795],"tags":[1981,1980],"class_list":{"0":"post-95853","1":"post","2":"type-post","3":"status-publish","4":"format-standard","5":"has-post-thumbnail","7":"category-articoli","8":"category-campo-di-primavera","9":"tag-spend-camp-it","10":"tag-trascorrere-le-vacanze-di-pasqua-in-un-campo-di-primavera"},"acf":[],"yoast_head":"<!-- This site is optimized with the Yoast SEO Premium plugin v24.2 (Yoast SEO v24.7) - https:\/\/yoast.com\/wordpress\/plugins\/seo\/ -->\n<title>I bambini trascorrono le vacanze di Pasqua in un campo di primavera?<\/title>\n<meta name=\"description\" content=\"Mandare i tuoi figli a fare una pausa pasquale in un campo primaverile pu\u00f2 migliorare la loro salute mentale e la loro vita sociale. Leggi di pi\u00f9.\" \/>\n<meta name=\"robots\" content=\"index, follow, max-snippet:-1, max-image-preview:large, max-video-preview:-1\" \/>\n<link rel=\"canonical\" href=\"https:\/\/www.leselfes.com\/it\/i-bambini-trascorrono-le-vacanze-di-pasqua-in-un-campo-di-primavera\/\" \/>\n<meta property=\"og:locale\" content=\"it_IT\" \/>\n<meta property=\"og:type\" content=\"article\" \/>\n<meta property=\"og:title\" content=\"I bambini trascorrono le vacanze di Pasqua in un campo di primavera?\" \/>\n<meta property=\"og:description\" content=\"Mandare i tuoi figli a fare una pausa pasquale in un campo primaverile pu\u00f2 migliorare la loro salute mentale e la loro vita sociale. Leggi di pi\u00f9.\" \/>\n<meta property=\"og:url\" content=\"https:\/\/www.leselfes.com\/it\/i-bambini-trascorrono-le-vacanze-di-pasqua-in-un-campo-di-primavera\/\" \/>\n<meta property=\"og:site_name\" content=\"Les Elfes International Camps Switzerland\" \/>\n<meta property=\"article:publisher\" content=\"https:\/\/www.facebook.com\/LesElfesVerbier\" \/>\n<meta property=\"article:published_time\" content=\"2023-02-23T09:40:30+00:00\" \/>\n<meta property=\"article:modified_time\" content=\"2024-11-20T15:08:25+00:00\" \/>\n<meta property=\"og:image\" content=\"https:\/\/dev.leselfes.com\/wp-content\/uploads\/2023\/02\/Kids-Spend-Easter-Break-in-Sprin-1.png\" \/>\n\t<meta property=\"og:image:width\" content=\"975\" \/>\n\t<meta property=\"og:image:height\" content=\"675\" \/>\n\t<meta property=\"og:image:type\" content=\"image\/png\" \/>\n<meta name=\"author\" content=\"lesadmin\" \/>\n<meta name=\"twitter:card\" content=\"summary_large_image\" \/>\n<meta name=\"twitter:creator\" content=\"@LesElfesCamps\" \/>\n<meta name=\"twitter:site\" content=\"@LesElfesCamps\" \/>\n<meta name=\"twitter:label1\" content=\"Scritto da\" \/>\n\t<meta name=\"twitter:data1\" content=\"lesadmin\" \/>\n\t<meta name=\"twitter:label2\" content=\"Tempo di lettura stimato\" \/>\n\t<meta name=\"twitter:data2\" content=\"7 minuti\" \/>\n<script type=\"application\/ld+json\" class=\"yoast-schema-graph\">{\"@context\":\"https:\/\/schema.org\",\"@graph\":[{\"@type\":\"Article\",\"@id\":\"https:\/\/www.leselfes.com\/it\/i-bambini-trascorrono-le-vacanze-di-pasqua-in-un-campo-di-primavera\/#article\",\"isPartOf\":{\"@id\":\"https:\/\/www.leselfes.com\/it\/i-bambini-trascorrono-le-vacanze-di-pasqua-in-un-campo-di-primavera\/\"},\"author\":{\"name\":\"lesadmin\",\"@id\":\"https:\/\/dev.leselfes.com\/#\/schema\/person\/407a229698868b8c603874b19f37f289\"},\"headline\":\"I bambini trascorrono le vacanze di Pasqua in un campo di primavera?\",\"datePublished\":\"2023-02-23T09:40:30+00:00\",\"dateModified\":\"2024-11-20T15:08:25+00:00\",\"mainEntityOfPage\":{\"@id\":\"https:\/\/www.leselfes.com\/it\/i-bambini-trascorrono-le-vacanze-di-pasqua-in-un-campo-di-primavera\/\"},\"wordCount\":1502,\"publisher\":{\"@id\":\"https:\/\/dev.leselfes.com\/#organization\"},\"image\":{\"@id\":\"https:\/\/www.leselfes.com\/it\/i-bambini-trascorrono-le-vacanze-di-pasqua-in-un-campo-di-primavera\/#primaryimage\"},\"thumbnailUrl\":\"https:\/\/www.leselfes.com\/wp-content\/uploads\/2023\/02\/Kids-Spend-Easter-Break-in-Sprin-1.png\",\"keywords\":[\"Spend Camp\",\"Trascorrere le vacanze di Pasqua in un campo di primavera\"],\"articleSection\":[\"Articoli\",\"Campo di primavera\"],\"inLanguage\":\"it-IT\"},{\"@type\":\"WebPage\",\"@id\":\"https:\/\/www.leselfes.com\/it\/i-bambini-trascorrono-le-vacanze-di-pasqua-in-un-campo-di-primavera\/\",\"url\":\"https:\/\/www.leselfes.com\/it\/i-bambini-trascorrono-le-vacanze-di-pasqua-in-un-campo-di-primavera\/\",\"name\":\"I bambini trascorrono le vacanze di Pasqua in un campo di primavera?\",\"isPartOf\":{\"@id\":\"https:\/\/dev.leselfes.com\/#website\"},\"primaryImageOfPage\":{\"@id\":\"https:\/\/www.leselfes.com\/it\/i-bambini-trascorrono-le-vacanze-di-pasqua-in-un-campo-di-primavera\/#primaryimage\"},\"image\":{\"@id\":\"https:\/\/www.leselfes.com\/it\/i-bambini-trascorrono-le-vacanze-di-pasqua-in-un-campo-di-primavera\/#primaryimage\"},\"thumbnailUrl\":\"https:\/\/www.leselfes.com\/wp-content\/uploads\/2023\/02\/Kids-Spend-Easter-Break-in-Sprin-1.png\",\"datePublished\":\"2023-02-23T09:40:30+00:00\",\"dateModified\":\"2024-11-20T15:08:25+00:00\",\"description\":\"Mandare i tuoi figli a fare una pausa pasquale in un campo primaverile pu\u00f2 migliorare la loro salute mentale e la loro vita sociale. Leggi di pi\u00f9.\",\"breadcrumb\":{\"@id\":\"https:\/\/www.leselfes.com\/it\/i-bambini-trascorrono-le-vacanze-di-pasqua-in-un-campo-di-primavera\/#breadcrumb\"},\"inLanguage\":\"it-IT\",\"potentialAction\":[{\"@type\":\"ReadAction\",\"target\":[\"https:\/\/www.leselfes.com\/it\/i-bambini-trascorrono-le-vacanze-di-pasqua-in-un-campo-di-primavera\/\"]}]},{\"@type\":\"ImageObject\",\"inLanguage\":\"it-IT\",\"@id\":\"https:\/\/www.leselfes.com\/it\/i-bambini-trascorrono-le-vacanze-di-pasqua-in-un-campo-di-primavera\/#primaryimage\",\"url\":\"https:\/\/www.leselfes.com\/wp-content\/uploads\/2023\/02\/Kids-Spend-Easter-Break-in-Sprin-1.png\",\"contentUrl\":\"https:\/\/www.leselfes.com\/wp-content\/uploads\/2023\/02\/Kids-Spend-Easter-Break-in-Sprin-1.png\",\"width\":975,\"height\":675},{\"@type\":\"BreadcrumbList\",\"@id\":\"https:\/\/www.leselfes.com\/it\/i-bambini-trascorrono-le-vacanze-di-pasqua-in-un-campo-di-primavera\/#breadcrumb\",\"itemListElement\":[{\"@type\":\"ListItem\",\"position\":1,\"name\":\"Home\",\"item\":\"https:\/\/www.leselfes.com\/it\/\"},{\"@type\":\"ListItem\",\"position\":2,\"name\":\"I bambini trascorrono le vacanze di Pasqua in un campo di primavera?\"}]},{\"@type\":\"WebSite\",\"@id\":\"https:\/\/dev.leselfes.com\/#website\",\"url\":\"https:\/\/dev.leselfes.com\/\",\"name\":\"Les Elfes International\",\"description\":\"Les Elfes International, Verbier Switzerland. Summer Camp, Winter Camp, Spring Camps.\",\"publisher\":{\"@id\":\"https:\/\/dev.leselfes.com\/#organization\"},\"alternateName\":\"Les Elfes International\",\"potentialAction\":[{\"@type\":\"SearchAction\",\"target\":{\"@type\":\"EntryPoint\",\"urlTemplate\":\"https:\/\/dev.leselfes.com\/?s={search_term_string}\"},\"query-input\":{\"@type\":\"PropertyValueSpecification\",\"valueRequired\":true,\"valueName\":\"search_term_string\"}}],\"inLanguage\":\"it-IT\"},{\"@type\":\"Organization\",\"@id\":\"https:\/\/dev.leselfes.com\/#organization\",\"name\":\"Les Elfes International\",\"alternateName\":\"Les Elfes International\",\"url\":\"https:\/\/dev.leselfes.com\/\",\"logo\":{\"@type\":\"ImageObject\",\"inLanguage\":\"it-IT\",\"@id\":\"https:\/\/dev.leselfes.com\/#\/schema\/logo\/image\/\",\"url\":\"https:\/\/www.leselfes.com\/wp-content\/uploads\/2022\/03\/leselfes-logo.png\",\"contentUrl\":\"https:\/\/www.leselfes.com\/wp-content\/uploads\/2022\/03\/leselfes-logo.png\",\"width\":233,\"height\":51,\"caption\":\"Les Elfes International\"},\"image\":{\"@id\":\"https:\/\/dev.leselfes.com\/#\/schema\/logo\/image\/\"},\"sameAs\":[\"https:\/\/www.facebook.com\/LesElfesVerbier\",\"https:\/\/x.com\/LesElfesCamps\",\"https:\/\/www.instagram.com\/leselfes\",\"https:\/\/www.linkedin.com\/company\/les-elfes-international\",\"https:\/\/www.youtube.com\/user\/LesElfesVerbier\"]},{\"@type\":\"Person\",\"@id\":\"https:\/\/dev.leselfes.com\/#\/schema\/person\/407a229698868b8c603874b19f37f289\",\"name\":\"lesadmin\",\"image\":{\"@type\":\"ImageObject\",\"inLanguage\":\"it-IT\",\"@id\":\"https:\/\/dev.leselfes.com\/#\/schema\/person\/image\/\",\"url\":\"https:\/\/secure.gravatar.com\/avatar\/fdb243a028df450397b3632d862f87f6?s=96&d=mm&r=g\",\"contentUrl\":\"https:\/\/secure.gravatar.com\/avatar\/fdb243a028df450397b3632d862f87f6?s=96&d=mm&r=g\",\"caption\":\"lesadmin\"},\"url\":\"https:\/\/www.leselfes.com\/it\/author\/lesadmin\/\"}]}<\/script>\n<!-- \/ Yoast SEO Premium plugin. -->","yoast_head_json":{"title":"I bambini trascorrono le vacanze di Pasqua in un campo di primavera?","description":"Mandare i tuoi figli a fare una pausa pasquale in un campo primaverile pu\u00f2 migliorare la loro salute mentale e la loro vita sociale. Leggi di pi\u00f9.","robots":{"index":"index","follow":"follow","max-snippet":"max-snippet:-1","max-image-preview":"max-image-preview:large","max-video-preview":"max-video-preview:-1"},"canonical":"https:\/\/www.leselfes.com\/it\/i-bambini-trascorrono-le-vacanze-di-pasqua-in-un-campo-di-primavera\/","og_locale":"it_IT","og_type":"article","og_title":"I bambini trascorrono le vacanze di Pasqua in un campo di primavera?","og_description":"Mandare i tuoi figli a fare una pausa pasquale in un campo primaverile pu\u00f2 migliorare la loro salute mentale e la loro vita sociale. Leggi di pi\u00f9.","og_url":"https:\/\/www.leselfes.com\/it\/i-bambini-trascorrono-le-vacanze-di-pasqua-in-un-campo-di-primavera\/","og_site_name":"Les Elfes International Camps Switzerland","article_publisher":"https:\/\/www.facebook.com\/LesElfesVerbier","article_published_time":"2023-02-23T09:40:30+00:00","article_modified_time":"2024-11-20T15:08:25+00:00","og_image":[{"width":975,"height":675,"url":"https:\/\/dev.leselfes.com\/wp-content\/uploads\/2023\/02\/Kids-Spend-Easter-Break-in-Sprin-1.png","type":"image\/png"}],"author":"lesadmin","twitter_card":"summary_large_image","twitter_creator":"@LesElfesCamps","twitter_site":"@LesElfesCamps","twitter_misc":{"Scritto da":"lesadmin","Tempo di lettura stimato":"7 minuti"},"schema":{"@context":"https:\/\/schema.org","@graph":[{"@type":"Article","@id":"https:\/\/www.leselfes.com\/it\/i-bambini-trascorrono-le-vacanze-di-pasqua-in-un-campo-di-primavera\/#article","isPartOf":{"@id":"https:\/\/www.leselfes.com\/it\/i-bambini-trascorrono-le-vacanze-di-pasqua-in-un-campo-di-primavera\/"},"author":{"name":"lesadmin","@id":"https:\/\/dev.leselfes.com\/#\/schema\/person\/407a229698868b8c603874b19f37f289"},"headline":"I bambini trascorrono le vacanze di Pasqua in un campo di primavera?","datePublished":"2023-02-23T09:40:30+00:00","dateModified":"2024-11-20T15:08:25+00:00","mainEntityOfPage":{"@id":"https:\/\/www.leselfes.com\/it\/i-bambini-trascorrono-le-vacanze-di-pasqua-in-un-campo-di-primavera\/"},"wordCount":1502,"publisher":{"@id":"https:\/\/dev.leselfes.com\/#organization"},"image":{"@id":"https:\/\/www.leselfes.com\/it\/i-bambini-trascorrono-le-vacanze-di-pasqua-in-un-campo-di-primavera\/#primaryimage"},"thumbnailUrl":"https:\/\/www.leselfes.com\/wp-content\/uploads\/2023\/02\/Kids-Spend-Easter-Break-in-Sprin-1.png","keywords":["Spend Camp","Trascorrere le vacanze di Pasqua in un campo di primavera"],"articleSection":["Articoli","Campo di primavera"],"inLanguage":"it-IT"},{"@type":"WebPage","@id":"https:\/\/www.leselfes.com\/it\/i-bambini-trascorrono-le-vacanze-di-pasqua-in-un-campo-di-primavera\/","url":"https:\/\/www.leselfes.com\/it\/i-bambini-trascorrono-le-vacanze-di-pasqua-in-un-campo-di-primavera\/","name":"I bambini trascorrono le vacanze di Pasqua in un campo di primavera?","isPartOf":{"@id":"https:\/\/dev.leselfes.com\/#website"},"primaryImageOfPage":{"@id":"https:\/\/www.leselfes.com\/it\/i-bambini-trascorrono-le-vacanze-di-pasqua-in-un-campo-di-primavera\/#primaryimage"},"image":{"@id":"https:\/\/www.leselfes.com\/it\/i-bambini-trascorrono-le-vacanze-di-pasqua-in-un-campo-di-primavera\/#primaryimage"},"thumbnailUrl":"https:\/\/www.leselfes.com\/wp-content\/uploads\/2023\/02\/Kids-Spend-Easter-Break-in-Sprin-1.png","datePublished":"2023-02-23T09:40:30+00:00","dateModified":"2024-11-20T15:08:25+00:00","description":"Mandare i tuoi figli a fare una pausa pasquale in un campo primaverile pu\u00f2 migliorare la loro salute mentale e la loro vita sociale. Leggi di pi\u00f9.","breadcrumb":{"@id":"https:\/\/www.leselfes.com\/it\/i-bambini-trascorrono-le-vacanze-di-pasqua-in-un-campo-di-primavera\/#breadcrumb"},"inLanguage":"it-IT","potentialAction":[{"@type":"ReadAction","target":["https:\/\/www.leselfes.com\/it\/i-bambini-trascorrono-le-vacanze-di-pasqua-in-un-campo-di-primavera\/"]}]},{"@type":"ImageObject","inLanguage":"it-IT","@id":"https:\/\/www.leselfes.com\/it\/i-bambini-trascorrono-le-vacanze-di-pasqua-in-un-campo-di-primavera\/#primaryimage","url":"https:\/\/www.leselfes.com\/wp-content\/uploads\/2023\/02\/Kids-Spend-Easter-Break-in-Sprin-1.png","contentUrl":"https:\/\/www.leselfes.com\/wp-content\/uploads\/2023\/02\/Kids-Spend-Easter-Break-in-Sprin-1.png","width":975,"height":675},{"@type":"BreadcrumbList","@id":"https:\/\/www.leselfes.com\/it\/i-bambini-trascorrono-le-vacanze-di-pasqua-in-un-campo-di-primavera\/#breadcrumb","itemListElement":[{"@type":"ListItem","position":1,"name":"Home","item":"https:\/\/www.leselfes.com\/it\/"},{"@type":"ListItem","position":2,"name":"I bambini trascorrono le vacanze di Pasqua in un campo di primavera?"}]},{"@type":"WebSite","@id":"https:\/\/dev.leselfes.com\/#website","url":"https:\/\/dev.leselfes.com\/","name":"Les Elfes International","description":"Les Elfes International, Verbier Switzerland. Summer Camp, Winter Camp, Spring Camps.","publisher":{"@id":"https:\/\/dev.leselfes.com\/#organization"},"alternateName":"Les Elfes International","potentialAction":[{"@type":"SearchAction","target":{"@type":"EntryPoint","urlTemplate":"https:\/\/dev.leselfes.com\/?s={search_term_string}"},"query-input":{"@type":"PropertyValueSpecification","valueRequired":true,"valueName":"search_term_string"}}],"inLanguage":"it-IT"},{"@type":"Organization","@id":"https:\/\/dev.leselfes.com\/#organization","name":"Les Elfes International","alternateName":"Les Elfes International","url":"https:\/\/dev.leselfes.com\/","logo":{"@type":"ImageObject","inLanguage":"it-IT","@id":"https:\/\/dev.leselfes.com\/#\/schema\/logo\/image\/","url":"https:\/\/www.leselfes.com\/wp-content\/uploads\/2022\/03\/leselfes-logo.png","contentUrl":"https:\/\/www.leselfes.com\/wp-content\/uploads\/2022\/03\/leselfes-logo.png","width":233,"height":51,"caption":"Les Elfes International"},"image":{"@id":"https:\/\/dev.leselfes.com\/#\/schema\/logo\/image\/"},"sameAs":["https:\/\/www.facebook.com\/LesElfesVerbier","https:\/\/x.com\/LesElfesCamps","https:\/\/www.instagram.com\/leselfes","https:\/\/www.linkedin.com\/company\/les-elfes-international","https:\/\/www.youtube.com\/user\/LesElfesVerbier"]},{"@type":"Person","@id":"https:\/\/dev.leselfes.com\/#\/schema\/person\/407a229698868b8c603874b19f37f289","name":"lesadmin","image":{"@type":"ImageObject","inLanguage":"it-IT","@id":"https:\/\/dev.leselfes.com\/#\/schema\/person\/image\/","url":"https:\/\/secure.gravatar.com\/avatar\/fdb243a028df450397b3632d862f87f6?s=96&d=mm&r=g","contentUrl":"https:\/\/secure.gravatar.com\/avatar\/fdb243a028df450397b3632d862f87f6?s=96&d=mm&r=g","caption":"lesadmin"},"url":"https:\/\/www.leselfes.com\/it\/author\/lesadmin\/"}]}},"_links":{"self":[{"href":"https:\/\/www.leselfes.com\/it\/wp-json\/wp\/v2\/posts\/95853"}],"collection":[{"href":"https:\/\/www.leselfes.com\/it\/wp-json\/wp\/v2\/posts"}],"about":[{"href":"https:\/\/www.leselfes.com\/it\/wp-json\/wp\/v2\/types\/post"}],"author":[{"embeddable":true,"href":"https:\/\/www.leselfes.com\/it\/wp-json\/wp\/v2\/users\/1"}],"replies":[{"embeddable":true,"href":"https:\/\/www.leselfes.com\/it\/wp-json\/wp\/v2\/comments?post=95853"}],"version-history":[{"count":0,"href":"https:\/\/www.leselfes.com\/it\/wp-json\/wp\/v2\/posts\/95853\/revisions"}],"wp:featuredmedia":[{"embeddable":true,"href":"https:\/\/www.leselfes.com\/it\/wp-json\/wp\/v2\/media\/79241"}],"wp:attachment":[{"href":"https:\/\/www.leselfes.com\/it\/wp-json\/wp\/v2\/media?parent=95853"}],"wp:term":[{"taxonomy":"category","embeddable":true,"href":"https:\/\/www.leselfes.com\/it\/wp-json\/wp\/v2\/categories?post=95853"},{"taxonomy":"post_tag","embeddable":true,"href":"https:\/\/www.leselfes.com\/it\/wp-json\/wp\/v2\/tags?post=95853"}],"curies":[{"name":"wp","href":"https:\/\/api.w.org\/{rel}","templated":true}]}}