{"id":95856,"date":"2023-06-15T07:43:42","date_gmt":"2023-06-15T05:43:42","guid":{"rendered":"https:\/\/www.leselfes.com\/rivisitare-les-elfes-unincantevole-esperienza-alpina-per-studenti\/"},"modified":"2024-11-20T16:08:21","modified_gmt":"2024-11-20T15:08:21","slug":"rivisitare-les-elfes-unincantevole-esperienza-alpina-per-studenti","status":"publish","type":"post","link":"https:\/\/www.leselfes.com\/it\/rivisitare-les-elfes-unincantevole-esperienza-alpina-per-studenti\/","title":{"rendered":"Rivisitare Les Elfes: Un&#8217;incantevole esperienza alpina per studenti"},"content":{"rendered":"<p>Il <strong>campo estivo Les Elfes Switzerland<\/strong> si trova a Verbier. Il campo Les Elfes attira migliaia di bambini da diverse parti del mondo. Il campo \u00e8 noto per la sua notevole bellezza e per la disponibilit\u00e0 di molteplici attivit\u00e0 all&#8217;aperto.  &nbsp;<\/p>\n<p>Il campo Les Elfes si trova nelle incantevoli <a href=\"https:\/\/en.wikipedia.org\/wiki\/Swiss_Alps\" target=\"_blank\" rel=\"noopener\">Alpi svizzere<\/a>. Se hai intenzione di mandare i tuoi figli al campo estivo, puoi star certo che apprezzeranno la miscela di esperienze educative, culturali e avventurose del campo. Il campo Les Elfes \u00e8 noto per le sue attivit\u00e0 estive uniche per bambini di tutte le et\u00e0, tra cui mountain bike, arrampicata, alpinismo, orienteering e sport acquatici. Queste attivit\u00e0 permettono ai bambini di imparare nuove abilit\u00e0.   <\/p>\n<p><a href=\"https:\/\/www.leselfes.com\/it\/campo-estivo\/\" target=\"_blank\" rel=\"noopener\"><button style=\"background-color: #1e93c2; color: #fff; border: #E2804A;\" type=\"button\">Unisciti ai Campi Internazionali Les Elfes<\/button><\/a><\/p>\n<h4>\n\t\t\t\t<div id=\"ez-toc-container\" class=\"ez-toc-v2_0_73 ez-toc-wrap-left counter-hierarchy ez-toc-counter ez-toc-grey ez-toc-container-direction\">\n<div class=\"ez-toc-title-container\">\n<span class=\"ez-toc-title ez-toc-toggle\" style=\"cursor:pointer\">Table of Contents<\/span>\n<span class=\"ez-toc-title-toggle\"><a href=\"#\" class=\"ez-toc-pull-right ez-toc-btn ez-toc-btn-xs ez-toc-btn-default ez-toc-toggle\" aria-label=\"Toggle Table of Content\"><span class=\"ez-toc-js-icon-con\"><span class=\"\"><span class=\"eztoc-hide\" style=\"display:none;\">Toggle<\/span><span class=\"ez-toc-icon-toggle-span\"><svg style=\"fill: #999;color:#999\" xmlns=\"http:\/\/www.w3.org\/2000\/svg\" class=\"list-377408\" width=\"20px\" height=\"20px\" viewBox=\"0 0 24 24\" fill=\"none\"><path d=\"M6 6H4v2h2V6zm14 0H8v2h12V6zM4 11h2v2H4v-2zm16 0H8v2h12v-2zM4 16h2v2H4v-2zm16 0H8v2h12v-2z\" fill=\"currentColor\"><\/path><\/svg><svg style=\"fill: #999;color:#999\" class=\"arrow-unsorted-368013\" xmlns=\"http:\/\/www.w3.org\/2000\/svg\" width=\"10px\" height=\"10px\" viewBox=\"0 0 24 24\" version=\"1.2\" baseProfile=\"tiny\"><path d=\"M18.2 9.3l-6.2-6.3-6.2 6.3c-.2.2-.3.4-.3.7s.1.5.3.7c.2.2.4.3.7.3h11c.3 0 .5-.1.7-.3.2-.2.3-.5.3-.7s-.1-.5-.3-.7zM5.8 14.7l6.2 6.3 6.2-6.3c.2-.2.3-.5.3-.7s-.1-.5-.3-.7c-.2-.2-.4-.3-.7-.3h-11c-.3 0-.5.1-.7.3-.2.2-.3.5-.3.7s.1.5.3.7z\"\/><\/svg><\/span><\/span><\/span><\/a><\/span><\/div>\n<nav><ul class='ez-toc-list ez-toc-list-level-1 eztoc-toggle-hide-by-default' ><li class='ez-toc-page-1 ez-toc-heading-level-2'><a class=\"ez-toc-link ez-toc-heading-1\" href=\"https:\/\/www.leselfes.com\/it\/rivisitare-les-elfes-unincantevole-esperienza-alpina-per-studenti\/#Il_campo_Les_Elfes_offre_attivita_per_bambini_di_tutte_le_eta\" title=\"Il campo Les Elfes offre attivit\u00e0 per bambini di tutte le et\u00e0\">Il campo Les Elfes offre attivit\u00e0 per bambini di tutte le et\u00e0<\/a><\/li><li class='ez-toc-page-1 ez-toc-heading-level-2'><a class=\"ez-toc-link ez-toc-heading-2\" href=\"https:\/\/www.leselfes.com\/it\/rivisitare-les-elfes-unincantevole-esperienza-alpina-per-studenti\/#Svelare_la_magia\" title=\"Svelare la magia\">Svelare la magia<\/a><\/li><li class='ez-toc-page-1 ez-toc-heading-level-2'><a class=\"ez-toc-link ez-toc-heading-3\" href=\"https:\/\/www.leselfes.com\/it\/rivisitare-les-elfes-unincantevole-esperienza-alpina-per-studenti\/#Nuove_attivita_per_diverse_fasce_deta\" title=\"Nuove attivit\u00e0 per diverse fasce d&#8217;et\u00e0\">Nuove attivit\u00e0 per diverse fasce d&#8217;et\u00e0<\/a><ul class='ez-toc-list-level-3' ><li class='ez-toc-heading-level-3'><a class=\"ez-toc-link ez-toc-heading-4\" href=\"https:\/\/www.leselfes.com\/it\/rivisitare-les-elfes-unincantevole-esperienza-alpina-per-studenti\/#_Activities_for_Discovery_Age_Group_6-10_years\" title=\". Activities for Discovery Age Group (6-10 years)\">. Activities for Discovery Age Group (6-10 years)<\/a><\/li><li class='ez-toc-page-1 ez-toc-heading-level-3'><a class=\"ez-toc-link ez-toc-heading-5\" href=\"https:\/\/www.leselfes.com\/it\/rivisitare-les-elfes-unincantevole-esperienza-alpina-per-studenti\/#_Activities_for_Explorers_Age_Group_10-14_years\" title=\". Activities for Explorers Age Group (10-14 years)\">. Activities for Explorers Age Group (10-14 years)<\/a><\/li><li class='ez-toc-page-1 ez-toc-heading-level-3'><a class=\"ez-toc-link ez-toc-heading-6\" href=\"https:\/\/www.leselfes.com\/it\/rivisitare-les-elfes-unincantevole-esperienza-alpina-per-studenti\/#_Activities_for_Pioneers_Age_Group_15-17_years\" title=\". Activities for Pioneers Age Group (15-17 years)\">. Activities for Pioneers Age Group (15-17 years)<\/a><\/li><\/ul><\/li><li class='ez-toc-page-1 ez-toc-heading-level-2'><a class=\"ez-toc-link ez-toc-heading-7\" href=\"https:\/\/www.leselfes.com\/it\/rivisitare-les-elfes-unincantevole-esperienza-alpina-per-studenti\/#Abbracciare_la_cultura_locale\" title=\"Abbracciare la cultura locale\">Abbracciare la cultura locale<\/a><ul class='ez-toc-list-level-3' ><li class='ez-toc-heading-level-3'><a class=\"ez-toc-link ez-toc-heading-8\" href=\"https:\/\/www.leselfes.com\/it\/rivisitare-les-elfes-unincantevole-esperienza-alpina-per-studenti\/#%E2%80%93_Cucina_svizzera\" title=\"&#8211; Cucina svizzera\">&#8211; Cucina svizzera<\/a><\/li><li class='ez-toc-page-1 ez-toc-heading-level-3'><a class=\"ez-toc-link ez-toc-heading-9\" href=\"https:\/\/www.leselfes.com\/it\/rivisitare-les-elfes-unincantevole-esperienza-alpina-per-studenti\/#%E2%80%93_Laboratori_culturali\" title=\"&#8211; Laboratori culturali\">&#8211; Laboratori culturali<\/a><\/li><\/ul><\/li><li class='ez-toc-page-1 ez-toc-heading-level-2'><a class=\"ez-toc-link ez-toc-heading-10\" href=\"https:\/\/www.leselfes.com\/it\/rivisitare-les-elfes-unincantevole-esperienza-alpina-per-studenti\/#Riscoprire_il_paese_delle_meraviglie_invernali\" title=\"Riscoprire il paese delle meraviglie invernali\">Riscoprire il paese delle meraviglie invernali<\/a><\/li><li class='ez-toc-page-1 ez-toc-heading-level-2'><a class=\"ez-toc-link ez-toc-heading-11\" href=\"https:\/\/www.leselfes.com\/it\/rivisitare-les-elfes-unincantevole-esperienza-alpina-per-studenti\/#Un_paradiso_per_il_relax\" title=\"Un paradiso per il relax\">Un paradiso per il relax<\/a><\/li><li class='ez-toc-page-1 ez-toc-heading-level-2'><a class=\"ez-toc-link ez-toc-heading-12\" href=\"https:\/\/www.leselfes.com\/it\/rivisitare-les-elfes-unincantevole-esperienza-alpina-per-studenti\/#Ricordi_indimenticabili\" title=\"Ricordi indimenticabili\">Ricordi indimenticabili<\/a><\/li><li class='ez-toc-page-1 ez-toc-heading-level-2'><a class=\"ez-toc-link ez-toc-heading-13\" href=\"https:\/\/www.leselfes.com\/it\/rivisitare-les-elfes-unincantevole-esperienza-alpina-per-studenti\/#Conclusione\" title=\"Conclusione\">Conclusione<\/a><\/li><\/ul><\/nav><\/div>\n\t\t\t<\/h4>\n<h2><span class=\"ez-toc-section\" id=\"Il_campo_Les_Elfes_offre_attivita_per_bambini_di_tutte_le_eta\"><\/span>Il campo Les Elfes offre attivit\u00e0 per bambini di tutte le et\u00e0<span class=\"ez-toc-section-end\"><\/span><\/h2>\n<p>Non importa se i bambini sono esperti o principianti in queste attivit\u00e0. Ci sono istruttori esperti e qualificati pronti a formarli da zero. Inoltre, Les Elfes offre programmi completi per bambini di diverse et\u00e0, che permettono loro di fare nuove amicizie, conoscere nuove culture, sviluppare nuove abilit\u00e0 ed esplorare l&#8217;ambiente alpino.    <\/p>\n<p>Sia che gli studenti scelgano di ammirare gli incredibili paesaggi o di partecipare a divertenti attivit\u00e0 all&#8217;aperto o educative, Les Elfes \u00e8 il campo unico che permette loro di vivere momenti indimenticabili. In effetti, il campo di Les Elfes ha un fascino e un&#8217;attrattiva indimenticabili e irresistibili, e questo spiega il motivo per cui ho programmato la mia visita alla zona, nonostante abbia trascorso alcuni giorni nel campo l&#8217;estate scorsa.   <\/p>\n<p>Questo articolo tratta della magia del campo Les Elfes, delle attivit\u00e0 disponibili per i bambini di diverse et\u00e0 e di come la visita al campo li aiuti a creare ricordi indimenticabili. Questo articolo completo ti aiuter\u00e0 a capire perch\u00e9 dovresti mandare i tuoi figli al <a href=\"https:\/\/www.leselfes.com\/it\/campo-estivo\/\" target=\"_blank\" rel=\"noopener\">campo estivo Les Elfes<\/a> almeno una volta nella vita. <\/p>\n<h2><span class=\"ez-toc-section\" id=\"Svelare_la_magia\"><\/span>Svelare la magia<span class=\"ez-toc-section-end\"><\/span><\/h2>\n<p><img loading=\"lazy\" decoding=\"async\" src=\"https:\/\/www.leselfes.com\/wp-content\/uploads\/2023\/11\/swiss.jpg\" alt=\"Svizzero\" width=\"1000\" height=\"667\"><\/p>\n<p>Les Elfes si trova nel cuore delle Alpi svizzere e offre un&#8217;incantevole cornice naturale. Laghi di montagna cristallini, opulenti prati alpini e splendide cime innevate definiscono il campo. Il paesaggio \u00e8 caratterizzato da villaggi panoramici e da uno chalet di Les Elfes, che creano uno scenario da cartolina ad ogni estremit\u00e0. Gli spettacolari panorami montani di Les Elfes sono alcuni degli aspetti mozzafiato della bellezza naturale del campeggio.     <\/p>\n<p>Cime imponenti come il famoso Cervino controllano l&#8217;orizzonte, offrendo al paesaggio alpino uno scenario sensazionale. Queste imponenti montagne offrono panorami mozzafiato che suscitano un senso di stupore e meraviglia.   <\/p>\n<p>Les Elfes passa alla storia come uno dei campi con alcune delle foreste pi\u00f9 incontaminate del mondo. Queste mostrano colori vivaci tutto l&#8217;anno. Durante l&#8217;estate, bellissimi fiori selvatici ricoprono le colline prima che il fogliame si trasformi per creare un&#8217;impressionante collezione di tonalit\u00e0 dorate durante l&#8217;autunno. Il campo Les Elfes \u00e8 inoltre circondato da numerosi fiumi e laghi che riflettono le cime vicine per creare un&#8217;atmosfera rilassante.     <\/p>\n<p>Se stai visitando Verbier per la prima volta, puoi immergerti in attivit\u00e0 emozionanti e allo stesso tempo ammirare l&#8217;eleganza delle acque alpine.  <\/p>\n<p>I dintorni panoramici e le bellezze naturali del campeggio Les Elfes offrono un bel mix di tranquillit\u00e0 e lusso, regalando ai campeggiatori un&#8217;esperienza alpina da ricordare.  <\/p>\n<h2><span class=\"ez-toc-section\" id=\"Nuove_attivita_per_diverse_fasce_deta\"><\/span>Nuove attivit\u00e0 per diverse fasce d&#8217;et\u00e0<span class=\"ez-toc-section-end\"><\/span><\/h2>\n<p>Il campo Les Elfes offre una vasta gamma di attivit\u00e0 divertenti ed educative pensate per i bambini in et\u00e0 da scoperta. Queste attivit\u00e0 sono pensate per offrire ai bambini un&#8217;esperienza divertente e arricchente, promuovendo al contempo la consapevolezza culturale e la crescita personale. Combinano divertimento, educazione e avventura per offrire ai bambini un&#8217;esperienza a tutto tondo che stimoli la curiosit\u00e0, promuova la crescita personale e crei ricordi per tutta la vita.  <\/p>\n<h3><span class=\"ez-toc-section\" id=\"_Activities_for_Discovery_Age_Group_6-10_years\"><\/span>. Activities for Discovery Age Group (6-10 years) <span class=\"ez-toc-section-end\"><\/span><\/h3>\n<p>Ecco alcune attivit\u00e0 per i bambini di questa fascia d&#8217;et\u00e0.<\/p>\n<h4>Avventura all&#8217;aperto<\/h4>\n<p>I bambini possono partecipare a diverse attivit\u00e0 all&#8217;aperto che li incoraggiano a lavorare in squadra durante l&#8217;esplorazione. Altre attivit\u00e0 all&#8217;aperto includono la costruzione di fortini di neve, il pattinaggio sul ghiaccio e lo slittino. <\/p>\n<h4>Arti e Mestieri<\/h4>\n<p>A Les Elfes si svolgono laboratori creativi che permettono ai bambini di imparare e mettere in pratica le loro abilit\u00e0 artistiche. Possono cimentarsi in attivit\u00e0 come il crafting e la pittura, che permettono di attivare la loro immaginazione e creativit\u00e0. Questi laboratori offrono ai bambini l&#8217;opportunit\u00e0 di esprimersi e di portare a casa i loro ricordi e le loro creazioni uniche.  <\/p>\n<h4>Attivit\u00e0 di leadership e team building<\/h4>\n<p>Les Elfes include attivit\u00e0 di leadership e team-building nel suo programma per i bambini in et\u00e0 di scoperta. Grazie a queste attivit\u00e0 i bambini possono imparare e sviluppare le loro capacit\u00e0 di comunicazione, di lavoro di squadra e di risoluzione dei problemi. I bambini possono anche partecipare a progetti di collaborazione, giochi di gruppo e sfide di squadra che incoraggiano l&#8217;unione e la cooperazione.  <\/p>\n<h4>Esperienze culturali<\/h4>\n<p>Les Elfes si impegna a fornire ai bambini un&#8217;esperienza multiculturale. Possono partecipare ad attivit\u00e0 che li aiutano a conoscere la musica, le arti e le culture della Svizzera e altre tradizioni internazionali. Ad esempio, possono assistere a sessioni di scambio culturale con i loro coetanei di altri paesi, partecipare ad attivit\u00e0 di degustazione di specialit\u00e0 locali e imparare le danze tradizionali svizzere.    <\/p>\n<h4>Attivit\u00e0 di esplorazione della natura<\/h4>\n<p>Le attivit\u00e0 basate sulla natura al campo Les Elfes aiutano i bambini ad apprezzare l&#8217;ambiente. Possono partecipare a passeggiate naturalistiche guidate, imparare l&#8217;importanza della conservazione degli habitat naturali e studiare la flora e la fauna locali. Queste attivit\u00e0 incoraggiano i bambini a entrare in contatto con il mondo naturale e li aiutano a comprendere la sostenibilit\u00e0.  <\/p>\n<h3><span class=\"ez-toc-section\" id=\"_Activities_for_Explorers_Age_Group_10-14_years\"><\/span>. Activities for Explorers Age Group (10-14 years) <span class=\"ez-toc-section-end\"><\/span><\/h3>\n<p>Les Elfes offre diverse attivit\u00e0 coinvolgenti e divertenti, appositamente studiate per i bambini di et\u00e0 compresa tra i 10 e i 14 anni o per la fascia di et\u00e0 degli esploratori. Queste attivit\u00e0 offrono ai bambini l&#8217;opportunit\u00e0 di immergersi nella cultura, di sviluppare le proprie capacit\u00e0, di vivere l&#8217;avventura e di crescere personalmente. Esse includono:  <\/p>\n<h4>Attivit\u00e0 generali del campo estivo<\/h4>\n<p>Il campo estivo <a href=\"https:\/\/www.leselfes.com\/it\/\" target=\"_blank\" rel=\"noopener\">internazionale Les Elfes<\/a> offre altre attivit\u00e0 per i bambini che permettono loro di mettere in mostra i propri talenti. Tra queste: biliardo, basket, trampolino, strumenti musicali, giochi di carte, teatro, picnic, fal\u00f2, barbecue, fotografia nel campus, gite in barca, discoteca, talent show e shopping a Verbier. <\/p>\n<h4>Campo estivo sportivo Ball<\/h4>\n<p>I campeggiatori possono praticare una vasta gamma di sport con la palla come: tennis, minigolf, golf, calcio, pallavolo, pallacanestro (streetball), beach volley, ping pong, badminton, squash e p\u00e9tanque.<\/p>\n<h4>Avventure all&#8217;aperto<\/h4>\n<p>Les Elfes offre avvincenti avventure all&#8217;aria aperta che permettono ai partecipanti di esplorare i paesaggi naturali circostanti. Queste includono escursioni in mountain bike, camminate guidate e spedizioni di arrampicata. Queste attivit\u00e0 sono pensate per far vivere agli esploratori un&#8217;esperienza esaltante e per promuovere la resilienza, la risoluzione dei problemi e il lavoro di squadra.    <\/p>\n<h4>Immersione culturale<\/h4>\n<p>I campeggiatori possono conoscere la cultura svizzera e le culture degli altri partecipanti internazionali. Possono farlo partecipando ad attivit\u00e0 di scambio culturale che li aiutano ad apprezzare la diversit\u00e0 e a promuovere la comprensione interculturale, imparando danze tradizionali e iscrivendosi a lezioni di lingua.   <\/p>\n<h4>Sviluppo della leadership<\/h4>\n<p>Il campo Les Elfes offre attivit\u00e0 che aiutano gli esploratori a sviluppare le loro capacit\u00e0 di leadership. Queste includono iniziative di gruppo che promuovono la cooperazione, il processo decisionale, la comunicazione, le sfide per la risoluzione dei problemi e gli esercizi di team-building. Queste attivit\u00e0 sono pensate per infondere resilienza e fiducia, consentendo agli esploratori di lavorare insieme come una squadra.    <\/p>\n<h4>Consapevolezza ambientale<\/h4>\n<p>Il campo Les Elfes sottolinea l&#8217;importanza della gestione dell&#8217;ambiente. Gli esploratori possono partecipare ad attivit\u00e0 progettate per la sostenibilit\u00e0 ecologica e la conservazione. Possono anche intraprendere passeggiate nella natura, partecipare a laboratori di sensibilizzazione ambientale e conoscere la fauna e la flora locali. Queste attivit\u00e0 promuovono una profonda comprensione del mondo naturale e insegnano ai partecipanti perch\u00e9 dovrebbero preservarlo.     <\/p>\n<h4>Laboratori creativi<\/h4>\n<p>Gli esploratori possono sfruttare i vari laboratori disponibili a Les Elfes per dare sfogo alla loro creativit\u00e0. Questi laboratori includono lezioni di musica, fotografia, arte e artigianato. Permettono ai partecipanti di apprendere nuove abilit\u00e0 e di esprimersi in un ambiente favorevole. Inoltre, incoraggiano i partecipanti ad apprendere l&#8217;arte dell&#8217;auto-espressione e dell&#8217;immaginazione e a raggiungere una crescita personale.   <\/p>\n<h3><span class=\"ez-toc-section\" id=\"_Activities_for_Pioneers_Age_Group_15-17_years\"><\/span>. Activities for Pioneers Age Group (15-17 years) <span class=\"ez-toc-section-end\"><\/span><\/h3>\n<p>Le attivit\u00e0 per i ragazzi tra i 15 e i 17 anni sono arricchenti e stimolanti. Sono pensate per creare un&#8217;immersione culturale, sfide avventurose, crescita personale e opportunit\u00e0 di leadership. Includono:  <\/p>\n<h4>Sport alpini avanzati<\/h4>\n<p>I pionieri possono migliorare le loro abilit\u00e0 negli sport alpini attraverso una formazione specializzata e lezioni avanzate. Possono partecipare a lezioni avanzate di <a href=\"https:\/\/www.leselfes.com\/it\/campo-invernale\/#ski&#038;snowboard\" target=\"_blank\" rel=\"noopener\">snowboard o di sci<\/a> durante l&#8217;inverno. Queste attivit\u00e0 offrono un&#8217;esperienza gratificante ed emozionante per gli adolescenti che vogliono superare i propri limiti.  <\/p>\n<h4>Spedizioni all&#8217;aperto<\/h4>\n<p><img loading=\"lazy\" decoding=\"async\" src=\"https:\/\/www.leselfes.com\/wp-content\/uploads\/2023\/11\/swiss-outdoor.jpg\" alt=\"Svizzera all'aperto\" width=\"1000\" height=\"667\"><\/p>\n<\/p>\n<p>Le spedizioni all&#8217;aperto al campo Les Elfes permettono ai pionieri di esplorare le pittoresche Alpi svizzere. Possono partecipare a campeggi di pi\u00f9 giorni, escursioni, spedizioni alpinistiche o impegnative arrampicate su roccia. Queste attivit\u00e0 promuovono la fiducia in se stessi, il lavoro di squadra e la resilienza, dando ai partecipanti l&#8217;opportunit\u00e0 di ammirare gli impressionanti paesaggi alpini.    <\/p>\n<h4>Sviluppo della leadership<\/h4>\n<p>A Les Elfes esistono programmi di sviluppo della leadership appositamente studiati. I pionieri che desiderano sviluppare capacit\u00e0 di leadership essenziali possono iscriversi a questi programmi. Questi programmi comprendono seminari e workshop sulla leadership e progetti di servizio alla comunit\u00e0. Partecipando a questi progetti, gli adolescenti diventano pi\u00f9 resistenti, migliorano le loro capacit\u00e0 di risolvere i problemi e diventano leader migliori.   <\/p>\n<h4>Studi linguistici e immersione culturale<\/h4>\n<p>I pionieri possono approfondire lo studio della lingua e l&#8217;immersione culturale. Le lezioni di lingua li aiutano a migliorare le loro capacit\u00e0 di comunicazione. La capacit\u00e0 di parlare bene permette ai pionieri di partecipare ad attivit\u00e0 culturali o a workshop che li aiutano a comprendere meglio la cultura svizzera. Queste attivit\u00e0 promuovono la comunicazione interculturale e danno ai pionieri una prospettiva globale. Inoltre, ampliano i loro orizzonti.      <\/p>\n<h4>Programmi per la carriera e le abilit\u00e0 di vita<\/h4>\n<p>I programmi che offrono conoscenze e competenze pratiche per un futuro migliore giocano un ruolo fondamentale nella vita di un pioniere. Tra questi vi sono lezioni sulla costruzione di curriculum, sulla gestione del tempo e sull&#8217;alfabetizzazione finanziaria. Questi programmi dotano i pionieri di eccellenti abilit\u00e0 di vita che li avvantaggiano per il resto della loro vita.  <\/p>\n<h4>Conservazione dell&#8217;ambiente<\/h4>\n<p>Il campo Les Elfes incoraggia i pionieri a sostenere le pratiche sostenibili e a promuovere la consapevolezza ambientale. A tal fine, i pionieri partecipano spesso a laboratori di gestione ambientale, progetti di conservazione ecologica e attivit\u00e0 basate sulla natura, ribadendo l&#8217;importanza di preservare l&#8217;ambiente. <\/p>\n<h4>L&#8217;avventura ti aspetta<\/h4>\n<p>Come gi\u00e0 accennato, il campo Les Elfes offre diverse attivit\u00e0 di avventura per bambini di diverse et\u00e0 e per adulti con diversi livelli di abilit\u00e0. Queste attivit\u00e0 sono state studiate appositamente per permetterti di immergerti nell&#8217;impressionante ambiente naturale delle Alpi svizzere e di vivere un&#8217;esperienza all&#8217;aria aperta. A Les Elfes puoi partecipare alle seguenti attivit\u00e0, indipendentemente dal tuo livello di abilit\u00e0.  <\/p>\n<ul>\n<li style=\"font-weight: 400;\" aria-level=\"1\">Mountain bike<\/li>\n<li style=\"font-weight: 400;\" aria-level=\"1\">Arrampicata e alpinismo<\/li>\n<li style=\"font-weight: 400;\" aria-level=\"1\">Trekking ed escursioni<\/li>\n<li style=\"font-weight: 400;\" aria-level=\"1\">Ziplining e visite ai parchi avventura<\/li>\n<li style=\"font-weight: 400;\" aria-level=\"1\">Parapendio  <\/li>\n<\/ul>\n<h2><span class=\"ez-toc-section\" id=\"Abbracciare_la_cultura_locale\"><\/span>Abbracciare la cultura locale<span class=\"ez-toc-section-end\"><\/span><\/h2>\n<p>Les Elfes si trova in Svizzera, un paese rinomato per le sue ricche tradizioni e tradizioni culturali. Ma anche la cultura locale viene sostenuta in modi diversi, come si vede qui di seguito.   <\/p>\n<h3><span class=\"ez-toc-section\" id=\"%E2%80%93_Cucina_svizzera\"><\/span>&#8211; Cucina svizzera<span class=\"ez-toc-section-end\"><\/span><\/h3>\n<p><img loading=\"lazy\" decoding=\"async\" src=\"https:\/\/www.leselfes.com\/wp-content\/uploads\/2023\/11\/Swiss-Cuisine.jpg\" alt=\"Cucina svizzera\" width=\"1000\" height=\"670\"><\/p>\n<p>Se visiti il campeggio Les Elfes per la prima volta, potrai assaggiare la cucina svizzera, nota per i suoi sapori deliziosi e sostanziosi. Alcuni dei piatti tradizionali offerti sono il formaggio fuso servito con cubetti di pane o fonduta, il formaggio fuso grattato sulle patate o raclette, il cioccolato svizzero e le patate grattugiate fritte o rosti. Queste esperienze culinarie ti offrono un assaggio dell&#8217;arte culinaria svizzera e della sua attenzione alle ricette tradizionali e agli ingredienti di qualit\u00e0.  <\/p>\n<h3><span class=\"ez-toc-section\" id=\"%E2%80%93_Laboratori_culturali\"><\/span>&#8211; Laboratori culturali<span class=\"ez-toc-section-end\"><\/span><\/h3>\n<p>I campeggiatori possono partecipare a laboratori culturali e conoscere le tradizioni, le arti e i mestieri svizzeri. Questi programmi includono presentazioni sulla produzione di formaggio. Queste esperienze coinvolgenti permettono ai bambini di comprendere le tradizioni e la cultura locale.    <\/p>\n<p>I visitatori possono anche esplorare la cultura locale:<\/p>\n<ul>\n<li style=\"font-weight: 400;\" aria-level=\"1\">Partecipare a festival alpini<\/li>\n<li style=\"font-weight: 400;\" aria-level=\"1\">Partecipare a programmi di scambio culturale e linguistico<\/li>\n<li style=\"font-weight: 400;\" aria-level=\"1\">Partecipare ad attivit\u00e0 all&#8217;aperto in Svizzera<\/li>\n<li style=\"font-weight: 400;\" aria-level=\"1\">Escursioni nei villaggi locali<\/li>\n<\/ul>\n<p>Gli svizzeri sono famosi per la loro natura accogliente e calorosa. Sono accomodanti e pronti ad aiutare, educati e amichevoli e disposti a condividere le loro tradizioni locali con i visitatori. Inoltre, gli svizzeri rispettano la privacy degli altri e apprezzano la diversit\u00e0 culturale.    <\/p>\n<h2><span class=\"ez-toc-section\" id=\"Riscoprire_il_paese_delle_meraviglie_invernali\"><\/span>Riscoprire il paese delle meraviglie invernali<span class=\"ez-toc-section-end\"><\/span><\/h2>\n<p>La stagione invernale \u00e8 un momento da non perdere al campeggio Les Elfes e a Verbier in generale. Migliaia di visitatori provenienti da diverse parti del mondo visitano Verbier per sperimentare la bellezza delle Alpi svizzere. Vari aspetti contribuiscono al fascino del campeggio Les Elfes durante l&#8217;inverno, tra cui:  <\/p>\n<ul>\n<li style=\"font-weight: 400;\" aria-level=\"1\">Paesaggi alpini innevati<\/li>\n<li style=\"font-weight: 400;\" aria-level=\"1\">Snowboard e sci di alto livello durante l&#8217;inverno<\/li>\n<li style=\"font-weight: 400;\" aria-level=\"1\">Confortevoli chalet alpini<\/li>\n<li style=\"font-weight: 400;\" aria-level=\"1\">Un&#8217;atmosfera familiare e festosa<\/li>\n<li style=\"font-weight: 400;\" aria-level=\"1\">Attivit\u00e0 invernali avventurose<\/li>\n<li style=\"font-weight: 400;\" aria-level=\"1\">Vita notturna e pre-sci<\/li>\n<\/ul>\n<h2><span class=\"ez-toc-section\" id=\"Un_paradiso_per_il_relax\"><\/span>Un paradiso per il relax<span class=\"ez-toc-section-end\"><\/span><\/h2>\n<p>La Svizzera vanta un&#8217;atmosfera tranquilla e serena, che la rende un luogo ideale per chi cerca una pausa dal mondo frenetico. Sono diversi gli aspetti che rendono il Paese un&#8217;oasi di relax, tra cui: <\/p>\n<ul>\n<li style=\"font-weight: 400;\" aria-level=\"1\">Un ambiente naturale impeccabile<\/li>\n<li style=\"font-weight: 400;\" aria-level=\"1\">Alloggi sereni<\/li>\n<li style=\"font-weight: 400;\" aria-level=\"1\">Ambiente calmo e tranquillo<\/li>\n<li style=\"font-weight: 400;\" aria-level=\"1\">Spa e strutture per il benessere<\/li>\n<li style=\"font-weight: 400;\" aria-level=\"1\">Un legame con la natura<\/li>\n<li style=\"font-weight: 400;\" aria-level=\"1\">Attivit\u00e0 mindful<\/li>\n<li style=\"font-weight: 400;\" aria-level=\"1\">Un&#8217;enfasi sulla teoria della vita lenta<\/li>\n<\/ul>\n<h2><span class=\"ez-toc-section\" id=\"Ricordi_indimenticabili\"><\/span>Ricordi indimenticabili<span class=\"ez-toc-section-end\"><\/span><\/h2>\n<p>Durante il mio viaggio di rivisitazione di Les Elfes 2023, ho creato ricordi indelebili che rimarranno nel mio cuore. Ecco alcune delle esperienze che hanno reso utile la mia visita. <\/p>\n<ul>\n<li style=\"font-weight: 400;\" aria-level=\"1\">Avventure come sciare sulle piste durante l&#8217;inverno<\/li>\n<li style=\"font-weight: 400;\" aria-level=\"1\">Immersione culturale<\/li>\n<li style=\"font-weight: 400;\" aria-level=\"1\">La bellezza naturale mozzafiato della zona<\/li>\n<li style=\"font-weight: 400;\" aria-level=\"1\">Bellissimi tramonti<\/li>\n<li style=\"font-weight: 400;\" aria-level=\"1\">Disponibilit\u00e0 di un&#8217;ampia gamma di attivit\u00e0 a cui partecipare<\/li>\n<li style=\"font-weight: 400;\" aria-level=\"1\">La natura calda e accogliente dei residenti<\/li>\n<li style=\"font-weight: 400;\" aria-level=\"1\">Momenti di serenit\u00e0 e calma<\/li>\n<li style=\"font-weight: 400;\" aria-level=\"1\">L&#8217;indimenticabile bellezza alpina<\/li>\n<li style=\"font-weight: 400;\" aria-level=\"1\">Sviluppo personale<\/li>\n<\/ul>\n<h2><span class=\"ez-toc-section\" id=\"Conclusione\"><\/span><b>Conclusione<\/b><span class=\"ez-toc-section-end\"><\/span><\/h2>\n<p>Il campo internazionale estivo e invernale di Les Elfes rimane uno dei campi pi\u00f9 belli del mondo. Ogni anno migliaia di campeggiatori si recano in questa zona per vivere un&#8217;esperienza alpina, partecipare a un&#8217;ampia gamma di attivit\u00e0 e immergersi nel paesaggio invernale. Il campo estivo di Les Elfes offre una combinazione di atmosfera serena, calda ospitalit\u00e0, avventura e bellezza naturale.    <\/p>\n<p>Se stai cercando un motivo per mandare i tuoi figli al campo, dovresti rivedere le recensioni di Les Elfes per convincerti. Non lasciare che i tuoi figli leggano del campo Les Elfes sui libri. Piuttosto, iscrivili al campo, prepara la loro borsa da viaggio e lascia che sperimentino il fascino del campo Les Elfes in prima persona.  <\/p>\n<p><a href=\"https:\/\/www.leselfes.com\/it\/campo-estivo\/\" target=\"_blank\" rel=\"noopener\"><button style=\"background-color: #1e93c2; color: #fff; border: #E2804A;\" type=\"button\">Unisciti ai Campi Internazionali Les Elfes<\/button><\/a><\/p>\n<p><em><strong>Credito d&#8217;immagine:<\/strong><\/em><\/p>\n<ul>\n<li><a href=\"https:\/\/www.freepik.com\/free-photo\/beautiful-village-snow-covered-mountain_8280886.htm#query=swiss&amp;position=14&amp;from_view=search&amp;track=sph\" target=\"_blank\" rel=\"nofollow noopener\">Immagine di wirestock<\/a> su Freepik<\/li>\n<li><a href=\"https:\/\/www.freepik.com\/free-photo\/groups-hiking-tourists-trekking-snowy-white-rugged-mountains_8753549.htm#query=swiss%20outdoor%20in%20ice&amp;position=22&amp;from_view=search&amp;track=ais\" target=\"_blank\" rel=\"nofollow noopener\">Immagine di wirestock<\/a> su Freepik<\/li>\n<li><a href=\"https:\/\/www.freepik.com\/free-photo\/breakfast-platter-with-mixed-combination-foods_5450268.htm#query=Swiss%20Cuisine&amp;position=2&amp;from_view=search&amp;track=ais\" target=\"_blank\" rel=\"nofollow noopener\">Immagine di azerbaijan_stockers<\/a> su Freepik<\/li>\n<\/ul>\n","protected":false},"excerpt":{"rendered":"<p>Il campo estivo Les Elfes Switzerland si trova a Verbier. Il campo Les Elfes attira migliaia di bambini da diverse parti del mondo. Il campo \u00e8 noto per la sua&#8230;<\/p>\n","protected":false},"author":1,"featured_media":78488,"comment_status":"closed","ping_status":"open","sticky":false,"template":"","format":"standard","meta":{"_acf_changed":false,"inline_featured_image":false,"footnotes":""},"categories":[1353,1371],"tags":[1414,1747,1982],"class_list":{"0":"post-95856","1":"post","2":"type-post","3":"status-publish","4":"format-standard","5":"has-post-thumbnail","7":"category-articoli","8":"category-campo-estivo","9":"tag-campo-estivo","10":"tag-campo-estivo-internazionale","11":"tag-rivisitare-les-elfes"},"acf":[],"yoast_head":"<!-- This site is optimized with the Yoast SEO Premium plugin v24.2 (Yoast SEO v24.7) - https:\/\/yoast.com\/wordpress\/plugins\/seo\/ -->\n<title>Rivisitare Les Elfes: Un&#039;incantevole esperienza alpina per studenti<\/title>\n<meta name=\"description\" content=\"Rivisitare Les Elfes - Abbraccia la bellezza delle montagne, lasciati andare ad attivit\u00e0 emozionanti e crea ricordi che dureranno per tutta la vita.\" \/>\n<meta name=\"robots\" content=\"index, follow, max-snippet:-1, max-image-preview:large, max-video-preview:-1\" \/>\n<link rel=\"canonical\" href=\"https:\/\/www.leselfes.com\/it\/rivisitare-les-elfes-unincantevole-esperienza-alpina-per-studenti\/\" \/>\n<meta property=\"og:locale\" content=\"it_IT\" \/>\n<meta property=\"og:type\" content=\"article\" \/>\n<meta property=\"og:title\" content=\"Rivisitare Les Elfes: Un&#039;incantevole esperienza alpina per studenti\" \/>\n<meta property=\"og:description\" content=\"Rivisitare Les Elfes - Abbraccia la bellezza delle montagne, lasciati andare ad attivit\u00e0 emozionanti e crea ricordi che dureranno per tutta la vita.\" \/>\n<meta property=\"og:url\" content=\"https:\/\/www.leselfes.com\/it\/rivisitare-les-elfes-unincantevole-esperienza-alpina-per-studenti\/\" \/>\n<meta property=\"og:site_name\" content=\"Les Elfes International Camps Switzerland\" \/>\n<meta property=\"article:publisher\" content=\"https:\/\/www.facebook.com\/LesElfesVerbier\" \/>\n<meta property=\"article:published_time\" content=\"2023-06-15T05:43:42+00:00\" \/>\n<meta property=\"article:modified_time\" content=\"2024-11-20T15:08:21+00:00\" \/>\n<meta property=\"og:image\" content=\"https:\/\/dev.leselfes.com\/wp-content\/uploads\/2023\/06\/Revisiting-Les-Elfes.jpg\" \/>\n\t<meta property=\"og:image:width\" content=\"975\" \/>\n\t<meta property=\"og:image:height\" content=\"675\" \/>\n\t<meta property=\"og:image:type\" content=\"image\/jpeg\" \/>\n<meta name=\"author\" content=\"lesadmin\" \/>\n<meta name=\"twitter:card\" content=\"summary_large_image\" \/>\n<meta name=\"twitter:creator\" content=\"@LesElfesCamps\" \/>\n<meta name=\"twitter:site\" content=\"@LesElfesCamps\" \/>\n<meta name=\"twitter:label1\" content=\"Scritto da\" \/>\n\t<meta name=\"twitter:data1\" content=\"lesadmin\" \/>\n\t<meta name=\"twitter:label2\" content=\"Tempo di lettura stimato\" \/>\n\t<meta name=\"twitter:data2\" content=\"12 minuti\" \/>\n<script type=\"application\/ld+json\" class=\"yoast-schema-graph\">{\"@context\":\"https:\/\/schema.org\",\"@graph\":[{\"@type\":\"Article\",\"@id\":\"https:\/\/www.leselfes.com\/it\/rivisitare-les-elfes-unincantevole-esperienza-alpina-per-studenti\/#article\",\"isPartOf\":{\"@id\":\"https:\/\/www.leselfes.com\/it\/rivisitare-les-elfes-unincantevole-esperienza-alpina-per-studenti\/\"},\"author\":{\"name\":\"lesadmin\",\"@id\":\"https:\/\/dev.leselfes.com\/#\/schema\/person\/407a229698868b8c603874b19f37f289\"},\"headline\":\"Rivisitare Les Elfes: Un&#8217;incantevole esperienza alpina per studenti\",\"datePublished\":\"2023-06-15T05:43:42+00:00\",\"dateModified\":\"2024-11-20T15:08:21+00:00\",\"mainEntityOfPage\":{\"@id\":\"https:\/\/www.leselfes.com\/it\/rivisitare-les-elfes-unincantevole-esperienza-alpina-per-studenti\/\"},\"wordCount\":2480,\"publisher\":{\"@id\":\"https:\/\/dev.leselfes.com\/#organization\"},\"image\":{\"@id\":\"https:\/\/www.leselfes.com\/it\/rivisitare-les-elfes-unincantevole-esperienza-alpina-per-studenti\/#primaryimage\"},\"thumbnailUrl\":\"https:\/\/www.leselfes.com\/wp-content\/uploads\/2023\/06\/Revisiting-Les-Elfes.jpg\",\"keywords\":[\"campo estivo\",\"campo estivo internazionale\",\"Rivisitare Les Elfes\"],\"articleSection\":[\"Articoli\",\"Campo estivo\"],\"inLanguage\":\"it-IT\"},{\"@type\":\"WebPage\",\"@id\":\"https:\/\/www.leselfes.com\/it\/rivisitare-les-elfes-unincantevole-esperienza-alpina-per-studenti\/\",\"url\":\"https:\/\/www.leselfes.com\/it\/rivisitare-les-elfes-unincantevole-esperienza-alpina-per-studenti\/\",\"name\":\"Rivisitare Les Elfes: Un'incantevole esperienza alpina per studenti\",\"isPartOf\":{\"@id\":\"https:\/\/dev.leselfes.com\/#website\"},\"primaryImageOfPage\":{\"@id\":\"https:\/\/www.leselfes.com\/it\/rivisitare-les-elfes-unincantevole-esperienza-alpina-per-studenti\/#primaryimage\"},\"image\":{\"@id\":\"https:\/\/www.leselfes.com\/it\/rivisitare-les-elfes-unincantevole-esperienza-alpina-per-studenti\/#primaryimage\"},\"thumbnailUrl\":\"https:\/\/www.leselfes.com\/wp-content\/uploads\/2023\/06\/Revisiting-Les-Elfes.jpg\",\"datePublished\":\"2023-06-15T05:43:42+00:00\",\"dateModified\":\"2024-11-20T15:08:21+00:00\",\"description\":\"Rivisitare Les Elfes - Abbraccia la bellezza delle montagne, lasciati andare ad attivit\u00e0 emozionanti e crea ricordi che dureranno per tutta la vita.\",\"breadcrumb\":{\"@id\":\"https:\/\/www.leselfes.com\/it\/rivisitare-les-elfes-unincantevole-esperienza-alpina-per-studenti\/#breadcrumb\"},\"inLanguage\":\"it-IT\",\"potentialAction\":[{\"@type\":\"ReadAction\",\"target\":[\"https:\/\/www.leselfes.com\/it\/rivisitare-les-elfes-unincantevole-esperienza-alpina-per-studenti\/\"]}]},{\"@type\":\"ImageObject\",\"inLanguage\":\"it-IT\",\"@id\":\"https:\/\/www.leselfes.com\/it\/rivisitare-les-elfes-unincantevole-esperienza-alpina-per-studenti\/#primaryimage\",\"url\":\"https:\/\/www.leselfes.com\/wp-content\/uploads\/2023\/06\/Revisiting-Les-Elfes.jpg\",\"contentUrl\":\"https:\/\/www.leselfes.com\/wp-content\/uploads\/2023\/06\/Revisiting-Les-Elfes.jpg\",\"width\":975,\"height\":675},{\"@type\":\"BreadcrumbList\",\"@id\":\"https:\/\/www.leselfes.com\/it\/rivisitare-les-elfes-unincantevole-esperienza-alpina-per-studenti\/#breadcrumb\",\"itemListElement\":[{\"@type\":\"ListItem\",\"position\":1,\"name\":\"Home\",\"item\":\"https:\/\/www.leselfes.com\/it\/\"},{\"@type\":\"ListItem\",\"position\":2,\"name\":\"Rivisitare Les Elfes: Un&#8217;incantevole esperienza alpina per studenti\"}]},{\"@type\":\"WebSite\",\"@id\":\"https:\/\/dev.leselfes.com\/#website\",\"url\":\"https:\/\/dev.leselfes.com\/\",\"name\":\"Les Elfes International\",\"description\":\"Les Elfes International, Verbier Switzerland. Summer Camp, Winter Camp, Spring Camps.\",\"publisher\":{\"@id\":\"https:\/\/dev.leselfes.com\/#organization\"},\"alternateName\":\"Les Elfes International\",\"potentialAction\":[{\"@type\":\"SearchAction\",\"target\":{\"@type\":\"EntryPoint\",\"urlTemplate\":\"https:\/\/dev.leselfes.com\/?s={search_term_string}\"},\"query-input\":{\"@type\":\"PropertyValueSpecification\",\"valueRequired\":true,\"valueName\":\"search_term_string\"}}],\"inLanguage\":\"it-IT\"},{\"@type\":\"Organization\",\"@id\":\"https:\/\/dev.leselfes.com\/#organization\",\"name\":\"Les Elfes International\",\"alternateName\":\"Les Elfes International\",\"url\":\"https:\/\/dev.leselfes.com\/\",\"logo\":{\"@type\":\"ImageObject\",\"inLanguage\":\"it-IT\",\"@id\":\"https:\/\/dev.leselfes.com\/#\/schema\/logo\/image\/\",\"url\":\"https:\/\/www.leselfes.com\/wp-content\/uploads\/2022\/03\/leselfes-logo.png\",\"contentUrl\":\"https:\/\/www.leselfes.com\/wp-content\/uploads\/2022\/03\/leselfes-logo.png\",\"width\":233,\"height\":51,\"caption\":\"Les Elfes International\"},\"image\":{\"@id\":\"https:\/\/dev.leselfes.com\/#\/schema\/logo\/image\/\"},\"sameAs\":[\"https:\/\/www.facebook.com\/LesElfesVerbier\",\"https:\/\/x.com\/LesElfesCamps\",\"https:\/\/www.instagram.com\/leselfes\",\"https:\/\/www.linkedin.com\/company\/les-elfes-international\",\"https:\/\/www.youtube.com\/user\/LesElfesVerbier\"]},{\"@type\":\"Person\",\"@id\":\"https:\/\/dev.leselfes.com\/#\/schema\/person\/407a229698868b8c603874b19f37f289\",\"name\":\"lesadmin\",\"image\":{\"@type\":\"ImageObject\",\"inLanguage\":\"it-IT\",\"@id\":\"https:\/\/dev.leselfes.com\/#\/schema\/person\/image\/\",\"url\":\"https:\/\/secure.gravatar.com\/avatar\/fdb243a028df450397b3632d862f87f6?s=96&d=mm&r=g\",\"contentUrl\":\"https:\/\/secure.gravatar.com\/avatar\/fdb243a028df450397b3632d862f87f6?s=96&d=mm&r=g\",\"caption\":\"lesadmin\"},\"url\":\"https:\/\/www.leselfes.com\/it\/author\/lesadmin\/\"}]}<\/script>\n<!-- \/ Yoast SEO Premium plugin. -->","yoast_head_json":{"title":"Rivisitare Les Elfes: Un'incantevole esperienza alpina per studenti","description":"Rivisitare Les Elfes - Abbraccia la bellezza delle montagne, lasciati andare ad attivit\u00e0 emozionanti e crea ricordi che dureranno per tutta la vita.","robots":{"index":"index","follow":"follow","max-snippet":"max-snippet:-1","max-image-preview":"max-image-preview:large","max-video-preview":"max-video-preview:-1"},"canonical":"https:\/\/www.leselfes.com\/it\/rivisitare-les-elfes-unincantevole-esperienza-alpina-per-studenti\/","og_locale":"it_IT","og_type":"article","og_title":"Rivisitare Les Elfes: Un'incantevole esperienza alpina per studenti","og_description":"Rivisitare Les Elfes - Abbraccia la bellezza delle montagne, lasciati andare ad attivit\u00e0 emozionanti e crea ricordi che dureranno per tutta la vita.","og_url":"https:\/\/www.leselfes.com\/it\/rivisitare-les-elfes-unincantevole-esperienza-alpina-per-studenti\/","og_site_name":"Les Elfes International Camps Switzerland","article_publisher":"https:\/\/www.facebook.com\/LesElfesVerbier","article_published_time":"2023-06-15T05:43:42+00:00","article_modified_time":"2024-11-20T15:08:21+00:00","og_image":[{"width":975,"height":675,"url":"https:\/\/dev.leselfes.com\/wp-content\/uploads\/2023\/06\/Revisiting-Les-Elfes.jpg","type":"image\/jpeg"}],"author":"lesadmin","twitter_card":"summary_large_image","twitter_creator":"@LesElfesCamps","twitter_site":"@LesElfesCamps","twitter_misc":{"Scritto da":"lesadmin","Tempo di lettura stimato":"12 minuti"},"schema":{"@context":"https:\/\/schema.org","@graph":[{"@type":"Article","@id":"https:\/\/www.leselfes.com\/it\/rivisitare-les-elfes-unincantevole-esperienza-alpina-per-studenti\/#article","isPartOf":{"@id":"https:\/\/www.leselfes.com\/it\/rivisitare-les-elfes-unincantevole-esperienza-alpina-per-studenti\/"},"author":{"name":"lesadmin","@id":"https:\/\/dev.leselfes.com\/#\/schema\/person\/407a229698868b8c603874b19f37f289"},"headline":"Rivisitare Les Elfes: Un&#8217;incantevole esperienza alpina per studenti","datePublished":"2023-06-15T05:43:42+00:00","dateModified":"2024-11-20T15:08:21+00:00","mainEntityOfPage":{"@id":"https:\/\/www.leselfes.com\/it\/rivisitare-les-elfes-unincantevole-esperienza-alpina-per-studenti\/"},"wordCount":2480,"publisher":{"@id":"https:\/\/dev.leselfes.com\/#organization"},"image":{"@id":"https:\/\/www.leselfes.com\/it\/rivisitare-les-elfes-unincantevole-esperienza-alpina-per-studenti\/#primaryimage"},"thumbnailUrl":"https:\/\/www.leselfes.com\/wp-content\/uploads\/2023\/06\/Revisiting-Les-Elfes.jpg","keywords":["campo estivo","campo estivo internazionale","Rivisitare Les Elfes"],"articleSection":["Articoli","Campo estivo"],"inLanguage":"it-IT"},{"@type":"WebPage","@id":"https:\/\/www.leselfes.com\/it\/rivisitare-les-elfes-unincantevole-esperienza-alpina-per-studenti\/","url":"https:\/\/www.leselfes.com\/it\/rivisitare-les-elfes-unincantevole-esperienza-alpina-per-studenti\/","name":"Rivisitare Les Elfes: Un'incantevole esperienza alpina per studenti","isPartOf":{"@id":"https:\/\/dev.leselfes.com\/#website"},"primaryImageOfPage":{"@id":"https:\/\/www.leselfes.com\/it\/rivisitare-les-elfes-unincantevole-esperienza-alpina-per-studenti\/#primaryimage"},"image":{"@id":"https:\/\/www.leselfes.com\/it\/rivisitare-les-elfes-unincantevole-esperienza-alpina-per-studenti\/#primaryimage"},"thumbnailUrl":"https:\/\/www.leselfes.com\/wp-content\/uploads\/2023\/06\/Revisiting-Les-Elfes.jpg","datePublished":"2023-06-15T05:43:42+00:00","dateModified":"2024-11-20T15:08:21+00:00","description":"Rivisitare Les Elfes - Abbraccia la bellezza delle montagne, lasciati andare ad attivit\u00e0 emozionanti e crea ricordi che dureranno per tutta la vita.","breadcrumb":{"@id":"https:\/\/www.leselfes.com\/it\/rivisitare-les-elfes-unincantevole-esperienza-alpina-per-studenti\/#breadcrumb"},"inLanguage":"it-IT","potentialAction":[{"@type":"ReadAction","target":["https:\/\/www.leselfes.com\/it\/rivisitare-les-elfes-unincantevole-esperienza-alpina-per-studenti\/"]}]},{"@type":"ImageObject","inLanguage":"it-IT","@id":"https:\/\/www.leselfes.com\/it\/rivisitare-les-elfes-unincantevole-esperienza-alpina-per-studenti\/#primaryimage","url":"https:\/\/www.leselfes.com\/wp-content\/uploads\/2023\/06\/Revisiting-Les-Elfes.jpg","contentUrl":"https:\/\/www.leselfes.com\/wp-content\/uploads\/2023\/06\/Revisiting-Les-Elfes.jpg","width":975,"height":675},{"@type":"BreadcrumbList","@id":"https:\/\/www.leselfes.com\/it\/rivisitare-les-elfes-unincantevole-esperienza-alpina-per-studenti\/#breadcrumb","itemListElement":[{"@type":"ListItem","position":1,"name":"Home","item":"https:\/\/www.leselfes.com\/it\/"},{"@type":"ListItem","position":2,"name":"Rivisitare Les Elfes: Un&#8217;incantevole esperienza alpina per studenti"}]},{"@type":"WebSite","@id":"https:\/\/dev.leselfes.com\/#website","url":"https:\/\/dev.leselfes.com\/","name":"Les Elfes International","description":"Les Elfes International, Verbier Switzerland. Summer Camp, Winter Camp, Spring Camps.","publisher":{"@id":"https:\/\/dev.leselfes.com\/#organization"},"alternateName":"Les Elfes International","potentialAction":[{"@type":"SearchAction","target":{"@type":"EntryPoint","urlTemplate":"https:\/\/dev.leselfes.com\/?s={search_term_string}"},"query-input":{"@type":"PropertyValueSpecification","valueRequired":true,"valueName":"search_term_string"}}],"inLanguage":"it-IT"},{"@type":"Organization","@id":"https:\/\/dev.leselfes.com\/#organization","name":"Les Elfes International","alternateName":"Les Elfes International","url":"https:\/\/dev.leselfes.com\/","logo":{"@type":"ImageObject","inLanguage":"it-IT","@id":"https:\/\/dev.leselfes.com\/#\/schema\/logo\/image\/","url":"https:\/\/www.leselfes.com\/wp-content\/uploads\/2022\/03\/leselfes-logo.png","contentUrl":"https:\/\/www.leselfes.com\/wp-content\/uploads\/2022\/03\/leselfes-logo.png","width":233,"height":51,"caption":"Les Elfes International"},"image":{"@id":"https:\/\/dev.leselfes.com\/#\/schema\/logo\/image\/"},"sameAs":["https:\/\/www.facebook.com\/LesElfesVerbier","https:\/\/x.com\/LesElfesCamps","https:\/\/www.instagram.com\/leselfes","https:\/\/www.linkedin.com\/company\/les-elfes-international","https:\/\/www.youtube.com\/user\/LesElfesVerbier"]},{"@type":"Person","@id":"https:\/\/dev.leselfes.com\/#\/schema\/person\/407a229698868b8c603874b19f37f289","name":"lesadmin","image":{"@type":"ImageObject","inLanguage":"it-IT","@id":"https:\/\/dev.leselfes.com\/#\/schema\/person\/image\/","url":"https:\/\/secure.gravatar.com\/avatar\/fdb243a028df450397b3632d862f87f6?s=96&d=mm&r=g","contentUrl":"https:\/\/secure.gravatar.com\/avatar\/fdb243a028df450397b3632d862f87f6?s=96&d=mm&r=g","caption":"lesadmin"},"url":"https:\/\/www.leselfes.com\/it\/author\/lesadmin\/"}]}},"_links":{"self":[{"href":"https:\/\/www.leselfes.com\/it\/wp-json\/wp\/v2\/posts\/95856"}],"collection":[{"href":"https:\/\/www.leselfes.com\/it\/wp-json\/wp\/v2\/posts"}],"about":[{"href":"https:\/\/www.leselfes.com\/it\/wp-json\/wp\/v2\/types\/post"}],"author":[{"embeddable":true,"href":"https:\/\/www.leselfes.com\/it\/wp-json\/wp\/v2\/users\/1"}],"replies":[{"embeddable":true,"href":"https:\/\/www.leselfes.com\/it\/wp-json\/wp\/v2\/comments?post=95856"}],"version-history":[{"count":0,"href":"https:\/\/www.leselfes.com\/it\/wp-json\/wp\/v2\/posts\/95856\/revisions"}],"wp:featuredmedia":[{"embeddable":true,"href":"https:\/\/www.leselfes.com\/it\/wp-json\/wp\/v2\/media\/78488"}],"wp:attachment":[{"href":"https:\/\/www.leselfes.com\/it\/wp-json\/wp\/v2\/media?parent=95856"}],"wp:term":[{"taxonomy":"category","embeddable":true,"href":"https:\/\/www.leselfes.com\/it\/wp-json\/wp\/v2\/categories?post=95856"},{"taxonomy":"post_tag","embeddable":true,"href":"https:\/\/www.leselfes.com\/it\/wp-json\/wp\/v2\/tags?post=95856"}],"curies":[{"name":"wp","href":"https:\/\/api.w.org\/{rel}","templated":true}]}}