{"id":95988,"date":"2025-01-07T09:09:03","date_gmt":"2025-01-07T08:09:03","guid":{"rendered":"https:\/\/www.leselfes.com\/come-lesperienza-del-campo-invernale\/"},"modified":"2025-02-18T11:06:14","modified_gmt":"2025-02-18T10:06:14","slug":"come-lesperienza-del-campo-invernale","status":"publish","type":"post","link":"https:\/\/www.leselfes.com\/it\/come-lesperienza-del-campo-invernale\/","title":{"rendered":"Com&#8217;\u00e8 l&#8217;esperienza del campo invernale?"},"content":{"rendered":"<p>Un campo invernale nelle Alpi svizzere offre ai giovani avventurieri un mix unico di emozioni, sviluppo di competenze e immersione culturale. Che si tratti di perfezionare gli sport sulla neve, legare con gli amici o scoprire le tradizioni svizzere, i campi invernali in Svizzera creano <strong>esperienze invernali indimenticabili<\/strong> per i campeggiatori di tutte le et\u00e0. Dalle <strong>lezioni di sci<\/strong> all&#8217;<strong>artigianato<\/strong>, ogni aspetto delle <strong>attivit\u00e0 del campo invernale<\/strong> \u00e8 pensato per aiutare i campeggiatori a crescere, divertirsi e costruire ricordi duraturi.  <\/p>\n<h2>I migliori campi invernali in Svizzera<\/h2>\n<p>La Svizzera \u00e8 la patria di alcuni dei <strong>migliori campi invernali<\/strong> del mondo, grazie al suo splendido paesaggio <strong>alpino<\/strong>, alle stazioni sciistiche di alta qualit\u00e0 e ai programmi che arricchiscono culturalmente. <strong>I campi invernali internazionali<\/strong> in destinazioni popolari come <strong>Verbier<\/strong>, <strong>Gstaad<\/strong> e <strong>Davos<\/strong> accolgono campeggiatori da tutto il mondo. Questi campi offrono a bambini e ragazzi un ambiente sicuro e solidale per esplorare l&#8217;aria aperta, incontrare coetanei provenienti da contesti diversi e sviluppare competenze fondamentali per la vita.  <\/p>\n<p>Situati nel cuore delle <strong>Alpi svizzere<\/strong>, i campi invernali offrono un&#8217;atmosfera sia locale che internazionale dove i <strong>bambini dai 6 ai 17 anni<\/strong> possono godere di una serie di programmi. <strong>I campeggiatori di et\u00e0 compresa tra gli 8 e i 14 anni<\/strong> trovano un&#8217;entusiasmante gamma di attivit\u00e0 adatte alla loro et\u00e0 che mettono alla prova le loro capacit\u00e0 creando un ambiente divertente e solidale. Dalle piste da sci adatte ai principianti alle piste pi\u00f9 avanzate, ogni campo \u00e8 progettato con cura per supportare i diversi livelli di abilit\u00e0 e offrire un&#8217;esperienza inclusiva. <\/p>\n<h2>Quali attivit\u00e0 sono incluse nei campi invernali?<\/h2>\n<p>Il punto forte di ogni campo invernale \u00e8 la variet\u00e0 di attivit\u00e0 e i campi invernali svizzeri offrono alcune delle migliori opzioni disponibili. Il fulcro sono le <strong>lezioni di sci<\/strong> e di <strong>snowboard<\/strong>, dove i campeggiatori ricevono un&#8217;<strong>istruzione<\/strong> professionale su misura per il loro livello. Ogni giorno, i campeggiatori potranno trascorrere del tempo sulle piste, esercitandosi ed esplorando gli splendidi paesaggi. Ma i campi invernali comprendono molto di pi\u00f9 degli sport sulla neve:   <\/p>\n<ul>\n<li><strong>Attivit\u00e0 serali<\/strong>: Dopo un&#8217;intera giornata all&#8217;aperto, i campeggiatori partecipano a eventi serali rilassanti e divertenti come serate di cinema, giochi di squadra e sessioni di narrazione. Queste <strong>attivit\u00e0 serali<\/strong> permettono ai campeggiatori di rilassarsi e di legare con i loro amici. <\/li>\n<li><strong>Arti e mestieri<\/strong>: I laboratori creativi come l&#8217;arte e l&#8217;artigianato danno ai campeggiatori la possibilit\u00e0 di esprimersi e di portare a casa i souvenir che hanno realizzato. Attivit\u00e0 come il disegno, la pittura o il crafting offrono una pausa creativa dallo sport. <\/li>\n<li><strong>Avventure all&#8217;aperto<\/strong>: Molti campi organizzano <strong>attivit\u00e0<\/strong> aggiuntive <strong>all&#8217;aperto<\/strong> come ciaspolate, pattinaggio sul ghiaccio e persino la costruzione di igloo, permettendo ai campeggiatori di godere appieno del paesaggio invernale.<\/li>\n<\/ul>\n<p>Dagli sport strutturati agli sbocchi creativi, questi campi offrono un programma coinvolgente che si rivolge a un&#8217;ampia gamma di interessi. I <strong>programmi dei campi<\/strong> sono pensati per essere divertenti ed educativi, aiutando i bambini a sviluppare le proprie capacit\u00e0 e a scoprire nuove passioni.<\/p>\n<h2>Qual \u00e8 il costo dei campi invernali?<\/h2>\n<p>Il <strong>costo di un campo invernale<\/strong> pu\u00f2 variare in modo significativo a seconda della localit\u00e0, della durata e delle offerte specifiche incluse. In genere, le <strong>tariffe dei campi invernali<\/strong> coprono l&#8217;alloggio, i pasti, tutte le attivit\u00e0 previste e l&#8217;attrezzatura per gli sport come lo sci e lo snowboard. Alcuni campi possono prevedere costi aggiuntivi per escursioni specifiche o lezioni facoltative, quindi \u00e8 utile esaminare nel dettaglio la suddivisione delle <strong>tariffe di<\/strong> ciascun <strong>campo<\/strong>. I campi nelle principali aree sciistiche, come <strong>Verbier<\/strong> o <strong>Gstaad<\/strong>, spesso includono l&#8217;accesso a piste da sci rinomate e a strutture di alta qualit\u00e0, il che pu\u00f2 far aumentare il <strong>prezzo<\/strong> complessivo <strong>del campo invernale<\/strong>.   <\/p>\n<p>I genitori che prendono in considerazione i campi invernali possono trovare diverse <strong>offerte<\/strong> adatte al loro budget, dato che molti campi offrono sconti per l&#8217;<strong>iscrizione<\/strong> anticipata <strong>al campo invernale<\/strong> o per le iscrizioni a pi\u00f9 settimane. \u00c8 inoltre consigliabile informarsi direttamente presso i campi per ottenere un listino prezzi dettagliato e potenziali sconti per famiglie o pacchetti. <\/p>\n<h2>A quali fasce d&#8217;et\u00e0 sono rivolti i campi invernali?<\/h2>\n<p>I campi invernali in Svizzera si rivolgono in genere a un&#8217;ampia fascia d&#8217;et\u00e0, il che li rende una scelta versatile per le famiglie con bambini di diverse et\u00e0. Molti campi offrono programmi per <strong>bambini di et\u00e0 compresa tra i 6 e i 17 anni<\/strong>, mentre alcuni campi si specializzano in determinate fasce d&#8217;et\u00e0, come i <strong>gruppi di giovani<\/strong> o gli adolescenti. I campi spesso adattano le attivit\u00e0 a gruppi di et\u00e0 specifici, assicurando ai campeggiatori pi\u00f9 giovani, come quelli <strong>dai 5 ai 16 anni<\/strong>, attivit\u00e0 sicure e divertenti che corrispondono al loro livello di sviluppo, mentre i campeggiatori pi\u00f9 grandi possono avere accesso a piste da sci avanzate, attivit\u00e0 indipendenti e programmi di leadership.  <\/p>\n<p>Per i genitori che desiderano dare ai propri figli un inizio precoce, sono molto popolari i programmi per i <strong>campeggiatori dagli 8 ai 14 anni<\/strong>, che bilanciano divertimento, sviluppo delle abilit\u00e0 e interazione sociale. Ogni fascia d&#8217;et\u00e0 beneficia di un programma completo che promuove l&#8217;apprendimento e il divertimento. <\/p>\n<h2>Come iscriversi ai campi invernali?<\/h2>\n<p>L&#8217;iscrizione a un campo invernale \u00e8 di solito un processo semplice, soprattutto per i campi internazionali che offrono moduli <strong>di iscrizione<\/strong> online. I genitori possono esplorare diverse opzioni e trovare <strong>informazioni<\/strong> specifiche <strong>sui campi invernali<\/strong> consultando il sito ufficiale del campo. \u00c8 consigliabile iscriversi in anticipo, poich\u00e9 i campi pi\u00f9 popolari in localit\u00e0 importanti come <strong>Verbier<\/strong> e <strong>Gstaad<\/strong> si riempiono rapidamente.  <\/p>\n<p>Per chi \u00e8 interessato ad iscriversi, la maggior parte dei campi offre un facile portale online per <strong>iscriversi al campo invernale<\/strong>, oltre a un <strong>contatto<\/strong> diretto <strong>per le<\/strong> richieste di informazioni sul <strong>campo invernale<\/strong>. Le famiglie possono fare domande sulla disponibilit\u00e0, sui costi e sui programmi specifici per assicurarsi che il campo sia adatto alle esigenze del loro bambino. <\/p>\n<h2>Com&#8217;\u00e8 l&#8217;esperienza del campo invernale?<\/h2>\n<p>I campi invernali sono progettati per creare un&#8217;<strong>esperienza invernale indimenticabile<\/strong> in cui i campeggiatori godono di un equilibrio tra apprendimento, gioco e crescita personale. L&#8217;ambiente del campo \u00e8 caratterizzato da amicizia ed eccitazione, dove studenti di tutto il mondo si riuniscono per sperimentare una nuova cultura e costruire legami duraturi. Che si tratti dell&#8217;emozione di sciare per la prima volta, di condividere storie intorno al fuoco o di scoprire nuovi interessi, ogni giorno offre nuove avventure.  <\/p>\n<p>Grazie alle <strong>attivit\u00e0<\/strong> pianificate <strong>del campo invernale<\/strong> e alla supervisione del gruppo, i bambini acquisiscono un senso di responsabilit\u00e0 e fiducia. Dalle piste da sci per principianti a quelle pi\u00f9 avanzate, sono incoraggiati a esplorare le loro capacit\u00e0 in un&#8217;atmosfera sicura e accogliente. Le amicizie e i ricordi che si formano durante il campo invernale spesso durano ben oltre la stagione del campo.  <\/p>\n<h2>Dove si trovano i campi invernali?<\/h2>\n<p>I campi invernali sono situati strategicamente in alcune delle localit\u00e0 pi\u00f9 belle e accessibili delle <strong>Alpi svizzere<\/strong>. Le <strong>localit\u00e0<\/strong> pi\u00f9 gettonate sono le <strong>stazioni sciistiche<\/strong> di livello mondiale in aree come <strong>Verbier<\/strong>, <strong>Davos<\/strong> e <strong>Gstaad<\/strong>. Ogni localit\u00e0 offre un ambiente unico: Verbier \u00e8 nota per la sua vivace scena apr\u00e8s-ski, Davos per i suoi sentieri panoramici e Gstaad per il suo fascino storico e le sue piste di fama mondiale. L&#8217;accesso a zone sciistiche di alta qualit\u00e0 e ad attrazioni culturali assicura a ogni campeggiatore un&#8217;esperienza invernale completa.   <\/p>\n<p>Il trasporto \u00e8 facile per le famiglie internazionali: molti campi offrono opzioni di trasferimento dall&#8217;<strong>aeroporto di Zurigo<\/strong> o dalle principali stazioni ferroviarie. I collegamenti continui rendono la Svizzera una scelta comoda e sicura per le famiglie che cercano un campo invernale arricchente per i propri figli. <\/p>\n<h2>Informazioni su Les Elfes International<\/h2>\n<p>Per chi cerca un campo invernale eccezionale, <strong>Les Elfes International<\/strong> offre uno dei programmi pi\u00f9 completi e coinvolgenti della Svizzera. Situato a <strong>Verbier<\/strong>, Les Elfes combina sport, apprendimento della lingua e formazione alla leadership in un ambiente dinamico e solidale. Grazie all&#8217;<strong>insegnamento di sci e snowboard<\/strong> da parte di esperti, ad attivit\u00e0 accuratamente studiate e a un approccio multiculturale, Les Elfes International assicura che ogni campeggiatore viva un&#8217;esperienza trasformativa. Dallo sci su piste di livello mondiale alle escursioni culturali, Les Elfes offre ai giovani avventurieri un inverno indimenticabile sulle Alpi svizzere, creando ricordi e amicizie che dureranno per tutta la vita.   <\/p>\n","protected":false},"excerpt":{"rendered":"<p>Un campo invernale nelle Alpi svizzere offre ai giovani avventurieri un mix unico di emozioni, sviluppo di competenze e immersione culturale. Che si tratti di perfezionare gli sport sulla neve,&#8230;<\/p>\n","protected":false},"author":16,"featured_media":95971,"comment_status":"open","ping_status":"open","sticky":false,"template":"","format":"standard","meta":{"_acf_changed":false,"inline_featured_image":false,"footnotes":""},"categories":[1353,1354],"tags":[],"class_list":{"0":"post-95988","1":"post","2":"type-post","3":"status-publish","4":"format-standard","5":"has-post-thumbnail","7":"category-articoli","8":"category-campo-invernale"},"acf":[],"yoast_head":"<!-- This site is optimized with the Yoast SEO Premium plugin v24.2 (Yoast SEO v24.7) - https:\/\/yoast.com\/wordpress\/plugins\/seo\/ -->\n<title>Com&#039;\u00e8 l&#039;esperienza del campo invernale?<\/title>\n<meta name=\"description\" content=\"Scopri l&#039;indimenticabile esperienza del campo invernale nelle Alpi svizzere con attivit\u00e0 entusiasmanti, immersione culturale e amicizie che durano tutta la vita.\" \/>\n<meta name=\"robots\" content=\"index, follow, max-snippet:-1, max-image-preview:large, max-video-preview:-1\" \/>\n<link rel=\"canonical\" href=\"https:\/\/www.leselfes.com\/it\/come-lesperienza-del-campo-invernale\/\" \/>\n<meta property=\"og:locale\" content=\"it_IT\" \/>\n<meta property=\"og:type\" content=\"article\" \/>\n<meta property=\"og:title\" content=\"Com&#039;\u00e8 l&#039;esperienza del campo invernale?\" \/>\n<meta property=\"og:description\" content=\"Scopri l&#039;indimenticabile esperienza del campo invernale nelle Alpi svizzere con attivit\u00e0 entusiasmanti, immersione culturale e amicizie che durano tutta la vita.\" \/>\n<meta property=\"og:url\" content=\"https:\/\/www.leselfes.com\/it\/come-lesperienza-del-campo-invernale\/\" \/>\n<meta property=\"og:site_name\" content=\"Les Elfes International Camps Switzerland\" \/>\n<meta property=\"article:publisher\" content=\"https:\/\/www.facebook.com\/LesElfesVerbier\" \/>\n<meta property=\"article:published_time\" content=\"2025-01-07T08:09:03+00:00\" \/>\n<meta property=\"article:modified_time\" content=\"2025-02-18T10:06:14+00:00\" \/>\n<meta property=\"og:image\" content=\"https:\/\/www.leselfes.com\/wp-content\/uploads\/2025\/01\/photo2.jpg\" \/>\n\t<meta property=\"og:image:width\" content=\"1920\" \/>\n\t<meta property=\"og:image:height\" content=\"550\" \/>\n\t<meta property=\"og:image:type\" content=\"image\/jpeg\" \/>\n<meta name=\"author\" content=\"Matthieu Perard\" \/>\n<meta name=\"twitter:card\" content=\"summary_large_image\" \/>\n<meta name=\"twitter:creator\" content=\"@LesElfesCamps\" \/>\n<meta name=\"twitter:site\" content=\"@LesElfesCamps\" \/>\n<meta name=\"twitter:label1\" content=\"Scritto da\" \/>\n\t<meta name=\"twitter:data1\" content=\"Matthieu Perard\" \/>\n\t<meta name=\"twitter:label2\" content=\"Tempo di lettura stimato\" \/>\n\t<meta name=\"twitter:data2\" content=\"7 minuti\" \/>\n<script type=\"application\/ld+json\" class=\"yoast-schema-graph\">{\"@context\":\"https:\/\/schema.org\",\"@graph\":[{\"@type\":\"Article\",\"@id\":\"https:\/\/www.leselfes.com\/it\/come-lesperienza-del-campo-invernale\/#article\",\"isPartOf\":{\"@id\":\"https:\/\/www.leselfes.com\/it\/come-lesperienza-del-campo-invernale\/\"},\"author\":{\"name\":\"Matthieu Perard\",\"@id\":\"https:\/\/dev.leselfes.com\/#\/schema\/person\/7ac5f99a7f3c597105fe663a00bdf6d6\"},\"headline\":\"Com&#8217;\u00e8 l&#8217;esperienza del campo invernale?\",\"datePublished\":\"2025-01-07T08:09:03+00:00\",\"dateModified\":\"2025-02-18T10:06:14+00:00\",\"mainEntityOfPage\":{\"@id\":\"https:\/\/www.leselfes.com\/it\/come-lesperienza-del-campo-invernale\/\"},\"wordCount\":1367,\"commentCount\":0,\"publisher\":{\"@id\":\"https:\/\/dev.leselfes.com\/#organization\"},\"image\":{\"@id\":\"https:\/\/www.leselfes.com\/it\/come-lesperienza-del-campo-invernale\/#primaryimage\"},\"thumbnailUrl\":\"https:\/\/www.leselfes.com\/wp-content\/uploads\/2025\/01\/photo2.jpg\",\"articleSection\":[\"Articoli\",\"Campo invernale\"],\"inLanguage\":\"it-IT\",\"potentialAction\":[{\"@type\":\"CommentAction\",\"name\":\"Comment\",\"target\":[\"https:\/\/www.leselfes.com\/it\/come-lesperienza-del-campo-invernale\/#respond\"]}]},{\"@type\":\"WebPage\",\"@id\":\"https:\/\/www.leselfes.com\/it\/come-lesperienza-del-campo-invernale\/\",\"url\":\"https:\/\/www.leselfes.com\/it\/come-lesperienza-del-campo-invernale\/\",\"name\":\"Com'\u00e8 l'esperienza del campo invernale?\",\"isPartOf\":{\"@id\":\"https:\/\/dev.leselfes.com\/#website\"},\"primaryImageOfPage\":{\"@id\":\"https:\/\/www.leselfes.com\/it\/come-lesperienza-del-campo-invernale\/#primaryimage\"},\"image\":{\"@id\":\"https:\/\/www.leselfes.com\/it\/come-lesperienza-del-campo-invernale\/#primaryimage\"},\"thumbnailUrl\":\"https:\/\/www.leselfes.com\/wp-content\/uploads\/2025\/01\/photo2.jpg\",\"datePublished\":\"2025-01-07T08:09:03+00:00\",\"dateModified\":\"2025-02-18T10:06:14+00:00\",\"description\":\"Scopri l'indimenticabile esperienza del campo invernale nelle Alpi svizzere con attivit\u00e0 entusiasmanti, immersione culturale e amicizie che durano tutta la vita.\",\"breadcrumb\":{\"@id\":\"https:\/\/www.leselfes.com\/it\/come-lesperienza-del-campo-invernale\/#breadcrumb\"},\"inLanguage\":\"it-IT\",\"potentialAction\":[{\"@type\":\"ReadAction\",\"target\":[\"https:\/\/www.leselfes.com\/it\/come-lesperienza-del-campo-invernale\/\"]}]},{\"@type\":\"ImageObject\",\"inLanguage\":\"it-IT\",\"@id\":\"https:\/\/www.leselfes.com\/it\/come-lesperienza-del-campo-invernale\/#primaryimage\",\"url\":\"https:\/\/www.leselfes.com\/wp-content\/uploads\/2025\/01\/photo2.jpg\",\"contentUrl\":\"https:\/\/www.leselfes.com\/wp-content\/uploads\/2025\/01\/photo2.jpg\",\"width\":1920,\"height\":550},{\"@type\":\"BreadcrumbList\",\"@id\":\"https:\/\/www.leselfes.com\/it\/come-lesperienza-del-campo-invernale\/#breadcrumb\",\"itemListElement\":[{\"@type\":\"ListItem\",\"position\":1,\"name\":\"Home\",\"item\":\"https:\/\/www.leselfes.com\/it\/\"},{\"@type\":\"ListItem\",\"position\":2,\"name\":\"Com&#8217;\u00e8 l&#8217;esperienza del campo invernale?\"}]},{\"@type\":\"WebSite\",\"@id\":\"https:\/\/dev.leselfes.com\/#website\",\"url\":\"https:\/\/dev.leselfes.com\/\",\"name\":\"Les Elfes International\",\"description\":\"Les Elfes International, Verbier Switzerland. Summer Camp, Winter Camp, Spring Camps.\",\"publisher\":{\"@id\":\"https:\/\/dev.leselfes.com\/#organization\"},\"alternateName\":\"Les Elfes International\",\"potentialAction\":[{\"@type\":\"SearchAction\",\"target\":{\"@type\":\"EntryPoint\",\"urlTemplate\":\"https:\/\/dev.leselfes.com\/?s={search_term_string}\"},\"query-input\":{\"@type\":\"PropertyValueSpecification\",\"valueRequired\":true,\"valueName\":\"search_term_string\"}}],\"inLanguage\":\"it-IT\"},{\"@type\":\"Organization\",\"@id\":\"https:\/\/dev.leselfes.com\/#organization\",\"name\":\"Les Elfes International\",\"alternateName\":\"Les Elfes International\",\"url\":\"https:\/\/dev.leselfes.com\/\",\"logo\":{\"@type\":\"ImageObject\",\"inLanguage\":\"it-IT\",\"@id\":\"https:\/\/dev.leselfes.com\/#\/schema\/logo\/image\/\",\"url\":\"https:\/\/www.leselfes.com\/wp-content\/uploads\/2022\/03\/leselfes-logo.png\",\"contentUrl\":\"https:\/\/www.leselfes.com\/wp-content\/uploads\/2022\/03\/leselfes-logo.png\",\"width\":233,\"height\":51,\"caption\":\"Les Elfes International\"},\"image\":{\"@id\":\"https:\/\/dev.leselfes.com\/#\/schema\/logo\/image\/\"},\"sameAs\":[\"https:\/\/www.facebook.com\/LesElfesVerbier\",\"https:\/\/x.com\/LesElfesCamps\",\"https:\/\/www.instagram.com\/leselfes\",\"https:\/\/www.linkedin.com\/company\/les-elfes-international\",\"https:\/\/www.youtube.com\/user\/LesElfesVerbier\"]},{\"@type\":\"Person\",\"@id\":\"https:\/\/dev.leselfes.com\/#\/schema\/person\/7ac5f99a7f3c597105fe663a00bdf6d6\",\"name\":\"Matthieu Perard\",\"image\":{\"@type\":\"ImageObject\",\"inLanguage\":\"it-IT\",\"@id\":\"https:\/\/dev.leselfes.com\/#\/schema\/person\/image\/\",\"url\":\"https:\/\/secure.gravatar.com\/avatar\/e368f5bd153d15a1ff42a4c64a46d1ef?s=96&d=mm&r=g\",\"contentUrl\":\"https:\/\/secure.gravatar.com\/avatar\/e368f5bd153d15a1ff42a4c64a46d1ef?s=96&d=mm&r=g\",\"caption\":\"Matthieu Perard\"},\"url\":\"https:\/\/www.leselfes.com\/it\/author\/m-pierardnotostudio-ch\/\"}]}<\/script>\n<!-- \/ Yoast SEO Premium plugin. -->","yoast_head_json":{"title":"Com'\u00e8 l'esperienza del campo invernale?","description":"Scopri l'indimenticabile esperienza del campo invernale nelle Alpi svizzere con attivit\u00e0 entusiasmanti, immersione culturale e amicizie che durano tutta la vita.","robots":{"index":"index","follow":"follow","max-snippet":"max-snippet:-1","max-image-preview":"max-image-preview:large","max-video-preview":"max-video-preview:-1"},"canonical":"https:\/\/www.leselfes.com\/it\/come-lesperienza-del-campo-invernale\/","og_locale":"it_IT","og_type":"article","og_title":"Com'\u00e8 l'esperienza del campo invernale?","og_description":"Scopri l'indimenticabile esperienza del campo invernale nelle Alpi svizzere con attivit\u00e0 entusiasmanti, immersione culturale e amicizie che durano tutta la vita.","og_url":"https:\/\/www.leselfes.com\/it\/come-lesperienza-del-campo-invernale\/","og_site_name":"Les Elfes International Camps Switzerland","article_publisher":"https:\/\/www.facebook.com\/LesElfesVerbier","article_published_time":"2025-01-07T08:09:03+00:00","article_modified_time":"2025-02-18T10:06:14+00:00","og_image":[{"width":1920,"height":550,"url":"https:\/\/www.leselfes.com\/wp-content\/uploads\/2025\/01\/photo2.jpg","type":"image\/jpeg"}],"author":"Matthieu Perard","twitter_card":"summary_large_image","twitter_creator":"@LesElfesCamps","twitter_site":"@LesElfesCamps","twitter_misc":{"Scritto da":"Matthieu Perard","Tempo di lettura stimato":"7 minuti"},"schema":{"@context":"https:\/\/schema.org","@graph":[{"@type":"Article","@id":"https:\/\/www.leselfes.com\/it\/come-lesperienza-del-campo-invernale\/#article","isPartOf":{"@id":"https:\/\/www.leselfes.com\/it\/come-lesperienza-del-campo-invernale\/"},"author":{"name":"Matthieu Perard","@id":"https:\/\/dev.leselfes.com\/#\/schema\/person\/7ac5f99a7f3c597105fe663a00bdf6d6"},"headline":"Com&#8217;\u00e8 l&#8217;esperienza del campo invernale?","datePublished":"2025-01-07T08:09:03+00:00","dateModified":"2025-02-18T10:06:14+00:00","mainEntityOfPage":{"@id":"https:\/\/www.leselfes.com\/it\/come-lesperienza-del-campo-invernale\/"},"wordCount":1367,"commentCount":0,"publisher":{"@id":"https:\/\/dev.leselfes.com\/#organization"},"image":{"@id":"https:\/\/www.leselfes.com\/it\/come-lesperienza-del-campo-invernale\/#primaryimage"},"thumbnailUrl":"https:\/\/www.leselfes.com\/wp-content\/uploads\/2025\/01\/photo2.jpg","articleSection":["Articoli","Campo invernale"],"inLanguage":"it-IT","potentialAction":[{"@type":"CommentAction","name":"Comment","target":["https:\/\/www.leselfes.com\/it\/come-lesperienza-del-campo-invernale\/#respond"]}]},{"@type":"WebPage","@id":"https:\/\/www.leselfes.com\/it\/come-lesperienza-del-campo-invernale\/","url":"https:\/\/www.leselfes.com\/it\/come-lesperienza-del-campo-invernale\/","name":"Com'\u00e8 l'esperienza del campo invernale?","isPartOf":{"@id":"https:\/\/dev.leselfes.com\/#website"},"primaryImageOfPage":{"@id":"https:\/\/www.leselfes.com\/it\/come-lesperienza-del-campo-invernale\/#primaryimage"},"image":{"@id":"https:\/\/www.leselfes.com\/it\/come-lesperienza-del-campo-invernale\/#primaryimage"},"thumbnailUrl":"https:\/\/www.leselfes.com\/wp-content\/uploads\/2025\/01\/photo2.jpg","datePublished":"2025-01-07T08:09:03+00:00","dateModified":"2025-02-18T10:06:14+00:00","description":"Scopri l'indimenticabile esperienza del campo invernale nelle Alpi svizzere con attivit\u00e0 entusiasmanti, immersione culturale e amicizie che durano tutta la vita.","breadcrumb":{"@id":"https:\/\/www.leselfes.com\/it\/come-lesperienza-del-campo-invernale\/#breadcrumb"},"inLanguage":"it-IT","potentialAction":[{"@type":"ReadAction","target":["https:\/\/www.leselfes.com\/it\/come-lesperienza-del-campo-invernale\/"]}]},{"@type":"ImageObject","inLanguage":"it-IT","@id":"https:\/\/www.leselfes.com\/it\/come-lesperienza-del-campo-invernale\/#primaryimage","url":"https:\/\/www.leselfes.com\/wp-content\/uploads\/2025\/01\/photo2.jpg","contentUrl":"https:\/\/www.leselfes.com\/wp-content\/uploads\/2025\/01\/photo2.jpg","width":1920,"height":550},{"@type":"BreadcrumbList","@id":"https:\/\/www.leselfes.com\/it\/come-lesperienza-del-campo-invernale\/#breadcrumb","itemListElement":[{"@type":"ListItem","position":1,"name":"Home","item":"https:\/\/www.leselfes.com\/it\/"},{"@type":"ListItem","position":2,"name":"Com&#8217;\u00e8 l&#8217;esperienza del campo invernale?"}]},{"@type":"WebSite","@id":"https:\/\/dev.leselfes.com\/#website","url":"https:\/\/dev.leselfes.com\/","name":"Les Elfes International","description":"Les Elfes International, Verbier Switzerland. Summer Camp, Winter Camp, Spring Camps.","publisher":{"@id":"https:\/\/dev.leselfes.com\/#organization"},"alternateName":"Les Elfes International","potentialAction":[{"@type":"SearchAction","target":{"@type":"EntryPoint","urlTemplate":"https:\/\/dev.leselfes.com\/?s={search_term_string}"},"query-input":{"@type":"PropertyValueSpecification","valueRequired":true,"valueName":"search_term_string"}}],"inLanguage":"it-IT"},{"@type":"Organization","@id":"https:\/\/dev.leselfes.com\/#organization","name":"Les Elfes International","alternateName":"Les Elfes International","url":"https:\/\/dev.leselfes.com\/","logo":{"@type":"ImageObject","inLanguage":"it-IT","@id":"https:\/\/dev.leselfes.com\/#\/schema\/logo\/image\/","url":"https:\/\/www.leselfes.com\/wp-content\/uploads\/2022\/03\/leselfes-logo.png","contentUrl":"https:\/\/www.leselfes.com\/wp-content\/uploads\/2022\/03\/leselfes-logo.png","width":233,"height":51,"caption":"Les Elfes International"},"image":{"@id":"https:\/\/dev.leselfes.com\/#\/schema\/logo\/image\/"},"sameAs":["https:\/\/www.facebook.com\/LesElfesVerbier","https:\/\/x.com\/LesElfesCamps","https:\/\/www.instagram.com\/leselfes","https:\/\/www.linkedin.com\/company\/les-elfes-international","https:\/\/www.youtube.com\/user\/LesElfesVerbier"]},{"@type":"Person","@id":"https:\/\/dev.leselfes.com\/#\/schema\/person\/7ac5f99a7f3c597105fe663a00bdf6d6","name":"Matthieu Perard","image":{"@type":"ImageObject","inLanguage":"it-IT","@id":"https:\/\/dev.leselfes.com\/#\/schema\/person\/image\/","url":"https:\/\/secure.gravatar.com\/avatar\/e368f5bd153d15a1ff42a4c64a46d1ef?s=96&d=mm&r=g","contentUrl":"https:\/\/secure.gravatar.com\/avatar\/e368f5bd153d15a1ff42a4c64a46d1ef?s=96&d=mm&r=g","caption":"Matthieu Perard"},"url":"https:\/\/www.leselfes.com\/it\/author\/m-pierardnotostudio-ch\/"}]}},"_links":{"self":[{"href":"https:\/\/www.leselfes.com\/it\/wp-json\/wp\/v2\/posts\/95988"}],"collection":[{"href":"https:\/\/www.leselfes.com\/it\/wp-json\/wp\/v2\/posts"}],"about":[{"href":"https:\/\/www.leselfes.com\/it\/wp-json\/wp\/v2\/types\/post"}],"author":[{"embeddable":true,"href":"https:\/\/www.leselfes.com\/it\/wp-json\/wp\/v2\/users\/16"}],"replies":[{"embeddable":true,"href":"https:\/\/www.leselfes.com\/it\/wp-json\/wp\/v2\/comments?post=95988"}],"version-history":[{"count":1,"href":"https:\/\/www.leselfes.com\/it\/wp-json\/wp\/v2\/posts\/95988\/revisions"}],"predecessor-version":[{"id":109435,"href":"https:\/\/www.leselfes.com\/it\/wp-json\/wp\/v2\/posts\/95988\/revisions\/109435"}],"wp:featuredmedia":[{"embeddable":true,"href":"https:\/\/www.leselfes.com\/it\/wp-json\/wp\/v2\/media\/95971"}],"wp:attachment":[{"href":"https:\/\/www.leselfes.com\/it\/wp-json\/wp\/v2\/media?parent=95988"}],"wp:term":[{"taxonomy":"category","embeddable":true,"href":"https:\/\/www.leselfes.com\/it\/wp-json\/wp\/v2\/categories?post=95988"},{"taxonomy":"post_tag","embeddable":true,"href":"https:\/\/www.leselfes.com\/it\/wp-json\/wp\/v2\/tags?post=95988"}],"curies":[{"name":"wp","href":"https:\/\/api.w.org\/{rel}","templated":true}]}}