{"id":96208,"date":"2025-01-07T09:17:41","date_gmt":"2025-01-07T08:17:41","guid":{"rendered":"https:\/\/www.leselfes.com\/quali-sono-le-attivita-offerte-dai-campi-estivi\/"},"modified":"2025-02-18T10:58:59","modified_gmt":"2025-02-18T09:58:59","slug":"quali-sono-le-attivita-offerte-dai-campi-estivi","status":"publish","type":"post","link":"https:\/\/www.leselfes.com\/it\/quali-sono-le-attivita-offerte-dai-campi-estivi\/","title":{"rendered":"Quali sono le attivit\u00e0 offerte dal campo estivo?"},"content":{"rendered":"[vc_row type=&#8221;in_container&#8221; full_screen_row_position=&#8221;middle&#8221; column_margin=&#8221;default&#8221; column_direction=&#8221;default&#8221; column_direction_tablet=&#8221;default&#8221; column_direction_phone=&#8221;default&#8221; scene_position=&#8221;center&#8221; text_color=&#8221;dark&#8221; text_align=&#8221;left&#8221; row_border_radius=&#8221;none&#8221; row_border_radius_applies=&#8221;bg&#8221; overflow=&#8221;visible&#8221; overlay_strength=&#8221;0.3&#8243; gradient_direction=&#8221;left_to_right&#8221; shape_divider_position=&#8221;bottom&#8221; bg_image_animation=&#8221;none&#8221;][vc_column column_padding=&#8221;no-extra-padding&#8221; column_padding_tablet=&#8221;inherit&#8221; column_padding_phone=&#8221;inherit&#8221; column_padding_position=&#8221;all&#8221; column_element_direction_desktop=&#8221;default&#8221; column_element_spacing=&#8221;default&#8221; desktop_text_alignment=&#8221;default&#8221; tablet_text_alignment=&#8221;default&#8221; phone_text_alignment=&#8221;default&#8221; background_color_opacity=&#8221;1&#8243; background_hover_color_opacity=&#8221;1&#8243; column_backdrop_filter=&#8221;none&#8221; column_shadow=&#8221;none&#8221; column_border_radius=&#8221;none&#8221; column_link_target=&#8221;_self&#8221; column_position=&#8221;default&#8221; gradient_direction=&#8221;left_to_right&#8221; overlay_strength=&#8221;0.3&#8243; width=&#8221;1\/1&#8243; tablet_width_inherit=&#8221;default&#8221; animation_type=&#8221;default&#8221; bg_image_animation=&#8221;none&#8221; border_type=&#8221;simple&#8221; column_border_width=&#8221;none&#8221; column_border_style=&#8221;solid&#8221;][vc_column_text css=&#8221;&#8221; text_direction=&#8221;default&#8221;]\n<header><\/header>\n<section>\n<h2>Un&#8217;indimenticabile esperienza di scuola estiva in Svizzera<\/h2>\n<p>I campi estivi di Les Elfes International, situati nel cuore delle pittoresche <strong>Alpi svizzere<\/strong>, offrono un&#8217;esperienza davvero unica a bambini e ragazzi. Questi campi sono progettati con cura per offrire un <strong>programma ricco di<\/strong> avventure, istruzione e immersione culturale. Gli studenti di et\u00e0 compresa tra i 6 e i 18 anni possono partecipare a un&#8217;ampia variet\u00e0 di attivit\u00e0, dall&#8217;esplorazione all&#8217;aria aperta ai laboratori creativi, assicurando loro un&#8217;estate divertente e arricchente.  <\/p>\n<p>I partecipanti a Les Elfes beneficiano di un equilibrio di attivit\u00e0 fisiche, programmi di sviluppo personale e opportunit\u00e0 di creare <strong>amicizie per tutta la vita<\/strong>. Che si tratti di escursioni su sentieri alpini, di partecipare a esercizi di leadership o di imparare una nuova lingua, ogni momento \u00e8 creato per ispirare e sfidare. <\/p>\n<p>Al di l\u00e0 delle attivit\u00e0, Les Elfes offre un&#8217;atmosfera accogliente e solidale, facendo in modo che i campeggiatori si sentano come a casa propria e che acquisiscano fiducia e indipendenza. Molti tornano anno dopo anno, desiderosi di ritrovare gli amici, lo staff e gli splendidi paesaggi di Verbier. <\/p>\n<\/section>\n<section>\n<h2>Avventura e attivit\u00e0 all&#8217;aperto nelle Alpi svizzere<\/h2>\n<p>Le attivit\u00e0 all&#8217;aria aperta sono il cuore dell&#8217;esperienza di Les Elfes e sfruttano appieno l&#8217;ambiente mozzafiato della Svizzera. Le splendide <strong>Alpi svizzere<\/strong> sono il parco giochi definitivo per i campeggiatori e offrono una vasta gamma di avventure che promuovono la forma fisica, il lavoro di squadra e la crescita personale. I punti salienti includono:  <\/p>\n<ul>\n<li><strong>Escursioni:<\/strong> Esplora i sentieri alpini e goditi le spettacolari viste sulle montagne.<\/li>\n<li><strong>Equitazione:<\/strong> Scopri la campagna svizzera a cavallo, un&#8217;esperienza che ti permetter\u00e0 di acquisire sicurezza e di apprezzare la natura.<\/li>\n<li><strong>Arrampicata su roccia e zip-lining:<\/strong> Sfide da brivido sotto la supervisione di professionisti.<\/li>\n<li><strong>Sport acquatici sul Lago di Ginevra:<\/strong> Attivit\u00e0 come kayak, paddleboard e nuoto in uno dei laghi pi\u00f9 belli d&#8217;Europa.<\/li>\n<\/ul>\n<p>Inoltre, Les Elfes offre ai partecipanti opportunit\u00e0 uniche di praticare lo <strong>sci<\/strong> e lo snowboard anche in estate, grazie a speciali escursioni su piste ad alta quota. Queste esperienze indimenticabili fanno di Les Elfes un leader nell&#8217;avventura all&#8217;aria aperta. <\/p>\n<\/section>\n<section>\n<h2>Corsi di lingua e arricchimento accademico<\/h2>\n<p>L&#8217;apprendimento delle lingue \u00e8 uno dei punti chiave di Les Elfes, che aiuta gli studenti a sviluppare competenze essenziali nel mondo globalizzato di oggi. I campeggiatori possono scegliere tra corsi di <strong>francese<\/strong> o <strong>inglese<\/strong>, tenuti da insegnanti esperti in classi piccole e interattive. Le lezioni sono personalizzate in base ai diversi livelli di competenza, in modo che ogni bambino possa progredire al proprio ritmo.  <\/p>\n<p>Al di l\u00e0 della classe, Les Elfes promuove l&#8217;immersione nella lingua attraverso interazioni quotidiane e attivit\u00e0 culturali. Questo approccio incoraggia l&#8217;uso pratico della lingua, consentendo ai campeggiatori di acquisire sicurezza e scioltezza e di creare legami con i loro coetanei provenienti da oltre 50 <strong>paesi<\/strong> diversi. <\/p>\n<p>Per chi \u00e8 alla ricerca di un ulteriore vantaggio accademico, Les Elfes offre anche sessioni di preparazione per <strong>scuole<\/strong> e <strong>collegi<\/strong> <strong>internazionali<\/strong>, combinando lo studio rigoroso con attivit\u00e0 ricreative per un&#8217;esperienza a tutto tondo.<\/p>\n<\/section>\n<section>\n<h2>Laboratori di arti creative e di spettacolo<\/h2>\n<p>Les Elfes comprende l&#8217;importanza della creativit\u00e0 nello sviluppo di un bambino. Per favorire l&#8217;espressione di s\u00e9, i campeggiatori possono partecipare a diversi laboratori artistici, tra cui: <\/p>\n<ul>\n<li><strong>Arti dello spettacolo:<\/strong> Impara a recitare, cantare o ballare in un ambiente di supporto e divertimento.<\/li>\n<li><strong>Arti visive:<\/strong> Sperimenta la pittura, la fotografia o la scultura per sviluppare le tue abilit\u00e0 artistiche.<\/li>\n<li><strong>Arti culinarie:<\/strong> Partecipa ai corsi di cucina che introducono le cucine svizzere e internazionali.<\/li>\n<\/ul>\n<p>Queste attivit\u00e0 permettono ai campeggiatori di esplorare le loro passioni, facendo amicizia e condividendo le loro creazioni con la comunit\u00e0 del campo.<\/p>\n<\/section>\n<section>\n<h2>Sport, lavoro di squadra e sviluppo della leadership<\/h2>\n<p>Lo sport gioca un ruolo fondamentale nel promuovere il lavoro di squadra e la leadership a Les Elfes. I campeggiatori si cimentano in una serie di sport e sfide di gruppo che mirano a promuovere la collaborazione, a creare fiducia e a sviluppare competenze essenziali per la vita. Le attivit\u00e0 includono:  <\/p>\n<ul>\n<li>Giochi tradizionali come calcio, pallavolo e tennis.<\/li>\n<li>Giochi ricreativi serali che rafforzano i legami e le amicizie.<\/li>\n<li>Sport d&#8217;avventura come la mountain bike e gli sport acquatici.<\/li>\n<\/ul>\n<p>Lo sviluppo della leadership \u00e8 integrato in molte attivit\u00e0, incoraggiando i campeggiatori a prendere l&#8217;iniziativa, a risolvere i problemi e a lavorare efficacemente come parte di una squadra. Queste abilit\u00e0 non solo li avvantaggiano durante la permanenza al campo, ma anche nella loro vita accademica e personale. <\/p>\n<\/section>\n<section>\n<h2>Esplorare la cultura e la storia della Svizzera attraverso attivit\u00e0 coinvolgenti<\/h2>\n<p>L&#8217;immersione culturale \u00e8 un tratto distintivo dell&#8217;esperienza di Les Elfes. I campeggiatori hanno la possibilit\u00e0 di scoprire il ricco patrimonio della Svizzera attraverso escursioni in luoghi simbolo come: <\/p>\n<ul>\n<li>I castelli di Gstaad e Crans Montana.<\/li>\n<li>I musei di Losanna e Montreux.<\/li>\n<li>La sede delle Nazioni Unite a Ginevra.<\/li>\n<\/ul>\n<p>I programmi serali sono spesso caratterizzati da eventi a tema che celebrano le tradizioni svizzere, tra cui il folklore, la musica e la cucina. Queste attivit\u00e0 rappresentano un modo divertente ed educativo per i campeggiatori di entrare in contatto con la cultura svizzera e di legare con i loro coetanei. <\/p>\n<\/section>\n<section>\n<h2>Perch\u00e9 scegliere il campo estivo Les Elfes International?<\/h2>\n<p>Les Elfes International si distingue come uno dei <strong>migliori campi estivi in Svizzera<\/strong>, offrendo una miscela accuratamente curata di avventura, istruzione e arricchimento culturale. Con sede a Verbier, il campo combina strutture di livello mondiale con un team di personale esperto, assicurando a ogni bambino un&#8217;esperienza indimenticabile. <\/p>\n<p>I programmi di Les Elfes sono pensati per soddisfare le esigenze di campeggiatori provenienti da contesti diversi, promuovendo la crescita personale e costruendo un senso di comunit\u00e0. Da giugno ad agosto, i partecipanti di et\u00e0 compresa tra i 6 e i 18 anni possono intraprendere un viaggio di scoperta, creando ricordi e amicizie che dureranno tutta la vita. <\/p>\n<p>Sei pronto a iniziare l&#8217;avventura? <a href=\"https:\/\/www.leselfes.com\/it\/campo-estivo\/iscriviti-al-campo-estivo\/\" target=\"_blank\" rel=\"noopener\">Contattaci oggi stesso<\/a> per assicurarti il posto di tuo figlio nel nostro rinomato programma di campi estivi.<\/p>\n<\/section>\n[\/vc_column_text][vc_row_inner equal_height=&#8221;yes&#8221; content_placement=&#8221;middle&#8221; column_margin=&#8221;100px&#8221; column_direction=&#8221;default&#8221; column_direction_tablet=&#8221;default&#8221; column_direction_phone=&#8221;default&#8221; text_align=&#8221;left&#8221; row_position=&#8221;default&#8221; row_position_tablet=&#8221;inherit&#8221; row_position_phone=&#8221;inherit&#8221; overflow=&#8221;visible&#8221; pointer_events=&#8221;all&#8221; class=&#8221;flexGoBottom&#8221;][vc_column_inner column_padding=&#8221;no-extra-padding&#8221; column_padding_tablet=&#8221;inherit&#8221; column_padding_phone=&#8221;inherit&#8221; column_padding_position=&#8221;all&#8221; column_element_direction_desktop=&#8221;default&#8221; column_element_spacing=&#8221;default&#8221; desktop_text_alignment=&#8221;default&#8221; tablet_text_alignment=&#8221;default&#8221; phone_text_alignment=&#8221;default&#8221; background_color_opacity=&#8221;1&#8243; background_hover_color_opacity=&#8221;1&#8243; column_backdrop_filter=&#8221;none&#8221; column_shadow=&#8221;none&#8221; column_border_radius=&#8221;none&#8221; column_link_target=&#8221;_self&#8221; overflow=&#8221;visible&#8221; gradient_direction=&#8221;left_to_right&#8221; overlay_strength=&#8221;0.3&#8243; width=&#8221;1\/4&#8243; tablet_width_inherit=&#8221;default&#8221; animation_type=&#8221;default&#8221; bg_image_animation=&#8221;none&#8221; border_type=&#8221;simple&#8221; column_border_width=&#8221;none&#8221; column_border_style=&#8221;solid&#8221; column_padding_type=&#8221;default&#8221; gradient_type=&#8221;default&#8221; offset=&#8221;vc_hidden-md vc_hidden-sm vc_hidden-xs&#8221;][\/vc_column_inner][vc_column_inner column_padding=&#8221;no-extra-padding&#8221; column_padding_tablet=&#8221;inherit&#8221; column_padding_phone=&#8221;inherit&#8221; column_padding_position=&#8221;all&#8221; column_element_direction_desktop=&#8221;default&#8221; column_element_spacing=&#8221;default&#8221; desktop_text_alignment=&#8221;default&#8221; tablet_text_alignment=&#8221;default&#8221; phone_text_alignment=&#8221;default&#8221; background_color=&#8221;#e2836a&#8221; background_color_opacity=&#8221;1&#8243; background_hover_color_opacity=&#8221;1&#8243; column_backdrop_filter=&#8221;none&#8221; font_color=&#8221;#ffffff&#8221; column_shadow=&#8221;none&#8221; column_border_radius=&#8221;custom&#8221; top_left_border_radius=&#8221;30&#8243; top_right_border_radius=&#8221;30&#8243; bottom_right_border_radius=&#8221;30&#8243; column_link_target=&#8221;_self&#8221; overflow=&#8221;visible&#8221; el_class=&#8221;rowCampHeader&#8221; gradient_direction=&#8221;left_to_right&#8221; overlay_strength=&#8221;0.3&#8243; width=&#8221;1\/4&#8243; tablet_width_inherit=&#8221;default&#8221; animation_type=&#8221;default&#8221; bg_image_animation=&#8221;none&#8221; border_type=&#8221;simple&#8221; column_border_width=&#8221;none&#8221; column_border_style=&#8221;solid&#8221; column_padding_type=&#8221;default&#8221; gradient_type=&#8221;default&#8221; offset=&#8221;vc_col-lg-3 vc_col-md-6 vc_col-xs-12&#8243; column_link=&#8221;\/summer-camp\/&#8221;][vc_column_text css=&#8221;&#8221; text_direction=&#8221;default&#8221;]<strong>Scopri<\/strong> i nostri campi estivi[\/vc_column_text][\/vc_column_inner][vc_column_inner column_padding=&#8221;no-extra-padding&#8221; column_padding_tablet=&#8221;inherit&#8221; column_padding_phone=&#8221;inherit&#8221; column_padding_position=&#8221;all&#8221; column_element_direction_desktop=&#8221;default&#8221; column_element_spacing=&#8221;default&#8221; desktop_text_alignment=&#8221;default&#8221; tablet_text_alignment=&#8221;default&#8221; phone_text_alignment=&#8221;default&#8221; background_color=&#8221;#e3c215&#8243; background_color_opacity=&#8221;1&#8243; background_hover_color_opacity=&#8221;1&#8243; column_backdrop_filter=&#8221;none&#8221; font_color=&#8221;#ffffff&#8221; column_shadow=&#8221;none&#8221; column_border_radius=&#8221;custom&#8221; top_left_border_radius=&#8221;30&#8243; top_right_border_radius=&#8221;30&#8243; bottom_right_border_radius=&#8221;30&#8243; column_link_target=&#8221;_self&#8221; overflow=&#8221;visible&#8221; el_class=&#8221;rowCampHeader&#8221; gradient_direction=&#8221;left_to_right&#8221; overlay_strength=&#8221;0.3&#8243; width=&#8221;1\/4&#8243; tablet_width_inherit=&#8221;default&#8221; animation_type=&#8221;default&#8221; bg_image_animation=&#8221;none&#8221; border_type=&#8221;simple&#8221; column_border_width=&#8221;none&#8221; column_border_style=&#8221;solid&#8221; column_padding_type=&#8221;default&#8221; gradient_type=&#8221;default&#8221; offset=&#8221;vc_col-lg-3 vc_col-md-6 vc_col-xs-12&#8243; column_link=&#8221;\/summer-camp\/check-availability\/&#8221;][vc_column_text text_direction=&#8221;default&#8221;]<strong>Verifica la<\/strong> disponibilit\u00e0[\/vc_column_text][\/vc_column_inner][vc_column_inner column_padding=&#8221;no-extra-padding&#8221; column_padding_tablet=&#8221;inherit&#8221; column_padding_phone=&#8221;inherit&#8221; column_padding_position=&#8221;all&#8221; column_element_direction_desktop=&#8221;default&#8221; column_element_spacing=&#8221;default&#8221; desktop_text_alignment=&#8221;default&#8221; tablet_text_alignment=&#8221;default&#8221; phone_text_alignment=&#8221;default&#8221; background_color_opacity=&#8221;1&#8243; background_hover_color_opacity=&#8221;1&#8243; column_backdrop_filter=&#8221;none&#8221; column_shadow=&#8221;none&#8221; column_border_radius=&#8221;none&#8221; column_link_target=&#8221;_self&#8221; overflow=&#8221;visible&#8221; gradient_direction=&#8221;left_to_right&#8221; overlay_strength=&#8221;0.3&#8243; width=&#8221;1\/4&#8243; tablet_width_inherit=&#8221;default&#8221; animation_type=&#8221;default&#8221; bg_image_animation=&#8221;none&#8221; border_type=&#8221;simple&#8221; column_border_width=&#8221;none&#8221; column_border_style=&#8221;solid&#8221; column_padding_type=&#8221;default&#8221; gradient_type=&#8221;default&#8221; offset=&#8221;vc_hidden-md vc_hidden-sm vc_hidden-xs&#8221;][\/vc_column_inner][\/vc_row_inner][\/vc_column][\/vc_row]\n","protected":false},"excerpt":{"rendered":"<p>[vc_row type=&#8221;in_container&#8221; full_screen_row_position=&#8221;middle&#8221; column_margin=&#8221;default&#8221; column_direction=&#8221;default&#8221; column_direction_tablet=&#8221;default&#8221; column_direction_phone=&#8221;default&#8221; scene_position=&#8221;center&#8221; text_color=&#8221;dark&#8221; text_align=&#8221;left&#8221; row_border_radius=&#8221;none&#8221; row_border_radius_applies=&#8221;bg&#8221; overflow=&#8221;visible&#8221; overlay_strength=&#8221;0.3&#8243; gradient_direction=&#8221;left_to_right&#8221; shape_divider_position=&#8221;bottom&#8221; bg_image_animation=&#8221;none&#8221;][vc_column column_padding=&#8221;no-extra-padding&#8221; column_padding_tablet=&#8221;inherit&#8221; column_padding_phone=&#8221;inherit&#8221; column_padding_position=&#8221;all&#8221; column_element_direction_desktop=&#8221;default&#8221; column_element_spacing=&#8221;default&#8221; desktop_text_alignment=&#8221;default&#8221; tablet_text_alignment=&#8221;default&#8221; phone_text_alignment=&#8221;default&#8221; background_color_opacity=&#8221;1&#8243; background_hover_color_opacity=&#8221;1&#8243; column_backdrop_filter=&#8221;none&#8221; column_shadow=&#8221;none&#8221;&#8230;<\/p>\n","protected":false},"author":16,"featured_media":96139,"comment_status":"open","ping_status":"open","sticky":false,"template":"","format":"standard","meta":{"_acf_changed":false,"inline_featured_image":false,"footnotes":""},"categories":[1371],"tags":[],"class_list":{"0":"post-96208","1":"post","2":"type-post","3":"status-publish","4":"format-standard","5":"has-post-thumbnail","7":"category-campo-estivo"},"acf":[],"yoast_head":"<!-- This site is optimized with the Yoast SEO Premium plugin v24.2 (Yoast SEO v24.7) - https:\/\/yoast.com\/wordpress\/plugins\/seo\/ -->\n<title>Quali sono le attivit\u00e0 offerte dal campo estivo? - Les Elfes International Camps Switzerland<\/title>\n<meta name=\"description\" content=\"Scopri i vantaggi e le migliori destinazioni per i campi estivi per bambini in Europa. Scopri come preparare tuo figlio per un&#039;avventura indimenticabile.\" \/>\n<meta name=\"robots\" content=\"index, follow, max-snippet:-1, max-image-preview:large, max-video-preview:-1\" \/>\n<link rel=\"canonical\" href=\"https:\/\/www.leselfes.com\/it\/quali-sono-le-attivita-offerte-dai-campi-estivi\/\" \/>\n<meta property=\"og:locale\" content=\"it_IT\" \/>\n<meta property=\"og:type\" content=\"article\" \/>\n<meta property=\"og:title\" content=\"Quali sono le attivit\u00e0 offerte dal campo estivo?\" \/>\n<meta property=\"og:description\" content=\"Scopri i vantaggi e le migliori destinazioni per i campi estivi per bambini in Europa. Scopri come preparare tuo figlio per un&#039;avventura indimenticabile.\" \/>\n<meta property=\"og:url\" content=\"https:\/\/www.leselfes.com\/it\/quali-sono-le-attivita-offerte-dai-campi-estivi\/\" \/>\n<meta property=\"og:site_name\" content=\"Les Elfes International Camps Switzerland\" \/>\n<meta property=\"article:publisher\" content=\"https:\/\/www.facebook.com\/LesElfesVerbier\" \/>\n<meta property=\"article:published_time\" content=\"2025-01-07T08:17:41+00:00\" \/>\n<meta property=\"article:modified_time\" content=\"2025-02-18T09:58:59+00:00\" \/>\n<meta property=\"og:image\" content=\"https:\/\/www.leselfes.com\/wp-content\/uploads\/2025\/01\/Les-Elfes-Summer-camp-Sliding-1.jpg\" \/>\n\t<meta property=\"og:image:width\" content=\"1824\" \/>\n\t<meta property=\"og:image:height\" content=\"1368\" \/>\n\t<meta property=\"og:image:type\" content=\"image\/jpeg\" \/>\n<meta name=\"author\" content=\"Matthieu Perard\" \/>\n<meta name=\"twitter:card\" content=\"summary_large_image\" \/>\n<meta name=\"twitter:creator\" content=\"@LesElfesCamps\" \/>\n<meta name=\"twitter:site\" content=\"@LesElfesCamps\" \/>\n<meta name=\"twitter:label1\" content=\"Scritto da\" \/>\n\t<meta name=\"twitter:data1\" content=\"Matthieu Perard\" \/>\n\t<meta name=\"twitter:label2\" content=\"Tempo di lettura stimato\" \/>\n\t<meta name=\"twitter:data2\" content=\"8 minuti\" \/>\n<script type=\"application\/ld+json\" class=\"yoast-schema-graph\">{\"@context\":\"https:\/\/schema.org\",\"@graph\":[{\"@type\":\"Article\",\"@id\":\"https:\/\/www.leselfes.com\/it\/quali-sono-le-attivita-offerte-dai-campi-estivi\/#article\",\"isPartOf\":{\"@id\":\"https:\/\/www.leselfes.com\/it\/quali-sono-le-attivita-offerte-dai-campi-estivi\/\"},\"author\":{\"name\":\"Matthieu Perard\",\"@id\":\"https:\/\/dev.leselfes.com\/#\/schema\/person\/7ac5f99a7f3c597105fe663a00bdf6d6\"},\"headline\":\"Quali sono le attivit\u00e0 offerte dal campo estivo?\",\"datePublished\":\"2025-01-07T08:17:41+00:00\",\"dateModified\":\"2025-02-18T09:58:59+00:00\",\"mainEntityOfPage\":{\"@id\":\"https:\/\/www.leselfes.com\/it\/quali-sono-le-attivita-offerte-dai-campi-estivi\/\"},\"wordCount\":1725,\"commentCount\":0,\"publisher\":{\"@id\":\"https:\/\/dev.leselfes.com\/#organization\"},\"image\":{\"@id\":\"https:\/\/www.leselfes.com\/it\/quali-sono-le-attivita-offerte-dai-campi-estivi\/#primaryimage\"},\"thumbnailUrl\":\"https:\/\/www.leselfes.com\/wp-content\/uploads\/2025\/01\/Les-Elfes-Summer-camp-Sliding-1.jpg\",\"articleSection\":[\"Campo estivo\"],\"inLanguage\":\"it-IT\",\"potentialAction\":[{\"@type\":\"CommentAction\",\"name\":\"Comment\",\"target\":[\"https:\/\/www.leselfes.com\/it\/quali-sono-le-attivita-offerte-dai-campi-estivi\/#respond\"]}]},{\"@type\":\"WebPage\",\"@id\":\"https:\/\/www.leselfes.com\/it\/quali-sono-le-attivita-offerte-dai-campi-estivi\/\",\"url\":\"https:\/\/www.leselfes.com\/it\/quali-sono-le-attivita-offerte-dai-campi-estivi\/\",\"name\":\"Quali sono le attivit\u00e0 offerte dal campo estivo? - Les Elfes International Camps Switzerland\",\"isPartOf\":{\"@id\":\"https:\/\/dev.leselfes.com\/#website\"},\"primaryImageOfPage\":{\"@id\":\"https:\/\/www.leselfes.com\/it\/quali-sono-le-attivita-offerte-dai-campi-estivi\/#primaryimage\"},\"image\":{\"@id\":\"https:\/\/www.leselfes.com\/it\/quali-sono-le-attivita-offerte-dai-campi-estivi\/#primaryimage\"},\"thumbnailUrl\":\"https:\/\/www.leselfes.com\/wp-content\/uploads\/2025\/01\/Les-Elfes-Summer-camp-Sliding-1.jpg\",\"datePublished\":\"2025-01-07T08:17:41+00:00\",\"dateModified\":\"2025-02-18T09:58:59+00:00\",\"description\":\"Scopri i vantaggi e le migliori destinazioni per i campi estivi per bambini in Europa. Scopri come preparare tuo figlio per un'avventura indimenticabile.\",\"breadcrumb\":{\"@id\":\"https:\/\/www.leselfes.com\/it\/quali-sono-le-attivita-offerte-dai-campi-estivi\/#breadcrumb\"},\"inLanguage\":\"it-IT\",\"potentialAction\":[{\"@type\":\"ReadAction\",\"target\":[\"https:\/\/www.leselfes.com\/it\/quali-sono-le-attivita-offerte-dai-campi-estivi\/\"]}]},{\"@type\":\"ImageObject\",\"inLanguage\":\"it-IT\",\"@id\":\"https:\/\/www.leselfes.com\/it\/quali-sono-le-attivita-offerte-dai-campi-estivi\/#primaryimage\",\"url\":\"https:\/\/www.leselfes.com\/wp-content\/uploads\/2025\/01\/Les-Elfes-Summer-camp-Sliding-1.jpg\",\"contentUrl\":\"https:\/\/www.leselfes.com\/wp-content\/uploads\/2025\/01\/Les-Elfes-Summer-camp-Sliding-1.jpg\",\"width\":1824,\"height\":1368},{\"@type\":\"BreadcrumbList\",\"@id\":\"https:\/\/www.leselfes.com\/it\/quali-sono-le-attivita-offerte-dai-campi-estivi\/#breadcrumb\",\"itemListElement\":[{\"@type\":\"ListItem\",\"position\":1,\"name\":\"Home\",\"item\":\"https:\/\/www.leselfes.com\/it\/\"},{\"@type\":\"ListItem\",\"position\":2,\"name\":\"Quali sono le attivit\u00e0 offerte dal campo estivo?\"}]},{\"@type\":\"WebSite\",\"@id\":\"https:\/\/dev.leselfes.com\/#website\",\"url\":\"https:\/\/dev.leselfes.com\/\",\"name\":\"Les Elfes International\",\"description\":\"Les Elfes International, Verbier Switzerland. Summer Camp, Winter Camp, Spring Camps.\",\"publisher\":{\"@id\":\"https:\/\/dev.leselfes.com\/#organization\"},\"alternateName\":\"Les Elfes International\",\"potentialAction\":[{\"@type\":\"SearchAction\",\"target\":{\"@type\":\"EntryPoint\",\"urlTemplate\":\"https:\/\/dev.leselfes.com\/?s={search_term_string}\"},\"query-input\":{\"@type\":\"PropertyValueSpecification\",\"valueRequired\":true,\"valueName\":\"search_term_string\"}}],\"inLanguage\":\"it-IT\"},{\"@type\":\"Organization\",\"@id\":\"https:\/\/dev.leselfes.com\/#organization\",\"name\":\"Les Elfes International\",\"alternateName\":\"Les Elfes International\",\"url\":\"https:\/\/dev.leselfes.com\/\",\"logo\":{\"@type\":\"ImageObject\",\"inLanguage\":\"it-IT\",\"@id\":\"https:\/\/dev.leselfes.com\/#\/schema\/logo\/image\/\",\"url\":\"https:\/\/www.leselfes.com\/wp-content\/uploads\/2022\/03\/leselfes-logo.png\",\"contentUrl\":\"https:\/\/www.leselfes.com\/wp-content\/uploads\/2022\/03\/leselfes-logo.png\",\"width\":233,\"height\":51,\"caption\":\"Les Elfes International\"},\"image\":{\"@id\":\"https:\/\/dev.leselfes.com\/#\/schema\/logo\/image\/\"},\"sameAs\":[\"https:\/\/www.facebook.com\/LesElfesVerbier\",\"https:\/\/x.com\/LesElfesCamps\",\"https:\/\/www.instagram.com\/leselfes\",\"https:\/\/www.linkedin.com\/company\/les-elfes-international\",\"https:\/\/www.youtube.com\/user\/LesElfesVerbier\"]},{\"@type\":\"Person\",\"@id\":\"https:\/\/dev.leselfes.com\/#\/schema\/person\/7ac5f99a7f3c597105fe663a00bdf6d6\",\"name\":\"Matthieu Perard\",\"image\":{\"@type\":\"ImageObject\",\"inLanguage\":\"it-IT\",\"@id\":\"https:\/\/dev.leselfes.com\/#\/schema\/person\/image\/\",\"url\":\"https:\/\/secure.gravatar.com\/avatar\/e368f5bd153d15a1ff42a4c64a46d1ef?s=96&d=mm&r=g\",\"contentUrl\":\"https:\/\/secure.gravatar.com\/avatar\/e368f5bd153d15a1ff42a4c64a46d1ef?s=96&d=mm&r=g\",\"caption\":\"Matthieu Perard\"},\"url\":\"https:\/\/www.leselfes.com\/it\/author\/m-pierardnotostudio-ch\/\"}]}<\/script>\n<!-- \/ Yoast SEO Premium plugin. -->","yoast_head_json":{"title":"Quali sono le attivit\u00e0 offerte dal campo estivo? - Les Elfes International Camps Switzerland","description":"Scopri i vantaggi e le migliori destinazioni per i campi estivi per bambini in Europa. Scopri come preparare tuo figlio per un'avventura indimenticabile.","robots":{"index":"index","follow":"follow","max-snippet":"max-snippet:-1","max-image-preview":"max-image-preview:large","max-video-preview":"max-video-preview:-1"},"canonical":"https:\/\/www.leselfes.com\/it\/quali-sono-le-attivita-offerte-dai-campi-estivi\/","og_locale":"it_IT","og_type":"article","og_title":"Quali sono le attivit\u00e0 offerte dal campo estivo?","og_description":"Scopri i vantaggi e le migliori destinazioni per i campi estivi per bambini in Europa. Scopri come preparare tuo figlio per un'avventura indimenticabile.","og_url":"https:\/\/www.leselfes.com\/it\/quali-sono-le-attivita-offerte-dai-campi-estivi\/","og_site_name":"Les Elfes International Camps Switzerland","article_publisher":"https:\/\/www.facebook.com\/LesElfesVerbier","article_published_time":"2025-01-07T08:17:41+00:00","article_modified_time":"2025-02-18T09:58:59+00:00","og_image":[{"width":1824,"height":1368,"url":"https:\/\/www.leselfes.com\/wp-content\/uploads\/2025\/01\/Les-Elfes-Summer-camp-Sliding-1.jpg","type":"image\/jpeg"}],"author":"Matthieu Perard","twitter_card":"summary_large_image","twitter_creator":"@LesElfesCamps","twitter_site":"@LesElfesCamps","twitter_misc":{"Scritto da":"Matthieu Perard","Tempo di lettura stimato":"8 minuti"},"schema":{"@context":"https:\/\/schema.org","@graph":[{"@type":"Article","@id":"https:\/\/www.leselfes.com\/it\/quali-sono-le-attivita-offerte-dai-campi-estivi\/#article","isPartOf":{"@id":"https:\/\/www.leselfes.com\/it\/quali-sono-le-attivita-offerte-dai-campi-estivi\/"},"author":{"name":"Matthieu Perard","@id":"https:\/\/dev.leselfes.com\/#\/schema\/person\/7ac5f99a7f3c597105fe663a00bdf6d6"},"headline":"Quali sono le attivit\u00e0 offerte dal campo estivo?","datePublished":"2025-01-07T08:17:41+00:00","dateModified":"2025-02-18T09:58:59+00:00","mainEntityOfPage":{"@id":"https:\/\/www.leselfes.com\/it\/quali-sono-le-attivita-offerte-dai-campi-estivi\/"},"wordCount":1725,"commentCount":0,"publisher":{"@id":"https:\/\/dev.leselfes.com\/#organization"},"image":{"@id":"https:\/\/www.leselfes.com\/it\/quali-sono-le-attivita-offerte-dai-campi-estivi\/#primaryimage"},"thumbnailUrl":"https:\/\/www.leselfes.com\/wp-content\/uploads\/2025\/01\/Les-Elfes-Summer-camp-Sliding-1.jpg","articleSection":["Campo estivo"],"inLanguage":"it-IT","potentialAction":[{"@type":"CommentAction","name":"Comment","target":["https:\/\/www.leselfes.com\/it\/quali-sono-le-attivita-offerte-dai-campi-estivi\/#respond"]}]},{"@type":"WebPage","@id":"https:\/\/www.leselfes.com\/it\/quali-sono-le-attivita-offerte-dai-campi-estivi\/","url":"https:\/\/www.leselfes.com\/it\/quali-sono-le-attivita-offerte-dai-campi-estivi\/","name":"Quali sono le attivit\u00e0 offerte dal campo estivo? - Les Elfes International Camps Switzerland","isPartOf":{"@id":"https:\/\/dev.leselfes.com\/#website"},"primaryImageOfPage":{"@id":"https:\/\/www.leselfes.com\/it\/quali-sono-le-attivita-offerte-dai-campi-estivi\/#primaryimage"},"image":{"@id":"https:\/\/www.leselfes.com\/it\/quali-sono-le-attivita-offerte-dai-campi-estivi\/#primaryimage"},"thumbnailUrl":"https:\/\/www.leselfes.com\/wp-content\/uploads\/2025\/01\/Les-Elfes-Summer-camp-Sliding-1.jpg","datePublished":"2025-01-07T08:17:41+00:00","dateModified":"2025-02-18T09:58:59+00:00","description":"Scopri i vantaggi e le migliori destinazioni per i campi estivi per bambini in Europa. Scopri come preparare tuo figlio per un'avventura indimenticabile.","breadcrumb":{"@id":"https:\/\/www.leselfes.com\/it\/quali-sono-le-attivita-offerte-dai-campi-estivi\/#breadcrumb"},"inLanguage":"it-IT","potentialAction":[{"@type":"ReadAction","target":["https:\/\/www.leselfes.com\/it\/quali-sono-le-attivita-offerte-dai-campi-estivi\/"]}]},{"@type":"ImageObject","inLanguage":"it-IT","@id":"https:\/\/www.leselfes.com\/it\/quali-sono-le-attivita-offerte-dai-campi-estivi\/#primaryimage","url":"https:\/\/www.leselfes.com\/wp-content\/uploads\/2025\/01\/Les-Elfes-Summer-camp-Sliding-1.jpg","contentUrl":"https:\/\/www.leselfes.com\/wp-content\/uploads\/2025\/01\/Les-Elfes-Summer-camp-Sliding-1.jpg","width":1824,"height":1368},{"@type":"BreadcrumbList","@id":"https:\/\/www.leselfes.com\/it\/quali-sono-le-attivita-offerte-dai-campi-estivi\/#breadcrumb","itemListElement":[{"@type":"ListItem","position":1,"name":"Home","item":"https:\/\/www.leselfes.com\/it\/"},{"@type":"ListItem","position":2,"name":"Quali sono le attivit\u00e0 offerte dal campo estivo?"}]},{"@type":"WebSite","@id":"https:\/\/dev.leselfes.com\/#website","url":"https:\/\/dev.leselfes.com\/","name":"Les Elfes International","description":"Les Elfes International, Verbier Switzerland. Summer Camp, Winter Camp, Spring Camps.","publisher":{"@id":"https:\/\/dev.leselfes.com\/#organization"},"alternateName":"Les Elfes International","potentialAction":[{"@type":"SearchAction","target":{"@type":"EntryPoint","urlTemplate":"https:\/\/dev.leselfes.com\/?s={search_term_string}"},"query-input":{"@type":"PropertyValueSpecification","valueRequired":true,"valueName":"search_term_string"}}],"inLanguage":"it-IT"},{"@type":"Organization","@id":"https:\/\/dev.leselfes.com\/#organization","name":"Les Elfes International","alternateName":"Les Elfes International","url":"https:\/\/dev.leselfes.com\/","logo":{"@type":"ImageObject","inLanguage":"it-IT","@id":"https:\/\/dev.leselfes.com\/#\/schema\/logo\/image\/","url":"https:\/\/www.leselfes.com\/wp-content\/uploads\/2022\/03\/leselfes-logo.png","contentUrl":"https:\/\/www.leselfes.com\/wp-content\/uploads\/2022\/03\/leselfes-logo.png","width":233,"height":51,"caption":"Les Elfes International"},"image":{"@id":"https:\/\/dev.leselfes.com\/#\/schema\/logo\/image\/"},"sameAs":["https:\/\/www.facebook.com\/LesElfesVerbier","https:\/\/x.com\/LesElfesCamps","https:\/\/www.instagram.com\/leselfes","https:\/\/www.linkedin.com\/company\/les-elfes-international","https:\/\/www.youtube.com\/user\/LesElfesVerbier"]},{"@type":"Person","@id":"https:\/\/dev.leselfes.com\/#\/schema\/person\/7ac5f99a7f3c597105fe663a00bdf6d6","name":"Matthieu Perard","image":{"@type":"ImageObject","inLanguage":"it-IT","@id":"https:\/\/dev.leselfes.com\/#\/schema\/person\/image\/","url":"https:\/\/secure.gravatar.com\/avatar\/e368f5bd153d15a1ff42a4c64a46d1ef?s=96&d=mm&r=g","contentUrl":"https:\/\/secure.gravatar.com\/avatar\/e368f5bd153d15a1ff42a4c64a46d1ef?s=96&d=mm&r=g","caption":"Matthieu Perard"},"url":"https:\/\/www.leselfes.com\/it\/author\/m-pierardnotostudio-ch\/"}]}},"_links":{"self":[{"href":"https:\/\/www.leselfes.com\/it\/wp-json\/wp\/v2\/posts\/96208"}],"collection":[{"href":"https:\/\/www.leselfes.com\/it\/wp-json\/wp\/v2\/posts"}],"about":[{"href":"https:\/\/www.leselfes.com\/it\/wp-json\/wp\/v2\/types\/post"}],"author":[{"embeddable":true,"href":"https:\/\/www.leselfes.com\/it\/wp-json\/wp\/v2\/users\/16"}],"replies":[{"embeddable":true,"href":"https:\/\/www.leselfes.com\/it\/wp-json\/wp\/v2\/comments?post=96208"}],"version-history":[{"count":7,"href":"https:\/\/www.leselfes.com\/it\/wp-json\/wp\/v2\/posts\/96208\/revisions"}],"predecessor-version":[{"id":109400,"href":"https:\/\/www.leselfes.com\/it\/wp-json\/wp\/v2\/posts\/96208\/revisions\/109400"}],"wp:featuredmedia":[{"embeddable":true,"href":"https:\/\/www.leselfes.com\/it\/wp-json\/wp\/v2\/media\/96139"}],"wp:attachment":[{"href":"https:\/\/www.leselfes.com\/it\/wp-json\/wp\/v2\/media?parent=96208"}],"wp:term":[{"taxonomy":"category","embeddable":true,"href":"https:\/\/www.leselfes.com\/it\/wp-json\/wp\/v2\/categories?post=96208"},{"taxonomy":"post_tag","embeddable":true,"href":"https:\/\/www.leselfes.com\/it\/wp-json\/wp\/v2\/tags?post=96208"}],"curies":[{"name":"wp","href":"https:\/\/api.w.org\/{rel}","templated":true}]}}