{"id":96245,"date":"2025-01-07T09:19:20","date_gmt":"2025-01-07T08:19:20","guid":{"rendered":"https:\/\/www.leselfes.com\/come-i-campi-invernali-svizzeri-favoriscono-la-crescita-personale-e-le-competenze-per-tutta-la-vita\/"},"modified":"2025-02-18T11:01:38","modified_gmt":"2025-02-18T10:01:38","slug":"come-i-campi-invernali-svizzeri-favoriscono-la-crescita-personale-e-le-competenze-per-tutta-la-vita","status":"publish","type":"post","link":"https:\/\/www.leselfes.com\/it\/come-i-campi-invernali-svizzeri-favoriscono-la-crescita-personale-e-le-competenze-per-tutta-la-vita\/","title":{"rendered":"In che modo i campi invernali svizzeri favoriscono la crescita personale e le competenze per tutta la vita"},"content":{"rendered":"<p>I campi invernali svizzeri, situati nel cuore delle Alpi mozzafiato, non offrono solo sci e snowboard. Offrono un programma completo che combina avventura all&#8217;aria aperta, scambio culturale e sviluppo personale. I campeggiatori dai 5 ai 16 anni vivono la magia della Svizzera, con destinazioni rinomate come Verbier, Gstaad e Surval che fungono da sfondo perfetto per la crescita e la scoperta. Con attivit\u00e0 che vanno dalle lezioni di sci all&#8217;artigianato, questi campi assicurano un&#8217;esperienza equilibrata e memorabile.   <\/p>\n<h2>Costruire l&#8217;indipendenza in un ambiente di supporto<\/h2>\n<p>Uno degli aspetti pi\u00f9 significativi della partecipazione a un campo invernale in Svizzera \u00e8 l&#8217;opportunit\u00e0 per i bambini di sviluppare l&#8217;indipendenza. Per molti \u00e8 la prima volta che si allontanano da casa e alloggiano in splendide strutture progettate per favorire l&#8217;autosufficienza. La routine quotidiana strutturata, dalla gestione dell&#8217;attrezzatura da sci alla partecipazione agli eventi apr\u00e8s ski, insegna ai campeggiatori l&#8217;importanza dell&#8217;organizzazione e della responsabilit\u00e0 personale.  <\/p>\n<p>I programmi di Les Elfes International sono studiati appositamente per promuovere la crescita e garantire la sicurezza. Grazie a consulenti esperti e a uno staff attento, gli studenti si sentono al sicuro mentre affrontano nuove sfide. Le strutture includono dormitori spaziosi, aree pranzo comuni e l&#8217;accesso alle pi\u00f9 moderne attrezzature per gli sport sulla neve. Le pittoresche localit\u00e0 di Verbier e Davos contribuiscono a creare un&#8217;atmosfera di eccitazione e avventura.   <\/p>\n<h2>Migliorare la comunicazione e le abilit\u00e0 sociali<\/h2>\n<p>Il campo invernale svizzero attira bambini e ragazzi da tutto il mondo, creando un ambiente vibrante e multiculturale. Questo ambiente unico favorisce la comunicazione interculturale e amplia la visione del mondo degli studenti. Le competenze linguistiche migliorano naturalmente, poich\u00e9 molti campi offrono lezioni interattive di inglese, francese o tedesco. Questi programmi linguistici enfatizzano l&#8217;uso pratico, rendendo l&#8217;apprendimento piacevole e rilevante.   <\/p>\n<p>Vivere e giocare insieme a coetanei provenienti da contesti diversi aiuta i campeggiatori a comprendere e apprezzare la diversit\u00e0. Le esperienze condivise, come sciare sulle piste di Gstaad o divertirsi con arti e mestieri la sera, creano legami profondi e significativi. Le attivit\u00e0 di gruppo, come i giochi di squadra, le serate musicali e le escursioni all&#8217;aperto, incoraggiano la cooperazione e migliorano le abilit\u00e0 sociali.  <\/p>\n<h2>Sviluppare la leadership e il lavoro di squadra<\/h2>\n<p>La leadership \u00e8 un aspetto fondamentale in molti campi invernali svizzeri. I programmi sono adattati a diversi livelli di et\u00e0, con attivit\u00e0 di leadership speciali per i campeggiatori pi\u00f9 grandi. Che si tratti di guidare un gruppo in un&#8217;escursione in montagna o di coordinare una serata culturale, gli studenti imparano il valore del lavoro di squadra, della comunicazione efficace e della risoluzione dei problemi. Les Elfes International pone l&#8217;accento sulla formazione alla leadership, garantendo ai campeggiatori lo sviluppo di qualit\u00e0 che li accompagneranno per tutta la vita.   <\/p>\n<p>I programmi di leadership spesso includono elementi di gestione di progetti e collaborazione di gruppo. Ad esempio, gli studenti possono lavorare insieme per pianificare una gita sugli sci o partecipare a un&#8217;escursione con le racchette da neve. Queste esperienze li spingono a prendere l&#8217;iniziativa e ad acquisire fiducia in se stessi. Queste opportunit\u00e0 varie ed entusiasmanti fanno s\u00ec che ogni giorno del campo sia pieno di apprendimento e di crescita personale.   <\/p>\n<h2>Accogliere le sfide e costruire la resilienza<\/h2>\n<p>Lo sci e lo snowboard sono esaltanti ma possono anche intimorire, soprattutto i principianti. I campi da sci svizzeri offrono lezioni professionali di sci e snowboard per aiutare i campeggiatori a progredire con sicurezza. Gli istruttori utilizzano un approccio graduale, insegnando le tecniche essenziali e dando priorit\u00e0 alla sicurezza. Dalle lezioni di sci giornaliere sulle piste per principianti alle sessioni avanzate per sciatori esperti, ce n&#8217;\u00e8 per tutti i gusti.   <\/p>\n<p>Superare queste sfide sulle piste costruisce la resilienza e una forte etica del lavoro. I campeggiatori imparano a fissare degli obiettivi, a gestire le battute d&#8217;arresto e a festeggiare i loro successi. Il senso di realizzazione che provano dopo aver superato una pista difficile a Verbier o Surval \u00e8 impareggiabile. Questa mentalit\u00e0 va oltre lo sport: diventa una preziosa abilit\u00e0 di vita che aiuta gli studenti ad affrontare gli ostacoli futuri con fiducia. Anche i momenti pi\u00f9 semplici, come imparare a regolare gli attacchi dello snowboard o orientarsi nell&#8217;apr\u00e8s ski, contribuiscono alla loro crescita.    <\/p>\n<h2>Apprendimento di abilit\u00e0 pratiche e organizzative<\/h2>\n<p>Le abilit\u00e0 pratiche sono una parte essenziale dell&#8217;esperienza del campo invernale. Gestire gli effetti personali, fare le valigie per le gite giornaliere sugli sci e tenere in ordine lo spazio abitativo sono responsabilit\u00e0 che insegnano ai campisti l&#8217;autodisciplina. I campi, situati in splendide localit\u00e0 come Pr\u00e9fleuri, si assicurano che queste lezioni siano integrate nella routine quotidiana in modo divertente e coinvolgente.  <\/p>\n<p>I campeggiatori imparano anche a gestire il tempo, bilanciando le attivit\u00e0 all&#8217;aperto, le lezioni di lingua e gli eventi serali. Il personale di cucina del campo prepara pasti nutrienti e i campeggiatori vengono coinvolti nell&#8217;apprendimento di un&#8217;alimentazione sana e di scelte responsabili. Questo approccio olistico fa s\u00ec che i campeggiatori lascino il campo con un bagaglio di competenze completo e utile nella vita di tutti i giorni. Inoltre, il lavoro di squadra in alloggi condivisi favorisce il rispetto reciproco e la collaborazione.   <\/p>\n<h2>Creare ricordi e amicizie per tutta la vita<\/h2>\n<p>Le esperienze vissute in un campo invernale svizzero sono indimenticabili. Dallo sci sulle piste avanzate di Gstaad alla partecipazione a laboratori artistici nella splendida regione di Montreux, ogni momento \u00e8 speciale. L&#8217;atmosfera del campo \u00e8 piena di risate, scoperte e senso dell&#8217;avventura. Le serate vengono trascorse condividendo storie davanti al fuoco, giocando e godendo di festeggiamenti apr\u00e8s ski.   <\/p>\n<p>Le amicizie che si formano in campeggio spesso durano tutta la vita. Incontrare persone provenienti da tutto il mondo in un ambiente spettacolare come le Alpi crea legami che vanno oltre i confini. I bambini imparano ad apprezzare culture e prospettive diverse, rendendo la loro esperienza di campo ricca e significativa. I genitori notano spesso i cambiamenti positivi dei loro figli, dal miglioramento delle competenze linguistiche alla maggiore indipendenza e fiducia in se stessi.   <\/p>\n<h2>Esplorare la bellezza della Svizzera<\/h2>\n<p>I campi invernali svizzeri offrono ai campeggiatori la possibilit\u00e0 di vivere veramente la Svizzera. Dai maestosi panorami delle Alpi alle visite alle attrazioni locali, ogni settimana offre opportunit\u00e0 di esplorazione. Le gite nelle citt\u00e0 vicine, come Montreux o la storica stazione ferroviaria di Davos, danno agli studenti un assaggio della cultura svizzera. Le stesse localit\u00e0 montane sono destinazioni note per i loro paesaggi mozzafiato e le vivaci comunit\u00e0 sciistiche.   <\/p>\n<p>Ogni campo garantisce agli studenti un&#8217;esperienza di vacanza a tutto tondo. Le attivit\u00e0 includono pattinaggio sul ghiaccio, slittate e persino visite alle cucine locali per conoscere la cucina svizzera. La stagione invernale porta con s\u00e9 un&#8217;atmosfera magica e il senso di meraviglia nell&#8217;esplorare queste destinazioni \u00e8 impareggiabile. Grazie all&#8217;accesso a un&#8217;ampia gamma di attivit\u00e0 all&#8217;aperto, gli studenti possono scoprire la gioia degli sport sulla neve in un ambiente sicuro e solidale. L&#8217;esperienza di guardare il tramonto sulle montagne innevate o di ascoltare le storie locali aggiunge un tocco di magia alla loro avventura.    <\/p>\n<h2>Come iscriversi a un campo invernale svizzero<\/h2>\n<p>Se vuoi dare a tuo figlio l&#8217;opportunit\u00e0 di crescere, imparare ed esplorare in uno degli scenari invernali pi\u00f9 belli del mondo, iscriversi a un campo invernale svizzero \u00e8 la scelta perfetta. I programmi sono disponibili per diverse et\u00e0 e livelli di abilit\u00e0, garantendo un&#8217;esperienza su misura per ogni campeggiatore. Con opzioni sia per principianti che per sciatori esperti, ogni bambino pu\u00f2 trarre il massimo dal suo soggiorno sulle Alpi.  <\/p>\n<p>Iscriversi \u00e8 facile, ma i posti si riempiono rapidamente, soprattutto durante l&#8217;alta stagione delle vacanze a febbraio e marzo. Non perdere questa opportunit\u00e0 unica nella vita per creare ricordi indimenticabili e sviluppare competenze essenziali per la vita. Clicca sul link qui sotto per iniziare l&#8217;avventura di tuo figlio:  <\/p>\n<p><a href=\"https:\/\/www.leselfes.com\/winter-camp\/enrol\/\" target=\"_blank\" rel=\"noopener\"><strong>Iscriviti oggi stesso a un campo invernale<\/strong><\/a><\/p>\n<p>&nbsp;<\/p>\n","protected":false},"excerpt":{"rendered":"<p>I campi invernali svizzeri, situati nel cuore delle Alpi mozzafiato, non offrono solo sci e snowboard. Offrono un programma completo che combina avventura all&#8217;aria aperta, scambio culturale e sviluppo personale&#8230;.<\/p>\n","protected":false},"author":16,"featured_media":96207,"comment_status":"open","ping_status":"open","sticky":false,"template":"","format":"standard","meta":{"_acf_changed":false,"inline_featured_image":false,"footnotes":""},"categories":[1353,1354],"tags":[],"class_list":{"0":"post-96245","1":"post","2":"type-post","3":"status-publish","4":"format-standard","5":"has-post-thumbnail","7":"category-articoli","8":"category-campo-invernale"},"acf":[],"yoast_head":"<!-- This site is optimized with the Yoast SEO Premium plugin v24.2 (Yoast SEO v24.7) - https:\/\/yoast.com\/wordpress\/plugins\/seo\/ -->\n<title>Come i campi invernali svizzeri favoriscono la crescita personale e le competenze per tutta la vita<\/title>\n<meta name=\"description\" content=\"Scopri come i campi invernali svizzeri aiutano i bambini e i ragazzi a sviluppare indipendenza, leadership e preziose abilit\u00e0 di vita.\" \/>\n<meta name=\"robots\" content=\"index, follow, max-snippet:-1, max-image-preview:large, max-video-preview:-1\" \/>\n<link rel=\"canonical\" href=\"https:\/\/www.leselfes.com\/it\/come-i-campi-invernali-svizzeri-favoriscono-la-crescita-personale-e-le-competenze-per-tutta-la-vita\/\" \/>\n<meta property=\"og:locale\" content=\"it_IT\" \/>\n<meta property=\"og:type\" content=\"article\" \/>\n<meta property=\"og:title\" content=\"In che modo i campi invernali svizzeri favoriscono la crescita personale e le competenze per tutta la vita\" \/>\n<meta property=\"og:description\" content=\"Scopri come i campi invernali svizzeri aiutano i bambini e i ragazzi a sviluppare indipendenza, leadership e preziose abilit\u00e0 di vita.\" \/>\n<meta property=\"og:url\" content=\"https:\/\/www.leselfes.com\/it\/come-i-campi-invernali-svizzeri-favoriscono-la-crescita-personale-e-le-competenze-per-tutta-la-vita\/\" \/>\n<meta property=\"og:site_name\" content=\"Les Elfes International Camps Switzerland\" \/>\n<meta property=\"article:publisher\" content=\"https:\/\/www.facebook.com\/LesElfesVerbier\" \/>\n<meta property=\"article:published_time\" content=\"2025-01-07T08:19:20+00:00\" \/>\n<meta property=\"article:modified_time\" content=\"2025-02-18T10:01:38+00:00\" \/>\n<meta property=\"og:image\" content=\"https:\/\/www.leselfes.com\/wp-content\/uploads\/2025\/01\/how-swiss.jpg\" \/>\n\t<meta property=\"og:image:width\" content=\"1920\" \/>\n\t<meta property=\"og:image:height\" content=\"550\" \/>\n\t<meta property=\"og:image:type\" content=\"image\/jpeg\" \/>\n<meta name=\"author\" content=\"Matthieu Perard\" \/>\n<meta name=\"twitter:card\" content=\"summary_large_image\" \/>\n<meta name=\"twitter:creator\" content=\"@LesElfesCamps\" \/>\n<meta name=\"twitter:site\" content=\"@LesElfesCamps\" \/>\n<meta name=\"twitter:label1\" content=\"Scritto da\" \/>\n\t<meta name=\"twitter:data1\" content=\"Matthieu Perard\" \/>\n\t<meta name=\"twitter:label2\" content=\"Tempo di lettura stimato\" \/>\n\t<meta name=\"twitter:data2\" content=\"6 minuti\" \/>\n<script type=\"application\/ld+json\" class=\"yoast-schema-graph\">{\"@context\":\"https:\/\/schema.org\",\"@graph\":[{\"@type\":\"Article\",\"@id\":\"https:\/\/www.leselfes.com\/it\/come-i-campi-invernali-svizzeri-favoriscono-la-crescita-personale-e-le-competenze-per-tutta-la-vita\/#article\",\"isPartOf\":{\"@id\":\"https:\/\/www.leselfes.com\/it\/come-i-campi-invernali-svizzeri-favoriscono-la-crescita-personale-e-le-competenze-per-tutta-la-vita\/\"},\"author\":{\"name\":\"Matthieu Perard\",\"@id\":\"https:\/\/dev.leselfes.com\/#\/schema\/person\/7ac5f99a7f3c597105fe663a00bdf6d6\"},\"headline\":\"In che modo i campi invernali svizzeri favoriscono la crescita personale e le competenze per tutta la vita\",\"datePublished\":\"2025-01-07T08:19:20+00:00\",\"dateModified\":\"2025-02-18T10:01:38+00:00\",\"mainEntityOfPage\":{\"@id\":\"https:\/\/www.leselfes.com\/it\/come-i-campi-invernali-svizzeri-favoriscono-la-crescita-personale-e-le-competenze-per-tutta-la-vita\/\"},\"wordCount\":1326,\"commentCount\":0,\"publisher\":{\"@id\":\"https:\/\/dev.leselfes.com\/#organization\"},\"image\":{\"@id\":\"https:\/\/www.leselfes.com\/it\/come-i-campi-invernali-svizzeri-favoriscono-la-crescita-personale-e-le-competenze-per-tutta-la-vita\/#primaryimage\"},\"thumbnailUrl\":\"https:\/\/www.leselfes.com\/wp-content\/uploads\/2025\/01\/how-swiss.jpg\",\"articleSection\":[\"Articoli\",\"Campo invernale\"],\"inLanguage\":\"it-IT\",\"potentialAction\":[{\"@type\":\"CommentAction\",\"name\":\"Comment\",\"target\":[\"https:\/\/www.leselfes.com\/it\/come-i-campi-invernali-svizzeri-favoriscono-la-crescita-personale-e-le-competenze-per-tutta-la-vita\/#respond\"]}]},{\"@type\":\"WebPage\",\"@id\":\"https:\/\/www.leselfes.com\/it\/come-i-campi-invernali-svizzeri-favoriscono-la-crescita-personale-e-le-competenze-per-tutta-la-vita\/\",\"url\":\"https:\/\/www.leselfes.com\/it\/come-i-campi-invernali-svizzeri-favoriscono-la-crescita-personale-e-le-competenze-per-tutta-la-vita\/\",\"name\":\"Come i campi invernali svizzeri favoriscono la crescita personale e le competenze per tutta la vita\",\"isPartOf\":{\"@id\":\"https:\/\/dev.leselfes.com\/#website\"},\"primaryImageOfPage\":{\"@id\":\"https:\/\/www.leselfes.com\/it\/come-i-campi-invernali-svizzeri-favoriscono-la-crescita-personale-e-le-competenze-per-tutta-la-vita\/#primaryimage\"},\"image\":{\"@id\":\"https:\/\/www.leselfes.com\/it\/come-i-campi-invernali-svizzeri-favoriscono-la-crescita-personale-e-le-competenze-per-tutta-la-vita\/#primaryimage\"},\"thumbnailUrl\":\"https:\/\/www.leselfes.com\/wp-content\/uploads\/2025\/01\/how-swiss.jpg\",\"datePublished\":\"2025-01-07T08:19:20+00:00\",\"dateModified\":\"2025-02-18T10:01:38+00:00\",\"description\":\"Scopri come i campi invernali svizzeri aiutano i bambini e i ragazzi a sviluppare indipendenza, leadership e preziose abilit\u00e0 di vita.\",\"breadcrumb\":{\"@id\":\"https:\/\/www.leselfes.com\/it\/come-i-campi-invernali-svizzeri-favoriscono-la-crescita-personale-e-le-competenze-per-tutta-la-vita\/#breadcrumb\"},\"inLanguage\":\"it-IT\",\"potentialAction\":[{\"@type\":\"ReadAction\",\"target\":[\"https:\/\/www.leselfes.com\/it\/come-i-campi-invernali-svizzeri-favoriscono-la-crescita-personale-e-le-competenze-per-tutta-la-vita\/\"]}]},{\"@type\":\"ImageObject\",\"inLanguage\":\"it-IT\",\"@id\":\"https:\/\/www.leselfes.com\/it\/come-i-campi-invernali-svizzeri-favoriscono-la-crescita-personale-e-le-competenze-per-tutta-la-vita\/#primaryimage\",\"url\":\"https:\/\/www.leselfes.com\/wp-content\/uploads\/2025\/01\/how-swiss.jpg\",\"contentUrl\":\"https:\/\/www.leselfes.com\/wp-content\/uploads\/2025\/01\/how-swiss.jpg\",\"width\":1920,\"height\":550},{\"@type\":\"BreadcrumbList\",\"@id\":\"https:\/\/www.leselfes.com\/it\/come-i-campi-invernali-svizzeri-favoriscono-la-crescita-personale-e-le-competenze-per-tutta-la-vita\/#breadcrumb\",\"itemListElement\":[{\"@type\":\"ListItem\",\"position\":1,\"name\":\"Home\",\"item\":\"https:\/\/www.leselfes.com\/it\/\"},{\"@type\":\"ListItem\",\"position\":2,\"name\":\"In che modo i campi invernali svizzeri favoriscono la crescita personale e le competenze per tutta la vita\"}]},{\"@type\":\"WebSite\",\"@id\":\"https:\/\/dev.leselfes.com\/#website\",\"url\":\"https:\/\/dev.leselfes.com\/\",\"name\":\"Les Elfes International\",\"description\":\"Les Elfes International, Verbier Switzerland. Summer Camp, Winter Camp, Spring Camps.\",\"publisher\":{\"@id\":\"https:\/\/dev.leselfes.com\/#organization\"},\"alternateName\":\"Les Elfes International\",\"potentialAction\":[{\"@type\":\"SearchAction\",\"target\":{\"@type\":\"EntryPoint\",\"urlTemplate\":\"https:\/\/dev.leselfes.com\/?s={search_term_string}\"},\"query-input\":{\"@type\":\"PropertyValueSpecification\",\"valueRequired\":true,\"valueName\":\"search_term_string\"}}],\"inLanguage\":\"it-IT\"},{\"@type\":\"Organization\",\"@id\":\"https:\/\/dev.leselfes.com\/#organization\",\"name\":\"Les Elfes International\",\"alternateName\":\"Les Elfes International\",\"url\":\"https:\/\/dev.leselfes.com\/\",\"logo\":{\"@type\":\"ImageObject\",\"inLanguage\":\"it-IT\",\"@id\":\"https:\/\/dev.leselfes.com\/#\/schema\/logo\/image\/\",\"url\":\"https:\/\/www.leselfes.com\/wp-content\/uploads\/2022\/03\/leselfes-logo.png\",\"contentUrl\":\"https:\/\/www.leselfes.com\/wp-content\/uploads\/2022\/03\/leselfes-logo.png\",\"width\":233,\"height\":51,\"caption\":\"Les Elfes International\"},\"image\":{\"@id\":\"https:\/\/dev.leselfes.com\/#\/schema\/logo\/image\/\"},\"sameAs\":[\"https:\/\/www.facebook.com\/LesElfesVerbier\",\"https:\/\/x.com\/LesElfesCamps\",\"https:\/\/www.instagram.com\/leselfes\",\"https:\/\/www.linkedin.com\/company\/les-elfes-international\",\"https:\/\/www.youtube.com\/user\/LesElfesVerbier\"]},{\"@type\":\"Person\",\"@id\":\"https:\/\/dev.leselfes.com\/#\/schema\/person\/7ac5f99a7f3c597105fe663a00bdf6d6\",\"name\":\"Matthieu Perard\",\"image\":{\"@type\":\"ImageObject\",\"inLanguage\":\"it-IT\",\"@id\":\"https:\/\/dev.leselfes.com\/#\/schema\/person\/image\/\",\"url\":\"https:\/\/secure.gravatar.com\/avatar\/e368f5bd153d15a1ff42a4c64a46d1ef?s=96&d=mm&r=g\",\"contentUrl\":\"https:\/\/secure.gravatar.com\/avatar\/e368f5bd153d15a1ff42a4c64a46d1ef?s=96&d=mm&r=g\",\"caption\":\"Matthieu Perard\"},\"url\":\"https:\/\/www.leselfes.com\/it\/author\/m-pierardnotostudio-ch\/\"}]}<\/script>\n<!-- \/ Yoast SEO Premium plugin. -->","yoast_head_json":{"title":"Come i campi invernali svizzeri favoriscono la crescita personale e le competenze per tutta la vita","description":"Scopri come i campi invernali svizzeri aiutano i bambini e i ragazzi a sviluppare indipendenza, leadership e preziose abilit\u00e0 di vita.","robots":{"index":"index","follow":"follow","max-snippet":"max-snippet:-1","max-image-preview":"max-image-preview:large","max-video-preview":"max-video-preview:-1"},"canonical":"https:\/\/www.leselfes.com\/it\/come-i-campi-invernali-svizzeri-favoriscono-la-crescita-personale-e-le-competenze-per-tutta-la-vita\/","og_locale":"it_IT","og_type":"article","og_title":"In che modo i campi invernali svizzeri favoriscono la crescita personale e le competenze per tutta la vita","og_description":"Scopri come i campi invernali svizzeri aiutano i bambini e i ragazzi a sviluppare indipendenza, leadership e preziose abilit\u00e0 di vita.","og_url":"https:\/\/www.leselfes.com\/it\/come-i-campi-invernali-svizzeri-favoriscono-la-crescita-personale-e-le-competenze-per-tutta-la-vita\/","og_site_name":"Les Elfes International Camps Switzerland","article_publisher":"https:\/\/www.facebook.com\/LesElfesVerbier","article_published_time":"2025-01-07T08:19:20+00:00","article_modified_time":"2025-02-18T10:01:38+00:00","og_image":[{"width":1920,"height":550,"url":"https:\/\/www.leselfes.com\/wp-content\/uploads\/2025\/01\/how-swiss.jpg","type":"image\/jpeg"}],"author":"Matthieu Perard","twitter_card":"summary_large_image","twitter_creator":"@LesElfesCamps","twitter_site":"@LesElfesCamps","twitter_misc":{"Scritto da":"Matthieu Perard","Tempo di lettura stimato":"6 minuti"},"schema":{"@context":"https:\/\/schema.org","@graph":[{"@type":"Article","@id":"https:\/\/www.leselfes.com\/it\/come-i-campi-invernali-svizzeri-favoriscono-la-crescita-personale-e-le-competenze-per-tutta-la-vita\/#article","isPartOf":{"@id":"https:\/\/www.leselfes.com\/it\/come-i-campi-invernali-svizzeri-favoriscono-la-crescita-personale-e-le-competenze-per-tutta-la-vita\/"},"author":{"name":"Matthieu Perard","@id":"https:\/\/dev.leselfes.com\/#\/schema\/person\/7ac5f99a7f3c597105fe663a00bdf6d6"},"headline":"In che modo i campi invernali svizzeri favoriscono la crescita personale e le competenze per tutta la vita","datePublished":"2025-01-07T08:19:20+00:00","dateModified":"2025-02-18T10:01:38+00:00","mainEntityOfPage":{"@id":"https:\/\/www.leselfes.com\/it\/come-i-campi-invernali-svizzeri-favoriscono-la-crescita-personale-e-le-competenze-per-tutta-la-vita\/"},"wordCount":1326,"commentCount":0,"publisher":{"@id":"https:\/\/dev.leselfes.com\/#organization"},"image":{"@id":"https:\/\/www.leselfes.com\/it\/come-i-campi-invernali-svizzeri-favoriscono-la-crescita-personale-e-le-competenze-per-tutta-la-vita\/#primaryimage"},"thumbnailUrl":"https:\/\/www.leselfes.com\/wp-content\/uploads\/2025\/01\/how-swiss.jpg","articleSection":["Articoli","Campo invernale"],"inLanguage":"it-IT","potentialAction":[{"@type":"CommentAction","name":"Comment","target":["https:\/\/www.leselfes.com\/it\/come-i-campi-invernali-svizzeri-favoriscono-la-crescita-personale-e-le-competenze-per-tutta-la-vita\/#respond"]}]},{"@type":"WebPage","@id":"https:\/\/www.leselfes.com\/it\/come-i-campi-invernali-svizzeri-favoriscono-la-crescita-personale-e-le-competenze-per-tutta-la-vita\/","url":"https:\/\/www.leselfes.com\/it\/come-i-campi-invernali-svizzeri-favoriscono-la-crescita-personale-e-le-competenze-per-tutta-la-vita\/","name":"Come i campi invernali svizzeri favoriscono la crescita personale e le competenze per tutta la vita","isPartOf":{"@id":"https:\/\/dev.leselfes.com\/#website"},"primaryImageOfPage":{"@id":"https:\/\/www.leselfes.com\/it\/come-i-campi-invernali-svizzeri-favoriscono-la-crescita-personale-e-le-competenze-per-tutta-la-vita\/#primaryimage"},"image":{"@id":"https:\/\/www.leselfes.com\/it\/come-i-campi-invernali-svizzeri-favoriscono-la-crescita-personale-e-le-competenze-per-tutta-la-vita\/#primaryimage"},"thumbnailUrl":"https:\/\/www.leselfes.com\/wp-content\/uploads\/2025\/01\/how-swiss.jpg","datePublished":"2025-01-07T08:19:20+00:00","dateModified":"2025-02-18T10:01:38+00:00","description":"Scopri come i campi invernali svizzeri aiutano i bambini e i ragazzi a sviluppare indipendenza, leadership e preziose abilit\u00e0 di vita.","breadcrumb":{"@id":"https:\/\/www.leselfes.com\/it\/come-i-campi-invernali-svizzeri-favoriscono-la-crescita-personale-e-le-competenze-per-tutta-la-vita\/#breadcrumb"},"inLanguage":"it-IT","potentialAction":[{"@type":"ReadAction","target":["https:\/\/www.leselfes.com\/it\/come-i-campi-invernali-svizzeri-favoriscono-la-crescita-personale-e-le-competenze-per-tutta-la-vita\/"]}]},{"@type":"ImageObject","inLanguage":"it-IT","@id":"https:\/\/www.leselfes.com\/it\/come-i-campi-invernali-svizzeri-favoriscono-la-crescita-personale-e-le-competenze-per-tutta-la-vita\/#primaryimage","url":"https:\/\/www.leselfes.com\/wp-content\/uploads\/2025\/01\/how-swiss.jpg","contentUrl":"https:\/\/www.leselfes.com\/wp-content\/uploads\/2025\/01\/how-swiss.jpg","width":1920,"height":550},{"@type":"BreadcrumbList","@id":"https:\/\/www.leselfes.com\/it\/come-i-campi-invernali-svizzeri-favoriscono-la-crescita-personale-e-le-competenze-per-tutta-la-vita\/#breadcrumb","itemListElement":[{"@type":"ListItem","position":1,"name":"Home","item":"https:\/\/www.leselfes.com\/it\/"},{"@type":"ListItem","position":2,"name":"In che modo i campi invernali svizzeri favoriscono la crescita personale e le competenze per tutta la vita"}]},{"@type":"WebSite","@id":"https:\/\/dev.leselfes.com\/#website","url":"https:\/\/dev.leselfes.com\/","name":"Les Elfes International","description":"Les Elfes International, Verbier Switzerland. Summer Camp, Winter Camp, Spring Camps.","publisher":{"@id":"https:\/\/dev.leselfes.com\/#organization"},"alternateName":"Les Elfes International","potentialAction":[{"@type":"SearchAction","target":{"@type":"EntryPoint","urlTemplate":"https:\/\/dev.leselfes.com\/?s={search_term_string}"},"query-input":{"@type":"PropertyValueSpecification","valueRequired":true,"valueName":"search_term_string"}}],"inLanguage":"it-IT"},{"@type":"Organization","@id":"https:\/\/dev.leselfes.com\/#organization","name":"Les Elfes International","alternateName":"Les Elfes International","url":"https:\/\/dev.leselfes.com\/","logo":{"@type":"ImageObject","inLanguage":"it-IT","@id":"https:\/\/dev.leselfes.com\/#\/schema\/logo\/image\/","url":"https:\/\/www.leselfes.com\/wp-content\/uploads\/2022\/03\/leselfes-logo.png","contentUrl":"https:\/\/www.leselfes.com\/wp-content\/uploads\/2022\/03\/leselfes-logo.png","width":233,"height":51,"caption":"Les Elfes International"},"image":{"@id":"https:\/\/dev.leselfes.com\/#\/schema\/logo\/image\/"},"sameAs":["https:\/\/www.facebook.com\/LesElfesVerbier","https:\/\/x.com\/LesElfesCamps","https:\/\/www.instagram.com\/leselfes","https:\/\/www.linkedin.com\/company\/les-elfes-international","https:\/\/www.youtube.com\/user\/LesElfesVerbier"]},{"@type":"Person","@id":"https:\/\/dev.leselfes.com\/#\/schema\/person\/7ac5f99a7f3c597105fe663a00bdf6d6","name":"Matthieu Perard","image":{"@type":"ImageObject","inLanguage":"it-IT","@id":"https:\/\/dev.leselfes.com\/#\/schema\/person\/image\/","url":"https:\/\/secure.gravatar.com\/avatar\/e368f5bd153d15a1ff42a4c64a46d1ef?s=96&d=mm&r=g","contentUrl":"https:\/\/secure.gravatar.com\/avatar\/e368f5bd153d15a1ff42a4c64a46d1ef?s=96&d=mm&r=g","caption":"Matthieu Perard"},"url":"https:\/\/www.leselfes.com\/it\/author\/m-pierardnotostudio-ch\/"}]}},"_links":{"self":[{"href":"https:\/\/www.leselfes.com\/it\/wp-json\/wp\/v2\/posts\/96245"}],"collection":[{"href":"https:\/\/www.leselfes.com\/it\/wp-json\/wp\/v2\/posts"}],"about":[{"href":"https:\/\/www.leselfes.com\/it\/wp-json\/wp\/v2\/types\/post"}],"author":[{"embeddable":true,"href":"https:\/\/www.leselfes.com\/it\/wp-json\/wp\/v2\/users\/16"}],"replies":[{"embeddable":true,"href":"https:\/\/www.leselfes.com\/it\/wp-json\/wp\/v2\/comments?post=96245"}],"version-history":[{"count":2,"href":"https:\/\/www.leselfes.com\/it\/wp-json\/wp\/v2\/posts\/96245\/revisions"}],"predecessor-version":[{"id":109408,"href":"https:\/\/www.leselfes.com\/it\/wp-json\/wp\/v2\/posts\/96245\/revisions\/109408"}],"wp:featuredmedia":[{"embeddable":true,"href":"https:\/\/www.leselfes.com\/it\/wp-json\/wp\/v2\/media\/96207"}],"wp:attachment":[{"href":"https:\/\/www.leselfes.com\/it\/wp-json\/wp\/v2\/media?parent=96245"}],"wp:term":[{"taxonomy":"category","embeddable":true,"href":"https:\/\/www.leselfes.com\/it\/wp-json\/wp\/v2\/categories?post=96245"},{"taxonomy":"post_tag","embeddable":true,"href":"https:\/\/www.leselfes.com\/it\/wp-json\/wp\/v2\/tags?post=96245"}],"curies":[{"name":"wp","href":"https:\/\/api.w.org\/{rel}","templated":true}]}}