{"id":96346,"date":"2025-01-07T09:23:56","date_gmt":"2025-01-07T08:23:56","guid":{"rendered":"https:\/\/www.leselfes.com\/giovedi-26-dicembre-tempo-per-esplorare-la-citta\/"},"modified":"2025-01-07T09:25:50","modified_gmt":"2025-01-07T08:25:50","slug":"giovedi-26-dicembre-tempo-per-esplorare-la-citta","status":"publish","type":"post","link":"https:\/\/www.leselfes.com\/it\/giovedi-26-dicembre-tempo-per-esplorare-la-citta\/","title":{"rendered":"Gioved\u00ec 26 dicembre &#8211; Tempo per esplorare la citt\u00e0"},"content":{"rendered":"<div dir=\"auto\">Oggi \u00e8 stata una di quelle giornate che sembrano uscite direttamente da un sogno. Le piste sembravano invitanti come sempre e i bambini desiderosi di sciare non vedevano l&#8217;ora di partire. Hanno indossato la loro attrezzatura, con i visi illuminati dall&#8217;eccitazione, e sono partiti per una giornata all&#8217;insegna della neve fresca. Oggi ci sono state delle evoluzioni impressionanti: i bambini sono scivolati senza sforzo lungo le piste e alcuni hanno addirittura affrontato nuove sfide.   <\/div>\n<div dir=\"auto\"><\/div>\n<div dir=\"auto\">Per altri, l&#8217;avventura li ha portati lontano dalle piste. Sono saliti su un autobus per la citt\u00e0 di Berna, pronti per una giornata di scoperte. Li attendeva il Museo della Comunicazione, pieno di affascinanti esposizioni sul modo in cui le persone si connettono. I vecchi telefoni, le prime radio e persino i primi computer hanno attirato la loro attenzione. Potevo quasi sentire le loro chiacchiere mentre si aggiravano per il museo, facendo domande e scoperte. Hanno trascorso il resto della giornata a Berna, passeggiando per le affascinanti strade, trovando piccoli tesori nei negozi e immergendosi nella bellezza della citt\u00e0.     <\/div>\n<div dir=\"auto\"><\/div>\n<div dir=\"auto\">Tornati al campo, dopo le avventure della giornata, tutti si sono riuniti al centro sportivo. L&#8217;energia era contagiosa mentre i bambini si lanciavano in giochi e corse per divertirsi. Potevo sentire la loro gioia nell&#8217;aria mentre ridevano, gareggiavano e festeggiavano le loro vittorie, grandi e piccole. \u00c8 incredibile come qualcosa di cos\u00ec semplice come un gioco possa portare tanta felicit\u00e0.   <\/div>\n<div dir=\"auto\">Poi, naturalmente, \u00e8 arrivato il momento clou della serata: la cena. La cucina ha servito una calda e sostanziosa fonduta svizzera e i bambini si sono messi a intingere il pane nel formaggio appiccicoso. Ci sono state alcune discussioni giocose per l&#8217;ultimo pezzo di pane, ma questo fa parte del divertimento, no? \u00c8 stato un pasto accogliente e soddisfacente, perfetto dopo una giornata cos\u00ec emozionante.   <\/div>\n<div dir=\"auto\"><\/div>\n<div dir=\"auto\">Ma la serata non \u00e8 finita l\u00ec. La discoteca era pronta e i ragazzi non vedevano l&#8217;ora di scendere in pista. Le luci si sono accese, la musica ha rimbombato e la stanza si \u00e8 riempita di risate e movimento. \u00c8 stata una notte di divertimento, in cui hanno ballato come se nessuno li stesse guardando, lasciandosi andare e festeggiando un&#8217;altra giornata fantastica. Avevo la sensazione che i ricordi di questa serata sarebbero stati ricordati per molto tempo.    <\/div>\n<div dir=\"auto\">Mentre l&#8217;ultima canzone suonava e i bambini tornavano alle loro cabine, stanchi ma pieni di gioia, li ho guardati con un sorriso. Hanno gi\u00e0 vissuto cos\u00ec tanto, ma so che c&#8217;\u00e8 ancora molto da fare. Domani ci saranno nuove avventure e non vedo l&#8217;ora di vedere cosa combineranno. Ma per ora, mi riposer\u00f2 nella quiete del campo, sentendomi grata di far parte di questo luogo magico.   <\/div>\n<div dir=\"auto\">A domani, Talia l&#8217;elfo<\/div>\n<div class=\"yj6qo\"><\/div>\n<div class=\"adL\" dir=\"auto\"><\/div>\n","protected":false},"excerpt":{"rendered":"<p>Oggi \u00e8 stata una di quelle giornate che sembrano uscite direttamente da un sogno. Le piste sembravano invitanti come sempre e i bambini desiderosi di sciare non vedevano l&#8217;ora di&#8230;<\/p>\n","protected":false},"author":16,"featured_media":0,"comment_status":"closed","ping_status":"open","sticky":false,"template":"","format":"standard","meta":{"_acf_changed":false,"inline_featured_image":false,"footnotes":""},"categories":[],"tags":[],"class_list":["post-96346","post","type-post","status-publish","format-standard"],"acf":[],"yoast_head":"<!-- This site is optimized with the Yoast SEO Premium plugin v24.2 (Yoast SEO v24.7) - https:\/\/yoast.com\/wordpress\/plugins\/seo\/ -->\n<title>Gioved\u00ec 26 dicembre - Tempo per esplorare la citt\u00e0 - Les Elfes International Camps Switzerland<\/title>\n<meta name=\"robots\" content=\"index, follow, max-snippet:-1, max-image-preview:large, max-video-preview:-1\" \/>\n<link rel=\"canonical\" href=\"https:\/\/www.leselfes.com\/it\/giovedi-26-dicembre-tempo-per-esplorare-la-citta\/\" \/>\n<meta property=\"og:locale\" content=\"it_IT\" \/>\n<meta property=\"og:type\" content=\"article\" \/>\n<meta property=\"og:title\" content=\"Gioved\u00ec 26 dicembre - Tempo per esplorare la citt\u00e0\" \/>\n<meta property=\"og:description\" content=\"Oggi \u00e8 stata una di quelle giornate che sembrano uscite direttamente da un sogno. Le piste sembravano invitanti come sempre e i bambini desiderosi di sciare non vedevano l&#8217;ora di...\" \/>\n<meta property=\"og:url\" content=\"https:\/\/www.leselfes.com\/it\/giovedi-26-dicembre-tempo-per-esplorare-la-citta\/\" \/>\n<meta property=\"og:site_name\" content=\"Les Elfes International Camps Switzerland\" \/>\n<meta property=\"article:publisher\" content=\"https:\/\/www.facebook.com\/LesElfesVerbier\" \/>\n<meta property=\"article:published_time\" content=\"2025-01-07T08:23:56+00:00\" \/>\n<meta property=\"article:modified_time\" content=\"2025-01-07T08:25:50+00:00\" \/>\n<meta property=\"og:image\" content=\"https:\/\/www.leselfes.com\/wp-content\/uploads\/2022\/02\/Les-Elfes-International-summer-camp-Switzerland-Staff-Mobile-591x555-1.jpg\" \/>\n\t<meta property=\"og:image:width\" content=\"591\" \/>\n\t<meta property=\"og:image:height\" content=\"555\" \/>\n\t<meta property=\"og:image:type\" content=\"image\/jpeg\" \/>\n<meta name=\"author\" content=\"Matthieu Perard\" \/>\n<meta name=\"twitter:card\" content=\"summary_large_image\" \/>\n<meta name=\"twitter:creator\" content=\"@LesElfesCamps\" \/>\n<meta name=\"twitter:site\" content=\"@LesElfesCamps\" \/>\n<meta name=\"twitter:label1\" content=\"Scritto da\" \/>\n\t<meta name=\"twitter:data1\" content=\"Matthieu Perard\" \/>\n\t<meta name=\"twitter:label2\" content=\"Tempo di lettura stimato\" \/>\n\t<meta name=\"twitter:data2\" content=\"2 minuti\" \/>\n<script type=\"application\/ld+json\" class=\"yoast-schema-graph\">{\"@context\":\"https:\/\/schema.org\",\"@graph\":[{\"@type\":\"Article\",\"@id\":\"https:\/\/www.leselfes.com\/it\/giovedi-26-dicembre-tempo-per-esplorare-la-citta\/#article\",\"isPartOf\":{\"@id\":\"https:\/\/www.leselfes.com\/it\/giovedi-26-dicembre-tempo-per-esplorare-la-citta\/\"},\"author\":{\"name\":\"Matthieu Perard\",\"@id\":\"https:\/\/dev.leselfes.com\/#\/schema\/person\/7ac5f99a7f3c597105fe663a00bdf6d6\"},\"headline\":\"Gioved\u00ec 26 dicembre &#8211; Tempo per esplorare la citt\u00e0\",\"datePublished\":\"2025-01-07T08:23:56+00:00\",\"dateModified\":\"2025-01-07T08:25:50+00:00\",\"mainEntityOfPage\":{\"@id\":\"https:\/\/www.leselfes.com\/it\/giovedi-26-dicembre-tempo-per-esplorare-la-citta\/\"},\"wordCount\":459,\"publisher\":{\"@id\":\"https:\/\/dev.leselfes.com\/#organization\"},\"inLanguage\":\"it-IT\"},{\"@type\":\"WebPage\",\"@id\":\"https:\/\/www.leselfes.com\/it\/giovedi-26-dicembre-tempo-per-esplorare-la-citta\/\",\"url\":\"https:\/\/www.leselfes.com\/it\/giovedi-26-dicembre-tempo-per-esplorare-la-citta\/\",\"name\":\"Gioved\u00ec 26 dicembre - Tempo per esplorare la citt\u00e0 - Les Elfes International Camps Switzerland\",\"isPartOf\":{\"@id\":\"https:\/\/dev.leselfes.com\/#website\"},\"datePublished\":\"2025-01-07T08:23:56+00:00\",\"dateModified\":\"2025-01-07T08:25:50+00:00\",\"breadcrumb\":{\"@id\":\"https:\/\/www.leselfes.com\/it\/giovedi-26-dicembre-tempo-per-esplorare-la-citta\/#breadcrumb\"},\"inLanguage\":\"it-IT\",\"potentialAction\":[{\"@type\":\"ReadAction\",\"target\":[\"https:\/\/www.leselfes.com\/it\/giovedi-26-dicembre-tempo-per-esplorare-la-citta\/\"]}]},{\"@type\":\"BreadcrumbList\",\"@id\":\"https:\/\/www.leselfes.com\/it\/giovedi-26-dicembre-tempo-per-esplorare-la-citta\/#breadcrumb\",\"itemListElement\":[{\"@type\":\"ListItem\",\"position\":1,\"name\":\"Home\",\"item\":\"https:\/\/www.leselfes.com\/it\/\"},{\"@type\":\"ListItem\",\"position\":2,\"name\":\"Gioved\u00ec 26 dicembre &#8211; Tempo per esplorare la citt\u00e0\"}]},{\"@type\":\"WebSite\",\"@id\":\"https:\/\/dev.leselfes.com\/#website\",\"url\":\"https:\/\/dev.leselfes.com\/\",\"name\":\"Les Elfes International\",\"description\":\"Les Elfes International, Verbier Switzerland. Summer Camp, Winter Camp, Spring Camps.\",\"publisher\":{\"@id\":\"https:\/\/dev.leselfes.com\/#organization\"},\"alternateName\":\"Les Elfes International\",\"potentialAction\":[{\"@type\":\"SearchAction\",\"target\":{\"@type\":\"EntryPoint\",\"urlTemplate\":\"https:\/\/dev.leselfes.com\/?s={search_term_string}\"},\"query-input\":{\"@type\":\"PropertyValueSpecification\",\"valueRequired\":true,\"valueName\":\"search_term_string\"}}],\"inLanguage\":\"it-IT\"},{\"@type\":\"Organization\",\"@id\":\"https:\/\/dev.leselfes.com\/#organization\",\"name\":\"Les Elfes International\",\"alternateName\":\"Les Elfes International\",\"url\":\"https:\/\/dev.leselfes.com\/\",\"logo\":{\"@type\":\"ImageObject\",\"inLanguage\":\"it-IT\",\"@id\":\"https:\/\/dev.leselfes.com\/#\/schema\/logo\/image\/\",\"url\":\"https:\/\/www.leselfes.com\/wp-content\/uploads\/2022\/03\/leselfes-logo.png\",\"contentUrl\":\"https:\/\/www.leselfes.com\/wp-content\/uploads\/2022\/03\/leselfes-logo.png\",\"width\":233,\"height\":51,\"caption\":\"Les Elfes International\"},\"image\":{\"@id\":\"https:\/\/dev.leselfes.com\/#\/schema\/logo\/image\/\"},\"sameAs\":[\"https:\/\/www.facebook.com\/LesElfesVerbier\",\"https:\/\/x.com\/LesElfesCamps\",\"https:\/\/www.instagram.com\/leselfes\",\"https:\/\/www.linkedin.com\/company\/les-elfes-international\",\"https:\/\/www.youtube.com\/user\/LesElfesVerbier\"]},{\"@type\":\"Person\",\"@id\":\"https:\/\/dev.leselfes.com\/#\/schema\/person\/7ac5f99a7f3c597105fe663a00bdf6d6\",\"name\":\"Matthieu Perard\",\"image\":{\"@type\":\"ImageObject\",\"inLanguage\":\"it-IT\",\"@id\":\"https:\/\/dev.leselfes.com\/#\/schema\/person\/image\/\",\"url\":\"https:\/\/secure.gravatar.com\/avatar\/e368f5bd153d15a1ff42a4c64a46d1ef?s=96&d=mm&r=g\",\"contentUrl\":\"https:\/\/secure.gravatar.com\/avatar\/e368f5bd153d15a1ff42a4c64a46d1ef?s=96&d=mm&r=g\",\"caption\":\"Matthieu Perard\"},\"url\":\"https:\/\/www.leselfes.com\/it\/author\/m-pierardnotostudio-ch\/\"}]}<\/script>\n<!-- \/ Yoast SEO Premium plugin. -->","yoast_head_json":{"title":"Gioved\u00ec 26 dicembre - Tempo per esplorare la citt\u00e0 - Les Elfes International Camps Switzerland","robots":{"index":"index","follow":"follow","max-snippet":"max-snippet:-1","max-image-preview":"max-image-preview:large","max-video-preview":"max-video-preview:-1"},"canonical":"https:\/\/www.leselfes.com\/it\/giovedi-26-dicembre-tempo-per-esplorare-la-citta\/","og_locale":"it_IT","og_type":"article","og_title":"Gioved\u00ec 26 dicembre - Tempo per esplorare la citt\u00e0","og_description":"Oggi \u00e8 stata una di quelle giornate che sembrano uscite direttamente da un sogno. Le piste sembravano invitanti come sempre e i bambini desiderosi di sciare non vedevano l&#8217;ora di...","og_url":"https:\/\/www.leselfes.com\/it\/giovedi-26-dicembre-tempo-per-esplorare-la-citta\/","og_site_name":"Les Elfes International Camps Switzerland","article_publisher":"https:\/\/www.facebook.com\/LesElfesVerbier","article_published_time":"2025-01-07T08:23:56+00:00","article_modified_time":"2025-01-07T08:25:50+00:00","og_image":[{"width":591,"height":555,"url":"https:\/\/www.leselfes.com\/wp-content\/uploads\/2022\/02\/Les-Elfes-International-summer-camp-Switzerland-Staff-Mobile-591x555-1.jpg","type":"image\/jpeg"}],"author":"Matthieu Perard","twitter_card":"summary_large_image","twitter_creator":"@LesElfesCamps","twitter_site":"@LesElfesCamps","twitter_misc":{"Scritto da":"Matthieu Perard","Tempo di lettura stimato":"2 minuti"},"schema":{"@context":"https:\/\/schema.org","@graph":[{"@type":"Article","@id":"https:\/\/www.leselfes.com\/it\/giovedi-26-dicembre-tempo-per-esplorare-la-citta\/#article","isPartOf":{"@id":"https:\/\/www.leselfes.com\/it\/giovedi-26-dicembre-tempo-per-esplorare-la-citta\/"},"author":{"name":"Matthieu Perard","@id":"https:\/\/dev.leselfes.com\/#\/schema\/person\/7ac5f99a7f3c597105fe663a00bdf6d6"},"headline":"Gioved\u00ec 26 dicembre &#8211; Tempo per esplorare la citt\u00e0","datePublished":"2025-01-07T08:23:56+00:00","dateModified":"2025-01-07T08:25:50+00:00","mainEntityOfPage":{"@id":"https:\/\/www.leselfes.com\/it\/giovedi-26-dicembre-tempo-per-esplorare-la-citta\/"},"wordCount":459,"publisher":{"@id":"https:\/\/dev.leselfes.com\/#organization"},"inLanguage":"it-IT"},{"@type":"WebPage","@id":"https:\/\/www.leselfes.com\/it\/giovedi-26-dicembre-tempo-per-esplorare-la-citta\/","url":"https:\/\/www.leselfes.com\/it\/giovedi-26-dicembre-tempo-per-esplorare-la-citta\/","name":"Gioved\u00ec 26 dicembre - Tempo per esplorare la citt\u00e0 - Les Elfes International Camps Switzerland","isPartOf":{"@id":"https:\/\/dev.leselfes.com\/#website"},"datePublished":"2025-01-07T08:23:56+00:00","dateModified":"2025-01-07T08:25:50+00:00","breadcrumb":{"@id":"https:\/\/www.leselfes.com\/it\/giovedi-26-dicembre-tempo-per-esplorare-la-citta\/#breadcrumb"},"inLanguage":"it-IT","potentialAction":[{"@type":"ReadAction","target":["https:\/\/www.leselfes.com\/it\/giovedi-26-dicembre-tempo-per-esplorare-la-citta\/"]}]},{"@type":"BreadcrumbList","@id":"https:\/\/www.leselfes.com\/it\/giovedi-26-dicembre-tempo-per-esplorare-la-citta\/#breadcrumb","itemListElement":[{"@type":"ListItem","position":1,"name":"Home","item":"https:\/\/www.leselfes.com\/it\/"},{"@type":"ListItem","position":2,"name":"Gioved\u00ec 26 dicembre &#8211; Tempo per esplorare la citt\u00e0"}]},{"@type":"WebSite","@id":"https:\/\/dev.leselfes.com\/#website","url":"https:\/\/dev.leselfes.com\/","name":"Les Elfes International","description":"Les Elfes International, Verbier Switzerland. Summer Camp, Winter Camp, Spring Camps.","publisher":{"@id":"https:\/\/dev.leselfes.com\/#organization"},"alternateName":"Les Elfes International","potentialAction":[{"@type":"SearchAction","target":{"@type":"EntryPoint","urlTemplate":"https:\/\/dev.leselfes.com\/?s={search_term_string}"},"query-input":{"@type":"PropertyValueSpecification","valueRequired":true,"valueName":"search_term_string"}}],"inLanguage":"it-IT"},{"@type":"Organization","@id":"https:\/\/dev.leselfes.com\/#organization","name":"Les Elfes International","alternateName":"Les Elfes International","url":"https:\/\/dev.leselfes.com\/","logo":{"@type":"ImageObject","inLanguage":"it-IT","@id":"https:\/\/dev.leselfes.com\/#\/schema\/logo\/image\/","url":"https:\/\/www.leselfes.com\/wp-content\/uploads\/2022\/03\/leselfes-logo.png","contentUrl":"https:\/\/www.leselfes.com\/wp-content\/uploads\/2022\/03\/leselfes-logo.png","width":233,"height":51,"caption":"Les Elfes International"},"image":{"@id":"https:\/\/dev.leselfes.com\/#\/schema\/logo\/image\/"},"sameAs":["https:\/\/www.facebook.com\/LesElfesVerbier","https:\/\/x.com\/LesElfesCamps","https:\/\/www.instagram.com\/leselfes","https:\/\/www.linkedin.com\/company\/les-elfes-international","https:\/\/www.youtube.com\/user\/LesElfesVerbier"]},{"@type":"Person","@id":"https:\/\/dev.leselfes.com\/#\/schema\/person\/7ac5f99a7f3c597105fe663a00bdf6d6","name":"Matthieu Perard","image":{"@type":"ImageObject","inLanguage":"it-IT","@id":"https:\/\/dev.leselfes.com\/#\/schema\/person\/image\/","url":"https:\/\/secure.gravatar.com\/avatar\/e368f5bd153d15a1ff42a4c64a46d1ef?s=96&d=mm&r=g","contentUrl":"https:\/\/secure.gravatar.com\/avatar\/e368f5bd153d15a1ff42a4c64a46d1ef?s=96&d=mm&r=g","caption":"Matthieu Perard"},"url":"https:\/\/www.leselfes.com\/it\/author\/m-pierardnotostudio-ch\/"}]}},"_links":{"self":[{"href":"https:\/\/www.leselfes.com\/it\/wp-json\/wp\/v2\/posts\/96346"}],"collection":[{"href":"https:\/\/www.leselfes.com\/it\/wp-json\/wp\/v2\/posts"}],"about":[{"href":"https:\/\/www.leselfes.com\/it\/wp-json\/wp\/v2\/types\/post"}],"author":[{"embeddable":true,"href":"https:\/\/www.leselfes.com\/it\/wp-json\/wp\/v2\/users\/16"}],"replies":[{"embeddable":true,"href":"https:\/\/www.leselfes.com\/it\/wp-json\/wp\/v2\/comments?post=96346"}],"version-history":[{"count":0,"href":"https:\/\/www.leselfes.com\/it\/wp-json\/wp\/v2\/posts\/96346\/revisions"}],"wp:attachment":[{"href":"https:\/\/www.leselfes.com\/it\/wp-json\/wp\/v2\/media?parent=96346"}],"wp:term":[{"taxonomy":"category","embeddable":true,"href":"https:\/\/www.leselfes.com\/it\/wp-json\/wp\/v2\/categories?post=96346"},{"taxonomy":"post_tag","embeddable":true,"href":"https:\/\/www.leselfes.com\/it\/wp-json\/wp\/v2\/tags?post=96346"}],"curies":[{"name":"wp","href":"https:\/\/api.w.org\/{rel}","templated":true}]}}