{"id":96409,"date":"2025-01-07T09:26:52","date_gmt":"2025-01-07T08:26:52","guid":{"rendered":"https:\/\/www.leselfes.com\/lunedi-30-dicembre-neve-sci-e-risate-a-crepapelle\/"},"modified":"2025-01-07T09:28:18","modified_gmt":"2025-01-07T08:28:18","slug":"lunedi-30-dicembre-neve-sci-e-risate-a-crepapelle","status":"publish","type":"post","link":"https:\/\/www.leselfes.com\/it\/lunedi-30-dicembre-neve-sci-e-risate-a-crepapelle\/","title":{"rendered":"Luned\u00ec 30 dicembre &#8211; Neve, sci e risate a crepapelle"},"content":{"rendered":"<p>&nbsp;<\/p>\n<p>Oggi \u00e8 stata un&#8217;altra giornata magica al campo sci! Il sole splendeva sulle piste innevate di Verbier e i bambini erano pieni di entusiasmo. Dopo la colazione, sono usciti a sciare, che giornata! C&#8217;era il sole, le piste erano perfette e i bambini erano pronti all&#8217;azione. Dopo una ricca colazione (i dolci svizzeri sono davvero buonissimi), si sono infagottati e sono andati in montagna. Alcuni di loro hanno sciato come professionisti, mentre altri hanno passato pi\u00f9 tempo sulla neve che sugli sci. Ho visto un bambino cadere in modo cos\u00ec drammatico che ho pensato che avrebbe iniziato a fare angeli di neve di proposito! Per il pranzo, hanno fatto una pausa in un ristorante a bordo pista, sgranocchiando panini e chiacchierando delle loro discese mattutine. Poi sono tornati in pista per altre ore di sci. L&#8217;energia era alta e la corsa verso il fondo era iniziata! Nel pomeriggio, il gruppo si \u00e8 diviso. Alcuni sono andati alla pista di pattinaggio per mettere alla prova le loro capacit\u00e0 di pattinaggio (alcuni di loro potrebbero voler continuare a sciare), mentre altri sono andati in citt\u00e0 per fare un po&#8217; di shopping. Un bambino ha comprato una palla di neve che doveva pesare pi\u00f9 del suo zaino. Alcuni campeggiatori hanno preso lezioni di lingua, provando il francese e il tedesco con vari gradi di successo. Dopo una cena abbondante, si sono riuniti tutti al centro sportivo per un po&#8217; di divertimento e giochi per concludere la giornata. Li ho osservati mentre correvano, ridevano e scherzavano: onestamente, ero tentata di unirmi a loro, ma sono molto pi\u00f9 brava a essere subdola che competitiva. Un&#8217;altra giornata divertente in montagna. Non vedo l&#8217;ora di vedere cosa ci riserver\u00e0 la giornata di domani! Fino ad allora,  <\/p>\n<p><strong>Talia l&#8217;elfo<\/strong><\/p>\n","protected":false},"excerpt":{"rendered":"<p>&nbsp; Oggi \u00e8 stata un&#8217;altra giornata magica al campo sci! Il sole splendeva sulle piste innevate di Verbier e i bambini erano pieni di entusiasmo. Dopo la colazione, sono usciti&#8230;<\/p>\n","protected":false},"author":16,"featured_media":0,"comment_status":"closed","ping_status":"open","sticky":false,"template":"","format":"standard","meta":{"_acf_changed":false,"inline_featured_image":false,"footnotes":""},"categories":[],"tags":[],"class_list":["post-96409","post","type-post","status-publish","format-standard"],"acf":[],"yoast_head":"<!-- This site is optimized with the Yoast SEO Premium plugin v24.2 (Yoast SEO v24.7) - https:\/\/yoast.com\/wordpress\/plugins\/seo\/ -->\n<title>Luned\u00ec 30 dicembre - Neve, sci e risate a crepapelle - Les Elfes International Camps Switzerland<\/title>\n<meta name=\"robots\" content=\"index, follow, max-snippet:-1, max-image-preview:large, max-video-preview:-1\" \/>\n<link rel=\"canonical\" href=\"https:\/\/www.leselfes.com\/it\/lunedi-30-dicembre-neve-sci-e-risate-a-crepapelle\/\" \/>\n<meta property=\"og:locale\" content=\"it_IT\" \/>\n<meta property=\"og:type\" content=\"article\" \/>\n<meta property=\"og:title\" content=\"Luned\u00ec 30 dicembre - Neve, sci e risate a crepapelle\" \/>\n<meta property=\"og:description\" content=\"&nbsp; Oggi \u00e8 stata un&#8217;altra giornata magica al campo sci! Il sole splendeva sulle piste innevate di Verbier e i bambini erano pieni di entusiasmo. Dopo la colazione, sono usciti...\" \/>\n<meta property=\"og:url\" content=\"https:\/\/www.leselfes.com\/it\/lunedi-30-dicembre-neve-sci-e-risate-a-crepapelle\/\" \/>\n<meta property=\"og:site_name\" content=\"Les Elfes International Camps Switzerland\" \/>\n<meta property=\"article:publisher\" content=\"https:\/\/www.facebook.com\/LesElfesVerbier\" \/>\n<meta property=\"article:published_time\" content=\"2025-01-07T08:26:52+00:00\" \/>\n<meta property=\"article:modified_time\" content=\"2025-01-07T08:28:18+00:00\" \/>\n<meta property=\"og:image\" content=\"https:\/\/www.leselfes.com\/wp-content\/uploads\/2022\/02\/Les-Elfes-International-summer-camp-Switzerland-Staff-Mobile-591x555-1.jpg\" \/>\n\t<meta property=\"og:image:width\" content=\"591\" \/>\n\t<meta property=\"og:image:height\" content=\"555\" \/>\n\t<meta property=\"og:image:type\" content=\"image\/jpeg\" \/>\n<meta name=\"author\" content=\"Matthieu Perard\" \/>\n<meta name=\"twitter:card\" content=\"summary_large_image\" \/>\n<meta name=\"twitter:creator\" content=\"@LesElfesCamps\" \/>\n<meta name=\"twitter:site\" content=\"@LesElfesCamps\" \/>\n<meta name=\"twitter:label1\" content=\"Scritto da\" \/>\n\t<meta name=\"twitter:data1\" content=\"Matthieu Perard\" \/>\n\t<meta name=\"twitter:label2\" content=\"Tempo di lettura stimato\" \/>\n\t<meta name=\"twitter:data2\" content=\"1 minuto\" \/>\n<script type=\"application\/ld+json\" class=\"yoast-schema-graph\">{\"@context\":\"https:\/\/schema.org\",\"@graph\":[{\"@type\":\"Article\",\"@id\":\"https:\/\/www.leselfes.com\/it\/lunedi-30-dicembre-neve-sci-e-risate-a-crepapelle\/#article\",\"isPartOf\":{\"@id\":\"https:\/\/www.leselfes.com\/it\/lunedi-30-dicembre-neve-sci-e-risate-a-crepapelle\/\"},\"author\":{\"name\":\"Matthieu Perard\",\"@id\":\"https:\/\/dev.leselfes.com\/#\/schema\/person\/7ac5f99a7f3c597105fe663a00bdf6d6\"},\"headline\":\"Luned\u00ec 30 dicembre &#8211; Neve, sci e risate a crepapelle\",\"datePublished\":\"2025-01-07T08:26:52+00:00\",\"dateModified\":\"2025-01-07T08:28:18+00:00\",\"mainEntityOfPage\":{\"@id\":\"https:\/\/www.leselfes.com\/it\/lunedi-30-dicembre-neve-sci-e-risate-a-crepapelle\/\"},\"wordCount\":306,\"publisher\":{\"@id\":\"https:\/\/dev.leselfes.com\/#organization\"},\"inLanguage\":\"it-IT\"},{\"@type\":\"WebPage\",\"@id\":\"https:\/\/www.leselfes.com\/it\/lunedi-30-dicembre-neve-sci-e-risate-a-crepapelle\/\",\"url\":\"https:\/\/www.leselfes.com\/it\/lunedi-30-dicembre-neve-sci-e-risate-a-crepapelle\/\",\"name\":\"Luned\u00ec 30 dicembre - Neve, sci e risate a crepapelle - Les Elfes International Camps Switzerland\",\"isPartOf\":{\"@id\":\"https:\/\/dev.leselfes.com\/#website\"},\"datePublished\":\"2025-01-07T08:26:52+00:00\",\"dateModified\":\"2025-01-07T08:28:18+00:00\",\"breadcrumb\":{\"@id\":\"https:\/\/www.leselfes.com\/it\/lunedi-30-dicembre-neve-sci-e-risate-a-crepapelle\/#breadcrumb\"},\"inLanguage\":\"it-IT\",\"potentialAction\":[{\"@type\":\"ReadAction\",\"target\":[\"https:\/\/www.leselfes.com\/it\/lunedi-30-dicembre-neve-sci-e-risate-a-crepapelle\/\"]}]},{\"@type\":\"BreadcrumbList\",\"@id\":\"https:\/\/www.leselfes.com\/it\/lunedi-30-dicembre-neve-sci-e-risate-a-crepapelle\/#breadcrumb\",\"itemListElement\":[{\"@type\":\"ListItem\",\"position\":1,\"name\":\"Home\",\"item\":\"https:\/\/www.leselfes.com\/it\/\"},{\"@type\":\"ListItem\",\"position\":2,\"name\":\"Luned\u00ec 30 dicembre &#8211; Neve, sci e risate a crepapelle\"}]},{\"@type\":\"WebSite\",\"@id\":\"https:\/\/dev.leselfes.com\/#website\",\"url\":\"https:\/\/dev.leselfes.com\/\",\"name\":\"Les Elfes International\",\"description\":\"Les Elfes International, Verbier Switzerland. Summer Camp, Winter Camp, Spring Camps.\",\"publisher\":{\"@id\":\"https:\/\/dev.leselfes.com\/#organization\"},\"alternateName\":\"Les Elfes International\",\"potentialAction\":[{\"@type\":\"SearchAction\",\"target\":{\"@type\":\"EntryPoint\",\"urlTemplate\":\"https:\/\/dev.leselfes.com\/?s={search_term_string}\"},\"query-input\":{\"@type\":\"PropertyValueSpecification\",\"valueRequired\":true,\"valueName\":\"search_term_string\"}}],\"inLanguage\":\"it-IT\"},{\"@type\":\"Organization\",\"@id\":\"https:\/\/dev.leselfes.com\/#organization\",\"name\":\"Les Elfes International\",\"alternateName\":\"Les Elfes International\",\"url\":\"https:\/\/dev.leselfes.com\/\",\"logo\":{\"@type\":\"ImageObject\",\"inLanguage\":\"it-IT\",\"@id\":\"https:\/\/dev.leselfes.com\/#\/schema\/logo\/image\/\",\"url\":\"https:\/\/www.leselfes.com\/wp-content\/uploads\/2022\/03\/leselfes-logo.png\",\"contentUrl\":\"https:\/\/www.leselfes.com\/wp-content\/uploads\/2022\/03\/leselfes-logo.png\",\"width\":233,\"height\":51,\"caption\":\"Les Elfes International\"},\"image\":{\"@id\":\"https:\/\/dev.leselfes.com\/#\/schema\/logo\/image\/\"},\"sameAs\":[\"https:\/\/www.facebook.com\/LesElfesVerbier\",\"https:\/\/x.com\/LesElfesCamps\",\"https:\/\/www.instagram.com\/leselfes\",\"https:\/\/www.linkedin.com\/company\/les-elfes-international\",\"https:\/\/www.youtube.com\/user\/LesElfesVerbier\"]},{\"@type\":\"Person\",\"@id\":\"https:\/\/dev.leselfes.com\/#\/schema\/person\/7ac5f99a7f3c597105fe663a00bdf6d6\",\"name\":\"Matthieu Perard\",\"image\":{\"@type\":\"ImageObject\",\"inLanguage\":\"it-IT\",\"@id\":\"https:\/\/dev.leselfes.com\/#\/schema\/person\/image\/\",\"url\":\"https:\/\/secure.gravatar.com\/avatar\/e368f5bd153d15a1ff42a4c64a46d1ef?s=96&d=mm&r=g\",\"contentUrl\":\"https:\/\/secure.gravatar.com\/avatar\/e368f5bd153d15a1ff42a4c64a46d1ef?s=96&d=mm&r=g\",\"caption\":\"Matthieu Perard\"},\"url\":\"https:\/\/www.leselfes.com\/it\/author\/m-pierardnotostudio-ch\/\"}]}<\/script>\n<!-- \/ Yoast SEO Premium plugin. -->","yoast_head_json":{"title":"Luned\u00ec 30 dicembre - Neve, sci e risate a crepapelle - Les Elfes International Camps Switzerland","robots":{"index":"index","follow":"follow","max-snippet":"max-snippet:-1","max-image-preview":"max-image-preview:large","max-video-preview":"max-video-preview:-1"},"canonical":"https:\/\/www.leselfes.com\/it\/lunedi-30-dicembre-neve-sci-e-risate-a-crepapelle\/","og_locale":"it_IT","og_type":"article","og_title":"Luned\u00ec 30 dicembre - Neve, sci e risate a crepapelle","og_description":"&nbsp; Oggi \u00e8 stata un&#8217;altra giornata magica al campo sci! Il sole splendeva sulle piste innevate di Verbier e i bambini erano pieni di entusiasmo. Dopo la colazione, sono usciti...","og_url":"https:\/\/www.leselfes.com\/it\/lunedi-30-dicembre-neve-sci-e-risate-a-crepapelle\/","og_site_name":"Les Elfes International Camps Switzerland","article_publisher":"https:\/\/www.facebook.com\/LesElfesVerbier","article_published_time":"2025-01-07T08:26:52+00:00","article_modified_time":"2025-01-07T08:28:18+00:00","og_image":[{"width":591,"height":555,"url":"https:\/\/www.leselfes.com\/wp-content\/uploads\/2022\/02\/Les-Elfes-International-summer-camp-Switzerland-Staff-Mobile-591x555-1.jpg","type":"image\/jpeg"}],"author":"Matthieu Perard","twitter_card":"summary_large_image","twitter_creator":"@LesElfesCamps","twitter_site":"@LesElfesCamps","twitter_misc":{"Scritto da":"Matthieu Perard","Tempo di lettura stimato":"1 minuto"},"schema":{"@context":"https:\/\/schema.org","@graph":[{"@type":"Article","@id":"https:\/\/www.leselfes.com\/it\/lunedi-30-dicembre-neve-sci-e-risate-a-crepapelle\/#article","isPartOf":{"@id":"https:\/\/www.leselfes.com\/it\/lunedi-30-dicembre-neve-sci-e-risate-a-crepapelle\/"},"author":{"name":"Matthieu Perard","@id":"https:\/\/dev.leselfes.com\/#\/schema\/person\/7ac5f99a7f3c597105fe663a00bdf6d6"},"headline":"Luned\u00ec 30 dicembre &#8211; Neve, sci e risate a crepapelle","datePublished":"2025-01-07T08:26:52+00:00","dateModified":"2025-01-07T08:28:18+00:00","mainEntityOfPage":{"@id":"https:\/\/www.leselfes.com\/it\/lunedi-30-dicembre-neve-sci-e-risate-a-crepapelle\/"},"wordCount":306,"publisher":{"@id":"https:\/\/dev.leselfes.com\/#organization"},"inLanguage":"it-IT"},{"@type":"WebPage","@id":"https:\/\/www.leselfes.com\/it\/lunedi-30-dicembre-neve-sci-e-risate-a-crepapelle\/","url":"https:\/\/www.leselfes.com\/it\/lunedi-30-dicembre-neve-sci-e-risate-a-crepapelle\/","name":"Luned\u00ec 30 dicembre - Neve, sci e risate a crepapelle - Les Elfes International Camps Switzerland","isPartOf":{"@id":"https:\/\/dev.leselfes.com\/#website"},"datePublished":"2025-01-07T08:26:52+00:00","dateModified":"2025-01-07T08:28:18+00:00","breadcrumb":{"@id":"https:\/\/www.leselfes.com\/it\/lunedi-30-dicembre-neve-sci-e-risate-a-crepapelle\/#breadcrumb"},"inLanguage":"it-IT","potentialAction":[{"@type":"ReadAction","target":["https:\/\/www.leselfes.com\/it\/lunedi-30-dicembre-neve-sci-e-risate-a-crepapelle\/"]}]},{"@type":"BreadcrumbList","@id":"https:\/\/www.leselfes.com\/it\/lunedi-30-dicembre-neve-sci-e-risate-a-crepapelle\/#breadcrumb","itemListElement":[{"@type":"ListItem","position":1,"name":"Home","item":"https:\/\/www.leselfes.com\/it\/"},{"@type":"ListItem","position":2,"name":"Luned\u00ec 30 dicembre &#8211; Neve, sci e risate a crepapelle"}]},{"@type":"WebSite","@id":"https:\/\/dev.leselfes.com\/#website","url":"https:\/\/dev.leselfes.com\/","name":"Les Elfes International","description":"Les Elfes International, Verbier Switzerland. Summer Camp, Winter Camp, Spring Camps.","publisher":{"@id":"https:\/\/dev.leselfes.com\/#organization"},"alternateName":"Les Elfes International","potentialAction":[{"@type":"SearchAction","target":{"@type":"EntryPoint","urlTemplate":"https:\/\/dev.leselfes.com\/?s={search_term_string}"},"query-input":{"@type":"PropertyValueSpecification","valueRequired":true,"valueName":"search_term_string"}}],"inLanguage":"it-IT"},{"@type":"Organization","@id":"https:\/\/dev.leselfes.com\/#organization","name":"Les Elfes International","alternateName":"Les Elfes International","url":"https:\/\/dev.leselfes.com\/","logo":{"@type":"ImageObject","inLanguage":"it-IT","@id":"https:\/\/dev.leselfes.com\/#\/schema\/logo\/image\/","url":"https:\/\/www.leselfes.com\/wp-content\/uploads\/2022\/03\/leselfes-logo.png","contentUrl":"https:\/\/www.leselfes.com\/wp-content\/uploads\/2022\/03\/leselfes-logo.png","width":233,"height":51,"caption":"Les Elfes International"},"image":{"@id":"https:\/\/dev.leselfes.com\/#\/schema\/logo\/image\/"},"sameAs":["https:\/\/www.facebook.com\/LesElfesVerbier","https:\/\/x.com\/LesElfesCamps","https:\/\/www.instagram.com\/leselfes","https:\/\/www.linkedin.com\/company\/les-elfes-international","https:\/\/www.youtube.com\/user\/LesElfesVerbier"]},{"@type":"Person","@id":"https:\/\/dev.leselfes.com\/#\/schema\/person\/7ac5f99a7f3c597105fe663a00bdf6d6","name":"Matthieu Perard","image":{"@type":"ImageObject","inLanguage":"it-IT","@id":"https:\/\/dev.leselfes.com\/#\/schema\/person\/image\/","url":"https:\/\/secure.gravatar.com\/avatar\/e368f5bd153d15a1ff42a4c64a46d1ef?s=96&d=mm&r=g","contentUrl":"https:\/\/secure.gravatar.com\/avatar\/e368f5bd153d15a1ff42a4c64a46d1ef?s=96&d=mm&r=g","caption":"Matthieu Perard"},"url":"https:\/\/www.leselfes.com\/it\/author\/m-pierardnotostudio-ch\/"}]}},"_links":{"self":[{"href":"https:\/\/www.leselfes.com\/it\/wp-json\/wp\/v2\/posts\/96409"}],"collection":[{"href":"https:\/\/www.leselfes.com\/it\/wp-json\/wp\/v2\/posts"}],"about":[{"href":"https:\/\/www.leselfes.com\/it\/wp-json\/wp\/v2\/types\/post"}],"author":[{"embeddable":true,"href":"https:\/\/www.leselfes.com\/it\/wp-json\/wp\/v2\/users\/16"}],"replies":[{"embeddable":true,"href":"https:\/\/www.leselfes.com\/it\/wp-json\/wp\/v2\/comments?post=96409"}],"version-history":[{"count":0,"href":"https:\/\/www.leselfes.com\/it\/wp-json\/wp\/v2\/posts\/96409\/revisions"}],"wp:attachment":[{"href":"https:\/\/www.leselfes.com\/it\/wp-json\/wp\/v2\/media?parent=96409"}],"wp:term":[{"taxonomy":"category","embeddable":true,"href":"https:\/\/www.leselfes.com\/it\/wp-json\/wp\/v2\/categories?post=96409"},{"taxonomy":"post_tag","embeddable":true,"href":"https:\/\/www.leselfes.com\/it\/wp-json\/wp\/v2\/tags?post=96409"}],"curies":[{"name":"wp","href":"https:\/\/api.w.org\/{rel}","templated":true}]}}