{"id":96468,"date":"2025-01-07T09:30:48","date_gmt":"2025-01-07T08:30:48","guid":{"rendered":"https:\/\/www.leselfes.com\/domenica-5-gennaio-lavventura-ha-inizio\/"},"modified":"2025-01-07T09:32:00","modified_gmt":"2025-01-07T08:32:00","slug":"domenica-5-gennaio-lavventura-ha-inizio","status":"publish","type":"post","link":"https:\/\/www.leselfes.com\/it\/domenica-5-gennaio-lavventura-ha-inizio\/","title":{"rendered":"Domenica 5 gennaio &#8211; L&#8217;avventura ha inizio"},"content":{"rendered":"<p>Che primo giorno magico! Verbier \u00e8 bella come sempre, con le cime innevate e l&#8217;aria frizzante di montagna. Il campo \u00e8 pieno di bambini entusiasti provenienti da tutto il mondo. Oggi \u00e8 stato il loro primo giorno sulle piste e non potrei essere pi\u00f9 felice di vedere la loro gioia. Dopo una ricca colazione, i principianti sono usciti per la loro prima lezione di sci. Alcuni erano nervosi, ma con un po&#8217; di incoraggiamento hanno trovato rapidamente la fiducia in se stessi. Ci sono state alcune cadute, ma ogni bambino si \u00e8 rialzato con un sorriso. \u00c8 sempre commovente vederli imparare e crescere! Dopo aver sciato, sono tornati al campo per il pranzo, desiderosi di condividere i loro trionfi. Alcuni erano ancora un po&#8217; scossi, ma tutti si sentivano orgogliosi dei loro progressi. Nel pomeriggio, gli sciatori pi\u00f9 esperti sono tornati sulle piste mentre i principianti hanno continuato a esercitarsi. Pi\u00f9 tardi, alcuni bambini sono andati in citt\u00e0 a pattinare sul ghiaccio, mentre altri hanno visitato il centro sportivo per arrampicarsi e giocare. La sera, dopo un&#8217;abbondante cena, \u00e8 stata la serata dei quiz! I bambini hanno formato delle squadre e hanno risposto con entusiasmo alle domande, ridendo e applaudendo ad ogni risposta corretta. \u00c8 stato un modo meraviglioso per concludere una giornata ricca di avventure e nuove amicizie. Domani si preannuncia ancora pi\u00f9 divertente e non vedo l&#8217;ora di vedere come continueranno a crescere. Per ora mi riposo e mi preparo per un&#8217;altra giornata magica. Con tanti auguri,   <\/p>\n<p><em>Talia, l&#8217;elfo di Verbier<\/em><\/p>\n","protected":false},"excerpt":{"rendered":"<p>Che primo giorno magico! Verbier \u00e8 bella come sempre, con le cime innevate e l&#8217;aria frizzante di montagna. Il campo \u00e8 pieno di bambini entusiasti provenienti da tutto il mondo&#8230;.<\/p>\n","protected":false},"author":16,"featured_media":0,"comment_status":"closed","ping_status":"open","sticky":false,"template":"","format":"standard","meta":{"_acf_changed":false,"inline_featured_image":false,"footnotes":""},"categories":[],"tags":[],"class_list":["post-96468","post","type-post","status-publish","format-standard"],"acf":[],"yoast_head":"<!-- This site is optimized with the Yoast SEO Premium plugin v24.2 (Yoast SEO v24.7) - https:\/\/yoast.com\/wordpress\/plugins\/seo\/ -->\n<title>Domenica 5 gennaio - L&#039;avventura ha inizio - Les Elfes International Camps Switzerland<\/title>\n<meta name=\"robots\" content=\"index, follow, max-snippet:-1, max-image-preview:large, max-video-preview:-1\" \/>\n<link rel=\"canonical\" href=\"https:\/\/www.leselfes.com\/it\/domenica-5-gennaio-lavventura-ha-inizio\/\" \/>\n<meta property=\"og:locale\" content=\"it_IT\" \/>\n<meta property=\"og:type\" content=\"article\" \/>\n<meta property=\"og:title\" content=\"Domenica 5 gennaio - L&#039;avventura ha inizio\" \/>\n<meta property=\"og:description\" content=\"Che primo giorno magico! Verbier \u00e8 bella come sempre, con le cime innevate e l&#8217;aria frizzante di montagna. Il campo \u00e8 pieno di bambini entusiasti provenienti da tutto il mondo....\" \/>\n<meta property=\"og:url\" content=\"https:\/\/www.leselfes.com\/it\/domenica-5-gennaio-lavventura-ha-inizio\/\" \/>\n<meta property=\"og:site_name\" content=\"Les Elfes International Camps Switzerland\" \/>\n<meta property=\"article:publisher\" content=\"https:\/\/www.facebook.com\/LesElfesVerbier\" \/>\n<meta property=\"article:published_time\" content=\"2025-01-07T08:30:48+00:00\" \/>\n<meta property=\"article:modified_time\" content=\"2025-01-07T08:32:00+00:00\" \/>\n<meta property=\"og:image\" content=\"https:\/\/www.leselfes.com\/wp-content\/uploads\/2022\/02\/Les-Elfes-International-summer-camp-Switzerland-Staff-Mobile-591x555-1.jpg\" \/>\n\t<meta property=\"og:image:width\" content=\"591\" \/>\n\t<meta property=\"og:image:height\" content=\"555\" \/>\n\t<meta property=\"og:image:type\" content=\"image\/jpeg\" \/>\n<meta name=\"author\" content=\"Matthieu Perard\" \/>\n<meta name=\"twitter:card\" content=\"summary_large_image\" \/>\n<meta name=\"twitter:creator\" content=\"@LesElfesCamps\" \/>\n<meta name=\"twitter:site\" content=\"@LesElfesCamps\" \/>\n<meta name=\"twitter:label1\" content=\"Scritto da\" \/>\n\t<meta name=\"twitter:data1\" content=\"Matthieu Perard\" \/>\n\t<meta name=\"twitter:label2\" content=\"Tempo di lettura stimato\" \/>\n\t<meta name=\"twitter:data2\" content=\"1 minuto\" \/>\n<script type=\"application\/ld+json\" class=\"yoast-schema-graph\">{\"@context\":\"https:\/\/schema.org\",\"@graph\":[{\"@type\":\"Article\",\"@id\":\"https:\/\/www.leselfes.com\/it\/domenica-5-gennaio-lavventura-ha-inizio\/#article\",\"isPartOf\":{\"@id\":\"https:\/\/www.leselfes.com\/it\/domenica-5-gennaio-lavventura-ha-inizio\/\"},\"author\":{\"name\":\"Matthieu Perard\",\"@id\":\"https:\/\/dev.leselfes.com\/#\/schema\/person\/7ac5f99a7f3c597105fe663a00bdf6d6\"},\"headline\":\"Domenica 5 gennaio &#8211; L&#8217;avventura ha inizio\",\"datePublished\":\"2025-01-07T08:30:48+00:00\",\"dateModified\":\"2025-01-07T08:32:00+00:00\",\"mainEntityOfPage\":{\"@id\":\"https:\/\/www.leselfes.com\/it\/domenica-5-gennaio-lavventura-ha-inizio\/\"},\"wordCount\":258,\"publisher\":{\"@id\":\"https:\/\/dev.leselfes.com\/#organization\"},\"inLanguage\":\"it-IT\"},{\"@type\":\"WebPage\",\"@id\":\"https:\/\/www.leselfes.com\/it\/domenica-5-gennaio-lavventura-ha-inizio\/\",\"url\":\"https:\/\/www.leselfes.com\/it\/domenica-5-gennaio-lavventura-ha-inizio\/\",\"name\":\"Domenica 5 gennaio - L'avventura ha inizio - Les Elfes International Camps Switzerland\",\"isPartOf\":{\"@id\":\"https:\/\/dev.leselfes.com\/#website\"},\"datePublished\":\"2025-01-07T08:30:48+00:00\",\"dateModified\":\"2025-01-07T08:32:00+00:00\",\"breadcrumb\":{\"@id\":\"https:\/\/www.leselfes.com\/it\/domenica-5-gennaio-lavventura-ha-inizio\/#breadcrumb\"},\"inLanguage\":\"it-IT\",\"potentialAction\":[{\"@type\":\"ReadAction\",\"target\":[\"https:\/\/www.leselfes.com\/it\/domenica-5-gennaio-lavventura-ha-inizio\/\"]}]},{\"@type\":\"BreadcrumbList\",\"@id\":\"https:\/\/www.leselfes.com\/it\/domenica-5-gennaio-lavventura-ha-inizio\/#breadcrumb\",\"itemListElement\":[{\"@type\":\"ListItem\",\"position\":1,\"name\":\"Home\",\"item\":\"https:\/\/www.leselfes.com\/it\/\"},{\"@type\":\"ListItem\",\"position\":2,\"name\":\"Domenica 5 gennaio &#8211; L&#8217;avventura ha inizio\"}]},{\"@type\":\"WebSite\",\"@id\":\"https:\/\/dev.leselfes.com\/#website\",\"url\":\"https:\/\/dev.leselfes.com\/\",\"name\":\"Les Elfes International\",\"description\":\"Les Elfes International, Verbier Switzerland. Summer Camp, Winter Camp, Spring Camps.\",\"publisher\":{\"@id\":\"https:\/\/dev.leselfes.com\/#organization\"},\"alternateName\":\"Les Elfes International\",\"potentialAction\":[{\"@type\":\"SearchAction\",\"target\":{\"@type\":\"EntryPoint\",\"urlTemplate\":\"https:\/\/dev.leselfes.com\/?s={search_term_string}\"},\"query-input\":{\"@type\":\"PropertyValueSpecification\",\"valueRequired\":true,\"valueName\":\"search_term_string\"}}],\"inLanguage\":\"it-IT\"},{\"@type\":\"Organization\",\"@id\":\"https:\/\/dev.leselfes.com\/#organization\",\"name\":\"Les Elfes International\",\"alternateName\":\"Les Elfes International\",\"url\":\"https:\/\/dev.leselfes.com\/\",\"logo\":{\"@type\":\"ImageObject\",\"inLanguage\":\"it-IT\",\"@id\":\"https:\/\/dev.leselfes.com\/#\/schema\/logo\/image\/\",\"url\":\"https:\/\/www.leselfes.com\/wp-content\/uploads\/2022\/03\/leselfes-logo.png\",\"contentUrl\":\"https:\/\/www.leselfes.com\/wp-content\/uploads\/2022\/03\/leselfes-logo.png\",\"width\":233,\"height\":51,\"caption\":\"Les Elfes International\"},\"image\":{\"@id\":\"https:\/\/dev.leselfes.com\/#\/schema\/logo\/image\/\"},\"sameAs\":[\"https:\/\/www.facebook.com\/LesElfesVerbier\",\"https:\/\/x.com\/LesElfesCamps\",\"https:\/\/www.instagram.com\/leselfes\",\"https:\/\/www.linkedin.com\/company\/les-elfes-international\",\"https:\/\/www.youtube.com\/user\/LesElfesVerbier\"]},{\"@type\":\"Person\",\"@id\":\"https:\/\/dev.leselfes.com\/#\/schema\/person\/7ac5f99a7f3c597105fe663a00bdf6d6\",\"name\":\"Matthieu Perard\",\"image\":{\"@type\":\"ImageObject\",\"inLanguage\":\"it-IT\",\"@id\":\"https:\/\/dev.leselfes.com\/#\/schema\/person\/image\/\",\"url\":\"https:\/\/secure.gravatar.com\/avatar\/e368f5bd153d15a1ff42a4c64a46d1ef?s=96&d=mm&r=g\",\"contentUrl\":\"https:\/\/secure.gravatar.com\/avatar\/e368f5bd153d15a1ff42a4c64a46d1ef?s=96&d=mm&r=g\",\"caption\":\"Matthieu Perard\"},\"url\":\"https:\/\/www.leselfes.com\/it\/author\/m-pierardnotostudio-ch\/\"}]}<\/script>\n<!-- \/ Yoast SEO Premium plugin. -->","yoast_head_json":{"title":"Domenica 5 gennaio - L'avventura ha inizio - Les Elfes International Camps Switzerland","robots":{"index":"index","follow":"follow","max-snippet":"max-snippet:-1","max-image-preview":"max-image-preview:large","max-video-preview":"max-video-preview:-1"},"canonical":"https:\/\/www.leselfes.com\/it\/domenica-5-gennaio-lavventura-ha-inizio\/","og_locale":"it_IT","og_type":"article","og_title":"Domenica 5 gennaio - L'avventura ha inizio","og_description":"Che primo giorno magico! Verbier \u00e8 bella come sempre, con le cime innevate e l&#8217;aria frizzante di montagna. Il campo \u00e8 pieno di bambini entusiasti provenienti da tutto il mondo....","og_url":"https:\/\/www.leselfes.com\/it\/domenica-5-gennaio-lavventura-ha-inizio\/","og_site_name":"Les Elfes International Camps Switzerland","article_publisher":"https:\/\/www.facebook.com\/LesElfesVerbier","article_published_time":"2025-01-07T08:30:48+00:00","article_modified_time":"2025-01-07T08:32:00+00:00","og_image":[{"width":591,"height":555,"url":"https:\/\/www.leselfes.com\/wp-content\/uploads\/2022\/02\/Les-Elfes-International-summer-camp-Switzerland-Staff-Mobile-591x555-1.jpg","type":"image\/jpeg"}],"author":"Matthieu Perard","twitter_card":"summary_large_image","twitter_creator":"@LesElfesCamps","twitter_site":"@LesElfesCamps","twitter_misc":{"Scritto da":"Matthieu Perard","Tempo di lettura stimato":"1 minuto"},"schema":{"@context":"https:\/\/schema.org","@graph":[{"@type":"Article","@id":"https:\/\/www.leselfes.com\/it\/domenica-5-gennaio-lavventura-ha-inizio\/#article","isPartOf":{"@id":"https:\/\/www.leselfes.com\/it\/domenica-5-gennaio-lavventura-ha-inizio\/"},"author":{"name":"Matthieu Perard","@id":"https:\/\/dev.leselfes.com\/#\/schema\/person\/7ac5f99a7f3c597105fe663a00bdf6d6"},"headline":"Domenica 5 gennaio &#8211; L&#8217;avventura ha inizio","datePublished":"2025-01-07T08:30:48+00:00","dateModified":"2025-01-07T08:32:00+00:00","mainEntityOfPage":{"@id":"https:\/\/www.leselfes.com\/it\/domenica-5-gennaio-lavventura-ha-inizio\/"},"wordCount":258,"publisher":{"@id":"https:\/\/dev.leselfes.com\/#organization"},"inLanguage":"it-IT"},{"@type":"WebPage","@id":"https:\/\/www.leselfes.com\/it\/domenica-5-gennaio-lavventura-ha-inizio\/","url":"https:\/\/www.leselfes.com\/it\/domenica-5-gennaio-lavventura-ha-inizio\/","name":"Domenica 5 gennaio - L'avventura ha inizio - Les Elfes International Camps Switzerland","isPartOf":{"@id":"https:\/\/dev.leselfes.com\/#website"},"datePublished":"2025-01-07T08:30:48+00:00","dateModified":"2025-01-07T08:32:00+00:00","breadcrumb":{"@id":"https:\/\/www.leselfes.com\/it\/domenica-5-gennaio-lavventura-ha-inizio\/#breadcrumb"},"inLanguage":"it-IT","potentialAction":[{"@type":"ReadAction","target":["https:\/\/www.leselfes.com\/it\/domenica-5-gennaio-lavventura-ha-inizio\/"]}]},{"@type":"BreadcrumbList","@id":"https:\/\/www.leselfes.com\/it\/domenica-5-gennaio-lavventura-ha-inizio\/#breadcrumb","itemListElement":[{"@type":"ListItem","position":1,"name":"Home","item":"https:\/\/www.leselfes.com\/it\/"},{"@type":"ListItem","position":2,"name":"Domenica 5 gennaio &#8211; L&#8217;avventura ha inizio"}]},{"@type":"WebSite","@id":"https:\/\/dev.leselfes.com\/#website","url":"https:\/\/dev.leselfes.com\/","name":"Les Elfes International","description":"Les Elfes International, Verbier Switzerland. Summer Camp, Winter Camp, Spring Camps.","publisher":{"@id":"https:\/\/dev.leselfes.com\/#organization"},"alternateName":"Les Elfes International","potentialAction":[{"@type":"SearchAction","target":{"@type":"EntryPoint","urlTemplate":"https:\/\/dev.leselfes.com\/?s={search_term_string}"},"query-input":{"@type":"PropertyValueSpecification","valueRequired":true,"valueName":"search_term_string"}}],"inLanguage":"it-IT"},{"@type":"Organization","@id":"https:\/\/dev.leselfes.com\/#organization","name":"Les Elfes International","alternateName":"Les Elfes International","url":"https:\/\/dev.leselfes.com\/","logo":{"@type":"ImageObject","inLanguage":"it-IT","@id":"https:\/\/dev.leselfes.com\/#\/schema\/logo\/image\/","url":"https:\/\/www.leselfes.com\/wp-content\/uploads\/2022\/03\/leselfes-logo.png","contentUrl":"https:\/\/www.leselfes.com\/wp-content\/uploads\/2022\/03\/leselfes-logo.png","width":233,"height":51,"caption":"Les Elfes International"},"image":{"@id":"https:\/\/dev.leselfes.com\/#\/schema\/logo\/image\/"},"sameAs":["https:\/\/www.facebook.com\/LesElfesVerbier","https:\/\/x.com\/LesElfesCamps","https:\/\/www.instagram.com\/leselfes","https:\/\/www.linkedin.com\/company\/les-elfes-international","https:\/\/www.youtube.com\/user\/LesElfesVerbier"]},{"@type":"Person","@id":"https:\/\/dev.leselfes.com\/#\/schema\/person\/7ac5f99a7f3c597105fe663a00bdf6d6","name":"Matthieu Perard","image":{"@type":"ImageObject","inLanguage":"it-IT","@id":"https:\/\/dev.leselfes.com\/#\/schema\/person\/image\/","url":"https:\/\/secure.gravatar.com\/avatar\/e368f5bd153d15a1ff42a4c64a46d1ef?s=96&d=mm&r=g","contentUrl":"https:\/\/secure.gravatar.com\/avatar\/e368f5bd153d15a1ff42a4c64a46d1ef?s=96&d=mm&r=g","caption":"Matthieu Perard"},"url":"https:\/\/www.leselfes.com\/it\/author\/m-pierardnotostudio-ch\/"}]}},"_links":{"self":[{"href":"https:\/\/www.leselfes.com\/it\/wp-json\/wp\/v2\/posts\/96468"}],"collection":[{"href":"https:\/\/www.leselfes.com\/it\/wp-json\/wp\/v2\/posts"}],"about":[{"href":"https:\/\/www.leselfes.com\/it\/wp-json\/wp\/v2\/types\/post"}],"author":[{"embeddable":true,"href":"https:\/\/www.leselfes.com\/it\/wp-json\/wp\/v2\/users\/16"}],"replies":[{"embeddable":true,"href":"https:\/\/www.leselfes.com\/it\/wp-json\/wp\/v2\/comments?post=96468"}],"version-history":[{"count":0,"href":"https:\/\/www.leselfes.com\/it\/wp-json\/wp\/v2\/posts\/96468\/revisions"}],"wp:attachment":[{"href":"https:\/\/www.leselfes.com\/it\/wp-json\/wp\/v2\/media?parent=96468"}],"wp:term":[{"taxonomy":"category","embeddable":true,"href":"https:\/\/www.leselfes.com\/it\/wp-json\/wp\/v2\/categories?post=96468"},{"taxonomy":"post_tag","embeddable":true,"href":"https:\/\/www.leselfes.com\/it\/wp-json\/wp\/v2\/tags?post=96468"}],"curies":[{"name":"wp","href":"https:\/\/api.w.org\/{rel}","templated":true}]}}