{"id":96475,"date":"2025-01-07T09:30:08","date_gmt":"2025-01-07T08:30:08","guid":{"rendered":"https:\/\/www.leselfes.com\/venerdi-3-gennaio-ultimo-giorno-per-i-nostri-elfi\/"},"modified":"2025-01-07T09:32:08","modified_gmt":"2025-01-07T08:32:08","slug":"venerdi-3-gennaio-ultimo-giorno-per-i-nostri-elfi","status":"publish","type":"post","link":"https:\/\/www.leselfes.com\/it\/venerdi-3-gennaio-ultimo-giorno-per-i-nostri-elfi\/","title":{"rendered":"Venerd\u00ec 3 gennaio- Ultimo giorno per i nostri elfi"},"content":{"rendered":"<p>Che giornata finale perfetta a Les Elfes! La mattina \u00e8 iniziata con un cielo luminoso e soleggiato e la neve fresca che ricopriva le piste. I bambini erano carichi per la gara ed \u00e8 stato divertente guardarli mentre si sfidavano: alcuni veloci, altri meno, ma tutti si sono divertiti. Dopo la gara, ci siamo diretti al barbecue in mezzo alle piste. Buon cibo, splendide viste e tante risate. Una combinazione difficile da battere. Nel pomeriggio, i ragazzi si sono rilassati al campo: alcuni hanno giocato, altri si sono rilassati. La cena \u00e8 stata a base di fonduta (ovviamente) e poi c&#8217;\u00e8 stata la cerimonia di premiazione dei migliori sciatori. Erano tutti entusiasti ed \u00e8 stato bello vedere che tutti facevano il tifo per gli altri. Abbiamo concluso con un fal\u00f2. Canzoni, storie e molti momenti di &#8220;un ultimo marshmallow&#8221;. \u00c8 stata una settimana intensa e, quando il fuoco si \u00e8 spento, ho capito che sarebbe stato difficile lasciare questo posto. Talia, l&#8217;elfo \u2728  <\/p>\n","protected":false},"excerpt":{"rendered":"<p>Che giornata finale perfetta a Les Elfes! La mattina \u00e8 iniziata con un cielo luminoso e soleggiato e la neve fresca che ricopriva le piste. I bambini erano carichi per&#8230;<\/p>\n","protected":false},"author":16,"featured_media":0,"comment_status":"closed","ping_status":"open","sticky":false,"template":"","format":"standard","meta":{"_acf_changed":false,"inline_featured_image":false,"footnotes":""},"categories":[],"tags":[],"class_list":["post-96475","post","type-post","status-publish","format-standard"],"acf":[],"yoast_head":"<!-- This site is optimized with the Yoast SEO Premium plugin v24.2 (Yoast SEO v24.7) - https:\/\/yoast.com\/wordpress\/plugins\/seo\/ -->\n<title>Venerd\u00ec 3 gennaio- Ultimo giorno per i nostri elfi - Les Elfes International Camps Switzerland<\/title>\n<meta name=\"robots\" content=\"index, follow, max-snippet:-1, max-image-preview:large, max-video-preview:-1\" \/>\n<link rel=\"canonical\" href=\"https:\/\/www.leselfes.com\/it\/venerdi-3-gennaio-ultimo-giorno-per-i-nostri-elfi\/\" \/>\n<meta property=\"og:locale\" content=\"it_IT\" \/>\n<meta property=\"og:type\" content=\"article\" \/>\n<meta property=\"og:title\" content=\"Venerd\u00ec 3 gennaio- Ultimo giorno per i nostri elfi\" \/>\n<meta property=\"og:description\" content=\"Che giornata finale perfetta a Les Elfes! La mattina \u00e8 iniziata con un cielo luminoso e soleggiato e la neve fresca che ricopriva le piste. I bambini erano carichi per...\" \/>\n<meta property=\"og:url\" content=\"https:\/\/www.leselfes.com\/it\/venerdi-3-gennaio-ultimo-giorno-per-i-nostri-elfi\/\" \/>\n<meta property=\"og:site_name\" content=\"Les Elfes International Camps Switzerland\" \/>\n<meta property=\"article:publisher\" content=\"https:\/\/www.facebook.com\/LesElfesVerbier\" \/>\n<meta property=\"article:published_time\" content=\"2025-01-07T08:30:08+00:00\" \/>\n<meta property=\"article:modified_time\" content=\"2025-01-07T08:32:08+00:00\" \/>\n<meta property=\"og:image\" content=\"https:\/\/www.leselfes.com\/wp-content\/uploads\/2022\/02\/Les-Elfes-International-summer-camp-Switzerland-Staff-Mobile-591x555-1.jpg\" \/>\n\t<meta property=\"og:image:width\" content=\"591\" \/>\n\t<meta property=\"og:image:height\" content=\"555\" \/>\n\t<meta property=\"og:image:type\" content=\"image\/jpeg\" \/>\n<meta name=\"author\" content=\"Matthieu Perard\" \/>\n<meta name=\"twitter:card\" content=\"summary_large_image\" \/>\n<meta name=\"twitter:creator\" content=\"@LesElfesCamps\" \/>\n<meta name=\"twitter:site\" content=\"@LesElfesCamps\" \/>\n<meta name=\"twitter:label1\" content=\"Scritto da\" \/>\n\t<meta name=\"twitter:data1\" content=\"Matthieu Perard\" \/>\n\t<meta name=\"twitter:label2\" content=\"Tempo di lettura stimato\" \/>\n\t<meta name=\"twitter:data2\" content=\"1 minuto\" \/>\n<script type=\"application\/ld+json\" class=\"yoast-schema-graph\">{\"@context\":\"https:\/\/schema.org\",\"@graph\":[{\"@type\":\"Article\",\"@id\":\"https:\/\/www.leselfes.com\/it\/venerdi-3-gennaio-ultimo-giorno-per-i-nostri-elfi\/#article\",\"isPartOf\":{\"@id\":\"https:\/\/www.leselfes.com\/it\/venerdi-3-gennaio-ultimo-giorno-per-i-nostri-elfi\/\"},\"author\":{\"name\":\"Matthieu Perard\",\"@id\":\"https:\/\/dev.leselfes.com\/#\/schema\/person\/7ac5f99a7f3c597105fe663a00bdf6d6\"},\"headline\":\"Venerd\u00ec 3 gennaio- Ultimo giorno per i nostri elfi\",\"datePublished\":\"2025-01-07T08:30:08+00:00\",\"dateModified\":\"2025-01-07T08:32:08+00:00\",\"mainEntityOfPage\":{\"@id\":\"https:\/\/www.leselfes.com\/it\/venerdi-3-gennaio-ultimo-giorno-per-i-nostri-elfi\/\"},\"wordCount\":165,\"publisher\":{\"@id\":\"https:\/\/dev.leselfes.com\/#organization\"},\"inLanguage\":\"it-IT\"},{\"@type\":\"WebPage\",\"@id\":\"https:\/\/www.leselfes.com\/it\/venerdi-3-gennaio-ultimo-giorno-per-i-nostri-elfi\/\",\"url\":\"https:\/\/www.leselfes.com\/it\/venerdi-3-gennaio-ultimo-giorno-per-i-nostri-elfi\/\",\"name\":\"Venerd\u00ec 3 gennaio- Ultimo giorno per i nostri elfi - Les Elfes International Camps Switzerland\",\"isPartOf\":{\"@id\":\"https:\/\/dev.leselfes.com\/#website\"},\"datePublished\":\"2025-01-07T08:30:08+00:00\",\"dateModified\":\"2025-01-07T08:32:08+00:00\",\"breadcrumb\":{\"@id\":\"https:\/\/www.leselfes.com\/it\/venerdi-3-gennaio-ultimo-giorno-per-i-nostri-elfi\/#breadcrumb\"},\"inLanguage\":\"it-IT\",\"potentialAction\":[{\"@type\":\"ReadAction\",\"target\":[\"https:\/\/www.leselfes.com\/it\/venerdi-3-gennaio-ultimo-giorno-per-i-nostri-elfi\/\"]}]},{\"@type\":\"BreadcrumbList\",\"@id\":\"https:\/\/www.leselfes.com\/it\/venerdi-3-gennaio-ultimo-giorno-per-i-nostri-elfi\/#breadcrumb\",\"itemListElement\":[{\"@type\":\"ListItem\",\"position\":1,\"name\":\"Home\",\"item\":\"https:\/\/www.leselfes.com\/it\/\"},{\"@type\":\"ListItem\",\"position\":2,\"name\":\"Venerd\u00ec 3 gennaio- Ultimo giorno per i nostri elfi\"}]},{\"@type\":\"WebSite\",\"@id\":\"https:\/\/dev.leselfes.com\/#website\",\"url\":\"https:\/\/dev.leselfes.com\/\",\"name\":\"Les Elfes International\",\"description\":\"Les Elfes International, Verbier Switzerland. Summer Camp, Winter Camp, Spring Camps.\",\"publisher\":{\"@id\":\"https:\/\/dev.leselfes.com\/#organization\"},\"alternateName\":\"Les Elfes International\",\"potentialAction\":[{\"@type\":\"SearchAction\",\"target\":{\"@type\":\"EntryPoint\",\"urlTemplate\":\"https:\/\/dev.leselfes.com\/?s={search_term_string}\"},\"query-input\":{\"@type\":\"PropertyValueSpecification\",\"valueRequired\":true,\"valueName\":\"search_term_string\"}}],\"inLanguage\":\"it-IT\"},{\"@type\":\"Organization\",\"@id\":\"https:\/\/dev.leselfes.com\/#organization\",\"name\":\"Les Elfes International\",\"alternateName\":\"Les Elfes International\",\"url\":\"https:\/\/dev.leselfes.com\/\",\"logo\":{\"@type\":\"ImageObject\",\"inLanguage\":\"it-IT\",\"@id\":\"https:\/\/dev.leselfes.com\/#\/schema\/logo\/image\/\",\"url\":\"https:\/\/www.leselfes.com\/wp-content\/uploads\/2022\/03\/leselfes-logo.png\",\"contentUrl\":\"https:\/\/www.leselfes.com\/wp-content\/uploads\/2022\/03\/leselfes-logo.png\",\"width\":233,\"height\":51,\"caption\":\"Les Elfes International\"},\"image\":{\"@id\":\"https:\/\/dev.leselfes.com\/#\/schema\/logo\/image\/\"},\"sameAs\":[\"https:\/\/www.facebook.com\/LesElfesVerbier\",\"https:\/\/x.com\/LesElfesCamps\",\"https:\/\/www.instagram.com\/leselfes\",\"https:\/\/www.linkedin.com\/company\/les-elfes-international\",\"https:\/\/www.youtube.com\/user\/LesElfesVerbier\"]},{\"@type\":\"Person\",\"@id\":\"https:\/\/dev.leselfes.com\/#\/schema\/person\/7ac5f99a7f3c597105fe663a00bdf6d6\",\"name\":\"Matthieu Perard\",\"image\":{\"@type\":\"ImageObject\",\"inLanguage\":\"it-IT\",\"@id\":\"https:\/\/dev.leselfes.com\/#\/schema\/person\/image\/\",\"url\":\"https:\/\/secure.gravatar.com\/avatar\/e368f5bd153d15a1ff42a4c64a46d1ef?s=96&d=mm&r=g\",\"contentUrl\":\"https:\/\/secure.gravatar.com\/avatar\/e368f5bd153d15a1ff42a4c64a46d1ef?s=96&d=mm&r=g\",\"caption\":\"Matthieu Perard\"},\"url\":\"https:\/\/www.leselfes.com\/it\/author\/m-pierardnotostudio-ch\/\"}]}<\/script>\n<!-- \/ Yoast SEO Premium plugin. -->","yoast_head_json":{"title":"Venerd\u00ec 3 gennaio- Ultimo giorno per i nostri elfi - Les Elfes International Camps Switzerland","robots":{"index":"index","follow":"follow","max-snippet":"max-snippet:-1","max-image-preview":"max-image-preview:large","max-video-preview":"max-video-preview:-1"},"canonical":"https:\/\/www.leselfes.com\/it\/venerdi-3-gennaio-ultimo-giorno-per-i-nostri-elfi\/","og_locale":"it_IT","og_type":"article","og_title":"Venerd\u00ec 3 gennaio- Ultimo giorno per i nostri elfi","og_description":"Che giornata finale perfetta a Les Elfes! La mattina \u00e8 iniziata con un cielo luminoso e soleggiato e la neve fresca che ricopriva le piste. I bambini erano carichi per...","og_url":"https:\/\/www.leselfes.com\/it\/venerdi-3-gennaio-ultimo-giorno-per-i-nostri-elfi\/","og_site_name":"Les Elfes International Camps Switzerland","article_publisher":"https:\/\/www.facebook.com\/LesElfesVerbier","article_published_time":"2025-01-07T08:30:08+00:00","article_modified_time":"2025-01-07T08:32:08+00:00","og_image":[{"width":591,"height":555,"url":"https:\/\/www.leselfes.com\/wp-content\/uploads\/2022\/02\/Les-Elfes-International-summer-camp-Switzerland-Staff-Mobile-591x555-1.jpg","type":"image\/jpeg"}],"author":"Matthieu Perard","twitter_card":"summary_large_image","twitter_creator":"@LesElfesCamps","twitter_site":"@LesElfesCamps","twitter_misc":{"Scritto da":"Matthieu Perard","Tempo di lettura stimato":"1 minuto"},"schema":{"@context":"https:\/\/schema.org","@graph":[{"@type":"Article","@id":"https:\/\/www.leselfes.com\/it\/venerdi-3-gennaio-ultimo-giorno-per-i-nostri-elfi\/#article","isPartOf":{"@id":"https:\/\/www.leselfes.com\/it\/venerdi-3-gennaio-ultimo-giorno-per-i-nostri-elfi\/"},"author":{"name":"Matthieu Perard","@id":"https:\/\/dev.leselfes.com\/#\/schema\/person\/7ac5f99a7f3c597105fe663a00bdf6d6"},"headline":"Venerd\u00ec 3 gennaio- Ultimo giorno per i nostri elfi","datePublished":"2025-01-07T08:30:08+00:00","dateModified":"2025-01-07T08:32:08+00:00","mainEntityOfPage":{"@id":"https:\/\/www.leselfes.com\/it\/venerdi-3-gennaio-ultimo-giorno-per-i-nostri-elfi\/"},"wordCount":165,"publisher":{"@id":"https:\/\/dev.leselfes.com\/#organization"},"inLanguage":"it-IT"},{"@type":"WebPage","@id":"https:\/\/www.leselfes.com\/it\/venerdi-3-gennaio-ultimo-giorno-per-i-nostri-elfi\/","url":"https:\/\/www.leselfes.com\/it\/venerdi-3-gennaio-ultimo-giorno-per-i-nostri-elfi\/","name":"Venerd\u00ec 3 gennaio- Ultimo giorno per i nostri elfi - Les Elfes International Camps Switzerland","isPartOf":{"@id":"https:\/\/dev.leselfes.com\/#website"},"datePublished":"2025-01-07T08:30:08+00:00","dateModified":"2025-01-07T08:32:08+00:00","breadcrumb":{"@id":"https:\/\/www.leselfes.com\/it\/venerdi-3-gennaio-ultimo-giorno-per-i-nostri-elfi\/#breadcrumb"},"inLanguage":"it-IT","potentialAction":[{"@type":"ReadAction","target":["https:\/\/www.leselfes.com\/it\/venerdi-3-gennaio-ultimo-giorno-per-i-nostri-elfi\/"]}]},{"@type":"BreadcrumbList","@id":"https:\/\/www.leselfes.com\/it\/venerdi-3-gennaio-ultimo-giorno-per-i-nostri-elfi\/#breadcrumb","itemListElement":[{"@type":"ListItem","position":1,"name":"Home","item":"https:\/\/www.leselfes.com\/it\/"},{"@type":"ListItem","position":2,"name":"Venerd\u00ec 3 gennaio- Ultimo giorno per i nostri elfi"}]},{"@type":"WebSite","@id":"https:\/\/dev.leselfes.com\/#website","url":"https:\/\/dev.leselfes.com\/","name":"Les Elfes International","description":"Les Elfes International, Verbier Switzerland. Summer Camp, Winter Camp, Spring Camps.","publisher":{"@id":"https:\/\/dev.leselfes.com\/#organization"},"alternateName":"Les Elfes International","potentialAction":[{"@type":"SearchAction","target":{"@type":"EntryPoint","urlTemplate":"https:\/\/dev.leselfes.com\/?s={search_term_string}"},"query-input":{"@type":"PropertyValueSpecification","valueRequired":true,"valueName":"search_term_string"}}],"inLanguage":"it-IT"},{"@type":"Organization","@id":"https:\/\/dev.leselfes.com\/#organization","name":"Les Elfes International","alternateName":"Les Elfes International","url":"https:\/\/dev.leselfes.com\/","logo":{"@type":"ImageObject","inLanguage":"it-IT","@id":"https:\/\/dev.leselfes.com\/#\/schema\/logo\/image\/","url":"https:\/\/www.leselfes.com\/wp-content\/uploads\/2022\/03\/leselfes-logo.png","contentUrl":"https:\/\/www.leselfes.com\/wp-content\/uploads\/2022\/03\/leselfes-logo.png","width":233,"height":51,"caption":"Les Elfes International"},"image":{"@id":"https:\/\/dev.leselfes.com\/#\/schema\/logo\/image\/"},"sameAs":["https:\/\/www.facebook.com\/LesElfesVerbier","https:\/\/x.com\/LesElfesCamps","https:\/\/www.instagram.com\/leselfes","https:\/\/www.linkedin.com\/company\/les-elfes-international","https:\/\/www.youtube.com\/user\/LesElfesVerbier"]},{"@type":"Person","@id":"https:\/\/dev.leselfes.com\/#\/schema\/person\/7ac5f99a7f3c597105fe663a00bdf6d6","name":"Matthieu Perard","image":{"@type":"ImageObject","inLanguage":"it-IT","@id":"https:\/\/dev.leselfes.com\/#\/schema\/person\/image\/","url":"https:\/\/secure.gravatar.com\/avatar\/e368f5bd153d15a1ff42a4c64a46d1ef?s=96&d=mm&r=g","contentUrl":"https:\/\/secure.gravatar.com\/avatar\/e368f5bd153d15a1ff42a4c64a46d1ef?s=96&d=mm&r=g","caption":"Matthieu Perard"},"url":"https:\/\/www.leselfes.com\/it\/author\/m-pierardnotostudio-ch\/"}]}},"_links":{"self":[{"href":"https:\/\/www.leselfes.com\/it\/wp-json\/wp\/v2\/posts\/96475"}],"collection":[{"href":"https:\/\/www.leselfes.com\/it\/wp-json\/wp\/v2\/posts"}],"about":[{"href":"https:\/\/www.leselfes.com\/it\/wp-json\/wp\/v2\/types\/post"}],"author":[{"embeddable":true,"href":"https:\/\/www.leselfes.com\/it\/wp-json\/wp\/v2\/users\/16"}],"replies":[{"embeddable":true,"href":"https:\/\/www.leselfes.com\/it\/wp-json\/wp\/v2\/comments?post=96475"}],"version-history":[{"count":0,"href":"https:\/\/www.leselfes.com\/it\/wp-json\/wp\/v2\/posts\/96475\/revisions"}],"wp:attachment":[{"href":"https:\/\/www.leselfes.com\/it\/wp-json\/wp\/v2\/media?parent=96475"}],"wp:term":[{"taxonomy":"category","embeddable":true,"href":"https:\/\/www.leselfes.com\/it\/wp-json\/wp\/v2\/categories?post=96475"},{"taxonomy":"post_tag","embeddable":true,"href":"https:\/\/www.leselfes.com\/it\/wp-json\/wp\/v2\/tags?post=96475"}],"curies":[{"name":"wp","href":"https:\/\/api.w.org\/{rel}","templated":true}]}}