{"id":109224,"date":"2025-02-06T09:29:12","date_gmt":"2025-02-06T08:29:12","guid":{"rendered":"https:\/\/www.leselfes.com\/que-atividades-sao-oferecidas-no-acampamento-de-verao\/"},"modified":"2025-02-06T09:44:01","modified_gmt":"2025-02-06T08:44:01","slug":"que-atividades-sao-oferecidas-no-acampamento-de-verao","status":"publish","type":"post","link":"https:\/\/www.leselfes.com\/pt-br\/que-atividades-sao-oferecidas-no-acampamento-de-verao\/","title":{"rendered":"Acampamento internacional de ver\u00e3o na Su\u00ed\u00e7a 2025"},"content":{"rendered":"<p>Acampamento internacional de ver\u00e3o na Su\u00ed\u00e7a 2025 | Camp Suisse<\/p>\n<h1>Acampamento internacional de ver\u00e3o na Su\u00ed\u00e7a 2025 | A melhor experi\u00eancia para crian\u00e7as e adolescentes<\/h1>\n<p>A Su\u00ed\u00e7a \u00e9 um dos destinos mais populares para um acampamento <strong>de ver\u00e3o internacional<\/strong>, oferecendo \u00e0s crian\u00e7as e aos adolescentes <strong>f\u00e9rias de ver\u00e3o inesquec\u00edveis<\/strong>, repletas de aventuras ao ar livre, imers\u00e3o cultural e esportes. <strong>O Les Elfes International<\/strong>, localizado na pitoresca cidade de <strong>Verbier<\/strong>, \u00e9 um renomado <strong>acampamento de ver\u00e3o<\/strong> que oferece uma experi\u00eancia exclusiva para crian\u00e7as e adolescentes de 6 a 17 anos. <\/p>\n<p>Com um programa repleto de atividades diversificadas, desde <strong>excurs\u00f5es de esqui<\/strong> nos Alpes su\u00ed\u00e7os at\u00e9 <strong>workshops de lideran\u00e7a<\/strong>, Les Elfes foi projetado para ajudar os campistas <strong>a explorar<\/strong> novas habilidades, fazer <strong>amizades<\/strong> duradouras e desfrutar de uma experi\u00eancia \u00fanica na vida. Quer seu filho se interesse por <strong>esportes<\/strong>, <strong>artes<\/strong> ou <strong>por descobrir a natureza deslumbrante da Europa<\/strong>, esse acampamento de ver\u00e3o oferece o ambiente ideal para <strong>aprender, crescer e se divertir<\/strong>. <\/p>\n<h2>Por que escolher a Su\u00ed\u00e7a para um acampamento de ver\u00e3o?<\/h2>\n<p>A Su\u00ed\u00e7a se destaca como um dos principais destinos para <strong>acampamentos de ver\u00e3o<\/strong> gra\u00e7as a seus <strong>arredores seguros e deslumbrantes, ambiente multicultural e altos padr\u00f5es<\/strong> em programas de educa\u00e7\u00e3o e aventura.<\/p>\n<ul>\n<li><strong>Ambiente seguro e protegido<\/strong>: A Su\u00ed\u00e7a \u00e9 conhecida por seus excelentes padr\u00f5es de seguran\u00e7a, o que a torna o local ideal para as crian\u00e7as passarem por um <strong>acampamento noturno<\/strong>.<\/li>\n<li><strong>Comunidade diversificada e internacional<\/strong>: Os campistas v\u00eam de mais de <strong>50 pa\u00edses<\/strong>, proporcionando uma <strong>experi\u00eancia<\/strong> verdadeiramente <strong>imersiva<\/strong>.<\/li>\n<li><strong>Famosa pelas atividades ao ar livre<\/strong>: Desde <strong>caminhadas nos Alpes<\/strong> at\u00e9 <strong>esquiar em Zermatt<\/strong> e <strong>Crans Montana<\/strong>, a Su\u00ed\u00e7a oferece uma variedade de <strong>excurs\u00f5es<\/strong> que poucos lugares na <strong>Europa<\/strong> podem igualar.<\/li>\n<li><strong>Programas de m\u00faltiplas atividades<\/strong>: <strong>Os acampamentos de ver\u00e3o na Su\u00ed\u00e7a<\/strong> oferecem uma mistura de <strong>esportes, arte, oficinas acad\u00eamicas e aventura<\/strong>, garantindo que cada campista aproveite sua estadia.<\/li>\n<\/ul>\n<h2>O que voc\u00ea espera do acampamento internacional de ver\u00e3o Les Elfes?<\/h2>\n<p>Cada dia no Les Elfes \u00e9 projetado para equilibrar <strong>aprendizado, aventura e relaxamento<\/strong>. O acampamento oferece programas estruturados que envolvem <strong>crian\u00e7as e adolescentes<\/strong> de uma forma que os ajuda a desenvolver <strong>confian\u00e7a, independ\u00eancia e consci\u00eancia cultural<\/strong>. <\/p>\n<h3>Novidades para 2025: programas ainda mais interessantes<\/h3>\n<p>A edi\u00e7\u00e3o 2025 do Les Elfes Summer Camp apresenta op\u00e7\u00f5es adicionais para crian\u00e7as e adolescentes que buscam uma **experi\u00eancia ainda mais imersiva**:<\/p>\n<ul>\n<li><strong>Aventuras ecol\u00f3gicas:<\/strong> Aprenda sobre sustentabilidade e conserva\u00e7\u00e3o ambiental por meio de atividades na natureza.<\/li>\n<li><strong>Acampamento de empreendedorismo e lideran\u00e7a:<\/strong> Um programa com foco em neg\u00f3cios para que os adolescentes desenvolvam habilidades de gerenciamento de projetos.<\/li>\n<li><strong>Treinamento de sobreviv\u00eancia na montanha:<\/strong> Guiados por instrutores especializados, os campistas aprender\u00e3o t\u00e9cnicas de sobreviv\u00eancia nos Alpes su\u00ed\u00e7os.<\/li>\n<\/ul>\n<p>Esses acr\u00e9scimos garantem que <strong>cada crian\u00e7a possa adaptar sua experi\u00eancia<\/strong> de acordo com suas paix\u00f5es e aspira\u00e7\u00f5es.<\/p>\n<h2>A melhor experi\u00eancia de escola de ver\u00e3o: criar um forte esp\u00edrito de equipe no ambiente alpino<\/h2>\n<p>Escolher uma experi\u00eancia de <strong>escola de ver\u00e3o<\/strong> \u00e9 muito mais do que apenas passar um tempo longe de casa &#8211; \u00e9 <strong>aprender, crescer e criar mem\u00f3rias duradouras<\/strong> em um ambiente que incentiva a independ\u00eancia e o trabalho em equipe. Na <strong>Les Elfes International<\/strong>, os alunos participam de um programa cuidadosamente elaborado que combina <strong>aventuras ao ar livre, atividades de lideran\u00e7a e desafios em equipe<\/strong> para ajud\u00e1-los a desenvolver habilidades valiosas para a vida. <\/p>\n<p>Cercados pela deslumbrante <strong>paisagem alpina<\/strong> da Su\u00ed\u00e7a, os campistas t\u00eam a oportunidade de mergulhar em uma experi\u00eancia que fortalece seu <strong>esp\u00edrito de equipe<\/strong> enquanto desfrutam de uma s\u00e9rie de atividades envolventes. Cada dia \u00e9 cuidadosamente estruturado para garantir que todos os participantes se envolvam ativamente em exerc\u00edcios colaborativos, fazendo com que saiam de suas zonas de conforto e interajam com outros campistas de diversas origens. <\/p>\n<p>Um dos principais aspectos de uma experi\u00eancia <strong>de escola de ver\u00e3o<\/strong> bem-sucedida \u00e9 a promo\u00e7\u00e3o de uma <strong>forte din\u00e2mica de equipe<\/strong>. Seja por meio de competi\u00e7\u00f5es esportivas, desafios de sobreviv\u00eancia ao ar livre ou excurs\u00f5es em grupo, os alunos aprendem a import\u00e2ncia da comunica\u00e7\u00e3o, da lideran\u00e7a e da solu\u00e7\u00e3o de problemas. Atividades como <strong>cursos de cordas altas, escalada em rocha e orienta\u00e7\u00e3o em equipe na natureza alpina<\/strong> exigem que os alunos trabalhem juntos, confiem uns nos outros e criem estrat\u00e9gias como uma unidade. Essas experi\u00eancias os ajudam a desenvolver resili\u00eancia, confian\u00e7a e adaptabilidade &#8211; habilidades que os beneficiar\u00e3o muito al\u00e9m de seu tempo no acampamento.   <\/p>\n<p>Al\u00e9m dos aspectos aventureiros do programa, as <strong>iniciativas de forma\u00e7\u00e3o de equipes<\/strong> se estendem a oficinas criativas e estruturadas, criadas para melhorar as intera\u00e7\u00f5es sociais. Por meio de <strong>projetos de arte colaborativa, apresenta\u00e7\u00f5es musicais e narra\u00e7\u00e3o interativa de hist\u00f3rias<\/strong>, os campistas se envolvem de maneiras \u00fanicas que fortalecem as amizades e criam camaradagem. Essas experi\u00eancias compartilhadas contribuem para a forma\u00e7\u00e3o de v\u00ednculos duradouros e <strong>lembran\u00e7as<\/strong> inesquec\u00edveis que os alunos apreciam muito al\u00e9m de sua aventura de ver\u00e3o.  <\/p>\n<p>Al\u00e9m das atividades empolgantes, os participantes do acampamento tamb\u00e9m t\u00eam oportunidades essenciais de crescimento pessoal. Aprender a colaborar, apoiar uns aos outros e navegar em novos ambientes promove um <strong>senso de responsabilidade e autoconsci\u00eancia<\/strong>. No pitoresco <strong>cen\u00e1rio alpino<\/strong>, longe das distra\u00e7\u00f5es da vida cotidiana, os alunos desenvolvem um apre\u00e7o pela natureza, pelo trabalho em equipe e pelas conquistas pessoais, tornando a experi\u00eancia da escola de ver\u00e3o um momento crucial em sua jornada de crescimento.  <\/p>\n<p>Ao final do programa, todos os campistas saem n\u00e3o apenas com <strong>lembran\u00e7as<\/strong> incr\u00edveis, mas tamb\u00e9m com uma nova aprecia\u00e7\u00e3o do valor do trabalho em equipe, da lideran\u00e7a e da aventura. Quer estejam escalando uma montanha, participando de um jogo de estrat\u00e9gia ou compartilhando hist\u00f3rias ao redor de uma fogueira, eles est\u00e3o constantemente <strong>aprendendo<\/strong> e evoluindo como indiv\u00edduos. <\/p>\n<p>Essa <strong>aventura alpina imersiva<\/strong> na <strong>Les Elfes International<\/strong> garante que os alunos voltem para casa com amizades fortalecidas, um senso de confian\u00e7a mais profundo e habilidades inestim\u00e1veis que os ajudar\u00e3o em suas vidas acad\u00eamicas e pessoais.<\/p>\n<h2>Atividades emocionantes do acampamento de ver\u00e3o em Les Elfes<\/h2>\n<h3>Aventuras ao ar livre nos Alpes su\u00ed\u00e7os<\/h3>\n<p>Os campistas da Les Elfes experimentam o melhor da natureza, explorando as montanhas su\u00ed\u00e7as por meio de caminhadas, acampamentos e excurs\u00f5es de mountain bike. Essas atividades ajudam crian\u00e7as e adolescentes a desenvolver confian\u00e7a, resili\u00eancia e habilidades de trabalho em equipe, enquanto descobrem algumas das mais belas paisagens da Europa. <\/p>\n<h3>Atividades de inverno em junho para uma experi\u00eancia inesquec\u00edvel<\/h3>\n<p>Ao contr\u00e1rio de muitos acampamentos de ver\u00e3o, Les Elfes oferece <strong>sess\u00f5es<\/strong> exclusivas <strong>de esqui de ver\u00e3o em junho<\/strong>, dando aos campistas a rara oportunidade de <strong>esquiar no ver\u00e3o<\/strong>. As geleiras de alta altitude da Su\u00ed\u00e7a proporcionam <strong>condi\u00e7\u00f5es perfeitas para esquiar<\/strong>, o que torna essa experi\u00eancia incr\u00edvel para jovens atletas que desejam aprimorar suas habilidades. <\/p>\n<ul>\n<li><strong>Esquiar na geleira no ver\u00e3o<\/strong> em Zermatt.<\/li>\n<li><strong>Workshops de snowboard e freestyle<\/strong> para alunos avan\u00e7ados.<\/li>\n<li><strong>T\u00e9cnicas de sobreviv\u00eancia no inverno<\/strong> e treinamento de conscientiza\u00e7\u00e3o sobre avalanches.<\/li>\n<\/ul>\n<h2>Como escolher o melhor programa de acampamento de ver\u00e3o?<\/h2>\n<p>Com tantas op\u00e7\u00f5es dispon\u00edveis, a sele\u00e7\u00e3o do <strong>programa<\/strong> certo <strong>de acampamento de ver\u00e3o<\/strong> depende de v\u00e1rios fatores-chave que garantem uma experi\u00eancia gratificante e enriquecedora. N\u00e3o importa se voc\u00ea est\u00e1 procurando um acampamento <strong>de ver\u00e3o residencial no estilo de internato su\u00ed\u00e7o<\/strong>, um <strong>acampamento esportivo e educacional<\/strong> ou um programa que se concentre em <strong>acampamentos de imers\u00e3o em idiomas<\/strong>, \u00e9 essencial encontrar a op\u00e7\u00e3o certa para os interesses e as necessidades do seu filho. <\/p>\n<ul>\n<li><strong>Faixa et\u00e1ria:<\/strong> <strong>Os acampamentos de ver\u00e3o mais bem avaliados na Su\u00ed\u00e7a<\/strong> oferecem programas para crian\u00e7as <strong>de 6 a 16 anos<\/strong> e adolescentes <strong>de 8 a 17 anos<\/strong>, garantindo atividades e orienta\u00e7\u00e3o adequadas \u00e0 idade.<\/li>\n<li><strong>Dura\u00e7\u00e3o:<\/strong> As fam\u00edlias podem escolher entre **acampamentos diurnos de curta dura\u00e7\u00e3o** (uma a duas semanas) e **acampamentos residenciais de ver\u00e3o completo** (quatro a seis semanas). Muitos acampamentos t\u00eam sess\u00f5es em <strong>julho e agosto<\/strong>, o que facilita o alinhamento com as f\u00e9rias escolares. <\/li>\n<li><strong>Prefer\u00eancias de atividades:<\/strong> Cada crian\u00e7a tem interesses \u00fanicos &#8211; algumas podem prosperar em **treinamento esportivo intensivo** com atividades como <strong>t\u00eanis<\/strong> e **passeio a cavalo**, enquanto outras podem ser atra\u00eddas por <strong>oficinas de artes c\u00eanicas, teatro ou m\u00fasica<\/strong>. Muitos acampamentos, inclusive o <strong>Les Elfes International Summer Camp<\/strong>, oferecem uma mistura bem equilibrada de <strong>esportes, acampamentos de aventura, cursos de idiomas e viagens culturais<\/strong> a cidades como <strong>Genebra, Lausanne e Montreux<\/strong>. <\/li>\n<li><strong>Exposi\u00e7\u00e3o global e amizades:<\/strong> Um **acampamento de ver\u00e3o internacional de alta qualidade** promove amizades entre campistas de diversas **nacionalidades**. Os programas em acampamentos como o <strong>Les Elfes<\/strong> enfatizam o trabalho em equipe, a lideran\u00e7a e o desenvolvimento da confian\u00e7a por meio de um curr\u00edculo estruturado. <\/li>\n<li><strong>Instala\u00e7\u00f5es de internato e campus:<\/strong> A escolha de um <strong>acampamento residencial inspirado em um internato su\u00ed\u00e7o<\/strong> garante aos campistas acomoda\u00e7\u00f5es de alta qualidade, excelente <strong>supervis\u00e3o da equipe<\/strong> e acesso a locais de tirar o f\u00f4lego, como **Lago Genebra, Gstaad e Alpes Su\u00ed\u00e7os**.<\/li>\n<\/ul>\n<p>Ao considerar esses fatores, as fam\u00edlias podem encontrar um <strong>acampamento de ver\u00e3o de alto n\u00edvel na Su\u00ed\u00e7a<\/strong> que proporcione uma <strong>experi\u00eancia inesquec\u00edvel<\/strong> repleta de aventura, educa\u00e7\u00e3o e explora\u00e7\u00e3o cultural. Quer seu filho prefira <strong>esportes intensivos, aprendizado de idiomas ou artes c\u00eanicas<\/strong>, os principais acampamentos de ver\u00e3o da Su\u00ed\u00e7a, como o <strong>Les Elfes International<\/strong>, oferecem um **programa de ver\u00e3o de classe mundial** adaptado \u00e0s suas necessidades. <\/p>\n<h2>Avalia\u00e7\u00f5es de acampamentos de ver\u00e3o na Su\u00ed\u00e7a &#8211; O que dizem os pais e os campistas<\/h2>\n<p>A Les Elfes International construiu uma s\u00f3lida reputa\u00e7\u00e3o como um dos melhores acampamentos de ver\u00e3o da Su\u00ed\u00e7a, com excelente feedback de pais e filhos. Veja o que as fam\u00edlias dizem sobre sua experi\u00eancia: <\/p>\n<blockquote><p>&#8220;A combina\u00e7\u00e3o de atividades ao ar livre, treinamento de lideran\u00e7a e amizades que meu filho fez na Les Elfes foi incr\u00edvel. Esse foi o melhor ver\u00e3o que ele j\u00e1 teve!&#8221; &#8211; Emily, Fran\u00e7a<\/p><\/blockquote>\n<blockquote><p>&#8220;A equipe do acampamento fez com que minha filha se sentisse segura, bem-vinda e animada todos os dias. Ela voltou mais confiante e independente.&#8221; &#8211; David, EUA<\/p><\/blockquote>\n<h2>Planeje f\u00e9rias de ver\u00e3o inesquec\u00edveis com a Les Elfes International!<\/h2>\n<p>Fa\u00e7a de 2025 um ver\u00e3o inesquec\u00edvel, matriculando seu filho em um dos acampamentos internacionais de ver\u00e3o mais bem avaliados da Su\u00ed\u00e7a. Seja para <strong>explorar, aprender novas habilidades<\/strong> ou praticar <strong>esportes e aventuras<\/strong>, <strong>a Les Elfes International<\/strong> oferece um <strong>ver\u00e3o repleto<\/strong> de <strong>divers\u00e3o, descobertas e amizades duradouras<\/strong>. <\/p>\n<p><a href=\"https:\/\/www.leselfes.com\/summer-camp\/enrol\/\" target=\"_blank\" rel=\"noopener\"><strong>Reserve seu lugar agora!<\/strong><\/a><\/p>\n","protected":false},"excerpt":{"rendered":"<p>Acampamento internacional de ver\u00e3o na Su\u00ed\u00e7a 2025 | Camp Suisse Acampamento internacional de ver\u00e3o na Su\u00ed\u00e7a 2025 | A melhor experi\u00eancia para crian\u00e7as e adolescentes A Su\u00ed\u00e7a \u00e9 um dos&#8230;<\/p>\n","protected":false},"author":16,"featured_media":109358,"comment_status":"closed","ping_status":"open","sticky":false,"template":"","format":"standard","meta":{"_acf_changed":false,"inline_featured_image":false,"footnotes":""},"categories":[1369],"tags":[],"class_list":{"0":"post-109224","1":"post","2":"type-post","3":"status-publish","4":"format-standard","5":"has-post-thumbnail","7":"category-acampamento-de-verao-pt-br"},"acf":[],"yoast_head":"<!-- This site is optimized with the Yoast SEO Premium plugin v24.2 (Yoast SEO v24.7) - https:\/\/yoast.com\/wordpress\/plugins\/seo\/ -->\n<title>Acampamento internacional de ver\u00e3o na Su\u00ed\u00e7a 2025 - Les Elfes International Camps Switzerland<\/title>\n<meta name=\"description\" content=\"Camp Suisse - O melhor acampamento de ver\u00e3o internacional nos Alpes su\u00ed\u00e7os, que oferece uma mistura de atividades ao ar livre, aprendizado de idiomas e muito mais!\" \/>\n<meta name=\"robots\" content=\"index, follow, max-snippet:-1, max-image-preview:large, max-video-preview:-1\" \/>\n<link rel=\"canonical\" href=\"https:\/\/www.leselfes.com\/pt-br\/que-atividades-sao-oferecidas-no-acampamento-de-verao\/\" \/>\n<meta property=\"og:locale\" content=\"pt_BR\" \/>\n<meta property=\"og:type\" content=\"article\" \/>\n<meta property=\"og:title\" content=\"Acampamento internacional de ver\u00e3o na Su\u00ed\u00e7a 2025\" \/>\n<meta property=\"og:description\" content=\"Camp Suisse - O melhor acampamento de ver\u00e3o internacional nos Alpes su\u00ed\u00e7os, que oferece uma mistura de atividades ao ar livre, aprendizado de idiomas e muito mais!\" \/>\n<meta property=\"og:url\" content=\"https:\/\/www.leselfes.com\/pt-br\/que-atividades-sao-oferecidas-no-acampamento-de-verao\/\" \/>\n<meta property=\"og:site_name\" content=\"Les Elfes International Camps Switzerland\" \/>\n<meta property=\"article:publisher\" content=\"https:\/\/www.facebook.com\/LesElfesVerbier\" \/>\n<meta property=\"article:published_time\" content=\"2025-02-06T08:29:12+00:00\" \/>\n<meta property=\"article:modified_time\" content=\"2025-02-06T08:44:01+00:00\" \/>\n<meta property=\"og:image\" content=\"https:\/\/www.leselfes.com\/wp-content\/uploads\/2025\/01\/Les-Elfes-Summer-camp-Sliding-1.jpg\" \/>\n\t<meta property=\"og:image:width\" content=\"1824\" \/>\n\t<meta property=\"og:image:height\" content=\"1368\" \/>\n\t<meta property=\"og:image:type\" content=\"image\/jpeg\" \/>\n<meta name=\"author\" content=\"Matthieu Perard\" \/>\n<meta name=\"twitter:card\" content=\"summary_large_image\" \/>\n<meta name=\"twitter:creator\" content=\"@LesElfesCamps\" \/>\n<meta name=\"twitter:site\" content=\"@LesElfesCamps\" \/>\n<meta name=\"twitter:label1\" content=\"Escrito por\" \/>\n\t<meta name=\"twitter:data1\" content=\"Matthieu Perard\" \/>\n\t<meta name=\"twitter:label2\" content=\"Est. tempo de leitura\" \/>\n\t<meta name=\"twitter:data2\" content=\"9 minutos\" \/>\n<script type=\"application\/ld+json\" class=\"yoast-schema-graph\">{\"@context\":\"https:\/\/schema.org\",\"@graph\":[{\"@type\":\"Article\",\"@id\":\"https:\/\/www.leselfes.com\/pt-br\/que-atividades-sao-oferecidas-no-acampamento-de-verao\/#article\",\"isPartOf\":{\"@id\":\"https:\/\/www.leselfes.com\/pt-br\/que-atividades-sao-oferecidas-no-acampamento-de-verao\/\"},\"author\":{\"name\":\"Matthieu Perard\",\"@id\":\"https:\/\/dev.leselfes.com\/#\/schema\/person\/7ac5f99a7f3c597105fe663a00bdf6d6\"},\"headline\":\"Acampamento internacional de ver\u00e3o na Su\u00ed\u00e7a 2025\",\"datePublished\":\"2025-02-06T08:29:12+00:00\",\"dateModified\":\"2025-02-06T08:44:01+00:00\",\"mainEntityOfPage\":{\"@id\":\"https:\/\/www.leselfes.com\/pt-br\/que-atividades-sao-oferecidas-no-acampamento-de-verao\/\"},\"wordCount\":1872,\"publisher\":{\"@id\":\"https:\/\/dev.leselfes.com\/#organization\"},\"image\":{\"@id\":\"https:\/\/www.leselfes.com\/pt-br\/que-atividades-sao-oferecidas-no-acampamento-de-verao\/#primaryimage\"},\"thumbnailUrl\":\"https:\/\/www.leselfes.com\/wp-content\/uploads\/2025\/02\/Hollyfest-6-2-min-1.jpg\",\"articleSection\":[\"Acampamento de ver\u00e3o\"],\"inLanguage\":\"pt-BR\"},{\"@type\":\"WebPage\",\"@id\":\"https:\/\/www.leselfes.com\/pt-br\/que-atividades-sao-oferecidas-no-acampamento-de-verao\/\",\"url\":\"https:\/\/www.leselfes.com\/pt-br\/que-atividades-sao-oferecidas-no-acampamento-de-verao\/\",\"name\":\"Acampamento internacional de ver\u00e3o na Su\u00ed\u00e7a 2025 - Les Elfes International Camps Switzerland\",\"isPartOf\":{\"@id\":\"https:\/\/dev.leselfes.com\/#website\"},\"primaryImageOfPage\":{\"@id\":\"https:\/\/www.leselfes.com\/pt-br\/que-atividades-sao-oferecidas-no-acampamento-de-verao\/#primaryimage\"},\"image\":{\"@id\":\"https:\/\/www.leselfes.com\/pt-br\/que-atividades-sao-oferecidas-no-acampamento-de-verao\/#primaryimage\"},\"thumbnailUrl\":\"https:\/\/www.leselfes.com\/wp-content\/uploads\/2025\/02\/Hollyfest-6-2-min-1.jpg\",\"datePublished\":\"2025-02-06T08:29:12+00:00\",\"dateModified\":\"2025-02-06T08:44:01+00:00\",\"description\":\"Camp Suisse - O melhor acampamento de ver\u00e3o internacional nos Alpes su\u00ed\u00e7os, que oferece uma mistura de atividades ao ar livre, aprendizado de idiomas e muito mais!\",\"breadcrumb\":{\"@id\":\"https:\/\/www.leselfes.com\/pt-br\/que-atividades-sao-oferecidas-no-acampamento-de-verao\/#breadcrumb\"},\"inLanguage\":\"pt-BR\",\"potentialAction\":[{\"@type\":\"ReadAction\",\"target\":[\"https:\/\/www.leselfes.com\/pt-br\/que-atividades-sao-oferecidas-no-acampamento-de-verao\/\"]}]},{\"@type\":\"ImageObject\",\"inLanguage\":\"pt-BR\",\"@id\":\"https:\/\/www.leselfes.com\/pt-br\/que-atividades-sao-oferecidas-no-acampamento-de-verao\/#primaryimage\",\"url\":\"https:\/\/www.leselfes.com\/wp-content\/uploads\/2025\/02\/Hollyfest-6-2-min-1.jpg\",\"contentUrl\":\"https:\/\/www.leselfes.com\/wp-content\/uploads\/2025\/02\/Hollyfest-6-2-min-1.jpg\",\"width\":2097,\"height\":1498},{\"@type\":\"BreadcrumbList\",\"@id\":\"https:\/\/www.leselfes.com\/pt-br\/que-atividades-sao-oferecidas-no-acampamento-de-verao\/#breadcrumb\",\"itemListElement\":[{\"@type\":\"ListItem\",\"position\":1,\"name\":\"Home\",\"item\":\"https:\/\/www.leselfes.com\/pt-br\/\"},{\"@type\":\"ListItem\",\"position\":2,\"name\":\"Acampamento internacional de ver\u00e3o na Su\u00ed\u00e7a 2025\"}]},{\"@type\":\"WebSite\",\"@id\":\"https:\/\/dev.leselfes.com\/#website\",\"url\":\"https:\/\/dev.leselfes.com\/\",\"name\":\"Les Elfes International\",\"description\":\"Les Elfes International, Verbier Switzerland. Summer Camp, Winter Camp, Spring Camps.\",\"publisher\":{\"@id\":\"https:\/\/dev.leselfes.com\/#organization\"},\"alternateName\":\"Les Elfes International\",\"potentialAction\":[{\"@type\":\"SearchAction\",\"target\":{\"@type\":\"EntryPoint\",\"urlTemplate\":\"https:\/\/dev.leselfes.com\/?s={search_term_string}\"},\"query-input\":{\"@type\":\"PropertyValueSpecification\",\"valueRequired\":true,\"valueName\":\"search_term_string\"}}],\"inLanguage\":\"pt-BR\"},{\"@type\":\"Organization\",\"@id\":\"https:\/\/dev.leselfes.com\/#organization\",\"name\":\"Les Elfes International\",\"alternateName\":\"Les Elfes International\",\"url\":\"https:\/\/dev.leselfes.com\/\",\"logo\":{\"@type\":\"ImageObject\",\"inLanguage\":\"pt-BR\",\"@id\":\"https:\/\/dev.leselfes.com\/#\/schema\/logo\/image\/\",\"url\":\"https:\/\/www.leselfes.com\/wp-content\/uploads\/2022\/03\/leselfes-logo.png\",\"contentUrl\":\"https:\/\/www.leselfes.com\/wp-content\/uploads\/2022\/03\/leselfes-logo.png\",\"width\":233,\"height\":51,\"caption\":\"Les Elfes International\"},\"image\":{\"@id\":\"https:\/\/dev.leselfes.com\/#\/schema\/logo\/image\/\"},\"sameAs\":[\"https:\/\/www.facebook.com\/LesElfesVerbier\",\"https:\/\/x.com\/LesElfesCamps\",\"https:\/\/www.instagram.com\/leselfes\",\"https:\/\/www.linkedin.com\/company\/les-elfes-international\",\"https:\/\/www.youtube.com\/user\/LesElfesVerbier\"]},{\"@type\":\"Person\",\"@id\":\"https:\/\/dev.leselfes.com\/#\/schema\/person\/7ac5f99a7f3c597105fe663a00bdf6d6\",\"name\":\"Matthieu Perard\",\"image\":{\"@type\":\"ImageObject\",\"inLanguage\":\"pt-BR\",\"@id\":\"https:\/\/dev.leselfes.com\/#\/schema\/person\/image\/\",\"url\":\"https:\/\/secure.gravatar.com\/avatar\/e368f5bd153d15a1ff42a4c64a46d1ef?s=96&d=mm&r=g\",\"contentUrl\":\"https:\/\/secure.gravatar.com\/avatar\/e368f5bd153d15a1ff42a4c64a46d1ef?s=96&d=mm&r=g\",\"caption\":\"Matthieu Perard\"},\"url\":\"https:\/\/www.leselfes.com\/pt-br\/author\/m-pierardnotostudio-ch\/\"}]}<\/script>\n<!-- \/ Yoast SEO Premium plugin. -->","yoast_head_json":{"title":"Acampamento internacional de ver\u00e3o na Su\u00ed\u00e7a 2025 - Les Elfes International Camps Switzerland","description":"Camp Suisse - O melhor acampamento de ver\u00e3o internacional nos Alpes su\u00ed\u00e7os, que oferece uma mistura de atividades ao ar livre, aprendizado de idiomas e muito mais!","robots":{"index":"index","follow":"follow","max-snippet":"max-snippet:-1","max-image-preview":"max-image-preview:large","max-video-preview":"max-video-preview:-1"},"canonical":"https:\/\/www.leselfes.com\/pt-br\/que-atividades-sao-oferecidas-no-acampamento-de-verao\/","og_locale":"pt_BR","og_type":"article","og_title":"Acampamento internacional de ver\u00e3o na Su\u00ed\u00e7a 2025","og_description":"Camp Suisse - O melhor acampamento de ver\u00e3o internacional nos Alpes su\u00ed\u00e7os, que oferece uma mistura de atividades ao ar livre, aprendizado de idiomas e muito mais!","og_url":"https:\/\/www.leselfes.com\/pt-br\/que-atividades-sao-oferecidas-no-acampamento-de-verao\/","og_site_name":"Les Elfes International Camps Switzerland","article_publisher":"https:\/\/www.facebook.com\/LesElfesVerbier","article_published_time":"2025-02-06T08:29:12+00:00","article_modified_time":"2025-02-06T08:44:01+00:00","og_image":[{"width":1824,"height":1368,"url":"https:\/\/www.leselfes.com\/wp-content\/uploads\/2025\/01\/Les-Elfes-Summer-camp-Sliding-1.jpg","type":"image\/jpeg"}],"author":"Matthieu Perard","twitter_card":"summary_large_image","twitter_creator":"@LesElfesCamps","twitter_site":"@LesElfesCamps","twitter_misc":{"Escrito por":"Matthieu Perard","Est. tempo de leitura":"9 minutos"},"schema":{"@context":"https:\/\/schema.org","@graph":[{"@type":"Article","@id":"https:\/\/www.leselfes.com\/pt-br\/que-atividades-sao-oferecidas-no-acampamento-de-verao\/#article","isPartOf":{"@id":"https:\/\/www.leselfes.com\/pt-br\/que-atividades-sao-oferecidas-no-acampamento-de-verao\/"},"author":{"name":"Matthieu Perard","@id":"https:\/\/dev.leselfes.com\/#\/schema\/person\/7ac5f99a7f3c597105fe663a00bdf6d6"},"headline":"Acampamento internacional de ver\u00e3o na Su\u00ed\u00e7a 2025","datePublished":"2025-02-06T08:29:12+00:00","dateModified":"2025-02-06T08:44:01+00:00","mainEntityOfPage":{"@id":"https:\/\/www.leselfes.com\/pt-br\/que-atividades-sao-oferecidas-no-acampamento-de-verao\/"},"wordCount":1872,"publisher":{"@id":"https:\/\/dev.leselfes.com\/#organization"},"image":{"@id":"https:\/\/www.leselfes.com\/pt-br\/que-atividades-sao-oferecidas-no-acampamento-de-verao\/#primaryimage"},"thumbnailUrl":"https:\/\/www.leselfes.com\/wp-content\/uploads\/2025\/02\/Hollyfest-6-2-min-1.jpg","articleSection":["Acampamento de ver\u00e3o"],"inLanguage":"pt-BR"},{"@type":"WebPage","@id":"https:\/\/www.leselfes.com\/pt-br\/que-atividades-sao-oferecidas-no-acampamento-de-verao\/","url":"https:\/\/www.leselfes.com\/pt-br\/que-atividades-sao-oferecidas-no-acampamento-de-verao\/","name":"Acampamento internacional de ver\u00e3o na Su\u00ed\u00e7a 2025 - Les Elfes International Camps Switzerland","isPartOf":{"@id":"https:\/\/dev.leselfes.com\/#website"},"primaryImageOfPage":{"@id":"https:\/\/www.leselfes.com\/pt-br\/que-atividades-sao-oferecidas-no-acampamento-de-verao\/#primaryimage"},"image":{"@id":"https:\/\/www.leselfes.com\/pt-br\/que-atividades-sao-oferecidas-no-acampamento-de-verao\/#primaryimage"},"thumbnailUrl":"https:\/\/www.leselfes.com\/wp-content\/uploads\/2025\/02\/Hollyfest-6-2-min-1.jpg","datePublished":"2025-02-06T08:29:12+00:00","dateModified":"2025-02-06T08:44:01+00:00","description":"Camp Suisse - O melhor acampamento de ver\u00e3o internacional nos Alpes su\u00ed\u00e7os, que oferece uma mistura de atividades ao ar livre, aprendizado de idiomas e muito mais!","breadcrumb":{"@id":"https:\/\/www.leselfes.com\/pt-br\/que-atividades-sao-oferecidas-no-acampamento-de-verao\/#breadcrumb"},"inLanguage":"pt-BR","potentialAction":[{"@type":"ReadAction","target":["https:\/\/www.leselfes.com\/pt-br\/que-atividades-sao-oferecidas-no-acampamento-de-verao\/"]}]},{"@type":"ImageObject","inLanguage":"pt-BR","@id":"https:\/\/www.leselfes.com\/pt-br\/que-atividades-sao-oferecidas-no-acampamento-de-verao\/#primaryimage","url":"https:\/\/www.leselfes.com\/wp-content\/uploads\/2025\/02\/Hollyfest-6-2-min-1.jpg","contentUrl":"https:\/\/www.leselfes.com\/wp-content\/uploads\/2025\/02\/Hollyfest-6-2-min-1.jpg","width":2097,"height":1498},{"@type":"BreadcrumbList","@id":"https:\/\/www.leselfes.com\/pt-br\/que-atividades-sao-oferecidas-no-acampamento-de-verao\/#breadcrumb","itemListElement":[{"@type":"ListItem","position":1,"name":"Home","item":"https:\/\/www.leselfes.com\/pt-br\/"},{"@type":"ListItem","position":2,"name":"Acampamento internacional de ver\u00e3o na Su\u00ed\u00e7a 2025"}]},{"@type":"WebSite","@id":"https:\/\/dev.leselfes.com\/#website","url":"https:\/\/dev.leselfes.com\/","name":"Les Elfes International","description":"Les Elfes International, Verbier Switzerland. Summer Camp, Winter Camp, Spring Camps.","publisher":{"@id":"https:\/\/dev.leselfes.com\/#organization"},"alternateName":"Les Elfes International","potentialAction":[{"@type":"SearchAction","target":{"@type":"EntryPoint","urlTemplate":"https:\/\/dev.leselfes.com\/?s={search_term_string}"},"query-input":{"@type":"PropertyValueSpecification","valueRequired":true,"valueName":"search_term_string"}}],"inLanguage":"pt-BR"},{"@type":"Organization","@id":"https:\/\/dev.leselfes.com\/#organization","name":"Les Elfes International","alternateName":"Les Elfes International","url":"https:\/\/dev.leselfes.com\/","logo":{"@type":"ImageObject","inLanguage":"pt-BR","@id":"https:\/\/dev.leselfes.com\/#\/schema\/logo\/image\/","url":"https:\/\/www.leselfes.com\/wp-content\/uploads\/2022\/03\/leselfes-logo.png","contentUrl":"https:\/\/www.leselfes.com\/wp-content\/uploads\/2022\/03\/leselfes-logo.png","width":233,"height":51,"caption":"Les Elfes International"},"image":{"@id":"https:\/\/dev.leselfes.com\/#\/schema\/logo\/image\/"},"sameAs":["https:\/\/www.facebook.com\/LesElfesVerbier","https:\/\/x.com\/LesElfesCamps","https:\/\/www.instagram.com\/leselfes","https:\/\/www.linkedin.com\/company\/les-elfes-international","https:\/\/www.youtube.com\/user\/LesElfesVerbier"]},{"@type":"Person","@id":"https:\/\/dev.leselfes.com\/#\/schema\/person\/7ac5f99a7f3c597105fe663a00bdf6d6","name":"Matthieu Perard","image":{"@type":"ImageObject","inLanguage":"pt-BR","@id":"https:\/\/dev.leselfes.com\/#\/schema\/person\/image\/","url":"https:\/\/secure.gravatar.com\/avatar\/e368f5bd153d15a1ff42a4c64a46d1ef?s=96&d=mm&r=g","contentUrl":"https:\/\/secure.gravatar.com\/avatar\/e368f5bd153d15a1ff42a4c64a46d1ef?s=96&d=mm&r=g","caption":"Matthieu Perard"},"url":"https:\/\/www.leselfes.com\/pt-br\/author\/m-pierardnotostudio-ch\/"}]}},"_links":{"self":[{"href":"https:\/\/www.leselfes.com\/pt-br\/wp-json\/wp\/v2\/posts\/109224"}],"collection":[{"href":"https:\/\/www.leselfes.com\/pt-br\/wp-json\/wp\/v2\/posts"}],"about":[{"href":"https:\/\/www.leselfes.com\/pt-br\/wp-json\/wp\/v2\/types\/post"}],"author":[{"embeddable":true,"href":"https:\/\/www.leselfes.com\/pt-br\/wp-json\/wp\/v2\/users\/16"}],"replies":[{"embeddable":true,"href":"https:\/\/www.leselfes.com\/pt-br\/wp-json\/wp\/v2\/comments?post=109224"}],"version-history":[{"count":1,"href":"https:\/\/www.leselfes.com\/pt-br\/wp-json\/wp\/v2\/posts\/109224\/revisions"}],"predecessor-version":[{"id":109229,"href":"https:\/\/www.leselfes.com\/pt-br\/wp-json\/wp\/v2\/posts\/109224\/revisions\/109229"}],"wp:featuredmedia":[{"embeddable":true,"href":"https:\/\/www.leselfes.com\/pt-br\/wp-json\/wp\/v2\/media\/109358"}],"wp:attachment":[{"href":"https:\/\/www.leselfes.com\/pt-br\/wp-json\/wp\/v2\/media?parent=109224"}],"wp:term":[{"taxonomy":"category","embeddable":true,"href":"https:\/\/www.leselfes.com\/pt-br\/wp-json\/wp\/v2\/categories?post=109224"},{"taxonomy":"post_tag","embeddable":true,"href":"https:\/\/www.leselfes.com\/pt-br\/wp-json\/wp\/v2\/tags?post=109224"}],"curies":[{"name":"wp","href":"https:\/\/api.w.org\/{rel}","templated":true}]}}