{"id":90211,"date":"2019-05-07T06:29:56","date_gmt":"2019-05-07T04:29:56","guid":{"rendered":"https:\/\/www.leselfes.com\/melhores-atividades-de-ferias-de-verao-na-europa-para-estudantes-da-india\/"},"modified":"2024-11-12T11:41:17","modified_gmt":"2024-11-12T10:41:17","slug":"melhores-atividades-de-ferias-de-verao-na-europa-para-estudantes-da-india","status":"publish","type":"post","link":"https:\/\/www.leselfes.com\/pt-br\/melhores-atividades-de-ferias-de-verao-na-europa-para-estudantes-da-india\/","title":{"rendered":"Melhores atividades de f\u00e9rias de ver\u00e3o na Europa para estudantes da \u00cdndia"},"content":{"rendered":"&#13;\n<p>O in\u00edcio do ver\u00e3o provoca uma onda de entusiasmo em pessoas de todas as esferas da vida.\nMuitas pessoas, especialmente pais com filhos em idade escolar, tiram f\u00e9rias durante o ver\u00e3o.\nSe voc\u00ea nunca visitou a Europa, talvez queira fazer isso neste ver\u00e3o.  <\/p>&#13;\n&#13;\n<p>A Europa \u00e9 um dos continentes mais interessantes do mundo, com pa\u00edses incr\u00edveis para voc\u00ea visitar.\n\u00c9 por isso que ela pode oferecer as melhores <a href=\"\">f\u00e9rias de ver\u00e3o para os estudantes da \u00cdndia<\/a>.\nAproveite seu tempo neste ver\u00e3o e passeie pela Europa.  <\/p>&#13;\n&#13;\n<p>Aprecie a cultura diversificada, participe de atividades de aventura, tente superar seus medos tentando realizar atividades \u00e0s quais voc\u00ea sempre resistiu e, independentemente do que fizer, lembre-se de tornar sua visita \u00e0s Montanhas Alpinas uma experi\u00eancia inesquec\u00edvel.\nH\u00e1 in\u00fameras atividades que os estudantes da \u00cdndia ter\u00e3o prazer em realizar, como veremos a seguir. <\/p>&#13;\n&#13;\n<h2 class=\"wp-block-heading\">As 4 principais ideias de atividades divertidas de ver\u00e3o na Europa para estudantes da \u00cdndia<\/h2>&#13;\n&#13;\n<h3 class=\"wp-block-heading\">1) Fa\u00e7a uma viagem a uma das maiores cachoeiras da Europa<\/h3>&#13;\n&#13;\n<p>As cachoeiras s\u00e3o fascinantes e, se voc\u00ea estiver visitando uma das maiores da Europa, com certeza ter\u00e1 o melhor momento de sua vida.\nAs cataratas do Reno emanam do rio Reno, que atravessa quatro pa\u00edses, desde os Alpes at\u00e9 o Mar do Norte.\nO rio, por si s\u00f3, \u00e9 um espet\u00e1culo para ser visto e ganhou popularidade como uma das obras da natureza mais apreciadas na Europa.  <\/p>&#13;\n&#13;\n<p>As cataratas do Reno t\u00eam 150 metros de largura e uma queda estimada de 23 metros.\nA magnitude dessas quedas torna o local interessante para voc\u00ea visitar.\nOs alunos podem at\u00e9 nadar ou participar de outras atividades relacionadas a esportes aqu\u00e1ticos.\nSe voc\u00ea tem medo de grandes volumes de \u00e1gua, pode ter certeza de que, quando terminar a viagem, todos os seus medos ter\u00e3o desaparecido.   <\/p>&#13;\n&#13;\n<p>As cataratas do Reno s\u00e3o conhecidas popularmente por terem grandes volumes de \u00e1gua, e esse \u00e9 o principal motivo pelo qual muitos visitantes v\u00eam de todos os lugares para se maravilhar com as maravilhosas cataratas.\nO bom das cataratas do Reno \u00e9 que voc\u00ea tem f\u00e1cil acesso a elas.\nVoc\u00ea pode ir de carro at\u00e9 o local, usar o transporte p\u00fablico ou at\u00e9 mesmo pedalar, se for mais aventureiro.  <\/p>&#13;\n&#13;\n<p>Se puder, andar de bicicleta \u00e9 a melhor op\u00e7\u00e3o, pois voc\u00ea ter\u00e1 uma no\u00e7\u00e3o dos arredores e uma vis\u00e3o melhor do ambiente.\nVoc\u00ea at\u00e9 far\u00e1 novos amigos no caminho e entender\u00e1 melhor a cultura europeia.\nOutro fato interessante sobre as cataratas do Reno \u00e9 que h\u00e1 uma ponte ferrovi\u00e1ria que cruza o rio logo acima das cataratas.  <\/p>&#13;\n&#13;\n<p>Voc\u00ea ficar\u00e1 animado ao saber que h\u00e1 um caminho para pedestres que garante que todos os visitantes possam ter uma vis\u00e3o melhor das cataratas de diferentes \u00e2ngulos.\nA ponte ferrovi\u00e1ria cruza o rio logo acima das cataratas e tamb\u00e9m incorpora um caminho para pedestres, permitindo que os visitantes caminhem completamente ao redor das cataratas e da bacia das Cataratas do Reno para ver esse espet\u00e1culo de todos os pontos de vista poss\u00edveis. <\/p>&#13;\n&#13;\n<h3 class=\"wp-block-heading\">2) Fa\u00e7a bungee jumping na represa de Contra<\/h3>&#13;\n&#13;\n<p>A contra represa \u00e9 conhecida popularmente como represa Verzasca.\nA barragem tem uma arquitetura exclusiva que atrai visitantes de todos os cantos do mundo.\nAl\u00e9m de ser o local perfeito para as f\u00e9rias de ver\u00e3o dos estudantes indianos, \u00e9 uma atividade de aventura que os ajudar\u00e1 a superar o medo de altura.\nEnt\u00e3o, como o bungee jump pode oferecer as melhores f\u00e9rias de ver\u00e3o para os estudantes da \u00cdndia?\nOs alunos passam muito tempo estudando.    <\/p>&#13;\n&#13;\n<p>Durante as f\u00e9rias, eles devem se envolver em atividades de aventura para refrescar o c\u00e9rebro.\nO bungee jumping \u00e9 ideal para alunos mais velhos.\nA represa Contra tamb\u00e9m \u00e9 ideal para v\u00e1rias <a href=\"\">atividades recreativas<\/a> e os estudantes da \u00cdndia se beneficiar\u00e3o de atividades divertidas ao ar livre.\nA barragem Contra mede 220 metros de altura e foi usada em um epis\u00f3dio de James Bond no ano de 1995.   <\/p>&#13;\n&#13;\n<p>\u00c9 claro que os alunos mais jovens tamb\u00e9m podem visitar a represa Contra para outras excurs\u00f5es e atividades incr\u00edveis, como caminhadas.\nO bom de fazer caminhadas na represa Contra \u00e9 que os alunos aprender\u00e3o e entender\u00e3o a hist\u00f3ria e os fatos estranhos sobre a estrutura da represa.\nQuando as f\u00e9rias terminarem, eles ter\u00e3o hist\u00f3rias interessantes para compartilhar com seus amigos na \u00cdndia.  <\/p>&#13;\n&#13;\n<h3 class=\"wp-block-heading\">3) Voar de parapente<\/h3>&#13;\n&#13;\n<p>O parapente n\u00e3o \u00e9 para os fracos de cora\u00e7\u00e3o.\nO que torna essa atividade obrigat\u00f3ria durante <a href=\"\">as f\u00e9rias de ver\u00e3o para os estudantes<\/a> da \u00cdndia \u00e9 o fato de que os estudantes s\u00e3o curiosos, corajosos e dispostos a experimentar qualquer aventura no mundo.\nH\u00e1 in\u00fameros benef\u00edcios que voc\u00ea pode obter com o parapente.  <\/p>&#13;\n&#13;\n<p>Entre elas est\u00e3o: manter o equil\u00edbrio do corpo, aliviar o estresse acumulado por estudar para as provas, obter vistas cativantes e captur\u00e1-las com a c\u00e2mera, queimar calorias, provocar uma descarga de adrenalina que, por fim, ajuda os alunos a obter uma sa\u00fade corporal geral e, o mais importante, o parapente ajuda os alunos a superar seus medos e aumenta sua confian\u00e7a.<\/p>&#13;\n&#13;\n<p>Um aluno que participa de um voo de parapente provavelmente ser\u00e1 capaz de enfrentar as coisas mais dif\u00edceis com as quais poder\u00e1 se deparar durante seus dias de escola.\nSe quiser participar de uma aventura inesquec\u00edvel, voc\u00ea pode praticar parapente na Europa.\nH\u00e1 in\u00fameros locais para a pr\u00e1tica de parapente em v\u00e1rios pontos da Europa, como Zurique e Genebra.\nLembre-se de apreciar as vistas panor\u00e2micas enquanto voc\u00ea faz isso.   <\/p>&#13;\n&#13;\n<h3 class=\"wp-block-heading\">4) Fa\u00e7a uma caminhada no penhasco<\/h3>&#13;\n&#13;\n<p>Caminhar pelo penhasco \u00e9 outra atividade divertida que os alunos ficar\u00e3o entusiasmados em experimentar.\nA ponte de caminhada no penhasco Titlis \u00e9 uma estrutura incr\u00edvel que voc\u00ea pode ter medo de experimentar no in\u00edcio, especialmente se tiver medo de altura.\nSe voc\u00ea for corajoso o suficiente para caminhar ao longo do penhasco de 100 metros, poder\u00e1 desfrutar de um passeio cativante.\nVoc\u00ea desfrutar\u00e1 de uma vista cativante dos arredores.   <\/p>&#13;\n&#13;\n<p>Voc\u00ea deve superar seus medos e simplesmente caminhar ao longo do penhasco.\nAfinal de contas, muitas pessoas j\u00e1 caminharam por l\u00e1 e viveram para contar a incr\u00edvel hist\u00f3ria.\nVoc\u00ea n\u00e3o apenas superar\u00e1 o medo de altura, mas tamb\u00e9m ganhar\u00e1 confian\u00e7a para enfrentar atividades mais desafiadoras.\nA caminhada pelo penhasco de Titlis foi constru\u00edda entre dois penhascos e est\u00e1 a aproximadamente 3.000 metros acima do n\u00edvel do mar, o que a torna a ponte suspensa mais alta da Europa.   <\/p>&#13;\n&#13;\n<p>Uma das coisas mais interessantes sobre o penhasco Titlis \u00e9 que voc\u00ea ter\u00e1 uma vista melhor do parque da geleira Titlis, al\u00e9m de se maravilhar com as vistas panor\u00e2micas de tirar o f\u00f4lego.\nAl\u00e9m disso, voc\u00ea poder\u00e1 ver a requintada caverna da geleira. <\/p>&#13;\n&#13;\n<p>Os alunos mais ousados tamb\u00e9m ter\u00e3o a oportunidade de balan\u00e7ar as pernas no Ice Flyer, o telef\u00e9rico de esqui que leva os visitantes pelos picos das montanhas, al\u00e9m de andar no primeiro telef\u00e9rico girat\u00f3rio ao redor do mundo, tamb\u00e9m conhecido como Rotair Gondola.<\/p>&#13;\n&#13;\n<h2 class=\"wp-block-heading\">Como os estudantes da \u00cdndia se beneficiar\u00e3o com as longas f\u00e9rias de ver\u00e3o?<\/h2>&#13;\n&#13;\n<p>As f\u00e9rias de ver\u00e3o trazem in\u00fameros benef\u00edcios para os alunos, como voc\u00ea pode ver abaixo.<\/p>&#13;\n&#13;\n<h3 class=\"wp-block-heading\">&#8211; Melhoria da sa\u00fade f\u00edsica<\/h3>&#13;\n&#13;\n<p>Estudos sugerem que os alunos que participam regularmente de atividades ao ar livre s\u00e3o mais ativos.\nAl\u00e9m disso, eles correm menos riscos de se tornarem obesos como resultado do aumento da atividade f\u00edsica.\nOs alunos de todas as idades s\u00e3o mais curiosos e querem descobrir tudo.  <\/p>&#13;\n&#13;\n<p>As f\u00e9rias de ver\u00e3o perfeitas para estudantes da \u00cdndia na Europa permitem at\u00e9 mesmo que os alunos participem de projetos de jardinagem e os educam sobre como fazer escolhas alimentares saud\u00e1veis.<\/p>&#13;\n&#13;\n<h3 class=\"wp-block-heading\">&#8211; Melhoria do sistema imunol\u00f3gico<\/h3>&#13;\n&#13;\n<p>Quando voc\u00ea se exp\u00f5e \u00e0 luz solar, seu corpo consegue produzir vitamina D3 com facilidade.\nOs estudantes que tiram f\u00e9rias de ver\u00e3o t\u00eam melhor desenvolvimento muscular e \u00f3sseo.\nAl\u00e9m disso, a vitamina D3 \u00e9 essencial para a sa\u00fade em geral.\nAinda assim, voc\u00ea precisa ser cauteloso, pois a exposi\u00e7\u00e3o excessiva ao sol pode ser perigosa.   <\/p>&#13;\n&#13;\n<p>Lembre-se de usar protetor solar se voc\u00ea passar muitas horas ao sol.\nOs especialistas insistem na import\u00e2ncia de passar mais tempo ao ar livre, dizendo que isso pode ser tudo o que voc\u00ea precisa para se proteger de alergias. <\/p>&#13;\n&#13;\n<h3 class=\"wp-block-heading\">&#8211; Conhecimento cognitivo aprimorado<\/h3>&#13;\n&#13;\n<p>Os alunos podem aprimorar suas habilidades cognitivas, como melhor mem\u00f3ria, melhores habilidades de racioc\u00ednio e maior concentra\u00e7\u00e3o.\nEstudos sugerem que a exposi\u00e7\u00e3o ao ar livre e \u00e0 natureza pode estimular o desenvolvimento do c\u00e9rebro dos alunos e ajud\u00e1-los a serem inovadores, a se interessarem mais em descobrir coisas novas, a se envolverem em novas tarefas e a se tornarem mais dispostos a correr riscos. <\/p>&#13;\n&#13;\n<h3 class=\"wp-block-heading\">&#8211; Fatores psicol\u00f3gicos<\/h3>&#13;\n&#13;\n<p>Passar tempo ao ar livre ajuda os alunos a obter benef\u00edcios psicol\u00f3gicos.\nEstudos sugerem que, quando est\u00e3o expostos \u00e0 natureza, seus c\u00e9rebros relaxam e eles ficam mais calmos e menos suscet\u00edveis \u00e0 raiva. <\/p>&#13;\n&#13;\n<p>Muitos alunos, especialmente os adolescentes que saem de f\u00e9rias de ver\u00e3o para estudantes na \u00cdndia, ficar\u00e3o menos mal-humorados, menos estressados ou at\u00e9 mesmo deprimidos, ter\u00e3o mais respeito pelos mais velhos e se comportar\u00e3o melhor na maior parte do tempo.\nAl\u00e9m disso, os alunos ser\u00e3o mais capazes de controlar suas emo\u00e7\u00f5es quando sa\u00edrem de f\u00e9rias de ver\u00e3o. <\/p>&#13;\n&#13;\n<p>Se voc\u00ea quiser descobrir como <a href=\"https:\/\/childmind.org\/article\/why-kids-need-to-spend-time-in-nature\/\">a exposi\u00e7\u00e3o \u00e0 natureza e ao ar livre<\/a> ajuda seus alunos, talvez queira estudar a Teoria da Restaura\u00e7\u00e3o da Aten\u00e7\u00e3o, que oferece uma explica\u00e7\u00e3o abrangente sobre os benef\u00edcios psicol\u00f3gicos da exposi\u00e7\u00e3o \u00e0 natureza e ao mundo natural.<\/p>&#13;\n&#13;\n<p>De acordo com estudos, o estudante m\u00e9dio precisar\u00e1 de mais concentra\u00e7\u00e3o para acompanhar o mundo moderno e isso pode deix\u00e1-lo estressado, cansado e at\u00e9 irritado.\nEsses estados de esp\u00edrito negativos podem ser aliviados pela exposi\u00e7\u00e3o regular ao ar livre. <\/p>&#13;\n&#13;\n<h2 class=\"wp-block-heading\">Finalmente<\/h2>&#13;\n&#13;\n<p>Se voc\u00ea est\u00e1 procurando as estrat\u00e9gias ideais para melhorar o bem-estar de seus filhos, leve-os para as f\u00e9rias de ver\u00e3o para estudantes na \u00cdndia.\nIr para algum lugar longe da agita\u00e7\u00e3o da cidade pode ser tudo o que seu filho precisa para reduzir o estresse e relaxar o c\u00e9rebro. <\/p>&#13;\n","protected":false},"excerpt":{"rendered":"<p>&#13; O in\u00edcio do ver\u00e3o provoca uma onda de entusiasmo em pessoas de todas as esferas da vida. Muitas pessoas, especialmente pais com filhos em idade escolar, tiram f\u00e9rias durante&#8230;<\/p>\n","protected":false},"author":6,"featured_media":0,"comment_status":"closed","ping_status":"open","sticky":false,"template":"","format":"standard","meta":{"_acf_changed":false,"inline_featured_image":false,"footnotes":""},"categories":[1369,1351],"tags":[],"class_list":{"0":"post-90211","1":"post","2":"type-post","3":"status-publish","4":"format-standard","6":"category-acampamento-de-verao-pt-br","7":"category-artigos-pt-br"},"acf":[],"yoast_head":"<!-- This site is optimized with the Yoast SEO Premium plugin v24.2 (Yoast SEO v24.7) - https:\/\/yoast.com\/wordpress\/plugins\/seo\/ -->\n<title>Melhores atividades de f\u00e9rias de ver\u00e3o na Europa para estudantes da \u00cdndia - Les Elfes International Camps Switzerland<\/title>\n<meta name=\"robots\" content=\"index, follow, max-snippet:-1, max-image-preview:large, max-video-preview:-1\" \/>\n<link rel=\"canonical\" href=\"https:\/\/www.leselfes.com\/pt-br\/melhores-atividades-de-ferias-de-verao-na-europa-para-estudantes-da-india\/\" \/>\n<meta property=\"og:locale\" content=\"pt_BR\" \/>\n<meta property=\"og:type\" content=\"article\" \/>\n<meta property=\"og:title\" content=\"Melhores atividades de f\u00e9rias de ver\u00e3o na Europa para estudantes da \u00cdndia\" \/>\n<meta property=\"og:description\" content=\"&#013; O in\u00edcio do ver\u00e3o provoca uma onda de entusiasmo em pessoas de todas as esferas da vida. Muitas pessoas, especialmente pais com filhos em idade escolar, tiram f\u00e9rias durante...\" \/>\n<meta property=\"og:url\" content=\"https:\/\/www.leselfes.com\/pt-br\/melhores-atividades-de-ferias-de-verao-na-europa-para-estudantes-da-india\/\" \/>\n<meta property=\"og:site_name\" content=\"Les Elfes International Camps Switzerland\" \/>\n<meta property=\"article:publisher\" content=\"https:\/\/www.facebook.com\/LesElfesVerbier\" \/>\n<meta property=\"article:published_time\" content=\"2019-05-07T04:29:56+00:00\" \/>\n<meta property=\"article:modified_time\" content=\"2024-11-12T10:41:17+00:00\" \/>\n<meta property=\"og:image\" content=\"https:\/\/www.leselfes.com\/wp-content\/uploads\/2022\/02\/Les-Elfes-International-summer-camp-Switzerland-Staff-Mobile-591x555-1.jpg\" \/>\n\t<meta property=\"og:image:width\" content=\"591\" \/>\n\t<meta property=\"og:image:height\" content=\"555\" \/>\n\t<meta property=\"og:image:type\" content=\"image\/jpeg\" \/>\n<meta name=\"author\" content=\"carlotta\" \/>\n<meta name=\"twitter:card\" content=\"summary_large_image\" \/>\n<meta name=\"twitter:creator\" content=\"@LesElfesCamps\" \/>\n<meta name=\"twitter:site\" content=\"@LesElfesCamps\" \/>\n<meta name=\"twitter:label1\" content=\"Escrito por\" \/>\n\t<meta name=\"twitter:data1\" content=\"carlotta\" \/>\n\t<meta name=\"twitter:label2\" content=\"Est. tempo de leitura\" \/>\n\t<meta name=\"twitter:data2\" content=\"9 minutos\" \/>\n<script type=\"application\/ld+json\" class=\"yoast-schema-graph\">{\"@context\":\"https:\/\/schema.org\",\"@graph\":[{\"@type\":\"Article\",\"@id\":\"https:\/\/www.leselfes.com\/pt-br\/melhores-atividades-de-ferias-de-verao-na-europa-para-estudantes-da-india\/#article\",\"isPartOf\":{\"@id\":\"https:\/\/www.leselfes.com\/pt-br\/melhores-atividades-de-ferias-de-verao-na-europa-para-estudantes-da-india\/\"},\"author\":{\"name\":\"carlotta\",\"@id\":\"https:\/\/dev.leselfes.com\/#\/schema\/person\/9e8c1c68ef43ed5c58fa46ac5d8ee338\"},\"headline\":\"Melhores atividades de f\u00e9rias de ver\u00e3o na Europa para estudantes da \u00cdndia\",\"datePublished\":\"2019-05-07T04:29:56+00:00\",\"dateModified\":\"2024-11-12T10:41:17+00:00\",\"mainEntityOfPage\":{\"@id\":\"https:\/\/www.leselfes.com\/pt-br\/melhores-atividades-de-ferias-de-verao-na-europa-para-estudantes-da-india\/\"},\"wordCount\":1776,\"publisher\":{\"@id\":\"https:\/\/dev.leselfes.com\/#organization\"},\"articleSection\":[\"Acampamento de ver\u00e3o\",\"Artigos\"],\"inLanguage\":\"pt-BR\"},{\"@type\":\"WebPage\",\"@id\":\"https:\/\/www.leselfes.com\/pt-br\/melhores-atividades-de-ferias-de-verao-na-europa-para-estudantes-da-india\/\",\"url\":\"https:\/\/www.leselfes.com\/pt-br\/melhores-atividades-de-ferias-de-verao-na-europa-para-estudantes-da-india\/\",\"name\":\"Melhores atividades de f\u00e9rias de ver\u00e3o na Europa para estudantes da \u00cdndia - Les Elfes International Camps Switzerland\",\"isPartOf\":{\"@id\":\"https:\/\/dev.leselfes.com\/#website\"},\"datePublished\":\"2019-05-07T04:29:56+00:00\",\"dateModified\":\"2024-11-12T10:41:17+00:00\",\"breadcrumb\":{\"@id\":\"https:\/\/www.leselfes.com\/pt-br\/melhores-atividades-de-ferias-de-verao-na-europa-para-estudantes-da-india\/#breadcrumb\"},\"inLanguage\":\"pt-BR\",\"potentialAction\":[{\"@type\":\"ReadAction\",\"target\":[\"https:\/\/www.leselfes.com\/pt-br\/melhores-atividades-de-ferias-de-verao-na-europa-para-estudantes-da-india\/\"]}]},{\"@type\":\"BreadcrumbList\",\"@id\":\"https:\/\/www.leselfes.com\/pt-br\/melhores-atividades-de-ferias-de-verao-na-europa-para-estudantes-da-india\/#breadcrumb\",\"itemListElement\":[{\"@type\":\"ListItem\",\"position\":1,\"name\":\"Home\",\"item\":\"https:\/\/www.leselfes.com\/pt-br\/\"},{\"@type\":\"ListItem\",\"position\":2,\"name\":\"Melhores atividades de f\u00e9rias de ver\u00e3o na Europa para estudantes da \u00cdndia\"}]},{\"@type\":\"WebSite\",\"@id\":\"https:\/\/dev.leselfes.com\/#website\",\"url\":\"https:\/\/dev.leselfes.com\/\",\"name\":\"Les Elfes International\",\"description\":\"Les Elfes International, Verbier Switzerland. Summer Camp, Winter Camp, Spring Camps.\",\"publisher\":{\"@id\":\"https:\/\/dev.leselfes.com\/#organization\"},\"alternateName\":\"Les Elfes International\",\"potentialAction\":[{\"@type\":\"SearchAction\",\"target\":{\"@type\":\"EntryPoint\",\"urlTemplate\":\"https:\/\/dev.leselfes.com\/?s={search_term_string}\"},\"query-input\":{\"@type\":\"PropertyValueSpecification\",\"valueRequired\":true,\"valueName\":\"search_term_string\"}}],\"inLanguage\":\"pt-BR\"},{\"@type\":\"Organization\",\"@id\":\"https:\/\/dev.leselfes.com\/#organization\",\"name\":\"Les Elfes International\",\"alternateName\":\"Les Elfes International\",\"url\":\"https:\/\/dev.leselfes.com\/\",\"logo\":{\"@type\":\"ImageObject\",\"inLanguage\":\"pt-BR\",\"@id\":\"https:\/\/dev.leselfes.com\/#\/schema\/logo\/image\/\",\"url\":\"https:\/\/www.leselfes.com\/wp-content\/uploads\/2022\/03\/leselfes-logo.png\",\"contentUrl\":\"https:\/\/www.leselfes.com\/wp-content\/uploads\/2022\/03\/leselfes-logo.png\",\"width\":233,\"height\":51,\"caption\":\"Les Elfes International\"},\"image\":{\"@id\":\"https:\/\/dev.leselfes.com\/#\/schema\/logo\/image\/\"},\"sameAs\":[\"https:\/\/www.facebook.com\/LesElfesVerbier\",\"https:\/\/x.com\/LesElfesCamps\",\"https:\/\/www.instagram.com\/leselfes\",\"https:\/\/www.linkedin.com\/company\/les-elfes-international\",\"https:\/\/www.youtube.com\/user\/LesElfesVerbier\"]},{\"@type\":\"Person\",\"@id\":\"https:\/\/dev.leselfes.com\/#\/schema\/person\/9e8c1c68ef43ed5c58fa46ac5d8ee338\",\"name\":\"carlotta\",\"image\":{\"@type\":\"ImageObject\",\"inLanguage\":\"pt-BR\",\"@id\":\"https:\/\/dev.leselfes.com\/#\/schema\/person\/image\/\",\"url\":\"https:\/\/secure.gravatar.com\/avatar\/fdb243a028df450397b3632d862f87f6?s=96&d=mm&r=g\",\"contentUrl\":\"https:\/\/secure.gravatar.com\/avatar\/fdb243a028df450397b3632d862f87f6?s=96&d=mm&r=g\",\"caption\":\"carlotta\"},\"description\":\"Since 1987, Les Elfes International organizes ski trips &amp; field trips for leading schools around the world as well as winter &amp; summer camps for individual students aged between 6 y.o. and 17 y.o. from more than 60 nationalities. Welcoming 5'000 children and more than 200 schools a year from December until the end of October, Les Elfes has become a leading provider in the individual and school\u2019s trip industry. Our Winter and Summer Camps, ski and field trips provide more than just great activities and experiences. We introduce lifelong skills such as communicating with others without phone or laptop and understanding the value of living in a community away from home. Moreover, campers will be able to build a strong friend network and fortify the relationship among future classmates.\",\"sameAs\":[\"https:\/\/www.linkedin.com\/company\/les-elfes-international\/\"],\"url\":\"https:\/\/www.leselfes.com\/pt-br\/author\/carlotta\/\"}]}<\/script>\n<!-- \/ Yoast SEO Premium plugin. -->","yoast_head_json":{"title":"Melhores atividades de f\u00e9rias de ver\u00e3o na Europa para estudantes da \u00cdndia - Les Elfes International Camps Switzerland","robots":{"index":"index","follow":"follow","max-snippet":"max-snippet:-1","max-image-preview":"max-image-preview:large","max-video-preview":"max-video-preview:-1"},"canonical":"https:\/\/www.leselfes.com\/pt-br\/melhores-atividades-de-ferias-de-verao-na-europa-para-estudantes-da-india\/","og_locale":"pt_BR","og_type":"article","og_title":"Melhores atividades de f\u00e9rias de ver\u00e3o na Europa para estudantes da \u00cdndia","og_description":"&#13; O in\u00edcio do ver\u00e3o provoca uma onda de entusiasmo em pessoas de todas as esferas da vida. Muitas pessoas, especialmente pais com filhos em idade escolar, tiram f\u00e9rias durante...","og_url":"https:\/\/www.leselfes.com\/pt-br\/melhores-atividades-de-ferias-de-verao-na-europa-para-estudantes-da-india\/","og_site_name":"Les Elfes International Camps Switzerland","article_publisher":"https:\/\/www.facebook.com\/LesElfesVerbier","article_published_time":"2019-05-07T04:29:56+00:00","article_modified_time":"2024-11-12T10:41:17+00:00","og_image":[{"width":591,"height":555,"url":"https:\/\/www.leselfes.com\/wp-content\/uploads\/2022\/02\/Les-Elfes-International-summer-camp-Switzerland-Staff-Mobile-591x555-1.jpg","type":"image\/jpeg"}],"author":"carlotta","twitter_card":"summary_large_image","twitter_creator":"@LesElfesCamps","twitter_site":"@LesElfesCamps","twitter_misc":{"Escrito por":"carlotta","Est. tempo de leitura":"9 minutos"},"schema":{"@context":"https:\/\/schema.org","@graph":[{"@type":"Article","@id":"https:\/\/www.leselfes.com\/pt-br\/melhores-atividades-de-ferias-de-verao-na-europa-para-estudantes-da-india\/#article","isPartOf":{"@id":"https:\/\/www.leselfes.com\/pt-br\/melhores-atividades-de-ferias-de-verao-na-europa-para-estudantes-da-india\/"},"author":{"name":"carlotta","@id":"https:\/\/dev.leselfes.com\/#\/schema\/person\/9e8c1c68ef43ed5c58fa46ac5d8ee338"},"headline":"Melhores atividades de f\u00e9rias de ver\u00e3o na Europa para estudantes da \u00cdndia","datePublished":"2019-05-07T04:29:56+00:00","dateModified":"2024-11-12T10:41:17+00:00","mainEntityOfPage":{"@id":"https:\/\/www.leselfes.com\/pt-br\/melhores-atividades-de-ferias-de-verao-na-europa-para-estudantes-da-india\/"},"wordCount":1776,"publisher":{"@id":"https:\/\/dev.leselfes.com\/#organization"},"articleSection":["Acampamento de ver\u00e3o","Artigos"],"inLanguage":"pt-BR"},{"@type":"WebPage","@id":"https:\/\/www.leselfes.com\/pt-br\/melhores-atividades-de-ferias-de-verao-na-europa-para-estudantes-da-india\/","url":"https:\/\/www.leselfes.com\/pt-br\/melhores-atividades-de-ferias-de-verao-na-europa-para-estudantes-da-india\/","name":"Melhores atividades de f\u00e9rias de ver\u00e3o na Europa para estudantes da \u00cdndia - Les Elfes International Camps Switzerland","isPartOf":{"@id":"https:\/\/dev.leselfes.com\/#website"},"datePublished":"2019-05-07T04:29:56+00:00","dateModified":"2024-11-12T10:41:17+00:00","breadcrumb":{"@id":"https:\/\/www.leselfes.com\/pt-br\/melhores-atividades-de-ferias-de-verao-na-europa-para-estudantes-da-india\/#breadcrumb"},"inLanguage":"pt-BR","potentialAction":[{"@type":"ReadAction","target":["https:\/\/www.leselfes.com\/pt-br\/melhores-atividades-de-ferias-de-verao-na-europa-para-estudantes-da-india\/"]}]},{"@type":"BreadcrumbList","@id":"https:\/\/www.leselfes.com\/pt-br\/melhores-atividades-de-ferias-de-verao-na-europa-para-estudantes-da-india\/#breadcrumb","itemListElement":[{"@type":"ListItem","position":1,"name":"Home","item":"https:\/\/www.leselfes.com\/pt-br\/"},{"@type":"ListItem","position":2,"name":"Melhores atividades de f\u00e9rias de ver\u00e3o na Europa para estudantes da \u00cdndia"}]},{"@type":"WebSite","@id":"https:\/\/dev.leselfes.com\/#website","url":"https:\/\/dev.leselfes.com\/","name":"Les Elfes International","description":"Les Elfes International, Verbier Switzerland. Summer Camp, Winter Camp, Spring Camps.","publisher":{"@id":"https:\/\/dev.leselfes.com\/#organization"},"alternateName":"Les Elfes International","potentialAction":[{"@type":"SearchAction","target":{"@type":"EntryPoint","urlTemplate":"https:\/\/dev.leselfes.com\/?s={search_term_string}"},"query-input":{"@type":"PropertyValueSpecification","valueRequired":true,"valueName":"search_term_string"}}],"inLanguage":"pt-BR"},{"@type":"Organization","@id":"https:\/\/dev.leselfes.com\/#organization","name":"Les Elfes International","alternateName":"Les Elfes International","url":"https:\/\/dev.leselfes.com\/","logo":{"@type":"ImageObject","inLanguage":"pt-BR","@id":"https:\/\/dev.leselfes.com\/#\/schema\/logo\/image\/","url":"https:\/\/www.leselfes.com\/wp-content\/uploads\/2022\/03\/leselfes-logo.png","contentUrl":"https:\/\/www.leselfes.com\/wp-content\/uploads\/2022\/03\/leselfes-logo.png","width":233,"height":51,"caption":"Les Elfes International"},"image":{"@id":"https:\/\/dev.leselfes.com\/#\/schema\/logo\/image\/"},"sameAs":["https:\/\/www.facebook.com\/LesElfesVerbier","https:\/\/x.com\/LesElfesCamps","https:\/\/www.instagram.com\/leselfes","https:\/\/www.linkedin.com\/company\/les-elfes-international","https:\/\/www.youtube.com\/user\/LesElfesVerbier"]},{"@type":"Person","@id":"https:\/\/dev.leselfes.com\/#\/schema\/person\/9e8c1c68ef43ed5c58fa46ac5d8ee338","name":"carlotta","image":{"@type":"ImageObject","inLanguage":"pt-BR","@id":"https:\/\/dev.leselfes.com\/#\/schema\/person\/image\/","url":"https:\/\/secure.gravatar.com\/avatar\/fdb243a028df450397b3632d862f87f6?s=96&d=mm&r=g","contentUrl":"https:\/\/secure.gravatar.com\/avatar\/fdb243a028df450397b3632d862f87f6?s=96&d=mm&r=g","caption":"carlotta"},"description":"Since 1987, Les Elfes International organizes ski trips &amp; field trips for leading schools around the world as well as winter &amp; summer camps for individual students aged between 6 y.o. and 17 y.o. from more than 60 nationalities. Welcoming 5'000 children and more than 200 schools a year from December until the end of October, Les Elfes has become a leading provider in the individual and school\u2019s trip industry. Our Winter and Summer Camps, ski and field trips provide more than just great activities and experiences. We introduce lifelong skills such as communicating with others without phone or laptop and understanding the value of living in a community away from home. Moreover, campers will be able to build a strong friend network and fortify the relationship among future classmates.","sameAs":["https:\/\/www.linkedin.com\/company\/les-elfes-international\/"],"url":"https:\/\/www.leselfes.com\/pt-br\/author\/carlotta\/"}]}},"_links":{"self":[{"href":"https:\/\/www.leselfes.com\/pt-br\/wp-json\/wp\/v2\/posts\/90211"}],"collection":[{"href":"https:\/\/www.leselfes.com\/pt-br\/wp-json\/wp\/v2\/posts"}],"about":[{"href":"https:\/\/www.leselfes.com\/pt-br\/wp-json\/wp\/v2\/types\/post"}],"author":[{"embeddable":true,"href":"https:\/\/www.leselfes.com\/pt-br\/wp-json\/wp\/v2\/users\/6"}],"replies":[{"embeddable":true,"href":"https:\/\/www.leselfes.com\/pt-br\/wp-json\/wp\/v2\/comments?post=90211"}],"version-history":[{"count":0,"href":"https:\/\/www.leselfes.com\/pt-br\/wp-json\/wp\/v2\/posts\/90211\/revisions"}],"wp:attachment":[{"href":"https:\/\/www.leselfes.com\/pt-br\/wp-json\/wp\/v2\/media?parent=90211"}],"wp:term":[{"taxonomy":"category","embeddable":true,"href":"https:\/\/www.leselfes.com\/pt-br\/wp-json\/wp\/v2\/categories?post=90211"},{"taxonomy":"post_tag","embeddable":true,"href":"https:\/\/www.leselfes.com\/pt-br\/wp-json\/wp\/v2\/tags?post=90211"}],"curies":[{"name":"wp","href":"https:\/\/api.w.org\/{rel}","templated":true}]}}