{"id":90252,"date":"2019-04-23T15:25:33","date_gmt":"2019-04-23T13:25:33","guid":{"rendered":"https:\/\/www.leselfes.com\/fazer-um-curso-de-verao-de-idiomas\/"},"modified":"2024-11-12T11:41:49","modified_gmt":"2024-11-12T10:41:49","slug":"fazer-um-curso-de-verao-de-idiomas","status":"publish","type":"post","link":"https:\/\/www.leselfes.com\/pt-br\/fazer-um-curso-de-verao-de-idiomas\/","title":{"rendered":"Fazer um curso de ver\u00e3o de idiomas"},"content":{"rendered":"\n<p>Um grande n\u00famero de alunos se beneficia das viagens de idiomas em franc\u00eas, ingl\u00eas, alem\u00e3o, espanhol e mandarim, com a ampla gama de idiomas dispon\u00edveis levando a um aumento na diversidade de viagens que s\u00e3o apresentadas em nosso programa.\nA beleza das viagens de idiomas \u00e9 que elas permitem que os alunos tenham uma experi\u00eancia imersiva de aprendizado de idiomas que, por sua vez, oferece uma contribui\u00e7\u00e3o valiosa para o desenvolvimento pessoal. <\/p>\n\n<p><a href=\"https:\/\/www.leselfes.com\/pt-br\/?page_id=89241\">Fazer um curso de idiomas de ver\u00e3o<\/a> \u00e9 ben\u00e9fico porque proporciona aos alunos uma experi\u00eancia muito proveitosa, al\u00e9m de aprimorar sua compreens\u00e3o de idiomas estrangeiros. Al\u00e9m disso, ser capaz de escrever e falar em outro idioma \u00e9 uma habilidade muito procurada em rela\u00e7\u00e3o \u00e0s suas futuras carreiras. Muitas faculdades e universidades querem ver alunos que tenham estudado outro idioma em seus estudos acad\u00eamicos. Que melhor maneira de os alunos aprenderem um novo idioma do que combinar passeios tur\u00edsticos e atividades interessantes com a chance de praticar a conversa\u00e7\u00e3o com os habitantes locais? Essa \u00e9 a introdu\u00e7\u00e3o perfeita ao idioma e \u00e0 cultura de destino.    <\/p>\n\n<h2 class=\"wp-block-heading\">A verdadeira defini\u00e7\u00e3o de uma viagem de idiomas<\/h2>\n\n<p>Uma viagem de idiomas pode ser definida como uma combina\u00e7\u00e3o de um curso de idiomas e f\u00e9rias.\nO ambiente pode variar de est\u00e1gios ou salas de aula tradicionais a trabalho de campo, dependendo da idade do aluno.\nNosso programa de curso de aprendizado de idiomas tamb\u00e9m inclui atividades em grupo e estudo cultural.  <\/p>\n\n<figure><img decoding=\"async\" src=\"https:\/\/www.leselfes.com\/wp-content\/uploads\/2019\/09\/language-courses-e1575195327973.jpg\" alt=\"Les Elfes Summer Camp Su&#xED;&#xE7;a idioma courese\"\/><\/figure>\n\n<p>Todos os nossos programas de cursos de idiomas de ver\u00e3o s\u00e3o diferentes, dependendo da prefer\u00eancia do idioma, da necessidade e do grau de aprendizado.\nAlguns cursos s\u00e3o intensos, enquanto outros se concentram mais no aspecto das f\u00e9rias.\nOs alunos, com a orienta\u00e7\u00e3o de seus pais, podem escolher entre um programa mais casual ou uma experi\u00eancia de imers\u00e3o completa.  <\/p>\n\n<h2 class=\"wp-block-heading\">Por que \u00e9 importante que seu filho fa\u00e7a um curso de ver\u00e3o de idiomas<\/h2>\n\n<p>Fazer um curso de ver\u00e3o de um idioma \u00e9 importante porque oferece a oportunidade de voc\u00ea vivenciar o ambiente natural desse idioma todos os dias.\nEntendemos e concordamos que os programas de imers\u00e3o no aprendizado de idiomas s\u00e3o uma das melhores maneiras de aprender.\nH\u00e1 <a href=\"https:\/\/www.leselfes.com\/pt-br\/\">uma infinidade de op\u00e7\u00f5es para os alunos que desejam combinar o estudo do idioma com as f\u00e9rias de ver\u00e3o<\/a>.\nDessa forma, eles aprendem o idioma para fins pr\u00e1ticos, para aprender algo sobre arte e hist\u00f3ria ou para aprimorar sua vis\u00e3o de neg\u00f3cios.   <\/p>\n\n<p>Permitir que seu filho participe de um programa de viagem de idiomas \u00e9 conveniente, pois voc\u00ea est\u00e1 permitindo que um profissional cuide de toda a papelada e log\u00edstica.\nDessa forma, seu filho pode se concentrar apenas em aproveitar a aventura.\nParte de nosso trabalho tamb\u00e9m \u00e9 verificar os requisitos de visto, fazer todos os preparativos para a acomoda\u00e7\u00e3o das crian\u00e7as, bem como os traslados do aeroporto.  <\/p>\n\n<h2 class=\"wp-block-heading\">Quem se qualifica para fazer um curso de idiomas de ver\u00e3o?<\/h2>\n\n<p>O fen\u00f4meno de fazer um curso de idiomas no ver\u00e3o \u00e9 popular em v\u00e1rias faixas et\u00e1rias de estudantes.\nPortanto, as excurs\u00f5es s\u00e3o feitas sob medida para crian\u00e7as de todas as idades.\nOs alunos fazem viagens de idiomas para dar um tempo na escola.\nDessa forma, eles podem combinar suas f\u00e9rias de ver\u00e3o com algo produtivo e divertido.   <\/p>\n\n<h2 class=\"wp-block-heading\">Benef\u00edcios de um curso de idiomas de ver\u00e3o<\/h2>\n\n<p>Um curso de idiomas de ver\u00e3o tem muito a oferecer, quer voc\u00ea queira que seu filho se concentre no futuro acad\u00eamico e profissional ou no aprimoramento pessoal.\nVeja a seguir alguns dos benef\u00edcios de fazer um curso de idiomas no ver\u00e3o. <\/p>\n\n<h3 class=\"wp-block-heading\">Ajuda a desenvolver habilidades lingu\u00edsticas<\/h3>\n\n<p>Os cursos de idiomas de ver\u00e3o oferecem muitas habilidades para o desenvolvimento do idioma.\nPara os alunos que desejam aprimorar suas habilidades lingu\u00edsticas verbais e escritas, tudo o que precisam fazer \u00e9 escolher um curso de ingl\u00eas ou qualquer outro idioma internacional.\nAl\u00e9m disso, eles aprendem termos acad\u00eamicos espec\u00edficos e desenvolvem o vocabul\u00e1rio necess\u00e1rio para concluir uma educa\u00e7\u00e3o internacional.  <\/p>\n\n<h3 class=\"wp-block-heading\">Oferece a oportunidade de estudar em uma cidade internacional famosa<\/h3>\n\n<p>Parte de fazer um curso de idiomas de ver\u00e3o \u00e9 tamb\u00e9m conhecer outras culturas.\nAo estudar um idioma internacional, os alunos t\u00eam a chance de estudar em pa\u00edses famosos ou cidades cosmopolitas, incluindo as seguintes: <\/p>\n\n<ul class=\"wp-block-list\">\n<li>Xangai<\/li>\n<li>Londres<\/li>\n<li>Paris<\/li>\n<li>Madri<\/li>\n<li>Atenas<\/li>\n<li>Roterd\u00e3<\/li>\n<li>Espanha<\/li>\n<li>Isl\u00e2ndia<\/li>\n<li>Fran\u00e7a<\/li>\n<li>Irlanda<\/li>\n<li>Os EUA<\/li>\n<li>Reino Unido<\/li>\n<li>Pa\u00edses Baixos<\/li>\n<li>Entre muitos outros<\/li>\n<\/ul>\n\n<p>Ao fazer um curso de idiomas de ver\u00e3o, voc\u00ea tamb\u00e9m tem a chance de descobrir uma arquitetura impressionante, experimentar \u00f3timas culin\u00e1rias, visitar excelentes museus e galerias, tudo isso oferecendo uma experi\u00eancia altamente enriquecedora.<\/p>\n\n<h3 class=\"wp-block-heading\">Ajuda a apoiar a inscri\u00e7\u00e3o na faculdade ou universidade<\/h3>\n\n<p>Para os alunos do ensino m\u00e9dio, a sele\u00e7\u00e3o de um curso de idiomas de ver\u00e3o pode ajud\u00e1-los a decidir se querem fazer um mestrado ou bacharelado relacionado ao assunto.\nDessa forma, eles tamb\u00e9m podem melhorar sua candidatura \u00e0 universidade ou faculdade com realiza\u00e7\u00f5es acad\u00eamicas relevantes.\nOs alunos mais velhos que estiverem interessados em aprender um novo idioma podem escolher um curso que os prepare para v\u00e1rios exames de admiss\u00e3o em faculdades ou universidades.\nLembre-se de que qualquer evid\u00eancia de interesse em um determinado assunto provar\u00e1 que o aluno est\u00e1 empenhado em se destacar em suas atividades acad\u00eamicas, especialmente porque vivemos em um ambiente acad\u00eamico altamente competitivo.   <\/p>\n\n<h3 class=\"wp-block-heading\">Ajuda a aumentar a autoconfian\u00e7a<\/h3>\n\n<p>Uma \u00f3tima maneira de os alunos provarem que s\u00e3o indiv\u00edduos capazes e autoconfiantes \u00e9 concluir com \u00eaxito um programa de curso de idiomas de ver\u00e3o.\nOs alunos que fizeram um curso de idioma internacional t\u00eam mais chances de conseguir se matricular em uma universidade ou faculdade bem conceituada.\nAl\u00e9m disso, a experi\u00eancia de curto prazo no exterior oferece uma vis\u00e3o suficiente da vida do seu filho, desafiando-o a sonhar mais alto.\nPortanto, fazer um curso de idiomas de ver\u00e3o ajuda os alunos a acessar seu verdadeiro potencial, silenciar suas d\u00favidas e dar a eles a confian\u00e7a necess\u00e1ria para perseguir seus sonhos.   <\/p>\n\n<h3 class=\"wp-block-heading\">Ajuda-os a entender o aprendizado independente<\/h3>\n\n<p>Em geral, os alunos se concentram em absorver o m\u00e1ximo de informa\u00e7\u00f5es que seus c\u00e9rebros conseguem, especialmente durante um ano acad\u00eamico exigente, para passar nos exames.\nE, em vez de incentivar os alunos a descobrirem seu potencial, a maioria dos professores se concentra mais em atingir as metas estabelecidas.\nA vantagem de fazer um curso de idiomas de ver\u00e3o \u00e9 que ele d\u00e1 mais \u00eanfase ao desenvolvimento de habilidades, al\u00e9m de estimular a criatividade, a autoconfian\u00e7a e a curiosidade.  <\/p>\n\n<h3 class=\"wp-block-heading\">Satisfaz sua sede de conhecimento<\/h3>\n\n<p>Se a escola do seu filho n\u00e3o oferece um curso de idioma espec\u00edfico no qual ele possa estar interessado, um curso de ver\u00e3o oferece aos alunos muitas op\u00e7\u00f5es que saciar\u00e3o sua sede de conhecimento.\nMesmo que eles n\u00e3o saibam qual idioma gostariam de aprender, podem navegar por nossa extensa lista de cursos de idiomas de ver\u00e3o.\nIsso pode at\u00e9 inspir\u00e1-los a experimentar novas oportunidades de estudo.  <\/p>\n\n<h3 class=\"wp-block-heading\">Ajuda voc\u00ea a fazer novos amigos<\/h3>\n\n<figure><img decoding=\"async\" src=\"https:\/\/www.leselfes.com\/wp-content\/uploads\/2019\/09\/Lenguage-lessons.jpg\" alt=\"\"\/><\/figure>\n\n<p>Fazer um curso de ver\u00e3o em uma escola de idiomas \u00e9 a maneira perfeita para que os alunos fa\u00e7am novos amigos.\nIsso ocorre porque o ambiente \u00e9 altamente interativo e acolhedor.\nAo interagir com os colegas de classe e participar de eventos sociais, seu filho tem a chance de fazer amizades duradouras.\nMesmo que seu filho seja t\u00edmido, ele ter\u00e1 mais facilidade para se abrir gra\u00e7as \u00e0 atmosfera amig\u00e1vel, \u00e0 aceita\u00e7\u00e3o da diversidade, aos interesses compartilhados pelos participantes e aos pequenos grupos de estudo.   <\/p>\n\n<h3 class=\"wp-block-heading\">Ajudar a melhorar suas notas<\/h3>\n\n<p>Aumentar os resultados nos exames \u00e9 um dos motivos \u00f3bvios pelos quais os alunos devem fazer um curso de idiomas de ver\u00e3o.\nAs horas extras de estudo os ajudam a aprimorar e fortalecer o conhecimento do idioma, especialmente porque est\u00e3o estudando fora do ambiente escolar t\u00edpico.\nOs m\u00e9todos de aprendizado eficazes e inovadores podem at\u00e9 fornecer novas ideias sobre como abordar o aprendizado em geral.\nDessa forma, eles tamb\u00e9m adquirem habilidades pr\u00e1ticas, como aprender a aplicar t\u00e9cnicas eficazes ao estudar algo novo.   <\/p>\n\n<h3 class=\"wp-block-heading\">Ajuda voc\u00ea a se divertir bastante<\/h3>\n\n<p><a href=\"https:\/\/www.leselfes.com\/pt-br\/?page_id=90080\">Uma viagem de ver\u00e3o para aprender um idioma pode ser uma experi\u00eancia muito divertida e empolgante<\/a>. Al\u00e9m de outras grandes oportunidades de interagir com alunos que pensam como voc\u00ea, as atividades inovadoras em sala de aula podem ser \u00f3timas para quebrar o gelo social. Enquanto voc\u00ea estiver na escola, seu filho poder\u00e1 participar de festas especiais, eventos e passeios pela cidade, o que tornar\u00e1 a experi\u00eancia da viagem escolar de ver\u00e3o inesquec\u00edvel.  <\/p>\n\n<h3 class=\"wp-block-heading\">Ajuda voc\u00ea a se inspirar<\/h3>\n\n<p>Diversos alunos se inscrevem em um curso de idiomas de ver\u00e3o por v\u00e1rios motivos.\nAlguns simplesmente querem estudar em uma escola de ver\u00e3o para ocupar seu tempo durante as longas f\u00e9rias de ver\u00e3o.\nPortanto, se voc\u00ea quiser que seu filho se beneficie de uma ideia nova, um curso de idiomas de ver\u00e3o pode ser o melhor plano.  <\/p>\n\n<h2 class=\"wp-block-heading\">Viagens e passeios em escolas de idiomas<\/h2>\n\n<p>N\u00e3o h\u00e1 melhor maneira de refor\u00e7ar o aprendizado do aluno em sala de aula do que estar cercado por falantes nativos, exposto \u00e0 sua cultura e imerso em seus ritmos di\u00e1rios de vida.\nQuando os alunos visitam o destino de seu idioma-alvo, eles t\u00eam uma experi\u00eancia de aprendizado totalmente nova.\nAo fazer um curso de idiomas de ver\u00e3o, os alunos s\u00e3o desafiados, engajados e inspirados na aplica\u00e7\u00e3o pr\u00e1tica do idioma-alvo.  <\/p>\n\n<p>Nossas experi\u00eancias de enriquecimento do idioma s\u00e3o projetadas para desenvolver a compreens\u00e3o e as habilidades de conversa\u00e7\u00e3o por meio de uma ampla variedade de atividades e excurs\u00f5es empolgantes focadas no idioma-alvo, com \u00eanfase em experi\u00eancias de enriquecimento.<\/p>\n\n<p>Os alunos tamb\u00e9m t\u00eam a chance de interagir com falantes nativos que os ajudam a aumentar sua confian\u00e7a ao se comunicarem no idioma que est\u00e3o estudando, em diversas situa\u00e7\u00f5es sociais.\nN\u00e3o importa qual seja a habilidade do seu filho ou adolescente, a experi\u00eancia dele pode ser levada ao n\u00edvel exato necess\u00e1rio para enriquecer o aprendizado, permitindo que ele se envolva com o idioma-alvo e desfrute de todos os benef\u00edcios mencionados acima. <\/p>\n\n<p>Lembre-se de que <a href=\"https:\/\/www.sprachcaffe.com\/english\/magazine-article\/10-reasons-why-you-should-go-on-a-language-trip-2017-11-03.htm\">falar um idioma estrangeiro traz in\u00fameros benef\u00edcios<\/a> e sempre oferece uma vantagem em nossa sociedade moderna.<\/p>","protected":false},"excerpt":{"rendered":"<p>Um grande n\u00famero de alunos se beneficia das viagens de idiomas em franc\u00eas, ingl\u00eas, alem\u00e3o, espanhol e mandarim, com a ampla gama de idiomas dispon\u00edveis levando a um aumento na&#8230;<\/p>\n","protected":false},"author":6,"featured_media":0,"comment_status":"closed","ping_status":"open","sticky":false,"template":"","format":"standard","meta":{"_acf_changed":false,"inline_featured_image":false,"footnotes":""},"categories":[1351],"tags":[],"class_list":{"0":"post-90252","1":"post","2":"type-post","3":"status-publish","4":"format-standard","6":"category-artigos-pt-br"},"acf":[],"yoast_head":"<!-- This site is optimized with the Yoast SEO Premium plugin v24.2 (Yoast SEO v24.7) - https:\/\/yoast.com\/wordpress\/plugins\/seo\/ -->\n<title>Fazer um curso de ver\u00e3o de idiomas - Les Elfes International Camps Switzerland<\/title>\n<meta name=\"robots\" content=\"index, follow, max-snippet:-1, max-image-preview:large, max-video-preview:-1\" \/>\n<link rel=\"canonical\" href=\"https:\/\/www.leselfes.com\/pt-br\/fazer-um-curso-de-verao-de-idiomas\/\" \/>\n<meta property=\"og:locale\" content=\"pt_BR\" \/>\n<meta property=\"og:type\" content=\"article\" \/>\n<meta property=\"og:title\" content=\"Fazer um curso de ver\u00e3o de idiomas\" \/>\n<meta property=\"og:description\" content=\"Um grande n\u00famero de alunos se beneficia das viagens de idiomas em franc\u00eas, ingl\u00eas, alem\u00e3o, espanhol e mandarim, com a ampla gama de idiomas dispon\u00edveis levando a um aumento na...\" \/>\n<meta property=\"og:url\" content=\"https:\/\/www.leselfes.com\/pt-br\/fazer-um-curso-de-verao-de-idiomas\/\" \/>\n<meta property=\"og:site_name\" content=\"Les Elfes International Camps Switzerland\" \/>\n<meta property=\"article:publisher\" content=\"https:\/\/www.facebook.com\/LesElfesVerbier\" \/>\n<meta property=\"article:published_time\" content=\"2019-04-23T13:25:33+00:00\" \/>\n<meta property=\"article:modified_time\" content=\"2024-11-12T10:41:49+00:00\" \/>\n<meta property=\"og:image\" content=\"https:\/\/dev.leselfes.com\/wp-content\/uploads\/2019\/09\/language-courses-e1575195327973.jpg\" \/>\n<meta name=\"author\" content=\"carlotta\" \/>\n<meta name=\"twitter:card\" content=\"summary_large_image\" \/>\n<meta name=\"twitter:creator\" content=\"@LesElfesCamps\" \/>\n<meta name=\"twitter:site\" content=\"@LesElfesCamps\" \/>\n<meta name=\"twitter:label1\" content=\"Escrito por\" \/>\n\t<meta name=\"twitter:data1\" content=\"carlotta\" \/>\n\t<meta name=\"twitter:label2\" content=\"Est. tempo de leitura\" \/>\n\t<meta name=\"twitter:data2\" content=\"9 minutos\" \/>\n<script type=\"application\/ld+json\" class=\"yoast-schema-graph\">{\"@context\":\"https:\/\/schema.org\",\"@graph\":[{\"@type\":\"Article\",\"@id\":\"https:\/\/www.leselfes.com\/pt-br\/fazer-um-curso-de-verao-de-idiomas\/#article\",\"isPartOf\":{\"@id\":\"https:\/\/www.leselfes.com\/pt-br\/fazer-um-curso-de-verao-de-idiomas\/\"},\"author\":{\"name\":\"carlotta\",\"@id\":\"https:\/\/dev.leselfes.com\/#\/schema\/person\/9e8c1c68ef43ed5c58fa46ac5d8ee338\"},\"headline\":\"Fazer um curso de ver\u00e3o de idiomas\",\"datePublished\":\"2019-04-23T13:25:33+00:00\",\"dateModified\":\"2024-11-12T10:41:49+00:00\",\"mainEntityOfPage\":{\"@id\":\"https:\/\/www.leselfes.com\/pt-br\/fazer-um-curso-de-verao-de-idiomas\/\"},\"wordCount\":1802,\"publisher\":{\"@id\":\"https:\/\/dev.leselfes.com\/#organization\"},\"image\":{\"@id\":\"https:\/\/www.leselfes.com\/pt-br\/fazer-um-curso-de-verao-de-idiomas\/#primaryimage\"},\"thumbnailUrl\":\"https:\/\/www.leselfes.com\/wp-content\/uploads\/2019\/09\/language-courses-e1575195327973.jpg\",\"articleSection\":[\"Artigos\"],\"inLanguage\":\"pt-BR\"},{\"@type\":\"WebPage\",\"@id\":\"https:\/\/www.leselfes.com\/pt-br\/fazer-um-curso-de-verao-de-idiomas\/\",\"url\":\"https:\/\/www.leselfes.com\/pt-br\/fazer-um-curso-de-verao-de-idiomas\/\",\"name\":\"Fazer um curso de ver\u00e3o de idiomas - Les Elfes International Camps Switzerland\",\"isPartOf\":{\"@id\":\"https:\/\/dev.leselfes.com\/#website\"},\"primaryImageOfPage\":{\"@id\":\"https:\/\/www.leselfes.com\/pt-br\/fazer-um-curso-de-verao-de-idiomas\/#primaryimage\"},\"image\":{\"@id\":\"https:\/\/www.leselfes.com\/pt-br\/fazer-um-curso-de-verao-de-idiomas\/#primaryimage\"},\"thumbnailUrl\":\"https:\/\/www.leselfes.com\/wp-content\/uploads\/2019\/09\/language-courses-e1575195327973.jpg\",\"datePublished\":\"2019-04-23T13:25:33+00:00\",\"dateModified\":\"2024-11-12T10:41:49+00:00\",\"breadcrumb\":{\"@id\":\"https:\/\/www.leselfes.com\/pt-br\/fazer-um-curso-de-verao-de-idiomas\/#breadcrumb\"},\"inLanguage\":\"pt-BR\",\"potentialAction\":[{\"@type\":\"ReadAction\",\"target\":[\"https:\/\/www.leselfes.com\/pt-br\/fazer-um-curso-de-verao-de-idiomas\/\"]}]},{\"@type\":\"ImageObject\",\"inLanguage\":\"pt-BR\",\"@id\":\"https:\/\/www.leselfes.com\/pt-br\/fazer-um-curso-de-verao-de-idiomas\/#primaryimage\",\"url\":\"https:\/\/www.leselfes.com\/wp-content\/uploads\/2019\/09\/language-courses-e1575195327973.jpg\",\"contentUrl\":\"https:\/\/www.leselfes.com\/wp-content\/uploads\/2019\/09\/language-courses-e1575195327973.jpg\"},{\"@type\":\"BreadcrumbList\",\"@id\":\"https:\/\/www.leselfes.com\/pt-br\/fazer-um-curso-de-verao-de-idiomas\/#breadcrumb\",\"itemListElement\":[{\"@type\":\"ListItem\",\"position\":1,\"name\":\"Home\",\"item\":\"https:\/\/www.leselfes.com\/pt-br\/\"},{\"@type\":\"ListItem\",\"position\":2,\"name\":\"Fazer um curso de ver\u00e3o de idiomas\"}]},{\"@type\":\"WebSite\",\"@id\":\"https:\/\/dev.leselfes.com\/#website\",\"url\":\"https:\/\/dev.leselfes.com\/\",\"name\":\"Les Elfes International\",\"description\":\"Les Elfes International, Verbier Switzerland. Summer Camp, Winter Camp, Spring Camps.\",\"publisher\":{\"@id\":\"https:\/\/dev.leselfes.com\/#organization\"},\"alternateName\":\"Les Elfes International\",\"potentialAction\":[{\"@type\":\"SearchAction\",\"target\":{\"@type\":\"EntryPoint\",\"urlTemplate\":\"https:\/\/dev.leselfes.com\/?s={search_term_string}\"},\"query-input\":{\"@type\":\"PropertyValueSpecification\",\"valueRequired\":true,\"valueName\":\"search_term_string\"}}],\"inLanguage\":\"pt-BR\"},{\"@type\":\"Organization\",\"@id\":\"https:\/\/dev.leselfes.com\/#organization\",\"name\":\"Les Elfes International\",\"alternateName\":\"Les Elfes International\",\"url\":\"https:\/\/dev.leselfes.com\/\",\"logo\":{\"@type\":\"ImageObject\",\"inLanguage\":\"pt-BR\",\"@id\":\"https:\/\/dev.leselfes.com\/#\/schema\/logo\/image\/\",\"url\":\"https:\/\/www.leselfes.com\/wp-content\/uploads\/2022\/03\/leselfes-logo.png\",\"contentUrl\":\"https:\/\/www.leselfes.com\/wp-content\/uploads\/2022\/03\/leselfes-logo.png\",\"width\":233,\"height\":51,\"caption\":\"Les Elfes International\"},\"image\":{\"@id\":\"https:\/\/dev.leselfes.com\/#\/schema\/logo\/image\/\"},\"sameAs\":[\"https:\/\/www.facebook.com\/LesElfesVerbier\",\"https:\/\/x.com\/LesElfesCamps\",\"https:\/\/www.instagram.com\/leselfes\",\"https:\/\/www.linkedin.com\/company\/les-elfes-international\",\"https:\/\/www.youtube.com\/user\/LesElfesVerbier\"]},{\"@type\":\"Person\",\"@id\":\"https:\/\/dev.leselfes.com\/#\/schema\/person\/9e8c1c68ef43ed5c58fa46ac5d8ee338\",\"name\":\"carlotta\",\"image\":{\"@type\":\"ImageObject\",\"inLanguage\":\"pt-BR\",\"@id\":\"https:\/\/dev.leselfes.com\/#\/schema\/person\/image\/\",\"url\":\"https:\/\/secure.gravatar.com\/avatar\/fdb243a028df450397b3632d862f87f6?s=96&d=mm&r=g\",\"contentUrl\":\"https:\/\/secure.gravatar.com\/avatar\/fdb243a028df450397b3632d862f87f6?s=96&d=mm&r=g\",\"caption\":\"carlotta\"},\"description\":\"Since 1987, Les Elfes International organizes ski trips &amp; field trips for leading schools around the world as well as winter &amp; summer camps for individual students aged between 6 y.o. and 17 y.o. from more than 60 nationalities. Welcoming 5'000 children and more than 200 schools a year from December until the end of October, Les Elfes has become a leading provider in the individual and school\u2019s trip industry. Our Winter and Summer Camps, ski and field trips provide more than just great activities and experiences. We introduce lifelong skills such as communicating with others without phone or laptop and understanding the value of living in a community away from home. Moreover, campers will be able to build a strong friend network and fortify the relationship among future classmates.\",\"sameAs\":[\"https:\/\/www.linkedin.com\/company\/les-elfes-international\/\"],\"url\":\"https:\/\/www.leselfes.com\/pt-br\/author\/carlotta\/\"}]}<\/script>\n<!-- \/ Yoast SEO Premium plugin. -->","yoast_head_json":{"title":"Fazer um curso de ver\u00e3o de idiomas - Les Elfes International Camps Switzerland","robots":{"index":"index","follow":"follow","max-snippet":"max-snippet:-1","max-image-preview":"max-image-preview:large","max-video-preview":"max-video-preview:-1"},"canonical":"https:\/\/www.leselfes.com\/pt-br\/fazer-um-curso-de-verao-de-idiomas\/","og_locale":"pt_BR","og_type":"article","og_title":"Fazer um curso de ver\u00e3o de idiomas","og_description":"Um grande n\u00famero de alunos se beneficia das viagens de idiomas em franc\u00eas, ingl\u00eas, alem\u00e3o, espanhol e mandarim, com a ampla gama de idiomas dispon\u00edveis levando a um aumento na...","og_url":"https:\/\/www.leselfes.com\/pt-br\/fazer-um-curso-de-verao-de-idiomas\/","og_site_name":"Les Elfes International Camps Switzerland","article_publisher":"https:\/\/www.facebook.com\/LesElfesVerbier","article_published_time":"2019-04-23T13:25:33+00:00","article_modified_time":"2024-11-12T10:41:49+00:00","og_image":[{"url":"https:\/\/dev.leselfes.com\/wp-content\/uploads\/2019\/09\/language-courses-e1575195327973.jpg","type":"","width":"","height":""}],"author":"carlotta","twitter_card":"summary_large_image","twitter_creator":"@LesElfesCamps","twitter_site":"@LesElfesCamps","twitter_misc":{"Escrito por":"carlotta","Est. tempo de leitura":"9 minutos"},"schema":{"@context":"https:\/\/schema.org","@graph":[{"@type":"Article","@id":"https:\/\/www.leselfes.com\/pt-br\/fazer-um-curso-de-verao-de-idiomas\/#article","isPartOf":{"@id":"https:\/\/www.leselfes.com\/pt-br\/fazer-um-curso-de-verao-de-idiomas\/"},"author":{"name":"carlotta","@id":"https:\/\/dev.leselfes.com\/#\/schema\/person\/9e8c1c68ef43ed5c58fa46ac5d8ee338"},"headline":"Fazer um curso de ver\u00e3o de idiomas","datePublished":"2019-04-23T13:25:33+00:00","dateModified":"2024-11-12T10:41:49+00:00","mainEntityOfPage":{"@id":"https:\/\/www.leselfes.com\/pt-br\/fazer-um-curso-de-verao-de-idiomas\/"},"wordCount":1802,"publisher":{"@id":"https:\/\/dev.leselfes.com\/#organization"},"image":{"@id":"https:\/\/www.leselfes.com\/pt-br\/fazer-um-curso-de-verao-de-idiomas\/#primaryimage"},"thumbnailUrl":"https:\/\/www.leselfes.com\/wp-content\/uploads\/2019\/09\/language-courses-e1575195327973.jpg","articleSection":["Artigos"],"inLanguage":"pt-BR"},{"@type":"WebPage","@id":"https:\/\/www.leselfes.com\/pt-br\/fazer-um-curso-de-verao-de-idiomas\/","url":"https:\/\/www.leselfes.com\/pt-br\/fazer-um-curso-de-verao-de-idiomas\/","name":"Fazer um curso de ver\u00e3o de idiomas - Les Elfes International Camps Switzerland","isPartOf":{"@id":"https:\/\/dev.leselfes.com\/#website"},"primaryImageOfPage":{"@id":"https:\/\/www.leselfes.com\/pt-br\/fazer-um-curso-de-verao-de-idiomas\/#primaryimage"},"image":{"@id":"https:\/\/www.leselfes.com\/pt-br\/fazer-um-curso-de-verao-de-idiomas\/#primaryimage"},"thumbnailUrl":"https:\/\/www.leselfes.com\/wp-content\/uploads\/2019\/09\/language-courses-e1575195327973.jpg","datePublished":"2019-04-23T13:25:33+00:00","dateModified":"2024-11-12T10:41:49+00:00","breadcrumb":{"@id":"https:\/\/www.leselfes.com\/pt-br\/fazer-um-curso-de-verao-de-idiomas\/#breadcrumb"},"inLanguage":"pt-BR","potentialAction":[{"@type":"ReadAction","target":["https:\/\/www.leselfes.com\/pt-br\/fazer-um-curso-de-verao-de-idiomas\/"]}]},{"@type":"ImageObject","inLanguage":"pt-BR","@id":"https:\/\/www.leselfes.com\/pt-br\/fazer-um-curso-de-verao-de-idiomas\/#primaryimage","url":"https:\/\/www.leselfes.com\/wp-content\/uploads\/2019\/09\/language-courses-e1575195327973.jpg","contentUrl":"https:\/\/www.leselfes.com\/wp-content\/uploads\/2019\/09\/language-courses-e1575195327973.jpg"},{"@type":"BreadcrumbList","@id":"https:\/\/www.leselfes.com\/pt-br\/fazer-um-curso-de-verao-de-idiomas\/#breadcrumb","itemListElement":[{"@type":"ListItem","position":1,"name":"Home","item":"https:\/\/www.leselfes.com\/pt-br\/"},{"@type":"ListItem","position":2,"name":"Fazer um curso de ver\u00e3o de idiomas"}]},{"@type":"WebSite","@id":"https:\/\/dev.leselfes.com\/#website","url":"https:\/\/dev.leselfes.com\/","name":"Les Elfes International","description":"Les Elfes International, Verbier Switzerland. Summer Camp, Winter Camp, Spring Camps.","publisher":{"@id":"https:\/\/dev.leselfes.com\/#organization"},"alternateName":"Les Elfes International","potentialAction":[{"@type":"SearchAction","target":{"@type":"EntryPoint","urlTemplate":"https:\/\/dev.leselfes.com\/?s={search_term_string}"},"query-input":{"@type":"PropertyValueSpecification","valueRequired":true,"valueName":"search_term_string"}}],"inLanguage":"pt-BR"},{"@type":"Organization","@id":"https:\/\/dev.leselfes.com\/#organization","name":"Les Elfes International","alternateName":"Les Elfes International","url":"https:\/\/dev.leselfes.com\/","logo":{"@type":"ImageObject","inLanguage":"pt-BR","@id":"https:\/\/dev.leselfes.com\/#\/schema\/logo\/image\/","url":"https:\/\/www.leselfes.com\/wp-content\/uploads\/2022\/03\/leselfes-logo.png","contentUrl":"https:\/\/www.leselfes.com\/wp-content\/uploads\/2022\/03\/leselfes-logo.png","width":233,"height":51,"caption":"Les Elfes International"},"image":{"@id":"https:\/\/dev.leselfes.com\/#\/schema\/logo\/image\/"},"sameAs":["https:\/\/www.facebook.com\/LesElfesVerbier","https:\/\/x.com\/LesElfesCamps","https:\/\/www.instagram.com\/leselfes","https:\/\/www.linkedin.com\/company\/les-elfes-international","https:\/\/www.youtube.com\/user\/LesElfesVerbier"]},{"@type":"Person","@id":"https:\/\/dev.leselfes.com\/#\/schema\/person\/9e8c1c68ef43ed5c58fa46ac5d8ee338","name":"carlotta","image":{"@type":"ImageObject","inLanguage":"pt-BR","@id":"https:\/\/dev.leselfes.com\/#\/schema\/person\/image\/","url":"https:\/\/secure.gravatar.com\/avatar\/fdb243a028df450397b3632d862f87f6?s=96&d=mm&r=g","contentUrl":"https:\/\/secure.gravatar.com\/avatar\/fdb243a028df450397b3632d862f87f6?s=96&d=mm&r=g","caption":"carlotta"},"description":"Since 1987, Les Elfes International organizes ski trips &amp; field trips for leading schools around the world as well as winter &amp; summer camps for individual students aged between 6 y.o. and 17 y.o. from more than 60 nationalities. Welcoming 5'000 children and more than 200 schools a year from December until the end of October, Les Elfes has become a leading provider in the individual and school\u2019s trip industry. Our Winter and Summer Camps, ski and field trips provide more than just great activities and experiences. We introduce lifelong skills such as communicating with others without phone or laptop and understanding the value of living in a community away from home. Moreover, campers will be able to build a strong friend network and fortify the relationship among future classmates.","sameAs":["https:\/\/www.linkedin.com\/company\/les-elfes-international\/"],"url":"https:\/\/www.leselfes.com\/pt-br\/author\/carlotta\/"}]}},"_links":{"self":[{"href":"https:\/\/www.leselfes.com\/pt-br\/wp-json\/wp\/v2\/posts\/90252"}],"collection":[{"href":"https:\/\/www.leselfes.com\/pt-br\/wp-json\/wp\/v2\/posts"}],"about":[{"href":"https:\/\/www.leselfes.com\/pt-br\/wp-json\/wp\/v2\/types\/post"}],"author":[{"embeddable":true,"href":"https:\/\/www.leselfes.com\/pt-br\/wp-json\/wp\/v2\/users\/6"}],"replies":[{"embeddable":true,"href":"https:\/\/www.leselfes.com\/pt-br\/wp-json\/wp\/v2\/comments?post=90252"}],"version-history":[{"count":0,"href":"https:\/\/www.leselfes.com\/pt-br\/wp-json\/wp\/v2\/posts\/90252\/revisions"}],"wp:attachment":[{"href":"https:\/\/www.leselfes.com\/pt-br\/wp-json\/wp\/v2\/media?parent=90252"}],"wp:term":[{"taxonomy":"category","embeddable":true,"href":"https:\/\/www.leselfes.com\/pt-br\/wp-json\/wp\/v2\/categories?post=90252"},{"taxonomy":"post_tag","embeddable":true,"href":"https:\/\/www.leselfes.com\/pt-br\/wp-json\/wp\/v2\/tags?post=90252"}],"curies":[{"name":"wp","href":"https:\/\/api.w.org\/{rel}","templated":true}]}}