{"id":90357,"date":"2018-01-17T12:43:08","date_gmt":"2018-01-17T11:43:08","guid":{"rendered":"https:\/\/www.leselfes.com\/associacao-annapurna-nepal-relatorio-fabiana-setembro-de-2017\/"},"modified":"2024-11-12T11:43:54","modified_gmt":"2024-11-12T10:43:54","slug":"associacao-annapurna-nepal-relatorio-fabiana-setembro-de-2017","status":"publish","type":"post","link":"https:\/\/www.leselfes.com\/pt-br\/associacao-annapurna-nepal-relatorio-fabiana-setembro-de-2017\/","title":{"rendered":"Associa\u00e7\u00e3o Annapurna Nepal &#8211; Relat\u00f3rio Fabiana Setembro de 2017"},"content":{"rendered":"<p><img decoding=\"async\" src=\"https:\/\/www.leselfes.com\/wp-content\/uploads\/2015\/02\/Association-Annapurna-001.jpg\" alt=\"Associa\u00e7\u00e3o-Annapurna\"><b>Forte relacionamento com a Association Annapurna Nepal<\/b><br \/>\nLes Elfes orgulhosamente continua seu forte relacionamento com a Association Annapurna Nepal, trabalhando principalmente com meninas \u00f3rf\u00e3s ou com muito pouco apoio familiar.<br \/>\n<b>Em 2017, enviamos 6 membros da equipe ao Nepal, incluindo Fabiana, nossa funcion\u00e1ria de La Tzoumaz, que tinha algumas boas lembran\u00e7as para compartilhar conosco.<\/b><\/p>\n<hr>\n<p><b>Relat\u00f3rio Fabiana de setembro de 2017:<\/b><br \/>\n<img decoding=\"async\" src=\"https:\/\/www.leselfes.com\/wp-content\/uploads\/2018\/01\/Annapurna-1.jpg\" alt=\"Annapurna\"><br \/>\nNa ANA &#8211; Association Annapurna Nepal &#8211; tive a oportunidade de passar um tempo com um anfitri\u00e3o. Naquela \u00e9poca, em&nbsp; setembro, havia 13 meninas e 2 meninos. <b>Programa\u00e7\u00e3o<\/b><br \/>\nA programa\u00e7\u00e3o do voluntariado se baseava em uma visita duas vezes por dia. A primeira pela manh\u00e3, para ajudar as crian\u00e7as a se prepararem para a escola. A segunda visita \u00e0 noite, para ajudar com o dever de casa, estudos e atividades recreativas.<br \/>\n  &nbsp;  No entanto, os s\u00e1bados eram diferentes, pois eu podia passar o dia inteiro com eles e o dia inteiro com diferentes atividades. <b>\u00c9poca<\/b> de provas<br \/>\nEra \u00e9poca de provas quando eu estava l\u00e1, portanto, na primeira semana, est\u00e1vamos estudando principalmente. Eu me relacionava mais com os mais jovens, j\u00e1 que os mais velhos j\u00e1 tinham um m\u00e9todo de estudo bem organizado e&nbsp; foi nesses momentos que aprendi muito, principalmente sobre a cultura deles e como a vida \u00e9 t\u00e3o diferente da vida aqui na Europa.&nbsp; Al\u00e9m disso, demos boas risadas juntos sobre como esses &#8220;dois mundos&#8221; s\u00e3o diferentes.&nbsp; \u00c0 medida que o tempo&nbsp; passava, pude ver como eles s\u00e3o esfor\u00e7ados por meio de bons h\u00e1bitos de vida, rotinas e estudos. N\u00e3o estou&nbsp; acostumado a ver crian\u00e7as que realmente gostam de estudar, foi impressionante. <b>Dashain e Tihar<\/b><br \/>\nTamb\u00e9m est\u00e1vamos perto da \u00e9poca do maior festival celebrado no Nepal &#8211; Dashain e Tihar &#8211; que eu diria ser como o nosso Natal na Europa. Todos voltam para casa, vindos de todas as partes, para receber o aben\u00e7oado &#8220;tika&#8221; (ponto vermelho na testa) dos parentes mais velhos.<br \/>\nCom isso, voc\u00ea recebeu um grande convite para participar da comemora\u00e7\u00e3o deles na escola. O tema era &#8220;Competi\u00e7\u00e3o de show de talentos&#8221;, para o qual as meninas, entre os estudos, estavam praticando. A escola foi decorada e todas as crian\u00e7as estavam muito animadas. Mais uma vez, tive a oportunidade de me aprofundar um pouco na cultura deles por meio da apresenta\u00e7\u00e3o das crian\u00e7as dessa escola e fiquei maravilhado.<br \/>\nLembro-me com carinho de que, em determinado momento, a professora que apresentava o show pediu a duas de nossas crian\u00e7as mais velhas que mudassem o idioma para o ingl\u00eas para que eu pudesse entender. <b>Atividades p\u00f3s-escolares<\/b><br \/>\nQuando a aula terminou, tivemos mais tempo para algumas atividades, como artesanato,&nbsp;, confec\u00e7\u00e3o de colares, panifica\u00e7\u00e3o, jogos tradicionais da Europa, entre outras. Tamb\u00e9m tive tempo de mostrar a eles uma apresenta\u00e7\u00e3o sobre minha ilha &#8211; S\u00e3o Jorge &#8211; A\u00e7ores &#8211; Portugal &#8211; e algumas dan\u00e7as de Portugal e do Brasil. Como s\u00e3o grandes as diferen\u00e7as, mas como todas as pessoas est\u00e3o conectadas por meio do canto e da dan\u00e7a. Continuando com o assunto <b>, tamb\u00e9m fizemos uma das atividades mais famosas do apr\u00e8s-ski de Les Elfes: o videoclipe<\/b>. Essa atividade consiste em dan\u00e7ar e fazer m\u00edmica de uma m\u00fasica que depois ser\u00e1 editada com alguns efeitos e misturas. Eles ficaram muito animados com a atividade.<\/p>\n<p><b>Despedida perfeita<\/b><br \/>\nComo todos os momentos agrad\u00e1veis passam voando, meu \u00f3timo tempo com essas crian\u00e7as estava prestes a terminar e nada melhor para uma despedida perfeita do que um sorvete para deliciar todo o paladar e um grande v\u00eddeo de &#8220;obrigado&#8221; para enviar \u00e0 Les Elfes e a todos os apoiadores. Depois disso, as crian\u00e7as foram para seus vilarejos para visitar alguns parentes ou vizinhos pr\u00f3ximos e, assim, receber suas b\u00ean\u00e7\u00e3os tamb\u00e9m. Minha jornada no Nepal ainda n\u00e3o havia terminado, pois tive a oportunidade de explorar um pouco as belas montanhas de Annapurna, os incr\u00edveis templos budistas em Lumbini e, finalmente, a selva selvagem do Parque Nacional de Chitwan. Essa experi\u00eancia foi \u00fanica e realmente me tirou da minha zona de conforto em um lugar lindo e em uma bela casa onde muitos valores est\u00e3o sendo transmitidos a essas crian\u00e7as que, de alguma forma, perderam a base de apoio quando ainda eram muito jovens. Mas elas est\u00e3o aproveitando ao m\u00e1ximo essa oportunidade na ANA e realmente se preparando para um futuro brilhante.<br \/>\nPara finalizar, s\u00f3 posso recomendar a todos os colegas que se sentem de alguma forma comprometidos em prestar algum servi\u00e7o fora de sua zona de conforto que se juntem \u00e0 fam\u00edlia no Nepal e se preparem para um interc\u00e2mbio enriquecedor.<\/p>\n<p><b>Para Philippe e para a fam\u00edlia Les Elfes (incluindo funcion\u00e1rios, parceiros e apoiadores), como ele orgulhosamente nos chama, um grande &#8220;Dhanbad&#8221; (obrigado em nepal\u00eas) pela \u00f3tima oportunidade que agora posso compartilhar com outras pessoas.<\/b><\/p>\n","protected":false},"excerpt":{"rendered":"<p>Forte relacionamento com a Association Annapurna Nepal Les Elfes orgulhosamente continua seu forte relacionamento com a Association Annapurna Nepal, trabalhando principalmente com meninas \u00f3rf\u00e3s ou com muito pouco apoio familiar&#8230;.<\/p>\n","protected":false},"author":1,"featured_media":70605,"comment_status":"closed","ping_status":"open","sticky":false,"template":"","format":"standard","meta":{"_acf_changed":false,"inline_featured_image":false,"footnotes":""},"categories":[1403,1404],"tags":[],"class_list":{"0":"post-90357","1":"post","2":"type-post","3":"status-publish","4":"format-standard","5":"has-post-thumbnail","7":"category-noticias-pt-br","8":"category-responsabilidade-social-pt-br"},"acf":[],"yoast_head":"<!-- This site is optimized with the Yoast SEO Premium plugin v24.2 (Yoast SEO v24.7) - https:\/\/yoast.com\/wordpress\/plugins\/seo\/ -->\n<title>Associa\u00e7\u00e3o Annapurna Nepal - Relat\u00f3rio Fabiana Setembro de 2017 - Les Elfes International Camps Switzerland<\/title>\n<meta name=\"robots\" content=\"index, follow, max-snippet:-1, max-image-preview:large, max-video-preview:-1\" \/>\n<link rel=\"canonical\" href=\"https:\/\/www.leselfes.com\/pt-br\/associacao-annapurna-nepal-relatorio-fabiana-setembro-de-2017\/\" \/>\n<meta property=\"og:locale\" content=\"pt_BR\" \/>\n<meta property=\"og:type\" content=\"article\" \/>\n<meta property=\"og:title\" content=\"Associa\u00e7\u00e3o Annapurna Nepal - Relat\u00f3rio Fabiana Setembro de 2017\" \/>\n<meta property=\"og:description\" content=\"Forte relacionamento com a Association Annapurna Nepal Les Elfes orgulhosamente continua seu forte relacionamento com a Association Annapurna Nepal, trabalhando principalmente com meninas \u00f3rf\u00e3s ou com muito pouco apoio familiar....\" \/>\n<meta property=\"og:url\" content=\"https:\/\/www.leselfes.com\/pt-br\/associacao-annapurna-nepal-relatorio-fabiana-setembro-de-2017\/\" \/>\n<meta property=\"og:site_name\" content=\"Les Elfes International Camps Switzerland\" \/>\n<meta property=\"article:publisher\" content=\"https:\/\/www.facebook.com\/LesElfesVerbier\" \/>\n<meta property=\"article:published_time\" content=\"2018-01-17T11:43:08+00:00\" \/>\n<meta property=\"article:modified_time\" content=\"2024-11-12T10:43:54+00:00\" \/>\n<meta property=\"og:image\" content=\"https:\/\/dev.leselfes.com\/wp-content\/uploads\/2018\/01\/Annapurna-1.jpg\" \/>\n\t<meta property=\"og:image:width\" content=\"1000\" \/>\n\t<meta property=\"og:image:height\" content=\"400\" \/>\n\t<meta property=\"og:image:type\" content=\"image\/jpeg\" \/>\n<meta name=\"author\" content=\"lesadmin\" \/>\n<meta name=\"twitter:card\" content=\"summary_large_image\" \/>\n<meta name=\"twitter:creator\" content=\"@LesElfesCamps\" \/>\n<meta name=\"twitter:site\" content=\"@LesElfesCamps\" \/>\n<meta name=\"twitter:label1\" content=\"Escrito por\" \/>\n\t<meta name=\"twitter:data1\" content=\"lesadmin\" \/>\n\t<meta name=\"twitter:label2\" content=\"Est. tempo de leitura\" \/>\n\t<meta name=\"twitter:data2\" content=\"4 minutos\" \/>\n<script type=\"application\/ld+json\" class=\"yoast-schema-graph\">{\"@context\":\"https:\/\/schema.org\",\"@graph\":[{\"@type\":\"Article\",\"@id\":\"https:\/\/www.leselfes.com\/pt-br\/associacao-annapurna-nepal-relatorio-fabiana-setembro-de-2017\/#article\",\"isPartOf\":{\"@id\":\"https:\/\/www.leselfes.com\/pt-br\/associacao-annapurna-nepal-relatorio-fabiana-setembro-de-2017\/\"},\"author\":{\"name\":\"lesadmin\",\"@id\":\"https:\/\/dev.leselfes.com\/#\/schema\/person\/407a229698868b8c603874b19f37f289\"},\"headline\":\"Associa\u00e7\u00e3o Annapurna Nepal &#8211; Relat\u00f3rio Fabiana Setembro de 2017\",\"datePublished\":\"2018-01-17T11:43:08+00:00\",\"dateModified\":\"2024-11-12T10:43:54+00:00\",\"mainEntityOfPage\":{\"@id\":\"https:\/\/www.leselfes.com\/pt-br\/associacao-annapurna-nepal-relatorio-fabiana-setembro-de-2017\/\"},\"wordCount\":854,\"publisher\":{\"@id\":\"https:\/\/dev.leselfes.com\/#organization\"},\"image\":{\"@id\":\"https:\/\/www.leselfes.com\/pt-br\/associacao-annapurna-nepal-relatorio-fabiana-setembro-de-2017\/#primaryimage\"},\"thumbnailUrl\":\"https:\/\/www.leselfes.com\/wp-content\/uploads\/2018\/01\/Annapurna-1.jpg\",\"articleSection\":[\"Not\u00edcias\",\"Responsabilidade social\"],\"inLanguage\":\"pt-BR\"},{\"@type\":\"WebPage\",\"@id\":\"https:\/\/www.leselfes.com\/pt-br\/associacao-annapurna-nepal-relatorio-fabiana-setembro-de-2017\/\",\"url\":\"https:\/\/www.leselfes.com\/pt-br\/associacao-annapurna-nepal-relatorio-fabiana-setembro-de-2017\/\",\"name\":\"Associa\u00e7\u00e3o Annapurna Nepal - Relat\u00f3rio Fabiana Setembro de 2017 - Les Elfes International Camps Switzerland\",\"isPartOf\":{\"@id\":\"https:\/\/dev.leselfes.com\/#website\"},\"primaryImageOfPage\":{\"@id\":\"https:\/\/www.leselfes.com\/pt-br\/associacao-annapurna-nepal-relatorio-fabiana-setembro-de-2017\/#primaryimage\"},\"image\":{\"@id\":\"https:\/\/www.leselfes.com\/pt-br\/associacao-annapurna-nepal-relatorio-fabiana-setembro-de-2017\/#primaryimage\"},\"thumbnailUrl\":\"https:\/\/www.leselfes.com\/wp-content\/uploads\/2018\/01\/Annapurna-1.jpg\",\"datePublished\":\"2018-01-17T11:43:08+00:00\",\"dateModified\":\"2024-11-12T10:43:54+00:00\",\"breadcrumb\":{\"@id\":\"https:\/\/www.leselfes.com\/pt-br\/associacao-annapurna-nepal-relatorio-fabiana-setembro-de-2017\/#breadcrumb\"},\"inLanguage\":\"pt-BR\",\"potentialAction\":[{\"@type\":\"ReadAction\",\"target\":[\"https:\/\/www.leselfes.com\/pt-br\/associacao-annapurna-nepal-relatorio-fabiana-setembro-de-2017\/\"]}]},{\"@type\":\"ImageObject\",\"inLanguage\":\"pt-BR\",\"@id\":\"https:\/\/www.leselfes.com\/pt-br\/associacao-annapurna-nepal-relatorio-fabiana-setembro-de-2017\/#primaryimage\",\"url\":\"https:\/\/www.leselfes.com\/wp-content\/uploads\/2018\/01\/Annapurna-1.jpg\",\"contentUrl\":\"https:\/\/www.leselfes.com\/wp-content\/uploads\/2018\/01\/Annapurna-1.jpg\",\"width\":1000,\"height\":400},{\"@type\":\"BreadcrumbList\",\"@id\":\"https:\/\/www.leselfes.com\/pt-br\/associacao-annapurna-nepal-relatorio-fabiana-setembro-de-2017\/#breadcrumb\",\"itemListElement\":[{\"@type\":\"ListItem\",\"position\":1,\"name\":\"Home\",\"item\":\"https:\/\/www.leselfes.com\/pt-br\/\"},{\"@type\":\"ListItem\",\"position\":2,\"name\":\"Associa\u00e7\u00e3o Annapurna Nepal &#8211; Relat\u00f3rio Fabiana Setembro de 2017\"}]},{\"@type\":\"WebSite\",\"@id\":\"https:\/\/dev.leselfes.com\/#website\",\"url\":\"https:\/\/dev.leselfes.com\/\",\"name\":\"Les Elfes International\",\"description\":\"Les Elfes International, Verbier Switzerland. Summer Camp, Winter Camp, Spring Camps.\",\"publisher\":{\"@id\":\"https:\/\/dev.leselfes.com\/#organization\"},\"alternateName\":\"Les Elfes International\",\"potentialAction\":[{\"@type\":\"SearchAction\",\"target\":{\"@type\":\"EntryPoint\",\"urlTemplate\":\"https:\/\/dev.leselfes.com\/?s={search_term_string}\"},\"query-input\":{\"@type\":\"PropertyValueSpecification\",\"valueRequired\":true,\"valueName\":\"search_term_string\"}}],\"inLanguage\":\"pt-BR\"},{\"@type\":\"Organization\",\"@id\":\"https:\/\/dev.leselfes.com\/#organization\",\"name\":\"Les Elfes International\",\"alternateName\":\"Les Elfes International\",\"url\":\"https:\/\/dev.leselfes.com\/\",\"logo\":{\"@type\":\"ImageObject\",\"inLanguage\":\"pt-BR\",\"@id\":\"https:\/\/dev.leselfes.com\/#\/schema\/logo\/image\/\",\"url\":\"https:\/\/www.leselfes.com\/wp-content\/uploads\/2022\/03\/leselfes-logo.png\",\"contentUrl\":\"https:\/\/www.leselfes.com\/wp-content\/uploads\/2022\/03\/leselfes-logo.png\",\"width\":233,\"height\":51,\"caption\":\"Les Elfes International\"},\"image\":{\"@id\":\"https:\/\/dev.leselfes.com\/#\/schema\/logo\/image\/\"},\"sameAs\":[\"https:\/\/www.facebook.com\/LesElfesVerbier\",\"https:\/\/x.com\/LesElfesCamps\",\"https:\/\/www.instagram.com\/leselfes\",\"https:\/\/www.linkedin.com\/company\/les-elfes-international\",\"https:\/\/www.youtube.com\/user\/LesElfesVerbier\"]},{\"@type\":\"Person\",\"@id\":\"https:\/\/dev.leselfes.com\/#\/schema\/person\/407a229698868b8c603874b19f37f289\",\"name\":\"lesadmin\",\"image\":{\"@type\":\"ImageObject\",\"inLanguage\":\"pt-BR\",\"@id\":\"https:\/\/dev.leselfes.com\/#\/schema\/person\/image\/\",\"url\":\"https:\/\/secure.gravatar.com\/avatar\/fdb243a028df450397b3632d862f87f6?s=96&d=mm&r=g\",\"contentUrl\":\"https:\/\/secure.gravatar.com\/avatar\/fdb243a028df450397b3632d862f87f6?s=96&d=mm&r=g\",\"caption\":\"lesadmin\"},\"url\":\"https:\/\/www.leselfes.com\/pt-br\/author\/lesadmin\/\"}]}<\/script>\n<!-- \/ Yoast SEO Premium plugin. -->","yoast_head_json":{"title":"Associa\u00e7\u00e3o Annapurna Nepal - Relat\u00f3rio Fabiana Setembro de 2017 - Les Elfes International Camps Switzerland","robots":{"index":"index","follow":"follow","max-snippet":"max-snippet:-1","max-image-preview":"max-image-preview:large","max-video-preview":"max-video-preview:-1"},"canonical":"https:\/\/www.leselfes.com\/pt-br\/associacao-annapurna-nepal-relatorio-fabiana-setembro-de-2017\/","og_locale":"pt_BR","og_type":"article","og_title":"Associa\u00e7\u00e3o Annapurna Nepal - Relat\u00f3rio Fabiana Setembro de 2017","og_description":"Forte relacionamento com a Association Annapurna Nepal Les Elfes orgulhosamente continua seu forte relacionamento com a Association Annapurna Nepal, trabalhando principalmente com meninas \u00f3rf\u00e3s ou com muito pouco apoio familiar....","og_url":"https:\/\/www.leselfes.com\/pt-br\/associacao-annapurna-nepal-relatorio-fabiana-setembro-de-2017\/","og_site_name":"Les Elfes International Camps Switzerland","article_publisher":"https:\/\/www.facebook.com\/LesElfesVerbier","article_published_time":"2018-01-17T11:43:08+00:00","article_modified_time":"2024-11-12T10:43:54+00:00","og_image":[{"width":1000,"height":400,"url":"https:\/\/dev.leselfes.com\/wp-content\/uploads\/2018\/01\/Annapurna-1.jpg","type":"image\/jpeg"}],"author":"lesadmin","twitter_card":"summary_large_image","twitter_creator":"@LesElfesCamps","twitter_site":"@LesElfesCamps","twitter_misc":{"Escrito por":"lesadmin","Est. tempo de leitura":"4 minutos"},"schema":{"@context":"https:\/\/schema.org","@graph":[{"@type":"Article","@id":"https:\/\/www.leselfes.com\/pt-br\/associacao-annapurna-nepal-relatorio-fabiana-setembro-de-2017\/#article","isPartOf":{"@id":"https:\/\/www.leselfes.com\/pt-br\/associacao-annapurna-nepal-relatorio-fabiana-setembro-de-2017\/"},"author":{"name":"lesadmin","@id":"https:\/\/dev.leselfes.com\/#\/schema\/person\/407a229698868b8c603874b19f37f289"},"headline":"Associa\u00e7\u00e3o Annapurna Nepal &#8211; Relat\u00f3rio Fabiana Setembro de 2017","datePublished":"2018-01-17T11:43:08+00:00","dateModified":"2024-11-12T10:43:54+00:00","mainEntityOfPage":{"@id":"https:\/\/www.leselfes.com\/pt-br\/associacao-annapurna-nepal-relatorio-fabiana-setembro-de-2017\/"},"wordCount":854,"publisher":{"@id":"https:\/\/dev.leselfes.com\/#organization"},"image":{"@id":"https:\/\/www.leselfes.com\/pt-br\/associacao-annapurna-nepal-relatorio-fabiana-setembro-de-2017\/#primaryimage"},"thumbnailUrl":"https:\/\/www.leselfes.com\/wp-content\/uploads\/2018\/01\/Annapurna-1.jpg","articleSection":["Not\u00edcias","Responsabilidade social"],"inLanguage":"pt-BR"},{"@type":"WebPage","@id":"https:\/\/www.leselfes.com\/pt-br\/associacao-annapurna-nepal-relatorio-fabiana-setembro-de-2017\/","url":"https:\/\/www.leselfes.com\/pt-br\/associacao-annapurna-nepal-relatorio-fabiana-setembro-de-2017\/","name":"Associa\u00e7\u00e3o Annapurna Nepal - Relat\u00f3rio Fabiana Setembro de 2017 - Les Elfes International Camps Switzerland","isPartOf":{"@id":"https:\/\/dev.leselfes.com\/#website"},"primaryImageOfPage":{"@id":"https:\/\/www.leselfes.com\/pt-br\/associacao-annapurna-nepal-relatorio-fabiana-setembro-de-2017\/#primaryimage"},"image":{"@id":"https:\/\/www.leselfes.com\/pt-br\/associacao-annapurna-nepal-relatorio-fabiana-setembro-de-2017\/#primaryimage"},"thumbnailUrl":"https:\/\/www.leselfes.com\/wp-content\/uploads\/2018\/01\/Annapurna-1.jpg","datePublished":"2018-01-17T11:43:08+00:00","dateModified":"2024-11-12T10:43:54+00:00","breadcrumb":{"@id":"https:\/\/www.leselfes.com\/pt-br\/associacao-annapurna-nepal-relatorio-fabiana-setembro-de-2017\/#breadcrumb"},"inLanguage":"pt-BR","potentialAction":[{"@type":"ReadAction","target":["https:\/\/www.leselfes.com\/pt-br\/associacao-annapurna-nepal-relatorio-fabiana-setembro-de-2017\/"]}]},{"@type":"ImageObject","inLanguage":"pt-BR","@id":"https:\/\/www.leselfes.com\/pt-br\/associacao-annapurna-nepal-relatorio-fabiana-setembro-de-2017\/#primaryimage","url":"https:\/\/www.leselfes.com\/wp-content\/uploads\/2018\/01\/Annapurna-1.jpg","contentUrl":"https:\/\/www.leselfes.com\/wp-content\/uploads\/2018\/01\/Annapurna-1.jpg","width":1000,"height":400},{"@type":"BreadcrumbList","@id":"https:\/\/www.leselfes.com\/pt-br\/associacao-annapurna-nepal-relatorio-fabiana-setembro-de-2017\/#breadcrumb","itemListElement":[{"@type":"ListItem","position":1,"name":"Home","item":"https:\/\/www.leselfes.com\/pt-br\/"},{"@type":"ListItem","position":2,"name":"Associa\u00e7\u00e3o Annapurna Nepal &#8211; Relat\u00f3rio Fabiana Setembro de 2017"}]},{"@type":"WebSite","@id":"https:\/\/dev.leselfes.com\/#website","url":"https:\/\/dev.leselfes.com\/","name":"Les Elfes International","description":"Les Elfes International, Verbier Switzerland. Summer Camp, Winter Camp, Spring Camps.","publisher":{"@id":"https:\/\/dev.leselfes.com\/#organization"},"alternateName":"Les Elfes International","potentialAction":[{"@type":"SearchAction","target":{"@type":"EntryPoint","urlTemplate":"https:\/\/dev.leselfes.com\/?s={search_term_string}"},"query-input":{"@type":"PropertyValueSpecification","valueRequired":true,"valueName":"search_term_string"}}],"inLanguage":"pt-BR"},{"@type":"Organization","@id":"https:\/\/dev.leselfes.com\/#organization","name":"Les Elfes International","alternateName":"Les Elfes International","url":"https:\/\/dev.leselfes.com\/","logo":{"@type":"ImageObject","inLanguage":"pt-BR","@id":"https:\/\/dev.leselfes.com\/#\/schema\/logo\/image\/","url":"https:\/\/www.leselfes.com\/wp-content\/uploads\/2022\/03\/leselfes-logo.png","contentUrl":"https:\/\/www.leselfes.com\/wp-content\/uploads\/2022\/03\/leselfes-logo.png","width":233,"height":51,"caption":"Les Elfes International"},"image":{"@id":"https:\/\/dev.leselfes.com\/#\/schema\/logo\/image\/"},"sameAs":["https:\/\/www.facebook.com\/LesElfesVerbier","https:\/\/x.com\/LesElfesCamps","https:\/\/www.instagram.com\/leselfes","https:\/\/www.linkedin.com\/company\/les-elfes-international","https:\/\/www.youtube.com\/user\/LesElfesVerbier"]},{"@type":"Person","@id":"https:\/\/dev.leselfes.com\/#\/schema\/person\/407a229698868b8c603874b19f37f289","name":"lesadmin","image":{"@type":"ImageObject","inLanguage":"pt-BR","@id":"https:\/\/dev.leselfes.com\/#\/schema\/person\/image\/","url":"https:\/\/secure.gravatar.com\/avatar\/fdb243a028df450397b3632d862f87f6?s=96&d=mm&r=g","contentUrl":"https:\/\/secure.gravatar.com\/avatar\/fdb243a028df450397b3632d862f87f6?s=96&d=mm&r=g","caption":"lesadmin"},"url":"https:\/\/www.leselfes.com\/pt-br\/author\/lesadmin\/"}]}},"_links":{"self":[{"href":"https:\/\/www.leselfes.com\/pt-br\/wp-json\/wp\/v2\/posts\/90357"}],"collection":[{"href":"https:\/\/www.leselfes.com\/pt-br\/wp-json\/wp\/v2\/posts"}],"about":[{"href":"https:\/\/www.leselfes.com\/pt-br\/wp-json\/wp\/v2\/types\/post"}],"author":[{"embeddable":true,"href":"https:\/\/www.leselfes.com\/pt-br\/wp-json\/wp\/v2\/users\/1"}],"replies":[{"embeddable":true,"href":"https:\/\/www.leselfes.com\/pt-br\/wp-json\/wp\/v2\/comments?post=90357"}],"version-history":[{"count":0,"href":"https:\/\/www.leselfes.com\/pt-br\/wp-json\/wp\/v2\/posts\/90357\/revisions"}],"wp:featuredmedia":[{"embeddable":true,"href":"https:\/\/www.leselfes.com\/pt-br\/wp-json\/wp\/v2\/media\/70605"}],"wp:attachment":[{"href":"https:\/\/www.leselfes.com\/pt-br\/wp-json\/wp\/v2\/media?parent=90357"}],"wp:term":[{"taxonomy":"category","embeddable":true,"href":"https:\/\/www.leselfes.com\/pt-br\/wp-json\/wp\/v2\/categories?post=90357"},{"taxonomy":"post_tag","embeddable":true,"href":"https:\/\/www.leselfes.com\/pt-br\/wp-json\/wp\/v2\/tags?post=90357"}],"curies":[{"name":"wp","href":"https:\/\/api.w.org\/{rel}","templated":true}]}}