{"id":90364,"date":"2016-11-23T15:46:36","date_gmt":"2016-11-23T14:46:36","guid":{"rendered":"https:\/\/www.leselfes.com\/novos-programas-de-desenvolvimento-pessoal-do-verao-de-2017\/"},"modified":"2024-11-12T11:44:03","modified_gmt":"2024-11-12T10:44:03","slug":"novos-programas-de-desenvolvimento-pessoal-do-verao-de-2017","status":"publish","type":"post","link":"https:\/\/www.leselfes.com\/pt-br\/novos-programas-de-desenvolvimento-pessoal-do-verao-de-2017\/","title":{"rendered":"Novos programas de desenvolvimento pessoal do ver\u00e3o de 2017"},"content":{"rendered":"<table border=\"0\" width=\"600\" cellspacing=\"0\" cellpadding=\"0\" align=\"center\">\n<tbody>\n<tr>\n<td style=\"color: #457fc1; font-size: 24px; font-family: helvetica;\">Not\u00edcias do ver\u00e3o de 2017<\/td>\n<\/tr>\n<tr>\n<td style=\"font-size: 15px; color: #333333; font-family: helvetica;\">Tamb\u00e9m estamos aceitando reservas para o ver\u00e3o de 2017, com uma s\u00e9rie de novos programas de desenvolvimento pessoal em oferta:\n<\/td>\n<\/tr>\n<\/tbody>\n<\/table>\n<p>&nbsp;<\/p>\n<table style=\"background-repeat:no-repeat;background-position: left center; background-size:auto 100%\" width=\"100%\" cellspacing=\"0\" cellpadding=\"0\" border=\"0\" background=\"https:\/\/www.leselfes.com\/wp-content\/uploads\/2016\/11\/img1.jpg\">\n<tbody>\n<tr>\n<td align=\"left\" valign=\"top\" height=\"30\"><\/td>\n<td style=\"font-family: Helvetica, Arial, sans-serif; font-size: 15px; line-height: 22px; color: #333333; text-align: left;\" align=\"left\" valign=\"top\"><\/td>\n<td><\/td>\n<\/tr>\n<tr>\n<td width=\"400\"><\/td>\n<td style=\"font-family: Helvetica, Arial, sans-serif; font-size: 15px; line-height: 22px; color: #333333; text-align: left;\"><\/td>\n<td style=\"background-color: rgba(255, 255, 255, 0.8); font-family: Helvetica, Arial, sans-serif; font-size: 24px; line-height: 28px; color: #457fc1; text-align: left; padding: 20px;\" height=\"250\"><a style=\"text-decoration: none;\" href=\"https:\/\/www.leselfes.com\/pt-br\/acampamento-de-verao\/\" target=\"_blank\" rel=\"noopener noreferrer\"> <span style=\"color: #457fc1; font-size: 24px;\">  Moutnain Fitness (somente para ex-alunos e pioneiros)<\/span><\/a><\/p>\n<p style=\"font-family: Helvetica, Arial, sans-serif; font-size: 15px; line-height: 22px; color: #333333;\">Utilizando os cen\u00e1rios deslumbrantes e o ambiente ao ar livre de Verbier, nosso programa de um dia \u00e9 administrado por Personal Trainers profissionais.<br \/>\nO dia incluir\u00e1 uma sess\u00e3o de circuito no est\u00fadio, na qual os alunos participar\u00e3o e desfrutar\u00e3o de algumas sess\u00f5es de cardio\/ TRX \/spin de alta intensidade com m\u00fasica para combinar.<br \/>\nTamb\u00e9m est\u00e1 inclu\u00edda uma caminhada em alta altitude, incorporando ioga, Par Cours Vita e sess\u00f5es orientadas para for\u00e7a corporal, circuitos de peso corporal e sess\u00f5es de alongamento de recupera\u00e7\u00e3o ativa.<br \/>\nOs alunos tamb\u00e9m far\u00e3o seus pr\u00f3prios lanches e almo\u00e7os saud\u00e1veis, com foco em educa\u00e7\u00e3o nutricional e algumas receitas para levar para casa.<br \/>\nParece um trabalho \u00e1rduo, mas garantimos a voc\u00ea que tudo \u00e9 conduzido com uma abordagem divertida e h\u00e1 algo para todos aprenderem e levarem para casa.    <\/p>\n<\/td>\n<\/tr>\n<tr>\n<td align=\"left\" valign=\"top\" height=\"30\"><\/td>\n<td style=\"font-family: Helvetica, Arial, sans-serif; font-size: 15px; line-height: 22px; color: #333333; text-align: left;\" align=\"left\" valign=\"top\"><\/td>\n<td>&nbsp;<\/p>\n<\/td>\n<\/tr>\n<\/tbody>\n<\/table>\n<p>&nbsp;<\/p>\n<table style=\"  background-repeat: no-repeat;background-position: right center; background-size:auto 100%\" width=\"100%\" cellspacing=\"0\" cellpadding=\"0\" border=\"0\" background=\"https:\/\/www.leselfes.com\/wp-content\/uploads\/2016\/11\/img2.jpg\">\n<tbody>\n<tr>\n<td height=\"30\"><\/td>\n<td style=\"font-family: Helvetica, Arial, sans-serif; font-size: 15px; line-height: 22px; color: #333333; text-align: left; width: 35%;\"><\/td>\n<\/tr>\n<tr>\n<td style=\"background-color: rgba(255, 255, 255, 0.8); font-family: Helvetica, Arial, sans-serif; font-size: 24px; line-height: 28px; color: #457fc1; text-align: left; padding: 20px;\" height=\"250\"><a style=\"text-decoration: none;\" href=\"https:\/\/www.leselfes.com\/pt-br\/acampamento-de-verao\/\" target=\"_blank\" rel=\"noopener noreferrer\"> <span style=\"color: #457fc1; font-size: 24px;\"><br \/>\nPrimeiros socorros  <\/span><\/a><\/p>\n<p style=\"font-family: Helvetica, Arial, sans-serif; font-size: 15px; line-height: 22px; color: #333333;\">Os alunos passar\u00e3o um dia com um socorrista profissional que tem muitos anos de experi\u00eancia no treinamento de adultos e crian\u00e7as nessa \u00e1rea.<br \/>\nA conscientiza\u00e7\u00e3o sobre os primeiros socorros \u00e9 um ativo muito importante, e achamos que o curso \u00e9 de valor inestim\u00e1vel.<br \/>\nAo final do curso, os alunos ser\u00e3o capazes de compreender os principais aspectos dos primeiros socorros e ter\u00e3o as informa\u00e7\u00f5es essenciais necess\u00e1rias para reconhecer e tratar uma les\u00e3o com confian\u00e7a.<br \/>\nDe ressuscita\u00e7\u00e3o a asfixia, les\u00f5es na coluna vertebral ou ferimentos, uma s\u00e9rie de cen\u00e1rios ser\u00e1 realizada.<br \/>\nAp\u00f3s a conclus\u00e3o, todos os nossos socorristas receber\u00e3o um certificado da World Class Training, um membro reconhecido da Association of First Aiders. E, ap\u00f3s os excelentes resultados do \u00faltimo ver\u00e3o, ainda estamos propondo o seguinte para 2017;    <\/p>\n<\/td>\n<td style=\"font-family: Helvetica, Arial, sans-serif; font-size: 15px; line-height: 22px; color: #333333; text-align: left;\" width=\"400\"><\/td>\n<\/tr>\n<tr>\n<td height=\"30\"><\/td>\n<td style=\"font-family: Helvetica, Arial, sans-serif; font-size: 15px; line-height: 22px; color: #333333; text-align: left; width: 35%;\"><\/td>\n<\/tr>\n<\/tbody>\n<\/table>\n<p>&nbsp;<\/p>\n<table style=\"background-repeat:no-repeat;background-position: left center; background-size:auto 100%\" width=\"100%\" cellspacing=\"0\" cellpadding=\"0\" border=\"0\" background=\"https:\/\/www.leselfes.com\/wp-content\/uploads\/2016\/11\/img3.jpg\">\n<tbody>\n<tr>\n<td align=\"left\" valign=\"top\" height=\"30\"><\/td>\n<td style=\"font-family: Helvetica, Arial, sans-serif; font-size: 15px; line-height: 22px; color: #333333; text-align: left;\" align=\"left\" valign=\"top\"><\/td>\n<td><\/td>\n<\/tr>\n<tr>\n<td width=\"400\"><\/td>\n<td style=\"font-family: Helvetica, Arial, sans-serif; font-size: 15px; line-height: 22px; color: #333333; text-align: left;\"><\/td>\n<td style=\"background-color: rgba(255, 255, 255, 0.8); font-family: Helvetica, Arial, sans-serif; font-size: 24px; line-height: 28px; color: #457fc1; text-align: left; padding: 20px;\" height=\"250\"><a style=\"text-decoration: none;\" href=\"https:\/\/www.leselfes.com\/pt-br\/acampamento-de-verao\/\" target=\"_blank\" rel=\"noopener noreferrer\"> <span style=\"color: #457fc1; font-size: 24px;\">  Lideran\u00e7a  <\/span><\/a><\/p>\n<p style=\"font-family: Helvetica, Arial, sans-serif; font-size: 15px; line-height: 22px; color: #333333;\">  Nossos programas de lideran\u00e7a abrangem um amplo escopo em uma s\u00e9rie de par\u00e2metros dentro do campo.<br \/>\nDesde a sess\u00e3o de facilita\u00e7\u00e3o de 2 a 3 horas projetada para tratar de quest\u00f5es individuais, como habilidades de comunica\u00e7\u00e3o, forma\u00e7\u00e3o de equipes e gerenciamento de estresse, at\u00e9 os cursos residenciais de 1 a 2 semanas que abrangem toda a gama de programas de lideran\u00e7a e desenvolvimento pessoal da Les Elfes.<br \/>\nOs recursos para os programas incluem jogos e quebra-cabe\u00e7as especialmente projetados que isolam um \u00fanico aspecto da aprendizagem e permitem que os alunos experimentem as habilidades em um ambiente seguro e de apoio e, em seguida, sejam orientados por meio de processos reflexivos e anal\u00edticos para examinar as experi\u00eancias a partir de novas perspectivas.<br \/>\nNosso recurso mais valioso, no entanto, \u00e9 o ambiente natural e nossos novos cursos residenciais de lideran\u00e7a s\u00e3o ministrados, na medida do poss\u00edvel, nesse ambiente natural, imergindo os alunos no ambiente que aprofunda o significado   <\/p>\n<\/td>\n<\/tr>\n<tr>\n<td align=\"left\" valign=\"top\" height=\"30\"><\/td>\n<td style=\"font-family: Helvetica, Arial, sans-serif; font-size: 15px; line-height: 22px; color: #333333; text-align: left;\" align=\"left\" valign=\"top\"><\/td>\n<td><\/td>\n<\/tr>\n<\/tbody>\n<\/table>\n<p>&nbsp;<\/p>\n<table style=\"  background-repeat: no-repeat;background-position: right center; background-size:auto 100%\" width=\"100%\" cellspacing=\"0\" cellpadding=\"0\" border=\"0\" background=\"https:\/\/www.leselfes.com\/wp-content\/uploads\/2016\/11\/img4.jpg\">\n<tbody>\n<tr>\n<td height=\"30\"><\/td>\n<td style=\"font-family: Helvetica, Arial, sans-serif; font-size: 15px; line-height: 22px; color: #333333; text-align: left; width: 35%;\"><\/td>\n<\/tr>\n<tr>\n<td style=\"background-color: rgba(255, 255, 255, 0.8); font-family: Helvetica, Arial, sans-serif; font-size: 24px; line-height: 28px; color: #457fc1; text-align: left; padding: 20px;\" height=\"250\"><a style=\"text-decoration: none;\" href=\"https:\/\/www.leselfes.com\/pt-br\/acampamento-de-verao\/\" target=\"_blank\" rel=\"noopener noreferrer\"><span style=\"color: #457fc1; font-size: 24px;\">Carreira  <\/span><\/a><\/p>\n<p style=\"font-family: Helvetica, Arial, sans-serif; font-size: 15px; line-height: 22px; color: #333333;\">Nosso programa de carreiras combina um modelo de treinamento de desenvolvimento pr\u00e1tico com componentes criados para equipar o aluno para o mundo do trabalho.<br \/>\nTemos palestrantes convidados inspiradores para esclarecer os alunos sobre a gama de diferentes oportunidades e caminhos para atingir seus objetivos.<br \/>\nOs t\u00f3picos abordados ser\u00e3o: quais escolhas de carreira os alunos fizeram atualmente e por qu\u00ea, em que dire\u00e7\u00e3o ou campo de trabalho eles est\u00e3o interessados e, principalmente, quais conjuntos de habilidades eles acham que s\u00e3o mais fortes.<br \/>\nO curso \u00e9 uma mistura de sala de aula e tarefas pr\u00e1ticas ao ar livre.<br \/>\nO objetivo \u00e9 que os alunos tenham uma melhor compreens\u00e3o de seus pr\u00f3prios talentos e do que \u00e9 necess\u00e1rio para alcan\u00e7ar o sucesso que almejam.    <\/p>\n<\/td>\n<td style=\"font-family: Helvetica, Arial, sans-serif; font-size: 15px; line-height: 22px; color: #333333; text-align: left;\" width=\"400\"><\/td>\n<\/tr>\n<tr>\n<td height=\"30\"><\/td>\n<td style=\"font-family: Helvetica, Arial, sans-serif; font-size: 15px; line-height: 22px; color: #333333; text-align: left; width: 35%;\"><\/td>\n<\/tr>\n<\/tbody>\n<\/table>\n<p>&nbsp;<\/p>\n<table style=\"background-repeat:no-repeat;background-position: left center; background-size:auto 100%\" width=\"100%\" cellspacing=\"0\" cellpadding=\"0\" border=\"0\" background=\"https:\/\/www.leselfes.com\/wp-content\/uploads\/2016\/11\/img5.jpg\">\n<tbody>\n<tr>\n<td align=\"left\" valign=\"top\" height=\"30\"><\/td>\n<td style=\"font-family: Helvetica, Arial, sans-serif; font-size: 15px; line-height: 22px; color: #333333; text-align: left;\" align=\"left\" valign=\"top\"><\/td>\n<td><\/td>\n<\/tr>\n<tr>\n<td width=\"400\"><\/td>\n<td style=\"font-family: Helvetica, Arial, sans-serif; font-size: 15px; line-height: 22px; color: #333333; text-align: left;\"><\/td>\n<td style=\"background-color: rgba(255, 255, 255, 0.8); font-family: Helvetica, Arial, sans-serif; font-size: 24px; line-height: 28px; color: #457fc1; text-align: left; padding: 20px;\" height=\"250\"><a style=\"text-decoration: none;\" href=\"https:\/\/www.leselfes.com\/pt-br\/acampamento-de-verao\/\" target=\"_blank\" rel=\"noopener noreferrer\"> <span style=\"color: #457fc1; font-size: 24px;\">Identidade na Web  <\/span><\/a><\/p>\n<p style=\"font-family: Helvetica, Arial, sans-serif; font-size: 15px; line-height: 22px; color: #333333;\">Nosso Curso de Prote\u00e7\u00e3o Online e Identidade na Web proporcionar\u00e1 aos alunos uma vis\u00e3o e uma compreens\u00e3o de um aspecto da Web que eles n\u00e3o teriam antes. Nosso objetivo n\u00e3o \u00e9 afastar os alunos de m\u00eddias sociais ou reduzir o tempo que eles passam na Internet, mas sim como ser mais produtivo, proteger seus dados e, mais importante, proteger sua imagem pessoal online.<br \/>\nSt\u00e9phane Koch, cujo vasto curr\u00edculo inclui o Mestrado em Estudos Avan\u00e7ados (MAS) em Investiga\u00e7\u00e3o de Crimes Econ\u00f4micos, um diploma de Especialista em Rela\u00e7\u00f5es P\u00fablicas (ISRP), o cargo de Vice-Presidente da High-Tech Bridge SA (uma empresa especializada em Hacking \u00c9tico) ministrar\u00e1 o curso para nossos alunos. <\/p>\n<\/td>\n<\/tr>\n<tr>\n<td align=\"left\" valign=\"top\" height=\"30\"><\/td>\n<td style=\"font-family: Helvetica, Arial, sans-serif; font-size: 15px; line-height: 22px; color: #333333; text-align: left;\" align=\"left\" valign=\"top\"><\/td>\n<td><\/td>\n<\/tr>\n<\/tbody>\n<\/table>\n<p>&nbsp;<\/p>\n<table style=\"  background-repeat: no-repeat;background-position: right center; background-size:auto 100%\" width=\"100%\" cellspacing=\"0\" cellpadding=\"0\" border=\"0\" background=\"https:\/\/www.leselfes.com\/wp-content\/uploads\/2016\/11\/img6.jpg\">\n<tbody>\n<tr>\n<td height=\"30\"><\/td>\n<td style=\"font-family: Helvetica, Arial, sans-serif; font-size: 15px; line-height: 22px; color: #333333; text-align: left; width: 35%;\"><\/td>\n<\/tr>\n<tr>\n<td style=\"background-color: rgba(255, 255, 255, 0.8); font-family: Helvetica, Arial, sans-serif; font-size: 24px; line-height: 28px; color: #457fc1; text-align: left; padding: 20px;\" height=\"250\"><a style=\"text-decoration: none;\" href=\"https:\/\/www.leselfes.com\/pt-br\/acampamento-de-verao\/\" target=\"_blank\" rel=\"noopener noreferrer\"> <span style=\"color: #457fc1; font-size: 24px;\">  Artes, culin\u00e1ria, teatro  <\/span><\/a><\/p>\n<p style=\"font-family: Helvetica, Arial, sans-serif; font-size: 15px; line-height: 22px; color: #333333;\">Para nossos alunos mais jovens, oferecemos uma gama diversificada de atividades criadas para dar aos alunos a oportunidade de se expressarem e explorarem seu talento criativo.<br \/>\nNosso programa combina aulas de arte com uma escola de arte local, oficinas de culin\u00e1ria e prepara\u00e7\u00e3o de alimentos, sess\u00f5es de teatro e improvisa\u00e7\u00e3o e uma oportunidade de falar em p\u00fablico e fazer apresenta\u00e7\u00f5es em grupo para aumentar a confian\u00e7a e as habilidades de trabalho em equipe. <\/p>\n<\/td>\n<td style=\"font-family: Helvetica, Arial, sans-serif; font-size: 15px; line-height: 22px; color: #333333; text-align: left;\" width=\"400\"><\/td>\n<\/tr>\n<tr>\n<td height=\"30\"><\/td>\n<td style=\"font-family: Helvetica, Arial, sans-serif; font-size: 15px; line-height: 22px; color: #333333; text-align: left; width: 35%;\"><\/td>\n<\/tr>\n<\/tbody>\n<\/table>\n<p>&nbsp;<\/p>\n","protected":false},"excerpt":{"rendered":"<p>Not\u00edcias do ver\u00e3o de 2017 Tamb\u00e9m estamos aceitando reservas para o ver\u00e3o de 2017, com uma s\u00e9rie de novos programas de desenvolvimento pessoal em oferta: &nbsp; Moutnain Fitness (somente para&#8230;<\/p>\n","protected":false},"author":1,"featured_media":0,"comment_status":"closed","ping_status":"open","sticky":false,"template":"","format":"standard","meta":{"_acf_changed":false,"inline_featured_image":false,"footnotes":""},"categories":[1369,1403],"tags":[],"class_list":{"0":"post-90364","1":"post","2":"type-post","3":"status-publish","4":"format-standard","6":"category-acampamento-de-verao-pt-br","7":"category-noticias-pt-br"},"acf":[],"yoast_head":"<!-- This site is optimized with the Yoast SEO Premium plugin v24.2 (Yoast SEO v24.7) - https:\/\/yoast.com\/wordpress\/plugins\/seo\/ -->\n<title>Novos programas de desenvolvimento pessoal do ver\u00e3o de 2017 - Les Elfes International Camps Switzerland<\/title>\n<meta name=\"robots\" content=\"index, follow, max-snippet:-1, max-image-preview:large, max-video-preview:-1\" \/>\n<link rel=\"canonical\" href=\"https:\/\/www.leselfes.com\/pt-br\/novos-programas-de-desenvolvimento-pessoal-do-verao-de-2017\/\" \/>\n<meta property=\"og:locale\" content=\"pt_BR\" \/>\n<meta property=\"og:type\" content=\"article\" \/>\n<meta property=\"og:title\" content=\"Novos programas de desenvolvimento pessoal do ver\u00e3o de 2017\" \/>\n<meta property=\"og:description\" content=\"Not\u00edcias do ver\u00e3o de 2017 Tamb\u00e9m estamos aceitando reservas para o ver\u00e3o de 2017, com uma s\u00e9rie de novos programas de desenvolvimento pessoal em oferta: &nbsp; Moutnain Fitness (somente para...\" \/>\n<meta property=\"og:url\" content=\"https:\/\/www.leselfes.com\/pt-br\/novos-programas-de-desenvolvimento-pessoal-do-verao-de-2017\/\" \/>\n<meta property=\"og:site_name\" content=\"Les Elfes International Camps Switzerland\" \/>\n<meta property=\"article:publisher\" content=\"https:\/\/www.facebook.com\/LesElfesVerbier\" \/>\n<meta property=\"article:published_time\" content=\"2016-11-23T14:46:36+00:00\" \/>\n<meta property=\"article:modified_time\" content=\"2024-11-12T10:44:03+00:00\" \/>\n<meta property=\"og:image\" content=\"https:\/\/www.leselfes.com\/wp-content\/uploads\/2022\/02\/Les-Elfes-International-summer-camp-Switzerland-Staff-Mobile-591x555-1.jpg\" \/>\n\t<meta property=\"og:image:width\" content=\"591\" \/>\n\t<meta property=\"og:image:height\" content=\"555\" \/>\n\t<meta property=\"og:image:type\" content=\"image\/jpeg\" \/>\n<meta name=\"author\" content=\"lesadmin\" \/>\n<meta name=\"twitter:card\" content=\"summary_large_image\" \/>\n<meta name=\"twitter:creator\" content=\"@LesElfesCamps\" \/>\n<meta name=\"twitter:site\" content=\"@LesElfesCamps\" \/>\n<meta name=\"twitter:label1\" content=\"Escrito por\" \/>\n\t<meta name=\"twitter:data1\" content=\"lesadmin\" \/>\n\t<meta name=\"twitter:label2\" content=\"Est. tempo de leitura\" \/>\n\t<meta name=\"twitter:data2\" content=\"4 minutos\" \/>\n<script type=\"application\/ld+json\" class=\"yoast-schema-graph\">{\"@context\":\"https:\/\/schema.org\",\"@graph\":[{\"@type\":\"Article\",\"@id\":\"https:\/\/www.leselfes.com\/pt-br\/novos-programas-de-desenvolvimento-pessoal-do-verao-de-2017\/#article\",\"isPartOf\":{\"@id\":\"https:\/\/www.leselfes.com\/pt-br\/novos-programas-de-desenvolvimento-pessoal-do-verao-de-2017\/\"},\"author\":{\"name\":\"lesadmin\",\"@id\":\"https:\/\/dev.leselfes.com\/#\/schema\/person\/407a229698868b8c603874b19f37f289\"},\"headline\":\"Novos programas de desenvolvimento pessoal do ver\u00e3o de 2017\",\"datePublished\":\"2016-11-23T14:46:36+00:00\",\"dateModified\":\"2024-11-12T10:44:03+00:00\",\"mainEntityOfPage\":{\"@id\":\"https:\/\/www.leselfes.com\/pt-br\/novos-programas-de-desenvolvimento-pessoal-do-verao-de-2017\/\"},\"wordCount\":850,\"publisher\":{\"@id\":\"https:\/\/dev.leselfes.com\/#organization\"},\"articleSection\":[\"Acampamento de ver\u00e3o\",\"Not\u00edcias\"],\"inLanguage\":\"pt-BR\"},{\"@type\":\"WebPage\",\"@id\":\"https:\/\/www.leselfes.com\/pt-br\/novos-programas-de-desenvolvimento-pessoal-do-verao-de-2017\/\",\"url\":\"https:\/\/www.leselfes.com\/pt-br\/novos-programas-de-desenvolvimento-pessoal-do-verao-de-2017\/\",\"name\":\"Novos programas de desenvolvimento pessoal do ver\u00e3o de 2017 - Les Elfes International Camps Switzerland\",\"isPartOf\":{\"@id\":\"https:\/\/dev.leselfes.com\/#website\"},\"datePublished\":\"2016-11-23T14:46:36+00:00\",\"dateModified\":\"2024-11-12T10:44:03+00:00\",\"breadcrumb\":{\"@id\":\"https:\/\/www.leselfes.com\/pt-br\/novos-programas-de-desenvolvimento-pessoal-do-verao-de-2017\/#breadcrumb\"},\"inLanguage\":\"pt-BR\",\"potentialAction\":[{\"@type\":\"ReadAction\",\"target\":[\"https:\/\/www.leselfes.com\/pt-br\/novos-programas-de-desenvolvimento-pessoal-do-verao-de-2017\/\"]}]},{\"@type\":\"BreadcrumbList\",\"@id\":\"https:\/\/www.leselfes.com\/pt-br\/novos-programas-de-desenvolvimento-pessoal-do-verao-de-2017\/#breadcrumb\",\"itemListElement\":[{\"@type\":\"ListItem\",\"position\":1,\"name\":\"Home\",\"item\":\"https:\/\/www.leselfes.com\/pt-br\/\"},{\"@type\":\"ListItem\",\"position\":2,\"name\":\"Novos programas de desenvolvimento pessoal do ver\u00e3o de 2017\"}]},{\"@type\":\"WebSite\",\"@id\":\"https:\/\/dev.leselfes.com\/#website\",\"url\":\"https:\/\/dev.leselfes.com\/\",\"name\":\"Les Elfes International\",\"description\":\"Les Elfes International, Verbier Switzerland. Summer Camp, Winter Camp, Spring Camps.\",\"publisher\":{\"@id\":\"https:\/\/dev.leselfes.com\/#organization\"},\"alternateName\":\"Les Elfes International\",\"potentialAction\":[{\"@type\":\"SearchAction\",\"target\":{\"@type\":\"EntryPoint\",\"urlTemplate\":\"https:\/\/dev.leselfes.com\/?s={search_term_string}\"},\"query-input\":{\"@type\":\"PropertyValueSpecification\",\"valueRequired\":true,\"valueName\":\"search_term_string\"}}],\"inLanguage\":\"pt-BR\"},{\"@type\":\"Organization\",\"@id\":\"https:\/\/dev.leselfes.com\/#organization\",\"name\":\"Les Elfes International\",\"alternateName\":\"Les Elfes International\",\"url\":\"https:\/\/dev.leselfes.com\/\",\"logo\":{\"@type\":\"ImageObject\",\"inLanguage\":\"pt-BR\",\"@id\":\"https:\/\/dev.leselfes.com\/#\/schema\/logo\/image\/\",\"url\":\"https:\/\/www.leselfes.com\/wp-content\/uploads\/2022\/03\/leselfes-logo.png\",\"contentUrl\":\"https:\/\/www.leselfes.com\/wp-content\/uploads\/2022\/03\/leselfes-logo.png\",\"width\":233,\"height\":51,\"caption\":\"Les Elfes International\"},\"image\":{\"@id\":\"https:\/\/dev.leselfes.com\/#\/schema\/logo\/image\/\"},\"sameAs\":[\"https:\/\/www.facebook.com\/LesElfesVerbier\",\"https:\/\/x.com\/LesElfesCamps\",\"https:\/\/www.instagram.com\/leselfes\",\"https:\/\/www.linkedin.com\/company\/les-elfes-international\",\"https:\/\/www.youtube.com\/user\/LesElfesVerbier\"]},{\"@type\":\"Person\",\"@id\":\"https:\/\/dev.leselfes.com\/#\/schema\/person\/407a229698868b8c603874b19f37f289\",\"name\":\"lesadmin\",\"image\":{\"@type\":\"ImageObject\",\"inLanguage\":\"pt-BR\",\"@id\":\"https:\/\/dev.leselfes.com\/#\/schema\/person\/image\/\",\"url\":\"https:\/\/secure.gravatar.com\/avatar\/fdb243a028df450397b3632d862f87f6?s=96&d=mm&r=g\",\"contentUrl\":\"https:\/\/secure.gravatar.com\/avatar\/fdb243a028df450397b3632d862f87f6?s=96&d=mm&r=g\",\"caption\":\"lesadmin\"},\"url\":\"https:\/\/www.leselfes.com\/pt-br\/author\/lesadmin\/\"}]}<\/script>\n<!-- \/ Yoast SEO Premium plugin. -->","yoast_head_json":{"title":"Novos programas de desenvolvimento pessoal do ver\u00e3o de 2017 - Les Elfes International Camps Switzerland","robots":{"index":"index","follow":"follow","max-snippet":"max-snippet:-1","max-image-preview":"max-image-preview:large","max-video-preview":"max-video-preview:-1"},"canonical":"https:\/\/www.leselfes.com\/pt-br\/novos-programas-de-desenvolvimento-pessoal-do-verao-de-2017\/","og_locale":"pt_BR","og_type":"article","og_title":"Novos programas de desenvolvimento pessoal do ver\u00e3o de 2017","og_description":"Not\u00edcias do ver\u00e3o de 2017 Tamb\u00e9m estamos aceitando reservas para o ver\u00e3o de 2017, com uma s\u00e9rie de novos programas de desenvolvimento pessoal em oferta: &nbsp; Moutnain Fitness (somente para...","og_url":"https:\/\/www.leselfes.com\/pt-br\/novos-programas-de-desenvolvimento-pessoal-do-verao-de-2017\/","og_site_name":"Les Elfes International Camps Switzerland","article_publisher":"https:\/\/www.facebook.com\/LesElfesVerbier","article_published_time":"2016-11-23T14:46:36+00:00","article_modified_time":"2024-11-12T10:44:03+00:00","og_image":[{"width":591,"height":555,"url":"https:\/\/www.leselfes.com\/wp-content\/uploads\/2022\/02\/Les-Elfes-International-summer-camp-Switzerland-Staff-Mobile-591x555-1.jpg","type":"image\/jpeg"}],"author":"lesadmin","twitter_card":"summary_large_image","twitter_creator":"@LesElfesCamps","twitter_site":"@LesElfesCamps","twitter_misc":{"Escrito por":"lesadmin","Est. tempo de leitura":"4 minutos"},"schema":{"@context":"https:\/\/schema.org","@graph":[{"@type":"Article","@id":"https:\/\/www.leselfes.com\/pt-br\/novos-programas-de-desenvolvimento-pessoal-do-verao-de-2017\/#article","isPartOf":{"@id":"https:\/\/www.leselfes.com\/pt-br\/novos-programas-de-desenvolvimento-pessoal-do-verao-de-2017\/"},"author":{"name":"lesadmin","@id":"https:\/\/dev.leselfes.com\/#\/schema\/person\/407a229698868b8c603874b19f37f289"},"headline":"Novos programas de desenvolvimento pessoal do ver\u00e3o de 2017","datePublished":"2016-11-23T14:46:36+00:00","dateModified":"2024-11-12T10:44:03+00:00","mainEntityOfPage":{"@id":"https:\/\/www.leselfes.com\/pt-br\/novos-programas-de-desenvolvimento-pessoal-do-verao-de-2017\/"},"wordCount":850,"publisher":{"@id":"https:\/\/dev.leselfes.com\/#organization"},"articleSection":["Acampamento de ver\u00e3o","Not\u00edcias"],"inLanguage":"pt-BR"},{"@type":"WebPage","@id":"https:\/\/www.leselfes.com\/pt-br\/novos-programas-de-desenvolvimento-pessoal-do-verao-de-2017\/","url":"https:\/\/www.leselfes.com\/pt-br\/novos-programas-de-desenvolvimento-pessoal-do-verao-de-2017\/","name":"Novos programas de desenvolvimento pessoal do ver\u00e3o de 2017 - Les Elfes International Camps Switzerland","isPartOf":{"@id":"https:\/\/dev.leselfes.com\/#website"},"datePublished":"2016-11-23T14:46:36+00:00","dateModified":"2024-11-12T10:44:03+00:00","breadcrumb":{"@id":"https:\/\/www.leselfes.com\/pt-br\/novos-programas-de-desenvolvimento-pessoal-do-verao-de-2017\/#breadcrumb"},"inLanguage":"pt-BR","potentialAction":[{"@type":"ReadAction","target":["https:\/\/www.leselfes.com\/pt-br\/novos-programas-de-desenvolvimento-pessoal-do-verao-de-2017\/"]}]},{"@type":"BreadcrumbList","@id":"https:\/\/www.leselfes.com\/pt-br\/novos-programas-de-desenvolvimento-pessoal-do-verao-de-2017\/#breadcrumb","itemListElement":[{"@type":"ListItem","position":1,"name":"Home","item":"https:\/\/www.leselfes.com\/pt-br\/"},{"@type":"ListItem","position":2,"name":"Novos programas de desenvolvimento pessoal do ver\u00e3o de 2017"}]},{"@type":"WebSite","@id":"https:\/\/dev.leselfes.com\/#website","url":"https:\/\/dev.leselfes.com\/","name":"Les Elfes International","description":"Les Elfes International, Verbier Switzerland. Summer Camp, Winter Camp, Spring Camps.","publisher":{"@id":"https:\/\/dev.leselfes.com\/#organization"},"alternateName":"Les Elfes International","potentialAction":[{"@type":"SearchAction","target":{"@type":"EntryPoint","urlTemplate":"https:\/\/dev.leselfes.com\/?s={search_term_string}"},"query-input":{"@type":"PropertyValueSpecification","valueRequired":true,"valueName":"search_term_string"}}],"inLanguage":"pt-BR"},{"@type":"Organization","@id":"https:\/\/dev.leselfes.com\/#organization","name":"Les Elfes International","alternateName":"Les Elfes International","url":"https:\/\/dev.leselfes.com\/","logo":{"@type":"ImageObject","inLanguage":"pt-BR","@id":"https:\/\/dev.leselfes.com\/#\/schema\/logo\/image\/","url":"https:\/\/www.leselfes.com\/wp-content\/uploads\/2022\/03\/leselfes-logo.png","contentUrl":"https:\/\/www.leselfes.com\/wp-content\/uploads\/2022\/03\/leselfes-logo.png","width":233,"height":51,"caption":"Les Elfes International"},"image":{"@id":"https:\/\/dev.leselfes.com\/#\/schema\/logo\/image\/"},"sameAs":["https:\/\/www.facebook.com\/LesElfesVerbier","https:\/\/x.com\/LesElfesCamps","https:\/\/www.instagram.com\/leselfes","https:\/\/www.linkedin.com\/company\/les-elfes-international","https:\/\/www.youtube.com\/user\/LesElfesVerbier"]},{"@type":"Person","@id":"https:\/\/dev.leselfes.com\/#\/schema\/person\/407a229698868b8c603874b19f37f289","name":"lesadmin","image":{"@type":"ImageObject","inLanguage":"pt-BR","@id":"https:\/\/dev.leselfes.com\/#\/schema\/person\/image\/","url":"https:\/\/secure.gravatar.com\/avatar\/fdb243a028df450397b3632d862f87f6?s=96&d=mm&r=g","contentUrl":"https:\/\/secure.gravatar.com\/avatar\/fdb243a028df450397b3632d862f87f6?s=96&d=mm&r=g","caption":"lesadmin"},"url":"https:\/\/www.leselfes.com\/pt-br\/author\/lesadmin\/"}]}},"_links":{"self":[{"href":"https:\/\/www.leselfes.com\/pt-br\/wp-json\/wp\/v2\/posts\/90364"}],"collection":[{"href":"https:\/\/www.leselfes.com\/pt-br\/wp-json\/wp\/v2\/posts"}],"about":[{"href":"https:\/\/www.leselfes.com\/pt-br\/wp-json\/wp\/v2\/types\/post"}],"author":[{"embeddable":true,"href":"https:\/\/www.leselfes.com\/pt-br\/wp-json\/wp\/v2\/users\/1"}],"replies":[{"embeddable":true,"href":"https:\/\/www.leselfes.com\/pt-br\/wp-json\/wp\/v2\/comments?post=90364"}],"version-history":[{"count":0,"href":"https:\/\/www.leselfes.com\/pt-br\/wp-json\/wp\/v2\/posts\/90364\/revisions"}],"wp:attachment":[{"href":"https:\/\/www.leselfes.com\/pt-br\/wp-json\/wp\/v2\/media?parent=90364"}],"wp:term":[{"taxonomy":"category","embeddable":true,"href":"https:\/\/www.leselfes.com\/pt-br\/wp-json\/wp\/v2\/categories?post=90364"},{"taxonomy":"post_tag","embeddable":true,"href":"https:\/\/www.leselfes.com\/pt-br\/wp-json\/wp\/v2\/tags?post=90364"}],"curies":[{"name":"wp","href":"https:\/\/api.w.org\/{rel}","templated":true}]}}