{"id":90388,"date":"2016-10-20T10:48:38","date_gmt":"2016-10-20T08:48:38","guid":{"rendered":"https:\/\/www.leselfes.com\/eventos-especiais-e-celebracoes-de-inverno\/"},"modified":"2024-11-12T11:44:17","modified_gmt":"2024-11-12T10:44:17","slug":"eventos-especiais-e-celebracoes-de-inverno","status":"publish","type":"post","link":"https:\/\/www.leselfes.com\/pt-br\/eventos-especiais-e-celebracoes-de-inverno\/","title":{"rendered":"Eventos especiais e celebra\u00e7\u00f5es de inverno"},"content":{"rendered":"<p><span style=\"color: #457fc1; font-family: Helvetica, Arial, sans-serif; font-size: 24px;\">Prezados todos,<\/span><\/p>\n<p>Escrevo para voc\u00ea com boas not\u00edcias, pois h\u00e1 muito o que comemorar nos pr\u00f3ximos meses, portanto, continue lendo.<\/p>\n<table style=\"height: 36px;\" border=\"0\" width=\"5\" cellspacing=\"0\" cellpadding=\"0\">\n<tbody>\n<tr>\n<td style=\"font-family: Helvetica, Arial, sans-serif; font-size: 15px; line-height: 22px; color: #333333; text-align: left; padding-top: 4px; width: 5%;\"><\/td>\n<td style=\"font-family: Helvetica, Arial, sans-serif; font-size: 24px; line-height: 28px; color: #457fc1; text-align: left; padding-right: 20px; width: 55%;\"><\/td>\n<td style=\"font-family: Helvetica, Arial, sans-serif; font-size: 15px; line-height: 22px; color: #333333; text-align: left; width: 35%;\"><\/td>\n<td style=\"font-family: Helvetica, Arial, sans-serif; font-size: 15px; line-height: 22px; color: #333333; text-align: left; padding-top: 4px; width: 5%;\"><\/td>\n<\/tr>\n<\/tbody>\n<\/table>\n<p><a style=\"text-decoration: none;\" href=\"https:\/\/www.leselfes.com\/pt-br\/acampamento-de-inverno\/\" target=\"_blank\" rel=\"noopener noreferrer\"><span style=\"color: #457fc1; font-size: 24px;\">Primeira queda de neve&#8230;<\/span><\/a><\/p>\n<p style=\"font-family: Helvetica, Arial, sans-serif; font-size: 15px; line-height: 22px; color: #333333;\"><span style=\"font-family: Helvetica, Arial, sans-serif; font-size: 15px; line-height: 22px; color: #333333;\">Para muitos neste pequeno resort alpino, o in\u00edcio da temporada de inverno \u00e9 certamente a parte mais empolgante do ano, e Les Elfes Verbier n\u00e3o \u00e9 exce\u00e7\u00e3o. \u00c0 medida que as lembran\u00e7as de um ver\u00e3o e de um outono brilhantes se apagam, olhamos para frente com grande expectativa. O frio do inverno est\u00e1 come\u00e7ando a aparecer, as montanhas est\u00e3o n\u00edtidas e o ar est\u00e1 fresco. A paisagem muda sua tonalidade de verde para laranja e, em breve, a primeira queda de neve vai espanar os picos por toda parte.<br \/>\n<\/span><\/p>\n<p><span style=\"font-family: Helvetica, Arial, sans-serif; font-size: 24px; line-height: 28px; color: #457fc1; text-align: left; width: 100%;\"><br \/>\nO inverno est\u00e1 chegando<\/span><\/p>\n<p><span style=\"font-family: Helvetica, Arial, sans-serif; font-size: 15px; line-height: 22px; color: #333333;\">Neste inverno, nossas sess\u00f5es come\u00e7am no dia 3 de dezembro e os alunos podem escolher entre sess\u00f5es de uma ou duas semanas. Os detalhes est\u00e3o em nosso site.<br \/>\nA semana de Natal \u00e9 algo realmente especial no acampamento, com a comunidade internacional que temos se envolvendo na atmosfera positiva.<br \/>\nIndependentemente de voc\u00ea comemorar o Natal ou n\u00e3o, esquiando e praticando snowboard nos mais de 300 km de pistas do Vale 4 ou fazendo excurs\u00f5es ao Mercado de Natal de Montreux, h\u00e1 muita divers\u00e3o para ser desfrutada.  <\/span><\/p>\n<p><span style=\"color: #457fc1; font-size: 24px;\">Sess\u00f5es especiais de Ano Novo<br \/>\n<\/span><span style=\"font-family: Helvetica, Arial, sans-serif; font-size: 15px; line-height: 22px; color: #333333;\">O Ano Novo \u00e9 igualmente divertido, o resort fica movimentado e cheio de turistas de todo o mundo e, \u00e9 claro, com as obrigat\u00f3rias exibi\u00e7\u00f5es de fogos de artif\u00edcio!<br \/>\nVerbier tem um ar cosmopolita que \u00e9 \u00fanico e isso certamente \u00e9 capturado no esp\u00edrito festivo de Les Elfes. <\/span><\/p>\n<p><span style=\"color: #457fc1; font-size: 24px;\">Atmosfera internacional<br \/>\n<\/span> <span style=\"font-family: Helvetica, Arial, sans-serif; font-size: 15px; line-height: 22px; color: #333333;\">\u00c9 a atmosfera internacional em Les Elfes que torna o acampamento um lugar t\u00e3o especial. \u00c9 uma experi\u00eancia realmente significativa para os jovens viajarem para longe de casa e passarem tempo com novos amigos de todo o mundo. Nossos alunos nos procuram na esperan\u00e7a de melhorar seus idiomas, aprender novas habilidades de esqui ou snowboard, mas s\u00e3o as amizades que eles levam para casa que realmente moldam seu tempo conosco. Nossos cursos de idiomas, <a href=\"https:\/\/www.leselfes.com\/pt-br\/acampamento-de-inverno\/\">programas de esqui e snowboard<\/a> e at\u00e9 mesmo nossas atividades noturnas apoiam nosso modelo de acampamento de integra\u00e7\u00e3o para todas as idades e etnias, permitindo que nossos alunos se beneficiem de um caldeir\u00e3o de variedade cultural e criem la\u00e7os que durar\u00e3o a vida toda.<br \/>\n<\/span><\/p>\n","protected":false},"excerpt":{"rendered":"<p>Prezados todos, Escrevo para voc\u00ea com boas not\u00edcias, pois h\u00e1 muito o que comemorar nos pr\u00f3ximos meses, portanto, continue lendo. Primeira queda de neve&#8230; Para muitos neste pequeno resort alpino,&#8230;<\/p>\n","protected":false},"author":1,"featured_media":0,"comment_status":"closed","ping_status":"open","sticky":false,"template":"","format":"standard","meta":{"_acf_changed":false,"inline_featured_image":false,"footnotes":""},"categories":[1350,1403],"tags":[],"class_list":{"0":"post-90388","1":"post","2":"type-post","3":"status-publish","4":"format-standard","6":"category-acampamento-de-inverno-pt-br","7":"category-noticias-pt-br"},"acf":[],"yoast_head":"<!-- This site is optimized with the Yoast SEO Premium plugin v24.2 (Yoast SEO v24.7) - https:\/\/yoast.com\/wordpress\/plugins\/seo\/ -->\n<title>Eventos especiais e celebra\u00e7\u00f5es de inverno - Les Elfes International Camps Switzerland<\/title>\n<meta name=\"robots\" content=\"index, follow, max-snippet:-1, max-image-preview:large, max-video-preview:-1\" \/>\n<link rel=\"canonical\" href=\"https:\/\/www.leselfes.com\/pt-br\/eventos-especiais-e-celebracoes-de-inverno\/\" \/>\n<meta property=\"og:locale\" content=\"pt_BR\" \/>\n<meta property=\"og:type\" content=\"article\" \/>\n<meta property=\"og:title\" content=\"Eventos especiais e celebra\u00e7\u00f5es de inverno\" \/>\n<meta property=\"og:description\" content=\"Prezados todos, Escrevo para voc\u00ea com boas not\u00edcias, pois h\u00e1 muito o que comemorar nos pr\u00f3ximos meses, portanto, continue lendo. Primeira queda de neve&#8230; Para muitos neste pequeno resort alpino,...\" \/>\n<meta property=\"og:url\" content=\"https:\/\/www.leselfes.com\/pt-br\/eventos-especiais-e-celebracoes-de-inverno\/\" \/>\n<meta property=\"og:site_name\" content=\"Les Elfes International Camps Switzerland\" \/>\n<meta property=\"article:publisher\" content=\"https:\/\/www.facebook.com\/LesElfesVerbier\" \/>\n<meta property=\"article:published_time\" content=\"2016-10-20T08:48:38+00:00\" \/>\n<meta property=\"article:modified_time\" content=\"2024-11-12T10:44:17+00:00\" \/>\n<meta property=\"og:image\" content=\"https:\/\/www.leselfes.com\/wp-content\/uploads\/2022\/02\/Les-Elfes-International-summer-camp-Switzerland-Staff-Mobile-591x555-1.jpg\" \/>\n\t<meta property=\"og:image:width\" content=\"591\" \/>\n\t<meta property=\"og:image:height\" content=\"555\" \/>\n\t<meta property=\"og:image:type\" content=\"image\/jpeg\" \/>\n<meta name=\"author\" content=\"lesadmin\" \/>\n<meta name=\"twitter:card\" content=\"summary_large_image\" \/>\n<meta name=\"twitter:creator\" content=\"@LesElfesCamps\" \/>\n<meta name=\"twitter:site\" content=\"@LesElfesCamps\" \/>\n<meta name=\"twitter:label1\" content=\"Escrito por\" \/>\n\t<meta name=\"twitter:data1\" content=\"lesadmin\" \/>\n\t<meta name=\"twitter:label2\" content=\"Est. tempo de leitura\" \/>\n\t<meta name=\"twitter:data2\" content=\"2 minutos\" \/>\n<script type=\"application\/ld+json\" class=\"yoast-schema-graph\">{\"@context\":\"https:\/\/schema.org\",\"@graph\":[{\"@type\":\"Article\",\"@id\":\"https:\/\/www.leselfes.com\/pt-br\/eventos-especiais-e-celebracoes-de-inverno\/#article\",\"isPartOf\":{\"@id\":\"https:\/\/www.leselfes.com\/pt-br\/eventos-especiais-e-celebracoes-de-inverno\/\"},\"author\":{\"name\":\"lesadmin\",\"@id\":\"https:\/\/dev.leselfes.com\/#\/schema\/person\/407a229698868b8c603874b19f37f289\"},\"headline\":\"Eventos especiais e celebra\u00e7\u00f5es de inverno\",\"datePublished\":\"2016-10-20T08:48:38+00:00\",\"dateModified\":\"2024-11-12T10:44:17+00:00\",\"mainEntityOfPage\":{\"@id\":\"https:\/\/www.leselfes.com\/pt-br\/eventos-especiais-e-celebracoes-de-inverno\/\"},\"wordCount\":400,\"publisher\":{\"@id\":\"https:\/\/dev.leselfes.com\/#organization\"},\"articleSection\":[\"Acampamento de inverno\",\"Not\u00edcias\"],\"inLanguage\":\"pt-BR\"},{\"@type\":\"WebPage\",\"@id\":\"https:\/\/www.leselfes.com\/pt-br\/eventos-especiais-e-celebracoes-de-inverno\/\",\"url\":\"https:\/\/www.leselfes.com\/pt-br\/eventos-especiais-e-celebracoes-de-inverno\/\",\"name\":\"Eventos especiais e celebra\u00e7\u00f5es de inverno - Les Elfes International Camps Switzerland\",\"isPartOf\":{\"@id\":\"https:\/\/dev.leselfes.com\/#website\"},\"datePublished\":\"2016-10-20T08:48:38+00:00\",\"dateModified\":\"2024-11-12T10:44:17+00:00\",\"breadcrumb\":{\"@id\":\"https:\/\/www.leselfes.com\/pt-br\/eventos-especiais-e-celebracoes-de-inverno\/#breadcrumb\"},\"inLanguage\":\"pt-BR\",\"potentialAction\":[{\"@type\":\"ReadAction\",\"target\":[\"https:\/\/www.leselfes.com\/pt-br\/eventos-especiais-e-celebracoes-de-inverno\/\"]}]},{\"@type\":\"BreadcrumbList\",\"@id\":\"https:\/\/www.leselfes.com\/pt-br\/eventos-especiais-e-celebracoes-de-inverno\/#breadcrumb\",\"itemListElement\":[{\"@type\":\"ListItem\",\"position\":1,\"name\":\"Home\",\"item\":\"https:\/\/www.leselfes.com\/pt-br\/\"},{\"@type\":\"ListItem\",\"position\":2,\"name\":\"Eventos especiais e celebra\u00e7\u00f5es de inverno\"}]},{\"@type\":\"WebSite\",\"@id\":\"https:\/\/dev.leselfes.com\/#website\",\"url\":\"https:\/\/dev.leselfes.com\/\",\"name\":\"Les Elfes International\",\"description\":\"Les Elfes International, Verbier Switzerland. Summer Camp, Winter Camp, Spring Camps.\",\"publisher\":{\"@id\":\"https:\/\/dev.leselfes.com\/#organization\"},\"alternateName\":\"Les Elfes International\",\"potentialAction\":[{\"@type\":\"SearchAction\",\"target\":{\"@type\":\"EntryPoint\",\"urlTemplate\":\"https:\/\/dev.leselfes.com\/?s={search_term_string}\"},\"query-input\":{\"@type\":\"PropertyValueSpecification\",\"valueRequired\":true,\"valueName\":\"search_term_string\"}}],\"inLanguage\":\"pt-BR\"},{\"@type\":\"Organization\",\"@id\":\"https:\/\/dev.leselfes.com\/#organization\",\"name\":\"Les Elfes International\",\"alternateName\":\"Les Elfes International\",\"url\":\"https:\/\/dev.leselfes.com\/\",\"logo\":{\"@type\":\"ImageObject\",\"inLanguage\":\"pt-BR\",\"@id\":\"https:\/\/dev.leselfes.com\/#\/schema\/logo\/image\/\",\"url\":\"https:\/\/www.leselfes.com\/wp-content\/uploads\/2022\/03\/leselfes-logo.png\",\"contentUrl\":\"https:\/\/www.leselfes.com\/wp-content\/uploads\/2022\/03\/leselfes-logo.png\",\"width\":233,\"height\":51,\"caption\":\"Les Elfes International\"},\"image\":{\"@id\":\"https:\/\/dev.leselfes.com\/#\/schema\/logo\/image\/\"},\"sameAs\":[\"https:\/\/www.facebook.com\/LesElfesVerbier\",\"https:\/\/x.com\/LesElfesCamps\",\"https:\/\/www.instagram.com\/leselfes\",\"https:\/\/www.linkedin.com\/company\/les-elfes-international\",\"https:\/\/www.youtube.com\/user\/LesElfesVerbier\"]},{\"@type\":\"Person\",\"@id\":\"https:\/\/dev.leselfes.com\/#\/schema\/person\/407a229698868b8c603874b19f37f289\",\"name\":\"lesadmin\",\"image\":{\"@type\":\"ImageObject\",\"inLanguage\":\"pt-BR\",\"@id\":\"https:\/\/dev.leselfes.com\/#\/schema\/person\/image\/\",\"url\":\"https:\/\/secure.gravatar.com\/avatar\/fdb243a028df450397b3632d862f87f6?s=96&d=mm&r=g\",\"contentUrl\":\"https:\/\/secure.gravatar.com\/avatar\/fdb243a028df450397b3632d862f87f6?s=96&d=mm&r=g\",\"caption\":\"lesadmin\"},\"url\":\"https:\/\/www.leselfes.com\/pt-br\/author\/lesadmin\/\"}]}<\/script>\n<!-- \/ Yoast SEO Premium plugin. -->","yoast_head_json":{"title":"Eventos especiais e celebra\u00e7\u00f5es de inverno - Les Elfes International Camps Switzerland","robots":{"index":"index","follow":"follow","max-snippet":"max-snippet:-1","max-image-preview":"max-image-preview:large","max-video-preview":"max-video-preview:-1"},"canonical":"https:\/\/www.leselfes.com\/pt-br\/eventos-especiais-e-celebracoes-de-inverno\/","og_locale":"pt_BR","og_type":"article","og_title":"Eventos especiais e celebra\u00e7\u00f5es de inverno","og_description":"Prezados todos, Escrevo para voc\u00ea com boas not\u00edcias, pois h\u00e1 muito o que comemorar nos pr\u00f3ximos meses, portanto, continue lendo. Primeira queda de neve&#8230; Para muitos neste pequeno resort alpino,...","og_url":"https:\/\/www.leselfes.com\/pt-br\/eventos-especiais-e-celebracoes-de-inverno\/","og_site_name":"Les Elfes International Camps Switzerland","article_publisher":"https:\/\/www.facebook.com\/LesElfesVerbier","article_published_time":"2016-10-20T08:48:38+00:00","article_modified_time":"2024-11-12T10:44:17+00:00","og_image":[{"width":591,"height":555,"url":"https:\/\/www.leselfes.com\/wp-content\/uploads\/2022\/02\/Les-Elfes-International-summer-camp-Switzerland-Staff-Mobile-591x555-1.jpg","type":"image\/jpeg"}],"author":"lesadmin","twitter_card":"summary_large_image","twitter_creator":"@LesElfesCamps","twitter_site":"@LesElfesCamps","twitter_misc":{"Escrito por":"lesadmin","Est. tempo de leitura":"2 minutos"},"schema":{"@context":"https:\/\/schema.org","@graph":[{"@type":"Article","@id":"https:\/\/www.leselfes.com\/pt-br\/eventos-especiais-e-celebracoes-de-inverno\/#article","isPartOf":{"@id":"https:\/\/www.leselfes.com\/pt-br\/eventos-especiais-e-celebracoes-de-inverno\/"},"author":{"name":"lesadmin","@id":"https:\/\/dev.leselfes.com\/#\/schema\/person\/407a229698868b8c603874b19f37f289"},"headline":"Eventos especiais e celebra\u00e7\u00f5es de inverno","datePublished":"2016-10-20T08:48:38+00:00","dateModified":"2024-11-12T10:44:17+00:00","mainEntityOfPage":{"@id":"https:\/\/www.leselfes.com\/pt-br\/eventos-especiais-e-celebracoes-de-inverno\/"},"wordCount":400,"publisher":{"@id":"https:\/\/dev.leselfes.com\/#organization"},"articleSection":["Acampamento de inverno","Not\u00edcias"],"inLanguage":"pt-BR"},{"@type":"WebPage","@id":"https:\/\/www.leselfes.com\/pt-br\/eventos-especiais-e-celebracoes-de-inverno\/","url":"https:\/\/www.leselfes.com\/pt-br\/eventos-especiais-e-celebracoes-de-inverno\/","name":"Eventos especiais e celebra\u00e7\u00f5es de inverno - Les Elfes International Camps Switzerland","isPartOf":{"@id":"https:\/\/dev.leselfes.com\/#website"},"datePublished":"2016-10-20T08:48:38+00:00","dateModified":"2024-11-12T10:44:17+00:00","breadcrumb":{"@id":"https:\/\/www.leselfes.com\/pt-br\/eventos-especiais-e-celebracoes-de-inverno\/#breadcrumb"},"inLanguage":"pt-BR","potentialAction":[{"@type":"ReadAction","target":["https:\/\/www.leselfes.com\/pt-br\/eventos-especiais-e-celebracoes-de-inverno\/"]}]},{"@type":"BreadcrumbList","@id":"https:\/\/www.leselfes.com\/pt-br\/eventos-especiais-e-celebracoes-de-inverno\/#breadcrumb","itemListElement":[{"@type":"ListItem","position":1,"name":"Home","item":"https:\/\/www.leselfes.com\/pt-br\/"},{"@type":"ListItem","position":2,"name":"Eventos especiais e celebra\u00e7\u00f5es de inverno"}]},{"@type":"WebSite","@id":"https:\/\/dev.leselfes.com\/#website","url":"https:\/\/dev.leselfes.com\/","name":"Les Elfes International","description":"Les Elfes International, Verbier Switzerland. Summer Camp, Winter Camp, Spring Camps.","publisher":{"@id":"https:\/\/dev.leselfes.com\/#organization"},"alternateName":"Les Elfes International","potentialAction":[{"@type":"SearchAction","target":{"@type":"EntryPoint","urlTemplate":"https:\/\/dev.leselfes.com\/?s={search_term_string}"},"query-input":{"@type":"PropertyValueSpecification","valueRequired":true,"valueName":"search_term_string"}}],"inLanguage":"pt-BR"},{"@type":"Organization","@id":"https:\/\/dev.leselfes.com\/#organization","name":"Les Elfes International","alternateName":"Les Elfes International","url":"https:\/\/dev.leselfes.com\/","logo":{"@type":"ImageObject","inLanguage":"pt-BR","@id":"https:\/\/dev.leselfes.com\/#\/schema\/logo\/image\/","url":"https:\/\/www.leselfes.com\/wp-content\/uploads\/2022\/03\/leselfes-logo.png","contentUrl":"https:\/\/www.leselfes.com\/wp-content\/uploads\/2022\/03\/leselfes-logo.png","width":233,"height":51,"caption":"Les Elfes International"},"image":{"@id":"https:\/\/dev.leselfes.com\/#\/schema\/logo\/image\/"},"sameAs":["https:\/\/www.facebook.com\/LesElfesVerbier","https:\/\/x.com\/LesElfesCamps","https:\/\/www.instagram.com\/leselfes","https:\/\/www.linkedin.com\/company\/les-elfes-international","https:\/\/www.youtube.com\/user\/LesElfesVerbier"]},{"@type":"Person","@id":"https:\/\/dev.leselfes.com\/#\/schema\/person\/407a229698868b8c603874b19f37f289","name":"lesadmin","image":{"@type":"ImageObject","inLanguage":"pt-BR","@id":"https:\/\/dev.leselfes.com\/#\/schema\/person\/image\/","url":"https:\/\/secure.gravatar.com\/avatar\/fdb243a028df450397b3632d862f87f6?s=96&d=mm&r=g","contentUrl":"https:\/\/secure.gravatar.com\/avatar\/fdb243a028df450397b3632d862f87f6?s=96&d=mm&r=g","caption":"lesadmin"},"url":"https:\/\/www.leselfes.com\/pt-br\/author\/lesadmin\/"}]}},"_links":{"self":[{"href":"https:\/\/www.leselfes.com\/pt-br\/wp-json\/wp\/v2\/posts\/90388"}],"collection":[{"href":"https:\/\/www.leselfes.com\/pt-br\/wp-json\/wp\/v2\/posts"}],"about":[{"href":"https:\/\/www.leselfes.com\/pt-br\/wp-json\/wp\/v2\/types\/post"}],"author":[{"embeddable":true,"href":"https:\/\/www.leselfes.com\/pt-br\/wp-json\/wp\/v2\/users\/1"}],"replies":[{"embeddable":true,"href":"https:\/\/www.leselfes.com\/pt-br\/wp-json\/wp\/v2\/comments?post=90388"}],"version-history":[{"count":0,"href":"https:\/\/www.leselfes.com\/pt-br\/wp-json\/wp\/v2\/posts\/90388\/revisions"}],"wp:attachment":[{"href":"https:\/\/www.leselfes.com\/pt-br\/wp-json\/wp\/v2\/media?parent=90388"}],"wp:term":[{"taxonomy":"category","embeddable":true,"href":"https:\/\/www.leselfes.com\/pt-br\/wp-json\/wp\/v2\/categories?post=90388"},{"taxonomy":"post_tag","embeddable":true,"href":"https:\/\/www.leselfes.com\/pt-br\/wp-json\/wp\/v2\/tags?post=90388"}],"curies":[{"name":"wp","href":"https:\/\/api.w.org\/{rel}","templated":true}]}}