{"id":90416,"date":"2016-04-18T15:57:00","date_gmt":"2016-04-18T13:57:00","guid":{"rendered":"https:\/\/www.leselfes.com\/novos-programas-de-desenvolvimento-pessoal\/"},"modified":"2024-11-12T11:44:34","modified_gmt":"2024-11-12T10:44:34","slug":"novos-programas-de-desenvolvimento-pessoal","status":"publish","type":"post","link":"https:\/\/www.leselfes.com\/pt-br\/novos-programas-de-desenvolvimento-pessoal\/","title":{"rendered":"Novos programas de desenvolvimento pessoal"},"content":{"rendered":"<p>Como disse Leo Tolstoy, &#8220;a primavera \u00e9 a \u00e9poca dos planos e projetos&#8221; e, para n\u00f3s, n\u00e3o \u00e9 exce\u00e7\u00e3o. Na Les Elfes, estivemos ocupados desenvolvendo e ajustando nossos <a href=\"https:\/\/www.leselfes.com\/pt-br\/acampamento-de-verao\/\">programas<\/a> de primavera e <a href=\"https:\/\/www.leselfes.com\/pt-br\/acampamento-de-verao\/\">ver\u00e3o<\/a>, e a novidade deste ano s\u00e3o os Programas de Desenvolvimento Pessoal. Esses workshops din\u00e2micos e interativos permitir\u00e3o que nossos alunos desenvolvam uma caixa de ferramentas de habilidades de trabalho em equipe que os ajudar\u00e1 a construir relacionamentos maduros e duradouros com amigos e colegas, a criar solu\u00e7\u00f5es imaginativas e complexas para problemas e a se concentrar em sua Intelig\u00eancia Emocional usando teorias e pr\u00e1ticas de uma s\u00e9rie de estudiosos acad\u00eamicos no campo da aprendizagem experimental.<\/p>\n<p><b>Os quatro principais PDPs ser\u00e3o:<\/b><\/p>\n<h3><strong>Identidade na Web<\/strong><\/h3>\n<p><strong>Aperfei\u00e7oar sua identidade on-line \u00e9 um t\u00f3pico cada vez mais importante e muito atual.<\/strong><br \/>\nO reconhecimento da marca pessoal e da m\u00eddia social \u00e9 fundamental para que as pessoas n\u00e3o apenas vejam voc\u00ea, mas tamb\u00e9m vejam o que voc\u00ea faz todos os dias.<br \/>\nEnsinamos abordagens pragm\u00e1ticas sobre esse t\u00f3pico e cobrimos muitos aspectos diferentes do gerenciamento de dados, desde o upload de imagens de forma adequada at\u00e9 o di\u00e1logo com outros usu\u00e1rios on-line em diferentes cen\u00e1rios.<\/p>\n<hr>\n<h3><strong>Etiqueta<\/strong><\/h3>\n<p><strong>Em nossas aulas de Etiqueta, os alunos se familiarizar\u00e3o com a compreens\u00e3o do decoro em cen\u00e1rios formais e menos formais e como se apresentar em uma variedade de ambientes.<\/strong><br \/>\nPerfeito para alunos que est\u00e3o entrando em uma nova arena, como uma universidade no exterior.<br \/>\nCom nossa abordagem divertida, nossas aulas preparar\u00e3o melhor os alunos sobre como se comportar de maneira confiante e confort\u00e1vel, ou como lidar melhor com uma entrevista ou at\u00e9 mesmo organizar um jantar!<\/p>\n<hr>\n<h3><strong>Programa de carreiras<\/strong><\/h3>\n<p><strong>Nosso programa de carreiras combina um modelo de treinamento de desenvolvimento pr\u00e1tico com componentes projetados para equipar os alunos para o mundo do trabalho.<\/strong><br \/>\nTemos palestrantes convidados inspiradores para esclarecer os alunos sobre a gama de diferentes oportunidades e caminhos para alcan\u00e7ar seus objetivos e um curso de primeiros socorros, ministrado por um instrutor profissional, no qual os alunos podem levar um certificado v\u00e1lido de primeiros socorros como parte do portf\u00f3lio de desenvolvimento profissional para universidades ou faculdades.<\/p>\n<hr>\n<h3><strong>Programa de Lideran\u00e7a<\/strong><\/h3>\n<p><strong>Nosso programa de lideran\u00e7a inclui sess\u00f5es de treinamento de desenvolvimento interativo e uma introdu\u00e7\u00e3o a uma s\u00e9rie de modelos acad\u00eamicos que abrangem din\u00e2micas de grupo e t\u00e9cnicas de lideran\u00e7a.<\/strong><br \/>\nNossos alunos t\u00eam a oportunidade de aplicar suas novas habilidades em atividades ao ar livre e estabelecer metas pessoais durante o treinamento para desenvolver seu estilo de lideran\u00e7a pessoal. Por meio de nosso programa, os alunos s\u00e3o capacitados a usar seu conhecimento das teorias que sustentam a lideran\u00e7a afetiva e a confian\u00e7a para crescer como um jovem adulto e se tornar um l\u00edder bem-sucedido para os outros. <\/p>\n<h3><strong>Artes<\/strong><\/h3>\n<p><strong>Para nossos alunos mais jovens, oferecemos uma gama diversificada de atividades criadas para dar aos alunos a oportunidade de se expressarem e explorarem seu talento criativo.<\/strong><br \/>\nNosso programa combina aulas de arte com uma escola de arte local, oficinas de culin\u00e1ria e prepara\u00e7\u00e3o de alimentos, sess\u00f5es de teatro e improvisa\u00e7\u00e3o e uma chance de falar em p\u00fablico e apresenta\u00e7\u00f5es em grupo para aumentar a confian\u00e7a e as habilidades de trabalho em equipe.<\/p>\n<hr>\n","protected":false},"excerpt":{"rendered":"<p>Como disse Leo Tolstoy, &#8220;a primavera \u00e9 a \u00e9poca dos planos e projetos&#8221; e, para n\u00f3s, n\u00e3o \u00e9 exce\u00e7\u00e3o. Na Les Elfes, estivemos ocupados desenvolvendo e ajustando nossos programas de&#8230;<\/p>\n","protected":false},"author":1,"featured_media":0,"comment_status":"closed","ping_status":"open","sticky":false,"template":"","format":"standard","meta":{"_acf_changed":false,"inline_featured_image":false,"footnotes":""},"categories":[1369,1403],"tags":[],"class_list":{"0":"post-90416","1":"post","2":"type-post","3":"status-publish","4":"format-standard","6":"category-acampamento-de-verao-pt-br","7":"category-noticias-pt-br"},"acf":[],"yoast_head":"<!-- This site is optimized with the Yoast SEO Premium plugin v24.2 (Yoast SEO v24.7) - https:\/\/yoast.com\/wordpress\/plugins\/seo\/ -->\n<title>Novos programas de desenvolvimento pessoal - Les Elfes International Camps Switzerland<\/title>\n<meta name=\"robots\" content=\"index, follow, max-snippet:-1, max-image-preview:large, max-video-preview:-1\" \/>\n<link rel=\"canonical\" href=\"https:\/\/www.leselfes.com\/pt-br\/novos-programas-de-desenvolvimento-pessoal\/\" \/>\n<meta property=\"og:locale\" content=\"pt_BR\" \/>\n<meta property=\"og:type\" content=\"article\" \/>\n<meta property=\"og:title\" content=\"Novos programas de desenvolvimento pessoal\" \/>\n<meta property=\"og:description\" content=\"Como disse Leo Tolstoy, &#8220;a primavera \u00e9 a \u00e9poca dos planos e projetos&#8221; e, para n\u00f3s, n\u00e3o \u00e9 exce\u00e7\u00e3o. Na Les Elfes, estivemos ocupados desenvolvendo e ajustando nossos programas de...\" \/>\n<meta property=\"og:url\" content=\"https:\/\/www.leselfes.com\/pt-br\/novos-programas-de-desenvolvimento-pessoal\/\" \/>\n<meta property=\"og:site_name\" content=\"Les Elfes International Camps Switzerland\" \/>\n<meta property=\"article:publisher\" content=\"https:\/\/www.facebook.com\/LesElfesVerbier\" \/>\n<meta property=\"article:published_time\" content=\"2016-04-18T13:57:00+00:00\" \/>\n<meta property=\"article:modified_time\" content=\"2024-11-12T10:44:34+00:00\" \/>\n<meta property=\"og:image\" content=\"https:\/\/www.leselfes.com\/wp-content\/uploads\/2022\/02\/Les-Elfes-International-summer-camp-Switzerland-Staff-Mobile-591x555-1.jpg\" \/>\n\t<meta property=\"og:image:width\" content=\"591\" \/>\n\t<meta property=\"og:image:height\" content=\"555\" \/>\n\t<meta property=\"og:image:type\" content=\"image\/jpeg\" \/>\n<meta name=\"author\" content=\"lesadmin\" \/>\n<meta name=\"twitter:card\" content=\"summary_large_image\" \/>\n<meta name=\"twitter:creator\" content=\"@LesElfesCamps\" \/>\n<meta name=\"twitter:site\" content=\"@LesElfesCamps\" \/>\n<meta name=\"twitter:label1\" content=\"Escrito por\" \/>\n\t<meta name=\"twitter:data1\" content=\"lesadmin\" \/>\n\t<meta name=\"twitter:label2\" content=\"Est. tempo de leitura\" \/>\n\t<meta name=\"twitter:data2\" content=\"3 minutos\" \/>\n<script type=\"application\/ld+json\" class=\"yoast-schema-graph\">{\"@context\":\"https:\/\/schema.org\",\"@graph\":[{\"@type\":\"Article\",\"@id\":\"https:\/\/www.leselfes.com\/pt-br\/novos-programas-de-desenvolvimento-pessoal\/#article\",\"isPartOf\":{\"@id\":\"https:\/\/www.leselfes.com\/pt-br\/novos-programas-de-desenvolvimento-pessoal\/\"},\"author\":{\"name\":\"lesadmin\",\"@id\":\"https:\/\/dev.leselfes.com\/#\/schema\/person\/407a229698868b8c603874b19f37f289\"},\"headline\":\"Novos programas de desenvolvimento pessoal\",\"datePublished\":\"2016-04-18T13:57:00+00:00\",\"dateModified\":\"2024-11-12T10:44:34+00:00\",\"mainEntityOfPage\":{\"@id\":\"https:\/\/www.leselfes.com\/pt-br\/novos-programas-de-desenvolvimento-pessoal\/\"},\"wordCount\":578,\"publisher\":{\"@id\":\"https:\/\/dev.leselfes.com\/#organization\"},\"articleSection\":[\"Acampamento de ver\u00e3o\",\"Not\u00edcias\"],\"inLanguage\":\"pt-BR\"},{\"@type\":\"WebPage\",\"@id\":\"https:\/\/www.leselfes.com\/pt-br\/novos-programas-de-desenvolvimento-pessoal\/\",\"url\":\"https:\/\/www.leselfes.com\/pt-br\/novos-programas-de-desenvolvimento-pessoal\/\",\"name\":\"Novos programas de desenvolvimento pessoal - Les Elfes International Camps Switzerland\",\"isPartOf\":{\"@id\":\"https:\/\/dev.leselfes.com\/#website\"},\"datePublished\":\"2016-04-18T13:57:00+00:00\",\"dateModified\":\"2024-11-12T10:44:34+00:00\",\"breadcrumb\":{\"@id\":\"https:\/\/www.leselfes.com\/pt-br\/novos-programas-de-desenvolvimento-pessoal\/#breadcrumb\"},\"inLanguage\":\"pt-BR\",\"potentialAction\":[{\"@type\":\"ReadAction\",\"target\":[\"https:\/\/www.leselfes.com\/pt-br\/novos-programas-de-desenvolvimento-pessoal\/\"]}]},{\"@type\":\"BreadcrumbList\",\"@id\":\"https:\/\/www.leselfes.com\/pt-br\/novos-programas-de-desenvolvimento-pessoal\/#breadcrumb\",\"itemListElement\":[{\"@type\":\"ListItem\",\"position\":1,\"name\":\"Home\",\"item\":\"https:\/\/www.leselfes.com\/pt-br\/\"},{\"@type\":\"ListItem\",\"position\":2,\"name\":\"Novos programas de desenvolvimento pessoal\"}]},{\"@type\":\"WebSite\",\"@id\":\"https:\/\/dev.leselfes.com\/#website\",\"url\":\"https:\/\/dev.leselfes.com\/\",\"name\":\"Les Elfes International\",\"description\":\"Les Elfes International, Verbier Switzerland. Summer Camp, Winter Camp, Spring Camps.\",\"publisher\":{\"@id\":\"https:\/\/dev.leselfes.com\/#organization\"},\"alternateName\":\"Les Elfes International\",\"potentialAction\":[{\"@type\":\"SearchAction\",\"target\":{\"@type\":\"EntryPoint\",\"urlTemplate\":\"https:\/\/dev.leselfes.com\/?s={search_term_string}\"},\"query-input\":{\"@type\":\"PropertyValueSpecification\",\"valueRequired\":true,\"valueName\":\"search_term_string\"}}],\"inLanguage\":\"pt-BR\"},{\"@type\":\"Organization\",\"@id\":\"https:\/\/dev.leselfes.com\/#organization\",\"name\":\"Les Elfes International\",\"alternateName\":\"Les Elfes International\",\"url\":\"https:\/\/dev.leselfes.com\/\",\"logo\":{\"@type\":\"ImageObject\",\"inLanguage\":\"pt-BR\",\"@id\":\"https:\/\/dev.leselfes.com\/#\/schema\/logo\/image\/\",\"url\":\"https:\/\/www.leselfes.com\/wp-content\/uploads\/2022\/03\/leselfes-logo.png\",\"contentUrl\":\"https:\/\/www.leselfes.com\/wp-content\/uploads\/2022\/03\/leselfes-logo.png\",\"width\":233,\"height\":51,\"caption\":\"Les Elfes International\"},\"image\":{\"@id\":\"https:\/\/dev.leselfes.com\/#\/schema\/logo\/image\/\"},\"sameAs\":[\"https:\/\/www.facebook.com\/LesElfesVerbier\",\"https:\/\/x.com\/LesElfesCamps\",\"https:\/\/www.instagram.com\/leselfes\",\"https:\/\/www.linkedin.com\/company\/les-elfes-international\",\"https:\/\/www.youtube.com\/user\/LesElfesVerbier\"]},{\"@type\":\"Person\",\"@id\":\"https:\/\/dev.leselfes.com\/#\/schema\/person\/407a229698868b8c603874b19f37f289\",\"name\":\"lesadmin\",\"image\":{\"@type\":\"ImageObject\",\"inLanguage\":\"pt-BR\",\"@id\":\"https:\/\/dev.leselfes.com\/#\/schema\/person\/image\/\",\"url\":\"https:\/\/secure.gravatar.com\/avatar\/fdb243a028df450397b3632d862f87f6?s=96&d=mm&r=g\",\"contentUrl\":\"https:\/\/secure.gravatar.com\/avatar\/fdb243a028df450397b3632d862f87f6?s=96&d=mm&r=g\",\"caption\":\"lesadmin\"},\"url\":\"https:\/\/www.leselfes.com\/pt-br\/author\/lesadmin\/\"}]}<\/script>\n<!-- \/ Yoast SEO Premium plugin. -->","yoast_head_json":{"title":"Novos programas de desenvolvimento pessoal - Les Elfes International Camps Switzerland","robots":{"index":"index","follow":"follow","max-snippet":"max-snippet:-1","max-image-preview":"max-image-preview:large","max-video-preview":"max-video-preview:-1"},"canonical":"https:\/\/www.leselfes.com\/pt-br\/novos-programas-de-desenvolvimento-pessoal\/","og_locale":"pt_BR","og_type":"article","og_title":"Novos programas de desenvolvimento pessoal","og_description":"Como disse Leo Tolstoy, &#8220;a primavera \u00e9 a \u00e9poca dos planos e projetos&#8221; e, para n\u00f3s, n\u00e3o \u00e9 exce\u00e7\u00e3o. Na Les Elfes, estivemos ocupados desenvolvendo e ajustando nossos programas de...","og_url":"https:\/\/www.leselfes.com\/pt-br\/novos-programas-de-desenvolvimento-pessoal\/","og_site_name":"Les Elfes International Camps Switzerland","article_publisher":"https:\/\/www.facebook.com\/LesElfesVerbier","article_published_time":"2016-04-18T13:57:00+00:00","article_modified_time":"2024-11-12T10:44:34+00:00","og_image":[{"width":591,"height":555,"url":"https:\/\/www.leselfes.com\/wp-content\/uploads\/2022\/02\/Les-Elfes-International-summer-camp-Switzerland-Staff-Mobile-591x555-1.jpg","type":"image\/jpeg"}],"author":"lesadmin","twitter_card":"summary_large_image","twitter_creator":"@LesElfesCamps","twitter_site":"@LesElfesCamps","twitter_misc":{"Escrito por":"lesadmin","Est. tempo de leitura":"3 minutos"},"schema":{"@context":"https:\/\/schema.org","@graph":[{"@type":"Article","@id":"https:\/\/www.leselfes.com\/pt-br\/novos-programas-de-desenvolvimento-pessoal\/#article","isPartOf":{"@id":"https:\/\/www.leselfes.com\/pt-br\/novos-programas-de-desenvolvimento-pessoal\/"},"author":{"name":"lesadmin","@id":"https:\/\/dev.leselfes.com\/#\/schema\/person\/407a229698868b8c603874b19f37f289"},"headline":"Novos programas de desenvolvimento pessoal","datePublished":"2016-04-18T13:57:00+00:00","dateModified":"2024-11-12T10:44:34+00:00","mainEntityOfPage":{"@id":"https:\/\/www.leselfes.com\/pt-br\/novos-programas-de-desenvolvimento-pessoal\/"},"wordCount":578,"publisher":{"@id":"https:\/\/dev.leselfes.com\/#organization"},"articleSection":["Acampamento de ver\u00e3o","Not\u00edcias"],"inLanguage":"pt-BR"},{"@type":"WebPage","@id":"https:\/\/www.leselfes.com\/pt-br\/novos-programas-de-desenvolvimento-pessoal\/","url":"https:\/\/www.leselfes.com\/pt-br\/novos-programas-de-desenvolvimento-pessoal\/","name":"Novos programas de desenvolvimento pessoal - Les Elfes International Camps Switzerland","isPartOf":{"@id":"https:\/\/dev.leselfes.com\/#website"},"datePublished":"2016-04-18T13:57:00+00:00","dateModified":"2024-11-12T10:44:34+00:00","breadcrumb":{"@id":"https:\/\/www.leselfes.com\/pt-br\/novos-programas-de-desenvolvimento-pessoal\/#breadcrumb"},"inLanguage":"pt-BR","potentialAction":[{"@type":"ReadAction","target":["https:\/\/www.leselfes.com\/pt-br\/novos-programas-de-desenvolvimento-pessoal\/"]}]},{"@type":"BreadcrumbList","@id":"https:\/\/www.leselfes.com\/pt-br\/novos-programas-de-desenvolvimento-pessoal\/#breadcrumb","itemListElement":[{"@type":"ListItem","position":1,"name":"Home","item":"https:\/\/www.leselfes.com\/pt-br\/"},{"@type":"ListItem","position":2,"name":"Novos programas de desenvolvimento pessoal"}]},{"@type":"WebSite","@id":"https:\/\/dev.leselfes.com\/#website","url":"https:\/\/dev.leselfes.com\/","name":"Les Elfes International","description":"Les Elfes International, Verbier Switzerland. Summer Camp, Winter Camp, Spring Camps.","publisher":{"@id":"https:\/\/dev.leselfes.com\/#organization"},"alternateName":"Les Elfes International","potentialAction":[{"@type":"SearchAction","target":{"@type":"EntryPoint","urlTemplate":"https:\/\/dev.leselfes.com\/?s={search_term_string}"},"query-input":{"@type":"PropertyValueSpecification","valueRequired":true,"valueName":"search_term_string"}}],"inLanguage":"pt-BR"},{"@type":"Organization","@id":"https:\/\/dev.leselfes.com\/#organization","name":"Les Elfes International","alternateName":"Les Elfes International","url":"https:\/\/dev.leselfes.com\/","logo":{"@type":"ImageObject","inLanguage":"pt-BR","@id":"https:\/\/dev.leselfes.com\/#\/schema\/logo\/image\/","url":"https:\/\/www.leselfes.com\/wp-content\/uploads\/2022\/03\/leselfes-logo.png","contentUrl":"https:\/\/www.leselfes.com\/wp-content\/uploads\/2022\/03\/leselfes-logo.png","width":233,"height":51,"caption":"Les Elfes International"},"image":{"@id":"https:\/\/dev.leselfes.com\/#\/schema\/logo\/image\/"},"sameAs":["https:\/\/www.facebook.com\/LesElfesVerbier","https:\/\/x.com\/LesElfesCamps","https:\/\/www.instagram.com\/leselfes","https:\/\/www.linkedin.com\/company\/les-elfes-international","https:\/\/www.youtube.com\/user\/LesElfesVerbier"]},{"@type":"Person","@id":"https:\/\/dev.leselfes.com\/#\/schema\/person\/407a229698868b8c603874b19f37f289","name":"lesadmin","image":{"@type":"ImageObject","inLanguage":"pt-BR","@id":"https:\/\/dev.leselfes.com\/#\/schema\/person\/image\/","url":"https:\/\/secure.gravatar.com\/avatar\/fdb243a028df450397b3632d862f87f6?s=96&d=mm&r=g","contentUrl":"https:\/\/secure.gravatar.com\/avatar\/fdb243a028df450397b3632d862f87f6?s=96&d=mm&r=g","caption":"lesadmin"},"url":"https:\/\/www.leselfes.com\/pt-br\/author\/lesadmin\/"}]}},"_links":{"self":[{"href":"https:\/\/www.leselfes.com\/pt-br\/wp-json\/wp\/v2\/posts\/90416"}],"collection":[{"href":"https:\/\/www.leselfes.com\/pt-br\/wp-json\/wp\/v2\/posts"}],"about":[{"href":"https:\/\/www.leselfes.com\/pt-br\/wp-json\/wp\/v2\/types\/post"}],"author":[{"embeddable":true,"href":"https:\/\/www.leselfes.com\/pt-br\/wp-json\/wp\/v2\/users\/1"}],"replies":[{"embeddable":true,"href":"https:\/\/www.leselfes.com\/pt-br\/wp-json\/wp\/v2\/comments?post=90416"}],"version-history":[{"count":0,"href":"https:\/\/www.leselfes.com\/pt-br\/wp-json\/wp\/v2\/posts\/90416\/revisions"}],"wp:attachment":[{"href":"https:\/\/www.leselfes.com\/pt-br\/wp-json\/wp\/v2\/media?parent=90416"}],"wp:term":[{"taxonomy":"category","embeddable":true,"href":"https:\/\/www.leselfes.com\/pt-br\/wp-json\/wp\/v2\/categories?post=90416"},{"taxonomy":"post_tag","embeddable":true,"href":"https:\/\/www.leselfes.com\/pt-br\/wp-json\/wp\/v2\/tags?post=90416"}],"curies":[{"name":"wp","href":"https:\/\/api.w.org\/{rel}","templated":true}]}}