{"id":90439,"date":"2015-05-08T18:11:49","date_gmt":"2015-05-08T16:11:49","guid":{"rendered":"https:\/\/www.leselfes.com\/a-meio-caminho-da-viagem-voluntaria-de-les-elfes-no-nepal\/"},"modified":"2024-11-12T11:44:53","modified_gmt":"2024-11-12T10:44:53","slug":"a-meio-caminho-da-viagem-voluntaria-de-les-elfes-no-nepal","status":"publish","type":"post","link":"https:\/\/www.leselfes.com\/pt-br\/a-meio-caminho-da-viagem-voluntaria-de-les-elfes-no-nepal\/","title":{"rendered":"A meio caminho da viagem volunt\u00e1ria de Les Elfes no Nepal"},"content":{"rendered":"<h3><span style=\"color: #f68549;\">Viagem de voluntariado da Les Elfes \u00e0 Associa\u00e7\u00e3o Annapurna Nepal com Emma Cros e Andrew Robarts<\/span><\/h3>\n<h5>Chegada em Kathmandu<\/h5>\n<p>Nossa viagem ao Nepal come\u00e7ou no dia 21 de abril de 2015, quando partimos do aeroporto de Genebra e voamos para Katmandu via Istambul. Passamos os dois primeiros dias de nossa viagem em Katmandu, o que nos deu a oportunidade de organizar v\u00e1rias coisas, como telefones celulares, passagens de \u00f4nibus, roupas etc. Tamb\u00e9m tivemos a oportunidade de explorar a capital e visitar alguns dos locais mundialmente conhecidos da cidade, como a Durbar Square e o Swayambhunath (Templo do Macaco).  <\/p>\n<h5>Viagem para Pokhara<\/h5>\n<p>O dia 24 de abril come\u00e7ou bem cedo, com uma viagem de \u00f4nibus de 8 horas de Katmandu at\u00e9 a cidade de Pokhara, onde fica a Association Annapurna Nepal (AAN). Ao chegarmos a Pokhara, fomos recebidos por Milan, que \u00e9 o &#8220;pai do albergue&#8221; e respons\u00e1vel pelos eventos di\u00e1rios da AAN. Ele nos levou ao Hotel Elia, em Lakeside, Pokhara, que seria nossa casa pelas pr\u00f3ximas tr\u00eas semanas. Passamos o resto do dia desfazendo as malas e descobrindo o caminho enquanto explor\u00e1vamos as ruas ao redor de nossa nova casa.   <\/p>\n<h5>Boas-vindas calorosas das crian\u00e7as<\/h5>\n<p>Encontramos Milan em frente ao nosso hotel na manh\u00e3 seguinte e fomos com ele at\u00e9 a casa da Associa\u00e7\u00e3o, uma caminhada que levou cerca de 20 minutos. Ao chegarmos, recebemos uma recep\u00e7\u00e3o calorosa das crian\u00e7as da AAN, todas em casa, pois n\u00e3o h\u00e1 escola para elas aos s\u00e1bados. Fomos apresentados \u00e0s crian\u00e7as individualmente e passamos algum tempo conhecendo mais sobre cada uma delas. Depois disso, elas nos mostraram a casa e nos explicaram as tarefas di\u00e1rias, que consistem em v\u00e1rias coisas, como varrer, passar pano, buscar \u00e1gua e lavar a lou\u00e7a, para citar apenas algumas.   <\/p>\n<h5><span style=\"color: #f68549;\">O tr\u00e1gico terremoto<\/span><\/h5>\n<p>Depois que as tarefas foram conclu\u00eddas, entramos em um jogo competitivo de esconde-esconde com as crian\u00e7as, embora isso tenha sido interrompido, muito repentinamente, quando fomos atingidos pelo tr\u00e1gico terremoto que causou tantos danos ao pa\u00eds e ao seu povo. Todos n\u00f3s corremos para fora e encontramos um lugar seguro na rua, onde ficamos juntos enquanto o terremoto de 7,9 graus continuava a sacudir a terra ao nosso redor por mais de um minuto. Felizmente, n\u00e3o houve danos \u00e0 propriedade e, o que \u00e9 mais importante, nenhuma das crian\u00e7as foi ferida pelo desastre natural. Fomos aconselhados a n\u00e3o ficar dentro de casa, pois os tremores secund\u00e1rios continuaram a se espalhar pelo pa\u00eds, ent\u00e3o passamos o resto do dia trabalhando na horta, o que nos permitiu esquecer os eventos que haviam acabado de acontecer.<br \/>\n[one_half]\n<h5>A escola est\u00e1 fechada&#8230;<br \/>\n\u00c9 hora de jogos emocionantes&#8230; <\/h5>\n<p>O governo cancelou as aulas na semana seguinte, pois precisava de tempo para inspecionar os pr\u00e9dios escolares e ajudar as pessoas afetadas pelo terremoto. Isso significava que as crian\u00e7as ficariam em casa durante a semana, ent\u00e3o criamos uma s\u00e9rie de atividades diferentes para mant\u00ea-las ativas e entretidas durante esse per\u00edodo. Apresentamos \u00e0s crian\u00e7as alguns dos jogos cl\u00e1ssicos de Les Elfes, como: segurar o papel, cadeiras musicais, estourar bal\u00f5es, caneta na garrafa e passar a laranja. Para tornar esses jogos um pouco mais empolgantes, dividimos as crian\u00e7as em equipes e fizemos uma entrega de pr\u00eamios no final de cada dia, na qual distribu\u00edmos doces e chocolates, como pr\u00eamios, para as equipes vencedoras.   <\/p>\n<h5>Aprendizagem<\/h5>\n<p>Tamb\u00e9m organizamos algumas aulas diferentes, nas quais pudemos ensinar e discutir v\u00e1rios assuntos com as crian\u00e7as. Uma dessas aulas foi sobre terremotos. Nela, ensinamos \u00e0s crian\u00e7as como e por que os terremotos ocorrem e tamb\u00e9m fornecemos a elas uma plataforma para que compartilhassem seus pensamentos sobre toda a situa\u00e7\u00e3o e como se sentiram durante o terremoto. Outra aula foi focada em neg\u00f3cios e empreendedorismo. Depois de fornecer \u00e0s crian\u00e7as um pouco de teoria sobre neg\u00f3cios, n\u00f3s as dividimos em equipes e as desafiamos a criar uma nova ideia de neg\u00f3cio que elas pudessem administrar com efici\u00eancia no Nepal. As ideias eram muito impressionantes e ambas as equipes se destacaram em suas apresenta\u00e7\u00f5es, mas, no final do dia, apenas uma equipe poderia ser a vencedora e recebeu alguns pr\u00eamios bem merecidos.<\/p>\n<h5>Atividades ao ar livre<\/h5>\n<p>Uma grande parte da semana foi passada ao ar livre com as crian\u00e7as, pois tivemos a oportunidade de desfrutar de um clima glorioso. Passamos algum tempo arrumando e plantando algumas culturas novas na horta, bem como recolhendo folhas na floresta que s\u00e3o usadas para fazer adubo para a horta. Algumas tardes foram dedicadas a ensinar as crian\u00e7as mais novas a andar de bicicleta, enquanto a maioria das crian\u00e7as mais velhas nos mostrou que j\u00e1 dominava a arte de andar de bicicleta. Um dos destaques da semana foi um dia em que passamos caminhando por uma das muitas colinas que cercam Pokhara. No caminho para o topo, nos deparamos com uma fazenda de bichos-da-seda, onde passamos algum tempo investindo nos processos usados para produzir a seda. Ao chegarmos ao topo, passamos algum tempo jogando e, em seguida, come\u00e7amos a nos divertir com a arte, espalhando-nos e pintando a bela paisagem ao nosso redor. O dia foi encerrado com um piquenique fant\u00e1stico, que foi apreciado por todos antes de fazermos um passeio relaxante pela colina at\u00e9 a casa das crian\u00e7as.        [\/one_half] [one_half last=&#8221;last&#8221;]\n[\/one_half]\n<h5>A escola est\u00e1 aberta<\/h5>\n<p>A escola come\u00e7ou no dia 5 de maio; chegamos \u00e0 casa bem cedo para ajudar as crian\u00e7as a se prepararem para o dia. No entanto, n\u00e3o foi necess\u00e1ria muita ajuda, pois as crian\u00e7as estavam muito ansiosas para ir \u00e0 escola e compartilhar hist\u00f3rias sobre o terremoto e a semana de folga com os amigos. Todas estavam bem arrumadas em seus uniformes, com os livros prontos e as mochilas prontas, s\u00f3 faltava terminar o caf\u00e9 da manh\u00e3 e pegar o \u00f4nibus para a escola. Depois que eles sa\u00edram, arrumamos a casa e voltamos para a beira do lago para descansar e aproveitar o tempo livre ao redor do lago. Voltamos \u00e0 noite para ouvir as hist\u00f3rias das crian\u00e7as sobre o dia na escola e passamos a maior parte da noite ajudando-as com a li\u00e7\u00e3o de casa. Depois que a li\u00e7\u00e3o de casa foi conclu\u00edda, ficamos em frente \u00e0 televis\u00e3o por um tempo antes de saborear um Dal Bhat, uma deliciosa refei\u00e7\u00e3o tradicional nepalesa. Em seguida, desejamos uma boa noite \u00e0s crian\u00e7as e voltamos de bicicleta para o hotel para uma boa noite de descanso. O restante da semana escolar seguiu um padr\u00e3o semelhante, embora tamb\u00e9m tenhamos passado algum tempo trabalhando com Milan e seu irm\u00e3o Dhan em v\u00e1rias quest\u00f5es relacionadas ao terremoto. Eles decidiram que gostariam que a AAN ajudasse na ajuda humanit\u00e1ria do terremoto e fornecesse apoio \u00e0s pessoas que vivem nas \u00e1reas devastadas pelo terremoto. Passamos algum tempo colaborando com alguns e-mails que poderiam ser usados para aumentar a conscientiza\u00e7\u00e3o sobre a ajuda humanit\u00e1ria e fornecer \u00e0s pessoas informa\u00e7\u00f5es sobre como contribuir com doa\u00e7\u00f5es.      <\/p>\n[one_half]\n<h5>Ponto intermedi\u00e1rio da viagem<\/h5>\n<p>Chegamos \u00e0 metade de nossa estada no Nepal e j\u00e1 tiramos muito proveito dessa experi\u00eancia incr\u00edvel. O Nepal \u00e9 um pa\u00eds incr\u00edvel que tem muito a oferecer a voc\u00ea em v\u00e1rios aspectos. O pa\u00eds \u00e9 baseado em uma cultura que \u00e9 t\u00e3o envolvente que chega a ser esmagadora, e as pessoas est\u00e3o entre as mais amig\u00e1veis do mundo. Estamos ansiosos para aproveitar ao m\u00e1ximo o pouco tempo que nos resta no Nepal e compartilh\u00e1-lo com as incr\u00edveis crian\u00e7as que s\u00e3o o cora\u00e7\u00e3o e a alma da Association Annapurna Nepal.   <\/p>\n<h5>Informa\u00e7\u00f5es e agradecimentos especiais<\/h5>\n<p>Para obter mais informa\u00e7\u00f5es sobre a Association Annapurna Nepal, visite o site: www.annapurna.ch<br \/>\nSe voc\u00ea quiser contribuir para a ajuda \u00e0s Associa\u00e7\u00f5es em decorr\u00eancia do terremoto, entre em contato com Dhan Adhikari &#8211; asso.annapurna@gmail.com ou Milan Adhikari &#8211; milan.adhikari11@yahoo.com e eles fornecer\u00e3o mais informa\u00e7\u00f5es. Agradecemos imensamente \u00e0 Les Elfes e a Philippe, em particular, por nos proporcionar essa incr\u00edvel oportunidade de visitar o Nepal e causar um impacto positivo na vida das crian\u00e7as da Association Annapurna Nepal.<\/p>\n[\/one_half] [one_half last=&#8221;last&#8221;]\n[\/one_half]\n\n","protected":false},"excerpt":{"rendered":"<p>Viagem de voluntariado da Les Elfes \u00e0 Associa\u00e7\u00e3o Annapurna Nepal com Emma Cros e Andrew Robarts Chegada em Kathmandu Nossa viagem ao Nepal come\u00e7ou no dia 21 de abril de&#8230;<\/p>\n","protected":false},"author":6,"featured_media":70553,"comment_status":"closed","ping_status":"open","sticky":false,"template":"","format":"standard","meta":{"_acf_changed":false,"inline_featured_image":false,"footnotes":""},"categories":[1403,1404],"tags":[],"class_list":{"0":"post-90439","1":"post","2":"type-post","3":"status-publish","4":"format-standard","5":"has-post-thumbnail","7":"category-noticias-pt-br","8":"category-responsabilidade-social-pt-br"},"acf":[],"yoast_head":"<!-- This site is optimized with the Yoast SEO Premium plugin v24.2 (Yoast SEO v24.7) - https:\/\/yoast.com\/wordpress\/plugins\/seo\/ -->\n<title>A meio caminho da viagem volunt\u00e1ria de Les Elfes no Nepal - Les Elfes International Camps Switzerland<\/title>\n<meta name=\"robots\" content=\"index, follow, max-snippet:-1, max-image-preview:large, max-video-preview:-1\" \/>\n<link rel=\"canonical\" href=\"https:\/\/www.leselfes.com\/pt-br\/a-meio-caminho-da-viagem-voluntaria-de-les-elfes-no-nepal\/\" \/>\n<meta property=\"og:locale\" content=\"pt_BR\" \/>\n<meta property=\"og:type\" content=\"article\" \/>\n<meta property=\"og:title\" content=\"A meio caminho da viagem volunt\u00e1ria de Les Elfes no Nepal\" \/>\n<meta property=\"og:description\" content=\"Viagem de voluntariado da Les Elfes \u00e0 Associa\u00e7\u00e3o Annapurna Nepal com Emma Cros e Andrew Robarts Chegada em Kathmandu Nossa viagem ao Nepal come\u00e7ou no dia 21 de abril de...\" \/>\n<meta property=\"og:url\" content=\"https:\/\/www.leselfes.com\/pt-br\/a-meio-caminho-da-viagem-voluntaria-de-les-elfes-no-nepal\/\" \/>\n<meta property=\"og:site_name\" content=\"Les Elfes International Camps Switzerland\" \/>\n<meta property=\"article:publisher\" content=\"https:\/\/www.facebook.com\/LesElfesVerbier\" \/>\n<meta property=\"article:published_time\" content=\"2015-05-08T16:11:49+00:00\" \/>\n<meta property=\"article:modified_time\" content=\"2024-11-12T10:44:53+00:00\" \/>\n<meta property=\"og:image\" content=\"https:\/\/dev.leselfes.com\/wp-content\/uploads\/2015\/05\/40.jpg\" \/>\n\t<meta property=\"og:image:width\" content=\"1200\" \/>\n\t<meta property=\"og:image:height\" content=\"900\" \/>\n\t<meta property=\"og:image:type\" content=\"image\/jpeg\" \/>\n<meta name=\"author\" content=\"carlotta\" \/>\n<meta name=\"twitter:card\" content=\"summary_large_image\" \/>\n<meta name=\"twitter:creator\" content=\"@LesElfesCamps\" \/>\n<meta name=\"twitter:site\" content=\"@LesElfesCamps\" \/>\n<meta name=\"twitter:label1\" content=\"Escrito por\" \/>\n\t<meta name=\"twitter:data1\" content=\"carlotta\" \/>\n\t<meta name=\"twitter:label2\" content=\"Est. tempo de leitura\" \/>\n\t<meta name=\"twitter:data2\" content=\"7 minutos\" \/>\n<script type=\"application\/ld+json\" class=\"yoast-schema-graph\">{\"@context\":\"https:\/\/schema.org\",\"@graph\":[{\"@type\":\"Article\",\"@id\":\"https:\/\/www.leselfes.com\/pt-br\/a-meio-caminho-da-viagem-voluntaria-de-les-elfes-no-nepal\/#article\",\"isPartOf\":{\"@id\":\"https:\/\/www.leselfes.com\/pt-br\/a-meio-caminho-da-viagem-voluntaria-de-les-elfes-no-nepal\/\"},\"author\":{\"name\":\"carlotta\",\"@id\":\"https:\/\/dev.leselfes.com\/#\/schema\/person\/9e8c1c68ef43ed5c58fa46ac5d8ee338\"},\"headline\":\"A meio caminho da viagem volunt\u00e1ria de Les Elfes no Nepal\",\"datePublished\":\"2015-05-08T16:11:49+00:00\",\"dateModified\":\"2024-11-12T10:44:53+00:00\",\"mainEntityOfPage\":{\"@id\":\"https:\/\/www.leselfes.com\/pt-br\/a-meio-caminho-da-viagem-voluntaria-de-les-elfes-no-nepal\/\"},\"wordCount\":1440,\"publisher\":{\"@id\":\"https:\/\/dev.leselfes.com\/#organization\"},\"image\":{\"@id\":\"https:\/\/www.leselfes.com\/pt-br\/a-meio-caminho-da-viagem-voluntaria-de-les-elfes-no-nepal\/#primaryimage\"},\"thumbnailUrl\":\"https:\/\/www.leselfes.com\/wp-content\/uploads\/2015\/05\/40.jpg\",\"articleSection\":[\"Not\u00edcias\",\"Responsabilidade social\"],\"inLanguage\":\"pt-BR\"},{\"@type\":\"WebPage\",\"@id\":\"https:\/\/www.leselfes.com\/pt-br\/a-meio-caminho-da-viagem-voluntaria-de-les-elfes-no-nepal\/\",\"url\":\"https:\/\/www.leselfes.com\/pt-br\/a-meio-caminho-da-viagem-voluntaria-de-les-elfes-no-nepal\/\",\"name\":\"A meio caminho da viagem volunt\u00e1ria de Les Elfes no Nepal - Les Elfes International Camps Switzerland\",\"isPartOf\":{\"@id\":\"https:\/\/dev.leselfes.com\/#website\"},\"primaryImageOfPage\":{\"@id\":\"https:\/\/www.leselfes.com\/pt-br\/a-meio-caminho-da-viagem-voluntaria-de-les-elfes-no-nepal\/#primaryimage\"},\"image\":{\"@id\":\"https:\/\/www.leselfes.com\/pt-br\/a-meio-caminho-da-viagem-voluntaria-de-les-elfes-no-nepal\/#primaryimage\"},\"thumbnailUrl\":\"https:\/\/www.leselfes.com\/wp-content\/uploads\/2015\/05\/40.jpg\",\"datePublished\":\"2015-05-08T16:11:49+00:00\",\"dateModified\":\"2024-11-12T10:44:53+00:00\",\"breadcrumb\":{\"@id\":\"https:\/\/www.leselfes.com\/pt-br\/a-meio-caminho-da-viagem-voluntaria-de-les-elfes-no-nepal\/#breadcrumb\"},\"inLanguage\":\"pt-BR\",\"potentialAction\":[{\"@type\":\"ReadAction\",\"target\":[\"https:\/\/www.leselfes.com\/pt-br\/a-meio-caminho-da-viagem-voluntaria-de-les-elfes-no-nepal\/\"]}]},{\"@type\":\"ImageObject\",\"inLanguage\":\"pt-BR\",\"@id\":\"https:\/\/www.leselfes.com\/pt-br\/a-meio-caminho-da-viagem-voluntaria-de-les-elfes-no-nepal\/#primaryimage\",\"url\":\"https:\/\/www.leselfes.com\/wp-content\/uploads\/2015\/05\/40.jpg\",\"contentUrl\":\"https:\/\/www.leselfes.com\/wp-content\/uploads\/2015\/05\/40.jpg\",\"width\":1200,\"height\":900},{\"@type\":\"BreadcrumbList\",\"@id\":\"https:\/\/www.leselfes.com\/pt-br\/a-meio-caminho-da-viagem-voluntaria-de-les-elfes-no-nepal\/#breadcrumb\",\"itemListElement\":[{\"@type\":\"ListItem\",\"position\":1,\"name\":\"Home\",\"item\":\"https:\/\/www.leselfes.com\/pt-br\/\"},{\"@type\":\"ListItem\",\"position\":2,\"name\":\"A meio caminho da viagem volunt\u00e1ria de Les Elfes no Nepal\"}]},{\"@type\":\"WebSite\",\"@id\":\"https:\/\/dev.leselfes.com\/#website\",\"url\":\"https:\/\/dev.leselfes.com\/\",\"name\":\"Les Elfes International\",\"description\":\"Les Elfes International, Verbier Switzerland. Summer Camp, Winter Camp, Spring Camps.\",\"publisher\":{\"@id\":\"https:\/\/dev.leselfes.com\/#organization\"},\"alternateName\":\"Les Elfes International\",\"potentialAction\":[{\"@type\":\"SearchAction\",\"target\":{\"@type\":\"EntryPoint\",\"urlTemplate\":\"https:\/\/dev.leselfes.com\/?s={search_term_string}\"},\"query-input\":{\"@type\":\"PropertyValueSpecification\",\"valueRequired\":true,\"valueName\":\"search_term_string\"}}],\"inLanguage\":\"pt-BR\"},{\"@type\":\"Organization\",\"@id\":\"https:\/\/dev.leselfes.com\/#organization\",\"name\":\"Les Elfes International\",\"alternateName\":\"Les Elfes International\",\"url\":\"https:\/\/dev.leselfes.com\/\",\"logo\":{\"@type\":\"ImageObject\",\"inLanguage\":\"pt-BR\",\"@id\":\"https:\/\/dev.leselfes.com\/#\/schema\/logo\/image\/\",\"url\":\"https:\/\/www.leselfes.com\/wp-content\/uploads\/2022\/03\/leselfes-logo.png\",\"contentUrl\":\"https:\/\/www.leselfes.com\/wp-content\/uploads\/2022\/03\/leselfes-logo.png\",\"width\":233,\"height\":51,\"caption\":\"Les Elfes International\"},\"image\":{\"@id\":\"https:\/\/dev.leselfes.com\/#\/schema\/logo\/image\/\"},\"sameAs\":[\"https:\/\/www.facebook.com\/LesElfesVerbier\",\"https:\/\/x.com\/LesElfesCamps\",\"https:\/\/www.instagram.com\/leselfes\",\"https:\/\/www.linkedin.com\/company\/les-elfes-international\",\"https:\/\/www.youtube.com\/user\/LesElfesVerbier\"]},{\"@type\":\"Person\",\"@id\":\"https:\/\/dev.leselfes.com\/#\/schema\/person\/9e8c1c68ef43ed5c58fa46ac5d8ee338\",\"name\":\"carlotta\",\"image\":{\"@type\":\"ImageObject\",\"inLanguage\":\"pt-BR\",\"@id\":\"https:\/\/dev.leselfes.com\/#\/schema\/person\/image\/\",\"url\":\"https:\/\/secure.gravatar.com\/avatar\/fdb243a028df450397b3632d862f87f6?s=96&d=mm&r=g\",\"contentUrl\":\"https:\/\/secure.gravatar.com\/avatar\/fdb243a028df450397b3632d862f87f6?s=96&d=mm&r=g\",\"caption\":\"carlotta\"},\"description\":\"Since 1987, Les Elfes International organizes ski trips &amp; field trips for leading schools around the world as well as winter &amp; summer camps for individual students aged between 6 y.o. and 17 y.o. from more than 60 nationalities. Welcoming 5'000 children and more than 200 schools a year from December until the end of October, Les Elfes has become a leading provider in the individual and school\u2019s trip industry. Our Winter and Summer Camps, ski and field trips provide more than just great activities and experiences. We introduce lifelong skills such as communicating with others without phone or laptop and understanding the value of living in a community away from home. Moreover, campers will be able to build a strong friend network and fortify the relationship among future classmates.\",\"sameAs\":[\"https:\/\/www.linkedin.com\/company\/les-elfes-international\/\"],\"url\":\"https:\/\/www.leselfes.com\/pt-br\/author\/carlotta\/\"}]}<\/script>\n<!-- \/ Yoast SEO Premium plugin. -->","yoast_head_json":{"title":"A meio caminho da viagem volunt\u00e1ria de Les Elfes no Nepal - Les Elfes International Camps Switzerland","robots":{"index":"index","follow":"follow","max-snippet":"max-snippet:-1","max-image-preview":"max-image-preview:large","max-video-preview":"max-video-preview:-1"},"canonical":"https:\/\/www.leselfes.com\/pt-br\/a-meio-caminho-da-viagem-voluntaria-de-les-elfes-no-nepal\/","og_locale":"pt_BR","og_type":"article","og_title":"A meio caminho da viagem volunt\u00e1ria de Les Elfes no Nepal","og_description":"Viagem de voluntariado da Les Elfes \u00e0 Associa\u00e7\u00e3o Annapurna Nepal com Emma Cros e Andrew Robarts Chegada em Kathmandu Nossa viagem ao Nepal come\u00e7ou no dia 21 de abril de...","og_url":"https:\/\/www.leselfes.com\/pt-br\/a-meio-caminho-da-viagem-voluntaria-de-les-elfes-no-nepal\/","og_site_name":"Les Elfes International Camps Switzerland","article_publisher":"https:\/\/www.facebook.com\/LesElfesVerbier","article_published_time":"2015-05-08T16:11:49+00:00","article_modified_time":"2024-11-12T10:44:53+00:00","og_image":[{"width":1200,"height":900,"url":"https:\/\/dev.leselfes.com\/wp-content\/uploads\/2015\/05\/40.jpg","type":"image\/jpeg"}],"author":"carlotta","twitter_card":"summary_large_image","twitter_creator":"@LesElfesCamps","twitter_site":"@LesElfesCamps","twitter_misc":{"Escrito por":"carlotta","Est. tempo de leitura":"7 minutos"},"schema":{"@context":"https:\/\/schema.org","@graph":[{"@type":"Article","@id":"https:\/\/www.leselfes.com\/pt-br\/a-meio-caminho-da-viagem-voluntaria-de-les-elfes-no-nepal\/#article","isPartOf":{"@id":"https:\/\/www.leselfes.com\/pt-br\/a-meio-caminho-da-viagem-voluntaria-de-les-elfes-no-nepal\/"},"author":{"name":"carlotta","@id":"https:\/\/dev.leselfes.com\/#\/schema\/person\/9e8c1c68ef43ed5c58fa46ac5d8ee338"},"headline":"A meio caminho da viagem volunt\u00e1ria de Les Elfes no Nepal","datePublished":"2015-05-08T16:11:49+00:00","dateModified":"2024-11-12T10:44:53+00:00","mainEntityOfPage":{"@id":"https:\/\/www.leselfes.com\/pt-br\/a-meio-caminho-da-viagem-voluntaria-de-les-elfes-no-nepal\/"},"wordCount":1440,"publisher":{"@id":"https:\/\/dev.leselfes.com\/#organization"},"image":{"@id":"https:\/\/www.leselfes.com\/pt-br\/a-meio-caminho-da-viagem-voluntaria-de-les-elfes-no-nepal\/#primaryimage"},"thumbnailUrl":"https:\/\/www.leselfes.com\/wp-content\/uploads\/2015\/05\/40.jpg","articleSection":["Not\u00edcias","Responsabilidade social"],"inLanguage":"pt-BR"},{"@type":"WebPage","@id":"https:\/\/www.leselfes.com\/pt-br\/a-meio-caminho-da-viagem-voluntaria-de-les-elfes-no-nepal\/","url":"https:\/\/www.leselfes.com\/pt-br\/a-meio-caminho-da-viagem-voluntaria-de-les-elfes-no-nepal\/","name":"A meio caminho da viagem volunt\u00e1ria de Les Elfes no Nepal - Les Elfes International Camps Switzerland","isPartOf":{"@id":"https:\/\/dev.leselfes.com\/#website"},"primaryImageOfPage":{"@id":"https:\/\/www.leselfes.com\/pt-br\/a-meio-caminho-da-viagem-voluntaria-de-les-elfes-no-nepal\/#primaryimage"},"image":{"@id":"https:\/\/www.leselfes.com\/pt-br\/a-meio-caminho-da-viagem-voluntaria-de-les-elfes-no-nepal\/#primaryimage"},"thumbnailUrl":"https:\/\/www.leselfes.com\/wp-content\/uploads\/2015\/05\/40.jpg","datePublished":"2015-05-08T16:11:49+00:00","dateModified":"2024-11-12T10:44:53+00:00","breadcrumb":{"@id":"https:\/\/www.leselfes.com\/pt-br\/a-meio-caminho-da-viagem-voluntaria-de-les-elfes-no-nepal\/#breadcrumb"},"inLanguage":"pt-BR","potentialAction":[{"@type":"ReadAction","target":["https:\/\/www.leselfes.com\/pt-br\/a-meio-caminho-da-viagem-voluntaria-de-les-elfes-no-nepal\/"]}]},{"@type":"ImageObject","inLanguage":"pt-BR","@id":"https:\/\/www.leselfes.com\/pt-br\/a-meio-caminho-da-viagem-voluntaria-de-les-elfes-no-nepal\/#primaryimage","url":"https:\/\/www.leselfes.com\/wp-content\/uploads\/2015\/05\/40.jpg","contentUrl":"https:\/\/www.leselfes.com\/wp-content\/uploads\/2015\/05\/40.jpg","width":1200,"height":900},{"@type":"BreadcrumbList","@id":"https:\/\/www.leselfes.com\/pt-br\/a-meio-caminho-da-viagem-voluntaria-de-les-elfes-no-nepal\/#breadcrumb","itemListElement":[{"@type":"ListItem","position":1,"name":"Home","item":"https:\/\/www.leselfes.com\/pt-br\/"},{"@type":"ListItem","position":2,"name":"A meio caminho da viagem volunt\u00e1ria de Les Elfes no Nepal"}]},{"@type":"WebSite","@id":"https:\/\/dev.leselfes.com\/#website","url":"https:\/\/dev.leselfes.com\/","name":"Les Elfes International","description":"Les Elfes International, Verbier Switzerland. Summer Camp, Winter Camp, Spring Camps.","publisher":{"@id":"https:\/\/dev.leselfes.com\/#organization"},"alternateName":"Les Elfes International","potentialAction":[{"@type":"SearchAction","target":{"@type":"EntryPoint","urlTemplate":"https:\/\/dev.leselfes.com\/?s={search_term_string}"},"query-input":{"@type":"PropertyValueSpecification","valueRequired":true,"valueName":"search_term_string"}}],"inLanguage":"pt-BR"},{"@type":"Organization","@id":"https:\/\/dev.leselfes.com\/#organization","name":"Les Elfes International","alternateName":"Les Elfes International","url":"https:\/\/dev.leselfes.com\/","logo":{"@type":"ImageObject","inLanguage":"pt-BR","@id":"https:\/\/dev.leselfes.com\/#\/schema\/logo\/image\/","url":"https:\/\/www.leselfes.com\/wp-content\/uploads\/2022\/03\/leselfes-logo.png","contentUrl":"https:\/\/www.leselfes.com\/wp-content\/uploads\/2022\/03\/leselfes-logo.png","width":233,"height":51,"caption":"Les Elfes International"},"image":{"@id":"https:\/\/dev.leselfes.com\/#\/schema\/logo\/image\/"},"sameAs":["https:\/\/www.facebook.com\/LesElfesVerbier","https:\/\/x.com\/LesElfesCamps","https:\/\/www.instagram.com\/leselfes","https:\/\/www.linkedin.com\/company\/les-elfes-international","https:\/\/www.youtube.com\/user\/LesElfesVerbier"]},{"@type":"Person","@id":"https:\/\/dev.leselfes.com\/#\/schema\/person\/9e8c1c68ef43ed5c58fa46ac5d8ee338","name":"carlotta","image":{"@type":"ImageObject","inLanguage":"pt-BR","@id":"https:\/\/dev.leselfes.com\/#\/schema\/person\/image\/","url":"https:\/\/secure.gravatar.com\/avatar\/fdb243a028df450397b3632d862f87f6?s=96&d=mm&r=g","contentUrl":"https:\/\/secure.gravatar.com\/avatar\/fdb243a028df450397b3632d862f87f6?s=96&d=mm&r=g","caption":"carlotta"},"description":"Since 1987, Les Elfes International organizes ski trips &amp; field trips for leading schools around the world as well as winter &amp; summer camps for individual students aged between 6 y.o. and 17 y.o. from more than 60 nationalities. Welcoming 5'000 children and more than 200 schools a year from December until the end of October, Les Elfes has become a leading provider in the individual and school\u2019s trip industry. Our Winter and Summer Camps, ski and field trips provide more than just great activities and experiences. We introduce lifelong skills such as communicating with others without phone or laptop and understanding the value of living in a community away from home. Moreover, campers will be able to build a strong friend network and fortify the relationship among future classmates.","sameAs":["https:\/\/www.linkedin.com\/company\/les-elfes-international\/"],"url":"https:\/\/www.leselfes.com\/pt-br\/author\/carlotta\/"}]}},"_links":{"self":[{"href":"https:\/\/www.leselfes.com\/pt-br\/wp-json\/wp\/v2\/posts\/90439"}],"collection":[{"href":"https:\/\/www.leselfes.com\/pt-br\/wp-json\/wp\/v2\/posts"}],"about":[{"href":"https:\/\/www.leselfes.com\/pt-br\/wp-json\/wp\/v2\/types\/post"}],"author":[{"embeddable":true,"href":"https:\/\/www.leselfes.com\/pt-br\/wp-json\/wp\/v2\/users\/6"}],"replies":[{"embeddable":true,"href":"https:\/\/www.leselfes.com\/pt-br\/wp-json\/wp\/v2\/comments?post=90439"}],"version-history":[{"count":0,"href":"https:\/\/www.leselfes.com\/pt-br\/wp-json\/wp\/v2\/posts\/90439\/revisions"}],"wp:featuredmedia":[{"embeddable":true,"href":"https:\/\/www.leselfes.com\/pt-br\/wp-json\/wp\/v2\/media\/70553"}],"wp:attachment":[{"href":"https:\/\/www.leselfes.com\/pt-br\/wp-json\/wp\/v2\/media?parent=90439"}],"wp:term":[{"taxonomy":"category","embeddable":true,"href":"https:\/\/www.leselfes.com\/pt-br\/wp-json\/wp\/v2\/categories?post=90439"},{"taxonomy":"post_tag","embeddable":true,"href":"https:\/\/www.leselfes.com\/pt-br\/wp-json\/wp\/v2\/tags?post=90439"}],"curies":[{"name":"wp","href":"https:\/\/api.w.org\/{rel}","templated":true}]}}