{"id":90466,"date":"2012-12-13T10:56:49","date_gmt":"2012-12-13T09:56:49","guid":{"rendered":"https:\/\/www.leselfes.com\/condicoes-climaticas-na-suica-durante-o-verao\/"},"modified":"2024-11-12T11:45:26","modified_gmt":"2024-11-12T10:45:26","slug":"condicoes-climaticas-na-suica-durante-o-verao","status":"publish","type":"post","link":"https:\/\/www.leselfes.com\/pt-br\/condicoes-climaticas-na-suica-durante-o-verao\/","title":{"rendered":"Condi\u00e7\u00f5es clim\u00e1ticas na Su\u00ed\u00e7a durante o ver\u00e3o"},"content":{"rendered":"<p>&nbsp;<\/p>\n<p style=\"text-align: justify;\"><strong><span class=\"Apple-style-span\" style=\"font-weight: normal;\">Sim, isso merece uma men\u00e7\u00e3o especial!<\/span><\/strong><\/p>\n<p style=\"text-align: justify;\">Algumas pessoas imaginam que a Su\u00ed\u00e7a \u00e9 t\u00e3o fria quanto o Alasca, mas isso est\u00e1 longe de ser verdade.<br \/>\nNa plan\u00edcie, as temperaturas podem chegar a 30\u00baC (86\u00baF) no ver\u00e3o, e mesmo nas montanhas o sol \u00e9 quente. <\/p>\n<p style=\"text-align: justify;\">O clima na Su\u00ed\u00e7a varia muito entre os diferentes lugares.<\/p>\n<p style=\"text-align: justify;\">Cerca de 20% da cadeia montanhosa dos Alpes da Europa est\u00e1 na Su\u00ed\u00e7a.<br \/>\nH\u00e1 cerca de 100 picos pr\u00f3ximos ou acima de 4.000 m acima do n\u00edvel do mar.<br \/>\nA \u00e1rea dos Alpes cobre cerca de 60% do pa\u00eds.  <\/p>\n<p style=\"text-align: justify;\">Os Alpes su\u00ed\u00e7os atuam como uma divis\u00e3o natural entre o clima temperado do norte da Europa e o clima mediterr\u00e2neo da It\u00e1lia ao sul.<br \/>\nO impacto dessa divis\u00e3o pode ser sentido dentro da pr\u00f3pria Su\u00ed\u00e7a, apesar de ser um pa\u00eds relativamente pequeno.<\/p>\n<p style=\"text-align: justify;\">Nossos campi est\u00e3o localizados no sul dos Alpes, no cant\u00e3o de Valais.<br \/>\nO cant\u00e3o de Valais se orgulha de ter a maior quantidade de sol da Su\u00ed\u00e7a e est\u00e1 situado no sudoeste do pa\u00eds. <\/p>\n<p style=\"text-align: justify;\">A regi\u00e3o de Valais tem um microclima e \u00e9 famosa por ser um pouco &#8220;mediterr\u00e2nea&#8221; durante os <a href=\"https:\/\/www.leselfes.com\/pt-br\/acampamento-de-verao\/\">meses de ver\u00e3o<\/a>, quando \u00e9 comum que a temperatura diurna em Sion seja em m\u00e9dia de 25 a 35\u00b0C de junho a setembro. Retornar \u00e0 montanha para Verbier ou La Tzoumaz \u00e9 sempre um prazer, pois a temperatura \u00e9 geralmente de 5 a 7\u00b0C mais fria. <\/p>\n<p style=\"text-align: justify;\">O Valais tem mais de 300 dias de sol por ano. Dependendo da regi\u00e3o, o Valais promete aos h\u00f3spedes mais de 2.000 horas de sol por ano &#8211; at\u00e9 mais do que o ponto mais ao sul da Su\u00ed\u00e7a.<br \/>\nComo isso \u00e9 poss\u00edvel? Gra\u00e7as aos Alpes Valaisanos e Berneses, que, como uma barreira, separam o vale intermedi\u00e1rio do R\u00f3dano e v\u00e1rios vales laterais das condi\u00e7\u00f5es \u00famidas que geralmente prevalecem nas esferas mais ao norte ou ao sul. As nuvens de chuva geralmente sobem antes dessas barreiras, deixando os ventos remanescentes penetrarem no Valais na forma do vento seco e quente &#8220;F\u00f6hn&#8221;, que confere \u00e0 regi\u00e3o um clima semelhante ao mediterr\u00e2neo.   <\/p>\n<p style=\"text-align: justify;\">A precipita\u00e7\u00e3o \u00e9 distribu\u00edda ao longo de todo o ano.<br \/>\nDe junho a agosto, a chuva geralmente vem na forma de tempestades. <\/p>\n","protected":false},"excerpt":{"rendered":"<p>&nbsp; Sim, isso merece uma men\u00e7\u00e3o especial! Algumas pessoas imaginam que a Su\u00ed\u00e7a \u00e9 t\u00e3o fria quanto o Alasca, mas isso est\u00e1 longe de ser verdade. Na plan\u00edcie, as temperaturas&#8230;<\/p>\n","protected":false},"author":6,"featured_media":85297,"comment_status":"closed","ping_status":"open","sticky":false,"template":"","format":"standard","meta":{"_acf_changed":false,"inline_featured_image":false,"footnotes":""},"categories":[1369],"tags":[],"class_list":{"0":"post-90466","1":"post","2":"type-post","3":"status-publish","4":"format-standard","5":"has-post-thumbnail","7":"category-acampamento-de-verao-pt-br"},"acf":[],"yoast_head":"<!-- This site is optimized with the Yoast SEO Premium plugin v24.2 (Yoast SEO v24.7) - https:\/\/yoast.com\/wordpress\/plugins\/seo\/ -->\n<title>Condi\u00e7\u00f5es clim\u00e1ticas na Su\u00ed\u00e7a durante o ver\u00e3o - Les Elfes International Camps Switzerland<\/title>\n<meta name=\"description\" content=\"Descubra as condi\u00e7\u00f5es clim\u00e1ticas na Su\u00ed\u00e7a durante o ver\u00e3o e a melhor \u00e9poca para visitar o pa\u00eds e ter uma experi\u00eancia perfeita no ver\u00e3o su\u00ed\u00e7o\" \/>\n<meta name=\"robots\" content=\"index, follow, max-snippet:-1, max-image-preview:large, max-video-preview:-1\" \/>\n<link rel=\"canonical\" href=\"https:\/\/www.leselfes.com\/pt-br\/condicoes-climaticas-na-suica-durante-o-verao\/\" \/>\n<meta property=\"og:locale\" content=\"pt_BR\" \/>\n<meta property=\"og:type\" content=\"article\" \/>\n<meta property=\"og:title\" content=\"Condi\u00e7\u00f5es clim\u00e1ticas na Su\u00ed\u00e7a durante o ver\u00e3o\" \/>\n<meta property=\"og:description\" content=\"Descubra as condi\u00e7\u00f5es clim\u00e1ticas na Su\u00ed\u00e7a durante o ver\u00e3o e a melhor \u00e9poca para visitar o pa\u00eds e ter uma experi\u00eancia perfeita no ver\u00e3o su\u00ed\u00e7o\" \/>\n<meta property=\"og:url\" content=\"https:\/\/www.leselfes.com\/pt-br\/condicoes-climaticas-na-suica-durante-o-verao\/\" \/>\n<meta property=\"og:site_name\" content=\"Les Elfes International Camps Switzerland\" \/>\n<meta property=\"article:publisher\" content=\"https:\/\/www.facebook.com\/LesElfesVerbier\" \/>\n<meta property=\"article:published_time\" content=\"2012-12-13T09:56:49+00:00\" \/>\n<meta property=\"article:modified_time\" content=\"2024-11-12T10:45:26+00:00\" \/>\n<meta property=\"og:image\" content=\"https:\/\/dev.leselfes.com\/wp-content\/uploads\/2024\/03\/AdobeStock_187254659.png\" \/>\n\t<meta property=\"og:image:width\" content=\"763\" \/>\n\t<meta property=\"og:image:height\" content=\"511\" \/>\n\t<meta property=\"og:image:type\" content=\"image\/png\" \/>\n<meta name=\"author\" content=\"carlotta\" \/>\n<meta name=\"twitter:card\" content=\"summary_large_image\" \/>\n<meta name=\"twitter:creator\" content=\"@LesElfesCamps\" \/>\n<meta name=\"twitter:site\" content=\"@LesElfesCamps\" \/>\n<meta name=\"twitter:label1\" content=\"Escrito por\" \/>\n\t<meta name=\"twitter:data1\" content=\"carlotta\" \/>\n\t<meta name=\"twitter:label2\" content=\"Est. tempo de leitura\" \/>\n\t<meta name=\"twitter:data2\" content=\"2 minutos\" \/>\n<script type=\"application\/ld+json\" class=\"yoast-schema-graph\">{\"@context\":\"https:\/\/schema.org\",\"@graph\":[{\"@type\":\"Article\",\"@id\":\"https:\/\/www.leselfes.com\/pt-br\/condicoes-climaticas-na-suica-durante-o-verao\/#article\",\"isPartOf\":{\"@id\":\"https:\/\/www.leselfes.com\/pt-br\/condicoes-climaticas-na-suica-durante-o-verao\/\"},\"author\":{\"name\":\"carlotta\",\"@id\":\"https:\/\/dev.leselfes.com\/#\/schema\/person\/9e8c1c68ef43ed5c58fa46ac5d8ee338\"},\"headline\":\"Condi\u00e7\u00f5es clim\u00e1ticas na Su\u00ed\u00e7a durante o ver\u00e3o\",\"datePublished\":\"2012-12-13T09:56:49+00:00\",\"dateModified\":\"2024-11-12T10:45:26+00:00\",\"mainEntityOfPage\":{\"@id\":\"https:\/\/www.leselfes.com\/pt-br\/condicoes-climaticas-na-suica-durante-o-verao\/\"},\"wordCount\":399,\"publisher\":{\"@id\":\"https:\/\/dev.leselfes.com\/#organization\"},\"image\":{\"@id\":\"https:\/\/www.leselfes.com\/pt-br\/condicoes-climaticas-na-suica-durante-o-verao\/#primaryimage\"},\"thumbnailUrl\":\"https:\/\/www.leselfes.com\/wp-content\/uploads\/2024\/03\/AdobeStock_187254659.png\",\"articleSection\":[\"Acampamento de ver\u00e3o\"],\"inLanguage\":\"pt-BR\"},{\"@type\":\"WebPage\",\"@id\":\"https:\/\/www.leselfes.com\/pt-br\/condicoes-climaticas-na-suica-durante-o-verao\/\",\"url\":\"https:\/\/www.leselfes.com\/pt-br\/condicoes-climaticas-na-suica-durante-o-verao\/\",\"name\":\"Condi\u00e7\u00f5es clim\u00e1ticas na Su\u00ed\u00e7a durante o ver\u00e3o - Les Elfes International Camps Switzerland\",\"isPartOf\":{\"@id\":\"https:\/\/dev.leselfes.com\/#website\"},\"primaryImageOfPage\":{\"@id\":\"https:\/\/www.leselfes.com\/pt-br\/condicoes-climaticas-na-suica-durante-o-verao\/#primaryimage\"},\"image\":{\"@id\":\"https:\/\/www.leselfes.com\/pt-br\/condicoes-climaticas-na-suica-durante-o-verao\/#primaryimage\"},\"thumbnailUrl\":\"https:\/\/www.leselfes.com\/wp-content\/uploads\/2024\/03\/AdobeStock_187254659.png\",\"datePublished\":\"2012-12-13T09:56:49+00:00\",\"dateModified\":\"2024-11-12T10:45:26+00:00\",\"description\":\"Descubra as condi\u00e7\u00f5es clim\u00e1ticas na Su\u00ed\u00e7a durante o ver\u00e3o e a melhor \u00e9poca para visitar o pa\u00eds e ter uma experi\u00eancia perfeita no ver\u00e3o su\u00ed\u00e7o\",\"breadcrumb\":{\"@id\":\"https:\/\/www.leselfes.com\/pt-br\/condicoes-climaticas-na-suica-durante-o-verao\/#breadcrumb\"},\"inLanguage\":\"pt-BR\",\"potentialAction\":[{\"@type\":\"ReadAction\",\"target\":[\"https:\/\/www.leselfes.com\/pt-br\/condicoes-climaticas-na-suica-durante-o-verao\/\"]}]},{\"@type\":\"ImageObject\",\"inLanguage\":\"pt-BR\",\"@id\":\"https:\/\/www.leselfes.com\/pt-br\/condicoes-climaticas-na-suica-durante-o-verao\/#primaryimage\",\"url\":\"https:\/\/www.leselfes.com\/wp-content\/uploads\/2024\/03\/AdobeStock_187254659.png\",\"contentUrl\":\"https:\/\/www.leselfes.com\/wp-content\/uploads\/2024\/03\/AdobeStock_187254659.png\",\"width\":763,\"height\":511},{\"@type\":\"BreadcrumbList\",\"@id\":\"https:\/\/www.leselfes.com\/pt-br\/condicoes-climaticas-na-suica-durante-o-verao\/#breadcrumb\",\"itemListElement\":[{\"@type\":\"ListItem\",\"position\":1,\"name\":\"Home\",\"item\":\"https:\/\/www.leselfes.com\/pt-br\/\"},{\"@type\":\"ListItem\",\"position\":2,\"name\":\"Condi\u00e7\u00f5es clim\u00e1ticas na Su\u00ed\u00e7a durante o ver\u00e3o\"}]},{\"@type\":\"WebSite\",\"@id\":\"https:\/\/dev.leselfes.com\/#website\",\"url\":\"https:\/\/dev.leselfes.com\/\",\"name\":\"Les Elfes International\",\"description\":\"Les Elfes International, Verbier Switzerland. Summer Camp, Winter Camp, Spring Camps.\",\"publisher\":{\"@id\":\"https:\/\/dev.leselfes.com\/#organization\"},\"alternateName\":\"Les Elfes International\",\"potentialAction\":[{\"@type\":\"SearchAction\",\"target\":{\"@type\":\"EntryPoint\",\"urlTemplate\":\"https:\/\/dev.leselfes.com\/?s={search_term_string}\"},\"query-input\":{\"@type\":\"PropertyValueSpecification\",\"valueRequired\":true,\"valueName\":\"search_term_string\"}}],\"inLanguage\":\"pt-BR\"},{\"@type\":\"Organization\",\"@id\":\"https:\/\/dev.leselfes.com\/#organization\",\"name\":\"Les Elfes International\",\"alternateName\":\"Les Elfes International\",\"url\":\"https:\/\/dev.leselfes.com\/\",\"logo\":{\"@type\":\"ImageObject\",\"inLanguage\":\"pt-BR\",\"@id\":\"https:\/\/dev.leselfes.com\/#\/schema\/logo\/image\/\",\"url\":\"https:\/\/www.leselfes.com\/wp-content\/uploads\/2022\/03\/leselfes-logo.png\",\"contentUrl\":\"https:\/\/www.leselfes.com\/wp-content\/uploads\/2022\/03\/leselfes-logo.png\",\"width\":233,\"height\":51,\"caption\":\"Les Elfes International\"},\"image\":{\"@id\":\"https:\/\/dev.leselfes.com\/#\/schema\/logo\/image\/\"},\"sameAs\":[\"https:\/\/www.facebook.com\/LesElfesVerbier\",\"https:\/\/x.com\/LesElfesCamps\",\"https:\/\/www.instagram.com\/leselfes\",\"https:\/\/www.linkedin.com\/company\/les-elfes-international\",\"https:\/\/www.youtube.com\/user\/LesElfesVerbier\"]},{\"@type\":\"Person\",\"@id\":\"https:\/\/dev.leselfes.com\/#\/schema\/person\/9e8c1c68ef43ed5c58fa46ac5d8ee338\",\"name\":\"carlotta\",\"image\":{\"@type\":\"ImageObject\",\"inLanguage\":\"pt-BR\",\"@id\":\"https:\/\/dev.leselfes.com\/#\/schema\/person\/image\/\",\"url\":\"https:\/\/secure.gravatar.com\/avatar\/fdb243a028df450397b3632d862f87f6?s=96&d=mm&r=g\",\"contentUrl\":\"https:\/\/secure.gravatar.com\/avatar\/fdb243a028df450397b3632d862f87f6?s=96&d=mm&r=g\",\"caption\":\"carlotta\"},\"description\":\"Since 1987, Les Elfes International organizes ski trips &amp; field trips for leading schools around the world as well as winter &amp; summer camps for individual students aged between 6 y.o. and 17 y.o. from more than 60 nationalities. Welcoming 5'000 children and more than 200 schools a year from December until the end of October, Les Elfes has become a leading provider in the individual and school\u2019s trip industry. Our Winter and Summer Camps, ski and field trips provide more than just great activities and experiences. We introduce lifelong skills such as communicating with others without phone or laptop and understanding the value of living in a community away from home. Moreover, campers will be able to build a strong friend network and fortify the relationship among future classmates.\",\"sameAs\":[\"https:\/\/www.linkedin.com\/company\/les-elfes-international\/\"],\"url\":\"https:\/\/www.leselfes.com\/pt-br\/author\/carlotta\/\"}]}<\/script>\n<!-- \/ Yoast SEO Premium plugin. -->","yoast_head_json":{"title":"Condi\u00e7\u00f5es clim\u00e1ticas na Su\u00ed\u00e7a durante o ver\u00e3o - Les Elfes International Camps Switzerland","description":"Descubra as condi\u00e7\u00f5es clim\u00e1ticas na Su\u00ed\u00e7a durante o ver\u00e3o e a melhor \u00e9poca para visitar o pa\u00eds e ter uma experi\u00eancia perfeita no ver\u00e3o su\u00ed\u00e7o","robots":{"index":"index","follow":"follow","max-snippet":"max-snippet:-1","max-image-preview":"max-image-preview:large","max-video-preview":"max-video-preview:-1"},"canonical":"https:\/\/www.leselfes.com\/pt-br\/condicoes-climaticas-na-suica-durante-o-verao\/","og_locale":"pt_BR","og_type":"article","og_title":"Condi\u00e7\u00f5es clim\u00e1ticas na Su\u00ed\u00e7a durante o ver\u00e3o","og_description":"Descubra as condi\u00e7\u00f5es clim\u00e1ticas na Su\u00ed\u00e7a durante o ver\u00e3o e a melhor \u00e9poca para visitar o pa\u00eds e ter uma experi\u00eancia perfeita no ver\u00e3o su\u00ed\u00e7o","og_url":"https:\/\/www.leselfes.com\/pt-br\/condicoes-climaticas-na-suica-durante-o-verao\/","og_site_name":"Les Elfes International Camps Switzerland","article_publisher":"https:\/\/www.facebook.com\/LesElfesVerbier","article_published_time":"2012-12-13T09:56:49+00:00","article_modified_time":"2024-11-12T10:45:26+00:00","og_image":[{"width":763,"height":511,"url":"https:\/\/dev.leselfes.com\/wp-content\/uploads\/2024\/03\/AdobeStock_187254659.png","type":"image\/png"}],"author":"carlotta","twitter_card":"summary_large_image","twitter_creator":"@LesElfesCamps","twitter_site":"@LesElfesCamps","twitter_misc":{"Escrito por":"carlotta","Est. tempo de leitura":"2 minutos"},"schema":{"@context":"https:\/\/schema.org","@graph":[{"@type":"Article","@id":"https:\/\/www.leselfes.com\/pt-br\/condicoes-climaticas-na-suica-durante-o-verao\/#article","isPartOf":{"@id":"https:\/\/www.leselfes.com\/pt-br\/condicoes-climaticas-na-suica-durante-o-verao\/"},"author":{"name":"carlotta","@id":"https:\/\/dev.leselfes.com\/#\/schema\/person\/9e8c1c68ef43ed5c58fa46ac5d8ee338"},"headline":"Condi\u00e7\u00f5es clim\u00e1ticas na Su\u00ed\u00e7a durante o ver\u00e3o","datePublished":"2012-12-13T09:56:49+00:00","dateModified":"2024-11-12T10:45:26+00:00","mainEntityOfPage":{"@id":"https:\/\/www.leselfes.com\/pt-br\/condicoes-climaticas-na-suica-durante-o-verao\/"},"wordCount":399,"publisher":{"@id":"https:\/\/dev.leselfes.com\/#organization"},"image":{"@id":"https:\/\/www.leselfes.com\/pt-br\/condicoes-climaticas-na-suica-durante-o-verao\/#primaryimage"},"thumbnailUrl":"https:\/\/www.leselfes.com\/wp-content\/uploads\/2024\/03\/AdobeStock_187254659.png","articleSection":["Acampamento de ver\u00e3o"],"inLanguage":"pt-BR"},{"@type":"WebPage","@id":"https:\/\/www.leselfes.com\/pt-br\/condicoes-climaticas-na-suica-durante-o-verao\/","url":"https:\/\/www.leselfes.com\/pt-br\/condicoes-climaticas-na-suica-durante-o-verao\/","name":"Condi\u00e7\u00f5es clim\u00e1ticas na Su\u00ed\u00e7a durante o ver\u00e3o - Les Elfes International Camps Switzerland","isPartOf":{"@id":"https:\/\/dev.leselfes.com\/#website"},"primaryImageOfPage":{"@id":"https:\/\/www.leselfes.com\/pt-br\/condicoes-climaticas-na-suica-durante-o-verao\/#primaryimage"},"image":{"@id":"https:\/\/www.leselfes.com\/pt-br\/condicoes-climaticas-na-suica-durante-o-verao\/#primaryimage"},"thumbnailUrl":"https:\/\/www.leselfes.com\/wp-content\/uploads\/2024\/03\/AdobeStock_187254659.png","datePublished":"2012-12-13T09:56:49+00:00","dateModified":"2024-11-12T10:45:26+00:00","description":"Descubra as condi\u00e7\u00f5es clim\u00e1ticas na Su\u00ed\u00e7a durante o ver\u00e3o e a melhor \u00e9poca para visitar o pa\u00eds e ter uma experi\u00eancia perfeita no ver\u00e3o su\u00ed\u00e7o","breadcrumb":{"@id":"https:\/\/www.leselfes.com\/pt-br\/condicoes-climaticas-na-suica-durante-o-verao\/#breadcrumb"},"inLanguage":"pt-BR","potentialAction":[{"@type":"ReadAction","target":["https:\/\/www.leselfes.com\/pt-br\/condicoes-climaticas-na-suica-durante-o-verao\/"]}]},{"@type":"ImageObject","inLanguage":"pt-BR","@id":"https:\/\/www.leselfes.com\/pt-br\/condicoes-climaticas-na-suica-durante-o-verao\/#primaryimage","url":"https:\/\/www.leselfes.com\/wp-content\/uploads\/2024\/03\/AdobeStock_187254659.png","contentUrl":"https:\/\/www.leselfes.com\/wp-content\/uploads\/2024\/03\/AdobeStock_187254659.png","width":763,"height":511},{"@type":"BreadcrumbList","@id":"https:\/\/www.leselfes.com\/pt-br\/condicoes-climaticas-na-suica-durante-o-verao\/#breadcrumb","itemListElement":[{"@type":"ListItem","position":1,"name":"Home","item":"https:\/\/www.leselfes.com\/pt-br\/"},{"@type":"ListItem","position":2,"name":"Condi\u00e7\u00f5es clim\u00e1ticas na Su\u00ed\u00e7a durante o ver\u00e3o"}]},{"@type":"WebSite","@id":"https:\/\/dev.leselfes.com\/#website","url":"https:\/\/dev.leselfes.com\/","name":"Les Elfes International","description":"Les Elfes International, Verbier Switzerland. Summer Camp, Winter Camp, Spring Camps.","publisher":{"@id":"https:\/\/dev.leselfes.com\/#organization"},"alternateName":"Les Elfes International","potentialAction":[{"@type":"SearchAction","target":{"@type":"EntryPoint","urlTemplate":"https:\/\/dev.leselfes.com\/?s={search_term_string}"},"query-input":{"@type":"PropertyValueSpecification","valueRequired":true,"valueName":"search_term_string"}}],"inLanguage":"pt-BR"},{"@type":"Organization","@id":"https:\/\/dev.leselfes.com\/#organization","name":"Les Elfes International","alternateName":"Les Elfes International","url":"https:\/\/dev.leselfes.com\/","logo":{"@type":"ImageObject","inLanguage":"pt-BR","@id":"https:\/\/dev.leselfes.com\/#\/schema\/logo\/image\/","url":"https:\/\/www.leselfes.com\/wp-content\/uploads\/2022\/03\/leselfes-logo.png","contentUrl":"https:\/\/www.leselfes.com\/wp-content\/uploads\/2022\/03\/leselfes-logo.png","width":233,"height":51,"caption":"Les Elfes International"},"image":{"@id":"https:\/\/dev.leselfes.com\/#\/schema\/logo\/image\/"},"sameAs":["https:\/\/www.facebook.com\/LesElfesVerbier","https:\/\/x.com\/LesElfesCamps","https:\/\/www.instagram.com\/leselfes","https:\/\/www.linkedin.com\/company\/les-elfes-international","https:\/\/www.youtube.com\/user\/LesElfesVerbier"]},{"@type":"Person","@id":"https:\/\/dev.leselfes.com\/#\/schema\/person\/9e8c1c68ef43ed5c58fa46ac5d8ee338","name":"carlotta","image":{"@type":"ImageObject","inLanguage":"pt-BR","@id":"https:\/\/dev.leselfes.com\/#\/schema\/person\/image\/","url":"https:\/\/secure.gravatar.com\/avatar\/fdb243a028df450397b3632d862f87f6?s=96&d=mm&r=g","contentUrl":"https:\/\/secure.gravatar.com\/avatar\/fdb243a028df450397b3632d862f87f6?s=96&d=mm&r=g","caption":"carlotta"},"description":"Since 1987, Les Elfes International organizes ski trips &amp; field trips for leading schools around the world as well as winter &amp; summer camps for individual students aged between 6 y.o. and 17 y.o. from more than 60 nationalities. Welcoming 5'000 children and more than 200 schools a year from December until the end of October, Les Elfes has become a leading provider in the individual and school\u2019s trip industry. Our Winter and Summer Camps, ski and field trips provide more than just great activities and experiences. We introduce lifelong skills such as communicating with others without phone or laptop and understanding the value of living in a community away from home. Moreover, campers will be able to build a strong friend network and fortify the relationship among future classmates.","sameAs":["https:\/\/www.linkedin.com\/company\/les-elfes-international\/"],"url":"https:\/\/www.leselfes.com\/pt-br\/author\/carlotta\/"}]}},"_links":{"self":[{"href":"https:\/\/www.leselfes.com\/pt-br\/wp-json\/wp\/v2\/posts\/90466"}],"collection":[{"href":"https:\/\/www.leselfes.com\/pt-br\/wp-json\/wp\/v2\/posts"}],"about":[{"href":"https:\/\/www.leselfes.com\/pt-br\/wp-json\/wp\/v2\/types\/post"}],"author":[{"embeddable":true,"href":"https:\/\/www.leselfes.com\/pt-br\/wp-json\/wp\/v2\/users\/6"}],"replies":[{"embeddable":true,"href":"https:\/\/www.leselfes.com\/pt-br\/wp-json\/wp\/v2\/comments?post=90466"}],"version-history":[{"count":0,"href":"https:\/\/www.leselfes.com\/pt-br\/wp-json\/wp\/v2\/posts\/90466\/revisions"}],"wp:featuredmedia":[{"embeddable":true,"href":"https:\/\/www.leselfes.com\/pt-br\/wp-json\/wp\/v2\/media\/85297"}],"wp:attachment":[{"href":"https:\/\/www.leselfes.com\/pt-br\/wp-json\/wp\/v2\/media?parent=90466"}],"wp:term":[{"taxonomy":"category","embeddable":true,"href":"https:\/\/www.leselfes.com\/pt-br\/wp-json\/wp\/v2\/categories?post=90466"},{"taxonomy":"post_tag","embeddable":true,"href":"https:\/\/www.leselfes.com\/pt-br\/wp-json\/wp\/v2\/tags?post=90466"}],"curies":[{"name":"wp","href":"https:\/\/api.w.org\/{rel}","templated":true}]}}